{"id":16314,"date":"2014-05-22T14:37:30","date_gmt":"2014-05-22T19:37:30","guid":{"rendered":"http:\/\/www.kalot.com.mx\/?p=16314"},"modified":"2014-05-22T14:48:43","modified_gmt":"2014-05-22T19:48:43","slug":"esa-tremenda-soledad","status":"publish","type":"post","link":"https:\/\/kalot.com.mx\/site\/2014\/05\/22\/esa-tremenda-soledad\/","title":{"rendered":"Esa Tremenda Soledad&#8230;"},"content":{"rendered":"<p style=\"text-align: justify\">[dropcap size=small]M[\/dropcap]uchas veces algunos de nosotros tendemos a querer tener <em><span style=\"color: #800080\">\u201ctiempo a solas\u201d<\/span><\/em>, lo cual no tiene nada de malo pero a veces no es muy bien percibido en la sociedad, es algo que muchos practicantes consideran de gran provecho. Muchas personas llegan a ser vistas como <em><span style=\"color: #800080\">\u201cintrovertidos\u201d<\/span><\/em> siendo que esto no afecta para nada la conducta general de una persona.<\/p>\n<p>Y como soy tan \u00f1o\u00f1a busqu\u00e9 la definici\u00f3n de la palabra <em><span style=\"color: #800080\">\u201cintrovertido\u201d<\/span><\/em> y esto fue lo que encontr\u00e9:<br \/>\n\u201c<em>adj. y s. Que exterioriza poco sus sentimientos<\/em>\u201d y ten\u00eda un ejemplo un poco extra\u00f1o: <em>\u201cparece antip\u00e1tico, pero en realidad es<\/em> <em><span style=\"color: #800080\">introvertido<\/span><\/em>.\u201d.<br \/>\nAntes que nada, \u00bfQU\u00c9? \u00bfPor qu\u00e9 asocian el ser introvertido con la antipat\u00eda? Si me preguntan a m\u00ed, yo creo que el ser un poco m\u00e1s serio y el no \u201canunciarnos\u201d tanto no nos hace antip\u00e1ticos.<\/p>\n<p><img data-recalc-dims=\"1\" decoding=\"async\" class=\"aligncenter\" src=\"https:\/\/i0.wp.com\/25.media.tumblr.com\/tumblr_mbcc1sfRmN1r4t7nto1_500.gif?w=1200\" alt=\"\" \/><\/p>\n<p style=\"text-align: justify\">Creo que obviamente hay una idea err\u00f3nea sobre lo que realmente es querer un poco de tiempo a solas. No hay nada mejor para las personas que pasar tiempo de calidad con ellos o ellas mismas, es una de las formas en las que se puede aprender sobre cada uno de nosotros, es un tiempo en el que podemos analizar las cosas con m\u00e1s calma \u2013por ejemplo es como cuando decimos \u201c<em><span style=\"color: #800080\">lo voy a consultar con la almohada<\/span><\/em>\u201d-, en pocas palabras es un tiempo de aprendizaje, de madurez y de calidad con nosotros mismos.<\/p>\n<p style=\"text-align: justify\">En palabras propias de Carl Gustav Jung (un m\u00e9dico psiquiatra, psic\u00f3logo y ensayista suizo):<\/p>\n<ol style=\"text-align: justify\">\n<li>La\u00a0introversi\u00f3n\u00a0es una actitud t\u00edpica que se caracteriza por la concentraci\u00f3n del inter\u00e9s en los procesos internos del sujeto. Los introvertidos se interesan principalmente por sus pensamientos y sentimientos, por su mundo interior. Tienden a ser profundamente introspectivos.<\/li>\n<li>La\u00a0extraversi\u00f3n, por el contrario, es una actitud t\u00edpica que se caracteriza por la concentraci\u00f3n del inter\u00e9s en un objeto externo. Los extravertidos se interesan por el mundo exterior de la gente y de las cosas, tratan de ser m\u00e1s sociables y de estar m\u00e1s al tanto de lo que pasa en su entorno.<\/li>\n<\/ol>\n<p style=\"text-align: justify\">Llega a una interesante conclusi\u00f3n: nadie puede ser completamente introvertido o extrovertido, sin embargo como individuos tendemos a acercarnos m\u00e1s a una u otra actitud. No hay nada que como personas podamos disfrutar m\u00e1s que un poco de tiempo a solas, y repito nuevamente; no significa que el que nos guste pasar tiempo sin compa\u00f1\u00eda externa nos haga ermita\u00f1os, m\u00e1s bien es algo que nos ayuda a alcanzar de alguna forma u otra un tipo de madurez emocional que no alcanzar\u00edamos en compa\u00f1\u00eda de personas.<\/p>\n<p><img data-recalc-dims=\"1\" decoding=\"async\" class=\"aligncenter\" src=\"https:\/\/i0.wp.com\/31.media.tumblr.com\/tumblr_m6yhtkRrHg1r96fbno1_500.gif?w=1200&#038;ssl=1\" alt=\"\" \/><\/p>\n<p style=\"text-align: justify\">Este tipo de madurez emocional la podemos conseguir si llegamos a darnos cuenta que el estar solos o solas no va a afectar la forma en la que llevamos nuestras relaciones, hay veces que lo \u00fanico que necesitamos e tomarnos un tiempo separados de los que queremos, y si me preguntan la palabra \u201c<span style=\"color: #800080\"><em>tiempo<\/em><\/span>\u201d\u00a0en cuanto a las relaciones est\u00e1 mal empleado; espacio es una mejor forma de llamarlo.<\/p>\n<p style=\"text-align: justify\">Muchas veces como seres humanos tendemos a sentirnos de alguna forma u otra sofocados, y el no saber manejar este sentimiento pude hacer que las cosas se lleguen a complicar. Y tah dah, ah\u00ed es donde entra el m\u00e1gico tiempo a solas, un tiempo en el que podemos reflexionar la realidad de las situaciones sin distracciones, y sin personas de por medio. Esto como ya mencion\u00e9 nos va a ayudar a ser m\u00e1s cr\u00edticos, mejores pensadores y hasta nos ayuda a sentirnos mejor en nuestra piel, en mi muy humilde y personal opini\u00f3n este es u aut\u00e9ntico tiempo \u201c<em><span style=\"color: #800080\">uno a uno<\/span><\/em>\u201d.<\/p>\n<p style=\"text-align: justify\">Puede que no sepa bien c\u00f3mo explicar bien el simple hecho de que decidamos pasar un poco de tiempo a solas nos ayuda a crecer, muchas veces nos merecemos esos peque\u00f1os \u201c<span style=\"color: #800080\"><em>escapes<\/em><\/span>\u201d del mundo real y es la mejor forma de alcanzar un descanso espiritual y mental. Si querer pasar tiempo a solas me hace una persona introvertida entonces ll\u00e1menme introvertida, necesito peque\u00f1as pausas hasta de las personas que m\u00e1s quiero y algunas veces el ser \u201c<span style=\"color: #800080\"><em>introvertida<\/em><\/span>\u201d me ha \u00a0ayudado a sacar todo lo negativo que me rodeaba \u2013ll\u00e1mense personas o hasta dejar de comer salsa por mi gastritis- y siento que cada que lo hago estoy un paso m\u00e1s cerca de lograr una genuina felicidad.<\/p>\n<p style=\"text-align: center\"><img data-recalc-dims=\"1\" decoding=\"async\" src=\"https:\/\/i0.wp.com\/media.giphy.com\/media\/98LOcyHVwlXJS\/giphy.gif?w=1200\" alt=\"\" \/><\/p>\n<p style=\"text-align: justify\">As\u00ed que ah\u00ed lo tienen soy una persona introvertida que a veces prefiere pasar algunas tardes en compa\u00f1\u00eda de alg\u00fan libro o buena pel\u00edcula en vez que de una multitud de personas, me gusta tomarme ese tiempo de calidad conmigo misma sin dramas y sin molestias, simplemente disfrutar de un poco de tranquilidad. As\u00ed que los quiero invitar a todos y cada uno de ustedes mis queridos lectores a que prueben los efectos de estos maravillosos \u201c<span style=\"color: #800080\"><em>tiempos uno a uno<\/em><\/span>\u201d, con\u00f3zcanse y disfruten de su compa\u00f1\u00eda y de la soledad ya que, de cierta forma; solo as\u00ed can a poder descubrir quienes son en verdad y lo que los hace especiales.<\/p>\n<p style=\"text-align: justify\">Au revoir!<\/p>\n","protected":false},"excerpt":{"rendered":"[dropcap size=small]M[\/dropcap]uchas veces algunos de nosotros tendemos a querer tener \u201ctiempo a solas\u201d, lo cual no tiene nada&hellip;\n","protected":false},"author":61,"featured_media":16316,"comment_status":"open","ping_status":"open","sticky":false,"template":"","format":"standard","meta":{"jetpack_post_was_ever_published":false,"_jetpack_newsletter_access":"","_jetpack_dont_email_post_to_subs":false,"_jetpack_newsletter_tier_id":0,"_jetpack_memberships_contains_paywalled_content":false,"_jetpack_memberships_contains_paid_content":false,"footnotes":"","jetpack_publicize_message":"","jetpack_publicize_feature_enabled":true,"jetpack_social_post_already_shared":true,"jetpack_social_options":{"image_generator_settings":{"template":"highway","default_image_id":0,"font":"","enabled":false},"version":2}},"categories":[],"tags":[],"class_list":{"0":"post-16314","1":"post","2":"type-post","3":"status-publish","4":"format-standard","5":"has-post-thumbnail","7":"cs-entry","8":"cs-video-wrap"},"yoast_head":"<!-- This site is optimized with the Yoast SEO plugin v27.5 - https:\/\/yoast.com\/product\/yoast-seo-wordpress\/ -->\n<title>Esa Tremenda Soledad...<\/title>\n<meta name=\"description\" content=\"Muchas veces algunos de nosotros tendemos a querer tener \u201ctiempo a solas\u201d, lo cual no tiene nada de malo pero a veces no es muy bien percibido en la\" \/>\n<meta name=\"robots\" content=\"index, follow, max-snippet:-1, max-image-preview:large, max-video-preview:-1\" \/>\n<link rel=\"canonical\" href=\"https:\/\/kalot.com.mx\/site\/2014\/05\/22\/esa-tremenda-soledad\/\" \/>\n<meta property=\"og:locale\" content=\"es_MX\" \/>\n<meta property=\"og:type\" content=\"article\" \/>\n<meta property=\"og:title\" content=\"Esa Tremenda Soledad...\" \/>\n<meta property=\"og:description\" content=\"Muchas veces algunos de nosotros tendemos a querer tener \u201ctiempo a solas\u201d, lo cual no tiene nada de malo pero a veces no es muy bien percibido en la\" \/>\n<meta property=\"og:url\" content=\"https:\/\/kalot.com.mx\/site\/2014\/05\/22\/esa-tremenda-soledad\/\" \/>\n<meta property=\"og:site_name\" content=\"Kalot\" \/>\n<meta property=\"article:publisher\" content=\"http:\/\/facebook.com\/mxkalot\" \/>\n<meta property=\"article:author\" content=\"https:\/\/www.facebook.com\/elie.alvarado1\" \/>\n<meta property=\"article:published_time\" content=\"2014-05-22T19:37:30+00:00\" \/>\n<meta property=\"article:modified_time\" content=\"2014-05-22T19:48:43+00:00\" \/>\n<meta property=\"og:image\" content=\"https:\/\/i2.wp.com\/kalot.com.mx\/site\/wp-content\/uploads\/2014\/05\/loneliness.jpg?fit=1600%2C1000&ssl=1\" \/>\n\t<meta property=\"og:image:width\" content=\"1600\" \/>\n\t<meta property=\"og:image:height\" content=\"1000\" \/>\n\t<meta property=\"og:image:type\" content=\"image\/jpeg\" \/>\n<meta name=\"author\" content=\"Mar\u00eda Alvarado\" \/>\n<meta name=\"twitter:card\" content=\"summary_large_image\" \/>\n<meta name=\"twitter:creator\" content=\"@Me_elieA\" \/>\n<meta name=\"twitter:site\" content=\"@kalotmx\" \/>\n<meta name=\"twitter:label1\" content=\"Escrito por\" \/>\n\t<meta name=\"twitter:data1\" content=\"Mar\u00eda Alvarado\" \/>\n\t<meta name=\"twitter:label2\" content=\"Tiempo de lectura\" \/>\n\t<meta name=\"twitter:data2\" content=\"4 minutos\" \/>\n<!-- \/ Yoast SEO plugin. -->","yoast_head_json":{"title":"Esa Tremenda Soledad...","description":"Muchas veces algunos de nosotros tendemos a querer tener \u201ctiempo a solas\u201d, lo cual no tiene nada de malo pero a veces no es muy bien percibido en la","robots":{"index":"index","follow":"follow","max-snippet":"max-snippet:-1","max-image-preview":"max-image-preview:large","max-video-preview":"max-video-preview:-1"},"canonical":"https:\/\/kalot.com.mx\/site\/2014\/05\/22\/esa-tremenda-soledad\/","og_locale":"es_MX","og_type":"article","og_title":"Esa Tremenda Soledad...","og_description":"Muchas veces algunos de nosotros tendemos a querer tener \u201ctiempo a solas\u201d, lo cual no tiene nada de malo pero a veces no es muy bien percibido en la","og_url":"https:\/\/kalot.com.mx\/site\/2014\/05\/22\/esa-tremenda-soledad\/","og_site_name":"Kalot","article_publisher":"http:\/\/facebook.com\/mxkalot","article_author":"https:\/\/www.facebook.com\/elie.alvarado1","article_published_time":"2014-05-22T19:37:30+00:00","article_modified_time":"2014-05-22T19:48:43+00:00","og_image":[{"width":1600,"height":1000,"url":"https:\/\/i2.wp.com\/kalot.com.mx\/site\/wp-content\/uploads\/2014\/05\/loneliness.jpg?fit=1600%2C1000&ssl=1","type":"image\/jpeg"}],"author":"Mar\u00eda Alvarado","twitter_card":"summary_large_image","twitter_creator":"@Me_elieA","twitter_site":"@kalotmx","twitter_misc":{"Escrito por":"Mar\u00eda Alvarado","Tiempo de lectura":"4 minutos"},"schema":{"@context":"https:\/\/schema.org","@graph":[{"@type":"Article","@id":"https:\/\/kalot.com.mx\/site\/2014\/05\/22\/esa-tremenda-soledad\/#article","isPartOf":{"@id":"https:\/\/kalot.com.mx\/site\/2014\/05\/22\/esa-tremenda-soledad\/"},"author":{"name":"Mar\u00eda Alvarado","@id":"https:\/\/kalot.com.mx\/site\/#\/schema\/person\/2364e48efea2244b0799211aeff4847e"},"headline":"Esa Tremenda Soledad&#8230;","datePublished":"2014-05-22T19:37:30+00:00","dateModified":"2014-05-22T19:48:43+00:00","mainEntityOfPage":{"@id":"https:\/\/kalot.com.mx\/site\/2014\/05\/22\/esa-tremenda-soledad\/"},"wordCount":877,"commentCount":0,"publisher":{"@id":"https:\/\/kalot.com.mx\/site\/#organization"},"image":{"@id":"https:\/\/kalot.com.mx\/site\/2014\/05\/22\/esa-tremenda-soledad\/#primaryimage"},"thumbnailUrl":"https:\/\/i0.wp.com\/kalot.com.mx\/site\/wp-content\/uploads\/2014\/05\/loneliness.jpg?fit=1600%2C1000&ssl=1","inLanguage":"es","potentialAction":[{"@type":"CommentAction","name":"Comment","target":["https:\/\/kalot.com.mx\/site\/2014\/05\/22\/esa-tremenda-soledad\/#respond"]}]},{"@type":"WebPage","@id":"https:\/\/kalot.com.mx\/site\/2014\/05\/22\/esa-tremenda-soledad\/","url":"https:\/\/kalot.com.mx\/site\/2014\/05\/22\/esa-tremenda-soledad\/","name":"Esa Tremenda Soledad...","isPartOf":{"@id":"https:\/\/kalot.com.mx\/site\/#website"},"primaryImageOfPage":{"@id":"https:\/\/kalot.com.mx\/site\/2014\/05\/22\/esa-tremenda-soledad\/#primaryimage"},"image":{"@id":"https:\/\/kalot.com.mx\/site\/2014\/05\/22\/esa-tremenda-soledad\/#primaryimage"},"thumbnailUrl":"https:\/\/i0.wp.com\/kalot.com.mx\/site\/wp-content\/uploads\/2014\/05\/loneliness.jpg?fit=1600%2C1000&ssl=1","datePublished":"2014-05-22T19:37:30+00:00","dateModified":"2014-05-22T19:48:43+00:00","description":"Muchas veces algunos de nosotros tendemos a querer tener \u201ctiempo a solas\u201d, lo cual no tiene nada de malo pero a veces no es muy bien percibido en la","breadcrumb":{"@id":"https:\/\/kalot.com.mx\/site\/2014\/05\/22\/esa-tremenda-soledad\/#breadcrumb"},"inLanguage":"es","potentialAction":[{"@type":"ReadAction","target":["https:\/\/kalot.com.mx\/site\/2014\/05\/22\/esa-tremenda-soledad\/"]}]},{"@type":"ImageObject","inLanguage":"es","@id":"https:\/\/kalot.com.mx\/site\/2014\/05\/22\/esa-tremenda-soledad\/#primaryimage","url":"https:\/\/i0.wp.com\/kalot.com.mx\/site\/wp-content\/uploads\/2014\/05\/loneliness.jpg?fit=1600%2C1000&ssl=1","contentUrl":"https:\/\/i0.wp.com\/kalot.com.mx\/site\/wp-content\/uploads\/2014\/05\/loneliness.jpg?fit=1600%2C1000&ssl=1","width":1600,"height":1000},{"@type":"BreadcrumbList","@id":"https:\/\/kalot.com.mx\/site\/2014\/05\/22\/esa-tremenda-soledad\/#breadcrumb","itemListElement":[{"@type":"ListItem","position":1,"name":"Home","item":"https:\/\/kalot.com.mx\/site\/"},{"@type":"ListItem","position":2,"name":"Esa Tremenda Soledad&#8230;"}]},{"@type":"WebSite","@id":"https:\/\/kalot.com.mx\/site\/#website","url":"https:\/\/kalot.com.mx\/site\/","name":"Kalot","description":"Conoce Todo Sobre Todo","publisher":{"@id":"https:\/\/kalot.com.mx\/site\/#organization"},"potentialAction":[{"@type":"SearchAction","target":{"@type":"EntryPoint","urlTemplate":"https:\/\/kalot.com.mx\/site\/?s={search_term_string}"},"query-input":{"@type":"PropertyValueSpecification","valueRequired":true,"valueName":"search_term_string"}}],"inLanguage":"es"},{"@type":"Organization","@id":"https:\/\/kalot.com.mx\/site\/#organization","name":"Kalot","url":"https:\/\/kalot.com.mx\/site\/","logo":{"@type":"ImageObject","inLanguage":"es","@id":"https:\/\/kalot.com.mx\/site\/#\/schema\/logo\/image\/","url":"https:\/\/i0.wp.com\/kalot.com.mx\/site\/wp-content\/uploads\/2020\/04\/Kalot-logo-sin-tagline.png?fit=1707%2C1014&ssl=1","contentUrl":"https:\/\/i0.wp.com\/kalot.com.mx\/site\/wp-content\/uploads\/2020\/04\/Kalot-logo-sin-tagline.png?fit=1707%2C1014&ssl=1","width":1707,"height":1014,"caption":"Kalot"},"image":{"@id":"https:\/\/kalot.com.mx\/site\/#\/schema\/logo\/image\/"},"sameAs":["http:\/\/facebook.com\/mxkalot","https:\/\/x.com\/kalotmx","http:\/\/instagram.com\/kalotmx","http:\/\/pinterest.com\/jorgeerana\/kalot"]},{"@type":"Person","@id":"https:\/\/kalot.com.mx\/site\/#\/schema\/person\/2364e48efea2244b0799211aeff4847e","name":"Mar\u00eda Alvarado","image":{"@type":"ImageObject","inLanguage":"es","@id":"https:\/\/secure.gravatar.com\/avatar\/2a5c53655315c4a72bc8b3127daca732f3ccab828ef0de13ec26f266fc855c6b?s=96&d=mm&r=g","url":"https:\/\/secure.gravatar.com\/avatar\/2a5c53655315c4a72bc8b3127daca732f3ccab828ef0de13ec26f266fc855c6b?s=96&d=mm&r=g","contentUrl":"https:\/\/secure.gravatar.com\/avatar\/2a5c53655315c4a72bc8b3127daca732f3ccab828ef0de13ec26f266fc855c6b?s=96&d=mm&r=g","caption":"Mar\u00eda Alvarado"},"description":"El perfecto ejemplo de una rom\u00e1ntica so\u00f1adora, drama queen y devoradora de libros. Una parlanchina innata que goza de los peque\u00f1os placeres que ofrece esta vida y fan\u00e1tica de las sonrisas.","sameAs":["https:\/\/www.facebook.com\/elie.alvarado1","https:\/\/x.com\/Me_elieA"],"url":"https:\/\/kalot.com.mx\/site\/author\/elisa\/"}]}},"jetpack_publicize_connections":[],"jetpack_featured_media_url":"https:\/\/i0.wp.com\/kalot.com.mx\/site\/wp-content\/uploads\/2014\/05\/loneliness.jpg?fit=1600%2C1000&ssl=1","jetpack_shortlink":"https:\/\/wp.me\/p6IHEI-4f8","jetpack-related-posts":[{"id":22849,"url":"https:\/\/kalot.com.mx\/site\/2015\/08\/10\/que-si-y-que-no-decirle-a-una-mujer\/","url_meta":{"origin":16314,"position":0},"title":"\u00bfQu\u00e9 s\u00ed y qu\u00e9 NO decirle a una mujer?","author":"Brenda A","date":"10 agosto, 2015","format":false,"excerpt":"Todos tenemos la capacidad de herir a una persona a trav\u00e9s de las palabras, tambi\u00e9n el don de recomponer una situaci\u00f3n con las frases apropiadas. Lean hasta el final, no se van a arrepentir. Hay veces que no es nuestra intenci\u00f3n insultar o herir a una persona con nuestros comentarios,\u2026","rel":"","context":"Entrada similar ","block_context":{"text":"Entrada similar ","link":""},"img":{"alt_text":"","src":"https:\/\/i0.wp.com\/kalot.com.mx\/site\/wp-content\/uploads\/2015\/08\/image4.jpg?fit=320%2C319&ssl=1&resize=350%2C200","width":350,"height":200},"classes":[]},{"id":18130,"url":"https:\/\/kalot.com.mx\/site\/2014\/09\/15\/como-encontrar-al-amor-de-tu-vida\/","url_meta":{"origin":16314,"position":1},"title":"C\u00f3mo encontrar al amor de tu vida.","author":"Mar\u00eda Alvarado","date":"15 septiembre, 2014","format":false,"excerpt":"Ay el amor, esa cosa que mueve al mundo m\u00e1s que el dinero, muy cursi mejor lo voy a cambiar, amor es eso que todos esperan lograr conseguir al final de sus vidas y que nos pone de buenas, de malas y hasta nos puede hacer cambiar de parecer. Muchas\u2026","rel":"","context":"Entrada similar ","block_context":{"text":"Entrada similar ","link":""},"img":{"alt_text":"","src":"https:\/\/i0.wp.com\/kalot.com.mx\/site\/wp-content\/uploads\/2014\/09\/amathus_elite_suites_romance_1.jpg?fit=1200%2C447&ssl=1&resize=350%2C200","width":350,"height":200,"srcset":"https:\/\/i0.wp.com\/kalot.com.mx\/site\/wp-content\/uploads\/2014\/09\/amathus_elite_suites_romance_1.jpg?fit=1200%2C447&ssl=1&resize=350%2C200 1x, https:\/\/i0.wp.com\/kalot.com.mx\/site\/wp-content\/uploads\/2014\/09\/amathus_elite_suites_romance_1.jpg?fit=1200%2C447&ssl=1&resize=525%2C300 1.5x, https:\/\/i0.wp.com\/kalot.com.mx\/site\/wp-content\/uploads\/2014\/09\/amathus_elite_suites_romance_1.jpg?fit=1200%2C447&ssl=1&resize=700%2C400 2x, https:\/\/i0.wp.com\/kalot.com.mx\/site\/wp-content\/uploads\/2014\/09\/amathus_elite_suites_romance_1.jpg?fit=1200%2C447&ssl=1&resize=1050%2C600 3x"},"classes":[]},{"id":19484,"url":"https:\/\/kalot.com.mx\/site\/2014\/12\/16\/britney-celebra-sus-33-primaveras-con-photoshop\/","url_meta":{"origin":16314,"position":2},"title":"Britney Celebra sus 33 Primaveras&#8230; \u00bfcon Photoshop?","author":"Adrian Aldana","date":"16 diciembre, 2014","format":false,"excerpt":"\u00a1Hola a todos! As\u00ed es la princesa del pop celebr\u00f3 otro cumplea\u00f1os el n\u00famero 33 para ser espec\u00edficos ella naci\u00f3 el 2 de Diciembre de 1981. No es de extra\u00f1arse que celebren, pero en este caso lo hizo a lo grande, con una publicaci\u00f3n en Women\u00b4s Health para USA donde\u2026","rel":"","context":"Con 1 comentario","block_context":{"text":"Con 1 comentario","link":"https:\/\/kalot.com.mx\/site\/2014\/12\/16\/britney-celebra-sus-33-primaveras-con-photoshop\/#comments"},"img":{"alt_text":"","src":"https:\/\/i0.wp.com\/kalot.com.mx\/site\/wp-content\/uploads\/2014\/12\/Britney-Spears-Covers-Women%E2%80%99s-Health-Magazine.jpg?fit=400%2C300&ssl=1&resize=350%2C200","width":350,"height":200},"classes":[]},{"id":14807,"url":"https:\/\/kalot.com.mx\/site\/2014\/04\/12\/algo-de-procrastinacion\/","url_meta":{"origin":16314,"position":3},"title":"Psicopatolog\u00eda de la vida cotidiana: un llamado a la procrastinaci\u00f3n.","author":"Alex Mart\u00ednez","date":"12 abril, 2014","format":false,"excerpt":"Alguna vez en alg\u00fan lugar o momento de nuestras vidas hemos escuchado de los abuelos, padres o cualquier otra persona (una se\u00f1ora en el cami\u00f3n) esta frase: \u201cpues el nunca hizo nada de su vida\u201d. Y entonces a tu cabeza llega un Insigth tan profundo que te hace sentir identificado\u2026","rel":"","context":"Entrada similar ","block_context":{"text":"Entrada similar ","link":""},"img":{"alt_text":"","src":"https:\/\/i0.wp.com\/kalot.com.mx\/site\/wp-content\/uploads\/2014\/04\/procrastinadores-anonimos.jpg?fit=400%2C389&ssl=1&resize=350%2C200","width":350,"height":200},"classes":[]},{"id":8895,"url":"https:\/\/kalot.com.mx\/site\/2014\/01\/02\/dramatico-drama\/","url_meta":{"origin":16314,"position":4},"title":"Dram\u00e1tico drama.","author":"Mar\u00eda Alvarado","date":"2 enero, 2014","format":false,"excerpt":"[dropcap size=small]S[\/dropcap]oy una persona dram\u00e1tica por naturaleza, por ende los dram\u00e1ticos tendemos a exagerar las cosas, s\u00f3lo a veces; no hay nada de malo en eso. Por nuestra vida pasan muchas personas dram\u00e1ticas y a veces ellas son las que le ponen las especias para que la vida no sea\u2026","rel":"","context":"Entrada similar ","block_context":{"text":"Entrada similar ","link":""},"img":{"alt_text":"","src":"https:\/\/i0.wp.com\/kalot.com.mx\/site\/wp-content\/uploads\/2014\/01\/woman-crying-21.jpg?fit=499%2C435&ssl=1&resize=350%2C200","width":350,"height":200},"classes":[]},{"id":13433,"url":"https:\/\/kalot.com.mx\/site\/2014\/03\/14\/los-marcianos-han-llegado-la-guerra-de-los-mundos-elmanuelgamez\/","url_meta":{"origin":16314,"position":5},"title":"Los Marcianos Han Llegado; La Guerra de los Mundos (@ElManuelGamez)","author":"Manuel Gamez","date":"14 marzo, 2014","format":false,"excerpt":"Los extraterrestres, la vida en otros lugares del universo, la simple incertidumbre de pensar que hay alguna otra clase de especie igual o m\u00e1s inteligente que nosotros haya afuera, siempre ha sido uno de los temas favorito a la hora de hablar en una reuni\u00f3n de amigos, en la televisi\u00f3n,\u2026","rel":"","context":"En &quot;Sin categor\u00eda&quot;","block_context":{"text":"Sin categor\u00eda","link":"https:\/\/kalot.com.mx\/site\/category\/sin-categoria\/"},"img":{"alt_text":"","src":"https:\/\/i0.wp.com\/kalot.com.mx\/site\/wp-content\/uploads\/2014\/03\/Portada1.jpg?fit=500%2C451&ssl=1&resize=350%2C200","width":350,"height":200},"classes":[]}],"jetpack_sharing_enabled":true,"_links":{"self":[{"href":"https:\/\/kalot.com.mx\/site\/wp-json\/wp\/v2\/posts\/16314","targetHints":{"allow":["GET"]}}],"collection":[{"href":"https:\/\/kalot.com.mx\/site\/wp-json\/wp\/v2\/posts"}],"about":[{"href":"https:\/\/kalot.com.mx\/site\/wp-json\/wp\/v2\/types\/post"}],"author":[{"embeddable":true,"href":"https:\/\/kalot.com.mx\/site\/wp-json\/wp\/v2\/users\/61"}],"replies":[{"embeddable":true,"href":"https:\/\/kalot.com.mx\/site\/wp-json\/wp\/v2\/comments?post=16314"}],"version-history":[{"count":0,"href":"https:\/\/kalot.com.mx\/site\/wp-json\/wp\/v2\/posts\/16314\/revisions"}],"wp:featuredmedia":[{"embeddable":true,"href":"https:\/\/kalot.com.mx\/site\/wp-json\/wp\/v2\/media\/16316"}],"wp:attachment":[{"href":"https:\/\/kalot.com.mx\/site\/wp-json\/wp\/v2\/media?parent=16314"}],"wp:term":[{"taxonomy":"category","embeddable":true,"href":"https:\/\/kalot.com.mx\/site\/wp-json\/wp\/v2\/categories?post=16314"},{"taxonomy":"post_tag","embeddable":true,"href":"https:\/\/kalot.com.mx\/site\/wp-json\/wp\/v2\/tags?post=16314"}],"curies":[{"name":"wp","href":"https:\/\/api.w.org\/{rel}","templated":true}]}}