{"id":16165,"date":"2014-05-20T17:26:09","date_gmt":"2014-05-20T22:26:09","guid":{"rendered":"http:\/\/www.kalot.com.mx\/?p=16165"},"modified":"2014-05-20T17:26:09","modified_gmt":"2014-05-20T22:26:09","slug":"es-oficial-la-surface-pro-3-de-microsoft","status":"publish","type":"post","link":"https:\/\/kalot.com.mx\/site\/2014\/05\/20\/es-oficial-la-surface-pro-3-de-microsoft\/","title":{"rendered":"Es oficial la Surface Pro 3 de @Microsoft"},"content":{"rendered":"<p style=\"text-align: justify\">El d\u00eda de hoy Microsoft present\u00f3 la Surface Pro 3, el \u00faltimo intento de la empresa para hacer que los consumidores acojan su concepto h\u00edbrido de PC y tableta.<\/p>\n<p style=\"text-align: justify\"><strong>La compa\u00f1\u00eda ha dise\u00f1ado el dispositivo que los consumidores necesitan tanto para consumir multimedia y para realizar tareas de productividad.<a title=\"Surface pro 3\" href=\"https:\/\/www.youtube.com\/watch?v=1t7rSZT_77E\" target=\"_blank\"> La Surface Pro 3<\/a> es una computadora en toda forma con el peso y el tama\u00f1o de una tablet.<\/strong><\/p>\n<p style=\"text-align: justify\">El jefe de la divisi\u00f3n Surface, Panos Panay, se expreso de la surface Pro 3 as\u00ed en un evento en Nueva York:<\/p>\n<blockquote><p>\u201cEsta es la tablet que puede reemplazar tu laptop\u201d. \u201cHoy resolvemos el conflicto y estoy absolutamente seguro de ello\u201d.<\/p>\n<p>&nbsp;<\/p><\/blockquote>\n<p><a href=\"https:\/\/i0.wp.com\/www.kalot.com.mx\/wp-content\/uploads\/2014\/05\/BoFxGNUIQAE1Ac1.png\"><img data-recalc-dims=\"1\" fetchpriority=\"high\" decoding=\"async\" data-attachment-id=\"16176\" data-permalink=\"https:\/\/kalot.com.mx\/site\/2014\/05\/20\/es-oficial-la-surface-pro-3-de-microsoft\/bofxgnuiqae1ac1\/\" data-orig-file=\"https:\/\/i0.wp.com\/kalot.com.mx\/site\/wp-content\/uploads\/2014\/05\/BoFxGNUIQAE1Ac1.png?fit=599%2C301&amp;ssl=1\" data-orig-size=\"599,301\" data-comments-opened=\"1\" data-image-meta=\"{&quot;aperture&quot;:&quot;0&quot;,&quot;credit&quot;:&quot;&quot;,&quot;camera&quot;:&quot;&quot;,&quot;caption&quot;:&quot;&quot;,&quot;created_timestamp&quot;:&quot;0&quot;,&quot;copyright&quot;:&quot;&quot;,&quot;focal_length&quot;:&quot;0&quot;,&quot;iso&quot;:&quot;0&quot;,&quot;shutter_speed&quot;:&quot;0&quot;,&quot;title&quot;:&quot;&quot;,&quot;orientation&quot;:&quot;0&quot;}\" data-image-title=\"sp3\" data-image-description=\"\" data-image-caption=\"\" data-large-file=\"https:\/\/i0.wp.com\/kalot.com.mx\/site\/wp-content\/uploads\/2014\/05\/BoFxGNUIQAE1Ac1.png?fit=599%2C301&amp;ssl=1\" class=\"size-full wp-image-16176 aligncenter\" src=\"https:\/\/i0.wp.com\/www.kalot.com.mx\/wp-content\/uploads\/2014\/05\/BoFxGNUIQAE1Ac1.png?resize=599%2C301\" alt=\"sp3\" width=\"599\" height=\"301\" srcset=\"https:\/\/i0.wp.com\/kalot.com.mx\/site\/wp-content\/uploads\/2014\/05\/BoFxGNUIQAE1Ac1.png?w=599&amp;ssl=1 599w, https:\/\/i0.wp.com\/kalot.com.mx\/site\/wp-content\/uploads\/2014\/05\/BoFxGNUIQAE1Ac1.png?resize=380%2C191&amp;ssl=1 380w, https:\/\/i0.wp.com\/kalot.com.mx\/site\/wp-content\/uploads\/2014\/05\/BoFxGNUIQAE1Ac1.png?resize=300%2C151&amp;ssl=1 300w\" sizes=\"(max-width: 599px) 100vw, 599px\" \/><\/a><\/p>\n<h2 id=\"sus-especificaciones\"><span style=\"color: #0000ff\"><strong>Sus Especificaciones<\/strong><\/span><\/h2>\n<p style=\"text-align: justify\"><strong>12 pulgadas de pantalla<\/strong>, aumentando as\u00ed el tama\u00f1o respecto a su predecesora. <strong>Pesa tan s\u00f3lo 800 gramos<\/strong> y tiene un <strong>grosor de 9,1 mm<\/strong>. lo que la hace perfecta para el uso diario.<\/p>\n<p style=\"text-align: justify\">Los 9,1 mm. de grosor con los que cuenta hacen de e<strong>sta tablet la m\u00e1s fina con procesador Intel Core i7 vista hasta ahora<\/strong>.<\/p>\n<p style=\"text-align: justify\">Una novedad que Microsoft tambi\u00e9n ha incluido es <strong>un soporte que permite a la Surface Pro 3 apoyarse formando un \u00e1ngulo de hasta 150 grados. colocando el nuevo stand hasta pr\u00e1cticamente ponerlo horizontal, y en cualquier \u00e1ngulo intermedio.<\/strong> Lo han llamado,<span style=\"text-decoration: underline\"><strong> Lapabilty<\/strong><\/span>, lo que viene a decir que se adapta perfectamente para ser utilizada encima de tus rodillas, en cualquier posici\u00f3n.<\/p>\n<p><a href=\"https:\/\/i0.wp.com\/www.kalot.com.mx\/wp-content\/uploads\/2014\/05\/captura_de_pantalla_2014-05-20_a_las_17.44.14.png\"><img data-recalc-dims=\"1\" decoding=\"async\" data-attachment-id=\"16171\" data-permalink=\"https:\/\/kalot.com.mx\/site\/2014\/05\/20\/es-oficial-la-surface-pro-3-de-microsoft\/captura_de_pantalla_2014-05-20_a_las_17-44-14\/\" data-orig-file=\"https:\/\/i0.wp.com\/kalot.com.mx\/site\/wp-content\/uploads\/2014\/05\/captura_de_pantalla_2014-05-20_a_las_17.44.14.png?fit=620%2C349&amp;ssl=1\" data-orig-size=\"620,349\" data-comments-opened=\"1\" data-image-meta=\"{&quot;aperture&quot;:&quot;0&quot;,&quot;credit&quot;:&quot;&quot;,&quot;camera&quot;:&quot;&quot;,&quot;caption&quot;:&quot;&quot;,&quot;created_timestamp&quot;:&quot;0&quot;,&quot;copyright&quot;:&quot;&quot;,&quot;focal_length&quot;:&quot;0&quot;,&quot;iso&quot;:&quot;0&quot;,&quot;shutter_speed&quot;:&quot;0&quot;,&quot;title&quot;:&quot;&quot;,&quot;orientation&quot;:&quot;0&quot;}\" data-image-title=\"2014 Surface pro 3\" data-image-description=\"\" data-image-caption=\"\" data-large-file=\"https:\/\/i0.wp.com\/kalot.com.mx\/site\/wp-content\/uploads\/2014\/05\/captura_de_pantalla_2014-05-20_a_las_17.44.14.png?fit=620%2C349&amp;ssl=1\" class=\"size-full wp-image-16171 aligncenter\" src=\"https:\/\/i0.wp.com\/www.kalot.com.mx\/wp-content\/uploads\/2014\/05\/captura_de_pantalla_2014-05-20_a_las_17.44.14.png?resize=620%2C349\" alt=\"2014 Surface pro 3\" width=\"620\" height=\"349\" srcset=\"https:\/\/i0.wp.com\/kalot.com.mx\/site\/wp-content\/uploads\/2014\/05\/captura_de_pantalla_2014-05-20_a_las_17.44.14.png?w=620&amp;ssl=1 620w, https:\/\/i0.wp.com\/kalot.com.mx\/site\/wp-content\/uploads\/2014\/05\/captura_de_pantalla_2014-05-20_a_las_17.44.14.png?resize=380%2C214&amp;ssl=1 380w, https:\/\/i0.wp.com\/kalot.com.mx\/site\/wp-content\/uploads\/2014\/05\/captura_de_pantalla_2014-05-20_a_las_17.44.14.png?resize=300%2C169&amp;ssl=1 300w\" sizes=\"(max-width: 620px) 100vw, 620px\" \/><\/a>\u00a0<a href=\"https:\/\/i0.wp.com\/www.kalot.com.mx\/wp-content\/uploads\/2014\/05\/BoFvLg6IAAEtFDi.png\"><img data-recalc-dims=\"1\" decoding=\"async\" data-attachment-id=\"16173\" data-permalink=\"https:\/\/kalot.com.mx\/site\/2014\/05\/20\/es-oficial-la-surface-pro-3-de-microsoft\/bofvlg6iaaetfdi\/\" data-orig-file=\"https:\/\/i0.wp.com\/kalot.com.mx\/site\/wp-content\/uploads\/2014\/05\/BoFvLg6IAAEtFDi.png?fit=599%2C301&amp;ssl=1\" data-orig-size=\"599,301\" data-comments-opened=\"1\" data-image-meta=\"{&quot;aperture&quot;:&quot;0&quot;,&quot;credit&quot;:&quot;&quot;,&quot;camera&quot;:&quot;&quot;,&quot;caption&quot;:&quot;&quot;,&quot;created_timestamp&quot;:&quot;0&quot;,&quot;copyright&quot;:&quot;&quot;,&quot;focal_length&quot;:&quot;0&quot;,&quot;iso&quot;:&quot;0&quot;,&quot;shutter_speed&quot;:&quot;0&quot;,&quot;title&quot;:&quot;&quot;,&quot;orientation&quot;:&quot;0&quot;}\" data-image-title=\"Surface3\" data-image-description=\"\" data-image-caption=\"\" data-large-file=\"https:\/\/i0.wp.com\/kalot.com.mx\/site\/wp-content\/uploads\/2014\/05\/BoFvLg6IAAEtFDi.png?fit=599%2C301&amp;ssl=1\" class=\"size-full wp-image-16173 aligncenter\" src=\"https:\/\/i0.wp.com\/www.kalot.com.mx\/wp-content\/uploads\/2014\/05\/BoFvLg6IAAEtFDi.png?resize=599%2C301\" alt=\"Surface3\" width=\"599\" height=\"301\" srcset=\"https:\/\/i0.wp.com\/kalot.com.mx\/site\/wp-content\/uploads\/2014\/05\/BoFvLg6IAAEtFDi.png?w=599&amp;ssl=1 599w, https:\/\/i0.wp.com\/kalot.com.mx\/site\/wp-content\/uploads\/2014\/05\/BoFvLg6IAAEtFDi.png?resize=380%2C191&amp;ssl=1 380w, https:\/\/i0.wp.com\/kalot.com.mx\/site\/wp-content\/uploads\/2014\/05\/BoFvLg6IAAEtFDi.png?resize=300%2C151&amp;ssl=1 300w\" sizes=\"(max-width: 599px) 100vw, 599px\" \/><\/a><a href=\"http:\/\/www.kalot.com.mx\/wp-content\/uploads\/2014\/05\/surface_pro_3_angles.jpg\"><br \/>\n<\/a><\/p>\n<p style=\"text-align: justify\">Permitir\u00e1 el uso y manejo de interfaz y aplicaciones con un l\u00e1piz capacitivo, e<strong>specialmente dise\u00f1ado para la escritura a mano y el uso de aplicaciones de dise\u00f1o.<\/strong><\/p>\n<h2 id=\"la-nueva-surface-pro-3\"><strong><span style=\"color: #0000ff\">La nueva Surface pro 3<\/span><\/strong><\/h2>\n<ul>\n<li><strong>Dimensiones:<\/strong> <strong>201.4 x 292.1 x 9.1 mm\u00a0<\/strong><\/li>\n<\/ul>\n<ul>\n<li><strong>Peso:<\/strong> <strong>800 gr<\/strong><\/li>\n<\/ul>\n<ul>\n<li><strong>Pantalla<\/strong>: <strong>12 pulgadas Cleartype FullHD<\/strong><\/li>\n<\/ul>\n<ul>\n<li><strong>Resoluci\u00f3n:<\/strong> <strong>2.160 x 1.440 p\u00edxeles<\/strong><\/li>\n<\/ul>\n<ul>\n<li><strong>Procesador:<\/strong><strong> Intel Core<\/strong> i3, i5 e <strong>i7<\/strong><\/li>\n<\/ul>\n<ul>\n<li><strong>Memoria RAM<\/strong>:<strong> 4 GB \/ 8 GB<\/strong><\/li>\n<\/ul>\n<ul>\n<li><strong>Almacenamiento: 64 GB \/ 128 GB \/ 256 GB \/ 512 GB<\/strong><\/li>\n<\/ul>\n<ul>\n<li><strong>C\u00e1mara<\/strong>: <strong>5 mpx<\/strong><\/li>\n<\/ul>\n<ul>\n<li><strong>Conectividad:<\/strong> <strong>WiFi 802.11 ac \/ 802.11 abgn \/ Bluetooth 4.0 \/ USB 3.0 \/ Ranura Micro SD<\/strong><\/li>\n<\/ul>\n<p>&nbsp;<\/p>\n<p style=\"text-align: justify\"><strong>La surface pro 3 es la que se define porque es la adaptaci\u00f3n perfecta para remplazar tu port\u00e1til, \u00bf Ustedes que creen? Bueno a mi en lo personal se me hace un\u00a0\u00a0uso, mas enfocado a los profesionales y a aquellos que no quieren tener dos dispositivos -port\u00e1til y tablet- en el trabajo<\/strong>.<\/p>\n<p style=\"text-align: justify\">Esta tablet sale en preventa en Estado Unidos a partir de ma\u00f1ana y tendr\u00e1 un costo de 799 dolares, esperemos pronto llegue aqu\u00ed en M\u00e9xico.<\/p>\n<p style=\"text-align: justify\">Saludos!<\/p>\n<p style=\"text-align: justify\"><a title=\"cecilia\" href=\"https:\/\/twitter.com\/Cecidc_Mat\" target=\"_blank\">@Cecidc_mat<\/a><\/p>\n<p>&nbsp;<\/p>\n","protected":false},"excerpt":{"rendered":"El d\u00eda de hoy Microsoft present\u00f3 la Surface Pro 3, el \u00faltimo intento de la empresa para hacer&hellip;\n","protected":false},"author":57,"featured_media":16168,"comment_status":"open","ping_status":"open","sticky":false,"template":"","format":"standard","meta":{"jetpack_post_was_ever_published":false,"_jetpack_newsletter_access":"","_jetpack_dont_email_post_to_subs":false,"_jetpack_newsletter_tier_id":0,"_jetpack_memberships_contains_paywalled_content":false,"_jetpack_memberships_contains_paid_content":false,"footnotes":"","jetpack_publicize_message":"","jetpack_publicize_feature_enabled":true,"jetpack_social_post_already_shared":true,"jetpack_social_options":{"image_generator_settings":{"template":"highway","default_image_id":0,"font":"","enabled":false},"version":2}},"categories":[],"tags":[],"class_list":{"0":"post-16165","1":"post","2":"type-post","3":"status-publish","4":"format-standard","5":"has-post-thumbnail","7":"cs-entry","8":"cs-video-wrap"},"yoast_head":"<!-- This site is optimized with the Yoast SEO plugin v27.4 - https:\/\/yoast.com\/product\/yoast-seo-wordpress\/ -->\n<title>Es oficial la Surface Pro 3 de @Microsoft  - Kalot<\/title>\n<meta name=\"description\" content=\"Microsoft ha lanzado este dia la nueva tablet- portatil que hara que cambies tu portatil por la nueva Surface Pro 3\" \/>\n<meta name=\"robots\" content=\"index, follow, max-snippet:-1, max-image-preview:large, max-video-preview:-1\" \/>\n<link rel=\"canonical\" href=\"https:\/\/kalot.com.mx\/site\/2014\/05\/20\/es-oficial-la-surface-pro-3-de-microsoft\/\" \/>\n<meta property=\"og:locale\" content=\"es_MX\" \/>\n<meta property=\"og:type\" content=\"article\" \/>\n<meta property=\"og:title\" content=\"Es oficial la Surface Pro 3 de @Microsoft  - Kalot\" \/>\n<meta property=\"og:description\" content=\"Microsoft ha lanzado este dia la nueva tablet- portatil que hara que cambies tu portatil por la nueva Surface Pro 3\" \/>\n<meta property=\"og:url\" content=\"https:\/\/kalot.com.mx\/site\/2014\/05\/20\/es-oficial-la-surface-pro-3-de-microsoft\/\" \/>\n<meta property=\"og:site_name\" content=\"Kalot\" \/>\n<meta property=\"article:publisher\" content=\"http:\/\/facebook.com\/mxkalot\" \/>\n<meta property=\"article:author\" content=\"https:\/\/www.facebook.com\/ceciMat\" \/>\n<meta property=\"article:published_time\" content=\"2014-05-20T22:26:09+00:00\" \/>\n<meta property=\"og:image\" content=\"https:\/\/i0.wp.com\/kalot.com.mx\/site\/wp-content\/uploads\/2014\/05\/surface-pro-3-side.jpg?fit=800%2C401&ssl=1\" \/>\n\t<meta property=\"og:image:width\" content=\"800\" \/>\n\t<meta property=\"og:image:height\" content=\"401\" \/>\n\t<meta property=\"og:image:type\" content=\"image\/jpeg\" \/>\n<meta name=\"author\" content=\"Cecilia Mata\" \/>\n<meta name=\"twitter:card\" content=\"summary_large_image\" \/>\n<meta name=\"twitter:creator\" content=\"@Cecidc_Mat\" \/>\n<meta name=\"twitter:site\" content=\"@kalotmx\" \/>\n<meta name=\"twitter:label1\" content=\"Escrito por\" \/>\n\t<meta name=\"twitter:data1\" content=\"Cecilia Mata\" \/>\n\t<meta name=\"twitter:label2\" content=\"Tiempo de lectura\" \/>\n\t<meta name=\"twitter:data2\" content=\"2 minutos\" \/>\n<!-- \/ Yoast SEO plugin. -->","yoast_head_json":{"title":"Es oficial la Surface Pro 3 de @Microsoft  - Kalot","description":"Microsoft ha lanzado este dia la nueva tablet- portatil que hara que cambies tu portatil por la nueva Surface Pro 3","robots":{"index":"index","follow":"follow","max-snippet":"max-snippet:-1","max-image-preview":"max-image-preview:large","max-video-preview":"max-video-preview:-1"},"canonical":"https:\/\/kalot.com.mx\/site\/2014\/05\/20\/es-oficial-la-surface-pro-3-de-microsoft\/","og_locale":"es_MX","og_type":"article","og_title":"Es oficial la Surface Pro 3 de @Microsoft  - Kalot","og_description":"Microsoft ha lanzado este dia la nueva tablet- portatil que hara que cambies tu portatil por la nueva Surface Pro 3","og_url":"https:\/\/kalot.com.mx\/site\/2014\/05\/20\/es-oficial-la-surface-pro-3-de-microsoft\/","og_site_name":"Kalot","article_publisher":"http:\/\/facebook.com\/mxkalot","article_author":"https:\/\/www.facebook.com\/ceciMat","article_published_time":"2014-05-20T22:26:09+00:00","og_image":[{"width":800,"height":401,"url":"https:\/\/i0.wp.com\/kalot.com.mx\/site\/wp-content\/uploads\/2014\/05\/surface-pro-3-side.jpg?fit=800%2C401&ssl=1","type":"image\/jpeg"}],"author":"Cecilia Mata","twitter_card":"summary_large_image","twitter_creator":"@Cecidc_Mat","twitter_site":"@kalotmx","twitter_misc":{"Escrito por":"Cecilia Mata","Tiempo de lectura":"2 minutos"},"schema":{"@context":"https:\/\/schema.org","@graph":[{"@type":"Article","@id":"https:\/\/kalot.com.mx\/site\/2014\/05\/20\/es-oficial-la-surface-pro-3-de-microsoft\/#article","isPartOf":{"@id":"https:\/\/kalot.com.mx\/site\/2014\/05\/20\/es-oficial-la-surface-pro-3-de-microsoft\/"},"author":{"name":"Cecilia Mata","@id":"https:\/\/kalot.com.mx\/site\/#\/schema\/person\/451d1f280e69ef0abc9b72e87e137ccd"},"headline":"Es oficial la Surface Pro 3 de @Microsoft","datePublished":"2014-05-20T22:26:09+00:00","mainEntityOfPage":{"@id":"https:\/\/kalot.com.mx\/site\/2014\/05\/20\/es-oficial-la-surface-pro-3-de-microsoft\/"},"wordCount":402,"commentCount":0,"publisher":{"@id":"https:\/\/kalot.com.mx\/site\/#organization"},"image":{"@id":"https:\/\/kalot.com.mx\/site\/2014\/05\/20\/es-oficial-la-surface-pro-3-de-microsoft\/#primaryimage"},"thumbnailUrl":"https:\/\/i0.wp.com\/kalot.com.mx\/site\/wp-content\/uploads\/2014\/05\/surface-pro-3-side.jpg?fit=800%2C401&ssl=1","inLanguage":"es","potentialAction":[{"@type":"CommentAction","name":"Comment","target":["https:\/\/kalot.com.mx\/site\/2014\/05\/20\/es-oficial-la-surface-pro-3-de-microsoft\/#respond"]}]},{"@type":"WebPage","@id":"https:\/\/kalot.com.mx\/site\/2014\/05\/20\/es-oficial-la-surface-pro-3-de-microsoft\/","url":"https:\/\/kalot.com.mx\/site\/2014\/05\/20\/es-oficial-la-surface-pro-3-de-microsoft\/","name":"Es oficial la Surface Pro 3 de @Microsoft - Kalot","isPartOf":{"@id":"https:\/\/kalot.com.mx\/site\/#website"},"primaryImageOfPage":{"@id":"https:\/\/kalot.com.mx\/site\/2014\/05\/20\/es-oficial-la-surface-pro-3-de-microsoft\/#primaryimage"},"image":{"@id":"https:\/\/kalot.com.mx\/site\/2014\/05\/20\/es-oficial-la-surface-pro-3-de-microsoft\/#primaryimage"},"thumbnailUrl":"https:\/\/i0.wp.com\/kalot.com.mx\/site\/wp-content\/uploads\/2014\/05\/surface-pro-3-side.jpg?fit=800%2C401&ssl=1","datePublished":"2014-05-20T22:26:09+00:00","description":"Microsoft ha lanzado este dia la nueva tablet- portatil que hara que cambies tu portatil por la nueva Surface Pro 3","breadcrumb":{"@id":"https:\/\/kalot.com.mx\/site\/2014\/05\/20\/es-oficial-la-surface-pro-3-de-microsoft\/#breadcrumb"},"inLanguage":"es","potentialAction":[{"@type":"ReadAction","target":["https:\/\/kalot.com.mx\/site\/2014\/05\/20\/es-oficial-la-surface-pro-3-de-microsoft\/"]}]},{"@type":"ImageObject","inLanguage":"es","@id":"https:\/\/kalot.com.mx\/site\/2014\/05\/20\/es-oficial-la-surface-pro-3-de-microsoft\/#primaryimage","url":"https:\/\/i0.wp.com\/kalot.com.mx\/site\/wp-content\/uploads\/2014\/05\/surface-pro-3-side.jpg?fit=800%2C401&ssl=1","contentUrl":"https:\/\/i0.wp.com\/kalot.com.mx\/site\/wp-content\/uploads\/2014\/05\/surface-pro-3-side.jpg?fit=800%2C401&ssl=1","width":800,"height":401},{"@type":"BreadcrumbList","@id":"https:\/\/kalot.com.mx\/site\/2014\/05\/20\/es-oficial-la-surface-pro-3-de-microsoft\/#breadcrumb","itemListElement":[{"@type":"ListItem","position":1,"name":"Home","item":"https:\/\/kalot.com.mx\/site\/"},{"@type":"ListItem","position":2,"name":"Es oficial la Surface Pro 3 de @Microsoft"}]},{"@type":"WebSite","@id":"https:\/\/kalot.com.mx\/site\/#website","url":"https:\/\/kalot.com.mx\/site\/","name":"Kalot","description":"Conoce Todo Sobre Todo","publisher":{"@id":"https:\/\/kalot.com.mx\/site\/#organization"},"potentialAction":[{"@type":"SearchAction","target":{"@type":"EntryPoint","urlTemplate":"https:\/\/kalot.com.mx\/site\/?s={search_term_string}"},"query-input":{"@type":"PropertyValueSpecification","valueRequired":true,"valueName":"search_term_string"}}],"inLanguage":"es"},{"@type":"Organization","@id":"https:\/\/kalot.com.mx\/site\/#organization","name":"Kalot","url":"https:\/\/kalot.com.mx\/site\/","logo":{"@type":"ImageObject","inLanguage":"es","@id":"https:\/\/kalot.com.mx\/site\/#\/schema\/logo\/image\/","url":"https:\/\/i0.wp.com\/kalot.com.mx\/site\/wp-content\/uploads\/2020\/04\/Kalot-logo-sin-tagline.png?fit=1707%2C1014&ssl=1","contentUrl":"https:\/\/i0.wp.com\/kalot.com.mx\/site\/wp-content\/uploads\/2020\/04\/Kalot-logo-sin-tagline.png?fit=1707%2C1014&ssl=1","width":1707,"height":1014,"caption":"Kalot"},"image":{"@id":"https:\/\/kalot.com.mx\/site\/#\/schema\/logo\/image\/"},"sameAs":["http:\/\/facebook.com\/mxkalot","https:\/\/x.com\/kalotmx","http:\/\/instagram.com\/kalotmx","http:\/\/pinterest.com\/jorgeerana\/kalot"]},{"@type":"Person","@id":"https:\/\/kalot.com.mx\/site\/#\/schema\/person\/451d1f280e69ef0abc9b72e87e137ccd","name":"Cecilia Mata","image":{"@type":"ImageObject","inLanguage":"es","@id":"https:\/\/secure.gravatar.com\/avatar\/d537382201aa9a7e5477a07abbac65d123036652265c4569e812aae85d7be2df?s=96&d=mm&r=g","url":"https:\/\/secure.gravatar.com\/avatar\/d537382201aa9a7e5477a07abbac65d123036652265c4569e812aae85d7be2df?s=96&d=mm&r=g","contentUrl":"https:\/\/secure.gravatar.com\/avatar\/d537382201aa9a7e5477a07abbac65d123036652265c4569e812aae85d7be2df?s=96&d=mm&r=g","caption":"Cecilia Mata"},"description":"Estudiante de Ingenier\u00eda industrial. Un toque de geek. Me agrada conocer y aprender cosas nuevas.","sameAs":["https:\/\/www.facebook.com\/ceciMat","https:\/\/x.com\/Cecidc_Mat"],"url":"https:\/\/kalot.com.mx\/site\/author\/cecilia\/"}]}},"jetpack_publicize_connections":[],"jetpack_featured_media_url":"https:\/\/i0.wp.com\/kalot.com.mx\/site\/wp-content\/uploads\/2014\/05\/surface-pro-3-side.jpg?fit=800%2C401&ssl=1","jetpack_shortlink":"https:\/\/wp.me\/p6IHEI-4cJ","jetpack-related-posts":[{"id":2184,"url":"https:\/\/kalot.com.mx\/site\/2013\/09\/23\/se-anuncia-la-nueva-surface-pro-2-la-nueva-tablet-de-microsoft-surface\/","url_meta":{"origin":16165,"position":0},"title":"Se anuncia la nueva Surface Pro 2, la nueva tablet de Microsoft. @surface","author":"Jorge Era\u00f1a","date":"23 septiembre, 2013","format":false,"excerpt":"Por fin es presentada la nueva Tablet de Microsoft, Surface Pro 2. Despu\u00e9s de las ventas \"poco exitosas\" de sus modelos anteriores, Microsoft avienta la casa por la ventana y lanza este nuevo modelo que al parecer promete mucho m\u00e1s que su antecesor. Las caracter\u00edsticas de la nueva tablet son:\u2026","rel":"","context":"Entrada similar ","block_context":{"text":"Entrada similar ","link":""},"img":{"alt_text":"","src":"https:\/\/i0.wp.com\/kalot.com.mx\/site\/wp-content\/uploads\/2013\/09\/captura-de-pantalla-2013-09-23-a-las-17.46.53.png?fit=665%2C378&ssl=1&resize=350%2C200","width":350,"height":200,"srcset":"https:\/\/i0.wp.com\/kalot.com.mx\/site\/wp-content\/uploads\/2013\/09\/captura-de-pantalla-2013-09-23-a-las-17.46.53.png?fit=665%2C378&ssl=1&resize=350%2C200 1x, https:\/\/i0.wp.com\/kalot.com.mx\/site\/wp-content\/uploads\/2013\/09\/captura-de-pantalla-2013-09-23-a-las-17.46.53.png?fit=665%2C378&ssl=1&resize=525%2C300 1.5x"},"classes":[]},{"id":13161,"url":"https:\/\/kalot.com.mx\/site\/2014\/03\/08\/tablet-surface-2-de-microsoft-muy-pronto-en-mexico\/","url_meta":{"origin":16165,"position":1},"title":"Tablet Surface 2 de @Microsoft Muy pronto en M\u00e9xico","author":"Cecilia Mata","date":"8 marzo, 2014","format":false,"excerpt":"D\u00edas atr\u00e1s Microsoft anuncio la llegada de su tablet Surface 2 a M\u00e9xico y es que\u00a0 ya faltan pocos d\u00edas para que este pr\u00f3ximo 14 de marzo podamos adquirirla En preeventa aqu\u00ed desde el 28 de Febrero Llegar\u00e1 en sus presentaciones de estructura en\u00a0 32GB y 64GB, debido a la\u2026","rel":"","context":"En &quot;Sin categor\u00eda&quot;","block_context":{"text":"Sin categor\u00eda","link":"https:\/\/kalot.com.mx\/site\/category\/sin-categoria\/"},"img":{"alt_text":"","src":"https:\/\/i0.wp.com\/kalot.com.mx\/site\/wp-content\/uploads\/2014\/03\/073211_surface2press3_principal.jpg?fit=620%2C350&ssl=1&resize=350%2C200","width":350,"height":200,"srcset":"https:\/\/i0.wp.com\/kalot.com.mx\/site\/wp-content\/uploads\/2014\/03\/073211_surface2press3_principal.jpg?fit=620%2C350&ssl=1&resize=350%2C200 1x, https:\/\/i0.wp.com\/kalot.com.mx\/site\/wp-content\/uploads\/2014\/03\/073211_surface2press3_principal.jpg?fit=620%2C350&ssl=1&resize=525%2C300 1.5x"},"classes":[]},{"id":13590,"url":"https:\/\/kalot.com.mx\/site\/2014\/03\/18\/comprar-la-surface-2-de-microsoft\/","url_meta":{"origin":16165,"position":2},"title":"\u00bfComprar la Surface 2 de @Microsoft?","author":"Cecilia Mata","date":"18 marzo, 2014","format":false,"excerpt":"\u00a0 Surface 2 la nueva tableta de Microsoft que mejora muchos aspectos de su antecesora\u00a0 La segunda generaci\u00f3n de la tableta de Microsoft, la Surface, llego oficialmente a M\u00e9xico hace unos d\u00edas. \u00a0Kalochos esta tablet\u00a0ya esta en varias de las tiendas de nuestro pa\u00eds incluyendo sus nuevas cubiertas inteligentes. Muchos\u2026","rel":"","context":"En &quot;Sin categor\u00eda&quot;","block_context":{"text":"Sin categor\u00eda","link":"https:\/\/kalot.com.mx\/site\/category\/sin-categoria\/"},"img":{"alt_text":"","src":"https:\/\/i0.wp.com\/kalot.com.mx\/site\/wp-content\/uploads\/2014\/03\/tegra-k1-surface-3.jpg?fit=1200%2C739&ssl=1&resize=350%2C200","width":350,"height":200,"srcset":"https:\/\/i0.wp.com\/kalot.com.mx\/site\/wp-content\/uploads\/2014\/03\/tegra-k1-surface-3.jpg?fit=1200%2C739&ssl=1&resize=350%2C200 1x, https:\/\/i0.wp.com\/kalot.com.mx\/site\/wp-content\/uploads\/2014\/03\/tegra-k1-surface-3.jpg?fit=1200%2C739&ssl=1&resize=525%2C300 1.5x, https:\/\/i0.wp.com\/kalot.com.mx\/site\/wp-content\/uploads\/2014\/03\/tegra-k1-surface-3.jpg?fit=1200%2C739&ssl=1&resize=700%2C400 2x, https:\/\/i0.wp.com\/kalot.com.mx\/site\/wp-content\/uploads\/2014\/03\/tegra-k1-surface-3.jpg?fit=1200%2C739&ssl=1&resize=1050%2C600 3x"},"classes":[]},{"id":13747,"url":"https:\/\/kalot.com.mx\/site\/2014\/03\/22\/samsung-se-burla-del-ipad-y-surface\/","url_meta":{"origin":16165,"position":3},"title":"SAMSUNG se burla del iPad y Surface","author":"Daniel Cacho","date":"22 marzo, 2014","format":false,"excerpt":"Un nuevo comercial hace mofa de las capacidades de las tabletas de otras compa\u00f1\u00edas \u00a0Samsung lanz\u00f3 un nuevo comercial donde ataca directamente a sus competidores Apple, Microsoft e incluso Amazon y sus tabletas para resaltar su Galaxy Tab Pro. En el comercial se comienza con dos j\u00f3venes que est\u00e1n en\u2026","rel":"","context":"Con 1 comentario","block_context":{"text":"Con 1 comentario","link":"https:\/\/kalot.com.mx\/site\/2014\/03\/22\/samsung-se-burla-del-ipad-y-surface\/#comments"},"img":{"alt_text":"","src":"https:\/\/i0.wp.com\/kalot.com.mx\/site\/wp-content\/uploads\/2014\/03\/Galaxy-Note-Pro-Tab-Pro.jpg?fit=600%2C385&ssl=1&resize=350%2C200","width":350,"height":200,"srcset":"https:\/\/i0.wp.com\/kalot.com.mx\/site\/wp-content\/uploads\/2014\/03\/Galaxy-Note-Pro-Tab-Pro.jpg?fit=600%2C385&ssl=1&resize=350%2C200 1x, https:\/\/i0.wp.com\/kalot.com.mx\/site\/wp-content\/uploads\/2014\/03\/Galaxy-Note-Pro-Tab-Pro.jpg?fit=600%2C385&ssl=1&resize=525%2C300 1.5x"},"classes":[]},{"id":4713,"url":"https:\/\/kalot.com.mx\/site\/2013\/10\/23\/conoce-la-primer-tablet-de-los-finlandeses-nokia-2520\/","url_meta":{"origin":16165,"position":4},"title":"Conoce la primer tablet de los finlandeses, Nokia 2520","author":"Jorge Era\u00f1a","date":"23 octubre, 2013","format":false,"excerpt":"As\u00ed es, el Nokia World ya se ha presentado y ha tra\u00eddo consigo una nueva l\u00ednea de productos por parte de Nokia. En este post hablaremos de la primer Tablet de los finlandeses, un dispositivo con Windows RT que viene a acompa\u00f1ar a la Surface de Microsoft. Hace ya tiempo\u2026","rel":"","context":"Entrada similar ","block_context":{"text":"Entrada similar ","link":""},"img":{"alt_text":"","src":"https:\/\/i0.wp.com\/kalot.com.mx\/site\/wp-content\/uploads\/2013\/10\/Nokia-2520-800x400.jpg?fit=800%2C400&ssl=1&resize=350%2C200","width":350,"height":200,"srcset":"https:\/\/i0.wp.com\/kalot.com.mx\/site\/wp-content\/uploads\/2013\/10\/Nokia-2520-800x400.jpg?fit=800%2C400&ssl=1&resize=350%2C200 1x, https:\/\/i0.wp.com\/kalot.com.mx\/site\/wp-content\/uploads\/2013\/10\/Nokia-2520-800x400.jpg?fit=800%2C400&ssl=1&resize=525%2C300 1.5x, https:\/\/i0.wp.com\/kalot.com.mx\/site\/wp-content\/uploads\/2013\/10\/Nokia-2520-800x400.jpg?fit=800%2C400&ssl=1&resize=700%2C400 2x"},"classes":[]},{"id":9228,"url":"https:\/\/kalot.com.mx\/site\/2014\/01\/08\/las-sorpresas-de-la-ces-2014\/","url_meta":{"origin":16165,"position":5},"title":"Las sorpresas de la CES 2014 @intlCES","author":"Cecilia Mata","date":"8 enero, 2014","format":false,"excerpt":"La feria m\u00e1s importante del mundo del sector de la electr\u00f3nica, en la que este a\u00f1o participan m\u00e1s de 3.000 expositores y hay m\u00e1s de 20.000 productos nuevos, se exhiben a los 152.000 comerciantes de tecnolog\u00eda que asisten a la CES 2014, que empez\u00f3 este martes 7 de enero en\u2026","rel":"","context":"En &quot;Sin categor\u00eda&quot;","block_context":{"text":"Sin categor\u00eda","link":"https:\/\/kalot.com.mx\/site\/category\/sin-categoria\/"},"img":{"alt_text":"","src":"https:\/\/i0.wp.com\/kalot.com.mx\/site\/wp-content\/uploads\/2014\/01\/CES2014_GooglePlus_Box.jpg?fit=1000%2C562&ssl=1&resize=350%2C200","width":350,"height":200,"srcset":"https:\/\/i0.wp.com\/kalot.com.mx\/site\/wp-content\/uploads\/2014\/01\/CES2014_GooglePlus_Box.jpg?fit=1000%2C562&ssl=1&resize=350%2C200 1x, https:\/\/i0.wp.com\/kalot.com.mx\/site\/wp-content\/uploads\/2014\/01\/CES2014_GooglePlus_Box.jpg?fit=1000%2C562&ssl=1&resize=525%2C300 1.5x, https:\/\/i0.wp.com\/kalot.com.mx\/site\/wp-content\/uploads\/2014\/01\/CES2014_GooglePlus_Box.jpg?fit=1000%2C562&ssl=1&resize=700%2C400 2x"},"classes":[]}],"jetpack_sharing_enabled":true,"_links":{"self":[{"href":"https:\/\/kalot.com.mx\/site\/wp-json\/wp\/v2\/posts\/16165","targetHints":{"allow":["GET"]}}],"collection":[{"href":"https:\/\/kalot.com.mx\/site\/wp-json\/wp\/v2\/posts"}],"about":[{"href":"https:\/\/kalot.com.mx\/site\/wp-json\/wp\/v2\/types\/post"}],"author":[{"embeddable":true,"href":"https:\/\/kalot.com.mx\/site\/wp-json\/wp\/v2\/users\/57"}],"replies":[{"embeddable":true,"href":"https:\/\/kalot.com.mx\/site\/wp-json\/wp\/v2\/comments?post=16165"}],"version-history":[{"count":0,"href":"https:\/\/kalot.com.mx\/site\/wp-json\/wp\/v2\/posts\/16165\/revisions"}],"wp:featuredmedia":[{"embeddable":true,"href":"https:\/\/kalot.com.mx\/site\/wp-json\/wp\/v2\/media\/16168"}],"wp:attachment":[{"href":"https:\/\/kalot.com.mx\/site\/wp-json\/wp\/v2\/media?parent=16165"}],"wp:term":[{"taxonomy":"category","embeddable":true,"href":"https:\/\/kalot.com.mx\/site\/wp-json\/wp\/v2\/categories?post=16165"},{"taxonomy":"post_tag","embeddable":true,"href":"https:\/\/kalot.com.mx\/site\/wp-json\/wp\/v2\/tags?post=16165"}],"curies":[{"name":"wp","href":"https:\/\/api.w.org\/{rel}","templated":true}]}}