{"id":16095,"date":"2014-05-17T00:42:54","date_gmt":"2014-05-17T05:42:54","guid":{"rendered":"http:\/\/www.kalot.com.mx\/?p=16095"},"modified":"2014-05-17T00:45:33","modified_gmt":"2014-05-17T05:45:33","slug":"56a-muestra-internacional-de-cine-en-la-cineteca-alameda-cartelera","status":"publish","type":"post","link":"https:\/\/kalot.com.mx\/site\/2014\/05\/17\/56a-muestra-internacional-de-cine-en-la-cineteca-alameda-cartelera\/","title":{"rendered":"56\u00aa Muestra Internacional de Cine en la Cineteca Alameda [CARTELERA]"},"content":{"rendered":"<p style=\"text-align: justify\">La <strong>56\u00aa\u00a0Muestra Internacional de Cine se podr\u00e1 disfrutar en Cineteca Alameda a partir del 17 al 29 de mayo<\/strong>.<\/p>\n<p style=\"text-align: justify\">Tras d\u00e9cadas de ofrecerse como la programaci\u00f3n que anima la oferta en muchas salas de cine del pa\u00eds, la <strong>Muestra Internacional de Cine vuelve a su formato de dos ediciones por a\u00f1o<\/strong>. De esa manera, al continuar siendo organizadora y sede principal de una cita ineludible con los referentes de la cinematograf\u00eda mundial y sus obras m\u00e1s recientes, la Cineteca se afirma como una ventana hacia el mundo a trav\u00e9s del cine.<\/p>\n<p style=\"text-align: justify\">Durante esta primavera, en su edici\u00f3n 56, la Muestra ofrece un programa compuesto de 14 t\u00edtulos procedentes de pa\u00edses como <strong>Argentina, Alemania, Brasil, Chile, Dinamarca, Estados Unidos, Francia, Islandia, Italia, Jap\u00f3n y M\u00e9xico<\/strong>, y que ilustran la realidad del acontecer de la realizaci\u00f3n f\u00edlmica alrededor del mundo. Comencemos con qu\u00e9 pel\u00edculas tendremos esta primera mitad del a\u00f1o:<\/p>\n<p style=\"text-align: justify\"><strong>17 de mayo \/ La Diosa Arrodillada <\/strong><em>(1967)<\/em><\/p>\n<p style=\"text-align: justify\">La Muestra comienza oficialmente con la proyecci\u00f3n y homenaje a una de las m\u00e1s grandes figuras mexicanas en la cinematograf\u00eda mexicana y que este a\u00f1o cumple un centenario de su nacimiento: <strong>Mar\u00eda F\u00e9lix<\/strong>. \u201c<em>La Do\u00f1a<\/em>\u201d o \u201c<em>Mar\u00eda Bonita<\/em>\u201d ser\u00e1 la encargada de engalanar la pantalla de la Cineteca con su actuaci\u00f3n en La Diosa Arrodillada (1947), primer filme en el que ser\u00eda dirigida por Roberto Gavald\u00f3n y que le valdr\u00eda reconocimiento mundial.<\/p>\n[embedvideo id=&#8221;Wz1Wj_EDQ6A&#8221; website=&#8221;youtube&#8221;]\n<p>&nbsp;<\/p>\n<p style=\"text-align: justify\"><strong>18 de mayo \/ Polisse <\/strong><em>(2011)<\/em><\/p>\n<p style=\"text-align: justify\">Seguimos con un drama policiaco de la directora <strong>Ma\u00efwenn Le Besco<\/strong>: Poliss\u00eda, cinta que\u00a0 despliega un diverso panorama de personajes involucrados en los delitos contra menores en Francia y es planteado a partir del punto de vista de la polic\u00eda. Este filme mereci\u00f3 el <strong>Premio Especial del Jurado en Festival de Cannes en 2011<\/strong>. Una de las mejores pel\u00edculas que tiene la muestra para nosotros.<\/p>\n[embedvideo id=&#8221;i6oUy0qU64I&#8221; website=&#8221;youtube&#8221;]\n<p>&nbsp;<\/p>\n<p style=\"text-align: justify\"><strong>19 de mayo \/ Tom \u00c1 La Ferme <\/strong><em>(2013)<\/em><\/p>\n<p style=\"text-align: justify\">Tras su exitoso paso por la Muestra de Venecia en 2013, el filme Tom En El Granero (2013) del canadiense <strong>Xavier Dolan<\/strong>, llega a M\u00e9xico con una interesante perspectiva sobre la homosexualidad. Interpretando incluso el papel protag\u00f3nico, el cineasta ofrece una visi\u00f3n de su tema a partir de las diferencias entre las grandes ciudades modernas y la vida rural.<\/p>\n[embedvideo id=&#8221;uGLh8CaZSlo&#8221; website=&#8221;youtube&#8221;]\n<p>&nbsp;<\/p>\n<p style=\"text-align: justify\"><strong>20 de mayo \/ Nymphomaniac Vol. I <\/strong><em>(2013)<\/em><\/p>\n<p style=\"text-align: justify\">Por su parte, <em>Ninfoman\u00eda Vol. 1<\/em> (2013) llega para complacer a los muchos seguidores en San Luis Potos\u00ed de<strong> Lars von Trier<\/strong>. Como es usual en el trabajo del cineasta dan\u00e9s, la pel\u00edcula se ha rodeado de pol\u00e9mica esta vez al presentar la historia de una chica adicta al sexo y sus descabelladas acciones para satisfacer su impulso. Una pel\u00edcula que tuvimos ya la oportunidad de ver y que les podemos adelantar que no es meramente cerca el mejor trabajo de von Trier pero s\u00ed de lo mejor que podr\u00e1n ver este a\u00f1o en pantalla grande.<\/p>\n[embedvideo id=&#8221;mblZU8ExN6E&#8221; website=&#8221;youtube&#8221;]\n<p>&nbsp;<\/p>\n<p style=\"text-align: justify\"><strong>21 de mayo \/ Hross \u00cd Oss <\/strong><em>(2013)<\/em><\/p>\n<p style=\"text-align: justify\">El island\u00e9s <strong>Benedikt Erlingsson<\/strong> nos presenta esta ocasi\u00f3n <strong>Historias de caballos y de hombres <\/strong><em>(2013)<\/em>, comedia dram\u00e1tica con hermosas vistas del paisaje island\u00e9s, es una exploraci\u00f3n sobre lo que hay de humano en los caballos y lo que hay de caballo en los humanos.<\/p>\n[embedvideo id=&#8221;IFaMh386nak&#8221; website=&#8221;youtube&#8221;]\n<p>&nbsp;<\/p>\n<p style=\"text-align: justify\"><strong>22 de mayo \/ The Selfish Giant<\/strong> <em>(2013)<\/em><\/p>\n<p style=\"text-align: justify\">La pel\u00edcula inglesa <em>El gigante ego\u00edsta<\/em> (2013) <strong>basado en el cuento de Oscar Wilde<\/strong> y bajo la direcci\u00f3n de Clio Barnard, llega precedida del reconocimiento europeo tras su nominaci\u00f3n a los Premios LUX 2013, galardones que se conceden a los filmes que mejor reflejen la diversidad cultural y realidad social de los pa\u00edses comunitarios.<\/p>\n[embedvideo id=&#8221;jrHcLLWCVI0&#8243; website=&#8221;youtube&#8221;]\n<p>&nbsp;<\/p>\n<p style=\"text-align: justify\"><strong>23 de mayo \/ Kaze Tachinu<\/strong> <em>(2013)<\/em><\/p>\n<p style=\"text-align: justify\">Por fin, la \u00faltima obra maestra de <strong>Hayao Miyazaki<\/strong> estar\u00e1 presente en la 56\u00aa Muestra de la Cineteca Alameda: <strong>Se levanta el viento <\/strong><em>(2013)<\/em> nos narra la historia de un ingeniero aeron\u00e1utico quien desarroll\u00f3 varios aviones militares se despliega aqu\u00ed con el oficio e imaginaci\u00f3n que caracterizan el trabajo del maestro japon\u00e9s, quien ha anunciado que \u00e9sta ser\u00e1 su \u00faltima pel\u00edcula. El <strong>\u201cdebes de verla\u201d<\/strong> de la Muestra.<\/p>\n[embedvideo id=&#8221;YbcgILCG3WA&#8221; website=&#8221;youtube&#8221;]\n<p>&nbsp;<\/p>\n<p style=\"text-align: justify\"><strong>24 de mayo \/ El \u00daltimo Elvis<\/strong> <em>(2012)<\/em><\/p>\n<p style=\"text-align: justify\">Elvis no ha muerto y vive en Argentina. La cinta es una coproducci\u00f3n de Argentina y Estados Unidos <strong>dirigida por Armando Bo<\/strong> en su debut como director. Carlos Guti\u00e9rrez (Elvis), un obrero separado que tiene una peque\u00f1a hija llamada Lisa Marie a la que no ve a menudo, vive como si fuese la reencarnaci\u00f3n de Elvis Presley e incluso act\u00faa imit\u00e1ndolo, pero al aproximarse a la edad en que muri\u00f3 su \u00eddolo siente que su futuro se encuentra vac\u00edo hasta que un cambio de planes dar\u00e1 un vuelco a su vida y la de los suyos.<\/p>\n[embedvideo id=&#8221;on4-1VhYPBI&#8221; website=&#8221;youtube&#8221;]\n<p>&nbsp;<\/p>\n<p style=\"text-align: justify\"><strong>25 de mayo \/ Jigoku de naze warui<\/strong> <em>(2013)<\/em><\/p>\n<p style=\"text-align: justify\">Por su parte, el japon\u00e9s <strong>Shion Sono<\/strong> es otro de los cineastas conocidos por buena parte del p\u00fablico asistente a la Muestra. En esta ocasi\u00f3n, Sono se hace presente con <strong>Vamos A Jugar Al Infierno\u00a0<\/strong>(2013), pel\u00edcula desbordada de intensidad y que combina el g\u00e9nero gore con la comedia.<\/p>\n[embedvideo id=&#8221;u3rjyN-IZjY&#8221; website=&#8221;youtube&#8221;]\n<p>&nbsp;<\/p>\n<p style=\"text-align: justify\"><strong>26 de mayo \/ Memorias Que Me Contaron<\/strong> <em>(2012)<\/em><\/p>\n<p style=\"text-align: justify\">Un vistazo por el pasado de opresi\u00f3n en Brasil encontramos en esta historia\u00a0de la directora <strong>Luc\u00eda Murat<\/strong>, en cuya pel\u00edcula rinde homenaje a su amiga Vera Magallanes, una de las principales guerrilleras durante la dictadura brasile\u00f1a.<\/p>\n[embedvideo id=&#8221;f_zNb7wMQEg&#8221; website=&#8221;youtube&#8221;]\n<p>&nbsp;<\/p>\n<p style=\"text-align: justify\"><strong>27 de mayo \/ Che strano chiamarsi Federico: Scola cuenta a Fellini<\/strong> <em>(2013)<\/em><\/p>\n<p style=\"text-align: justify\">El nombre completo en espa\u00f1ol de esta obra es \u00a1Qu\u00e9 extra\u00f1o es llamarse Federico!: Scola cuenta a Fellini (2013), un filme en el que el cineasta de Trevico evoca la memoria de su amigo y colega Fellini.<\/p>\n[embedvideo id=&#8221;3UImV1M8x5w&#8221; website=&#8221;youtube&#8221;]\n<p>&nbsp;<\/p>\n<p style=\"text-align: justify\"><strong>28 de mayo \/ La Danza de la Realidad<\/strong> <em>(2013)<\/em><\/p>\n<p style=\"text-align: justify\">T\u00edtulo que marca el retorno a la direcci\u00f3n cinematogr\u00e1fica del autor chileno <strong>Alejandro Jodorowsky<\/strong> con esta biopic dram\u00e1tica y de fantas\u00eda, basado en el libro autobiogr\u00e1fico hom\u00f3nimo del mismo director. Si llevan drogas duras me invitan. No ya en serio, este surrealista filme relata el viaje personal de Jodorowsky a trav\u00e9s de sus diferentes edades. Cabe recalcar que despu\u00e9s de su proyecci\u00f3n en Cannes 2013 fue recibida con una ovaci\u00f3n de pie por parte de los asistentes. Para los conocedores del \u00e1rbol geneal\u00f3gico del chileno, hacemos menci\u00f3n que salen sus hijos Crist\u00f3bal Jodorowsky y el ya conocido m\u00fasico Adanowsky en papeles protag\u00f3nicos.<\/p>\n[embedvideo id=&#8221;Ri0ijnu8SEo&#8221; website=&#8221;youtube&#8221;]\n<p>&nbsp;<\/p>\n<p style=\"text-align: justify\"><strong>29 de mayo \/ Tian zhu ding<\/strong> <em>(2013)<\/em><\/p>\n<p style=\"text-align: justify\">Finalmente, la edici\u00f3n 56 de la Muestra Internacional de Cine cierra con la cinta Un Toque De Pecado (2013) del chino <strong>Jia Zhangke<\/strong>, quien nuevamente disecciona el presente convulso de China como consecuencia del inapelable clima econ\u00f3mico que impera en el pa\u00eds.<\/p>\n[embedvideo id=&#8221;yYtmprw0qIw&#8221; website=&#8221;youtube&#8221;]\n<p style=\"text-align: justify\">Les dejamos el p\u00f3ster oficial resumido con todos los horarios y funciones que habr\u00e1 para la 56a Muestra Internacional de Cine y les recordamosque los horarios y programaci\u00f3n para cualquier funci\u00f3n programada pueden consultarse en\u00a0<a href=\"http:\/\/www.cinetecaalameda.net\/sitio\">www.cinetecaalameda.net\/sitio<\/a> y en redes sociales.<\/p>\n<p><a href=\"https:\/\/i0.wp.com\/www.kalot.com.mx\/wp-content\/uploads\/2014\/05\/cartel1.jpg\"><img data-recalc-dims=\"1\" fetchpriority=\"high\" decoding=\"async\" data-attachment-id=\"16099\" data-permalink=\"https:\/\/kalot.com.mx\/site\/2014\/05\/17\/56a-muestra-internacional-de-cine-en-la-cineteca-alameda-cartelera\/cartel1\/\" data-orig-file=\"https:\/\/i0.wp.com\/kalot.com.mx\/site\/wp-content\/uploads\/2014\/05\/cartel1.jpg?fit=900%2C1350&amp;ssl=1\" data-orig-size=\"900,1350\" data-comments-opened=\"1\" data-image-meta=\"{&quot;aperture&quot;:&quot;0&quot;,&quot;credit&quot;:&quot;&quot;,&quot;camera&quot;:&quot;&quot;,&quot;caption&quot;:&quot;&quot;,&quot;created_timestamp&quot;:&quot;0&quot;,&quot;copyright&quot;:&quot;&quot;,&quot;focal_length&quot;:&quot;0&quot;,&quot;iso&quot;:&quot;0&quot;,&quot;shutter_speed&quot;:&quot;0&quot;,&quot;title&quot;:&quot;&quot;,&quot;orientation&quot;:&quot;1&quot;}\" data-image-title=\"cartel1\" data-image-description=\"\" data-image-caption=\"\" data-large-file=\"https:\/\/i0.wp.com\/kalot.com.mx\/site\/wp-content\/uploads\/2014\/05\/cartel1.jpg?fit=683%2C1024&amp;ssl=1\" class=\"aligncenter  wp-image-16099\" src=\"https:\/\/i0.wp.com\/www.kalot.com.mx\/wp-content\/uploads\/2014\/05\/cartel1.jpg?resize=808%2C1212\" alt=\"cartel1\" width=\"808\" height=\"1212\" srcset=\"https:\/\/i0.wp.com\/kalot.com.mx\/site\/wp-content\/uploads\/2014\/05\/cartel1.jpg?w=900&amp;ssl=1 900w, https:\/\/i0.wp.com\/kalot.com.mx\/site\/wp-content\/uploads\/2014\/05\/cartel1.jpg?resize=768%2C1152&amp;ssl=1 768w, https:\/\/i0.wp.com\/kalot.com.mx\/site\/wp-content\/uploads\/2014\/05\/cartel1.jpg?resize=380%2C570&amp;ssl=1 380w, https:\/\/i0.wp.com\/kalot.com.mx\/site\/wp-content\/uploads\/2014\/05\/cartel1.jpg?resize=800%2C1200&amp;ssl=1 800w, https:\/\/i0.wp.com\/kalot.com.mx\/site\/wp-content\/uploads\/2014\/05\/cartel1.jpg?resize=200%2C300&amp;ssl=1 200w, https:\/\/i0.wp.com\/kalot.com.mx\/site\/wp-content\/uploads\/2014\/05\/cartel1.jpg?resize=683%2C1024&amp;ssl=1 683w, https:\/\/i0.wp.com\/kalot.com.mx\/site\/wp-content\/uploads\/2014\/05\/cartel1.jpg?resize=810%2C1215&amp;ssl=1 810w\" sizes=\"(max-width: 808px) 100vw, 808px\" \/><\/a><\/p>\n<p>Tambi\u00e9n les recordamos (porque sabemos que son medio despistados) que las cuotas de recuperaci\u00f3n son: $40 gral, $25 estudiantes, INPOJUVE y adultos mayores.<\/p>\n<p style=\"text-align: justify\">\n","protected":false},"excerpt":{"rendered":"La 56\u00aa\u00a0Muestra Internacional de Cine se podr\u00e1 disfrutar en Cineteca Alameda a partir del 17 al 29 de&hellip;\n","protected":false},"author":18,"featured_media":16098,"comment_status":"open","ping_status":"open","sticky":false,"template":"","format":"standard","meta":{"jetpack_post_was_ever_published":false,"_jetpack_newsletter_access":"","_jetpack_dont_email_post_to_subs":false,"_jetpack_newsletter_tier_id":0,"_jetpack_memberships_contains_paywalled_content":false,"_jetpack_memberships_contains_paid_content":false,"footnotes":"","jetpack_publicize_message":"","jetpack_publicize_feature_enabled":true,"jetpack_social_post_already_shared":true,"jetpack_social_options":{"image_generator_settings":{"template":"highway","default_image_id":0,"font":"","enabled":false},"version":2}},"categories":[],"tags":[],"class_list":{"0":"post-16095","1":"post","2":"type-post","3":"status-publish","4":"format-standard","5":"has-post-thumbnail","7":"cs-entry","8":"cs-video-wrap"},"yoast_head":"<!-- This site is optimized with the Yoast SEO plugin v27.5 - https:\/\/yoast.com\/product\/yoast-seo-wordpress\/ -->\n<title>56\u00aa Muestra Internacional de Cine en Cineteca Alameda<\/title>\n<meta name=\"description\" content=\"Encuentra aqu\u00ed toda la cartelera oficial para la 56\u00aa Muestra Internacional de Cine en la Cineteca Alameda\" \/>\n<meta name=\"robots\" content=\"index, follow, max-snippet:-1, max-image-preview:large, max-video-preview:-1\" \/>\n<link rel=\"canonical\" href=\"https:\/\/kalot.com.mx\/site\/2014\/05\/17\/56a-muestra-internacional-de-cine-en-la-cineteca-alameda-cartelera\/\" \/>\n<meta property=\"og:locale\" content=\"es_MX\" \/>\n<meta property=\"og:type\" content=\"article\" \/>\n<meta property=\"og:title\" content=\"56\u00aa Muestra Internacional de Cine en Cineteca Alameda\" \/>\n<meta property=\"og:description\" content=\"Encuentra aqu\u00ed toda la cartelera oficial para la 56\u00aa Muestra Internacional de Cine en la Cineteca Alameda\" \/>\n<meta property=\"og:url\" content=\"https:\/\/kalot.com.mx\/site\/2014\/05\/17\/56a-muestra-internacional-de-cine-en-la-cineteca-alameda-cartelera\/\" \/>\n<meta property=\"og:site_name\" content=\"Kalot\" \/>\n<meta property=\"article:publisher\" content=\"http:\/\/facebook.com\/mxkalot\" \/>\n<meta property=\"article:author\" content=\"https:\/\/www.facebook.com\/don.capu\" \/>\n<meta property=\"article:published_time\" content=\"2014-05-17T05:42:54+00:00\" \/>\n<meta property=\"article:modified_time\" content=\"2014-05-17T05:45:33+00:00\" \/>\n<meta property=\"og:image\" content=\"https:\/\/i0.wp.com\/kalot.com.mx\/site\/wp-content\/uploads\/2014\/05\/EDIT2.jpg?fit=1000%2C618&ssl=1\" \/>\n\t<meta property=\"og:image:width\" content=\"1000\" \/>\n\t<meta property=\"og:image:height\" content=\"618\" \/>\n\t<meta property=\"og:image:type\" content=\"image\/jpeg\" \/>\n<meta name=\"author\" content=\"Omar Herrera\" \/>\n<meta name=\"twitter:card\" content=\"summary_large_image\" \/>\n<meta name=\"twitter:creator\" content=\"@thedoncapu\" \/>\n<meta name=\"twitter:site\" content=\"@kalotmx\" \/>\n<meta name=\"twitter:label1\" content=\"Escrito por\" \/>\n\t<meta name=\"twitter:data1\" content=\"Omar Herrera\" \/>\n\t<meta name=\"twitter:label2\" content=\"Tiempo de lectura\" \/>\n\t<meta name=\"twitter:data2\" content=\"6 minutos\" \/>\n<!-- \/ Yoast SEO plugin. -->","yoast_head_json":{"title":"56\u00aa Muestra Internacional de Cine en Cineteca Alameda","description":"Encuentra aqu\u00ed toda la cartelera oficial para la 56\u00aa Muestra Internacional de Cine en la Cineteca Alameda","robots":{"index":"index","follow":"follow","max-snippet":"max-snippet:-1","max-image-preview":"max-image-preview:large","max-video-preview":"max-video-preview:-1"},"canonical":"https:\/\/kalot.com.mx\/site\/2014\/05\/17\/56a-muestra-internacional-de-cine-en-la-cineteca-alameda-cartelera\/","og_locale":"es_MX","og_type":"article","og_title":"56\u00aa Muestra Internacional de Cine en Cineteca Alameda","og_description":"Encuentra aqu\u00ed toda la cartelera oficial para la 56\u00aa Muestra Internacional de Cine en la Cineteca Alameda","og_url":"https:\/\/kalot.com.mx\/site\/2014\/05\/17\/56a-muestra-internacional-de-cine-en-la-cineteca-alameda-cartelera\/","og_site_name":"Kalot","article_publisher":"http:\/\/facebook.com\/mxkalot","article_author":"https:\/\/www.facebook.com\/don.capu","article_published_time":"2014-05-17T05:42:54+00:00","article_modified_time":"2014-05-17T05:45:33+00:00","og_image":[{"width":1000,"height":618,"url":"https:\/\/i0.wp.com\/kalot.com.mx\/site\/wp-content\/uploads\/2014\/05\/EDIT2.jpg?fit=1000%2C618&ssl=1","type":"image\/jpeg"}],"author":"Omar Herrera","twitter_card":"summary_large_image","twitter_creator":"@thedoncapu","twitter_site":"@kalotmx","twitter_misc":{"Escrito por":"Omar Herrera","Tiempo de lectura":"6 minutos"},"schema":{"@context":"https:\/\/schema.org","@graph":[{"@type":"Article","@id":"https:\/\/kalot.com.mx\/site\/2014\/05\/17\/56a-muestra-internacional-de-cine-en-la-cineteca-alameda-cartelera\/#article","isPartOf":{"@id":"https:\/\/kalot.com.mx\/site\/2014\/05\/17\/56a-muestra-internacional-de-cine-en-la-cineteca-alameda-cartelera\/"},"author":{"name":"Omar Herrera","@id":"https:\/\/kalot.com.mx\/site\/#\/schema\/person\/1bf32c47ee15104d1e824350c07ac220"},"headline":"56\u00aa Muestra Internacional de Cine en la Cineteca Alameda [CARTELERA]","datePublished":"2014-05-17T05:42:54+00:00","dateModified":"2014-05-17T05:45:33+00:00","mainEntityOfPage":{"@id":"https:\/\/kalot.com.mx\/site\/2014\/05\/17\/56a-muestra-internacional-de-cine-en-la-cineteca-alameda-cartelera\/"},"wordCount":1289,"commentCount":16,"publisher":{"@id":"https:\/\/kalot.com.mx\/site\/#organization"},"image":{"@id":"https:\/\/kalot.com.mx\/site\/2014\/05\/17\/56a-muestra-internacional-de-cine-en-la-cineteca-alameda-cartelera\/#primaryimage"},"thumbnailUrl":"https:\/\/i0.wp.com\/kalot.com.mx\/site\/wp-content\/uploads\/2014\/05\/EDIT2.jpg?fit=1000%2C618&ssl=1","inLanguage":"es","potentialAction":[{"@type":"CommentAction","name":"Comment","target":["https:\/\/kalot.com.mx\/site\/2014\/05\/17\/56a-muestra-internacional-de-cine-en-la-cineteca-alameda-cartelera\/#respond"]}]},{"@type":"WebPage","@id":"https:\/\/kalot.com.mx\/site\/2014\/05\/17\/56a-muestra-internacional-de-cine-en-la-cineteca-alameda-cartelera\/","url":"https:\/\/kalot.com.mx\/site\/2014\/05\/17\/56a-muestra-internacional-de-cine-en-la-cineteca-alameda-cartelera\/","name":"56\u00aa Muestra Internacional de Cine en Cineteca Alameda","isPartOf":{"@id":"https:\/\/kalot.com.mx\/site\/#website"},"primaryImageOfPage":{"@id":"https:\/\/kalot.com.mx\/site\/2014\/05\/17\/56a-muestra-internacional-de-cine-en-la-cineteca-alameda-cartelera\/#primaryimage"},"image":{"@id":"https:\/\/kalot.com.mx\/site\/2014\/05\/17\/56a-muestra-internacional-de-cine-en-la-cineteca-alameda-cartelera\/#primaryimage"},"thumbnailUrl":"https:\/\/i0.wp.com\/kalot.com.mx\/site\/wp-content\/uploads\/2014\/05\/EDIT2.jpg?fit=1000%2C618&ssl=1","datePublished":"2014-05-17T05:42:54+00:00","dateModified":"2014-05-17T05:45:33+00:00","description":"Encuentra aqu\u00ed toda la cartelera oficial para la 56\u00aa Muestra Internacional de Cine en la Cineteca Alameda","breadcrumb":{"@id":"https:\/\/kalot.com.mx\/site\/2014\/05\/17\/56a-muestra-internacional-de-cine-en-la-cineteca-alameda-cartelera\/#breadcrumb"},"inLanguage":"es","potentialAction":[{"@type":"ReadAction","target":["https:\/\/kalot.com.mx\/site\/2014\/05\/17\/56a-muestra-internacional-de-cine-en-la-cineteca-alameda-cartelera\/"]}]},{"@type":"ImageObject","inLanguage":"es","@id":"https:\/\/kalot.com.mx\/site\/2014\/05\/17\/56a-muestra-internacional-de-cine-en-la-cineteca-alameda-cartelera\/#primaryimage","url":"https:\/\/i0.wp.com\/kalot.com.mx\/site\/wp-content\/uploads\/2014\/05\/EDIT2.jpg?fit=1000%2C618&ssl=1","contentUrl":"https:\/\/i0.wp.com\/kalot.com.mx\/site\/wp-content\/uploads\/2014\/05\/EDIT2.jpg?fit=1000%2C618&ssl=1","width":1000,"height":618},{"@type":"BreadcrumbList","@id":"https:\/\/kalot.com.mx\/site\/2014\/05\/17\/56a-muestra-internacional-de-cine-en-la-cineteca-alameda-cartelera\/#breadcrumb","itemListElement":[{"@type":"ListItem","position":1,"name":"Home","item":"https:\/\/kalot.com.mx\/site\/"},{"@type":"ListItem","position":2,"name":"56\u00aa Muestra Internacional de Cine en la Cineteca Alameda [CARTELERA]"}]},{"@type":"WebSite","@id":"https:\/\/kalot.com.mx\/site\/#website","url":"https:\/\/kalot.com.mx\/site\/","name":"Kalot","description":"Conoce Todo Sobre Todo","publisher":{"@id":"https:\/\/kalot.com.mx\/site\/#organization"},"potentialAction":[{"@type":"SearchAction","target":{"@type":"EntryPoint","urlTemplate":"https:\/\/kalot.com.mx\/site\/?s={search_term_string}"},"query-input":{"@type":"PropertyValueSpecification","valueRequired":true,"valueName":"search_term_string"}}],"inLanguage":"es"},{"@type":"Organization","@id":"https:\/\/kalot.com.mx\/site\/#organization","name":"Kalot","url":"https:\/\/kalot.com.mx\/site\/","logo":{"@type":"ImageObject","inLanguage":"es","@id":"https:\/\/kalot.com.mx\/site\/#\/schema\/logo\/image\/","url":"https:\/\/i0.wp.com\/kalot.com.mx\/site\/wp-content\/uploads\/2020\/04\/Kalot-logo-sin-tagline.png?fit=1707%2C1014&ssl=1","contentUrl":"https:\/\/i0.wp.com\/kalot.com.mx\/site\/wp-content\/uploads\/2020\/04\/Kalot-logo-sin-tagline.png?fit=1707%2C1014&ssl=1","width":1707,"height":1014,"caption":"Kalot"},"image":{"@id":"https:\/\/kalot.com.mx\/site\/#\/schema\/logo\/image\/"},"sameAs":["http:\/\/facebook.com\/mxkalot","https:\/\/x.com\/kalotmx","http:\/\/instagram.com\/kalotmx","http:\/\/pinterest.com\/jorgeerana\/kalot"]},{"@type":"Person","@id":"https:\/\/kalot.com.mx\/site\/#\/schema\/person\/1bf32c47ee15104d1e824350c07ac220","name":"Omar Herrera","image":{"@type":"ImageObject","inLanguage":"es","@id":"https:\/\/secure.gravatar.com\/avatar\/ae84de016d43d093bed40799c6d19430bc23d65401e1d68c9afab71da0688278?s=96&d=mm&r=g","url":"https:\/\/secure.gravatar.com\/avatar\/ae84de016d43d093bed40799c6d19430bc23d65401e1d68c9afab71da0688278?s=96&d=mm&r=g","contentUrl":"https:\/\/secure.gravatar.com\/avatar\/ae84de016d43d093bed40799c6d19430bc23d65401e1d68c9afab71da0688278?s=96&d=mm&r=g","caption":"Omar Herrera"},"description":"Si mi vida se resumiera en una pel\u00edcula, ser\u00eda en una dirigida por Woody Allen. Licenciado en Ciencias y T\u00e9cnicas de la Comunicaci\u00f3n.","sameAs":["http:\/\/www.linkedin.com\/pub\/omar-vargas-herrera\/8a\/792\/288","https:\/\/www.facebook.com\/don.capu","https:\/\/x.com\/thedoncapu"],"url":"https:\/\/kalot.com.mx\/site\/author\/doncapu\/"}]}},"jetpack_publicize_connections":[],"jetpack_featured_media_url":"https:\/\/i0.wp.com\/kalot.com.mx\/site\/wp-content\/uploads\/2014\/05\/EDIT2.jpg?fit=1000%2C618&ssl=1","jetpack_shortlink":"https:\/\/wp.me\/p6IHEI-4bB","jetpack-related-posts":[{"id":21409,"url":"https:\/\/kalot.com.mx\/site\/2015\/05\/05\/58-muestra-internacional-de-cine-en-la-cineteca-alameda\/","url_meta":{"origin":16095,"position":0},"title":"58 Muestra Internacional de Cine en la Cineteca Alameda","author":"Omar Herrera","date":"5 mayo, 2015","format":false,"excerpt":"Cineteca Alameda se engalana durante el mes de mayo con la 58 Muestra Internacional de Cine, cuya edici\u00f3n primaveral de este 2015 viene con 14 pel\u00edculas procedentes de Grecia, Israel, Hungr\u00eda, Italia, M\u00e9xico, Espa\u00f1a, Francia, Canad\u00e1, entre otros pa\u00edses. El programa arranca el 4 de mayo e incluye t\u00edtulos como\u2026","rel":"","context":"Entrada similar ","block_context":{"text":"Entrada similar ","link":""},"img":{"alt_text":"","src":"https:\/\/i0.wp.com\/kalot.com.mx\/site\/wp-content\/uploads\/2015\/05\/58-muestra-internacional-de-cine.jpg?fit=590%2C301&ssl=1&resize=350%2C200","width":350,"height":200,"srcset":"https:\/\/i0.wp.com\/kalot.com.mx\/site\/wp-content\/uploads\/2015\/05\/58-muestra-internacional-de-cine.jpg?fit=590%2C301&ssl=1&resize=350%2C200 1x, https:\/\/i0.wp.com\/kalot.com.mx\/site\/wp-content\/uploads\/2015\/05\/58-muestra-internacional-de-cine.jpg?fit=590%2C301&ssl=1&resize=525%2C300 1.5x"},"classes":[]},{"id":21863,"url":"https:\/\/kalot.com.mx\/site\/2015\/06\/22\/ciclo-chavos-pendejos-y-garotos-en-cineteca-alameda\/","url_meta":{"origin":16095,"position":1},"title":"Ciclo &#8220;Chavos, Pendejos y Garotos&#8221; en Cineteca Alameda","author":"Omar Herrera","date":"22 junio, 2015","format":false,"excerpt":"Cineteca Alameda ofrece una mirada actual al cine juvenil y latinoamericano con el ciclo Chavos, Pendejos y Garotos, ciclo que desde su nombre hace referencia a la forma de dirigirse a la juventud en los tres pa\u00edses que forman parte de esta selecci\u00f3n: M\u00e9xico, Argentina y Brasil. Del 22 al\u2026","rel":"","context":"Entrada similar ","block_context":{"text":"Entrada similar ","link":""},"img":{"alt_text":"Chavos, pendejos y garotos","src":"https:\/\/i0.wp.com\/www.kalot.com.mx\/wp-content\/uploads\/2015\/06\/Chavos-pendejos-y-garotos.png?resize=350%2C200","width":350,"height":200,"srcset":"https:\/\/i0.wp.com\/www.kalot.com.mx\/wp-content\/uploads\/2015\/06\/Chavos-pendejos-y-garotos.png?resize=350%2C200 1x, https:\/\/i0.wp.com\/www.kalot.com.mx\/wp-content\/uploads\/2015\/06\/Chavos-pendejos-y-garotos.png?resize=525%2C300 1.5x"},"classes":[]},{"id":13574,"url":"https:\/\/kalot.com.mx\/site\/2014\/03\/18\/semana-de-cine-erotico-clasico-en-la-cineteca-alameda\/","url_meta":{"origin":16095,"position":2},"title":"Semana de Cine Er\u00f3tico Cl\u00e1sico en la Cineteca Alameda","author":"Omar Herrera","date":"18 marzo, 2014","format":false,"excerpt":"Cineteca Alameda presenta la Semana de Cine Er\u00f3tico Cl\u00e1sico, donde a lo largo de siete d\u00edas se presentan en pantalla siete pel\u00edculas diferentes que abordan el tema del erotismo visto desde la lente de diversos directores y pa\u00edses. En esta semana, que inici\u00f3 desde el lunes 17 y culminar\u00e1 el\u2026","rel":"","context":"En &quot;Sin categor\u00eda&quot;","block_context":{"text":"Sin categor\u00eda","link":"https:\/\/kalot.com.mx\/site\/category\/sin-categoria\/"},"img":{"alt_text":"","src":"https:\/\/i0.wp.com\/kalot.com.mx\/site\/wp-content\/uploads\/2014\/03\/cine-erotico_web.jpg?fit=567%2C851&ssl=1&resize=350%2C200","width":350,"height":200,"srcset":"https:\/\/i0.wp.com\/kalot.com.mx\/site\/wp-content\/uploads\/2014\/03\/cine-erotico_web.jpg?fit=567%2C851&ssl=1&resize=350%2C200 1x, https:\/\/i0.wp.com\/kalot.com.mx\/site\/wp-content\/uploads\/2014\/03\/cine-erotico_web.jpg?fit=567%2C851&ssl=1&resize=525%2C300 1.5x"},"classes":[]},{"id":22415,"url":"https:\/\/kalot.com.mx\/site\/2015\/07\/21\/ciclo-8-fantasticas-cine-sci-fi-en-cineteca-alameda-boletos-gratis\/","url_meta":{"origin":16095,"position":3},"title":"Ciclo 8 Fant\u00e1sticas Cine Sci-Fi en Cineteca Alameda (+Boletos gratis)","author":"Omar Herrera","date":"21 julio, 2015","format":false,"excerpt":"Desde el 19 y hasta el 25 de julio la Cineteca Alameda (Av. Universidad #575) estar\u00e1 proyectando un ciclo que desde hace ya un tiempo los cin\u00e9filos potosinos estaban pidiendo con ansias. La ciencia ficci\u00f3n resulta ser uno de los g\u00e9neros m\u00e1s queridos por la audiencia; esto sea quiz\u00e1s por\u2026","rel":"","context":"Con 16 comentarios","block_context":{"text":"Con 16 comentarios","link":"https:\/\/kalot.com.mx\/site\/2015\/07\/21\/ciclo-8-fantasticas-cine-sci-fi-en-cineteca-alameda-boletos-gratis\/#comments"},"img":{"alt_text":"","src":"https:\/\/i0.wp.com\/kalot.com.mx\/site\/wp-content\/uploads\/2015\/07\/11227534_841106705965206_8947656212761361688_o.jpg?fit=1200%2C599&ssl=1&resize=350%2C200","width":350,"height":200,"srcset":"https:\/\/i0.wp.com\/kalot.com.mx\/site\/wp-content\/uploads\/2015\/07\/11227534_841106705965206_8947656212761361688_o.jpg?fit=1200%2C599&ssl=1&resize=350%2C200 1x, https:\/\/i0.wp.com\/kalot.com.mx\/site\/wp-content\/uploads\/2015\/07\/11227534_841106705965206_8947656212761361688_o.jpg?fit=1200%2C599&ssl=1&resize=525%2C300 1.5x, https:\/\/i0.wp.com\/kalot.com.mx\/site\/wp-content\/uploads\/2015\/07\/11227534_841106705965206_8947656212761361688_o.jpg?fit=1200%2C599&ssl=1&resize=700%2C400 2x, https:\/\/i0.wp.com\/kalot.com.mx\/site\/wp-content\/uploads\/2015\/07\/11227534_841106705965206_8947656212761361688_o.jpg?fit=1200%2C599&ssl=1&resize=1050%2C600 3x"},"classes":[]},{"id":13991,"url":"https:\/\/kalot.com.mx\/site\/2014\/03\/26\/de-tal-padre-tal-hijo-en-la-cineteca-alameda-estreno-exclusivo\/","url_meta":{"origin":16095,"position":4},"title":"De tal padre, tal hijo en la Cineteca Alameda [ESTRENO EXCLUSIVO]","author":"Omar Herrera","date":"26 marzo, 2014","format":false,"excerpt":"Nominada a la Palma de oro y ganadora del Premio del Jurado en\u00a0la pasada edici\u00f3n del Festival de Cannes y Premio del P\u00fablico en la \u00faltima edici\u00f3n del Festival de San Sebasti\u00e1n,\u00a0y\u00a0protagonizada por Fukuyama Masaharu,\u00a0Lily Franky, Maki Y\u014dko y Ono Machiko.\u00a0De tal padre, tal hijo se estrenar\u00e1 en Cineteca Alameda\u2026","rel":"","context":"En &quot;Sin categor\u00eda&quot;","block_context":{"text":"Sin categor\u00eda","link":"https:\/\/kalot.com.mx\/site\/category\/sin-categoria\/"},"img":{"alt_text":"","src":"https:\/\/i0.wp.com\/kalot.com.mx\/site\/wp-content\/uploads\/2014\/03\/img_00.jpg?fit=1200%2C985&ssl=1&resize=350%2C200","width":350,"height":200,"srcset":"https:\/\/i0.wp.com\/kalot.com.mx\/site\/wp-content\/uploads\/2014\/03\/img_00.jpg?fit=1200%2C985&ssl=1&resize=350%2C200 1x, https:\/\/i0.wp.com\/kalot.com.mx\/site\/wp-content\/uploads\/2014\/03\/img_00.jpg?fit=1200%2C985&ssl=1&resize=525%2C300 1.5x, https:\/\/i0.wp.com\/kalot.com.mx\/site\/wp-content\/uploads\/2014\/03\/img_00.jpg?fit=1200%2C985&ssl=1&resize=700%2C400 2x, https:\/\/i0.wp.com\/kalot.com.mx\/site\/wp-content\/uploads\/2014\/03\/img_00.jpg?fit=1200%2C985&ssl=1&resize=1050%2C600 3x"},"classes":[]},{"id":2082,"url":"https:\/\/kalot.com.mx\/site\/2013\/09\/20\/octubre-mes-del-rodandofilmfestival\/","url_meta":{"origin":16095,"position":5},"title":"Octubre, mes del #RodandoFilmFestival","author":"Misael Gallegos","date":"20 septiembre, 2013","format":false,"excerpt":"Regresa uno de los festivales m\u00e1s importantes de cine en la ciudad de San Luis Potos\u00ed en su tercera edici\u00f3n y se llevar\u00e1 a cabo del d\u00eda 18 al 26 de octubre en diferentes sedes de la ciudad y como principal la ic\u00f3nica \u201cCineteca alameda\u201d. Rodando Film Festival aparte de\u2026","rel":"","context":"Con 1 comentario","block_context":{"text":"Con 1 comentario","link":"https:\/\/kalot.com.mx\/site\/2013\/09\/20\/octubre-mes-del-rodandofilmfestival\/#comments"},"img":{"alt_text":"","src":"https:\/\/i0.wp.com\/kalot.com.mx\/site\/wp-content\/uploads\/2013\/09\/1185261_603953849656424_490516882_n.jpg?fit=960%2C357&ssl=1&resize=350%2C200","width":350,"height":200,"srcset":"https:\/\/i0.wp.com\/kalot.com.mx\/site\/wp-content\/uploads\/2013\/09\/1185261_603953849656424_490516882_n.jpg?fit=960%2C357&ssl=1&resize=350%2C200 1x, https:\/\/i0.wp.com\/kalot.com.mx\/site\/wp-content\/uploads\/2013\/09\/1185261_603953849656424_490516882_n.jpg?fit=960%2C357&ssl=1&resize=525%2C300 1.5x, https:\/\/i0.wp.com\/kalot.com.mx\/site\/wp-content\/uploads\/2013\/09\/1185261_603953849656424_490516882_n.jpg?fit=960%2C357&ssl=1&resize=700%2C400 2x"},"classes":[]}],"jetpack_sharing_enabled":true,"_links":{"self":[{"href":"https:\/\/kalot.com.mx\/site\/wp-json\/wp\/v2\/posts\/16095","targetHints":{"allow":["GET"]}}],"collection":[{"href":"https:\/\/kalot.com.mx\/site\/wp-json\/wp\/v2\/posts"}],"about":[{"href":"https:\/\/kalot.com.mx\/site\/wp-json\/wp\/v2\/types\/post"}],"author":[{"embeddable":true,"href":"https:\/\/kalot.com.mx\/site\/wp-json\/wp\/v2\/users\/18"}],"replies":[{"embeddable":true,"href":"https:\/\/kalot.com.mx\/site\/wp-json\/wp\/v2\/comments?post=16095"}],"version-history":[{"count":0,"href":"https:\/\/kalot.com.mx\/site\/wp-json\/wp\/v2\/posts\/16095\/revisions"}],"wp:featuredmedia":[{"embeddable":true,"href":"https:\/\/kalot.com.mx\/site\/wp-json\/wp\/v2\/media\/16098"}],"wp:attachment":[{"href":"https:\/\/kalot.com.mx\/site\/wp-json\/wp\/v2\/media?parent=16095"}],"wp:term":[{"taxonomy":"category","embeddable":true,"href":"https:\/\/kalot.com.mx\/site\/wp-json\/wp\/v2\/categories?post=16095"},{"taxonomy":"post_tag","embeddable":true,"href":"https:\/\/kalot.com.mx\/site\/wp-json\/wp\/v2\/tags?post=16095"}],"curies":[{"name":"wp","href":"https:\/\/api.w.org\/{rel}","templated":true}]}}