{"id":16025,"date":"2014-05-15T06:40:14","date_gmt":"2014-05-15T11:40:14","guid":{"rendered":"http:\/\/www.kalot.com.mx\/?p=16025"},"modified":"2014-05-15T10:15:34","modified_gmt":"2014-05-15T15:15:34","slug":"quien-dijo-que-era-malo-llorar","status":"publish","type":"post","link":"https:\/\/kalot.com.mx\/site\/2014\/05\/15\/quien-dijo-que-era-malo-llorar\/","title":{"rendered":"\u00bfQui\u00e9n dijo que era malo llorar?"},"content":{"rendered":"<p style=\"text-align: justify\"><strong>\u00bfQui\u00e9n dijo que era malo llorar? <\/strong>Este es el nombre de uno de los cortometrajes que participar\u00e1n para el <em>\u201cGuanajuato International Film Festival\u201d<\/em> o <em>GIFF<\/em> para el VI Rally Universitario. A palabras del propio GIFF:<\/p>\n<blockquote><p>Se presentaron los 9 equipos que participar\u00e1n en el VI Rally Universitario \u201cGIFF\u201d 2014, este concurso, que naci\u00f3 dentro de las actividades del Festival Internacional de Cine Guanajuato, se ha convertido en un gran motor para la promoci\u00f3n y formaci\u00f3n del quehacer audiovisual. La mec\u00e1nica ha sido convocar a todas las universidades del pa\u00eds para enviar el gui\u00f3n de un cortometraje a realizar en la ciudad de Guanajuato en 48 horas.<\/p><\/blockquote>\n<p style=\"text-align: justify\">Los cortometrajes por su parte ser\u00e1n filmados del 30 de julio al 1\u00ba de agosto durante el festival y ser\u00e1n proyectados el primer d\u00eda de agosto. Es un trabajo un tanto pesado pero es gratificante para todos y cada uno de los participantes el llevarlo a cabo, ahora hablaremos un poco de los creadores de \u00bfQui\u00e9n dijo que era malo llorar? y de sus integrantes.<\/p>\n<div class=\"tiled-gallery type-circle tiled-gallery-unresized\" data-original-width=\"1200\" data-carousel-extra='{&quot;blog_id&quot;:1,&quot;permalink&quot;:&quot;https:\\\/\\\/kalot.com.mx\\\/site\\\/2014\\\/05\\\/15\\\/quien-dijo-que-era-malo-llorar\\\/&quot;,&quot;likes_blog_id&quot;:99312264}' itemscope itemtype=\"http:\/\/schema.org\/ImageGallery\" > <div class=\"gallery-row\" style=\"width: 1200px; height: 1200px;\" data-original-width=\"1200\" data-original-height=\"1200\" > <div class=\"gallery-group\" style=\"width: 1200px; height: 1200px;\" data-original-width=\"1200\" data-original-height=\"1200\" > <div class=\"tiled-gallery-item \" itemprop=\"associatedMedia\" itemscope itemtype=\"http:\/\/schema.org\/ImageObject\"> <a href=\"https:\/\/kalot.com.mx\/site\/2014\/05\/15\/quien-dijo-que-era-malo-llorar\/crew-0001\/\" border=\"0\" itemprop=\"url\"> <meta itemprop=\"width\" content=\"1196\"> <meta itemprop=\"height\" content=\"1196\"> <img loading=\"lazy\" decoding=\"async\" class=\"\" data-attachment-id=\"16029\" data-orig-file=\"https:\/\/kalot.com.mx\/site\/wp-content\/uploads\/2014\/05\/Crew-0001.jpg\" data-orig-size=\"900,600\" data-comments-opened=\"1\" data-image-meta=\"{&quot;aperture&quot;:&quot;2.8&quot;,&quot;credit&quot;:&quot;&quot;,&quot;camera&quot;:&quot;Canon EOS 6D&quot;,&quot;caption&quot;:&quot;&quot;,&quot;created_timestamp&quot;:&quot;1399793097&quot;,&quot;copyright&quot;:&quot;&quot;,&quot;focal_length&quot;:&quot;50&quot;,&quot;iso&quot;:&quot;6400&quot;,&quot;shutter_speed&quot;:&quot;0.004&quot;,&quot;title&quot;:&quot;&quot;,&quot;orientation&quot;:&quot;0&quot;}\" data-image-title=\"Crew-0001\" data-image-description=\"\" data-medium-file=\"https:\/\/i0.wp.com\/kalot.com.mx\/site\/wp-content\/uploads\/2014\/05\/Crew-0001.jpg?fit=300%2C200&ssl=1\" data-large-file=\"https:\/\/i0.wp.com\/kalot.com.mx\/site\/wp-content\/uploads\/2014\/05\/Crew-0001.jpg?fit=900%2C600&ssl=1\" src=\"https:\/\/i0.wp.com\/kalot.com.mx\/site\/wp-content\/uploads\/2014\/05\/Crew-0001.jpg?w=1196&h=1196&crop=1&ssl=1\" srcset=\"https:\/\/i0.wp.com\/kalot.com.mx\/site\/wp-content\/uploads\/2014\/05\/Crew-0001.jpg?resize=80%2C80&ssl=1 80w, https:\/\/i0.wp.com\/kalot.com.mx\/site\/wp-content\/uploads\/2014\/05\/Crew-0001.jpg?resize=110%2C110&ssl=1 110w, https:\/\/i0.wp.com\/kalot.com.mx\/site\/wp-content\/uploads\/2014\/05\/Crew-0001.jpg?resize=150%2C150&ssl=1 150w\" width=\"1196\" height=\"1196\" loading=\"lazy\" data-original-width=\"1196\" data-original-height=\"1196\" itemprop=\"http:\/\/schema.org\/image\" title=\"Crew-0001\" alt=\"Daniel Correa\" style=\"width: 1196px; height: 1196px;\" \/> <\/a> <div class=\"tiled-gallery-caption\" itemprop=\"caption description\"> Daniel Correa <\/div> <\/div> <\/div> <\/div> <div class=\"gallery-row\" style=\"width: 1200px; height: 400px;\" data-original-width=\"1200\" data-original-height=\"400\" > <div class=\"gallery-group\" style=\"width: 400px; height: 400px;\" data-original-width=\"400\" data-original-height=\"400\" > <div class=\"tiled-gallery-item \" itemprop=\"associatedMedia\" itemscope itemtype=\"http:\/\/schema.org\/ImageObject\"> <a href=\"https:\/\/kalot.com.mx\/site\/2014\/05\/15\/quien-dijo-que-era-malo-llorar\/crew-0028\/\" border=\"0\" itemprop=\"url\"> <meta itemprop=\"width\" content=\"396\"> <meta itemprop=\"height\" content=\"396\"> <img loading=\"lazy\" decoding=\"async\" class=\"\" data-attachment-id=\"16030\" data-orig-file=\"https:\/\/kalot.com.mx\/site\/wp-content\/uploads\/2014\/05\/Crew-0028.jpg\" data-orig-size=\"900,600\" data-comments-opened=\"1\" data-image-meta=\"{&quot;aperture&quot;:&quot;2.8&quot;,&quot;credit&quot;:&quot;&quot;,&quot;camera&quot;:&quot;Canon EOS 6D&quot;,&quot;caption&quot;:&quot;&quot;,&quot;created_timestamp&quot;:&quot;1399827660&quot;,&quot;copyright&quot;:&quot;&quot;,&quot;focal_length&quot;:&quot;50&quot;,&quot;iso&quot;:&quot;160&quot;,&quot;shutter_speed&quot;:&quot;0.005&quot;,&quot;title&quot;:&quot;&quot;,&quot;orientation&quot;:&quot;0&quot;}\" data-image-title=\"Crew-0028\" data-image-description=\"\" data-medium-file=\"https:\/\/i0.wp.com\/kalot.com.mx\/site\/wp-content\/uploads\/2014\/05\/Crew-0028.jpg?fit=300%2C200&ssl=1\" data-large-file=\"https:\/\/i0.wp.com\/kalot.com.mx\/site\/wp-content\/uploads\/2014\/05\/Crew-0028.jpg?fit=900%2C600&ssl=1\" src=\"https:\/\/i0.wp.com\/kalot.com.mx\/site\/wp-content\/uploads\/2014\/05\/Crew-0028.jpg?w=396&h=396&crop=1&ssl=1\" srcset=\"https:\/\/i0.wp.com\/kalot.com.mx\/site\/wp-content\/uploads\/2014\/05\/Crew-0028.jpg?resize=80%2C80&ssl=1 80w, https:\/\/i0.wp.com\/kalot.com.mx\/site\/wp-content\/uploads\/2014\/05\/Crew-0028.jpg?resize=110%2C110&ssl=1 110w, https:\/\/i0.wp.com\/kalot.com.mx\/site\/wp-content\/uploads\/2014\/05\/Crew-0028.jpg?resize=150%2C150&ssl=1 150w, https:\/\/i0.wp.com\/kalot.com.mx\/site\/wp-content\/uploads\/2014\/05\/Crew-0028.jpg?zoom=2&resize=396%2C396&ssl=1 792w\" width=\"396\" height=\"396\" loading=\"lazy\" data-original-width=\"396\" data-original-height=\"396\" itemprop=\"http:\/\/schema.org\/image\" title=\"Crew-0028\" alt=\"Alejandra Guerrero\" style=\"width: 396px; height: 396px;\" \/> <\/a> <div class=\"tiled-gallery-caption\" itemprop=\"caption description\"> Alejandra Guerrero <\/div> <\/div> <\/div> <div class=\"gallery-group\" style=\"width: 400px; height: 400px;\" data-original-width=\"400\" data-original-height=\"400\" > <div class=\"tiled-gallery-item \" itemprop=\"associatedMedia\" itemscope itemtype=\"http:\/\/schema.org\/ImageObject\"> <a href=\"https:\/\/kalot.com.mx\/site\/2014\/05\/15\/quien-dijo-que-era-malo-llorar\/dsc_7834\/\" border=\"0\" itemprop=\"url\"> <meta itemprop=\"width\" content=\"396\"> <meta itemprop=\"height\" content=\"396\"> <img loading=\"lazy\" decoding=\"async\" class=\"\" data-attachment-id=\"16031\" data-orig-file=\"https:\/\/kalot.com.mx\/site\/wp-content\/uploads\/2014\/05\/DSC_7834-scaled.jpg\" data-orig-size=\"1696,2560\" data-comments-opened=\"1\" data-image-meta=\"{&quot;aperture&quot;:&quot;7.1&quot;,&quot;credit&quot;:&quot;&quot;,&quot;camera&quot;:&quot;NIKON D7000&quot;,&quot;caption&quot;:&quot;&quot;,&quot;created_timestamp&quot;:&quot;1311887330&quot;,&quot;copyright&quot;:&quot;&quot;,&quot;focal_length&quot;:&quot;50&quot;,&quot;iso&quot;:&quot;200&quot;,&quot;shutter_speed&quot;:&quot;0.005&quot;,&quot;title&quot;:&quot;&quot;,&quot;orientation&quot;:&quot;1&quot;}\" data-image-title=\"DSC_7834\" data-image-description=\"\" data-medium-file=\"https:\/\/i0.wp.com\/kalot.com.mx\/site\/wp-content\/uploads\/2014\/05\/DSC_7834-scaled.jpg?fit=1696%2C2560&ssl=1\" data-large-file=\"https:\/\/i0.wp.com\/kalot.com.mx\/site\/wp-content\/uploads\/2014\/05\/DSC_7834-scaled.jpg?fit=1696%2C2560&ssl=1\" src=\"https:\/\/i0.wp.com\/kalot.com.mx\/site\/wp-content\/uploads\/2014\/05\/DSC_7834-scaled.jpg?w=396&h=396&crop=1&ssl=1\" srcset=\"https:\/\/i0.wp.com\/kalot.com.mx\/site\/wp-content\/uploads\/2014\/05\/DSC_7834-scaled.jpg?resize=80%2C80&ssl=1 80w, https:\/\/i0.wp.com\/kalot.com.mx\/site\/wp-content\/uploads\/2014\/05\/DSC_7834-scaled.jpg?resize=110%2C110&ssl=1 110w, https:\/\/i0.wp.com\/kalot.com.mx\/site\/wp-content\/uploads\/2014\/05\/DSC_7834-scaled.jpg?zoom=2&resize=396%2C396&ssl=1 792w, https:\/\/i0.wp.com\/kalot.com.mx\/site\/wp-content\/uploads\/2014\/05\/DSC_7834-scaled.jpg?zoom=3&resize=396%2C396&ssl=1 1188w\" width=\"396\" height=\"396\" loading=\"lazy\" data-original-width=\"396\" data-original-height=\"396\" itemprop=\"http:\/\/schema.org\/image\" title=\"DSC_7834\" alt=\"Daniela Mor\u00e1n\" style=\"width: 396px; height: 396px;\" \/> <\/a> <div class=\"tiled-gallery-caption\" itemprop=\"caption description\"> Daniela Mor\u00e1n <\/div> <\/div> <\/div> <div class=\"gallery-group\" style=\"width: 400px; height: 400px;\" data-original-width=\"400\" data-original-height=\"400\" > <div class=\"tiled-gallery-item \" itemprop=\"associatedMedia\" itemscope itemtype=\"http:\/\/schema.org\/ImageObject\"> <a href=\"https:\/\/kalot.com.mx\/site\/2014\/05\/15\/quien-dijo-que-era-malo-llorar\/dsc_7858\/\" border=\"0\" itemprop=\"url\"> <meta itemprop=\"width\" content=\"396\"> <meta itemprop=\"height\" content=\"396\"> <img loading=\"lazy\" decoding=\"async\" class=\"\" data-attachment-id=\"16032\" data-orig-file=\"https:\/\/kalot.com.mx\/site\/wp-content\/uploads\/2014\/05\/DSC_7858-scaled.jpg\" data-orig-size=\"2560,1695\" data-comments-opened=\"1\" data-image-meta=\"{&quot;aperture&quot;:&quot;6.3&quot;,&quot;credit&quot;:&quot;&quot;,&quot;camera&quot;:&quot;NIKON D7000&quot;,&quot;caption&quot;:&quot;&quot;,&quot;created_timestamp&quot;:&quot;1311887677&quot;,&quot;copyright&quot;:&quot;&quot;,&quot;focal_length&quot;:&quot;24&quot;,&quot;iso&quot;:&quot;200&quot;,&quot;shutter_speed&quot;:&quot;0.00625&quot;,&quot;title&quot;:&quot;&quot;,&quot;orientation&quot;:&quot;1&quot;}\" data-image-title=\"DSC_7858\" data-image-description=\"\" data-medium-file=\"https:\/\/i0.wp.com\/kalot.com.mx\/site\/wp-content\/uploads\/2014\/05\/DSC_7858-scaled.jpg?fit=300%2C198&ssl=1\" data-large-file=\"https:\/\/i0.wp.com\/kalot.com.mx\/site\/wp-content\/uploads\/2014\/05\/DSC_7858-scaled.jpg?fit=1024%2C677&ssl=1\" src=\"https:\/\/i0.wp.com\/kalot.com.mx\/site\/wp-content\/uploads\/2014\/05\/DSC_7858-scaled.jpg?w=396&h=396&crop=1&ssl=1\" srcset=\"https:\/\/i0.wp.com\/kalot.com.mx\/site\/wp-content\/uploads\/2014\/05\/DSC_7858-scaled.jpg?resize=80%2C80&ssl=1 80w, https:\/\/i0.wp.com\/kalot.com.mx\/site\/wp-content\/uploads\/2014\/05\/DSC_7858-scaled.jpg?resize=110%2C110&ssl=1 110w, https:\/\/i0.wp.com\/kalot.com.mx\/site\/wp-content\/uploads\/2014\/05\/DSC_7858-scaled.jpg?resize=150%2C150&ssl=1 150w, https:\/\/i0.wp.com\/kalot.com.mx\/site\/wp-content\/uploads\/2014\/05\/DSC_7858-scaled.jpg?zoom=2&resize=396%2C396&ssl=1 792w, https:\/\/i0.wp.com\/kalot.com.mx\/site\/wp-content\/uploads\/2014\/05\/DSC_7858-scaled.jpg?zoom=3&resize=396%2C396&ssl=1 1188w\" width=\"396\" height=\"396\" loading=\"lazy\" data-original-width=\"396\" data-original-height=\"396\" itemprop=\"http:\/\/schema.org\/image\" title=\"DSC_7858\" alt=\"Gabriela Vega\" style=\"width: 396px; height: 396px;\" \/> <\/a> <div class=\"tiled-gallery-caption\" itemprop=\"caption description\"> Gabriela Vega <\/div> <\/div> <\/div> <\/div> <div class=\"gallery-row\" style=\"width: 1200px; height: 400px;\" data-original-width=\"1200\" data-original-height=\"400\" > <div class=\"gallery-group\" style=\"width: 400px; height: 400px;\" data-original-width=\"400\" data-original-height=\"400\" > <div class=\"tiled-gallery-item \" itemprop=\"associatedMedia\" itemscope itemtype=\"http:\/\/schema.org\/ImageObject\"> <a href=\"https:\/\/kalot.com.mx\/site\/2014\/05\/15\/quien-dijo-que-era-malo-llorar\/dsc_7864\/\" border=\"0\" itemprop=\"url\"> <meta itemprop=\"width\" content=\"396\"> <meta itemprop=\"height\" content=\"396\"> <img loading=\"lazy\" decoding=\"async\" class=\"\" data-attachment-id=\"16033\" data-orig-file=\"https:\/\/kalot.com.mx\/site\/wp-content\/uploads\/2014\/05\/DSC_7864-scaled.jpg\" data-orig-size=\"1696,2560\" data-comments-opened=\"1\" data-image-meta=\"{&quot;aperture&quot;:&quot;5.6&quot;,&quot;credit&quot;:&quot;&quot;,&quot;camera&quot;:&quot;NIKON D7000&quot;,&quot;caption&quot;:&quot;&quot;,&quot;created_timestamp&quot;:&quot;1311887920&quot;,&quot;copyright&quot;:&quot;&quot;,&quot;focal_length&quot;:&quot;48&quot;,&quot;iso&quot;:&quot;200&quot;,&quot;shutter_speed&quot;:&quot;0.008&quot;,&quot;title&quot;:&quot;&quot;,&quot;orientation&quot;:&quot;1&quot;}\" data-image-title=\"DSC_7864\" data-image-description=\"\" data-medium-file=\"https:\/\/i0.wp.com\/kalot.com.mx\/site\/wp-content\/uploads\/2014\/05\/DSC_7864-scaled.jpg?fit=1696%2C2560&ssl=1\" data-large-file=\"https:\/\/i0.wp.com\/kalot.com.mx\/site\/wp-content\/uploads\/2014\/05\/DSC_7864-scaled.jpg?fit=1696%2C2560&ssl=1\" src=\"https:\/\/i0.wp.com\/kalot.com.mx\/site\/wp-content\/uploads\/2014\/05\/DSC_7864-scaled.jpg?w=396&h=396&crop=1&ssl=1\" srcset=\"https:\/\/i0.wp.com\/kalot.com.mx\/site\/wp-content\/uploads\/2014\/05\/DSC_7864-scaled.jpg?resize=80%2C80&ssl=1 80w, https:\/\/i0.wp.com\/kalot.com.mx\/site\/wp-content\/uploads\/2014\/05\/DSC_7864-scaled.jpg?resize=110%2C110&ssl=1 110w, https:\/\/i0.wp.com\/kalot.com.mx\/site\/wp-content\/uploads\/2014\/05\/DSC_7864-scaled.jpg?zoom=2&resize=396%2C396&ssl=1 792w, https:\/\/i0.wp.com\/kalot.com.mx\/site\/wp-content\/uploads\/2014\/05\/DSC_7864-scaled.jpg?zoom=3&resize=396%2C396&ssl=1 1188w\" width=\"396\" height=\"396\" loading=\"lazy\" data-original-width=\"396\" data-original-height=\"396\" itemprop=\"http:\/\/schema.org\/image\" title=\"DSC_7864\" alt=\"Andrea Hurtado\" style=\"width: 396px; height: 396px;\" \/> <\/a> <div class=\"tiled-gallery-caption\" itemprop=\"caption description\"> Andrea Hurtado <\/div> <\/div> <\/div> <div class=\"gallery-group\" style=\"width: 400px; height: 400px;\" data-original-width=\"400\" data-original-height=\"400\" > <div class=\"tiled-gallery-item \" itemprop=\"associatedMedia\" itemscope itemtype=\"http:\/\/schema.org\/ImageObject\"> <a href=\"https:\/\/kalot.com.mx\/site\/2014\/05\/15\/quien-dijo-que-era-malo-llorar\/rueda-de-prensa-0072\/\" border=\"0\" itemprop=\"url\"> <meta itemprop=\"width\" content=\"396\"> <meta itemprop=\"height\" content=\"396\"> <img loading=\"lazy\" decoding=\"async\" class=\"\" data-attachment-id=\"16034\" data-orig-file=\"https:\/\/kalot.com.mx\/site\/wp-content\/uploads\/2014\/05\/Rueda-de-Prensa-0072.jpg\" data-orig-size=\"900,600\" data-comments-opened=\"1\" data-image-meta=\"{&quot;aperture&quot;:&quot;4&quot;,&quot;credit&quot;:&quot;&quot;,&quot;camera&quot;:&quot;Canon EOS 6D&quot;,&quot;caption&quot;:&quot;&quot;,&quot;created_timestamp&quot;:&quot;1399542893&quot;,&quot;copyright&quot;:&quot;&quot;,&quot;focal_length&quot;:&quot;50&quot;,&quot;iso&quot;:&quot;1600&quot;,&quot;shutter_speed&quot;:&quot;0.008&quot;,&quot;title&quot;:&quot;&quot;,&quot;orientation&quot;:&quot;0&quot;}\" data-image-title=\"Rueda de Prensa-0072\" data-image-description=\"\" data-medium-file=\"https:\/\/i0.wp.com\/kalot.com.mx\/site\/wp-content\/uploads\/2014\/05\/Rueda-de-Prensa-0072.jpg?fit=300%2C200&ssl=1\" data-large-file=\"https:\/\/i0.wp.com\/kalot.com.mx\/site\/wp-content\/uploads\/2014\/05\/Rueda-de-Prensa-0072.jpg?fit=900%2C600&ssl=1\" src=\"https:\/\/i0.wp.com\/kalot.com.mx\/site\/wp-content\/uploads\/2014\/05\/Rueda-de-Prensa-0072.jpg?w=396&h=396&crop=1&ssl=1\" srcset=\"https:\/\/i0.wp.com\/kalot.com.mx\/site\/wp-content\/uploads\/2014\/05\/Rueda-de-Prensa-0072.jpg?resize=80%2C80&ssl=1 80w, https:\/\/i0.wp.com\/kalot.com.mx\/site\/wp-content\/uploads\/2014\/05\/Rueda-de-Prensa-0072.jpg?resize=110%2C110&ssl=1 110w, https:\/\/i0.wp.com\/kalot.com.mx\/site\/wp-content\/uploads\/2014\/05\/Rueda-de-Prensa-0072.jpg?resize=150%2C150&ssl=1 150w, https:\/\/i0.wp.com\/kalot.com.mx\/site\/wp-content\/uploads\/2014\/05\/Rueda-de-Prensa-0072.jpg?zoom=2&resize=396%2C396&ssl=1 792w\" width=\"396\" height=\"396\" loading=\"lazy\" data-original-width=\"396\" data-original-height=\"396\" itemprop=\"http:\/\/schema.org\/image\" title=\"Rueda de Prensa-0072\" alt=\"Jos\u00e9 Pablo D\u00edaz de Le\u00f3n\" style=\"width: 396px; height: 396px;\" \/> <\/a> <div class=\"tiled-gallery-caption\" itemprop=\"caption description\"> Jos\u00e9 Pablo D\u00edaz de Le\u00f3n <\/div> <\/div> <\/div> <div class=\"gallery-group\" style=\"width: 400px; height: 400px;\" data-original-width=\"400\" data-original-height=\"400\" > <div class=\"tiled-gallery-item \" itemprop=\"associatedMedia\" itemscope itemtype=\"http:\/\/schema.org\/ImageObject\"> <a href=\"https:\/\/kalot.com.mx\/site\/2014\/05\/15\/quien-dijo-que-era-malo-llorar\/dsc_7906\/\" border=\"0\" itemprop=\"url\"> <meta itemprop=\"width\" content=\"396\"> <meta itemprop=\"height\" content=\"396\"> <img loading=\"lazy\" decoding=\"async\" class=\"\" data-attachment-id=\"16035\" data-orig-file=\"https:\/\/kalot.com.mx\/site\/wp-content\/uploads\/2014\/05\/DSC_7906-scaled.jpg\" data-orig-size=\"2560,1696\" data-comments-opened=\"1\" data-image-meta=\"{&quot;aperture&quot;:&quot;6.3&quot;,&quot;credit&quot;:&quot;&quot;,&quot;camera&quot;:&quot;NIKON D7000&quot;,&quot;caption&quot;:&quot;&quot;,&quot;created_timestamp&quot;:&quot;1311888232&quot;,&quot;copyright&quot;:&quot;&quot;,&quot;focal_length&quot;:&quot;18&quot;,&quot;iso&quot;:&quot;200&quot;,&quot;shutter_speed&quot;:&quot;0.00625&quot;,&quot;title&quot;:&quot;&quot;,&quot;orientation&quot;:&quot;1&quot;}\" data-image-title=\"DSC_7906\" data-image-description=\"\" data-medium-file=\"https:\/\/i0.wp.com\/kalot.com.mx\/site\/wp-content\/uploads\/2014\/05\/DSC_7906-scaled.jpg?fit=2560%2C1696&ssl=1\" data-large-file=\"https:\/\/i0.wp.com\/kalot.com.mx\/site\/wp-content\/uploads\/2014\/05\/DSC_7906-scaled.jpg?fit=2560%2C1696&ssl=1\" src=\"https:\/\/i0.wp.com\/kalot.com.mx\/site\/wp-content\/uploads\/2014\/05\/DSC_7906-scaled.jpg?w=396&h=396&crop=1&ssl=1\" srcset=\"https:\/\/i0.wp.com\/kalot.com.mx\/site\/wp-content\/uploads\/2014\/05\/DSC_7906-scaled.jpg?resize=80%2C80&ssl=1 80w, https:\/\/i0.wp.com\/kalot.com.mx\/site\/wp-content\/uploads\/2014\/05\/DSC_7906-scaled.jpg?resize=110%2C110&ssl=1 110w, https:\/\/i0.wp.com\/kalot.com.mx\/site\/wp-content\/uploads\/2014\/05\/DSC_7906-scaled.jpg?zoom=2&resize=396%2C396&ssl=1 792w, https:\/\/i0.wp.com\/kalot.com.mx\/site\/wp-content\/uploads\/2014\/05\/DSC_7906-scaled.jpg?zoom=3&resize=396%2C396&ssl=1 1188w\" width=\"396\" height=\"396\" loading=\"lazy\" data-original-width=\"396\" data-original-height=\"396\" itemprop=\"http:\/\/schema.org\/image\" title=\"DSC_7906\" alt=\"Andrea Faz\" style=\"width: 396px; height: 396px;\" \/> <\/a> <div class=\"tiled-gallery-caption\" itemprop=\"caption description\"> Andrea Faz <\/div> <\/div> <\/div> <\/div> <div class=\"gallery-row\" style=\"width: 1200px; height: 400px;\" data-original-width=\"1200\" data-original-height=\"400\" > <div class=\"gallery-group\" style=\"width: 400px; height: 400px;\" data-original-width=\"400\" data-original-height=\"400\" > <div class=\"tiled-gallery-item \" itemprop=\"associatedMedia\" itemscope itemtype=\"http:\/\/schema.org\/ImageObject\"> <a href=\"https:\/\/kalot.com.mx\/site\/2014\/05\/15\/quien-dijo-que-era-malo-llorar\/dsc_7865\/\" border=\"0\" itemprop=\"url\"> <meta itemprop=\"width\" content=\"396\"> <meta itemprop=\"height\" content=\"396\"> <img loading=\"lazy\" decoding=\"async\" class=\"\" data-attachment-id=\"16038\" data-orig-file=\"https:\/\/kalot.com.mx\/site\/wp-content\/uploads\/2014\/05\/DSC_7865-scaled.jpg\" data-orig-size=\"2560,1696\" data-comments-opened=\"1\" data-image-meta=\"{&quot;aperture&quot;:&quot;6.3&quot;,&quot;credit&quot;:&quot;&quot;,&quot;camera&quot;:&quot;NIKON D7000&quot;,&quot;caption&quot;:&quot;&quot;,&quot;created_timestamp&quot;:&quot;1311887935&quot;,&quot;copyright&quot;:&quot;&quot;,&quot;focal_length&quot;:&quot;105&quot;,&quot;iso&quot;:&quot;200&quot;,&quot;shutter_speed&quot;:&quot;0.00625&quot;,&quot;title&quot;:&quot;&quot;,&quot;orientation&quot;:&quot;1&quot;}\" data-image-title=\"DSC_7865\" data-image-description=\"\" data-medium-file=\"https:\/\/i0.wp.com\/kalot.com.mx\/site\/wp-content\/uploads\/2014\/05\/DSC_7865-scaled.jpg?fit=2560%2C1696&ssl=1\" data-large-file=\"https:\/\/i0.wp.com\/kalot.com.mx\/site\/wp-content\/uploads\/2014\/05\/DSC_7865-scaled.jpg?fit=2560%2C1696&ssl=1\" src=\"https:\/\/i0.wp.com\/kalot.com.mx\/site\/wp-content\/uploads\/2014\/05\/DSC_7865-scaled.jpg?w=396&h=396&crop=1&ssl=1\" srcset=\"https:\/\/i0.wp.com\/kalot.com.mx\/site\/wp-content\/uploads\/2014\/05\/DSC_7865-scaled.jpg?resize=80%2C80&ssl=1 80w, https:\/\/i0.wp.com\/kalot.com.mx\/site\/wp-content\/uploads\/2014\/05\/DSC_7865-scaled.jpg?resize=110%2C110&ssl=1 110w, https:\/\/i0.wp.com\/kalot.com.mx\/site\/wp-content\/uploads\/2014\/05\/DSC_7865-scaled.jpg?zoom=2&resize=396%2C396&ssl=1 792w, https:\/\/i0.wp.com\/kalot.com.mx\/site\/wp-content\/uploads\/2014\/05\/DSC_7865-scaled.jpg?zoom=3&resize=396%2C396&ssl=1 1188w\" width=\"396\" height=\"396\" loading=\"lazy\" data-original-width=\"396\" data-original-height=\"396\" itemprop=\"http:\/\/schema.org\/image\" title=\"DSC_7865\" alt=\"Iosu Curiel\" style=\"width: 396px; height: 396px;\" \/> <\/a> <div class=\"tiled-gallery-caption\" itemprop=\"caption description\"> Iosu Curiel <\/div> <\/div> <\/div> <div class=\"gallery-group\" style=\"width: 400px; height: 400px;\" data-original-width=\"400\" data-original-height=\"400\" > <div class=\"tiled-gallery-item \" itemprop=\"associatedMedia\" itemscope itemtype=\"http:\/\/schema.org\/ImageObject\"> <a href=\"https:\/\/kalot.com.mx\/site\/2014\/05\/15\/quien-dijo-que-era-malo-llorar\/dsc_7894\/\" border=\"0\" itemprop=\"url\"> <meta itemprop=\"width\" content=\"396\"> <meta itemprop=\"height\" content=\"396\"> <img loading=\"lazy\" decoding=\"async\" class=\"\" data-attachment-id=\"16036\" data-orig-file=\"https:\/\/kalot.com.mx\/site\/wp-content\/uploads\/2014\/05\/DSC_7894-scaled.jpg\" data-orig-size=\"2560,1696\" data-comments-opened=\"1\" data-image-meta=\"{&quot;aperture&quot;:&quot;5.6&quot;,&quot;credit&quot;:&quot;&quot;,&quot;camera&quot;:&quot;NIKON D7000&quot;,&quot;caption&quot;:&quot;&quot;,&quot;created_timestamp&quot;:&quot;1311888176&quot;,&quot;copyright&quot;:&quot;&quot;,&quot;focal_length&quot;:&quot;105&quot;,&quot;iso&quot;:&quot;280&quot;,&quot;shutter_speed&quot;:&quot;0.008&quot;,&quot;title&quot;:&quot;&quot;,&quot;orientation&quot;:&quot;1&quot;}\" data-image-title=\"DSC_7894\" data-image-description=\"\" data-medium-file=\"https:\/\/i0.wp.com\/kalot.com.mx\/site\/wp-content\/uploads\/2014\/05\/DSC_7894-scaled.jpg?fit=2560%2C1696&ssl=1\" data-large-file=\"https:\/\/i0.wp.com\/kalot.com.mx\/site\/wp-content\/uploads\/2014\/05\/DSC_7894-scaled.jpg?fit=2560%2C1696&ssl=1\" src=\"https:\/\/i0.wp.com\/kalot.com.mx\/site\/wp-content\/uploads\/2014\/05\/DSC_7894-scaled.jpg?w=396&h=396&crop=1&ssl=1\" srcset=\"https:\/\/i0.wp.com\/kalot.com.mx\/site\/wp-content\/uploads\/2014\/05\/DSC_7894-scaled.jpg?resize=80%2C80&ssl=1 80w, https:\/\/i0.wp.com\/kalot.com.mx\/site\/wp-content\/uploads\/2014\/05\/DSC_7894-scaled.jpg?resize=110%2C110&ssl=1 110w, https:\/\/i0.wp.com\/kalot.com.mx\/site\/wp-content\/uploads\/2014\/05\/DSC_7894-scaled.jpg?zoom=2&resize=396%2C396&ssl=1 792w, https:\/\/i0.wp.com\/kalot.com.mx\/site\/wp-content\/uploads\/2014\/05\/DSC_7894-scaled.jpg?zoom=3&resize=396%2C396&ssl=1 1188w\" width=\"396\" height=\"396\" loading=\"lazy\" data-original-width=\"396\" data-original-height=\"396\" itemprop=\"http:\/\/schema.org\/image\" title=\"DSC_7894\" alt=\"Paola Tello\" style=\"width: 396px; height: 396px;\" \/> <\/a> <div class=\"tiled-gallery-caption\" itemprop=\"caption description\"> Paola Tello <\/div> <\/div> <\/div> <div class=\"gallery-group\" style=\"width: 400px; height: 400px;\" data-original-width=\"400\" data-original-height=\"400\" > <div class=\"tiled-gallery-item \" itemprop=\"associatedMedia\" itemscope itemtype=\"http:\/\/schema.org\/ImageObject\"> <a href=\"https:\/\/kalot.com.mx\/site\/2014\/05\/15\/quien-dijo-que-era-malo-llorar\/crew-0040\/\" border=\"0\" itemprop=\"url\"> <meta itemprop=\"width\" content=\"396\"> <meta itemprop=\"height\" content=\"396\"> <img loading=\"lazy\" decoding=\"async\" class=\"\" data-attachment-id=\"16050\" data-orig-file=\"https:\/\/kalot.com.mx\/site\/wp-content\/uploads\/2014\/05\/Crew-0040.jpg\" data-orig-size=\"400,600\" data-comments-opened=\"1\" data-image-meta=\"{&quot;aperture&quot;:&quot;2&quot;,&quot;credit&quot;:&quot;&quot;,&quot;camera&quot;:&quot;Canon EOS 6D&quot;,&quot;caption&quot;:&quot;&quot;,&quot;created_timestamp&quot;:&quot;1399828452&quot;,&quot;copyright&quot;:&quot;&quot;,&quot;focal_length&quot;:&quot;50&quot;,&quot;iso&quot;:&quot;100&quot;,&quot;shutter_speed&quot;:&quot;0.0015625&quot;,&quot;title&quot;:&quot;&quot;,&quot;orientation&quot;:&quot;0&quot;}\" data-image-title=\"Crew-0040\" data-image-description=\"\" data-medium-file=\"https:\/\/i0.wp.com\/kalot.com.mx\/site\/wp-content\/uploads\/2014\/05\/Crew-0040.jpg?fit=200%2C300&ssl=1\" data-large-file=\"https:\/\/i0.wp.com\/kalot.com.mx\/site\/wp-content\/uploads\/2014\/05\/Crew-0040.jpg?fit=400%2C600&ssl=1\" src=\"https:\/\/i0.wp.com\/kalot.com.mx\/site\/wp-content\/uploads\/2014\/05\/Crew-0040.jpg?w=396&h=396&crop=1&ssl=1\" srcset=\"https:\/\/i0.wp.com\/kalot.com.mx\/site\/wp-content\/uploads\/2014\/05\/Crew-0040.jpg?resize=80%2C80&ssl=1 80w, https:\/\/i0.wp.com\/kalot.com.mx\/site\/wp-content\/uploads\/2014\/05\/Crew-0040.jpg?resize=110%2C110&ssl=1 110w, https:\/\/i0.wp.com\/kalot.com.mx\/site\/wp-content\/uploads\/2014\/05\/Crew-0040.jpg?resize=150%2C150&ssl=1 150w\" width=\"396\" height=\"396\" loading=\"lazy\" data-original-width=\"396\" data-original-height=\"396\" itemprop=\"http:\/\/schema.org\/image\" title=\"Crew-0040\" alt=\"Fernando O&#039;Farrill\" style=\"width: 396px; height: 396px;\" \/> <\/a> <div class=\"tiled-gallery-caption\" itemprop=\"caption description\"> Fernando O\u2019Farrill <\/div> <\/div> <\/div> <\/div> <\/div>\n<p style=\"text-align: justify\">Esta historia ser\u00e1 llevara a cabo por un grupo de potosinos y ellos representar\u00e1n al ITESM, son un grupo joven que realmente posee el talento y visi\u00f3n suficiente para darles pelea a equipos cuyo\u00a0objetivo principal es especializarse en la cinematograf\u00eda. El equipo est\u00e1 conformado por las siguientes personas:<\/p>\n<ul style=\"text-align: justify\">\n<li>Productora:\u00a0Daniela Mor\u00e1n Villasana<\/li>\n<li>Directora: Gabriela Oksana Vega Era\u00f1a<\/li>\n<li>Asistente de Producci\u00f3n: Paola Tello<\/li>\n<li>Asistente de Direcci\u00f3n: Andrea Hurtado<\/li>\n<li>Director de Fotograf\u00eda:\u00a0Fernando O\u2019farrill<\/li>\n<li>Editor:\u00a0Daniel Correa<\/li>\n<li>Director de Arte: Jos\u00e9 Pablo D\u00edaz de Le\u00f3n<\/li>\n<li>Directora de Maquillaje: Andrea Faz<\/li>\n<li>Directora de Iluminaci\u00f3n: Alejandra Guerrero<\/li>\n<li>Director de Sonido\u00a0: Iosu Curiel<\/li>\n<\/ul>\n[embedvideo id=\u201d90432924\u2033 website=\u201dvimeo\u201d]\n<p style=\"text-align: justify\">Ellos nos contar\u00e1n la historia de Joaqu\u00edn, un joven que tras perderlo todo \u2013desde su trabajo hasta su mam\u00e1- encuentra una encrucijada que podr\u00e1 cambiarle la vida\u2026 es una historia llena de sorpresas y que se basa en valores e ideales como el seguir tus sue\u00f1os y hasta el nunca rendirse ante la adversidad.<\/p>\n<p style=\"text-align: justify\">De cierta manera hemos visto que en los \u00faltimos a\u00f1os el cine mexicano ha comenzado a retomar su caracter\u00edstica fuerza y de cierta manera es fuertemente apoyado, siento que como mexicanos hay que ayudar a fortalecer esta incre\u00edble actividad y sin lugar a dudas tiene que ser apoyado.<\/p>\n<p style=\"text-align: justify\">La historia de Joaqu\u00edn los dejar\u00e1 a todos perplejos, emocionados, felices y hasta ser\u00e1 capaz de hacerlos crear un sentimiento de empat\u00eda con \u00e9l que lo acompa\u00f1ar\u00e1n durante su traves\u00eda. De todo coraz\u00f3n espero que este grupo de incre\u00edbles personas sean capaces \u2013y no lo dudo- de traerle esa victoria a la sociedad potosina con su ejemplo de entrega y compromiso, ya he podido hablar con algunos de ellos y estoy m\u00e1s que convencida de que tienen el coraz\u00f3n suficiente para darle vida a Joaqu\u00edn, de darle vida a su mundo y sobre todo de hacer que todos y cada uno de ustedes viva y se enamoren de la historia de Joaqu\u00edn.<\/p>\n","protected":false},"excerpt":{"rendered":"\u00bfQui\u00e9n dijo que era malo llorar? Este es el nombre de uno de los cortometrajes que participar\u00e1n para&hellip;\n","protected":false},"author":61,"featured_media":16028,"comment_status":"open","ping_status":"open","sticky":false,"template":"","format":"standard","meta":{"jetpack_post_was_ever_published":false,"_jetpack_newsletter_access":"","_jetpack_dont_email_post_to_subs":false,"_jetpack_newsletter_tier_id":0,"_jetpack_memberships_contains_paywalled_content":false,"_jetpack_memberships_contains_paid_content":false,"footnotes":"","jetpack_publicize_message":"","jetpack_publicize_feature_enabled":true,"jetpack_social_post_already_shared":true,"jetpack_social_options":{"image_generator_settings":{"template":"highway","default_image_id":0,"font":"","enabled":false},"version":2}},"categories":[],"tags":[],"class_list":{"0":"post-16025","1":"post","2":"type-post","3":"status-publish","4":"format-standard","5":"has-post-thumbnail","7":"cs-entry","8":"cs-video-wrap"},"yoast_head":"<!-- This site is optimized with the Yoast SEO plugin v27.5 - https:\/\/yoast.com\/product\/yoast-seo-wordpress\/ -->\n<title>\u00bfQui\u00e9n dijo que era malo llorar?<\/title>\n<meta name=\"description\" content=\"\u00bfQui\u00e9n dijo que era malo llorar? Este es el nombre de uno de los cortometrajes que participar\u00e1n para el \u201cGuanajuato International Film Festival\u201d o GIFF\" \/>\n<meta name=\"robots\" content=\"index, follow, max-snippet:-1, max-image-preview:large, max-video-preview:-1\" \/>\n<link rel=\"canonical\" href=\"https:\/\/kalot.com.mx\/site\/2014\/05\/15\/quien-dijo-que-era-malo-llorar\/\" \/>\n<meta property=\"og:locale\" content=\"es_MX\" \/>\n<meta property=\"og:type\" content=\"article\" \/>\n<meta property=\"og:title\" content=\"\u00bfQui\u00e9n dijo que era malo llorar?\" \/>\n<meta property=\"og:description\" content=\"\u00bfQui\u00e9n dijo que era malo llorar? Este es el nombre de uno de los cortometrajes que participar\u00e1n para el \u201cGuanajuato International Film Festival\u201d o GIFF\" \/>\n<meta property=\"og:url\" content=\"https:\/\/kalot.com.mx\/site\/2014\/05\/15\/quien-dijo-que-era-malo-llorar\/\" \/>\n<meta property=\"og:site_name\" content=\"Kalot\" \/>\n<meta property=\"article:publisher\" content=\"http:\/\/facebook.com\/mxkalot\" \/>\n<meta property=\"article:author\" content=\"https:\/\/www.facebook.com\/elie.alvarado1\" \/>\n<meta property=\"article:published_time\" content=\"2014-05-15T11:40:14+00:00\" \/>\n<meta property=\"article:modified_time\" content=\"2014-05-15T15:15:34+00:00\" \/>\n<meta property=\"og:image\" content=\"https:\/\/i2.wp.com\/kalot.com.mx\/site\/wp-content\/uploads\/2014\/05\/Crew-0022.jpg?fit=900%2C600&ssl=1\" \/>\n\t<meta property=\"og:image:width\" content=\"900\" \/>\n\t<meta property=\"og:image:height\" content=\"600\" \/>\n\t<meta property=\"og:image:type\" content=\"image\/jpeg\" \/>\n<meta name=\"author\" content=\"Mar\u00eda Alvarado\" \/>\n<meta name=\"twitter:card\" content=\"summary_large_image\" \/>\n<meta name=\"twitter:creator\" content=\"@Me_elieA\" \/>\n<meta name=\"twitter:site\" content=\"@kalotmx\" \/>\n<meta name=\"twitter:label1\" content=\"Escrito por\" \/>\n\t<meta name=\"twitter:data1\" content=\"Mar\u00eda Alvarado\" \/>\n\t<meta name=\"twitter:label2\" content=\"Tiempo de lectura\" \/>\n\t<meta name=\"twitter:data2\" content=\"3 minutos\" \/>\n<!-- \/ Yoast SEO plugin. -->","yoast_head_json":{"title":"\u00bfQui\u00e9n dijo que era malo llorar?","description":"\u00bfQui\u00e9n dijo que era malo llorar? Este es el nombre de uno de los cortometrajes que participar\u00e1n para el \u201cGuanajuato International Film Festival\u201d o GIFF","robots":{"index":"index","follow":"follow","max-snippet":"max-snippet:-1","max-image-preview":"max-image-preview:large","max-video-preview":"max-video-preview:-1"},"canonical":"https:\/\/kalot.com.mx\/site\/2014\/05\/15\/quien-dijo-que-era-malo-llorar\/","og_locale":"es_MX","og_type":"article","og_title":"\u00bfQui\u00e9n dijo que era malo llorar?","og_description":"\u00bfQui\u00e9n dijo que era malo llorar? Este es el nombre de uno de los cortometrajes que participar\u00e1n para el \u201cGuanajuato International Film Festival\u201d o GIFF","og_url":"https:\/\/kalot.com.mx\/site\/2014\/05\/15\/quien-dijo-que-era-malo-llorar\/","og_site_name":"Kalot","article_publisher":"http:\/\/facebook.com\/mxkalot","article_author":"https:\/\/www.facebook.com\/elie.alvarado1","article_published_time":"2014-05-15T11:40:14+00:00","article_modified_time":"2014-05-15T15:15:34+00:00","og_image":[{"width":900,"height":600,"url":"https:\/\/i2.wp.com\/kalot.com.mx\/site\/wp-content\/uploads\/2014\/05\/Crew-0022.jpg?fit=900%2C600&ssl=1","type":"image\/jpeg"}],"author":"Mar\u00eda Alvarado","twitter_card":"summary_large_image","twitter_creator":"@Me_elieA","twitter_site":"@kalotmx","twitter_misc":{"Escrito por":"Mar\u00eda Alvarado","Tiempo de lectura":"3 minutos"},"schema":{"@context":"https:\/\/schema.org","@graph":[{"@type":"Article","@id":"https:\/\/kalot.com.mx\/site\/2014\/05\/15\/quien-dijo-que-era-malo-llorar\/#article","isPartOf":{"@id":"https:\/\/kalot.com.mx\/site\/2014\/05\/15\/quien-dijo-que-era-malo-llorar\/"},"author":{"name":"Mar\u00eda Alvarado","@id":"https:\/\/kalot.com.mx\/site\/#\/schema\/person\/2364e48efea2244b0799211aeff4847e"},"headline":"\u00bfQui\u00e9n dijo que era malo llorar?","datePublished":"2014-05-15T11:40:14+00:00","dateModified":"2014-05-15T15:15:34+00:00","mainEntityOfPage":{"@id":"https:\/\/kalot.com.mx\/site\/2014\/05\/15\/quien-dijo-que-era-malo-llorar\/"},"wordCount":536,"commentCount":0,"publisher":{"@id":"https:\/\/kalot.com.mx\/site\/#organization"},"image":{"@id":"https:\/\/kalot.com.mx\/site\/2014\/05\/15\/quien-dijo-que-era-malo-llorar\/#primaryimage"},"thumbnailUrl":"https:\/\/i0.wp.com\/kalot.com.mx\/site\/wp-content\/uploads\/2014\/05\/Crew-0022.jpg?fit=900%2C600&ssl=1","inLanguage":"es","potentialAction":[{"@type":"CommentAction","name":"Comment","target":["https:\/\/kalot.com.mx\/site\/2014\/05\/15\/quien-dijo-que-era-malo-llorar\/#respond"]}]},{"@type":"WebPage","@id":"https:\/\/kalot.com.mx\/site\/2014\/05\/15\/quien-dijo-que-era-malo-llorar\/","url":"https:\/\/kalot.com.mx\/site\/2014\/05\/15\/quien-dijo-que-era-malo-llorar\/","name":"\u00bfQui\u00e9n dijo que era malo llorar?","isPartOf":{"@id":"https:\/\/kalot.com.mx\/site\/#website"},"primaryImageOfPage":{"@id":"https:\/\/kalot.com.mx\/site\/2014\/05\/15\/quien-dijo-que-era-malo-llorar\/#primaryimage"},"image":{"@id":"https:\/\/kalot.com.mx\/site\/2014\/05\/15\/quien-dijo-que-era-malo-llorar\/#primaryimage"},"thumbnailUrl":"https:\/\/i0.wp.com\/kalot.com.mx\/site\/wp-content\/uploads\/2014\/05\/Crew-0022.jpg?fit=900%2C600&ssl=1","datePublished":"2014-05-15T11:40:14+00:00","dateModified":"2014-05-15T15:15:34+00:00","description":"\u00bfQui\u00e9n dijo que era malo llorar? Este es el nombre de uno de los cortometrajes que participar\u00e1n para el \u201cGuanajuato International Film Festival\u201d o GIFF","breadcrumb":{"@id":"https:\/\/kalot.com.mx\/site\/2014\/05\/15\/quien-dijo-que-era-malo-llorar\/#breadcrumb"},"inLanguage":"es","potentialAction":[{"@type":"ReadAction","target":["https:\/\/kalot.com.mx\/site\/2014\/05\/15\/quien-dijo-que-era-malo-llorar\/"]}]},{"@type":"ImageObject","inLanguage":"es","@id":"https:\/\/kalot.com.mx\/site\/2014\/05\/15\/quien-dijo-que-era-malo-llorar\/#primaryimage","url":"https:\/\/i0.wp.com\/kalot.com.mx\/site\/wp-content\/uploads\/2014\/05\/Crew-0022.jpg?fit=900%2C600&ssl=1","contentUrl":"https:\/\/i0.wp.com\/kalot.com.mx\/site\/wp-content\/uploads\/2014\/05\/Crew-0022.jpg?fit=900%2C600&ssl=1","width":900,"height":600},{"@type":"BreadcrumbList","@id":"https:\/\/kalot.com.mx\/site\/2014\/05\/15\/quien-dijo-que-era-malo-llorar\/#breadcrumb","itemListElement":[{"@type":"ListItem","position":1,"name":"Home","item":"https:\/\/kalot.com.mx\/site\/"},{"@type":"ListItem","position":2,"name":"\u00bfQui\u00e9n dijo que era malo llorar?"}]},{"@type":"WebSite","@id":"https:\/\/kalot.com.mx\/site\/#website","url":"https:\/\/kalot.com.mx\/site\/","name":"Kalot","description":"Conoce Todo Sobre Todo","publisher":{"@id":"https:\/\/kalot.com.mx\/site\/#organization"},"potentialAction":[{"@type":"SearchAction","target":{"@type":"EntryPoint","urlTemplate":"https:\/\/kalot.com.mx\/site\/?s={search_term_string}"},"query-input":{"@type":"PropertyValueSpecification","valueRequired":true,"valueName":"search_term_string"}}],"inLanguage":"es"},{"@type":"Organization","@id":"https:\/\/kalot.com.mx\/site\/#organization","name":"Kalot","url":"https:\/\/kalot.com.mx\/site\/","logo":{"@type":"ImageObject","inLanguage":"es","@id":"https:\/\/kalot.com.mx\/site\/#\/schema\/logo\/image\/","url":"https:\/\/i0.wp.com\/kalot.com.mx\/site\/wp-content\/uploads\/2020\/04\/Kalot-logo-sin-tagline.png?fit=1707%2C1014&ssl=1","contentUrl":"https:\/\/i0.wp.com\/kalot.com.mx\/site\/wp-content\/uploads\/2020\/04\/Kalot-logo-sin-tagline.png?fit=1707%2C1014&ssl=1","width":1707,"height":1014,"caption":"Kalot"},"image":{"@id":"https:\/\/kalot.com.mx\/site\/#\/schema\/logo\/image\/"},"sameAs":["http:\/\/facebook.com\/mxkalot","https:\/\/x.com\/kalotmx","http:\/\/instagram.com\/kalotmx","http:\/\/pinterest.com\/jorgeerana\/kalot"]},{"@type":"Person","@id":"https:\/\/kalot.com.mx\/site\/#\/schema\/person\/2364e48efea2244b0799211aeff4847e","name":"Mar\u00eda Alvarado","image":{"@type":"ImageObject","inLanguage":"es","@id":"https:\/\/secure.gravatar.com\/avatar\/2a5c53655315c4a72bc8b3127daca732f3ccab828ef0de13ec26f266fc855c6b?s=96&d=mm&r=g","url":"https:\/\/secure.gravatar.com\/avatar\/2a5c53655315c4a72bc8b3127daca732f3ccab828ef0de13ec26f266fc855c6b?s=96&d=mm&r=g","contentUrl":"https:\/\/secure.gravatar.com\/avatar\/2a5c53655315c4a72bc8b3127daca732f3ccab828ef0de13ec26f266fc855c6b?s=96&d=mm&r=g","caption":"Mar\u00eda Alvarado"},"description":"El perfecto ejemplo de una rom\u00e1ntica so\u00f1adora, drama queen y devoradora de libros. Una parlanchina innata que goza de los peque\u00f1os placeres que ofrece esta vida y fan\u00e1tica de las sonrisas.","sameAs":["https:\/\/www.facebook.com\/elie.alvarado1","https:\/\/x.com\/Me_elieA"],"url":"https:\/\/kalot.com.mx\/site\/author\/elisa\/"}]}},"jetpack_publicize_connections":[],"jetpack_featured_media_url":"https:\/\/i0.wp.com\/kalot.com.mx\/site\/wp-content\/uploads\/2014\/05\/Crew-0022.jpg?fit=900%2C600&ssl=1","jetpack_shortlink":"https:\/\/wp.me\/p6IHEI-4at","jetpack-related-posts":[{"id":21434,"url":"https:\/\/kalot.com.mx\/site\/2015\/05\/06\/las-historias-de-guanajuato-en-el-festival-de-cannes-giff-con-participacion-historica\/","url_meta":{"origin":16025,"position":0},"title":"Las historias de Guanajuato en el Festival de Cannes; GIFF con participaci\u00f3n hist\u00f3rica","author":"Alain O\u00f1ate","date":"6 mayo, 2015","format":false,"excerpt":"El GIFF con la presencia m\u00e1s importante de su historia en la 68 edici\u00f3n del Festival de Cannes en la cual desarrollan diversas estrategias que deriven en beneficios para el cine de nuestro pa\u00eds. Por primera veez exhibe los documentales del concurso \u00b4Identidad y Pertenencia\u00b4, contando las historias de Guanajuato\u2026","rel":"","context":"Entrada similar ","block_context":{"text":"Entrada similar ","link":""},"img":{"alt_text":"","src":"https:\/\/i0.wp.com\/kalot.com.mx\/site\/wp-content\/uploads\/2015\/05\/MexiCannes-2014-Giff.jpg?fit=900%2C600&ssl=1&resize=350%2C200","width":350,"height":200,"srcset":"https:\/\/i0.wp.com\/kalot.com.mx\/site\/wp-content\/uploads\/2015\/05\/MexiCannes-2014-Giff.jpg?fit=900%2C600&ssl=1&resize=350%2C200 1x, https:\/\/i0.wp.com\/kalot.com.mx\/site\/wp-content\/uploads\/2015\/05\/MexiCannes-2014-Giff.jpg?fit=900%2C600&ssl=1&resize=525%2C300 1.5x, https:\/\/i0.wp.com\/kalot.com.mx\/site\/wp-content\/uploads\/2015\/05\/MexiCannes-2014-Giff.jpg?fit=900%2C600&ssl=1&resize=700%2C400 2x"},"classes":[]},{"id":21365,"url":"https:\/\/kalot.com.mx\/site\/2015\/04\/29\/incubadora-giff-capacitacion-a-la-vision-cinematografica-nacional\/","url_meta":{"origin":16025,"position":1},"title":"Incubadora GIFF, capacitaci\u00f3n a la visi\u00f3n cinematogr\u00e1fica nacional","author":"Alain O\u00f1ate","date":"29 abril, 2015","format":false,"excerpt":"El Guanajuato International Film Festival, GIFF por sus siglas en ingl\u00e9s; dio a conocer la\u00a0 apertura a la convocatoria de la Sexta Edici\u00f3n del programa \u00b4Incubadora\u00b4; la cual estar\u00e1 vigente del 14 de abril y cierre el 20 de junio del presente a\u00f1o. La \u00b4Incubadora\u00b4 del GIFF es una de\u2026","rel":"","context":"Entrada similar ","block_context":{"text":"Entrada similar ","link":""},"img":{"alt_text":"","src":"https:\/\/i0.wp.com\/kalot.com.mx\/site\/wp-content\/uploads\/2015\/04\/giff3.jpg?fit=900%2C900&ssl=1&resize=350%2C200","width":350,"height":200,"srcset":"https:\/\/i0.wp.com\/kalot.com.mx\/site\/wp-content\/uploads\/2015\/04\/giff3.jpg?fit=900%2C900&ssl=1&resize=350%2C200 1x, https:\/\/i0.wp.com\/kalot.com.mx\/site\/wp-content\/uploads\/2015\/04\/giff3.jpg?fit=900%2C900&ssl=1&resize=525%2C300 1.5x, https:\/\/i0.wp.com\/kalot.com.mx\/site\/wp-content\/uploads\/2015\/04\/giff3.jpg?fit=900%2C900&ssl=1&resize=700%2C400 2x"},"classes":[]},{"id":4897,"url":"https:\/\/kalot.com.mx\/site\/2013\/10\/25\/8-9festival-internacional-de-cortometraje\/","url_meta":{"origin":16025,"position":2},"title":"8.9\tFestival Internacional de Cortometraje, el cine a las calles&#8230; Caminos de Plata. Por @nancitaflaquita","author":"Nancy Huerta","date":"25 octubre, 2013","format":false,"excerpt":"\u00a1Que tal Kalochos! Esta vez le hablar\u00e9 de un festival de cortometrajes, en el cu\u00e1l tambi\u00e9n ando de mitotera. El Festival Internacional de cortometraje, el cine a las calles, es un proyecto que pertenece y desarrolla ACAENCORTO Producciones, A.C. es una alternativa para la difusi\u00f3n, exhibici\u00f3n y divulgaci\u00f3n de trabajos\u2026","rel":"","context":"Entrada similar ","block_context":{"text":"Entrada similar ","link":""},"img":{"alt_text":"","src":"https:\/\/i0.wp.com\/kalot.com.mx\/site\/wp-content\/uploads\/2013\/10\/547583_651078858240561_1053527315_n.jpg?fit=960%2C355&ssl=1&resize=350%2C200","width":350,"height":200,"srcset":"https:\/\/i0.wp.com\/kalot.com.mx\/site\/wp-content\/uploads\/2013\/10\/547583_651078858240561_1053527315_n.jpg?fit=960%2C355&ssl=1&resize=350%2C200 1x, https:\/\/i0.wp.com\/kalot.com.mx\/site\/wp-content\/uploads\/2013\/10\/547583_651078858240561_1053527315_n.jpg?fit=960%2C355&ssl=1&resize=525%2C300 1.5x, https:\/\/i0.wp.com\/kalot.com.mx\/site\/wp-content\/uploads\/2013\/10\/547583_651078858240561_1053527315_n.jpg?fit=960%2C355&ssl=1&resize=700%2C400 2x"},"classes":[]},{"id":3094,"url":"https:\/\/kalot.com.mx\/site\/2013\/10\/03\/41a-edicion-del-festival-internacional-cervantino-checa-la-info-aqui\/","url_meta":{"origin":16025,"position":3},"title":"41 Edici\u00f3n del Festival Internacional Cervantino, checa la info aqu\u00ed @cervantino","author":"Jorge Era\u00f1a","date":"3 octubre, 2013","format":false,"excerpt":"El Festival Cervantino est\u00e1 a la vuelta de la esquina ya faltan solo 6 d\u00edas para que comience la edici\u00f3n n\u00famero 41 del Festival. Las fechas a realizarse ser\u00e1 desde el 9 de octubre hasta el d\u00eda 27 del mismo mes, y se lleva a cabo en la ciudad de\u2026","rel":"","context":"En &quot;Sin categor\u00eda&quot;","block_context":{"text":"Sin categor\u00eda","link":"https:\/\/kalot.com.mx\/site\/category\/sin-categoria\/"},"img":{"alt_text":"","src":"https:\/\/i0.wp.com\/kalot.com.mx\/site\/wp-content\/uploads\/2013\/10\/1.jpg?fit=620%2C464&ssl=1&resize=350%2C200","width":350,"height":200,"srcset":"https:\/\/i0.wp.com\/kalot.com.mx\/site\/wp-content\/uploads\/2013\/10\/1.jpg?fit=620%2C464&ssl=1&resize=350%2C200 1x, https:\/\/i0.wp.com\/kalot.com.mx\/site\/wp-content\/uploads\/2013\/10\/1.jpg?fit=620%2C464&ssl=1&resize=525%2C300 1.5x"},"classes":[]},{"id":2814,"url":"https:\/\/kalot.com.mx\/site\/2013\/10\/01\/ya-esta-aqui-el-festival-del-globo-2013-encuentra-toda-la-info-aqui-figleon\/","url_meta":{"origin":16025,"position":4},"title":"Ya est\u00e1 aqu\u00ed el Festival del Globo 2013, encuentra toda la info aqu\u00ed @FIGLeon","author":"Jorge Era\u00f1a","date":"1 octubre, 2013","format":false,"excerpt":"As\u00ed es, ya est\u00e1 todo listo para que comience el Festival del Globo 2013 que se llevar\u00e1 a cabo del 15 al 18 de Noviembre en el lugar de siempre, el Parque Ecol\u00f3gico Metropolitano de Le\u00f3n, Guanajuato. Como ya saben \u00e9ste festival inicio desde 2002 y tiene ya 11 ediciones\u2026","rel":"","context":"Entrada similar ","block_context":{"text":"Entrada similar ","link":""},"img":{"alt_text":"","src":"https:\/\/i0.wp.com\/kalot.com.mx\/site\/wp-content\/uploads\/2013\/10\/537469_10151361550932825_1118911026_n.png?fit=960%2C355&ssl=1&resize=350%2C200","width":350,"height":200,"srcset":"https:\/\/i0.wp.com\/kalot.com.mx\/site\/wp-content\/uploads\/2013\/10\/537469_10151361550932825_1118911026_n.png?fit=960%2C355&ssl=1&resize=350%2C200 1x, https:\/\/i0.wp.com\/kalot.com.mx\/site\/wp-content\/uploads\/2013\/10\/537469_10151361550932825_1118911026_n.png?fit=960%2C355&ssl=1&resize=525%2C300 1.5x, https:\/\/i0.wp.com\/kalot.com.mx\/site\/wp-content\/uploads\/2013\/10\/537469_10151361550932825_1118911026_n.png?fit=960%2C355&ssl=1&resize=700%2C400 2x"},"classes":[]},{"id":21253,"url":"https:\/\/kalot.com.mx\/site\/2015\/04\/25\/estamos-invitados-al-festival-de-danza-callejera-tonio-torres\/","url_meta":{"origin":16025,"position":5},"title":"Estamos invitados al Festival de Danza Callejera &#8220;Tonio Torres&#8221;","author":"Jounne Gallardox","date":"25 abril, 2015","format":false,"excerpt":"El d\u00eda de hoy en punto de las 6:00 pm se dar\u00e1 inicio al primer Festival de Danza Callejera \"Tonio Torres\", la cita es en el Jard\u00edn de San Juan de Dios ubicado en el centro hist\u00f3rico de la capital potosina. El festival busca promover la danza en todos su\u2026","rel":"","context":"Entrada similar ","block_context":{"text":"Entrada similar ","link":""},"img":{"alt_text":"","src":"https:\/\/i0.wp.com\/kalot.com.mx\/site\/wp-content\/uploads\/2015\/04\/tonio.jpg?fit=621%2C361&ssl=1&resize=350%2C200","width":350,"height":200,"srcset":"https:\/\/i0.wp.com\/kalot.com.mx\/site\/wp-content\/uploads\/2015\/04\/tonio.jpg?fit=621%2C361&ssl=1&resize=350%2C200 1x, https:\/\/i0.wp.com\/kalot.com.mx\/site\/wp-content\/uploads\/2015\/04\/tonio.jpg?fit=621%2C361&ssl=1&resize=525%2C300 1.5x"},"classes":[]}],"jetpack_sharing_enabled":true,"_links":{"self":[{"href":"https:\/\/kalot.com.mx\/site\/wp-json\/wp\/v2\/posts\/16025","targetHints":{"allow":["GET"]}}],"collection":[{"href":"https:\/\/kalot.com.mx\/site\/wp-json\/wp\/v2\/posts"}],"about":[{"href":"https:\/\/kalot.com.mx\/site\/wp-json\/wp\/v2\/types\/post"}],"author":[{"embeddable":true,"href":"https:\/\/kalot.com.mx\/site\/wp-json\/wp\/v2\/users\/61"}],"replies":[{"embeddable":true,"href":"https:\/\/kalot.com.mx\/site\/wp-json\/wp\/v2\/comments?post=16025"}],"version-history":[{"count":0,"href":"https:\/\/kalot.com.mx\/site\/wp-json\/wp\/v2\/posts\/16025\/revisions"}],"wp:featuredmedia":[{"embeddable":true,"href":"https:\/\/kalot.com.mx\/site\/wp-json\/wp\/v2\/media\/16028"}],"wp:attachment":[{"href":"https:\/\/kalot.com.mx\/site\/wp-json\/wp\/v2\/media?parent=16025"}],"wp:term":[{"taxonomy":"category","embeddable":true,"href":"https:\/\/kalot.com.mx\/site\/wp-json\/wp\/v2\/categories?post=16025"},{"taxonomy":"post_tag","embeddable":true,"href":"https:\/\/kalot.com.mx\/site\/wp-json\/wp\/v2\/tags?post=16025"}],"curies":[{"name":"wp","href":"https:\/\/api.w.org\/{rel}","templated":true}]}}