{"id":15991,"date":"2014-05-12T15:33:43","date_gmt":"2014-05-12T20:33:43","guid":{"rendered":"http:\/\/www.kalot.com.mx\/?p=15991"},"modified":"2014-05-12T15:47:40","modified_gmt":"2014-05-12T20:47:40","slug":"eminem-se-disculpa-con-su-mama-en-su-nuevo-video-headlights","status":"publish","type":"post","link":"https:\/\/kalot.com.mx\/site\/2014\/05\/12\/eminem-se-disculpa-con-su-mama-en-su-nuevo-video-headlights\/","title":{"rendered":"Eminem se disculpa con su mam\u00e1 en su nuevo video &#8220;Headlights&#8221;"},"content":{"rendered":"<p>Aprovechando que <strong>Eminem<\/strong> est\u00e1 presente en el \u00faltimo rumor del line-up del Corona Capital y que con la fiebre que causan las fechas como el d\u00eda de las madres Eminem lanz\u00f3 su nuevo video de su \u00faltimo sencillo <strong>Headlights,<\/strong> dirigido por Spike Lee<\/p>\n<p>Eminem &#8211; Headlights ft. Nate Ruess: <\/p>\n<p><span class=\"embed-youtube\" style=\"text-align:center; display: block;\"><iframe class=\"youtube-player\" width=\"1200\" height=\"675\" src=\"https:\/\/www.youtube.com\/embed\/7bDLIV96LD4?version=3&#038;rel=1&#038;showsearch=0&#038;showinfo=1&#038;iv_load_policy=1&#038;fs=1&#038;hl=es-MX&#038;autohide=2&#038;wmode=transparent\" allowfullscreen=\"true\" style=\"border:0;\" sandbox=\"allow-scripts allow-same-origin allow-popups allow-presentation allow-popups-to-escape-sandbox\"><\/iframe><\/span><\/p>\n<p>La canci\u00f3n es una disculpa a su mam\u00e1 Debbie Matters ya que siempre tuvo problemas con ella e incluso se burlaba de ella en sus videos,\u00a0 canciones y hasta su pel\u00edcula 8 Mile. La rola es llegadora ya que por m\u00e1s que hable rapid\u00edsimo se comprende lo que intenta decirle a su mam\u00e1, el video se grab\u00f3 en perspectiva de su madre en primer plano en su mayor\u00eda y contiene un recopilado de escenas d\u00f3nde us\u00f3 la imagen de Debbie.<\/p>\n<p><strong>\u00bfQu\u00e9 les parece esta forma de pedir perd\u00f3n? Muy original por parte de Eminem <\/strong><\/p>\n","protected":false},"excerpt":{"rendered":"Aprovechando que Eminem est\u00e1 presente en el \u00faltimo rumor del line-up del Corona Capital y que con la&hellip;\n","protected":false},"author":1,"featured_media":15993,"comment_status":"open","ping_status":"open","sticky":false,"template":"","format":"standard","meta":{"jetpack_post_was_ever_published":false,"_jetpack_newsletter_access":"","_jetpack_dont_email_post_to_subs":false,"_jetpack_newsletter_tier_id":0,"_jetpack_memberships_contains_paywalled_content":false,"_jetpack_memberships_contains_paid_content":false,"footnotes":"","jetpack_publicize_message":"","jetpack_publicize_feature_enabled":true,"jetpack_social_post_already_shared":true,"jetpack_social_options":{"image_generator_settings":{"template":"highway","default_image_id":0,"font":"","enabled":false},"version":2}},"categories":[],"tags":[],"class_list":{"0":"post-15991","1":"post","2":"type-post","3":"status-publish","4":"format-standard","5":"has-post-thumbnail","7":"cs-entry","8":"cs-video-wrap"},"yoast_head":"<!-- This site is optimized with the Yoast SEO plugin v27.4 - https:\/\/yoast.com\/product\/yoast-seo-wordpress\/ -->\n<title>Eminem se disculpa con su mam\u00e1 en su nuevo video &quot;Headlights&quot; - Kalot<\/title>\n<meta name=\"description\" content=\"Aprovechando que Eminem est\u00e1 presente en el \u00faltimo rumor del line-up del Corona Capital y que con la fiebre que causan las fechas como el d\u00eda de las\" \/>\n<meta name=\"robots\" content=\"index, follow, max-snippet:-1, max-image-preview:large, max-video-preview:-1\" \/>\n<link rel=\"canonical\" href=\"https:\/\/kalot.com.mx\/site\/2014\/05\/12\/eminem-se-disculpa-con-su-mama-en-su-nuevo-video-headlights\/\" \/>\n<meta property=\"og:locale\" content=\"es_MX\" \/>\n<meta property=\"og:type\" content=\"article\" \/>\n<meta property=\"og:title\" content=\"Eminem se disculpa con su mam\u00e1 en su nuevo video &quot;Headlights&quot; - Kalot\" \/>\n<meta property=\"og:description\" content=\"Aprovechando que Eminem est\u00e1 presente en el \u00faltimo rumor del line-up del Corona Capital y que con la fiebre que causan las fechas como el d\u00eda de las\" \/>\n<meta property=\"og:url\" content=\"https:\/\/kalot.com.mx\/site\/2014\/05\/12\/eminem-se-disculpa-con-su-mama-en-su-nuevo-video-headlights\/\" \/>\n<meta property=\"og:site_name\" content=\"Kalot\" \/>\n<meta property=\"article:publisher\" content=\"http:\/\/facebook.com\/mxkalot\" \/>\n<meta property=\"article:author\" content=\"http:\/\/www.facebook.com\/jorgeerana\" \/>\n<meta property=\"article:published_time\" content=\"2014-05-12T20:33:43+00:00\" \/>\n<meta property=\"article:modified_time\" content=\"2014-05-12T20:47:40+00:00\" \/>\n<meta property=\"og:image\" content=\"https:\/\/i1.wp.com\/kalot.com.mx\/site\/wp-content\/uploads\/2014\/05\/eminem-headlights-video.jpg?fit=475%2C326&ssl=1\" \/>\n\t<meta property=\"og:image:width\" content=\"475\" \/>\n\t<meta property=\"og:image:height\" content=\"326\" \/>\n\t<meta property=\"og:image:type\" content=\"image\/jpeg\" \/>\n<meta name=\"author\" content=\"Jorge Era\u00f1a\" \/>\n<meta name=\"twitter:card\" content=\"summary_large_image\" \/>\n<meta name=\"twitter:creator\" content=\"@jorge_erana\" \/>\n<meta name=\"twitter:site\" content=\"@kalotmx\" \/>\n<meta name=\"twitter:label1\" content=\"Escrito por\" \/>\n\t<meta name=\"twitter:data1\" content=\"Jorge Era\u00f1a\" \/>\n\t<meta name=\"twitter:label2\" content=\"Tiempo de lectura\" \/>\n\t<meta name=\"twitter:data2\" content=\"1 minuto\" \/>\n<!-- \/ Yoast SEO plugin. -->","yoast_head_json":{"title":"Eminem se disculpa con su mam\u00e1 en su nuevo video \"Headlights\" - Kalot","description":"Aprovechando que Eminem est\u00e1 presente en el \u00faltimo rumor del line-up del Corona Capital y que con la fiebre que causan las fechas como el d\u00eda de las","robots":{"index":"index","follow":"follow","max-snippet":"max-snippet:-1","max-image-preview":"max-image-preview:large","max-video-preview":"max-video-preview:-1"},"canonical":"https:\/\/kalot.com.mx\/site\/2014\/05\/12\/eminem-se-disculpa-con-su-mama-en-su-nuevo-video-headlights\/","og_locale":"es_MX","og_type":"article","og_title":"Eminem se disculpa con su mam\u00e1 en su nuevo video \"Headlights\" - Kalot","og_description":"Aprovechando que Eminem est\u00e1 presente en el \u00faltimo rumor del line-up del Corona Capital y que con la fiebre que causan las fechas como el d\u00eda de las","og_url":"https:\/\/kalot.com.mx\/site\/2014\/05\/12\/eminem-se-disculpa-con-su-mama-en-su-nuevo-video-headlights\/","og_site_name":"Kalot","article_publisher":"http:\/\/facebook.com\/mxkalot","article_author":"http:\/\/www.facebook.com\/jorgeerana","article_published_time":"2014-05-12T20:33:43+00:00","article_modified_time":"2014-05-12T20:47:40+00:00","og_image":[{"width":475,"height":326,"url":"https:\/\/i1.wp.com\/kalot.com.mx\/site\/wp-content\/uploads\/2014\/05\/eminem-headlights-video.jpg?fit=475%2C326&ssl=1","type":"image\/jpeg"}],"author":"Jorge Era\u00f1a","twitter_card":"summary_large_image","twitter_creator":"@jorge_erana","twitter_site":"@kalotmx","twitter_misc":{"Escrito por":"Jorge Era\u00f1a","Tiempo de lectura":"1 minuto"},"schema":{"@context":"https:\/\/schema.org","@graph":[{"@type":"Article","@id":"https:\/\/kalot.com.mx\/site\/2014\/05\/12\/eminem-se-disculpa-con-su-mama-en-su-nuevo-video-headlights\/#article","isPartOf":{"@id":"https:\/\/kalot.com.mx\/site\/2014\/05\/12\/eminem-se-disculpa-con-su-mama-en-su-nuevo-video-headlights\/"},"author":{"name":"Jorge Era\u00f1a","@id":"https:\/\/kalot.com.mx\/site\/#\/schema\/person\/439e32b5ce86d9bc80cf42ab58e1c6e0"},"headline":"Eminem se disculpa con su mam\u00e1 en su nuevo video &#8220;Headlights&#8221;","datePublished":"2014-05-12T20:33:43+00:00","dateModified":"2014-05-12T20:47:40+00:00","mainEntityOfPage":{"@id":"https:\/\/kalot.com.mx\/site\/2014\/05\/12\/eminem-se-disculpa-con-su-mama-en-su-nuevo-video-headlights\/"},"wordCount":166,"commentCount":0,"publisher":{"@id":"https:\/\/kalot.com.mx\/site\/#organization"},"image":{"@id":"https:\/\/kalot.com.mx\/site\/2014\/05\/12\/eminem-se-disculpa-con-su-mama-en-su-nuevo-video-headlights\/#primaryimage"},"thumbnailUrl":"https:\/\/i0.wp.com\/kalot.com.mx\/site\/wp-content\/uploads\/2014\/05\/eminem-headlights-video.jpg?fit=475%2C326&ssl=1","inLanguage":"es","potentialAction":[{"@type":"CommentAction","name":"Comment","target":["https:\/\/kalot.com.mx\/site\/2014\/05\/12\/eminem-se-disculpa-con-su-mama-en-su-nuevo-video-headlights\/#respond"]}]},{"@type":"WebPage","@id":"https:\/\/kalot.com.mx\/site\/2014\/05\/12\/eminem-se-disculpa-con-su-mama-en-su-nuevo-video-headlights\/","url":"https:\/\/kalot.com.mx\/site\/2014\/05\/12\/eminem-se-disculpa-con-su-mama-en-su-nuevo-video-headlights\/","name":"Eminem se disculpa con su mam\u00e1 en su nuevo video \"Headlights\" - Kalot","isPartOf":{"@id":"https:\/\/kalot.com.mx\/site\/#website"},"primaryImageOfPage":{"@id":"https:\/\/kalot.com.mx\/site\/2014\/05\/12\/eminem-se-disculpa-con-su-mama-en-su-nuevo-video-headlights\/#primaryimage"},"image":{"@id":"https:\/\/kalot.com.mx\/site\/2014\/05\/12\/eminem-se-disculpa-con-su-mama-en-su-nuevo-video-headlights\/#primaryimage"},"thumbnailUrl":"https:\/\/i0.wp.com\/kalot.com.mx\/site\/wp-content\/uploads\/2014\/05\/eminem-headlights-video.jpg?fit=475%2C326&ssl=1","datePublished":"2014-05-12T20:33:43+00:00","dateModified":"2014-05-12T20:47:40+00:00","description":"Aprovechando que Eminem est\u00e1 presente en el \u00faltimo rumor del line-up del Corona Capital y que con la fiebre que causan las fechas como el d\u00eda de las","breadcrumb":{"@id":"https:\/\/kalot.com.mx\/site\/2014\/05\/12\/eminem-se-disculpa-con-su-mama-en-su-nuevo-video-headlights\/#breadcrumb"},"inLanguage":"es","potentialAction":[{"@type":"ReadAction","target":["https:\/\/kalot.com.mx\/site\/2014\/05\/12\/eminem-se-disculpa-con-su-mama-en-su-nuevo-video-headlights\/"]}]},{"@type":"ImageObject","inLanguage":"es","@id":"https:\/\/kalot.com.mx\/site\/2014\/05\/12\/eminem-se-disculpa-con-su-mama-en-su-nuevo-video-headlights\/#primaryimage","url":"https:\/\/i0.wp.com\/kalot.com.mx\/site\/wp-content\/uploads\/2014\/05\/eminem-headlights-video.jpg?fit=475%2C326&ssl=1","contentUrl":"https:\/\/i0.wp.com\/kalot.com.mx\/site\/wp-content\/uploads\/2014\/05\/eminem-headlights-video.jpg?fit=475%2C326&ssl=1","width":475,"height":326},{"@type":"BreadcrumbList","@id":"https:\/\/kalot.com.mx\/site\/2014\/05\/12\/eminem-se-disculpa-con-su-mama-en-su-nuevo-video-headlights\/#breadcrumb","itemListElement":[{"@type":"ListItem","position":1,"name":"Home","item":"https:\/\/kalot.com.mx\/site\/"},{"@type":"ListItem","position":2,"name":"Eminem se disculpa con su mam\u00e1 en su nuevo video &#8220;Headlights&#8221;"}]},{"@type":"WebSite","@id":"https:\/\/kalot.com.mx\/site\/#website","url":"https:\/\/kalot.com.mx\/site\/","name":"Kalot","description":"Conoce Todo Sobre Todo","publisher":{"@id":"https:\/\/kalot.com.mx\/site\/#organization"},"potentialAction":[{"@type":"SearchAction","target":{"@type":"EntryPoint","urlTemplate":"https:\/\/kalot.com.mx\/site\/?s={search_term_string}"},"query-input":{"@type":"PropertyValueSpecification","valueRequired":true,"valueName":"search_term_string"}}],"inLanguage":"es"},{"@type":"Organization","@id":"https:\/\/kalot.com.mx\/site\/#organization","name":"Kalot","url":"https:\/\/kalot.com.mx\/site\/","logo":{"@type":"ImageObject","inLanguage":"es","@id":"https:\/\/kalot.com.mx\/site\/#\/schema\/logo\/image\/","url":"https:\/\/i0.wp.com\/kalot.com.mx\/site\/wp-content\/uploads\/2020\/04\/Kalot-logo-sin-tagline.png?fit=1707%2C1014&ssl=1","contentUrl":"https:\/\/i0.wp.com\/kalot.com.mx\/site\/wp-content\/uploads\/2020\/04\/Kalot-logo-sin-tagline.png?fit=1707%2C1014&ssl=1","width":1707,"height":1014,"caption":"Kalot"},"image":{"@id":"https:\/\/kalot.com.mx\/site\/#\/schema\/logo\/image\/"},"sameAs":["http:\/\/facebook.com\/mxkalot","https:\/\/x.com\/kalotmx","http:\/\/instagram.com\/kalotmx","http:\/\/pinterest.com\/jorgeerana\/kalot"]},{"@type":"Person","@id":"https:\/\/kalot.com.mx\/site\/#\/schema\/person\/439e32b5ce86d9bc80cf42ab58e1c6e0","name":"Jorge Era\u00f1a","image":{"@type":"ImageObject","inLanguage":"es","@id":"https:\/\/secure.gravatar.com\/avatar\/212c04a1057d7abed0b82aaef6a7ff59168e10f70fcde39376c565ea83c43a85?s=96&d=mm&r=g","url":"https:\/\/secure.gravatar.com\/avatar\/212c04a1057d7abed0b82aaef6a7ff59168e10f70fcde39376c565ea83c43a85?s=96&d=mm&r=g","contentUrl":"https:\/\/secure.gravatar.com\/avatar\/212c04a1057d7abed0b82aaef6a7ff59168e10f70fcde39376c565ea83c43a85?s=96&d=mm&r=g","caption":"Jorge Era\u00f1a"},"description":"Fundador de @KalotMx Mercad\u00f3logo, amante de la tecnolog\u00eda, #Geekazo, #socialmedia, #MarketingDigital, tv-shows, movies y de la vida. Admin","sameAs":["http:\/\/www.kalot.com.mx","http:\/\/www.facebook.com\/jorgeerana","https:\/\/x.com\/jorge_erana"],"url":"https:\/\/kalot.com.mx\/site\/author\/admin\/"}]}},"jetpack_publicize_connections":[],"jetpack_featured_media_url":"https:\/\/i0.wp.com\/kalot.com.mx\/site\/wp-content\/uploads\/2014\/05\/eminem-headlights-video.jpg?fit=475%2C326&ssl=1","jetpack_shortlink":"https:\/\/wp.me\/p6IHEI-49V","jetpack-related-posts":[{"id":19087,"url":"https:\/\/kalot.com.mx\/site\/2014\/11\/06\/taylor-swift-rompe-record-con-su-nuevo-disco-1989\/","url_meta":{"origin":15991,"position":0},"title":"Taylor Swift rompe record con su nuevo disco &#8220;1989&#8221;","author":"Ivan Mendez","date":"6 noviembre, 2014","format":false,"excerpt":"La cantante estadounidense Taylor Swift puede estar orgullosa de un nuevo \u00a0logro en su carrera musical: su disco vendi\u00f3 a tan solo una semana de su lanzamiento la sorprendente cantidad de 1.2 millones de discos, superando as\u00ed al Eminem que en dos semanas hab\u00eda vendido 1.3 millones en 2002. \"Red\"\u2026","rel":"","context":"Con 1 comentario","block_context":{"text":"Con 1 comentario","link":"https:\/\/kalot.com.mx\/site\/2014\/11\/06\/taylor-swift-rompe-record-con-su-nuevo-disco-1989\/#comments"},"img":{"alt_text":"","src":"https:\/\/i0.wp.com\/kalot.com.mx\/site\/wp-content\/uploads\/2014\/11\/Taylor-Swift-1989-Deluxe-2014-1200x1200-615562.png?fit=1200%2C1200&ssl=1&resize=350%2C200","width":350,"height":200,"srcset":"https:\/\/i0.wp.com\/kalot.com.mx\/site\/wp-content\/uploads\/2014\/11\/Taylor-Swift-1989-Deluxe-2014-1200x1200-615562.png?fit=1200%2C1200&ssl=1&resize=350%2C200 1x, https:\/\/i0.wp.com\/kalot.com.mx\/site\/wp-content\/uploads\/2014\/11\/Taylor-Swift-1989-Deluxe-2014-1200x1200-615562.png?fit=1200%2C1200&ssl=1&resize=525%2C300 1.5x, https:\/\/i0.wp.com\/kalot.com.mx\/site\/wp-content\/uploads\/2014\/11\/Taylor-Swift-1989-Deluxe-2014-1200x1200-615562.png?fit=1200%2C1200&ssl=1&resize=700%2C400 2x, https:\/\/i0.wp.com\/kalot.com.mx\/site\/wp-content\/uploads\/2014\/11\/Taylor-Swift-1989-Deluxe-2014-1200x1200-615562.png?fit=1200%2C1200&ssl=1&resize=1050%2C600 3x"},"classes":[]},{"id":3024,"url":"https:\/\/kalot.com.mx\/site\/2013\/10\/02\/youtube-music-awards-musica-youtube\/","url_meta":{"origin":15991,"position":1},"title":"YouTube Music Awards #M\u00fasica @YouTube","author":"K. Max","date":"2 octubre, 2013","format":false,"excerpt":"YouTube, una de las m\u00e1s grandes redes sociales, ha lanzado un concepto relativamente nuevo, y digo relativamente porque ya todo mundo ofrece los awards o premios en recompensa por ser el m\u00e1s\/mejor (inserte algo), ahora lo innovador ser\u00e1 que los ganadores se elegir\u00e1n de acuerdo al mayor n\u00famero de veces\u2026","rel":"","context":"Entrada similar ","block_context":{"text":"Entrada similar ","link":""},"img":{"alt_text":"","src":"https:\/\/i0.wp.com\/kalot.com.mx\/site\/wp-content\/uploads\/2013\/10\/trophy_youtube.jpg?fit=1024%2C768&ssl=1&resize=350%2C200","width":350,"height":200,"srcset":"https:\/\/i0.wp.com\/kalot.com.mx\/site\/wp-content\/uploads\/2013\/10\/trophy_youtube.jpg?fit=1024%2C768&ssl=1&resize=350%2C200 1x, https:\/\/i0.wp.com\/kalot.com.mx\/site\/wp-content\/uploads\/2013\/10\/trophy_youtube.jpg?fit=1024%2C768&ssl=1&resize=525%2C300 1.5x, https:\/\/i0.wp.com\/kalot.com.mx\/site\/wp-content\/uploads\/2013\/10\/trophy_youtube.jpg?fit=1024%2C768&ssl=1&resize=700%2C400 2x"},"classes":[]},{"id":19159,"url":"https:\/\/kalot.com.mx\/site\/2014\/11\/10\/gracias-yahoo-nuevo-video-de-taylo-swift\/","url_meta":{"origin":15991,"position":2},"title":"Gracias Yahoo&#8230; Nuevo V\u00eddeo de Taylo Swift","author":"Adrian Aldana","date":"10 noviembre, 2014","format":false,"excerpt":"Hola lectores, as\u00ed es gracias a un peque\u00f1o error de Yahoo, pues se subi\u00f3 el nuevo v\u00eddeo de Taylor Swift de manera anticipada el cu\u00e1l lleva por t\u00edtulo: Blank Space Aqu\u00ed puedes verlo: \u00a0 https:\/\/www.youtube.com\/watch?v=e-ORhEE9VVg Y en este apartado, puedes leer un poco de la letra de la canci\u00f3n: Nice\u2026","rel":"","context":"Entrada similar ","block_context":{"text":"Entrada similar ","link":""},"img":{"alt_text":"","src":"https:\/\/i0.wp.com\/kalot.com.mx\/site\/wp-content\/uploads\/2014\/11\/Taylor-Swift-1989-Deluxe-2014-1200x1200-615562.png?fit=1200%2C1200&ssl=1&resize=350%2C200","width":350,"height":200,"srcset":"https:\/\/i0.wp.com\/kalot.com.mx\/site\/wp-content\/uploads\/2014\/11\/Taylor-Swift-1989-Deluxe-2014-1200x1200-615562.png?fit=1200%2C1200&ssl=1&resize=350%2C200 1x, https:\/\/i0.wp.com\/kalot.com.mx\/site\/wp-content\/uploads\/2014\/11\/Taylor-Swift-1989-Deluxe-2014-1200x1200-615562.png?fit=1200%2C1200&ssl=1&resize=525%2C300 1.5x, https:\/\/i0.wp.com\/kalot.com.mx\/site\/wp-content\/uploads\/2014\/11\/Taylor-Swift-1989-Deluxe-2014-1200x1200-615562.png?fit=1200%2C1200&ssl=1&resize=700%2C400 2x, https:\/\/i0.wp.com\/kalot.com.mx\/site\/wp-content\/uploads\/2014\/11\/Taylor-Swift-1989-Deluxe-2014-1200x1200-615562.png?fit=1200%2C1200&ssl=1&resize=1050%2C600 3x"},"classes":[]},{"id":11919,"url":"https:\/\/kalot.com.mx\/site\/2014\/02\/18\/los-brit-awards-2014-se-acercan\/","url_meta":{"origin":15991,"position":3},"title":"Los Brit Awards 2014 Se acercan","author":"Cecilia Mata","date":"18 febrero, 2014","format":false,"excerpt":"Este miercoles 19 de febrero en la O2 Arena de la ciudad inglesa de Londres se llevara acabo el evento de los Brit Awards que reconoce lo mejor de la m\u00fasica brit\u00e1nica. El actor y comediante James Corden se desempe\u00f1ar\u00e1 como anfitri\u00f3n una vez m\u00e1s, mientras que Artic Monkeys, Bastille,\u2026","rel":"","context":"En &quot;Sin categor\u00eda&quot;","block_context":{"text":"Sin categor\u00eda","link":"https:\/\/kalot.com.mx\/site\/category\/sin-categoria\/"},"img":{"alt_text":"","src":"https:\/\/i0.wp.com\/kalot.com.mx\/site\/wp-content\/uploads\/2014\/02\/brits2014_600.jpg?fit=642%2C364&ssl=1&resize=350%2C200","width":350,"height":200,"srcset":"https:\/\/i0.wp.com\/kalot.com.mx\/site\/wp-content\/uploads\/2014\/02\/brits2014_600.jpg?fit=642%2C364&ssl=1&resize=350%2C200 1x, https:\/\/i0.wp.com\/kalot.com.mx\/site\/wp-content\/uploads\/2014\/02\/brits2014_600.jpg?fit=642%2C364&ssl=1&resize=525%2C300 1.5x"},"classes":[]},{"id":16296,"url":"https:\/\/kalot.com.mx\/site\/2014\/05\/21\/posible-cartel-del-corona-capital-2014\/","url_meta":{"origin":15991,"position":4},"title":"Posible Cartel del Corona Capital 2014!!!","author":"David S\u00e1nchez","date":"21 mayo, 2014","format":false,"excerpt":"Pues mis queridos animalitos de Dios, el d\u00eda de hoy escribo este art\u00edculo desde la hermosa y airosa ciudad de Chicago, y no lo digo para presumir\u00a0ya que vine de trabajo, sino que en esta ciudad se llevar\u00e1 a cabo en la primera semana de Agosto una edici\u00f3n m\u00e1s del\u2026","rel":"","context":"Con 2 comentarios","block_context":{"text":"Con 2 comentarios","link":"https:\/\/kalot.com.mx\/site\/2014\/05\/21\/posible-cartel-del-corona-capital-2014\/#comments"},"img":{"alt_text":"","src":"https:\/\/i0.wp.com\/kalot.com.mx\/site\/wp-content\/uploads\/2014\/05\/festival-corona-capital-720x430.jpg?fit=720%2C430&ssl=1&resize=350%2C200","width":350,"height":200,"srcset":"https:\/\/i0.wp.com\/kalot.com.mx\/site\/wp-content\/uploads\/2014\/05\/festival-corona-capital-720x430.jpg?fit=720%2C430&ssl=1&resize=350%2C200 1x, https:\/\/i0.wp.com\/kalot.com.mx\/site\/wp-content\/uploads\/2014\/05\/festival-corona-capital-720x430.jpg?fit=720%2C430&ssl=1&resize=525%2C300 1.5x, https:\/\/i0.wp.com\/kalot.com.mx\/site\/wp-content\/uploads\/2014\/05\/festival-corona-capital-720x430.jpg?fit=720%2C430&ssl=1&resize=700%2C400 2x"},"classes":[]},{"id":5402,"url":"https:\/\/kalot.com.mx\/site\/2013\/10\/31\/tu-mas-que-nadie-merece-ser-feliz-parte-dos-tu\/","url_meta":{"origin":15991,"position":5},"title":"TU MAS QUE NADIE MERECE SER FELIZ. PARTE DOS. #TU","author":"Leticia SanMiguel","date":"31 octubre, 2013","format":false,"excerpt":"Para poder atacar tus problema lo primero que debes hacer es conocerlos. Chuladas bellas!! y es que creo que hemos iniciado un nueva etapa somos una nueva generaci\u00f3n que ve mas all\u00e1. Ya no solo, existe el casarse tener los hijos, la casa, el perro, o el auto ultimo modelo.......\u2026","rel":"","context":"Entrada similar ","block_context":{"text":"Entrada similar ","link":""},"img":{"alt_text":"","src":"https:\/\/i0.wp.com\/kalot.com.mx\/site\/wp-content\/uploads\/2013\/10\/pelea_ni%C3%B1os.jpg?fit=445%2C338&ssl=1&resize=350%2C200","width":350,"height":200},"classes":[]}],"jetpack_sharing_enabled":true,"_links":{"self":[{"href":"https:\/\/kalot.com.mx\/site\/wp-json\/wp\/v2\/posts\/15991","targetHints":{"allow":["GET"]}}],"collection":[{"href":"https:\/\/kalot.com.mx\/site\/wp-json\/wp\/v2\/posts"}],"about":[{"href":"https:\/\/kalot.com.mx\/site\/wp-json\/wp\/v2\/types\/post"}],"author":[{"embeddable":true,"href":"https:\/\/kalot.com.mx\/site\/wp-json\/wp\/v2\/users\/1"}],"replies":[{"embeddable":true,"href":"https:\/\/kalot.com.mx\/site\/wp-json\/wp\/v2\/comments?post=15991"}],"version-history":[{"count":0,"href":"https:\/\/kalot.com.mx\/site\/wp-json\/wp\/v2\/posts\/15991\/revisions"}],"wp:featuredmedia":[{"embeddable":true,"href":"https:\/\/kalot.com.mx\/site\/wp-json\/wp\/v2\/media\/15993"}],"wp:attachment":[{"href":"https:\/\/kalot.com.mx\/site\/wp-json\/wp\/v2\/media?parent=15991"}],"wp:term":[{"taxonomy":"category","embeddable":true,"href":"https:\/\/kalot.com.mx\/site\/wp-json\/wp\/v2\/categories?post=15991"},{"taxonomy":"post_tag","embeddable":true,"href":"https:\/\/kalot.com.mx\/site\/wp-json\/wp\/v2\/tags?post=15991"}],"curies":[{"name":"wp","href":"https:\/\/api.w.org\/{rel}","templated":true}]}}