{"id":15925,"date":"2014-05-09T13:41:30","date_gmt":"2014-05-09T18:41:30","guid":{"rendered":"http:\/\/www.kalot.com.mx\/?p=15925"},"modified":"2017-12-20T15:55:21","modified_gmt":"2017-12-20T21:55:21","slug":"lista-de-seleccionados-mexicanos-de-cara-al-mundial","status":"publish","type":"post","link":"https:\/\/kalot.com.mx\/site\/2014\/05\/09\/lista-de-seleccionados-mexicanos-de-cara-al-mundial\/","title":{"rendered":"Lista de seleccionados mexicanos de cara al mundial."},"content":{"rendered":"<p>El director t\u00e9cnico de la selecci\u00f3n mexicana Miguel Herrera dio a conocer este viernes la lista de los 23 jugadores que ir\u00e1n a este pr\u00f3ximo mundial a llevarse a cabo en Brasil.<\/p>\n<p>Hace algunos minutos que en conferencia de prensa el director t\u00e9cnico dio a conocer la lista de estos 23 jugadores y dijo que la FIFA al pasar de los d\u00edas dar\u00e1 a conocer el nombre de los otros 7 jugadores faltantes. El \u201cpiojo\u201d Herrera desminti\u00f3 una vez m\u00e1s que alg\u00fan directivo externo, medio de comunicaci\u00f3n o patrocinadores tenga algo que ver con la decisi\u00f3n que tom\u00f3 su equipo de colaboradores y dijo tambi\u00e9n que \u201ctenemos la exigencia m\u00ednima del quinto partido\u201d y que al menos diez de los que conforman la lista ya hab\u00edan asistido a un mundial.<\/p>\n<p><a href=\"https:\/\/i0.wp.com\/www.kalot.com.mx\/wp-content\/uploads\/2014\/05\/images-2.jpg\"><img fetchpriority=\"high\" decoding=\"async\" data-attachment-id=\"15926\" data-permalink=\"https:\/\/kalot.com.mx\/site\/2014\/05\/09\/lista-de-seleccionados-mexicanos-de-cara-al-mundial\/images-2-8\/\" data-orig-file=\"https:\/\/i0.wp.com\/kalot.com.mx\/site\/wp-content\/uploads\/2014\/05\/images-2.jpg?fit=274%2C184&amp;ssl=1\" data-orig-size=\"274,184\" data-comments-opened=\"1\" data-image-meta=\"{&quot;aperture&quot;:&quot;0&quot;,&quot;credit&quot;:&quot;&quot;,&quot;camera&quot;:&quot;&quot;,&quot;caption&quot;:&quot;&quot;,&quot;created_timestamp&quot;:&quot;0&quot;,&quot;copyright&quot;:&quot;&quot;,&quot;focal_length&quot;:&quot;0&quot;,&quot;iso&quot;:&quot;0&quot;,&quot;shutter_speed&quot;:&quot;0&quot;,&quot;title&quot;:&quot;&quot;,&quot;orientation&quot;:&quot;0&quot;}\" data-image-title=\"images (2)\" data-image-description=\"\" data-image-caption=\"\" data-large-file=\"https:\/\/i0.wp.com\/kalot.com.mx\/site\/wp-content\/uploads\/2014\/05\/images-2.jpg?fit=274%2C184&amp;ssl=1\" src=\"https:\/\/i0.wp.com\/kalot.com.mx\/site\/wp-content\/uploads\/2013\/08\/20130830-134112.jpg?fit=1000%2C813&#038;ssl=1\" alt=\"images (2)\" width=\"1000\" height=\"813\" class=\"alignnone size-full wp-image-15926\" \/><\/a><\/p>\n<p>Para finalizar el director mostr\u00f3 la lista para fotograf\u00eda y a los medio de comunicaci\u00f3n y mostr\u00f3 un video que funcion\u00f3 como primer promocional ya con los jugadores seleccionados, cabe mencionar que el portero del equipo Am\u00e9rica Mois\u00e9s Mu\u00f1oz y  Javier Aquino quedaron fuera de la lista pese a la buena relaci\u00f3n con el t\u00e9cnico. <\/p>\n<p>A continuaci\u00f3n te presentamos la lista:<\/p>\n<p>Porteros:<br \/>\nJes\u00fas Corona &#8211; Cruz Azul<br \/>\nGuillermo Ochoa &#8211; Ajaccio<br \/>\nAlfredo Talavera &#8211; Toluca<\/p>\n<p>Defensas:<br \/>\nPaul Aguilar &#8211; Am\u00e9rica<br \/>\nAndr\u00e9s Guardado &#8211; Bayern Leverkusen<br \/>\nMiguel Lay\u00fan &#8211; Am\u00e9rica<br \/>\nRafael M\u00e1rquez &#8211; Le\u00f3n<br \/>\nH\u00e9ctor Moreno &#8211; Espanyol de Barcelona<br \/>\nDiego Reyes &#8211; Porto<br \/>\nFrancisco Rodr\u00edguez &#8211; Am\u00e9rica<br \/>\nCarlos Salcido &#8211; Tigres<\/p>\n<p>Medios:<br \/>\nIsaac Brizuela &#8211; Toluca<br \/>\nMarco Fabi\u00e1n &#8211; Cruz Azul<br \/>\nH\u00e9ctor Herrera &#8211; Porto<br \/>\nJuan Carlos Medina &#8211; Am\u00e9rica<br \/>\nLuis Montes &#8211; Le\u00f3n<br \/>\nCarlos Pe\u00f1a &#8211; Le\u00f3n<br \/>\nJos\u00e9 Juan V\u00e1zquez &#8211; Le\u00f3n<\/p>\n<p>Delanteros:<br \/>\nGiovani Dos Santos &#8211; Villarreal<br \/>\nJavier Hern\u00e1ndez &#8211; Manchester United<br \/>\nRa\u00fal Jim\u00e9nez &#8211; Am\u00e9rica<br \/>\nOribe Peralta &#8211; Santos<br \/>\nAl\u00e1n Pulido &#8211; Tigres<\/p>\n","protected":false},"excerpt":{"rendered":"El director t\u00e9cnico de la selecci\u00f3n mexicana Miguel Herrera dio a conocer este viernes la lista de los&hellip;\n","protected":false},"author":95,"featured_media":15927,"comment_status":"open","ping_status":"open","sticky":false,"template":"","format":"standard","meta":{"jetpack_post_was_ever_published":false,"_jetpack_newsletter_access":"","_jetpack_dont_email_post_to_subs":false,"_jetpack_newsletter_tier_id":0,"_jetpack_memberships_contains_paywalled_content":false,"_jetpack_memberships_contains_paid_content":false,"footnotes":"","jetpack_publicize_message":"","jetpack_publicize_feature_enabled":true,"jetpack_social_post_already_shared":true,"jetpack_social_options":{"image_generator_settings":{"template":"highway","default_image_id":0,"font":"","enabled":false},"version":2}},"categories":[1],"tags":[],"class_list":{"0":"post-15925","1":"post","2":"type-post","3":"status-publish","4":"format-standard","5":"has-post-thumbnail","7":"category-sin-categoria","8":"cs-entry","9":"cs-video-wrap"},"yoast_head":"<!-- This site is optimized with the Yoast SEO plugin v27.4 - https:\/\/yoast.com\/product\/yoast-seo-wordpress\/ -->\n<title>Lista de seleccionados mexicanos de cara al mundial. - Kalot<\/title>\n<meta name=\"description\" content=\"El director t\u00e9cnico de la selecci\u00f3n mexicana Miguel Herrera dio a conocer este viernes la lista de los 23 jugadores que ir\u00e1n a este pr\u00f3ximo mundial a\" \/>\n<meta name=\"robots\" content=\"index, follow, max-snippet:-1, max-image-preview:large, max-video-preview:-1\" \/>\n<link rel=\"canonical\" href=\"https:\/\/kalot.com.mx\/site\/2014\/05\/09\/lista-de-seleccionados-mexicanos-de-cara-al-mundial\/\" \/>\n<meta property=\"og:locale\" content=\"es_MX\" \/>\n<meta property=\"og:type\" content=\"article\" \/>\n<meta property=\"og:title\" content=\"Lista de seleccionados mexicanos de cara al mundial. - Kalot\" \/>\n<meta property=\"og:description\" content=\"El director t\u00e9cnico de la selecci\u00f3n mexicana Miguel Herrera dio a conocer este viernes la lista de los 23 jugadores que ir\u00e1n a este pr\u00f3ximo mundial a\" \/>\n<meta property=\"og:url\" content=\"https:\/\/kalot.com.mx\/site\/2014\/05\/09\/lista-de-seleccionados-mexicanos-de-cara-al-mundial\/\" \/>\n<meta property=\"og:site_name\" content=\"Kalot\" \/>\n<meta property=\"article:publisher\" content=\"http:\/\/facebook.com\/mxkalot\" \/>\n<meta property=\"article:author\" content=\"www.facebook.com\/kyrzh.17\" \/>\n<meta property=\"article:published_time\" content=\"2014-05-09T18:41:30+00:00\" \/>\n<meta property=\"article:modified_time\" content=\"2017-12-20T21:55:21+00:00\" \/>\n<meta property=\"og:image\" content=\"https:\/\/i1.wp.com\/kalot.com.mx\/site\/wp-content\/uploads\/2014\/05\/Miguel-Herrera-1869919.jpg?fit=630%2C330&ssl=1\" \/>\n\t<meta property=\"og:image:width\" content=\"630\" \/>\n\t<meta property=\"og:image:height\" content=\"330\" \/>\n\t<meta property=\"og:image:type\" content=\"image\/jpeg\" \/>\n<meta name=\"author\" content=\"Karen Reyes\" \/>\n<meta name=\"twitter:card\" content=\"summary_large_image\" \/>\n<meta name=\"twitter:creator\" content=\"@kyrzhday\" \/>\n<meta name=\"twitter:site\" content=\"@kalotmx\" \/>\n<meta name=\"twitter:label1\" content=\"Escrito por\" \/>\n\t<meta name=\"twitter:data1\" content=\"Karen Reyes\" \/>\n\t<meta name=\"twitter:label2\" content=\"Tiempo de lectura\" \/>\n\t<meta name=\"twitter:data2\" content=\"2 minutos\" \/>\n<!-- \/ Yoast SEO plugin. -->","yoast_head_json":{"title":"Lista de seleccionados mexicanos de cara al mundial. - Kalot","description":"El director t\u00e9cnico de la selecci\u00f3n mexicana Miguel Herrera dio a conocer este viernes la lista de los 23 jugadores que ir\u00e1n a este pr\u00f3ximo mundial a","robots":{"index":"index","follow":"follow","max-snippet":"max-snippet:-1","max-image-preview":"max-image-preview:large","max-video-preview":"max-video-preview:-1"},"canonical":"https:\/\/kalot.com.mx\/site\/2014\/05\/09\/lista-de-seleccionados-mexicanos-de-cara-al-mundial\/","og_locale":"es_MX","og_type":"article","og_title":"Lista de seleccionados mexicanos de cara al mundial. - Kalot","og_description":"El director t\u00e9cnico de la selecci\u00f3n mexicana Miguel Herrera dio a conocer este viernes la lista de los 23 jugadores que ir\u00e1n a este pr\u00f3ximo mundial a","og_url":"https:\/\/kalot.com.mx\/site\/2014\/05\/09\/lista-de-seleccionados-mexicanos-de-cara-al-mundial\/","og_site_name":"Kalot","article_publisher":"http:\/\/facebook.com\/mxkalot","article_author":"www.facebook.com\/kyrzh.17","article_published_time":"2014-05-09T18:41:30+00:00","article_modified_time":"2017-12-20T21:55:21+00:00","og_image":[{"width":630,"height":330,"url":"https:\/\/i1.wp.com\/kalot.com.mx\/site\/wp-content\/uploads\/2014\/05\/Miguel-Herrera-1869919.jpg?fit=630%2C330&ssl=1","type":"image\/jpeg"}],"author":"Karen Reyes","twitter_card":"summary_large_image","twitter_creator":"@kyrzhday","twitter_site":"@kalotmx","twitter_misc":{"Escrito por":"Karen Reyes","Tiempo de lectura":"2 minutos"},"schema":{"@context":"https:\/\/schema.org","@graph":[{"@type":"Article","@id":"https:\/\/kalot.com.mx\/site\/2014\/05\/09\/lista-de-seleccionados-mexicanos-de-cara-al-mundial\/#article","isPartOf":{"@id":"https:\/\/kalot.com.mx\/site\/2014\/05\/09\/lista-de-seleccionados-mexicanos-de-cara-al-mundial\/"},"author":{"name":"Karen Reyes","@id":"https:\/\/kalot.com.mx\/site\/#\/schema\/person\/d3b2342cb2b716ced073e402e1fe2357"},"headline":"Lista de seleccionados mexicanos de cara al mundial.","datePublished":"2014-05-09T18:41:30+00:00","dateModified":"2017-12-20T21:55:21+00:00","mainEntityOfPage":{"@id":"https:\/\/kalot.com.mx\/site\/2014\/05\/09\/lista-de-seleccionados-mexicanos-de-cara-al-mundial\/"},"wordCount":345,"commentCount":0,"publisher":{"@id":"https:\/\/kalot.com.mx\/site\/#organization"},"image":{"@id":"https:\/\/kalot.com.mx\/site\/2014\/05\/09\/lista-de-seleccionados-mexicanos-de-cara-al-mundial\/#primaryimage"},"thumbnailUrl":"https:\/\/i0.wp.com\/kalot.com.mx\/site\/wp-content\/uploads\/2014\/05\/Miguel-Herrera-1869919.jpg?fit=630%2C330&ssl=1","inLanguage":"es","potentialAction":[{"@type":"CommentAction","name":"Comment","target":["https:\/\/kalot.com.mx\/site\/2014\/05\/09\/lista-de-seleccionados-mexicanos-de-cara-al-mundial\/#respond"]}]},{"@type":"WebPage","@id":"https:\/\/kalot.com.mx\/site\/2014\/05\/09\/lista-de-seleccionados-mexicanos-de-cara-al-mundial\/","url":"https:\/\/kalot.com.mx\/site\/2014\/05\/09\/lista-de-seleccionados-mexicanos-de-cara-al-mundial\/","name":"Lista de seleccionados mexicanos de cara al mundial. - Kalot","isPartOf":{"@id":"https:\/\/kalot.com.mx\/site\/#website"},"primaryImageOfPage":{"@id":"https:\/\/kalot.com.mx\/site\/2014\/05\/09\/lista-de-seleccionados-mexicanos-de-cara-al-mundial\/#primaryimage"},"image":{"@id":"https:\/\/kalot.com.mx\/site\/2014\/05\/09\/lista-de-seleccionados-mexicanos-de-cara-al-mundial\/#primaryimage"},"thumbnailUrl":"https:\/\/i0.wp.com\/kalot.com.mx\/site\/wp-content\/uploads\/2014\/05\/Miguel-Herrera-1869919.jpg?fit=630%2C330&ssl=1","datePublished":"2014-05-09T18:41:30+00:00","dateModified":"2017-12-20T21:55:21+00:00","description":"El director t\u00e9cnico de la selecci\u00f3n mexicana Miguel Herrera dio a conocer este viernes la lista de los 23 jugadores que ir\u00e1n a este pr\u00f3ximo mundial a","breadcrumb":{"@id":"https:\/\/kalot.com.mx\/site\/2014\/05\/09\/lista-de-seleccionados-mexicanos-de-cara-al-mundial\/#breadcrumb"},"inLanguage":"es","potentialAction":[{"@type":"ReadAction","target":["https:\/\/kalot.com.mx\/site\/2014\/05\/09\/lista-de-seleccionados-mexicanos-de-cara-al-mundial\/"]}]},{"@type":"ImageObject","inLanguage":"es","@id":"https:\/\/kalot.com.mx\/site\/2014\/05\/09\/lista-de-seleccionados-mexicanos-de-cara-al-mundial\/#primaryimage","url":"https:\/\/i0.wp.com\/kalot.com.mx\/site\/wp-content\/uploads\/2014\/05\/Miguel-Herrera-1869919.jpg?fit=630%2C330&ssl=1","contentUrl":"https:\/\/i0.wp.com\/kalot.com.mx\/site\/wp-content\/uploads\/2014\/05\/Miguel-Herrera-1869919.jpg?fit=630%2C330&ssl=1","width":630,"height":330},{"@type":"BreadcrumbList","@id":"https:\/\/kalot.com.mx\/site\/2014\/05\/09\/lista-de-seleccionados-mexicanos-de-cara-al-mundial\/#breadcrumb","itemListElement":[{"@type":"ListItem","position":1,"name":"Home","item":"https:\/\/kalot.com.mx\/site\/"},{"@type":"ListItem","position":2,"name":"Lista de seleccionados mexicanos de cara al mundial."}]},{"@type":"WebSite","@id":"https:\/\/kalot.com.mx\/site\/#website","url":"https:\/\/kalot.com.mx\/site\/","name":"Kalot","description":"Conoce Todo Sobre Todo","publisher":{"@id":"https:\/\/kalot.com.mx\/site\/#organization"},"potentialAction":[{"@type":"SearchAction","target":{"@type":"EntryPoint","urlTemplate":"https:\/\/kalot.com.mx\/site\/?s={search_term_string}"},"query-input":{"@type":"PropertyValueSpecification","valueRequired":true,"valueName":"search_term_string"}}],"inLanguage":"es"},{"@type":"Organization","@id":"https:\/\/kalot.com.mx\/site\/#organization","name":"Kalot","url":"https:\/\/kalot.com.mx\/site\/","logo":{"@type":"ImageObject","inLanguage":"es","@id":"https:\/\/kalot.com.mx\/site\/#\/schema\/logo\/image\/","url":"https:\/\/i0.wp.com\/kalot.com.mx\/site\/wp-content\/uploads\/2020\/04\/Kalot-logo-sin-tagline.png?fit=1707%2C1014&ssl=1","contentUrl":"https:\/\/i0.wp.com\/kalot.com.mx\/site\/wp-content\/uploads\/2020\/04\/Kalot-logo-sin-tagline.png?fit=1707%2C1014&ssl=1","width":1707,"height":1014,"caption":"Kalot"},"image":{"@id":"https:\/\/kalot.com.mx\/site\/#\/schema\/logo\/image\/"},"sameAs":["http:\/\/facebook.com\/mxkalot","https:\/\/x.com\/kalotmx","http:\/\/instagram.com\/kalotmx","http:\/\/pinterest.com\/jorgeerana\/kalot"]},{"@type":"Person","@id":"https:\/\/kalot.com.mx\/site\/#\/schema\/person\/d3b2342cb2b716ced073e402e1fe2357","name":"Karen Reyes","image":{"@type":"ImageObject","inLanguage":"es","@id":"https:\/\/secure.gravatar.com\/avatar\/d42f76b0bd0dd4b20fd4d1581c0040292a6a7d9ff9e1d9025660a3c8cb0fa4f7?s=96&d=mm&r=g","url":"https:\/\/secure.gravatar.com\/avatar\/d42f76b0bd0dd4b20fd4d1581c0040292a6a7d9ff9e1d9025660a3c8cb0fa4f7?s=96&d=mm&r=g","contentUrl":"https:\/\/secure.gravatar.com\/avatar\/d42f76b0bd0dd4b20fd4d1581c0040292a6a7d9ff9e1d9025660a3c8cb0fa4f7?s=96&d=mm&r=g","caption":"Karen Reyes"},"description":"Estudiante de Ingenier\u00eda en la UASLP, trabajo en el ramo de las verificaciones de obras el\u00e9ctricas. Del hermoso Altiplano Potos\u00edno en Matehuala. Mi s\u00faper poder: me sonrojo por absolutamente todo y a la menor provocaci\u00f3n. Respeto a todas las opiniones ante todo.","sameAs":["www.facebook.com\/kyrzh.17","https:\/\/x.com\/@kyrzhday"],"url":"https:\/\/kalot.com.mx\/site\/author\/karen\/"}]}},"jetpack_publicize_connections":[],"jetpack_featured_media_url":"https:\/\/i0.wp.com\/kalot.com.mx\/site\/wp-content\/uploads\/2014\/05\/Miguel-Herrera-1869919.jpg?fit=630%2C330&ssl=1","jetpack_shortlink":"https:\/\/wp.me\/p6IHEI-48R","jetpack-related-posts":[{"id":4592,"url":"https:\/\/kalot.com.mx\/site\/2013\/10\/21\/miguel-herrera-prestamo-la-seleccion-deportes-cf_america-miseleccionmx\/","url_meta":{"origin":15925,"position":0},"title":"Miguel Herrera Pr\u00e9stamo a la selecci\u00f3n #Deportes @CF_America @miseleccionmx","author":"Anastacio S\u00e1nchez","date":"21 octubre, 2013","format":false,"excerpt":"Tras el despido de Vucetich Miguel 'Piojo' Herrera fue presentado el pasado domingo como director t\u00e9cnico a prestamos con la Selecci\u00f3n Mexicana para enfrentar a Finlandia en un partido amistoso, y en el repechaje contra Nueva Zelanda.\u2028\u2028Herrera dej\u00f3 en claro que la opci\u00f3n de llegar a la Selecci\u00f3n siempre estuvo\u2026","rel":"","context":"Entrada similar ","block_context":{"text":"Entrada similar ","link":""},"img":{"alt_text":"","src":"https:\/\/i0.wp.com\/kalot.com.mx\/site\/wp-content\/uploads\/2013\/10\/piojo_191013.jpg?fit=620%2C465&ssl=1&resize=350%2C200","width":350,"height":200,"srcset":"https:\/\/i0.wp.com\/kalot.com.mx\/site\/wp-content\/uploads\/2013\/10\/piojo_191013.jpg?fit=620%2C465&ssl=1&resize=350%2C200 1x, https:\/\/i0.wp.com\/kalot.com.mx\/site\/wp-content\/uploads\/2013\/10\/piojo_191013.jpg?fit=620%2C465&ssl=1&resize=525%2C300 1.5x"},"classes":[]},{"id":17805,"url":"https:\/\/kalot.com.mx\/site\/2014\/08\/28\/estos-son-los-seleccionados-de-mexico-del-6-y-9-de-sept\/","url_meta":{"origin":15925,"position":1},"title":"Estos son los Seleccionados de M\u00e9xico del 6 y 9 de sept.","author":"HM_MKT007","date":"28 agosto, 2014","format":false,"excerpt":"El d\u00eda de hoy, la direcci\u00f3n general de Selecciones Nacionales, nos mostr\u00f3 los jugadores que el t\u00e9cnico Miguel Herrera a convocado para los encuentros contra Chile y Bolivia que tendremos los pr\u00f3ximos 6 y 9 de septiembre, que dicho sea de paso, ser\u00e1n en fecha FIFA. Se iniciar\u00e1, la concentraci\u00f3n\u2026","rel":"","context":"Entrada similar ","block_context":{"text":"Entrada similar ","link":""},"img":{"alt_text":"","src":"https:\/\/i0.wp.com\/kalot.com.mx\/site\/wp-content\/uploads\/2014\/08\/seleccion-de-mexico.jpg?fit=900%2C575&ssl=1&resize=350%2C200","width":350,"height":200,"srcset":"https:\/\/i0.wp.com\/kalot.com.mx\/site\/wp-content\/uploads\/2014\/08\/seleccion-de-mexico.jpg?fit=900%2C575&ssl=1&resize=350%2C200 1x, https:\/\/i0.wp.com\/kalot.com.mx\/site\/wp-content\/uploads\/2014\/08\/seleccion-de-mexico.jpg?fit=900%2C575&ssl=1&resize=525%2C300 1.5x, https:\/\/i0.wp.com\/kalot.com.mx\/site\/wp-content\/uploads\/2014\/08\/seleccion-de-mexico.jpg?fit=900%2C575&ssl=1&resize=700%2C400 2x"},"classes":[]},{"id":22604,"url":"https:\/\/kalot.com.mx\/site\/2015\/07\/28\/herrera-fuera-del-tri-final-anunciado\/","url_meta":{"origin":15925,"position":2},"title":"Herrera fuera del Tri: Final anunciado","author":"Andres Bautista","date":"28 julio, 2015","format":false,"excerpt":"Se confirm\u00f3 lo que era un secreto a voces; Miguel Herrera dejo de ser el Director T\u00e9cnico de la Selecci\u00f3n Mexicana tras el penoso y lamentable incidente en el cual se vio involucrado con el comentarista de TV Azteca Cristian Martinolli. Herrera fue poniendo final a su etapa como seleccionador\u2026","rel":"","context":"Entrada similar ","block_context":{"text":"Entrada similar ","link":""},"img":{"alt_text":"","src":"https:\/\/i0.wp.com\/kalot.com.mx\/site\/wp-content\/uploads\/2015\/07\/images-860x450.jpg?fit=860%2C450&ssl=1&resize=350%2C200","width":350,"height":200,"srcset":"https:\/\/i0.wp.com\/kalot.com.mx\/site\/wp-content\/uploads\/2015\/07\/images-860x450.jpg?fit=860%2C450&ssl=1&resize=350%2C200 1x, https:\/\/i0.wp.com\/kalot.com.mx\/site\/wp-content\/uploads\/2015\/07\/images-860x450.jpg?fit=860%2C450&ssl=1&resize=525%2C300 1.5x, https:\/\/i0.wp.com\/kalot.com.mx\/site\/wp-content\/uploads\/2015\/07\/images-860x450.jpg?fit=860%2C450&ssl=1&resize=700%2C400 2x"},"classes":[]},{"id":2015,"url":"https:\/\/kalot.com.mx\/site\/2013\/09\/20\/convocados-para-la-seleccion-mexicana-deportes\/","url_meta":{"origin":15925,"position":3},"title":"Convocados para la selecci\u00f3n Mexicana #Deportes","author":"Anastacio S\u00e1nchez","date":"20 septiembre, 2013","format":false,"excerpt":"Se dio a conocer por fin la tan esperada lista de convocados a la selecci\u00f3n Mexicana, la pregunta es ahora \u00bfSer\u00e1n los correctos?. Al ver la lista la principal sorpresa es que no se ven Europeos, pero ser\u00e1 esa la soluci\u00f3n poner a jugadores que sientan la playera y buscar\u2026","rel":"","context":"Entrada similar ","block_context":{"text":"Entrada similar ","link":""},"img":{"alt_text":"vucetich-120913-3","src":"https:\/\/i0.wp.com\/www.kalot.com.mx\/wp-content\/uploads\/2013\/09\/vucetich-120913-3-300x225.jpg?resize=350%2C200","width":350,"height":200},"classes":[]},{"id":15761,"url":"https:\/\/kalot.com.mx\/site\/2014\/05\/05\/nike-winnerstays\/","url_meta":{"origin":15925,"position":4},"title":"Nike reune a CR7, Neymar, Rooney, Ibrahimovic y muchos m\u00e1s #WinnerStays","author":"Jorge Era\u00f1a","date":"5 mayo, 2014","format":false,"excerpt":"\"Winner Stays\" as\u00ed lo llam\u00f3 Nike en su nueva campa\u00f1a lista para llegar al mundial de Brasil con el cual presenta un tipo cortometraje lleno de los futbolistas m\u00e1s importantes en la actualidad y que llegar\u00e1n en las mejores condiciones de lleno al mundial, adem\u00e1s de contar con la participaci\u00f3n\u2026","rel":"","context":"En &quot;Sin categor\u00eda&quot;","block_context":{"text":"Sin categor\u00eda","link":"https:\/\/kalot.com.mx\/site\/category\/sin-categoria\/"},"img":{"alt_text":"","src":"https:\/\/i0.wp.com\/kalot.com.mx\/site\/wp-content\/uploads\/2014\/05\/Winner-Stays-1.jpg?fit=564%2C423&ssl=1&resize=350%2C200","width":350,"height":200,"srcset":"https:\/\/i0.wp.com\/kalot.com.mx\/site\/wp-content\/uploads\/2014\/05\/Winner-Stays-1.jpg?fit=564%2C423&ssl=1&resize=350%2C200 1x, https:\/\/i0.wp.com\/kalot.com.mx\/site\/wp-content\/uploads\/2014\/05\/Winner-Stays-1.jpg?fit=564%2C423&ssl=1&resize=525%2C300 1.5x"},"classes":[]},{"id":5608,"url":"https:\/\/kalot.com.mx\/site\/2013\/11\/02\/contra-nueva-zelanda-convocatoria\/","url_meta":{"origin":15925,"position":5},"title":"A luchar por el \u00faltimo respiro contra Nueva Zelanda #Convocatoria","author":"Karenina Gonzalez","date":"2 noviembre, 2013","format":false,"excerpt":"Como buenos mexicanos, seg\u00fan el dicho popular, andamos dejando todo para el \u00faltimo. Y es que nos gusta el drama, el suspenso, el estar con el coraz\u00f3n a mil por hora y la adrenalina a tope. Y en el f\u00fatbol, el deporte m\u00e1s popular en el pa\u00eds, no es una\u2026","rel":"","context":"En &quot;Sin categor\u00eda&quot;","block_context":{"text":"Sin categor\u00eda","link":"https:\/\/kalot.com.mx\/site\/category\/sin-categoria\/"},"img":{"alt_text":"A luchar por el \u00faltimo respiro ante Nueva Zelanda #Convocatoria","src":"https:\/\/i0.wp.com\/kalot.com.mx\/site\/wp-content\/uploads\/2013\/11\/estadio-westpac-nueva-zelanda.jpg?fit=620%2C396&ssl=1&resize=350%2C200","width":350,"height":200,"srcset":"https:\/\/i0.wp.com\/kalot.com.mx\/site\/wp-content\/uploads\/2013\/11\/estadio-westpac-nueva-zelanda.jpg?fit=620%2C396&ssl=1&resize=350%2C200 1x, https:\/\/i0.wp.com\/kalot.com.mx\/site\/wp-content\/uploads\/2013\/11\/estadio-westpac-nueva-zelanda.jpg?fit=620%2C396&ssl=1&resize=525%2C300 1.5x"},"classes":[]}],"jetpack_sharing_enabled":true,"_links":{"self":[{"href":"https:\/\/kalot.com.mx\/site\/wp-json\/wp\/v2\/posts\/15925","targetHints":{"allow":["GET"]}}],"collection":[{"href":"https:\/\/kalot.com.mx\/site\/wp-json\/wp\/v2\/posts"}],"about":[{"href":"https:\/\/kalot.com.mx\/site\/wp-json\/wp\/v2\/types\/post"}],"author":[{"embeddable":true,"href":"https:\/\/kalot.com.mx\/site\/wp-json\/wp\/v2\/users\/95"}],"replies":[{"embeddable":true,"href":"https:\/\/kalot.com.mx\/site\/wp-json\/wp\/v2\/comments?post=15925"}],"version-history":[{"count":1,"href":"https:\/\/kalot.com.mx\/site\/wp-json\/wp\/v2\/posts\/15925\/revisions"}],"predecessor-version":[{"id":27927,"href":"https:\/\/kalot.com.mx\/site\/wp-json\/wp\/v2\/posts\/15925\/revisions\/27927"}],"wp:featuredmedia":[{"embeddable":true,"href":"https:\/\/kalot.com.mx\/site\/wp-json\/wp\/v2\/media\/15927"}],"wp:attachment":[{"href":"https:\/\/kalot.com.mx\/site\/wp-json\/wp\/v2\/media?parent=15925"}],"wp:term":[{"taxonomy":"category","embeddable":true,"href":"https:\/\/kalot.com.mx\/site\/wp-json\/wp\/v2\/categories?post=15925"},{"taxonomy":"post_tag","embeddable":true,"href":"https:\/\/kalot.com.mx\/site\/wp-json\/wp\/v2\/tags?post=15925"}],"curies":[{"name":"wp","href":"https:\/\/api.w.org\/{rel}","templated":true}]}}