{"id":15863,"date":"2014-05-07T17:00:15","date_gmt":"2014-05-07T22:00:15","guid":{"rendered":"http:\/\/www.kalot.com.mx\/?p=15863"},"modified":"2014-05-07T13:29:17","modified_gmt":"2014-05-07T18:29:17","slug":"25-el-casi-nuevo-disco-de-adele","status":"publish","type":"post","link":"https:\/\/kalot.com.mx\/site\/2014\/05\/07\/25-el-casi-nuevo-disco-de-adele\/","title":{"rendered":"\u201c25\u201d \u00a1El (casi) nuevo disco de Adele!"},"content":{"rendered":"<p style=\"text-align: justify\">La siempre llegadora Adele que debo admitir dejo de o\u00edr siempre que estoy feliz porque (admit\u00e1moslo) sus canciones no son particularmente conocidas por su mensaje de felicidad.<\/p>\n<p style=\"text-align: justify\">Eran los principios del 2013 cuando dejamos de o\u00edr de ella y m\u00e1s espec\u00edficamente fue en los Oscar donde realizo una de sus \u00faltimas actuaciones conocidas internacionalmente.<\/p>\n<p style=\"text-align: justify\">Se habl\u00f3 mucho de un retiro temporal por causa de su embarazo, cosa que fue desmentida por la cantante en persona.<\/p>\n<p style=\"text-align: justify\">Ahora y como consecuencia de que en su cuenta de twitter p\u00fablico un mensaje en el que se desped\u00eda de sus veinticinco primaveras pero al mismo tiempo diciendo que volver\u00eda a ver ese n\u00famero en el a\u00f1o.<\/p>\n<p style=\"text-align: justify\">\u00bfEl nuevo nombre de su disco ser\u00e1 25? Puede ser y no impactar\u00eda ya que como podemos recordar sus dos anteriores producciones tambi\u00e9n tuvieron como nombre un n\u00famero.<\/p>\n<p style=\"text-align: justify\">No nos queda m\u00e1s que esperar y dejar que el tiempo (o\u00a0 Twitter) hable.<\/p>\n<p style=\"text-align: justify\">Les dejo mi tema favorito de la int\u00e9rprete as\u00ed como por el que se hizo acreedora a un Oscar a mejor canci\u00f3n para una pel\u00edcula.<\/p>\n<p><span class=\"embed-youtube\" style=\"text-align:center; display: block;\"><iframe class=\"youtube-player\" width=\"1200\" height=\"675\" src=\"https:\/\/www.youtube.com\/embed\/DeumyOzKqgI?version=3&rel=1&showsearch=0&showinfo=1&iv_load_policy=1&fs=1&hl=es-MX&autohide=2&wmode=transparent\" allowfullscreen=\"true\" style=\"border:0;\" sandbox=\"allow-scripts allow-same-origin allow-popups allow-presentation allow-popups-to-escape-sandbox\"><\/iframe><\/span><\/p>\n","protected":false},"excerpt":{"rendered":"La siempre llegadora Adele que debo admitir dejo de o\u00edr siempre que estoy feliz porque (admit\u00e1moslo) sus canciones&hellip;\n","protected":false},"author":51,"featured_media":15862,"comment_status":"open","ping_status":"open","sticky":false,"template":"","format":"standard","meta":{"jetpack_post_was_ever_published":false,"_jetpack_newsletter_access":"","_jetpack_dont_email_post_to_subs":false,"_jetpack_newsletter_tier_id":0,"_jetpack_memberships_contains_paywalled_content":false,"_jetpack_memberships_contains_paid_content":false,"footnotes":"","jetpack_publicize_message":"","jetpack_publicize_feature_enabled":true,"jetpack_social_post_already_shared":true,"jetpack_social_options":{"image_generator_settings":{"template":"highway","default_image_id":0,"font":"","enabled":false},"version":2}},"categories":[],"tags":[],"class_list":{"0":"post-15863","1":"post","2":"type-post","3":"status-publish","4":"format-standard","5":"has-post-thumbnail","7":"cs-entry","8":"cs-video-wrap"},"yoast_head":"<!-- This site is optimized with the Yoast SEO plugin v27.5 - https:\/\/yoast.com\/product\/yoast-seo-wordpress\/ -->\n<title>\u201c25\u201d \u00a1El (casi) nuevo disco de Adele! - Kalot<\/title>\n<meta name=\"description\" content=\"La siempre llegadora Adele que debo admitir dejo de o\u00edr siempre que estoy feliz porque (admit\u00e1moslo) sus canciones no son particularmente conocidas por su\" \/>\n<meta name=\"robots\" content=\"index, follow, max-snippet:-1, max-image-preview:large, max-video-preview:-1\" \/>\n<link rel=\"canonical\" href=\"https:\/\/kalot.com.mx\/site\/2014\/05\/07\/25-el-casi-nuevo-disco-de-adele\/\" \/>\n<meta property=\"og:locale\" content=\"es_MX\" \/>\n<meta property=\"og:type\" content=\"article\" \/>\n<meta property=\"og:title\" content=\"\u201c25\u201d \u00a1El (casi) nuevo disco de Adele! - Kalot\" \/>\n<meta property=\"og:description\" content=\"La siempre llegadora Adele que debo admitir dejo de o\u00edr siempre que estoy feliz porque (admit\u00e1moslo) sus canciones no son particularmente conocidas por su\" \/>\n<meta property=\"og:url\" content=\"https:\/\/kalot.com.mx\/site\/2014\/05\/07\/25-el-casi-nuevo-disco-de-adele\/\" \/>\n<meta property=\"og:site_name\" content=\"Kalot\" \/>\n<meta property=\"article:publisher\" content=\"http:\/\/facebook.com\/mxkalot\" \/>\n<meta property=\"article:published_time\" content=\"2014-05-07T22:00:15+00:00\" \/>\n<meta property=\"og:image\" content=\"https:\/\/i1.wp.com\/kalot.com.mx\/site\/wp-content\/uploads\/2014\/05\/Adele.jpg?fit=1600%2C1107&ssl=1\" \/>\n\t<meta property=\"og:image:width\" content=\"1600\" \/>\n\t<meta property=\"og:image:height\" content=\"1107\" \/>\n\t<meta property=\"og:image:type\" content=\"image\/jpeg\" \/>\n<meta name=\"author\" content=\"Ivan Mendez\" \/>\n<meta name=\"twitter:card\" content=\"summary_large_image\" \/>\n<meta name=\"twitter:creator\" content=\"@kalotmx\" \/>\n<meta name=\"twitter:site\" content=\"@kalotmx\" \/>\n<meta name=\"twitter:label1\" content=\"Escrito por\" \/>\n\t<meta name=\"twitter:data1\" content=\"Ivan Mendez\" \/>\n\t<meta name=\"twitter:label2\" content=\"Tiempo de lectura\" \/>\n\t<meta name=\"twitter:data2\" content=\"1 minuto\" \/>\n<!-- \/ Yoast SEO plugin. -->","yoast_head_json":{"title":"\u201c25\u201d \u00a1El (casi) nuevo disco de Adele! - Kalot","description":"La siempre llegadora Adele que debo admitir dejo de o\u00edr siempre que estoy feliz porque (admit\u00e1moslo) sus canciones no son particularmente conocidas por su","robots":{"index":"index","follow":"follow","max-snippet":"max-snippet:-1","max-image-preview":"max-image-preview:large","max-video-preview":"max-video-preview:-1"},"canonical":"https:\/\/kalot.com.mx\/site\/2014\/05\/07\/25-el-casi-nuevo-disco-de-adele\/","og_locale":"es_MX","og_type":"article","og_title":"\u201c25\u201d \u00a1El (casi) nuevo disco de Adele! - Kalot","og_description":"La siempre llegadora Adele que debo admitir dejo de o\u00edr siempre que estoy feliz porque (admit\u00e1moslo) sus canciones no son particularmente conocidas por su","og_url":"https:\/\/kalot.com.mx\/site\/2014\/05\/07\/25-el-casi-nuevo-disco-de-adele\/","og_site_name":"Kalot","article_publisher":"http:\/\/facebook.com\/mxkalot","article_published_time":"2014-05-07T22:00:15+00:00","og_image":[{"width":1600,"height":1107,"url":"https:\/\/i1.wp.com\/kalot.com.mx\/site\/wp-content\/uploads\/2014\/05\/Adele.jpg?fit=1600%2C1107&ssl=1","type":"image\/jpeg"}],"author":"Ivan Mendez","twitter_card":"summary_large_image","twitter_creator":"@kalotmx","twitter_site":"@kalotmx","twitter_misc":{"Escrito por":"Ivan Mendez","Tiempo de lectura":"1 minuto"},"schema":{"@context":"https:\/\/schema.org","@graph":[{"@type":"Article","@id":"https:\/\/kalot.com.mx\/site\/2014\/05\/07\/25-el-casi-nuevo-disco-de-adele\/#article","isPartOf":{"@id":"https:\/\/kalot.com.mx\/site\/2014\/05\/07\/25-el-casi-nuevo-disco-de-adele\/"},"author":{"name":"Ivan Mendez","@id":"https:\/\/kalot.com.mx\/site\/#\/schema\/person\/444a91ecc3b075ab573ff515d7f6d6e3"},"headline":"\u201c25\u201d \u00a1El (casi) nuevo disco de Adele!","datePublished":"2014-05-07T22:00:15+00:00","mainEntityOfPage":{"@id":"https:\/\/kalot.com.mx\/site\/2014\/05\/07\/25-el-casi-nuevo-disco-de-adele\/"},"wordCount":207,"commentCount":0,"publisher":{"@id":"https:\/\/kalot.com.mx\/site\/#organization"},"image":{"@id":"https:\/\/kalot.com.mx\/site\/2014\/05\/07\/25-el-casi-nuevo-disco-de-adele\/#primaryimage"},"thumbnailUrl":"https:\/\/i0.wp.com\/kalot.com.mx\/site\/wp-content\/uploads\/2014\/05\/Adele.jpg?fit=1600%2C1107&ssl=1","inLanguage":"es","potentialAction":[{"@type":"CommentAction","name":"Comment","target":["https:\/\/kalot.com.mx\/site\/2014\/05\/07\/25-el-casi-nuevo-disco-de-adele\/#respond"]}]},{"@type":"WebPage","@id":"https:\/\/kalot.com.mx\/site\/2014\/05\/07\/25-el-casi-nuevo-disco-de-adele\/","url":"https:\/\/kalot.com.mx\/site\/2014\/05\/07\/25-el-casi-nuevo-disco-de-adele\/","name":"\u201c25\u201d \u00a1El (casi) nuevo disco de Adele! - Kalot","isPartOf":{"@id":"https:\/\/kalot.com.mx\/site\/#website"},"primaryImageOfPage":{"@id":"https:\/\/kalot.com.mx\/site\/2014\/05\/07\/25-el-casi-nuevo-disco-de-adele\/#primaryimage"},"image":{"@id":"https:\/\/kalot.com.mx\/site\/2014\/05\/07\/25-el-casi-nuevo-disco-de-adele\/#primaryimage"},"thumbnailUrl":"https:\/\/i0.wp.com\/kalot.com.mx\/site\/wp-content\/uploads\/2014\/05\/Adele.jpg?fit=1600%2C1107&ssl=1","datePublished":"2014-05-07T22:00:15+00:00","description":"La siempre llegadora Adele que debo admitir dejo de o\u00edr siempre que estoy feliz porque (admit\u00e1moslo) sus canciones no son particularmente conocidas por su","breadcrumb":{"@id":"https:\/\/kalot.com.mx\/site\/2014\/05\/07\/25-el-casi-nuevo-disco-de-adele\/#breadcrumb"},"inLanguage":"es","potentialAction":[{"@type":"ReadAction","target":["https:\/\/kalot.com.mx\/site\/2014\/05\/07\/25-el-casi-nuevo-disco-de-adele\/"]}]},{"@type":"ImageObject","inLanguage":"es","@id":"https:\/\/kalot.com.mx\/site\/2014\/05\/07\/25-el-casi-nuevo-disco-de-adele\/#primaryimage","url":"https:\/\/i0.wp.com\/kalot.com.mx\/site\/wp-content\/uploads\/2014\/05\/Adele.jpg?fit=1600%2C1107&ssl=1","contentUrl":"https:\/\/i0.wp.com\/kalot.com.mx\/site\/wp-content\/uploads\/2014\/05\/Adele.jpg?fit=1600%2C1107&ssl=1","width":1600,"height":1107},{"@type":"BreadcrumbList","@id":"https:\/\/kalot.com.mx\/site\/2014\/05\/07\/25-el-casi-nuevo-disco-de-adele\/#breadcrumb","itemListElement":[{"@type":"ListItem","position":1,"name":"Home","item":"https:\/\/kalot.com.mx\/site\/"},{"@type":"ListItem","position":2,"name":"\u201c25\u201d \u00a1El (casi) nuevo disco de Adele!"}]},{"@type":"WebSite","@id":"https:\/\/kalot.com.mx\/site\/#website","url":"https:\/\/kalot.com.mx\/site\/","name":"Kalot","description":"Conoce Todo Sobre Todo","publisher":{"@id":"https:\/\/kalot.com.mx\/site\/#organization"},"potentialAction":[{"@type":"SearchAction","target":{"@type":"EntryPoint","urlTemplate":"https:\/\/kalot.com.mx\/site\/?s={search_term_string}"},"query-input":{"@type":"PropertyValueSpecification","valueRequired":true,"valueName":"search_term_string"}}],"inLanguage":"es"},{"@type":"Organization","@id":"https:\/\/kalot.com.mx\/site\/#organization","name":"Kalot","url":"https:\/\/kalot.com.mx\/site\/","logo":{"@type":"ImageObject","inLanguage":"es","@id":"https:\/\/kalot.com.mx\/site\/#\/schema\/logo\/image\/","url":"https:\/\/i0.wp.com\/kalot.com.mx\/site\/wp-content\/uploads\/2020\/04\/Kalot-logo-sin-tagline.png?fit=1707%2C1014&ssl=1","contentUrl":"https:\/\/i0.wp.com\/kalot.com.mx\/site\/wp-content\/uploads\/2020\/04\/Kalot-logo-sin-tagline.png?fit=1707%2C1014&ssl=1","width":1707,"height":1014,"caption":"Kalot"},"image":{"@id":"https:\/\/kalot.com.mx\/site\/#\/schema\/logo\/image\/"},"sameAs":["http:\/\/facebook.com\/mxkalot","https:\/\/x.com\/kalotmx","http:\/\/instagram.com\/kalotmx","http:\/\/pinterest.com\/jorgeerana\/kalot"]},{"@type":"Person","@id":"https:\/\/kalot.com.mx\/site\/#\/schema\/person\/444a91ecc3b075ab573ff515d7f6d6e3","name":"Ivan Mendez","image":{"@type":"ImageObject","inLanguage":"es","@id":"https:\/\/secure.gravatar.com\/avatar\/d3590cbb14ecd120bf7a8d9b0ab9a1dae9b2aab34a41a577b5288298a4d08e36?s=96&d=mm&r=g","url":"https:\/\/secure.gravatar.com\/avatar\/d3590cbb14ecd120bf7a8d9b0ab9a1dae9b2aab34a41a577b5288298a4d08e36?s=96&d=mm&r=g","contentUrl":"https:\/\/secure.gravatar.com\/avatar\/d3590cbb14ecd120bf7a8d9b0ab9a1dae9b2aab34a41a577b5288298a4d08e36?s=96&d=mm&r=g","caption":"Ivan Mendez"},"url":"https:\/\/kalot.com.mx\/site\/author\/ivan\/"}]}},"jetpack_publicize_connections":[],"jetpack_featured_media_url":"https:\/\/i0.wp.com\/kalot.com.mx\/site\/wp-content\/uploads\/2014\/05\/Adele.jpg?fit=1600%2C1107&ssl=1","jetpack_shortlink":"https:\/\/wp.me\/p6IHEI-47R","jetpack-related-posts":[{"id":12003,"url":"https:\/\/kalot.com.mx\/site\/2014\/02\/19\/silvertide\/","url_meta":{"origin":15863,"position":0},"title":"Silvertide","author":"David S\u00e1nchez","date":"19 febrero, 2014","format":false,"excerpt":"Llego la mitad de semana y con esto, muchas ganas de dormir hasta el viernes por la noche. Y para que no se duerman en sus trabajos o escuelas, hoy les hablar\u00e9 de Silvertide. Si, esa banda de la que nunca han escuchado una sola rola. Eleg\u00ed este grupo porque\u2026","rel":"","context":"En &quot;Sin categor\u00eda&quot;","block_context":{"text":"Sin categor\u00eda","link":"https:\/\/kalot.com.mx\/site\/category\/sin-categoria\/"},"img":{"alt_text":"","src":"https:\/\/i0.wp.com\/kalot.com.mx\/site\/wp-content\/uploads\/2014\/02\/523024_10151181256212420_174255916_n.jpg?fit=720%2C476&ssl=1&resize=350%2C200","width":350,"height":200,"srcset":"https:\/\/i0.wp.com\/kalot.com.mx\/site\/wp-content\/uploads\/2014\/02\/523024_10151181256212420_174255916_n.jpg?fit=720%2C476&ssl=1&resize=350%2C200 1x, https:\/\/i0.wp.com\/kalot.com.mx\/site\/wp-content\/uploads\/2014\/02\/523024_10151181256212420_174255916_n.jpg?fit=720%2C476&ssl=1&resize=525%2C300 1.5x, https:\/\/i0.wp.com\/kalot.com.mx\/site\/wp-content\/uploads\/2014\/02\/523024_10151181256212420_174255916_n.jpg?fit=720%2C476&ssl=1&resize=700%2C400 2x"},"classes":[]},{"id":16380,"url":"https:\/\/kalot.com.mx\/site\/2014\/05\/25\/sam-smith-leave-lover\/","url_meta":{"origin":15863,"position":1},"title":"Sam Smith: Leave Your Lover","author":"Ivan Mendez","date":"25 mayo, 2014","format":false,"excerpt":"El joven cantante ingl\u00e9s nos demuestra porque se gan\u00f3 a la cr\u00edtica en los pasados Brit Awards y es que su voz y sus composiciones nos hacen preguntarnos si ser\u00e1 algo as\u00ed como Adele en su forma masculina. Hace unos d\u00edas lanzo su nuevo video derivado del tema Leave Your\u2026","rel":"","context":"Entrada similar ","block_context":{"text":"Entrada similar ","link":""},"img":{"alt_text":"","src":"https:\/\/i0.wp.com\/kalot.com.mx\/site\/wp-content\/uploads\/2014\/05\/Sam-Smith-SNL.jpg?fit=1200%2C675&ssl=1&resize=350%2C200","width":350,"height":200,"srcset":"https:\/\/i0.wp.com\/kalot.com.mx\/site\/wp-content\/uploads\/2014\/05\/Sam-Smith-SNL.jpg?fit=1200%2C675&ssl=1&resize=350%2C200 1x, https:\/\/i0.wp.com\/kalot.com.mx\/site\/wp-content\/uploads\/2014\/05\/Sam-Smith-SNL.jpg?fit=1200%2C675&ssl=1&resize=525%2C300 1.5x, https:\/\/i0.wp.com\/kalot.com.mx\/site\/wp-content\/uploads\/2014\/05\/Sam-Smith-SNL.jpg?fit=1200%2C675&ssl=1&resize=700%2C400 2x, https:\/\/i0.wp.com\/kalot.com.mx\/site\/wp-content\/uploads\/2014\/05\/Sam-Smith-SNL.jpg?fit=1200%2C675&ssl=1&resize=1050%2C600 3x"},"classes":[]},{"id":16335,"url":"https:\/\/kalot.com.mx\/site\/2014\/05\/23\/los-fantasmas-de-miranda\/","url_meta":{"origin":15863,"position":2},"title":"Los \u201cFantasmas\u201d de Miranda","author":"Ivan Mendez","date":"23 mayo, 2014","format":false,"excerpt":"Hace alg\u00fan tiempo hice una entrada del nuevo disco de la famosa banda argentina Miranda y su nuevo sencillo que comparte nombre con el material \u201cExtra\u00f1o\u201d Ahora hace unos d\u00edas esta agrupaci\u00f3n lanza su nueva canci\u00f3n con el t\u00edtulo \u201cFantasmas\u201d La letra nos habla del fin de una relaci\u00f3n y\u2026","rel":"","context":"Entrada similar ","block_context":{"text":"Entrada similar ","link":""},"img":{"alt_text":"","src":"https:\/\/i0.wp.com\/kalot.com.mx\/site\/wp-content\/uploads\/2014\/05\/fantasmas-miranda.jpg?fit=620%2C620&ssl=1&resize=350%2C200","width":350,"height":200,"srcset":"https:\/\/i0.wp.com\/kalot.com.mx\/site\/wp-content\/uploads\/2014\/05\/fantasmas-miranda.jpg?fit=620%2C620&ssl=1&resize=350%2C200 1x, https:\/\/i0.wp.com\/kalot.com.mx\/site\/wp-content\/uploads\/2014\/05\/fantasmas-miranda.jpg?fit=620%2C620&ssl=1&resize=525%2C300 1.5x"},"classes":[]},{"id":11813,"url":"https:\/\/kalot.com.mx\/site\/2014\/02\/16\/el-regreso-de-miranda-extrano\/","url_meta":{"origin":15863,"position":3},"title":"El regreso de Miranda: \u201cExtra\u00f1o\u201d","author":"Ivan Mendez","date":"16 febrero, 2014","format":false,"excerpt":"Amo Miranda, es uno de esos gustos que no me tomo la molestia ni de leer sus cr\u00edticas (como todo lo dem\u00e1s). Antes de decidir escribir esta entrada sobre ellos no quer\u00eda saber si mi gusto era malo, sin embargo y despu\u00e9s de leer a algunos de los cr\u00edticos descubr\u00ed\u2026","rel":"","context":"Entrada similar ","block_context":{"text":"Entrada similar ","link":""},"img":{"alt_text":"","src":"https:\/\/i0.wp.com\/kalot.com.mx\/site\/wp-content\/uploads\/2014\/02\/1MJukCy.jpg?fit=1024%2C1024&ssl=1&resize=350%2C200","width":350,"height":200,"srcset":"https:\/\/i0.wp.com\/kalot.com.mx\/site\/wp-content\/uploads\/2014\/02\/1MJukCy.jpg?fit=1024%2C1024&ssl=1&resize=350%2C200 1x, https:\/\/i0.wp.com\/kalot.com.mx\/site\/wp-content\/uploads\/2014\/02\/1MJukCy.jpg?fit=1024%2C1024&ssl=1&resize=525%2C300 1.5x, https:\/\/i0.wp.com\/kalot.com.mx\/site\/wp-content\/uploads\/2014\/02\/1MJukCy.jpg?fit=1024%2C1024&ssl=1&resize=700%2C400 2x"},"classes":[]},{"id":16159,"url":"https:\/\/kalot.com.mx\/site\/2014\/05\/20\/dos-de-mis-mas-esperados\/","url_meta":{"origin":15863,"position":4},"title":"Dos De Mis M\u00e1s Esperados&#8230;","author":"Mar\u00eda Alvarado","date":"20 mayo, 2014","format":false,"excerpt":"Como es de esperarse, bajo el completo uso de mi consciencia muero porque salgan algunos que otros discos\u2026 no lo digo como una completa fan\u00e1tica, bueno la verdad s\u00ed. Este a\u00f1o se estrenar\u00e1n y se han estrenado algunos discos de mis artistas favoritos y hoy les dejar\u00e9 dos de ellos\u2026","rel":"","context":"Entrada similar ","block_context":{"text":"Entrada similar ","link":""},"img":{"alt_text":"","src":"https:\/\/i0.wp.com\/kalot.com.mx\/site\/wp-content\/uploads\/2014\/05\/ed-sheeran-x.jpg?fit=620%2C620&ssl=1&resize=350%2C200","width":350,"height":200,"srcset":"https:\/\/i0.wp.com\/kalot.com.mx\/site\/wp-content\/uploads\/2014\/05\/ed-sheeran-x.jpg?fit=620%2C620&ssl=1&resize=350%2C200 1x, https:\/\/i0.wp.com\/kalot.com.mx\/site\/wp-content\/uploads\/2014\/05\/ed-sheeran-x.jpg?fit=620%2C620&ssl=1&resize=525%2C300 1.5x"},"classes":[]},{"id":18601,"url":"https:\/\/kalot.com.mx\/site\/2014\/10\/08\/playlist-bandas-mexicanas-que-extranamos\/","url_meta":{"origin":15863,"position":5},"title":"Playlist: Bandas mexicanas que extra\u00f1amos.","author":"Dulce Mireles","date":"8 octubre, 2014","format":false,"excerpt":"Las bandas mexicanas que extra\u00f1amos o que esperamos saquen nuevo material. En M\u00e9xico hay una infinidad de bandas donde pocas han alcanzado posicionarse dentro del gusto general, no por falta de talento, podr\u00eda ser por falta de exposici\u00f3n o simplemente no iban para la \u00e9poca. En este post recordamos algunas\u2026","rel":"","context":"Con 1 comentario","block_context":{"text":"Con 1 comentario","link":"https:\/\/kalot.com.mx\/site\/2014\/10\/08\/playlist-bandas-mexicanas-que-extranamos\/#comments"},"img":{"alt_text":"","src":"https:\/\/i0.wp.com\/kalot.com.mx\/site\/wp-content\/uploads\/2014\/10\/division.jpg?fit=624%2C416&ssl=1&resize=350%2C200","width":350,"height":200,"srcset":"https:\/\/i0.wp.com\/kalot.com.mx\/site\/wp-content\/uploads\/2014\/10\/division.jpg?fit=624%2C416&ssl=1&resize=350%2C200 1x, https:\/\/i0.wp.com\/kalot.com.mx\/site\/wp-content\/uploads\/2014\/10\/division.jpg?fit=624%2C416&ssl=1&resize=525%2C300 1.5x"},"classes":[]}],"jetpack_sharing_enabled":true,"_links":{"self":[{"href":"https:\/\/kalot.com.mx\/site\/wp-json\/wp\/v2\/posts\/15863","targetHints":{"allow":["GET"]}}],"collection":[{"href":"https:\/\/kalot.com.mx\/site\/wp-json\/wp\/v2\/posts"}],"about":[{"href":"https:\/\/kalot.com.mx\/site\/wp-json\/wp\/v2\/types\/post"}],"author":[{"embeddable":true,"href":"https:\/\/kalot.com.mx\/site\/wp-json\/wp\/v2\/users\/51"}],"replies":[{"embeddable":true,"href":"https:\/\/kalot.com.mx\/site\/wp-json\/wp\/v2\/comments?post=15863"}],"version-history":[{"count":0,"href":"https:\/\/kalot.com.mx\/site\/wp-json\/wp\/v2\/posts\/15863\/revisions"}],"wp:featuredmedia":[{"embeddable":true,"href":"https:\/\/kalot.com.mx\/site\/wp-json\/wp\/v2\/media\/15862"}],"wp:attachment":[{"href":"https:\/\/kalot.com.mx\/site\/wp-json\/wp\/v2\/media?parent=15863"}],"wp:term":[{"taxonomy":"category","embeddable":true,"href":"https:\/\/kalot.com.mx\/site\/wp-json\/wp\/v2\/categories?post=15863"},{"taxonomy":"post_tag","embeddable":true,"href":"https:\/\/kalot.com.mx\/site\/wp-json\/wp\/v2\/tags?post=15863"}],"curies":[{"name":"wp","href":"https:\/\/api.w.org\/{rel}","templated":true}]}}