{"id":15820,"date":"2014-05-06T10:48:17","date_gmt":"2014-05-06T15:48:17","guid":{"rendered":"http:\/\/www.kalot.com.mx\/?p=15820"},"modified":"2017-12-20T15:55:20","modified_gmt":"2017-12-20T21:55:20","slug":"sigmund-freud-un-legado-el-psicoanalisis","status":"publish","type":"post","link":"https:\/\/kalot.com.mx\/site\/2014\/05\/06\/sigmund-freud-un-legado-el-psicoanalisis\/","title":{"rendered":"Sigmund Freud. Un legado: El Psicoan\u00e1lisis."},"content":{"rendered":"<p style=\"text-align: justify\">Hola queridos Kalochos, espero hayan iniciado la semana y el mes de la mejor manera.<\/p>\n<p style=\"text-align: justify\">Y aqu\u00ed estamos nuevamente y hoy festejamos un nacimiento muy muy muuuuy importante (claro, para todos los que somos o estamos a punto de ser psic\u00f3logos) Y es que hoy 6 de mayo el <strong>Padre del Psicoan\u00e1lisis SIGMUND FREUD<\/strong> cumple su 158 aniversario. (todos hagamos reverencias y demos aplausos por favor.)<\/p>\n<p style=\"text-align: justify\">As\u00ed es, hace ya m\u00e1s de un siglo que <strong>Sigmund Freud<\/strong> estuvo en \u00e9sta tierra y nos dej\u00f3 un gran legado: <strong>El Psicoan\u00e1lisis.<\/strong> Y bueno muchos de ustedes se preguntar\u00e1: \u00bfY eso qu\u00e9? Pues les\u00a0contar\u00e9 en diez datos los sucesos m\u00e1s importantes de su vida y as\u00ed podremos recordarlo y aprender un poco de qui\u00e9n fue \u00e9l.<\/p>\n<p><a href=\"https:\/\/i0.wp.com\/www.kalot.com.mx\/wp-content\/uploads\/2014\/05\/FREEEUD.jpg\"><img data-recalc-dims=\"1\" fetchpriority=\"high\" decoding=\"async\" data-attachment-id=\"15821\" data-permalink=\"https:\/\/kalot.com.mx\/site\/2014\/05\/06\/sigmund-freud-un-legado-el-psicoanalisis\/freeeud\/\" data-orig-file=\"https:\/\/i0.wp.com\/kalot.com.mx\/site\/wp-content\/uploads\/2014\/05\/FREEEUD.jpg?fit=263%2C191&amp;ssl=1\" data-orig-size=\"263,191\" data-comments-opened=\"1\" data-image-meta=\"{&quot;aperture&quot;:&quot;0&quot;,&quot;credit&quot;:&quot;&quot;,&quot;camera&quot;:&quot;&quot;,&quot;caption&quot;:&quot;&quot;,&quot;created_timestamp&quot;:&quot;0&quot;,&quot;copyright&quot;:&quot;&quot;,&quot;focal_length&quot;:&quot;0&quot;,&quot;iso&quot;:&quot;0&quot;,&quot;shutter_speed&quot;:&quot;0&quot;,&quot;title&quot;:&quot;&quot;,&quot;orientation&quot;:&quot;0&quot;}\" data-image-title=\"FREEEUD\" data-image-description=\"\" data-image-caption=\"\" data-large-file=\"https:\/\/i0.wp.com\/kalot.com.mx\/site\/wp-content\/uploads\/2014\/05\/FREEEUD.jpg?fit=263%2C191&amp;ssl=1\" class=\" wp-image-15821 aligncenter\" src=\"https:\/\/i0.wp.com\/www.kalot.com.mx\/wp-content\/uploads\/2014\/05\/FREEEUD.jpg?resize=282%2C205\" alt=\"FREEEUD\" width=\"282\" height=\"205\" \/><\/a><\/p>\n<p style=\"text-align: justify\"><strong>1.-<\/strong>\u00a0Conocido como \u201c<strong>El padre del psicoan\u00e1lisis\u201d <\/strong>creci\u00f3\u00a0en el seno de una familia jud\u00eda en Freiberg (hoy Rep\u00fablica Checa), lugar que abandon\u00f3 a muy temprana edad para trasladarse a Viena, a causa de los disturbios antisemitas.<\/p>\n<p style=\"text-align: justify\"><strong>2.-\u00a0<\/strong>Sus bi\u00f3grafos refieren que decidi\u00f3 estudiar Medicina en la Universidad de Viena, despu\u00e9s de escuchar una conferencia en torno al ensayo <em>\u201cSobre la naturaleza\u201d,<\/em> atribuido a <strong>Johann Goethe.<\/strong> Pronto comenz\u00f3 a estudiar el\u00a0sistema nervioso\u00a0central de los invertebrados en el laboratorio de fisiolog\u00eda dirigido por <strong>Ernst Wilhelm von Bracke<\/strong>, para despu\u00e9s permanecer en la Universidad como su ayudante y m\u00e1s tarde trabajar como psiquiatra y dermat\u00f3logo en el Hospital General de Viena.<\/p>\n<p style=\"text-align: justify\"><strong>3.-<\/strong>\u00a0Fue en el manicomio de <strong>Salpetriere<\/strong>, donde<strong> Freud<\/strong>, junto al neur\u00f3logo <strong>Jean Charcot<\/strong>, comenz\u00f3 a tratar los\u00a0trastornos mentales\u00a0mediante la hipnosis, que centrados en la histeria, lo dirigieron a la <strong>psicopatolog\u00eda.<\/strong> Fueron sus <em>\u201cEstudios sobre la histeria\u201d<\/em> (1893), elaborados con la colaboraci\u00f3n del m\u00e9dico vien\u00e9s <strong>Josef Breuer<\/strong>, la consumaci\u00f3n del cambio en el quehacer de Freud, pues en dicha obra vislumbr\u00f3 los s\u00edntomas de la histeria como manifestaciones de energ\u00eda emocional no descargada, asociada con traumas ps\u00edquicos olvidados.<\/p>\n<p style=\"text-align: justify\"><strong>4.-\u00a0Freud<\/strong> sumi\u00f3 a sus pacientes en un <strong>estado hipn\u00f3tico<\/strong> para forzarlos a <em>recordar y revivir<\/em> la experiencia traum\u00e1tica que origin\u00f3 sus trastornos, para as\u00ed descargar por medio de la catarsis, las emociones causantes de los s\u00edntomas.<\/p>\n<p style=\"text-align: justify\"><strong>5.-\u00a0<\/strong>De <strong>1895 a 1900<\/strong>, \u00e9poca en la que desarroll\u00f3 muchos de los conceptos incorporados tanto a la pr\u00e1ctica como a la doctrina psicoanal\u00edtica, <strong>Freud<\/strong> abandon\u00f3 la hipnosis para reemplazarla por la <strong>\u201casociaci\u00f3n libre\u201d,<\/strong> una investigaci\u00f3n del curso espont\u00e1neo de pensamientos del paciente para comprender sus procesos mentales inconscientes.<\/p>\n<p style=\"text-align: justify\"><strong>6.-\u00a0<\/strong>En <strong>1900<\/strong> desarroll\u00f3 t<strong>eor\u00edas sobre la sexualidad infantil y el Complejo de Edipo<\/strong> mediante el an\u00e1lisis on\u00edrico; en ese a\u00f1o apareci\u00f3 su obra m\u00e1s importante: <em>\u201cLa interpretaci\u00f3n de los sue\u00f1os\u201d<\/em>, donde analiz\u00f3, adem\u00e1s de algunos sue\u00f1os de sus pacientes, muchos de los suyos.<\/p>\n<p><a href=\"https:\/\/i0.wp.com\/www.kalot.com.mx\/wp-content\/uploads\/2014\/05\/DIVAN1.jpg\"><img decoding=\"async\" data-attachment-id=\"15829\" data-permalink=\"https:\/\/kalot.com.mx\/site\/2014\/05\/06\/sigmund-freud-un-legado-el-psicoanalisis\/divan-2\/\" data-orig-file=\"https:\/\/i0.wp.com\/kalot.com.mx\/site\/wp-content\/uploads\/2014\/05\/DIVAN1.jpg?fit=574%2C640&amp;ssl=1\" data-orig-size=\"574,640\" data-comments-opened=\"1\" data-image-meta=\"{&quot;aperture&quot;:&quot;0&quot;,&quot;credit&quot;:&quot;&quot;,&quot;camera&quot;:&quot;&quot;,&quot;caption&quot;:&quot;&quot;,&quot;created_timestamp&quot;:&quot;0&quot;,&quot;copyright&quot;:&quot;&quot;,&quot;focal_length&quot;:&quot;0&quot;,&quot;iso&quot;:&quot;0&quot;,&quot;shutter_speed&quot;:&quot;0&quot;,&quot;title&quot;:&quot;&quot;,&quot;orientation&quot;:&quot;0&quot;}\" data-image-title=\"DIVAN\" data-image-description=\"\" data-image-caption=\"\" data-large-file=\"https:\/\/i0.wp.com\/kalot.com.mx\/site\/wp-content\/uploads\/2014\/05\/DIVAN1.jpg?fit=574%2C640&amp;ssl=1\" class=\"aligncenter wp-image-15829 size-medium\" src=\"https:\/\/i0.wp.com\/kalot.com.mx\/site\/wp-content\/uploads\/2013\/08\/20130830-134112.jpg?fit=300%2C244&#038;ssl=1\" alt=\"DIVAN\" width=\"300\" height=\"244\" \/><\/a><\/p>\n<p style=\"text-align: justify\"><em>\u201cPsicopatolog\u00eda de la vida cotidiana\u201d<\/em> (1904) y <em>\u201cTres ensayos para una teor\u00eda sexual\u201d<\/em> (1905), aumentaron el rechazo de sus colegas, lo que lo llev\u00f3 a trabajar virtualmente solo, en lo que \u00e9l mismo denomin\u00f3 <strong>\u201cuna espl\u00e9ndida soledad\u201d<\/strong>. Mal interpretadas, las teor\u00edas sexuales de Freud cimbraron a la sociedad victoriana que cubr\u00eda las patas de los pianos porque parec\u00edan piernas femeninas, y sacudi\u00f3 las mentes conservadoras de quienes entendieron la sexualidad como genitalidad.\u00a0El modelo psico-sexual que desarroll\u00f3 Freud sigue siendo criticado desde diferentes aristas: su afirmaci\u00f3n sobre la existencia de una sexualidad infantil y la ausencia de \u00e9sta en el desarrollo de la salud mental.<\/p>\n<p style=\"text-align: justify\"><strong>7.-\u00a0<\/strong>Tras el comienzo de la\u00a0<em>Primera Guerra Mundial<\/em>, <strong>Freud<\/strong> abandon\u00f3 la observaci\u00f3n cl\u00ednica y se concentr\u00f3 en la aplicaci\u00f3n de sus teor\u00edas a la interpretaci\u00f3n psicoanal\u00edtica de fen\u00f3menos sociales, como la religi\u00f3n, la mitolog\u00eda, el arte, la literatura, el orden social o la propia guerra.<\/p>\n<figure id=\"attachment_15823\" aria-describedby=\"caption-attachment-15823\" style=\"width: 164px\" class=\"wp-caption aligncenter\"><a href=\"https:\/\/i0.wp.com\/www.kalot.com.mx\/wp-content\/uploads\/2014\/05\/Bm8WCuACIAA1srl.jpg\"><img data-recalc-dims=\"1\" decoding=\"async\" data-attachment-id=\"15823\" data-permalink=\"https:\/\/kalot.com.mx\/site\/2014\/05\/06\/sigmund-freud-un-legado-el-psicoanalisis\/bm8wcuaciaa1srl\/\" data-orig-file=\"https:\/\/i0.wp.com\/kalot.com.mx\/site\/wp-content\/uploads\/2014\/05\/Bm8WCuACIAA1srl.jpg?fit=290%2C499&amp;ssl=1\" data-orig-size=\"290,499\" data-comments-opened=\"1\" data-image-meta=\"{&quot;aperture&quot;:&quot;0&quot;,&quot;credit&quot;:&quot;&quot;,&quot;camera&quot;:&quot;&quot;,&quot;caption&quot;:&quot;&quot;,&quot;created_timestamp&quot;:&quot;0&quot;,&quot;copyright&quot;:&quot;&quot;,&quot;focal_length&quot;:&quot;0&quot;,&quot;iso&quot;:&quot;0&quot;,&quot;shutter_speed&quot;:&quot;0&quot;,&quot;title&quot;:&quot;&quot;,&quot;orientation&quot;:&quot;0&quot;}\" data-image-title=\"Bm8WCuACIAA1srl\" data-image-description=\"\" data-image-caption=\"\" data-large-file=\"https:\/\/i0.wp.com\/kalot.com.mx\/site\/wp-content\/uploads\/2014\/05\/Bm8WCuACIAA1srl.jpg?fit=290%2C499&amp;ssl=1\" class=\"wp-image-15823 \" src=\"https:\/\/i0.wp.com\/www.kalot.com.mx\/wp-content\/uploads\/2014\/05\/Bm8WCuACIAA1srl-174x300.jpg?resize=164%2C283\" alt=\"Bm8WCuACIAA1srl\" width=\"164\" height=\"283\" srcset=\"https:\/\/i0.wp.com\/kalot.com.mx\/site\/wp-content\/uploads\/2014\/05\/Bm8WCuACIAA1srl.jpg?resize=174%2C300&amp;ssl=1 174w, https:\/\/i0.wp.com\/kalot.com.mx\/site\/wp-content\/uploads\/2014\/05\/Bm8WCuACIAA1srl.jpg?w=290&amp;ssl=1 290w\" sizes=\"(max-width: 164px) 100vw, 164px\" \/><\/a><figcaption id=\"caption-attachment-15823\" class=\"wp-caption-text\">S. Freud y Martha<\/figcaption><\/figure>\n<p style=\"text-align: justify\"><strong>8.-\u00a0<\/strong>En los a\u00f1os en que escribi\u00f3 <em>\u201cEl malestar de la cultura<\/em>\u201d, escrito en el que abord\u00f3 el tema de la muerte y la b\u00fasqueda del hombre por la inmortalidad, <strong>Freud<\/strong> fue diagnosticado con c\u00e1ncer en la mand\u00edbula, enfermedad que lo llev\u00f3 a someterse a un tratamiento constante y doloroso, que deriv\u00f3 en varias intervenciones quir\u00fargicas.<\/p>\n<p style=\"text-align: justify\"><strong>9.-<\/strong>\u00a0Cuando los nazis ocuparon Austria, en 1938; Freud y su familia se trasladaron a Londres, para que el 21 de septiembre de 1939, el padre del psicoan\u00e1lisis le recordara a su amigo y m\u00e9dico de cabecera la promesa que le hizo de ayudarle a morir cuando el c\u00e1ncer de mand\u00edbula se volviera insoportable.<\/p>\n<p style=\"text-align: justify\"><strong>10.-\u00a0Sigmund Freud<\/strong> recibi\u00f3 una inyecci\u00f3n de morfina y falleci\u00f3 a la medianoche del 23 de septiembre de 1939, dejando, entre otras, importantes obras como <em>\u201cT\u00f3tem y Tab\u00fa\u201d, \u201cM\u00e1s all\u00e1 del principio del placer\u201d, \u201cPsicolog\u00eda de masas\u201d, \u201cEl yo y el ello\u201d, \u201cEl porvenir de una ilusi\u00f3n\u201d y \u201cMois\u00e9s y el monote\u00edsmo\u201d.<\/em><\/p>\n<p style=\"text-align: justify\">Y bueno, \u00e9ste fue y es nuestro padre del psicoan\u00e1lisis y digo es porqu\u00e9 hoy en d\u00eda su teor\u00eda psicosexual y la asociaci\u00f3n libre siguen siendo parte de la psicoterapia psicoanal\u00edtica, as\u00ed como sus m\u00faltiples obras son le\u00eddas y apreciadas por aquellos que nos gusta el psicoan\u00e1lisis.<\/p>\n<p style=\"text-align: justify\"><a href=\"https:\/\/i0.wp.com\/www.kalot.com.mx\/wp-content\/uploads\/2014\/05\/6fbb1e95e77e974d50b5933afb18d7b7.jpg\"><img loading=\"lazy\" decoding=\"async\" data-attachment-id=\"15835\" data-permalink=\"https:\/\/kalot.com.mx\/site\/2014\/05\/06\/sigmund-freud-un-legado-el-psicoanalisis\/6fbb1e95e77e974d50b5933afb18d7b7\/\" data-orig-file=\"https:\/\/i0.wp.com\/kalot.com.mx\/site\/wp-content\/uploads\/2014\/05\/6fbb1e95e77e974d50b5933afb18d7b7.jpg?fit=416%2C500&amp;ssl=1\" data-orig-size=\"416,500\" data-comments-opened=\"1\" data-image-meta=\"{&quot;aperture&quot;:&quot;0&quot;,&quot;credit&quot;:&quot;&quot;,&quot;camera&quot;:&quot;&quot;,&quot;caption&quot;:&quot;&quot;,&quot;created_timestamp&quot;:&quot;0&quot;,&quot;copyright&quot;:&quot;&quot;,&quot;focal_length&quot;:&quot;0&quot;,&quot;iso&quot;:&quot;0&quot;,&quot;shutter_speed&quot;:&quot;0&quot;,&quot;title&quot;:&quot;&quot;,&quot;orientation&quot;:&quot;0&quot;}\" data-image-title=\"Sigmund Freud\" data-image-description=\"\" data-image-caption=\"\" data-large-file=\"https:\/\/i0.wp.com\/kalot.com.mx\/site\/wp-content\/uploads\/2014\/05\/6fbb1e95e77e974d50b5933afb18d7b7.jpg?fit=416%2C500&amp;ssl=1\" class=\"aligncenter size-medium wp-image-15835\" src=\"https:\/\/i0.wp.com\/kalot.com.mx\/site\/wp-content\/uploads\/2013\/08\/20130830-134112.jpg?fit=300%2C244&#038;ssl=1\" alt=\"Sigmund Freud\" width=\"300\" height=\"244\" \/><\/a><\/p>\n<p style=\"text-align: justify\"><strong>\u00a1Feliz Cumple a\u00f1os querido Freud! Y cu\u00eddense del Edipo y de la se\u00f1ora Castraci\u00f3n. Denle rienda suelta a sus deseos y que el Supery\u00f3 no los castigue.\u00a0<\/strong><\/p>\n<p style=\"text-align: center\"><em><span style=\"color: #292f33\">\u00abUno es due\u00f1o de lo que calla y esclavo de lo que habla\u00bb.<\/span><\/em><\/p>\n<p style=\"text-align: justify\">Hasta la pr\u00f3xima Kaloch@s.<\/p>\n<p style=\"text-align: justify\">Fuente: <a href=\"http:\/\/quo.mx\/\">QUO<\/a><\/p>\n","protected":false},"excerpt":{"rendered":"Hola queridos Kalochos, espero hayan iniciado la semana y el mes de la mejor manera. Y aqu\u00ed estamos&hellip;\n","protected":false},"author":87,"featured_media":15824,"comment_status":"open","ping_status":"open","sticky":false,"template":"","format":"standard","meta":{"jetpack_post_was_ever_published":false,"_jetpack_newsletter_access":"","_jetpack_dont_email_post_to_subs":false,"_jetpack_newsletter_tier_id":0,"_jetpack_memberships_contains_paywalled_content":false,"_jetpack_memberships_contains_paid_content":false,"footnotes":"","jetpack_publicize_message":"","jetpack_publicize_feature_enabled":true,"jetpack_social_post_already_shared":true,"jetpack_social_options":{"image_generator_settings":{"template":"highway","default_image_id":0,"font":"","enabled":false},"version":2}},"categories":[1],"tags":[],"class_list":{"0":"post-15820","1":"post","2":"type-post","3":"status-publish","4":"format-standard","5":"has-post-thumbnail","7":"category-sin-categoria","8":"cs-entry","9":"cs-video-wrap"},"yoast_head":"<!-- This site is optimized with the Yoast SEO plugin v27.5 - https:\/\/yoast.com\/product\/yoast-seo-wordpress\/ -->\n<title>Sigmund Freud. Un legado: El Psicoan\u00e1lisis. - Kalot<\/title>\n<meta name=\"description\" content=\"Hola queridos Kalochos, espero hayan iniciado la semana y el mes de la mejor manera. Y aqu\u00ed estamos nuevamente y hoy festejamos un nacimiento muy muy\" \/>\n<meta name=\"robots\" content=\"index, follow, max-snippet:-1, max-image-preview:large, max-video-preview:-1\" \/>\n<link rel=\"canonical\" href=\"https:\/\/kalot.com.mx\/site\/2014\/05\/06\/sigmund-freud-un-legado-el-psicoanalisis\/\" \/>\n<meta property=\"og:locale\" content=\"es_MX\" \/>\n<meta property=\"og:type\" content=\"article\" \/>\n<meta property=\"og:title\" content=\"Sigmund Freud. Un legado: El Psicoan\u00e1lisis. - Kalot\" \/>\n<meta property=\"og:description\" content=\"Hola queridos Kalochos, espero hayan iniciado la semana y el mes de la mejor manera. Y aqu\u00ed estamos nuevamente y hoy festejamos un nacimiento muy muy\" \/>\n<meta property=\"og:url\" content=\"https:\/\/kalot.com.mx\/site\/2014\/05\/06\/sigmund-freud-un-legado-el-psicoanalisis\/\" \/>\n<meta property=\"og:site_name\" content=\"Kalot\" \/>\n<meta property=\"article:publisher\" content=\"http:\/\/facebook.com\/mxkalot\" \/>\n<meta property=\"article:author\" content=\"www.facebook.com\/Lunaarabe\" \/>\n<meta property=\"article:published_time\" content=\"2014-05-06T15:48:17+00:00\" \/>\n<meta property=\"article:modified_time\" content=\"2017-12-20T21:55:20+00:00\" \/>\n<meta property=\"og:image\" content=\"https:\/\/i0.wp.com\/kalot.com.mx\/site\/wp-content\/uploads\/2014\/05\/ac3f544dd1db869453803c9452a8a3d8.jpg?fit=640%2C485&ssl=1\" \/>\n\t<meta property=\"og:image:width\" content=\"640\" \/>\n\t<meta property=\"og:image:height\" content=\"485\" \/>\n\t<meta property=\"og:image:type\" content=\"image\/jpeg\" \/>\n<meta name=\"author\" content=\"Andrea Debo\" \/>\n<meta name=\"twitter:card\" content=\"summary_large_image\" \/>\n<meta name=\"twitter:creator\" content=\"@andiedeluna\" \/>\n<meta name=\"twitter:site\" content=\"@kalotmx\" \/>\n<meta name=\"twitter:label1\" content=\"Escrito por\" \/>\n\t<meta name=\"twitter:data1\" content=\"Andrea Debo\" \/>\n\t<meta name=\"twitter:label2\" content=\"Tiempo de lectura\" \/>\n\t<meta name=\"twitter:data2\" content=\"5 minutos\" \/>\n<!-- \/ Yoast SEO plugin. -->","yoast_head_json":{"title":"Sigmund Freud. Un legado: El Psicoan\u00e1lisis. - Kalot","description":"Hola queridos Kalochos, espero hayan iniciado la semana y el mes de la mejor manera. Y aqu\u00ed estamos nuevamente y hoy festejamos un nacimiento muy muy","robots":{"index":"index","follow":"follow","max-snippet":"max-snippet:-1","max-image-preview":"max-image-preview:large","max-video-preview":"max-video-preview:-1"},"canonical":"https:\/\/kalot.com.mx\/site\/2014\/05\/06\/sigmund-freud-un-legado-el-psicoanalisis\/","og_locale":"es_MX","og_type":"article","og_title":"Sigmund Freud. Un legado: El Psicoan\u00e1lisis. - Kalot","og_description":"Hola queridos Kalochos, espero hayan iniciado la semana y el mes de la mejor manera. Y aqu\u00ed estamos nuevamente y hoy festejamos un nacimiento muy muy","og_url":"https:\/\/kalot.com.mx\/site\/2014\/05\/06\/sigmund-freud-un-legado-el-psicoanalisis\/","og_site_name":"Kalot","article_publisher":"http:\/\/facebook.com\/mxkalot","article_author":"www.facebook.com\/Lunaarabe","article_published_time":"2014-05-06T15:48:17+00:00","article_modified_time":"2017-12-20T21:55:20+00:00","og_image":[{"width":640,"height":485,"url":"https:\/\/i0.wp.com\/kalot.com.mx\/site\/wp-content\/uploads\/2014\/05\/ac3f544dd1db869453803c9452a8a3d8.jpg?fit=640%2C485&ssl=1","type":"image\/jpeg"}],"author":"Andrea Debo","twitter_card":"summary_large_image","twitter_creator":"@andiedeluna","twitter_site":"@kalotmx","twitter_misc":{"Escrito por":"Andrea Debo","Tiempo de lectura":"5 minutos"},"schema":{"@context":"https:\/\/schema.org","@graph":[{"@type":"Article","@id":"https:\/\/kalot.com.mx\/site\/2014\/05\/06\/sigmund-freud-un-legado-el-psicoanalisis\/#article","isPartOf":{"@id":"https:\/\/kalot.com.mx\/site\/2014\/05\/06\/sigmund-freud-un-legado-el-psicoanalisis\/"},"author":{"name":"Andrea Debo","@id":"https:\/\/kalot.com.mx\/site\/#\/schema\/person\/14675fd70b27798461d9dcfbc49a788e"},"headline":"Sigmund Freud. Un legado: El Psicoan\u00e1lisis.","datePublished":"2014-05-06T15:48:17+00:00","dateModified":"2017-12-20T21:55:20+00:00","mainEntityOfPage":{"@id":"https:\/\/kalot.com.mx\/site\/2014\/05\/06\/sigmund-freud-un-legado-el-psicoanalisis\/"},"wordCount":944,"commentCount":0,"publisher":{"@id":"https:\/\/kalot.com.mx\/site\/#organization"},"image":{"@id":"https:\/\/kalot.com.mx\/site\/2014\/05\/06\/sigmund-freud-un-legado-el-psicoanalisis\/#primaryimage"},"thumbnailUrl":"https:\/\/i0.wp.com\/kalot.com.mx\/site\/wp-content\/uploads\/2014\/05\/ac3f544dd1db869453803c9452a8a3d8.jpg?fit=640%2C485&ssl=1","inLanguage":"es","potentialAction":[{"@type":"CommentAction","name":"Comment","target":["https:\/\/kalot.com.mx\/site\/2014\/05\/06\/sigmund-freud-un-legado-el-psicoanalisis\/#respond"]}]},{"@type":"WebPage","@id":"https:\/\/kalot.com.mx\/site\/2014\/05\/06\/sigmund-freud-un-legado-el-psicoanalisis\/","url":"https:\/\/kalot.com.mx\/site\/2014\/05\/06\/sigmund-freud-un-legado-el-psicoanalisis\/","name":"Sigmund Freud. Un legado: El Psicoan\u00e1lisis. - Kalot","isPartOf":{"@id":"https:\/\/kalot.com.mx\/site\/#website"},"primaryImageOfPage":{"@id":"https:\/\/kalot.com.mx\/site\/2014\/05\/06\/sigmund-freud-un-legado-el-psicoanalisis\/#primaryimage"},"image":{"@id":"https:\/\/kalot.com.mx\/site\/2014\/05\/06\/sigmund-freud-un-legado-el-psicoanalisis\/#primaryimage"},"thumbnailUrl":"https:\/\/i0.wp.com\/kalot.com.mx\/site\/wp-content\/uploads\/2014\/05\/ac3f544dd1db869453803c9452a8a3d8.jpg?fit=640%2C485&ssl=1","datePublished":"2014-05-06T15:48:17+00:00","dateModified":"2017-12-20T21:55:20+00:00","description":"Hola queridos Kalochos, espero hayan iniciado la semana y el mes de la mejor manera. Y aqu\u00ed estamos nuevamente y hoy festejamos un nacimiento muy muy","breadcrumb":{"@id":"https:\/\/kalot.com.mx\/site\/2014\/05\/06\/sigmund-freud-un-legado-el-psicoanalisis\/#breadcrumb"},"inLanguage":"es","potentialAction":[{"@type":"ReadAction","target":["https:\/\/kalot.com.mx\/site\/2014\/05\/06\/sigmund-freud-un-legado-el-psicoanalisis\/"]}]},{"@type":"ImageObject","inLanguage":"es","@id":"https:\/\/kalot.com.mx\/site\/2014\/05\/06\/sigmund-freud-un-legado-el-psicoanalisis\/#primaryimage","url":"https:\/\/i0.wp.com\/kalot.com.mx\/site\/wp-content\/uploads\/2014\/05\/ac3f544dd1db869453803c9452a8a3d8.jpg?fit=640%2C485&ssl=1","contentUrl":"https:\/\/i0.wp.com\/kalot.com.mx\/site\/wp-content\/uploads\/2014\/05\/ac3f544dd1db869453803c9452a8a3d8.jpg?fit=640%2C485&ssl=1","width":640,"height":485},{"@type":"BreadcrumbList","@id":"https:\/\/kalot.com.mx\/site\/2014\/05\/06\/sigmund-freud-un-legado-el-psicoanalisis\/#breadcrumb","itemListElement":[{"@type":"ListItem","position":1,"name":"Home","item":"https:\/\/kalot.com.mx\/site\/"},{"@type":"ListItem","position":2,"name":"Sigmund Freud. Un legado: El Psicoan\u00e1lisis."}]},{"@type":"WebSite","@id":"https:\/\/kalot.com.mx\/site\/#website","url":"https:\/\/kalot.com.mx\/site\/","name":"Kalot","description":"Conoce Todo Sobre Todo","publisher":{"@id":"https:\/\/kalot.com.mx\/site\/#organization"},"potentialAction":[{"@type":"SearchAction","target":{"@type":"EntryPoint","urlTemplate":"https:\/\/kalot.com.mx\/site\/?s={search_term_string}"},"query-input":{"@type":"PropertyValueSpecification","valueRequired":true,"valueName":"search_term_string"}}],"inLanguage":"es"},{"@type":"Organization","@id":"https:\/\/kalot.com.mx\/site\/#organization","name":"Kalot","url":"https:\/\/kalot.com.mx\/site\/","logo":{"@type":"ImageObject","inLanguage":"es","@id":"https:\/\/kalot.com.mx\/site\/#\/schema\/logo\/image\/","url":"https:\/\/i0.wp.com\/kalot.com.mx\/site\/wp-content\/uploads\/2020\/04\/Kalot-logo-sin-tagline.png?fit=1707%2C1014&ssl=1","contentUrl":"https:\/\/i0.wp.com\/kalot.com.mx\/site\/wp-content\/uploads\/2020\/04\/Kalot-logo-sin-tagline.png?fit=1707%2C1014&ssl=1","width":1707,"height":1014,"caption":"Kalot"},"image":{"@id":"https:\/\/kalot.com.mx\/site\/#\/schema\/logo\/image\/"},"sameAs":["http:\/\/facebook.com\/mxkalot","https:\/\/x.com\/kalotmx","http:\/\/instagram.com\/kalotmx","http:\/\/pinterest.com\/jorgeerana\/kalot"]},{"@type":"Person","@id":"https:\/\/kalot.com.mx\/site\/#\/schema\/person\/14675fd70b27798461d9dcfbc49a788e","name":"Andrea Debo","image":{"@type":"ImageObject","inLanguage":"es","@id":"https:\/\/secure.gravatar.com\/avatar\/3cfe57e23694d8cfae6513ce9e9fc81968b8f33a577b41fa95d73c53d7f1be88?s=96&d=mm&r=g","url":"https:\/\/secure.gravatar.com\/avatar\/3cfe57e23694d8cfae6513ce9e9fc81968b8f33a577b41fa95d73c53d7f1be88?s=96&d=mm&r=g","contentUrl":"https:\/\/secure.gravatar.com\/avatar\/3cfe57e23694d8cfae6513ce9e9fc81968b8f33a577b41fa95d73c53d7f1be88?s=96&d=mm&r=g","caption":"Andrea Debo"},"description":"Casi Psic\u00f3loga, poeta, pianista, so\u00f1adora, amante de la poes\u00eda, la m\u00fasica, la filosof\u00eda, del caf\u00e9 y de la vida . \"\u00a1Ladran Sancho! se\u00f1al de que cabalgamos.\"","sameAs":["www.facebook.com\/Lunaarabe","https:\/\/x.com\/@andiedeluna"],"url":"https:\/\/kalot.com.mx\/site\/author\/andrea\/"}]}},"jetpack_publicize_connections":[],"jetpack_featured_media_url":"https:\/\/i0.wp.com\/kalot.com.mx\/site\/wp-content\/uploads\/2014\/05\/ac3f544dd1db869453803c9452a8a3d8.jpg?fit=640%2C485&ssl=1","jetpack_shortlink":"https:\/\/wp.me\/p6IHEI-47a","jetpack-related-posts":[{"id":2232,"url":"https:\/\/kalot.com.mx\/site\/2013\/09\/23\/sigmund-freud\/","url_meta":{"origin":15820,"position":0},"title":"Sigmund Freud a 74 a\u00f1os de su muerte m\u00e1s vivo que nunca&#8230;","author":"Dal\u00ed Flores","date":"23 septiembre, 2013","format":false,"excerpt":"En un d\u00eda como hoy pero de 1939 (llanto, contenci\u00f3n, sollozo, llanto, contenci\u00f3n, sollozo) muri\u00f3 Sigmund Freud en Londres. Una de sus aportaciones principales fue abrir una vez m\u00e1s los ojos a la humanidad. \u00a0La primer gran afrenta que la humanidad tuvo fue la hecha por Cop\u00e9rnico El hombre no\u2026","rel":"","context":"Entrada similar ","block_context":{"text":"Entrada similar ","link":""},"img":{"alt_text":"","src":"https:\/\/i0.wp.com\/kalot.com.mx\/site\/wp-content\/uploads\/2013\/09\/06.jpeg?fit=1017%2C1016&ssl=1&resize=350%2C200","width":350,"height":200,"srcset":"https:\/\/i0.wp.com\/kalot.com.mx\/site\/wp-content\/uploads\/2013\/09\/06.jpeg?fit=1017%2C1016&ssl=1&resize=350%2C200 1x, https:\/\/i0.wp.com\/kalot.com.mx\/site\/wp-content\/uploads\/2013\/09\/06.jpeg?fit=1017%2C1016&ssl=1&resize=525%2C300 1.5x, https:\/\/i0.wp.com\/kalot.com.mx\/site\/wp-content\/uploads\/2013\/09\/06.jpeg?fit=1017%2C1016&ssl=1&resize=700%2C400 2x"},"classes":[]},{"id":18288,"url":"https:\/\/kalot.com.mx\/site\/2014\/09\/23\/recordando-al-maestro-sigmund-freud-75-anos-de-su-muerte\/","url_meta":{"origin":15820,"position":1},"title":"Recordando al maestro Sigmund Freud, a 75 a\u00f1os de su muerte.","author":"Dal\u00ed Flores","date":"23 septiembre, 2014","format":false,"excerpt":"A 75 a\u00f1os de la muerte de Freud contin\u00faa moviendo masas, con todo lo que en vida comparti\u00f3, a la fecha, es indispensable para la cl\u00ednica actual. Para recordar al maestro le\u00ed uno de sus m\u00e1s curiosos art\u00edculos \"El olvido de los nombres propios\" ya que Freud hace un an\u00e1lisis\u2026","rel":"","context":"Entrada similar ","block_context":{"text":"Entrada similar ","link":""},"img":{"alt_text":"freud2","src":"https:\/\/i0.wp.com\/www.kalot.com.mx\/wp-content\/uploads\/2014\/09\/freud2.jpg?resize=350%2C200","width":350,"height":200},"classes":[]},{"id":23194,"url":"https:\/\/kalot.com.mx\/site\/2015\/08\/28\/perverso-viernes-de-breviario-cultural\/","url_meta":{"origin":15820,"position":2},"title":"Perverso. Viernes de breviario cultural.","author":"Brenda A","date":"28 agosto, 2015","format":false,"excerpt":"Ustedes son de los que les gusta romper reglas, no les gusta lo com\u00fan y les encanta ir contra lo establecido, entonces s\u00ed puedo decirles \"perversotes\" o \u00bfdeber\u00eda decir \"pervertidotes\"? A poco no al usar \u00e9stas palabras lo hacemos con toda comodidad de expresar a alguien malvado, una mente perversa,\u2026","rel":"","context":"Entrada similar ","block_context":{"text":"Entrada similar ","link":""},"img":{"alt_text":"giphy","src":"https:\/\/i0.wp.com\/www.kalot.com.mx\/wp-content\/uploads\/2015\/08\/giphy-300x133.gif?resize=350%2C200","width":350,"height":200},"classes":[]},{"id":26646,"url":"https:\/\/kalot.com.mx\/site\/2016\/11\/13\/gog-la-ficcion-la-prediccion\/","url_meta":{"origin":15820,"position":3},"title":"Gog: entre la ficci\u00f3n y  la predicci\u00f3n.","author":"Aldo L\u00f3pez","date":"13 noviembre, 2016","format":false,"excerpt":"Goggins es un personaje que protagoniza dos de las m\u00e1s conocidas obras literarias del escritor italiano Giovanni Papini (Florencia, 1881-1956). Dichas obras son Gog, publicada en 1931 y El libro negro de 1951. Gog recorre el mundo de principios del siglo XX\u00a0 en busca de conocimiento, ese conocimiento que en\u2026","rel":"","context":"En &quot;Cultura&quot;","block_context":{"text":"Cultura","link":"https:\/\/kalot.com.mx\/site\/category\/cultura\/"},"img":{"alt_text":"","src":"https:\/\/i0.wp.com\/kalot.com.mx\/site\/wp-content\/uploads\/2016\/11\/Gog2.jpg?fit=837%2C540&ssl=1&resize=350%2C200","width":350,"height":200,"srcset":"https:\/\/i0.wp.com\/kalot.com.mx\/site\/wp-content\/uploads\/2016\/11\/Gog2.jpg?fit=837%2C540&ssl=1&resize=350%2C200 1x, https:\/\/i0.wp.com\/kalot.com.mx\/site\/wp-content\/uploads\/2016\/11\/Gog2.jpg?fit=837%2C540&ssl=1&resize=525%2C300 1.5x, https:\/\/i0.wp.com\/kalot.com.mx\/site\/wp-content\/uploads\/2016\/11\/Gog2.jpg?fit=837%2C540&ssl=1&resize=700%2C400 2x"},"classes":[]},{"id":702,"url":"https:\/\/kalot.com.mx\/site\/2013\/09\/05\/freddie-mercury-el-mas-grande-de-toda-la-historia-hoy-cumpliria-67-anos\/","url_meta":{"origin":15820,"position":4},"title":"Freddie Mercury, el m\u00e1s grande de toda la historia. Hoy cumplir\u00eda 67 a\u00f1os","author":"Jorge Era\u00f1a","date":"5 septiembre, 2013","format":false,"excerpt":"\u00a0 Definitivamente el m\u00e1s grande de la historia, un \u00edcono emblem\u00e1tico de la m\u00fasica alrededor de \u00a0todo el mundo. Es casi imposible no conocer al interprete de \u00a0Somebody to Love, Bohemian Rhapsody, Under Pressure entre otras. Freddie Mercury naci\u00f3 un 5 de septiembre de\u00a01946 en Stone Town, Zanz\u00edbar (actualmente Tanzania)\u2026","rel":"","context":"Con 3 comentarios","block_context":{"text":"Con 3 comentarios","link":"https:\/\/kalot.com.mx\/site\/2013\/09\/05\/freddie-mercury-el-mas-grande-de-toda-la-historia-hoy-cumpliria-67-anos\/#comments"},"img":{"alt_text":"","src":"https:\/\/i0.wp.com\/kalot.com.mx\/site\/wp-content\/uploads\/2013\/09\/freddie-mercury-cumpliria-67-anos.jpg?fit=640%2C480&ssl=1&resize=350%2C200","width":350,"height":200,"srcset":"https:\/\/i0.wp.com\/kalot.com.mx\/site\/wp-content\/uploads\/2013\/09\/freddie-mercury-cumpliria-67-anos.jpg?fit=640%2C480&ssl=1&resize=350%2C200 1x, https:\/\/i0.wp.com\/kalot.com.mx\/site\/wp-content\/uploads\/2013\/09\/freddie-mercury-cumpliria-67-anos.jpg?fit=640%2C480&ssl=1&resize=525%2C300 1.5x"},"classes":[]},{"id":19038,"url":"https:\/\/kalot.com.mx\/site\/2014\/10\/31\/app-recomendada-de-la-semana-run-sackboy-y-star-warfare-2\/","url_meta":{"origin":15820,"position":5},"title":"APP recomendada de la semana: RUN SACKBOY y STAR WARFARE 2","author":"HM_MKT007","date":"31 octubre, 2014","format":false,"excerpt":"Que tal Kalochos y Kalochas, sabemos que hoy en d\u00eda, no todos tenemos el tiempo de disfrutar de una consola ya sea de sobremesa o port\u00e1til, y adem\u00e1s sabemos que el celular es nuestro compa\u00f1ero de todo el d\u00eda, y siempre tenemos ocasiones con tiempos muertos, donde no hacemos absolutamente\u2026","rel":"","context":"Entrada similar ","block_context":{"text":"Entrada similar ","link":""},"img":{"alt_text":"","src":"https:\/\/i0.wp.com\/kalot.com.mx\/site\/wp-content\/uploads\/2014\/10\/Presentaci%C3%B3n11.jpg?fit=960%2C720&ssl=1&resize=350%2C200","width":350,"height":200,"srcset":"https:\/\/i0.wp.com\/kalot.com.mx\/site\/wp-content\/uploads\/2014\/10\/Presentaci%C3%B3n11.jpg?fit=960%2C720&ssl=1&resize=350%2C200 1x, https:\/\/i0.wp.com\/kalot.com.mx\/site\/wp-content\/uploads\/2014\/10\/Presentaci%C3%B3n11.jpg?fit=960%2C720&ssl=1&resize=525%2C300 1.5x, https:\/\/i0.wp.com\/kalot.com.mx\/site\/wp-content\/uploads\/2014\/10\/Presentaci%C3%B3n11.jpg?fit=960%2C720&ssl=1&resize=700%2C400 2x"},"classes":[]}],"jetpack_sharing_enabled":true,"_links":{"self":[{"href":"https:\/\/kalot.com.mx\/site\/wp-json\/wp\/v2\/posts\/15820","targetHints":{"allow":["GET"]}}],"collection":[{"href":"https:\/\/kalot.com.mx\/site\/wp-json\/wp\/v2\/posts"}],"about":[{"href":"https:\/\/kalot.com.mx\/site\/wp-json\/wp\/v2\/types\/post"}],"author":[{"embeddable":true,"href":"https:\/\/kalot.com.mx\/site\/wp-json\/wp\/v2\/users\/87"}],"replies":[{"embeddable":true,"href":"https:\/\/kalot.com.mx\/site\/wp-json\/wp\/v2\/comments?post=15820"}],"version-history":[{"count":1,"href":"https:\/\/kalot.com.mx\/site\/wp-json\/wp\/v2\/posts\/15820\/revisions"}],"predecessor-version":[{"id":27922,"href":"https:\/\/kalot.com.mx\/site\/wp-json\/wp\/v2\/posts\/15820\/revisions\/27922"}],"wp:featuredmedia":[{"embeddable":true,"href":"https:\/\/kalot.com.mx\/site\/wp-json\/wp\/v2\/media\/15824"}],"wp:attachment":[{"href":"https:\/\/kalot.com.mx\/site\/wp-json\/wp\/v2\/media?parent=15820"}],"wp:term":[{"taxonomy":"category","embeddable":true,"href":"https:\/\/kalot.com.mx\/site\/wp-json\/wp\/v2\/categories?post=15820"},{"taxonomy":"post_tag","embeddable":true,"href":"https:\/\/kalot.com.mx\/site\/wp-json\/wp\/v2\/tags?post=15820"}],"curies":[{"name":"wp","href":"https:\/\/api.w.org\/{rel}","templated":true}]}}