{"id":15632,"date":"2014-04-30T13:02:53","date_gmt":"2014-04-30T18:02:53","guid":{"rendered":"http:\/\/www.kalot.com.mx\/?p=15632"},"modified":"2017-12-20T15:55:19","modified_gmt":"2017-12-20T21:55:19","slug":"nino-deseado-nino-feliz","status":"publish","type":"post","link":"https:\/\/kalot.com.mx\/site\/2014\/04\/30\/nino-deseado-nino-feliz\/","title":{"rendered":"Ni\u00f1o Deseado, Ni\u00f1o Feliz."},"content":{"rendered":"<p style=\"text-align: justify\"><span>Hola lectores Kalochos, el d\u00eda de hoy quiero contarles un poquito de un libro qu\u00e9 encontr\u00e9\u00a0el cu\u00e1l es muy interesante (m\u00e1s si eres pap\u00e1 o si quieres serlo) y pues a prop\u00f3sito que hoy se festeja el d\u00eda del ni\u00f1o espero les sea de su agrado.<\/span><\/p>\n<p style=\"text-align: justify\"><span>La autora es <strong>Fran\u00e7oise Dolto<\/strong>, qui\u00e9n\u00a0fue una psicoanalista francesa famosa por sus descubrimientos en psicoan\u00e1lisis de ni\u00f1os.<\/span><\/p>\n<p><a href=\"https:\/\/i0.wp.com\/www.kalot.com.mx\/wp-content\/uploads\/2014\/04\/FrancoiseDolto.jpg\"><img fetchpriority=\"high\" decoding=\"async\" data-attachment-id=\"15633\" data-permalink=\"https:\/\/kalot.com.mx\/site\/2014\/04\/30\/nino-deseado-nino-feliz\/francoisedolto\/\" data-orig-file=\"https:\/\/i0.wp.com\/kalot.com.mx\/site\/wp-content\/uploads\/2014\/04\/FrancoiseDolto.jpg?fit=350%2C242&amp;ssl=1\" data-orig-size=\"350,242\" data-comments-opened=\"1\" data-image-meta=\"{&quot;aperture&quot;:&quot;0&quot;,&quot;credit&quot;:&quot;&quot;,&quot;camera&quot;:&quot;&quot;,&quot;caption&quot;:&quot;&quot;,&quot;created_timestamp&quot;:&quot;0&quot;,&quot;copyright&quot;:&quot;&quot;,&quot;focal_length&quot;:&quot;0&quot;,&quot;iso&quot;:&quot;0&quot;,&quot;shutter_speed&quot;:&quot;0&quot;,&quot;title&quot;:&quot;&quot;,&quot;orientation&quot;:&quot;0&quot;}\" data-image-title=\"FrancoiseDolto\" data-image-description=\"\" data-image-caption=\"\" data-large-file=\"https:\/\/i0.wp.com\/kalot.com.mx\/site\/wp-content\/uploads\/2014\/04\/FrancoiseDolto.jpg?fit=350%2C242&amp;ssl=1\" class=\"size-medium wp-image-15633 aligncenter\" src=\"https:\/\/i0.wp.com\/kalot.com.mx\/site\/wp-content\/uploads\/2013\/08\/20130830-134112.jpg?fit=300%2C244&#038;ssl=1\" alt=\"FrancoiseDolto\" width=\"300\" height=\"244\" \/><\/a><\/p>\n<p style=\"text-align: justify\">\n<p style=\"text-align: justify\"><span>Esta lectura se hizo a trav\u00e9s de las cartas que los padres le enviaban a Dolto sobre las problem\u00e1ticas o situaciones que ten\u00edan con sus hijos y que de alguna manera o otra les causaba a veces preocupaci\u00f3n otras confusiones y en algunas ocasiones necesitaban saber si lo que hac\u00edan criando a sus peque\u00f1os estaba correcto.<\/span><\/p>\n<p style=\"text-align: center\"><a href=\"https:\/\/i0.wp.com\/www.kalot.com.mx\/wp-content\/uploads\/2014\/04\/descarga-6.jpg\"><img data-recalc-dims=\"1\" decoding=\"async\" data-attachment-id=\"15634\" data-permalink=\"https:\/\/kalot.com.mx\/site\/2014\/04\/30\/nino-deseado-nino-feliz\/descarga-6-2\/\" data-orig-file=\"https:\/\/i0.wp.com\/kalot.com.mx\/site\/wp-content\/uploads\/2014\/04\/descarga-6.jpg?fit=184%2C274&amp;ssl=1\" data-orig-size=\"184,274\" data-comments-opened=\"1\" data-image-meta=\"{&quot;aperture&quot;:&quot;0&quot;,&quot;credit&quot;:&quot;&quot;,&quot;camera&quot;:&quot;&quot;,&quot;caption&quot;:&quot;&quot;,&quot;created_timestamp&quot;:&quot;0&quot;,&quot;copyright&quot;:&quot;&quot;,&quot;focal_length&quot;:&quot;0&quot;,&quot;iso&quot;:&quot;0&quot;,&quot;shutter_speed&quot;:&quot;0&quot;,&quot;title&quot;:&quot;&quot;,&quot;orientation&quot;:&quot;0&quot;}\" data-image-title=\"descarga (6)\" data-image-description=\"\" data-image-caption=\"\" data-large-file=\"https:\/\/i0.wp.com\/kalot.com.mx\/site\/wp-content\/uploads\/2014\/04\/descarga-6.jpg?fit=184%2C274&amp;ssl=1\" class=\"alignnone  wp-image-15634\" src=\"https:\/\/i0.wp.com\/www.kalot.com.mx\/wp-content\/uploads\/2014\/04\/descarga-6.jpg?resize=173%2C257\" alt=\"descarga (6)\" width=\"173\" height=\"257\" \/><\/a><\/p>\n<p style=\"text-align: justify\">\n<p style=\"text-align: justify\"><span>La realidad es que <strong>nadie nace sabiendo ser padre<\/strong> y lo que algunos creer\u00edamos que es lo mejor es que antes de tomar la decisi\u00f3n de tener un hijo pues nos prepar\u00e1ramos para ellos, tanto psicol\u00f3gicamente como econ\u00f3micamente y claro f\u00edsicamente, todo esto se hace para que el ni\u00f1o que se desea tener tenga todo lo mejor que su desarrollo f\u00edsico y intelectual sea optimo y que no carezca de nada, en resumen que sea <strong>un ni\u00f1o FELIZ;<\/strong> muchas parejas hacen esto y entre que buscan que todos lo detalles sean perfectos cada vez encuentra otro como para aplazar la llegada de el hijo, o por el contrario en lugar de ser esta experiencia hermosa termina siendo traum\u00e1tica y la fuente de estr\u00e9s de los padres, y el primer cap\u00edtulo del libro dio pie a que se \u00a0comentara lo anterior. <strong>Fran\u00e7oise Dolto<\/strong> pretende hacernos quitar la idea preconcebida de que el hijo deseado es el hijo programado. Desde su punto de vista, el aut\u00e9ntico hijo deseado es el que viene por a\u00f1adidura y a causa del deseo de una pareja que es ya feliz sin hijos. Es fundamental que los dos padres deseen realmente al hijo, pero tambi\u00e9n que sepan que cuando el hijo nace, es \u00e9l quien los convierte en padres. A partir de ese momento, el hijo ya no es un beb\u00e9, se trata de un ser humano que crece, que les abre horizontes. Y esto es lo que hace evolucionar a una pareja que ya se entiende bien. En principio, Dolto es m\u00e1s partidaria de los hijos sorpresa que de los programados.\u00a0<\/span><\/p>\n<p><a href=\"https:\/\/i0.wp.com\/www.kalot.com.mx\/wp-content\/uploads\/2014\/04\/art234_img1_small_2.jpg\"><img decoding=\"async\" data-attachment-id=\"15635\" data-permalink=\"https:\/\/kalot.com.mx\/site\/2014\/04\/30\/nino-deseado-nino-feliz\/art234_img1_small_2\/\" data-orig-file=\"https:\/\/i0.wp.com\/kalot.com.mx\/site\/wp-content\/uploads\/2014\/04\/art234_img1_small_2.jpg?fit=357%2C267&amp;ssl=1\" data-orig-size=\"357,267\" data-comments-opened=\"1\" data-image-meta=\"{&quot;aperture&quot;:&quot;0&quot;,&quot;credit&quot;:&quot;&quot;,&quot;camera&quot;:&quot;&quot;,&quot;caption&quot;:&quot;&quot;,&quot;created_timestamp&quot;:&quot;0&quot;,&quot;copyright&quot;:&quot;&quot;,&quot;focal_length&quot;:&quot;0&quot;,&quot;iso&quot;:&quot;0&quot;,&quot;shutter_speed&quot;:&quot;0&quot;,&quot;title&quot;:&quot;&quot;,&quot;orientation&quot;:&quot;0&quot;}\" data-image-title=\"art234_img1_small_2\" data-image-description=\"\" data-image-caption=\"\" data-large-file=\"https:\/\/i0.wp.com\/kalot.com.mx\/site\/wp-content\/uploads\/2014\/04\/art234_img1_small_2.jpg?fit=357%2C267&amp;ssl=1\" class=\"size-medium wp-image-15635 aligncenter\" src=\"https:\/\/i0.wp.com\/kalot.com.mx\/site\/wp-content\/uploads\/2013\/08\/20130830-134112.jpg?fit=300%2C244&#038;ssl=1\" alt=\"art234_img1_small_2\" width=\"300\" height=\"244\" \/><\/a><\/p>\n<p style=\"text-align: justify\">Pero cuando los padres se deciden por fina tener un hijo, no todo queda ah\u00ed, al contrario comienza una nueva etapa y nuevas dificultades y circunstancias que quiz\u00e1 puedan traer conflictos o estr\u00e9s tanto para el padre como para el ni\u00f1o.<\/p>\n<p style=\"text-align: justify\"><span><strong>Muchos padres se decepcionan de sus hijos porque estos no son exactamente lo que hab\u00edan deseado o so\u00f1ado que fuesen.<\/strong> \u00bfC\u00f3mo mi hijo puede no estar interesado por la lectura si en casa siempre ha visto a su padre y a su madre rodeados de libros? Pues sencillamente, porque tiene perfecto derecho a ser diferente a ellos. En todo caso, la \u00fanica forma de hacer apreciar la lectura a un ni\u00f1o es leerle relatos o cuentos en voz alta, durante mucho tiempo; no hay otro remedio. A los ni\u00f1os les gusta que les cuenten cuentos, pero les gusta m\u00e1s a\u00fan que el padre o la madre les lea.\u00a0Y es as\u00ed como el ni\u00f1o se va formando al mismo tiempo que observa aquellas cosas que realmente le gustan. Muchas veces los padres se equivocan al querer forzar al ni\u00f1o a hacer algo que al ni\u00f1o simplemente no le gusta y entonces por lo regular son en esos momentos donde existe tensi\u00f3n entre la madre-padre e hijo. Es necesario conocer las necesidades del ni\u00f1o.<\/span><\/p>\n<p><a href=\"https:\/\/i0.wp.com\/www.kalot.com.mx\/wp-content\/uploads\/2014\/04\/images-11.jpg\"><img loading=\"lazy\" decoding=\"async\" data-attachment-id=\"15636\" data-permalink=\"https:\/\/kalot.com.mx\/site\/2014\/04\/30\/nino-deseado-nino-feliz\/images-11-2\/\" data-orig-file=\"https:\/\/i0.wp.com\/kalot.com.mx\/site\/wp-content\/uploads\/2014\/04\/images-11.jpg?fit=251%2C201&amp;ssl=1\" data-orig-size=\"251,201\" data-comments-opened=\"1\" data-image-meta=\"{&quot;aperture&quot;:&quot;0&quot;,&quot;credit&quot;:&quot;&quot;,&quot;camera&quot;:&quot;&quot;,&quot;caption&quot;:&quot;&quot;,&quot;created_timestamp&quot;:&quot;0&quot;,&quot;copyright&quot;:&quot;&quot;,&quot;focal_length&quot;:&quot;0&quot;,&quot;iso&quot;:&quot;0&quot;,&quot;shutter_speed&quot;:&quot;0&quot;,&quot;title&quot;:&quot;&quot;,&quot;orientation&quot;:&quot;0&quot;}\" data-image-title=\"images (11)\" data-image-description=\"\" data-image-caption=\"\" data-large-file=\"https:\/\/i0.wp.com\/kalot.com.mx\/site\/wp-content\/uploads\/2014\/04\/images-11.jpg?fit=251%2C201&amp;ssl=1\" class=\"size-full wp-image-15636 aligncenter\" src=\"https:\/\/i0.wp.com\/kalot.com.mx\/site\/wp-content\/uploads\/2013\/08\/20130830-134112.jpg?fit=1000%2C813&#038;ssl=1\" alt=\"images (11)\" width=\"1000\" height=\"813\" \/><\/a><\/p>\n<p style=\"text-align: justify\"><span>Otro punto importante que menciona <strong>Fran\u00e7oise Dolto <\/strong>en su libro es si\u00a0<strong>\u00bfDeben los ni\u00f1os ver televisi\u00f3n?, \u00bfqu\u00e9 aporta la televisi\u00f3n a los ni\u00f1os?, \u00bfde qu\u00e9 los priva?, \u00bfes conveniente para ellos?, \u00bfes malo?<\/strong> las cuales son\u00a0preguntas que se hacen\u00a0los padres en multitud de ocasiones. Entendemos que una postura intermedia es la correcta. Ni puede prohibirse absolutamente al ni\u00f1o ver la televisi\u00f3n, ni se puede ser totalmente permisivo y que el ni\u00f1o se pase el d\u00eda delante de la tele. Es evidente que hay que estar en contra de la tele \u201cdroga\u201d, es decir, contra la monoton\u00eda y la falta de un criterio selectivo en las emisiones. Prohibir en todos los casos la tele es adoptar una actitud retr\u00f3grada en la educaci\u00f3n de los ni\u00f1os de nuestra \u00e9poca. Adem\u00e1s, algunos programas ense\u00f1an a los ni\u00f1os cosas que no pueden ser comunicadas por los padres; se trata de programas de historias de animales, de geograf\u00eda viva, dibujos animados.<\/span><\/p>\n<p style=\"text-align: justify\">\n<p><a href=\"https:\/\/i0.wp.com\/www.kalot.com.mx\/wp-content\/uploads\/2014\/04\/descarga-7.jpg\"><img loading=\"lazy\" decoding=\"async\" data-attachment-id=\"15637\" data-permalink=\"https:\/\/kalot.com.mx\/site\/2014\/04\/30\/nino-deseado-nino-feliz\/descarga-7-2\/\" data-orig-file=\"https:\/\/i0.wp.com\/kalot.com.mx\/site\/wp-content\/uploads\/2014\/04\/descarga-7.jpg?fit=275%2C183&amp;ssl=1\" data-orig-size=\"275,183\" data-comments-opened=\"1\" data-image-meta=\"{&quot;aperture&quot;:&quot;0&quot;,&quot;credit&quot;:&quot;&quot;,&quot;camera&quot;:&quot;&quot;,&quot;caption&quot;:&quot;&quot;,&quot;created_timestamp&quot;:&quot;0&quot;,&quot;copyright&quot;:&quot;&quot;,&quot;focal_length&quot;:&quot;0&quot;,&quot;iso&quot;:&quot;0&quot;,&quot;shutter_speed&quot;:&quot;0&quot;,&quot;title&quot;:&quot;&quot;,&quot;orientation&quot;:&quot;0&quot;}\" data-image-title=\"descarga (7)\" data-image-description=\"\" data-image-caption=\"\" data-large-file=\"https:\/\/i0.wp.com\/kalot.com.mx\/site\/wp-content\/uploads\/2014\/04\/descarga-7.jpg?fit=275%2C183&amp;ssl=1\" class=\"size-full wp-image-15637 aligncenter\" src=\"https:\/\/i0.wp.com\/kalot.com.mx\/site\/wp-content\/uploads\/2013\/08\/20130830-134112.jpg?fit=1000%2C813&#038;ssl=1\" alt=\"descarga (7)\" width=\"1000\" height=\"813\" \/><\/a><\/p>\n<p style=\"text-align: justify\"><span>Lo que tienen que hacer los padres es seguir los programas y elegir. En conclusi\u00f3n, es bueno que los padres comprendan que es necesario desarrollar la inteligencia y la sensibilidad ante la vida por todos los medios de que dispone. <strong>No es absolutamente bueno fomentar la lectura y absolutamente malo ver la televisi\u00f3n.\u00a0<\/strong>Pienso que debe haber un equilibrio entre las actividades que tiene el ni\u00f1o. Es una etapa d\u00f3nde el ni\u00f1o est\u00e1 experimentando, observando y todo lo va aprendiendo, por eso es importante como padre, observar las conductas del ni\u00f1o.<\/span><\/p>\n<p style=\"text-align: justify\">Y bueno, el libro no termina ah\u00ed, temas como la importancia del espejo, la m\u00fasica, el fuego y otro puntos que son de inter\u00e9s en el ni\u00f1o los menciona lo cual\u00a0recomiendo que sea le\u00eddo completo el libro.<\/p>\n<p style=\"text-align: justify\">Creo que todos los ni\u00f1os deben ser <strong>FELICES<\/strong> pero uno como adulto contribuye a que lo sean o no. Desde esa primer decisi\u00f3n de tener o no un hijo, luego el criarlo, darle alimento, vestirle, en otras palabras satisfacer sus necesidades b\u00e1sicas y claro tambi\u00e9n de afecto. El conocer qu\u00e9 le gusta, el dejarlo ser <strong>NI\u00d1O.<\/strong> Pero claro, como padre tambi\u00e9n se debe tener pues el c\u00f3mo haya sido la infancia del ni\u00f1o repercutir\u00e1 en las dem\u00e1s etapas de desarrollo.\u00a0En fin, creo que ser padre NO es f\u00e1cil, sin embargo ha de ser una de las cosas m\u00e1s bonitas del mundo.<\/p>\n<p>\u00a0<a href=\"https:\/\/i0.wp.com\/www.kalot.com.mx\/wp-content\/uploads\/2014\/04\/images-13.jpg\"><img loading=\"lazy\" decoding=\"async\" data-attachment-id=\"15639\" data-permalink=\"https:\/\/kalot.com.mx\/site\/2014\/04\/30\/nino-deseado-nino-feliz\/images-13-2\/\" data-orig-file=\"https:\/\/i0.wp.com\/kalot.com.mx\/site\/wp-content\/uploads\/2014\/04\/images-13.jpg?fit=275%2C183&amp;ssl=1\" data-orig-size=\"275,183\" data-comments-opened=\"1\" data-image-meta=\"{&quot;aperture&quot;:&quot;0&quot;,&quot;credit&quot;:&quot;&quot;,&quot;camera&quot;:&quot;&quot;,&quot;caption&quot;:&quot;&quot;,&quot;created_timestamp&quot;:&quot;0&quot;,&quot;copyright&quot;:&quot;&quot;,&quot;focal_length&quot;:&quot;0&quot;,&quot;iso&quot;:&quot;0&quot;,&quot;shutter_speed&quot;:&quot;0&quot;,&quot;title&quot;:&quot;&quot;,&quot;orientation&quot;:&quot;0&quot;}\" data-image-title=\"images (13)\" data-image-description=\"\" data-image-caption=\"\" data-large-file=\"https:\/\/i0.wp.com\/kalot.com.mx\/site\/wp-content\/uploads\/2014\/04\/images-13.jpg?fit=275%2C183&amp;ssl=1\" class=\"size-medium wp-image-15639 aligncenter\" src=\"https:\/\/i0.wp.com\/kalot.com.mx\/site\/wp-content\/uploads\/2013\/08\/20130830-134112.jpg?fit=300%2C244&#038;ssl=1\" alt=\"images (13)\" width=\"300\" height=\"244\" \/><\/a><\/p>\n<p style=\"text-align: justify\">Pues me despido y a todos les deseo un <strong>\u00a1FELIZ D\u00cdA!<\/strong> Sean ni\u00f1os o no. Total, todos alg\u00fan d\u00eda lo fuimos.<\/p>\n<blockquote>\n<address style=\"text-align: justify\"><strong>&#8220;S\u00f3lo unos pocos individuos que, en su historia consiguen no dejar morir al ni\u00f1o en ellos, logran crear algo y hacer avanzar las cosas por saltos, descubrimientos, emociones que aportan a la sociedad, abriendo nuevas puertas, nuevas ventanas.&#8221; Francoise Dolto 1985<\/strong><\/address>\n<address style=\"text-align: justify\">\u00a0<\/address>\n<\/blockquote>\n<p style=\"text-align: justify\">Hasta la pr\u00f3xima Kaloch@s.<\/p>\n<p style=\"text-align: justify\">Fuente:\u00a0<a title=\"Ni\u00f1o Deseado, Ni\u00f1o Feliz. \" href=\"http:\/\/http:\/\/www.movilizacioneducativa.net\/imprimir.asp?idLibro=50\">http:\/\/www.movilizacioneducativa.net\/<\/a><\/p>\n<p style=\"text-align: justify\">\n","protected":false},"excerpt":{"rendered":"Hola lectores Kalochos, el d\u00eda de hoy quiero contarles un poquito de un libro qu\u00e9 encontr\u00e9\u00a0el cu\u00e1l es&hellip;\n","protected":false},"author":87,"featured_media":15638,"comment_status":"open","ping_status":"open","sticky":false,"template":"","format":"standard","meta":{"jetpack_post_was_ever_published":false,"_jetpack_newsletter_access":"","_jetpack_dont_email_post_to_subs":false,"_jetpack_newsletter_tier_id":0,"_jetpack_memberships_contains_paywalled_content":false,"_jetpack_memberships_contains_paid_content":false,"footnotes":"","jetpack_publicize_message":"","jetpack_publicize_feature_enabled":true,"jetpack_social_post_already_shared":true,"jetpack_social_options":{"image_generator_settings":{"template":"highway","default_image_id":0,"font":"","enabled":false},"version":2}},"categories":[1],"tags":[],"class_list":{"0":"post-15632","1":"post","2":"type-post","3":"status-publish","4":"format-standard","5":"has-post-thumbnail","7":"category-sin-categoria","8":"cs-entry","9":"cs-video-wrap"},"yoast_head":"<!-- This site is optimized with the Yoast SEO plugin v27.4 - https:\/\/yoast.com\/product\/yoast-seo-wordpress\/ -->\n<title>Ni\u00f1o Deseado, Ni\u00f1o Feliz. - Kalot<\/title>\n<meta name=\"description\" content=\"Hola lectores Kalochos, el d\u00eda de hoy quiero contarles un poquito de un libro qu\u00e9 encontr\u00e9\u00a0el cu\u00e1l es muy interesante (m\u00e1s si eres pap\u00e1 o si quieres\" \/>\n<meta name=\"robots\" content=\"index, follow, max-snippet:-1, max-image-preview:large, max-video-preview:-1\" \/>\n<link rel=\"canonical\" href=\"https:\/\/kalot.com.mx\/site\/2014\/04\/30\/nino-deseado-nino-feliz\/\" \/>\n<meta property=\"og:locale\" content=\"es_MX\" \/>\n<meta property=\"og:type\" content=\"article\" \/>\n<meta property=\"og:title\" content=\"Ni\u00f1o Deseado, Ni\u00f1o Feliz. - Kalot\" \/>\n<meta property=\"og:description\" content=\"Hola lectores Kalochos, el d\u00eda de hoy quiero contarles un poquito de un libro qu\u00e9 encontr\u00e9\u00a0el cu\u00e1l es muy interesante (m\u00e1s si eres pap\u00e1 o si quieres\" \/>\n<meta property=\"og:url\" content=\"https:\/\/kalot.com.mx\/site\/2014\/04\/30\/nino-deseado-nino-feliz\/\" \/>\n<meta property=\"og:site_name\" content=\"Kalot\" \/>\n<meta property=\"article:publisher\" content=\"http:\/\/facebook.com\/mxkalot\" \/>\n<meta property=\"article:author\" content=\"www.facebook.com\/Lunaarabe\" \/>\n<meta property=\"article:published_time\" content=\"2014-04-30T18:02:53+00:00\" \/>\n<meta property=\"article:modified_time\" content=\"2017-12-20T21:55:19+00:00\" \/>\n<meta property=\"og:image\" content=\"https:\/\/i0.wp.com\/kalot.com.mx\/site\/wp-content\/uploads\/2014\/04\/ni\u00f1oo.jpg?fit=290%2C174&ssl=1\" \/>\n\t<meta property=\"og:image:width\" content=\"290\" \/>\n\t<meta property=\"og:image:height\" content=\"174\" \/>\n\t<meta property=\"og:image:type\" content=\"image\/jpeg\" \/>\n<meta name=\"author\" content=\"Andrea Debo\" \/>\n<meta name=\"twitter:card\" content=\"summary_large_image\" \/>\n<meta name=\"twitter:creator\" content=\"@andiedeluna\" \/>\n<meta name=\"twitter:site\" content=\"@kalotmx\" \/>\n<meta name=\"twitter:label1\" content=\"Escrito por\" \/>\n\t<meta name=\"twitter:data1\" content=\"Andrea Debo\" \/>\n\t<meta name=\"twitter:label2\" content=\"Tiempo de lectura\" \/>\n\t<meta name=\"twitter:data2\" content=\"6 minutos\" \/>\n<!-- \/ Yoast SEO plugin. -->","yoast_head_json":{"title":"Ni\u00f1o Deseado, Ni\u00f1o Feliz. - Kalot","description":"Hola lectores Kalochos, el d\u00eda de hoy quiero contarles un poquito de un libro qu\u00e9 encontr\u00e9\u00a0el cu\u00e1l es muy interesante (m\u00e1s si eres pap\u00e1 o si quieres","robots":{"index":"index","follow":"follow","max-snippet":"max-snippet:-1","max-image-preview":"max-image-preview:large","max-video-preview":"max-video-preview:-1"},"canonical":"https:\/\/kalot.com.mx\/site\/2014\/04\/30\/nino-deseado-nino-feliz\/","og_locale":"es_MX","og_type":"article","og_title":"Ni\u00f1o Deseado, Ni\u00f1o Feliz. - Kalot","og_description":"Hola lectores Kalochos, el d\u00eda de hoy quiero contarles un poquito de un libro qu\u00e9 encontr\u00e9\u00a0el cu\u00e1l es muy interesante (m\u00e1s si eres pap\u00e1 o si quieres","og_url":"https:\/\/kalot.com.mx\/site\/2014\/04\/30\/nino-deseado-nino-feliz\/","og_site_name":"Kalot","article_publisher":"http:\/\/facebook.com\/mxkalot","article_author":"www.facebook.com\/Lunaarabe","article_published_time":"2014-04-30T18:02:53+00:00","article_modified_time":"2017-12-20T21:55:19+00:00","og_image":[{"width":290,"height":174,"url":"https:\/\/i0.wp.com\/kalot.com.mx\/site\/wp-content\/uploads\/2014\/04\/ni\u00f1oo.jpg?fit=290%2C174&ssl=1","type":"image\/jpeg"}],"author":"Andrea Debo","twitter_card":"summary_large_image","twitter_creator":"@andiedeluna","twitter_site":"@kalotmx","twitter_misc":{"Escrito por":"Andrea Debo","Tiempo de lectura":"6 minutos"},"schema":{"@context":"https:\/\/schema.org","@graph":[{"@type":"Article","@id":"https:\/\/kalot.com.mx\/site\/2014\/04\/30\/nino-deseado-nino-feliz\/#article","isPartOf":{"@id":"https:\/\/kalot.com.mx\/site\/2014\/04\/30\/nino-deseado-nino-feliz\/"},"author":{"name":"Andrea Debo","@id":"https:\/\/kalot.com.mx\/site\/#\/schema\/person\/14675fd70b27798461d9dcfbc49a788e"},"headline":"Ni\u00f1o Deseado, Ni\u00f1o Feliz.","datePublished":"2014-04-30T18:02:53+00:00","dateModified":"2017-12-20T21:55:19+00:00","mainEntityOfPage":{"@id":"https:\/\/kalot.com.mx\/site\/2014\/04\/30\/nino-deseado-nino-feliz\/"},"wordCount":1159,"commentCount":1,"publisher":{"@id":"https:\/\/kalot.com.mx\/site\/#organization"},"image":{"@id":"https:\/\/kalot.com.mx\/site\/2014\/04\/30\/nino-deseado-nino-feliz\/#primaryimage"},"thumbnailUrl":"https:\/\/i0.wp.com\/kalot.com.mx\/site\/wp-content\/uploads\/2014\/04\/ni%C3%B1oo.jpg?fit=290%2C174&ssl=1","inLanguage":"es","potentialAction":[{"@type":"CommentAction","name":"Comment","target":["https:\/\/kalot.com.mx\/site\/2014\/04\/30\/nino-deseado-nino-feliz\/#respond"]}]},{"@type":"WebPage","@id":"https:\/\/kalot.com.mx\/site\/2014\/04\/30\/nino-deseado-nino-feliz\/","url":"https:\/\/kalot.com.mx\/site\/2014\/04\/30\/nino-deseado-nino-feliz\/","name":"Ni\u00f1o Deseado, Ni\u00f1o Feliz. - Kalot","isPartOf":{"@id":"https:\/\/kalot.com.mx\/site\/#website"},"primaryImageOfPage":{"@id":"https:\/\/kalot.com.mx\/site\/2014\/04\/30\/nino-deseado-nino-feliz\/#primaryimage"},"image":{"@id":"https:\/\/kalot.com.mx\/site\/2014\/04\/30\/nino-deseado-nino-feliz\/#primaryimage"},"thumbnailUrl":"https:\/\/i0.wp.com\/kalot.com.mx\/site\/wp-content\/uploads\/2014\/04\/ni%C3%B1oo.jpg?fit=290%2C174&ssl=1","datePublished":"2014-04-30T18:02:53+00:00","dateModified":"2017-12-20T21:55:19+00:00","description":"Hola lectores Kalochos, el d\u00eda de hoy quiero contarles un poquito de un libro qu\u00e9 encontr\u00e9\u00a0el cu\u00e1l es muy interesante (m\u00e1s si eres pap\u00e1 o si quieres","breadcrumb":{"@id":"https:\/\/kalot.com.mx\/site\/2014\/04\/30\/nino-deseado-nino-feliz\/#breadcrumb"},"inLanguage":"es","potentialAction":[{"@type":"ReadAction","target":["https:\/\/kalot.com.mx\/site\/2014\/04\/30\/nino-deseado-nino-feliz\/"]}]},{"@type":"ImageObject","inLanguage":"es","@id":"https:\/\/kalot.com.mx\/site\/2014\/04\/30\/nino-deseado-nino-feliz\/#primaryimage","url":"https:\/\/i0.wp.com\/kalot.com.mx\/site\/wp-content\/uploads\/2014\/04\/ni%C3%B1oo.jpg?fit=290%2C174&ssl=1","contentUrl":"https:\/\/i0.wp.com\/kalot.com.mx\/site\/wp-content\/uploads\/2014\/04\/ni%C3%B1oo.jpg?fit=290%2C174&ssl=1","width":290,"height":174},{"@type":"BreadcrumbList","@id":"https:\/\/kalot.com.mx\/site\/2014\/04\/30\/nino-deseado-nino-feliz\/#breadcrumb","itemListElement":[{"@type":"ListItem","position":1,"name":"Home","item":"https:\/\/kalot.com.mx\/site\/"},{"@type":"ListItem","position":2,"name":"Ni\u00f1o Deseado, Ni\u00f1o Feliz."}]},{"@type":"WebSite","@id":"https:\/\/kalot.com.mx\/site\/#website","url":"https:\/\/kalot.com.mx\/site\/","name":"Kalot","description":"Conoce Todo Sobre Todo","publisher":{"@id":"https:\/\/kalot.com.mx\/site\/#organization"},"potentialAction":[{"@type":"SearchAction","target":{"@type":"EntryPoint","urlTemplate":"https:\/\/kalot.com.mx\/site\/?s={search_term_string}"},"query-input":{"@type":"PropertyValueSpecification","valueRequired":true,"valueName":"search_term_string"}}],"inLanguage":"es"},{"@type":"Organization","@id":"https:\/\/kalot.com.mx\/site\/#organization","name":"Kalot","url":"https:\/\/kalot.com.mx\/site\/","logo":{"@type":"ImageObject","inLanguage":"es","@id":"https:\/\/kalot.com.mx\/site\/#\/schema\/logo\/image\/","url":"https:\/\/i0.wp.com\/kalot.com.mx\/site\/wp-content\/uploads\/2020\/04\/Kalot-logo-sin-tagline.png?fit=1707%2C1014&ssl=1","contentUrl":"https:\/\/i0.wp.com\/kalot.com.mx\/site\/wp-content\/uploads\/2020\/04\/Kalot-logo-sin-tagline.png?fit=1707%2C1014&ssl=1","width":1707,"height":1014,"caption":"Kalot"},"image":{"@id":"https:\/\/kalot.com.mx\/site\/#\/schema\/logo\/image\/"},"sameAs":["http:\/\/facebook.com\/mxkalot","https:\/\/x.com\/kalotmx","http:\/\/instagram.com\/kalotmx","http:\/\/pinterest.com\/jorgeerana\/kalot"]},{"@type":"Person","@id":"https:\/\/kalot.com.mx\/site\/#\/schema\/person\/14675fd70b27798461d9dcfbc49a788e","name":"Andrea Debo","image":{"@type":"ImageObject","inLanguage":"es","@id":"https:\/\/secure.gravatar.com\/avatar\/3cfe57e23694d8cfae6513ce9e9fc81968b8f33a577b41fa95d73c53d7f1be88?s=96&d=mm&r=g","url":"https:\/\/secure.gravatar.com\/avatar\/3cfe57e23694d8cfae6513ce9e9fc81968b8f33a577b41fa95d73c53d7f1be88?s=96&d=mm&r=g","contentUrl":"https:\/\/secure.gravatar.com\/avatar\/3cfe57e23694d8cfae6513ce9e9fc81968b8f33a577b41fa95d73c53d7f1be88?s=96&d=mm&r=g","caption":"Andrea Debo"},"description":"Casi Psic\u00f3loga, poeta, pianista, so\u00f1adora, amante de la poes\u00eda, la m\u00fasica, la filosof\u00eda, del caf\u00e9 y de la vida . \"\u00a1Ladran Sancho! se\u00f1al de que cabalgamos.\"","sameAs":["www.facebook.com\/Lunaarabe","https:\/\/x.com\/@andiedeluna"],"url":"https:\/\/kalot.com.mx\/site\/author\/andrea\/"}]}},"jetpack_publicize_connections":[],"jetpack_featured_media_url":"https:\/\/i0.wp.com\/kalot.com.mx\/site\/wp-content\/uploads\/2014\/04\/ni%C3%B1oo.jpg?fit=290%2C174&ssl=1","jetpack_shortlink":"https:\/\/wp.me\/p6IHEI-448","jetpack-related-posts":[{"id":21334,"url":"https:\/\/kalot.com.mx\/site\/2015\/04\/28\/si-van-a-regalar-videojuegos-revisen-la-clasificacion\/","url_meta":{"origin":15632,"position":0},"title":"Si van a regalar VIDEOJUEGOS, revisen la CLASIFICACI\u00d3N.","author":"HM_MKT007","date":"28 abril, 2015","format":false,"excerpt":"Es muy com\u00fan ver a los padres de familia, formados en las tiendas departamentales, de autoservicio, y de videojuegos, con los m\u00e1s esperados juegos del a\u00f1o en sus carritos de compra, obviamente son regalos para sus amados hijos, que con todo el amor del mundo, les planean dar una grata\u2026","rel":"","context":"Entrada similar ","block_context":{"text":"Entrada similar ","link":""},"img":{"alt_text":"","src":"https:\/\/i0.wp.com\/kalot.com.mx\/site\/wp-content\/uploads\/2015\/04\/o14Videojuegos-Esrb_ratings.jpg?fit=600%2C413&ssl=1&resize=350%2C200","width":350,"height":200,"srcset":"https:\/\/i0.wp.com\/kalot.com.mx\/site\/wp-content\/uploads\/2015\/04\/o14Videojuegos-Esrb_ratings.jpg?fit=600%2C413&ssl=1&resize=350%2C200 1x, https:\/\/i0.wp.com\/kalot.com.mx\/site\/wp-content\/uploads\/2015\/04\/o14Videojuegos-Esrb_ratings.jpg?fit=600%2C413&ssl=1&resize=525%2C300 1.5x"},"classes":[]},{"id":13137,"url":"https:\/\/kalot.com.mx\/site\/2014\/03\/07\/el-nino-prodigo-stanley-kubrick-15-anos-de-su-muerte\/","url_meta":{"origin":15632,"position":1},"title":"El ni\u00f1o prodigio, Stanley Kubrick a 15 a\u00f1os de su muerte.","author":"Gustavo Elizarrar\u00e1s","date":"7 marzo, 2014","format":false,"excerpt":"\"Paths of Glory\", \"Spartacus\", \"Lolita\", \"Dr. Strangelove\", \"2001: A Space Odyssey\", \"A Clockwork Orange\", \"Barry Lyndon\", \"The Shinning\", \"Full Metal Jacket\". Esos son los nombres de varios cl\u00e1sicos del cine que tienen algo en com\u00fan: la firma de Stanley Kubrick. Stanley Kubrick falleci\u00f3 un d\u00eda como hoy, pero en 1999.\u2026","rel":"","context":"Entrada similar ","block_context":{"text":"Entrada similar ","link":""},"img":{"alt_text":"","src":"https:\/\/i0.wp.com\/kalot.com.mx\/site\/wp-content\/uploads\/2014\/03\/pict.php_.jpg?fit=640%2C480&ssl=1&resize=350%2C200","width":350,"height":200,"srcset":"https:\/\/i0.wp.com\/kalot.com.mx\/site\/wp-content\/uploads\/2014\/03\/pict.php_.jpg?fit=640%2C480&ssl=1&resize=350%2C200 1x, https:\/\/i0.wp.com\/kalot.com.mx\/site\/wp-content\/uploads\/2014\/03\/pict.php_.jpg?fit=640%2C480&ssl=1&resize=525%2C300 1.5x"},"classes":[]},{"id":24854,"url":"https:\/\/kalot.com.mx\/site\/2016\/01\/29\/laresena-el-nino\/","url_meta":{"origin":15632,"position":2},"title":"#LaRese\u00f1a: El Ni\u00f1o","author":"yash","date":"29 enero, 2016","format":false,"excerpt":"A pesar de sus intentos por mantenernos en suspenso, \"El Ni\u00f1o\" queda corta en historia y terror. \"Chucky\" y \"Annabelle\" son claros ejemplos de pel\u00edculas con la tem\u00e1tica de un mu\u00f1eco pose\u00eddo; lamentablemente \"El Ni\u00f1o\" se queda muy corta a la hora de desarrollar su historia. La trama gira alrededor\u2026","rel":"","context":"En &quot;Cine&quot;","block_context":{"text":"Cine","link":"https:\/\/kalot.com.mx\/site\/category\/cine\/"},"img":{"alt_text":"","src":"https:\/\/i0.wp.com\/kalot.com.mx\/site\/wp-content\/uploads\/2016\/01\/ElNi%C3%B1o2.jpg?fit=1200%2C675&ssl=1&resize=350%2C200","width":350,"height":200,"srcset":"https:\/\/i0.wp.com\/kalot.com.mx\/site\/wp-content\/uploads\/2016\/01\/ElNi%C3%B1o2.jpg?fit=1200%2C675&ssl=1&resize=350%2C200 1x, https:\/\/i0.wp.com\/kalot.com.mx\/site\/wp-content\/uploads\/2016\/01\/ElNi%C3%B1o2.jpg?fit=1200%2C675&ssl=1&resize=525%2C300 1.5x, https:\/\/i0.wp.com\/kalot.com.mx\/site\/wp-content\/uploads\/2016\/01\/ElNi%C3%B1o2.jpg?fit=1200%2C675&ssl=1&resize=700%2C400 2x, https:\/\/i0.wp.com\/kalot.com.mx\/site\/wp-content\/uploads\/2016\/01\/ElNi%C3%B1o2.jpg?fit=1200%2C675&ssl=1&resize=1050%2C600 3x"},"classes":[]},{"id":5049,"url":"https:\/\/kalot.com.mx\/site\/2013\/10\/30\/real-england-por-david-walliams\/","url_meta":{"origin":15632,"position":3},"title":"Real England por David Walliams","author":"Adriana Baranda","date":"30 octubre, 2013","format":false,"excerpt":"Yo s\u00e9 que hay muchos por ah\u00ed que se declaran admiradores o seguidores de Inglaterra, la Gran Breta\u00f1a, y de todo lo ingles\/brit\u00e1nico, o al menos les gusta, pero para empezar ingl\u00e9s y brit\u00e1nico no son sin\u00f3nimos. Hace una semana me tope con que David Walliams es escritor. Pero que\u2026","rel":"","context":"Entrada similar ","block_context":{"text":"Entrada similar ","link":""},"img":{"alt_text":"","src":"https:\/\/i0.wp.com\/kalot.com.mx\/site\/wp-content\/uploads\/2013\/10\/20131029-174924.jpg?fit=500%2C500&ssl=1&resize=350%2C200","width":350,"height":200},"classes":[]},{"id":25707,"url":"https:\/\/kalot.com.mx\/site\/2016\/08\/06\/nino-la-bestia-resena-sin-spoilers\/","url_meta":{"origin":15632,"position":4},"title":"Dos para llevar : EL Ni\u00f1o y La Bestia Rese\u00f1a sin spoilers","author":"Eduardo","date":"6 agosto, 2016","format":false,"excerpt":"\u00a0 Bakemono no ko o tambi\u00e9n conocida en su versi\u00f3n en el idioma espa\u00f1ol \u00a0como El ni\u00f1o y la bestia es una de las mejores pel\u00edculas de animaci\u00f3n japonesa del 2015, no solo por su excelente historia, sino tambi\u00e9n cuenta con una buena animaci\u00f3n. La historia trata de un ni\u00f1o\u2026","rel":"","context":"En &quot;Cine&quot;","block_context":{"text":"Cine","link":"https:\/\/kalot.com.mx\/site\/category\/cine\/"},"img":{"alt_text":"","src":"https:\/\/i0.wp.com\/kalot.com.mx\/site\/wp-content\/uploads\/2016\/08\/bakemono-no-ko-principal-3.jpg?fit=1200%2C675&ssl=1&resize=350%2C200","width":350,"height":200,"srcset":"https:\/\/i0.wp.com\/kalot.com.mx\/site\/wp-content\/uploads\/2016\/08\/bakemono-no-ko-principal-3.jpg?fit=1200%2C675&ssl=1&resize=350%2C200 1x, https:\/\/i0.wp.com\/kalot.com.mx\/site\/wp-content\/uploads\/2016\/08\/bakemono-no-ko-principal-3.jpg?fit=1200%2C675&ssl=1&resize=525%2C300 1.5x, https:\/\/i0.wp.com\/kalot.com.mx\/site\/wp-content\/uploads\/2016\/08\/bakemono-no-ko-principal-3.jpg?fit=1200%2C675&ssl=1&resize=700%2C400 2x, https:\/\/i0.wp.com\/kalot.com.mx\/site\/wp-content\/uploads\/2016\/08\/bakemono-no-ko-principal-3.jpg?fit=1200%2C675&ssl=1&resize=1050%2C600 3x"},"classes":[]},{"id":21056,"url":"https:\/\/kalot.com.mx\/site\/2015\/04\/06\/razones-por-las-que-odiamos-a-los-ninos-rata\/","url_meta":{"origin":15632,"position":5},"title":"Razones por las que odiamos a los NI\u00d1OS RATA","author":"HM_MKT007","date":"6 abril, 2015","format":false,"excerpt":"Bueno, ya era hora de tocar este tema, es algo turbio, pero es necesario... bueno la verdad no, pero es un tema que a muchos nos causa mucha molestia, y mucho desagrado, porque estos seres de los que el d\u00eda de hoy vamos a hablar, son unos monstruos fastidiosos y\u2026","rel":"","context":"En &quot;Random Stuff&quot;","block_context":{"text":"Random Stuff","link":"https:\/\/kalot.com.mx\/site\/category\/random-stuff\/"},"img":{"alt_text":"","src":"https:\/\/i0.wp.com\/kalot.com.mx\/site\/wp-content\/uploads\/2015\/04\/nio-rata1.jpg?fit=584%2C365&ssl=1&resize=350%2C200","width":350,"height":200,"srcset":"https:\/\/i0.wp.com\/kalot.com.mx\/site\/wp-content\/uploads\/2015\/04\/nio-rata1.jpg?fit=584%2C365&ssl=1&resize=350%2C200 1x, https:\/\/i0.wp.com\/kalot.com.mx\/site\/wp-content\/uploads\/2015\/04\/nio-rata1.jpg?fit=584%2C365&ssl=1&resize=525%2C300 1.5x"},"classes":[]}],"jetpack_sharing_enabled":true,"_links":{"self":[{"href":"https:\/\/kalot.com.mx\/site\/wp-json\/wp\/v2\/posts\/15632","targetHints":{"allow":["GET"]}}],"collection":[{"href":"https:\/\/kalot.com.mx\/site\/wp-json\/wp\/v2\/posts"}],"about":[{"href":"https:\/\/kalot.com.mx\/site\/wp-json\/wp\/v2\/types\/post"}],"author":[{"embeddable":true,"href":"https:\/\/kalot.com.mx\/site\/wp-json\/wp\/v2\/users\/87"}],"replies":[{"embeddable":true,"href":"https:\/\/kalot.com.mx\/site\/wp-json\/wp\/v2\/comments?post=15632"}],"version-history":[{"count":1,"href":"https:\/\/kalot.com.mx\/site\/wp-json\/wp\/v2\/posts\/15632\/revisions"}],"predecessor-version":[{"id":27910,"href":"https:\/\/kalot.com.mx\/site\/wp-json\/wp\/v2\/posts\/15632\/revisions\/27910"}],"wp:featuredmedia":[{"embeddable":true,"href":"https:\/\/kalot.com.mx\/site\/wp-json\/wp\/v2\/media\/15638"}],"wp:attachment":[{"href":"https:\/\/kalot.com.mx\/site\/wp-json\/wp\/v2\/media?parent=15632"}],"wp:term":[{"taxonomy":"category","embeddable":true,"href":"https:\/\/kalot.com.mx\/site\/wp-json\/wp\/v2\/categories?post=15632"},{"taxonomy":"post_tag","embeddable":true,"href":"https:\/\/kalot.com.mx\/site\/wp-json\/wp\/v2\/tags?post=15632"}],"curies":[{"name":"wp","href":"https:\/\/api.w.org\/{rel}","templated":true}]}}