{"id":1563,"date":"2013-09-13T13:00:25","date_gmt":"2013-09-13T18:00:25","guid":{"rendered":"http:\/\/www.kalot.com.mx\/?p=1563"},"modified":"2017-12-20T15:55:10","modified_gmt":"2017-12-20T21:55:10","slug":"soy-de-la-generacion-uso-converse-desde-los-12","status":"publish","type":"post","link":"https:\/\/kalot.com.mx\/site\/2013\/09\/13\/soy-de-la-generacion-uso-converse-desde-los-12\/","title":{"rendered":"Generaci\u00f3n &#8220;Uso CONVERSE desde los 12&#8221; @converse_mexico"},"content":{"rendered":"<p>Soy de la generaci\u00f3n \u201cconozco desde la secu a The Strokes \u201c, una generaci\u00f3n que creci\u00f3 de la manita con la tecnolog\u00eda, de la generaci\u00f3n \u201ctraigo un cel con pantalla a color\u201d de la generaci\u00f3n \u201cpr\u00e9stame tu celular para jugar la viborita\u201d\u00a0Me he enfrentado a muchos cambios, tengo muchas inquietudes, soy de la generaci\u00f3n que piensa que debemos de ir a ver a nuestras bandas favoritas AHORA, no cuando tenga 35 y ya pueda ir (sin ofender, sigan rockeando) p\u00a0ero sobretodo soy de la generaci\u00f3n <strong>\u201cConverse con lo que sea y donde sea\u201d<\/strong><\/p>\n<p>Les voy a contar algo, algo sobre mis Converse y yo:<\/p>\n<p>Recuerdo la primera vez que us\u00e9 Converse, desde que ten\u00eda 10 o 11 a\u00f1os siempre ped\u00eda unos <strong>Converse<\/strong>, que en Navidad, que en mi cumplea\u00f1os, por sacar buenas calificaciones (si, siempre he sido o querido ser \u00f1o\u00f1a) pero en casa dec\u00edan que no estaban \u201cbonitos\u201d que a una ni\u00f1a no se le ve\u00edan bien.<\/p>\n<p>Para entonces yo ya era amante de la marca, lo juro que so\u00f1aba con ellos\u2026una vez so\u00f1\u00e9 con el cuento de Pateando Lunas ( s\u00ed, el que sale en el libro de lecturas de 4\u00ba a\u00f1o de primaria) so\u00f1\u00e9 que met\u00eda un gol en el Estadio Azteca (jaja) . Y pues so\u00f1aba con ellos pero no los ten\u00eda (amante de la marca pero no consumidora, perd\u00f3n tambi\u00e9n soy mercad\u00f3loga)<\/p>\n<p>Lo m\u00e1s feo que me pas\u00f3 con mi amor de Converse, fue que un d\u00eda, una t\u00eda lleg\u00f3 a regalarme \u201cunos tennis m\u00e1s para ni\u00f1as\u201d me regalo unos BubbleGummers , si ya s\u00e9 que bien grandota pero me los regalaron\u2026me acuerdo que me enoj\u00e9 mucho y nunca me los puse. NUNCA<\/p>\n<p>As\u00ed pas\u00f3 el tiempo hasta que entr\u00e9 a la secundaria, recuerdo que los primeros d\u00edas no me sent\u00eda c\u00f3moda, entonces mi mam\u00e1 me pregunt\u00f3 que porque me sent\u00eda as\u00ed y ya saben, todas esas cosas bonitas que preguntan las mam\u00e1s cuando \u201cestas creciendo\u201d y pues no recuerdo bien como fue que me vio que al otro d\u00eda fuimos y me compraron unos <strong>CONVERSE<\/strong>, as\u00ed es , lo hab\u00eda logrado\u2026 (Mi mam\u00e1 hermosa quer\u00eda que me sintiera mejor y que \u201cperteneciera a un grupo\u201d )<\/p>\n<p>Recuerdo cuando me los puse por primera vez, mi primer par fueron unos as\u00ed<\/p>\n<p><a href=\"https:\/\/i0.wp.com\/www.kalot.com.mx\/wp-content\/uploads\/2013\/09\/CONVERSE-M9160-BLACK-6.jpg\"><img fetchpriority=\"high\" decoding=\"async\" data-attachment-id=\"1564\" data-permalink=\"https:\/\/kalot.com.mx\/site\/2013\/09\/13\/soy-de-la-generacion-uso-converse-desde-los-12\/converse-m9160-black-6\/\" data-orig-file=\"https:\/\/i0.wp.com\/kalot.com.mx\/site\/wp-content\/uploads\/2013\/09\/CONVERSE-M9160-BLACK-6.jpg?fit=1900%2C1300&amp;ssl=1\" data-orig-size=\"1900,1300\" data-comments-opened=\"1\" data-image-meta=\"{&quot;aperture&quot;:&quot;0&quot;,&quot;credit&quot;:&quot;&quot;,&quot;camera&quot;:&quot;&quot;,&quot;caption&quot;:&quot;&quot;,&quot;created_timestamp&quot;:&quot;0&quot;,&quot;copyright&quot;:&quot;&quot;,&quot;focal_length&quot;:&quot;0&quot;,&quot;iso&quot;:&quot;0&quot;,&quot;shutter_speed&quot;:&quot;0&quot;,&quot;title&quot;:&quot;&quot;}\" data-image-title=\"CONVERSE M9160 BLACK (6)\" data-image-description=\"\" data-image-caption=\"\" data-large-file=\"https:\/\/i0.wp.com\/kalot.com.mx\/site\/wp-content\/uploads\/2013\/09\/CONVERSE-M9160-BLACK-6.jpg?fit=1024%2C700&amp;ssl=1\" class=\"aligncenter size-large wp-image-1564\" alt=\"CONVERSE M9160 BLACK (6)\" src=\"https:\/\/i0.wp.com\/kalot.com.mx\/site\/wp-content\/uploads\/2013\/08\/20130830-134112.jpg?fit=900%2C732&#038;ssl=1\" width=\"900\" height=\"732\" \/><\/a><\/p>\n<p>&nbsp;<\/p>\n<p><em>Desde ese d\u00eda no me he podido despegar de Converse, es como si fuera mi mejor amigo, mi acompa\u00f1ante de viajes, conciertos, caminatas largas, de brincar bardas (solo lo hice una vez y nunca lo volver\u00e9 hacer), de ponerte \u201chappy\u201d por primera vez, de ir a la cita donde te rompen el coraz\u00f3n, de \u201csalir tranquilo\u201d con alguien que te gusta, \u201cde decirle te amo alguien\u201d<\/em><\/p>\n<p>&nbsp;<\/p>\n<p>Pero creo que lo m\u00e1s hermoso del mundo y la raz\u00f3n de porque amo a <strong>CONVERSE<\/strong> es porque PUEDO IR A TRABAJAR CON ELLOS, mi mam\u00e1 siempre dec\u00eda \u201cte tienes que acostumbrar, en un trabajo de \u00a0verdad NO te vas a poner eso\u201d\u00a0\u00a0 \u00bfY qu\u00e9 creen?\u00a0 Claro que por supuesto que puedo ir con ellos, lo m\u00e1s curioso es que en mi oficina creo que a todos una vez nos dijeron eso, me da como un revolc\u00f3n en la panza cuando todos ac\u00e1 usamos <strong>CONVERSE<\/strong>, porque siento que me caen bien de verlos.<\/p>\n<p>&nbsp;<\/p>\n<p>En fin\u2026si CONVERSE me ha acompa\u00f1ado toda la vida, espero me acompa\u00f1e el d\u00eda de mi graduaci\u00f3n (cuando ya no aguante los tacones que seguro me he de poner para no estar tan chaparra), que me acompa\u00f1en en el after, me acompa\u00f1en cuando este en mi viaje de graduaci\u00f3n, que me acompa\u00f1en el d\u00eda que vaya a entrevista con la compa\u00f1\u00eda Converse (claro que voy a trabajar con ustedes \u00a0alg\u00fan d\u00eda\u2026me lo he prometido) \u00a0que me acompa\u00f1e cuando siga recorriendo el mundo buscando respuestas, que est\u00e9n conmigo en los d\u00edas m\u00e1s felices de mi vida pero tambi\u00e9n en los m\u00e1s dif\u00edciles al fin que todo pasa y se aprende,\u00a0 por siempre que sigan conmigo como hasta ahora\u2026<\/p>\n<p>&nbsp;<\/p>\n<h3 id=\"soy-bien-brand-loyal-converse-mi-amor\"><strong>SOY BIEN BRAND LOYAL, CONVERSE MI AMOR.<\/strong><\/h3>\n<p>&nbsp;<\/p>\n<p><a href=\"https:\/\/i0.wp.com\/www.kalot.com.mx\/wp-content\/uploads\/2013\/09\/5283fc093f4fb1ae7f4cede0ff68bdcb.jpg\"><img decoding=\"async\" data-attachment-id=\"1582\" data-permalink=\"https:\/\/kalot.com.mx\/site\/2013\/09\/13\/soy-de-la-generacion-uso-converse-desde-los-12\/5283fc093f4fb1ae7f4cede0ff68bdcb\/\" data-orig-file=\"https:\/\/i0.wp.com\/kalot.com.mx\/site\/wp-content\/uploads\/2013\/09\/5283fc093f4fb1ae7f4cede0ff68bdcb.jpg?fit=400%2C400&amp;ssl=1\" data-orig-size=\"400,400\" data-comments-opened=\"1\" data-image-meta=\"{&quot;aperture&quot;:&quot;0&quot;,&quot;credit&quot;:&quot;&quot;,&quot;camera&quot;:&quot;&quot;,&quot;caption&quot;:&quot;&quot;,&quot;created_timestamp&quot;:&quot;0&quot;,&quot;copyright&quot;:&quot;&quot;,&quot;focal_length&quot;:&quot;0&quot;,&quot;iso&quot;:&quot;0&quot;,&quot;shutter_speed&quot;:&quot;0&quot;,&quot;title&quot;:&quot;&quot;}\" data-image-title=\"5283fc093f4fb1ae7f4cede0ff68bdcb\" data-image-description=\"\" data-image-caption=\"\" data-large-file=\"https:\/\/i0.wp.com\/kalot.com.mx\/site\/wp-content\/uploads\/2013\/09\/5283fc093f4fb1ae7f4cede0ff68bdcb.jpg?fit=400%2C400&amp;ssl=1\" class=\"aligncenter size-full wp-image-1582\" alt=\"5283fc093f4fb1ae7f4cede0ff68bdcb\" src=\"https:\/\/i0.wp.com\/kalot.com.mx\/site\/wp-content\/uploads\/2013\/08\/20130830-134112.jpg?fit=1000%2C813&#038;ssl=1\" width=\"1000\" height=\"813\" \/><\/a><a href=\"https:\/\/i0.wp.com\/www.kalot.com.mx\/wp-content\/uploads\/2013\/09\/d28ce658de9d18daa528f6da993b6443.jpg\"><img decoding=\"async\" data-attachment-id=\"1589\" data-permalink=\"https:\/\/kalot.com.mx\/site\/2013\/09\/13\/soy-de-la-generacion-uso-converse-desde-los-12\/d28ce658de9d18daa528f6da993b6443\/\" data-orig-file=\"https:\/\/i0.wp.com\/kalot.com.mx\/site\/wp-content\/uploads\/2013\/09\/d28ce658de9d18daa528f6da993b6443.jpg?fit=497%2C329&amp;ssl=1\" data-orig-size=\"497,329\" data-comments-opened=\"1\" data-image-meta=\"{&quot;aperture&quot;:&quot;0&quot;,&quot;credit&quot;:&quot;&quot;,&quot;camera&quot;:&quot;&quot;,&quot;caption&quot;:&quot;&quot;,&quot;created_timestamp&quot;:&quot;0&quot;,&quot;copyright&quot;:&quot;&quot;,&quot;focal_length&quot;:&quot;0&quot;,&quot;iso&quot;:&quot;0&quot;,&quot;shutter_speed&quot;:&quot;0&quot;,&quot;title&quot;:&quot;&quot;}\" data-image-title=\"d28ce658de9d18daa528f6da993b6443\" data-image-description=\"\" data-image-caption=\"\" data-large-file=\"https:\/\/i0.wp.com\/kalot.com.mx\/site\/wp-content\/uploads\/2013\/09\/d28ce658de9d18daa528f6da993b6443.jpg?fit=497%2C329&amp;ssl=1\" class=\"aligncenter size-large wp-image-1589\" alt=\"d28ce658de9d18daa528f6da993b6443\" src=\"https:\/\/i0.wp.com\/kalot.com.mx\/site\/wp-content\/uploads\/2013\/08\/20130830-134112.jpg?fit=900%2C732&#038;ssl=1\" width=\"900\" height=\"732\" \/><\/a> <a href=\"https:\/\/i0.wp.com\/www.kalot.com.mx\/wp-content\/uploads\/2013\/09\/528d743cc939b8564e40c2e1f2b4d31e.jpg\"><img loading=\"lazy\" decoding=\"async\" data-attachment-id=\"1590\" data-permalink=\"https:\/\/kalot.com.mx\/site\/2013\/09\/13\/soy-de-la-generacion-uso-converse-desde-los-12\/528d743cc939b8564e40c2e1f2b4d31e\/\" data-orig-file=\"https:\/\/i0.wp.com\/kalot.com.mx\/site\/wp-content\/uploads\/2013\/09\/528d743cc939b8564e40c2e1f2b4d31e.jpg?fit=500%2C500&amp;ssl=1\" data-orig-size=\"500,500\" data-comments-opened=\"1\" data-image-meta=\"{&quot;aperture&quot;:&quot;0&quot;,&quot;credit&quot;:&quot;&quot;,&quot;camera&quot;:&quot;&quot;,&quot;caption&quot;:&quot;&quot;,&quot;created_timestamp&quot;:&quot;0&quot;,&quot;copyright&quot;:&quot;&quot;,&quot;focal_length&quot;:&quot;0&quot;,&quot;iso&quot;:&quot;0&quot;,&quot;shutter_speed&quot;:&quot;0&quot;,&quot;title&quot;:&quot;&quot;}\" data-image-title=\"528d743cc939b8564e40c2e1f2b4d31e\" data-image-description=\"\" data-image-caption=\"\" data-large-file=\"https:\/\/i0.wp.com\/kalot.com.mx\/site\/wp-content\/uploads\/2013\/09\/528d743cc939b8564e40c2e1f2b4d31e.jpg?fit=500%2C500&amp;ssl=1\" class=\"aligncenter size-large wp-image-1590\" alt=\"528d743cc939b8564e40c2e1f2b4d31e\" src=\"https:\/\/i0.wp.com\/kalot.com.mx\/site\/wp-content\/uploads\/2013\/08\/20130830-134112.jpg?fit=900%2C732&#038;ssl=1\" width=\"900\" height=\"732\" \/><\/a><\/p>\n","protected":false},"excerpt":{"rendered":"Soy de la generaci\u00f3n \u201cconozco desde la secu a The Strokes \u201c, una generaci\u00f3n que creci\u00f3 de la&hellip;\n","protected":false},"author":97,"featured_media":1582,"comment_status":"open","ping_status":"open","sticky":false,"template":"","format":"standard","meta":{"_jetpack_newsletter_access":"","_jetpack_dont_email_post_to_subs":false,"_jetpack_newsletter_tier_id":0,"_jetpack_memberships_contains_paywalled_content":false,"_jetpack_feature_clip_id":0,"_jetpack_memberships_contains_paid_content":false,"footnotes":"","jetpack_publicize_message":"","jetpack_publicize_feature_enabled":true,"jetpack_social_post_already_shared":true,"jetpack_social_options":{"image_generator_settings":{"template":"highway","default_image_id":0,"font":"","enabled":false},"version":2},"jetpack_post_was_ever_published":false},"categories":[1],"tags":[],"class_list":["post-1563","post","type-post","status-publish","format-standard","has-post-thumbnail","category-sin-categoria","cs-entry","cs-video-wrap"],"yoast_head":"<!-- This site is optimized with the Yoast SEO plugin v28.4 - https:\/\/yoast.com\/product\/yoast-seo-wordpress\/ -->\n<title>Generaci\u00f3n &quot;Uso CONVERSE desde los 12&quot; @converse_mexico - Kalot<\/title>\n<meta name=\"description\" content=\"Soy de la generaci\u00f3n \u201cconozco desde la secu a The Strokes \u201c, una generaci\u00f3n que creci\u00f3 de la manita con la tecnolog\u00eda, de la generaci\u00f3n \u201ctraigo un cel con\" \/>\n<meta name=\"robots\" content=\"index, follow, max-snippet:-1, max-image-preview:large, max-video-preview:-1\" \/>\n<link rel=\"canonical\" href=\"https:\/\/kalot.com.mx\/site\/2013\/09\/13\/soy-de-la-generacion-uso-converse-desde-los-12\/\" \/>\n<meta property=\"og:locale\" content=\"es_MX\" \/>\n<meta property=\"og:type\" content=\"article\" \/>\n<meta property=\"og:title\" content=\"Generaci\u00f3n &quot;Uso CONVERSE desde los 12&quot; @converse_mexico - Kalot\" \/>\n<meta property=\"og:description\" content=\"Soy de la generaci\u00f3n \u201cconozco desde la secu a The Strokes \u201c, una generaci\u00f3n que creci\u00f3 de la manita con la tecnolog\u00eda, de la generaci\u00f3n \u201ctraigo un cel con\" \/>\n<meta property=\"og:url\" content=\"https:\/\/kalot.com.mx\/site\/2013\/09\/13\/soy-de-la-generacion-uso-converse-desde-los-12\/\" \/>\n<meta property=\"og:site_name\" content=\"Kalot\" \/>\n<meta property=\"article:publisher\" content=\"http:\/\/facebook.com\/mxkalot\" \/>\n<meta property=\"article:author\" content=\"https:\/\/www.facebook.com\/mireles.dulce\" \/>\n<meta property=\"article:published_time\" content=\"2013-09-13T18:00:25+00:00\" \/>\n<meta property=\"article:modified_time\" content=\"2017-12-20T21:55:10+00:00\" \/>\n<meta property=\"og:image\" content=\"https:\/\/i2.wp.com\/kalot.com.mx\/site\/wp-content\/uploads\/2013\/09\/5283fc093f4fb1ae7f4cede0ff68bdcb.jpg?fit=400%2C400&ssl=1\" \/>\n\t<meta property=\"og:image:width\" content=\"400\" \/>\n\t<meta property=\"og:image:height\" content=\"400\" \/>\n\t<meta property=\"og:image:type\" content=\"image\/jpeg\" \/>\n<meta name=\"author\" content=\"Dulce Mireles\" \/>\n<meta name=\"twitter:card\" content=\"summary_large_image\" \/>\n<meta name=\"twitter:creator\" content=\"@dulcemireles\" \/>\n<meta name=\"twitter:site\" content=\"@kalotmx\" \/>\n<meta name=\"twitter:label1\" content=\"Escrito por\" \/>\n\t<meta name=\"twitter:data1\" content=\"Dulce Mireles\" \/>\n\t<meta name=\"twitter:label2\" content=\"Tiempo de lectura\" \/>\n\t<meta name=\"twitter:data2\" content=\"4 minutos\" \/>\n<!-- \/ Yoast SEO plugin. -->","yoast_head_json":{"title":"Generaci\u00f3n \"Uso CONVERSE desde los 12\" @converse_mexico - Kalot","description":"Soy de la generaci\u00f3n \u201cconozco desde la secu a The Strokes \u201c, una generaci\u00f3n que creci\u00f3 de la manita con la tecnolog\u00eda, de la generaci\u00f3n \u201ctraigo un cel con","robots":{"index":"index","follow":"follow","max-snippet":"max-snippet:-1","max-image-preview":"max-image-preview:large","max-video-preview":"max-video-preview:-1"},"canonical":"https:\/\/kalot.com.mx\/site\/2013\/09\/13\/soy-de-la-generacion-uso-converse-desde-los-12\/","og_locale":"es_MX","og_type":"article","og_title":"Generaci\u00f3n \"Uso CONVERSE desde los 12\" @converse_mexico - Kalot","og_description":"Soy de la generaci\u00f3n \u201cconozco desde la secu a The Strokes \u201c, una generaci\u00f3n que creci\u00f3 de la manita con la tecnolog\u00eda, de la generaci\u00f3n \u201ctraigo un cel con","og_url":"https:\/\/kalot.com.mx\/site\/2013\/09\/13\/soy-de-la-generacion-uso-converse-desde-los-12\/","og_site_name":"Kalot","article_publisher":"http:\/\/facebook.com\/mxkalot","article_author":"https:\/\/www.facebook.com\/mireles.dulce","article_published_time":"2013-09-13T18:00:25+00:00","article_modified_time":"2017-12-20T21:55:10+00:00","og_image":[{"width":400,"height":400,"url":"https:\/\/i2.wp.com\/kalot.com.mx\/site\/wp-content\/uploads\/2013\/09\/5283fc093f4fb1ae7f4cede0ff68bdcb.jpg?fit=400%2C400&ssl=1","type":"image\/jpeg"}],"author":"Dulce Mireles","twitter_card":"summary_large_image","twitter_creator":"@dulcemireles","twitter_site":"@kalotmx","twitter_misc":{"Escrito por":"Dulce Mireles","Tiempo de lectura":"4 minutos"},"schema":{"@context":"https:\/\/schema.org","@graph":[{"@type":"Article","@id":"https:\/\/kalot.com.mx\/site\/2013\/09\/13\/soy-de-la-generacion-uso-converse-desde-los-12\/#article","isPartOf":{"@id":"https:\/\/kalot.com.mx\/site\/2013\/09\/13\/soy-de-la-generacion-uso-converse-desde-los-12\/"},"author":{"name":"Dulce Mireles","@id":"https:\/\/kalot.com.mx\/site\/#\/schema\/person\/655544162290388f1408067116229e94"},"headline":"Generaci\u00f3n &#8220;Uso CONVERSE desde los 12&#8221; @converse_mexico","datePublished":"2013-09-13T18:00:25+00:00","dateModified":"2017-12-20T21:55:10+00:00","mainEntityOfPage":{"@id":"https:\/\/kalot.com.mx\/site\/2013\/09\/13\/soy-de-la-generacion-uso-converse-desde-los-12\/"},"wordCount":732,"commentCount":0,"publisher":{"@id":"https:\/\/kalot.com.mx\/site\/#organization"},"image":{"@id":"https:\/\/kalot.com.mx\/site\/2013\/09\/13\/soy-de-la-generacion-uso-converse-desde-los-12\/#primaryimage"},"thumbnailUrl":"https:\/\/i0.wp.com\/kalot.com.mx\/site\/wp-content\/uploads\/2013\/09\/5283fc093f4fb1ae7f4cede0ff68bdcb.jpg?fit=400%2C400&ssl=1","inLanguage":"es","potentialAction":[{"@type":"CommentAction","name":"Comment","target":["https:\/\/kalot.com.mx\/site\/2013\/09\/13\/soy-de-la-generacion-uso-converse-desde-los-12\/#respond"]}]},{"@type":"WebPage","@id":"https:\/\/kalot.com.mx\/site\/2013\/09\/13\/soy-de-la-generacion-uso-converse-desde-los-12\/","url":"https:\/\/kalot.com.mx\/site\/2013\/09\/13\/soy-de-la-generacion-uso-converse-desde-los-12\/","name":"Generaci\u00f3n \"Uso CONVERSE desde los 12\" @converse_mexico - Kalot","isPartOf":{"@id":"https:\/\/kalot.com.mx\/site\/#website"},"primaryImageOfPage":{"@id":"https:\/\/kalot.com.mx\/site\/2013\/09\/13\/soy-de-la-generacion-uso-converse-desde-los-12\/#primaryimage"},"image":{"@id":"https:\/\/kalot.com.mx\/site\/2013\/09\/13\/soy-de-la-generacion-uso-converse-desde-los-12\/#primaryimage"},"thumbnailUrl":"https:\/\/i0.wp.com\/kalot.com.mx\/site\/wp-content\/uploads\/2013\/09\/5283fc093f4fb1ae7f4cede0ff68bdcb.jpg?fit=400%2C400&ssl=1","datePublished":"2013-09-13T18:00:25+00:00","dateModified":"2017-12-20T21:55:10+00:00","description":"Soy de la generaci\u00f3n \u201cconozco desde la secu a The Strokes \u201c, una generaci\u00f3n que creci\u00f3 de la manita con la tecnolog\u00eda, de la generaci\u00f3n \u201ctraigo un cel con","breadcrumb":{"@id":"https:\/\/kalot.com.mx\/site\/2013\/09\/13\/soy-de-la-generacion-uso-converse-desde-los-12\/#breadcrumb"},"inLanguage":"es","potentialAction":[{"@type":"ReadAction","target":["https:\/\/kalot.com.mx\/site\/2013\/09\/13\/soy-de-la-generacion-uso-converse-desde-los-12\/"]}]},{"@type":"ImageObject","inLanguage":"es","@id":"https:\/\/kalot.com.mx\/site\/2013\/09\/13\/soy-de-la-generacion-uso-converse-desde-los-12\/#primaryimage","url":"https:\/\/i0.wp.com\/kalot.com.mx\/site\/wp-content\/uploads\/2013\/09\/5283fc093f4fb1ae7f4cede0ff68bdcb.jpg?fit=400%2C400&ssl=1","contentUrl":"https:\/\/i0.wp.com\/kalot.com.mx\/site\/wp-content\/uploads\/2013\/09\/5283fc093f4fb1ae7f4cede0ff68bdcb.jpg?fit=400%2C400&ssl=1","width":400,"height":400},{"@type":"BreadcrumbList","@id":"https:\/\/kalot.com.mx\/site\/2013\/09\/13\/soy-de-la-generacion-uso-converse-desde-los-12\/#breadcrumb","itemListElement":[{"@type":"ListItem","position":1,"name":"Home","item":"https:\/\/kalot.com.mx\/site\/"},{"@type":"ListItem","position":2,"name":"Generaci\u00f3n &#8220;Uso CONVERSE desde los 12&#8221; @converse_mexico"}]},{"@type":"WebSite","@id":"https:\/\/kalot.com.mx\/site\/#website","url":"https:\/\/kalot.com.mx\/site\/","name":"Kalot","description":"Conoce Todo Sobre Todo","publisher":{"@id":"https:\/\/kalot.com.mx\/site\/#organization"},"potentialAction":[{"@type":"SearchAction","target":{"@type":"EntryPoint","urlTemplate":"https:\/\/kalot.com.mx\/site\/?s={search_term_string}"},"query-input":{"@type":"PropertyValueSpecification","valueRequired":true,"valueName":"search_term_string"}}],"inLanguage":"es"},{"@type":"Organization","@id":"https:\/\/kalot.com.mx\/site\/#organization","name":"Kalot","url":"https:\/\/kalot.com.mx\/site\/","logo":{"@type":"ImageObject","inLanguage":"es","@id":"https:\/\/kalot.com.mx\/site\/#\/schema\/logo\/image\/","url":"https:\/\/i0.wp.com\/kalot.com.mx\/site\/wp-content\/uploads\/2020\/04\/Kalot-logo-sin-tagline.png?fit=1707%2C1014&ssl=1","contentUrl":"https:\/\/i0.wp.com\/kalot.com.mx\/site\/wp-content\/uploads\/2020\/04\/Kalot-logo-sin-tagline.png?fit=1707%2C1014&ssl=1","width":1707,"height":1014,"caption":"Kalot"},"image":{"@id":"https:\/\/kalot.com.mx\/site\/#\/schema\/logo\/image\/"},"sameAs":["http:\/\/facebook.com\/mxkalot","https:\/\/x.com\/kalotmx","http:\/\/instagram.com\/kalotmx","http:\/\/pinterest.com\/jorgeerana\/kalot"]},{"@type":"Person","@id":"https:\/\/kalot.com.mx\/site\/#\/schema\/person\/655544162290388f1408067116229e94","name":"Dulce Mireles","image":{"@type":"ImageObject","inLanguage":"es","@id":"https:\/\/secure.gravatar.com\/avatar\/2e509fd77f8d3252341ab205504ec2216b61edd89bfd74420e00d4db91ed872e?s=96&d=mm&r=g","url":"https:\/\/secure.gravatar.com\/avatar\/2e509fd77f8d3252341ab205504ec2216b61edd89bfd74420e00d4db91ed872e?s=96&d=mm&r=g","contentUrl":"https:\/\/secure.gravatar.com\/avatar\/2e509fd77f8d3252341ab205504ec2216b61edd89bfd74420e00d4db91ed872e?s=96&d=mm&r=g","caption":"Dulce Mireles"},"description":"Ya me aburr\u00ed de poner bio en todos lados. Mejor hablame de tu...its en @dulcemireles","sameAs":["https:\/\/www.facebook.com\/mireles.dulce","https:\/\/x.com\/@dulcemireles"],"url":"https:\/\/kalot.com.mx\/site\/author\/dulcemireles\/"}]}},"jetpack_publicize_connections":[],"jetpack_shortlink":"https:\/\/wp.me\/p6IHEI-pd","jetpack-related-posts":[{"id":6233,"url":"https:\/\/kalot.com.mx\/site\/2013\/11\/10\/el-chicle-imagen-negativa-o-positiva\/","url_meta":{"origin":1563,"position":0},"title":"El chicle, imagen negativa o positiva??","author":"Ceci Cuevas","date":"10 noviembre, 2013","format":false,"excerpt":"por Ceci Cuevas Yo nunca he comprado un paquete de chicles, casi no los consumo. Me gustan los que vienen en cubos solo por la forma, por el simple dise\u00f1o. No soy alguien que har\u00eda promoci\u00f3n a una marca de chicles ni que invitara a alguien a comprarlos. Como la\u2026","rel":"","context":"Con 4 comentarios","block_context":{"text":"Con 4 comentarios","link":"https:\/\/kalot.com.mx\/site\/2013\/11\/10\/el-chicle-imagen-negativa-o-positiva\/#comments"},"img":{"alt_text":"","src":"https:\/\/i0.wp.com\/kalot.com.mx\/site\/wp-content\/uploads\/2013\/11\/20131110-072807-p.m..jpg?fit=1200%2C753&ssl=1&resize=350%2C200","width":350,"height":200,"srcset":"https:\/\/i0.wp.com\/kalot.com.mx\/site\/wp-content\/uploads\/2013\/11\/20131110-072807-p.m..jpg?fit=1200%2C753&ssl=1&resize=350%2C200 1x, https:\/\/i0.wp.com\/kalot.com.mx\/site\/wp-content\/uploads\/2013\/11\/20131110-072807-p.m..jpg?fit=1200%2C753&ssl=1&resize=525%2C300 1.5x, https:\/\/i0.wp.com\/kalot.com.mx\/site\/wp-content\/uploads\/2013\/11\/20131110-072807-p.m..jpg?fit=1200%2C753&ssl=1&resize=700%2C400 2x, https:\/\/i0.wp.com\/kalot.com.mx\/site\/wp-content\/uploads\/2013\/11\/20131110-072807-p.m..jpg?fit=1200%2C753&ssl=1&resize=1050%2C600 3x"},"classes":[]},{"id":22903,"url":"https:\/\/kalot.com.mx\/site\/2015\/08\/12\/conoce-el-nuevo-moto-g-3era-generacion-tu-companero-ideal\/","url_meta":{"origin":1563,"position":1},"title":"Conoce el nuevo Moto G 3era Generaci\u00f3n: Tu Compa\u00f1ero Ideal","author":"yash","date":"12 agosto, 2015","format":false,"excerpt":"El celular pas\u00f3 de ser un lujo a una necesidad; en la actualidad existe una gama infinita de modelos de tel\u00e9fonos pero no todos cumplen con lo que queremos. Encontrar un celular que cumpla con todas las caracter\u00edsticas que deseamos podr\u00eda resultar una tarea dif\u00edcil, uno pensar\u00eda que si queremos\u2026","rel":"","context":"Entrada similar ","block_context":{"text":"Entrada similar ","link":""},"img":{"alt_text":"","src":"https:\/\/i0.wp.com\/kalot.com.mx\/site\/wp-content\/uploads\/2015\/08\/935X465.jpg?fit=935%2C465&ssl=1&resize=350%2C200","width":350,"height":200,"srcset":"https:\/\/i0.wp.com\/kalot.com.mx\/site\/wp-content\/uploads\/2015\/08\/935X465.jpg?fit=935%2C465&ssl=1&resize=350%2C200 1x, https:\/\/i0.wp.com\/kalot.com.mx\/site\/wp-content\/uploads\/2015\/08\/935X465.jpg?fit=935%2C465&ssl=1&resize=525%2C300 1.5x, https:\/\/i0.wp.com\/kalot.com.mx\/site\/wp-content\/uploads\/2015\/08\/935X465.jpg?fit=935%2C465&ssl=1&resize=700%2C400 2x"},"classes":[]},{"id":10235,"url":"https:\/\/kalot.com.mx\/site\/2014\/01\/24\/power-rangers-mega-force-por-que-nunca-dejaremos-de-ser-ninos\/","url_meta":{"origin":1563,"position":2},"title":"Power Rangers Mega Force, por que nunca dejaremos de ser Ni\u00f1os.","author":"El Memo Pacheco","date":"24 enero, 2014","format":false,"excerpt":"Han pasado un poco m\u00e1s de 20 a\u00f1os desde la aparici\u00f3n de los primeros h\u00e9roes para muchos, no importa de que \u00e9poca seas, tu generaci\u00f3n siempre habr\u00e1 tenido alguno de estos h\u00e9roes dentro de ella; hablamos de los Power Rangers, franquicia televisiva que ha pasado de generaci\u00f3n en generaci\u00f3n con\u2026","rel":"","context":"En &quot;Sin categor\u00eda&quot;","block_context":{"text":"Sin categor\u00eda","link":"https:\/\/kalot.com.mx\/site\/category\/sin-categoria\/"},"img":{"alt_text":"","src":"https:\/\/i0.wp.com\/kalot.com.mx\/site\/wp-content\/uploads\/2014\/01\/00-Power-Rangers-20.jpg?fit=1200%2C750&ssl=1&resize=350%2C200","width":350,"height":200,"srcset":"https:\/\/i0.wp.com\/kalot.com.mx\/site\/wp-content\/uploads\/2014\/01\/00-Power-Rangers-20.jpg?fit=1200%2C750&ssl=1&resize=350%2C200 1x, https:\/\/i0.wp.com\/kalot.com.mx\/site\/wp-content\/uploads\/2014\/01\/00-Power-Rangers-20.jpg?fit=1200%2C750&ssl=1&resize=525%2C300 1.5x, https:\/\/i0.wp.com\/kalot.com.mx\/site\/wp-content\/uploads\/2014\/01\/00-Power-Rangers-20.jpg?fit=1200%2C750&ssl=1&resize=700%2C400 2x, https:\/\/i0.wp.com\/kalot.com.mx\/site\/wp-content\/uploads\/2014\/01\/00-Power-Rangers-20.jpg?fit=1200%2C750&ssl=1&resize=1050%2C600 3x"},"classes":[]},{"id":32223,"url":"https:\/\/kalot.com.mx\/site\/2022\/04\/11\/resena-echo-buds-2-generacion\/","url_meta":{"origin":1563,"position":3},"title":"Mi Experiencia con los Echo Buds 2da Generaci\u00f3n","author":"Jorge Era\u00f1a","date":"11 abril, 2022","format":false,"excerpt":"Una vez m\u00e1s te leo por estos rumbos para contarte en esta rese\u00f1a c\u00f3mo ha sido mi experiencia utilizando como mis aud\u00edfonos del d\u00eda a d\u00eda los Echo Buds de 2da Generaci\u00f3n. \u00daltimamente he podido probar muchos productos del ecosistema de Amazon y Alexa y lo \u00fanico que puedo contarte\u2026","rel":"","context":"En &quot;#MiExperienciaCon&quot;","block_context":{"text":"#MiExperienciaCon","link":"https:\/\/kalot.com.mx\/site\/category\/miexperienciacon\/"},"img":{"alt_text":"","src":"https:\/\/i0.wp.com\/kalot.com.mx\/site\/wp-content\/uploads\/2022\/04\/IMG_0233-scaled.jpg?fit=900%2C1200&ssl=1&resize=350%2C200","width":350,"height":200,"srcset":"https:\/\/i0.wp.com\/kalot.com.mx\/site\/wp-content\/uploads\/2022\/04\/IMG_0233-scaled.jpg?fit=900%2C1200&ssl=1&resize=350%2C200 1x, https:\/\/i0.wp.com\/kalot.com.mx\/site\/wp-content\/uploads\/2022\/04\/IMG_0233-scaled.jpg?fit=900%2C1200&ssl=1&resize=525%2C300 1.5x, https:\/\/i0.wp.com\/kalot.com.mx\/site\/wp-content\/uploads\/2022\/04\/IMG_0233-scaled.jpg?fit=900%2C1200&ssl=1&resize=700%2C400 2x"},"classes":[]},{"id":2510,"url":"https:\/\/kalot.com.mx\/site\/2013\/09\/27\/historychannel-y-su-apuesta-por-la-vida-extraterrestre\/","url_meta":{"origin":1563,"position":4},"title":"#HistoryChannel y su apuesta por la vida extraterrestre\u2026","author":"Misael Gallegos","date":"27 septiembre, 2013","format":false,"excerpt":"\u00bfCree en la vida extraterrestre? Yo soy de la generaci\u00f3n que vio de ni\u00f1o a Jaime Maussan en diferentes programas de televisi\u00f3n donde todos dudaban de \u00e9l, Adal Ramones se burlaba del trabajo del investigador mexicano y todos eran esc\u00e9pticos a\u00a0 la probabilidad de que existiera vida inteligente fuera de\u2026","rel":"","context":"Entrada similar ","block_context":{"text":"Entrada similar ","link":""},"img":{"alt_text":"","src":"https:\/\/i0.wp.com\/kalot.com.mx\/site\/wp-content\/uploads\/2013\/09\/afu-stargate-1.jpg?fit=500%2C375&ssl=1&resize=350%2C200","width":350,"height":200},"classes":[]},{"id":7989,"url":"https:\/\/kalot.com.mx\/site\/2013\/12\/18\/watch_dogs-y-division-lucen-imparables-ubisoft-wdtdimparables\/","url_meta":{"origin":1563,"position":5},"title":"WATCH_DOGS y THE DIVISION Lucen imparables @Ubisoft #WD&amp;TDimparables","author":"HM_MKT007","date":"18 diciembre, 2013","format":false,"excerpt":"Para UBISOFT, siempre es importante llegar con una carta fuerte para cada generaci\u00f3n, para la sexta lo hizo con PRINCE OF PERSIA, y con otros juegos que lo acompa\u00f1aron, como SPLINTER CELL, entre otros. Para la reciente 7ma Generaci\u00f3n, lleg\u00f3 con todo con ASSASSINS CREED, y aunque es su franquicia\u2026","rel":"","context":"Entrada similar ","block_context":{"text":"Entrada similar ","link":""},"img":{"alt_text":"","src":"https:\/\/i0.wp.com\/kalot.com.mx\/site\/wp-content\/uploads\/2013\/12\/ubisoft%2Blogo%2Brk1.png?fit=1000%2C562&ssl=1&resize=350%2C200","width":350,"height":200,"srcset":"https:\/\/i0.wp.com\/kalot.com.mx\/site\/wp-content\/uploads\/2013\/12\/ubisoft%2Blogo%2Brk1.png?fit=1000%2C562&ssl=1&resize=350%2C200 1x, https:\/\/i0.wp.com\/kalot.com.mx\/site\/wp-content\/uploads\/2013\/12\/ubisoft%2Blogo%2Brk1.png?fit=1000%2C562&ssl=1&resize=525%2C300 1.5x, https:\/\/i0.wp.com\/kalot.com.mx\/site\/wp-content\/uploads\/2013\/12\/ubisoft%2Blogo%2Brk1.png?fit=1000%2C562&ssl=1&resize=700%2C400 2x"},"classes":[]}],"jetpack_sharing_enabled":true,"jetpack_featured_media_url":"https:\/\/i0.wp.com\/kalot.com.mx\/site\/wp-content\/uploads\/2013\/09\/5283fc093f4fb1ae7f4cede0ff68bdcb.jpg?fit=400%2C400&ssl=1","_links":{"self":[{"href":"https:\/\/kalot.com.mx\/site\/wp-json\/wp\/v2\/posts\/1563","targetHints":{"allow":["GET"]}}],"collection":[{"href":"https:\/\/kalot.com.mx\/site\/wp-json\/wp\/v2\/posts"}],"about":[{"href":"https:\/\/kalot.com.mx\/site\/wp-json\/wp\/v2\/types\/post"}],"author":[{"embeddable":true,"href":"https:\/\/kalot.com.mx\/site\/wp-json\/wp\/v2\/users\/97"}],"replies":[{"embeddable":true,"href":"https:\/\/kalot.com.mx\/site\/wp-json\/wp\/v2\/comments?post=1563"}],"version-history":[{"count":1,"href":"https:\/\/kalot.com.mx\/site\/wp-json\/wp\/v2\/posts\/1563\/revisions"}],"predecessor-version":[{"id":27874,"href":"https:\/\/kalot.com.mx\/site\/wp-json\/wp\/v2\/posts\/1563\/revisions\/27874"}],"wp:featuredmedia":[{"embeddable":true,"href":"https:\/\/kalot.com.mx\/site\/wp-json\/wp\/v2\/media\/1582"}],"wp:attachment":[{"href":"https:\/\/kalot.com.mx\/site\/wp-json\/wp\/v2\/media?parent=1563"}],"wp:term":[{"taxonomy":"category","embeddable":true,"href":"https:\/\/kalot.com.mx\/site\/wp-json\/wp\/v2\/categories?post=1563"},{"taxonomy":"post_tag","embeddable":true,"href":"https:\/\/kalot.com.mx\/site\/wp-json\/wp\/v2\/tags?post=1563"}],"curies":[{"name":"wp","href":"https:\/\/api.w.org\/{rel}","templated":true}]}}