{"id":15498,"date":"2014-04-28T18:33:42","date_gmt":"2014-04-28T23:33:42","guid":{"rendered":"http:\/\/www.kalot.com.mx\/?p=15498"},"modified":"2017-12-20T15:55:17","modified_gmt":"2017-12-20T21:55:17","slug":"58-anos-de-la-catedral-de-la-lucha-libre","status":"publish","type":"post","link":"https:\/\/kalot.com.mx\/site\/2014\/04\/28\/58-anos-de-la-catedral-de-la-lucha-libre\/","title":{"rendered":"58 A\u00d1OS DE LA CATEDRAL DE LA LUCHA LIBRE"},"content":{"rendered":"<p style=\"text-align: center\"><strong>58 A\u00d1OS DE LA CATEDRAL DE LA LUCHA LIBRE<\/strong><\/p>\n<p>\u00a0<\/p>\n<p style=\"text-align: justify\">Fue un 27 de Septiembre de 1956, cuando el gran Mario Moreno \u201cCantinflas\u201d inaugur\u00f3 la Arena M\u00e9xico, la que a la postre se convertir\u00eda en la Catedral de la Lucha Libre, as\u00ed como la del boxeo en M\u00e9xico.<\/p>\n<p style=\"text-align: justify\">\u00a0El inmueble ubicado en la calle de Doctor Lavista en la Colonia de los Doctores en la Ciudad de M\u00e9xico, no es solo un inmueble con capacidad para m\u00e1s de 15,000 personas debidamente sentadas, es un lugar que alberga historia, pasi\u00f3n, rivalidades hist\u00f3ricas, \u00e9picas batallas y sobre todo, la ilusi\u00f3n de chicos y grandes de ver cada viernes a su luchador favorito surcar los aires, aguantar de todo y salir victorioso.<\/p>\n<p style=\"text-align: justify\">\u00a0Y a partir del 21 de Septiembre del a\u00f1o de su inauguraci\u00f3n, la M\u00e9xico Catedral fue testigo de la primera lucha de apuesta celebrada en dicho recinto: m\u00e1scara contra m\u00e1scara, cuando el Santo desenmascar\u00f3 al Gladiador.<\/p>\n<p style=\"text-align: justify\">\u00a0Despu\u00e9s de esa fecha, ha habido innumerables batallas de apuesta, como la victoria del Perro Aguayo contra Konnan en la que se conoci\u00f3 la verdadera identidad de Carlos Santiago Espada; o aquella lucha inolvidable entre el Rayo de Jalisco Jr., desenmascarando al capo de capos Cien Caras; antes la espectacular lucha entre el manotas Blue Demon y el Matem\u00e1tico, ganando el demonio azul de forma ag\u00f3nica, hasta luchas un poco m\u00e1s recientes como en la que Universo 2000 rap\u00f3 al Perro Aguayo en su despedida; y as\u00ed, podremos enumerar una gran lista de \u00e9picas luchas, donde lo \u00faltimo que ha importado es el dolor, la sangre, las lesiones, las l\u00e1grimas, las derrotas y los malos momentos de los gladiadores que han hecho de la lona de la Arena M\u00e9xico, la catedral de la lucha libre. Lo que ha importado a lo largo de todos estos a\u00f1os, lo que ha hecho que valga la pena, son las miles y miles de risas, mentadas de madre, ilusiones, gritos y en general, todo lo que los aficionados al deporte espect\u00e1culo hemos disfrutado.<\/p>\n<p style=\"text-align: justify\">\u00a0As\u00ed mismo, no podemos pasar por alto, hechos tr\u00e1gicos sucedidos en la M\u00e9xico Catedral, como aqu\u00e9l funesto 26 de Octubre de 1993, cuando el luchador Oro perdi\u00f3 la vida.<\/p>\n<p style=\"text-align: justify\">\u00a0Y as\u00ed, entre llaves y contra llaves, hemos disfrutado de la Cavernaria creada por el rud\u00edsimo Cavernario Galindo, la Tapat\u00eda creaci\u00f3n del gran Rito Romero o la llave de los grandes triunfos del enmascarado de plata, la de a caballo creada por Gory Guerrero, pasando por la Huracarrana del gran Hurac\u00e1n Ram\u00edrez hasta el tremendo martillo negro del menor de los dinamita, Andr\u00e9s Reyes, Universo 2000. Por eso y por muchas cosas m\u00e1s, la Arena M\u00e9xico es la Catedral de la Lucha Libre, y no me queda m\u00e1s que decirle a todos los que han participado en la vida de este inmueble \u2013gladiadores, comentaristas, aficionados, los que venden m\u00e1scaras, pepitas, cervezas y todos- enhorabuena.<\/p>\n<p style=\"text-align: center\"><a href=\"https:\/\/i0.wp.com\/www.kalot.com.mx\/wp-content\/uploads\/2014\/04\/arena-mexico-2.jpg\"><img fetchpriority=\"high\" decoding=\"async\" data-attachment-id=\"15499\" data-permalink=\"https:\/\/kalot.com.mx\/site\/2014\/04\/28\/58-anos-de-la-catedral-de-la-lucha-libre\/arena-mexico-2\/\" data-orig-file=\"https:\/\/i0.wp.com\/kalot.com.mx\/site\/wp-content\/uploads\/2014\/04\/arena-mexico-2.jpg?fit=259%2C194&ssl=1\" data-orig-size=\"259,194\" data-comments-opened=\"1\" data-image-meta=\"{&quot;aperture&quot;:&quot;0&quot;,&quot;credit&quot;:&quot;&quot;,&quot;camera&quot;:&quot;&quot;,&quot;caption&quot;:&quot;&quot;,&quot;created_timestamp&quot;:&quot;0&quot;,&quot;copyright&quot;:&quot;&quot;,&quot;focal_length&quot;:&quot;0&quot;,&quot;iso&quot;:&quot;0&quot;,&quot;shutter_speed&quot;:&quot;0&quot;,&quot;title&quot;:&quot;&quot;,&quot;orientation&quot;:&quot;0&quot;}\" data-image-title=\"arena mexico 2\" data-image-description=\"\" data-image-caption=\"\" data-large-file=\"https:\/\/i0.wp.com\/kalot.com.mx\/site\/wp-content\/uploads\/2014\/04\/arena-mexico-2.jpg?fit=259%2C194&ssl=1\" class=\"alignnone size-full wp-image-15499\" src=\"https:\/\/i0.wp.com\/kalot.com.mx\/site\/wp-content\/uploads\/2013\/08\/20130830-134112.jpg?fit=1000%2C813&ssl=1\" alt=\"arena mexico 2\" width=\"1000\" height=\"813\" \/><\/a><\/p>\n","protected":false},"excerpt":{"rendered":"58 A\u00d1OS DE LA CATEDRAL DE LA LUCHA LIBRE \u00a0 Fue un 27 de Septiembre de 1956, cuando&hellip;\n","protected":false},"author":84,"featured_media":15500,"comment_status":"open","ping_status":"open","sticky":false,"template":"","format":"standard","meta":{"jetpack_post_was_ever_published":false,"_jetpack_newsletter_access":"","_jetpack_dont_email_post_to_subs":false,"_jetpack_newsletter_tier_id":0,"_jetpack_memberships_contains_paywalled_content":false,"_jetpack_memberships_contains_paid_content":false,"footnotes":"","jetpack_publicize_message":"","jetpack_publicize_feature_enabled":true,"jetpack_social_post_already_shared":true,"jetpack_social_options":{"image_generator_settings":{"template":"highway","default_image_id":0,"font":"","enabled":false},"version":2}},"categories":[1],"tags":[],"class_list":{"0":"post-15498","1":"post","2":"type-post","3":"status-publish","4":"format-standard","5":"has-post-thumbnail","7":"category-sin-categoria","8":"cs-entry","9":"cs-video-wrap"},"yoast_head":"<!-- This site is optimized with the Yoast SEO plugin v27.5 - https:\/\/yoast.com\/product\/yoast-seo-wordpress\/ -->\n<title>58 A\u00d1OS DE LA CATEDRAL DE LA LUCHA LIBRE - Kalot<\/title>\n<meta name=\"description\" content=\"58 a\u00f1os del coloso de la Doctores\" \/>\n<meta name=\"robots\" content=\"index, follow, max-snippet:-1, max-image-preview:large, max-video-preview:-1\" \/>\n<link rel=\"canonical\" href=\"https:\/\/kalot.com.mx\/site\/2014\/04\/28\/58-anos-de-la-catedral-de-la-lucha-libre\/\" \/>\n<meta property=\"og:locale\" content=\"es_MX\" \/>\n<meta property=\"og:type\" content=\"article\" \/>\n<meta property=\"og:title\" content=\"58 A\u00d1OS DE LA CATEDRAL DE LA LUCHA LIBRE - Kalot\" \/>\n<meta property=\"og:description\" content=\"58 a\u00f1os del coloso de la Doctores\" \/>\n<meta property=\"og:url\" content=\"https:\/\/kalot.com.mx\/site\/2014\/04\/28\/58-anos-de-la-catedral-de-la-lucha-libre\/\" \/>\n<meta property=\"og:site_name\" content=\"Kalot\" \/>\n<meta property=\"article:publisher\" content=\"http:\/\/facebook.com\/mxkalot\" \/>\n<meta property=\"article:published_time\" content=\"2014-04-28T23:33:42+00:00\" \/>\n<meta property=\"article:modified_time\" content=\"2017-12-20T21:55:17+00:00\" \/>\n<meta property=\"og:image\" content=\"https:\/\/i0.wp.com\/kalot.com.mx\/site\/wp-content\/uploads\/2014\/04\/arena-mexico.jpg?fit=600%2C400&ssl=1\" \/>\n\t<meta property=\"og:image:width\" content=\"600\" \/>\n\t<meta property=\"og:image:height\" content=\"400\" \/>\n\t<meta property=\"og:image:type\" content=\"image\/jpeg\" \/>\n<meta name=\"author\" content=\"Juan Ol\u00e1is\" \/>\n<meta name=\"twitter:card\" content=\"summary_large_image\" \/>\n<meta name=\"twitter:creator\" content=\"@Golon_16\" \/>\n<meta name=\"twitter:site\" content=\"@kalotmx\" \/>\n<meta name=\"twitter:label1\" content=\"Escrito por\" \/>\n\t<meta name=\"twitter:data1\" content=\"Juan Ol\u00e1is\" \/>\n\t<meta name=\"twitter:label2\" content=\"Tiempo de lectura\" \/>\n\t<meta name=\"twitter:data2\" content=\"3 minutos\" \/>\n<!-- \/ Yoast SEO plugin. -->","yoast_head_json":{"title":"58 A\u00d1OS DE LA CATEDRAL DE LA LUCHA LIBRE - Kalot","description":"58 a\u00f1os del coloso de la Doctores","robots":{"index":"index","follow":"follow","max-snippet":"max-snippet:-1","max-image-preview":"max-image-preview:large","max-video-preview":"max-video-preview:-1"},"canonical":"https:\/\/kalot.com.mx\/site\/2014\/04\/28\/58-anos-de-la-catedral-de-la-lucha-libre\/","og_locale":"es_MX","og_type":"article","og_title":"58 A\u00d1OS DE LA CATEDRAL DE LA LUCHA LIBRE - Kalot","og_description":"58 a\u00f1os del coloso de la Doctores","og_url":"https:\/\/kalot.com.mx\/site\/2014\/04\/28\/58-anos-de-la-catedral-de-la-lucha-libre\/","og_site_name":"Kalot","article_publisher":"http:\/\/facebook.com\/mxkalot","article_published_time":"2014-04-28T23:33:42+00:00","article_modified_time":"2017-12-20T21:55:17+00:00","og_image":[{"width":600,"height":400,"url":"https:\/\/i0.wp.com\/kalot.com.mx\/site\/wp-content\/uploads\/2014\/04\/arena-mexico.jpg?fit=600%2C400&ssl=1","type":"image\/jpeg"}],"author":"Juan Ol\u00e1is","twitter_card":"summary_large_image","twitter_creator":"@Golon_16","twitter_site":"@kalotmx","twitter_misc":{"Escrito por":"Juan Ol\u00e1is","Tiempo de lectura":"3 minutos"},"schema":{"@context":"https:\/\/schema.org","@graph":[{"@type":"Article","@id":"https:\/\/kalot.com.mx\/site\/2014\/04\/28\/58-anos-de-la-catedral-de-la-lucha-libre\/#article","isPartOf":{"@id":"https:\/\/kalot.com.mx\/site\/2014\/04\/28\/58-anos-de-la-catedral-de-la-lucha-libre\/"},"author":{"name":"Juan Ol\u00e1is","@id":"https:\/\/kalot.com.mx\/site\/#\/schema\/person\/11f60ca811b545027d1b83c3c64da30d"},"headline":"58 A\u00d1OS DE LA CATEDRAL DE LA LUCHA LIBRE","datePublished":"2014-04-28T23:33:42+00:00","dateModified":"2017-12-20T21:55:17+00:00","mainEntityOfPage":{"@id":"https:\/\/kalot.com.mx\/site\/2014\/04\/28\/58-anos-de-la-catedral-de-la-lucha-libre\/"},"wordCount":512,"commentCount":0,"publisher":{"@id":"https:\/\/kalot.com.mx\/site\/#organization"},"image":{"@id":"https:\/\/kalot.com.mx\/site\/2014\/04\/28\/58-anos-de-la-catedral-de-la-lucha-libre\/#primaryimage"},"thumbnailUrl":"https:\/\/i0.wp.com\/kalot.com.mx\/site\/wp-content\/uploads\/2014\/04\/arena-mexico.jpg?fit=600%2C400&ssl=1","inLanguage":"es","potentialAction":[{"@type":"CommentAction","name":"Comment","target":["https:\/\/kalot.com.mx\/site\/2014\/04\/28\/58-anos-de-la-catedral-de-la-lucha-libre\/#respond"]}]},{"@type":"WebPage","@id":"https:\/\/kalot.com.mx\/site\/2014\/04\/28\/58-anos-de-la-catedral-de-la-lucha-libre\/","url":"https:\/\/kalot.com.mx\/site\/2014\/04\/28\/58-anos-de-la-catedral-de-la-lucha-libre\/","name":"58 A\u00d1OS DE LA CATEDRAL DE LA LUCHA LIBRE - Kalot","isPartOf":{"@id":"https:\/\/kalot.com.mx\/site\/#website"},"primaryImageOfPage":{"@id":"https:\/\/kalot.com.mx\/site\/2014\/04\/28\/58-anos-de-la-catedral-de-la-lucha-libre\/#primaryimage"},"image":{"@id":"https:\/\/kalot.com.mx\/site\/2014\/04\/28\/58-anos-de-la-catedral-de-la-lucha-libre\/#primaryimage"},"thumbnailUrl":"https:\/\/i0.wp.com\/kalot.com.mx\/site\/wp-content\/uploads\/2014\/04\/arena-mexico.jpg?fit=600%2C400&ssl=1","datePublished":"2014-04-28T23:33:42+00:00","dateModified":"2017-12-20T21:55:17+00:00","description":"58 a\u00f1os del coloso de la Doctores","breadcrumb":{"@id":"https:\/\/kalot.com.mx\/site\/2014\/04\/28\/58-anos-de-la-catedral-de-la-lucha-libre\/#breadcrumb"},"inLanguage":"es","potentialAction":[{"@type":"ReadAction","target":["https:\/\/kalot.com.mx\/site\/2014\/04\/28\/58-anos-de-la-catedral-de-la-lucha-libre\/"]}]},{"@type":"ImageObject","inLanguage":"es","@id":"https:\/\/kalot.com.mx\/site\/2014\/04\/28\/58-anos-de-la-catedral-de-la-lucha-libre\/#primaryimage","url":"https:\/\/i0.wp.com\/kalot.com.mx\/site\/wp-content\/uploads\/2014\/04\/arena-mexico.jpg?fit=600%2C400&ssl=1","contentUrl":"https:\/\/i0.wp.com\/kalot.com.mx\/site\/wp-content\/uploads\/2014\/04\/arena-mexico.jpg?fit=600%2C400&ssl=1","width":600,"height":400},{"@type":"BreadcrumbList","@id":"https:\/\/kalot.com.mx\/site\/2014\/04\/28\/58-anos-de-la-catedral-de-la-lucha-libre\/#breadcrumb","itemListElement":[{"@type":"ListItem","position":1,"name":"Home","item":"https:\/\/kalot.com.mx\/site\/"},{"@type":"ListItem","position":2,"name":"58 A\u00d1OS DE LA CATEDRAL DE LA LUCHA LIBRE"}]},{"@type":"WebSite","@id":"https:\/\/kalot.com.mx\/site\/#website","url":"https:\/\/kalot.com.mx\/site\/","name":"Kalot","description":"Conoce Todo Sobre Todo","publisher":{"@id":"https:\/\/kalot.com.mx\/site\/#organization"},"potentialAction":[{"@type":"SearchAction","target":{"@type":"EntryPoint","urlTemplate":"https:\/\/kalot.com.mx\/site\/?s={search_term_string}"},"query-input":{"@type":"PropertyValueSpecification","valueRequired":true,"valueName":"search_term_string"}}],"inLanguage":"es"},{"@type":"Organization","@id":"https:\/\/kalot.com.mx\/site\/#organization","name":"Kalot","url":"https:\/\/kalot.com.mx\/site\/","logo":{"@type":"ImageObject","inLanguage":"es","@id":"https:\/\/kalot.com.mx\/site\/#\/schema\/logo\/image\/","url":"https:\/\/i0.wp.com\/kalot.com.mx\/site\/wp-content\/uploads\/2020\/04\/Kalot-logo-sin-tagline.png?fit=1707%2C1014&ssl=1","contentUrl":"https:\/\/i0.wp.com\/kalot.com.mx\/site\/wp-content\/uploads\/2020\/04\/Kalot-logo-sin-tagline.png?fit=1707%2C1014&ssl=1","width":1707,"height":1014,"caption":"Kalot"},"image":{"@id":"https:\/\/kalot.com.mx\/site\/#\/schema\/logo\/image\/"},"sameAs":["http:\/\/facebook.com\/mxkalot","https:\/\/x.com\/kalotmx","http:\/\/instagram.com\/kalotmx","http:\/\/pinterest.com\/jorgeerana\/kalot"]},{"@type":"Person","@id":"https:\/\/kalot.com.mx\/site\/#\/schema\/person\/11f60ca811b545027d1b83c3c64da30d","name":"Juan Ol\u00e1is","image":{"@type":"ImageObject","inLanguage":"es","@id":"https:\/\/secure.gravatar.com\/avatar\/d4121ca2934fe66389e397fe55a66fd97de3f8799fb54529e0c438bca75f5336?s=96&d=mm&r=g","url":"https:\/\/secure.gravatar.com\/avatar\/d4121ca2934fe66389e397fe55a66fd97de3f8799fb54529e0c438bca75f5336?s=96&d=mm&r=g","contentUrl":"https:\/\/secure.gravatar.com\/avatar\/d4121ca2934fe66389e397fe55a66fd97de3f8799fb54529e0c438bca75f5336?s=96&d=mm&r=g","caption":"Juan Ol\u00e1is"},"description":"Abogado, aficionado a diversos deportes y muy so\u00f1ador...","sameAs":["https:\/\/x.com\/@Golon_16"],"url":"https:\/\/kalot.com.mx\/site\/author\/juan\/"}]}},"jetpack_publicize_connections":[],"jetpack_featured_media_url":"https:\/\/i0.wp.com\/kalot.com.mx\/site\/wp-content\/uploads\/2014\/04\/arena-mexico.jpg?fit=600%2C400&ssl=1","jetpack_shortlink":"https:\/\/wp.me\/p6IHEI-41Y","jetpack-related-posts":[{"id":13840,"url":"https:\/\/kalot.com.mx\/site\/2014\/03\/24\/adidas-comunicando-la-pasion-de-una-nacion\/","url_meta":{"origin":15498,"position":0},"title":"Adidas: Comunicando  la pasi\u00f3n de una naci\u00f3n","author":"Edgar Villanueva","date":"24 marzo, 2014","format":false,"excerpt":"Cuando hablamos de deporte (sin importar cu\u00e1l sea), una de las palabras que acompa\u00f1an d\u00eda con d\u00eda tanto a deportistas como aficionados, es la pasi\u00f3n. \u00a0Es incre\u00edble como un aficionado hace hasta lo imposible para poder ver a su equipo o deportista favorito, de igual manera,\u00a0 el esfuerzo realizado por\u2026","rel":"","context":"Entrada similar ","block_context":{"text":"Entrada similar ","link":""},"img":{"alt_text":"","src":"https:\/\/i0.wp.com\/kalot.com.mx\/site\/wp-content\/uploads\/2014\/03\/6935274601_6b4e4da85e_z.jpg?fit=640%2C396&ssl=1&resize=350%2C200","width":350,"height":200,"srcset":"https:\/\/i0.wp.com\/kalot.com.mx\/site\/wp-content\/uploads\/2014\/03\/6935274601_6b4e4da85e_z.jpg?fit=640%2C396&ssl=1&resize=350%2C200 1x, https:\/\/i0.wp.com\/kalot.com.mx\/site\/wp-content\/uploads\/2014\/03\/6935274601_6b4e4da85e_z.jpg?fit=640%2C396&ssl=1&resize=525%2C300 1.5x"},"classes":[]},{"id":11180,"url":"https:\/\/kalot.com.mx\/site\/2014\/02\/05\/30-anos-sin-el-santo\/","url_meta":{"origin":15498,"position":1},"title":"30 a\u00f1os sin El Santo.","author":"El Memo Pacheco","date":"5 febrero, 2014","format":false,"excerpt":"\"Hay hombres que luchan un d\u00eda y son buenos\u00a0 hay hombres que luchan un a\u00f1o y son mejores\u00a0 hay quienes luchan muchos a\u00f1os y son muy buenos\u00a0 pero los hay quienes lucha todos los domingos\u00a0 esos son los chidos!!! Santo el enmascarado de Plata\" Con esas palabras es como el\u2026","rel":"","context":"En &quot;Sin categor\u00eda&quot;","block_context":{"text":"Sin categor\u00eda","link":"https:\/\/kalot.com.mx\/site\/category\/sin-categoria\/"},"img":{"alt_text":"","src":"https:\/\/i0.wp.com\/kalot.com.mx\/site\/wp-content\/uploads\/2014\/02\/mask-copy-700x325.jpg?fit=700%2C325&ssl=1&resize=350%2C200","width":350,"height":200,"srcset":"https:\/\/i0.wp.com\/kalot.com.mx\/site\/wp-content\/uploads\/2014\/02\/mask-copy-700x325.jpg?fit=700%2C325&ssl=1&resize=350%2C200 1x, https:\/\/i0.wp.com\/kalot.com.mx\/site\/wp-content\/uploads\/2014\/02\/mask-copy-700x325.jpg?fit=700%2C325&ssl=1&resize=525%2C300 1.5x, https:\/\/i0.wp.com\/kalot.com.mx\/site\/wp-content\/uploads\/2014\/02\/mask-copy-700x325.jpg?fit=700%2C325&ssl=1&resize=700%2C400 2x"},"classes":[]},{"id":9803,"url":"https:\/\/kalot.com.mx\/site\/2014\/01\/20\/surf-potosino-con-hikurybeachmx\/","url_meta":{"origin":15498,"position":2},"title":"Surf Potosino con los Hikury Beach @HikuryBeachmx","author":"El Memo Pacheco","date":"20 enero, 2014","format":false,"excerpt":"Hikury Beach es una Banda de Surf Fusi\u00f3n Originaria de San Luis Potos\u00ed, Mexico.\u00a0M\u00fasica, baile, m\u00e1scaras y principalmente diversi\u00f3n, son los componentes que caracterizan a la Banda El concepto del grupo retoma la \u00e9poca de plata del cine mexicano, la cual consiste en el cine de luchadores y h\u00e9roes enmascarados,\u2026","rel":"","context":"En &quot;Sin categor\u00eda&quot;","block_context":{"text":"Sin categor\u00eda","link":"https:\/\/kalot.com.mx\/site\/category\/sin-categoria\/"},"img":{"alt_text":"","src":"https:\/\/i0.wp.com\/kalot.com.mx\/site\/wp-content\/uploads\/2014\/01\/1011687_280289265448792_1540497111_n.jpg?fit=960%2C476&ssl=1&resize=350%2C200","width":350,"height":200,"srcset":"https:\/\/i0.wp.com\/kalot.com.mx\/site\/wp-content\/uploads\/2014\/01\/1011687_280289265448792_1540497111_n.jpg?fit=960%2C476&ssl=1&resize=350%2C200 1x, https:\/\/i0.wp.com\/kalot.com.mx\/site\/wp-content\/uploads\/2014\/01\/1011687_280289265448792_1540497111_n.jpg?fit=960%2C476&ssl=1&resize=525%2C300 1.5x, https:\/\/i0.wp.com\/kalot.com.mx\/site\/wp-content\/uploads\/2014\/01\/1011687_280289265448792_1540497111_n.jpg?fit=960%2C476&ssl=1&resize=700%2C400 2x"},"classes":[]},{"id":266,"url":"https:\/\/kalot.com.mx\/site\/2013\/09\/04\/art-everywhere\/","url_meta":{"origin":15498,"position":3},"title":"Art Everywhere!","author":"Gabriel Esparza","date":"4 septiembre, 2013","format":false,"excerpt":"La creencia de que el arte es una cosa bien seria y que no puede entenderse por la persona \"de a pie\", es una idea que es parte del pasado. El arte es divertido y es para todos. Eso es lo que nos ha demostrado el proyecto brit\u00e1nico Art Everywhere,\u2026","rel":"","context":"Con 2 comentarios","block_context":{"text":"Con 2 comentarios","link":"https:\/\/kalot.com.mx\/site\/2013\/09\/04\/art-everywhere\/#comments"},"img":{"alt_text":"","src":"https:\/\/i0.wp.com\/kalot.com.mx\/site\/wp-content\/uploads\/2013\/09\/art-everywhere-1.jpg?fit=700%2C525&ssl=1&resize=350%2C200","width":350,"height":200,"srcset":"https:\/\/i0.wp.com\/kalot.com.mx\/site\/wp-content\/uploads\/2013\/09\/art-everywhere-1.jpg?fit=700%2C525&ssl=1&resize=350%2C200 1x, https:\/\/i0.wp.com\/kalot.com.mx\/site\/wp-content\/uploads\/2013\/09\/art-everywhere-1.jpg?fit=700%2C525&ssl=1&resize=525%2C300 1.5x, https:\/\/i0.wp.com\/kalot.com.mx\/site\/wp-content\/uploads\/2013\/09\/art-everywhere-1.jpg?fit=700%2C525&ssl=1&resize=700%2C400 2x"},"classes":[]},{"id":12566,"url":"https:\/\/kalot.com.mx\/site\/2014\/02\/26\/el-capo-de-capos\/","url_meta":{"origin":15498,"position":4},"title":"El Capo de Capos","author":"Juan Ol\u00e1is","date":"26 febrero, 2014","format":false,"excerpt":"EL CAPO DE CAPOS Me encuentro en la habitaci\u00f3n 403 del Hotel Best Western centro, en la industrializada y golpeada ciudad de Monterrey, Nuevo Le\u00f3n; tratando de buscar algo bueno que ver en la televisi\u00f3n para matar el rato y olvidarme por un momento de lo mucho que extra\u00f1o a\u2026","rel":"","context":"Entrada similar ","block_context":{"text":"Entrada similar ","link":""},"img":{"alt_text":"","src":"","width":0,"height":0},"classes":[]},{"id":11270,"url":"https:\/\/kalot.com.mx\/site\/2014\/02\/07\/lucha-libre-sabor-y-guarrez-en-un-podcast-esto-es-ringdirecto\/","url_meta":{"origin":15498,"position":5},"title":"Lucha Libre, Sabor y &#8220;Guarrez&#8221; en un Podcast, esto es: RingDirecto!","author":"El Memo Pacheco","date":"7 febrero, 2014","format":false,"excerpt":"El mundo de la Lucha Libre siempre lleno de sabor, color y folklore se ha caracterizado por tener esa esencia del barrio y no perder sus or\u00edgenes que nos hace sentir tan identificados como Mexicanos con este deporte. Dentro de este mundo la informaci\u00f3n ha ido evolucionando y gracias a\u2026","rel":"","context":"En &quot;Sin categor\u00eda&quot;","block_context":{"text":"Sin categor\u00eda","link":"https:\/\/kalot.com.mx\/site\/category\/sin-categoria\/"},"img":{"alt_text":"","src":"https:\/\/i0.wp.com\/kalot.com.mx\/site\/wp-content\/uploads\/2014\/02\/1546129_666625973360709_428865558_n-1.jpg?fit=721%2C921&ssl=1&resize=350%2C200","width":350,"height":200,"srcset":"https:\/\/i0.wp.com\/kalot.com.mx\/site\/wp-content\/uploads\/2014\/02\/1546129_666625973360709_428865558_n-1.jpg?fit=721%2C921&ssl=1&resize=350%2C200 1x, https:\/\/i0.wp.com\/kalot.com.mx\/site\/wp-content\/uploads\/2014\/02\/1546129_666625973360709_428865558_n-1.jpg?fit=721%2C921&ssl=1&resize=525%2C300 1.5x, https:\/\/i0.wp.com\/kalot.com.mx\/site\/wp-content\/uploads\/2014\/02\/1546129_666625973360709_428865558_n-1.jpg?fit=721%2C921&ssl=1&resize=700%2C400 2x"},"classes":[]}],"jetpack_sharing_enabled":true,"_links":{"self":[{"href":"https:\/\/kalot.com.mx\/site\/wp-json\/wp\/v2\/posts\/15498","targetHints":{"allow":["GET"]}}],"collection":[{"href":"https:\/\/kalot.com.mx\/site\/wp-json\/wp\/v2\/posts"}],"about":[{"href":"https:\/\/kalot.com.mx\/site\/wp-json\/wp\/v2\/types\/post"}],"author":[{"embeddable":true,"href":"https:\/\/kalot.com.mx\/site\/wp-json\/wp\/v2\/users\/84"}],"replies":[{"embeddable":true,"href":"https:\/\/kalot.com.mx\/site\/wp-json\/wp\/v2\/comments?post=15498"}],"version-history":[{"count":1,"href":"https:\/\/kalot.com.mx\/site\/wp-json\/wp\/v2\/posts\/15498\/revisions"}],"predecessor-version":[{"id":27900,"href":"https:\/\/kalot.com.mx\/site\/wp-json\/wp\/v2\/posts\/15498\/revisions\/27900"}],"wp:featuredmedia":[{"embeddable":true,"href":"https:\/\/kalot.com.mx\/site\/wp-json\/wp\/v2\/media\/15500"}],"wp:attachment":[{"href":"https:\/\/kalot.com.mx\/site\/wp-json\/wp\/v2\/media?parent=15498"}],"wp:term":[{"taxonomy":"category","embeddable":true,"href":"https:\/\/kalot.com.mx\/site\/wp-json\/wp\/v2\/categories?post=15498"},{"taxonomy":"post_tag","embeddable":true,"href":"https:\/\/kalot.com.mx\/site\/wp-json\/wp\/v2\/tags?post=15498"}],"curies":[{"name":"wp","href":"https:\/\/api.w.org\/{rel}","templated":true}]}}