{"id":15280,"date":"2014-04-24T01:26:38","date_gmt":"2014-04-24T06:26:38","guid":{"rendered":"http:\/\/www.kalot.com.mx\/?p=15280"},"modified":"2017-12-20T15:55:14","modified_gmt":"2017-12-20T21:55:14","slug":"asi-se-puso-el-1er-dia-de-emporio-en-la-upslp","status":"publish","type":"post","link":"https:\/\/kalot.com.mx\/site\/2014\/04\/24\/asi-se-puso-el-1er-dia-de-emporio-en-la-upslp\/","title":{"rendered":"As\u00ed se puso el 1er d\u00eda de Emporio en la UPSLP"},"content":{"rendered":"<p style=\"text-align: justify\">Finalmente el d\u00eda en que las capitales del marketing tuvieran su encuentro ha llegado. Desde las 8: am los asistentes comenzaron a arribar a las instalaciones de la Universidad Polit\u00e9cnica de San Luis Potos\u00ed. En punto de las 9:00 am la audiencia comenz\u00f3 a tomar sus lugares y alistarse para esta aventura llamada Emporio.<\/p>\n<p style=\"text-align: justify\">Autoridades y directivos de la instituci\u00f3n se dieron cita tambi\u00e9n dentro del marco de la inauguraci\u00f3n del 9\u00ba Foro de Mercadotecnia Internacional. El joven <strong>Jos\u00e9 M\u00e9ndez Ram\u00edrez<\/strong> <em>(Presidente del 9\u00ba Foro de Mercadotecnia Internacional)<\/em> dirigi\u00f3 unas emotivas palabras a la audiencia, as\u00ed como <strong>Rafael Rostro Contreras<\/strong> <em>(coordinador de la carrera de Mercadotecnia)<\/em> qui\u00e9n motiv\u00f3 a los j\u00f3venes a seguir el camino que esta casa de estudios ha ofrecido desde hace m\u00e1s de 1 d\u00e9cada.<\/p>\n<div class=\"tiled-gallery type-rectangular tiled-gallery-unresized\" data-original-width=\"1200\" data-carousel-extra='{&quot;blog_id&quot;:1,&quot;permalink&quot;:&quot;https:\\\/\\\/kalot.com.mx\\\/site\\\/2014\\\/04\\\/24\\\/asi-se-puso-el-1er-dia-de-emporio-en-la-upslp\\\/&quot;,&quot;likes_blog_id&quot;:99312264}' itemscope itemtype=\"http:\/\/schema.org\/ImageGallery\" > <div class=\"gallery-row\" style=\"width: 1200px; height: 537px;\" data-original-width=\"1200\" data-original-height=\"537\" > <div class=\"gallery-group images-1\" style=\"width: 801px; height: 537px;\" data-original-width=\"801\" data-original-height=\"537\" > <div class=\"tiled-gallery-item tiled-gallery-item-large\" itemprop=\"associatedMedia\" itemscope itemtype=\"http:\/\/schema.org\/ImageObject\"> <a href=\"https:\/\/kalot.com.mx\/site\/2014\/04\/24\/asi-se-puso-el-1er-dia-de-emporio-en-la-upslp\/1a\/\" border=\"0\" itemprop=\"url\"> <meta itemprop=\"width\" content=\"797\"> <meta itemprop=\"height\" content=\"533\"> <img loading=\"lazy\" decoding=\"async\" class=\"\" data-attachment-id=\"15285\" data-orig-file=\"https:\/\/kalot.com.mx\/site\/wp-content\/uploads\/2014\/04\/1a.jpg\" data-orig-size=\"833,557\" data-comments-opened=\"1\" data-image-meta=\"{&quot;aperture&quot;:&quot;0&quot;,&quot;credit&quot;:&quot;&quot;,&quot;camera&quot;:&quot;&quot;,&quot;caption&quot;:&quot;&quot;,&quot;created_timestamp&quot;:&quot;0&quot;,&quot;copyright&quot;:&quot;&quot;,&quot;focal_length&quot;:&quot;0&quot;,&quot;iso&quot;:&quot;0&quot;,&quot;shutter_speed&quot;:&quot;0&quot;,&quot;title&quot;:&quot;&quot;,&quot;orientation&quot;:&quot;0&quot;}\" data-image-title=\"1a\" data-image-description=\"\" data-medium-file=\"https:\/\/i0.wp.com\/kalot.com.mx\/site\/wp-content\/uploads\/2014\/04\/1a.jpg?fit=300%2C201&#038;ssl=1\" data-large-file=\"https:\/\/i0.wp.com\/kalot.com.mx\/site\/wp-content\/uploads\/2014\/04\/1a.jpg?fit=833%2C557&#038;ssl=1\" src=\"https:\/\/i0.wp.com\/kalot.com.mx\/site\/wp-content\/uploads\/2014\/04\/1a.jpg?w=797&#038;h=533&#038;ssl=1\" srcset=\"https:\/\/i0.wp.com\/kalot.com.mx\/site\/wp-content\/uploads\/2014\/04\/1a.jpg?w=833&amp;ssl=1 833w, https:\/\/i0.wp.com\/kalot.com.mx\/site\/wp-content\/uploads\/2014\/04\/1a.jpg?resize=768%2C514&amp;ssl=1 768w, https:\/\/i0.wp.com\/kalot.com.mx\/site\/wp-content\/uploads\/2014\/04\/1a.jpg?resize=380%2C254&amp;ssl=1 380w, https:\/\/i0.wp.com\/kalot.com.mx\/site\/wp-content\/uploads\/2014\/04\/1a.jpg?resize=800%2C535&amp;ssl=1 800w, https:\/\/i0.wp.com\/kalot.com.mx\/site\/wp-content\/uploads\/2014\/04\/1a.jpg?resize=300%2C201&amp;ssl=1 300w, https:\/\/i0.wp.com\/kalot.com.mx\/site\/wp-content\/uploads\/2014\/04\/1a.jpg?resize=810%2C542&amp;ssl=1 810w\" width=\"797\" height=\"533\" loading=\"lazy\" data-original-width=\"797\" data-original-height=\"533\" itemprop=\"http:\/\/schema.org\/image\" title=\"1a\" alt=\"1a\" style=\"width: 797px; height: 533px;\" \/> <\/a> <\/div> <\/div> <!-- close group --> <div class=\"gallery-group images-2\" style=\"width: 399px; height: 537px;\" data-original-width=\"399\" data-original-height=\"537\" > <div class=\"tiled-gallery-item tiled-gallery-item-large\" itemprop=\"associatedMedia\" itemscope itemtype=\"http:\/\/schema.org\/ImageObject\"> <a href=\"https:\/\/kalot.com.mx\/site\/2014\/04\/24\/asi-se-puso-el-1er-dia-de-emporio-en-la-upslp\/7a\/\" border=\"0\" itemprop=\"url\"> <meta itemprop=\"width\" content=\"395\"> <meta itemprop=\"height\" content=\"264\"> <img loading=\"lazy\" decoding=\"async\" class=\"\" data-attachment-id=\"15286\" data-orig-file=\"https:\/\/kalot.com.mx\/site\/wp-content\/uploads\/2014\/04\/7a.jpg\" data-orig-size=\"780,521\" data-comments-opened=\"1\" data-image-meta=\"{&quot;aperture&quot;:&quot;0&quot;,&quot;credit&quot;:&quot;&quot;,&quot;camera&quot;:&quot;&quot;,&quot;caption&quot;:&quot;&quot;,&quot;created_timestamp&quot;:&quot;0&quot;,&quot;copyright&quot;:&quot;&quot;,&quot;focal_length&quot;:&quot;0&quot;,&quot;iso&quot;:&quot;0&quot;,&quot;shutter_speed&quot;:&quot;0&quot;,&quot;title&quot;:&quot;&quot;,&quot;orientation&quot;:&quot;0&quot;}\" data-image-title=\"7a\" data-image-description=\"\" data-medium-file=\"https:\/\/i0.wp.com\/kalot.com.mx\/site\/wp-content\/uploads\/2014\/04\/7a.jpg?fit=300%2C200&#038;ssl=1\" data-large-file=\"https:\/\/i0.wp.com\/kalot.com.mx\/site\/wp-content\/uploads\/2014\/04\/7a.jpg?fit=780%2C521&#038;ssl=1\" src=\"https:\/\/i0.wp.com\/kalot.com.mx\/site\/wp-content\/uploads\/2014\/04\/7a.jpg?w=395&#038;h=264&#038;ssl=1\" srcset=\"https:\/\/i0.wp.com\/kalot.com.mx\/site\/wp-content\/uploads\/2014\/04\/7a.jpg?w=780&amp;ssl=1 780w, https:\/\/i0.wp.com\/kalot.com.mx\/site\/wp-content\/uploads\/2014\/04\/7a.jpg?resize=768%2C513&amp;ssl=1 768w, https:\/\/i0.wp.com\/kalot.com.mx\/site\/wp-content\/uploads\/2014\/04\/7a.jpg?resize=380%2C254&amp;ssl=1 380w, https:\/\/i0.wp.com\/kalot.com.mx\/site\/wp-content\/uploads\/2014\/04\/7a.jpg?resize=300%2C200&amp;ssl=1 300w\" width=\"395\" height=\"264\" loading=\"lazy\" data-original-width=\"395\" data-original-height=\"264\" itemprop=\"http:\/\/schema.org\/image\" title=\"7a\" alt=\"7a\" style=\"width: 395px; height: 264px;\" \/> <\/a> <\/div> <div class=\"tiled-gallery-item tiled-gallery-item-large\" itemprop=\"associatedMedia\" itemscope itemtype=\"http:\/\/schema.org\/ImageObject\"> <a href=\"https:\/\/kalot.com.mx\/site\/2014\/04\/24\/asi-se-puso-el-1er-dia-de-emporio-en-la-upslp\/3a\/\" border=\"0\" itemprop=\"url\"> <meta itemprop=\"width\" content=\"395\"> <meta itemprop=\"height\" content=\"265\"> <img loading=\"lazy\" decoding=\"async\" class=\"\" data-attachment-id=\"15288\" data-orig-file=\"https:\/\/kalot.com.mx\/site\/wp-content\/uploads\/2014\/04\/3a.jpg\" data-orig-size=\"779,521\" data-comments-opened=\"1\" data-image-meta=\"{&quot;aperture&quot;:&quot;0&quot;,&quot;credit&quot;:&quot;&quot;,&quot;camera&quot;:&quot;&quot;,&quot;caption&quot;:&quot;&quot;,&quot;created_timestamp&quot;:&quot;0&quot;,&quot;copyright&quot;:&quot;&quot;,&quot;focal_length&quot;:&quot;0&quot;,&quot;iso&quot;:&quot;0&quot;,&quot;shutter_speed&quot;:&quot;0&quot;,&quot;title&quot;:&quot;&quot;,&quot;orientation&quot;:&quot;0&quot;}\" data-image-title=\"3a\" data-image-description=\"\" data-medium-file=\"https:\/\/i0.wp.com\/kalot.com.mx\/site\/wp-content\/uploads\/2014\/04\/3a.jpg?fit=300%2C201&#038;ssl=1\" data-large-file=\"https:\/\/i0.wp.com\/kalot.com.mx\/site\/wp-content\/uploads\/2014\/04\/3a.jpg?fit=779%2C521&#038;ssl=1\" src=\"https:\/\/i0.wp.com\/kalot.com.mx\/site\/wp-content\/uploads\/2014\/04\/3a.jpg?w=395&#038;h=265&#038;ssl=1\" srcset=\"https:\/\/i0.wp.com\/kalot.com.mx\/site\/wp-content\/uploads\/2014\/04\/3a.jpg?w=779&amp;ssl=1 779w, https:\/\/i0.wp.com\/kalot.com.mx\/site\/wp-content\/uploads\/2014\/04\/3a.jpg?resize=768%2C514&amp;ssl=1 768w, https:\/\/i0.wp.com\/kalot.com.mx\/site\/wp-content\/uploads\/2014\/04\/3a.jpg?resize=380%2C254&amp;ssl=1 380w, https:\/\/i0.wp.com\/kalot.com.mx\/site\/wp-content\/uploads\/2014\/04\/3a.jpg?resize=300%2C201&amp;ssl=1 300w\" width=\"395\" height=\"265\" loading=\"lazy\" data-original-width=\"395\" data-original-height=\"265\" itemprop=\"http:\/\/schema.org\/image\" title=\"3a\" alt=\"3a\" style=\"width: 395px; height: 265px;\" \/> <\/a> <\/div> <\/div> <!-- close group --> <\/div> <!-- close row --> <\/div>\n<p style=\"text-align: justify\">La ceremonia de inauguraci\u00f3n dio paso a la primera ponencia del d\u00eda; <strong>Guadalupe G\u00f3mez S\u00e1nchez<\/strong> nos hablar\u00eda sobre el <strong>Packaging<\/strong> a trav\u00e9s de su concepto y ahora franquicia <strong>Remedios M\u00e1gicos<\/strong>. La entretenida ponencia mantuvo la atenci\u00f3n de los asistentes durante sus m\u00e1s de 70 minutos de duraci\u00f3n gracias a su pl\u00e1tica sobre la importancia del dise\u00f1o y empaque dentro del producto.<\/p>\n<p style=\"text-align: justify\"><a href=\"https:\/\/i0.wp.com\/www.kalot.com.mx\/wp-content\/uploads\/2014\/04\/2a1.jpg\"><img data-recalc-dims=\"1\" fetchpriority=\"high\" decoding=\"async\" data-attachment-id=\"15287\" data-permalink=\"https:\/\/kalot.com.mx\/site\/2014\/04\/24\/asi-se-puso-el-1er-dia-de-emporio-en-la-upslp\/2a1\/\" data-orig-file=\"https:\/\/i0.wp.com\/kalot.com.mx\/site\/wp-content\/uploads\/2014\/04\/2a1.jpg?fit=834%2C544&amp;ssl=1\" data-orig-size=\"834,544\" data-comments-opened=\"1\" data-image-meta=\"{&quot;aperture&quot;:&quot;0&quot;,&quot;credit&quot;:&quot;&quot;,&quot;camera&quot;:&quot;&quot;,&quot;caption&quot;:&quot;&quot;,&quot;created_timestamp&quot;:&quot;0&quot;,&quot;copyright&quot;:&quot;&quot;,&quot;focal_length&quot;:&quot;0&quot;,&quot;iso&quot;:&quot;0&quot;,&quot;shutter_speed&quot;:&quot;0&quot;,&quot;title&quot;:&quot;&quot;,&quot;orientation&quot;:&quot;1&quot;}\" data-image-title=\"2a1\" data-image-description=\"\" data-image-caption=\"\" data-large-file=\"https:\/\/i0.wp.com\/kalot.com.mx\/site\/wp-content\/uploads\/2014\/04\/2a1.jpg?fit=834%2C544&amp;ssl=1\" class=\"aligncenter wp-image-15287\" src=\"https:\/\/i0.wp.com\/www.kalot.com.mx\/wp-content\/uploads\/2014\/04\/2a1.jpg?resize=794%2C518\" alt=\"2a1\" width=\"794\" height=\"518\" srcset=\"https:\/\/i0.wp.com\/kalot.com.mx\/site\/wp-content\/uploads\/2014\/04\/2a1.jpg?w=834&amp;ssl=1 834w, https:\/\/i0.wp.com\/kalot.com.mx\/site\/wp-content\/uploads\/2014\/04\/2a1.jpg?resize=768%2C501&amp;ssl=1 768w, https:\/\/i0.wp.com\/kalot.com.mx\/site\/wp-content\/uploads\/2014\/04\/2a1.jpg?resize=380%2C248&amp;ssl=1 380w, https:\/\/i0.wp.com\/kalot.com.mx\/site\/wp-content\/uploads\/2014\/04\/2a1.jpg?resize=800%2C522&amp;ssl=1 800w, https:\/\/i0.wp.com\/kalot.com.mx\/site\/wp-content\/uploads\/2014\/04\/2a1.jpg?resize=300%2C196&amp;ssl=1 300w, https:\/\/i0.wp.com\/kalot.com.mx\/site\/wp-content\/uploads\/2014\/04\/2a1.jpg?resize=810%2C528&amp;ssl=1 810w\" sizes=\"(max-width: 794px) 100vw, 794px\" \/><\/a><\/p>\n<p style=\"text-align: justify\">A partir de las 11:00 am <strong>Carlos Poullet<\/strong> nos regal\u00f3 una gran conferencia acerca de las estrategias de tecnolog\u00eda aplicadas al Marketing para despu\u00e9s dar paso a un peque\u00f1o receso dentro de las inmediaciones de la Polit\u00e9cnica.<\/p>\n<p style=\"text-align: justify\">Despu\u00e9s del break ten\u00edamos a <strong>Roberto Vald\u00e9s,<\/strong> qui\u00e9n con m\u00e1s de 40 a\u00f1os de experiencia en investigaci\u00f3n de mercados nos regal\u00f3 una interesante ponencia sobre el <strong>Pink Marketing<\/strong>, as\u00ed como sobre la segmentaci\u00f3n de mercado.<\/p>\n<p style=\"text-align: justify\"><a href=\"https:\/\/i0.wp.com\/www.kalot.com.mx\/wp-content\/uploads\/2014\/04\/5a.jpg\"><img decoding=\"async\" data-attachment-id=\"15289\" data-permalink=\"https:\/\/kalot.com.mx\/site\/2014\/04\/24\/asi-se-puso-el-1er-dia-de-emporio-en-la-upslp\/5a\/\" data-orig-file=\"https:\/\/i0.wp.com\/kalot.com.mx\/site\/wp-content\/uploads\/2014\/04\/5a.jpg?fit=781%2C522&amp;ssl=1\" data-orig-size=\"781,522\" data-comments-opened=\"1\" data-image-meta=\"{&quot;aperture&quot;:&quot;0&quot;,&quot;credit&quot;:&quot;&quot;,&quot;camera&quot;:&quot;&quot;,&quot;caption&quot;:&quot;&quot;,&quot;created_timestamp&quot;:&quot;0&quot;,&quot;copyright&quot;:&quot;&quot;,&quot;focal_length&quot;:&quot;0&quot;,&quot;iso&quot;:&quot;0&quot;,&quot;shutter_speed&quot;:&quot;0&quot;,&quot;title&quot;:&quot;&quot;,&quot;orientation&quot;:&quot;0&quot;}\" data-image-title=\"5a\" data-image-description=\"\" data-image-caption=\"\" data-large-file=\"https:\/\/i0.wp.com\/kalot.com.mx\/site\/wp-content\/uploads\/2014\/04\/5a.jpg?fit=781%2C522&amp;ssl=1\" class=\"aligncenter size-full wp-image-15289\" src=\"https:\/\/i0.wp.com\/kalot.com.mx\/site\/wp-content\/uploads\/2013\/08\/20130830-134112.jpg?fit=1000%2C813&#038;ssl=1\" alt=\"5a\" width=\"1000\" height=\"813\" \/><\/a><\/p>\n<p style=\"text-align: justify\">El calor que hac\u00eda fuera de las instalaciones de la <strong>UPSLP<\/strong> hizo que gran parte de los asistentes optaran por esperar dentro del gimnasio para en punto de las 16:55 diera inicio la magistral conferencia del ponente m\u00e1s esperado de la tarde: <strong>Ricardo Cucamonga.<\/strong><\/p>\n<p style=\"text-align: justify\">El creador de <strong>\u201cCindy La Regia\u201d<\/strong> esperaba con los brazos abiertos al p\u00fablico potosino para as\u00ed darnos un repaso por su temprana pero exitosa carrera a pesar de su juventud. En retrospectiva Cucamonga nos deleit\u00f3 con grandes an\u00e9cdotas que ha tenido gracias a su personaje estrella, Todo aderezado con su humor \u00e1cido y buen car\u00e1cter. Al final los seguidores del caricaturista pudieron convivir con \u00e9l en una sesi\u00f3n de aut\u00f3grafos.<\/p>\n<div class=\"tiled-gallery type-rectangular tiled-gallery-unresized\" data-original-width=\"1200\" data-carousel-extra='{&quot;blog_id&quot;:1,&quot;permalink&quot;:&quot;https:\\\/\\\/kalot.com.mx\\\/site\\\/2014\\\/04\\\/24\\\/asi-se-puso-el-1er-dia-de-emporio-en-la-upslp\\\/&quot;,&quot;likes_blog_id&quot;:99312264}' itemscope itemtype=\"http:\/\/schema.org\/ImageGallery\" > <div class=\"gallery-row\" style=\"width: 1200px; height: 329px;\" data-original-width=\"1200\" data-original-height=\"329\" > <div class=\"gallery-group images-1\" style=\"width: 490px; height: 329px;\" data-original-width=\"490\" data-original-height=\"329\" > <div class=\"tiled-gallery-item tiled-gallery-item-large\" itemprop=\"associatedMedia\" itemscope itemtype=\"http:\/\/schema.org\/ImageObject\"> <a href=\"https:\/\/kalot.com.mx\/site\/2014\/04\/24\/asi-se-puso-el-1er-dia-de-emporio-en-la-upslp\/11a\/\" border=\"0\" itemprop=\"url\"> <meta itemprop=\"width\" content=\"486\"> <meta itemprop=\"height\" content=\"325\"> <img loading=\"lazy\" decoding=\"async\" class=\"\" data-attachment-id=\"15292\" data-orig-file=\"https:\/\/kalot.com.mx\/site\/wp-content\/uploads\/2014\/04\/11a.jpg\" data-orig-size=\"778,520\" data-comments-opened=\"1\" data-image-meta=\"{&quot;aperture&quot;:&quot;0&quot;,&quot;credit&quot;:&quot;&quot;,&quot;camera&quot;:&quot;&quot;,&quot;caption&quot;:&quot;&quot;,&quot;created_timestamp&quot;:&quot;0&quot;,&quot;copyright&quot;:&quot;&quot;,&quot;focal_length&quot;:&quot;0&quot;,&quot;iso&quot;:&quot;0&quot;,&quot;shutter_speed&quot;:&quot;0&quot;,&quot;title&quot;:&quot;&quot;,&quot;orientation&quot;:&quot;0&quot;}\" data-image-title=\"11a\" data-image-description=\"\" data-medium-file=\"https:\/\/i0.wp.com\/kalot.com.mx\/site\/wp-content\/uploads\/2014\/04\/11a.jpg?fit=300%2C201&#038;ssl=1\" data-large-file=\"https:\/\/i0.wp.com\/kalot.com.mx\/site\/wp-content\/uploads\/2014\/04\/11a.jpg?fit=778%2C520&#038;ssl=1\" src=\"https:\/\/i0.wp.com\/kalot.com.mx\/site\/wp-content\/uploads\/2014\/04\/11a.jpg?w=486&#038;h=325&#038;ssl=1\" srcset=\"https:\/\/i0.wp.com\/kalot.com.mx\/site\/wp-content\/uploads\/2014\/04\/11a.jpg?w=778&amp;ssl=1 778w, https:\/\/i0.wp.com\/kalot.com.mx\/site\/wp-content\/uploads\/2014\/04\/11a.jpg?resize=768%2C513&amp;ssl=1 768w, https:\/\/i0.wp.com\/kalot.com.mx\/site\/wp-content\/uploads\/2014\/04\/11a.jpg?resize=380%2C254&amp;ssl=1 380w, https:\/\/i0.wp.com\/kalot.com.mx\/site\/wp-content\/uploads\/2014\/04\/11a.jpg?resize=300%2C201&amp;ssl=1 300w\" width=\"486\" height=\"325\" loading=\"lazy\" data-original-width=\"486\" data-original-height=\"325\" itemprop=\"http:\/\/schema.org\/image\" title=\"11a\" alt=\"11a\" style=\"width: 486px; height: 325px;\" \/> <\/a> <\/div> <\/div> <!-- close group --> <div class=\"gallery-group images-1\" style=\"width: 220px; height: 329px;\" data-original-width=\"220\" data-original-height=\"329\" > <div class=\"tiled-gallery-item tiled-gallery-item-small\" itemprop=\"associatedMedia\" itemscope itemtype=\"http:\/\/schema.org\/ImageObject\"> <a href=\"https:\/\/kalot.com.mx\/site\/2014\/04\/24\/asi-se-puso-el-1er-dia-de-emporio-en-la-upslp\/10a\/\" border=\"0\" itemprop=\"url\"> <meta itemprop=\"width\" content=\"216\"> <meta itemprop=\"height\" content=\"325\"> <img loading=\"lazy\" decoding=\"async\" class=\"\" data-attachment-id=\"15291\" data-orig-file=\"https:\/\/kalot.com.mx\/site\/wp-content\/uploads\/2014\/04\/10a.jpg\" data-orig-size=\"350,527\" data-comments-opened=\"1\" data-image-meta=\"{&quot;aperture&quot;:&quot;0&quot;,&quot;credit&quot;:&quot;&quot;,&quot;camera&quot;:&quot;&quot;,&quot;caption&quot;:&quot;&quot;,&quot;created_timestamp&quot;:&quot;0&quot;,&quot;copyright&quot;:&quot;&quot;,&quot;focal_length&quot;:&quot;0&quot;,&quot;iso&quot;:&quot;0&quot;,&quot;shutter_speed&quot;:&quot;0&quot;,&quot;title&quot;:&quot;&quot;,&quot;orientation&quot;:&quot;0&quot;}\" data-image-title=\"10a\" data-image-description=\"\" data-medium-file=\"https:\/\/i0.wp.com\/kalot.com.mx\/site\/wp-content\/uploads\/2014\/04\/10a.jpg?fit=199%2C300&#038;ssl=1\" data-large-file=\"https:\/\/i0.wp.com\/kalot.com.mx\/site\/wp-content\/uploads\/2014\/04\/10a.jpg?fit=350%2C527&#038;ssl=1\" src=\"https:\/\/i0.wp.com\/kalot.com.mx\/site\/wp-content\/uploads\/2014\/04\/10a.jpg?w=216&#038;h=325&#038;ssl=1\" srcset=\"https:\/\/i0.wp.com\/kalot.com.mx\/site\/wp-content\/uploads\/2014\/04\/10a.jpg?w=350&amp;ssl=1 350w, https:\/\/i0.wp.com\/kalot.com.mx\/site\/wp-content\/uploads\/2014\/04\/10a.jpg?resize=199%2C300&amp;ssl=1 199w\" width=\"216\" height=\"325\" loading=\"lazy\" data-original-width=\"216\" data-original-height=\"325\" itemprop=\"http:\/\/schema.org\/image\" title=\"10a\" alt=\"10a\" style=\"width: 216px; height: 325px;\" \/> <\/a> <\/div> <\/div> <!-- close group --> <div class=\"gallery-group images-1\" style=\"width: 490px; height: 329px;\" data-original-width=\"490\" data-original-height=\"329\" > <div class=\"tiled-gallery-item tiled-gallery-item-large\" itemprop=\"associatedMedia\" itemscope itemtype=\"http:\/\/schema.org\/ImageObject\"> <a href=\"https:\/\/kalot.com.mx\/site\/2014\/04\/24\/asi-se-puso-el-1er-dia-de-emporio-en-la-upslp\/8a\/\" border=\"0\" itemprop=\"url\"> <meta itemprop=\"width\" content=\"486\"> <meta itemprop=\"height\" content=\"325\"> <img loading=\"lazy\" decoding=\"async\" class=\"\" data-attachment-id=\"15290\" data-orig-file=\"https:\/\/kalot.com.mx\/site\/wp-content\/uploads\/2014\/04\/8a.jpg\" data-orig-size=\"778,520\" data-comments-opened=\"1\" data-image-meta=\"{&quot;aperture&quot;:&quot;0&quot;,&quot;credit&quot;:&quot;&quot;,&quot;camera&quot;:&quot;&quot;,&quot;caption&quot;:&quot;&quot;,&quot;created_timestamp&quot;:&quot;0&quot;,&quot;copyright&quot;:&quot;&quot;,&quot;focal_length&quot;:&quot;0&quot;,&quot;iso&quot;:&quot;0&quot;,&quot;shutter_speed&quot;:&quot;0&quot;,&quot;title&quot;:&quot;&quot;,&quot;orientation&quot;:&quot;0&quot;}\" data-image-title=\"8a\" data-image-description=\"\" data-medium-file=\"https:\/\/i0.wp.com\/kalot.com.mx\/site\/wp-content\/uploads\/2014\/04\/8a.jpg?fit=300%2C201&#038;ssl=1\" data-large-file=\"https:\/\/i0.wp.com\/kalot.com.mx\/site\/wp-content\/uploads\/2014\/04\/8a.jpg?fit=778%2C520&#038;ssl=1\" src=\"https:\/\/i0.wp.com\/kalot.com.mx\/site\/wp-content\/uploads\/2014\/04\/8a.jpg?w=486&#038;h=325&#038;ssl=1\" srcset=\"https:\/\/i0.wp.com\/kalot.com.mx\/site\/wp-content\/uploads\/2014\/04\/8a.jpg?w=778&amp;ssl=1 778w, https:\/\/i0.wp.com\/kalot.com.mx\/site\/wp-content\/uploads\/2014\/04\/8a.jpg?resize=768%2C513&amp;ssl=1 768w, https:\/\/i0.wp.com\/kalot.com.mx\/site\/wp-content\/uploads\/2014\/04\/8a.jpg?resize=380%2C254&amp;ssl=1 380w, https:\/\/i0.wp.com\/kalot.com.mx\/site\/wp-content\/uploads\/2014\/04\/8a.jpg?resize=300%2C201&amp;ssl=1 300w\" width=\"486\" height=\"325\" loading=\"lazy\" data-original-width=\"486\" data-original-height=\"325\" itemprop=\"http:\/\/schema.org\/image\" title=\"8a\" alt=\"8a\" style=\"width: 486px; height: 325px;\" \/> <\/a> <\/div> <\/div> <!-- close group --> <\/div> <!-- close row --> <\/div>\n<p>Fue as\u00ed como el primer d\u00eda de Emporio: Un encuentro con las capitales del Marketing finaliz\u00f3 con gran \u00e9xito. El jueves 24 y viernes 25 quedan grandes conferencias y un gran ambiente dentro de la Universidad Polit\u00e9cnica de San Luis Potos\u00ed.<\/p>\n","protected":false},"excerpt":{"rendered":"Finalmente el d\u00eda en que las capitales del marketing tuvieran su encuentro ha llegado. Desde las 8: am&hellip;\n","protected":false},"author":18,"featured_media":15286,"comment_status":"open","ping_status":"open","sticky":false,"template":"","format":"standard","meta":{"jetpack_post_was_ever_published":false,"_jetpack_newsletter_access":"","_jetpack_dont_email_post_to_subs":false,"_jetpack_newsletter_tier_id":0,"_jetpack_memberships_contains_paywalled_content":false,"_jetpack_memberships_contains_paid_content":false,"footnotes":"","jetpack_publicize_message":"","jetpack_publicize_feature_enabled":true,"jetpack_social_post_already_shared":true,"jetpack_social_options":{"image_generator_settings":{"template":"highway","default_image_id":0,"font":"","enabled":false},"version":2}},"categories":[1],"tags":[],"class_list":{"0":"post-15280","1":"post","2":"type-post","3":"status-publish","4":"format-standard","5":"has-post-thumbnail","7":"category-sin-categoria","8":"cs-entry","9":"cs-video-wrap"},"yoast_head":"<!-- This site is optimized with the Yoast SEO plugin v27.4 - https:\/\/yoast.com\/product\/yoast-seo-wordpress\/ -->\n<title>Emporio en la UPSLP<\/title>\n<meta name=\"description\" content=\"Finalmente el d\u00eda en que las capitales del marketing tuvieran su encuentro ha llegado. Desde las 8: am los asistentes comenzaron a arribar a las\" \/>\n<meta name=\"robots\" content=\"index, follow, max-snippet:-1, max-image-preview:large, max-video-preview:-1\" \/>\n<link rel=\"canonical\" href=\"https:\/\/kalot.com.mx\/site\/2014\/04\/24\/asi-se-puso-el-1er-dia-de-emporio-en-la-upslp\/\" \/>\n<meta property=\"og:locale\" content=\"es_MX\" \/>\n<meta property=\"og:type\" content=\"article\" \/>\n<meta property=\"og:title\" content=\"Emporio en la UPSLP\" \/>\n<meta property=\"og:description\" content=\"Finalmente el d\u00eda en que las capitales del marketing tuvieran su encuentro ha llegado. Desde las 8: am los asistentes comenzaron a arribar a las\" \/>\n<meta property=\"og:url\" content=\"https:\/\/kalot.com.mx\/site\/2014\/04\/24\/asi-se-puso-el-1er-dia-de-emporio-en-la-upslp\/\" \/>\n<meta property=\"og:site_name\" content=\"Kalot\" \/>\n<meta property=\"article:publisher\" content=\"http:\/\/facebook.com\/mxkalot\" \/>\n<meta property=\"article:author\" content=\"https:\/\/www.facebook.com\/don.capu\" \/>\n<meta property=\"article:published_time\" content=\"2014-04-24T06:26:38+00:00\" \/>\n<meta property=\"article:modified_time\" content=\"2017-12-20T21:55:14+00:00\" \/>\n<meta property=\"og:image\" content=\"https:\/\/i2.wp.com\/kalot.com.mx\/site\/wp-content\/uploads\/2014\/04\/7a.jpg?fit=780%2C521&ssl=1\" \/>\n\t<meta property=\"og:image:width\" content=\"780\" \/>\n\t<meta property=\"og:image:height\" content=\"521\" \/>\n\t<meta property=\"og:image:type\" content=\"image\/jpeg\" \/>\n<meta name=\"author\" content=\"Omar Herrera\" \/>\n<meta name=\"twitter:card\" content=\"summary_large_image\" \/>\n<meta name=\"twitter:creator\" content=\"@thedoncapu\" \/>\n<meta name=\"twitter:site\" content=\"@kalotmx\" \/>\n<meta name=\"twitter:label1\" content=\"Escrito por\" \/>\n\t<meta name=\"twitter:data1\" content=\"Omar Herrera\" \/>\n\t<meta name=\"twitter:label2\" content=\"Tiempo de lectura\" \/>\n\t<meta name=\"twitter:data2\" content=\"2 minutos\" \/>\n<!-- \/ Yoast SEO plugin. -->","yoast_head_json":{"title":"Emporio en la UPSLP","description":"Finalmente el d\u00eda en que las capitales del marketing tuvieran su encuentro ha llegado. Desde las 8: am los asistentes comenzaron a arribar a las","robots":{"index":"index","follow":"follow","max-snippet":"max-snippet:-1","max-image-preview":"max-image-preview:large","max-video-preview":"max-video-preview:-1"},"canonical":"https:\/\/kalot.com.mx\/site\/2014\/04\/24\/asi-se-puso-el-1er-dia-de-emporio-en-la-upslp\/","og_locale":"es_MX","og_type":"article","og_title":"Emporio en la UPSLP","og_description":"Finalmente el d\u00eda en que las capitales del marketing tuvieran su encuentro ha llegado. Desde las 8: am los asistentes comenzaron a arribar a las","og_url":"https:\/\/kalot.com.mx\/site\/2014\/04\/24\/asi-se-puso-el-1er-dia-de-emporio-en-la-upslp\/","og_site_name":"Kalot","article_publisher":"http:\/\/facebook.com\/mxkalot","article_author":"https:\/\/www.facebook.com\/don.capu","article_published_time":"2014-04-24T06:26:38+00:00","article_modified_time":"2017-12-20T21:55:14+00:00","og_image":[{"width":780,"height":521,"url":"https:\/\/i2.wp.com\/kalot.com.mx\/site\/wp-content\/uploads\/2014\/04\/7a.jpg?fit=780%2C521&ssl=1","type":"image\/jpeg"}],"author":"Omar Herrera","twitter_card":"summary_large_image","twitter_creator":"@thedoncapu","twitter_site":"@kalotmx","twitter_misc":{"Escrito por":"Omar Herrera","Tiempo de lectura":"2 minutos"},"schema":{"@context":"https:\/\/schema.org","@graph":[{"@type":"Article","@id":"https:\/\/kalot.com.mx\/site\/2014\/04\/24\/asi-se-puso-el-1er-dia-de-emporio-en-la-upslp\/#article","isPartOf":{"@id":"https:\/\/kalot.com.mx\/site\/2014\/04\/24\/asi-se-puso-el-1er-dia-de-emporio-en-la-upslp\/"},"author":{"name":"Omar Herrera","@id":"https:\/\/kalot.com.mx\/site\/#\/schema\/person\/1bf32c47ee15104d1e824350c07ac220"},"headline":"As\u00ed se puso el 1er d\u00eda de Emporio en la UPSLP","datePublished":"2014-04-24T06:26:38+00:00","dateModified":"2017-12-20T21:55:14+00:00","mainEntityOfPage":{"@id":"https:\/\/kalot.com.mx\/site\/2014\/04\/24\/asi-se-puso-el-1er-dia-de-emporio-en-la-upslp\/"},"wordCount":469,"commentCount":0,"publisher":{"@id":"https:\/\/kalot.com.mx\/site\/#organization"},"image":{"@id":"https:\/\/kalot.com.mx\/site\/2014\/04\/24\/asi-se-puso-el-1er-dia-de-emporio-en-la-upslp\/#primaryimage"},"thumbnailUrl":"https:\/\/i0.wp.com\/kalot.com.mx\/site\/wp-content\/uploads\/2014\/04\/7a.jpg?fit=780%2C521&ssl=1","inLanguage":"es","potentialAction":[{"@type":"CommentAction","name":"Comment","target":["https:\/\/kalot.com.mx\/site\/2014\/04\/24\/asi-se-puso-el-1er-dia-de-emporio-en-la-upslp\/#respond"]}]},{"@type":"WebPage","@id":"https:\/\/kalot.com.mx\/site\/2014\/04\/24\/asi-se-puso-el-1er-dia-de-emporio-en-la-upslp\/","url":"https:\/\/kalot.com.mx\/site\/2014\/04\/24\/asi-se-puso-el-1er-dia-de-emporio-en-la-upslp\/","name":"Emporio en la UPSLP","isPartOf":{"@id":"https:\/\/kalot.com.mx\/site\/#website"},"primaryImageOfPage":{"@id":"https:\/\/kalot.com.mx\/site\/2014\/04\/24\/asi-se-puso-el-1er-dia-de-emporio-en-la-upslp\/#primaryimage"},"image":{"@id":"https:\/\/kalot.com.mx\/site\/2014\/04\/24\/asi-se-puso-el-1er-dia-de-emporio-en-la-upslp\/#primaryimage"},"thumbnailUrl":"https:\/\/i0.wp.com\/kalot.com.mx\/site\/wp-content\/uploads\/2014\/04\/7a.jpg?fit=780%2C521&ssl=1","datePublished":"2014-04-24T06:26:38+00:00","dateModified":"2017-12-20T21:55:14+00:00","description":"Finalmente el d\u00eda en que las capitales del marketing tuvieran su encuentro ha llegado. Desde las 8: am los asistentes comenzaron a arribar a las","breadcrumb":{"@id":"https:\/\/kalot.com.mx\/site\/2014\/04\/24\/asi-se-puso-el-1er-dia-de-emporio-en-la-upslp\/#breadcrumb"},"inLanguage":"es","potentialAction":[{"@type":"ReadAction","target":["https:\/\/kalot.com.mx\/site\/2014\/04\/24\/asi-se-puso-el-1er-dia-de-emporio-en-la-upslp\/"]}]},{"@type":"ImageObject","inLanguage":"es","@id":"https:\/\/kalot.com.mx\/site\/2014\/04\/24\/asi-se-puso-el-1er-dia-de-emporio-en-la-upslp\/#primaryimage","url":"https:\/\/i0.wp.com\/kalot.com.mx\/site\/wp-content\/uploads\/2014\/04\/7a.jpg?fit=780%2C521&ssl=1","contentUrl":"https:\/\/i0.wp.com\/kalot.com.mx\/site\/wp-content\/uploads\/2014\/04\/7a.jpg?fit=780%2C521&ssl=1","width":780,"height":521},{"@type":"BreadcrumbList","@id":"https:\/\/kalot.com.mx\/site\/2014\/04\/24\/asi-se-puso-el-1er-dia-de-emporio-en-la-upslp\/#breadcrumb","itemListElement":[{"@type":"ListItem","position":1,"name":"Home","item":"https:\/\/kalot.com.mx\/site\/"},{"@type":"ListItem","position":2,"name":"As\u00ed se puso el 1er d\u00eda de Emporio en la UPSLP"}]},{"@type":"WebSite","@id":"https:\/\/kalot.com.mx\/site\/#website","url":"https:\/\/kalot.com.mx\/site\/","name":"Kalot","description":"Conoce Todo Sobre Todo","publisher":{"@id":"https:\/\/kalot.com.mx\/site\/#organization"},"potentialAction":[{"@type":"SearchAction","target":{"@type":"EntryPoint","urlTemplate":"https:\/\/kalot.com.mx\/site\/?s={search_term_string}"},"query-input":{"@type":"PropertyValueSpecification","valueRequired":true,"valueName":"search_term_string"}}],"inLanguage":"es"},{"@type":"Organization","@id":"https:\/\/kalot.com.mx\/site\/#organization","name":"Kalot","url":"https:\/\/kalot.com.mx\/site\/","logo":{"@type":"ImageObject","inLanguage":"es","@id":"https:\/\/kalot.com.mx\/site\/#\/schema\/logo\/image\/","url":"https:\/\/i0.wp.com\/kalot.com.mx\/site\/wp-content\/uploads\/2020\/04\/Kalot-logo-sin-tagline.png?fit=1707%2C1014&ssl=1","contentUrl":"https:\/\/i0.wp.com\/kalot.com.mx\/site\/wp-content\/uploads\/2020\/04\/Kalot-logo-sin-tagline.png?fit=1707%2C1014&ssl=1","width":1707,"height":1014,"caption":"Kalot"},"image":{"@id":"https:\/\/kalot.com.mx\/site\/#\/schema\/logo\/image\/"},"sameAs":["http:\/\/facebook.com\/mxkalot","https:\/\/x.com\/kalotmx","http:\/\/instagram.com\/kalotmx","http:\/\/pinterest.com\/jorgeerana\/kalot"]},{"@type":"Person","@id":"https:\/\/kalot.com.mx\/site\/#\/schema\/person\/1bf32c47ee15104d1e824350c07ac220","name":"Omar Herrera","image":{"@type":"ImageObject","inLanguage":"es","@id":"https:\/\/secure.gravatar.com\/avatar\/ae84de016d43d093bed40799c6d19430bc23d65401e1d68c9afab71da0688278?s=96&d=mm&r=g","url":"https:\/\/secure.gravatar.com\/avatar\/ae84de016d43d093bed40799c6d19430bc23d65401e1d68c9afab71da0688278?s=96&d=mm&r=g","contentUrl":"https:\/\/secure.gravatar.com\/avatar\/ae84de016d43d093bed40799c6d19430bc23d65401e1d68c9afab71da0688278?s=96&d=mm&r=g","caption":"Omar Herrera"},"description":"Si mi vida se resumiera en una pel\u00edcula, ser\u00eda en una dirigida por Woody Allen. Licenciado en Ciencias y T\u00e9cnicas de la Comunicaci\u00f3n.","sameAs":["http:\/\/www.linkedin.com\/pub\/omar-vargas-herrera\/8a\/792\/288","https:\/\/www.facebook.com\/don.capu","https:\/\/x.com\/thedoncapu"],"url":"https:\/\/kalot.com.mx\/site\/author\/doncapu\/"}]}},"jetpack_publicize_connections":[],"jetpack_featured_media_url":"https:\/\/i0.wp.com\/kalot.com.mx\/site\/wp-content\/uploads\/2014\/04\/7a.jpg?fit=780%2C521&ssl=1","jetpack_shortlink":"https:\/\/wp.me\/p6IHEI-3Ys","jetpack-related-posts":[{"id":10770,"url":"https:\/\/kalot.com.mx\/site\/2014\/01\/30\/emporio-foro-de-mercadotecnia-internacional\/","url_meta":{"origin":15280,"position":0},"title":"Emporio: Foro de Mercadotecnia Internacional","author":"Ivan Mendez","date":"30 enero, 2014","format":false,"excerpt":"No hay plazo que no se cumpla ni fecha que no se llegue. Esto nos qued\u00f3 claro el pasado 24 de Enero, fecha de la que hable en mi entrada pasada con motivo del d\u00eda D Por fin se revelo el nombre del noveno foro de mercadotecnia internacional de la\u2026","rel":"","context":"En &quot;Sin categor\u00eda&quot;","block_context":{"text":"Sin categor\u00eda","link":"https:\/\/kalot.com.mx\/site\/category\/sin-categoria\/"},"img":{"alt_text":"","src":"https:\/\/i0.wp.com\/kalot.com.mx\/site\/wp-content\/uploads\/2014\/01\/1505520_619365031432307_1074391711_n.jpg?fit=960%2C393&ssl=1&resize=350%2C200","width":350,"height":200,"srcset":"https:\/\/i0.wp.com\/kalot.com.mx\/site\/wp-content\/uploads\/2014\/01\/1505520_619365031432307_1074391711_n.jpg?fit=960%2C393&ssl=1&resize=350%2C200 1x, https:\/\/i0.wp.com\/kalot.com.mx\/site\/wp-content\/uploads\/2014\/01\/1505520_619365031432307_1074391711_n.jpg?fit=960%2C393&ssl=1&resize=525%2C300 1.5x, https:\/\/i0.wp.com\/kalot.com.mx\/site\/wp-content\/uploads\/2014\/01\/1505520_619365031432307_1074391711_n.jpg?fit=960%2C393&ssl=1&resize=700%2C400 2x"},"classes":[]},{"id":11383,"url":"https:\/\/kalot.com.mx\/site\/2014\/02\/09\/emporio-news\/","url_meta":{"origin":15280,"position":1},"title":"EMPORIO NEWS","author":"Pepe M\u00e9ndez","date":"9 febrero, 2014","format":false,"excerpt":"Hace unos d\u00edas el noveno foro de mercadotecnia internacional, EMPORIO \u201cun encuentro con las capitales del marketing\u201d sac\u00f3 a la luz una nueva sorpresa para todos los amantes de la mercadotecnia en cual ha tenido un gran impacto en los grupos relacionados con el marketing en el internet. El lanzamiento\u2026","rel":"","context":"Entrada similar ","block_context":{"text":"Entrada similar ","link":""},"img":{"alt_text":"","src":"https:\/\/i0.wp.com\/kalot.com.mx\/site\/wp-content\/uploads\/2014\/02\/1656348_625588517476625_1729136364_n.jpg?fit=960%2C539&ssl=1&resize=350%2C200","width":350,"height":200,"srcset":"https:\/\/i0.wp.com\/kalot.com.mx\/site\/wp-content\/uploads\/2014\/02\/1656348_625588517476625_1729136364_n.jpg?fit=960%2C539&ssl=1&resize=350%2C200 1x, https:\/\/i0.wp.com\/kalot.com.mx\/site\/wp-content\/uploads\/2014\/02\/1656348_625588517476625_1729136364_n.jpg?fit=960%2C539&ssl=1&resize=525%2C300 1.5x, https:\/\/i0.wp.com\/kalot.com.mx\/site\/wp-content\/uploads\/2014\/02\/1656348_625588517476625_1729136364_n.jpg?fit=960%2C539&ssl=1&resize=700%2C400 2x"},"classes":[]},{"id":15168,"url":"https:\/\/kalot.com.mx\/site\/2014\/04\/21\/esta-semana-es-de-emporio\/","url_meta":{"origin":15280,"position":2},"title":"\u00a1Esta semana es de Emporio!","author":"Ivan Mendez","date":"21 abril, 2014","format":false,"excerpt":"Al cierre de esta nota faltan menos de treinta y seis horas para el inicio del primer d\u00eda del noveno foro de mercadotecnia internacional: Emporio, un encuentro con las capitales del marketing y que mejor nombre y slogan para este foro que es organizado por los alumnos de octavo semestre\u2026","rel":"","context":"En &quot;Sin categor\u00eda&quot;","block_context":{"text":"Sin categor\u00eda","link":"https:\/\/kalot.com.mx\/site\/category\/sin-categoria\/"},"img":{"alt_text":"","src":"https:\/\/i0.wp.com\/kalot.com.mx\/site\/wp-content\/uploads\/2014\/04\/1239358_637809069587903_1188940147_n.jpg?fit=960%2C639&ssl=1&resize=350%2C200","width":350,"height":200,"srcset":"https:\/\/i0.wp.com\/kalot.com.mx\/site\/wp-content\/uploads\/2014\/04\/1239358_637809069587903_1188940147_n.jpg?fit=960%2C639&ssl=1&resize=350%2C200 1x, https:\/\/i0.wp.com\/kalot.com.mx\/site\/wp-content\/uploads\/2014\/04\/1239358_637809069587903_1188940147_n.jpg?fit=960%2C639&ssl=1&resize=525%2C300 1.5x, https:\/\/i0.wp.com\/kalot.com.mx\/site\/wp-content\/uploads\/2014\/04\/1239358_637809069587903_1188940147_n.jpg?fit=960%2C639&ssl=1&resize=700%2C400 2x"},"classes":[]},{"id":15430,"url":"https:\/\/kalot.com.mx\/site\/2014\/04\/26\/asi-estuvieron-el-2o-y-3o-dia-de-emporio-en-la-upslp\/","url_meta":{"origin":15280,"position":3},"title":"As\u00ed estuvieron el 2\u00ba y 3\u00ba d\u00eda de Emporio en la UPSLP","author":"Omar Herrera","date":"26 abril, 2014","format":false,"excerpt":"El jueves 24 nuevamente la cita con Emporio comenz\u00f3 desde las 8:00 am en donde desde el \u00e1rea de registro del Foro la gente esperaba con ansias el acceso para en punto de las 8:50 am para ver a Carolina Tkachuk quien nos hablar\u00eda del citybranding y la competividad urbana.\u2026","rel":"","context":"En &quot;Sin categor\u00eda&quot;","block_context":{"text":"Sin categor\u00eda","link":"https:\/\/kalot.com.mx\/site\/category\/sin-categoria\/"},"img":{"alt_text":"","src":"https:\/\/i0.wp.com\/kalot.com.mx\/site\/wp-content\/uploads\/2014\/04\/241.jpg?fit=779%2C522&ssl=1&resize=350%2C200","width":350,"height":200,"srcset":"https:\/\/i0.wp.com\/kalot.com.mx\/site\/wp-content\/uploads\/2014\/04\/241.jpg?fit=779%2C522&ssl=1&resize=350%2C200 1x, https:\/\/i0.wp.com\/kalot.com.mx\/site\/wp-content\/uploads\/2014\/04\/241.jpg?fit=779%2C522&ssl=1&resize=525%2C300 1.5x, https:\/\/i0.wp.com\/kalot.com.mx\/site\/wp-content\/uploads\/2014\/04\/241.jpg?fit=779%2C522&ssl=1&resize=700%2C400 2x"},"classes":[]},{"id":15152,"url":"https:\/\/kalot.com.mx\/site\/2014\/04\/21\/boletos-gratis-para-emporio-un-encuentro-con-las-capitales-del-marketing\/","url_meta":{"origin":15280,"position":4},"title":"Boletos gratis para Emporio: Un encuentro con las capitales del marketing","author":"Omar Herrera","date":"21 abril, 2014","format":false,"excerpt":"Desde hace 8 a\u00f1os la Universidad Polit\u00e9cnica de San Luis Potos\u00ed es sede de un evento que a\u00f1o con a\u00f1o se mejora y reinventa: El Foro Internacional de Mercadotecnia de la UPSLP, cuyo nombre para este a\u00f1o es \u201cEmporio: Un encuentro con las capitales del marketing\u201d. Este evento es el\u2026","rel":"","context":"Con 6 comentarios","block_context":{"text":"Con 6 comentarios","link":"https:\/\/kalot.com.mx\/site\/2014\/04\/21\/boletos-gratis-para-emporio-un-encuentro-con-las-capitales-del-marketing\/#comments"},"img":{"alt_text":"","src":"https:\/\/i0.wp.com\/kalot.com.mx\/site\/wp-content\/uploads\/2014\/04\/maxresdefault.jpg?fit=1200%2C675&ssl=1&resize=350%2C200","width":350,"height":200,"srcset":"https:\/\/i0.wp.com\/kalot.com.mx\/site\/wp-content\/uploads\/2014\/04\/maxresdefault.jpg?fit=1200%2C675&ssl=1&resize=350%2C200 1x, https:\/\/i0.wp.com\/kalot.com.mx\/site\/wp-content\/uploads\/2014\/04\/maxresdefault.jpg?fit=1200%2C675&ssl=1&resize=525%2C300 1.5x, https:\/\/i0.wp.com\/kalot.com.mx\/site\/wp-content\/uploads\/2014\/04\/maxresdefault.jpg?fit=1200%2C675&ssl=1&resize=700%2C400 2x, https:\/\/i0.wp.com\/kalot.com.mx\/site\/wp-content\/uploads\/2014\/04\/maxresdefault.jpg?fit=1200%2C675&ssl=1&resize=1050%2C600 3x"},"classes":[]},{"id":10243,"url":"https:\/\/kalot.com.mx\/site\/2014\/01\/24\/cual-es-el-futuro-de-servicios-como-el-diseno-y-la-mercadotecnia-squarespacelogo\/","url_meta":{"origin":15280,"position":5},"title":"\u00bfCual es el futuro de servicios como el dise\u00f1o y la mercadotecnia? #Squarespacelogo","author":"Jorge Era\u00f1a","date":"24 enero, 2014","format":false,"excerpt":"En redes sociales mucho se habla del comportamiento de los clientes ante servicios como el dise\u00f1o o la publicidad, y es que en la mayor\u00eda de los casos no se valora el trabajo realizado y no solo en estas disciplinas, las empresas a\u00fan creen que cualquier persona puede realizar actividades\u2026","rel":"","context":"Entrada similar ","block_context":{"text":"Entrada similar ","link":""},"img":{"alt_text":"","src":"https:\/\/i0.wp.com\/kalot.com.mx\/site\/wp-content\/uploads\/2014\/01\/sq.png?fit=600%2C400&ssl=1&resize=350%2C200","width":350,"height":200,"srcset":"https:\/\/i0.wp.com\/kalot.com.mx\/site\/wp-content\/uploads\/2014\/01\/sq.png?fit=600%2C400&ssl=1&resize=350%2C200 1x, https:\/\/i0.wp.com\/kalot.com.mx\/site\/wp-content\/uploads\/2014\/01\/sq.png?fit=600%2C400&ssl=1&resize=525%2C300 1.5x"},"classes":[]}],"jetpack_sharing_enabled":true,"_links":{"self":[{"href":"https:\/\/kalot.com.mx\/site\/wp-json\/wp\/v2\/posts\/15280","targetHints":{"allow":["GET"]}}],"collection":[{"href":"https:\/\/kalot.com.mx\/site\/wp-json\/wp\/v2\/posts"}],"about":[{"href":"https:\/\/kalot.com.mx\/site\/wp-json\/wp\/v2\/types\/post"}],"author":[{"embeddable":true,"href":"https:\/\/kalot.com.mx\/site\/wp-json\/wp\/v2\/users\/18"}],"replies":[{"embeddable":true,"href":"https:\/\/kalot.com.mx\/site\/wp-json\/wp\/v2\/comments?post=15280"}],"version-history":[{"count":1,"href":"https:\/\/kalot.com.mx\/site\/wp-json\/wp\/v2\/posts\/15280\/revisions"}],"predecessor-version":[{"id":27888,"href":"https:\/\/kalot.com.mx\/site\/wp-json\/wp\/v2\/posts\/15280\/revisions\/27888"}],"wp:featuredmedia":[{"embeddable":true,"href":"https:\/\/kalot.com.mx\/site\/wp-json\/wp\/v2\/media\/15286"}],"wp:attachment":[{"href":"https:\/\/kalot.com.mx\/site\/wp-json\/wp\/v2\/media?parent=15280"}],"wp:term":[{"taxonomy":"category","embeddable":true,"href":"https:\/\/kalot.com.mx\/site\/wp-json\/wp\/v2\/categories?post=15280"},{"taxonomy":"post_tag","embeddable":true,"href":"https:\/\/kalot.com.mx\/site\/wp-json\/wp\/v2\/tags?post=15280"}],"curies":[{"name":"wp","href":"https:\/\/api.w.org\/{rel}","templated":true}]}}