{"id":1505,"date":"2013-09-12T22:00:09","date_gmt":"2013-09-13T03:00:09","guid":{"rendered":"http:\/\/www.kalot.com.mx\/?p=1505"},"modified":"2017-12-20T15:55:09","modified_gmt":"2017-12-20T21:55:09","slug":"iphone-5c-vale-cambiarlo-por-tu-iphone-5","status":"publish","type":"post","link":"https:\/\/kalot.com.mx\/site\/2013\/09\/12\/iphone-5c-vale-cambiarlo-por-tu-iphone-5\/","title":{"rendered":"iPhone 5c \u00bfVale cambiarlo por tu iPhone 5?"},"content":{"rendered":"<p style=\"text-align: justify\"><a href=\"https:\/\/i0.wp.com\/www.kalot.com.mx\/wp-content\/uploads\/2013\/09\/Captura-de-pantalla-2013-09-12-a-las-21.23.23.png\"><img fetchpriority=\"high\" decoding=\"async\" data-attachment-id=\"1509\" data-permalink=\"https:\/\/kalot.com.mx\/site\/2013\/09\/12\/iphone-5c-vale-cambiarlo-por-tu-iphone-5\/captura-de-pantalla-2013-09-12-a-las-21-23-23\/\" data-orig-file=\"https:\/\/i0.wp.com\/kalot.com.mx\/site\/wp-content\/uploads\/2013\/09\/Captura-de-pantalla-2013-09-12-a-las-21.23.23.png?fit=652%2C622&amp;ssl=1\" data-orig-size=\"652,622\" data-comments-opened=\"1\" data-image-meta=\"{&quot;aperture&quot;:&quot;0&quot;,&quot;credit&quot;:&quot;&quot;,&quot;camera&quot;:&quot;&quot;,&quot;caption&quot;:&quot;&quot;,&quot;created_timestamp&quot;:&quot;0&quot;,&quot;copyright&quot;:&quot;&quot;,&quot;focal_length&quot;:&quot;0&quot;,&quot;iso&quot;:&quot;0&quot;,&quot;shutter_speed&quot;:&quot;0&quot;,&quot;title&quot;:&quot;&quot;}\" data-image-title=\"Captura de pantalla 2013-09-12 a la(s) 21.23.23\" data-image-description=\"\" data-image-caption=\"\" data-large-file=\"https:\/\/i0.wp.com\/kalot.com.mx\/site\/wp-content\/uploads\/2013\/09\/Captura-de-pantalla-2013-09-12-a-las-21.23.23.png?fit=652%2C622&amp;ssl=1\" class=\"alignnone size-medium wp-image-1509\" alt=\"Captura de pantalla 2013-09-12 a la(s) 21.23.23\" src=\"https:\/\/i0.wp.com\/kalot.com.mx\/site\/wp-content\/uploads\/2013\/08\/20130830-134112.jpg?fit=300%2C244&#038;ssl=1\" width=\"300\" height=\"244\" \/><\/a><\/p>\n<p style=\"text-align: justify\">\u00a0Como mercadologo y fan de <strong>Apple<\/strong> puedo resumirlo a MI simple opini\u00f3n y la verdad es que para mi no vale la pena de una manera tan garrafal, podiendo tener los mismos beneficios y un poco mas de cache con el equipo actual.<\/p>\n<p style=\"text-align: justify\">\u00bfPor qu\u00e9? La raz\u00f3n es simple, a mi forma de ver las cosas te estas llevando un <strong>iPhone 5<\/strong> por dentro, solo que con colores, mas grueso y ligeramente con mas bater\u00eda, adem\u00e1s tal parece que ser\u00e1 un poco mas fr\u00e1gil, si bien del <strong>iPhone 4s<\/strong> al 5 si hubo un cambio notable en peso y rigidez, tal vez ahora sea mas notorio.<\/p>\n<p style=\"text-align: justify\"><img decoding=\"async\" data-attachment-id=\"1508\" data-permalink=\"https:\/\/kalot.com.mx\/site\/2013\/09\/12\/iphone-5c-vale-cambiarlo-por-tu-iphone-5\/captura-de-pantalla-2013-09-12-a-las-21-21-18\/\" data-orig-file=\"https:\/\/i0.wp.com\/kalot.com.mx\/site\/wp-content\/uploads\/2013\/09\/Captura-de-pantalla-2013-09-12-a-las-21.21.18.png?fit=780%2C458&amp;ssl=1\" data-orig-size=\"780,458\" data-comments-opened=\"1\" data-image-meta=\"{&quot;aperture&quot;:&quot;0&quot;,&quot;credit&quot;:&quot;&quot;,&quot;camera&quot;:&quot;&quot;,&quot;caption&quot;:&quot;&quot;,&quot;created_timestamp&quot;:&quot;0&quot;,&quot;copyright&quot;:&quot;&quot;,&quot;focal_length&quot;:&quot;0&quot;,&quot;iso&quot;:&quot;0&quot;,&quot;shutter_speed&quot;:&quot;0&quot;,&quot;title&quot;:&quot;&quot;}\" data-image-title=\"Captura de pantalla 2013-09-12 a la(s) 21.21.18\" data-image-description=\"\" data-image-caption=\"\" data-large-file=\"https:\/\/i0.wp.com\/kalot.com.mx\/site\/wp-content\/uploads\/2013\/09\/Captura-de-pantalla-2013-09-12-a-las-21.21.18.png?fit=780%2C458&amp;ssl=1\" class=\"alignnone size-medium wp-image-1508\" alt=\"Captura de pantalla 2013-09-12 a la(s) 21.21.18\" src=\"https:\/\/i0.wp.com\/kalot.com.mx\/site\/wp-content\/uploads\/2013\/08\/20130830-134112.jpg?fit=300%2C244&#038;ssl=1\" width=\"300\" height=\"244\" \/><\/p>\n<p style=\"text-align: justify\">Actualmente no cuento con un iPhone de ning\u00fan modelo, tengo un <strong>Xperia Arc S<\/strong> del 2011con <strong>Android 4.0.4<\/strong> y la verdad es que es un buen tel\u00e9fono, pero ya se le nota el tiempo y ya no corre como antes, las aplicaciones llegan a crashearse o cerrarse inesperadamente, por lo cual estoy en busca de su reemplazo que sin lugar a dudas ser\u00e1 un <strong>iPhone<\/strong>, pero no un 5s o un 5c, yo voy por un 5 en primera instancia.<\/p>\n<p style=\"text-align: justify\">Seg\u00fan estimaciones a este tel\u00e9fono aun le quedan 4 a\u00f1os de vigencia, y aunque <strong>Apple<\/strong> ya lo haya descontinuado, poniendo en su lugar el 5c, la verdad es que los productos de <strong>Apple<\/strong> tienen una vigencia mayor a los actuales smartphones del mercado, poniendo de ejemplo el m\u00edo, un tel\u00e9fono de 2011 que ni de chiste soportara la versi\u00f3n <strong>4.4 KitKat<\/strong> (oficial) de <strong>Android<\/strong>, siendo que solo son 2 a\u00f1os lo que lo separan del software que tra\u00eda inicialmente de fabrica.<\/p>\n<p style=\"text-align: justify\">Contrario a lo anterior, el nuevo <strong>iOS 7<\/strong> correr\u00e1 todav\u00eda en los <strong>iPhone 4<\/strong>, cuyo procesador es de apenas 800mhz de un solo n\u00facleo, que salieron en 2010, d\u00e1ndole as\u00ed un a\u00f1o mas de vigencia, es en esto en lo que yo considero el punto fuerte de <strong>Apple<\/strong>, en su sistema operativo, que tambi\u00e9n adem\u00e1s las actualizaciones salen a la par en todas las compa\u00f1\u00edas telef\u00f3nicas como en productos liberados, contrario a <strong>Android<\/strong> que para la l\u00ednea 2012 de <strong>Sony Ericsson<\/strong>, tardo mas de un a\u00f1o para poderlos actualizar a <strong>ICS 4<\/strong>.<\/p>\n<p style=\"text-align: justify\">\u00a0<img decoding=\"async\" data-attachment-id=\"1507\" data-permalink=\"https:\/\/kalot.com.mx\/site\/2013\/09\/12\/iphone-5c-vale-cambiarlo-por-tu-iphone-5\/captura-de-pantalla-2013-09-12-a-las-21-21-03\/\" data-orig-file=\"https:\/\/i0.wp.com\/kalot.com.mx\/site\/wp-content\/uploads\/2013\/09\/Captura-de-pantalla-2013-09-12-a-las-21.21.03.png?fit=450%2C152&amp;ssl=1\" data-orig-size=\"450,152\" data-comments-opened=\"1\" data-image-meta=\"{&quot;aperture&quot;:&quot;0&quot;,&quot;credit&quot;:&quot;&quot;,&quot;camera&quot;:&quot;&quot;,&quot;caption&quot;:&quot;&quot;,&quot;created_timestamp&quot;:&quot;0&quot;,&quot;copyright&quot;:&quot;&quot;,&quot;focal_length&quot;:&quot;0&quot;,&quot;iso&quot;:&quot;0&quot;,&quot;shutter_speed&quot;:&quot;0&quot;,&quot;title&quot;:&quot;&quot;}\" data-image-title=\"Captura de pantalla 2013-09-12 a la(s) 21.21.03\" data-image-description=\"\" data-image-caption=\"\" data-large-file=\"https:\/\/i0.wp.com\/kalot.com.mx\/site\/wp-content\/uploads\/2013\/09\/Captura-de-pantalla-2013-09-12-a-las-21.21.03.png?fit=450%2C152&amp;ssl=1\" class=\"alignnone size-medium wp-image-1507\" alt=\"Captura de pantalla 2013-09-12 a la(s) 21.21.03\" src=\"https:\/\/i0.wp.com\/kalot.com.mx\/site\/wp-content\/uploads\/2013\/08\/20130830-134112.jpg?fit=300%2C244&#038;ssl=1\" width=\"300\" height=\"244\" \/><\/p>\n<p style=\"text-align: justify\">Si bien estar\u00e9 muy al pendiente de que ofertas puedan salir con respecto del <strong>iPhone 5<\/strong> para hacerme de uno, la verdad es que no descarto la posible compra de un <strong>5c<\/strong> en alg\u00fan momento que se presente una oferta tentadora.<\/p>\n","protected":false},"excerpt":{"rendered":"\u00a0Como mercadologo y fan de Apple puedo resumirlo a MI simple opini\u00f3n y la verdad es que para&hellip;\n","protected":false},"author":9,"featured_media":1506,"comment_status":"open","ping_status":"open","sticky":false,"template":"","format":"standard","meta":{"jetpack_post_was_ever_published":false,"_jetpack_newsletter_access":"","_jetpack_dont_email_post_to_subs":false,"_jetpack_newsletter_tier_id":0,"_jetpack_memberships_contains_paywalled_content":false,"_jetpack_memberships_contains_paid_content":false,"footnotes":"","jetpack_publicize_message":"","jetpack_publicize_feature_enabled":true,"jetpack_social_post_already_shared":true,"jetpack_social_options":{"image_generator_settings":{"template":"highway","default_image_id":0,"font":"","enabled":false},"version":2}},"categories":[1],"tags":[],"class_list":{"0":"post-1505","1":"post","2":"type-post","3":"status-publish","4":"format-standard","5":"has-post-thumbnail","7":"category-sin-categoria","8":"cs-entry","9":"cs-video-wrap"},"yoast_head":"<!-- This site is optimized with the Yoast SEO plugin v27.4 - https:\/\/yoast.com\/product\/yoast-seo-wordpress\/ -->\n<title>iPhone 5c \u00bfVale cambiarlo por tu iPhone 5? - Kalot<\/title>\n<meta name=\"description\" content=\"\u00a0Como mercadologo y fan de Apple puedo resumirlo a MI simple opini\u00f3n y la verdad es que para mi no vale la pena de una manera tan garrafal, podiendo tener\" \/>\n<meta name=\"robots\" content=\"index, follow, max-snippet:-1, max-image-preview:large, max-video-preview:-1\" \/>\n<link rel=\"canonical\" href=\"https:\/\/kalot.com.mx\/site\/2013\/09\/12\/iphone-5c-vale-cambiarlo-por-tu-iphone-5\/\" \/>\n<meta property=\"og:locale\" content=\"es_MX\" \/>\n<meta property=\"og:type\" content=\"article\" \/>\n<meta property=\"og:title\" content=\"iPhone 5c \u00bfVale cambiarlo por tu iPhone 5? - Kalot\" \/>\n<meta property=\"og:description\" content=\"\u00a0Como mercadologo y fan de Apple puedo resumirlo a MI simple opini\u00f3n y la verdad es que para mi no vale la pena de una manera tan garrafal, podiendo tener\" \/>\n<meta property=\"og:url\" content=\"https:\/\/kalot.com.mx\/site\/2013\/09\/12\/iphone-5c-vale-cambiarlo-por-tu-iphone-5\/\" \/>\n<meta property=\"og:site_name\" content=\"Kalot\" \/>\n<meta property=\"article:publisher\" content=\"http:\/\/facebook.com\/mxkalot\" \/>\n<meta property=\"article:published_time\" content=\"2013-09-13T03:00:09+00:00\" \/>\n<meta property=\"article:modified_time\" content=\"2017-12-20T21:55:09+00:00\" \/>\n<meta property=\"og:image\" content=\"https:\/\/i1.wp.com\/kalot.com.mx\/site\/wp-content\/uploads\/2013\/09\/iphone-5c-official-31.png?fit=640%2C259&ssl=1\" \/>\n\t<meta property=\"og:image:width\" content=\"640\" \/>\n\t<meta property=\"og:image:height\" content=\"259\" \/>\n\t<meta property=\"og:image:type\" content=\"image\/png\" \/>\n<meta name=\"author\" content=\"Galore\" \/>\n<meta name=\"twitter:card\" content=\"summary_large_image\" \/>\n<meta name=\"twitter:creator\" content=\"@kalotmx\" \/>\n<meta name=\"twitter:site\" content=\"@kalotmx\" \/>\n<meta name=\"twitter:label1\" content=\"Escrito por\" \/>\n\t<meta name=\"twitter:data1\" content=\"Galore\" \/>\n\t<meta name=\"twitter:label2\" content=\"Tiempo de lectura\" \/>\n\t<meta name=\"twitter:data2\" content=\"2 minutos\" \/>\n<!-- \/ Yoast SEO plugin. -->","yoast_head_json":{"title":"iPhone 5c \u00bfVale cambiarlo por tu iPhone 5? - Kalot","description":"\u00a0Como mercadologo y fan de Apple puedo resumirlo a MI simple opini\u00f3n y la verdad es que para mi no vale la pena de una manera tan garrafal, podiendo tener","robots":{"index":"index","follow":"follow","max-snippet":"max-snippet:-1","max-image-preview":"max-image-preview:large","max-video-preview":"max-video-preview:-1"},"canonical":"https:\/\/kalot.com.mx\/site\/2013\/09\/12\/iphone-5c-vale-cambiarlo-por-tu-iphone-5\/","og_locale":"es_MX","og_type":"article","og_title":"iPhone 5c \u00bfVale cambiarlo por tu iPhone 5? - Kalot","og_description":"\u00a0Como mercadologo y fan de Apple puedo resumirlo a MI simple opini\u00f3n y la verdad es que para mi no vale la pena de una manera tan garrafal, podiendo tener","og_url":"https:\/\/kalot.com.mx\/site\/2013\/09\/12\/iphone-5c-vale-cambiarlo-por-tu-iphone-5\/","og_site_name":"Kalot","article_publisher":"http:\/\/facebook.com\/mxkalot","article_published_time":"2013-09-13T03:00:09+00:00","article_modified_time":"2017-12-20T21:55:09+00:00","og_image":[{"width":640,"height":259,"url":"https:\/\/i1.wp.com\/kalot.com.mx\/site\/wp-content\/uploads\/2013\/09\/iphone-5c-official-31.png?fit=640%2C259&ssl=1","type":"image\/png"}],"author":"Galore","twitter_card":"summary_large_image","twitter_creator":"@kalotmx","twitter_site":"@kalotmx","twitter_misc":{"Escrito por":"Galore","Tiempo de lectura":"2 minutos"},"schema":{"@context":"https:\/\/schema.org","@graph":[{"@type":"Article","@id":"https:\/\/kalot.com.mx\/site\/2013\/09\/12\/iphone-5c-vale-cambiarlo-por-tu-iphone-5\/#article","isPartOf":{"@id":"https:\/\/kalot.com.mx\/site\/2013\/09\/12\/iphone-5c-vale-cambiarlo-por-tu-iphone-5\/"},"author":{"name":"Galore","@id":"https:\/\/kalot.com.mx\/site\/#\/schema\/person\/d9eb4d11619c4a3874e2889a2f8cd03d"},"headline":"iPhone 5c \u00bfVale cambiarlo por tu iPhone 5?","datePublished":"2013-09-13T03:00:09+00:00","dateModified":"2017-12-20T21:55:09+00:00","mainEntityOfPage":{"@id":"https:\/\/kalot.com.mx\/site\/2013\/09\/12\/iphone-5c-vale-cambiarlo-por-tu-iphone-5\/"},"wordCount":419,"commentCount":0,"publisher":{"@id":"https:\/\/kalot.com.mx\/site\/#organization"},"image":{"@id":"https:\/\/kalot.com.mx\/site\/2013\/09\/12\/iphone-5c-vale-cambiarlo-por-tu-iphone-5\/#primaryimage"},"thumbnailUrl":"https:\/\/i0.wp.com\/kalot.com.mx\/site\/wp-content\/uploads\/2013\/09\/iphone-5c-official-31.png?fit=640%2C259&ssl=1","inLanguage":"es","potentialAction":[{"@type":"CommentAction","name":"Comment","target":["https:\/\/kalot.com.mx\/site\/2013\/09\/12\/iphone-5c-vale-cambiarlo-por-tu-iphone-5\/#respond"]}]},{"@type":"WebPage","@id":"https:\/\/kalot.com.mx\/site\/2013\/09\/12\/iphone-5c-vale-cambiarlo-por-tu-iphone-5\/","url":"https:\/\/kalot.com.mx\/site\/2013\/09\/12\/iphone-5c-vale-cambiarlo-por-tu-iphone-5\/","name":"iPhone 5c \u00bfVale cambiarlo por tu iPhone 5? - Kalot","isPartOf":{"@id":"https:\/\/kalot.com.mx\/site\/#website"},"primaryImageOfPage":{"@id":"https:\/\/kalot.com.mx\/site\/2013\/09\/12\/iphone-5c-vale-cambiarlo-por-tu-iphone-5\/#primaryimage"},"image":{"@id":"https:\/\/kalot.com.mx\/site\/2013\/09\/12\/iphone-5c-vale-cambiarlo-por-tu-iphone-5\/#primaryimage"},"thumbnailUrl":"https:\/\/i0.wp.com\/kalot.com.mx\/site\/wp-content\/uploads\/2013\/09\/iphone-5c-official-31.png?fit=640%2C259&ssl=1","datePublished":"2013-09-13T03:00:09+00:00","dateModified":"2017-12-20T21:55:09+00:00","description":"\u00a0Como mercadologo y fan de Apple puedo resumirlo a MI simple opini\u00f3n y la verdad es que para mi no vale la pena de una manera tan garrafal, podiendo tener","breadcrumb":{"@id":"https:\/\/kalot.com.mx\/site\/2013\/09\/12\/iphone-5c-vale-cambiarlo-por-tu-iphone-5\/#breadcrumb"},"inLanguage":"es","potentialAction":[{"@type":"ReadAction","target":["https:\/\/kalot.com.mx\/site\/2013\/09\/12\/iphone-5c-vale-cambiarlo-por-tu-iphone-5\/"]}]},{"@type":"ImageObject","inLanguage":"es","@id":"https:\/\/kalot.com.mx\/site\/2013\/09\/12\/iphone-5c-vale-cambiarlo-por-tu-iphone-5\/#primaryimage","url":"https:\/\/i0.wp.com\/kalot.com.mx\/site\/wp-content\/uploads\/2013\/09\/iphone-5c-official-31.png?fit=640%2C259&ssl=1","contentUrl":"https:\/\/i0.wp.com\/kalot.com.mx\/site\/wp-content\/uploads\/2013\/09\/iphone-5c-official-31.png?fit=640%2C259&ssl=1","width":640,"height":259},{"@type":"BreadcrumbList","@id":"https:\/\/kalot.com.mx\/site\/2013\/09\/12\/iphone-5c-vale-cambiarlo-por-tu-iphone-5\/#breadcrumb","itemListElement":[{"@type":"ListItem","position":1,"name":"Home","item":"https:\/\/kalot.com.mx\/site\/"},{"@type":"ListItem","position":2,"name":"iPhone 5c \u00bfVale cambiarlo por tu iPhone 5?"}]},{"@type":"WebSite","@id":"https:\/\/kalot.com.mx\/site\/#website","url":"https:\/\/kalot.com.mx\/site\/","name":"Kalot","description":"Conoce Todo Sobre Todo","publisher":{"@id":"https:\/\/kalot.com.mx\/site\/#organization"},"potentialAction":[{"@type":"SearchAction","target":{"@type":"EntryPoint","urlTemplate":"https:\/\/kalot.com.mx\/site\/?s={search_term_string}"},"query-input":{"@type":"PropertyValueSpecification","valueRequired":true,"valueName":"search_term_string"}}],"inLanguage":"es"},{"@type":"Organization","@id":"https:\/\/kalot.com.mx\/site\/#organization","name":"Kalot","url":"https:\/\/kalot.com.mx\/site\/","logo":{"@type":"ImageObject","inLanguage":"es","@id":"https:\/\/kalot.com.mx\/site\/#\/schema\/logo\/image\/","url":"https:\/\/i0.wp.com\/kalot.com.mx\/site\/wp-content\/uploads\/2020\/04\/Kalot-logo-sin-tagline.png?fit=1707%2C1014&ssl=1","contentUrl":"https:\/\/i0.wp.com\/kalot.com.mx\/site\/wp-content\/uploads\/2020\/04\/Kalot-logo-sin-tagline.png?fit=1707%2C1014&ssl=1","width":1707,"height":1014,"caption":"Kalot"},"image":{"@id":"https:\/\/kalot.com.mx\/site\/#\/schema\/logo\/image\/"},"sameAs":["http:\/\/facebook.com\/mxkalot","https:\/\/x.com\/kalotmx","http:\/\/instagram.com\/kalotmx","http:\/\/pinterest.com\/jorgeerana\/kalot"]},{"@type":"Person","@id":"https:\/\/kalot.com.mx\/site\/#\/schema\/person\/d9eb4d11619c4a3874e2889a2f8cd03d","name":"Galore","image":{"@type":"ImageObject","inLanguage":"es","@id":"https:\/\/secure.gravatar.com\/avatar\/de669dd2391398f3a7effe59d85250c78212f7ed8f9d1477b7742c991d05c2a9?s=96&d=mm&r=g","url":"https:\/\/secure.gravatar.com\/avatar\/de669dd2391398f3a7effe59d85250c78212f7ed8f9d1477b7742c991d05c2a9?s=96&d=mm&r=g","contentUrl":"https:\/\/secure.gravatar.com\/avatar\/de669dd2391398f3a7effe59d85250c78212f7ed8f9d1477b7742c991d05c2a9?s=96&d=mm&r=g","caption":"Galore"},"description":"Marketero, linebacker, editor, xboxero, guia y aprendiz. Every journey begins with one single step.","url":"https:\/\/kalot.com.mx\/site\/author\/galore\/"}]}},"jetpack_publicize_connections":[],"jetpack_featured_media_url":"https:\/\/i0.wp.com\/kalot.com.mx\/site\/wp-content\/uploads\/2013\/09\/iphone-5c-official-31.png?fit=640%2C259&ssl=1","jetpack_shortlink":"https:\/\/wp.me\/p6IHEI-oh","jetpack-related-posts":[{"id":27596,"url":"https:\/\/kalot.com.mx\/site\/2017\/11\/15\/funda-para-iphone-mous\/","url_meta":{"origin":1505,"position":0},"title":"Mous; la \u00fanica funda para iPhone que resiste todo. Todo.","author":"Jorge Era\u00f1a","date":"15 noviembre, 2017","format":false,"excerpt":"Tengo mucho tiempo que quer\u00eda hacer esto y hoy por fin, me anim\u00e9. Oficialmente este es mi primera rese\u00f1a y quise lanzarla hasta que tuviera un producto del que no conociera a alguien en M\u00e9xico que ya hubiera rese\u00f1ado. Este producto es la funda para mi iPhone 7 Plus, mismo\u2026","rel":"","context":"En &quot;Destacado&quot;","block_context":{"text":"Destacado","link":"https:\/\/kalot.com.mx\/site\/category\/destacado\/"},"img":{"alt_text":"funda para iphone 7 plus mous","src":"https:\/\/i0.wp.com\/kalot.com.mx\/site\/wp-content\/uploads\/2017\/11\/funda-para-iphone-7-plus-mous.jpg?fit=1200%2C900&ssl=1&resize=350%2C200","width":350,"height":200,"srcset":"https:\/\/i0.wp.com\/kalot.com.mx\/site\/wp-content\/uploads\/2017\/11\/funda-para-iphone-7-plus-mous.jpg?fit=1200%2C900&ssl=1&resize=350%2C200 1x, https:\/\/i0.wp.com\/kalot.com.mx\/site\/wp-content\/uploads\/2017\/11\/funda-para-iphone-7-plus-mous.jpg?fit=1200%2C900&ssl=1&resize=525%2C300 1.5x, https:\/\/i0.wp.com\/kalot.com.mx\/site\/wp-content\/uploads\/2017\/11\/funda-para-iphone-7-plus-mous.jpg?fit=1200%2C900&ssl=1&resize=700%2C400 2x, https:\/\/i0.wp.com\/kalot.com.mx\/site\/wp-content\/uploads\/2017\/11\/funda-para-iphone-7-plus-mous.jpg?fit=1200%2C900&ssl=1&resize=1050%2C600 3x"},"classes":[]},{"id":31088,"url":"https:\/\/kalot.com.mx\/site\/2019\/04\/07\/resena-iphone-xr\/","url_meta":{"origin":1505,"position":1},"title":"Mi Experiencia con el iPhone XR, 6 meses despu\u00e9s","author":"Jorge Era\u00f1a","date":"7 abril, 2019","format":false,"excerpt":"Todo comenz\u00f3 con la Keynote de Apple, por all\u00e1 de septiembre del a\u00f1o 2018. Todo parec\u00eda que ser\u00eda un a\u00f1o m\u00e1s sin tener el iPhone m\u00e1s nuevo. Despu\u00e9s de que Tim Cook present\u00f3 todo lo relacionado con el iPhone XS, parec\u00eda que regresaba el famoso \u201cOne More Thing\u201d de Jobs,\u2026","rel":"","context":"En &quot;#MiExperienciaCon&quot;","block_context":{"text":"#MiExperienciaCon","link":"https:\/\/kalot.com.mx\/site\/category\/miexperienciacon\/"},"img":{"alt_text":"rese\u00f1a del iPhone XR - an\u00e1lisis a profundidad","src":"https:\/\/i0.wp.com\/kalot.com.mx\/site\/wp-content\/uploads\/2019\/04\/resena-analisis-iphone-xr-e1554696331952.jpg?fit=1200%2C624&ssl=1&resize=350%2C200","width":350,"height":200,"srcset":"https:\/\/i0.wp.com\/kalot.com.mx\/site\/wp-content\/uploads\/2019\/04\/resena-analisis-iphone-xr-e1554696331952.jpg?fit=1200%2C624&ssl=1&resize=350%2C200 1x, https:\/\/i0.wp.com\/kalot.com.mx\/site\/wp-content\/uploads\/2019\/04\/resena-analisis-iphone-xr-e1554696331952.jpg?fit=1200%2C624&ssl=1&resize=525%2C300 1.5x, https:\/\/i0.wp.com\/kalot.com.mx\/site\/wp-content\/uploads\/2019\/04\/resena-analisis-iphone-xr-e1554696331952.jpg?fit=1200%2C624&ssl=1&resize=700%2C400 2x, https:\/\/i0.wp.com\/kalot.com.mx\/site\/wp-content\/uploads\/2019\/04\/resena-analisis-iphone-xr-e1554696331952.jpg?fit=1200%2C624&ssl=1&resize=1050%2C600 3x"},"classes":[]},{"id":31717,"url":"https:\/\/kalot.com.mx\/site\/2019\/12\/26\/resena-iphone-11-pro\/","url_meta":{"origin":1505,"position":2},"title":"Mi Experiencia con el iPhone 11 Pro, 3 meses despu\u00e9s de uso rudo.","author":"Jorge Era\u00f1a","date":"26 diciembre, 2019","format":false,"excerpt":"\u00bfEs el iPhone 11 Pro el mejor Smartphone del 2019? lo veremos en la siguiente rese\u00f1a. Hace ya un poco mas de 3 meses que se present\u00f3 y lanz\u00f3 en M\u00e9xico la familia del nuevo iPhone 11, con sus respectivas variaciones (iPhone 11, iPhone 11 Pro y iPhone 11 Pro\u2026","rel":"","context":"En &quot;#MiExperienciaCon&quot;","block_context":{"text":"#MiExperienciaCon","link":"https:\/\/kalot.com.mx\/site\/category\/miexperienciacon\/"},"img":{"alt_text":"Rese\u00f1a iPhone 11 pro","src":"https:\/\/i0.wp.com\/kalot.com.mx\/site\/wp-content\/uploads\/2019\/12\/19DA1880-1498-4117-A313-6B006A76DEAF-scaled.jpeg?fit=1200%2C900&ssl=1&resize=350%2C200","width":350,"height":200,"srcset":"https:\/\/i0.wp.com\/kalot.com.mx\/site\/wp-content\/uploads\/2019\/12\/19DA1880-1498-4117-A313-6B006A76DEAF-scaled.jpeg?fit=1200%2C900&ssl=1&resize=350%2C200 1x, https:\/\/i0.wp.com\/kalot.com.mx\/site\/wp-content\/uploads\/2019\/12\/19DA1880-1498-4117-A313-6B006A76DEAF-scaled.jpeg?fit=1200%2C900&ssl=1&resize=525%2C300 1.5x, https:\/\/i0.wp.com\/kalot.com.mx\/site\/wp-content\/uploads\/2019\/12\/19DA1880-1498-4117-A313-6B006A76DEAF-scaled.jpeg?fit=1200%2C900&ssl=1&resize=700%2C400 2x, https:\/\/i0.wp.com\/kalot.com.mx\/site\/wp-content\/uploads\/2019\/12\/19DA1880-1498-4117-A313-6B006A76DEAF-scaled.jpeg?fit=1200%2C900&ssl=1&resize=1050%2C600 3x"},"classes":[]},{"id":9773,"url":"https:\/\/kalot.com.mx\/site\/2014\/01\/19\/la-trukulenta-historia-del-kapitalismo-elmanuelgamez\/","url_meta":{"origin":1505,"position":3},"title":"La Trukulenta Historia Del Kapitalismo (@ElManuelGamez)","author":"Manuel Gamez","date":"19 enero, 2014","format":false,"excerpt":"Durante navidad algo que disfrute mucho, no fueron en si las tradiciones t\u00edpicas de navidad o algo por el estilo, si no el leer \u201cLa Trukulenta Historia Del Kapitalismo\u201d, pero la verdad es que no se si considerarlo un libro como tal, porque en si es un conjunto de n\u00fameros\u2026","rel":"","context":"En &quot;Sin categor\u00eda&quot;","block_context":{"text":"Sin categor\u00eda","link":"https:\/\/kalot.com.mx\/site\/category\/sin-categoria\/"},"img":{"alt_text":"","src":"https:\/\/i0.wp.com\/kalot.com.mx\/site\/wp-content\/uploads\/2014\/01\/La-Trukukenta-Historia-Del-Kapitalismo-Analisis.jpg?fit=500%2C281&ssl=1&resize=350%2C200","width":350,"height":200},"classes":[]},{"id":1036,"url":"https:\/\/kalot.com.mx\/site\/2013\/09\/08\/ya-hay-personas-formadas-para-comprar-el-nuevo-iphone\/","url_meta":{"origin":1505,"position":4},"title":"Ya hay personas formadas para comprar el nuevo iPhone","author":"Jorge Era\u00f1a","date":"8 septiembre, 2013","format":false,"excerpt":"As\u00ed es, tal como lo dice el t\u00edtulo ya hay personas formadas fuera de las Apple Stores para poder adquirir el nuevo dispositivo que presentar\u00e1n los de Cupertino. Lo extra\u00f1o de la noticia no es solo que haya gente acampando fuera de las tiendas, sino que la presentaci\u00f3n todav\u00eda no\u2026","rel":"","context":"Con 1 comentario","block_context":{"text":"Con 1 comentario","link":"https:\/\/kalot.com.mx\/site\/2013\/09\/08\/ya-hay-personas-formadas-para-comprar-el-nuevo-iphone\/#comments"},"img":{"alt_text":"","src":"https:\/\/i0.wp.com\/kalot.com.mx\/site\/wp-content\/uploads\/2013\/09\/w680-1.png?fit=558%2C367&ssl=1&resize=350%2C200","width":350,"height":200,"srcset":"https:\/\/i0.wp.com\/kalot.com.mx\/site\/wp-content\/uploads\/2013\/09\/w680-1.png?fit=558%2C367&ssl=1&resize=350%2C200 1x, https:\/\/i0.wp.com\/kalot.com.mx\/site\/wp-content\/uploads\/2013\/09\/w680-1.png?fit=558%2C367&ssl=1&resize=525%2C300 1.5x"},"classes":[]},{"id":9540,"url":"https:\/\/kalot.com.mx\/site\/2014\/01\/14\/vale-aguilar-2\/","url_meta":{"origin":1505,"position":5},"title":"Vale Aguilar","author":"Valeria Aguilar","date":"14 enero, 2014","format":false,"excerpt":"Considero que siempre es dif\u00edcil describir a alguien, sobre todo si ese alguien es uno mismo. Tratando de rebasar dicha \u00a0dificultad he decidido comenzar por una sencilla interrogante \u00a0\u00bfQui\u00e9n soy? Y bueno si, \u00a0la interrogante resulta sencilla, pero no as\u00ed la respuesta, puesto que \u00a0apenas \u00a0voy descubriendo quien soy en\u2026","rel":"","context":"Entrada similar ","block_context":{"text":"Entrada similar ","link":""},"img":{"alt_text":"","src":"https:\/\/i0.wp.com\/kalot.com.mx\/site\/wp-content\/uploads\/2014\/01\/1521643_10202352778717314_536987328_n.jpg?fit=582%2C582&ssl=1&resize=350%2C200","width":350,"height":200,"srcset":"https:\/\/i0.wp.com\/kalot.com.mx\/site\/wp-content\/uploads\/2014\/01\/1521643_10202352778717314_536987328_n.jpg?fit=582%2C582&ssl=1&resize=350%2C200 1x, https:\/\/i0.wp.com\/kalot.com.mx\/site\/wp-content\/uploads\/2014\/01\/1521643_10202352778717314_536987328_n.jpg?fit=582%2C582&ssl=1&resize=525%2C300 1.5x"},"classes":[]}],"jetpack_sharing_enabled":true,"_links":{"self":[{"href":"https:\/\/kalot.com.mx\/site\/wp-json\/wp\/v2\/posts\/1505","targetHints":{"allow":["GET"]}}],"collection":[{"href":"https:\/\/kalot.com.mx\/site\/wp-json\/wp\/v2\/posts"}],"about":[{"href":"https:\/\/kalot.com.mx\/site\/wp-json\/wp\/v2\/types\/post"}],"author":[{"embeddable":true,"href":"https:\/\/kalot.com.mx\/site\/wp-json\/wp\/v2\/users\/9"}],"replies":[{"embeddable":true,"href":"https:\/\/kalot.com.mx\/site\/wp-json\/wp\/v2\/comments?post=1505"}],"version-history":[{"count":9,"href":"https:\/\/kalot.com.mx\/site\/wp-json\/wp\/v2\/posts\/1505\/revisions"}],"predecessor-version":[{"id":29947,"href":"https:\/\/kalot.com.mx\/site\/wp-json\/wp\/v2\/posts\/1505\/revisions\/29947"}],"wp:featuredmedia":[{"embeddable":true,"href":"https:\/\/kalot.com.mx\/site\/wp-json\/wp\/v2\/media\/1506"}],"wp:attachment":[{"href":"https:\/\/kalot.com.mx\/site\/wp-json\/wp\/v2\/media?parent=1505"}],"wp:term":[{"taxonomy":"category","embeddable":true,"href":"https:\/\/kalot.com.mx\/site\/wp-json\/wp\/v2\/categories?post=1505"},{"taxonomy":"post_tag","embeddable":true,"href":"https:\/\/kalot.com.mx\/site\/wp-json\/wp\/v2\/tags?post=1505"}],"curies":[{"name":"wp","href":"https:\/\/api.w.org\/{rel}","templated":true}]}}