{"id":14971,"date":"2014-04-17T11:25:29","date_gmt":"2014-04-17T16:25:29","guid":{"rendered":"http:\/\/www.kalot.com.mx\/?p=14971"},"modified":"2017-12-20T15:54:55","modified_gmt":"2017-12-20T21:54:55","slug":"chavelita-de-mi-corazon","status":"publish","type":"post","link":"https:\/\/kalot.com.mx\/site\/2014\/04\/17\/chavelita-de-mi-corazon\/","title":{"rendered":"&#8220;Chavelita de mi coraz\u00f3n.&#8221;"},"content":{"rendered":"<p style=\"text-align: justify\">D\u00edganme, \u00bfqui\u00e9n en alg\u00fan momento de su vida ha escuchado a la se\u00f1orona de <strong>Chavela Vargas<\/strong>? Yo digo que todos o casi casi todos. \u00a0Vive en cada persona que la recuerda y \u00a0que la canta alrededor del mundo.<\/p>\n<p style=\"text-align: justify\">Y es qu\u00e9 bueeeeno, sus canciones, sus letras, su voz es algo muy bello. Cu\u00e1ntas veces nos ha acompa\u00f1ado en esas noches de alcohol o de parranda o simplemente una noche en la que queremos llorar nuestras penas o amar profundamente. (Ajaaay)<\/p>\n<p style=\"text-align: justify\">Su nombre real fue:\u00a0Mar\u00eda Isabel Anita Carmen de Jes\u00fas Vargas Lizano, pero todos la conocemos como <strong>Chavela Vargas<\/strong>. (Los padres de antes si que hac\u00edan batallar a sus hijos.) Naci\u00f3 en Costa Rica un 17 de abril de 1919. (Hoy tendr\u00eda 95 a\u00f1os) Aunque vivi\u00f3 la mayor\u00eda de su vida en M\u00e9xico e incluso obtuvo la nacionalidad mexicana.<\/p>\n<p style=\"text-align: justify\">Su\u00a0manera particular de implicarse en las letras de las canciones rancheras y hacerlas suyas y de retar al p\u00fablico desde el escenario le valieron la admiraci\u00f3n de sus seguidores. Temas como\u00a0<i>Macorina<\/i>,\u00a0<i>La llorona<\/i>,\u00a0<i>La china\u00a0<\/i>y\u00a0<i>Volver, volver<\/i>\u00a0figuraron entre las m\u00e1s apreciadas interpretaciones de su amplio repertorio. Sus letras infunden esa fuerza, esa lucha, esa pasi\u00f3n con la que hac\u00eda las cosas.<\/p>\n<p style=\"text-align: justify\">A veces pensamos que los grandes artistas tuvieron infancias felices y toda una vida feliz y por eso son lo que son, pero no se\u00f1ores. <strong>Chavelita<\/strong> pas\u00f3 una gran \u00e9poca de su vida en el m\u00e1s completo anonimato, olvidada y postergada del candelero de celebridades por su tumultuosa vida privada y su dependencia del alcohol. Tuvo una infancia muy complicada. Sus padres se divorciaron y entonces ella estuvo al cuidado de unos t\u00edos. Sufri\u00f3 de poliomielitis y le dec\u00edan que \u201ccantaba horrible\u201d pero ella no se desanim\u00f3 porque estaba segura de haber dado con lo que sab\u00eda y quer\u00eda hacer en la vida.<\/p>\n<p style=\"text-align: justify\"><a href=\"https:\/\/i0.wp.com\/www.kalot.com.mx\/wp-content\/uploads\/2014\/04\/chaveee.jpg\"><img fetchpriority=\"high\" decoding=\"async\" data-attachment-id=\"14972\" data-permalink=\"https:\/\/kalot.com.mx\/site\/2014\/04\/17\/chavelita-de-mi-corazon\/chaveee\/\" data-orig-file=\"https:\/\/i0.wp.com\/kalot.com.mx\/site\/wp-content\/uploads\/2014\/04\/chaveee.jpg?fit=200%2C253&ssl=1\" data-orig-size=\"200,253\" data-comments-opened=\"1\" data-image-meta=\"{&quot;aperture&quot;:&quot;0&quot;,&quot;credit&quot;:&quot;&quot;,&quot;camera&quot;:&quot;&quot;,&quot;caption&quot;:&quot;&quot;,&quot;created_timestamp&quot;:&quot;0&quot;,&quot;copyright&quot;:&quot;&quot;,&quot;focal_length&quot;:&quot;0&quot;,&quot;iso&quot;:&quot;0&quot;,&quot;shutter_speed&quot;:&quot;0&quot;,&quot;title&quot;:&quot;&quot;,&quot;orientation&quot;:&quot;0&quot;}\" data-image-title=\"chaveee\" data-image-description=\"\" data-image-caption=\"\" data-large-file=\"https:\/\/i0.wp.com\/kalot.com.mx\/site\/wp-content\/uploads\/2014\/04\/chaveee.jpg?fit=200%2C253&ssl=1\" class=\"alignnone size-full wp-image-14972\" alt=\"chaveee\" src=\"https:\/\/i2.wp.com\/kalot.com.mx\/site\/wp-content\/uploads\/2013\/08\/20130830-134055.jpg?fit=660%2C371&ssl=1\" width=\"660\" height=\"371\" \/><\/a><\/p>\n<p style=\"text-align: justify\">Parti\u00f3 a los 17 a\u00f1os sola y se identific\u00f3 con el\u00a0<b>M\u00e9xico<\/b>\u00a0de los a\u00f1os 50. Hu\u00eda de los rumores en un pueblo que no entend\u00eda que una mujer usara pantalones y de un pa\u00eds que no supo, seg\u00fan ella, valorar su talento. Durante alg\u00fan \u00a0tiempo cantaba en las calles,\u00a0hasta que a los treinta se hizo cantante profesional, de alg\u00fan modo, apadrinada por el compositor y cantante <strong>Jos\u00e9 Alfredo Jim\u00e9nez<\/strong>\u00a0de quien era compa\u00f1era de parrandas.<\/p>\n<p style=\"text-align: justify\">Para los a\u00f1os cincuenta, empez\u00f3 a hacerse conocida en algunos c\u00edrculos art\u00edsticos, en parte por sus actuaciones en Acapulco, fue as\u00ed como poco a poco conoci\u00f3 a otros grandes artistas y con los que comparti\u00f3 su m\u00fasica y su voz como son:\u00a0\u00a0Jos\u00e9 Alfredo Jim\u00e9nez,\u00a0Agust\u00edn Lara, Facundo Cabral,\u00a0Joaqu\u00edn Sabina,\u00a0Joan Manuel Serrat,\u00a0Ana Bel\u00e9n, Eugenia Le\u00f3n\u00a0y\u00a0Lila Downs, entre otros.<\/p>\n<p style=\"text-align: justify\">As\u00ed tambi\u00e9n trab\u00f3 una estrecha relaci\u00f3n con los pintores Diego Rivera y <strong>Frida Kahlo<\/strong>, incluso se dice que se\u00a0deriv\u00f3 en algo m\u00e1s con \u00e9sta, seg\u00fan se atrevi\u00f3 a declarar a\u00f1os m\u00e1s tarde la propia Chavela, ella afirmo que\u00a0Frida, fue el gran amor de su vida, y habl\u00f3 de las cartas apasionadas que recibi\u00f3 de Frida.\u00a0Fue un personaje a contracorriente desde joven: vest\u00eda como un hombre, fumaba tabaco, beb\u00eda mucho, llevaba pistola y era reconocida por su caracter\u00edstico gab\u00e1n rojo. A los 81 a\u00f1os, en una entrevista para la televisi\u00f3n colombiana en el a\u00f1o\u00a02000, expres\u00f3 abiertamente que era\u00a0lesbiana.<sup id=\"cite_ref-3\"><br \/>\n<\/sup><\/p>\n<p style=\"text-align: justify\"><a href=\"https:\/\/i0.wp.com\/www.kalot.com.mx\/wp-content\/uploads\/2014\/04\/chavela_250812.jpg\"><img decoding=\"async\" data-attachment-id=\"14973\" data-permalink=\"https:\/\/kalot.com.mx\/site\/2014\/04\/17\/chavelita-de-mi-corazon\/chavela_250812\/\" data-orig-file=\"https:\/\/i0.wp.com\/kalot.com.mx\/site\/wp-content\/uploads\/2014\/04\/chavela_250812.jpg?fit=472%2C368&ssl=1\" data-orig-size=\"472,368\" data-comments-opened=\"1\" data-image-meta=\"{&quot;aperture&quot;:&quot;0&quot;,&quot;credit&quot;:&quot;&quot;,&quot;camera&quot;:&quot;&quot;,&quot;caption&quot;:&quot;&quot;,&quot;created_timestamp&quot;:&quot;0&quot;,&quot;copyright&quot;:&quot;&quot;,&quot;focal_length&quot;:&quot;0&quot;,&quot;iso&quot;:&quot;0&quot;,&quot;shutter_speed&quot;:&quot;0&quot;,&quot;title&quot;:&quot;&quot;,&quot;orientation&quot;:&quot;0&quot;}\" data-image-title=\"chavela_250812\" data-image-description=\"\" data-image-caption=\"\" data-large-file=\"https:\/\/i0.wp.com\/kalot.com.mx\/site\/wp-content\/uploads\/2014\/04\/chavela_250812.jpg?fit=472%2C368&ssl=1\" class=\"alignnone size-medium wp-image-14973\" alt=\"chavela_250812\" src=\"https:\/\/i2.wp.com\/kalot.com.mx\/site\/wp-content\/uploads\/2013\/08\/20130830-134055.jpg?fit=300%2C169&ssl=1\" width=\"300\" height=\"169\" \/><\/a><\/p>\n<p style=\"text-align: justify\">Hundida por problemas personales y an\u00edmicos, <strong>Chavela<\/strong> sucumbi\u00f3 al alcoholismo en los a\u00f1os 70 y su carrera pareci\u00f3 haberse hundido con ella. Sin embargo, tras esos veinte a\u00f1os de infierno alcoholizado, su resurgir no pudo ser m\u00e1s brillante, en su M\u00e9xico querido, y su voz \u2013 m\u00e1s rasgada si cabe que en su primera \u00e9poca- volvi\u00f3 a llenar teatros nacionales e internacionales.<\/p>\n<p style=\"text-align: justify\"><a href=\"https:\/\/i0.wp.com\/www.kalot.com.mx\/wp-content\/uploads\/2014\/04\/chavelita.jpg\"><img decoding=\"async\" data-attachment-id=\"14974\" data-permalink=\"https:\/\/kalot.com.mx\/site\/2014\/04\/17\/chavelita-de-mi-corazon\/chavelita\/\" data-orig-file=\"https:\/\/i0.wp.com\/kalot.com.mx\/site\/wp-content\/uploads\/2014\/04\/chavelita.jpg?fit=305%2C165&ssl=1\" data-orig-size=\"305,165\" data-comments-opened=\"1\" data-image-meta=\"{&quot;aperture&quot;:&quot;0&quot;,&quot;credit&quot;:&quot;&quot;,&quot;camera&quot;:&quot;&quot;,&quot;caption&quot;:&quot;&quot;,&quot;created_timestamp&quot;:&quot;0&quot;,&quot;copyright&quot;:&quot;&quot;,&quot;focal_length&quot;:&quot;0&quot;,&quot;iso&quot;:&quot;0&quot;,&quot;shutter_speed&quot;:&quot;0&quot;,&quot;title&quot;:&quot;&quot;,&quot;orientation&quot;:&quot;0&quot;}\" data-image-title=\"chavelita\" data-image-description=\"\" data-image-caption=\"\" data-large-file=\"https:\/\/i0.wp.com\/kalot.com.mx\/site\/wp-content\/uploads\/2014\/04\/chavelita.jpg?fit=305%2C165&ssl=1\" class=\"alignnone size-medium wp-image-14974\" alt=\"chavelita\" src=\"https:\/\/i2.wp.com\/kalot.com.mx\/site\/wp-content\/uploads\/2013\/08\/20130830-134055.jpg?fit=300%2C169&ssl=1\" width=\"300\" height=\"169\" \/><\/a><\/p>\n<p style=\"text-align: justify\">Recibi\u00f3 varios premios:<\/p>\n<ul>\n<li>2000:\u00a0Gran Cruz de Isabel la Cat\u00f3lica.<\/li>\n<li>2007:\u00a0Grammy\u00a0Latino<\/li>\n<li>Medalla de Oro\u00a0Universidad Complutense de Madrid.<\/li>\n<li>Medalla al m\u00e9rito de la\u00a0Universidad de Alcal\u00e1 de Henares.<\/li>\n<li>Hu\u00e9sped de Honor de\u00a0Buenos Aires,\u00a0Argentina.<\/li>\n<li>2009: ciudadana distinguida de la\u00a0Ciudad de M\u00e9xico<\/li>\n<\/ul>\n<p style=\"text-align: justify\">Sus \u00faltimos a\u00f1os los vivi\u00f3 en\u00a0Tepoztl\u00e1n\u00a0(Morelos), a las faldas del cerro del\u00a0Tepozteco, con quien dec\u00eda charlar todas las ma\u00f1anas.\u00a0Desde 2009, en varias entrevistas, declar\u00f3 que le gustar\u00eda morir un domingo y que su funeral fuera un lunes o un martes \u201cpara no echarle a perder el fin de semana a nadie\u201d.<\/p>\n<p style=\"text-align: justify\">Y bueno, finalmente la <strong>Chamana<\/strong>, como era y es conocida en M\u00e9xico, el domingo 5 de agosto de 2012 se dio a conocer su fallecimiento a trav\u00e9s de su Twitter Oficial con la siguiente frase:<em> \u00abSilencio, silencio: las amarguras volver\u00e1n a ser amargas\u2026 se ha ido la gran dama Chavela Vargas\u00bb.<\/em><\/p>\n<p style=\"text-align: justify\"><a href=\"https:\/\/i0.wp.com\/www.kalot.com.mx\/wp-content\/uploads\/2014\/04\/chavelaa.jpg\"><img loading=\"lazy\" decoding=\"async\" data-attachment-id=\"14975\" data-permalink=\"https:\/\/kalot.com.mx\/site\/2014\/04\/17\/chavelita-de-mi-corazon\/chavelaa\/\" data-orig-file=\"https:\/\/i0.wp.com\/kalot.com.mx\/site\/wp-content\/uploads\/2014\/04\/chavelaa.jpg?fit=311%2C162&ssl=1\" data-orig-size=\"311,162\" data-comments-opened=\"1\" data-image-meta=\"{&quot;aperture&quot;:&quot;0&quot;,&quot;credit&quot;:&quot;&quot;,&quot;camera&quot;:&quot;&quot;,&quot;caption&quot;:&quot;&quot;,&quot;created_timestamp&quot;:&quot;0&quot;,&quot;copyright&quot;:&quot;&quot;,&quot;focal_length&quot;:&quot;0&quot;,&quot;iso&quot;:&quot;0&quot;,&quot;shutter_speed&quot;:&quot;0&quot;,&quot;title&quot;:&quot;&quot;,&quot;orientation&quot;:&quot;0&quot;}\" data-image-title=\"chavelaa\" data-image-description=\"\" data-image-caption=\"\" data-large-file=\"https:\/\/i0.wp.com\/kalot.com.mx\/site\/wp-content\/uploads\/2014\/04\/chavelaa.jpg?fit=311%2C162&ssl=1\" class=\"alignnone size-medium wp-image-14975\" alt=\"chavelaa\" src=\"https:\/\/i2.wp.com\/kalot.com.mx\/site\/wp-content\/uploads\/2013\/08\/20130830-134055.jpg?fit=300%2C169&ssl=1\" width=\"300\" height=\"169\" \/><\/a><\/p>\n<p style=\"text-align: justify\">(Biograf\u00edas y Vidas)<\/p>\n<p>Y bueno, pues s\u00ed, c\u00f3mo ya les hab\u00eda dicho el d\u00eda de hoy\u00a0<strong>Chavelita<\/strong> estar\u00eda cumpliendo 95 a\u00f1os. Quiz\u00e1 antes ya hab\u00edan le\u00eddo algo de su biograf\u00eda, pero no est\u00e1 de m\u00e1s, as\u00ed que a quienes gusten de sus canciones, esc\u00fachenla.<\/p>\n<p style=\"text-align: justify\">Aqu\u00ed les dejo un link con algunas de sus canciones en un concierto que dio en Espa\u00f1a en 1993.<\/p>\n<p><span class=\"embed-youtube\" style=\"text-align:center; display: block;\"><iframe class=\"youtube-player\" width=\"1200\" height=\"675\" src=\"https:\/\/www.youtube.com\/embed\/5mnG5cZmgrI?version=3&rel=1&showsearch=0&showinfo=1&iv_load_policy=1&fs=1&hl=es-MX&autohide=2&wmode=transparent\" allowfullscreen=\"true\" style=\"border:0;\" sandbox=\"allow-scripts allow-same-origin allow-popups allow-presentation allow-popups-to-escape-sandbox\"><\/iframe><\/span><\/p>\n<p>\u00a0<\/p>\n<p style=\"text-align: justify\"><em>\u201cYo no me voy a morir porque soy una chamana y nosotros no nos morimos, nosotros trascendemos\u201d <\/em><strong>Chavela Vargas\u00a0<\/strong><a href=\"http:\/\/www.chavelavargasoficial.com\/\" target=\"_blank\" rel=\"nofollow nofollow\"><br \/>\n<\/a><\/p>\n<p style=\"text-align: justify\">\u00a1Salud! y \u00a1Feliz cumplea\u00f1os!<\/p>\n<p>Hasta la p\u00f3xima Kaloch@s.<\/p>\n<p>\u00a0<\/p>\n","protected":false},"excerpt":{"rendered":"D\u00edganme, \u00bfqui\u00e9n en alg\u00fan momento de su vida ha escuchado a la se\u00f1orona de Chavela Vargas? Yo digo&hellip;\n","protected":false},"author":87,"featured_media":14976,"comment_status":"open","ping_status":"open","sticky":false,"template":"","format":"standard","meta":{"jetpack_post_was_ever_published":false,"_jetpack_newsletter_access":"","_jetpack_dont_email_post_to_subs":false,"_jetpack_newsletter_tier_id":0,"_jetpack_memberships_contains_paywalled_content":false,"_jetpack_memberships_contains_paid_content":false,"footnotes":"","jetpack_publicize_message":"","jetpack_publicize_feature_enabled":true,"jetpack_social_post_already_shared":true,"jetpack_social_options":{"image_generator_settings":{"template":"highway","default_image_id":0,"font":"","enabled":false},"version":2}},"categories":[1],"tags":[],"class_list":{"0":"post-14971","1":"post","2":"type-post","3":"status-publish","4":"format-standard","5":"has-post-thumbnail","7":"category-sin-categoria","8":"cs-entry","9":"cs-video-wrap"},"yoast_head":"<!-- This site is optimized with the Yoast SEO plugin v27.5 - https:\/\/yoast.com\/product\/yoast-seo-wordpress\/ -->\n<title>&quot;Chavelita de mi coraz\u00f3n.&quot; - Kalot<\/title>\n<meta name=\"description\" content=\"D\u00edganme, \u00bfqui\u00e9n en alg\u00fan momento de su vida ha escuchado a la se\u00f1orona de Chavela Vargas? Yo digo que todos o casi casi todos. \u00a0Vive en cada persona que\" \/>\n<meta name=\"robots\" content=\"index, follow, max-snippet:-1, max-image-preview:large, max-video-preview:-1\" \/>\n<link rel=\"canonical\" href=\"https:\/\/kalot.com.mx\/site\/2014\/04\/17\/chavelita-de-mi-corazon\/\" \/>\n<meta property=\"og:locale\" content=\"es_MX\" \/>\n<meta property=\"og:type\" content=\"article\" \/>\n<meta property=\"og:title\" content=\"&quot;Chavelita de mi coraz\u00f3n.&quot; - Kalot\" \/>\n<meta property=\"og:description\" content=\"D\u00edganme, \u00bfqui\u00e9n en alg\u00fan momento de su vida ha escuchado a la se\u00f1orona de Chavela Vargas? Yo digo que todos o casi casi todos. \u00a0Vive en cada persona que\" \/>\n<meta property=\"og:url\" content=\"https:\/\/kalot.com.mx\/site\/2014\/04\/17\/chavelita-de-mi-corazon\/\" \/>\n<meta property=\"og:site_name\" content=\"Kalot\" \/>\n<meta property=\"article:publisher\" content=\"http:\/\/facebook.com\/mxkalot\" \/>\n<meta property=\"article:author\" content=\"www.facebook.com\/Lunaarabe\" \/>\n<meta property=\"article:published_time\" content=\"2014-04-17T16:25:29+00:00\" \/>\n<meta property=\"article:modified_time\" content=\"2017-12-20T21:54:55+00:00\" \/>\n<meta property=\"og:image\" content=\"https:\/\/i1.wp.com\/kalot.com.mx\/site\/wp-content\/uploads\/2014\/04\/chavela-vargas.jpg?fit=640%2C343&ssl=1\" \/>\n\t<meta property=\"og:image:width\" content=\"640\" \/>\n\t<meta property=\"og:image:height\" content=\"343\" \/>\n\t<meta property=\"og:image:type\" content=\"image\/jpeg\" \/>\n<meta name=\"author\" content=\"Andrea Debo\" \/>\n<meta name=\"twitter:card\" content=\"summary_large_image\" \/>\n<meta name=\"twitter:creator\" content=\"@andiedeluna\" \/>\n<meta name=\"twitter:site\" content=\"@kalotmx\" \/>\n<meta name=\"twitter:label1\" content=\"Escrito por\" \/>\n\t<meta name=\"twitter:data1\" content=\"Andrea Debo\" \/>\n\t<meta name=\"twitter:label2\" content=\"Tiempo de lectura\" \/>\n\t<meta name=\"twitter:data2\" content=\"5 minutos\" \/>\n<!-- \/ Yoast SEO plugin. -->","yoast_head_json":{"title":"\"Chavelita de mi coraz\u00f3n.\" - Kalot","description":"D\u00edganme, \u00bfqui\u00e9n en alg\u00fan momento de su vida ha escuchado a la se\u00f1orona de Chavela Vargas? Yo digo que todos o casi casi todos. \u00a0Vive en cada persona que","robots":{"index":"index","follow":"follow","max-snippet":"max-snippet:-1","max-image-preview":"max-image-preview:large","max-video-preview":"max-video-preview:-1"},"canonical":"https:\/\/kalot.com.mx\/site\/2014\/04\/17\/chavelita-de-mi-corazon\/","og_locale":"es_MX","og_type":"article","og_title":"\"Chavelita de mi coraz\u00f3n.\" - Kalot","og_description":"D\u00edganme, \u00bfqui\u00e9n en alg\u00fan momento de su vida ha escuchado a la se\u00f1orona de Chavela Vargas? Yo digo que todos o casi casi todos. \u00a0Vive en cada persona que","og_url":"https:\/\/kalot.com.mx\/site\/2014\/04\/17\/chavelita-de-mi-corazon\/","og_site_name":"Kalot","article_publisher":"http:\/\/facebook.com\/mxkalot","article_author":"www.facebook.com\/Lunaarabe","article_published_time":"2014-04-17T16:25:29+00:00","article_modified_time":"2017-12-20T21:54:55+00:00","og_image":[{"width":640,"height":343,"url":"https:\/\/i1.wp.com\/kalot.com.mx\/site\/wp-content\/uploads\/2014\/04\/chavela-vargas.jpg?fit=640%2C343&ssl=1","type":"image\/jpeg"}],"author":"Andrea Debo","twitter_card":"summary_large_image","twitter_creator":"@andiedeluna","twitter_site":"@kalotmx","twitter_misc":{"Escrito por":"Andrea Debo","Tiempo de lectura":"5 minutos"},"schema":{"@context":"https:\/\/schema.org","@graph":[{"@type":"Article","@id":"https:\/\/kalot.com.mx\/site\/2014\/04\/17\/chavelita-de-mi-corazon\/#article","isPartOf":{"@id":"https:\/\/kalot.com.mx\/site\/2014\/04\/17\/chavelita-de-mi-corazon\/"},"author":{"name":"Andrea Debo","@id":"https:\/\/kalot.com.mx\/site\/#\/schema\/person\/14675fd70b27798461d9dcfbc49a788e"},"headline":"&#8220;Chavelita de mi coraz\u00f3n.&#8221;","datePublished":"2014-04-17T16:25:29+00:00","dateModified":"2017-12-20T21:54:55+00:00","mainEntityOfPage":{"@id":"https:\/\/kalot.com.mx\/site\/2014\/04\/17\/chavelita-de-mi-corazon\/"},"wordCount":940,"commentCount":1,"publisher":{"@id":"https:\/\/kalot.com.mx\/site\/#organization"},"image":{"@id":"https:\/\/kalot.com.mx\/site\/2014\/04\/17\/chavelita-de-mi-corazon\/#primaryimage"},"thumbnailUrl":"https:\/\/i0.wp.com\/kalot.com.mx\/site\/wp-content\/uploads\/2014\/04\/chavela-vargas.jpg?fit=640%2C343&ssl=1","inLanguage":"es","potentialAction":[{"@type":"CommentAction","name":"Comment","target":["https:\/\/kalot.com.mx\/site\/2014\/04\/17\/chavelita-de-mi-corazon\/#respond"]}]},{"@type":"WebPage","@id":"https:\/\/kalot.com.mx\/site\/2014\/04\/17\/chavelita-de-mi-corazon\/","url":"https:\/\/kalot.com.mx\/site\/2014\/04\/17\/chavelita-de-mi-corazon\/","name":"\"Chavelita de mi coraz\u00f3n.\" - Kalot","isPartOf":{"@id":"https:\/\/kalot.com.mx\/site\/#website"},"primaryImageOfPage":{"@id":"https:\/\/kalot.com.mx\/site\/2014\/04\/17\/chavelita-de-mi-corazon\/#primaryimage"},"image":{"@id":"https:\/\/kalot.com.mx\/site\/2014\/04\/17\/chavelita-de-mi-corazon\/#primaryimage"},"thumbnailUrl":"https:\/\/i0.wp.com\/kalot.com.mx\/site\/wp-content\/uploads\/2014\/04\/chavela-vargas.jpg?fit=640%2C343&ssl=1","datePublished":"2014-04-17T16:25:29+00:00","dateModified":"2017-12-20T21:54:55+00:00","description":"D\u00edganme, \u00bfqui\u00e9n en alg\u00fan momento de su vida ha escuchado a la se\u00f1orona de Chavela Vargas? Yo digo que todos o casi casi todos. \u00a0Vive en cada persona que","breadcrumb":{"@id":"https:\/\/kalot.com.mx\/site\/2014\/04\/17\/chavelita-de-mi-corazon\/#breadcrumb"},"inLanguage":"es","potentialAction":[{"@type":"ReadAction","target":["https:\/\/kalot.com.mx\/site\/2014\/04\/17\/chavelita-de-mi-corazon\/"]}]},{"@type":"ImageObject","inLanguage":"es","@id":"https:\/\/kalot.com.mx\/site\/2014\/04\/17\/chavelita-de-mi-corazon\/#primaryimage","url":"https:\/\/i0.wp.com\/kalot.com.mx\/site\/wp-content\/uploads\/2014\/04\/chavela-vargas.jpg?fit=640%2C343&ssl=1","contentUrl":"https:\/\/i0.wp.com\/kalot.com.mx\/site\/wp-content\/uploads\/2014\/04\/chavela-vargas.jpg?fit=640%2C343&ssl=1","width":640,"height":343},{"@type":"BreadcrumbList","@id":"https:\/\/kalot.com.mx\/site\/2014\/04\/17\/chavelita-de-mi-corazon\/#breadcrumb","itemListElement":[{"@type":"ListItem","position":1,"name":"Home","item":"https:\/\/kalot.com.mx\/site\/"},{"@type":"ListItem","position":2,"name":"&#8220;Chavelita de mi coraz\u00f3n.&#8221;"}]},{"@type":"WebSite","@id":"https:\/\/kalot.com.mx\/site\/#website","url":"https:\/\/kalot.com.mx\/site\/","name":"Kalot","description":"Conoce Todo Sobre Todo","publisher":{"@id":"https:\/\/kalot.com.mx\/site\/#organization"},"potentialAction":[{"@type":"SearchAction","target":{"@type":"EntryPoint","urlTemplate":"https:\/\/kalot.com.mx\/site\/?s={search_term_string}"},"query-input":{"@type":"PropertyValueSpecification","valueRequired":true,"valueName":"search_term_string"}}],"inLanguage":"es"},{"@type":"Organization","@id":"https:\/\/kalot.com.mx\/site\/#organization","name":"Kalot","url":"https:\/\/kalot.com.mx\/site\/","logo":{"@type":"ImageObject","inLanguage":"es","@id":"https:\/\/kalot.com.mx\/site\/#\/schema\/logo\/image\/","url":"https:\/\/i0.wp.com\/kalot.com.mx\/site\/wp-content\/uploads\/2020\/04\/Kalot-logo-sin-tagline.png?fit=1707%2C1014&ssl=1","contentUrl":"https:\/\/i0.wp.com\/kalot.com.mx\/site\/wp-content\/uploads\/2020\/04\/Kalot-logo-sin-tagline.png?fit=1707%2C1014&ssl=1","width":1707,"height":1014,"caption":"Kalot"},"image":{"@id":"https:\/\/kalot.com.mx\/site\/#\/schema\/logo\/image\/"},"sameAs":["http:\/\/facebook.com\/mxkalot","https:\/\/x.com\/kalotmx","http:\/\/instagram.com\/kalotmx","http:\/\/pinterest.com\/jorgeerana\/kalot"]},{"@type":"Person","@id":"https:\/\/kalot.com.mx\/site\/#\/schema\/person\/14675fd70b27798461d9dcfbc49a788e","name":"Andrea Debo","image":{"@type":"ImageObject","inLanguage":"es","@id":"https:\/\/secure.gravatar.com\/avatar\/3cfe57e23694d8cfae6513ce9e9fc81968b8f33a577b41fa95d73c53d7f1be88?s=96&d=mm&r=g","url":"https:\/\/secure.gravatar.com\/avatar\/3cfe57e23694d8cfae6513ce9e9fc81968b8f33a577b41fa95d73c53d7f1be88?s=96&d=mm&r=g","contentUrl":"https:\/\/secure.gravatar.com\/avatar\/3cfe57e23694d8cfae6513ce9e9fc81968b8f33a577b41fa95d73c53d7f1be88?s=96&d=mm&r=g","caption":"Andrea Debo"},"description":"Casi Psic\u00f3loga, poeta, pianista, so\u00f1adora, amante de la poes\u00eda, la m\u00fasica, la filosof\u00eda, del caf\u00e9 y de la vida . \"\u00a1Ladran Sancho! se\u00f1al de que cabalgamos.\"","sameAs":["www.facebook.com\/Lunaarabe","https:\/\/x.com\/@andiedeluna"],"url":"https:\/\/kalot.com.mx\/site\/author\/andrea\/"}]}},"jetpack_publicize_connections":[],"jetpack_featured_media_url":"https:\/\/i0.wp.com\/kalot.com.mx\/site\/wp-content\/uploads\/2014\/04\/chavela-vargas.jpg?fit=640%2C343&ssl=1","jetpack_shortlink":"https:\/\/wp.me\/p6IHEI-3Tt","jetpack-related-posts":[{"id":9033,"url":"https:\/\/kalot.com.mx\/site\/2014\/01\/04\/joaquin-sabina-se-retira-de-los-escenarios-en-serio\/","url_meta":{"origin":14971,"position":0},"title":"Joaqu\u00edn Sabina se retira de los escenarios&#8230; \u00bfEn serio?","author":"Rudy Marin","date":"4 enero, 2014","format":false,"excerpt":"La siguiente nota es una mera opini\u00f3n del autor En su gira Canciones para una crisis Joaqu\u00edn Sabina anunci\u00f3 en San Luis Potos\u00ed que nos ver\u00edamos el siguiente a\u00f1o, sin duda cre\u00ed que estaba cerca del retiro, que sacar\u00eda nuevo \u00e1lbum y se despedir\u00eda de los escenarios. Ese fue un\u2026","rel":"","context":"Entrada similar ","block_context":{"text":"Entrada similar ","link":""},"img":{"alt_text":"","src":"https:\/\/i0.wp.com\/kalot.com.mx\/site\/wp-content\/uploads\/2014\/01\/20140104-232758.jpg?fit=960%2C720&ssl=1&resize=350%2C200","width":350,"height":200,"srcset":"https:\/\/i0.wp.com\/kalot.com.mx\/site\/wp-content\/uploads\/2014\/01\/20140104-232758.jpg?fit=960%2C720&ssl=1&resize=350%2C200 1x, https:\/\/i0.wp.com\/kalot.com.mx\/site\/wp-content\/uploads\/2014\/01\/20140104-232758.jpg?fit=960%2C720&ssl=1&resize=525%2C300 1.5x, https:\/\/i0.wp.com\/kalot.com.mx\/site\/wp-content\/uploads\/2014\/01\/20140104-232758.jpg?fit=960%2C720&ssl=1&resize=700%2C400 2x"},"classes":[]},{"id":24771,"url":"https:\/\/kalot.com.mx\/site\/2016\/01\/17\/las-10-mejores-canciones-de-david-bowie\/","url_meta":{"origin":14971,"position":1},"title":"Las 10 Mejores Canciones de David Bowie","author":"Omar Herrera","date":"17 enero, 2016","format":false,"excerpt":"Sabemos que es muy dif\u00edcil enlistar las mejores canciones de uno de los cantautores m\u00e1s talentosos de todos los tiempos. Si, DE TODOS LOS TIEMPOS. Y en esta nota es por eso que a manera de homenaje compartiremos nuestras canciones predilectas del productor, cantante, arreglista, \u00edcono de la moda y\u2026","rel":"","context":"En &quot;Sin categor\u00eda&quot;","block_context":{"text":"Sin categor\u00eda","link":"https:\/\/kalot.com.mx\/site\/category\/sin-categoria\/"},"img":{"alt_text":"","src":"https:\/\/i0.wp.com\/kalot.com.mx\/site\/wp-content\/uploads\/2016\/01\/db.jpg?fit=737%2C273&ssl=1&resize=350%2C200","width":350,"height":200,"srcset":"https:\/\/i0.wp.com\/kalot.com.mx\/site\/wp-content\/uploads\/2016\/01\/db.jpg?fit=737%2C273&ssl=1&resize=350%2C200 1x, https:\/\/i0.wp.com\/kalot.com.mx\/site\/wp-content\/uploads\/2016\/01\/db.jpg?fit=737%2C273&ssl=1&resize=525%2C300 1.5x, https:\/\/i0.wp.com\/kalot.com.mx\/site\/wp-content\/uploads\/2016\/01\/db.jpg?fit=737%2C273&ssl=1&resize=700%2C400 2x"},"classes":[]},{"id":8098,"url":"https:\/\/kalot.com.mx\/site\/2013\/12\/20\/7-razones-para-amar-ed-sheeran\/","url_meta":{"origin":14971,"position":2},"title":"7 razones para amar a Ed Sheeran","author":"Mar\u00eda Alvarado","date":"20 diciembre, 2013","format":false,"excerpt":"Ed Sheeran es un m\u00fasico, cantante y autor ingl\u00e9s que \u00faltimamente ha causado revuelo debido a su exorbitante talento musical, su sencillez y su manera de ver la vida. Naci\u00f3 el 17 de febrero de 1991 en Halifax (reino Unido), desde aqu\u00ed podemos ver en el aparentemente corto tiempo que\u2026","rel":"","context":"En &quot;Sin categor\u00eda&quot;","block_context":{"text":"Sin categor\u00eda","link":"https:\/\/kalot.com.mx\/site\/category\/sin-categoria\/"},"img":{"alt_text":"","src":"https:\/\/i0.wp.com\/kalot.com.mx\/site\/wp-content\/uploads\/2013\/12\/ed-sheeran-4.jpg?fit=500%2C667&ssl=1&resize=350%2C200","width":350,"height":200},"classes":[]},{"id":13147,"url":"https:\/\/kalot.com.mx\/site\/2014\/03\/08\/dale_play\/","url_meta":{"origin":14971,"position":3},"title":"&#8220;Spotify&#8221; Dale play","author":"Nora Salas","date":"8 marzo, 2014","format":false,"excerpt":"Hola, aqu\u00ed yo de nuevo escribi\u00e9ndoles de las cosas de la vida (jaja de la m\u00eda). A todos nos gusta escuchar nuestras canciones favoritas, nuestros artistas preferidos o algo mientras sea una buena m\u00fasica. Hoy les recomendare una aplicaci\u00f3n muy buena para escuchar m\u00fasica desde su smarphone, su PC o\u2026","rel":"","context":"Entrada similar ","block_context":{"text":"Entrada similar ","link":""},"img":{"alt_text":"","src":"https:\/\/i0.wp.com\/kalot.com.mx\/site\/wp-content\/uploads\/2014\/03\/spotify1.jpg?fit=982%2C1200&ssl=1&resize=350%2C200","width":350,"height":200,"srcset":"https:\/\/i0.wp.com\/kalot.com.mx\/site\/wp-content\/uploads\/2014\/03\/spotify1.jpg?fit=982%2C1200&ssl=1&resize=350%2C200 1x, https:\/\/i0.wp.com\/kalot.com.mx\/site\/wp-content\/uploads\/2014\/03\/spotify1.jpg?fit=982%2C1200&ssl=1&resize=525%2C300 1.5x, https:\/\/i0.wp.com\/kalot.com.mx\/site\/wp-content\/uploads\/2014\/03\/spotify1.jpg?fit=982%2C1200&ssl=1&resize=700%2C400 2x"},"classes":[]},{"id":25081,"url":"https:\/\/kalot.com.mx\/site\/2016\/03\/17\/quienes-inspiraron-a-david-bowie\/","url_meta":{"origin":14971,"position":4},"title":"\u00bfQui\u00e9nes inspiraron a David Bowie?","author":"Aldo L\u00f3pez","date":"17 marzo, 2016","format":false,"excerpt":"A principios del presente a\u00f1o, el 10 de Enero, el mundo de la m\u00fasica y muy especialmente del rock se cimbr\u00f3 con la noticia del deceso de uno de los m\u00e1s multifac\u00e9ticos y talentosos artistas que ha pisado la tierra: David Bowie. Se le ha recordado en los medios con\u2026","rel":"","context":"En &quot;Cultura&quot;","block_context":{"text":"Cultura","link":"https:\/\/kalot.com.mx\/site\/category\/cultura\/"},"img":{"alt_text":"","src":"https:\/\/i0.wp.com\/kalot.com.mx\/site\/wp-content\/uploads\/2016\/03\/Bowie-1975_schapiro_parting-3.jpg?fit=401%2C299&ssl=1&resize=350%2C200","width":350,"height":200},"classes":[]},{"id":26922,"url":"https:\/\/kalot.com.mx\/site\/2017\/02\/02\/4-canciones-amar-la-musica-erlend-oye\/","url_meta":{"origin":14971,"position":5},"title":"4 canciones para amar la m\u00fasica de Erlend \u00d8ye","author":"Karen Tavera","date":"2 febrero, 2017","format":false,"excerpt":"Erlend\u00a0\u00d8ye es un m\u00fasico noruego que gan\u00f3 gran parte de su fama gracias al d\u00fao indie-folk Kings Of Convenience, quienes probablemente has escuchado por la canci\u00f3n I\u2019d Rather Dance With You. Por cierto, si ya eres fan \u00a1esta canci\u00f3n tiene casi 13 a\u00f1os! En fin, este talentoso m\u00fasico tambi\u00e9n fue\u2026","rel":"","context":"En &quot;M\u00fasica&quot;","block_context":{"text":"M\u00fasica","link":"https:\/\/kalot.com.mx\/site\/category\/musica\/"},"img":{"alt_text":"","src":"https:\/\/i0.wp.com\/kalot.com.mx\/site\/wp-content\/uploads\/2017\/02\/Kalot-4-canciones-amar-musica-erlend-oye1.png?fit=1160%2C707&ssl=1&resize=350%2C200","width":350,"height":200,"srcset":"https:\/\/i0.wp.com\/kalot.com.mx\/site\/wp-content\/uploads\/2017\/02\/Kalot-4-canciones-amar-musica-erlend-oye1.png?fit=1160%2C707&ssl=1&resize=350%2C200 1x, https:\/\/i0.wp.com\/kalot.com.mx\/site\/wp-content\/uploads\/2017\/02\/Kalot-4-canciones-amar-musica-erlend-oye1.png?fit=1160%2C707&ssl=1&resize=525%2C300 1.5x, https:\/\/i0.wp.com\/kalot.com.mx\/site\/wp-content\/uploads\/2017\/02\/Kalot-4-canciones-amar-musica-erlend-oye1.png?fit=1160%2C707&ssl=1&resize=700%2C400 2x, https:\/\/i0.wp.com\/kalot.com.mx\/site\/wp-content\/uploads\/2017\/02\/Kalot-4-canciones-amar-musica-erlend-oye1.png?fit=1160%2C707&ssl=1&resize=1050%2C600 3x"},"classes":[]}],"jetpack_sharing_enabled":true,"_links":{"self":[{"href":"https:\/\/kalot.com.mx\/site\/wp-json\/wp\/v2\/posts\/14971","targetHints":{"allow":["GET"]}}],"collection":[{"href":"https:\/\/kalot.com.mx\/site\/wp-json\/wp\/v2\/posts"}],"about":[{"href":"https:\/\/kalot.com.mx\/site\/wp-json\/wp\/v2\/types\/post"}],"author":[{"embeddable":true,"href":"https:\/\/kalot.com.mx\/site\/wp-json\/wp\/v2\/users\/87"}],"replies":[{"embeddable":true,"href":"https:\/\/kalot.com.mx\/site\/wp-json\/wp\/v2\/comments?post=14971"}],"version-history":[{"count":9,"href":"https:\/\/kalot.com.mx\/site\/wp-json\/wp\/v2\/posts\/14971\/revisions"}],"predecessor-version":[{"id":29945,"href":"https:\/\/kalot.com.mx\/site\/wp-json\/wp\/v2\/posts\/14971\/revisions\/29945"}],"wp:featuredmedia":[{"embeddable":true,"href":"https:\/\/kalot.com.mx\/site\/wp-json\/wp\/v2\/media\/14976"}],"wp:attachment":[{"href":"https:\/\/kalot.com.mx\/site\/wp-json\/wp\/v2\/media?parent=14971"}],"wp:term":[{"taxonomy":"category","embeddable":true,"href":"https:\/\/kalot.com.mx\/site\/wp-json\/wp\/v2\/categories?post=14971"},{"taxonomy":"post_tag","embeddable":true,"href":"https:\/\/kalot.com.mx\/site\/wp-json\/wp\/v2\/tags?post=14971"}],"curies":[{"name":"wp","href":"https:\/\/api.w.org\/{rel}","templated":true}]}}