{"id":14963,"date":"2014-04-17T04:11:16","date_gmt":"2014-04-17T09:11:16","guid":{"rendered":"http:\/\/www.kalot.com.mx\/?p=14963"},"modified":"2014-04-17T04:11:16","modified_gmt":"2014-04-17T09:11:16","slug":"seamos-ingenuos-cambiemos-el-mundo","status":"publish","type":"post","link":"https:\/\/kalot.com.mx\/site\/2014\/04\/17\/seamos-ingenuos-cambiemos-el-mundo\/","title":{"rendered":"Seamos ingenuos: Cambiemos el mundo"},"content":{"rendered":"<p>Las conferencias TED son aquellas que se organizan alrededor del mundo\u00a0 con ponentes que se salen completamente del esquema dentro de sus profesiones \u00a0y \u00e1reas de desarrollo, el objetivo de dichas conferencias es que se puedan subir a internet para poder ser vistas as\u00ed como \u00a0traducidas a diferentes idiomas y de una forma gratis.<\/p>\n<p>Estas pl\u00e1ticas \u00a0generan un gran impacto en quien las escucha o en su defecto de quien \u00a0las presencia en vivo.\u00a0 Los temas son tan variamos como interesantes, que van desde una maestra dando clases en una zona rural y que sus alumnos puedan ser capaces de aportar datos a la NASA hasta \u00a0un proyecto mexicano para poder adaptar el internet en las zonas con extrema pobreza \u00a0con solo marcar un n\u00famero de tel\u00e9fono.<\/p>\n<p>El pasado 25 de enero se realiz\u00f3 en M\u00e9xico el ciclo de estas conferencias que se llevan realizando desde 2009 con un gran \u00e9xito. Los ponentes m\u00e1s destacados fueron Antonio Sabater, C\u00e9sar Salazar y Sebasti\u00e1n Tonda con su proyecto <a href=\"https:\/\/www.kickstarter.com\/projects\/flock\/verbal-voice-internet\">Verbal.<\/a><\/p>\n<p>Te dejo las pl\u00e1ticas m\u00e1s importantes que se presentaron \u00e9ste a\u00f1o en M\u00e9xico; Espero que sirvan de inspiraci\u00f3n a ustedes que las escuchen y como dice Sebasti\u00e1n Tonda, espero que todos seamos tan ingenuos como para atrevernos a cambiar el mundo.<\/p>\n<p>Sebasti\u00e1n Tonda (M\u00e9xico)<\/p>\n<span class=\"embed-youtube\" style=\"text-align:center; display: block;\"><iframe class=\"youtube-player\" width=\"1200\" height=\"675\" src=\"https:\/\/www.youtube.com\/embed\/uE9vGKXNJ7E?version=3&#038;rel=1&#038;showsearch=0&#038;showinfo=1&#038;iv_load_policy=1&#038;fs=1&#038;hl=es-MX&#038;autohide=2&#038;wmode=transparent\" allowfullscreen=\"true\" style=\"border:0;\" sandbox=\"allow-scripts allow-same-origin allow-popups allow-presentation allow-popups-to-escape-sandbox\"><\/iframe><\/span>\n<p>C\u00e9sar Salazar (M\u00e9xico)<\/p>\n<span class=\"embed-youtube\" style=\"text-align:center; display: block;\"><iframe class=\"youtube-player\" width=\"1200\" height=\"675\" src=\"https:\/\/www.youtube.com\/embed\/4-QjYySrgMw?version=3&#038;rel=1&#038;showsearch=0&#038;showinfo=1&#038;iv_load_policy=1&#038;fs=1&#038;hl=es-MX&#038;autohide=2&#038;wmode=transparent\" allowfullscreen=\"true\" style=\"border:0;\" sandbox=\"allow-scripts allow-same-origin allow-popups allow-presentation allow-popups-to-escape-sandbox\"><\/iframe><\/span>\n<p>Merdeces Arrubla (Bogot\u00e1)<\/p>\n<span class=\"embed-youtube\" style=\"text-align:center; display: block;\"><iframe class=\"youtube-player\" width=\"1200\" height=\"675\" src=\"https:\/\/www.youtube.com\/embed\/d1S-_sbHbbI?version=3&#038;rel=1&#038;showsearch=0&#038;showinfo=1&#038;iv_load_policy=1&#038;fs=1&#038;hl=es-MX&#038;autohide=2&#038;wmode=transparent\" allowfullscreen=\"true\" style=\"border:0;\" sandbox=\"allow-scripts allow-same-origin allow-popups allow-presentation allow-popups-to-escape-sandbox\"><\/iframe><\/span>\n<p>Juan Pablo Gaviria (Bogot\u00e1)<\/p>\n<span class=\"embed-youtube\" style=\"text-align:center; display: block;\"><iframe class=\"youtube-player\" width=\"1200\" height=\"675\" src=\"https:\/\/www.youtube.com\/embed\/wLlLHJsPuqY?version=3&#038;rel=1&#038;showsearch=0&#038;showinfo=1&#038;iv_load_policy=1&#038;fs=1&#038;hl=es-MX&#038;autohide=2&#038;wmode=transparent\" allowfullscreen=\"true\" style=\"border:0;\" sandbox=\"allow-scripts allow-same-origin allow-popups allow-presentation allow-popups-to-escape-sandbox\"><\/iframe><\/span>\n&nbsp;<\/p>\n<p>&nbsp;<\/p>\n<p>&nbsp;<\/p>\n<p>&nbsp;<\/p>\n","protected":false},"excerpt":{"rendered":"Las conferencias TED son aquellas que se organizan alrededor del mundo\u00a0 con ponentes que se salen completamente del&hellip;\n","protected":false},"author":93,"featured_media":14966,"comment_status":"open","ping_status":"open","sticky":false,"template":"","format":"standard","meta":{"jetpack_post_was_ever_published":false,"_jetpack_newsletter_access":"","_jetpack_dont_email_post_to_subs":false,"_jetpack_newsletter_tier_id":0,"_jetpack_memberships_contains_paywalled_content":false,"_jetpack_memberships_contains_paid_content":false,"footnotes":"","jetpack_publicize_message":"","jetpack_publicize_feature_enabled":true,"jetpack_social_post_already_shared":true,"jetpack_social_options":{"image_generator_settings":{"template":"highway","default_image_id":0,"font":"","enabled":false},"version":2}},"categories":[],"tags":[],"class_list":{"0":"post-14963","1":"post","2":"type-post","3":"status-publish","4":"format-standard","5":"has-post-thumbnail","7":"cs-entry","8":"cs-video-wrap"},"yoast_head":"<!-- This site is optimized with the Yoast SEO plugin v27.5 - https:\/\/yoast.com\/product\/yoast-seo-wordpress\/ -->\n<title>Seamos ingenuos: Cambiemos el mundo - Kalot<\/title>\n<meta name=\"description\" content=\"Las conferencias TED son aquellas que se organizan alrededor del mundo\u00a0 con ponentes que se salen completamente del esquema dentro de sus profesiones \u00a0y\" \/>\n<meta name=\"robots\" content=\"index, follow, max-snippet:-1, max-image-preview:large, max-video-preview:-1\" \/>\n<link rel=\"canonical\" href=\"https:\/\/kalot.com.mx\/site\/2014\/04\/17\/seamos-ingenuos-cambiemos-el-mundo\/\" \/>\n<meta property=\"og:locale\" content=\"es_MX\" \/>\n<meta property=\"og:type\" content=\"article\" \/>\n<meta property=\"og:title\" content=\"Seamos ingenuos: Cambiemos el mundo - Kalot\" \/>\n<meta property=\"og:description\" content=\"Las conferencias TED son aquellas que se organizan alrededor del mundo\u00a0 con ponentes que se salen completamente del esquema dentro de sus profesiones \u00a0y\" \/>\n<meta property=\"og:url\" content=\"https:\/\/kalot.com.mx\/site\/2014\/04\/17\/seamos-ingenuos-cambiemos-el-mundo\/\" \/>\n<meta property=\"og:site_name\" content=\"Kalot\" \/>\n<meta property=\"article:publisher\" content=\"http:\/\/facebook.com\/mxkalot\" \/>\n<meta property=\"article:published_time\" content=\"2014-04-17T09:11:16+00:00\" \/>\n<meta property=\"og:image\" content=\"https:\/\/i0.wp.com\/kalot.com.mx\/site\/wp-content\/uploads\/2014\/04\/ted-talks.png?fit=630%2C300&ssl=1\" \/>\n\t<meta property=\"og:image:width\" content=\"630\" \/>\n\t<meta property=\"og:image:height\" content=\"300\" \/>\n\t<meta property=\"og:image:type\" content=\"image\/png\" \/>\n<meta name=\"author\" content=\"Salvador Rugerio\" \/>\n<meta name=\"twitter:card\" content=\"summary_large_image\" \/>\n<meta name=\"twitter:creator\" content=\"@Chava_rugerio\" \/>\n<meta name=\"twitter:site\" content=\"@kalotmx\" \/>\n<meta name=\"twitter:label1\" content=\"Escrito por\" \/>\n\t<meta name=\"twitter:data1\" content=\"Salvador Rugerio\" \/>\n\t<meta name=\"twitter:label2\" content=\"Tiempo de lectura\" \/>\n\t<meta name=\"twitter:data2\" content=\"1 minuto\" \/>\n<!-- \/ Yoast SEO plugin. -->","yoast_head_json":{"title":"Seamos ingenuos: Cambiemos el mundo - Kalot","description":"Las conferencias TED son aquellas que se organizan alrededor del mundo\u00a0 con ponentes que se salen completamente del esquema dentro de sus profesiones \u00a0y","robots":{"index":"index","follow":"follow","max-snippet":"max-snippet:-1","max-image-preview":"max-image-preview:large","max-video-preview":"max-video-preview:-1"},"canonical":"https:\/\/kalot.com.mx\/site\/2014\/04\/17\/seamos-ingenuos-cambiemos-el-mundo\/","og_locale":"es_MX","og_type":"article","og_title":"Seamos ingenuos: Cambiemos el mundo - Kalot","og_description":"Las conferencias TED son aquellas que se organizan alrededor del mundo\u00a0 con ponentes que se salen completamente del esquema dentro de sus profesiones \u00a0y","og_url":"https:\/\/kalot.com.mx\/site\/2014\/04\/17\/seamos-ingenuos-cambiemos-el-mundo\/","og_site_name":"Kalot","article_publisher":"http:\/\/facebook.com\/mxkalot","article_published_time":"2014-04-17T09:11:16+00:00","og_image":[{"width":630,"height":300,"url":"https:\/\/i0.wp.com\/kalot.com.mx\/site\/wp-content\/uploads\/2014\/04\/ted-talks.png?fit=630%2C300&ssl=1","type":"image\/png"}],"author":"Salvador Rugerio","twitter_card":"summary_large_image","twitter_creator":"@Chava_rugerio","twitter_site":"@kalotmx","twitter_misc":{"Escrito por":"Salvador Rugerio","Tiempo de lectura":"1 minuto"},"schema":{"@context":"https:\/\/schema.org","@graph":[{"@type":"Article","@id":"https:\/\/kalot.com.mx\/site\/2014\/04\/17\/seamos-ingenuos-cambiemos-el-mundo\/#article","isPartOf":{"@id":"https:\/\/kalot.com.mx\/site\/2014\/04\/17\/seamos-ingenuos-cambiemos-el-mundo\/"},"author":{"name":"Salvador Rugerio","@id":"https:\/\/kalot.com.mx\/site\/#\/schema\/person\/9af500d91295fe7dad8daf8cfb9c597d"},"headline":"Seamos ingenuos: Cambiemos el mundo","datePublished":"2014-04-17T09:11:16+00:00","mainEntityOfPage":{"@id":"https:\/\/kalot.com.mx\/site\/2014\/04\/17\/seamos-ingenuos-cambiemos-el-mundo\/"},"wordCount":281,"commentCount":0,"publisher":{"@id":"https:\/\/kalot.com.mx\/site\/#organization"},"image":{"@id":"https:\/\/kalot.com.mx\/site\/2014\/04\/17\/seamos-ingenuos-cambiemos-el-mundo\/#primaryimage"},"thumbnailUrl":"https:\/\/i0.wp.com\/kalot.com.mx\/site\/wp-content\/uploads\/2014\/04\/ted-talks.png?fit=630%2C300&ssl=1","inLanguage":"es","potentialAction":[{"@type":"CommentAction","name":"Comment","target":["https:\/\/kalot.com.mx\/site\/2014\/04\/17\/seamos-ingenuos-cambiemos-el-mundo\/#respond"]}]},{"@type":"WebPage","@id":"https:\/\/kalot.com.mx\/site\/2014\/04\/17\/seamos-ingenuos-cambiemos-el-mundo\/","url":"https:\/\/kalot.com.mx\/site\/2014\/04\/17\/seamos-ingenuos-cambiemos-el-mundo\/","name":"Seamos ingenuos: Cambiemos el mundo - Kalot","isPartOf":{"@id":"https:\/\/kalot.com.mx\/site\/#website"},"primaryImageOfPage":{"@id":"https:\/\/kalot.com.mx\/site\/2014\/04\/17\/seamos-ingenuos-cambiemos-el-mundo\/#primaryimage"},"image":{"@id":"https:\/\/kalot.com.mx\/site\/2014\/04\/17\/seamos-ingenuos-cambiemos-el-mundo\/#primaryimage"},"thumbnailUrl":"https:\/\/i0.wp.com\/kalot.com.mx\/site\/wp-content\/uploads\/2014\/04\/ted-talks.png?fit=630%2C300&ssl=1","datePublished":"2014-04-17T09:11:16+00:00","description":"Las conferencias TED son aquellas que se organizan alrededor del mundo\u00a0 con ponentes que se salen completamente del esquema dentro de sus profesiones \u00a0y","breadcrumb":{"@id":"https:\/\/kalot.com.mx\/site\/2014\/04\/17\/seamos-ingenuos-cambiemos-el-mundo\/#breadcrumb"},"inLanguage":"es","potentialAction":[{"@type":"ReadAction","target":["https:\/\/kalot.com.mx\/site\/2014\/04\/17\/seamos-ingenuos-cambiemos-el-mundo\/"]}]},{"@type":"ImageObject","inLanguage":"es","@id":"https:\/\/kalot.com.mx\/site\/2014\/04\/17\/seamos-ingenuos-cambiemos-el-mundo\/#primaryimage","url":"https:\/\/i0.wp.com\/kalot.com.mx\/site\/wp-content\/uploads\/2014\/04\/ted-talks.png?fit=630%2C300&ssl=1","contentUrl":"https:\/\/i0.wp.com\/kalot.com.mx\/site\/wp-content\/uploads\/2014\/04\/ted-talks.png?fit=630%2C300&ssl=1","width":630,"height":300},{"@type":"BreadcrumbList","@id":"https:\/\/kalot.com.mx\/site\/2014\/04\/17\/seamos-ingenuos-cambiemos-el-mundo\/#breadcrumb","itemListElement":[{"@type":"ListItem","position":1,"name":"Home","item":"https:\/\/kalot.com.mx\/site\/"},{"@type":"ListItem","position":2,"name":"Seamos ingenuos: Cambiemos el mundo"}]},{"@type":"WebSite","@id":"https:\/\/kalot.com.mx\/site\/#website","url":"https:\/\/kalot.com.mx\/site\/","name":"Kalot","description":"Conoce Todo Sobre Todo","publisher":{"@id":"https:\/\/kalot.com.mx\/site\/#organization"},"potentialAction":[{"@type":"SearchAction","target":{"@type":"EntryPoint","urlTemplate":"https:\/\/kalot.com.mx\/site\/?s={search_term_string}"},"query-input":{"@type":"PropertyValueSpecification","valueRequired":true,"valueName":"search_term_string"}}],"inLanguage":"es"},{"@type":"Organization","@id":"https:\/\/kalot.com.mx\/site\/#organization","name":"Kalot","url":"https:\/\/kalot.com.mx\/site\/","logo":{"@type":"ImageObject","inLanguage":"es","@id":"https:\/\/kalot.com.mx\/site\/#\/schema\/logo\/image\/","url":"https:\/\/i0.wp.com\/kalot.com.mx\/site\/wp-content\/uploads\/2020\/04\/Kalot-logo-sin-tagline.png?fit=1707%2C1014&ssl=1","contentUrl":"https:\/\/i0.wp.com\/kalot.com.mx\/site\/wp-content\/uploads\/2020\/04\/Kalot-logo-sin-tagline.png?fit=1707%2C1014&ssl=1","width":1707,"height":1014,"caption":"Kalot"},"image":{"@id":"https:\/\/kalot.com.mx\/site\/#\/schema\/logo\/image\/"},"sameAs":["http:\/\/facebook.com\/mxkalot","https:\/\/x.com\/kalotmx","http:\/\/instagram.com\/kalotmx","http:\/\/pinterest.com\/jorgeerana\/kalot"]},{"@type":"Person","@id":"https:\/\/kalot.com.mx\/site\/#\/schema\/person\/9af500d91295fe7dad8daf8cfb9c597d","name":"Salvador Rugerio","image":{"@type":"ImageObject","inLanguage":"es","@id":"https:\/\/secure.gravatar.com\/avatar\/f85109a71c6c0bd952beaff8f672ddd91205e61409187d26b4b7a04160855bfe?s=96&d=mm&r=g","url":"https:\/\/secure.gravatar.com\/avatar\/f85109a71c6c0bd952beaff8f672ddd91205e61409187d26b4b7a04160855bfe?s=96&d=mm&r=g","contentUrl":"https:\/\/secure.gravatar.com\/avatar\/f85109a71c6c0bd952beaff8f672ddd91205e61409187d26b4b7a04160855bfe?s=96&d=mm&r=g","caption":"Salvador Rugerio"},"description":"Poblano de 23 a\u00f1os que intenta ser fot\u00f3grafo y que encontr\u00e9 en la publicidad as\u00ed como en el dise\u00f1o el desahogo creativo que he buscado hasta ahora. No me pregunten sobre mi futuro que ni Yoda lo sabe.","sameAs":["https:\/\/x.com\/@Chava_rugerio"],"url":"https:\/\/kalot.com.mx\/site\/author\/salvador\/"}]}},"jetpack_publicize_connections":[],"jetpack_featured_media_url":"https:\/\/i0.wp.com\/kalot.com.mx\/site\/wp-content\/uploads\/2014\/04\/ted-talks.png?fit=630%2C300&ssl=1","jetpack_shortlink":"https:\/\/wp.me\/p6IHEI-3Tl","jetpack-related-posts":[{"id":15430,"url":"https:\/\/kalot.com.mx\/site\/2014\/04\/26\/asi-estuvieron-el-2o-y-3o-dia-de-emporio-en-la-upslp\/","url_meta":{"origin":14963,"position":0},"title":"As\u00ed estuvieron el 2\u00ba y 3\u00ba d\u00eda de Emporio en la UPSLP","author":"Omar Herrera","date":"26 abril, 2014","format":false,"excerpt":"El jueves 24 nuevamente la cita con Emporio comenz\u00f3 desde las 8:00 am en donde desde el \u00e1rea de registro del Foro la gente esperaba con ansias el acceso para en punto de las 8:50 am para ver a Carolina Tkachuk quien nos hablar\u00eda del citybranding y la competividad urbana.\u2026","rel":"","context":"En &quot;Sin categor\u00eda&quot;","block_context":{"text":"Sin categor\u00eda","link":"https:\/\/kalot.com.mx\/site\/category\/sin-categoria\/"},"img":{"alt_text":"","src":"https:\/\/i0.wp.com\/kalot.com.mx\/site\/wp-content\/uploads\/2014\/04\/241.jpg?fit=779%2C522&ssl=1&resize=350%2C200","width":350,"height":200,"srcset":"https:\/\/i0.wp.com\/kalot.com.mx\/site\/wp-content\/uploads\/2014\/04\/241.jpg?fit=779%2C522&ssl=1&resize=350%2C200 1x, https:\/\/i0.wp.com\/kalot.com.mx\/site\/wp-content\/uploads\/2014\/04\/241.jpg?fit=779%2C522&ssl=1&resize=525%2C300 1.5x, https:\/\/i0.wp.com\/kalot.com.mx\/site\/wp-content\/uploads\/2014\/04\/241.jpg?fit=779%2C522&ssl=1&resize=700%2C400 2x"},"classes":[]},{"id":21818,"url":"https:\/\/kalot.com.mx\/site\/2015\/06\/17\/fue-todo-del-e3-2015-no-tenemos-mas-noticias\/","url_meta":{"origin":14963,"position":1},"title":"\u00bfFUE TODO DEL E3 2015? NO!!! Tenemos m\u00e1s noticias.","author":"HM_MKT007","date":"17 junio, 2015","format":false,"excerpt":"Este E3, seguramente dejo muchos claros y obscuros en todo sentido, mientras unos destacaron enormemente como XBOX, otros simplemente dieron pie firme, mostrando que tienen todo para seguir siendo los reyes, como PS4, y mientras, otros dejaron en claro, que sus consolas pronto dejar\u00e1n de ser las estrellas, con pocos\u2026","rel":"","context":"Entrada similar ","block_context":{"text":"Entrada similar ","link":""},"img":{"alt_text":"","src":"https:\/\/i0.wp.com\/kalot.com.mx\/site\/wp-content\/uploads\/2015\/06\/E3-2015.jpg?fit=620%2C372&ssl=1&resize=350%2C200","width":350,"height":200,"srcset":"https:\/\/i0.wp.com\/kalot.com.mx\/site\/wp-content\/uploads\/2015\/06\/E3-2015.jpg?fit=620%2C372&ssl=1&resize=350%2C200 1x, https:\/\/i0.wp.com\/kalot.com.mx\/site\/wp-content\/uploads\/2015\/06\/E3-2015.jpg?fit=620%2C372&ssl=1&resize=525%2C300 1.5x"},"classes":[]},{"id":5509,"url":"https:\/\/kalot.com.mx\/site\/2013\/11\/01\/festival-del-chocolate-festivalchoco-tinchodelacruz\/","url_meta":{"origin":14963,"position":2},"title":"Festival del chocolate @FestivalChoco @tinchodelacruz","author":"Samuel Arriaga","date":"1 noviembre, 2013","format":false,"excerpt":"El festival nace con el fin de promover la tradici\u00f3n, la gastronom\u00eda y el turismo considerando como eje tem\u00e1tico la semilla del cacao criollo originario de Tabasco, y el chocolate local, con un enfoque desde diferentes dimensiones: cultural, antropol\u00f3gico, social y econ\u00f3mico. Para ello se llevo acabo la organizaci\u00f3n de\u2026","rel":"","context":"Entrada similar ","block_context":{"text":"Entrada similar ","link":""},"img":{"alt_text":"","src":"https:\/\/i0.wp.com\/kalot.com.mx\/site\/wp-content\/uploads\/2013\/11\/Captura.jpg?fit=645%2C430&ssl=1&resize=350%2C200","width":350,"height":200,"srcset":"https:\/\/i0.wp.com\/kalot.com.mx\/site\/wp-content\/uploads\/2013\/11\/Captura.jpg?fit=645%2C430&ssl=1&resize=350%2C200 1x, https:\/\/i0.wp.com\/kalot.com.mx\/site\/wp-content\/uploads\/2013\/11\/Captura.jpg?fit=645%2C430&ssl=1&resize=525%2C300 1.5x"},"classes":[]},{"id":25617,"url":"https:\/\/kalot.com.mx\/site\/2016\/06\/23\/rodando-film-festival-una-oportunidad-unirse-cine\/","url_meta":{"origin":14963,"position":3},"title":"Rodando Film Festival: una oportunidad para unirse con el cine","author":"Cristina Flores","date":"23 junio, 2016","format":false,"excerpt":"En San Luis Potos\u00ed el cine puede llegar a ser muy desvalorizado; posiblemente gran parte del p\u00fablico se limite \u00fanicamente a la recepci\u00f3n de producciones comerciales y muy taquilleras, pero, por otro lado, han surgido y se han fortalecido algunos festivales que vienen a romper esa acotada barrera entre cine\u2026","rel":"","context":"En &quot;Cine&quot;","block_context":{"text":"Cine","link":"https:\/\/kalot.com.mx\/site\/category\/cine\/"},"img":{"alt_text":"","src":"https:\/\/i0.wp.com\/kalot.com.mx\/site\/wp-content\/uploads\/2016\/06\/13331076_1150239458361191_569193326665555835_n-1.jpg?fit=960%2C353&ssl=1&resize=350%2C200","width":350,"height":200,"srcset":"https:\/\/i0.wp.com\/kalot.com.mx\/site\/wp-content\/uploads\/2016\/06\/13331076_1150239458361191_569193326665555835_n-1.jpg?fit=960%2C353&ssl=1&resize=350%2C200 1x, https:\/\/i0.wp.com\/kalot.com.mx\/site\/wp-content\/uploads\/2016\/06\/13331076_1150239458361191_569193326665555835_n-1.jpg?fit=960%2C353&ssl=1&resize=525%2C300 1.5x, https:\/\/i0.wp.com\/kalot.com.mx\/site\/wp-content\/uploads\/2016\/06\/13331076_1150239458361191_569193326665555835_n-1.jpg?fit=960%2C353&ssl=1&resize=700%2C400 2x"},"classes":[]},{"id":15280,"url":"https:\/\/kalot.com.mx\/site\/2014\/04\/24\/asi-se-puso-el-1er-dia-de-emporio-en-la-upslp\/","url_meta":{"origin":14963,"position":4},"title":"As\u00ed se puso el 1er d\u00eda de Emporio en la UPSLP","author":"Omar Herrera","date":"24 abril, 2014","format":false,"excerpt":"Finalmente el d\u00eda en que las capitales del marketing tuvieran su encuentro ha llegado. Desde las 8: am los asistentes comenzaron a arribar a las instalaciones de la Universidad Polit\u00e9cnica de San Luis Potos\u00ed. En punto de las 9:00 am la audiencia comenz\u00f3 a tomar sus lugares y alistarse para\u2026","rel":"","context":"En &quot;Sin categor\u00eda&quot;","block_context":{"text":"Sin categor\u00eda","link":"https:\/\/kalot.com.mx\/site\/category\/sin-categoria\/"},"img":{"alt_text":"","src":"https:\/\/i0.wp.com\/kalot.com.mx\/site\/wp-content\/uploads\/2014\/04\/7a.jpg?fit=780%2C521&ssl=1&resize=350%2C200","width":350,"height":200,"srcset":"https:\/\/i0.wp.com\/kalot.com.mx\/site\/wp-content\/uploads\/2014\/04\/7a.jpg?fit=780%2C521&ssl=1&resize=350%2C200 1x, https:\/\/i0.wp.com\/kalot.com.mx\/site\/wp-content\/uploads\/2014\/04\/7a.jpg?fit=780%2C521&ssl=1&resize=525%2C300 1.5x, https:\/\/i0.wp.com\/kalot.com.mx\/site\/wp-content\/uploads\/2014\/04\/7a.jpg?fit=780%2C521&ssl=1&resize=700%2C400 2x"},"classes":[]},{"id":15736,"url":"https:\/\/kalot.com.mx\/site\/2014\/05\/03\/semana-de-admistracion-y-gestion\/","url_meta":{"origin":14963,"position":5},"title":"D\u00e9cima Semana de Admistraci\u00f3n y Gesti\u00f3n D.I.E.Z","author":"Gustavo Elizarrar\u00e1s","date":"3 mayo, 2014","format":false,"excerpt":"\u00bfYa conocen la D\u00e9cima Semana de Administraci\u00f3n y Gesti\u00f3n? Este a\u00f1o se titula \u201cUn Profesionista de D.I.E.Z.\u201d \u00bfQUIENES SOMOS? La Semana de Administraci\u00f3n es un evento acad\u00e9mico llevado a cabo por alumnos de la generaci\u00f3n que comprende el 7\u00b0 y 8\u00b0 semestre de la Licenciatura en Administraci\u00f3n y Gesti\u00f3n de\u2026","rel":"","context":"En &quot;Sin categor\u00eda&quot;","block_context":{"text":"Sin categor\u00eda","link":"https:\/\/kalot.com.mx\/site\/category\/sin-categoria\/"},"img":{"alt_text":"","src":"https:\/\/i0.wp.com\/kalot.com.mx\/site\/wp-content\/uploads\/2014\/05\/semana-de-la-administraci%C3%B3n-y-gestion-de-la-universidad-politecnica-slp.jpg?fit=589%2C565&ssl=1&resize=350%2C200","width":350,"height":200,"srcset":"https:\/\/i0.wp.com\/kalot.com.mx\/site\/wp-content\/uploads\/2014\/05\/semana-de-la-administraci%C3%B3n-y-gestion-de-la-universidad-politecnica-slp.jpg?fit=589%2C565&ssl=1&resize=350%2C200 1x, https:\/\/i0.wp.com\/kalot.com.mx\/site\/wp-content\/uploads\/2014\/05\/semana-de-la-administraci%C3%B3n-y-gestion-de-la-universidad-politecnica-slp.jpg?fit=589%2C565&ssl=1&resize=525%2C300 1.5x"},"classes":[]}],"jetpack_sharing_enabled":true,"_links":{"self":[{"href":"https:\/\/kalot.com.mx\/site\/wp-json\/wp\/v2\/posts\/14963","targetHints":{"allow":["GET"]}}],"collection":[{"href":"https:\/\/kalot.com.mx\/site\/wp-json\/wp\/v2\/posts"}],"about":[{"href":"https:\/\/kalot.com.mx\/site\/wp-json\/wp\/v2\/types\/post"}],"author":[{"embeddable":true,"href":"https:\/\/kalot.com.mx\/site\/wp-json\/wp\/v2\/users\/93"}],"replies":[{"embeddable":true,"href":"https:\/\/kalot.com.mx\/site\/wp-json\/wp\/v2\/comments?post=14963"}],"version-history":[{"count":0,"href":"https:\/\/kalot.com.mx\/site\/wp-json\/wp\/v2\/posts\/14963\/revisions"}],"wp:featuredmedia":[{"embeddable":true,"href":"https:\/\/kalot.com.mx\/site\/wp-json\/wp\/v2\/media\/14966"}],"wp:attachment":[{"href":"https:\/\/kalot.com.mx\/site\/wp-json\/wp\/v2\/media?parent=14963"}],"wp:term":[{"taxonomy":"category","embeddable":true,"href":"https:\/\/kalot.com.mx\/site\/wp-json\/wp\/v2\/categories?post=14963"},{"taxonomy":"post_tag","embeddable":true,"href":"https:\/\/kalot.com.mx\/site\/wp-json\/wp\/v2\/tags?post=14963"}],"curies":[{"name":"wp","href":"https:\/\/api.w.org\/{rel}","templated":true}]}}