{"id":14935,"date":"2014-04-15T14:20:54","date_gmt":"2014-04-15T19:20:54","guid":{"rendered":"http:\/\/www.kalot.com.mx\/?p=14935"},"modified":"2014-04-15T14:20:54","modified_gmt":"2014-04-15T19:20:54","slug":"nuevo-yahoo-para-mujeres","status":"publish","type":"post","link":"https:\/\/kalot.com.mx\/site\/2014\/04\/15\/nuevo-yahoo-para-mujeres\/","title":{"rendered":"Nuevo Yahoo para mujeres"},"content":{"rendered":"<p style=\"text-align: justify\">La consejera delegada de Yahoo!,\u00a0Marissa Mayer, se mantiene en la senda de su apuesta por los contenidos de calidad, y acaba de fichar a\u00a0Bobbi Brown, la fundadora y rostro visible de la famosa firma norteamericana de maquillaje que lleva su nombre, como editora jefa de su secci\u00f3n de Belleza.<\/p>\n<p style=\"text-align: justify\">As\u00ed lo ha anunciado en una entrada en el Tumblr oficial de Yahoo! la responsable de marketing de la compa\u00f1\u00eda,\u00a0Kathy Savitt, quien ha se\u00f1alado que Brown se encargar\u00e1, a partir del pr\u00f3ximo 21 de abril, de la direcci\u00f3n editorial y de la expansi\u00f3n y \u00abreimaginaci\u00f3n\u00bb de Yahoo! Beauty,\u00a0as\u00ed como de la b\u00fasqueda de contenidos originales para la misma.<\/p>\n<p style=\"text-align: justify\">Savitt espera que Brown aporte a la audiencia de Yahoo! sus conocimientos de belleza, as\u00ed como un punto de vista diferente, \u00abque inspirar\u00e1 a millones de mujeres a diario\u00bb. Yahoo! tambi\u00e9n prev\u00e9 que Brown fiche para su equipo editorial a \u00abalgunas de las mejores voces independientes del mundo de la belleza y el maquillaje\u00bb. La de Brown es una cara habitual en eventos como la New York Fashion Week.\u00a0Es, tambi\u00e9n, la maquilladora preferida de muchos dise\u00f1adores de moda y estrellas del mundo del espect\u00e1culo.<\/p>\n<p style=\"text-align: justify\">Respecto a su fichaje, Brown ha se\u00f1alado que intentar\u00e1 combinar su inter\u00e9s por la educaci\u00f3n y el empoderamiento que muestre a las mujeres c\u00f3mo sacar lo mejor de s\u00ed mismas. \u00abLa belleza no solo tiene que ver con el maquillaje, sino tambi\u00e9n con el estilo de vida y la confianza\u00bb, ha asegurado. La fundadora de la conocida firma de maquillajes, fragancias y cuidado de la piel (con presencia en los mercados de 60 pa\u00edses) no es nueva en esto de escribir: ha publicado ocho libros sobre belleza y estilo de vida.<\/p>\n<p style=\"text-align: justify\">Yahoo! tampoco es la \u00fanica tecnol\u00f3gica que busca en el mundo de la moda, la belleza y el estilo a cabezas pensantes para sus nuevas l\u00edneas de negocio. Hace apenas unos meses,\u00a0Apple fich\u00f3 a la hasta entonces CEO de Burberry,\u00a0Angela Ahrendts, como vicepresidente s\u00e9nior del departamento de tiendas, y un poco antes ya contrat\u00f3 a\u00a0Paul Deneve, antes CEO de YSL, como responsable de proyectos especiales.<\/p>\n<p style=\"text-align: justify\">Fuente: <a title=\"ABC\" href=\"http:\/\/www.abc.es\/tecnologia\/redes\/20140413\/abci-yahoo-bobbi-brown-maquillaje-201404111424.html\" target=\"_blank\">ABC<\/a><\/p>\n","protected":false},"excerpt":{"rendered":"La consejera delegada de Yahoo!,\u00a0Marissa Mayer, se mantiene en la senda de su apuesta por los contenidos de&hellip;\n","protected":false},"author":33,"featured_media":14937,"comment_status":"open","ping_status":"open","sticky":false,"template":"","format":"standard","meta":{"jetpack_post_was_ever_published":false,"_jetpack_newsletter_access":"","_jetpack_dont_email_post_to_subs":false,"_jetpack_newsletter_tier_id":0,"_jetpack_memberships_contains_paywalled_content":false,"_jetpack_memberships_contains_paid_content":false,"footnotes":"","jetpack_publicize_message":"","jetpack_publicize_feature_enabled":true,"jetpack_social_post_already_shared":true,"jetpack_social_options":{"image_generator_settings":{"template":"highway","default_image_id":0,"font":"","enabled":false},"version":2}},"categories":[],"tags":[],"class_list":{"0":"post-14935","1":"post","2":"type-post","3":"status-publish","4":"format-standard","5":"has-post-thumbnail","7":"cs-entry","8":"cs-video-wrap"},"yoast_head":"<!-- This site is optimized with the Yoast SEO plugin v27.5 - https:\/\/yoast.com\/product\/yoast-seo-wordpress\/ -->\n<title>Nuevo Yahoo para mujeres  - Kalot<\/title>\n<meta name=\"description\" content=\"La consejera delegada de Yahoo!,\u00a0Marissa Mayer, se mantiene en la senda de su apuesta por los contenidos de calidad, y acaba de fichar a\u00a0Bobbi Brown, la\" \/>\n<meta name=\"robots\" content=\"index, follow, max-snippet:-1, max-image-preview:large, max-video-preview:-1\" \/>\n<link rel=\"canonical\" href=\"https:\/\/kalot.com.mx\/site\/2014\/04\/15\/nuevo-yahoo-para-mujeres\/\" \/>\n<meta property=\"og:locale\" content=\"es_MX\" \/>\n<meta property=\"og:type\" content=\"article\" \/>\n<meta property=\"og:title\" content=\"Nuevo Yahoo para mujeres  - Kalot\" \/>\n<meta property=\"og:description\" content=\"La consejera delegada de Yahoo!,\u00a0Marissa Mayer, se mantiene en la senda de su apuesta por los contenidos de calidad, y acaba de fichar a\u00a0Bobbi Brown, la\" \/>\n<meta property=\"og:url\" content=\"https:\/\/kalot.com.mx\/site\/2014\/04\/15\/nuevo-yahoo-para-mujeres\/\" \/>\n<meta property=\"og:site_name\" content=\"Kalot\" \/>\n<meta property=\"article:publisher\" content=\"http:\/\/facebook.com\/mxkalot\" \/>\n<meta property=\"article:published_time\" content=\"2014-04-15T19:20:54+00:00\" \/>\n<meta property=\"og:image\" content=\"https:\/\/i0.wp.com\/kalot.com.mx\/site\/wp-content\/uploads\/2014\/04\/yahoo-logo.jpg?fit=1684%2C960&ssl=1\" \/>\n\t<meta property=\"og:image:width\" content=\"1684\" \/>\n\t<meta property=\"og:image:height\" content=\"960\" \/>\n\t<meta property=\"og:image:type\" content=\"image\/jpeg\" \/>\n<meta name=\"author\" content=\"Samuel Arriaga\" \/>\n<meta name=\"twitter:card\" content=\"summary_large_image\" \/>\n<meta name=\"twitter:creator\" content=\"@kalotmx\" \/>\n<meta name=\"twitter:site\" content=\"@kalotmx\" \/>\n<meta name=\"twitter:label1\" content=\"Escrito por\" \/>\n\t<meta name=\"twitter:data1\" content=\"Samuel Arriaga\" \/>\n\t<meta name=\"twitter:label2\" content=\"Tiempo de lectura\" \/>\n\t<meta name=\"twitter:data2\" content=\"2 minutos\" \/>\n<!-- \/ Yoast SEO plugin. -->","yoast_head_json":{"title":"Nuevo Yahoo para mujeres  - Kalot","description":"La consejera delegada de Yahoo!,\u00a0Marissa Mayer, se mantiene en la senda de su apuesta por los contenidos de calidad, y acaba de fichar a\u00a0Bobbi Brown, la","robots":{"index":"index","follow":"follow","max-snippet":"max-snippet:-1","max-image-preview":"max-image-preview:large","max-video-preview":"max-video-preview:-1"},"canonical":"https:\/\/kalot.com.mx\/site\/2014\/04\/15\/nuevo-yahoo-para-mujeres\/","og_locale":"es_MX","og_type":"article","og_title":"Nuevo Yahoo para mujeres  - Kalot","og_description":"La consejera delegada de Yahoo!,\u00a0Marissa Mayer, se mantiene en la senda de su apuesta por los contenidos de calidad, y acaba de fichar a\u00a0Bobbi Brown, la","og_url":"https:\/\/kalot.com.mx\/site\/2014\/04\/15\/nuevo-yahoo-para-mujeres\/","og_site_name":"Kalot","article_publisher":"http:\/\/facebook.com\/mxkalot","article_published_time":"2014-04-15T19:20:54+00:00","og_image":[{"width":1684,"height":960,"url":"https:\/\/i0.wp.com\/kalot.com.mx\/site\/wp-content\/uploads\/2014\/04\/yahoo-logo.jpg?fit=1684%2C960&ssl=1","type":"image\/jpeg"}],"author":"Samuel Arriaga","twitter_card":"summary_large_image","twitter_creator":"@kalotmx","twitter_site":"@kalotmx","twitter_misc":{"Escrito por":"Samuel Arriaga","Tiempo de lectura":"2 minutos"},"schema":{"@context":"https:\/\/schema.org","@graph":[{"@type":"Article","@id":"https:\/\/kalot.com.mx\/site\/2014\/04\/15\/nuevo-yahoo-para-mujeres\/#article","isPartOf":{"@id":"https:\/\/kalot.com.mx\/site\/2014\/04\/15\/nuevo-yahoo-para-mujeres\/"},"author":{"name":"Samuel Arriaga","@id":"https:\/\/kalot.com.mx\/site\/#\/schema\/person\/dd5c05682cc5c2f90e15b43f4876bb07"},"headline":"Nuevo Yahoo para mujeres","datePublished":"2014-04-15T19:20:54+00:00","mainEntityOfPage":{"@id":"https:\/\/kalot.com.mx\/site\/2014\/04\/15\/nuevo-yahoo-para-mujeres\/"},"wordCount":380,"commentCount":0,"publisher":{"@id":"https:\/\/kalot.com.mx\/site\/#organization"},"image":{"@id":"https:\/\/kalot.com.mx\/site\/2014\/04\/15\/nuevo-yahoo-para-mujeres\/#primaryimage"},"thumbnailUrl":"https:\/\/i0.wp.com\/kalot.com.mx\/site\/wp-content\/uploads\/2014\/04\/yahoo-logo.jpg?fit=1684%2C960&ssl=1","inLanguage":"es","potentialAction":[{"@type":"CommentAction","name":"Comment","target":["https:\/\/kalot.com.mx\/site\/2014\/04\/15\/nuevo-yahoo-para-mujeres\/#respond"]}]},{"@type":"WebPage","@id":"https:\/\/kalot.com.mx\/site\/2014\/04\/15\/nuevo-yahoo-para-mujeres\/","url":"https:\/\/kalot.com.mx\/site\/2014\/04\/15\/nuevo-yahoo-para-mujeres\/","name":"Nuevo Yahoo para mujeres - Kalot","isPartOf":{"@id":"https:\/\/kalot.com.mx\/site\/#website"},"primaryImageOfPage":{"@id":"https:\/\/kalot.com.mx\/site\/2014\/04\/15\/nuevo-yahoo-para-mujeres\/#primaryimage"},"image":{"@id":"https:\/\/kalot.com.mx\/site\/2014\/04\/15\/nuevo-yahoo-para-mujeres\/#primaryimage"},"thumbnailUrl":"https:\/\/i0.wp.com\/kalot.com.mx\/site\/wp-content\/uploads\/2014\/04\/yahoo-logo.jpg?fit=1684%2C960&ssl=1","datePublished":"2014-04-15T19:20:54+00:00","description":"La consejera delegada de Yahoo!,\u00a0Marissa Mayer, se mantiene en la senda de su apuesta por los contenidos de calidad, y acaba de fichar a\u00a0Bobbi Brown, la","breadcrumb":{"@id":"https:\/\/kalot.com.mx\/site\/2014\/04\/15\/nuevo-yahoo-para-mujeres\/#breadcrumb"},"inLanguage":"es","potentialAction":[{"@type":"ReadAction","target":["https:\/\/kalot.com.mx\/site\/2014\/04\/15\/nuevo-yahoo-para-mujeres\/"]}]},{"@type":"ImageObject","inLanguage":"es","@id":"https:\/\/kalot.com.mx\/site\/2014\/04\/15\/nuevo-yahoo-para-mujeres\/#primaryimage","url":"https:\/\/i0.wp.com\/kalot.com.mx\/site\/wp-content\/uploads\/2014\/04\/yahoo-logo.jpg?fit=1684%2C960&ssl=1","contentUrl":"https:\/\/i0.wp.com\/kalot.com.mx\/site\/wp-content\/uploads\/2014\/04\/yahoo-logo.jpg?fit=1684%2C960&ssl=1","width":1684,"height":960},{"@type":"BreadcrumbList","@id":"https:\/\/kalot.com.mx\/site\/2014\/04\/15\/nuevo-yahoo-para-mujeres\/#breadcrumb","itemListElement":[{"@type":"ListItem","position":1,"name":"Home","item":"https:\/\/kalot.com.mx\/site\/"},{"@type":"ListItem","position":2,"name":"Nuevo Yahoo para mujeres"}]},{"@type":"WebSite","@id":"https:\/\/kalot.com.mx\/site\/#website","url":"https:\/\/kalot.com.mx\/site\/","name":"Kalot","description":"Conoce Todo Sobre Todo","publisher":{"@id":"https:\/\/kalot.com.mx\/site\/#organization"},"potentialAction":[{"@type":"SearchAction","target":{"@type":"EntryPoint","urlTemplate":"https:\/\/kalot.com.mx\/site\/?s={search_term_string}"},"query-input":{"@type":"PropertyValueSpecification","valueRequired":true,"valueName":"search_term_string"}}],"inLanguage":"es"},{"@type":"Organization","@id":"https:\/\/kalot.com.mx\/site\/#organization","name":"Kalot","url":"https:\/\/kalot.com.mx\/site\/","logo":{"@type":"ImageObject","inLanguage":"es","@id":"https:\/\/kalot.com.mx\/site\/#\/schema\/logo\/image\/","url":"https:\/\/i0.wp.com\/kalot.com.mx\/site\/wp-content\/uploads\/2020\/04\/Kalot-logo-sin-tagline.png?fit=1707%2C1014&ssl=1","contentUrl":"https:\/\/i0.wp.com\/kalot.com.mx\/site\/wp-content\/uploads\/2020\/04\/Kalot-logo-sin-tagline.png?fit=1707%2C1014&ssl=1","width":1707,"height":1014,"caption":"Kalot"},"image":{"@id":"https:\/\/kalot.com.mx\/site\/#\/schema\/logo\/image\/"},"sameAs":["http:\/\/facebook.com\/mxkalot","https:\/\/x.com\/kalotmx","http:\/\/instagram.com\/kalotmx","http:\/\/pinterest.com\/jorgeerana\/kalot"]},{"@type":"Person","@id":"https:\/\/kalot.com.mx\/site\/#\/schema\/person\/dd5c05682cc5c2f90e15b43f4876bb07","name":"Samuel Arriaga","image":{"@type":"ImageObject","inLanguage":"es","@id":"https:\/\/secure.gravatar.com\/avatar\/4d903cda45bbc366a5fa7bd20f9ef978480e7ed6a0507effb654eb82065720c7?s=96&d=mm&r=g","url":"https:\/\/secure.gravatar.com\/avatar\/4d903cda45bbc366a5fa7bd20f9ef978480e7ed6a0507effb654eb82065720c7?s=96&d=mm&r=g","contentUrl":"https:\/\/secure.gravatar.com\/avatar\/4d903cda45bbc366a5fa7bd20f9ef978480e7ed6a0507effb654eb82065720c7?s=96&d=mm&r=g","caption":"Samuel Arriaga"},"url":"https:\/\/kalot.com.mx\/site\/author\/mario\/"}]}},"jetpack_publicize_connections":[],"jetpack_featured_media_url":"https:\/\/i0.wp.com\/kalot.com.mx\/site\/wp-content\/uploads\/2014\/04\/yahoo-logo.jpg?fit=1684%2C960&ssl=1","jetpack_shortlink":"https:\/\/wp.me\/p6IHEI-3ST","jetpack-related-posts":[{"id":14992,"url":"https:\/\/kalot.com.mx\/site\/2014\/04\/17\/yahoo-y-vevo-alianza-para-derrocar-youtube\/","url_meta":{"origin":14935,"position":0},"title":"Yahoo y Vevo: alianza para derrocar a YouTube","author":"Samuel Arriaga","date":"17 abril, 2014","format":false,"excerpt":"El\u00a0Yahoo! de\u00a0Marissa Mayer\u00a0parece dispuesto a plantarle cara al portal de v\u00eddeos de Google\u00a0YouTube, siendo, quiz\u00e1s, el primer rival a su altura en muchos a\u00f1os. El \u00faltimo movimiento de la partida ha sido su renovada alianza con la plataforma de\u00a0v\u00eddeos musicales Vevo. Con la firma de este acuerdo, Yahoo! se compromete\u2026","rel":"","context":"Con 1 comentario","block_context":{"text":"Con 1 comentario","link":"https:\/\/kalot.com.mx\/site\/2014\/04\/17\/yahoo-y-vevo-alianza-para-derrocar-youtube\/#comments"},"img":{"alt_text":"","src":"https:\/\/i0.wp.com\/kalot.com.mx\/site\/wp-content\/uploads\/2014\/04\/yvevo.jpg?fit=629%2C520&ssl=1&resize=350%2C200","width":350,"height":200,"srcset":"https:\/\/i0.wp.com\/kalot.com.mx\/site\/wp-content\/uploads\/2014\/04\/yvevo.jpg?fit=629%2C520&ssl=1&resize=350%2C200 1x, https:\/\/i0.wp.com\/kalot.com.mx\/site\/wp-content\/uploads\/2014\/04\/yvevo.jpg?fit=629%2C520&ssl=1&resize=525%2C300 1.5x"},"classes":[]},{"id":672,"url":"https:\/\/kalot.com.mx\/site\/2013\/09\/04\/termino-la-campana-yahoo\/","url_meta":{"origin":14935,"position":1},"title":"Termino la campa\u00f1a Yahoo!","author":"Jorge Era\u00f1a","date":"4 septiembre, 2013","format":false,"excerpt":"Ya es 4 de septiembre y Yahoo est\u00e1 por mostrar el redise\u00f1o de su imagen, en mi estrada de ayer mencionaba algunos de los factores por los cuales se hace esta acci\u00f3n. Yahoo tras la llegada de la nueva CEO Masissa Mayer lanzo una campa\u00f1a de redise\u00f1o \u00a0mostrando las variantes\u2026","rel":"","context":"Entrada similar ","block_context":{"text":"Entrada similar ","link":""},"img":{"alt_text":"6 Agosto","src":"https:\/\/i0.wp.com\/www.kalot.com.mx\/wp-content\/uploads\/2013\/09\/6-Agosto-300x300.jpg?resize=350%2C200","width":350,"height":200},"classes":[]},{"id":782,"url":"https:\/\/kalot.com.mx\/site\/2013\/09\/05\/yahoo-presenta-su-nueva-imagen\/","url_meta":{"origin":14935,"position":2},"title":"Yahoo! Presenta su nueva imagen","author":"Jorge Era\u00f1a","date":"5 septiembre, 2013","format":false,"excerpt":"La propuesta final hoy se puso en nuestras pantallas, ayer te presente una gran lista con 30 de las propuestas de la compa\u00f1\u00eda \u00a0para el redise\u00f1o de la imagen de Yahoo! esta fue la propuesta ganadora y para mostrarla al mundo desarrollaron este proceso. http:\/\/www.youtube.com\/watch?v=_0b6qaPY-CQ Este logotipo se pone una\u2026","rel":"","context":"Con 1 comentario","block_context":{"text":"Con 1 comentario","link":"https:\/\/kalot.com.mx\/site\/2013\/09\/05\/yahoo-presenta-su-nueva-imagen\/#comments"},"img":{"alt_text":"","src":"https:\/\/i0.wp.com\/kalot.com.mx\/site\/wp-content\/uploads\/2013\/09\/182306_589604031099068_141163807_n.jpg?fit=851%2C315&ssl=1&resize=350%2C200","width":350,"height":200,"srcset":"https:\/\/i0.wp.com\/kalot.com.mx\/site\/wp-content\/uploads\/2013\/09\/182306_589604031099068_141163807_n.jpg?fit=851%2C315&ssl=1&resize=350%2C200 1x, https:\/\/i0.wp.com\/kalot.com.mx\/site\/wp-content\/uploads\/2013\/09\/182306_589604031099068_141163807_n.jpg?fit=851%2C315&ssl=1&resize=525%2C300 1.5x, https:\/\/i0.wp.com\/kalot.com.mx\/site\/wp-content\/uploads\/2013\/09\/182306_589604031099068_141163807_n.jpg?fit=851%2C315&ssl=1&resize=700%2C400 2x"},"classes":[]},{"id":16706,"url":"https:\/\/kalot.com.mx\/site\/2014\/06\/06\/yahoo-le-dice-adios-facebook-y-google\/","url_meta":{"origin":14935,"position":3},"title":"Yahoo le dice adi\u00f3s a Facebook y Google","author":"Samuel Arriaga","date":"6 junio, 2014","format":false,"excerpt":"Yahoo venia anunciando que eliminar\u00eda el acceso a sus servicios desde las cuentas de Facebook y Google, y lo ha cumplido con el anuncio de que solo podr\u00e1n acceder a Flickr a trav\u00e9s de un ID de Yahoo, este veto para estas redes populares sera el pr\u00f3ximo 30 de junio.\u2026","rel":"","context":"Entrada similar ","block_context":{"text":"Entrada similar ","link":""},"img":{"alt_text":"","src":"https:\/\/i0.wp.com\/kalot.com.mx\/site\/wp-content\/uploads\/2014\/06\/yahoo-id-no-google-facebook.jpg?fit=780%2C510&ssl=1&resize=350%2C200","width":350,"height":200,"srcset":"https:\/\/i0.wp.com\/kalot.com.mx\/site\/wp-content\/uploads\/2014\/06\/yahoo-id-no-google-facebook.jpg?fit=780%2C510&ssl=1&resize=350%2C200 1x, https:\/\/i0.wp.com\/kalot.com.mx\/site\/wp-content\/uploads\/2014\/06\/yahoo-id-no-google-facebook.jpg?fit=780%2C510&ssl=1&resize=525%2C300 1.5x, https:\/\/i0.wp.com\/kalot.com.mx\/site\/wp-content\/uploads\/2014\/06\/yahoo-id-no-google-facebook.jpg?fit=780%2C510&ssl=1&resize=700%2C400 2x"},"classes":[]},{"id":7784,"url":"https:\/\/kalot.com.mx\/site\/2013\/12\/13\/lo-mas-comentado-de-twitter-durante-el-2013\/","url_meta":{"origin":14935,"position":4},"title":"Twitter durante el 2013","author":"Cecilia Mata","date":"13 diciembre, 2013","format":false,"excerpt":"Ya estamos a pocos d\u00edas de dejar un a\u00f1o atr\u00e1s y comenzar uno nuevo y de que manera antes de que se termine el a\u00f1o con lo mas visto y \u00a0comentado en Twitter, ya que al igual que otros importantes servicios como Bing, Yahoo, Facebook o YouTube, ha dado a\u2026","rel":"","context":"Entrada similar ","block_context":{"text":"Entrada similar ","link":""},"img":{"alt_text":"","src":"https:\/\/i0.wp.com\/kalot.com.mx\/site\/wp-content\/uploads\/2013\/12\/twitter.jpg?fit=1000%2C352&ssl=1&resize=350%2C200","width":350,"height":200,"srcset":"https:\/\/i0.wp.com\/kalot.com.mx\/site\/wp-content\/uploads\/2013\/12\/twitter.jpg?fit=1000%2C352&ssl=1&resize=350%2C200 1x, https:\/\/i0.wp.com\/kalot.com.mx\/site\/wp-content\/uploads\/2013\/12\/twitter.jpg?fit=1000%2C352&ssl=1&resize=525%2C300 1.5x, https:\/\/i0.wp.com\/kalot.com.mx\/site\/wp-content\/uploads\/2013\/12\/twitter.jpg?fit=1000%2C352&ssl=1&resize=700%2C400 2x"},"classes":[]},{"id":19159,"url":"https:\/\/kalot.com.mx\/site\/2014\/11\/10\/gracias-yahoo-nuevo-video-de-taylo-swift\/","url_meta":{"origin":14935,"position":5},"title":"Gracias Yahoo&#8230; Nuevo V\u00eddeo de Taylo Swift","author":"Adrian Aldana","date":"10 noviembre, 2014","format":false,"excerpt":"Hola lectores, as\u00ed es gracias a un peque\u00f1o error de Yahoo, pues se subi\u00f3 el nuevo v\u00eddeo de Taylor Swift de manera anticipada el cu\u00e1l lleva por t\u00edtulo: Blank Space Aqu\u00ed puedes verlo: \u00a0 https:\/\/www.youtube.com\/watch?v=e-ORhEE9VVg Y en este apartado, puedes leer un poco de la letra de la canci\u00f3n: Nice\u2026","rel":"","context":"Entrada similar ","block_context":{"text":"Entrada similar ","link":""},"img":{"alt_text":"","src":"https:\/\/i0.wp.com\/kalot.com.mx\/site\/wp-content\/uploads\/2014\/11\/Taylor-Swift-1989-Deluxe-2014-1200x1200-615562.png?fit=1200%2C1200&ssl=1&resize=350%2C200","width":350,"height":200,"srcset":"https:\/\/i0.wp.com\/kalot.com.mx\/site\/wp-content\/uploads\/2014\/11\/Taylor-Swift-1989-Deluxe-2014-1200x1200-615562.png?fit=1200%2C1200&ssl=1&resize=350%2C200 1x, https:\/\/i0.wp.com\/kalot.com.mx\/site\/wp-content\/uploads\/2014\/11\/Taylor-Swift-1989-Deluxe-2014-1200x1200-615562.png?fit=1200%2C1200&ssl=1&resize=525%2C300 1.5x, https:\/\/i0.wp.com\/kalot.com.mx\/site\/wp-content\/uploads\/2014\/11\/Taylor-Swift-1989-Deluxe-2014-1200x1200-615562.png?fit=1200%2C1200&ssl=1&resize=700%2C400 2x, https:\/\/i0.wp.com\/kalot.com.mx\/site\/wp-content\/uploads\/2014\/11\/Taylor-Swift-1989-Deluxe-2014-1200x1200-615562.png?fit=1200%2C1200&ssl=1&resize=1050%2C600 3x"},"classes":[]}],"jetpack_sharing_enabled":true,"_links":{"self":[{"href":"https:\/\/kalot.com.mx\/site\/wp-json\/wp\/v2\/posts\/14935","targetHints":{"allow":["GET"]}}],"collection":[{"href":"https:\/\/kalot.com.mx\/site\/wp-json\/wp\/v2\/posts"}],"about":[{"href":"https:\/\/kalot.com.mx\/site\/wp-json\/wp\/v2\/types\/post"}],"author":[{"embeddable":true,"href":"https:\/\/kalot.com.mx\/site\/wp-json\/wp\/v2\/users\/33"}],"replies":[{"embeddable":true,"href":"https:\/\/kalot.com.mx\/site\/wp-json\/wp\/v2\/comments?post=14935"}],"version-history":[{"count":0,"href":"https:\/\/kalot.com.mx\/site\/wp-json\/wp\/v2\/posts\/14935\/revisions"}],"wp:featuredmedia":[{"embeddable":true,"href":"https:\/\/kalot.com.mx\/site\/wp-json\/wp\/v2\/media\/14937"}],"wp:attachment":[{"href":"https:\/\/kalot.com.mx\/site\/wp-json\/wp\/v2\/media?parent=14935"}],"wp:term":[{"taxonomy":"category","embeddable":true,"href":"https:\/\/kalot.com.mx\/site\/wp-json\/wp\/v2\/categories?post=14935"},{"taxonomy":"post_tag","embeddable":true,"href":"https:\/\/kalot.com.mx\/site\/wp-json\/wp\/v2\/tags?post=14935"}],"curies":[{"name":"wp","href":"https:\/\/api.w.org\/{rel}","templated":true}]}}