{"id":14883,"date":"2014-04-14T16:02:39","date_gmt":"2014-04-14T21:02:39","guid":{"rendered":"http:\/\/www.kalot.com.mx\/?p=14883"},"modified":"2014-04-14T16:03:26","modified_gmt":"2014-04-14T21:03:26","slug":"elefante-cortometraje","status":"publish","type":"post","link":"https:\/\/kalot.com.mx\/site\/2014\/04\/14\/elefante-cortometraje\/","title":{"rendered":"Elefante [Cortometraje] #Cine #T\u00fa"},"content":{"rendered":"<p style=\"text-align: justify\"><em>Elefante<\/em> es un cortometraje espa\u00f1ol dirigido por <strong>Pablo Larcuen<\/strong> y estrenado en 2012.<\/p>\n<p style=\"text-align: justify\">Cuenta la historia de Manuel, un padre de familia, trabajador como muchos otros. <strong>Sin embargo, Manuel no es feliz<\/strong>: su esposa e hija son distantes, odia su trabajo y sin embargo lo necesita para vivir y ni siquiera gusta disfruta jugar squash con su \u00fanico amigo, Sergio, a quien odia tanto como el squash. Su \u00fanico consuelo es su hijo menor Esteban, quien es muy peque\u00f1o a\u00fan para decepcionarse de su padre.<\/p>\n<p style=\"text-align: justify\">Manuel cree que alg\u00fan d\u00eda ser\u00e1 feliz, pero no hace nada para cambiar su vida, hasta que un buen d\u00eda el m\u00e9dico le diagnostica una extra\u00f1a enfermedad: <strong>se convertir\u00e1 en un elefante<\/strong>.<\/p>\n[embedvideo id=&#8221;IaZO-dWOMnY&#8221; website=&#8221;youtube&#8221;]\n<p style=\"text-align: justify\"><strong>La b\u00fasqueda de la felicidad<\/strong> es muy importante para la mayor\u00eda de las personas, sin embargo, <strong>pocas veces se vuelve realmente una prioridad<\/strong>, pues con el paso de los a\u00f1os terminamos acostumbr\u00e1ndonos a nuestras vidas y a nuestra zona de confort, viendo nuestros sue\u00f1os hacerse m\u00e1s y m\u00e1s distantes. Manuel es un claro ejemplo de esto, hasta que una situaci\u00f3n tan inveros\u00edmil como la suya le har\u00e1 replantear su perspectiva. <strong>\u00bfQu\u00e9 necesitas t\u00fa para cambiar la tuya?<\/strong><\/p>\n<p>&nbsp;<\/p>\n","protected":false},"excerpt":{"rendered":"Elefante es un cortometraje espa\u00f1ol dirigido por Pablo Larcuen y estrenado en 2012. Cuenta la historia de Manuel,&hellip;\n","protected":false},"author":75,"featured_media":14886,"comment_status":"open","ping_status":"open","sticky":false,"template":"","format":"standard","meta":{"jetpack_post_was_ever_published":false,"_jetpack_newsletter_access":"","_jetpack_dont_email_post_to_subs":false,"_jetpack_newsletter_tier_id":0,"_jetpack_memberships_contains_paywalled_content":false,"_jetpack_memberships_contains_paid_content":false,"footnotes":"","jetpack_publicize_message":"","jetpack_publicize_feature_enabled":true,"jetpack_social_post_already_shared":true,"jetpack_social_options":{"image_generator_settings":{"template":"highway","default_image_id":0,"font":"","enabled":false},"version":2}},"categories":[],"tags":[],"class_list":{"0":"post-14883","1":"post","2":"type-post","3":"status-publish","4":"format-standard","5":"has-post-thumbnail","7":"cs-entry","8":"cs-video-wrap"},"yoast_head":"<!-- This site is optimized with the Yoast SEO plugin v27.4 - https:\/\/yoast.com\/product\/yoast-seo-wordpress\/ -->\n<title>Elefante [Cortometraje] #Cine #T\u00fa - Kalot<\/title>\n<meta name=\"description\" content=\"Elefante es un cortometraje espa\u00f1ol dirigido por Pablo Larcuen y estrenado en 2012. Cuenta la historia de Manuel, un padre de familia, trabajador como\" \/>\n<meta name=\"robots\" content=\"index, follow, max-snippet:-1, max-image-preview:large, max-video-preview:-1\" \/>\n<link rel=\"canonical\" href=\"https:\/\/kalot.com.mx\/site\/2014\/04\/14\/elefante-cortometraje\/\" \/>\n<meta property=\"og:locale\" content=\"es_MX\" \/>\n<meta property=\"og:type\" content=\"article\" \/>\n<meta property=\"og:title\" content=\"Elefante [Cortometraje] #Cine #T\u00fa - Kalot\" \/>\n<meta property=\"og:description\" content=\"Elefante es un cortometraje espa\u00f1ol dirigido por Pablo Larcuen y estrenado en 2012. Cuenta la historia de Manuel, un padre de familia, trabajador como\" \/>\n<meta property=\"og:url\" content=\"https:\/\/kalot.com.mx\/site\/2014\/04\/14\/elefante-cortometraje\/\" \/>\n<meta property=\"og:site_name\" content=\"Kalot\" \/>\n<meta property=\"article:publisher\" content=\"http:\/\/facebook.com\/mxkalot\" \/>\n<meta property=\"article:author\" content=\"https:\/\/www.facebook.com\/karlos040\" \/>\n<meta property=\"article:published_time\" content=\"2014-04-14T21:02:39+00:00\" \/>\n<meta property=\"article:modified_time\" content=\"2014-04-14T21:03:26+00:00\" \/>\n<meta property=\"og:image\" content=\"https:\/\/i1.wp.com\/kalot.com.mx\/site\/wp-content\/uploads\/2014\/04\/Elefante.jpg?fit=640%2C345&ssl=1\" \/>\n\t<meta property=\"og:image:width\" content=\"640\" \/>\n\t<meta property=\"og:image:height\" content=\"345\" \/>\n\t<meta property=\"og:image:type\" content=\"image\/jpeg\" \/>\n<meta name=\"author\" content=\"Carlos Ru\u00edz Mtz\" \/>\n<meta name=\"twitter:card\" content=\"summary_large_image\" \/>\n<meta name=\"twitter:creator\" content=\"@_carlosrzm\" \/>\n<meta name=\"twitter:site\" content=\"@kalotmx\" \/>\n<meta name=\"twitter:label1\" content=\"Escrito por\" \/>\n\t<meta name=\"twitter:data1\" content=\"Carlos Ru\u00edz Mtz\" \/>\n\t<meta name=\"twitter:label2\" content=\"Tiempo de lectura\" \/>\n\t<meta name=\"twitter:data2\" content=\"1 minuto\" \/>\n<!-- \/ Yoast SEO plugin. -->","yoast_head_json":{"title":"Elefante [Cortometraje] #Cine #T\u00fa - Kalot","description":"Elefante es un cortometraje espa\u00f1ol dirigido por Pablo Larcuen y estrenado en 2012. Cuenta la historia de Manuel, un padre de familia, trabajador como","robots":{"index":"index","follow":"follow","max-snippet":"max-snippet:-1","max-image-preview":"max-image-preview:large","max-video-preview":"max-video-preview:-1"},"canonical":"https:\/\/kalot.com.mx\/site\/2014\/04\/14\/elefante-cortometraje\/","og_locale":"es_MX","og_type":"article","og_title":"Elefante [Cortometraje] #Cine #T\u00fa - Kalot","og_description":"Elefante es un cortometraje espa\u00f1ol dirigido por Pablo Larcuen y estrenado en 2012. Cuenta la historia de Manuel, un padre de familia, trabajador como","og_url":"https:\/\/kalot.com.mx\/site\/2014\/04\/14\/elefante-cortometraje\/","og_site_name":"Kalot","article_publisher":"http:\/\/facebook.com\/mxkalot","article_author":"https:\/\/www.facebook.com\/karlos040","article_published_time":"2014-04-14T21:02:39+00:00","article_modified_time":"2014-04-14T21:03:26+00:00","og_image":[{"width":640,"height":345,"url":"https:\/\/i1.wp.com\/kalot.com.mx\/site\/wp-content\/uploads\/2014\/04\/Elefante.jpg?fit=640%2C345&ssl=1","type":"image\/jpeg"}],"author":"Carlos Ru\u00edz Mtz","twitter_card":"summary_large_image","twitter_creator":"@_carlosrzm","twitter_site":"@kalotmx","twitter_misc":{"Escrito por":"Carlos Ru\u00edz Mtz","Tiempo de lectura":"1 minuto"},"schema":{"@context":"https:\/\/schema.org","@graph":[{"@type":"Article","@id":"https:\/\/kalot.com.mx\/site\/2014\/04\/14\/elefante-cortometraje\/#article","isPartOf":{"@id":"https:\/\/kalot.com.mx\/site\/2014\/04\/14\/elefante-cortometraje\/"},"author":{"name":"Carlos Ru\u00edz Mtz","@id":"https:\/\/kalot.com.mx\/site\/#\/schema\/person\/c8264e28527716f7f71bb4b6e56c5a33"},"headline":"Elefante [Cortometraje] #Cine #T\u00fa","datePublished":"2014-04-14T21:02:39+00:00","dateModified":"2014-04-14T21:03:26+00:00","mainEntityOfPage":{"@id":"https:\/\/kalot.com.mx\/site\/2014\/04\/14\/elefante-cortometraje\/"},"wordCount":220,"commentCount":0,"publisher":{"@id":"https:\/\/kalot.com.mx\/site\/#organization"},"image":{"@id":"https:\/\/kalot.com.mx\/site\/2014\/04\/14\/elefante-cortometraje\/#primaryimage"},"thumbnailUrl":"https:\/\/i0.wp.com\/kalot.com.mx\/site\/wp-content\/uploads\/2014\/04\/Elefante.jpg?fit=640%2C345&ssl=1","inLanguage":"es","potentialAction":[{"@type":"CommentAction","name":"Comment","target":["https:\/\/kalot.com.mx\/site\/2014\/04\/14\/elefante-cortometraje\/#respond"]}]},{"@type":"WebPage","@id":"https:\/\/kalot.com.mx\/site\/2014\/04\/14\/elefante-cortometraje\/","url":"https:\/\/kalot.com.mx\/site\/2014\/04\/14\/elefante-cortometraje\/","name":"Elefante [Cortometraje] #Cine #T\u00fa - Kalot","isPartOf":{"@id":"https:\/\/kalot.com.mx\/site\/#website"},"primaryImageOfPage":{"@id":"https:\/\/kalot.com.mx\/site\/2014\/04\/14\/elefante-cortometraje\/#primaryimage"},"image":{"@id":"https:\/\/kalot.com.mx\/site\/2014\/04\/14\/elefante-cortometraje\/#primaryimage"},"thumbnailUrl":"https:\/\/i0.wp.com\/kalot.com.mx\/site\/wp-content\/uploads\/2014\/04\/Elefante.jpg?fit=640%2C345&ssl=1","datePublished":"2014-04-14T21:02:39+00:00","dateModified":"2014-04-14T21:03:26+00:00","description":"Elefante es un cortometraje espa\u00f1ol dirigido por Pablo Larcuen y estrenado en 2012. Cuenta la historia de Manuel, un padre de familia, trabajador como","breadcrumb":{"@id":"https:\/\/kalot.com.mx\/site\/2014\/04\/14\/elefante-cortometraje\/#breadcrumb"},"inLanguage":"es","potentialAction":[{"@type":"ReadAction","target":["https:\/\/kalot.com.mx\/site\/2014\/04\/14\/elefante-cortometraje\/"]}]},{"@type":"ImageObject","inLanguage":"es","@id":"https:\/\/kalot.com.mx\/site\/2014\/04\/14\/elefante-cortometraje\/#primaryimage","url":"https:\/\/i0.wp.com\/kalot.com.mx\/site\/wp-content\/uploads\/2014\/04\/Elefante.jpg?fit=640%2C345&ssl=1","contentUrl":"https:\/\/i0.wp.com\/kalot.com.mx\/site\/wp-content\/uploads\/2014\/04\/Elefante.jpg?fit=640%2C345&ssl=1","width":640,"height":345},{"@type":"BreadcrumbList","@id":"https:\/\/kalot.com.mx\/site\/2014\/04\/14\/elefante-cortometraje\/#breadcrumb","itemListElement":[{"@type":"ListItem","position":1,"name":"Home","item":"https:\/\/kalot.com.mx\/site\/"},{"@type":"ListItem","position":2,"name":"Elefante [Cortometraje] #Cine #T\u00fa"}]},{"@type":"WebSite","@id":"https:\/\/kalot.com.mx\/site\/#website","url":"https:\/\/kalot.com.mx\/site\/","name":"Kalot","description":"Conoce Todo Sobre Todo","publisher":{"@id":"https:\/\/kalot.com.mx\/site\/#organization"},"potentialAction":[{"@type":"SearchAction","target":{"@type":"EntryPoint","urlTemplate":"https:\/\/kalot.com.mx\/site\/?s={search_term_string}"},"query-input":{"@type":"PropertyValueSpecification","valueRequired":true,"valueName":"search_term_string"}}],"inLanguage":"es"},{"@type":"Organization","@id":"https:\/\/kalot.com.mx\/site\/#organization","name":"Kalot","url":"https:\/\/kalot.com.mx\/site\/","logo":{"@type":"ImageObject","inLanguage":"es","@id":"https:\/\/kalot.com.mx\/site\/#\/schema\/logo\/image\/","url":"https:\/\/i0.wp.com\/kalot.com.mx\/site\/wp-content\/uploads\/2020\/04\/Kalot-logo-sin-tagline.png?fit=1707%2C1014&ssl=1","contentUrl":"https:\/\/i0.wp.com\/kalot.com.mx\/site\/wp-content\/uploads\/2020\/04\/Kalot-logo-sin-tagline.png?fit=1707%2C1014&ssl=1","width":1707,"height":1014,"caption":"Kalot"},"image":{"@id":"https:\/\/kalot.com.mx\/site\/#\/schema\/logo\/image\/"},"sameAs":["http:\/\/facebook.com\/mxkalot","https:\/\/x.com\/kalotmx","http:\/\/instagram.com\/kalotmx","http:\/\/pinterest.com\/jorgeerana\/kalot"]},{"@type":"Person","@id":"https:\/\/kalot.com.mx\/site\/#\/schema\/person\/c8264e28527716f7f71bb4b6e56c5a33","name":"Carlos Ru\u00edz Mtz","image":{"@type":"ImageObject","inLanguage":"es","@id":"https:\/\/secure.gravatar.com\/avatar\/a3f92b51fc626d9b76d8d7a27f80c9c75e04cb4810e4b403b571a8220be99140?s=96&d=mm&r=g","url":"https:\/\/secure.gravatar.com\/avatar\/a3f92b51fc626d9b76d8d7a27f80c9c75e04cb4810e4b403b571a8220be99140?s=96&d=mm&r=g","contentUrl":"https:\/\/secure.gravatar.com\/avatar\/a3f92b51fc626d9b76d8d7a27f80c9c75e04cb4810e4b403b571a8220be99140?s=96&d=mm&r=g","caption":"Carlos Ru\u00edz Mtz"},"description":"Viviendo y disfrutando a partes iguales de un mundo en constante cambio. @_carlosrzm","sameAs":["https:\/\/www.facebook.com\/karlos040","https:\/\/x.com\/_carlosrzm"],"url":"https:\/\/kalot.com.mx\/site\/author\/carlosruiz\/"}]}},"jetpack_publicize_connections":[],"jetpack_featured_media_url":"https:\/\/i0.wp.com\/kalot.com.mx\/site\/wp-content\/uploads\/2014\/04\/Elefante.jpg?fit=640%2C345&ssl=1","jetpack_shortlink":"https:\/\/wp.me\/p6IHEI-3S3","jetpack-related-posts":[{"id":21187,"url":"https:\/\/kalot.com.mx\/site\/2015\/04\/20\/cantinflas-22-anos-sin-el-mas-grande\/","url_meta":{"origin":14883,"position":0},"title":"Cantinflas: 22 A\u00f1os Sin el M\u00e1s Grande","author":"yash","date":"20 abril, 2015","format":false,"excerpt":"Ya han pasado 22 a\u00f1os del fallecimiento del m\u00e1s grande actor que ha dado este pa\u00eds: Cantinflas. La exitosa y extensa carrera de Mario Moreno no puede resumirse en palabras, fue un actor que sali\u00f3 de lo m\u00e1s bajo y lleg\u00f3 al cielo; trascendi\u00f3 como pocos, como solo \u00e9l. Mario\u2026","rel":"","context":"Entrada similar ","block_context":{"text":"Entrada similar ","link":""},"img":{"alt_text":"","src":"https:\/\/i0.wp.com\/kalot.com.mx\/site\/wp-content\/uploads\/2015\/04\/cantinflas-21.jpg?fit=1200%2C675&ssl=1&resize=350%2C200","width":350,"height":200,"srcset":"https:\/\/i0.wp.com\/kalot.com.mx\/site\/wp-content\/uploads\/2015\/04\/cantinflas-21.jpg?fit=1200%2C675&ssl=1&resize=350%2C200 1x, https:\/\/i0.wp.com\/kalot.com.mx\/site\/wp-content\/uploads\/2015\/04\/cantinflas-21.jpg?fit=1200%2C675&ssl=1&resize=525%2C300 1.5x, https:\/\/i0.wp.com\/kalot.com.mx\/site\/wp-content\/uploads\/2015\/04\/cantinflas-21.jpg?fit=1200%2C675&ssl=1&resize=700%2C400 2x, https:\/\/i0.wp.com\/kalot.com.mx\/site\/wp-content\/uploads\/2015\/04\/cantinflas-21.jpg?fit=1200%2C675&ssl=1&resize=1050%2C600 3x"},"classes":[]},{"id":16760,"url":"https:\/\/kalot.com.mx\/site\/2014\/06\/12\/feliz-cumple-ana\/","url_meta":{"origin":14883,"position":1},"title":"Qu\u00e9 no se les olvide: \u00a1Feliz cumple Ana!","author":"Andrea Debo","date":"12 junio, 2014","format":false,"excerpt":"Si, si, si, ya s\u00e9 que todos, todos, todos, est\u00e1n emocionados por el Mundial Brasil 2014. Y claro, m\u00e1s los hombres. Seguramente en estos momentos est\u00e1s viendo el primer partido del Mundial, Brasil vs Croacia. (Pa' que vean que yo tambi\u00e9n s\u00e9)... Sin embargo quiero recordarles por medio de esta\u2026","rel":"","context":"Entrada similar ","block_context":{"text":"Entrada similar ","link":""},"img":{"alt_text":"Ana","src":"https:\/\/i0.wp.com\/www.kalot.com.mx\/wp-content\/uploads\/2014\/06\/Ana-227x300.jpg?resize=350%2C200","width":350,"height":200},"classes":[]},{"id":4740,"url":"https:\/\/kalot.com.mx\/site\/2013\/10\/23\/la-cinetecaalameda-presenta-el-festival-de-cine-fantastico-y-de-terror-morbido\/","url_meta":{"origin":14883,"position":2},"title":"La @CinetecaSLP presenta el festival de cine fant\u00e1stico y de terror @MorbidoFest","author":"Misael Gallegos","date":"23 octubre, 2013","format":false,"excerpt":"Siempre lo he dicho que de los mejores meses que tiene el a\u00f1o son Octubre y Noviembre y en el 2013 no es la excepci\u00f3n, ya que el d\u00eda 28 de octubre y hasta el 3 de noviembre se llevar\u00e1 a cabo el #Morbido Festival internacional de cine fant\u00e1stico y\u2026","rel":"","context":"En &quot;Sin categor\u00eda&quot;","block_context":{"text":"Sin categor\u00eda","link":"https:\/\/kalot.com.mx\/site\/category\/sin-categoria\/"},"img":{"alt_text":"","src":"https:\/\/i0.wp.com\/kalot.com.mx\/site\/wp-content\/uploads\/2013\/10\/mor1.jpg?fit=960%2C480&ssl=1&resize=350%2C200","width":350,"height":200,"srcset":"https:\/\/i0.wp.com\/kalot.com.mx\/site\/wp-content\/uploads\/2013\/10\/mor1.jpg?fit=960%2C480&ssl=1&resize=350%2C200 1x, https:\/\/i0.wp.com\/kalot.com.mx\/site\/wp-content\/uploads\/2013\/10\/mor1.jpg?fit=960%2C480&ssl=1&resize=525%2C300 1.5x, https:\/\/i0.wp.com\/kalot.com.mx\/site\/wp-content\/uploads\/2013\/10\/mor1.jpg?fit=960%2C480&ssl=1&resize=700%2C400 2x"},"classes":[]},{"id":16177,"url":"https:\/\/kalot.com.mx\/site\/2014\/05\/20\/corto-animado-steadfast-stanley-en-busca-de-su-amo\/","url_meta":{"origin":14883,"position":3},"title":"Corto Animado:  Steadfast Stanley en busca de su amo.","author":"Gustavo Elizarrar\u00e1s","date":"20 mayo, 2014","format":false,"excerpt":"Steadfast Stanley, un perro que vive en un apocalipsis zombie y termina separado de su joven amo, el \u00fanico recuerdo que tiene de \u00e9l es un zapato que dej\u00f3 antes de partir. Un cortometraje lleno de peque\u00f1as emociones mezclado con esa pisca de humor que nos hace reflexionar como nuestras\u2026","rel":"","context":"Entrada similar ","block_context":{"text":"Entrada similar ","link":""},"img":{"alt_text":"","src":"https:\/\/i0.wp.com\/kalot.com.mx\/site\/wp-content\/uploads\/2014\/05\/Steadfast-Stanley.jpg?fit=640%2C360&ssl=1&resize=350%2C200","width":350,"height":200,"srcset":"https:\/\/i0.wp.com\/kalot.com.mx\/site\/wp-content\/uploads\/2014\/05\/Steadfast-Stanley.jpg?fit=640%2C360&ssl=1&resize=350%2C200 1x, https:\/\/i0.wp.com\/kalot.com.mx\/site\/wp-content\/uploads\/2014\/05\/Steadfast-Stanley.jpg?fit=640%2C360&ssl=1&resize=525%2C300 1.5x"},"classes":[]},{"id":14232,"url":"https:\/\/kalot.com.mx\/site\/2014\/03\/30\/psicosis-suspenso-la-hitchcock-elmanuelgamez\/","url_meta":{"origin":14883,"position":4},"title":"Psicosis; Suspenso a la Hitchcock &#8211; (@ElManuelGamez)","author":"Manuel Gamez","date":"30 marzo, 2014","format":false,"excerpt":"Hoy es el turno de escribir sobre una de las pel\u00edculas m\u00e1s representativas del famoso director Alfred Hitchcock, as\u00ed es Psycho o en espa\u00f1ol Psicosis, hablar de esta pel\u00edcula es como hablar de un comercial de televisi\u00f3n basado en un cortometraje, puede que muchos reconozcan escenas \u00e9picas por el comercial,\u2026","rel":"","context":"En &quot;Sin categor\u00eda&quot;","block_context":{"text":"Sin categor\u00eda","link":"https:\/\/kalot.com.mx\/site\/category\/sin-categoria\/"},"img":{"alt_text":"","src":"https:\/\/i0.wp.com\/kalot.com.mx\/site\/wp-content\/uploads\/2014\/03\/PsycHo-Wallpaper.jpg?fit=1024%2C768&ssl=1&resize=350%2C200","width":350,"height":200,"srcset":"https:\/\/i0.wp.com\/kalot.com.mx\/site\/wp-content\/uploads\/2014\/03\/PsycHo-Wallpaper.jpg?fit=1024%2C768&ssl=1&resize=350%2C200 1x, https:\/\/i0.wp.com\/kalot.com.mx\/site\/wp-content\/uploads\/2014\/03\/PsycHo-Wallpaper.jpg?fit=1024%2C768&ssl=1&resize=525%2C300 1.5x, https:\/\/i0.wp.com\/kalot.com.mx\/site\/wp-content\/uploads\/2014\/03\/PsycHo-Wallpaper.jpg?fit=1024%2C768&ssl=1&resize=700%2C400 2x"},"classes":[]},{"id":6700,"url":"https:\/\/kalot.com.mx\/site\/2013\/11\/18\/birthday-mickey-mouse\/","url_meta":{"origin":14883,"position":5},"title":"Happy birthday Mickey Mouse my love.","author":"Karenina Gonzalez","date":"18 noviembre, 2013","format":false,"excerpt":"Un d\u00eda como hoy 18 de noviembre, pero del a\u00f1o de 1928... salt\u00f3 a la pantalla un singular e ic\u00f3nico personaje de Disney, en un cortomotraje animado y con sonido llamado \"Steamboat Willie\". Wao ya son 85 a\u00f1os de Mickey Mouse, y como una vez dijera Walt Disney: \"S\u00f3lo espero\u2026","rel":"","context":"En &quot;Sin categor\u00eda&quot;","block_context":{"text":"Sin categor\u00eda","link":"https:\/\/kalot.com.mx\/site\/category\/sin-categoria\/"},"img":{"alt_text":"","src":"https:\/\/i0.wp.com\/kalot.com.mx\/site\/wp-content\/uploads\/2013\/11\/steamboat-willie-mickey-mouse-disney-1928-002.jpg?fit=577%2C478&ssl=1&resize=350%2C200","width":350,"height":200,"srcset":"https:\/\/i0.wp.com\/kalot.com.mx\/site\/wp-content\/uploads\/2013\/11\/steamboat-willie-mickey-mouse-disney-1928-002.jpg?fit=577%2C478&ssl=1&resize=350%2C200 1x, https:\/\/i0.wp.com\/kalot.com.mx\/site\/wp-content\/uploads\/2013\/11\/steamboat-willie-mickey-mouse-disney-1928-002.jpg?fit=577%2C478&ssl=1&resize=525%2C300 1.5x"},"classes":[]}],"jetpack_sharing_enabled":true,"_links":{"self":[{"href":"https:\/\/kalot.com.mx\/site\/wp-json\/wp\/v2\/posts\/14883","targetHints":{"allow":["GET"]}}],"collection":[{"href":"https:\/\/kalot.com.mx\/site\/wp-json\/wp\/v2\/posts"}],"about":[{"href":"https:\/\/kalot.com.mx\/site\/wp-json\/wp\/v2\/types\/post"}],"author":[{"embeddable":true,"href":"https:\/\/kalot.com.mx\/site\/wp-json\/wp\/v2\/users\/75"}],"replies":[{"embeddable":true,"href":"https:\/\/kalot.com.mx\/site\/wp-json\/wp\/v2\/comments?post=14883"}],"version-history":[{"count":0,"href":"https:\/\/kalot.com.mx\/site\/wp-json\/wp\/v2\/posts\/14883\/revisions"}],"wp:featuredmedia":[{"embeddable":true,"href":"https:\/\/kalot.com.mx\/site\/wp-json\/wp\/v2\/media\/14886"}],"wp:attachment":[{"href":"https:\/\/kalot.com.mx\/site\/wp-json\/wp\/v2\/media?parent=14883"}],"wp:term":[{"taxonomy":"category","embeddable":true,"href":"https:\/\/kalot.com.mx\/site\/wp-json\/wp\/v2\/categories?post=14883"},{"taxonomy":"post_tag","embeddable":true,"href":"https:\/\/kalot.com.mx\/site\/wp-json\/wp\/v2\/tags?post=14883"}],"curies":[{"name":"wp","href":"https:\/\/api.w.org\/{rel}","templated":true}]}}