{"id":14831,"date":"2014-04-13T19:00:56","date_gmt":"2014-04-14T00:00:56","guid":{"rendered":"http:\/\/www.kalot.com.mx\/?p=14831"},"modified":"2014-04-13T14:46:37","modified_gmt":"2014-04-13T19:46:37","slug":"el-regreso-de-sailor-moon","status":"publish","type":"post","link":"https:\/\/kalot.com.mx\/site\/2014\/04\/13\/el-regreso-de-sailor-moon\/","title":{"rendered":"El regreso de Sailor Moon"},"content":{"rendered":"<p style=\"text-align: justify\">Conozco esta noticia desde hace m\u00e1s de dos a\u00f1os y cuando la supe no cre\u00ed que la espera se alargara tanto porque cuando se dio a conocer no dijeron que apenas y estaba por empezar el relanzamiento de este famoso anime.<\/p>\n<p style=\"text-align: justify\">Serena regresa junto a sus no tan h\u00e1biles poderes a proteger la tierra con sus queridas amigas y compa\u00f1eras de batalla: Mercurio, Marte, Venus y J\u00fapiter.<\/p>\n<p style=\"text-align: justify\">Todo parece indicar que el nuevo anime llegar\u00e1 a los monitores de todas las computadoras del mundo a mediados de junio o julio si es que no deciden retrasarla m\u00e1s (\u00ac\u00ac).<\/p>\n<p style=\"text-align: justify\">La productora ha querido dejar bien claro que no se trata de una simple remasterizaci\u00f3n \u2013 h\u00e1blese el fiasco de Dragon Ball \u2013 sino de un comienzo desde cero, nuevas animaciones y lo que m\u00e1s me llama la atenci\u00f3n: usando las nuevas tecnolog\u00edas del anime actual.<\/p>\n<p style=\"text-align: justify\">La historia estar\u00e1 basada en los mismos tomos del manga que aunque esto pudiera decir que ser\u00e1 entonces igual a la historia que se lanz\u00f3 en 1992 no es as\u00ed, ya los conocedores de estos rubros sabr\u00e1n que por lo general el cambio de las paginas a la pantalla se suele censurar o hasta suprimir ciertos fragmentos de la trama, que esto seg\u00fan los creadores se evitara.<\/p>\n<p style=\"text-align: justify\">No nos queda m\u00e1s que esperar por lo menos un tr\u00e1iler o alguna imagen en lo que por cierto se est\u00e1n retrasando, porque digo,\u00a0 estamos a menos de dos meses del estreno.<\/p>\n","protected":false},"excerpt":{"rendered":"Conozco esta noticia desde hace m\u00e1s de dos a\u00f1os y cuando la supe no cre\u00ed que la espera&hellip;\n","protected":false},"author":51,"featured_media":14832,"comment_status":"open","ping_status":"open","sticky":false,"template":"","format":"standard","meta":{"jetpack_post_was_ever_published":false,"_jetpack_newsletter_access":"","_jetpack_dont_email_post_to_subs":false,"_jetpack_newsletter_tier_id":0,"_jetpack_memberships_contains_paywalled_content":false,"_jetpack_memberships_contains_paid_content":false,"footnotes":"","jetpack_publicize_message":"","jetpack_publicize_feature_enabled":true,"jetpack_social_post_already_shared":true,"jetpack_social_options":{"image_generator_settings":{"template":"highway","default_image_id":0,"font":"","enabled":false},"version":2}},"categories":[],"tags":[],"class_list":{"0":"post-14831","1":"post","2":"type-post","3":"status-publish","4":"format-standard","5":"has-post-thumbnail","7":"cs-entry","8":"cs-video-wrap"},"yoast_head":"<!-- This site is optimized with the Yoast SEO plugin v27.5 - https:\/\/yoast.com\/product\/yoast-seo-wordpress\/ -->\n<title>El regreso de Sailor Moon - Kalot<\/title>\n<meta name=\"description\" content=\"Conozco esta noticia desde hace m\u00e1s de dos a\u00f1os y cuando la supe no cre\u00ed que la espera se alargara tanto porque cuando se dio a conocer no dijeron que\" \/>\n<meta name=\"robots\" content=\"index, follow, max-snippet:-1, max-image-preview:large, max-video-preview:-1\" \/>\n<link rel=\"canonical\" href=\"https:\/\/kalot.com.mx\/site\/2014\/04\/13\/el-regreso-de-sailor-moon\/\" \/>\n<meta property=\"og:locale\" content=\"es_MX\" \/>\n<meta property=\"og:type\" content=\"article\" \/>\n<meta property=\"og:title\" content=\"El regreso de Sailor Moon - Kalot\" \/>\n<meta property=\"og:description\" content=\"Conozco esta noticia desde hace m\u00e1s de dos a\u00f1os y cuando la supe no cre\u00ed que la espera se alargara tanto porque cuando se dio a conocer no dijeron que\" \/>\n<meta property=\"og:url\" content=\"https:\/\/kalot.com.mx\/site\/2014\/04\/13\/el-regreso-de-sailor-moon\/\" \/>\n<meta property=\"og:site_name\" content=\"Kalot\" \/>\n<meta property=\"article:publisher\" content=\"http:\/\/facebook.com\/mxkalot\" \/>\n<meta property=\"article:published_time\" content=\"2014-04-14T00:00:56+00:00\" \/>\n<meta property=\"og:image\" content=\"https:\/\/i2.wp.com\/kalot.com.mx\/site\/wp-content\/uploads\/2014\/04\/Pretty-Guardian-Sailor-Moon-Crystal_www.pizquita.com_00002.jpg?fit=610%2C1015&ssl=1\" \/>\n\t<meta property=\"og:image:width\" content=\"610\" \/>\n\t<meta property=\"og:image:height\" content=\"1015\" \/>\n\t<meta property=\"og:image:type\" content=\"image\/jpeg\" \/>\n<meta name=\"author\" content=\"Ivan Mendez\" \/>\n<meta name=\"twitter:card\" content=\"summary_large_image\" \/>\n<meta name=\"twitter:creator\" content=\"@kalotmx\" \/>\n<meta name=\"twitter:site\" content=\"@kalotmx\" \/>\n<meta name=\"twitter:label1\" content=\"Escrito por\" \/>\n\t<meta name=\"twitter:data1\" content=\"Ivan Mendez\" \/>\n\t<meta name=\"twitter:label2\" content=\"Tiempo de lectura\" \/>\n\t<meta name=\"twitter:data2\" content=\"1 minuto\" \/>\n<!-- \/ Yoast SEO plugin. -->","yoast_head_json":{"title":"El regreso de Sailor Moon - Kalot","description":"Conozco esta noticia desde hace m\u00e1s de dos a\u00f1os y cuando la supe no cre\u00ed que la espera se alargara tanto porque cuando se dio a conocer no dijeron que","robots":{"index":"index","follow":"follow","max-snippet":"max-snippet:-1","max-image-preview":"max-image-preview:large","max-video-preview":"max-video-preview:-1"},"canonical":"https:\/\/kalot.com.mx\/site\/2014\/04\/13\/el-regreso-de-sailor-moon\/","og_locale":"es_MX","og_type":"article","og_title":"El regreso de Sailor Moon - Kalot","og_description":"Conozco esta noticia desde hace m\u00e1s de dos a\u00f1os y cuando la supe no cre\u00ed que la espera se alargara tanto porque cuando se dio a conocer no dijeron que","og_url":"https:\/\/kalot.com.mx\/site\/2014\/04\/13\/el-regreso-de-sailor-moon\/","og_site_name":"Kalot","article_publisher":"http:\/\/facebook.com\/mxkalot","article_published_time":"2014-04-14T00:00:56+00:00","og_image":[{"width":610,"height":1015,"url":"https:\/\/i2.wp.com\/kalot.com.mx\/site\/wp-content\/uploads\/2014\/04\/Pretty-Guardian-Sailor-Moon-Crystal_www.pizquita.com_00002.jpg?fit=610%2C1015&ssl=1","type":"image\/jpeg"}],"author":"Ivan Mendez","twitter_card":"summary_large_image","twitter_creator":"@kalotmx","twitter_site":"@kalotmx","twitter_misc":{"Escrito por":"Ivan Mendez","Tiempo de lectura":"1 minuto"},"schema":{"@context":"https:\/\/schema.org","@graph":[{"@type":"Article","@id":"https:\/\/kalot.com.mx\/site\/2014\/04\/13\/el-regreso-de-sailor-moon\/#article","isPartOf":{"@id":"https:\/\/kalot.com.mx\/site\/2014\/04\/13\/el-regreso-de-sailor-moon\/"},"author":{"name":"Ivan Mendez","@id":"https:\/\/kalot.com.mx\/site\/#\/schema\/person\/444a91ecc3b075ab573ff515d7f6d6e3"},"headline":"El regreso de Sailor Moon","datePublished":"2014-04-14T00:00:56+00:00","mainEntityOfPage":{"@id":"https:\/\/kalot.com.mx\/site\/2014\/04\/13\/el-regreso-de-sailor-moon\/"},"wordCount":260,"commentCount":0,"publisher":{"@id":"https:\/\/kalot.com.mx\/site\/#organization"},"image":{"@id":"https:\/\/kalot.com.mx\/site\/2014\/04\/13\/el-regreso-de-sailor-moon\/#primaryimage"},"thumbnailUrl":"https:\/\/i0.wp.com\/kalot.com.mx\/site\/wp-content\/uploads\/2014\/04\/Pretty-Guardian-Sailor-Moon-Crystal_www.pizquita.com_00002.jpg?fit=610%2C1015&ssl=1","inLanguage":"es","potentialAction":[{"@type":"CommentAction","name":"Comment","target":["https:\/\/kalot.com.mx\/site\/2014\/04\/13\/el-regreso-de-sailor-moon\/#respond"]}]},{"@type":"WebPage","@id":"https:\/\/kalot.com.mx\/site\/2014\/04\/13\/el-regreso-de-sailor-moon\/","url":"https:\/\/kalot.com.mx\/site\/2014\/04\/13\/el-regreso-de-sailor-moon\/","name":"El regreso de Sailor Moon - Kalot","isPartOf":{"@id":"https:\/\/kalot.com.mx\/site\/#website"},"primaryImageOfPage":{"@id":"https:\/\/kalot.com.mx\/site\/2014\/04\/13\/el-regreso-de-sailor-moon\/#primaryimage"},"image":{"@id":"https:\/\/kalot.com.mx\/site\/2014\/04\/13\/el-regreso-de-sailor-moon\/#primaryimage"},"thumbnailUrl":"https:\/\/i0.wp.com\/kalot.com.mx\/site\/wp-content\/uploads\/2014\/04\/Pretty-Guardian-Sailor-Moon-Crystal_www.pizquita.com_00002.jpg?fit=610%2C1015&ssl=1","datePublished":"2014-04-14T00:00:56+00:00","description":"Conozco esta noticia desde hace m\u00e1s de dos a\u00f1os y cuando la supe no cre\u00ed que la espera se alargara tanto porque cuando se dio a conocer no dijeron que","breadcrumb":{"@id":"https:\/\/kalot.com.mx\/site\/2014\/04\/13\/el-regreso-de-sailor-moon\/#breadcrumb"},"inLanguage":"es","potentialAction":[{"@type":"ReadAction","target":["https:\/\/kalot.com.mx\/site\/2014\/04\/13\/el-regreso-de-sailor-moon\/"]}]},{"@type":"ImageObject","inLanguage":"es","@id":"https:\/\/kalot.com.mx\/site\/2014\/04\/13\/el-regreso-de-sailor-moon\/#primaryimage","url":"https:\/\/i0.wp.com\/kalot.com.mx\/site\/wp-content\/uploads\/2014\/04\/Pretty-Guardian-Sailor-Moon-Crystal_www.pizquita.com_00002.jpg?fit=610%2C1015&ssl=1","contentUrl":"https:\/\/i0.wp.com\/kalot.com.mx\/site\/wp-content\/uploads\/2014\/04\/Pretty-Guardian-Sailor-Moon-Crystal_www.pizquita.com_00002.jpg?fit=610%2C1015&ssl=1","width":610,"height":1015},{"@type":"BreadcrumbList","@id":"https:\/\/kalot.com.mx\/site\/2014\/04\/13\/el-regreso-de-sailor-moon\/#breadcrumb","itemListElement":[{"@type":"ListItem","position":1,"name":"Home","item":"https:\/\/kalot.com.mx\/site\/"},{"@type":"ListItem","position":2,"name":"El regreso de Sailor Moon"}]},{"@type":"WebSite","@id":"https:\/\/kalot.com.mx\/site\/#website","url":"https:\/\/kalot.com.mx\/site\/","name":"Kalot","description":"Conoce Todo Sobre Todo","publisher":{"@id":"https:\/\/kalot.com.mx\/site\/#organization"},"potentialAction":[{"@type":"SearchAction","target":{"@type":"EntryPoint","urlTemplate":"https:\/\/kalot.com.mx\/site\/?s={search_term_string}"},"query-input":{"@type":"PropertyValueSpecification","valueRequired":true,"valueName":"search_term_string"}}],"inLanguage":"es"},{"@type":"Organization","@id":"https:\/\/kalot.com.mx\/site\/#organization","name":"Kalot","url":"https:\/\/kalot.com.mx\/site\/","logo":{"@type":"ImageObject","inLanguage":"es","@id":"https:\/\/kalot.com.mx\/site\/#\/schema\/logo\/image\/","url":"https:\/\/i0.wp.com\/kalot.com.mx\/site\/wp-content\/uploads\/2020\/04\/Kalot-logo-sin-tagline.png?fit=1707%2C1014&ssl=1","contentUrl":"https:\/\/i0.wp.com\/kalot.com.mx\/site\/wp-content\/uploads\/2020\/04\/Kalot-logo-sin-tagline.png?fit=1707%2C1014&ssl=1","width":1707,"height":1014,"caption":"Kalot"},"image":{"@id":"https:\/\/kalot.com.mx\/site\/#\/schema\/logo\/image\/"},"sameAs":["http:\/\/facebook.com\/mxkalot","https:\/\/x.com\/kalotmx","http:\/\/instagram.com\/kalotmx","http:\/\/pinterest.com\/jorgeerana\/kalot"]},{"@type":"Person","@id":"https:\/\/kalot.com.mx\/site\/#\/schema\/person\/444a91ecc3b075ab573ff515d7f6d6e3","name":"Ivan Mendez","image":{"@type":"ImageObject","inLanguage":"es","@id":"https:\/\/secure.gravatar.com\/avatar\/d3590cbb14ecd120bf7a8d9b0ab9a1dae9b2aab34a41a577b5288298a4d08e36?s=96&d=mm&r=g","url":"https:\/\/secure.gravatar.com\/avatar\/d3590cbb14ecd120bf7a8d9b0ab9a1dae9b2aab34a41a577b5288298a4d08e36?s=96&d=mm&r=g","contentUrl":"https:\/\/secure.gravatar.com\/avatar\/d3590cbb14ecd120bf7a8d9b0ab9a1dae9b2aab34a41a577b5288298a4d08e36?s=96&d=mm&r=g","caption":"Ivan Mendez"},"url":"https:\/\/kalot.com.mx\/site\/author\/ivan\/"}]}},"jetpack_publicize_connections":[],"jetpack_featured_media_url":"https:\/\/i0.wp.com\/kalot.com.mx\/site\/wp-content\/uploads\/2014\/04\/Pretty-Guardian-Sailor-Moon-Crystal_www.pizquita.com_00002.jpg?fit=610%2C1015&ssl=1","jetpack_shortlink":"https:\/\/wp.me\/p6IHEI-3Rd","jetpack-related-posts":[{"id":3306,"url":"https:\/\/kalot.com.mx\/site\/2013\/10\/07\/el-anime-tambien-vende-animeadvertising\/","url_meta":{"origin":14831,"position":0},"title":"El anime tambi\u00e9n vende. #AnimeAdvertising","author":"Jorge Era\u00f1a","date":"7 octubre, 2013","format":false,"excerpt":"La mayor\u00eda de los comerciales alrededor del mundo tienen como protagonistas a los artistas, cantantes y deportistas m\u00e1s famosos que representan un gancho seguro para los consumidores que se van creando la idea de que si el personaje en cuesti\u00f3n dice que el producto es bueno entonces en verdad lo\u2026","rel":"","context":"En &quot;Sin categor\u00eda&quot;","block_context":{"text":"Sin categor\u00eda","link":"https:\/\/kalot.com.mx\/site\/category\/sin-categoria\/"},"img":{"alt_text":"","src":"https:\/\/i0.wp.com\/kalot.com.mx\/site\/wp-content\/uploads\/2013\/10\/Comienza-oficialmente-la-campa%C3%B1a-Schick-x-Evangelion-730x447.jpg?fit=730%2C447&ssl=1&resize=350%2C200","width":350,"height":200,"srcset":"https:\/\/i0.wp.com\/kalot.com.mx\/site\/wp-content\/uploads\/2013\/10\/Comienza-oficialmente-la-campa%C3%B1a-Schick-x-Evangelion-730x447.jpg?fit=730%2C447&ssl=1&resize=350%2C200 1x, https:\/\/i0.wp.com\/kalot.com.mx\/site\/wp-content\/uploads\/2013\/10\/Comienza-oficialmente-la-campa%C3%B1a-Schick-x-Evangelion-730x447.jpg?fit=730%2C447&ssl=1&resize=525%2C300 1.5x, https:\/\/i0.wp.com\/kalot.com.mx\/site\/wp-content\/uploads\/2013\/10\/Comienza-oficialmente-la-campa%C3%B1a-Schick-x-Evangelion-730x447.jpg?fit=730%2C447&ssl=1&resize=700%2C400 2x"},"classes":[]},{"id":15713,"url":"https:\/\/kalot.com.mx\/site\/2014\/05\/01\/nuevas-imagenes-y-fecha-de-estreno-de-sailor-moon\/","url_meta":{"origin":14831,"position":1},"title":"\u00a1Nuevas im\u00e1genes y fecha de estreno de Sailor Moon!","author":"Ivan Mendez","date":"1 mayo, 2014","format":false,"excerpt":"As\u00ed es ya tenemos nuevas im\u00e1genes sobre el nuevo anime de Sailor Moon. Y Si, la palabra correcta si es nuevo porque no es solo una remasterizaci\u00f3n de la vieja serie de los noventa sino toda un trabajo con t\u00e9cnicas de la actualidad lo que seguramente refrescara la historia, que\u2026","rel":"","context":"Entrada similar ","block_context":{"text":"Entrada similar ","link":""},"img":{"alt_text":"","src":"https:\/\/i0.wp.com\/kalot.com.mx\/site\/wp-content\/uploads\/2014\/05\/seramuncrystal.jpg?fit=1176%2C357&ssl=1&resize=350%2C200","width":350,"height":200,"srcset":"https:\/\/i0.wp.com\/kalot.com.mx\/site\/wp-content\/uploads\/2014\/05\/seramuncrystal.jpg?fit=1176%2C357&ssl=1&resize=350%2C200 1x, https:\/\/i0.wp.com\/kalot.com.mx\/site\/wp-content\/uploads\/2014\/05\/seramuncrystal.jpg?fit=1176%2C357&ssl=1&resize=525%2C300 1.5x, https:\/\/i0.wp.com\/kalot.com.mx\/site\/wp-content\/uploads\/2014\/05\/seramuncrystal.jpg?fit=1176%2C357&ssl=1&resize=700%2C400 2x, https:\/\/i0.wp.com\/kalot.com.mx\/site\/wp-content\/uploads\/2014\/05\/seramuncrystal.jpg?fit=1176%2C357&ssl=1&resize=1050%2C600 3x"},"classes":[]},{"id":16696,"url":"https:\/\/kalot.com.mx\/site\/2014\/06\/05\/se-revela-el-trailer-de-sailor-moon\/","url_meta":{"origin":14831,"position":2},"title":"\u00a1Se revela el trailer de Sailor Moon!","author":"Ivan Mendez","date":"5 junio, 2014","format":false,"excerpt":"Justo hoy me estaba preguntando cuando saldr\u00eda y como si lo atrajera reci\u00e9n abr\u00ed mi face y la noticia ya daba la vuelta al mundo. El nuevo anime de Sailor Moon ya tiene trailer y aqu\u00ed lo tenemos. Cabe recordar que esta nueva serie animada vera la luz el pr\u00f3ximo\u2026","rel":"","context":"Entrada similar ","block_context":{"text":"Entrada similar ","link":""},"img":{"alt_text":"","src":"https:\/\/i0.wp.com\/kalot.com.mx\/site\/wp-content\/uploads\/2014\/06\/smc11.jpg?fit=800%2C500&ssl=1&resize=350%2C200","width":350,"height":200,"srcset":"https:\/\/i0.wp.com\/kalot.com.mx\/site\/wp-content\/uploads\/2014\/06\/smc11.jpg?fit=800%2C500&ssl=1&resize=350%2C200 1x, https:\/\/i0.wp.com\/kalot.com.mx\/site\/wp-content\/uploads\/2014\/06\/smc11.jpg?fit=800%2C500&ssl=1&resize=525%2C300 1.5x, https:\/\/i0.wp.com\/kalot.com.mx\/site\/wp-content\/uploads\/2014\/06\/smc11.jpg?fit=800%2C500&ssl=1&resize=700%2C400 2x"},"classes":[]},{"id":26917,"url":"https:\/\/kalot.com.mx\/site\/2017\/01\/29\/sword-art-online-ordinal-trailer\/","url_meta":{"origin":14831,"position":3},"title":"Sword Art Online: Ordinal Trailer","author":"Eduardo","date":"29 enero, 2017","format":false,"excerpt":"Sword Art Online regresa este a\u00f1o con la primera pel\u00edcula del anime llamada Ordinal Scale, una de las peliculas mas esperadas este a\u00f1o la cual se espera tenga un estreno un estreno mundial en aproximadamente 1000 cines en todo el mundo, la pel\u00edcula se estrenara el d\u00eda 18 de febrero\u2026","rel":"","context":"En &quot;Cine&quot;","block_context":{"text":"Cine","link":"https:\/\/kalot.com.mx\/site\/category\/cine\/"},"img":{"alt_text":"","src":"https:\/\/i0.wp.com\/kalot.com.mx\/site\/wp-content\/uploads\/2017\/01\/maxresdefault-2.jpg?fit=1200%2C540&ssl=1&resize=350%2C200","width":350,"height":200,"srcset":"https:\/\/i0.wp.com\/kalot.com.mx\/site\/wp-content\/uploads\/2017\/01\/maxresdefault-2.jpg?fit=1200%2C540&ssl=1&resize=350%2C200 1x, https:\/\/i0.wp.com\/kalot.com.mx\/site\/wp-content\/uploads\/2017\/01\/maxresdefault-2.jpg?fit=1200%2C540&ssl=1&resize=525%2C300 1.5x, https:\/\/i0.wp.com\/kalot.com.mx\/site\/wp-content\/uploads\/2017\/01\/maxresdefault-2.jpg?fit=1200%2C540&ssl=1&resize=700%2C400 2x, https:\/\/i0.wp.com\/kalot.com.mx\/site\/wp-content\/uploads\/2017\/01\/maxresdefault-2.jpg?fit=1200%2C540&ssl=1&resize=1050%2C600 3x"},"classes":[]},{"id":24958,"url":"https:\/\/kalot.com.mx\/site\/2016\/02\/18\/recordando-a-saint-seiya\/","url_meta":{"origin":14831,"position":4},"title":"Recordando a: SAINT SEIYA (anime)","author":"HM_MKT007","date":"18 febrero, 2016","format":false,"excerpt":"Hola mis queridos amigos lectores, y amigas lectoras, hoy vamos a tener una nueva entrega RECORDANDO A, y pensando en que vamos a recordar, decidimos darle oportunidad a un ANIME y tambi\u00e9n MANGA, qu\u00e9 ha sido de los m\u00e1s exitosos de la historia, y que no solamente marco una \u00e9poca,\u2026","rel":"","context":"En &quot;Cultura&quot;","block_context":{"text":"Cultura","link":"https:\/\/kalot.com.mx\/site\/category\/cultura\/"},"img":{"alt_text":"","src":"https:\/\/i0.wp.com\/kalot.com.mx\/site\/wp-content\/uploads\/2016\/02\/logo_saintseiya-copie-e8f5c.jpg?fit=750%2C301&ssl=1&resize=350%2C200","width":350,"height":200,"srcset":"https:\/\/i0.wp.com\/kalot.com.mx\/site\/wp-content\/uploads\/2016\/02\/logo_saintseiya-copie-e8f5c.jpg?fit=750%2C301&ssl=1&resize=350%2C200 1x, https:\/\/i0.wp.com\/kalot.com.mx\/site\/wp-content\/uploads\/2016\/02\/logo_saintseiya-copie-e8f5c.jpg?fit=750%2C301&ssl=1&resize=525%2C300 1.5x, https:\/\/i0.wp.com\/kalot.com.mx\/site\/wp-content\/uploads\/2016\/02\/logo_saintseiya-copie-e8f5c.jpg?fit=750%2C301&ssl=1&resize=700%2C400 2x"},"classes":[]},{"id":2878,"url":"https:\/\/kalot.com.mx\/site\/2013\/10\/01\/la-magia-del-cosplay\/","url_meta":{"origin":14831,"position":5},"title":"La magia del Cosplay.","author":"Jorge Era\u00f1a","date":"1 octubre, 2013","format":false,"excerpt":"Cualquiera que estuvo presente en la premier de \"Dragon Ball Z: La batalla de los Dioses\" pudo observar, admirar y\/o re\u00edrse con los varios asistentes que iban caracterizados como alguno de los Guerreros Z. Se pod\u00edan ver varios \"dobles\" de Goku, Gohan, Vegeta, etc\u00e9tera entre las filas de fan\u00e1ticos dispuestos\u2026","rel":"","context":"En &quot;Sin categor\u00eda&quot;","block_context":{"text":"Sin categor\u00eda","link":"https:\/\/kalot.com.mx\/site\/category\/sin-categoria\/"},"img":{"alt_text":"","src":"https:\/\/i0.wp.com\/kalot.com.mx\/site\/wp-content\/uploads\/2013\/10\/200405111156647995ky7.jpg?fit=640%2C480&ssl=1&resize=350%2C200","width":350,"height":200,"srcset":"https:\/\/i0.wp.com\/kalot.com.mx\/site\/wp-content\/uploads\/2013\/10\/200405111156647995ky7.jpg?fit=640%2C480&ssl=1&resize=350%2C200 1x, https:\/\/i0.wp.com\/kalot.com.mx\/site\/wp-content\/uploads\/2013\/10\/200405111156647995ky7.jpg?fit=640%2C480&ssl=1&resize=525%2C300 1.5x"},"classes":[]}],"jetpack_sharing_enabled":true,"_links":{"self":[{"href":"https:\/\/kalot.com.mx\/site\/wp-json\/wp\/v2\/posts\/14831","targetHints":{"allow":["GET"]}}],"collection":[{"href":"https:\/\/kalot.com.mx\/site\/wp-json\/wp\/v2\/posts"}],"about":[{"href":"https:\/\/kalot.com.mx\/site\/wp-json\/wp\/v2\/types\/post"}],"author":[{"embeddable":true,"href":"https:\/\/kalot.com.mx\/site\/wp-json\/wp\/v2\/users\/51"}],"replies":[{"embeddable":true,"href":"https:\/\/kalot.com.mx\/site\/wp-json\/wp\/v2\/comments?post=14831"}],"version-history":[{"count":0,"href":"https:\/\/kalot.com.mx\/site\/wp-json\/wp\/v2\/posts\/14831\/revisions"}],"wp:featuredmedia":[{"embeddable":true,"href":"https:\/\/kalot.com.mx\/site\/wp-json\/wp\/v2\/media\/14832"}],"wp:attachment":[{"href":"https:\/\/kalot.com.mx\/site\/wp-json\/wp\/v2\/media?parent=14831"}],"wp:term":[{"taxonomy":"category","embeddable":true,"href":"https:\/\/kalot.com.mx\/site\/wp-json\/wp\/v2\/categories?post=14831"},{"taxonomy":"post_tag","embeddable":true,"href":"https:\/\/kalot.com.mx\/site\/wp-json\/wp\/v2\/tags?post=14831"}],"curies":[{"name":"wp","href":"https:\/\/api.w.org\/{rel}","templated":true}]}}