{"id":14497,"date":"2014-04-06T06:00:58","date_gmt":"2014-04-06T11:00:58","guid":{"rendered":"http:\/\/www.kalot.com.mx\/?p=14497"},"modified":"2014-04-06T01:16:48","modified_gmt":"2014-04-06T07:16:48","slug":"da-vincis-demons","status":"publish","type":"post","link":"https:\/\/kalot.com.mx\/site\/2014\/04\/06\/da-vincis-demons\/","title":{"rendered":"Da Vinci&#8217;s Demons."},"content":{"rendered":"<p style=\"text-align: justify\">[dropcap size=small]\u00a1<span style=\"font-size: 14px;line-height: 1.5em\">[\/dropcap]<\/span><span style=\"font-size: 14px;line-height: 1.5em\">H<\/span><span style=\"font-size: 14px;line-height: 1.5em\">ola mundo! Este mes cambiaremos de las pel\u00edculas a las series. La televisi\u00f3n forma parte de la vida de muchas personas en muchas etapas, desde ni\u00f1os comenzamos este curioso h\u00e1bito mirando series, cosa que rara vez cambia una vez que ya dejamos esa etapa ya que es algo contante.<\/span><\/p>\n<p style=\"text-align: justify\">La primera seria de la que hablar\u00e9 es<span style=\"color: #800080\"><em> \u201cDa Vinci\u2019s Demons\u201d<\/em><\/span>, una propuesta fresca y entretenida de la vida del afamado artista Leonardo Da Vinci, los productores han tenido la ventaja de crear una historia al artista \u2013debido a la falta de conocimiento de su vida privada- y como resultado han conseguido en mi opini\u00f3n una historia \u00e9pica.<\/p>\n<p><img data-recalc-dims=\"1\" decoding=\"async\" class=\"aligncenter\" alt=\"\" src=\"https:\/\/i0.wp.com\/images6.fanpop.com\/image\/photos\/35700000\/Leo-da-vincis-demons-35703011-400-233.gif?w=1200\" \/><\/p>\n<p style=\"text-align: justify\">Tiene de todo, fantas\u00eda, historia, una constante lucha por el poder y hasta podemos decir que tiene una escenograf\u00eda incre\u00edble; todo en esta serie es incre\u00edble y crea una relaci\u00f3n con el tiempo de aquella \u00e9poca como ninguna otra serie que haya visto, de verdad que al verla el espectador se siente en las calles de Florencia, una magia inigualable a cualquier otra que se haya visto.<\/p>\n<p style=\"text-align: justify\">Es una historia que tiene el ingrediente especial, la intriga; y que hace valer aquello que ambienta la historia llev\u00e1ndola hasta un nuevo nivel. Cuenta la historia de un Da Vinci joven, un artista que no s\u00f3lo es amo y se\u00f1or de la ingenier\u00eda moderna y las bellas artes, sino una persona con una misi\u00f3n secreta de la cual no sabe nada, una misi\u00f3n en la cual deber\u00e1 aceptar que cada acto tiene una consecuencia y, sin duda alguna; crear\u00e1 conciencia de lo conectados que estamos todos como personas.<\/p>\n<p style=\"text-align: justify\"><img data-recalc-dims=\"1\" decoding=\"async\" class=\"aligncenter\" alt=\"\" src=\"https:\/\/i0.wp.com\/31.media.tumblr.com\/5f05ae16ca8c26b284a3c93772a0095a\/tumblr_mo6mioZou91qba8yvo1_500.gif?w=1200\" \/><\/p>\n<p style=\"text-align: justify\">Una serie altamente recomendada con la que estoy segura que no se aburrir\u00e1n, llegar\u00e1n a estar literalmente al filo del asiento y vivir\u00e1n las aventuras como si estuvieran dentro y no como un espectador com\u00fan y corriente. Espero que les guste mi recomendaci\u00f3n de la semana y asimismo espero leer tal les parece.<\/p>\n<p style=\"text-align: justify\">Y\u2026 \u00a1Corte!<\/p>\n","protected":false},"excerpt":{"rendered":"[dropcap size=small]\u00a1[\/dropcap]Hola mundo! Este mes cambiaremos de las pel\u00edculas a las series. La televisi\u00f3n forma parte de la&hellip;\n","protected":false},"author":61,"featured_media":14498,"comment_status":"open","ping_status":"open","sticky":false,"template":"","format":"standard","meta":{"jetpack_post_was_ever_published":false,"_jetpack_newsletter_access":"","_jetpack_dont_email_post_to_subs":false,"_jetpack_newsletter_tier_id":0,"_jetpack_memberships_contains_paywalled_content":false,"_jetpack_memberships_contains_paid_content":false,"footnotes":"","jetpack_publicize_message":"","jetpack_publicize_feature_enabled":true,"jetpack_social_post_already_shared":true,"jetpack_social_options":{"image_generator_settings":{"template":"highway","default_image_id":0,"font":"","enabled":false},"version":2}},"categories":[],"tags":[],"class_list":{"0":"post-14497","1":"post","2":"type-post","3":"status-publish","4":"format-standard","5":"has-post-thumbnail","7":"cs-entry","8":"cs-video-wrap"},"yoast_head":"<!-- This site is optimized with the Yoast SEO plugin v27.5 - https:\/\/yoast.com\/product\/yoast-seo-wordpress\/ -->\n<title>Da Vinci&#039;s Demons<\/title>\n<meta name=\"description\" content=\"\u00a1Hola mundo! Este mes cambiaremos de las pel\u00edculas a las series. La televisi\u00f3n forma parte de la vida de muchas personas en muchas etapas, desde ni\u00f1os\" \/>\n<meta name=\"robots\" content=\"index, follow, max-snippet:-1, max-image-preview:large, max-video-preview:-1\" \/>\n<link rel=\"canonical\" href=\"https:\/\/kalot.com.mx\/site\/2014\/04\/06\/da-vincis-demons\/\" \/>\n<meta property=\"og:locale\" content=\"es_MX\" \/>\n<meta property=\"og:type\" content=\"article\" \/>\n<meta property=\"og:title\" content=\"Da Vinci&#039;s Demons\" \/>\n<meta property=\"og:description\" content=\"\u00a1Hola mundo! Este mes cambiaremos de las pel\u00edculas a las series. La televisi\u00f3n forma parte de la vida de muchas personas en muchas etapas, desde ni\u00f1os\" \/>\n<meta property=\"og:url\" content=\"https:\/\/kalot.com.mx\/site\/2014\/04\/06\/da-vincis-demons\/\" \/>\n<meta property=\"og:site_name\" content=\"Kalot\" \/>\n<meta property=\"article:publisher\" content=\"http:\/\/facebook.com\/mxkalot\" \/>\n<meta property=\"article:author\" content=\"https:\/\/www.facebook.com\/elie.alvarado1\" \/>\n<meta property=\"article:published_time\" content=\"2014-04-06T11:00:58+00:00\" \/>\n<meta property=\"og:image\" content=\"https:\/\/i2.wp.com\/kalot.com.mx\/site\/wp-content\/uploads\/2014\/04\/DA-VINCIS-DEMONS.jpg?fit=1107%2C663&ssl=1\" \/>\n\t<meta property=\"og:image:width\" content=\"1107\" \/>\n\t<meta property=\"og:image:height\" content=\"663\" \/>\n\t<meta property=\"og:image:type\" content=\"image\/jpeg\" \/>\n<meta name=\"author\" content=\"Mar\u00eda Alvarado\" \/>\n<meta name=\"twitter:card\" content=\"summary_large_image\" \/>\n<meta name=\"twitter:creator\" content=\"@Me_elieA\" \/>\n<meta name=\"twitter:site\" content=\"@kalotmx\" \/>\n<meta name=\"twitter:label1\" content=\"Escrito por\" \/>\n\t<meta name=\"twitter:data1\" content=\"Mar\u00eda Alvarado\" \/>\n\t<meta name=\"twitter:label2\" content=\"Tiempo de lectura\" \/>\n\t<meta name=\"twitter:data2\" content=\"2 minutos\" \/>\n<!-- \/ Yoast SEO plugin. -->","yoast_head_json":{"title":"Da Vinci's Demons","description":"\u00a1Hola mundo! Este mes cambiaremos de las pel\u00edculas a las series. La televisi\u00f3n forma parte de la vida de muchas personas en muchas etapas, desde ni\u00f1os","robots":{"index":"index","follow":"follow","max-snippet":"max-snippet:-1","max-image-preview":"max-image-preview:large","max-video-preview":"max-video-preview:-1"},"canonical":"https:\/\/kalot.com.mx\/site\/2014\/04\/06\/da-vincis-demons\/","og_locale":"es_MX","og_type":"article","og_title":"Da Vinci's Demons","og_description":"\u00a1Hola mundo! Este mes cambiaremos de las pel\u00edculas a las series. La televisi\u00f3n forma parte de la vida de muchas personas en muchas etapas, desde ni\u00f1os","og_url":"https:\/\/kalot.com.mx\/site\/2014\/04\/06\/da-vincis-demons\/","og_site_name":"Kalot","article_publisher":"http:\/\/facebook.com\/mxkalot","article_author":"https:\/\/www.facebook.com\/elie.alvarado1","article_published_time":"2014-04-06T11:00:58+00:00","og_image":[{"width":1107,"height":663,"url":"https:\/\/i2.wp.com\/kalot.com.mx\/site\/wp-content\/uploads\/2014\/04\/DA-VINCIS-DEMONS.jpg?fit=1107%2C663&ssl=1","type":"image\/jpeg"}],"author":"Mar\u00eda Alvarado","twitter_card":"summary_large_image","twitter_creator":"@Me_elieA","twitter_site":"@kalotmx","twitter_misc":{"Escrito por":"Mar\u00eda Alvarado","Tiempo de lectura":"2 minutos"},"schema":{"@context":"https:\/\/schema.org","@graph":[{"@type":"Article","@id":"https:\/\/kalot.com.mx\/site\/2014\/04\/06\/da-vincis-demons\/#article","isPartOf":{"@id":"https:\/\/kalot.com.mx\/site\/2014\/04\/06\/da-vincis-demons\/"},"author":{"name":"Mar\u00eda Alvarado","@id":"https:\/\/kalot.com.mx\/site\/#\/schema\/person\/2364e48efea2244b0799211aeff4847e"},"headline":"Da Vinci&#8217;s Demons.","datePublished":"2014-04-06T11:00:58+00:00","mainEntityOfPage":{"@id":"https:\/\/kalot.com.mx\/site\/2014\/04\/06\/da-vincis-demons\/"},"wordCount":349,"commentCount":0,"publisher":{"@id":"https:\/\/kalot.com.mx\/site\/#organization"},"image":{"@id":"https:\/\/kalot.com.mx\/site\/2014\/04\/06\/da-vincis-demons\/#primaryimage"},"thumbnailUrl":"https:\/\/i0.wp.com\/kalot.com.mx\/site\/wp-content\/uploads\/2014\/04\/DA-VINCIS-DEMONS.jpg?fit=1107%2C663&ssl=1","inLanguage":"es","potentialAction":[{"@type":"CommentAction","name":"Comment","target":["https:\/\/kalot.com.mx\/site\/2014\/04\/06\/da-vincis-demons\/#respond"]}]},{"@type":"WebPage","@id":"https:\/\/kalot.com.mx\/site\/2014\/04\/06\/da-vincis-demons\/","url":"https:\/\/kalot.com.mx\/site\/2014\/04\/06\/da-vincis-demons\/","name":"Da Vinci's Demons","isPartOf":{"@id":"https:\/\/kalot.com.mx\/site\/#website"},"primaryImageOfPage":{"@id":"https:\/\/kalot.com.mx\/site\/2014\/04\/06\/da-vincis-demons\/#primaryimage"},"image":{"@id":"https:\/\/kalot.com.mx\/site\/2014\/04\/06\/da-vincis-demons\/#primaryimage"},"thumbnailUrl":"https:\/\/i0.wp.com\/kalot.com.mx\/site\/wp-content\/uploads\/2014\/04\/DA-VINCIS-DEMONS.jpg?fit=1107%2C663&ssl=1","datePublished":"2014-04-06T11:00:58+00:00","description":"\u00a1Hola mundo! Este mes cambiaremos de las pel\u00edculas a las series. La televisi\u00f3n forma parte de la vida de muchas personas en muchas etapas, desde ni\u00f1os","breadcrumb":{"@id":"https:\/\/kalot.com.mx\/site\/2014\/04\/06\/da-vincis-demons\/#breadcrumb"},"inLanguage":"es","potentialAction":[{"@type":"ReadAction","target":["https:\/\/kalot.com.mx\/site\/2014\/04\/06\/da-vincis-demons\/"]}]},{"@type":"ImageObject","inLanguage":"es","@id":"https:\/\/kalot.com.mx\/site\/2014\/04\/06\/da-vincis-demons\/#primaryimage","url":"https:\/\/i0.wp.com\/kalot.com.mx\/site\/wp-content\/uploads\/2014\/04\/DA-VINCIS-DEMONS.jpg?fit=1107%2C663&ssl=1","contentUrl":"https:\/\/i0.wp.com\/kalot.com.mx\/site\/wp-content\/uploads\/2014\/04\/DA-VINCIS-DEMONS.jpg?fit=1107%2C663&ssl=1","width":1107,"height":663},{"@type":"BreadcrumbList","@id":"https:\/\/kalot.com.mx\/site\/2014\/04\/06\/da-vincis-demons\/#breadcrumb","itemListElement":[{"@type":"ListItem","position":1,"name":"Home","item":"https:\/\/kalot.com.mx\/site\/"},{"@type":"ListItem","position":2,"name":"Da Vinci&#8217;s Demons."}]},{"@type":"WebSite","@id":"https:\/\/kalot.com.mx\/site\/#website","url":"https:\/\/kalot.com.mx\/site\/","name":"Kalot","description":"Conoce Todo Sobre Todo","publisher":{"@id":"https:\/\/kalot.com.mx\/site\/#organization"},"potentialAction":[{"@type":"SearchAction","target":{"@type":"EntryPoint","urlTemplate":"https:\/\/kalot.com.mx\/site\/?s={search_term_string}"},"query-input":{"@type":"PropertyValueSpecification","valueRequired":true,"valueName":"search_term_string"}}],"inLanguage":"es"},{"@type":"Organization","@id":"https:\/\/kalot.com.mx\/site\/#organization","name":"Kalot","url":"https:\/\/kalot.com.mx\/site\/","logo":{"@type":"ImageObject","inLanguage":"es","@id":"https:\/\/kalot.com.mx\/site\/#\/schema\/logo\/image\/","url":"https:\/\/i0.wp.com\/kalot.com.mx\/site\/wp-content\/uploads\/2020\/04\/Kalot-logo-sin-tagline.png?fit=1707%2C1014&ssl=1","contentUrl":"https:\/\/i0.wp.com\/kalot.com.mx\/site\/wp-content\/uploads\/2020\/04\/Kalot-logo-sin-tagline.png?fit=1707%2C1014&ssl=1","width":1707,"height":1014,"caption":"Kalot"},"image":{"@id":"https:\/\/kalot.com.mx\/site\/#\/schema\/logo\/image\/"},"sameAs":["http:\/\/facebook.com\/mxkalot","https:\/\/x.com\/kalotmx","http:\/\/instagram.com\/kalotmx","http:\/\/pinterest.com\/jorgeerana\/kalot"]},{"@type":"Person","@id":"https:\/\/kalot.com.mx\/site\/#\/schema\/person\/2364e48efea2244b0799211aeff4847e","name":"Mar\u00eda Alvarado","image":{"@type":"ImageObject","inLanguage":"es","@id":"https:\/\/secure.gravatar.com\/avatar\/2a5c53655315c4a72bc8b3127daca732f3ccab828ef0de13ec26f266fc855c6b?s=96&d=mm&r=g","url":"https:\/\/secure.gravatar.com\/avatar\/2a5c53655315c4a72bc8b3127daca732f3ccab828ef0de13ec26f266fc855c6b?s=96&d=mm&r=g","contentUrl":"https:\/\/secure.gravatar.com\/avatar\/2a5c53655315c4a72bc8b3127daca732f3ccab828ef0de13ec26f266fc855c6b?s=96&d=mm&r=g","caption":"Mar\u00eda Alvarado"},"description":"El perfecto ejemplo de una rom\u00e1ntica so\u00f1adora, drama queen y devoradora de libros. Una parlanchina innata que goza de los peque\u00f1os placeres que ofrece esta vida y fan\u00e1tica de las sonrisas.","sameAs":["https:\/\/www.facebook.com\/elie.alvarado1","https:\/\/x.com\/Me_elieA"],"url":"https:\/\/kalot.com.mx\/site\/author\/elisa\/"}]}},"jetpack_publicize_connections":[],"jetpack_featured_media_url":"https:\/\/i0.wp.com\/kalot.com.mx\/site\/wp-content\/uploads\/2014\/04\/DA-VINCIS-DEMONS.jpg?fit=1107%2C663&ssl=1","jetpack_shortlink":"https:\/\/wp.me\/p6IHEI-3LP","jetpack-related-posts":[{"id":26323,"url":"https:\/\/kalot.com.mx\/site\/2016\/10\/14\/laresena-inferno\/","url_meta":{"origin":14497,"position":0},"title":"#LaRese\u00f1a: Inferno","author":"yash","date":"14 octubre, 2016","format":false,"excerpt":"La formula empleada en\u00a0El C\u00f3digo Da Vinci o \u00c1ngeles y Demonios se repite; una pel\u00edcula que tiene fallos pero cumple como lo han hecho sus antecesoras. Este tipo de pel\u00edculas que involucran historia, arte y acci\u00f3n han cautivado a un p\u00fablico y eso es innegable; a partir del fen\u00f3meno de\u2026","rel":"","context":"En &quot;Cine&quot;","block_context":{"text":"Cine","link":"https:\/\/kalot.com.mx\/site\/category\/cine\/"},"img":{"alt_text":"","src":"https:\/\/i0.wp.com\/kalot.com.mx\/site\/wp-content\/uploads\/2016\/10\/inferno-critica_0.jpg?fit=1200%2C560&ssl=1&resize=350%2C200","width":350,"height":200,"srcset":"https:\/\/i0.wp.com\/kalot.com.mx\/site\/wp-content\/uploads\/2016\/10\/inferno-critica_0.jpg?fit=1200%2C560&ssl=1&resize=350%2C200 1x, https:\/\/i0.wp.com\/kalot.com.mx\/site\/wp-content\/uploads\/2016\/10\/inferno-critica_0.jpg?fit=1200%2C560&ssl=1&resize=525%2C300 1.5x, https:\/\/i0.wp.com\/kalot.com.mx\/site\/wp-content\/uploads\/2016\/10\/inferno-critica_0.jpg?fit=1200%2C560&ssl=1&resize=700%2C400 2x, https:\/\/i0.wp.com\/kalot.com.mx\/site\/wp-content\/uploads\/2016\/10\/inferno-critica_0.jpg?fit=1200%2C560&ssl=1&resize=1050%2C600 3x"},"classes":[]},{"id":30264,"url":"https:\/\/kalot.com.mx\/site\/2018\/05\/05\/ya-leiste-the-haindsmaine-tale-aqui-te-contamos-que-tal-esta\/","url_meta":{"origin":14497,"position":1},"title":"\u00bfYa le\u00edste The Handmaid&#8217;s Tale? Aqu\u00ed te contamos sobre el libro","author":"Juan Alem\u00e1n","date":"5 mayo, 2018","format":false,"excerpt":"The Handmaid's Tale, traducido al espa\u00f1ol como \u201cEl cuento de la criada\u201d es una novela escrita por la autora canadiense Margaret Atwood en 1985. Ya se han realizado varias adaptaciones en diferentes formatos, pero en 2017, se estren\u00f3 una serie de televisi\u00f3n bajo la producci\u00f3n de Hulu, teniendo como protagonista\u2026","rel":"","context":"En &quot;Cultura&quot;","block_context":{"text":"Cultura","link":"https:\/\/kalot.com.mx\/site\/category\/cultura\/"},"img":{"alt_text":"","src":"https:\/\/i0.wp.com\/kalot.com.mx\/site\/wp-content\/uploads\/2018\/05\/imgog.jpg?fit=1200%2C508&ssl=1&resize=350%2C200","width":350,"height":200,"srcset":"https:\/\/i0.wp.com\/kalot.com.mx\/site\/wp-content\/uploads\/2018\/05\/imgog.jpg?fit=1200%2C508&ssl=1&resize=350%2C200 1x, https:\/\/i0.wp.com\/kalot.com.mx\/site\/wp-content\/uploads\/2018\/05\/imgog.jpg?fit=1200%2C508&ssl=1&resize=525%2C300 1.5x, https:\/\/i0.wp.com\/kalot.com.mx\/site\/wp-content\/uploads\/2018\/05\/imgog.jpg?fit=1200%2C508&ssl=1&resize=700%2C400 2x, https:\/\/i0.wp.com\/kalot.com.mx\/site\/wp-content\/uploads\/2018\/05\/imgog.jpg?fit=1200%2C508&ssl=1&resize=1050%2C600 3x"},"classes":[]},{"id":7844,"url":"https:\/\/kalot.com.mx\/site\/2013\/12\/16\/omararroyo\/","url_meta":{"origin":14497,"position":2},"title":"Hola  a todos!! Soy Omar.","author":"Omar Arroyo","date":"16 diciembre, 2013","format":false,"excerpt":">Omar Alejandro Arroyo Reyes \u00a1Hola a todos! Mi nombre es Omar Alejandro, soy del Distrito Federal y tengo 22 a\u00f1os, y actualmente vivo en la ciudad de San Luis Potos\u00ed. Tengo viviendo aqu\u00ed ya bastante tiempo, pero nunca olvido mi ra\u00edces chilangas, sin embargo en San Luis fue donde encontr\u00e9\u2026","rel":"","context":"En &quot;Sin categor\u00eda&quot;","block_context":{"text":"Sin categor\u00eda","link":"https:\/\/kalot.com.mx\/site\/category\/sin-categoria\/"},"img":{"alt_text":"","src":"https:\/\/i0.wp.com\/kalot.com.mx\/site\/wp-content\/uploads\/2013\/12\/la-foto-1-1.jpg?fit=750%2C1000&ssl=1&resize=350%2C200","width":350,"height":200,"srcset":"https:\/\/i0.wp.com\/kalot.com.mx\/site\/wp-content\/uploads\/2013\/12\/la-foto-1-1.jpg?fit=750%2C1000&ssl=1&resize=350%2C200 1x, https:\/\/i0.wp.com\/kalot.com.mx\/site\/wp-content\/uploads\/2013\/12\/la-foto-1-1.jpg?fit=750%2C1000&ssl=1&resize=525%2C300 1.5x, https:\/\/i0.wp.com\/kalot.com.mx\/site\/wp-content\/uploads\/2013\/12\/la-foto-1-1.jpg?fit=750%2C1000&ssl=1&resize=700%2C400 2x"},"classes":[]},{"id":17182,"url":"https:\/\/kalot.com.mx\/site\/2014\/07\/08\/5-razones-por-las-que-orange-new-black-conquisto\/","url_meta":{"origin":14497,"position":3},"title":"5 razones por las que &#8220;Orange Is The New Black&#8221; me conquist\u00f3","author":"Ivan Mendez","date":"8 julio, 2014","format":false,"excerpt":"Me encantan las series cortas porque creo que entre menos cap\u00edtulos mas nos dar\u00e1 la trama y los episodios ser\u00e1n aun mas entretenidos. Despu\u00e9s de pasar por varias series que no lograron capturarme comenc\u00e9 a sospechar que tal vez era yo el del problema y me hab\u00eda convertido en algo\u2026","rel":"","context":"Con 1 comentario","block_context":{"text":"Con 1 comentario","link":"https:\/\/kalot.com.mx\/site\/2014\/07\/08\/5-razones-por-las-que-orange-new-black-conquisto\/#comments"},"img":{"alt_text":"","src":"https:\/\/i0.wp.com\/kalot.com.mx\/site\/wp-content\/uploads\/2014\/07\/orange_is_the_new_black_tv_series-wide-scaled.jpg?fit=1200%2C750&ssl=1&resize=350%2C200","width":350,"height":200,"srcset":"https:\/\/i0.wp.com\/kalot.com.mx\/site\/wp-content\/uploads\/2014\/07\/orange_is_the_new_black_tv_series-wide-scaled.jpg?fit=1200%2C750&ssl=1&resize=350%2C200 1x, https:\/\/i0.wp.com\/kalot.com.mx\/site\/wp-content\/uploads\/2014\/07\/orange_is_the_new_black_tv_series-wide-scaled.jpg?fit=1200%2C750&ssl=1&resize=525%2C300 1.5x, https:\/\/i0.wp.com\/kalot.com.mx\/site\/wp-content\/uploads\/2014\/07\/orange_is_the_new_black_tv_series-wide-scaled.jpg?fit=1200%2C750&ssl=1&resize=700%2C400 2x, https:\/\/i0.wp.com\/kalot.com.mx\/site\/wp-content\/uploads\/2014\/07\/orange_is_the_new_black_tv_series-wide-scaled.jpg?fit=1200%2C750&ssl=1&resize=1050%2C600 3x"},"classes":[]},{"id":9271,"url":"https:\/\/kalot.com.mx\/site\/2014\/01\/09\/entra-luz\/","url_meta":{"origin":14497,"position":4},"title":"Entra luz.","author":"Mar\u00eda Alvarado","date":"9 enero, 2014","format":false,"excerpt":"[dropcap size=small]D[\/dropcap]urante todas nuestras vidas van a ir y venir personas que tal vez nos dejen cosas buenas o malas, pero cada una de esas personas tendr\u00e1 o tiene ya un prop\u00f3sito en nuestras vidas. Desde dejarnos la mejor sensaci\u00f3n del mundo hasta una peque\u00f1a o muy grande cicatriz, todos\u2026","rel":"","context":"Entrada similar ","block_context":{"text":"Entrada similar ","link":""},"img":{"alt_text":"","src":"https:\/\/i0.wp.com\/kalot.com.mx\/site\/wp-content\/uploads\/2014\/01\/memories.jpg?fit=700%2C501&ssl=1&resize=350%2C200","width":350,"height":200,"srcset":"https:\/\/i0.wp.com\/kalot.com.mx\/site\/wp-content\/uploads\/2014\/01\/memories.jpg?fit=700%2C501&ssl=1&resize=350%2C200 1x, https:\/\/i0.wp.com\/kalot.com.mx\/site\/wp-content\/uploads\/2014\/01\/memories.jpg?fit=700%2C501&ssl=1&resize=525%2C300 1.5x, https:\/\/i0.wp.com\/kalot.com.mx\/site\/wp-content\/uploads\/2014\/01\/memories.jpg?fit=700%2C501&ssl=1&resize=700%2C400 2x"},"classes":[]},{"id":22480,"url":"https:\/\/kalot.com.mx\/site\/2015\/07\/23\/recordar\/","url_meta":{"origin":14497,"position":5},"title":"Recordar.","author":"Mar\u00eda Alvarado","date":"23 julio, 2015","format":false,"excerpt":"El pasado no es algo que podamos dejas atr\u00e1s tan f\u00e1cil como creemos, y esto es aplicable a muchos aspectos de nuestra vida incluyendo a las relaciones que podemos llegar a tener con diferentes individuos a lo largo de nuestra estad\u00eda en este bello planeta. \u00bfPor qu\u00e9 deber\u00edamos recordar lo\u2026","rel":"","context":"Con 1 comentario","block_context":{"text":"Con 1 comentario","link":"https:\/\/kalot.com.mx\/site\/2015\/07\/23\/recordar\/#comments"},"img":{"alt_text":"","src":"https:\/\/i0.wp.com\/kalot.com.mx\/site\/wp-content\/uploads\/2015\/07\/rememb.jpg?fit=1024%2C559&ssl=1&resize=350%2C200","width":350,"height":200,"srcset":"https:\/\/i0.wp.com\/kalot.com.mx\/site\/wp-content\/uploads\/2015\/07\/rememb.jpg?fit=1024%2C559&ssl=1&resize=350%2C200 1x, https:\/\/i0.wp.com\/kalot.com.mx\/site\/wp-content\/uploads\/2015\/07\/rememb.jpg?fit=1024%2C559&ssl=1&resize=525%2C300 1.5x, https:\/\/i0.wp.com\/kalot.com.mx\/site\/wp-content\/uploads\/2015\/07\/rememb.jpg?fit=1024%2C559&ssl=1&resize=700%2C400 2x"},"classes":[]}],"jetpack_sharing_enabled":true,"_links":{"self":[{"href":"https:\/\/kalot.com.mx\/site\/wp-json\/wp\/v2\/posts\/14497","targetHints":{"allow":["GET"]}}],"collection":[{"href":"https:\/\/kalot.com.mx\/site\/wp-json\/wp\/v2\/posts"}],"about":[{"href":"https:\/\/kalot.com.mx\/site\/wp-json\/wp\/v2\/types\/post"}],"author":[{"embeddable":true,"href":"https:\/\/kalot.com.mx\/site\/wp-json\/wp\/v2\/users\/61"}],"replies":[{"embeddable":true,"href":"https:\/\/kalot.com.mx\/site\/wp-json\/wp\/v2\/comments?post=14497"}],"version-history":[{"count":0,"href":"https:\/\/kalot.com.mx\/site\/wp-json\/wp\/v2\/posts\/14497\/revisions"}],"wp:featuredmedia":[{"embeddable":true,"href":"https:\/\/kalot.com.mx\/site\/wp-json\/wp\/v2\/media\/14498"}],"wp:attachment":[{"href":"https:\/\/kalot.com.mx\/site\/wp-json\/wp\/v2\/media?parent=14497"}],"wp:term":[{"taxonomy":"category","embeddable":true,"href":"https:\/\/kalot.com.mx\/site\/wp-json\/wp\/v2\/categories?post=14497"},{"taxonomy":"post_tag","embeddable":true,"href":"https:\/\/kalot.com.mx\/site\/wp-json\/wp\/v2\/tags?post=14497"}],"curies":[{"name":"wp","href":"https:\/\/api.w.org\/{rel}","templated":true}]}}