{"id":1443,"date":"2013-09-12T13:30:55","date_gmt":"2013-09-12T18:30:55","guid":{"rendered":"http:\/\/www.kalot.com.mx\/?p=1443"},"modified":"2013-11-25T11:28:27","modified_gmt":"2013-11-25T17:28:27","slug":"la-musica-y-el-posicionamiento-de-marca","status":"publish","type":"post","link":"https:\/\/kalot.com.mx\/site\/2013\/09\/12\/la-musica-y-el-posicionamiento-de-marca\/","title":{"rendered":"La m\u00fasica y el posicionamiento de marca."},"content":{"rendered":"<p style=\"text-align: justify\">Muchos de nosotros hemos tenido al menos una vez alguna melod\u00eda en nuestra mente,\u00a0 dicha melod\u00eda \u00a0en ocasiones nos transporta hacia alg\u00fan lugar o fecha, haci\u00e9ndonos recordar situaciones espec\u00edficas en tiempo y forma.<\/p>\n<p style=\"text-align: justify\">Por ejemplo, \u00a0muchos recordamos el momento de pasar a los salones despu\u00e9s de honores a la bandera en la primaria con la canci\u00f3n de \u201cla marcha de Zacatecas\u201d (les dejo la canci\u00f3n para que recuerden como yo lo hice, <a href=\"http:\/\/www.youtube.com\/watch?v=NWdB26F5wLQ\" target=\"_blank\">Marcha de Zacatecas<\/a>)<\/p>\n<p style=\"text-align: justify\">Pero, \u00bfPor qu\u00e9 la m\u00fasica nos ayuda a recordar determinados momentos?, seg\u00fan estudio realizado en la\u00a0Universidad de California en Davis,\u00a0 la respuesta est\u00e1 localizada en el cortex prefontal medial, que es una parte del cerebro relacionada con el almacenamiento\u00a0 y la recuperaci\u00f3n de recuerdos, \u00a0de esta manera las neuronas trabajan como medio de conexi\u00f3n entre una melod\u00eda, la memoria y las emociones (<a href=\"http:\/\/www.aprendemas.com\/Noticias\/html\/N4795_F25022009.html\">Nota completa de la investigaci\u00f3n<\/a>).<\/p>\n<p style=\"text-align: justify\">Y a todo esto \u00bfC\u00f3mo puede una canci\u00f3n facilitar el posicionamiento de marca?; cuando una empresa\u00a0 relaciona una canci\u00f3n con su marca o con alguno de sus productos, les est\u00e1 facilitando a sus clientes el trabajo de recordar dicho producto directamente, ya que la m\u00fasica act\u00faa como intermediario entre el recuerdo y el producto\/marca, \u00a0de esta manera se facilita la labor de recordaci\u00f3n.<\/p>\n<p style=\"text-align: justify\"><a href=\"http:\/\/vimeo.com\/41025347\">http:\/\/vimeo.com\/41025347<\/a><\/p>\n<p style=\"text-align: justify\">Otro ejemplo de como la m\u00fasica es utilizada para recordar a una empresa es la canci\u00f3n de Aerosmith I Don&#8217;t Want to Miss a Thing (Armageddon) que al tener tanto \u00e9xito, los miembros de la NASA la consideran como su himno.<\/p>\n<p style=\"text-align: justify\"><a href=\"http:\/\/vimeo.com\/29879455\">http:\/\/vimeo.com\/29879455<\/a><\/p>\n<p style=\"text-align: justify\">\u00c9stos son ejemplos de c\u00f3mo una marca puede hacer uso de la m\u00fasica para facilitar el posicionamiento de una marca, en mis pr\u00f3ximos post, les estar\u00e9 compartiendo m\u00e1s estrategias de posicionamiento haciendo uso de la m\u00fasica.<\/p>\n<p style=\"text-align: justify\">Y a ti\u00a0 \u00bfQu\u00e9 canciones te traen alg\u00fan recuerdo?<\/p>\n<p style=\"text-align: justify\">Nos leemos pronto<strong> kalochos<\/strong>.<\/p>\n","protected":false},"excerpt":{"rendered":"Muchos de nosotros hemos tenido al menos una vez alguna melod\u00eda en nuestra mente,\u00a0 dicha melod\u00eda \u00a0en ocasiones&hellip;\n","protected":false},"author":7,"featured_media":7079,"comment_status":"open","ping_status":"open","sticky":false,"template":"","format":"standard","meta":{"jetpack_post_was_ever_published":false,"_jetpack_newsletter_access":"","_jetpack_dont_email_post_to_subs":false,"_jetpack_newsletter_tier_id":0,"_jetpack_memberships_contains_paywalled_content":false,"_jetpack_memberships_contains_paid_content":false,"footnotes":"","jetpack_publicize_message":"La m\u00fasica y el posicionamiento de marca. #Marketing - By Edgar Vilanueva","jetpack_publicize_feature_enabled":true,"jetpack_social_post_already_shared":true,"jetpack_social_options":{"image_generator_settings":{"template":"highway","default_image_id":0,"font":"","enabled":false},"version":2}},"categories":[],"tags":[],"class_list":{"0":"post-1443","1":"post","2":"type-post","3":"status-publish","4":"format-standard","5":"has-post-thumbnail","7":"cs-entry","8":"cs-video-wrap"},"yoast_head":"<!-- This site is optimized with the Yoast SEO plugin v27.4 - https:\/\/yoast.com\/product\/yoast-seo-wordpress\/ -->\n<title>La m\u00fasica y el posicionamiento de marca. - Kalot<\/title>\n<meta name=\"description\" content=\"Muchos de nosotros hemos tenido al menos una vez alguna melod\u00eda en nuestra mente,\u00a0 dicha melod\u00eda \u00a0en ocasiones nos transporta hacia alg\u00fan lugar o fecha,\" \/>\n<meta name=\"robots\" content=\"index, follow, max-snippet:-1, max-image-preview:large, max-video-preview:-1\" \/>\n<link rel=\"canonical\" href=\"https:\/\/kalot.com.mx\/site\/2013\/09\/12\/la-musica-y-el-posicionamiento-de-marca\/\" \/>\n<meta property=\"og:locale\" content=\"es_MX\" \/>\n<meta property=\"og:type\" content=\"article\" \/>\n<meta property=\"og:title\" content=\"La m\u00fasica y el posicionamiento de marca. - Kalot\" \/>\n<meta property=\"og:description\" content=\"Muchos de nosotros hemos tenido al menos una vez alguna melod\u00eda en nuestra mente,\u00a0 dicha melod\u00eda \u00a0en ocasiones nos transporta hacia alg\u00fan lugar o fecha,\" \/>\n<meta property=\"og:url\" content=\"https:\/\/kalot.com.mx\/site\/2013\/09\/12\/la-musica-y-el-posicionamiento-de-marca\/\" \/>\n<meta property=\"og:site_name\" content=\"Kalot\" \/>\n<meta property=\"article:publisher\" content=\"http:\/\/facebook.com\/mxkalot\" \/>\n<meta property=\"article:author\" content=\"https:\/\/www.facebook.com\/edgar.villanueva.rdz\" \/>\n<meta property=\"article:published_time\" content=\"2013-09-12T18:30:55+00:00\" \/>\n<meta property=\"article:modified_time\" content=\"2013-11-25T17:28:27+00:00\" \/>\n<meta property=\"og:image\" content=\"https:\/\/i2.wp.com\/kalot.com.mx\/site\/wp-content\/uploads\/2013\/09\/images-1.jpeg?fit=284%2C177&ssl=1\" \/>\n\t<meta property=\"og:image:width\" content=\"284\" \/>\n\t<meta property=\"og:image:height\" content=\"177\" \/>\n\t<meta property=\"og:image:type\" content=\"image\/jpeg\" \/>\n<meta name=\"author\" content=\"Edgar Villanueva\" \/>\n<meta name=\"twitter:card\" content=\"summary_large_image\" \/>\n<meta name=\"twitter:creator\" content=\"@VRedgarIvan\" \/>\n<meta name=\"twitter:site\" content=\"@kalotmx\" \/>\n<meta name=\"twitter:label1\" content=\"Escrito por\" \/>\n\t<meta name=\"twitter:data1\" content=\"Edgar Villanueva\" \/>\n\t<meta name=\"twitter:label2\" content=\"Tiempo de lectura\" \/>\n\t<meta name=\"twitter:data2\" content=\"2 minutos\" \/>\n<!-- \/ Yoast SEO plugin. -->","yoast_head_json":{"title":"La m\u00fasica y el posicionamiento de marca. - Kalot","description":"Muchos de nosotros hemos tenido al menos una vez alguna melod\u00eda en nuestra mente,\u00a0 dicha melod\u00eda \u00a0en ocasiones nos transporta hacia alg\u00fan lugar o fecha,","robots":{"index":"index","follow":"follow","max-snippet":"max-snippet:-1","max-image-preview":"max-image-preview:large","max-video-preview":"max-video-preview:-1"},"canonical":"https:\/\/kalot.com.mx\/site\/2013\/09\/12\/la-musica-y-el-posicionamiento-de-marca\/","og_locale":"es_MX","og_type":"article","og_title":"La m\u00fasica y el posicionamiento de marca. - Kalot","og_description":"Muchos de nosotros hemos tenido al menos una vez alguna melod\u00eda en nuestra mente,\u00a0 dicha melod\u00eda \u00a0en ocasiones nos transporta hacia alg\u00fan lugar o fecha,","og_url":"https:\/\/kalot.com.mx\/site\/2013\/09\/12\/la-musica-y-el-posicionamiento-de-marca\/","og_site_name":"Kalot","article_publisher":"http:\/\/facebook.com\/mxkalot","article_author":"https:\/\/www.facebook.com\/edgar.villanueva.rdz","article_published_time":"2013-09-12T18:30:55+00:00","article_modified_time":"2013-11-25T17:28:27+00:00","og_image":[{"width":284,"height":177,"url":"https:\/\/i2.wp.com\/kalot.com.mx\/site\/wp-content\/uploads\/2013\/09\/images-1.jpeg?fit=284%2C177&ssl=1","type":"image\/jpeg"}],"author":"Edgar Villanueva","twitter_card":"summary_large_image","twitter_creator":"@VRedgarIvan","twitter_site":"@kalotmx","twitter_misc":{"Escrito por":"Edgar Villanueva","Tiempo de lectura":"2 minutos"},"schema":{"@context":"https:\/\/schema.org","@graph":[{"@type":"Article","@id":"https:\/\/kalot.com.mx\/site\/2013\/09\/12\/la-musica-y-el-posicionamiento-de-marca\/#article","isPartOf":{"@id":"https:\/\/kalot.com.mx\/site\/2013\/09\/12\/la-musica-y-el-posicionamiento-de-marca\/"},"author":{"name":"Edgar Villanueva","@id":"https:\/\/kalot.com.mx\/site\/#\/schema\/person\/2a950859b779871682d568e483d6daf1"},"headline":"La m\u00fasica y el posicionamiento de marca.","datePublished":"2013-09-12T18:30:55+00:00","dateModified":"2013-11-25T17:28:27+00:00","mainEntityOfPage":{"@id":"https:\/\/kalot.com.mx\/site\/2013\/09\/12\/la-musica-y-el-posicionamiento-de-marca\/"},"wordCount":340,"commentCount":1,"publisher":{"@id":"https:\/\/kalot.com.mx\/site\/#organization"},"image":{"@id":"https:\/\/kalot.com.mx\/site\/2013\/09\/12\/la-musica-y-el-posicionamiento-de-marca\/#primaryimage"},"thumbnailUrl":"https:\/\/i0.wp.com\/kalot.com.mx\/site\/wp-content\/uploads\/2013\/09\/images-1.jpeg?fit=284%2C177&ssl=1","inLanguage":"es","potentialAction":[{"@type":"CommentAction","name":"Comment","target":["https:\/\/kalot.com.mx\/site\/2013\/09\/12\/la-musica-y-el-posicionamiento-de-marca\/#respond"]}]},{"@type":"WebPage","@id":"https:\/\/kalot.com.mx\/site\/2013\/09\/12\/la-musica-y-el-posicionamiento-de-marca\/","url":"https:\/\/kalot.com.mx\/site\/2013\/09\/12\/la-musica-y-el-posicionamiento-de-marca\/","name":"La m\u00fasica y el posicionamiento de marca. - Kalot","isPartOf":{"@id":"https:\/\/kalot.com.mx\/site\/#website"},"primaryImageOfPage":{"@id":"https:\/\/kalot.com.mx\/site\/2013\/09\/12\/la-musica-y-el-posicionamiento-de-marca\/#primaryimage"},"image":{"@id":"https:\/\/kalot.com.mx\/site\/2013\/09\/12\/la-musica-y-el-posicionamiento-de-marca\/#primaryimage"},"thumbnailUrl":"https:\/\/i0.wp.com\/kalot.com.mx\/site\/wp-content\/uploads\/2013\/09\/images-1.jpeg?fit=284%2C177&ssl=1","datePublished":"2013-09-12T18:30:55+00:00","dateModified":"2013-11-25T17:28:27+00:00","description":"Muchos de nosotros hemos tenido al menos una vez alguna melod\u00eda en nuestra mente,\u00a0 dicha melod\u00eda \u00a0en ocasiones nos transporta hacia alg\u00fan lugar o fecha,","breadcrumb":{"@id":"https:\/\/kalot.com.mx\/site\/2013\/09\/12\/la-musica-y-el-posicionamiento-de-marca\/#breadcrumb"},"inLanguage":"es","potentialAction":[{"@type":"ReadAction","target":["https:\/\/kalot.com.mx\/site\/2013\/09\/12\/la-musica-y-el-posicionamiento-de-marca\/"]}]},{"@type":"ImageObject","inLanguage":"es","@id":"https:\/\/kalot.com.mx\/site\/2013\/09\/12\/la-musica-y-el-posicionamiento-de-marca\/#primaryimage","url":"https:\/\/i0.wp.com\/kalot.com.mx\/site\/wp-content\/uploads\/2013\/09\/images-1.jpeg?fit=284%2C177&ssl=1","contentUrl":"https:\/\/i0.wp.com\/kalot.com.mx\/site\/wp-content\/uploads\/2013\/09\/images-1.jpeg?fit=284%2C177&ssl=1","width":284,"height":177},{"@type":"BreadcrumbList","@id":"https:\/\/kalot.com.mx\/site\/2013\/09\/12\/la-musica-y-el-posicionamiento-de-marca\/#breadcrumb","itemListElement":[{"@type":"ListItem","position":1,"name":"Home","item":"https:\/\/kalot.com.mx\/site\/"},{"@type":"ListItem","position":2,"name":"La m\u00fasica y el posicionamiento de marca."}]},{"@type":"WebSite","@id":"https:\/\/kalot.com.mx\/site\/#website","url":"https:\/\/kalot.com.mx\/site\/","name":"Kalot","description":"Conoce Todo Sobre Todo","publisher":{"@id":"https:\/\/kalot.com.mx\/site\/#organization"},"potentialAction":[{"@type":"SearchAction","target":{"@type":"EntryPoint","urlTemplate":"https:\/\/kalot.com.mx\/site\/?s={search_term_string}"},"query-input":{"@type":"PropertyValueSpecification","valueRequired":true,"valueName":"search_term_string"}}],"inLanguage":"es"},{"@type":"Organization","@id":"https:\/\/kalot.com.mx\/site\/#organization","name":"Kalot","url":"https:\/\/kalot.com.mx\/site\/","logo":{"@type":"ImageObject","inLanguage":"es","@id":"https:\/\/kalot.com.mx\/site\/#\/schema\/logo\/image\/","url":"https:\/\/i0.wp.com\/kalot.com.mx\/site\/wp-content\/uploads\/2020\/04\/Kalot-logo-sin-tagline.png?fit=1707%2C1014&ssl=1","contentUrl":"https:\/\/i0.wp.com\/kalot.com.mx\/site\/wp-content\/uploads\/2020\/04\/Kalot-logo-sin-tagline.png?fit=1707%2C1014&ssl=1","width":1707,"height":1014,"caption":"Kalot"},"image":{"@id":"https:\/\/kalot.com.mx\/site\/#\/schema\/logo\/image\/"},"sameAs":["http:\/\/facebook.com\/mxkalot","https:\/\/x.com\/kalotmx","http:\/\/instagram.com\/kalotmx","http:\/\/pinterest.com\/jorgeerana\/kalot"]},{"@type":"Person","@id":"https:\/\/kalot.com.mx\/site\/#\/schema\/person\/2a950859b779871682d568e483d6daf1","name":"Edgar Villanueva","image":{"@type":"ImageObject","inLanguage":"es","@id":"https:\/\/secure.gravatar.com\/avatar\/63550c9e1cbf01c9670d3ff383179c0fbffa30342fc5d8f1967132498e9add09?s=96&d=mm&r=g","url":"https:\/\/secure.gravatar.com\/avatar\/63550c9e1cbf01c9670d3ff383179c0fbffa30342fc5d8f1967132498e9add09?s=96&d=mm&r=g","contentUrl":"https:\/\/secure.gravatar.com\/avatar\/63550c9e1cbf01c9670d3ff383179c0fbffa30342fc5d8f1967132498e9add09?s=96&d=mm&r=g","caption":"Edgar Villanueva"},"description":"Estudiante de Mercadotecnia Internacional en la UPSLP La m\u00fasica, la lectura y la mercadotecnia son las pasiones que marcan mis d\u00edas.","sameAs":["https:\/\/www.facebook.com\/edgar.villanueva.rdz","https:\/\/x.com\/VRedgarIvan"],"url":"https:\/\/kalot.com.mx\/site\/author\/edgarivan\/"}]}},"jetpack_publicize_connections":[],"jetpack_featured_media_url":"https:\/\/i0.wp.com\/kalot.com.mx\/site\/wp-content\/uploads\/2013\/09\/images-1.jpeg?fit=284%2C177&ssl=1","jetpack_shortlink":"https:\/\/wp.me\/p6IHEI-nh","jetpack-related-posts":[{"id":18430,"url":"https:\/\/kalot.com.mx\/site\/2014\/09\/30\/por-que-la-nueva-cancion-de-lorde-es-perfecta-para-sinsajo\/","url_meta":{"origin":1443,"position":0},"title":"\u00bfPor qu\u00e9 la nueva canci\u00f3n de Lorde es PERFECTA para Sinsajo?","author":"Ivan Mendez","date":"30 septiembre, 2014","format":false,"excerpt":"La cantante de 17 a\u00f1os Lorde, ganadora de m\u00faltiples premios a nivel mundial, adem\u00e1s de haber sido reconocida recientemente como la mejor cantante menor de 21 a\u00f1os en la actualidad es tambi\u00e9n una prometedora compositora y justo ayer revelaba \"Yellow Flicker Beat\", canci\u00f3n que es el sencillo de la anticipada\u2026","rel":"","context":"Entrada similar ","block_context":{"text":"Entrada similar ","link":""},"img":{"alt_text":"","src":"https:\/\/i0.wp.com\/kalot.com.mx\/site\/wp-content\/uploads\/2014\/09\/Lorde-Yellow-Flicker-Beat-2014-1500x1500.png?fit=1200%2C1200&ssl=1&resize=350%2C200","width":350,"height":200,"srcset":"https:\/\/i0.wp.com\/kalot.com.mx\/site\/wp-content\/uploads\/2014\/09\/Lorde-Yellow-Flicker-Beat-2014-1500x1500.png?fit=1200%2C1200&ssl=1&resize=350%2C200 1x, https:\/\/i0.wp.com\/kalot.com.mx\/site\/wp-content\/uploads\/2014\/09\/Lorde-Yellow-Flicker-Beat-2014-1500x1500.png?fit=1200%2C1200&ssl=1&resize=525%2C300 1.5x, https:\/\/i0.wp.com\/kalot.com.mx\/site\/wp-content\/uploads\/2014\/09\/Lorde-Yellow-Flicker-Beat-2014-1500x1500.png?fit=1200%2C1200&ssl=1&resize=700%2C400 2x, https:\/\/i0.wp.com\/kalot.com.mx\/site\/wp-content\/uploads\/2014\/09\/Lorde-Yellow-Flicker-Beat-2014-1500x1500.png?fit=1200%2C1200&ssl=1&resize=1050%2C600 3x"},"classes":[]},{"id":26922,"url":"https:\/\/kalot.com.mx\/site\/2017\/02\/02\/4-canciones-amar-la-musica-erlend-oye\/","url_meta":{"origin":1443,"position":1},"title":"4 canciones para amar la m\u00fasica de Erlend \u00d8ye","author":"Karen Tavera","date":"2 febrero, 2017","format":false,"excerpt":"Erlend\u00a0\u00d8ye es un m\u00fasico noruego que gan\u00f3 gran parte de su fama gracias al d\u00fao indie-folk Kings Of Convenience, quienes probablemente has escuchado por la canci\u00f3n I\u2019d Rather Dance With You. Por cierto, si ya eres fan \u00a1esta canci\u00f3n tiene casi 13 a\u00f1os! En fin, este talentoso m\u00fasico tambi\u00e9n fue\u2026","rel":"","context":"En &quot;M\u00fasica&quot;","block_context":{"text":"M\u00fasica","link":"https:\/\/kalot.com.mx\/site\/category\/musica\/"},"img":{"alt_text":"","src":"https:\/\/i0.wp.com\/kalot.com.mx\/site\/wp-content\/uploads\/2017\/02\/Kalot-4-canciones-amar-musica-erlend-oye1.png?fit=1160%2C707&ssl=1&resize=350%2C200","width":350,"height":200,"srcset":"https:\/\/i0.wp.com\/kalot.com.mx\/site\/wp-content\/uploads\/2017\/02\/Kalot-4-canciones-amar-musica-erlend-oye1.png?fit=1160%2C707&ssl=1&resize=350%2C200 1x, https:\/\/i0.wp.com\/kalot.com.mx\/site\/wp-content\/uploads\/2017\/02\/Kalot-4-canciones-amar-musica-erlend-oye1.png?fit=1160%2C707&ssl=1&resize=525%2C300 1.5x, https:\/\/i0.wp.com\/kalot.com.mx\/site\/wp-content\/uploads\/2017\/02\/Kalot-4-canciones-amar-musica-erlend-oye1.png?fit=1160%2C707&ssl=1&resize=700%2C400 2x, https:\/\/i0.wp.com\/kalot.com.mx\/site\/wp-content\/uploads\/2017\/02\/Kalot-4-canciones-amar-musica-erlend-oye1.png?fit=1160%2C707&ssl=1&resize=1050%2C600 3x"},"classes":[]},{"id":15307,"url":"https:\/\/kalot.com.mx\/site\/2014\/04\/25\/tatuajes-musicales-si-hacen-musica\/","url_meta":{"origin":1443,"position":2},"title":"Tatuajes Musicales (S\u00ed, hacen m\u00fasica)","author":"Miguel Amaya","date":"25 abril, 2014","format":false,"excerpt":"Desde la invenci\u00f3n o el descubrimiento de la m\u00fasica, depende de la perspectiva de cada qui\u00e9n, los tatuajes y la m\u00fasica tienen una relaci\u00f3n muy cercana pues muchas veces las canciones son una fuente de inspiraci\u00f3n a la hora de tomar la decisi\u00f3n de plasmar algo en nuestra piel de\u2026","rel":"","context":"En &quot;Sin categor\u00eda&quot;","block_context":{"text":"Sin categor\u00eda","link":"https:\/\/kalot.com.mx\/site\/category\/sin-categoria\/"},"img":{"alt_text":"","src":"https:\/\/i0.wp.com\/kalot.com.mx\/site\/wp-content\/uploads\/2014\/04\/1398007700music_tattoo.jpg?fit=640%2C437&ssl=1&resize=350%2C200","width":350,"height":200,"srcset":"https:\/\/i0.wp.com\/kalot.com.mx\/site\/wp-content\/uploads\/2014\/04\/1398007700music_tattoo.jpg?fit=640%2C437&ssl=1&resize=350%2C200 1x, https:\/\/i0.wp.com\/kalot.com.mx\/site\/wp-content\/uploads\/2014\/04\/1398007700music_tattoo.jpg?fit=640%2C437&ssl=1&resize=525%2C300 1.5x"},"classes":[]},{"id":23092,"url":"https:\/\/kalot.com.mx\/site\/2015\/08\/20\/te-regalamos-un-boleto-para-enjambre-en-el-palacio-de-los-deportes\/","url_meta":{"origin":1443,"position":3},"title":"Te regalamos un boleto para Enjambre en el Palacio de los Deportes","author":"Jorge Era\u00f1a","date":"20 agosto, 2015","format":false,"excerpt":"Enjambre llega al Palacio de los Deportes este 29 de agosto\u00a0con su gira Proa\u00f1o y en Kalot, tenemos un boleto para ustedes pero solo quien pruebe ser verdadero (a) fan de la banda de los hermanos Navejas originarios del meritito Zacatecas, \u00c1ngel S\u00e1nchez y Javier Mej\u00eda. Para que empiecen a\u2026","rel":"","context":"Con 45 comentarios","block_context":{"text":"Con 45 comentarios","link":"https:\/\/kalot.com.mx\/site\/2015\/08\/20\/te-regalamos-un-boleto-para-enjambre-en-el-palacio-de-los-deportes\/#comments"},"img":{"alt_text":"","src":"https:\/\/i0.wp.com\/kalot.com.mx\/site\/wp-content\/uploads\/2015\/08\/11866379_10153583184649650_5421327834919075808_n.jpg?fit=720%2C485&ssl=1&resize=350%2C200","width":350,"height":200,"srcset":"https:\/\/i0.wp.com\/kalot.com.mx\/site\/wp-content\/uploads\/2015\/08\/11866379_10153583184649650_5421327834919075808_n.jpg?fit=720%2C485&ssl=1&resize=350%2C200 1x, https:\/\/i0.wp.com\/kalot.com.mx\/site\/wp-content\/uploads\/2015\/08\/11866379_10153583184649650_5421327834919075808_n.jpg?fit=720%2C485&ssl=1&resize=525%2C300 1.5x, https:\/\/i0.wp.com\/kalot.com.mx\/site\/wp-content\/uploads\/2015\/08\/11866379_10153583184649650_5421327834919075808_n.jpg?fit=720%2C485&ssl=1&resize=700%2C400 2x"},"classes":[]},{"id":19390,"url":"https:\/\/kalot.com.mx\/site\/2014\/12\/15\/martin-gore-con-el-alma-en-depeche-mode-parte-iii\/","url_meta":{"origin":1443,"position":4},"title":"Martin Gore: Con el alma en Depeche Mode (Parte III).","author":"Aldo L\u00f3pez","date":"15 diciembre, 2014","format":false,"excerpt":"Es 1993 y la agrupaci\u00f3n en cierta forma muestra su respuesta natural a los cambios musicales de la \u00e9poca. En pleno surgimiento de corrientes como el Brit pop y la era c\u00faspide del Grunge, trae Songs Of Faith And Devotion. En este \u00e1lbum Gore deja emanar sin represiones su espiritualidad\u2026","rel":"","context":"Entrada similar ","block_context":{"text":"Entrada similar ","link":""},"img":{"alt_text":"","src":"https:\/\/i0.wp.com\/kalot.com.mx\/site\/wp-content\/uploads\/2014\/12\/Songs-Of-Faith-And-Devotion.jpg?fit=500%2C500&ssl=1&resize=350%2C200","width":350,"height":200},"classes":[]},{"id":9054,"url":"https:\/\/kalot.com.mx\/site\/2014\/01\/05\/9054\/","url_meta":{"origin":1443,"position":5},"title":"Las favoritas del 2013.","author":"Mar\u00eda Alvarado","date":"5 enero, 2014","format":false,"excerpt":"[dropcap size=small]E[\/dropcap]l 2013 estuvo lleno de buenos recuerdos y momentos que formaron gran parte de nuestras vidas durante este a\u00f1o. Tampoco podemos olvidar que ha sido un a\u00f1o lleno de m\u00fasica, y que durante este a\u00f1o muchas canciones nos tocaron y tal vez hasta se volvieron nuestras canciones favoritas, nos\u2026","rel":"","context":"Entrada similar ","block_context":{"text":"Entrada similar ","link":""},"img":{"alt_text":"","src":"https:\/\/i0.wp.com\/kalot.com.mx\/site\/wp-content\/uploads\/2014\/01\/quote-about-music-4.jpg?fit=1200%2C1200&ssl=1&resize=350%2C200","width":350,"height":200,"srcset":"https:\/\/i0.wp.com\/kalot.com.mx\/site\/wp-content\/uploads\/2014\/01\/quote-about-music-4.jpg?fit=1200%2C1200&ssl=1&resize=350%2C200 1x, https:\/\/i0.wp.com\/kalot.com.mx\/site\/wp-content\/uploads\/2014\/01\/quote-about-music-4.jpg?fit=1200%2C1200&ssl=1&resize=525%2C300 1.5x, https:\/\/i0.wp.com\/kalot.com.mx\/site\/wp-content\/uploads\/2014\/01\/quote-about-music-4.jpg?fit=1200%2C1200&ssl=1&resize=700%2C400 2x, https:\/\/i0.wp.com\/kalot.com.mx\/site\/wp-content\/uploads\/2014\/01\/quote-about-music-4.jpg?fit=1200%2C1200&ssl=1&resize=1050%2C600 3x"},"classes":[]}],"jetpack_sharing_enabled":true,"_links":{"self":[{"href":"https:\/\/kalot.com.mx\/site\/wp-json\/wp\/v2\/posts\/1443","targetHints":{"allow":["GET"]}}],"collection":[{"href":"https:\/\/kalot.com.mx\/site\/wp-json\/wp\/v2\/posts"}],"about":[{"href":"https:\/\/kalot.com.mx\/site\/wp-json\/wp\/v2\/types\/post"}],"author":[{"embeddable":true,"href":"https:\/\/kalot.com.mx\/site\/wp-json\/wp\/v2\/users\/7"}],"replies":[{"embeddable":true,"href":"https:\/\/kalot.com.mx\/site\/wp-json\/wp\/v2\/comments?post=1443"}],"version-history":[{"count":0,"href":"https:\/\/kalot.com.mx\/site\/wp-json\/wp\/v2\/posts\/1443\/revisions"}],"wp:featuredmedia":[{"embeddable":true,"href":"https:\/\/kalot.com.mx\/site\/wp-json\/wp\/v2\/media\/7079"}],"wp:attachment":[{"href":"https:\/\/kalot.com.mx\/site\/wp-json\/wp\/v2\/media?parent=1443"}],"wp:term":[{"taxonomy":"category","embeddable":true,"href":"https:\/\/kalot.com.mx\/site\/wp-json\/wp\/v2\/categories?post=1443"},{"taxonomy":"post_tag","embeddable":true,"href":"https:\/\/kalot.com.mx\/site\/wp-json\/wp\/v2\/tags?post=1443"}],"curies":[{"name":"wp","href":"https:\/\/api.w.org\/{rel}","templated":true}]}}