{"id":14395,"date":"2014-04-03T07:25:03","date_gmt":"2014-04-03T13:25:03","guid":{"rendered":"http:\/\/www.kalot.com.mx\/?p=14395"},"modified":"2014-05-08T07:13:42","modified_gmt":"2014-05-08T12:13:42","slug":"el-tiempo","status":"publish","type":"post","link":"https:\/\/kalot.com.mx\/site\/2014\/04\/03\/el-tiempo\/","title":{"rendered":"El Tiempo."},"content":{"rendered":"[dropcap size=small]T[\/dropcap]iempo es una palabra muy ambigua, para algunos s\u00f3lo es una \u00e9poca mientras que para otros es una forma de vivir sus vidas. Definitivamente depende del contexto en el que se use, pero por ejemplo estos pueden ser algunos de los significados que puede llegar a tener la palabra tiempo:<\/p>\n<ol style=\"text-align: justify\">\n<li>Dimensi\u00f3n f\u00edsica que representa la sucesi\u00f3n de estados por los que pasa la materia.<\/li>\n<li>Per\u00edodo determinado durante el que se realiza una acci\u00f3n o se desarrolla un acontecimiento.<\/li>\n<\/ol>\n<p style=\"text-align: justify\">Muchas veces hemos escuchado que el tiempo es la <em><span style=\"color: #800080\">llave<\/span> <\/em>de la restauraci\u00f3n, que el tiempo tiene esa cualidad m\u00e1gica de restaurar todo tipo de heridas, y de cierta forma puede que sea cierto. Si las heridas f\u00edsicas pueden sanar con el tiempo \u00bfpor qu\u00e9 las del coraz\u00f3n no? Es una idea que muchos de nosotros nos planteamos en el transcurso de nuestras vidas para muchas situaciones que vivimos a diario, y que no se nos olvide la frase: <em><span style=\"color: #800080\">\u201cCon el tiempo pasar\u00e1\u201d<\/span><\/em>.<\/p>\n<p><img data-recalc-dims=\"1\" decoding=\"async\" class=\"aligncenter\" alt=\"\" src=\"https:\/\/i0.wp.com\/24.media.tumblr.com\/0a1082bae24a050deaa57a173a9823f4\/tumblr_mhfav521Wc1qburxto1_500.gif?w=1200\" \/><\/p>\n<p style=\"text-align: justify\">Yo en lo personal soy una creyente de esta particular, sencilla y tan poderosa frase, aunque he de admitir que no siempre es sencillo creerla y vivirla. Ahora s\u00ed que el tiempo no tiene una medida especifica en cuanto a \u2013valga la redundancia- el tiempo en el que surgir\u00e1 efecto. Nadie es qui\u00e9n para decir<span style=\"color: #800080\"><em> \u201cen un mes y medio se te va a pasar\u201d<\/em><\/span> o <em><span style=\"color: #800080\">\u201cte vas a tardar mucho\u201d<\/span><\/em>, digamos que el tiempo es la variable en la ecuaci\u00f3n, se puede tener control sobre lo que vamos sintiendo o aprendiendo mas no en el tiempo en espec\u00edfico que nos lleve a lograr algo.<\/p>\n<p style=\"text-align: justify\">En una cosa s\u00ed hay que estar de acuerdo, no todo el peso y la <span style=\"color: #800080\">\u201cresponsabilidad\u201d<\/span> la debe de llevar el tiempo, tambi\u00e9n nos toca darle nosotros. Puede ser cierto que toma tiempo sanar las heridas del coraz\u00f3n, pero no hay ninguna forma de sanarlas si no las trabajamos desde adentro, hay que comenzar a tomar en cuenta que el tiempo depender\u00e1 de que tanto queramos algo nosotros y, obviamente, somos los \u00fanicos en la relaci\u00f3n sanaci\u00f3n-tiempo que pueden aportar el empuje suficiente para que s\u00ed se logre algo.<\/p>\n<p style=\"text-align: justify\">En alguna parte le\u00ed una vez que el tiempo no es m\u00e1s que una excusa y en otro lugar le\u00ed que es algo que todos necesitamos, somos una bomba de tiempo y de cierta manera somos quienes le pueden poner trabas al tiempo o quienes son capaces de facilitar todo el asunto. Tristemente no tenemos garant\u00eda de que el tiempo s\u00ed sea capaz de curar las heridas, hay algunas que no tardan mucho pero definitivamente hay algunas que no nos alcanza la vida para ver curadas nuestras heridas.<\/p>\n<p><img data-recalc-dims=\"1\" decoding=\"async\" class=\"aligncenter\" alt=\"\" src=\"https:\/\/i0.wp.com\/24.media.tumblr.com\/2720ee22f1ae18a76161b2746f1f76bb\/tumblr_mjgqv2Js1V1qdoy3ao2_500.gif?w=1200\" \/><\/p>\n<p style=\"text-align: justify\">Es una l\u00e1stima tambi\u00e9n ver como las personas excusan su falta de iniciativa con tiempo, si quieren algo el tiempo solo es una variable dependiente, depender\u00e1 de la actitud que tomemos si s\u00ed se llegar\u00e1 a lograr la meta establecida, por ejemplo si yo quiero ser una medallista ol\u00edmpica en tiro con arco el tiempo va a ser una variante, si dedico cierto n\u00famero de mis horas a practicar podr\u00e9 lograrlo, en cambio si digo <span style=\"color: #800080\">\u201cel tiempo se encargar\u00e1\u201d<\/span> y no practico ni me esfuerzo lo suficiente para llevarlo a cabo el tiempo solo har\u00e1 que me tarde m\u00e1s o que nunca lo logre.<\/p>\n<p style=\"text-align: justify\">Hay que sudar, sufrirle al objetivo y esforzarnos, no podemos sentarnos y cruzarnos de brazos esperando que pase un milagro.<\/p>\n<p style=\"text-align: justify\">Cada instante que pasa, cada minuto que transcurre es una muestra de que tenemos una oportunidad m\u00e1s de cambiar lo que no nos gusta, una chance m\u00e1s de darle la vuelta a la moneda y obtener resultados diferentes. Los corazones rotos requieren tiempo pero nosotros, gracias a nuestras acciones; somos quienes forjan la direcci\u00f3n que tomar\u00e1 el tiempo. Y s\u00ed, efectivamente el tiempo cura dolencias f\u00edsicas, ausencias y hasta dolores de coraz\u00f3n pero se tiene que ir de la mano de este para lograr una perfecta sanaci\u00f3n en todos y cada uno de los \u00e1mbitos que est\u00e9n afectando nuestras vidas, tenemos que creer que las cosas toman su tiempo pero que con nuestra debida colaboraci\u00f3n todo sale y sale bien.<\/p>\n<p><img data-recalc-dims=\"1\" decoding=\"async\" class=\"aligncenter\" alt=\"\" src=\"https:\/\/i0.wp.com\/i.imgur.com\/TcBtAfK.gif?w=1200\" \/><\/p>\n<p style=\"text-align: justify\">Hay cosas que est\u00e1n fuera de nuestro control y \u2013efectivamente- nada ni nadie las puede detener, as\u00ed que con el dolor del mundo \u2013esperemos que no- debemos aceptarlas, darles su lugar y dejar que entre el tiempo y nos otros se haga la m\u00e1gica curaci\u00f3n espiritual que muchas veces necesitamos.<\/p>\n<p style=\"text-align: justify\">Y\u2026 \u00a1Corte!<\/p>\n","protected":false},"excerpt":{"rendered":"[dropcap size=small]T[\/dropcap]iempo es una palabra muy ambigua, para algunos s\u00f3lo es una \u00e9poca mientras que para otros es&hellip;\n","protected":false},"author":61,"featured_media":15874,"comment_status":"open","ping_status":"open","sticky":false,"template":"","format":"standard","meta":{"jetpack_post_was_ever_published":false,"_jetpack_newsletter_access":"","_jetpack_dont_email_post_to_subs":false,"_jetpack_newsletter_tier_id":0,"_jetpack_memberships_contains_paywalled_content":false,"_jetpack_memberships_contains_paid_content":false,"footnotes":"","jetpack_publicize_message":"","jetpack_publicize_feature_enabled":true,"jetpack_social_post_already_shared":true,"jetpack_social_options":{"image_generator_settings":{"template":"highway","default_image_id":0,"font":"","enabled":false},"version":2}},"categories":[],"tags":[],"class_list":{"0":"post-14395","1":"post","2":"type-post","3":"status-publish","4":"format-standard","5":"has-post-thumbnail","7":"cs-entry","8":"cs-video-wrap"},"yoast_head":"<!-- This site is optimized with the Yoast SEO plugin v27.4 - https:\/\/yoast.com\/product\/yoast-seo-wordpress\/ -->\n<title>El Tiempo.<\/title>\n<meta name=\"description\" content=\"Tiempo es una palabra muy ambigua, para algunos s\u00f3lo es una \u00e9poca mientras que para otros es una forma de vivir sus vidas. Definitivamente depende del\" \/>\n<meta name=\"robots\" content=\"index, follow, max-snippet:-1, max-image-preview:large, max-video-preview:-1\" \/>\n<link rel=\"canonical\" href=\"https:\/\/kalot.com.mx\/site\/2014\/04\/03\/el-tiempo\/\" \/>\n<meta property=\"og:locale\" content=\"es_MX\" \/>\n<meta property=\"og:type\" content=\"article\" \/>\n<meta property=\"og:title\" content=\"El Tiempo.\" \/>\n<meta property=\"og:description\" content=\"Tiempo es una palabra muy ambigua, para algunos s\u00f3lo es una \u00e9poca mientras que para otros es una forma de vivir sus vidas. Definitivamente depende del\" \/>\n<meta property=\"og:url\" content=\"https:\/\/kalot.com.mx\/site\/2014\/04\/03\/el-tiempo\/\" \/>\n<meta property=\"og:site_name\" content=\"Kalot\" \/>\n<meta property=\"article:publisher\" content=\"http:\/\/facebook.com\/mxkalot\" \/>\n<meta property=\"article:author\" content=\"https:\/\/www.facebook.com\/elie.alvarado1\" \/>\n<meta property=\"article:published_time\" content=\"2014-04-03T13:25:03+00:00\" \/>\n<meta property=\"article:modified_time\" content=\"2014-05-08T12:13:42+00:00\" \/>\n<meta property=\"og:image\" content=\"https:\/\/i0.wp.com\/kalot.com.mx\/site\/wp-content\/uploads\/2014\/05\/20140508-071321.jpg?fit=500%2C375&ssl=1\" \/>\n\t<meta property=\"og:image:width\" content=\"500\" \/>\n\t<meta property=\"og:image:height\" content=\"375\" \/>\n\t<meta property=\"og:image:type\" content=\"image\/jpeg\" \/>\n<meta name=\"author\" content=\"Mar\u00eda Alvarado\" \/>\n<meta name=\"twitter:card\" content=\"summary_large_image\" \/>\n<meta name=\"twitter:creator\" content=\"@Me_elieA\" \/>\n<meta name=\"twitter:site\" content=\"@kalotmx\" \/>\n<meta name=\"twitter:label1\" content=\"Escrito por\" \/>\n\t<meta name=\"twitter:data1\" content=\"Mar\u00eda Alvarado\" \/>\n\t<meta name=\"twitter:label2\" content=\"Tiempo de lectura\" \/>\n\t<meta name=\"twitter:data2\" content=\"4 minutos\" \/>\n<!-- \/ Yoast SEO plugin. -->","yoast_head_json":{"title":"El Tiempo.","description":"Tiempo es una palabra muy ambigua, para algunos s\u00f3lo es una \u00e9poca mientras que para otros es una forma de vivir sus vidas. Definitivamente depende del","robots":{"index":"index","follow":"follow","max-snippet":"max-snippet:-1","max-image-preview":"max-image-preview:large","max-video-preview":"max-video-preview:-1"},"canonical":"https:\/\/kalot.com.mx\/site\/2014\/04\/03\/el-tiempo\/","og_locale":"es_MX","og_type":"article","og_title":"El Tiempo.","og_description":"Tiempo es una palabra muy ambigua, para algunos s\u00f3lo es una \u00e9poca mientras que para otros es una forma de vivir sus vidas. Definitivamente depende del","og_url":"https:\/\/kalot.com.mx\/site\/2014\/04\/03\/el-tiempo\/","og_site_name":"Kalot","article_publisher":"http:\/\/facebook.com\/mxkalot","article_author":"https:\/\/www.facebook.com\/elie.alvarado1","article_published_time":"2014-04-03T13:25:03+00:00","article_modified_time":"2014-05-08T12:13:42+00:00","og_image":[{"width":500,"height":375,"url":"https:\/\/i0.wp.com\/kalot.com.mx\/site\/wp-content\/uploads\/2014\/05\/20140508-071321.jpg?fit=500%2C375&ssl=1","type":"image\/jpeg"}],"author":"Mar\u00eda Alvarado","twitter_card":"summary_large_image","twitter_creator":"@Me_elieA","twitter_site":"@kalotmx","twitter_misc":{"Escrito por":"Mar\u00eda Alvarado","Tiempo de lectura":"4 minutos"},"schema":{"@context":"https:\/\/schema.org","@graph":[{"@type":"Article","@id":"https:\/\/kalot.com.mx\/site\/2014\/04\/03\/el-tiempo\/#article","isPartOf":{"@id":"https:\/\/kalot.com.mx\/site\/2014\/04\/03\/el-tiempo\/"},"author":{"name":"Mar\u00eda Alvarado","@id":"https:\/\/kalot.com.mx\/site\/#\/schema\/person\/2364e48efea2244b0799211aeff4847e"},"headline":"El Tiempo.","datePublished":"2014-04-03T13:25:03+00:00","dateModified":"2014-05-08T12:13:42+00:00","mainEntityOfPage":{"@id":"https:\/\/kalot.com.mx\/site\/2014\/04\/03\/el-tiempo\/"},"wordCount":781,"commentCount":0,"publisher":{"@id":"https:\/\/kalot.com.mx\/site\/#organization"},"image":{"@id":"https:\/\/kalot.com.mx\/site\/2014\/04\/03\/el-tiempo\/#primaryimage"},"thumbnailUrl":"https:\/\/i0.wp.com\/kalot.com.mx\/site\/wp-content\/uploads\/2014\/05\/20140508-071321.jpg?fit=500%2C375&ssl=1","inLanguage":"es","potentialAction":[{"@type":"CommentAction","name":"Comment","target":["https:\/\/kalot.com.mx\/site\/2014\/04\/03\/el-tiempo\/#respond"]}]},{"@type":"WebPage","@id":"https:\/\/kalot.com.mx\/site\/2014\/04\/03\/el-tiempo\/","url":"https:\/\/kalot.com.mx\/site\/2014\/04\/03\/el-tiempo\/","name":"El Tiempo.","isPartOf":{"@id":"https:\/\/kalot.com.mx\/site\/#website"},"primaryImageOfPage":{"@id":"https:\/\/kalot.com.mx\/site\/2014\/04\/03\/el-tiempo\/#primaryimage"},"image":{"@id":"https:\/\/kalot.com.mx\/site\/2014\/04\/03\/el-tiempo\/#primaryimage"},"thumbnailUrl":"https:\/\/i0.wp.com\/kalot.com.mx\/site\/wp-content\/uploads\/2014\/05\/20140508-071321.jpg?fit=500%2C375&ssl=1","datePublished":"2014-04-03T13:25:03+00:00","dateModified":"2014-05-08T12:13:42+00:00","description":"Tiempo es una palabra muy ambigua, para algunos s\u00f3lo es una \u00e9poca mientras que para otros es una forma de vivir sus vidas. Definitivamente depende del","breadcrumb":{"@id":"https:\/\/kalot.com.mx\/site\/2014\/04\/03\/el-tiempo\/#breadcrumb"},"inLanguage":"es","potentialAction":[{"@type":"ReadAction","target":["https:\/\/kalot.com.mx\/site\/2014\/04\/03\/el-tiempo\/"]}]},{"@type":"ImageObject","inLanguage":"es","@id":"https:\/\/kalot.com.mx\/site\/2014\/04\/03\/el-tiempo\/#primaryimage","url":"https:\/\/i0.wp.com\/kalot.com.mx\/site\/wp-content\/uploads\/2014\/05\/20140508-071321.jpg?fit=500%2C375&ssl=1","contentUrl":"https:\/\/i0.wp.com\/kalot.com.mx\/site\/wp-content\/uploads\/2014\/05\/20140508-071321.jpg?fit=500%2C375&ssl=1","width":500,"height":375},{"@type":"BreadcrumbList","@id":"https:\/\/kalot.com.mx\/site\/2014\/04\/03\/el-tiempo\/#breadcrumb","itemListElement":[{"@type":"ListItem","position":1,"name":"Home","item":"https:\/\/kalot.com.mx\/site\/"},{"@type":"ListItem","position":2,"name":"El Tiempo."}]},{"@type":"WebSite","@id":"https:\/\/kalot.com.mx\/site\/#website","url":"https:\/\/kalot.com.mx\/site\/","name":"Kalot","description":"Conoce Todo Sobre Todo","publisher":{"@id":"https:\/\/kalot.com.mx\/site\/#organization"},"potentialAction":[{"@type":"SearchAction","target":{"@type":"EntryPoint","urlTemplate":"https:\/\/kalot.com.mx\/site\/?s={search_term_string}"},"query-input":{"@type":"PropertyValueSpecification","valueRequired":true,"valueName":"search_term_string"}}],"inLanguage":"es"},{"@type":"Organization","@id":"https:\/\/kalot.com.mx\/site\/#organization","name":"Kalot","url":"https:\/\/kalot.com.mx\/site\/","logo":{"@type":"ImageObject","inLanguage":"es","@id":"https:\/\/kalot.com.mx\/site\/#\/schema\/logo\/image\/","url":"https:\/\/i0.wp.com\/kalot.com.mx\/site\/wp-content\/uploads\/2020\/04\/Kalot-logo-sin-tagline.png?fit=1707%2C1014&ssl=1","contentUrl":"https:\/\/i0.wp.com\/kalot.com.mx\/site\/wp-content\/uploads\/2020\/04\/Kalot-logo-sin-tagline.png?fit=1707%2C1014&ssl=1","width":1707,"height":1014,"caption":"Kalot"},"image":{"@id":"https:\/\/kalot.com.mx\/site\/#\/schema\/logo\/image\/"},"sameAs":["http:\/\/facebook.com\/mxkalot","https:\/\/x.com\/kalotmx","http:\/\/instagram.com\/kalotmx","http:\/\/pinterest.com\/jorgeerana\/kalot"]},{"@type":"Person","@id":"https:\/\/kalot.com.mx\/site\/#\/schema\/person\/2364e48efea2244b0799211aeff4847e","name":"Mar\u00eda Alvarado","image":{"@type":"ImageObject","inLanguage":"es","@id":"https:\/\/secure.gravatar.com\/avatar\/2a5c53655315c4a72bc8b3127daca732f3ccab828ef0de13ec26f266fc855c6b?s=96&d=mm&r=g","url":"https:\/\/secure.gravatar.com\/avatar\/2a5c53655315c4a72bc8b3127daca732f3ccab828ef0de13ec26f266fc855c6b?s=96&d=mm&r=g","contentUrl":"https:\/\/secure.gravatar.com\/avatar\/2a5c53655315c4a72bc8b3127daca732f3ccab828ef0de13ec26f266fc855c6b?s=96&d=mm&r=g","caption":"Mar\u00eda Alvarado"},"description":"El perfecto ejemplo de una rom\u00e1ntica so\u00f1adora, drama queen y devoradora de libros. Una parlanchina innata que goza de los peque\u00f1os placeres que ofrece esta vida y fan\u00e1tica de las sonrisas.","sameAs":["https:\/\/www.facebook.com\/elie.alvarado1","https:\/\/x.com\/Me_elieA"],"url":"https:\/\/kalot.com.mx\/site\/author\/elisa\/"}]}},"jetpack_publicize_connections":[],"jetpack_featured_media_url":"https:\/\/i0.wp.com\/kalot.com.mx\/site\/wp-content\/uploads\/2014\/05\/20140508-071321.jpg?fit=500%2C375&ssl=1","jetpack_shortlink":"https:\/\/wp.me\/p6IHEI-3Kb","jetpack-related-posts":[{"id":16314,"url":"https:\/\/kalot.com.mx\/site\/2014\/05\/22\/esa-tremenda-soledad\/","url_meta":{"origin":14395,"position":0},"title":"Esa Tremenda Soledad&#8230;","author":"Mar\u00eda Alvarado","date":"22 mayo, 2014","format":false,"excerpt":"[dropcap size=small]M[\/dropcap]uchas veces algunos de nosotros tendemos a querer tener \u201ctiempo a solas\u201d, lo cual no tiene nada de malo pero a veces no es muy bien percibido en la sociedad, es algo que muchos practicantes consideran de gran provecho. Muchas personas llegan a ser vistas como \u201cintrovertidos\u201d siendo que\u2026","rel":"","context":"Entrada similar ","block_context":{"text":"Entrada similar ","link":""},"img":{"alt_text":"","src":"https:\/\/i0.wp.com\/kalot.com.mx\/site\/wp-content\/uploads\/2014\/05\/loneliness.jpg?fit=1200%2C750&ssl=1&resize=350%2C200","width":350,"height":200,"srcset":"https:\/\/i0.wp.com\/kalot.com.mx\/site\/wp-content\/uploads\/2014\/05\/loneliness.jpg?fit=1200%2C750&ssl=1&resize=350%2C200 1x, https:\/\/i0.wp.com\/kalot.com.mx\/site\/wp-content\/uploads\/2014\/05\/loneliness.jpg?fit=1200%2C750&ssl=1&resize=525%2C300 1.5x, https:\/\/i0.wp.com\/kalot.com.mx\/site\/wp-content\/uploads\/2014\/05\/loneliness.jpg?fit=1200%2C750&ssl=1&resize=700%2C400 2x, https:\/\/i0.wp.com\/kalot.com.mx\/site\/wp-content\/uploads\/2014\/05\/loneliness.jpg?fit=1200%2C750&ssl=1&resize=1050%2C600 3x"},"classes":[]},{"id":10617,"url":"https:\/\/kalot.com.mx\/site\/2014\/01\/29\/cuanto-tiempo-perdido-en-facebook-descubrelo-con-esta-aplicacion\/","url_meta":{"origin":14395,"position":1},"title":"\u00bfCuanto tiempo has perdido en Facebook? Descubrelo con esta aplicacion","author":"Samuel Arriaga","date":"29 enero, 2014","format":false,"excerpt":"Facebook celebrar\u00e1 su d\u00e9cimo aniversario la semana que viene. Creado por Mark Zuckerberg y unos amigos en un dormitorio, Facebook cobr\u00f3 vida el 04 de febrero de 2004. Esta red social se ha convertido en parte importante de nuestras vidas, a tal grado que pasamos horas y horas compartiendo con\u2026","rel":"","context":"Entrada similar ","block_context":{"text":"Entrada similar ","link":""},"img":{"alt_text":"","src":"https:\/\/i0.wp.com\/kalot.com.mx\/site\/wp-content\/uploads\/2014\/01\/facebook_1458999f.jpg?fit=636%2C442&ssl=1&resize=350%2C200","width":350,"height":200,"srcset":"https:\/\/i0.wp.com\/kalot.com.mx\/site\/wp-content\/uploads\/2014\/01\/facebook_1458999f.jpg?fit=636%2C442&ssl=1&resize=350%2C200 1x, https:\/\/i0.wp.com\/kalot.com.mx\/site\/wp-content\/uploads\/2014\/01\/facebook_1458999f.jpg?fit=636%2C442&ssl=1&resize=525%2C300 1.5x"},"classes":[]},{"id":15274,"url":"https:\/\/kalot.com.mx\/site\/2014\/04\/24\/bella-y-hermosa-felicidad\/","url_meta":{"origin":14395,"position":2},"title":"Bella y Hermosa Felicidad.","author":"Mar\u00eda Alvarado","date":"24 abril, 2014","format":false,"excerpt":"[dropcap size=big]F[\/dropcap]elicidad: eso que todos a\u00f1oramos pero que solo unos cuantos pueden conseguir durante todas sus vidas, el problema es que todos tenemos derecho a ella y es demasiado accesible para todos y cada uno de nosotros. El problema ah\u00ed es que \u2013como los seres humanos que somos- nos ponemos\u2026","rel":"","context":"Entrada similar ","block_context":{"text":"Entrada similar ","link":""},"img":{"alt_text":"","src":"https:\/\/i0.wp.com\/kalot.com.mx\/site\/wp-content\/uploads\/2014\/04\/felicidad.jpg?fit=960%2C640&ssl=1&resize=350%2C200","width":350,"height":200,"srcset":"https:\/\/i0.wp.com\/kalot.com.mx\/site\/wp-content\/uploads\/2014\/04\/felicidad.jpg?fit=960%2C640&ssl=1&resize=350%2C200 1x, https:\/\/i0.wp.com\/kalot.com.mx\/site\/wp-content\/uploads\/2014\/04\/felicidad.jpg?fit=960%2C640&ssl=1&resize=525%2C300 1.5x, https:\/\/i0.wp.com\/kalot.com.mx\/site\/wp-content\/uploads\/2014\/04\/felicidad.jpg?fit=960%2C640&ssl=1&resize=700%2C400 2x"},"classes":[]},{"id":9271,"url":"https:\/\/kalot.com.mx\/site\/2014\/01\/09\/entra-luz\/","url_meta":{"origin":14395,"position":3},"title":"Entra luz.","author":"Mar\u00eda Alvarado","date":"9 enero, 2014","format":false,"excerpt":"[dropcap size=small]D[\/dropcap]urante todas nuestras vidas van a ir y venir personas que tal vez nos dejen cosas buenas o malas, pero cada una de esas personas tendr\u00e1 o tiene ya un prop\u00f3sito en nuestras vidas. Desde dejarnos la mejor sensaci\u00f3n del mundo hasta una peque\u00f1a o muy grande cicatriz, todos\u2026","rel":"","context":"Entrada similar ","block_context":{"text":"Entrada similar ","link":""},"img":{"alt_text":"","src":"https:\/\/i0.wp.com\/kalot.com.mx\/site\/wp-content\/uploads\/2014\/01\/memories.jpg?fit=700%2C501&ssl=1&resize=350%2C200","width":350,"height":200,"srcset":"https:\/\/i0.wp.com\/kalot.com.mx\/site\/wp-content\/uploads\/2014\/01\/memories.jpg?fit=700%2C501&ssl=1&resize=350%2C200 1x, https:\/\/i0.wp.com\/kalot.com.mx\/site\/wp-content\/uploads\/2014\/01\/memories.jpg?fit=700%2C501&ssl=1&resize=525%2C300 1.5x, https:\/\/i0.wp.com\/kalot.com.mx\/site\/wp-content\/uploads\/2014\/01\/memories.jpg?fit=700%2C501&ssl=1&resize=700%2C400 2x"},"classes":[]},{"id":11001,"url":"https:\/\/kalot.com.mx\/site\/2014\/02\/02\/termine-la-uni-y-ahora-que\/","url_meta":{"origin":14395,"position":4},"title":"Termin\u00e9 la uni&#8230; \u00bfy ahora que?","author":"Saul Alonso","date":"2 febrero, 2014","format":false,"excerpt":"Como todos buenos estudiantes, ya una vez que terminamos de estudiar, o que estamos a punto de hacerlo, sentimos que hemos terminado lo que en determinado momento nos propusimos, pero viene la pregunta clave \u201c\u00bfQu\u00e9 voy a hacer ahora?\u201d Aunque algunos tenemos la primer respuesta clave, aqu\u00ed te dejo algunos\u2026","rel":"","context":"Entrada similar ","block_context":{"text":"Entrada similar ","link":""},"img":{"alt_text":"","src":"https:\/\/i0.wp.com\/kalot.com.mx\/site\/wp-content\/uploads\/2014\/02\/universitarios.jpg?fit=1024%2C682&ssl=1&resize=350%2C200","width":350,"height":200,"srcset":"https:\/\/i0.wp.com\/kalot.com.mx\/site\/wp-content\/uploads\/2014\/02\/universitarios.jpg?fit=1024%2C682&ssl=1&resize=350%2C200 1x, https:\/\/i0.wp.com\/kalot.com.mx\/site\/wp-content\/uploads\/2014\/02\/universitarios.jpg?fit=1024%2C682&ssl=1&resize=525%2C300 1.5x, https:\/\/i0.wp.com\/kalot.com.mx\/site\/wp-content\/uploads\/2014\/02\/universitarios.jpg?fit=1024%2C682&ssl=1&resize=700%2C400 2x"},"classes":[]},{"id":13024,"url":"https:\/\/kalot.com.mx\/site\/2014\/03\/06\/el-amor-es\/","url_meta":{"origin":14395,"position":5},"title":"El amor es&#8230;","author":"Mar\u00eda Alvarado","date":"6 marzo, 2014","format":false,"excerpt":"El amor es como los fantasmas, todo el mundo habla de \u00e9l pero pocos lo han visto. \u00a0 \u00a0 \u00bfC\u00f3mo sabemos cu\u00e1ndo s\u00ed es amor? El amor por otras personas es uno de los sentimientos m\u00e1s dif\u00edciles de identificar, no basta solamente con decirlo, lo tenemos que sentir y poder\u2026","rel":"","context":"Entrada similar ","block_context":{"text":"Entrada similar ","link":""},"img":{"alt_text":"","src":"https:\/\/i0.wp.com\/kalot.com.mx\/site\/wp-content\/uploads\/2014\/03\/Love-Pop-Art.jpg?fit=900%2C600&ssl=1&resize=350%2C200","width":350,"height":200,"srcset":"https:\/\/i0.wp.com\/kalot.com.mx\/site\/wp-content\/uploads\/2014\/03\/Love-Pop-Art.jpg?fit=900%2C600&ssl=1&resize=350%2C200 1x, https:\/\/i0.wp.com\/kalot.com.mx\/site\/wp-content\/uploads\/2014\/03\/Love-Pop-Art.jpg?fit=900%2C600&ssl=1&resize=525%2C300 1.5x, https:\/\/i0.wp.com\/kalot.com.mx\/site\/wp-content\/uploads\/2014\/03\/Love-Pop-Art.jpg?fit=900%2C600&ssl=1&resize=700%2C400 2x"},"classes":[]}],"jetpack_sharing_enabled":true,"_links":{"self":[{"href":"https:\/\/kalot.com.mx\/site\/wp-json\/wp\/v2\/posts\/14395","targetHints":{"allow":["GET"]}}],"collection":[{"href":"https:\/\/kalot.com.mx\/site\/wp-json\/wp\/v2\/posts"}],"about":[{"href":"https:\/\/kalot.com.mx\/site\/wp-json\/wp\/v2\/types\/post"}],"author":[{"embeddable":true,"href":"https:\/\/kalot.com.mx\/site\/wp-json\/wp\/v2\/users\/61"}],"replies":[{"embeddable":true,"href":"https:\/\/kalot.com.mx\/site\/wp-json\/wp\/v2\/comments?post=14395"}],"version-history":[{"count":0,"href":"https:\/\/kalot.com.mx\/site\/wp-json\/wp\/v2\/posts\/14395\/revisions"}],"wp:featuredmedia":[{"embeddable":true,"href":"https:\/\/kalot.com.mx\/site\/wp-json\/wp\/v2\/media\/15874"}],"wp:attachment":[{"href":"https:\/\/kalot.com.mx\/site\/wp-json\/wp\/v2\/media?parent=14395"}],"wp:term":[{"taxonomy":"category","embeddable":true,"href":"https:\/\/kalot.com.mx\/site\/wp-json\/wp\/v2\/categories?post=14395"},{"taxonomy":"post_tag","embeddable":true,"href":"https:\/\/kalot.com.mx\/site\/wp-json\/wp\/v2\/tags?post=14395"}],"curies":[{"name":"wp","href":"https:\/\/api.w.org\/{rel}","templated":true}]}}