{"id":14243,"date":"2014-03-30T19:16:37","date_gmt":"2014-03-31T01:16:37","guid":{"rendered":"http:\/\/www.kalot.com.mx\/?p=14243"},"modified":"2014-03-30T19:16:37","modified_gmt":"2014-03-31T01:16:37","slug":"hugh-jackman-en-wolverine-el-musical","status":"publish","type":"post","link":"https:\/\/kalot.com.mx\/site\/2014\/03\/30\/hugh-jackman-en-wolverine-el-musical\/","title":{"rendered":"Hugh Jackman en Wolverine: El Musical"},"content":{"rendered":"<p style=\"text-align: justify\">No cabe duda que uno de nuestros personajes favoritos de <strong>Marvel<\/strong> y de los c\u00f3mics en general es Wolverine, quien en su adaptaci\u00f3n cinematogr\u00e1fica es interpretado por el carism\u00e1tico actor australiano <strong>Hugh Jackman<\/strong>.<\/p>\n<p style=\"text-align: justify\">En esta ocasi\u00f3n los chicos de <strong>The Matt Edmondson Show<\/strong> de la BBC Radio 1 de Londres tuvieron como invitado especial a Jackman para promocionar la m\u00e1s nueva entrega de la saga mutante dirigida por Bryan Singer, <strong>X-Men: Days of Future Past<\/strong> a estrenarse en mayo de este a\u00f1o.<\/p>\n<p style=\"text-align: justify\">El histri\u00f3n nominado al Oscar como Mejor actor por su papel como Jean Valjean en <strong>Les Mis\u00e9rables<\/strong> en 2012 accedi\u00f3 precisamente a realizar una interpretaci\u00f3n del tema <strong>Who Am I?<\/strong><em> (pista musical de Les Mis\u00e9rables)<\/em> pero con un cambio de l\u00edrica bastante notable que hace referencia al personaje m\u00e1s famoso del actor: <strong>Wolverine<\/strong>. Les dejamos la presentaci\u00f3n para que ustedes mismos juzguen si es necesaria una adaptaci\u00f3n a musical para el m\u00e1s famoso mutante de los X-Men.<\/p>\n[embedvideo id=&#8221;EvRtKMxc88Q&#8221; website=&#8221;youtube&#8221;]\n<p style=\"text-align: justify\"><strong>\u00bfC\u00f3mo vieron?<\/strong> Nosotros pensamos que ser\u00eda interesante, que alg\u00fan productor deber\u00eda de ver el potencial que existe para que \u201cLobezno\u201d cante ante una audiencia en vivo y se animen a relatar unas cuantas aventuras al m\u00e1s puro estilo de la obra inmortal de <strong>Victor Hugo<\/strong>.<\/p>\n","protected":false},"excerpt":{"rendered":"No cabe duda que uno de nuestros personajes favoritos de Marvel y de los c\u00f3mics en general es&hellip;\n","protected":false},"author":18,"featured_media":14246,"comment_status":"open","ping_status":"open","sticky":false,"template":"","format":"standard","meta":{"jetpack_post_was_ever_published":false,"_jetpack_newsletter_access":"","_jetpack_dont_email_post_to_subs":false,"_jetpack_newsletter_tier_id":0,"_jetpack_memberships_contains_paywalled_content":false,"_jetpack_memberships_contains_paid_content":false,"footnotes":"","jetpack_publicize_message":"","jetpack_publicize_feature_enabled":true,"jetpack_social_post_already_shared":true,"jetpack_social_options":{"image_generator_settings":{"template":"highway","default_image_id":0,"font":"","enabled":false},"version":2}},"categories":[],"tags":[],"class_list":{"0":"post-14243","1":"post","2":"type-post","3":"status-publish","4":"format-standard","5":"has-post-thumbnail","7":"cs-entry","8":"cs-video-wrap"},"yoast_head":"<!-- This site is optimized with the Yoast SEO plugin v27.4 - https:\/\/yoast.com\/product\/yoast-seo-wordpress\/ -->\n<title>Hugh Jackman en Wolverine: El Musical - Kalot<\/title>\n<meta name=\"description\" content=\"No cabe duda que uno de nuestros personajes favoritos de Marvel y de los c\u00f3mics en general es Wolverine, quien en su adaptaci\u00f3n cinematogr\u00e1fica es\" \/>\n<meta name=\"robots\" content=\"index, follow, max-snippet:-1, max-image-preview:large, max-video-preview:-1\" \/>\n<link rel=\"canonical\" href=\"https:\/\/kalot.com.mx\/site\/2014\/03\/30\/hugh-jackman-en-wolverine-el-musical\/\" \/>\n<meta property=\"og:locale\" content=\"es_MX\" \/>\n<meta property=\"og:type\" content=\"article\" \/>\n<meta property=\"og:title\" content=\"Hugh Jackman en Wolverine: El Musical - Kalot\" \/>\n<meta property=\"og:description\" content=\"No cabe duda que uno de nuestros personajes favoritos de Marvel y de los c\u00f3mics en general es Wolverine, quien en su adaptaci\u00f3n cinematogr\u00e1fica es\" \/>\n<meta property=\"og:url\" content=\"https:\/\/kalot.com.mx\/site\/2014\/03\/30\/hugh-jackman-en-wolverine-el-musical\/\" \/>\n<meta property=\"og:site_name\" content=\"Kalot\" \/>\n<meta property=\"article:publisher\" content=\"http:\/\/facebook.com\/mxkalot\" \/>\n<meta property=\"article:author\" content=\"https:\/\/www.facebook.com\/don.capu\" \/>\n<meta property=\"article:published_time\" content=\"2014-03-31T01:16:37+00:00\" \/>\n<meta property=\"og:image\" content=\"https:\/\/i0.wp.com\/kalot.com.mx\/site\/wp-content\/uploads\/2014\/03\/image-GT-178253339.jpg?fit=594%2C454&ssl=1\" \/>\n\t<meta property=\"og:image:width\" content=\"594\" \/>\n\t<meta property=\"og:image:height\" content=\"454\" \/>\n\t<meta property=\"og:image:type\" content=\"image\/jpeg\" \/>\n<meta name=\"author\" content=\"Omar Herrera\" \/>\n<meta name=\"twitter:card\" content=\"summary_large_image\" \/>\n<meta name=\"twitter:creator\" content=\"@thedoncapu\" \/>\n<meta name=\"twitter:site\" content=\"@kalotmx\" \/>\n<meta name=\"twitter:label1\" content=\"Escrito por\" \/>\n\t<meta name=\"twitter:data1\" content=\"Omar Herrera\" \/>\n\t<meta name=\"twitter:label2\" content=\"Tiempo de lectura\" \/>\n\t<meta name=\"twitter:data2\" content=\"1 minuto\" \/>\n<!-- \/ Yoast SEO plugin. -->","yoast_head_json":{"title":"Hugh Jackman en Wolverine: El Musical - Kalot","description":"No cabe duda que uno de nuestros personajes favoritos de Marvel y de los c\u00f3mics en general es Wolverine, quien en su adaptaci\u00f3n cinematogr\u00e1fica es","robots":{"index":"index","follow":"follow","max-snippet":"max-snippet:-1","max-image-preview":"max-image-preview:large","max-video-preview":"max-video-preview:-1"},"canonical":"https:\/\/kalot.com.mx\/site\/2014\/03\/30\/hugh-jackman-en-wolverine-el-musical\/","og_locale":"es_MX","og_type":"article","og_title":"Hugh Jackman en Wolverine: El Musical - Kalot","og_description":"No cabe duda que uno de nuestros personajes favoritos de Marvel y de los c\u00f3mics en general es Wolverine, quien en su adaptaci\u00f3n cinematogr\u00e1fica es","og_url":"https:\/\/kalot.com.mx\/site\/2014\/03\/30\/hugh-jackman-en-wolverine-el-musical\/","og_site_name":"Kalot","article_publisher":"http:\/\/facebook.com\/mxkalot","article_author":"https:\/\/www.facebook.com\/don.capu","article_published_time":"2014-03-31T01:16:37+00:00","og_image":[{"width":594,"height":454,"url":"https:\/\/i0.wp.com\/kalot.com.mx\/site\/wp-content\/uploads\/2014\/03\/image-GT-178253339.jpg?fit=594%2C454&ssl=1","type":"image\/jpeg"}],"author":"Omar Herrera","twitter_card":"summary_large_image","twitter_creator":"@thedoncapu","twitter_site":"@kalotmx","twitter_misc":{"Escrito por":"Omar Herrera","Tiempo de lectura":"1 minuto"},"schema":{"@context":"https:\/\/schema.org","@graph":[{"@type":"Article","@id":"https:\/\/kalot.com.mx\/site\/2014\/03\/30\/hugh-jackman-en-wolverine-el-musical\/#article","isPartOf":{"@id":"https:\/\/kalot.com.mx\/site\/2014\/03\/30\/hugh-jackman-en-wolverine-el-musical\/"},"author":{"name":"Omar Herrera","@id":"https:\/\/kalot.com.mx\/site\/#\/schema\/person\/1bf32c47ee15104d1e824350c07ac220"},"headline":"Hugh Jackman en Wolverine: El Musical","datePublished":"2014-03-31T01:16:37+00:00","mainEntityOfPage":{"@id":"https:\/\/kalot.com.mx\/site\/2014\/03\/30\/hugh-jackman-en-wolverine-el-musical\/"},"wordCount":235,"commentCount":0,"publisher":{"@id":"https:\/\/kalot.com.mx\/site\/#organization"},"image":{"@id":"https:\/\/kalot.com.mx\/site\/2014\/03\/30\/hugh-jackman-en-wolverine-el-musical\/#primaryimage"},"thumbnailUrl":"https:\/\/i0.wp.com\/kalot.com.mx\/site\/wp-content\/uploads\/2014\/03\/image-GT-178253339.jpg?fit=594%2C454&ssl=1","inLanguage":"es","potentialAction":[{"@type":"CommentAction","name":"Comment","target":["https:\/\/kalot.com.mx\/site\/2014\/03\/30\/hugh-jackman-en-wolverine-el-musical\/#respond"]}]},{"@type":"WebPage","@id":"https:\/\/kalot.com.mx\/site\/2014\/03\/30\/hugh-jackman-en-wolverine-el-musical\/","url":"https:\/\/kalot.com.mx\/site\/2014\/03\/30\/hugh-jackman-en-wolverine-el-musical\/","name":"Hugh Jackman en Wolverine: El Musical - Kalot","isPartOf":{"@id":"https:\/\/kalot.com.mx\/site\/#website"},"primaryImageOfPage":{"@id":"https:\/\/kalot.com.mx\/site\/2014\/03\/30\/hugh-jackman-en-wolverine-el-musical\/#primaryimage"},"image":{"@id":"https:\/\/kalot.com.mx\/site\/2014\/03\/30\/hugh-jackman-en-wolverine-el-musical\/#primaryimage"},"thumbnailUrl":"https:\/\/i0.wp.com\/kalot.com.mx\/site\/wp-content\/uploads\/2014\/03\/image-GT-178253339.jpg?fit=594%2C454&ssl=1","datePublished":"2014-03-31T01:16:37+00:00","description":"No cabe duda que uno de nuestros personajes favoritos de Marvel y de los c\u00f3mics en general es Wolverine, quien en su adaptaci\u00f3n cinematogr\u00e1fica es","breadcrumb":{"@id":"https:\/\/kalot.com.mx\/site\/2014\/03\/30\/hugh-jackman-en-wolverine-el-musical\/#breadcrumb"},"inLanguage":"es","potentialAction":[{"@type":"ReadAction","target":["https:\/\/kalot.com.mx\/site\/2014\/03\/30\/hugh-jackman-en-wolverine-el-musical\/"]}]},{"@type":"ImageObject","inLanguage":"es","@id":"https:\/\/kalot.com.mx\/site\/2014\/03\/30\/hugh-jackman-en-wolverine-el-musical\/#primaryimage","url":"https:\/\/i0.wp.com\/kalot.com.mx\/site\/wp-content\/uploads\/2014\/03\/image-GT-178253339.jpg?fit=594%2C454&ssl=1","contentUrl":"https:\/\/i0.wp.com\/kalot.com.mx\/site\/wp-content\/uploads\/2014\/03\/image-GT-178253339.jpg?fit=594%2C454&ssl=1","width":594,"height":454},{"@type":"BreadcrumbList","@id":"https:\/\/kalot.com.mx\/site\/2014\/03\/30\/hugh-jackman-en-wolverine-el-musical\/#breadcrumb","itemListElement":[{"@type":"ListItem","position":1,"name":"Home","item":"https:\/\/kalot.com.mx\/site\/"},{"@type":"ListItem","position":2,"name":"Hugh Jackman en Wolverine: El Musical"}]},{"@type":"WebSite","@id":"https:\/\/kalot.com.mx\/site\/#website","url":"https:\/\/kalot.com.mx\/site\/","name":"Kalot","description":"Conoce Todo Sobre Todo","publisher":{"@id":"https:\/\/kalot.com.mx\/site\/#organization"},"potentialAction":[{"@type":"SearchAction","target":{"@type":"EntryPoint","urlTemplate":"https:\/\/kalot.com.mx\/site\/?s={search_term_string}"},"query-input":{"@type":"PropertyValueSpecification","valueRequired":true,"valueName":"search_term_string"}}],"inLanguage":"es"},{"@type":"Organization","@id":"https:\/\/kalot.com.mx\/site\/#organization","name":"Kalot","url":"https:\/\/kalot.com.mx\/site\/","logo":{"@type":"ImageObject","inLanguage":"es","@id":"https:\/\/kalot.com.mx\/site\/#\/schema\/logo\/image\/","url":"https:\/\/i0.wp.com\/kalot.com.mx\/site\/wp-content\/uploads\/2020\/04\/Kalot-logo-sin-tagline.png?fit=1707%2C1014&ssl=1","contentUrl":"https:\/\/i0.wp.com\/kalot.com.mx\/site\/wp-content\/uploads\/2020\/04\/Kalot-logo-sin-tagline.png?fit=1707%2C1014&ssl=1","width":1707,"height":1014,"caption":"Kalot"},"image":{"@id":"https:\/\/kalot.com.mx\/site\/#\/schema\/logo\/image\/"},"sameAs":["http:\/\/facebook.com\/mxkalot","https:\/\/x.com\/kalotmx","http:\/\/instagram.com\/kalotmx","http:\/\/pinterest.com\/jorgeerana\/kalot"]},{"@type":"Person","@id":"https:\/\/kalot.com.mx\/site\/#\/schema\/person\/1bf32c47ee15104d1e824350c07ac220","name":"Omar Herrera","image":{"@type":"ImageObject","inLanguage":"es","@id":"https:\/\/secure.gravatar.com\/avatar\/ae84de016d43d093bed40799c6d19430bc23d65401e1d68c9afab71da0688278?s=96&d=mm&r=g","url":"https:\/\/secure.gravatar.com\/avatar\/ae84de016d43d093bed40799c6d19430bc23d65401e1d68c9afab71da0688278?s=96&d=mm&r=g","contentUrl":"https:\/\/secure.gravatar.com\/avatar\/ae84de016d43d093bed40799c6d19430bc23d65401e1d68c9afab71da0688278?s=96&d=mm&r=g","caption":"Omar Herrera"},"description":"Si mi vida se resumiera en una pel\u00edcula, ser\u00eda en una dirigida por Woody Allen. Licenciado en Ciencias y T\u00e9cnicas de la Comunicaci\u00f3n.","sameAs":["http:\/\/www.linkedin.com\/pub\/omar-vargas-herrera\/8a\/792\/288","https:\/\/www.facebook.com\/don.capu","https:\/\/x.com\/thedoncapu"],"url":"https:\/\/kalot.com.mx\/site\/author\/doncapu\/"}]}},"jetpack_publicize_connections":[],"jetpack_featured_media_url":"https:\/\/i0.wp.com\/kalot.com.mx\/site\/wp-content\/uploads\/2014\/03\/image-GT-178253339.jpg?fit=594%2C454&ssl=1","jetpack_shortlink":"https:\/\/wp.me\/p6IHEI-3HJ","jetpack-related-posts":[{"id":29998,"url":"https:\/\/kalot.com.mx\/site\/2018\/01\/08\/the-greatest-jackman\/","url_meta":{"origin":14243,"position":0},"title":"The Greatest Jackman","author":"Juan Carlos","date":"8 enero, 2018","format":false,"excerpt":"\u201cThe Greatest Jackman\u201d Y es que la pel\u00edcula contiene 3 elementos que aseguraban crear el musical perfecto. Talento, emociones y montones de colores. Pero el director Michael Gracey a\u00f1adi\u00f3 un ingrediente extra al musical\u2026 Hugh Jackman. A quien enga\u00f1amos\u2026 Hugh Jackman naci\u00f3 para interpretar a Wolverine y a cualquier personaje\u2026","rel":"","context":"En &quot;Cine&quot;","block_context":{"text":"Cine","link":"https:\/\/kalot.com.mx\/site\/category\/cine\/"},"img":{"alt_text":"","src":"https:\/\/i0.wp.com\/kalot.com.mx\/site\/wp-content\/uploads\/2018\/01\/5a3a7621081b4-medium.jpg?fit=760%2C328&ssl=1&resize=350%2C200","width":350,"height":200,"srcset":"https:\/\/i0.wp.com\/kalot.com.mx\/site\/wp-content\/uploads\/2018\/01\/5a3a7621081b4-medium.jpg?fit=760%2C328&ssl=1&resize=350%2C200 1x, https:\/\/i0.wp.com\/kalot.com.mx\/site\/wp-content\/uploads\/2018\/01\/5a3a7621081b4-medium.jpg?fit=760%2C328&ssl=1&resize=525%2C300 1.5x, https:\/\/i0.wp.com\/kalot.com.mx\/site\/wp-content\/uploads\/2018\/01\/5a3a7621081b4-medium.jpg?fit=760%2C328&ssl=1&resize=700%2C400 2x"},"classes":[]},{"id":14956,"url":"https:\/\/kalot.com.mx\/site\/2014\/04\/16\/trailer-final-para-x-men-days-future-past\/","url_meta":{"origin":14243,"position":1},"title":"Trailer final para X-Men: Days of Future Past","author":"Omar Herrera","date":"16 abril, 2014","format":false,"excerpt":"Inicia la cuenta regresiva hasta el 22 de mayo, fecha en que se estrenar\u00e1 en M\u00e9xico y alrededor del mundo la m\u00e1s reciente cinta de Bryan Singer y continuaci\u00f3n de la saga de mutantes m\u00e1s exitosa de Marvel, X-Men: Days of Future Past o X-Men: D\u00edas del Futuro Pasado para\u2026","rel":"","context":"Entrada similar ","block_context":{"text":"Entrada similar ","link":""},"img":{"alt_text":"","src":"https:\/\/i0.wp.com\/kalot.com.mx\/site\/wp-content\/uploads\/2014\/04\/poster-X-men-dias-del-futuro-pasado-660x375.jpg?fit=660%2C375&ssl=1&resize=350%2C200","width":350,"height":200,"srcset":"https:\/\/i0.wp.com\/kalot.com.mx\/site\/wp-content\/uploads\/2014\/04\/poster-X-men-dias-del-futuro-pasado-660x375.jpg?fit=660%2C375&ssl=1&resize=350%2C200 1x, https:\/\/i0.wp.com\/kalot.com.mx\/site\/wp-content\/uploads\/2014\/04\/poster-X-men-dias-del-futuro-pasado-660x375.jpg?fit=660%2C375&ssl=1&resize=525%2C300 1.5x"},"classes":[]},{"id":24850,"url":"https:\/\/kalot.com.mx\/site\/2016\/01\/29\/wolverine-murio-pero-es-remplazado-por\/","url_meta":{"origin":14243,"position":2},"title":"WOLVERINE esta muerto, pero ser\u00e1 remplazado por&#8230;","author":"HM_MKT007","date":"29 enero, 2016","format":false,"excerpt":"Hace un tiempo, inicio una serie llamada DEATH OF WOLVERINE, y s\u00ed, c\u00f3mo se imaginar\u00e1n, se trato de la muerte del gran LOGAN, o m\u00e1s conocido por todos c\u00f3mo WOLVERINE, y aunque sigue muerto, ya tiene un sustituto, algo que no se esperaba, bastante sorpresiva la decisi\u00f3n de MARVEL C\u00d3MICS.\u2026","rel":"","context":"En &quot;Novedades&quot;","block_context":{"text":"Novedades","link":"https:\/\/kalot.com.mx\/site\/category\/novedades\/"},"img":{"alt_text":"","src":"https:\/\/i0.wp.com\/kalot.com.mx\/site\/wp-content\/uploads\/2016\/01\/Portada-caricatura.jpg?fit=980%2C417&ssl=1&resize=350%2C200","width":350,"height":200,"srcset":"https:\/\/i0.wp.com\/kalot.com.mx\/site\/wp-content\/uploads\/2016\/01\/Portada-caricatura.jpg?fit=980%2C417&ssl=1&resize=350%2C200 1x, https:\/\/i0.wp.com\/kalot.com.mx\/site\/wp-content\/uploads\/2016\/01\/Portada-caricatura.jpg?fit=980%2C417&ssl=1&resize=525%2C300 1.5x, https:\/\/i0.wp.com\/kalot.com.mx\/site\/wp-content\/uploads\/2016\/01\/Portada-caricatura.jpg?fit=980%2C417&ssl=1&resize=700%2C400 2x"},"classes":[]},{"id":22999,"url":"https:\/\/kalot.com.mx\/site\/2015\/08\/18\/gracias-marvel-y-dc\/","url_meta":{"origin":14243,"position":3},"title":"GRACIAS MARVEL Y DC","author":"Brenda A","date":"18 agosto, 2015","format":false,"excerpt":"Estos actores que son como los vinos, han sido afortunados en interpretar a los h\u00e9roes de Marvel y DC pero m\u00e1s afortunados nuestros ojos que pueden ver sus trabajados cuerpos que han formado para no decepcionar a sus fans y aqu\u00ed enlisto a algunos para hacerles m\u00e1s leve la semana\u2026","rel":"","context":"En &quot;Sin categor\u00eda&quot;","block_context":{"text":"Sin categor\u00eda","link":"https:\/\/kalot.com.mx\/site\/category\/sin-categoria\/"},"img":{"alt_text":"","src":"https:\/\/i0.wp.com\/kalot.com.mx\/site\/wp-content\/uploads\/2015\/08\/todos.png?fit=1200%2C796&ssl=1&resize=350%2C200","width":350,"height":200,"srcset":"https:\/\/i0.wp.com\/kalot.com.mx\/site\/wp-content\/uploads\/2015\/08\/todos.png?fit=1200%2C796&ssl=1&resize=350%2C200 1x, https:\/\/i0.wp.com\/kalot.com.mx\/site\/wp-content\/uploads\/2015\/08\/todos.png?fit=1200%2C796&ssl=1&resize=525%2C300 1.5x, https:\/\/i0.wp.com\/kalot.com.mx\/site\/wp-content\/uploads\/2015\/08\/todos.png?fit=1200%2C796&ssl=1&resize=700%2C400 2x, https:\/\/i0.wp.com\/kalot.com.mx\/site\/wp-content\/uploads\/2015\/08\/todos.png?fit=1200%2C796&ssl=1&resize=1050%2C600 3x"},"classes":[]},{"id":16351,"url":"https:\/\/kalot.com.mx\/site\/2014\/05\/23\/x-men-days-future-past-resena\/","url_meta":{"origin":14243,"position":4},"title":"X-Men: Days of Future Past | RESE\u00d1A","author":"Omar Herrera","date":"23 mayo, 2014","format":false,"excerpt":"Catorce a\u00f1os han pasado desde que se estren\u00f3 la primera entrega de una franquicia que revolucionar\u00eda y supondr\u00eda un antes y un despu\u00e9s dentro de las pel\u00edculas de superh\u00e9roes llega la s\u00e9ptima entrega de esta saga de mutantes que revisaremos a continuaci\u00f3n. X-Men (2000) representaba en aquel entonces un reto\u2026","rel":"","context":"Con 1 comentario","block_context":{"text":"Con 1 comentario","link":"https:\/\/kalot.com.mx\/site\/2014\/05\/23\/x-men-days-future-past-resena\/#comments"},"img":{"alt_text":"","src":"https:\/\/i0.wp.com\/kalot.com.mx\/site\/wp-content\/uploads\/2014\/05\/X-Men-Days-of-Future-Past-banner.jpg?fit=1200%2C546&ssl=1&resize=350%2C200","width":350,"height":200,"srcset":"https:\/\/i0.wp.com\/kalot.com.mx\/site\/wp-content\/uploads\/2014\/05\/X-Men-Days-of-Future-Past-banner.jpg?fit=1200%2C546&ssl=1&resize=350%2C200 1x, https:\/\/i0.wp.com\/kalot.com.mx\/site\/wp-content\/uploads\/2014\/05\/X-Men-Days-of-Future-Past-banner.jpg?fit=1200%2C546&ssl=1&resize=525%2C300 1.5x, https:\/\/i0.wp.com\/kalot.com.mx\/site\/wp-content\/uploads\/2014\/05\/X-Men-Days-of-Future-Past-banner.jpg?fit=1200%2C546&ssl=1&resize=700%2C400 2x, https:\/\/i0.wp.com\/kalot.com.mx\/site\/wp-content\/uploads\/2014\/05\/X-Men-Days-of-Future-Past-banner.jpg?fit=1200%2C546&ssl=1&resize=1050%2C600 3x"},"classes":[]},{"id":13849,"url":"https:\/\/kalot.com.mx\/site\/2014\/03\/24\/trailer-x-men-days-future-past\/","url_meta":{"origin":14243,"position":5},"title":"Trailer Final de X-Men: Days of Future Past","author":"Jorge Era\u00f1a","date":"24 marzo, 2014","format":false,"excerpt":"Se estren\u00f3 el trailer definitivo de X-Men: Days of Future Past que realmente pinta muy bueno y nos deja cada vez m\u00e1s emocionados para el estreno de esta secuela programada para el mes de mayo del presente a\u00f1o. Como se puede ver en el trailer hay una inclinaci\u00f3n hacia algunos\u2026","rel":"","context":"En &quot;Sin categor\u00eda&quot;","block_context":{"text":"Sin categor\u00eda","link":"https:\/\/kalot.com.mx\/site\/category\/sin-categoria\/"},"img":{"alt_text":"","src":"https:\/\/i0.wp.com\/kalot.com.mx\/site\/wp-content\/uploads\/2014\/03\/1966789_651731911560495_2089039627_n.jpg?fit=486%2C720&ssl=1&resize=350%2C200","width":350,"height":200},"classes":[]}],"jetpack_sharing_enabled":true,"_links":{"self":[{"href":"https:\/\/kalot.com.mx\/site\/wp-json\/wp\/v2\/posts\/14243","targetHints":{"allow":["GET"]}}],"collection":[{"href":"https:\/\/kalot.com.mx\/site\/wp-json\/wp\/v2\/posts"}],"about":[{"href":"https:\/\/kalot.com.mx\/site\/wp-json\/wp\/v2\/types\/post"}],"author":[{"embeddable":true,"href":"https:\/\/kalot.com.mx\/site\/wp-json\/wp\/v2\/users\/18"}],"replies":[{"embeddable":true,"href":"https:\/\/kalot.com.mx\/site\/wp-json\/wp\/v2\/comments?post=14243"}],"version-history":[{"count":0,"href":"https:\/\/kalot.com.mx\/site\/wp-json\/wp\/v2\/posts\/14243\/revisions"}],"wp:featuredmedia":[{"embeddable":true,"href":"https:\/\/kalot.com.mx\/site\/wp-json\/wp\/v2\/media\/14246"}],"wp:attachment":[{"href":"https:\/\/kalot.com.mx\/site\/wp-json\/wp\/v2\/media?parent=14243"}],"wp:term":[{"taxonomy":"category","embeddable":true,"href":"https:\/\/kalot.com.mx\/site\/wp-json\/wp\/v2\/categories?post=14243"},{"taxonomy":"post_tag","embeddable":true,"href":"https:\/\/kalot.com.mx\/site\/wp-json\/wp\/v2\/tags?post=14243"}],"curies":[{"name":"wp","href":"https:\/\/api.w.org\/{rel}","templated":true}]}}