{"id":1383,"date":"2013-09-11T19:04:39","date_gmt":"2013-09-12T00:04:39","guid":{"rendered":"http:\/\/www.kalot.com.mx\/?p=1383"},"modified":"2013-09-11T19:20:32","modified_gmt":"2013-09-12T00:20:32","slug":"better-call-saul-nueva-serie","status":"publish","type":"post","link":"https:\/\/kalot.com.mx\/site\/2013\/09\/11\/better-call-saul-nueva-serie\/","title":{"rendered":"Better Call Saul!, nueva serie"},"content":{"rendered":"<p>A pesar de estar a s\u00f3lo 3 episodios de distancia para el gran final de <b>Breaking Bad\u00a0<\/b>el universo de este show tiene personajes tan caracter\u00edsticos y de tal agrado del p\u00fablico como para poder contar sus propias historias, tal es el caso con el amado-odiado personaje del abogado <b>Saul Goodman<\/b> en la multipremiada serie quien al parecer contar\u00e1 con su propio spinn-off del show en una serie en solitario.<\/p>\n<p><img data-recalc-dims=\"1\" fetchpriority=\"high\" decoding=\"async\" data-attachment-id=\"1385\" data-permalink=\"https:\/\/kalot.com.mx\/site\/2013\/09\/11\/better-call-saul-nueva-serie\/tumblr_md35y6czy01r2igm4o1_1280\/\" data-orig-file=\"https:\/\/i0.wp.com\/kalot.com.mx\/site\/wp-content\/uploads\/2013\/09\/tumblr_md35y6CzY01r2igm4o1_1280.jpg?fit=625%2C371&amp;ssl=1\" data-orig-size=\"625,371\" data-comments-opened=\"1\" data-image-meta=\"{&quot;aperture&quot;:&quot;0&quot;,&quot;credit&quot;:&quot;&quot;,&quot;camera&quot;:&quot;&quot;,&quot;caption&quot;:&quot;&quot;,&quot;created_timestamp&quot;:&quot;0&quot;,&quot;copyright&quot;:&quot;&quot;,&quot;focal_length&quot;:&quot;0&quot;,&quot;iso&quot;:&quot;0&quot;,&quot;shutter_speed&quot;:&quot;0&quot;,&quot;title&quot;:&quot;&quot;}\" data-image-title=\"tumblr_md35y6CzY01r2igm4o1_1280\" data-image-description=\"\" data-image-caption=\"\" data-large-file=\"https:\/\/i0.wp.com\/kalot.com.mx\/site\/wp-content\/uploads\/2013\/09\/tumblr_md35y6CzY01r2igm4o1_1280.jpg?fit=625%2C371&amp;ssl=1\" class=\"aligncenter size-full wp-image-1385\" alt=\"tumblr_md35y6CzY01r2igm4o1_1280\" src=\"https:\/\/i0.wp.com\/www.kalot.com.mx\/wp-content\/uploads\/2013\/09\/tumblr_md35y6CzY01r2igm4o1_1280.jpg?resize=625%2C371\" width=\"625\" height=\"371\" srcset=\"https:\/\/i0.wp.com\/kalot.com.mx\/site\/wp-content\/uploads\/2013\/09\/tumblr_md35y6CzY01r2igm4o1_1280.jpg?w=625&amp;ssl=1 625w, https:\/\/i0.wp.com\/kalot.com.mx\/site\/wp-content\/uploads\/2013\/09\/tumblr_md35y6CzY01r2igm4o1_1280.jpg?resize=300%2C178&amp;ssl=1 300w\" sizes=\"(max-width: 625px) 100vw, 625px\" \/><\/p>\n<p>Despu\u00e9s de meses de negociaciones y rumores, todo indica que <b>Vince Gilligan<\/b> (<i>creador de Breaking Bad<\/i>), <b>AMC<\/b> y <b>Sony Pictures TV<\/b> han llegado a un com\u00fan acuerdo para la licencia necesaria de <i>Better Call Saul!.<\/i><\/p>\n<p>AMC a\u00fan no ha querido proporcionar mucha informaci\u00f3n acerca del show pero se sabe que se explorar\u00e1 la evoluci\u00f3n del personaje interpretado por <b>Bob Odenkirk<\/b>, as\u00ed hasta llegar a conocer a quien ahora es su jefe <b>Walter White<\/b>.<\/p>\n<p>Mucho del humor en Breaking Bad proviene de este simp\u00e1tico, torpe y cobarde personaje, por lo que se espera que el tono que se maneje en <b>Better Call Saul<\/b> sea m\u00e1s c\u00f3mico y ligero.<\/p>\n<p>As\u00ed que como ven kalochos y kalochas,<strong> \u00bf<\/strong><b>gustan de ver una serie con Saul Goodman como protagonista? <\/b>Opinen abajo en la secci\u00f3n de comentarios<\/p>\n","protected":false},"excerpt":{"rendered":"A pesar de estar a s\u00f3lo 3 episodios de distancia para el gran final de Breaking Bad\u00a0el universo&hellip;\n","protected":false},"author":18,"featured_media":1385,"comment_status":"open","ping_status":"open","sticky":false,"template":"","format":"standard","meta":{"jetpack_post_was_ever_published":false,"_jetpack_newsletter_access":"","_jetpack_dont_email_post_to_subs":false,"_jetpack_newsletter_tier_id":0,"_jetpack_memberships_contains_paywalled_content":false,"_jetpack_memberships_contains_paid_content":false,"footnotes":"","jetpack_publicize_message":"","jetpack_publicize_feature_enabled":true,"jetpack_social_post_already_shared":true,"jetpack_social_options":{"image_generator_settings":{"template":"highway","default_image_id":0,"font":"","enabled":false},"version":2}},"categories":[],"tags":[],"class_list":{"0":"post-1383","1":"post","2":"type-post","3":"status-publish","4":"format-standard","5":"has-post-thumbnail","7":"cs-entry","8":"cs-video-wrap"},"yoast_head":"<!-- This site is optimized with the Yoast SEO plugin v27.4 - https:\/\/yoast.com\/product\/yoast-seo-wordpress\/ -->\n<title>Better Call Saul!, nueva serie - Kalot<\/title>\n<meta name=\"description\" content=\"A pesar de estar a s\u00f3lo 3 episodios de distancia para el gran final de Breaking Bad\u00a0el universo de este show tiene personajes tan caracter\u00edsticos y de tal\" \/>\n<meta name=\"robots\" content=\"index, follow, max-snippet:-1, max-image-preview:large, max-video-preview:-1\" \/>\n<link rel=\"canonical\" href=\"https:\/\/kalot.com.mx\/site\/2013\/09\/11\/better-call-saul-nueva-serie\/\" \/>\n<meta property=\"og:locale\" content=\"es_MX\" \/>\n<meta property=\"og:type\" content=\"article\" \/>\n<meta property=\"og:title\" content=\"Better Call Saul!, nueva serie - Kalot\" \/>\n<meta property=\"og:description\" content=\"A pesar de estar a s\u00f3lo 3 episodios de distancia para el gran final de Breaking Bad\u00a0el universo de este show tiene personajes tan caracter\u00edsticos y de tal\" \/>\n<meta property=\"og:url\" content=\"https:\/\/kalot.com.mx\/site\/2013\/09\/11\/better-call-saul-nueva-serie\/\" \/>\n<meta property=\"og:site_name\" content=\"Kalot\" \/>\n<meta property=\"article:publisher\" content=\"http:\/\/facebook.com\/mxkalot\" \/>\n<meta property=\"article:author\" content=\"https:\/\/www.facebook.com\/don.capu\" \/>\n<meta property=\"article:published_time\" content=\"2013-09-12T00:04:39+00:00\" \/>\n<meta property=\"article:modified_time\" content=\"2013-09-12T00:20:32+00:00\" \/>\n<meta property=\"og:image\" content=\"https:\/\/i1.wp.com\/kalot.com.mx\/site\/wp-content\/uploads\/2013\/09\/tumblr_md35y6CzY01r2igm4o1_1280.jpg?fit=625%2C371&ssl=1\" \/>\n\t<meta property=\"og:image:width\" content=\"625\" \/>\n\t<meta property=\"og:image:height\" content=\"371\" \/>\n\t<meta property=\"og:image:type\" content=\"image\/jpeg\" \/>\n<meta name=\"author\" content=\"Omar Herrera\" \/>\n<meta name=\"twitter:card\" content=\"summary_large_image\" \/>\n<meta name=\"twitter:creator\" content=\"@thedoncapu\" \/>\n<meta name=\"twitter:site\" content=\"@kalotmx\" \/>\n<meta name=\"twitter:label1\" content=\"Escrito por\" \/>\n\t<meta name=\"twitter:data1\" content=\"Omar Herrera\" \/>\n\t<meta name=\"twitter:label2\" content=\"Tiempo de lectura\" \/>\n\t<meta name=\"twitter:data2\" content=\"1 minuto\" \/>\n<!-- \/ Yoast SEO plugin. -->","yoast_head_json":{"title":"Better Call Saul!, nueva serie - Kalot","description":"A pesar de estar a s\u00f3lo 3 episodios de distancia para el gran final de Breaking Bad\u00a0el universo de este show tiene personajes tan caracter\u00edsticos y de tal","robots":{"index":"index","follow":"follow","max-snippet":"max-snippet:-1","max-image-preview":"max-image-preview:large","max-video-preview":"max-video-preview:-1"},"canonical":"https:\/\/kalot.com.mx\/site\/2013\/09\/11\/better-call-saul-nueva-serie\/","og_locale":"es_MX","og_type":"article","og_title":"Better Call Saul!, nueva serie - Kalot","og_description":"A pesar de estar a s\u00f3lo 3 episodios de distancia para el gran final de Breaking Bad\u00a0el universo de este show tiene personajes tan caracter\u00edsticos y de tal","og_url":"https:\/\/kalot.com.mx\/site\/2013\/09\/11\/better-call-saul-nueva-serie\/","og_site_name":"Kalot","article_publisher":"http:\/\/facebook.com\/mxkalot","article_author":"https:\/\/www.facebook.com\/don.capu","article_published_time":"2013-09-12T00:04:39+00:00","article_modified_time":"2013-09-12T00:20:32+00:00","og_image":[{"width":625,"height":371,"url":"https:\/\/i1.wp.com\/kalot.com.mx\/site\/wp-content\/uploads\/2013\/09\/tumblr_md35y6CzY01r2igm4o1_1280.jpg?fit=625%2C371&ssl=1","type":"image\/jpeg"}],"author":"Omar Herrera","twitter_card":"summary_large_image","twitter_creator":"@thedoncapu","twitter_site":"@kalotmx","twitter_misc":{"Escrito por":"Omar Herrera","Tiempo de lectura":"1 minuto"},"schema":{"@context":"https:\/\/schema.org","@graph":[{"@type":"Article","@id":"https:\/\/kalot.com.mx\/site\/2013\/09\/11\/better-call-saul-nueva-serie\/#article","isPartOf":{"@id":"https:\/\/kalot.com.mx\/site\/2013\/09\/11\/better-call-saul-nueva-serie\/"},"author":{"name":"Omar Herrera","@id":"https:\/\/kalot.com.mx\/site\/#\/schema\/person\/1bf32c47ee15104d1e824350c07ac220"},"headline":"Better Call Saul!, nueva serie","datePublished":"2013-09-12T00:04:39+00:00","dateModified":"2013-09-12T00:20:32+00:00","mainEntityOfPage":{"@id":"https:\/\/kalot.com.mx\/site\/2013\/09\/11\/better-call-saul-nueva-serie\/"},"wordCount":217,"commentCount":1,"publisher":{"@id":"https:\/\/kalot.com.mx\/site\/#organization"},"image":{"@id":"https:\/\/kalot.com.mx\/site\/2013\/09\/11\/better-call-saul-nueva-serie\/#primaryimage"},"thumbnailUrl":"https:\/\/i0.wp.com\/kalot.com.mx\/site\/wp-content\/uploads\/2013\/09\/tumblr_md35y6CzY01r2igm4o1_1280.jpg?fit=625%2C371&ssl=1","inLanguage":"es","potentialAction":[{"@type":"CommentAction","name":"Comment","target":["https:\/\/kalot.com.mx\/site\/2013\/09\/11\/better-call-saul-nueva-serie\/#respond"]}]},{"@type":"WebPage","@id":"https:\/\/kalot.com.mx\/site\/2013\/09\/11\/better-call-saul-nueva-serie\/","url":"https:\/\/kalot.com.mx\/site\/2013\/09\/11\/better-call-saul-nueva-serie\/","name":"Better Call Saul!, nueva serie - Kalot","isPartOf":{"@id":"https:\/\/kalot.com.mx\/site\/#website"},"primaryImageOfPage":{"@id":"https:\/\/kalot.com.mx\/site\/2013\/09\/11\/better-call-saul-nueva-serie\/#primaryimage"},"image":{"@id":"https:\/\/kalot.com.mx\/site\/2013\/09\/11\/better-call-saul-nueva-serie\/#primaryimage"},"thumbnailUrl":"https:\/\/i0.wp.com\/kalot.com.mx\/site\/wp-content\/uploads\/2013\/09\/tumblr_md35y6CzY01r2igm4o1_1280.jpg?fit=625%2C371&ssl=1","datePublished":"2013-09-12T00:04:39+00:00","dateModified":"2013-09-12T00:20:32+00:00","description":"A pesar de estar a s\u00f3lo 3 episodios de distancia para el gran final de Breaking Bad\u00a0el universo de este show tiene personajes tan caracter\u00edsticos y de tal","breadcrumb":{"@id":"https:\/\/kalot.com.mx\/site\/2013\/09\/11\/better-call-saul-nueva-serie\/#breadcrumb"},"inLanguage":"es","potentialAction":[{"@type":"ReadAction","target":["https:\/\/kalot.com.mx\/site\/2013\/09\/11\/better-call-saul-nueva-serie\/"]}]},{"@type":"ImageObject","inLanguage":"es","@id":"https:\/\/kalot.com.mx\/site\/2013\/09\/11\/better-call-saul-nueva-serie\/#primaryimage","url":"https:\/\/i0.wp.com\/kalot.com.mx\/site\/wp-content\/uploads\/2013\/09\/tumblr_md35y6CzY01r2igm4o1_1280.jpg?fit=625%2C371&ssl=1","contentUrl":"https:\/\/i0.wp.com\/kalot.com.mx\/site\/wp-content\/uploads\/2013\/09\/tumblr_md35y6CzY01r2igm4o1_1280.jpg?fit=625%2C371&ssl=1","width":625,"height":371},{"@type":"BreadcrumbList","@id":"https:\/\/kalot.com.mx\/site\/2013\/09\/11\/better-call-saul-nueva-serie\/#breadcrumb","itemListElement":[{"@type":"ListItem","position":1,"name":"Home","item":"https:\/\/kalot.com.mx\/site\/"},{"@type":"ListItem","position":2,"name":"Better Call Saul!, nueva serie"}]},{"@type":"WebSite","@id":"https:\/\/kalot.com.mx\/site\/#website","url":"https:\/\/kalot.com.mx\/site\/","name":"Kalot","description":"Conoce Todo Sobre Todo","publisher":{"@id":"https:\/\/kalot.com.mx\/site\/#organization"},"potentialAction":[{"@type":"SearchAction","target":{"@type":"EntryPoint","urlTemplate":"https:\/\/kalot.com.mx\/site\/?s={search_term_string}"},"query-input":{"@type":"PropertyValueSpecification","valueRequired":true,"valueName":"search_term_string"}}],"inLanguage":"es"},{"@type":"Organization","@id":"https:\/\/kalot.com.mx\/site\/#organization","name":"Kalot","url":"https:\/\/kalot.com.mx\/site\/","logo":{"@type":"ImageObject","inLanguage":"es","@id":"https:\/\/kalot.com.mx\/site\/#\/schema\/logo\/image\/","url":"https:\/\/i0.wp.com\/kalot.com.mx\/site\/wp-content\/uploads\/2020\/04\/Kalot-logo-sin-tagline.png?fit=1707%2C1014&ssl=1","contentUrl":"https:\/\/i0.wp.com\/kalot.com.mx\/site\/wp-content\/uploads\/2020\/04\/Kalot-logo-sin-tagline.png?fit=1707%2C1014&ssl=1","width":1707,"height":1014,"caption":"Kalot"},"image":{"@id":"https:\/\/kalot.com.mx\/site\/#\/schema\/logo\/image\/"},"sameAs":["http:\/\/facebook.com\/mxkalot","https:\/\/x.com\/kalotmx","http:\/\/instagram.com\/kalotmx","http:\/\/pinterest.com\/jorgeerana\/kalot"]},{"@type":"Person","@id":"https:\/\/kalot.com.mx\/site\/#\/schema\/person\/1bf32c47ee15104d1e824350c07ac220","name":"Omar Herrera","image":{"@type":"ImageObject","inLanguage":"es","@id":"https:\/\/secure.gravatar.com\/avatar\/ae84de016d43d093bed40799c6d19430bc23d65401e1d68c9afab71da0688278?s=96&d=mm&r=g","url":"https:\/\/secure.gravatar.com\/avatar\/ae84de016d43d093bed40799c6d19430bc23d65401e1d68c9afab71da0688278?s=96&d=mm&r=g","contentUrl":"https:\/\/secure.gravatar.com\/avatar\/ae84de016d43d093bed40799c6d19430bc23d65401e1d68c9afab71da0688278?s=96&d=mm&r=g","caption":"Omar Herrera"},"description":"Si mi vida se resumiera en una pel\u00edcula, ser\u00eda en una dirigida por Woody Allen. Licenciado en Ciencias y T\u00e9cnicas de la Comunicaci\u00f3n.","sameAs":["http:\/\/www.linkedin.com\/pub\/omar-vargas-herrera\/8a\/792\/288","https:\/\/www.facebook.com\/don.capu","https:\/\/x.com\/thedoncapu"],"url":"https:\/\/kalot.com.mx\/site\/author\/doncapu\/"}]}},"jetpack_publicize_connections":[],"jetpack_featured_media_url":"https:\/\/i0.wp.com\/kalot.com.mx\/site\/wp-content\/uploads\/2013\/09\/tumblr_md35y6CzY01r2igm4o1_1280.jpg?fit=625%2C371&ssl=1","jetpack_shortlink":"https:\/\/wp.me\/p6IHEI-mj","jetpack-related-posts":[{"id":20354,"url":"https:\/\/kalot.com.mx\/site\/2015\/02\/09\/better-call-saul-episodio-uno-resena\/","url_meta":{"origin":1383,"position":0},"title":"Better Call Saul: Episodio Uno [Rese\u00f1a]","author":"Carlos Ru\u00edz Mtz","date":"9 febrero, 2015","format":false,"excerpt":"Hablar de Breaking Bad es hablar de uno de los mejores dramas\u00a0de la TV en los \u00faltimos tiempos, que pasar\u00e1 a la historia como serie de culto al nivel de Lost o Law and Order. Este \u00e9xito gener\u00f3 una oleada de fans incondicionales, que esperaban algo m\u00e1s de las aventuras\u2026","rel":"","context":"Entrada similar ","block_context":{"text":"Entrada similar ","link":""},"img":{"alt_text":"","src":"https:\/\/i0.wp.com\/kalot.com.mx\/site\/wp-content\/uploads\/2015\/02\/better-call-saul.jpg?fit=1024%2C502&ssl=1&resize=350%2C200","width":350,"height":200,"srcset":"https:\/\/i0.wp.com\/kalot.com.mx\/site\/wp-content\/uploads\/2015\/02\/better-call-saul.jpg?fit=1024%2C502&ssl=1&resize=350%2C200 1x, https:\/\/i0.wp.com\/kalot.com.mx\/site\/wp-content\/uploads\/2015\/02\/better-call-saul.jpg?fit=1024%2C502&ssl=1&resize=525%2C300 1.5x, https:\/\/i0.wp.com\/kalot.com.mx\/site\/wp-content\/uploads\/2015\/02\/better-call-saul.jpg?fit=1024%2C502&ssl=1&resize=700%2C400 2x"},"classes":[]},{"id":1836,"url":"https:\/\/kalot.com.mx\/site\/2013\/09\/17\/walking-dead-tendra-spinoff\/","url_meta":{"origin":1383,"position":1},"title":"The Walking Dead tendr\u00e1 spinoff","author":"Omar Herrera","date":"17 septiembre, 2013","format":false,"excerpt":"Al parecer de un tiempo para ac\u00e1, en las series (Breaking Bad con Better Call Saul!) o pel\u00edculas (The Avengers con Marvel: Agents Of S.H.I.E.L.D.) se ha vuelto una tendencia el realizar shows a partir de materiales originales mostrados ya en pantalla (\u201ccompanion series\u201d o \u201cspinoff\u201d).\u00a0Pues recientemente AMC ha anunciado\u2026","rel":"","context":"Entrada similar ","block_context":{"text":"Entrada similar ","link":""},"img":{"alt_text":"","src":"https:\/\/i0.wp.com\/kalot.com.mx\/site\/wp-content\/uploads\/2013\/09\/549467_643526179006877_635551834_n.jpg?fit=640%2C406&ssl=1&resize=350%2C200","width":350,"height":200,"srcset":"https:\/\/i0.wp.com\/kalot.com.mx\/site\/wp-content\/uploads\/2013\/09\/549467_643526179006877_635551834_n.jpg?fit=640%2C406&ssl=1&resize=350%2C200 1x, https:\/\/i0.wp.com\/kalot.com.mx\/site\/wp-content\/uploads\/2013\/09\/549467_643526179006877_635551834_n.jpg?fit=640%2C406&ssl=1&resize=525%2C300 1.5x"},"classes":[]},{"id":2133,"url":"https:\/\/kalot.com.mx\/site\/2013\/09\/22\/el-punto-de-vista-de-breaking-bad\/","url_meta":{"origin":1383,"position":2},"title":"El &#8220;Punto de Vista&#8221; de Breaking Bad","author":"Omar Herrera","date":"22 septiembre, 2013","format":false,"excerpt":"El Point Of View (tambi\u00e9n llamado POV) es una t\u00e9cnica de \u00e1ngulo de c\u00e1mara frecuentemente utilizada en cine y televisi\u00f3n en el cu\u00e1l se puede visualizar lo que el personaje (sujeto) est\u00e1 viendo (representado a trav\u00e9s de la c\u00e1mara). \u00c9sta t\u00e9cnica usualmente se posiciona entre el personaje mirando hacia el\u2026","rel":"","context":"Con 1 comentario","block_context":{"text":"Con 1 comentario","link":"https:\/\/kalot.com.mx\/site\/2013\/09\/22\/el-punto-de-vista-de-breaking-bad\/#comments"},"img":{"alt_text":"","src":"https:\/\/i0.wp.com\/kalot.com.mx\/site\/wp-content\/uploads\/2013\/09\/breaking-bad-sjove-facts.jpg?fit=1000%2C400&ssl=1&resize=350%2C200","width":350,"height":200,"srcset":"https:\/\/i0.wp.com\/kalot.com.mx\/site\/wp-content\/uploads\/2013\/09\/breaking-bad-sjove-facts.jpg?fit=1000%2C400&ssl=1&resize=350%2C200 1x, https:\/\/i0.wp.com\/kalot.com.mx\/site\/wp-content\/uploads\/2013\/09\/breaking-bad-sjove-facts.jpg?fit=1000%2C400&ssl=1&resize=525%2C300 1.5x, https:\/\/i0.wp.com\/kalot.com.mx\/site\/wp-content\/uploads\/2013\/09\/breaking-bad-sjove-facts.jpg?fit=1000%2C400&ssl=1&resize=700%2C400 2x"},"classes":[]},{"id":2692,"url":"https:\/\/kalot.com.mx\/site\/2013\/09\/30\/que-ver-despues-de-breaking-bad\/","url_meta":{"origin":1383,"position":3},"title":"\u00bfQu\u00e9 ver despu\u00e9s de Breaking Bad?","author":"Juan P\u00e9rez","date":"30 septiembre, 2013","format":false,"excerpt":"El d\u00eda de ayer concluy\u00f3 una de las mejores series de todos los tiempos con uno de los finales mejor elaborados de la historia. La pregunta es \u00bf Qu\u00e9 sigue? Es dif\u00edcil pensar que alguna serie pueda superar lo hecho por Vince Gilligan pero me parece que es un gran\u2026","rel":"","context":"En &quot;Sin categor\u00eda&quot;","block_context":{"text":"Sin categor\u00eda","link":"https:\/\/kalot.com.mx\/site\/category\/sin-categoria\/"},"img":{"alt_text":"","src":"https:\/\/i0.wp.com\/kalot.com.mx\/site\/wp-content\/uploads\/2013\/09\/26103_breaking_bad_jesse_and_walter_chilling_on_sofa.jpg?fit=1200%2C675&ssl=1&resize=350%2C200","width":350,"height":200,"srcset":"https:\/\/i0.wp.com\/kalot.com.mx\/site\/wp-content\/uploads\/2013\/09\/26103_breaking_bad_jesse_and_walter_chilling_on_sofa.jpg?fit=1200%2C675&ssl=1&resize=350%2C200 1x, https:\/\/i0.wp.com\/kalot.com.mx\/site\/wp-content\/uploads\/2013\/09\/26103_breaking_bad_jesse_and_walter_chilling_on_sofa.jpg?fit=1200%2C675&ssl=1&resize=525%2C300 1.5x, https:\/\/i0.wp.com\/kalot.com.mx\/site\/wp-content\/uploads\/2013\/09\/26103_breaking_bad_jesse_and_walter_chilling_on_sofa.jpg?fit=1200%2C675&ssl=1&resize=700%2C400 2x, https:\/\/i0.wp.com\/kalot.com.mx\/site\/wp-content\/uploads\/2013\/09\/26103_breaking_bad_jesse_and_walter_chilling_on_sofa.jpg?fit=1200%2C675&ssl=1&resize=1050%2C600 3x"},"classes":[]},{"id":897,"url":"https:\/\/kalot.com.mx\/site\/2013\/09\/06\/breaking-bad-entra-a-los-records-guinness\/","url_meta":{"origin":1383,"position":4},"title":"Breaking Bad entra a los R\u00e9cords Guinness","author":"Jorge Era\u00f1a","date":"6 septiembre, 2013","format":false,"excerpt":"As\u00ed como lo leen mis queridos Kalochos y Kalochas,\u00a0Breaking Bad\u00a0acaba de entrar en el libro\u00a0Guinness World Records 2014\u00a0. La serie deAMC\u00a0gano el premio a la serie de televisi\u00f3n Mejor Evaluada de la historia, con una calificaci\u00f3n de 99\/100 de los cr\u00edticos de Metacritic. Metacritic es un sitio que califica y\u2026","rel":"","context":"En &quot;Sin categor\u00eda&quot;","block_context":{"text":"Sin categor\u00eda","link":"https:\/\/kalot.com.mx\/site\/category\/sin-categoria\/"},"img":{"alt_text":"","src":"https:\/\/i0.wp.com\/kalot.com.mx\/site\/wp-content\/uploads\/2013\/09\/Season_5_banner.jpg?fit=640%2C360&ssl=1&resize=350%2C200","width":350,"height":200,"srcset":"https:\/\/i0.wp.com\/kalot.com.mx\/site\/wp-content\/uploads\/2013\/09\/Season_5_banner.jpg?fit=640%2C360&ssl=1&resize=350%2C200 1x, https:\/\/i0.wp.com\/kalot.com.mx\/site\/wp-content\/uploads\/2013\/09\/Season_5_banner.jpg?fit=640%2C360&ssl=1&resize=525%2C300 1.5x"},"classes":[]},{"id":11308,"url":"https:\/\/kalot.com.mx\/site\/2014\/02\/08\/todo-sobre-el-regreso-de-walking-dead\/","url_meta":{"origin":1383,"position":5},"title":"Todo sobre el regreso de The Walking Dead.","author":"Gustavo Elizarrar\u00e1s","date":"8 febrero, 2014","format":false,"excerpt":"\u00a0 La segunda parte de la cuarta temporada de \u2018The Walking Dead\u2019 se estrenar\u00e1 este domingo 9 de febrero para deleite de sus millones de fan\u00e1ticos en todo el mundo.\u00a0La serie ficci\u00f3n, basada en el c\u00f3mic hom\u00f3nimo de Robert Kirkman, mostrar\u00e1 la verdad obre uno de los grandes misterios de\u2026","rel":"","context":"En &quot;Sin categor\u00eda&quot;","block_context":{"text":"Sin categor\u00eda","link":"https:\/\/kalot.com.mx\/site\/category\/sin-categoria\/"},"img":{"alt_text":"","src":"https:\/\/i0.wp.com\/kalot.com.mx\/site\/wp-content\/uploads\/2014\/02\/20650993.jpg?fit=640%2C256&ssl=1&resize=350%2C200","width":350,"height":200,"srcset":"https:\/\/i0.wp.com\/kalot.com.mx\/site\/wp-content\/uploads\/2014\/02\/20650993.jpg?fit=640%2C256&ssl=1&resize=350%2C200 1x, https:\/\/i0.wp.com\/kalot.com.mx\/site\/wp-content\/uploads\/2014\/02\/20650993.jpg?fit=640%2C256&ssl=1&resize=525%2C300 1.5x"},"classes":[]}],"jetpack_sharing_enabled":true,"_links":{"self":[{"href":"https:\/\/kalot.com.mx\/site\/wp-json\/wp\/v2\/posts\/1383","targetHints":{"allow":["GET"]}}],"collection":[{"href":"https:\/\/kalot.com.mx\/site\/wp-json\/wp\/v2\/posts"}],"about":[{"href":"https:\/\/kalot.com.mx\/site\/wp-json\/wp\/v2\/types\/post"}],"author":[{"embeddable":true,"href":"https:\/\/kalot.com.mx\/site\/wp-json\/wp\/v2\/users\/18"}],"replies":[{"embeddable":true,"href":"https:\/\/kalot.com.mx\/site\/wp-json\/wp\/v2\/comments?post=1383"}],"version-history":[{"count":0,"href":"https:\/\/kalot.com.mx\/site\/wp-json\/wp\/v2\/posts\/1383\/revisions"}],"wp:featuredmedia":[{"embeddable":true,"href":"https:\/\/kalot.com.mx\/site\/wp-json\/wp\/v2\/media\/1385"}],"wp:attachment":[{"href":"https:\/\/kalot.com.mx\/site\/wp-json\/wp\/v2\/media?parent=1383"}],"wp:term":[{"taxonomy":"category","embeddable":true,"href":"https:\/\/kalot.com.mx\/site\/wp-json\/wp\/v2\/categories?post=1383"},{"taxonomy":"post_tag","embeddable":true,"href":"https:\/\/kalot.com.mx\/site\/wp-json\/wp\/v2\/tags?post=1383"}],"curies":[{"name":"wp","href":"https:\/\/api.w.org\/{rel}","templated":true}]}}