{"id":13801,"date":"2014-03-23T20:05:01","date_gmt":"2014-03-24T02:05:01","guid":{"rendered":"http:\/\/www.kalot.com.mx\/?p=13801"},"modified":"2014-03-23T15:40:35","modified_gmt":"2014-03-23T21:40:35","slug":"mas-gaga-que-nunca-g-u-y","status":"publish","type":"post","link":"https:\/\/kalot.com.mx\/site\/2014\/03\/23\/mas-gaga-que-nunca-g-u-y\/","title":{"rendered":"M\u00e1s Gaga que nunca: G.U.Y"},"content":{"rendered":"<p style=\"text-align: justify\">Cuando pensaba que ya hab\u00eda sido que su mejor momento, que se convert\u00eda en historia lenta pero gradualmente, Lady Gaga vuelve a la escena musical m\u00e1s desafiante que nunca.<\/p>\n<p style=\"text-align: justify\">El nuevo v\u00eddeo o mejor dicho cortometraje del sencillo \u201cG.U.Y\u201d desprendido de su m\u00e1s reciente producci\u00f3n discogr\u00e1fica Artpop lanzado a finales del a\u00f1o pasado nos trae a una \u201cangelical\u201d Lady Gaga herida con una flecha que despu\u00e9s de arrastrarse y llegar a lo que parece una mansi\u00f3n es reconstruida y renace mejorada y redise\u00f1ada \u00bfUna alegor\u00eda a su vida personal? O_o<\/p>\n<p style=\"text-align: justify\">Mi opini\u00f3n del v\u00eddeo es que propone y se reinventa cada vez m\u00e1s, no s\u00e9 mucho de la industria de los v\u00eddeos pero yo nunca hab\u00eda visto que una cantante pusiera en uno solo tres de sus canciones.<\/p>\n<p style=\"text-align: justify\">\u00bfHabr\u00e1 pol\u00e9mica? Claro, y seguramente es lo que quiere, ella y su equipo detr\u00e1s del v\u00eddeo.<\/p>\n<p style=\"text-align: justify\">En el momento en que \u201crevive\u201d a lo que podr\u00eda etiquetar como reyes de distintos \u00e1mbitos (todos ellos conocidos) supe que estar\u00edamos hablando de este v\u00eddeo por m\u00e1s de una semana.<\/p>\n<p style=\"text-align: justify\">Aqu\u00ed dejo el corto aunque no es tan largo como parece ya que cuatro minutos del final son puros cr\u00e9ditos.<\/p>\n<p style=\"text-align: justify\">A m\u00ed me gust\u00f3 v\u00e9anlo y opinen.<\/p>\n<p><span class=\"embed-youtube\" style=\"text-align:center; display: block;\"><iframe class=\"youtube-player\" width=\"1200\" height=\"675\" src=\"https:\/\/www.youtube.com\/embed\/PNu_-deVemE?version=3&#038;rel=1&#038;showsearch=0&#038;showinfo=1&#038;iv_load_policy=1&#038;fs=1&#038;hl=es-MX&#038;autohide=2&#038;wmode=transparent\" allowfullscreen=\"true\" style=\"border:0;\" sandbox=\"allow-scripts allow-same-origin allow-popups allow-presentation allow-popups-to-escape-sandbox\"><\/iframe><\/span><\/p>\n","protected":false},"excerpt":{"rendered":"Cuando pensaba que ya hab\u00eda sido que su mejor momento, que se convert\u00eda en historia lenta pero gradualmente,&hellip;\n","protected":false},"author":51,"featured_media":13802,"comment_status":"open","ping_status":"open","sticky":false,"template":"","format":"standard","meta":{"jetpack_post_was_ever_published":false,"_jetpack_newsletter_access":"","_jetpack_dont_email_post_to_subs":false,"_jetpack_newsletter_tier_id":0,"_jetpack_memberships_contains_paywalled_content":false,"_jetpack_memberships_contains_paid_content":false,"footnotes":"","jetpack_publicize_message":"","jetpack_publicize_feature_enabled":true,"jetpack_social_post_already_shared":true,"jetpack_social_options":{"image_generator_settings":{"template":"highway","default_image_id":0,"font":"","enabled":false},"version":2}},"categories":[],"tags":[],"class_list":{"0":"post-13801","1":"post","2":"type-post","3":"status-publish","4":"format-standard","5":"has-post-thumbnail","7":"cs-entry","8":"cs-video-wrap"},"yoast_head":"<!-- This site is optimized with the Yoast SEO plugin v27.5 - https:\/\/yoast.com\/product\/yoast-seo-wordpress\/ -->\n<title>M\u00e1s Gaga que nunca: G.U.Y - Kalot<\/title>\n<meta name=\"description\" content=\"Cuando pensaba que ya hab\u00eda sido que su mejor momento, que se convert\u00eda en historia lenta pero gradualmente, Lady Gaga vuelve a la escena musical m\u00e1s\" \/>\n<meta name=\"robots\" content=\"index, follow, max-snippet:-1, max-image-preview:large, max-video-preview:-1\" \/>\n<link rel=\"canonical\" href=\"https:\/\/kalot.com.mx\/site\/2014\/03\/23\/mas-gaga-que-nunca-g-u-y\/\" \/>\n<meta property=\"og:locale\" content=\"es_MX\" \/>\n<meta property=\"og:type\" content=\"article\" \/>\n<meta property=\"og:title\" content=\"M\u00e1s Gaga que nunca: G.U.Y - Kalot\" \/>\n<meta property=\"og:description\" content=\"Cuando pensaba que ya hab\u00eda sido que su mejor momento, que se convert\u00eda en historia lenta pero gradualmente, Lady Gaga vuelve a la escena musical m\u00e1s\" \/>\n<meta property=\"og:url\" content=\"https:\/\/kalot.com.mx\/site\/2014\/03\/23\/mas-gaga-que-nunca-g-u-y\/\" \/>\n<meta property=\"og:site_name\" content=\"Kalot\" \/>\n<meta property=\"article:publisher\" content=\"http:\/\/facebook.com\/mxkalot\" \/>\n<meta property=\"article:published_time\" content=\"2014-03-24T02:05:01+00:00\" \/>\n<meta property=\"og:image\" content=\"https:\/\/i0.wp.com\/kalot.com.mx\/site\/wp-content\/uploads\/2014\/03\/GUY-gaga.jpg?fit=1600%2C824&ssl=1\" \/>\n\t<meta property=\"og:image:width\" content=\"1600\" \/>\n\t<meta property=\"og:image:height\" content=\"824\" \/>\n\t<meta property=\"og:image:type\" content=\"image\/jpeg\" \/>\n<meta name=\"author\" content=\"Ivan Mendez\" \/>\n<meta name=\"twitter:card\" content=\"summary_large_image\" \/>\n<meta name=\"twitter:creator\" content=\"@kalotmx\" \/>\n<meta name=\"twitter:site\" content=\"@kalotmx\" \/>\n<meta name=\"twitter:label1\" content=\"Escrito por\" \/>\n\t<meta name=\"twitter:data1\" content=\"Ivan Mendez\" \/>\n\t<meta name=\"twitter:label2\" content=\"Tiempo de lectura\" \/>\n\t<meta name=\"twitter:data2\" content=\"1 minuto\" \/>\n<!-- \/ Yoast SEO plugin. -->","yoast_head_json":{"title":"M\u00e1s Gaga que nunca: G.U.Y - Kalot","description":"Cuando pensaba que ya hab\u00eda sido que su mejor momento, que se convert\u00eda en historia lenta pero gradualmente, Lady Gaga vuelve a la escena musical m\u00e1s","robots":{"index":"index","follow":"follow","max-snippet":"max-snippet:-1","max-image-preview":"max-image-preview:large","max-video-preview":"max-video-preview:-1"},"canonical":"https:\/\/kalot.com.mx\/site\/2014\/03\/23\/mas-gaga-que-nunca-g-u-y\/","og_locale":"es_MX","og_type":"article","og_title":"M\u00e1s Gaga que nunca: G.U.Y - Kalot","og_description":"Cuando pensaba que ya hab\u00eda sido que su mejor momento, que se convert\u00eda en historia lenta pero gradualmente, Lady Gaga vuelve a la escena musical m\u00e1s","og_url":"https:\/\/kalot.com.mx\/site\/2014\/03\/23\/mas-gaga-que-nunca-g-u-y\/","og_site_name":"Kalot","article_publisher":"http:\/\/facebook.com\/mxkalot","article_published_time":"2014-03-24T02:05:01+00:00","og_image":[{"width":1600,"height":824,"url":"https:\/\/i0.wp.com\/kalot.com.mx\/site\/wp-content\/uploads\/2014\/03\/GUY-gaga.jpg?fit=1600%2C824&ssl=1","type":"image\/jpeg"}],"author":"Ivan Mendez","twitter_card":"summary_large_image","twitter_creator":"@kalotmx","twitter_site":"@kalotmx","twitter_misc":{"Escrito por":"Ivan Mendez","Tiempo de lectura":"1 minuto"},"schema":{"@context":"https:\/\/schema.org","@graph":[{"@type":"Article","@id":"https:\/\/kalot.com.mx\/site\/2014\/03\/23\/mas-gaga-que-nunca-g-u-y\/#article","isPartOf":{"@id":"https:\/\/kalot.com.mx\/site\/2014\/03\/23\/mas-gaga-que-nunca-g-u-y\/"},"author":{"name":"Ivan Mendez","@id":"https:\/\/kalot.com.mx\/site\/#\/schema\/person\/444a91ecc3b075ab573ff515d7f6d6e3"},"headline":"M\u00e1s Gaga que nunca: G.U.Y","datePublished":"2014-03-24T02:05:01+00:00","mainEntityOfPage":{"@id":"https:\/\/kalot.com.mx\/site\/2014\/03\/23\/mas-gaga-que-nunca-g-u-y\/"},"wordCount":247,"commentCount":0,"publisher":{"@id":"https:\/\/kalot.com.mx\/site\/#organization"},"image":{"@id":"https:\/\/kalot.com.mx\/site\/2014\/03\/23\/mas-gaga-que-nunca-g-u-y\/#primaryimage"},"thumbnailUrl":"https:\/\/i0.wp.com\/kalot.com.mx\/site\/wp-content\/uploads\/2014\/03\/GUY-gaga.jpg?fit=1600%2C824&ssl=1","inLanguage":"es","potentialAction":[{"@type":"CommentAction","name":"Comment","target":["https:\/\/kalot.com.mx\/site\/2014\/03\/23\/mas-gaga-que-nunca-g-u-y\/#respond"]}]},{"@type":"WebPage","@id":"https:\/\/kalot.com.mx\/site\/2014\/03\/23\/mas-gaga-que-nunca-g-u-y\/","url":"https:\/\/kalot.com.mx\/site\/2014\/03\/23\/mas-gaga-que-nunca-g-u-y\/","name":"M\u00e1s Gaga que nunca: G.U.Y - Kalot","isPartOf":{"@id":"https:\/\/kalot.com.mx\/site\/#website"},"primaryImageOfPage":{"@id":"https:\/\/kalot.com.mx\/site\/2014\/03\/23\/mas-gaga-que-nunca-g-u-y\/#primaryimage"},"image":{"@id":"https:\/\/kalot.com.mx\/site\/2014\/03\/23\/mas-gaga-que-nunca-g-u-y\/#primaryimage"},"thumbnailUrl":"https:\/\/i0.wp.com\/kalot.com.mx\/site\/wp-content\/uploads\/2014\/03\/GUY-gaga.jpg?fit=1600%2C824&ssl=1","datePublished":"2014-03-24T02:05:01+00:00","description":"Cuando pensaba que ya hab\u00eda sido que su mejor momento, que se convert\u00eda en historia lenta pero gradualmente, Lady Gaga vuelve a la escena musical m\u00e1s","breadcrumb":{"@id":"https:\/\/kalot.com.mx\/site\/2014\/03\/23\/mas-gaga-que-nunca-g-u-y\/#breadcrumb"},"inLanguage":"es","potentialAction":[{"@type":"ReadAction","target":["https:\/\/kalot.com.mx\/site\/2014\/03\/23\/mas-gaga-que-nunca-g-u-y\/"]}]},{"@type":"ImageObject","inLanguage":"es","@id":"https:\/\/kalot.com.mx\/site\/2014\/03\/23\/mas-gaga-que-nunca-g-u-y\/#primaryimage","url":"https:\/\/i0.wp.com\/kalot.com.mx\/site\/wp-content\/uploads\/2014\/03\/GUY-gaga.jpg?fit=1600%2C824&ssl=1","contentUrl":"https:\/\/i0.wp.com\/kalot.com.mx\/site\/wp-content\/uploads\/2014\/03\/GUY-gaga.jpg?fit=1600%2C824&ssl=1","width":1600,"height":824},{"@type":"BreadcrumbList","@id":"https:\/\/kalot.com.mx\/site\/2014\/03\/23\/mas-gaga-que-nunca-g-u-y\/#breadcrumb","itemListElement":[{"@type":"ListItem","position":1,"name":"Home","item":"https:\/\/kalot.com.mx\/site\/"},{"@type":"ListItem","position":2,"name":"M\u00e1s Gaga que nunca: G.U.Y"}]},{"@type":"WebSite","@id":"https:\/\/kalot.com.mx\/site\/#website","url":"https:\/\/kalot.com.mx\/site\/","name":"Kalot","description":"Conoce Todo Sobre Todo","publisher":{"@id":"https:\/\/kalot.com.mx\/site\/#organization"},"potentialAction":[{"@type":"SearchAction","target":{"@type":"EntryPoint","urlTemplate":"https:\/\/kalot.com.mx\/site\/?s={search_term_string}"},"query-input":{"@type":"PropertyValueSpecification","valueRequired":true,"valueName":"search_term_string"}}],"inLanguage":"es"},{"@type":"Organization","@id":"https:\/\/kalot.com.mx\/site\/#organization","name":"Kalot","url":"https:\/\/kalot.com.mx\/site\/","logo":{"@type":"ImageObject","inLanguage":"es","@id":"https:\/\/kalot.com.mx\/site\/#\/schema\/logo\/image\/","url":"https:\/\/i0.wp.com\/kalot.com.mx\/site\/wp-content\/uploads\/2020\/04\/Kalot-logo-sin-tagline.png?fit=1707%2C1014&ssl=1","contentUrl":"https:\/\/i0.wp.com\/kalot.com.mx\/site\/wp-content\/uploads\/2020\/04\/Kalot-logo-sin-tagline.png?fit=1707%2C1014&ssl=1","width":1707,"height":1014,"caption":"Kalot"},"image":{"@id":"https:\/\/kalot.com.mx\/site\/#\/schema\/logo\/image\/"},"sameAs":["http:\/\/facebook.com\/mxkalot","https:\/\/x.com\/kalotmx","http:\/\/instagram.com\/kalotmx","http:\/\/pinterest.com\/jorgeerana\/kalot"]},{"@type":"Person","@id":"https:\/\/kalot.com.mx\/site\/#\/schema\/person\/444a91ecc3b075ab573ff515d7f6d6e3","name":"Ivan Mendez","image":{"@type":"ImageObject","inLanguage":"es","@id":"https:\/\/secure.gravatar.com\/avatar\/d3590cbb14ecd120bf7a8d9b0ab9a1dae9b2aab34a41a577b5288298a4d08e36?s=96&d=mm&r=g","url":"https:\/\/secure.gravatar.com\/avatar\/d3590cbb14ecd120bf7a8d9b0ab9a1dae9b2aab34a41a577b5288298a4d08e36?s=96&d=mm&r=g","contentUrl":"https:\/\/secure.gravatar.com\/avatar\/d3590cbb14ecd120bf7a8d9b0ab9a1dae9b2aab34a41a577b5288298a4d08e36?s=96&d=mm&r=g","caption":"Ivan Mendez"},"url":"https:\/\/kalot.com.mx\/site\/author\/ivan\/"}]}},"jetpack_publicize_connections":[],"jetpack_featured_media_url":"https:\/\/i0.wp.com\/kalot.com.mx\/site\/wp-content\/uploads\/2014\/03\/GUY-gaga.jpg?fit=1600%2C824&ssl=1","jetpack_shortlink":"https:\/\/wp.me\/p6IHEI-3AB","jetpack-related-posts":[{"id":6755,"url":"https:\/\/kalot.com.mx\/site\/2013\/11\/19\/artpop-lady-gaga\/","url_meta":{"origin":13801,"position":0},"title":"EL ARTE DE GAGA","author":"Ivan Mendez","date":"19 noviembre, 2013","format":false,"excerpt":"Lo nuevo de la autonombrada madre monstruo ya est\u00e1 en las tiendas desde el pasado 11 de Noviembre y promete ser uno de los discos m\u00e1s recordados de lo que queda del a\u00f1o, con todo y la gira que lo acompa\u00f1a. \u00bfCopia de Madonna? No lo s\u00e9, tal vez si\u2026","rel":"","context":"Entrada similar ","block_context":{"text":"Entrada similar ","link":""},"img":{"alt_text":"","src":"https:\/\/i0.wp.com\/kalot.com.mx\/site\/wp-content\/uploads\/2013\/11\/BV_ag3xCEAAWNsx.jpg?fit=600%2C600&ssl=1&resize=350%2C200","width":350,"height":200,"srcset":"https:\/\/i0.wp.com\/kalot.com.mx\/site\/wp-content\/uploads\/2013\/11\/BV_ag3xCEAAWNsx.jpg?fit=600%2C600&ssl=1&resize=350%2C200 1x, https:\/\/i0.wp.com\/kalot.com.mx\/site\/wp-content\/uploads\/2013\/11\/BV_ag3xCEAAWNsx.jpg?fit=600%2C600&ssl=1&resize=525%2C300 1.5x"},"classes":[]},{"id":174,"url":"https:\/\/kalot.com.mx\/site\/2013\/09\/03\/abramovic-pop\/","url_meta":{"origin":13801,"position":1},"title":"Abramovi\u0107 Pop","author":"Gabriel Esparza","date":"3 septiembre, 2013","format":false,"excerpt":"Marina Abramovi\u0107 define el arte perform\u00e1tico como una disciplina que \"tiene una estructura f\u00edsica y mental a la que el artista entra, en un tiempo y lugar fijados, frente a una audiencia. En este punto, el di\u00e1logo de energ\u00edas comienza.\" Profundo, \u00bfEh? Eso es lo que dice en la web\u2026","rel":"","context":"En &quot;Sin categor\u00eda&quot;","block_context":{"text":"Sin categor\u00eda","link":"https:\/\/kalot.com.mx\/site\/category\/sin-categoria\/"},"img":{"alt_text":"","src":"https:\/\/i0.wp.com\/kalot.com.mx\/site\/wp-content\/uploads\/2013\/09\/marina-givenchy.jpg?fit=480%2C626&ssl=1&resize=350%2C200","width":350,"height":200},"classes":[]},{"id":774,"url":"https:\/\/kalot.com.mx\/site\/2013\/09\/05\/el-estreno-de-machete-kills-en-mexico\/","url_meta":{"origin":13801,"position":2},"title":"El estreno de Machete kills en M\u00e9xico","author":"Misael Gallegos","date":"5 septiembre, 2013","format":false,"excerpt":"La segunda entrega de este t\u00edtulo que nos regala el director (entre otras cosas) Robert Rodrigez la cual es interpretada por Danny Trejo que tal vez recordaran en pel\u00edculas como la trilog\u00eda de Mini esp\u00edas, Del crep\u00fasculo al amanecer, Anaconda, Erase una vez en M\u00e9xico, por supuesto Machete entre otras\u2026","rel":"","context":"Entrada similar ","block_context":{"text":"Entrada similar ","link":""},"img":{"alt_text":"","src":"https:\/\/i0.wp.com\/kalot.com.mx\/site\/wp-content\/uploads\/2013\/09\/1234723_505164649568306_1998075626_n.jpg?fit=648%2C960&ssl=1&resize=350%2C200","width":350,"height":200,"srcset":"https:\/\/i0.wp.com\/kalot.com.mx\/site\/wp-content\/uploads\/2013\/09\/1234723_505164649568306_1998075626_n.jpg?fit=648%2C960&ssl=1&resize=350%2C200 1x, https:\/\/i0.wp.com\/kalot.com.mx\/site\/wp-content\/uploads\/2013\/09\/1234723_505164649568306_1998075626_n.jpg?fit=648%2C960&ssl=1&resize=525%2C300 1.5x"},"classes":[]},{"id":3024,"url":"https:\/\/kalot.com.mx\/site\/2013\/10\/02\/youtube-music-awards-musica-youtube\/","url_meta":{"origin":13801,"position":3},"title":"YouTube Music Awards #M\u00fasica @YouTube","author":"K. Max","date":"2 octubre, 2013","format":false,"excerpt":"YouTube, una de las m\u00e1s grandes redes sociales, ha lanzado un concepto relativamente nuevo, y digo relativamente porque ya todo mundo ofrece los awards o premios en recompensa por ser el m\u00e1s\/mejor (inserte algo), ahora lo innovador ser\u00e1 que los ganadores se elegir\u00e1n de acuerdo al mayor n\u00famero de veces\u2026","rel":"","context":"Entrada similar ","block_context":{"text":"Entrada similar ","link":""},"img":{"alt_text":"","src":"https:\/\/i0.wp.com\/kalot.com.mx\/site\/wp-content\/uploads\/2013\/10\/trophy_youtube.jpg?fit=1024%2C768&ssl=1&resize=350%2C200","width":350,"height":200,"srcset":"https:\/\/i0.wp.com\/kalot.com.mx\/site\/wp-content\/uploads\/2013\/10\/trophy_youtube.jpg?fit=1024%2C768&ssl=1&resize=350%2C200 1x, https:\/\/i0.wp.com\/kalot.com.mx\/site\/wp-content\/uploads\/2013\/10\/trophy_youtube.jpg?fit=1024%2C768&ssl=1&resize=525%2C300 1.5x, https:\/\/i0.wp.com\/kalot.com.mx\/site\/wp-content\/uploads\/2013\/10\/trophy_youtube.jpg?fit=1024%2C768&ssl=1&resize=700%2C400 2x"},"classes":[]},{"id":3156,"url":"https:\/\/kalot.com.mx\/site\/2013\/10\/04\/ediciones-limitadas-musica-ilimitada\/","url_meta":{"origin":13801,"position":4},"title":"Ediciones limitadas, m\u00fasica ilimitada","author":"Edgar Villanueva","date":"4 octubre, 2013","format":false,"excerpt":"Lanzar al mercado una edici\u00f3n limitada es una estrategia que tiene entre alguno de sus objetivos lograr la fidelizaci\u00f3n de los clientes actuales, o atraer \u00a0a nichos del mercado a los cuales resulte atractiva la edici\u00f3n especial (independientemente de si consumen el producto o no). Utilizar a alguna banda o\u2026","rel":"","context":"En &quot;Sin categor\u00eda&quot;","block_context":{"text":"Sin categor\u00eda","link":"https:\/\/kalot.com.mx\/site\/category\/sin-categoria\/"},"img":{"alt_text":"","src":"https:\/\/i0.wp.com\/kalot.com.mx\/site\/wp-content\/uploads\/2013\/10\/cc.jpg?fit=600%2C720&ssl=1&resize=350%2C200","width":350,"height":200,"srcset":"https:\/\/i0.wp.com\/kalot.com.mx\/site\/wp-content\/uploads\/2013\/10\/cc.jpg?fit=600%2C720&ssl=1&resize=350%2C200 1x, https:\/\/i0.wp.com\/kalot.com.mx\/site\/wp-content\/uploads\/2013\/10\/cc.jpg?fit=600%2C720&ssl=1&resize=525%2C300 1.5x"},"classes":[]},{"id":403,"url":"https:\/\/kalot.com.mx\/site\/2013\/09\/03\/itunes-festival-2013\/","url_meta":{"origin":13801,"position":5},"title":"Itunes Festival 2013","author":"Dulce Mireles","date":"3 septiembre, 2013","format":false,"excerpt":"\u201cSiempre hay un roto para un descosido\u201d \u201cPolos apuestos se atraen\u201d \u201cAmor apache\u201d y un sinf\u00edn de frases populares pueden hacernos creer que en las diferencias se encuentra la perfecci\u00f3n, pero siento decirles que todo es una mentira. Conozco una formula perfecta, la mejor relaci\u00f3n de todas, amor puro, es\u2026","rel":"","context":"Entrada similar ","block_context":{"text":"Entrada similar ","link":""},"img":{"alt_text":"itunes_festival_2013_banner","src":"https:\/\/i0.wp.com\/www.kalot.com.mx\/wp-content\/uploads\/2013\/09\/itunes_festival_2013_banner-300x196.jpg?resize=350%2C200","width":350,"height":200},"classes":[]}],"jetpack_sharing_enabled":true,"_links":{"self":[{"href":"https:\/\/kalot.com.mx\/site\/wp-json\/wp\/v2\/posts\/13801","targetHints":{"allow":["GET"]}}],"collection":[{"href":"https:\/\/kalot.com.mx\/site\/wp-json\/wp\/v2\/posts"}],"about":[{"href":"https:\/\/kalot.com.mx\/site\/wp-json\/wp\/v2\/types\/post"}],"author":[{"embeddable":true,"href":"https:\/\/kalot.com.mx\/site\/wp-json\/wp\/v2\/users\/51"}],"replies":[{"embeddable":true,"href":"https:\/\/kalot.com.mx\/site\/wp-json\/wp\/v2\/comments?post=13801"}],"version-history":[{"count":0,"href":"https:\/\/kalot.com.mx\/site\/wp-json\/wp\/v2\/posts\/13801\/revisions"}],"wp:featuredmedia":[{"embeddable":true,"href":"https:\/\/kalot.com.mx\/site\/wp-json\/wp\/v2\/media\/13802"}],"wp:attachment":[{"href":"https:\/\/kalot.com.mx\/site\/wp-json\/wp\/v2\/media?parent=13801"}],"wp:term":[{"taxonomy":"category","embeddable":true,"href":"https:\/\/kalot.com.mx\/site\/wp-json\/wp\/v2\/categories?post=13801"},{"taxonomy":"post_tag","embeddable":true,"href":"https:\/\/kalot.com.mx\/site\/wp-json\/wp\/v2\/tags?post=13801"}],"curies":[{"name":"wp","href":"https:\/\/api.w.org\/{rel}","templated":true}]}}