{"id":1380,"date":"2013-09-11T19:13:55","date_gmt":"2013-09-12T00:13:55","guid":{"rendered":"http:\/\/www.kalot.com.mx\/?p=1380"},"modified":"2013-09-11T19:13:55","modified_gmt":"2013-09-12T00:13:55","slug":"mis-razones-para-sonreir-vamos-sonreir-aunque-sea-por-economia","status":"publish","type":"post","link":"https:\/\/kalot.com.mx\/site\/2013\/09\/11\/mis-razones-para-sonreir-vamos-sonreir-aunque-sea-por-economia\/","title":{"rendered":"\u201cMis razones para sonre\u00edr\u201d Vamos a sonre\u00edr aunque sea por econom\u00eda"},"content":{"rendered":"<p style=\"text-align: justify\">\n<p style=\"text-align: justify\">La sonrisa es un gesto que hacemos naturalmente, sin embargo conforme vamos creciendo sonre\u00edmos menos. Y si supi\u00e9ramos que la alegr\u00eda es el gran secreto de un l\u00edder, ya que contagia esas ganas de vivir.<\/p>\n<p><a href=\"https:\/\/i0.wp.com\/www.kalot.com.mx\/wp-content\/uploads\/2013\/09\/sonrisa.jpg\"><img data-recalc-dims=\"1\" fetchpriority=\"high\" decoding=\"async\" data-attachment-id=\"1381\" data-permalink=\"https:\/\/kalot.com.mx\/site\/2013\/09\/11\/mis-razones-para-sonreir-vamos-sonreir-aunque-sea-por-economia\/sonrisa\/\" data-orig-file=\"https:\/\/i0.wp.com\/kalot.com.mx\/site\/wp-content\/uploads\/2013\/09\/sonrisa.jpg?fit=480%2C517&amp;ssl=1\" data-orig-size=\"480,517\" data-comments-opened=\"1\" data-image-meta=\"{&quot;aperture&quot;:&quot;0&quot;,&quot;credit&quot;:&quot;&quot;,&quot;camera&quot;:&quot;&quot;,&quot;caption&quot;:&quot;&quot;,&quot;created_timestamp&quot;:&quot;0&quot;,&quot;copyright&quot;:&quot;&quot;,&quot;focal_length&quot;:&quot;0&quot;,&quot;iso&quot;:&quot;0&quot;,&quot;shutter_speed&quot;:&quot;0&quot;,&quot;title&quot;:&quot;&quot;}\" data-image-title=\"sonrisa\" data-image-description=\"\" data-image-caption=\"\" data-large-file=\"https:\/\/i0.wp.com\/kalot.com.mx\/site\/wp-content\/uploads\/2013\/09\/sonrisa.jpg?fit=480%2C517&amp;ssl=1\" class=\"size-medium wp-image-1381 aligncenter\" alt=\"sonrisa\" src=\"https:\/\/i0.wp.com\/www.kalot.com.mx\/wp-content\/uploads\/2013\/09\/sonrisa-278x300.jpg?resize=278%2C300\" width=\"278\" height=\"300\" srcset=\"https:\/\/i0.wp.com\/kalot.com.mx\/site\/wp-content\/uploads\/2013\/09\/sonrisa.jpg?resize=278%2C300&amp;ssl=1 278w, https:\/\/i0.wp.com\/kalot.com.mx\/site\/wp-content\/uploads\/2013\/09\/sonrisa.jpg?w=480&amp;ssl=1 480w\" sizes=\"(max-width: 278px) 100vw, 278px\" \/><\/a><\/p>\n<p align=\"center\">&#8220;No hay ninguna cosa ser\u00eda que no pueda decirse con una sonrisa&#8221;\u00a0<strong><span style=\"color: #000080\">Alejandro Casona<\/span><\/strong><\/p>\n<p style=\"text-align: justify\">Una de las cosas m\u00e1s placenteras en la vida es re\u00edr, pero hay de risas a risas y no todas son sinceras. Hay algunas que son francas, otras contagiosas y hasta coquetas, pero hay otras que pueden ser ir\u00f3nicas, despectivas y sarc\u00e1sticas.<\/p>\n<p style=\"text-align: justify\">\n<p style=\"text-align: justify\">\n<p><strong>Reconociendo una sonrisa sincera\u2026.. <\/strong><\/p>\n<p style=\"text-align: justify\">Cuando una persona constantemente est\u00e1 sonriendo (pero me refiero a una sonrisa sincera) tendr\u00e1 en las comisuras de sus ojos eso que llamamos \u201cpatas de gallo\u201d. Esta se\u00f1al que a muchos no les gusta y algunos lo llevan a ver como algo no muy est\u00e9tico, demuestra una verdadera alegr\u00eda en el rostro.<\/p>\n<p style=\"text-align: justify\">Por lo tanto cuando\u00a0arruguen la nariz, achiquen los ojos, mostren los dientes, y en ocasiones hasta las enc\u00edas, son se\u00f1ales claves para reconocer que te est\u00e1n regalando una sonrisa perfecta y franca.<\/p>\n<p style=\"text-align: justify\">\n<p style=\"text-align: justify\"><strong>\u201cMis razones para sonre\u00edr\u201d<\/strong><\/p>\n<p style=\"text-align: justify\">\u00bfSab\u00edas qu\u00e9? Para sonre\u00edr necesitas mover solo 38 m\u00fasculos y para hacer un gesto de enojo 48 m\u00fasculos, y si a esto le sumas que, por cada minuto que est\u00e1s enojado pierdes 60 segundos de felicidad. Entonces vamos a sonre\u00edr aunque sea por econom\u00eda.<\/p>\n<p style=\"text-align: justify\">Te doy algunas de mis razones por las cuales considero que la gente debe sonre\u00edr, y estoy segura que no solo son 6. Si t\u00fa tienes alguna otra comp\u00e1rtemela para ir haciendo la lista m\u00e1s y m\u00e1s grande.<\/p>\n<p style=\"text-align: justify\"><strong>#1.<\/strong> Quita los sentimientos negativos<\/p>\n<p style=\"text-align: justify\"><strong>#2.<\/strong> Es la forma m\u00e1s econ\u00f3mica de mejorar tu imagen<\/p>\n<p style=\"text-align: justify\"><strong>#3.<\/strong> Es el signo visible para que muestres que tu alma est\u00e1 abierta de par en par<\/p>\n<p style=\"text-align: justify\"><strong>#4.<\/strong> Te permite\u00a0transmitir confianza, accesibilidad y aceptaci\u00f3n<\/p>\n<p style=\"text-align: justify\"><strong>#5.<\/strong> Es gratis y adem\u00e1s alivia el dolor de cabeza<\/p>\n<p style=\"text-align: justify\"><strong>#6.<\/strong> Es tu mejor tarjeta de presentaci\u00f3n<\/p>\n<p style=\"text-align: justify\">\n<p style=\"text-align: justify\">\n<p style=\"text-align: justify\">Te propongo que a partir de hoy sonr\u00edas m\u00e1s y dejes lo negativo a un lado. Lo \u00fanico que puedes perder es que no te regresen la sonrisa.<\/p>\n<p style=\"text-align: justify\">\n<p style=\"text-align: justify\"><strong><span style=\"color: #800080\">Tip.<\/span><\/strong> \u201cCu\u00eddate de aquel que no mueve los m\u00fasculos del est\u00f3mago cuando se r\u00ede\u201d<\/p>\n<p align=\"center\">\n<p>&nbsp;<\/p>\n","protected":false},"excerpt":{"rendered":"La sonrisa es un gesto que hacemos naturalmente, sin embargo conforme vamos creciendo sonre\u00edmos menos. Y si supi\u00e9ramos&hellip;\n","protected":false},"author":10,"featured_media":1387,"comment_status":"open","ping_status":"open","sticky":false,"template":"","format":"standard","meta":{"jetpack_post_was_ever_published":false,"_jetpack_newsletter_access":"","_jetpack_dont_email_post_to_subs":false,"_jetpack_newsletter_tier_id":0,"_jetpack_memberships_contains_paywalled_content":false,"_jetpack_memberships_contains_paid_content":false,"footnotes":"","jetpack_publicize_message":"","jetpack_publicize_feature_enabled":true,"jetpack_social_post_already_shared":true,"jetpack_social_options":{"image_generator_settings":{"template":"highway","default_image_id":0,"font":"","enabled":false},"version":2}},"categories":[],"tags":[],"class_list":{"0":"post-1380","1":"post","2":"type-post","3":"status-publish","4":"format-standard","5":"has-post-thumbnail","7":"cs-entry","8":"cs-video-wrap"},"yoast_head":"<!-- This site is optimized with the Yoast SEO plugin v27.5 - https:\/\/yoast.com\/product\/yoast-seo-wordpress\/ -->\n<title>\u201cMis razones para sonre\u00edr\u201d Vamos a sonre\u00edr aunque sea por econom\u00eda - Kalot<\/title>\n<meta name=\"description\" content=\"La sonrisa es un gesto que hacemos naturalmente, sin embargo conforme vamos creciendo sonre\u00edmos menos. Y si supi\u00e9ramos que la alegr\u00eda es el gran secreto\" \/>\n<meta name=\"robots\" content=\"index, follow, max-snippet:-1, max-image-preview:large, max-video-preview:-1\" \/>\n<link rel=\"canonical\" href=\"https:\/\/kalot.com.mx\/site\/2013\/09\/11\/mis-razones-para-sonreir-vamos-sonreir-aunque-sea-por-economia\/\" \/>\n<meta property=\"og:locale\" content=\"es_MX\" \/>\n<meta property=\"og:type\" content=\"article\" \/>\n<meta property=\"og:title\" content=\"\u201cMis razones para sonre\u00edr\u201d Vamos a sonre\u00edr aunque sea por econom\u00eda - Kalot\" \/>\n<meta property=\"og:description\" content=\"La sonrisa es un gesto que hacemos naturalmente, sin embargo conforme vamos creciendo sonre\u00edmos menos. Y si supi\u00e9ramos que la alegr\u00eda es el gran secreto\" \/>\n<meta property=\"og:url\" content=\"https:\/\/kalot.com.mx\/site\/2013\/09\/11\/mis-razones-para-sonreir-vamos-sonreir-aunque-sea-por-economia\/\" \/>\n<meta property=\"og:site_name\" content=\"Kalot\" \/>\n<meta property=\"article:publisher\" content=\"http:\/\/facebook.com\/mxkalot\" \/>\n<meta property=\"article:published_time\" content=\"2013-09-12T00:13:55+00:00\" \/>\n<meta property=\"og:image\" content=\"https:\/\/i0.wp.com\/kalot.com.mx\/site\/wp-content\/uploads\/2013\/09\/122b1400a8cd3e9d5e86b8afcddf827f.jpg?fit=300%2C300&ssl=1\" \/>\n\t<meta property=\"og:image:width\" content=\"300\" \/>\n\t<meta property=\"og:image:height\" content=\"300\" \/>\n\t<meta property=\"og:image:type\" content=\"image\/jpeg\" \/>\n<meta name=\"author\" content=\"Jesica Zubiri\" \/>\n<meta name=\"twitter:card\" content=\"summary_large_image\" \/>\n<meta name=\"twitter:creator\" content=\"@kalotmx\" \/>\n<meta name=\"twitter:site\" content=\"@kalotmx\" \/>\n<meta name=\"twitter:label1\" content=\"Escrito por\" \/>\n\t<meta name=\"twitter:data1\" content=\"Jesica Zubiri\" \/>\n\t<meta name=\"twitter:label2\" content=\"Tiempo de lectura\" \/>\n\t<meta name=\"twitter:data2\" content=\"2 minutos\" \/>\n<!-- \/ Yoast SEO plugin. -->","yoast_head_json":{"title":"\u201cMis razones para sonre\u00edr\u201d Vamos a sonre\u00edr aunque sea por econom\u00eda - Kalot","description":"La sonrisa es un gesto que hacemos naturalmente, sin embargo conforme vamos creciendo sonre\u00edmos menos. Y si supi\u00e9ramos que la alegr\u00eda es el gran secreto","robots":{"index":"index","follow":"follow","max-snippet":"max-snippet:-1","max-image-preview":"max-image-preview:large","max-video-preview":"max-video-preview:-1"},"canonical":"https:\/\/kalot.com.mx\/site\/2013\/09\/11\/mis-razones-para-sonreir-vamos-sonreir-aunque-sea-por-economia\/","og_locale":"es_MX","og_type":"article","og_title":"\u201cMis razones para sonre\u00edr\u201d Vamos a sonre\u00edr aunque sea por econom\u00eda - Kalot","og_description":"La sonrisa es un gesto que hacemos naturalmente, sin embargo conforme vamos creciendo sonre\u00edmos menos. Y si supi\u00e9ramos que la alegr\u00eda es el gran secreto","og_url":"https:\/\/kalot.com.mx\/site\/2013\/09\/11\/mis-razones-para-sonreir-vamos-sonreir-aunque-sea-por-economia\/","og_site_name":"Kalot","article_publisher":"http:\/\/facebook.com\/mxkalot","article_published_time":"2013-09-12T00:13:55+00:00","og_image":[{"width":300,"height":300,"url":"https:\/\/i0.wp.com\/kalot.com.mx\/site\/wp-content\/uploads\/2013\/09\/122b1400a8cd3e9d5e86b8afcddf827f.jpg?fit=300%2C300&ssl=1","type":"image\/jpeg"}],"author":"Jesica Zubiri","twitter_card":"summary_large_image","twitter_creator":"@kalotmx","twitter_site":"@kalotmx","twitter_misc":{"Escrito por":"Jesica Zubiri","Tiempo de lectura":"2 minutos"},"schema":{"@context":"https:\/\/schema.org","@graph":[{"@type":"Article","@id":"https:\/\/kalot.com.mx\/site\/2013\/09\/11\/mis-razones-para-sonreir-vamos-sonreir-aunque-sea-por-economia\/#article","isPartOf":{"@id":"https:\/\/kalot.com.mx\/site\/2013\/09\/11\/mis-razones-para-sonreir-vamos-sonreir-aunque-sea-por-economia\/"},"author":{"name":"Jesica Zubiri","@id":"https:\/\/kalot.com.mx\/site\/#\/schema\/person\/a3f5127a4eb0ca0a95238a9def0934fa"},"headline":"\u201cMis razones para sonre\u00edr\u201d Vamos a sonre\u00edr aunque sea por econom\u00eda","datePublished":"2013-09-12T00:13:55+00:00","mainEntityOfPage":{"@id":"https:\/\/kalot.com.mx\/site\/2013\/09\/11\/mis-razones-para-sonreir-vamos-sonreir-aunque-sea-por-economia\/"},"wordCount":408,"commentCount":1,"publisher":{"@id":"https:\/\/kalot.com.mx\/site\/#organization"},"image":{"@id":"https:\/\/kalot.com.mx\/site\/2013\/09\/11\/mis-razones-para-sonreir-vamos-sonreir-aunque-sea-por-economia\/#primaryimage"},"thumbnailUrl":"https:\/\/i0.wp.com\/kalot.com.mx\/site\/wp-content\/uploads\/2013\/09\/122b1400a8cd3e9d5e86b8afcddf827f.jpg?fit=300%2C300&ssl=1","inLanguage":"es","potentialAction":[{"@type":"CommentAction","name":"Comment","target":["https:\/\/kalot.com.mx\/site\/2013\/09\/11\/mis-razones-para-sonreir-vamos-sonreir-aunque-sea-por-economia\/#respond"]}]},{"@type":"WebPage","@id":"https:\/\/kalot.com.mx\/site\/2013\/09\/11\/mis-razones-para-sonreir-vamos-sonreir-aunque-sea-por-economia\/","url":"https:\/\/kalot.com.mx\/site\/2013\/09\/11\/mis-razones-para-sonreir-vamos-sonreir-aunque-sea-por-economia\/","name":"\u201cMis razones para sonre\u00edr\u201d Vamos a sonre\u00edr aunque sea por econom\u00eda - Kalot","isPartOf":{"@id":"https:\/\/kalot.com.mx\/site\/#website"},"primaryImageOfPage":{"@id":"https:\/\/kalot.com.mx\/site\/2013\/09\/11\/mis-razones-para-sonreir-vamos-sonreir-aunque-sea-por-economia\/#primaryimage"},"image":{"@id":"https:\/\/kalot.com.mx\/site\/2013\/09\/11\/mis-razones-para-sonreir-vamos-sonreir-aunque-sea-por-economia\/#primaryimage"},"thumbnailUrl":"https:\/\/i0.wp.com\/kalot.com.mx\/site\/wp-content\/uploads\/2013\/09\/122b1400a8cd3e9d5e86b8afcddf827f.jpg?fit=300%2C300&ssl=1","datePublished":"2013-09-12T00:13:55+00:00","description":"La sonrisa es un gesto que hacemos naturalmente, sin embargo conforme vamos creciendo sonre\u00edmos menos. Y si supi\u00e9ramos que la alegr\u00eda es el gran secreto","breadcrumb":{"@id":"https:\/\/kalot.com.mx\/site\/2013\/09\/11\/mis-razones-para-sonreir-vamos-sonreir-aunque-sea-por-economia\/#breadcrumb"},"inLanguage":"es","potentialAction":[{"@type":"ReadAction","target":["https:\/\/kalot.com.mx\/site\/2013\/09\/11\/mis-razones-para-sonreir-vamos-sonreir-aunque-sea-por-economia\/"]}]},{"@type":"ImageObject","inLanguage":"es","@id":"https:\/\/kalot.com.mx\/site\/2013\/09\/11\/mis-razones-para-sonreir-vamos-sonreir-aunque-sea-por-economia\/#primaryimage","url":"https:\/\/i0.wp.com\/kalot.com.mx\/site\/wp-content\/uploads\/2013\/09\/122b1400a8cd3e9d5e86b8afcddf827f.jpg?fit=300%2C300&ssl=1","contentUrl":"https:\/\/i0.wp.com\/kalot.com.mx\/site\/wp-content\/uploads\/2013\/09\/122b1400a8cd3e9d5e86b8afcddf827f.jpg?fit=300%2C300&ssl=1","width":300,"height":300},{"@type":"BreadcrumbList","@id":"https:\/\/kalot.com.mx\/site\/2013\/09\/11\/mis-razones-para-sonreir-vamos-sonreir-aunque-sea-por-economia\/#breadcrumb","itemListElement":[{"@type":"ListItem","position":1,"name":"Home","item":"https:\/\/kalot.com.mx\/site\/"},{"@type":"ListItem","position":2,"name":"\u201cMis razones para sonre\u00edr\u201d Vamos a sonre\u00edr aunque sea por econom\u00eda"}]},{"@type":"WebSite","@id":"https:\/\/kalot.com.mx\/site\/#website","url":"https:\/\/kalot.com.mx\/site\/","name":"Kalot","description":"Conoce Todo Sobre Todo","publisher":{"@id":"https:\/\/kalot.com.mx\/site\/#organization"},"potentialAction":[{"@type":"SearchAction","target":{"@type":"EntryPoint","urlTemplate":"https:\/\/kalot.com.mx\/site\/?s={search_term_string}"},"query-input":{"@type":"PropertyValueSpecification","valueRequired":true,"valueName":"search_term_string"}}],"inLanguage":"es"},{"@type":"Organization","@id":"https:\/\/kalot.com.mx\/site\/#organization","name":"Kalot","url":"https:\/\/kalot.com.mx\/site\/","logo":{"@type":"ImageObject","inLanguage":"es","@id":"https:\/\/kalot.com.mx\/site\/#\/schema\/logo\/image\/","url":"https:\/\/i0.wp.com\/kalot.com.mx\/site\/wp-content\/uploads\/2020\/04\/Kalot-logo-sin-tagline.png?fit=1707%2C1014&ssl=1","contentUrl":"https:\/\/i0.wp.com\/kalot.com.mx\/site\/wp-content\/uploads\/2020\/04\/Kalot-logo-sin-tagline.png?fit=1707%2C1014&ssl=1","width":1707,"height":1014,"caption":"Kalot"},"image":{"@id":"https:\/\/kalot.com.mx\/site\/#\/schema\/logo\/image\/"},"sameAs":["http:\/\/facebook.com\/mxkalot","https:\/\/x.com\/kalotmx","http:\/\/instagram.com\/kalotmx","http:\/\/pinterest.com\/jorgeerana\/kalot"]},{"@type":"Person","@id":"https:\/\/kalot.com.mx\/site\/#\/schema\/person\/a3f5127a4eb0ca0a95238a9def0934fa","name":"Jesica Zubiri","image":{"@type":"ImageObject","inLanguage":"es","@id":"https:\/\/secure.gravatar.com\/avatar\/675bf4671a13298254a388fabc1fc8285958b7155de691f06ed69a03ee93fb88?s=96&d=mm&r=g","url":"https:\/\/secure.gravatar.com\/avatar\/675bf4671a13298254a388fabc1fc8285958b7155de691f06ed69a03ee93fb88?s=96&d=mm&r=g","contentUrl":"https:\/\/secure.gravatar.com\/avatar\/675bf4671a13298254a388fabc1fc8285958b7155de691f06ed69a03ee93fb88?s=96&d=mm&r=g","caption":"Jesica Zubiri"},"description":"Soy Jessica Zubiri y soy Mercadologa, Graf\u00f3loga y Consultora en Imagen F\u00edsica. Mi objetivo dentro del blog es ayudar y guiar a las mujeres a que puedan descubrir su propio potencial, y de esta manera logren proyectar y resaltar todas aquellas cualidades que las hacen \u00fanicas e irrepetibles.","url":"https:\/\/kalot.com.mx\/site\/author\/jess\/"}]}},"jetpack_publicize_connections":[],"jetpack_featured_media_url":"https:\/\/i0.wp.com\/kalot.com.mx\/site\/wp-content\/uploads\/2013\/09\/122b1400a8cd3e9d5e86b8afcddf827f.jpg?fit=300%2C300&ssl=1","jetpack_shortlink":"https:\/\/wp.me\/p6IHEI-mg","jetpack-related-posts":[{"id":5666,"url":"https:\/\/kalot.com.mx\/site\/2013\/11\/03\/5-beneficios-de-sonreir\/","url_meta":{"origin":1380,"position":0},"title":"5 beneficios de sonre\u00edr","author":"Pepe M\u00e9ndez","date":"3 noviembre, 2013","format":false,"excerpt":"\u00daltimamente,\u00a0 el ritmo de vida ha transformado mucho la forma de ser de las personas, en las que la falta de tiempo, la rutina, el estr\u00e9s, los conflictos,\u00a0 las preocupaciones, las malas noticias, entre otras cosas negativas se convierten en el com\u00fan denominador de muchas personas; Que esto provoca que\u2026","rel":"","context":"Entrada similar ","block_context":{"text":"Entrada similar ","link":""},"img":{"alt_text":"","src":"https:\/\/i0.wp.com\/kalot.com.mx\/site\/wp-content\/uploads\/2013\/11\/7779844592_93809339fa_c-2.jpg?fit=800%2C530&ssl=1&resize=350%2C200","width":350,"height":200,"srcset":"https:\/\/i0.wp.com\/kalot.com.mx\/site\/wp-content\/uploads\/2013\/11\/7779844592_93809339fa_c-2.jpg?fit=800%2C530&ssl=1&resize=350%2C200 1x, https:\/\/i0.wp.com\/kalot.com.mx\/site\/wp-content\/uploads\/2013\/11\/7779844592_93809339fa_c-2.jpg?fit=800%2C530&ssl=1&resize=525%2C300 1.5x, https:\/\/i0.wp.com\/kalot.com.mx\/site\/wp-content\/uploads\/2013\/11\/7779844592_93809339fa_c-2.jpg?fit=800%2C530&ssl=1&resize=700%2C400 2x"},"classes":[]},{"id":15310,"url":"https:\/\/kalot.com.mx\/site\/2014\/04\/24\/champions\/","url_meta":{"origin":1380,"position":1},"title":"WE ARE THE CHAMPIONS","author":"Juan Ol\u00e1is","date":"24 abril, 2014","format":false,"excerpt":"WE ARE THE CHAMPIONS \u00a0En la noche del mi\u00e9rcoles de pascua pasado, volvimos a ver la escena culminante de una pel\u00edcula que ya hab\u00edamos visto tantas veces como ver la escena de la patada de la grulla de Daniel Larusso a Johnny Lawrance, o el conteo del referee en el\u2026","rel":"","context":"En &quot;Sin categor\u00eda&quot;","block_context":{"text":"Sin categor\u00eda","link":"https:\/\/kalot.com.mx\/site\/category\/sin-categoria\/"},"img":{"alt_text":"","src":"https:\/\/i0.wp.com\/kalot.com.mx\/site\/wp-content\/uploads\/2014\/04\/campeon-2.jpg?fit=820%2C460&ssl=1&resize=350%2C200","width":350,"height":200,"srcset":"https:\/\/i0.wp.com\/kalot.com.mx\/site\/wp-content\/uploads\/2014\/04\/campeon-2.jpg?fit=820%2C460&ssl=1&resize=350%2C200 1x, https:\/\/i0.wp.com\/kalot.com.mx\/site\/wp-content\/uploads\/2014\/04\/campeon-2.jpg?fit=820%2C460&ssl=1&resize=525%2C300 1.5x, https:\/\/i0.wp.com\/kalot.com.mx\/site\/wp-content\/uploads\/2014\/04\/campeon-2.jpg?fit=820%2C460&ssl=1&resize=700%2C400 2x"},"classes":[]},{"id":15274,"url":"https:\/\/kalot.com.mx\/site\/2014\/04\/24\/bella-y-hermosa-felicidad\/","url_meta":{"origin":1380,"position":2},"title":"Bella y Hermosa Felicidad.","author":"Mar\u00eda Alvarado","date":"24 abril, 2014","format":false,"excerpt":"[dropcap size=big]F[\/dropcap]elicidad: eso que todos a\u00f1oramos pero que solo unos cuantos pueden conseguir durante todas sus vidas, el problema es que todos tenemos derecho a ella y es demasiado accesible para todos y cada uno de nosotros. El problema ah\u00ed es que \u2013como los seres humanos que somos- nos ponemos\u2026","rel":"","context":"Entrada similar ","block_context":{"text":"Entrada similar ","link":""},"img":{"alt_text":"","src":"https:\/\/i0.wp.com\/kalot.com.mx\/site\/wp-content\/uploads\/2014\/04\/felicidad.jpg?fit=960%2C640&ssl=1&resize=350%2C200","width":350,"height":200,"srcset":"https:\/\/i0.wp.com\/kalot.com.mx\/site\/wp-content\/uploads\/2014\/04\/felicidad.jpg?fit=960%2C640&ssl=1&resize=350%2C200 1x, https:\/\/i0.wp.com\/kalot.com.mx\/site\/wp-content\/uploads\/2014\/04\/felicidad.jpg?fit=960%2C640&ssl=1&resize=525%2C300 1.5x, https:\/\/i0.wp.com\/kalot.com.mx\/site\/wp-content\/uploads\/2014\/04\/felicidad.jpg?fit=960%2C640&ssl=1&resize=700%2C400 2x"},"classes":[]},{"id":30431,"url":"https:\/\/kalot.com.mx\/site\/2018\/06\/20\/con-nuestro-futuro-no\/","url_meta":{"origin":1380,"position":3},"title":"Con nuestro futuro \u00a1NO!","author":"Fernando Benitez","date":"20 junio, 2018","format":false,"excerpt":"La infancia de nuestro mundo es nuestro futuro, nosotros como adultos (S\u00ed, aunque no quieras ya eres adulto) estamos en la tarea de ense\u00f1arles lo mejor a nuestros infantes, de ayudarlos a crecer como deber\u00edan, aprender con alegr\u00eda, jugando, divirti\u00e9ndose, dormirse con una sonrisa, pero que sepan que hay l\u00edmites,\u2026","rel":"","context":"En &quot;Reflexi\u00f3n&quot;","block_context":{"text":"Reflexi\u00f3n","link":"https:\/\/kalot.com.mx\/site\/category\/reflexion\/"},"img":{"alt_text":"","src":"https:\/\/i0.wp.com\/kalot.com.mx\/site\/wp-content\/uploads\/2018\/06\/ni%C3%B1o.jpg?fit=1152%2C768&ssl=1&resize=350%2C200","width":350,"height":200,"srcset":"https:\/\/i0.wp.com\/kalot.com.mx\/site\/wp-content\/uploads\/2018\/06\/ni%C3%B1o.jpg?fit=1152%2C768&ssl=1&resize=350%2C200 1x, https:\/\/i0.wp.com\/kalot.com.mx\/site\/wp-content\/uploads\/2018\/06\/ni%C3%B1o.jpg?fit=1152%2C768&ssl=1&resize=525%2C300 1.5x, https:\/\/i0.wp.com\/kalot.com.mx\/site\/wp-content\/uploads\/2018\/06\/ni%C3%B1o.jpg?fit=1152%2C768&ssl=1&resize=700%2C400 2x, https:\/\/i0.wp.com\/kalot.com.mx\/site\/wp-content\/uploads\/2018\/06\/ni%C3%B1o.jpg?fit=1152%2C768&ssl=1&resize=1050%2C600 3x"},"classes":[]},{"id":23517,"url":"https:\/\/kalot.com.mx\/site\/2015\/09\/18\/muerta-en-vida\/","url_meta":{"origin":1380,"position":4},"title":"Muerta en Vida","author":"Fabiia Rivera","date":"18 septiembre, 2015","format":false,"excerpt":"Hola, mis queridos kaloteros, muy buena semanita de lluvia rica y no tan rica ya que vivimos en una venecia muy molesta, con prisas, compromisos etc. , y con estas lluvias nos impide hacer nuestra labores y cumplir con nuestros compromisos. El estar muerta en vida no es m\u00e1s que\u2026","rel":"","context":"En &quot;Novedades&quot;","block_context":{"text":"Novedades","link":"https:\/\/kalot.com.mx\/site\/category\/novedades\/"},"img":{"alt_text":"","src":"https:\/\/i0.wp.com\/kalot.com.mx\/site\/wp-content\/uploads\/2015\/09\/MUERTA-EN-VIDA.jpg?fit=900%2C462&ssl=1&resize=350%2C200","width":350,"height":200,"srcset":"https:\/\/i0.wp.com\/kalot.com.mx\/site\/wp-content\/uploads\/2015\/09\/MUERTA-EN-VIDA.jpg?fit=900%2C462&ssl=1&resize=350%2C200 1x, https:\/\/i0.wp.com\/kalot.com.mx\/site\/wp-content\/uploads\/2015\/09\/MUERTA-EN-VIDA.jpg?fit=900%2C462&ssl=1&resize=525%2C300 1.5x, https:\/\/i0.wp.com\/kalot.com.mx\/site\/wp-content\/uploads\/2015\/09\/MUERTA-EN-VIDA.jpg?fit=900%2C462&ssl=1&resize=700%2C400 2x"},"classes":[]},{"id":30725,"url":"https:\/\/kalot.com.mx\/site\/2018\/11\/28\/como-lidiar-con-los-villanos-del-clima-laboral\/","url_meta":{"origin":1380,"position":5},"title":"\u00bfC\u00f3mo lidiar con los villanos del clima laboral?","author":"Anna Jaramillo","date":"28 noviembre, 2018","format":false,"excerpt":"Hace d\u00edas me preguntaban unos amigos, si pod\u00eda darles un consejo de c\u00f3mo lidiar con la gente t\u00f3xica del trabajo, y es que, no es que yo sea toda experta en el tema, m\u00e1s bien les llam\u00f3 la atenci\u00f3n que siempre estoy sonriendo, \u00a1si literal! con la sonrisa del maguito\u2026","rel":"","context":"En &quot;Novedades&quot;","block_context":{"text":"Novedades","link":"https:\/\/kalot.com.mx\/site\/category\/novedades\/"},"img":{"alt_text":"","src":"https:\/\/i0.wp.com\/kalot.com.mx\/site\/wp-content\/uploads\/2014\/01\/Angelina-Jolie-as-Maleficent-in-Disneys-2014-movie.jpg?fit=1200%2C728&ssl=1&resize=350%2C200","width":350,"height":200,"srcset":"https:\/\/i0.wp.com\/kalot.com.mx\/site\/wp-content\/uploads\/2014\/01\/Angelina-Jolie-as-Maleficent-in-Disneys-2014-movie.jpg?fit=1200%2C728&ssl=1&resize=350%2C200 1x, https:\/\/i0.wp.com\/kalot.com.mx\/site\/wp-content\/uploads\/2014\/01\/Angelina-Jolie-as-Maleficent-in-Disneys-2014-movie.jpg?fit=1200%2C728&ssl=1&resize=525%2C300 1.5x, https:\/\/i0.wp.com\/kalot.com.mx\/site\/wp-content\/uploads\/2014\/01\/Angelina-Jolie-as-Maleficent-in-Disneys-2014-movie.jpg?fit=1200%2C728&ssl=1&resize=700%2C400 2x, https:\/\/i0.wp.com\/kalot.com.mx\/site\/wp-content\/uploads\/2014\/01\/Angelina-Jolie-as-Maleficent-in-Disneys-2014-movie.jpg?fit=1200%2C728&ssl=1&resize=1050%2C600 3x"},"classes":[]}],"jetpack_sharing_enabled":true,"_links":{"self":[{"href":"https:\/\/kalot.com.mx\/site\/wp-json\/wp\/v2\/posts\/1380","targetHints":{"allow":["GET"]}}],"collection":[{"href":"https:\/\/kalot.com.mx\/site\/wp-json\/wp\/v2\/posts"}],"about":[{"href":"https:\/\/kalot.com.mx\/site\/wp-json\/wp\/v2\/types\/post"}],"author":[{"embeddable":true,"href":"https:\/\/kalot.com.mx\/site\/wp-json\/wp\/v2\/users\/10"}],"replies":[{"embeddable":true,"href":"https:\/\/kalot.com.mx\/site\/wp-json\/wp\/v2\/comments?post=1380"}],"version-history":[{"count":0,"href":"https:\/\/kalot.com.mx\/site\/wp-json\/wp\/v2\/posts\/1380\/revisions"}],"wp:featuredmedia":[{"embeddable":true,"href":"https:\/\/kalot.com.mx\/site\/wp-json\/wp\/v2\/media\/1387"}],"wp:attachment":[{"href":"https:\/\/kalot.com.mx\/site\/wp-json\/wp\/v2\/media?parent=1380"}],"wp:term":[{"taxonomy":"category","embeddable":true,"href":"https:\/\/kalot.com.mx\/site\/wp-json\/wp\/v2\/categories?post=1380"},{"taxonomy":"post_tag","embeddable":true,"href":"https:\/\/kalot.com.mx\/site\/wp-json\/wp\/v2\/tags?post=1380"}],"curies":[{"name":"wp","href":"https:\/\/api.w.org\/{rel}","templated":true}]}}