{"id":13685,"date":"2014-03-20T20:00:57","date_gmt":"2014-03-21T02:00:57","guid":{"rendered":"http:\/\/www.kalot.com.mx\/?p=13685"},"modified":"2014-03-20T12:02:43","modified_gmt":"2014-03-20T18:02:43","slug":"mas-de-malefica","status":"publish","type":"post","link":"https:\/\/kalot.com.mx\/site\/2014\/03\/20\/mas-de-malefica\/","title":{"rendered":"M\u00e1s de &#8220;Mal\u00e9fica&#8221;"},"content":{"rendered":"<p style=\"text-align: justify\">Parece que fue hace muy poco que se revelo que Disney realizar\u00eda una nueva adaptaci\u00f3n de \u201cLa Bella Durmiente\u201d y m\u00e1s de uno se imagin\u00f3 que ser\u00eda una historia m\u00e1s de la princesa en apuros y despu\u00e9s rescatada por el guap\u00edsimo pr\u00edncipe azul. Nos equivocamos.<\/p>\n<p style=\"text-align: justify\">Esta nueva adaptaci\u00f3n del cl\u00e1sico cuento y protagonizado por Angelina Jolie se centra profundamente en este personaje y lo que la llevo a lanzarle la letal maldici\u00f3n a la reci\u00e9n nacida Aurora que para los que no lo sepan maldijo a la peque\u00f1a con que antes de cumplir sus diecis\u00e9is primaveras se pinchar\u00eda el dedo con una rueca y caer\u00eda en un profundo sue\u00f1o para toda la vida.<\/p>\n<p style=\"text-align: justify\">Esta versi\u00f3n m\u00e1s oscura y con el reciente tr\u00e1iler lanzado por la compa\u00f1\u00eda del rat\u00f3n nos deja ver mucho m\u00e1s acerca de c\u00f3mo se ir\u00e1 desarrollando la historia que aunque se ve estar\u00e1 muy apegada a la original nos permitir\u00e1 desentra\u00f1ar m\u00e1s de \u201cLa villana m\u00e1s grande de Disney\u201d<\/p>\n<p style=\"text-align: justify\">En este nuevo avance podemos deducir que Aurora tendr\u00e1 una relaci\u00f3n muy cercana con la malvada hada (si, es un hada, con alas y toda la cosa).<\/p>\n<p style=\"text-align: justify\">Nos preguntamos si los que cre\u00edamos buenos lo eran, si Mal\u00e9fica es tan de esp\u00edritu maligno como su nombre y si al final sabremos que la llevo a combatir con el Rey y sobre todo la raz\u00f3n de su terrible profec\u00eda.<\/p>\n<p>\u00bfLa ver\u00e1n? Espera su estreno en poco m\u00e1s de dos meses.<\/p>\n<p>Aqu\u00ed est\u00e1 el tr\u00e1iler.<\/p>\n<p><span class=\"embed-youtube\" style=\"text-align:center; display: block;\"><iframe class=\"youtube-player\" width=\"1200\" height=\"675\" src=\"https:\/\/www.youtube.com\/embed\/WJy49PRNwgw?version=3&#038;rel=1&#038;showsearch=0&#038;showinfo=1&#038;iv_load_policy=1&#038;fs=1&#038;hl=es-MX&#038;autohide=2&#038;wmode=transparent\" allowfullscreen=\"true\" style=\"border:0;\" sandbox=\"allow-scripts allow-same-origin allow-popups allow-presentation allow-popups-to-escape-sandbox\"><\/iframe><\/span><\/p>\n","protected":false},"excerpt":{"rendered":"Parece que fue hace muy poco que se revelo que Disney realizar\u00eda una nueva adaptaci\u00f3n de \u201cLa Bella&hellip;\n","protected":false},"author":51,"featured_media":13686,"comment_status":"open","ping_status":"open","sticky":false,"template":"","format":"standard","meta":{"jetpack_post_was_ever_published":false,"_jetpack_newsletter_access":"","_jetpack_dont_email_post_to_subs":false,"_jetpack_newsletter_tier_id":0,"_jetpack_memberships_contains_paywalled_content":false,"_jetpack_memberships_contains_paid_content":false,"footnotes":"","jetpack_publicize_message":"","jetpack_publicize_feature_enabled":true,"jetpack_social_post_already_shared":true,"jetpack_social_options":{"image_generator_settings":{"template":"highway","default_image_id":0,"font":"","enabled":false},"version":2}},"categories":[],"tags":[],"class_list":{"0":"post-13685","1":"post","2":"type-post","3":"status-publish","4":"format-standard","5":"has-post-thumbnail","7":"cs-entry","8":"cs-video-wrap"},"yoast_head":"<!-- This site is optimized with the Yoast SEO plugin v27.5 - https:\/\/yoast.com\/product\/yoast-seo-wordpress\/ -->\n<title>M\u00e1s de &quot;Mal\u00e9fica&quot; - Kalot<\/title>\n<meta name=\"description\" content=\"Parece que fue hace muy poco que se revelo que Disney realizar\u00eda una nueva adaptaci\u00f3n de \u201cLa Bella Durmiente\u201d y m\u00e1s de uno se imagin\u00f3 que ser\u00eda una\" \/>\n<meta name=\"robots\" content=\"index, follow, max-snippet:-1, max-image-preview:large, max-video-preview:-1\" \/>\n<link rel=\"canonical\" href=\"https:\/\/kalot.com.mx\/site\/2014\/03\/20\/mas-de-malefica\/\" \/>\n<meta property=\"og:locale\" content=\"es_MX\" \/>\n<meta property=\"og:type\" content=\"article\" \/>\n<meta property=\"og:title\" content=\"M\u00e1s de &quot;Mal\u00e9fica&quot; - Kalot\" \/>\n<meta property=\"og:description\" content=\"Parece que fue hace muy poco que se revelo que Disney realizar\u00eda una nueva adaptaci\u00f3n de \u201cLa Bella Durmiente\u201d y m\u00e1s de uno se imagin\u00f3 que ser\u00eda una\" \/>\n<meta property=\"og:url\" content=\"https:\/\/kalot.com.mx\/site\/2014\/03\/20\/mas-de-malefica\/\" \/>\n<meta property=\"og:site_name\" content=\"Kalot\" \/>\n<meta property=\"article:publisher\" content=\"http:\/\/facebook.com\/mxkalot\" \/>\n<meta property=\"article:published_time\" content=\"2014-03-21T02:00:57+00:00\" \/>\n<meta property=\"og:image\" content=\"https:\/\/i2.wp.com\/kalot.com.mx\/site\/wp-content\/uploads\/2014\/03\/maleficent-wings-poster.jpg?fit=2500%2C729&ssl=1\" \/>\n\t<meta property=\"og:image:width\" content=\"2500\" \/>\n\t<meta property=\"og:image:height\" content=\"729\" \/>\n\t<meta property=\"og:image:type\" content=\"image\/jpeg\" \/>\n<meta name=\"author\" content=\"Ivan Mendez\" \/>\n<meta name=\"twitter:card\" content=\"summary_large_image\" \/>\n<meta name=\"twitter:creator\" content=\"@kalotmx\" \/>\n<meta name=\"twitter:site\" content=\"@kalotmx\" \/>\n<meta name=\"twitter:label1\" content=\"Escrito por\" \/>\n\t<meta name=\"twitter:data1\" content=\"Ivan Mendez\" \/>\n\t<meta name=\"twitter:label2\" content=\"Tiempo de lectura\" \/>\n\t<meta name=\"twitter:data2\" content=\"1 minuto\" \/>\n<!-- \/ Yoast SEO plugin. -->","yoast_head_json":{"title":"M\u00e1s de \"Mal\u00e9fica\" - Kalot","description":"Parece que fue hace muy poco que se revelo que Disney realizar\u00eda una nueva adaptaci\u00f3n de \u201cLa Bella Durmiente\u201d y m\u00e1s de uno se imagin\u00f3 que ser\u00eda una","robots":{"index":"index","follow":"follow","max-snippet":"max-snippet:-1","max-image-preview":"max-image-preview:large","max-video-preview":"max-video-preview:-1"},"canonical":"https:\/\/kalot.com.mx\/site\/2014\/03\/20\/mas-de-malefica\/","og_locale":"es_MX","og_type":"article","og_title":"M\u00e1s de \"Mal\u00e9fica\" - Kalot","og_description":"Parece que fue hace muy poco que se revelo que Disney realizar\u00eda una nueva adaptaci\u00f3n de \u201cLa Bella Durmiente\u201d y m\u00e1s de uno se imagin\u00f3 que ser\u00eda una","og_url":"https:\/\/kalot.com.mx\/site\/2014\/03\/20\/mas-de-malefica\/","og_site_name":"Kalot","article_publisher":"http:\/\/facebook.com\/mxkalot","article_published_time":"2014-03-21T02:00:57+00:00","og_image":[{"width":2500,"height":729,"url":"https:\/\/i2.wp.com\/kalot.com.mx\/site\/wp-content\/uploads\/2014\/03\/maleficent-wings-poster.jpg?fit=2500%2C729&ssl=1","type":"image\/jpeg"}],"author":"Ivan Mendez","twitter_card":"summary_large_image","twitter_creator":"@kalotmx","twitter_site":"@kalotmx","twitter_misc":{"Escrito por":"Ivan Mendez","Tiempo de lectura":"1 minuto"},"schema":{"@context":"https:\/\/schema.org","@graph":[{"@type":"Article","@id":"https:\/\/kalot.com.mx\/site\/2014\/03\/20\/mas-de-malefica\/#article","isPartOf":{"@id":"https:\/\/kalot.com.mx\/site\/2014\/03\/20\/mas-de-malefica\/"},"author":{"name":"Ivan Mendez","@id":"https:\/\/kalot.com.mx\/site\/#\/schema\/person\/444a91ecc3b075ab573ff515d7f6d6e3"},"headline":"M\u00e1s de &#8220;Mal\u00e9fica&#8221;","datePublished":"2014-03-21T02:00:57+00:00","mainEntityOfPage":{"@id":"https:\/\/kalot.com.mx\/site\/2014\/03\/20\/mas-de-malefica\/"},"wordCount":299,"commentCount":0,"publisher":{"@id":"https:\/\/kalot.com.mx\/site\/#organization"},"image":{"@id":"https:\/\/kalot.com.mx\/site\/2014\/03\/20\/mas-de-malefica\/#primaryimage"},"thumbnailUrl":"https:\/\/i0.wp.com\/kalot.com.mx\/site\/wp-content\/uploads\/2014\/03\/maleficent-wings-poster.jpg?fit=2500%2C729&ssl=1","inLanguage":"es","potentialAction":[{"@type":"CommentAction","name":"Comment","target":["https:\/\/kalot.com.mx\/site\/2014\/03\/20\/mas-de-malefica\/#respond"]}]},{"@type":"WebPage","@id":"https:\/\/kalot.com.mx\/site\/2014\/03\/20\/mas-de-malefica\/","url":"https:\/\/kalot.com.mx\/site\/2014\/03\/20\/mas-de-malefica\/","name":"M\u00e1s de \"Mal\u00e9fica\" - Kalot","isPartOf":{"@id":"https:\/\/kalot.com.mx\/site\/#website"},"primaryImageOfPage":{"@id":"https:\/\/kalot.com.mx\/site\/2014\/03\/20\/mas-de-malefica\/#primaryimage"},"image":{"@id":"https:\/\/kalot.com.mx\/site\/2014\/03\/20\/mas-de-malefica\/#primaryimage"},"thumbnailUrl":"https:\/\/i0.wp.com\/kalot.com.mx\/site\/wp-content\/uploads\/2014\/03\/maleficent-wings-poster.jpg?fit=2500%2C729&ssl=1","datePublished":"2014-03-21T02:00:57+00:00","description":"Parece que fue hace muy poco que se revelo que Disney realizar\u00eda una nueva adaptaci\u00f3n de \u201cLa Bella Durmiente\u201d y m\u00e1s de uno se imagin\u00f3 que ser\u00eda una","breadcrumb":{"@id":"https:\/\/kalot.com.mx\/site\/2014\/03\/20\/mas-de-malefica\/#breadcrumb"},"inLanguage":"es","potentialAction":[{"@type":"ReadAction","target":["https:\/\/kalot.com.mx\/site\/2014\/03\/20\/mas-de-malefica\/"]}]},{"@type":"ImageObject","inLanguage":"es","@id":"https:\/\/kalot.com.mx\/site\/2014\/03\/20\/mas-de-malefica\/#primaryimage","url":"https:\/\/i0.wp.com\/kalot.com.mx\/site\/wp-content\/uploads\/2014\/03\/maleficent-wings-poster.jpg?fit=2500%2C729&ssl=1","contentUrl":"https:\/\/i0.wp.com\/kalot.com.mx\/site\/wp-content\/uploads\/2014\/03\/maleficent-wings-poster.jpg?fit=2500%2C729&ssl=1","width":2500,"height":729},{"@type":"BreadcrumbList","@id":"https:\/\/kalot.com.mx\/site\/2014\/03\/20\/mas-de-malefica\/#breadcrumb","itemListElement":[{"@type":"ListItem","position":1,"name":"Home","item":"https:\/\/kalot.com.mx\/site\/"},{"@type":"ListItem","position":2,"name":"M\u00e1s de &#8220;Mal\u00e9fica&#8221;"}]},{"@type":"WebSite","@id":"https:\/\/kalot.com.mx\/site\/#website","url":"https:\/\/kalot.com.mx\/site\/","name":"Kalot","description":"Conoce Todo Sobre Todo","publisher":{"@id":"https:\/\/kalot.com.mx\/site\/#organization"},"potentialAction":[{"@type":"SearchAction","target":{"@type":"EntryPoint","urlTemplate":"https:\/\/kalot.com.mx\/site\/?s={search_term_string}"},"query-input":{"@type":"PropertyValueSpecification","valueRequired":true,"valueName":"search_term_string"}}],"inLanguage":"es"},{"@type":"Organization","@id":"https:\/\/kalot.com.mx\/site\/#organization","name":"Kalot","url":"https:\/\/kalot.com.mx\/site\/","logo":{"@type":"ImageObject","inLanguage":"es","@id":"https:\/\/kalot.com.mx\/site\/#\/schema\/logo\/image\/","url":"https:\/\/i0.wp.com\/kalot.com.mx\/site\/wp-content\/uploads\/2020\/04\/Kalot-logo-sin-tagline.png?fit=1707%2C1014&ssl=1","contentUrl":"https:\/\/i0.wp.com\/kalot.com.mx\/site\/wp-content\/uploads\/2020\/04\/Kalot-logo-sin-tagline.png?fit=1707%2C1014&ssl=1","width":1707,"height":1014,"caption":"Kalot"},"image":{"@id":"https:\/\/kalot.com.mx\/site\/#\/schema\/logo\/image\/"},"sameAs":["http:\/\/facebook.com\/mxkalot","https:\/\/x.com\/kalotmx","http:\/\/instagram.com\/kalotmx","http:\/\/pinterest.com\/jorgeerana\/kalot"]},{"@type":"Person","@id":"https:\/\/kalot.com.mx\/site\/#\/schema\/person\/444a91ecc3b075ab573ff515d7f6d6e3","name":"Ivan Mendez","image":{"@type":"ImageObject","inLanguage":"es","@id":"https:\/\/secure.gravatar.com\/avatar\/d3590cbb14ecd120bf7a8d9b0ab9a1dae9b2aab34a41a577b5288298a4d08e36?s=96&d=mm&r=g","url":"https:\/\/secure.gravatar.com\/avatar\/d3590cbb14ecd120bf7a8d9b0ab9a1dae9b2aab34a41a577b5288298a4d08e36?s=96&d=mm&r=g","contentUrl":"https:\/\/secure.gravatar.com\/avatar\/d3590cbb14ecd120bf7a8d9b0ab9a1dae9b2aab34a41a577b5288298a4d08e36?s=96&d=mm&r=g","caption":"Ivan Mendez"},"url":"https:\/\/kalot.com.mx\/site\/author\/ivan\/"}]}},"jetpack_publicize_connections":[],"jetpack_featured_media_url":"https:\/\/i0.wp.com\/kalot.com.mx\/site\/wp-content\/uploads\/2014\/03\/maleficent-wings-poster.jpg?fit=2500%2C729&ssl=1","jetpack_shortlink":"https:\/\/wp.me\/p6IHEI-3yJ","jetpack-related-posts":[{"id":25160,"url":"https:\/\/kalot.com.mx\/site\/2016\/04\/05\/primer-adelanto-batman-the-killing-joke\/","url_meta":{"origin":13685,"position":0},"title":"PRIMER ADELANTO DE BATMAN: THE KILLING JOKE","author":"HM_MKT007","date":"5 abril, 2016","format":false,"excerpt":"Actualmente todos estamos vueltos locos con BATMAN V SUPERMAN, (que por cierto, si no han le\u00eddo nuestro an\u00e1lisis de la pel\u00edcula, les dejamos el link del art\u00edculo aqu\u00ed) pero no todo son pel\u00edculas LIVE ACTION, de hecho, podr\u00edamos decir que las mejores pel\u00edculas de WARNER y de DC, est\u00e1n en\u2026","rel":"","context":"En &quot;Cine&quot;","block_context":{"text":"Cine","link":"https:\/\/kalot.com.mx\/site\/category\/cine\/"},"img":{"alt_text":"","src":"https:\/\/i0.wp.com\/kalot.com.mx\/site\/wp-content\/uploads\/2016\/04\/maxresdefault.jpg?fit=1200%2C675&ssl=1&resize=350%2C200","width":350,"height":200,"srcset":"https:\/\/i0.wp.com\/kalot.com.mx\/site\/wp-content\/uploads\/2016\/04\/maxresdefault.jpg?fit=1200%2C675&ssl=1&resize=350%2C200 1x, https:\/\/i0.wp.com\/kalot.com.mx\/site\/wp-content\/uploads\/2016\/04\/maxresdefault.jpg?fit=1200%2C675&ssl=1&resize=525%2C300 1.5x, https:\/\/i0.wp.com\/kalot.com.mx\/site\/wp-content\/uploads\/2016\/04\/maxresdefault.jpg?fit=1200%2C675&ssl=1&resize=700%2C400 2x, https:\/\/i0.wp.com\/kalot.com.mx\/site\/wp-content\/uploads\/2016\/04\/maxresdefault.jpg?fit=1200%2C675&ssl=1&resize=1050%2C600 3x"},"classes":[]},{"id":24989,"url":"https:\/\/kalot.com.mx\/site\/2016\/02\/26\/laresena-las-aparicio\/","url_meta":{"origin":13685,"position":1},"title":"#LaRese\u00f1a: Las Aparicio","author":"yash","date":"26 febrero, 2016","format":false,"excerpt":"Un intento fallido por llevar un producto de televisi\u00f3n al cine que se queda corto a la de contar su propia historia. Nadie puede negar el rotundo \u00e9xito que obtuvo la producci\u00f3n televisiva de \"Las Aparicio\". Fue un producto de calidad que ofreci\u00f3 un contenido diferente y con tem\u00e1ticas poco\u2026","rel":"","context":"En &quot;Cine&quot;","block_context":{"text":"Cine","link":"https:\/\/kalot.com.mx\/site\/category\/cine\/"},"img":{"alt_text":"","src":"https:\/\/i0.wp.com\/kalot.com.mx\/site\/wp-content\/uploads\/2016\/02\/Aparicio3.jpg?fit=665%2C400&ssl=1&resize=350%2C200","width":350,"height":200,"srcset":"https:\/\/i0.wp.com\/kalot.com.mx\/site\/wp-content\/uploads\/2016\/02\/Aparicio3.jpg?fit=665%2C400&ssl=1&resize=350%2C200 1x, https:\/\/i0.wp.com\/kalot.com.mx\/site\/wp-content\/uploads\/2016\/02\/Aparicio3.jpg?fit=665%2C400&ssl=1&resize=525%2C300 1.5x"},"classes":[]},{"id":13860,"url":"https:\/\/kalot.com.mx\/site\/2014\/03\/24\/now-is-good\/","url_meta":{"origin":13685,"position":2},"title":"Now Is Good.","author":"Mar\u00eda Alvarado","date":"24 marzo, 2014","format":false,"excerpt":"[dropcap size=small]N[\/dropcap]ow Is Good: una historia llena de coraz\u00f3n que nos cuenta la historia de Tessa, una adolescente que padece leucemia, cuando decide vivir la vida lo m\u00e1s pleno y r\u00e1pido que pueda. Es una adaptaci\u00f3n de la novela de Jenny Downham \u201cBefore I Die\u201d, y su adaptaci\u00f3n cuenta con\u2026","rel":"","context":"Entrada similar ","block_context":{"text":"Entrada similar ","link":""},"img":{"alt_text":"","src":"https:\/\/i0.wp.com\/kalot.com.mx\/site\/wp-content\/uploads\/2014\/03\/now-is-good.jpg?fit=500%2C654&ssl=1&resize=350%2C200","width":350,"height":200},"classes":[]},{"id":17568,"url":"https:\/\/kalot.com.mx\/site\/2014\/08\/11\/juguemos-adivinar-con-dc-cinematic-universe\/","url_meta":{"origin":13685,"position":3},"title":"JUGUEMOS A ADIVINAR con: DC CINEMATIC UNIVERSE","author":"HM_MKT007","date":"11 agosto, 2014","format":false,"excerpt":"Empezamos la semana, y empezamos con esto que es tan interesante, adivinar que suceder\u00e1 en eventos, pel\u00edculas videojuegos, y dem\u00e1s cosas que nos mantienen pegados a eso que nos causa un enorme inter\u00e9s, y como el mundo de los S\u00faperheroes en la pantalla grande a cobrado una relevancia enorme, queremos\u2026","rel":"","context":"Con 2 comentarios","block_context":{"text":"Con 2 comentarios","link":"https:\/\/kalot.com.mx\/site\/2014\/08\/11\/juguemos-adivinar-con-dc-cinematic-universe\/#comments"},"img":{"alt_text":"","src":"https:\/\/i0.wp.com\/kalot.com.mx\/site\/wp-content\/uploads\/2014\/08\/Justice-League.jpg?fit=1200%2C675&ssl=1&resize=350%2C200","width":350,"height":200,"srcset":"https:\/\/i0.wp.com\/kalot.com.mx\/site\/wp-content\/uploads\/2014\/08\/Justice-League.jpg?fit=1200%2C675&ssl=1&resize=350%2C200 1x, https:\/\/i0.wp.com\/kalot.com.mx\/site\/wp-content\/uploads\/2014\/08\/Justice-League.jpg?fit=1200%2C675&ssl=1&resize=525%2C300 1.5x, https:\/\/i0.wp.com\/kalot.com.mx\/site\/wp-content\/uploads\/2014\/08\/Justice-League.jpg?fit=1200%2C675&ssl=1&resize=700%2C400 2x, https:\/\/i0.wp.com\/kalot.com.mx\/site\/wp-content\/uploads\/2014\/08\/Justice-League.jpg?fit=1200%2C675&ssl=1&resize=1050%2C600 3x"},"classes":[]},{"id":20376,"url":"https:\/\/kalot.com.mx\/site\/2015\/02\/11\/hitman-agente-47-muestra-su-explosivo-trailer\/","url_meta":{"origin":13685,"position":4},"title":"HITMAN AGENTE 47, muestra su explosivo trailer.","author":"HM_MKT007","date":"11 febrero, 2015","format":false,"excerpt":"Ahhh, el cine de videojuegos, esa rara tem\u00e1tica en las pel\u00edculas que a unos fascina, y otros repudian hasta niveles inh\u00f3spitos, un g\u00e9nero que ha generado tanta pol\u00e9mica, pero que en los \u00faltimos a\u00f1os, a retomado un auge impresionante, con futuras adaptaciones, como lo son ASSASSINS CREED, THE LAST OF\u2026","rel":"","context":"Entrada similar ","block_context":{"text":"Entrada similar ","link":""},"img":{"alt_text":"","src":"https:\/\/i0.wp.com\/kalot.com.mx\/site\/wp-content\/uploads\/2015\/02\/wallpaper_hitman_absolution_08_1920x1080.jpg?fit=1200%2C675&ssl=1&resize=350%2C200","width":350,"height":200,"srcset":"https:\/\/i0.wp.com\/kalot.com.mx\/site\/wp-content\/uploads\/2015\/02\/wallpaper_hitman_absolution_08_1920x1080.jpg?fit=1200%2C675&ssl=1&resize=350%2C200 1x, https:\/\/i0.wp.com\/kalot.com.mx\/site\/wp-content\/uploads\/2015\/02\/wallpaper_hitman_absolution_08_1920x1080.jpg?fit=1200%2C675&ssl=1&resize=525%2C300 1.5x, https:\/\/i0.wp.com\/kalot.com.mx\/site\/wp-content\/uploads\/2015\/02\/wallpaper_hitman_absolution_08_1920x1080.jpg?fit=1200%2C675&ssl=1&resize=700%2C400 2x, https:\/\/i0.wp.com\/kalot.com.mx\/site\/wp-content\/uploads\/2015\/02\/wallpaper_hitman_absolution_08_1920x1080.jpg?fit=1200%2C675&ssl=1&resize=1050%2C600 3x"},"classes":[]},{"id":17874,"url":"https:\/\/kalot.com.mx\/site\/2014\/09\/02\/juguemos-adivinar-con-x-men-cinematic-universe\/","url_meta":{"origin":13685,"position":5},"title":"JUGUEMOS A ADIVINAR con: X-MEN CINEMATIC  UNIVERSE","author":"HM_MKT007","date":"2 septiembre, 2014","format":false,"excerpt":"Esta secci\u00f3n en lo personal me agrada mucho, porque es muy divertido hacer esto, IMAGINAR que pasar\u00e1, y en esta ocasi\u00f3n, hacemos un brinco dentro del mundo superheroe, porque estamos en el universo de MARVEL, pero dentro del CINEMATIC UNIVERSE, sabemos que que muchos personajes no est\u00e1n en propiedad de\u2026","rel":"","context":"Entrada similar ","block_context":{"text":"Entrada similar ","link":""},"img":{"alt_text":"","src":"https:\/\/i0.wp.com\/kalot.com.mx\/site\/wp-content\/uploads\/2014\/09\/imagen-99.jpg?fit=1022%2C451&ssl=1&resize=350%2C200","width":350,"height":200,"srcset":"https:\/\/i0.wp.com\/kalot.com.mx\/site\/wp-content\/uploads\/2014\/09\/imagen-99.jpg?fit=1022%2C451&ssl=1&resize=350%2C200 1x, https:\/\/i0.wp.com\/kalot.com.mx\/site\/wp-content\/uploads\/2014\/09\/imagen-99.jpg?fit=1022%2C451&ssl=1&resize=525%2C300 1.5x, https:\/\/i0.wp.com\/kalot.com.mx\/site\/wp-content\/uploads\/2014\/09\/imagen-99.jpg?fit=1022%2C451&ssl=1&resize=700%2C400 2x"},"classes":[]}],"jetpack_sharing_enabled":true,"_links":{"self":[{"href":"https:\/\/kalot.com.mx\/site\/wp-json\/wp\/v2\/posts\/13685","targetHints":{"allow":["GET"]}}],"collection":[{"href":"https:\/\/kalot.com.mx\/site\/wp-json\/wp\/v2\/posts"}],"about":[{"href":"https:\/\/kalot.com.mx\/site\/wp-json\/wp\/v2\/types\/post"}],"author":[{"embeddable":true,"href":"https:\/\/kalot.com.mx\/site\/wp-json\/wp\/v2\/users\/51"}],"replies":[{"embeddable":true,"href":"https:\/\/kalot.com.mx\/site\/wp-json\/wp\/v2\/comments?post=13685"}],"version-history":[{"count":0,"href":"https:\/\/kalot.com.mx\/site\/wp-json\/wp\/v2\/posts\/13685\/revisions"}],"wp:featuredmedia":[{"embeddable":true,"href":"https:\/\/kalot.com.mx\/site\/wp-json\/wp\/v2\/media\/13686"}],"wp:attachment":[{"href":"https:\/\/kalot.com.mx\/site\/wp-json\/wp\/v2\/media?parent=13685"}],"wp:term":[{"taxonomy":"category","embeddable":true,"href":"https:\/\/kalot.com.mx\/site\/wp-json\/wp\/v2\/categories?post=13685"},{"taxonomy":"post_tag","embeddable":true,"href":"https:\/\/kalot.com.mx\/site\/wp-json\/wp\/v2\/tags?post=13685"}],"curies":[{"name":"wp","href":"https:\/\/api.w.org\/{rel}","templated":true}]}}