{"id":13574,"date":"2014-03-18T19:44:40","date_gmt":"2014-03-19T01:44:40","guid":{"rendered":"http:\/\/www.kalot.com.mx\/?p=13574"},"modified":"2017-12-20T14:35:14","modified_gmt":"2017-12-20T20:35:14","slug":"semana-de-cine-erotico-clasico-en-la-cineteca-alameda","status":"publish","type":"post","link":"https:\/\/kalot.com.mx\/site\/2014\/03\/18\/semana-de-cine-erotico-clasico-en-la-cineteca-alameda\/","title":{"rendered":"Semana de Cine Er\u00f3tico Cl\u00e1sico en la Cineteca Alameda"},"content":{"rendered":"<p style=\"text-align: justify\">Cineteca Alameda presenta la <strong>Semana de Cine Er\u00f3tico Cl\u00e1sico<\/strong>, donde a lo largo de siete d\u00edas se presentan en pantalla siete pel\u00edculas diferentes que abordan el tema del erotismo visto desde la lente de diversos directores y pa\u00edses.<\/p>\n<p style=\"text-align: justify\">En esta semana, que inici\u00f3 <strong>desde el lunes 17 y culminar\u00e1 el domingo 23<\/strong> del presente mes. El lunes se present\u00f3 la cinta japonesa <strong>El Imperio de los Sentidos<\/strong> <em>(Nagisa Oshima)<\/em> pel\u00edcula franco-japonesa que narra, de manera sexualmente expl\u00edcita, un hecho ocurrido en la realidad en Jap\u00f3n, en la d\u00e9cada de 1930.<\/p>\n[embedvideo id=&#8221;Db4sNB68-VY&#8221; website=&#8221;youtube&#8221;]\n<p style=\"text-align: justify\">Continuando el d\u00eda martes con <strong>9 \u00bd Semanas <\/strong><em>(Adrian Lyne)<\/em> donde <strong>Elizabeth<\/strong> <em>(Kim Basinger)<\/em> es una mujer divorciada que trabaja junto con su amiga Molly (Margaret Whitton) en una galer\u00eda de arte en Manhattan. Un d\u00eda conoce a <strong>John<\/strong> <em>(Mickey Rourke)<\/em> y comienza una relaci\u00f3n de sexo desenfrenado donde se pondr\u00e1 a prueba el concepto de lo que significa una relaci\u00f3n totalmente apasionada. Gran <strong>soundtrack ochentero<\/strong> sobra decir.<\/p>\n[embedvideo id=&#8221;YjbuFdKdx6A&#8221; website=&#8221;youtube&#8221;]\n<p style=\"text-align: justify\">El mi\u00e9rcoles 19 se presenta <strong>Las Edades de Lul\u00fa<\/strong> <em>(Juan Jos\u00e9 Bigas Luna)<\/em> cinta espa\u00f1ola que adapta la novela de <strong>Almudena Grandes<\/strong> sobre Lul\u00fa, una ni\u00f1a de quince a\u00f1os que sucumbe a los atractivos de Pablo (Javier Bardem), un amigo de la familia.<\/p>\n<p>\u00a0[embedvideo id=&#8221;XstH2lU2Jzs&#8221; website=&#8221;youtube&#8221;]\n<p>El jueves 20 continua el ciclo con\u00a0<strong>El\u00a0\u00daltimo Tango en Paris<\/strong>\u00a0de Bernardo Bertolucci, pel\u00edcula protagonizada por\u00a0<strong>Marlon Brando<\/strong>\u00a0y Maria Schneider, en la que dos desconocidos comienzan una relaci\u00f3n basada \u00fanicamente en la experiencia sexual en un departamento abandonado. Pel\u00edcula que en su tiempo gener\u00f3 mucha <strong>controversia<\/strong> por los desnudos frontales de la protagonista, adem\u00e1s de que ese mismo a\u00f1o Brando estren\u00f3 tambi\u00e9n una &#8220;peque\u00f1a&#8221; pel\u00edcula de g\u00e1ngsters titulada <strong>The Godfather <\/strong><em>(1972)<\/em>.<\/p>\n[embedvideo id=&#8221;3x4UOsLC0OE&#8221; website=&#8221;youtube&#8221;]\n<p style=\"text-align: justify\">La italiana <strong>El Portero de Noche<\/strong>\u00a0<em>(1974)<\/em> de Liliana Cavini es una historia de recelos mutuos, de relaciones donde el odio y el deseo se entremezclan, donde lo odiado se recubre con el manto de lo deseado. Se presenta el viernes 21 en sus 3 funciones.<\/p>\n[embedvideo id=&#8221;7Yi6UMuXodw&#8221; website=&#8221;youtube&#8221;]\n<p style=\"text-align: justify\">El cl\u00e1sico de Stanley Kubrick, \u00a0<strong>Lolita<\/strong>\u00a0<em>(1962)<\/em> basada en la\u00a0novela del mismo t\u00edtulo\u00a0de\u00a0Vladimir Nabokovy estar\u00e1 presente en la Cineteca Alameda durante su proyecci\u00f3n el s\u00e1bado 22: mientras que\u00a0<strong>Emmanuelle<\/strong> (Just Jaeckin) del a\u00f1o 1974 se presentar\u00e1 el 23 respectivamente, siguiendo la linea del cine er\u00f3tico que caracteriza este ciclo.<\/p>\n<p style=\"text-align: justify\">[embedvideo id=&#8221;zRVqgvW8100&#8243; website=&#8221;youtube&#8221;]\n[embedvideo id=&#8221;g3hSsK61NsE&#8221; website=&#8221;youtube&#8221;]\n<p style=\"text-align: justify\">Las<strong> funciones<\/strong> de la <strong>Semana de Cine Er\u00f3tico Cl\u00e1sico<\/strong> son a las <strong>16:00, 18:15 y 20:30 hrs<\/strong>, <span style=\"color: #ff0000\">a excepci\u00f3n de la cinta <strong><i>Lolita<\/i><\/strong>, que por su duraci\u00f3n tendr\u00e1 s\u00f3lo dos funciones el d\u00eda 22 a las 18:00 y 20:45 hrs.<span style=\"color: #000000\">\u00a0Con cuota de recuperaci\u00f3n de $40 general y $25 estudiantes (<em>presentando credencial Actitud Joven e INAPAM<\/em>)<\/span><\/span><\/p>\n<p style=\"text-align: justify\">\u00a0<strong>\u00bfQue les parece kalochos?<\/strong> No dejen esta maravillosa oportunidad de contemplar cine er\u00f3tico con excelente calidad en el nuevo proyector de nuestros amigos de la Cineteca Alameda. Les dejamos el calendario a continuaci\u00f3n:<\/p>\n<p style=\"text-align: justify\"><a href=\"https:\/\/i0.wp.com\/www.kalot.com.mx\/wp-content\/uploads\/2014\/03\/cine-erotico_web.jpg\"><img fetchpriority=\"high\" decoding=\"async\" data-attachment-id=\"13576\" data-permalink=\"https:\/\/kalot.com.mx\/site\/2014\/03\/18\/semana-de-cine-erotico-clasico-en-la-cineteca-alameda\/print-2\/\" data-orig-file=\"https:\/\/i0.wp.com\/kalot.com.mx\/site\/wp-content\/uploads\/2014\/03\/cine-erotico_web.jpg?fit=567%2C851&amp;ssl=1\" data-orig-size=\"567,851\" data-comments-opened=\"1\" data-image-meta=\"{&quot;aperture&quot;:&quot;0&quot;,&quot;credit&quot;:&quot;&quot;,&quot;camera&quot;:&quot;&quot;,&quot;caption&quot;:&quot;&quot;,&quot;created_timestamp&quot;:&quot;0&quot;,&quot;copyright&quot;:&quot;&quot;,&quot;focal_length&quot;:&quot;0&quot;,&quot;iso&quot;:&quot;0&quot;,&quot;shutter_speed&quot;:&quot;0&quot;,&quot;title&quot;:&quot;Print&quot;,&quot;orientation&quot;:&quot;1&quot;}\" data-image-title=\"Print\" data-image-description=\"\" data-image-caption=\"\" data-large-file=\"https:\/\/i0.wp.com\/kalot.com.mx\/site\/wp-content\/uploads\/2014\/03\/cine-erotico_web.jpg?fit=567%2C851&amp;ssl=1\" class=\"aligncenter size-full wp-image-13576\" alt=\"Print\" src=\"https:\/\/i1.wp.com\/kalot.com.mx\/site\/wp-content\/uploads\/2014\/03\/cine-erotico_web.jpg?fit=567%2C851&#038;ssl=1\" width=\"567\" height=\"851\" srcset=\"https:\/\/i0.wp.com\/kalot.com.mx\/site\/wp-content\/uploads\/2014\/03\/cine-erotico_web.jpg?w=567&amp;ssl=1 567w, https:\/\/i0.wp.com\/kalot.com.mx\/site\/wp-content\/uploads\/2014\/03\/cine-erotico_web.jpg?resize=380%2C570&amp;ssl=1 380w, https:\/\/i0.wp.com\/kalot.com.mx\/site\/wp-content\/uploads\/2014\/03\/cine-erotico_web.jpg?resize=300%2C450&amp;ssl=1 300w, https:\/\/i0.wp.com\/kalot.com.mx\/site\/wp-content\/uploads\/2014\/03\/cine-erotico_web.jpg?resize=200%2C300&amp;ssl=1 200w\" sizes=\"(max-width: 567px) 100vw, 567px\" \/><\/a><\/p>\n<p style=\"text-align: justify\">Consulte cartelera y sinopsis en <a href=\"http:\/\/www.cinetecaalameda.net\/sitio\">www.cinetecaalameda.net\/sitio<\/a>.<\/p>\n","protected":false},"excerpt":{"rendered":"Cineteca Alameda presenta la Semana de Cine Er\u00f3tico Cl\u00e1sico, donde a lo largo de siete d\u00edas se presentan&hellip;\n","protected":false},"author":18,"featured_media":13576,"comment_status":"open","ping_status":"open","sticky":false,"template":"","format":"standard","meta":{"jetpack_post_was_ever_published":false,"_jetpack_newsletter_access":"","_jetpack_dont_email_post_to_subs":false,"_jetpack_newsletter_tier_id":0,"_jetpack_memberships_contains_paywalled_content":false,"_jetpack_memberships_contains_paid_content":false,"footnotes":"","jetpack_publicize_message":"","jetpack_publicize_feature_enabled":true,"jetpack_social_post_already_shared":true,"jetpack_social_options":{"image_generator_settings":{"template":"highway","default_image_id":0,"font":"","enabled":false},"version":2}},"categories":[1],"tags":[],"class_list":{"0":"post-13574","1":"post","2":"type-post","3":"status-publish","4":"format-standard","5":"has-post-thumbnail","7":"category-sin-categoria","8":"cs-entry","9":"cs-video-wrap"},"yoast_head":"<!-- This site is optimized with the Yoast SEO plugin v27.5 - https:\/\/yoast.com\/product\/yoast-seo-wordpress\/ -->\n<title>Semana de Cine Er\u00f3tico Cl\u00e1sico en la Cineteca Alameda - Kalot<\/title>\n<meta name=\"description\" content=\"Cineteca Alameda presenta la Semana de Cine Er\u00f3tico Cl\u00e1sico, donde a lo largo de siete d\u00edas se presentan en pantalla siete pel\u00edculas diferentes que\" \/>\n<meta name=\"robots\" content=\"index, follow, max-snippet:-1, max-image-preview:large, max-video-preview:-1\" \/>\n<link rel=\"canonical\" href=\"https:\/\/kalot.com.mx\/site\/2014\/03\/18\/semana-de-cine-erotico-clasico-en-la-cineteca-alameda\/\" \/>\n<meta property=\"og:locale\" content=\"es_MX\" \/>\n<meta property=\"og:type\" content=\"article\" \/>\n<meta property=\"og:title\" content=\"Semana de Cine Er\u00f3tico Cl\u00e1sico en la Cineteca Alameda - Kalot\" \/>\n<meta property=\"og:description\" content=\"Cineteca Alameda presenta la Semana de Cine Er\u00f3tico Cl\u00e1sico, donde a lo largo de siete d\u00edas se presentan en pantalla siete pel\u00edculas diferentes que\" \/>\n<meta property=\"og:url\" content=\"https:\/\/kalot.com.mx\/site\/2014\/03\/18\/semana-de-cine-erotico-clasico-en-la-cineteca-alameda\/\" \/>\n<meta property=\"og:site_name\" content=\"Kalot\" \/>\n<meta property=\"article:publisher\" content=\"http:\/\/facebook.com\/mxkalot\" \/>\n<meta property=\"article:author\" content=\"https:\/\/www.facebook.com\/don.capu\" \/>\n<meta property=\"article:published_time\" content=\"2014-03-19T01:44:40+00:00\" \/>\n<meta property=\"article:modified_time\" content=\"2017-12-20T20:35:14+00:00\" \/>\n<meta property=\"og:image\" content=\"https:\/\/i2.wp.com\/kalot.com.mx\/site\/wp-content\/uploads\/2014\/03\/cine-erotico_web.jpg?fit=567%2C851&ssl=1\" \/>\n\t<meta property=\"og:image:width\" content=\"567\" \/>\n\t<meta property=\"og:image:height\" content=\"851\" \/>\n\t<meta property=\"og:image:type\" content=\"image\/jpeg\" \/>\n<meta name=\"author\" content=\"Omar Herrera\" \/>\n<meta name=\"twitter:card\" content=\"summary_large_image\" \/>\n<meta name=\"twitter:creator\" content=\"@thedoncapu\" \/>\n<meta name=\"twitter:site\" content=\"@kalotmx\" \/>\n<meta name=\"twitter:label1\" content=\"Escrito por\" \/>\n\t<meta name=\"twitter:data1\" content=\"Omar Herrera\" \/>\n\t<meta name=\"twitter:label2\" content=\"Tiempo de lectura\" \/>\n\t<meta name=\"twitter:data2\" content=\"3 minutos\" \/>\n<!-- \/ Yoast SEO plugin. -->","yoast_head_json":{"title":"Semana de Cine Er\u00f3tico Cl\u00e1sico en la Cineteca Alameda - Kalot","description":"Cineteca Alameda presenta la Semana de Cine Er\u00f3tico Cl\u00e1sico, donde a lo largo de siete d\u00edas se presentan en pantalla siete pel\u00edculas diferentes que","robots":{"index":"index","follow":"follow","max-snippet":"max-snippet:-1","max-image-preview":"max-image-preview:large","max-video-preview":"max-video-preview:-1"},"canonical":"https:\/\/kalot.com.mx\/site\/2014\/03\/18\/semana-de-cine-erotico-clasico-en-la-cineteca-alameda\/","og_locale":"es_MX","og_type":"article","og_title":"Semana de Cine Er\u00f3tico Cl\u00e1sico en la Cineteca Alameda - Kalot","og_description":"Cineteca Alameda presenta la Semana de Cine Er\u00f3tico Cl\u00e1sico, donde a lo largo de siete d\u00edas se presentan en pantalla siete pel\u00edculas diferentes que","og_url":"https:\/\/kalot.com.mx\/site\/2014\/03\/18\/semana-de-cine-erotico-clasico-en-la-cineteca-alameda\/","og_site_name":"Kalot","article_publisher":"http:\/\/facebook.com\/mxkalot","article_author":"https:\/\/www.facebook.com\/don.capu","article_published_time":"2014-03-19T01:44:40+00:00","article_modified_time":"2017-12-20T20:35:14+00:00","og_image":[{"width":567,"height":851,"url":"https:\/\/i2.wp.com\/kalot.com.mx\/site\/wp-content\/uploads\/2014\/03\/cine-erotico_web.jpg?fit=567%2C851&ssl=1","type":"image\/jpeg"}],"author":"Omar Herrera","twitter_card":"summary_large_image","twitter_creator":"@thedoncapu","twitter_site":"@kalotmx","twitter_misc":{"Escrito por":"Omar Herrera","Tiempo de lectura":"3 minutos"},"schema":{"@context":"https:\/\/schema.org","@graph":[{"@type":"Article","@id":"https:\/\/kalot.com.mx\/site\/2014\/03\/18\/semana-de-cine-erotico-clasico-en-la-cineteca-alameda\/#article","isPartOf":{"@id":"https:\/\/kalot.com.mx\/site\/2014\/03\/18\/semana-de-cine-erotico-clasico-en-la-cineteca-alameda\/"},"author":{"name":"Omar Herrera","@id":"https:\/\/kalot.com.mx\/site\/#\/schema\/person\/1bf32c47ee15104d1e824350c07ac220"},"headline":"Semana de Cine Er\u00f3tico Cl\u00e1sico en la Cineteca Alameda","datePublished":"2014-03-19T01:44:40+00:00","dateModified":"2017-12-20T20:35:14+00:00","mainEntityOfPage":{"@id":"https:\/\/kalot.com.mx\/site\/2014\/03\/18\/semana-de-cine-erotico-clasico-en-la-cineteca-alameda\/"},"wordCount":546,"commentCount":8,"publisher":{"@id":"https:\/\/kalot.com.mx\/site\/#organization"},"image":{"@id":"https:\/\/kalot.com.mx\/site\/2014\/03\/18\/semana-de-cine-erotico-clasico-en-la-cineteca-alameda\/#primaryimage"},"thumbnailUrl":"https:\/\/i0.wp.com\/kalot.com.mx\/site\/wp-content\/uploads\/2014\/03\/cine-erotico_web.jpg?fit=567%2C851&ssl=1","inLanguage":"es","potentialAction":[{"@type":"CommentAction","name":"Comment","target":["https:\/\/kalot.com.mx\/site\/2014\/03\/18\/semana-de-cine-erotico-clasico-en-la-cineteca-alameda\/#respond"]}]},{"@type":"WebPage","@id":"https:\/\/kalot.com.mx\/site\/2014\/03\/18\/semana-de-cine-erotico-clasico-en-la-cineteca-alameda\/","url":"https:\/\/kalot.com.mx\/site\/2014\/03\/18\/semana-de-cine-erotico-clasico-en-la-cineteca-alameda\/","name":"Semana de Cine Er\u00f3tico Cl\u00e1sico en la Cineteca Alameda - Kalot","isPartOf":{"@id":"https:\/\/kalot.com.mx\/site\/#website"},"primaryImageOfPage":{"@id":"https:\/\/kalot.com.mx\/site\/2014\/03\/18\/semana-de-cine-erotico-clasico-en-la-cineteca-alameda\/#primaryimage"},"image":{"@id":"https:\/\/kalot.com.mx\/site\/2014\/03\/18\/semana-de-cine-erotico-clasico-en-la-cineteca-alameda\/#primaryimage"},"thumbnailUrl":"https:\/\/i0.wp.com\/kalot.com.mx\/site\/wp-content\/uploads\/2014\/03\/cine-erotico_web.jpg?fit=567%2C851&ssl=1","datePublished":"2014-03-19T01:44:40+00:00","dateModified":"2017-12-20T20:35:14+00:00","description":"Cineteca Alameda presenta la Semana de Cine Er\u00f3tico Cl\u00e1sico, donde a lo largo de siete d\u00edas se presentan en pantalla siete pel\u00edculas diferentes que","breadcrumb":{"@id":"https:\/\/kalot.com.mx\/site\/2014\/03\/18\/semana-de-cine-erotico-clasico-en-la-cineteca-alameda\/#breadcrumb"},"inLanguage":"es","potentialAction":[{"@type":"ReadAction","target":["https:\/\/kalot.com.mx\/site\/2014\/03\/18\/semana-de-cine-erotico-clasico-en-la-cineteca-alameda\/"]}]},{"@type":"ImageObject","inLanguage":"es","@id":"https:\/\/kalot.com.mx\/site\/2014\/03\/18\/semana-de-cine-erotico-clasico-en-la-cineteca-alameda\/#primaryimage","url":"https:\/\/i0.wp.com\/kalot.com.mx\/site\/wp-content\/uploads\/2014\/03\/cine-erotico_web.jpg?fit=567%2C851&ssl=1","contentUrl":"https:\/\/i0.wp.com\/kalot.com.mx\/site\/wp-content\/uploads\/2014\/03\/cine-erotico_web.jpg?fit=567%2C851&ssl=1","width":567,"height":851},{"@type":"BreadcrumbList","@id":"https:\/\/kalot.com.mx\/site\/2014\/03\/18\/semana-de-cine-erotico-clasico-en-la-cineteca-alameda\/#breadcrumb","itemListElement":[{"@type":"ListItem","position":1,"name":"Home","item":"https:\/\/kalot.com.mx\/site\/"},{"@type":"ListItem","position":2,"name":"Semana de Cine Er\u00f3tico Cl\u00e1sico en la Cineteca Alameda"}]},{"@type":"WebSite","@id":"https:\/\/kalot.com.mx\/site\/#website","url":"https:\/\/kalot.com.mx\/site\/","name":"Kalot","description":"Conoce Todo Sobre Todo","publisher":{"@id":"https:\/\/kalot.com.mx\/site\/#organization"},"potentialAction":[{"@type":"SearchAction","target":{"@type":"EntryPoint","urlTemplate":"https:\/\/kalot.com.mx\/site\/?s={search_term_string}"},"query-input":{"@type":"PropertyValueSpecification","valueRequired":true,"valueName":"search_term_string"}}],"inLanguage":"es"},{"@type":"Organization","@id":"https:\/\/kalot.com.mx\/site\/#organization","name":"Kalot","url":"https:\/\/kalot.com.mx\/site\/","logo":{"@type":"ImageObject","inLanguage":"es","@id":"https:\/\/kalot.com.mx\/site\/#\/schema\/logo\/image\/","url":"https:\/\/i0.wp.com\/kalot.com.mx\/site\/wp-content\/uploads\/2020\/04\/Kalot-logo-sin-tagline.png?fit=1707%2C1014&ssl=1","contentUrl":"https:\/\/i0.wp.com\/kalot.com.mx\/site\/wp-content\/uploads\/2020\/04\/Kalot-logo-sin-tagline.png?fit=1707%2C1014&ssl=1","width":1707,"height":1014,"caption":"Kalot"},"image":{"@id":"https:\/\/kalot.com.mx\/site\/#\/schema\/logo\/image\/"},"sameAs":["http:\/\/facebook.com\/mxkalot","https:\/\/x.com\/kalotmx","http:\/\/instagram.com\/kalotmx","http:\/\/pinterest.com\/jorgeerana\/kalot"]},{"@type":"Person","@id":"https:\/\/kalot.com.mx\/site\/#\/schema\/person\/1bf32c47ee15104d1e824350c07ac220","name":"Omar Herrera","image":{"@type":"ImageObject","inLanguage":"es","@id":"https:\/\/secure.gravatar.com\/avatar\/ae84de016d43d093bed40799c6d19430bc23d65401e1d68c9afab71da0688278?s=96&d=mm&r=g","url":"https:\/\/secure.gravatar.com\/avatar\/ae84de016d43d093bed40799c6d19430bc23d65401e1d68c9afab71da0688278?s=96&d=mm&r=g","contentUrl":"https:\/\/secure.gravatar.com\/avatar\/ae84de016d43d093bed40799c6d19430bc23d65401e1d68c9afab71da0688278?s=96&d=mm&r=g","caption":"Omar Herrera"},"description":"Si mi vida se resumiera en una pel\u00edcula, ser\u00eda en una dirigida por Woody Allen. Licenciado en Ciencias y T\u00e9cnicas de la Comunicaci\u00f3n.","sameAs":["http:\/\/www.linkedin.com\/pub\/omar-vargas-herrera\/8a\/792\/288","https:\/\/www.facebook.com\/don.capu","https:\/\/x.com\/thedoncapu"],"url":"https:\/\/kalot.com.mx\/site\/author\/doncapu\/"}]}},"jetpack_publicize_connections":[],"jetpack_featured_media_url":"https:\/\/i0.wp.com\/kalot.com.mx\/site\/wp-content\/uploads\/2014\/03\/cine-erotico_web.jpg?fit=567%2C851&ssl=1","jetpack_shortlink":"https:\/\/wp.me\/p6IHEI-3wW","jetpack-related-posts":[{"id":13511,"url":"https:\/\/kalot.com.mx\/site\/2014\/03\/17\/cine-erotico\/","url_meta":{"origin":13574,"position":0},"title":"\u00a1Cine er\u00f3tico!","author":"Andrea Debo","date":"17 marzo, 2014","format":false,"excerpt":"\u00c9sta semana, la\u00a0@CinetecaSLP\u00a0presentar\u00e1 la semana de cine er\u00f3tico cl\u00e1sico, pero quiz\u00e1 muchos no sepamos de d\u00f3nde viene el cine er\u00f3tico y claro muchas de esas pel\u00edculas. Quiz\u00e1 podemos confundir el cine er\u00f3tico con la pornograf\u00eda, dependiendo del punto de vista de cada quien, para aquellos conservadores se les respeta lo\u2026","rel":"","context":"En &quot;Sin categor\u00eda&quot;","block_context":{"text":"Sin categor\u00eda","link":"https:\/\/kalot.com.mx\/site\/category\/sin-categoria\/"},"img":{"alt_text":"","src":"https:\/\/i0.wp.com\/kalot.com.mx\/site\/wp-content\/uploads\/2014\/03\/20120903214507-maria-schneider.jpg?fit=619%2C464&ssl=1&resize=350%2C200","width":350,"height":200,"srcset":"https:\/\/i0.wp.com\/kalot.com.mx\/site\/wp-content\/uploads\/2014\/03\/20120903214507-maria-schneider.jpg?fit=619%2C464&ssl=1&resize=350%2C200 1x, https:\/\/i0.wp.com\/kalot.com.mx\/site\/wp-content\/uploads\/2014\/03\/20120903214507-maria-schneider.jpg?fit=619%2C464&ssl=1&resize=525%2C300 1.5x"},"classes":[]},{"id":21863,"url":"https:\/\/kalot.com.mx\/site\/2015\/06\/22\/ciclo-chavos-pendejos-y-garotos-en-cineteca-alameda\/","url_meta":{"origin":13574,"position":1},"title":"Ciclo &#8220;Chavos, Pendejos y Garotos&#8221; en Cineteca Alameda","author":"Omar Herrera","date":"22 junio, 2015","format":false,"excerpt":"Cineteca Alameda ofrece una mirada actual al cine juvenil y latinoamericano con el ciclo Chavos, Pendejos y Garotos, ciclo que desde su nombre hace referencia a la forma de dirigirse a la juventud en los tres pa\u00edses que forman parte de esta selecci\u00f3n: M\u00e9xico, Argentina y Brasil. Del 22 al\u2026","rel":"","context":"Entrada similar ","block_context":{"text":"Entrada similar ","link":""},"img":{"alt_text":"Chavos, pendejos y garotos","src":"https:\/\/i0.wp.com\/www.kalot.com.mx\/wp-content\/uploads\/2015\/06\/Chavos-pendejos-y-garotos.png?resize=350%2C200","width":350,"height":200,"srcset":"https:\/\/i0.wp.com\/www.kalot.com.mx\/wp-content\/uploads\/2015\/06\/Chavos-pendejos-y-garotos.png?resize=350%2C200 1x, https:\/\/i0.wp.com\/www.kalot.com.mx\/wp-content\/uploads\/2015\/06\/Chavos-pendejos-y-garotos.png?resize=525%2C300 1.5x"},"classes":[]},{"id":13991,"url":"https:\/\/kalot.com.mx\/site\/2014\/03\/26\/de-tal-padre-tal-hijo-en-la-cineteca-alameda-estreno-exclusivo\/","url_meta":{"origin":13574,"position":2},"title":"De tal padre, tal hijo en la Cineteca Alameda [ESTRENO EXCLUSIVO]","author":"Omar Herrera","date":"26 marzo, 2014","format":false,"excerpt":"Nominada a la Palma de oro y ganadora del Premio del Jurado en\u00a0la pasada edici\u00f3n del Festival de Cannes y Premio del P\u00fablico en la \u00faltima edici\u00f3n del Festival de San Sebasti\u00e1n,\u00a0y\u00a0protagonizada por Fukuyama Masaharu,\u00a0Lily Franky, Maki Y\u014dko y Ono Machiko.\u00a0De tal padre, tal hijo se estrenar\u00e1 en Cineteca Alameda\u2026","rel":"","context":"En &quot;Sin categor\u00eda&quot;","block_context":{"text":"Sin categor\u00eda","link":"https:\/\/kalot.com.mx\/site\/category\/sin-categoria\/"},"img":{"alt_text":"","src":"https:\/\/i0.wp.com\/kalot.com.mx\/site\/wp-content\/uploads\/2014\/03\/img_00.jpg?fit=1200%2C985&ssl=1&resize=350%2C200","width":350,"height":200,"srcset":"https:\/\/i0.wp.com\/kalot.com.mx\/site\/wp-content\/uploads\/2014\/03\/img_00.jpg?fit=1200%2C985&ssl=1&resize=350%2C200 1x, https:\/\/i0.wp.com\/kalot.com.mx\/site\/wp-content\/uploads\/2014\/03\/img_00.jpg?fit=1200%2C985&ssl=1&resize=525%2C300 1.5x, https:\/\/i0.wp.com\/kalot.com.mx\/site\/wp-content\/uploads\/2014\/03\/img_00.jpg?fit=1200%2C985&ssl=1&resize=700%2C400 2x, https:\/\/i0.wp.com\/kalot.com.mx\/site\/wp-content\/uploads\/2014\/03\/img_00.jpg?fit=1200%2C985&ssl=1&resize=1050%2C600 3x"},"classes":[]},{"id":22415,"url":"https:\/\/kalot.com.mx\/site\/2015\/07\/21\/ciclo-8-fantasticas-cine-sci-fi-en-cineteca-alameda-boletos-gratis\/","url_meta":{"origin":13574,"position":3},"title":"Ciclo 8 Fant\u00e1sticas Cine Sci-Fi en Cineteca Alameda (+Boletos gratis)","author":"Omar Herrera","date":"21 julio, 2015","format":false,"excerpt":"Desde el 19 y hasta el 25 de julio la Cineteca Alameda (Av. Universidad #575) estar\u00e1 proyectando un ciclo que desde hace ya un tiempo los cin\u00e9filos potosinos estaban pidiendo con ansias. La ciencia ficci\u00f3n resulta ser uno de los g\u00e9neros m\u00e1s queridos por la audiencia; esto sea quiz\u00e1s por\u2026","rel":"","context":"Con 16 comentarios","block_context":{"text":"Con 16 comentarios","link":"https:\/\/kalot.com.mx\/site\/2015\/07\/21\/ciclo-8-fantasticas-cine-sci-fi-en-cineteca-alameda-boletos-gratis\/#comments"},"img":{"alt_text":"","src":"https:\/\/i0.wp.com\/kalot.com.mx\/site\/wp-content\/uploads\/2015\/07\/11227534_841106705965206_8947656212761361688_o.jpg?fit=1200%2C599&ssl=1&resize=350%2C200","width":350,"height":200,"srcset":"https:\/\/i0.wp.com\/kalot.com.mx\/site\/wp-content\/uploads\/2015\/07\/11227534_841106705965206_8947656212761361688_o.jpg?fit=1200%2C599&ssl=1&resize=350%2C200 1x, https:\/\/i0.wp.com\/kalot.com.mx\/site\/wp-content\/uploads\/2015\/07\/11227534_841106705965206_8947656212761361688_o.jpg?fit=1200%2C599&ssl=1&resize=525%2C300 1.5x, https:\/\/i0.wp.com\/kalot.com.mx\/site\/wp-content\/uploads\/2015\/07\/11227534_841106705965206_8947656212761361688_o.jpg?fit=1200%2C599&ssl=1&resize=700%2C400 2x, https:\/\/i0.wp.com\/kalot.com.mx\/site\/wp-content\/uploads\/2015\/07\/11227534_841106705965206_8947656212761361688_o.jpg?fit=1200%2C599&ssl=1&resize=1050%2C600 3x"},"classes":[]},{"id":2082,"url":"https:\/\/kalot.com.mx\/site\/2013\/09\/20\/octubre-mes-del-rodandofilmfestival\/","url_meta":{"origin":13574,"position":4},"title":"Octubre, mes del #RodandoFilmFestival","author":"Misael Gallegos","date":"20 septiembre, 2013","format":false,"excerpt":"Regresa uno de los festivales m\u00e1s importantes de cine en la ciudad de San Luis Potos\u00ed en su tercera edici\u00f3n y se llevar\u00e1 a cabo del d\u00eda 18 al 26 de octubre en diferentes sedes de la ciudad y como principal la ic\u00f3nica \u201cCineteca alameda\u201d. Rodando Film Festival aparte de\u2026","rel":"","context":"Con 1 comentario","block_context":{"text":"Con 1 comentario","link":"https:\/\/kalot.com.mx\/site\/2013\/09\/20\/octubre-mes-del-rodandofilmfestival\/#comments"},"img":{"alt_text":"","src":"https:\/\/i0.wp.com\/kalot.com.mx\/site\/wp-content\/uploads\/2013\/09\/1185261_603953849656424_490516882_n.jpg?fit=960%2C357&ssl=1&resize=350%2C200","width":350,"height":200,"srcset":"https:\/\/i0.wp.com\/kalot.com.mx\/site\/wp-content\/uploads\/2013\/09\/1185261_603953849656424_490516882_n.jpg?fit=960%2C357&ssl=1&resize=350%2C200 1x, https:\/\/i0.wp.com\/kalot.com.mx\/site\/wp-content\/uploads\/2013\/09\/1185261_603953849656424_490516882_n.jpg?fit=960%2C357&ssl=1&resize=525%2C300 1.5x, https:\/\/i0.wp.com\/kalot.com.mx\/site\/wp-content\/uploads\/2013\/09\/1185261_603953849656424_490516882_n.jpg?fit=960%2C357&ssl=1&resize=700%2C400 2x"},"classes":[]},{"id":14380,"url":"https:\/\/kalot.com.mx\/site\/2014\/04\/02\/la-grande-bellezza-en-la-cineteca-alameda-estreno-exclusivo\/","url_meta":{"origin":13574,"position":5},"title":"La Grande Bellezza en la Cineteca Alameda [ESTRENO EXCLUSIVO]","author":"Omar Herrera","date":"2 abril, 2014","format":false,"excerpt":"Ganadora indiscutible del Oscar a la Mejor Pel\u00edcula Extranjera o hablada en lengua no inglesa, La Gran Belleza (La Grande Bellezza, Italia, 2013 ), dirigida por el italiano Paolo Sorrentino llegar\u00e1 a la capital potosina\u00a0del mi\u00e9rcoles 2 al domingo 6 de abril en la Cineteca Alameda. La Gran Belleza narra\u2026","rel":"","context":"En &quot;Sin categor\u00eda&quot;","block_context":{"text":"Sin categor\u00eda","link":"https:\/\/kalot.com.mx\/site\/category\/sin-categoria\/"},"img":{"alt_text":"","src":"https:\/\/i0.wp.com\/kalot.com.mx\/site\/wp-content\/uploads\/2014\/04\/hero_GreatBeauty-2013-1.jpg?fit=1200%2C500&ssl=1&resize=350%2C200","width":350,"height":200,"srcset":"https:\/\/i0.wp.com\/kalot.com.mx\/site\/wp-content\/uploads\/2014\/04\/hero_GreatBeauty-2013-1.jpg?fit=1200%2C500&ssl=1&resize=350%2C200 1x, https:\/\/i0.wp.com\/kalot.com.mx\/site\/wp-content\/uploads\/2014\/04\/hero_GreatBeauty-2013-1.jpg?fit=1200%2C500&ssl=1&resize=525%2C300 1.5x, https:\/\/i0.wp.com\/kalot.com.mx\/site\/wp-content\/uploads\/2014\/04\/hero_GreatBeauty-2013-1.jpg?fit=1200%2C500&ssl=1&resize=700%2C400 2x, https:\/\/i0.wp.com\/kalot.com.mx\/site\/wp-content\/uploads\/2014\/04\/hero_GreatBeauty-2013-1.jpg?fit=1200%2C500&ssl=1&resize=1050%2C600 3x"},"classes":[]}],"jetpack_sharing_enabled":true,"_links":{"self":[{"href":"https:\/\/kalot.com.mx\/site\/wp-json\/wp\/v2\/posts\/13574","targetHints":{"allow":["GET"]}}],"collection":[{"href":"https:\/\/kalot.com.mx\/site\/wp-json\/wp\/v2\/posts"}],"about":[{"href":"https:\/\/kalot.com.mx\/site\/wp-json\/wp\/v2\/types\/post"}],"author":[{"embeddable":true,"href":"https:\/\/kalot.com.mx\/site\/wp-json\/wp\/v2\/users\/18"}],"replies":[{"embeddable":true,"href":"https:\/\/kalot.com.mx\/site\/wp-json\/wp\/v2\/comments?post=13574"}],"version-history":[{"count":1,"href":"https:\/\/kalot.com.mx\/site\/wp-json\/wp\/v2\/posts\/13574\/revisions"}],"predecessor-version":[{"id":29735,"href":"https:\/\/kalot.com.mx\/site\/wp-json\/wp\/v2\/posts\/13574\/revisions\/29735"}],"wp:featuredmedia":[{"embeddable":true,"href":"https:\/\/kalot.com.mx\/site\/wp-json\/wp\/v2\/media\/13576"}],"wp:attachment":[{"href":"https:\/\/kalot.com.mx\/site\/wp-json\/wp\/v2\/media?parent=13574"}],"wp:term":[{"taxonomy":"category","embeddable":true,"href":"https:\/\/kalot.com.mx\/site\/wp-json\/wp\/v2\/categories?post=13574"},{"taxonomy":"post_tag","embeddable":true,"href":"https:\/\/kalot.com.mx\/site\/wp-json\/wp\/v2\/tags?post=13574"}],"curies":[{"name":"wp","href":"https:\/\/api.w.org\/{rel}","templated":true}]}}