{"id":13565,"date":"2014-03-18T12:44:17","date_gmt":"2014-03-18T18:44:17","guid":{"rendered":"http:\/\/www.kalot.com.mx\/?p=13565"},"modified":"2014-03-18T12:44:17","modified_gmt":"2014-03-18T18:44:17","slug":"expo-antad-2014-una-verdadera-oportunidad-de-crecer","status":"publish","type":"post","link":"https:\/\/kalot.com.mx\/site\/2014\/03\/18\/expo-antad-2014-una-verdadera-oportunidad-de-crecer\/","title":{"rendered":"EXPO-ANTAD 2014 una verdadera oportunidad de crecer"},"content":{"rendered":"<p style=\"text-align: justify\">La semana pasada, desde el d\u00eda mi\u00e9rcoles 12, hasta el viernes 14, tuvo sede en Guadalajara, en el sal\u00f3n Expo-Guadalajara, la edici\u00f3n 2014 de EXPO-ANTAD, uno de los eventos m\u00e1s importantes para las empresas de entrar den cadenas realmente importantes y que podr\u00edan hacerlos crecer.<\/p>\n<p style=\"text-align: justify\">EXPO-ANTAD es un punto de encuentro para poder integrar a las empresas, de todo tipo y tama\u00f1o, desde PYMES hasta grandes empresas al comercio detallista, o cadenas comerciales realmente fuertes, y con esto lograr fomentar el desarrollo y crecimiento del sector.<\/p>\n<p style=\"text-align: justify\">En esta Expo, se generan ambientes de negocios que permiten a peque\u00f1os empresarios, o empresas que est\u00e1n creciendo, o que simplemente buscan oportunidades nuevas, para poder facilitar la eficiencia de sus negocios, para mejorar su distribuci\u00f3n.<\/p>\n<p style=\"text-align: justify\">En este evento se permiten crear encuentros entre estas empresas con grandes cadenas, y dependiendo de sus metas u objetivos comerciales, porque est\u00e1n en conjunto m\u00e1s de 2,200 empresas, y acuden m\u00e1s de 37,000 visitantes profesionales, que es el punto importante.<\/p>\n<p style=\"text-align: justify\">Las empresas peque\u00f1as, medianas y grandes, en este evento pueden realizar encuentros de negocios con las cadenas de Autoservicios, departamentales y especializadas, dependiendo de cual sea su objetivo.<\/p>\n<p style=\"text-align: justify\">En este evento, se presentan muchos tipos de empresas, ya que existen 3 salones, el sal\u00f3n Guadalajara, Jalisco y el M\u00e9xico, en este \u00faltimo, es permitido para peque\u00f1os, y micro empresas, que quieren empezar a crecer, con un stand peque\u00f1o, en estos generalmente los estados dan su apoyo para que acudan estas empresas, adem\u00e1s de sus artesanos, entre otros.<\/p>\n<p style=\"text-align: justify\">En los dem\u00e1s salones, vienen todo tipo de empresas, que tienen generalmente apoyo de sus gobiernos, San Luis tuvo participaci\u00f3n con varias empresas, como lo fueron F\u00e1brica de Chocolates y Dulces Costanzo S.A. de C.V., Helados SanMy, Oleico, Propecsa, Gomina.<\/p>\n<p style=\"text-align: justify\">Este tipo de Expo son muy diferentes a muchas otras, pues en esta no acude el p\u00fablico en general, (Salvo el viernes cuando se obsequian las muestras y degustaciones) sino que acuden empresarios, gente realmente profesional, que acude a negociar, a buscar oportunidades, a tratar de entrar en nuevos canales, buscando entrar en empresas del nivel de Walmart, Chedraui, Soriana, OXXO, SAMS, entre muchas otras.<\/p>\n<p style=\"text-align: justify\">Es un evento que realmente vale la pena, si eres un empresario, sin importar el tama\u00f1o de tu empresa, puedes acudir a este evento y buscar oportunidades para poder hacer crecer tu empresa, si es que es tu canal de distribuci\u00f3n correcto, adelante, es una inversi\u00f3n, que si realmente vas con un objetivo fijado, conociendo que canales nos interesan, que zona geogr\u00e1fica queremos cubrir, que cadenas nos interesan, cual es nuestro canal de distribuci\u00f3n principal, es muy importante acudir, pues estas en tu oportunidad de estar frente a frente con los compradores de estas cadenas, de lograr entrar y crecer tu empresa.<\/p>\n","protected":false},"excerpt":{"rendered":"La semana pasada, desde el d\u00eda mi\u00e9rcoles 12, hasta el viernes 14, tuvo sede en Guadalajara, en el&hellip;\n","protected":false},"author":11,"featured_media":13566,"comment_status":"open","ping_status":"open","sticky":false,"template":"","format":"standard","meta":{"jetpack_post_was_ever_published":false,"_jetpack_newsletter_access":"","_jetpack_dont_email_post_to_subs":false,"_jetpack_newsletter_tier_id":0,"_jetpack_memberships_contains_paywalled_content":false,"_jetpack_memberships_contains_paid_content":false,"footnotes":"","jetpack_publicize_message":"","jetpack_publicize_feature_enabled":true,"jetpack_social_post_already_shared":true,"jetpack_social_options":{"image_generator_settings":{"template":"highway","default_image_id":0,"font":"","enabled":false},"version":2}},"categories":[],"tags":[],"class_list":{"0":"post-13565","1":"post","2":"type-post","3":"status-publish","4":"format-standard","5":"has-post-thumbnail","7":"cs-entry","8":"cs-video-wrap"},"yoast_head":"<!-- This site is optimized with the Yoast SEO plugin v27.5 - https:\/\/yoast.com\/product\/yoast-seo-wordpress\/ -->\n<title>EXPO-ANTAD 2014 una verdadera oportunidad de crecer - Kalot<\/title>\n<meta name=\"description\" content=\"La semana pasada, desde el d\u00eda mi\u00e9rcoles 12, hasta el viernes 14, tuvo sede en Guadalajara, en el sal\u00f3n Expo-Guadalajara, la edici\u00f3n 2014 de EXPO-ANTAD,\" \/>\n<meta name=\"robots\" content=\"index, follow, max-snippet:-1, max-image-preview:large, max-video-preview:-1\" \/>\n<link rel=\"canonical\" href=\"https:\/\/kalot.com.mx\/site\/2014\/03\/18\/expo-antad-2014-una-verdadera-oportunidad-de-crecer\/\" \/>\n<meta property=\"og:locale\" content=\"es_MX\" \/>\n<meta property=\"og:type\" content=\"article\" \/>\n<meta property=\"og:title\" content=\"EXPO-ANTAD 2014 una verdadera oportunidad de crecer - Kalot\" \/>\n<meta property=\"og:description\" content=\"La semana pasada, desde el d\u00eda mi\u00e9rcoles 12, hasta el viernes 14, tuvo sede en Guadalajara, en el sal\u00f3n Expo-Guadalajara, la edici\u00f3n 2014 de EXPO-ANTAD,\" \/>\n<meta property=\"og:url\" content=\"https:\/\/kalot.com.mx\/site\/2014\/03\/18\/expo-antad-2014-una-verdadera-oportunidad-de-crecer\/\" \/>\n<meta property=\"og:site_name\" content=\"Kalot\" \/>\n<meta property=\"article:publisher\" content=\"http:\/\/facebook.com\/mxkalot\" \/>\n<meta property=\"article:published_time\" content=\"2014-03-18T18:44:17+00:00\" \/>\n<meta property=\"og:image\" content=\"https:\/\/i1.wp.com\/kalot.com.mx\/site\/wp-content\/uploads\/2014\/03\/antad-scaled.jpg?fit=2560%2C1920&ssl=1\" \/>\n\t<meta property=\"og:image:width\" content=\"2560\" \/>\n\t<meta property=\"og:image:height\" content=\"1920\" \/>\n\t<meta property=\"og:image:type\" content=\"image\/jpeg\" \/>\n<meta name=\"author\" content=\"HM_MKT007\" \/>\n<meta name=\"twitter:card\" content=\"summary_large_image\" \/>\n<meta name=\"twitter:creator\" content=\"@HM_MKT007\" \/>\n<meta name=\"twitter:site\" content=\"@kalotmx\" \/>\n<meta name=\"twitter:label1\" content=\"Escrito por\" \/>\n\t<meta name=\"twitter:data1\" content=\"HM_MKT007\" \/>\n\t<meta name=\"twitter:label2\" content=\"Tiempo de lectura\" \/>\n\t<meta name=\"twitter:data2\" content=\"2 minutos\" \/>\n<!-- \/ Yoast SEO plugin. -->","yoast_head_json":{"title":"EXPO-ANTAD 2014 una verdadera oportunidad de crecer - Kalot","description":"La semana pasada, desde el d\u00eda mi\u00e9rcoles 12, hasta el viernes 14, tuvo sede en Guadalajara, en el sal\u00f3n Expo-Guadalajara, la edici\u00f3n 2014 de EXPO-ANTAD,","robots":{"index":"index","follow":"follow","max-snippet":"max-snippet:-1","max-image-preview":"max-image-preview:large","max-video-preview":"max-video-preview:-1"},"canonical":"https:\/\/kalot.com.mx\/site\/2014\/03\/18\/expo-antad-2014-una-verdadera-oportunidad-de-crecer\/","og_locale":"es_MX","og_type":"article","og_title":"EXPO-ANTAD 2014 una verdadera oportunidad de crecer - Kalot","og_description":"La semana pasada, desde el d\u00eda mi\u00e9rcoles 12, hasta el viernes 14, tuvo sede en Guadalajara, en el sal\u00f3n Expo-Guadalajara, la edici\u00f3n 2014 de EXPO-ANTAD,","og_url":"https:\/\/kalot.com.mx\/site\/2014\/03\/18\/expo-antad-2014-una-verdadera-oportunidad-de-crecer\/","og_site_name":"Kalot","article_publisher":"http:\/\/facebook.com\/mxkalot","article_published_time":"2014-03-18T18:44:17+00:00","og_image":[{"width":2560,"height":1920,"url":"https:\/\/i1.wp.com\/kalot.com.mx\/site\/wp-content\/uploads\/2014\/03\/antad-scaled.jpg?fit=2560%2C1920&ssl=1","type":"image\/jpeg"}],"author":"HM_MKT007","twitter_card":"summary_large_image","twitter_creator":"@HM_MKT007","twitter_site":"@kalotmx","twitter_misc":{"Escrito por":"HM_MKT007","Tiempo de lectura":"2 minutos"},"schema":{"@context":"https:\/\/schema.org","@graph":[{"@type":"Article","@id":"https:\/\/kalot.com.mx\/site\/2014\/03\/18\/expo-antad-2014-una-verdadera-oportunidad-de-crecer\/#article","isPartOf":{"@id":"https:\/\/kalot.com.mx\/site\/2014\/03\/18\/expo-antad-2014-una-verdadera-oportunidad-de-crecer\/"},"author":{"name":"HM_MKT007","@id":"https:\/\/kalot.com.mx\/site\/#\/schema\/person\/60f6fe29bfd83707f2738bccc81156ec"},"headline":"EXPO-ANTAD 2014 una verdadera oportunidad de crecer","datePublished":"2014-03-18T18:44:17+00:00","mainEntityOfPage":{"@id":"https:\/\/kalot.com.mx\/site\/2014\/03\/18\/expo-antad-2014-una-verdadera-oportunidad-de-crecer\/"},"wordCount":487,"commentCount":0,"publisher":{"@id":"https:\/\/kalot.com.mx\/site\/#organization"},"image":{"@id":"https:\/\/kalot.com.mx\/site\/2014\/03\/18\/expo-antad-2014-una-verdadera-oportunidad-de-crecer\/#primaryimage"},"thumbnailUrl":"https:\/\/i0.wp.com\/kalot.com.mx\/site\/wp-content\/uploads\/2014\/03\/antad-scaled.jpg?fit=2560%2C1920&ssl=1","inLanguage":"es","potentialAction":[{"@type":"CommentAction","name":"Comment","target":["https:\/\/kalot.com.mx\/site\/2014\/03\/18\/expo-antad-2014-una-verdadera-oportunidad-de-crecer\/#respond"]}]},{"@type":"WebPage","@id":"https:\/\/kalot.com.mx\/site\/2014\/03\/18\/expo-antad-2014-una-verdadera-oportunidad-de-crecer\/","url":"https:\/\/kalot.com.mx\/site\/2014\/03\/18\/expo-antad-2014-una-verdadera-oportunidad-de-crecer\/","name":"EXPO-ANTAD 2014 una verdadera oportunidad de crecer - Kalot","isPartOf":{"@id":"https:\/\/kalot.com.mx\/site\/#website"},"primaryImageOfPage":{"@id":"https:\/\/kalot.com.mx\/site\/2014\/03\/18\/expo-antad-2014-una-verdadera-oportunidad-de-crecer\/#primaryimage"},"image":{"@id":"https:\/\/kalot.com.mx\/site\/2014\/03\/18\/expo-antad-2014-una-verdadera-oportunidad-de-crecer\/#primaryimage"},"thumbnailUrl":"https:\/\/i0.wp.com\/kalot.com.mx\/site\/wp-content\/uploads\/2014\/03\/antad-scaled.jpg?fit=2560%2C1920&ssl=1","datePublished":"2014-03-18T18:44:17+00:00","description":"La semana pasada, desde el d\u00eda mi\u00e9rcoles 12, hasta el viernes 14, tuvo sede en Guadalajara, en el sal\u00f3n Expo-Guadalajara, la edici\u00f3n 2014 de EXPO-ANTAD,","breadcrumb":{"@id":"https:\/\/kalot.com.mx\/site\/2014\/03\/18\/expo-antad-2014-una-verdadera-oportunidad-de-crecer\/#breadcrumb"},"inLanguage":"es","potentialAction":[{"@type":"ReadAction","target":["https:\/\/kalot.com.mx\/site\/2014\/03\/18\/expo-antad-2014-una-verdadera-oportunidad-de-crecer\/"]}]},{"@type":"ImageObject","inLanguage":"es","@id":"https:\/\/kalot.com.mx\/site\/2014\/03\/18\/expo-antad-2014-una-verdadera-oportunidad-de-crecer\/#primaryimage","url":"https:\/\/i0.wp.com\/kalot.com.mx\/site\/wp-content\/uploads\/2014\/03\/antad-scaled.jpg?fit=2560%2C1920&ssl=1","contentUrl":"https:\/\/i0.wp.com\/kalot.com.mx\/site\/wp-content\/uploads\/2014\/03\/antad-scaled.jpg?fit=2560%2C1920&ssl=1","width":2560,"height":1920},{"@type":"BreadcrumbList","@id":"https:\/\/kalot.com.mx\/site\/2014\/03\/18\/expo-antad-2014-una-verdadera-oportunidad-de-crecer\/#breadcrumb","itemListElement":[{"@type":"ListItem","position":1,"name":"Home","item":"https:\/\/kalot.com.mx\/site\/"},{"@type":"ListItem","position":2,"name":"EXPO-ANTAD 2014 una verdadera oportunidad de crecer"}]},{"@type":"WebSite","@id":"https:\/\/kalot.com.mx\/site\/#website","url":"https:\/\/kalot.com.mx\/site\/","name":"Kalot","description":"Conoce Todo Sobre Todo","publisher":{"@id":"https:\/\/kalot.com.mx\/site\/#organization"},"potentialAction":[{"@type":"SearchAction","target":{"@type":"EntryPoint","urlTemplate":"https:\/\/kalot.com.mx\/site\/?s={search_term_string}"},"query-input":{"@type":"PropertyValueSpecification","valueRequired":true,"valueName":"search_term_string"}}],"inLanguage":"es"},{"@type":"Organization","@id":"https:\/\/kalot.com.mx\/site\/#organization","name":"Kalot","url":"https:\/\/kalot.com.mx\/site\/","logo":{"@type":"ImageObject","inLanguage":"es","@id":"https:\/\/kalot.com.mx\/site\/#\/schema\/logo\/image\/","url":"https:\/\/i0.wp.com\/kalot.com.mx\/site\/wp-content\/uploads\/2020\/04\/Kalot-logo-sin-tagline.png?fit=1707%2C1014&ssl=1","contentUrl":"https:\/\/i0.wp.com\/kalot.com.mx\/site\/wp-content\/uploads\/2020\/04\/Kalot-logo-sin-tagline.png?fit=1707%2C1014&ssl=1","width":1707,"height":1014,"caption":"Kalot"},"image":{"@id":"https:\/\/kalot.com.mx\/site\/#\/schema\/logo\/image\/"},"sameAs":["http:\/\/facebook.com\/mxkalot","https:\/\/x.com\/kalotmx","http:\/\/instagram.com\/kalotmx","http:\/\/pinterest.com\/jorgeerana\/kalot"]},{"@type":"Person","@id":"https:\/\/kalot.com.mx\/site\/#\/schema\/person\/60f6fe29bfd83707f2738bccc81156ec","name":"HM_MKT007","image":{"@type":"ImageObject","inLanguage":"es","@id":"https:\/\/secure.gravatar.com\/avatar\/8d5ec09079a21301186c9f7e8b973012363772e45326c576666fe5c082ebd717?s=96&d=mm&r=g","url":"https:\/\/secure.gravatar.com\/avatar\/8d5ec09079a21301186c9f7e8b973012363772e45326c576666fe5c082ebd717?s=96&d=mm&r=g","contentUrl":"https:\/\/secure.gravatar.com\/avatar\/8d5ec09079a21301186c9f7e8b973012363772e45326c576666fe5c082ebd717?s=96&d=mm&r=g","caption":"HM_MKT007"},"sameAs":["https:\/\/x.com\/@HM_MKT007"],"url":"https:\/\/kalot.com.mx\/site\/author\/hectorhdz\/"}]}},"jetpack_publicize_connections":[],"jetpack_featured_media_url":"https:\/\/i0.wp.com\/kalot.com.mx\/site\/wp-content\/uploads\/2014\/03\/antad-scaled.jpg?fit=2560%2C1920&ssl=1","jetpack_shortlink":"https:\/\/wp.me\/p6IHEI-3wN","jetpack-related-posts":[{"id":17586,"url":"https:\/\/kalot.com.mx\/site\/2014\/08\/12\/ps4-anda-de-10-pero-millones\/","url_meta":{"origin":13565,"position":0},"title":"PS4 anda de 10, pero millones.","author":"HM_MKT007","date":"12 agosto, 2014","format":false,"excerpt":"En estos d\u00edas se realiza la GAMESCOM 2014 desde COLONIA, en ALEMANIA, que viene a entrar como la segunda expo m\u00e1s importante de la industria a nivel mundial (Aspecto debatible claro), y en esta tendremos noticias importantes de videojuegos que en esta semana analizaremos. SONY a debutado, dando y confirmando\u2026","rel":"","context":"Entrada similar ","block_context":{"text":"Entrada similar ","link":""},"img":{"alt_text":"","src":"https:\/\/i0.wp.com\/kalot.com.mx\/site\/wp-content\/uploads\/2014\/08\/PS4.jpg?fit=1200%2C704&ssl=1&resize=350%2C200","width":350,"height":200,"srcset":"https:\/\/i0.wp.com\/kalot.com.mx\/site\/wp-content\/uploads\/2014\/08\/PS4.jpg?fit=1200%2C704&ssl=1&resize=350%2C200 1x, https:\/\/i0.wp.com\/kalot.com.mx\/site\/wp-content\/uploads\/2014\/08\/PS4.jpg?fit=1200%2C704&ssl=1&resize=525%2C300 1.5x, https:\/\/i0.wp.com\/kalot.com.mx\/site\/wp-content\/uploads\/2014\/08\/PS4.jpg?fit=1200%2C704&ssl=1&resize=700%2C400 2x, https:\/\/i0.wp.com\/kalot.com.mx\/site\/wp-content\/uploads\/2014\/08\/PS4.jpg?fit=1200%2C704&ssl=1&resize=1050%2C600 3x"},"classes":[]},{"id":13200,"url":"https:\/\/kalot.com.mx\/site\/2014\/03\/10\/campus-party-2014\/","url_meta":{"origin":13565,"position":1},"title":"Campus Party 2014","author":"Samuel Arriaga","date":"10 marzo, 2014","format":false,"excerpt":"Telef\u00f3nica, la compa\u00f1\u00eda de comunicaci\u00f3n m\u00f3vil, \u00a0anunci\u00f3 la edici\u00f3n 2014 de Campus Party, su evento tecnol\u00f3gico de emprendimiento, innovaci\u00f3n, ciencia y cultura digital. La ciudad de Zapopan, en Jalisco, ser\u00e1 la \u00a0sede de su quinta edici\u00f3n en M\u00e9xico y Expo Guadalajara las instalaciones que recibir\u00e1n del 24 al 29 de\u2026","rel":"","context":"Entrada similar ","block_context":{"text":"Entrada similar ","link":""},"img":{"alt_text":"","src":"https:\/\/i0.wp.com\/kalot.com.mx\/site\/wp-content\/uploads\/2014\/03\/campus-party-mexico-2014.jpg?fit=1200%2C675&ssl=1&resize=350%2C200","width":350,"height":200,"srcset":"https:\/\/i0.wp.com\/kalot.com.mx\/site\/wp-content\/uploads\/2014\/03\/campus-party-mexico-2014.jpg?fit=1200%2C675&ssl=1&resize=350%2C200 1x, https:\/\/i0.wp.com\/kalot.com.mx\/site\/wp-content\/uploads\/2014\/03\/campus-party-mexico-2014.jpg?fit=1200%2C675&ssl=1&resize=525%2C300 1.5x, https:\/\/i0.wp.com\/kalot.com.mx\/site\/wp-content\/uploads\/2014\/03\/campus-party-mexico-2014.jpg?fit=1200%2C675&ssl=1&resize=700%2C400 2x, https:\/\/i0.wp.com\/kalot.com.mx\/site\/wp-content\/uploads\/2014\/03\/campus-party-mexico-2014.jpg?fit=1200%2C675&ssl=1&resize=1050%2C600 3x"},"classes":[]},{"id":14298,"url":"https:\/\/kalot.com.mx\/site\/2014\/03\/31\/clasico-azulcrema\/","url_meta":{"origin":13565,"position":2},"title":"CL\u00c1SICO AZULCREMA","author":"Juan Ol\u00e1is","date":"31 marzo, 2014","format":false,"excerpt":"CL\u00c1SICO AZULCREMA \u00a0El d\u00eda de ayer se jug\u00f3 en el Estadio Omnilife una edici\u00f3n m\u00e1s del cl\u00e1sico nacional: Guadalajara contra Am\u00e9rica. \u00a0Y todo fue tan simple desde el comienzo, cuando Chivas se dio cuenta que el juego hab\u00eda iniciado, ya ten\u00eda dos goles en contra, y peor a\u00fan, cuando se\u2026","rel":"","context":"En &quot;Sin categor\u00eda&quot;","block_context":{"text":"Sin categor\u00eda","link":"https:\/\/kalot.com.mx\/site\/category\/sin-categoria\/"},"img":{"alt_text":"","src":"https:\/\/i0.wp.com\/kalot.com.mx\/site\/wp-content\/uploads\/2014\/03\/bandera-america.jpg?fit=619%2C464&ssl=1&resize=350%2C200","width":350,"height":200,"srcset":"https:\/\/i0.wp.com\/kalot.com.mx\/site\/wp-content\/uploads\/2014\/03\/bandera-america.jpg?fit=619%2C464&ssl=1&resize=350%2C200 1x, https:\/\/i0.wp.com\/kalot.com.mx\/site\/wp-content\/uploads\/2014\/03\/bandera-america.jpg?fit=619%2C464&ssl=1&resize=525%2C300 1.5x"},"classes":[]},{"id":18730,"url":"https:\/\/kalot.com.mx\/site\/2014\/10\/15\/campus-night-creativity-edition\/","url_meta":{"origin":13565,"position":3},"title":"Campus Night Creativity Edition","author":"Adrian Aldana","date":"15 octubre, 2014","format":false,"excerpt":"Hola a todos, el d\u00eda 14 de Octubre Campus Party present\u00f3 su nuevo concepto Campus Night y en esta edici\u00f3n se dedic\u00f3 principalmente a la \"Creatividad\", tuve la oportunidad de asistir y aqu\u00ed una breve rese\u00f1a: Lugar: Centro de Cultural Digital (Estela de Luz, M\u00e9xico DF) Inicio: 8:00 pm Tema:\u2026","rel":"","context":"Entrada similar ","block_context":{"text":"Entrada similar ","link":""},"img":{"alt_text":"","src":"https:\/\/i0.wp.com\/kalot.com.mx\/site\/wp-content\/uploads\/2014\/10\/CPNightCreativity.jpg?fit=660%2C248&ssl=1&resize=350%2C200","width":350,"height":200,"srcset":"https:\/\/i0.wp.com\/kalot.com.mx\/site\/wp-content\/uploads\/2014\/10\/CPNightCreativity.jpg?fit=660%2C248&ssl=1&resize=350%2C200 1x, https:\/\/i0.wp.com\/kalot.com.mx\/site\/wp-content\/uploads\/2014\/10\/CPNightCreativity.jpg?fit=660%2C248&ssl=1&resize=525%2C300 1.5x"},"classes":[]},{"id":12076,"url":"https:\/\/kalot.com.mx\/site\/2014\/02\/20\/chivas-la-vergara-venden-franquicia-la-mls\/","url_meta":{"origin":13565,"position":4},"title":"&#8220;Chivas a la Vergara&#8221; venden franquicia a la MLS","author":"El Memo Pacheco","date":"20 febrero, 2014","format":false,"excerpt":"Venden Chivas USA a la MLS La liga informa que se har\u00e1n cargo\u00a0de las operaciones del equipo de forma inmediata y que Wilmer Cabrera continuar\u00e1 como entrenador hasta encontrar un nuevo due\u00f1o y presidente, el cual se sabr\u00e1 en los proximos meses, cuando \u00e9ste se reevenda. La Major League Soccer\u2026","rel":"","context":"En &quot;Sin categor\u00eda&quot;","block_context":{"text":"Sin categor\u00eda","link":"https:\/\/kalot.com.mx\/site\/category\/sin-categoria\/"},"img":{"alt_text":"","src":"https:\/\/i0.wp.com\/kalot.com.mx\/site\/wp-content\/uploads\/2014\/02\/vergara_chivas2_NOTA.jpg?fit=650%2C366&ssl=1&resize=350%2C200","width":350,"height":200,"srcset":"https:\/\/i0.wp.com\/kalot.com.mx\/site\/wp-content\/uploads\/2014\/02\/vergara_chivas2_NOTA.jpg?fit=650%2C366&ssl=1&resize=350%2C200 1x, https:\/\/i0.wp.com\/kalot.com.mx\/site\/wp-content\/uploads\/2014\/02\/vergara_chivas2_NOTA.jpg?fit=650%2C366&ssl=1&resize=525%2C300 1.5x"},"classes":[]},{"id":17015,"url":"https:\/\/kalot.com.mx\/site\/2014\/06\/26\/13-startups-para-america-latina-wayra-demo-day-2014\/","url_meta":{"origin":13565,"position":5},"title":"13 startups para Am\u00e9rica Latina, Wayra Demo Day 2014","author":"Rudy Marin","date":"26 junio, 2014","format":false,"excerpt":"Wayra, filial de Telef\u00f3nica, dio a conocer el d\u00eda de hoy en Campus Party 5 las 13 startups que participar\u00e1n en su Wayra Demo Day 2014. El a\u00f1o pasado en Campus Party 4 School Control fue la startup ganadora de este concurso. Las 13 startups que participan este a\u00f1o se\u2026","rel":"","context":"Entrada similar ","block_context":{"text":"Entrada similar ","link":""},"img":{"alt_text":"","src":"https:\/\/i0.wp.com\/kalot.com.mx\/site\/wp-content\/uploads\/2014\/06\/wayra.jpg?fit=700%2C467&ssl=1&resize=350%2C200","width":350,"height":200,"srcset":"https:\/\/i0.wp.com\/kalot.com.mx\/site\/wp-content\/uploads\/2014\/06\/wayra.jpg?fit=700%2C467&ssl=1&resize=350%2C200 1x, https:\/\/i0.wp.com\/kalot.com.mx\/site\/wp-content\/uploads\/2014\/06\/wayra.jpg?fit=700%2C467&ssl=1&resize=525%2C300 1.5x, https:\/\/i0.wp.com\/kalot.com.mx\/site\/wp-content\/uploads\/2014\/06\/wayra.jpg?fit=700%2C467&ssl=1&resize=700%2C400 2x"},"classes":[]}],"jetpack_sharing_enabled":true,"_links":{"self":[{"href":"https:\/\/kalot.com.mx\/site\/wp-json\/wp\/v2\/posts\/13565","targetHints":{"allow":["GET"]}}],"collection":[{"href":"https:\/\/kalot.com.mx\/site\/wp-json\/wp\/v2\/posts"}],"about":[{"href":"https:\/\/kalot.com.mx\/site\/wp-json\/wp\/v2\/types\/post"}],"author":[{"embeddable":true,"href":"https:\/\/kalot.com.mx\/site\/wp-json\/wp\/v2\/users\/11"}],"replies":[{"embeddable":true,"href":"https:\/\/kalot.com.mx\/site\/wp-json\/wp\/v2\/comments?post=13565"}],"version-history":[{"count":0,"href":"https:\/\/kalot.com.mx\/site\/wp-json\/wp\/v2\/posts\/13565\/revisions"}],"wp:featuredmedia":[{"embeddable":true,"href":"https:\/\/kalot.com.mx\/site\/wp-json\/wp\/v2\/media\/13566"}],"wp:attachment":[{"href":"https:\/\/kalot.com.mx\/site\/wp-json\/wp\/v2\/media?parent=13565"}],"wp:term":[{"taxonomy":"category","embeddable":true,"href":"https:\/\/kalot.com.mx\/site\/wp-json\/wp\/v2\/categories?post=13565"},{"taxonomy":"post_tag","embeddable":true,"href":"https:\/\/kalot.com.mx\/site\/wp-json\/wp\/v2\/tags?post=13565"}],"curies":[{"name":"wp","href":"https:\/\/api.w.org\/{rel}","templated":true}]}}