{"id":13227,"date":"2014-03-12T09:54:58","date_gmt":"2014-03-12T15:54:58","guid":{"rendered":"http:\/\/www.kalot.com.mx\/?p=13227"},"modified":"2017-12-20T14:26:38","modified_gmt":"2017-12-20T20:26:38","slug":"black-sabbath-en-san-luis","status":"publish","type":"post","link":"https:\/\/kalot.com.mx\/site\/2014\/03\/12\/black-sabbath-en-san-luis\/","title":{"rendered":"\u00bfBlack Sabbath en San Luis?"},"content":{"rendered":"<p style=\"text-align: justify\"><span style=\"color: #000000\">Puede que esto parezca la cosa m\u00e1s il\u00f3gica y rara que exista, pero aunque ustedes no lo crean, iba a suceder\u2026\u00a0Corr\u00eda el a\u00f1o de 1989 en la capital potosina, cuando fue anunciada una fecha de la legendaria banda, Black Sabbath para octubre en la ciudad de Le\u00f3n, Gto. Ser\u00eda su primer visita a nuestro pa\u00eds. Obviamente la banda no se encontraba en el mejor momento de su carrera.\u00a0La gira de ese a\u00f1o era para promocionar su \u00e1lbum Headless Cross, que a pesar de no ser de sus mejores \u00e1lbumes, tiene algunas canciones que han pasado a ser de culto, aunque no forman parte de sus grandes \u00e9xitos. La alineaci\u00f3n de esa \u00e9poca estaba conformada por:\u00a0<\/span><\/p>\n<ul style=\"text-align: justify\">\n<li><span style=\"color: #000000\">Tony Martin\u00a0\u2013\u00a0Voz<\/span><\/li>\n<li><span style=\"color: #000000\">Tony Iommi\u00a0\u2013\u00a0guitarra<\/span><\/li>\n<li><span style=\"color: #000000\">Geoff Nicholls\u00a0\u2013\u00a0teclados<\/span><\/li>\n<li><span style=\"color: #000000\">Laurence Cottle\u00a0\u2013\u00a0bajo<\/span><\/li>\n<li><span style=\"color: #000000\">Cozy Powell\u00a0\u2013\u00a0bater\u00eda<\/span><\/li>\n<\/ul>\n<p style=\"text-align: justify\"><span style=\"color: #000000\">Obviamente la expectativa y los rumores se esparcieron r\u00e1pidamente sobre los habitantes de la ciudad, pero tambi\u00e9n por todos los estados de la rep\u00fablica, que no perdieron el tiempo y comenzaron a comprar sus entradas y sus boletos para viajar en la fecha anhelada, pero como todo lo diferente en este pa\u00eds, a mediados de agosto empezaron a correr los rumores acerca de una posible censura, igual que en los a\u00f1os de Av\u00e1ndaro.\u00a0Se dec\u00eda que el gobierno del estado de Guanajuato planeaba revocar los permisos, que ya hab\u00eda otorgado para la realizaci\u00f3n del concierto. Seg\u00fan ellos tem\u00edan que\u00a0la multitud enardecida estallara en j\u00fabilo y perdiera el control de sus actos. Y por otro lado era claro, que lo que m\u00e1s les incomodaba era que se trataba de la banda de rock m\u00e1s satanizada de la historia.\u00a0<\/span><\/p>\n<p><a href=\"https:\/\/i0.wp.com\/www.kalot.com.mx\/wp-content\/uploads\/2014\/03\/Black-Sabbath-cartel-1989-copy.jpg\"><img fetchpriority=\"high\" decoding=\"async\" data-attachment-id=\"13232\" data-permalink=\"https:\/\/kalot.com.mx\/site\/2014\/03\/12\/black-sabbath-en-san-luis\/black-sabbath-cartel-1989-copy\/\" data-orig-file=\"https:\/\/i0.wp.com\/kalot.com.mx\/site\/wp-content\/uploads\/2014\/03\/Black-Sabbath-cartel-1989-copy.jpg?fit=328%2C500&ssl=1\" data-orig-size=\"328,500\" data-comments-opened=\"1\" data-image-meta=\"{&quot;aperture&quot;:&quot;0&quot;,&quot;credit&quot;:&quot;&quot;,&quot;camera&quot;:&quot;&quot;,&quot;caption&quot;:&quot;&quot;,&quot;created_timestamp&quot;:&quot;0&quot;,&quot;copyright&quot;:&quot;&quot;,&quot;focal_length&quot;:&quot;0&quot;,&quot;iso&quot;:&quot;0&quot;,&quot;shutter_speed&quot;:&quot;0&quot;,&quot;title&quot;:&quot;&quot;,&quot;orientation&quot;:&quot;0&quot;}\" data-image-title=\"boleto\" data-image-description=\"\" data-image-caption=\"\" data-large-file=\"https:\/\/i0.wp.com\/kalot.com.mx\/site\/wp-content\/uploads\/2014\/03\/Black-Sabbath-cartel-1989-copy.jpg?fit=328%2C500&ssl=1\" class=\"size-full wp-image-13232 aligncenter\" alt=\"boleto\" src=\"https:\/\/i1.wp.com\/kalot.com.mx\/site\/wp-content\/uploads\/2014\/03\/Black-Sabbath-cartel-1989-copy.jpg?fit=328%2C500&ssl=1\" width=\"328\" height=\"500\" srcset=\"https:\/\/i0.wp.com\/kalot.com.mx\/site\/wp-content\/uploads\/2014\/03\/Black-Sabbath-cartel-1989-copy.jpg?w=328&ssl=1 328w, https:\/\/i0.wp.com\/kalot.com.mx\/site\/wp-content\/uploads\/2014\/03\/Black-Sabbath-cartel-1989-copy.jpg?resize=300%2C457&ssl=1 300w, https:\/\/i0.wp.com\/kalot.com.mx\/site\/wp-content\/uploads\/2014\/03\/Black-Sabbath-cartel-1989-copy.jpg?resize=197%2C300&ssl=1 197w\" sizes=\"(max-width: 328px) 100vw, 328px\" \/><\/a><\/p>\n<p style=\"text-align: justify\"><span style=\"color: #000000\">Finalmente ocurri\u00f3 lo peor. El gobierno cancel\u00f3 la presentaci\u00f3n.\u00a0De inmediato los empresarios encargados del evento,\u00a0Plustar Producciones,\u00a0se movilizaron y lograron trasladar el concierto al estadio\u00a0<strong>\u201cPlan de San Luis\u201d, en San Luis Potos\u00ed<\/strong>. Los a\u00fan entusiastas fans comenzaron a comprar\/canjear sus nuevas entradas y como era de esperarse en Noviembre de 1989, se suspendi\u00f3 el concierto por autoridades del Estado al considerarlo un evento peligroso y en contra de las buenas costumbres. Guillermo Pizzuto Zamanillo presidente municipal en el periodo 1988 -1991 dio la orden de que se suspendiera el concierto.\u00a0<\/span><\/p>\n<p style=\"text-align: center\"><a href=\"https:\/\/i0.wp.com\/www.kalot.com.mx\/wp-content\/uploads\/2014\/03\/Fanzin-aviso-posposici%C3%B3n.jpg\"><img decoding=\"async\" data-attachment-id=\"13235\" data-permalink=\"https:\/\/kalot.com.mx\/site\/2014\/03\/12\/black-sabbath-en-san-luis\/fanzin-aviso-posposicion\/\" data-orig-file=\"https:\/\/i0.wp.com\/kalot.com.mx\/site\/wp-content\/uploads\/2014\/03\/Fanzin-aviso-posposici%C3%B3n.jpg?fit=326%2C400&ssl=1\" data-orig-size=\"326,400\" data-comments-opened=\"1\" data-image-meta=\"{&quot;aperture&quot;:&quot;0&quot;,&quot;credit&quot;:&quot;&quot;,&quot;camera&quot;:&quot;&quot;,&quot;caption&quot;:&quot;&quot;,&quot;created_timestamp&quot;:&quot;0&quot;,&quot;copyright&quot;:&quot;&quot;,&quot;focal_length&quot;:&quot;0&quot;,&quot;iso&quot;:&quot;0&quot;,&quot;shutter_speed&quot;:&quot;0&quot;,&quot;title&quot;:&quot;&quot;,&quot;orientation&quot;:&quot;0&quot;}\" data-image-title=\"Fanzin aviso posposici\u00f3n\" data-image-description=\"\" data-image-caption=\"\" data-large-file=\"https:\/\/i0.wp.com\/kalot.com.mx\/site\/wp-content\/uploads\/2014\/03\/Fanzin-aviso-posposici%C3%B3n.jpg?fit=326%2C400&ssl=1\" class=\"alignnone size-full wp-image-13235\" alt=\"Fanzin aviso posposici\u00f3n\" src=\"https:\/\/i1.wp.com\/kalot.com.mx\/site\/wp-content\/uploads\/2014\/03\/Fanzin-aviso-posposici\u00f3n.jpg?fit=326%2C400&ssl=1\" width=\"326\" height=\"400\" srcset=\"https:\/\/i0.wp.com\/kalot.com.mx\/site\/wp-content\/uploads\/2014\/03\/Fanzin-aviso-posposici%C3%B3n.jpg?w=326&ssl=1 326w, https:\/\/i0.wp.com\/kalot.com.mx\/site\/wp-content\/uploads\/2014\/03\/Fanzin-aviso-posposici%C3%B3n.jpg?resize=300%2C368&ssl=1 300w, https:\/\/i0.wp.com\/kalot.com.mx\/site\/wp-content\/uploads\/2014\/03\/Fanzin-aviso-posposici%C3%B3n.jpg?resize=245%2C300&ssl=1 245w\" sizes=\"(max-width: 326px) 100vw, 326px\" \/><\/a><\/p>\n<p style=\"text-align: justify\"><span style=\"color: #000000\">La banda dio una conferencia de\u00a0prensa\u00a0en la capital para\u00a0explicar\u00a0el motivo de la cancelaci\u00f3n, algunos de ellos se mostraron molestos por calificar la mediad como \u201ctonta\u201d, pero al final nada pu<\/span><span style=\"color: #000000\">dieron hacer. Se presentaron varias propuestas para lograr que tocaran en recintos de la capital, pero el da\u00f1o estaba hecho y no pudo concretarse nada. Luego de la cancelaci\u00f3n del par de eventos, la promoto<\/span><span style=\"color: #000000\">ra\u00a0<\/span><span style=\"color: #000000\">Plustar\u00a0d<\/span><span style=\"color: #000000\">io la cara por algunos d\u00edas y aseguraban la devoluci\u00f3n del importe de los boletos.\u00a0Sin embargo al poco tiempo<\/span><span style=\"color: #000000\">\u00a0<\/span><span style=\"color: #000000\">la empresa\u00a0<\/span><span style=\"color: #000000\">desapareci\u00f3 completamente sin dejar rastro y la mayor\u00eda de las personas se quedaron solo con ese boleto que marcar\u00eda la primer visita de Black Sabbath a nuestro pa\u00eds.<\/span><\/p>\n<p><a href=\"https:\/\/i0.wp.com\/www.kalot.com.mx\/wp-content\/uploads\/2014\/03\/Conferencia-3.jpg\"><img decoding=\"async\" data-attachment-id=\"13233\" data-permalink=\"https:\/\/kalot.com.mx\/site\/2014\/03\/12\/black-sabbath-en-san-luis\/conferencia-3\/\" data-orig-file=\"https:\/\/i0.wp.com\/kalot.com.mx\/site\/wp-content\/uploads\/2014\/03\/Conferencia-3.jpg?fit=500%2C333&ssl=1\" data-orig-size=\"500,333\" data-comments-opened=\"1\" data-image-meta=\"{&quot;aperture&quot;:&quot;0&quot;,&quot;credit&quot;:&quot;&quot;,&quot;camera&quot;:&quot;&quot;,&quot;caption&quot;:&quot;&quot;,&quot;created_timestamp&quot;:&quot;0&quot;,&quot;copyright&quot;:&quot;&quot;,&quot;focal_length&quot;:&quot;0&quot;,&quot;iso&quot;:&quot;0&quot;,&quot;shutter_speed&quot;:&quot;0&quot;,&quot;title&quot;:&quot;&quot;,&quot;orientation&quot;:&quot;1&quot;}\" data-image-title=\"sabbath\" data-image-description=\"\" data-image-caption=\"\" data-large-file=\"https:\/\/i0.wp.com\/kalot.com.mx\/site\/wp-content\/uploads\/2014\/03\/Conferencia-3.jpg?fit=500%2C333&ssl=1\" class=\"size-full wp-image-13233 aligncenter\" alt=\"sabbath\" src=\"https:\/\/i1.wp.com\/kalot.com.mx\/site\/wp-content\/uploads\/2014\/03\/Conferencia-3.jpg?fit=500%2C333&ssl=1\" width=\"500\" height=\"333\" srcset=\"https:\/\/i0.wp.com\/kalot.com.mx\/site\/wp-content\/uploads\/2014\/03\/Conferencia-3.jpg?w=500&ssl=1 500w, https:\/\/i0.wp.com\/kalot.com.mx\/site\/wp-content\/uploads\/2014\/03\/Conferencia-3.jpg?resize=380%2C253&ssl=1 380w, https:\/\/i0.wp.com\/kalot.com.mx\/site\/wp-content\/uploads\/2014\/03\/Conferencia-3.jpg?resize=450%2C300&ssl=1 450w, https:\/\/i0.wp.com\/kalot.com.mx\/site\/wp-content\/uploads\/2014\/03\/Conferencia-3.jpg?resize=300%2C200&ssl=1 300w\" sizes=\"(max-width: 500px) 100vw, 500px\" \/><\/a><\/p>\n<p style=\"text-align: justify\"><span style=\"color: #000000\">Como dato curioso, les dejo el playlist que manejaban en esa gira:<\/span><\/p>\n<div style=\"text-align: justify\"><span style=\"color: #000000\">\u2013 Intro <\/span><\/div>\n<div style=\"text-align: justify\"><span style=\"color: #000000\">\u2013 The Omen Main Theme (tape)<\/span><\/div>\n<div style=\"text-align: justify\"><span style=\"color: #000000\"> \u2013 The Gates of Hell (Intro) <\/span><\/div>\n<div style=\"text-align: justify\"><span style=\"color: #000000\">\u2013 The Headless Cross <\/span><\/div>\n<div style=\"text-align: justify\"><span style=\"color: #000000\">\u2013 Neon Knights <\/span><\/div>\n<div style=\"text-align: justify\"><span style=\"color: #000000\">\u2013 Children of the Sea <\/span><\/div>\n<div style=\"text-align: justify\"><span style=\"color: #000000\">\u2013 Die Young <\/span><\/div>\n<div style=\"text-align: justify\"><span style=\"color: #000000\">\u2013 War Pigs <\/span><\/div>\n<div style=\"text-align: justify\"><span style=\"color: #000000\">\u2013 When Death Calls<\/span><\/div>\n<div style=\"text-align: justify\"><span style=\"color: #000000\"> \u2013 Mob Rules <\/span><\/div>\n<div style=\"text-align: justify\"><span style=\"color: #000000\">\u2013 Black Sabbath <\/span><\/div>\n<div style=\"text-align: justify\"><span style=\"color: #000000\">\u2013 Devil and Daughter<\/span><\/div>\n<div style=\"text-align: justify\"><span style=\"color: #000000\"> \u2013 The Shining <\/span><\/div>\n<div style=\"text-align: justify\"><span style=\"color: #000000\">\u2013 Iron Man <\/span><\/div>\n<div style=\"text-align: justify\"><span style=\"color: #000000\">\u2013 Children of the grave<\/span><\/div>\n<div style=\"text-align: justify\"><span style=\"color: #000000\">\u2014\u2014\u2014\u2014\u2014\u2014\u2014\u2014\u2014\u2014\u2014\u2014\u2014-<\/span><\/div>\n<div style=\"text-align: justify\"><span style=\"color: #000000\">\u2013 Heaven and hell<\/span><\/div>\n<div style=\"text-align: justify\"><span style=\"color: #000000\">\u2013 Paranoid<\/span><\/div>\n<div style=\"text-align: justify\"><\/div>\n<div style=\"text-align: justify\"><span style=\"color: #000000;line-height: 1.5em\">Es muy triste, ya que el poder que ten\u00eda el gobierno apoyado por la iglesia pudo cancelar un evento por falta de conocimiento, por satanizar y por temor a que los j\u00f3venes pudieran tener una noche de m\u00fasica y diversi\u00f3n que en el caso menos probable, se hubiera salido de control. \u00a0\u00bfSe imaginan ustedes que Black Sabbath hubiera tocado por primera vez en el pa\u00eds en nuestra ciudad?\u00a0\u00bfQu\u00e9 lugar ocupar\u00eda nuestro estado musicalmente hablando si no hubiera sido cancelado? Son cosas que nunca podremos saber.<\/span><\/div>\n<p>\u00a0<\/p>\n","protected":false},"excerpt":{"rendered":"Puede que esto parezca la cosa m\u00e1s il\u00f3gica y rara que exista, pero aunque ustedes no lo crean,&hellip;\n","protected":false},"author":82,"featured_media":13308,"comment_status":"open","ping_status":"open","sticky":false,"template":"","format":"standard","meta":{"jetpack_post_was_ever_published":false,"_jetpack_newsletter_access":"","_jetpack_dont_email_post_to_subs":false,"_jetpack_newsletter_tier_id":0,"_jetpack_memberships_contains_paywalled_content":false,"_jetpack_memberships_contains_paid_content":false,"footnotes":"","jetpack_publicize_message":"","jetpack_publicize_feature_enabled":true,"jetpack_social_post_already_shared":true,"jetpack_social_options":{"image_generator_settings":{"template":"highway","default_image_id":0,"font":"","enabled":false},"version":2}},"categories":[1],"tags":[],"class_list":{"0":"post-13227","1":"post","2":"type-post","3":"status-publish","4":"format-standard","5":"has-post-thumbnail","7":"category-sin-categoria","8":"cs-entry","9":"cs-video-wrap"},"yoast_head":"<!-- This site is optimized with the Yoast SEO plugin v27.5 - https:\/\/yoast.com\/product\/yoast-seo-wordpress\/ -->\n<title>\u00bfBlack Sabbath en San Luis? - Kalot<\/title>\n<meta name=\"description\" content=\"Puede que esto parezca la cosa m\u00e1s il\u00f3gica y rara que exista, pero aunque ustedes no lo crean, iba a suceder...\u00a0Corr\u00eda el a\u00f1o de 1989 en la capital\" \/>\n<meta name=\"robots\" content=\"index, follow, max-snippet:-1, max-image-preview:large, max-video-preview:-1\" \/>\n<link rel=\"canonical\" href=\"https:\/\/kalot.com.mx\/site\/2014\/03\/12\/black-sabbath-en-san-luis\/\" \/>\n<meta property=\"og:locale\" content=\"es_MX\" \/>\n<meta property=\"og:type\" content=\"article\" \/>\n<meta property=\"og:title\" content=\"\u00bfBlack Sabbath en San Luis? - Kalot\" \/>\n<meta property=\"og:description\" content=\"Puede que esto parezca la cosa m\u00e1s il\u00f3gica y rara que exista, pero aunque ustedes no lo crean, iba a suceder...\u00a0Corr\u00eda el a\u00f1o de 1989 en la capital\" \/>\n<meta property=\"og:url\" content=\"https:\/\/kalot.com.mx\/site\/2014\/03\/12\/black-sabbath-en-san-luis\/\" \/>\n<meta property=\"og:site_name\" content=\"Kalot\" \/>\n<meta property=\"article:publisher\" content=\"http:\/\/facebook.com\/mxkalot\" \/>\n<meta property=\"article:author\" content=\"https:\/\/www.facebook.com\/Hola.soy.Migue\" \/>\n<meta property=\"article:published_time\" content=\"2014-03-12T15:54:58+00:00\" \/>\n<meta property=\"article:modified_time\" content=\"2017-12-20T20:26:38+00:00\" \/>\n<meta property=\"og:image\" content=\"https:\/\/i0.wp.com\/kalot.com.mx\/site\/wp-content\/uploads\/2014\/03\/black-sabbath-en-mexico-resena_127106.jpg_35359.670x503.jpg?fit=670%2C503&ssl=1\" \/>\n\t<meta property=\"og:image:width\" content=\"670\" \/>\n\t<meta property=\"og:image:height\" content=\"503\" \/>\n\t<meta property=\"og:image:type\" content=\"image\/jpeg\" \/>\n<meta name=\"author\" content=\"Miguel Amaya\" \/>\n<meta name=\"twitter:card\" content=\"summary_large_image\" \/>\n<meta name=\"twitter:creator\" content=\"@kalotmx\" \/>\n<meta name=\"twitter:site\" content=\"@kalotmx\" \/>\n<meta name=\"twitter:label1\" content=\"Escrito por\" \/>\n\t<meta name=\"twitter:data1\" content=\"Miguel Amaya\" \/>\n\t<meta name=\"twitter:label2\" content=\"Tiempo de lectura\" \/>\n\t<meta name=\"twitter:data2\" content=\"3 minutos\" \/>\n<!-- \/ Yoast SEO plugin. -->","yoast_head_json":{"title":"\u00bfBlack Sabbath en San Luis? - Kalot","description":"Puede que esto parezca la cosa m\u00e1s il\u00f3gica y rara que exista, pero aunque ustedes no lo crean, iba a suceder...\u00a0Corr\u00eda el a\u00f1o de 1989 en la capital","robots":{"index":"index","follow":"follow","max-snippet":"max-snippet:-1","max-image-preview":"max-image-preview:large","max-video-preview":"max-video-preview:-1"},"canonical":"https:\/\/kalot.com.mx\/site\/2014\/03\/12\/black-sabbath-en-san-luis\/","og_locale":"es_MX","og_type":"article","og_title":"\u00bfBlack Sabbath en San Luis? - Kalot","og_description":"Puede que esto parezca la cosa m\u00e1s il\u00f3gica y rara que exista, pero aunque ustedes no lo crean, iba a suceder...\u00a0Corr\u00eda el a\u00f1o de 1989 en la capital","og_url":"https:\/\/kalot.com.mx\/site\/2014\/03\/12\/black-sabbath-en-san-luis\/","og_site_name":"Kalot","article_publisher":"http:\/\/facebook.com\/mxkalot","article_author":"https:\/\/www.facebook.com\/Hola.soy.Migue","article_published_time":"2014-03-12T15:54:58+00:00","article_modified_time":"2017-12-20T20:26:38+00:00","og_image":[{"width":670,"height":503,"url":"https:\/\/i0.wp.com\/kalot.com.mx\/site\/wp-content\/uploads\/2014\/03\/black-sabbath-en-mexico-resena_127106.jpg_35359.670x503.jpg?fit=670%2C503&ssl=1","type":"image\/jpeg"}],"author":"Miguel Amaya","twitter_card":"summary_large_image","twitter_creator":"@kalotmx","twitter_site":"@kalotmx","twitter_misc":{"Escrito por":"Miguel Amaya","Tiempo de lectura":"3 minutos"},"schema":{"@context":"https:\/\/schema.org","@graph":[{"@type":"Article","@id":"https:\/\/kalot.com.mx\/site\/2014\/03\/12\/black-sabbath-en-san-luis\/#article","isPartOf":{"@id":"https:\/\/kalot.com.mx\/site\/2014\/03\/12\/black-sabbath-en-san-luis\/"},"author":{"name":"Miguel Amaya","@id":"https:\/\/kalot.com.mx\/site\/#\/schema\/person\/b5e5e79e76d235d217f4ff67c441d49a"},"headline":"\u00bfBlack Sabbath en San Luis?","datePublished":"2014-03-12T15:54:58+00:00","dateModified":"2017-12-20T20:26:38+00:00","mainEntityOfPage":{"@id":"https:\/\/kalot.com.mx\/site\/2014\/03\/12\/black-sabbath-en-san-luis\/"},"wordCount":691,"commentCount":0,"publisher":{"@id":"https:\/\/kalot.com.mx\/site\/#organization"},"image":{"@id":"https:\/\/kalot.com.mx\/site\/2014\/03\/12\/black-sabbath-en-san-luis\/#primaryimage"},"thumbnailUrl":"https:\/\/i0.wp.com\/kalot.com.mx\/site\/wp-content\/uploads\/2014\/03\/black-sabbath-en-mexico-resena_127106.jpg_35359.670x503.jpg?fit=670%2C503&ssl=1","inLanguage":"es","potentialAction":[{"@type":"CommentAction","name":"Comment","target":["https:\/\/kalot.com.mx\/site\/2014\/03\/12\/black-sabbath-en-san-luis\/#respond"]}]},{"@type":"WebPage","@id":"https:\/\/kalot.com.mx\/site\/2014\/03\/12\/black-sabbath-en-san-luis\/","url":"https:\/\/kalot.com.mx\/site\/2014\/03\/12\/black-sabbath-en-san-luis\/","name":"\u00bfBlack Sabbath en San Luis? - Kalot","isPartOf":{"@id":"https:\/\/kalot.com.mx\/site\/#website"},"primaryImageOfPage":{"@id":"https:\/\/kalot.com.mx\/site\/2014\/03\/12\/black-sabbath-en-san-luis\/#primaryimage"},"image":{"@id":"https:\/\/kalot.com.mx\/site\/2014\/03\/12\/black-sabbath-en-san-luis\/#primaryimage"},"thumbnailUrl":"https:\/\/i0.wp.com\/kalot.com.mx\/site\/wp-content\/uploads\/2014\/03\/black-sabbath-en-mexico-resena_127106.jpg_35359.670x503.jpg?fit=670%2C503&ssl=1","datePublished":"2014-03-12T15:54:58+00:00","dateModified":"2017-12-20T20:26:38+00:00","description":"Puede que esto parezca la cosa m\u00e1s il\u00f3gica y rara que exista, pero aunque ustedes no lo crean, iba a suceder...\u00a0Corr\u00eda el a\u00f1o de 1989 en la capital","breadcrumb":{"@id":"https:\/\/kalot.com.mx\/site\/2014\/03\/12\/black-sabbath-en-san-luis\/#breadcrumb"},"inLanguage":"es","potentialAction":[{"@type":"ReadAction","target":["https:\/\/kalot.com.mx\/site\/2014\/03\/12\/black-sabbath-en-san-luis\/"]}]},{"@type":"ImageObject","inLanguage":"es","@id":"https:\/\/kalot.com.mx\/site\/2014\/03\/12\/black-sabbath-en-san-luis\/#primaryimage","url":"https:\/\/i0.wp.com\/kalot.com.mx\/site\/wp-content\/uploads\/2014\/03\/black-sabbath-en-mexico-resena_127106.jpg_35359.670x503.jpg?fit=670%2C503&ssl=1","contentUrl":"https:\/\/i0.wp.com\/kalot.com.mx\/site\/wp-content\/uploads\/2014\/03\/black-sabbath-en-mexico-resena_127106.jpg_35359.670x503.jpg?fit=670%2C503&ssl=1","width":670,"height":503},{"@type":"BreadcrumbList","@id":"https:\/\/kalot.com.mx\/site\/2014\/03\/12\/black-sabbath-en-san-luis\/#breadcrumb","itemListElement":[{"@type":"ListItem","position":1,"name":"Home","item":"https:\/\/kalot.com.mx\/site\/"},{"@type":"ListItem","position":2,"name":"\u00bfBlack Sabbath en San Luis?"}]},{"@type":"WebSite","@id":"https:\/\/kalot.com.mx\/site\/#website","url":"https:\/\/kalot.com.mx\/site\/","name":"Kalot","description":"Conoce Todo Sobre Todo","publisher":{"@id":"https:\/\/kalot.com.mx\/site\/#organization"},"potentialAction":[{"@type":"SearchAction","target":{"@type":"EntryPoint","urlTemplate":"https:\/\/kalot.com.mx\/site\/?s={search_term_string}"},"query-input":{"@type":"PropertyValueSpecification","valueRequired":true,"valueName":"search_term_string"}}],"inLanguage":"es"},{"@type":"Organization","@id":"https:\/\/kalot.com.mx\/site\/#organization","name":"Kalot","url":"https:\/\/kalot.com.mx\/site\/","logo":{"@type":"ImageObject","inLanguage":"es","@id":"https:\/\/kalot.com.mx\/site\/#\/schema\/logo\/image\/","url":"https:\/\/i0.wp.com\/kalot.com.mx\/site\/wp-content\/uploads\/2020\/04\/Kalot-logo-sin-tagline.png?fit=1707%2C1014&ssl=1","contentUrl":"https:\/\/i0.wp.com\/kalot.com.mx\/site\/wp-content\/uploads\/2020\/04\/Kalot-logo-sin-tagline.png?fit=1707%2C1014&ssl=1","width":1707,"height":1014,"caption":"Kalot"},"image":{"@id":"https:\/\/kalot.com.mx\/site\/#\/schema\/logo\/image\/"},"sameAs":["http:\/\/facebook.com\/mxkalot","https:\/\/x.com\/kalotmx","http:\/\/instagram.com\/kalotmx","http:\/\/pinterest.com\/jorgeerana\/kalot"]},{"@type":"Person","@id":"https:\/\/kalot.com.mx\/site\/#\/schema\/person\/b5e5e79e76d235d217f4ff67c441d49a","name":"Miguel Amaya","image":{"@type":"ImageObject","inLanguage":"es","@id":"https:\/\/secure.gravatar.com\/avatar\/b9f184d9a58fef47afe14d721a72b2711a24afa5aa100c637246d1eab5d1d26b?s=96&d=mm&r=g","url":"https:\/\/secure.gravatar.com\/avatar\/b9f184d9a58fef47afe14d721a72b2711a24afa5aa100c637246d1eab5d1d26b?s=96&d=mm&r=g","contentUrl":"https:\/\/secure.gravatar.com\/avatar\/b9f184d9a58fef47afe14d721a72b2711a24afa5aa100c637246d1eab5d1d26b?s=96&d=mm&r=g","caption":"Miguel Amaya"},"description":"Un \"loco\" m\u00e1s en este mundo de \"normales\".","sameAs":["https:\/\/www.facebook.com\/Hola.soy.Migue"],"url":"https:\/\/kalot.com.mx\/site\/author\/miguelamaya\/"}]}},"jetpack_publicize_connections":[],"jetpack_featured_media_url":"https:\/\/i0.wp.com\/kalot.com.mx\/site\/wp-content\/uploads\/2014\/03\/black-sabbath-en-mexico-resena_127106.jpg_35359.670x503.jpg?fit=670%2C503&ssl=1","jetpack_shortlink":"https:\/\/wp.me\/p6IHEI-3rl","jetpack-related-posts":[{"id":23168,"url":"https:\/\/kalot.com.mx\/site\/2015\/08\/27\/todo-lo-que-necesitas-saber-del-wirdfestival2015\/","url_meta":{"origin":13227,"position":0},"title":"Todo lo que necesitas saber del #WIRDFESTIVAL2015","author":"Omar Herrera","date":"27 agosto, 2015","format":false,"excerpt":"\"Si Black Sabbath hubiera tocado en SLP...?\" Con esta frase se invita a la reflexi\u00f3n acerca de aquella frase que dice: \"Es que en San Luis nunca pasa nada\" y en donde la juventud y las nuevas generaciones ahora tienen el poder de cambiar la historia y quien sabe, tal\u2026","rel":"","context":"Entrada similar ","block_context":{"text":"Entrada similar ","link":""},"img":{"alt_text":"wird-b","src":"https:\/\/i0.wp.com\/www.kalot.com.mx\/wp-content\/uploads\/2015\/08\/wird-b.jpg?resize=350%2C200","width":350,"height":200,"srcset":"https:\/\/i0.wp.com\/www.kalot.com.mx\/wp-content\/uploads\/2015\/08\/wird-b.jpg?resize=350%2C200 1x, https:\/\/i0.wp.com\/www.kalot.com.mx\/wp-content\/uploads\/2015\/08\/wird-b.jpg?resize=525%2C300 1.5x"},"classes":[]},{"id":14107,"url":"https:\/\/kalot.com.mx\/site\/2014\/03\/28\/joy-division\/","url_meta":{"origin":13227,"position":1},"title":"Joy Division #bandasdeculto #RolasKalot","author":"Carlos Ru\u00edz Mtz","date":"28 marzo, 2014","format":false,"excerpt":"Quienes tuvieron la oportunidad de acudir ayer al Centro de las Artes a ver la pel\u00edcula Control, de Anton Corbijn, vieron la historia de una de las bandas m\u00e1s influyentes de finales de los 70s en Reino Unido: Joy Division. En lo personal no pude acudir a la funci\u00f3n, aunque\u2026","rel":"","context":"En &quot;M\u00fasica&quot;","block_context":{"text":"M\u00fasica","link":"https:\/\/kalot.com.mx\/site\/category\/musica\/"},"img":{"alt_text":"","src":"https:\/\/i0.wp.com\/kalot.com.mx\/site\/wp-content\/uploads\/2014\/03\/JD2.jpg?fit=980%2C484&ssl=1&resize=350%2C200","width":350,"height":200,"srcset":"https:\/\/i0.wp.com\/kalot.com.mx\/site\/wp-content\/uploads\/2014\/03\/JD2.jpg?fit=980%2C484&ssl=1&resize=350%2C200 1x, https:\/\/i0.wp.com\/kalot.com.mx\/site\/wp-content\/uploads\/2014\/03\/JD2.jpg?fit=980%2C484&ssl=1&resize=525%2C300 1.5x, https:\/\/i0.wp.com\/kalot.com.mx\/site\/wp-content\/uploads\/2014\/03\/JD2.jpg?fit=980%2C484&ssl=1&resize=700%2C400 2x"},"classes":[]},{"id":11647,"url":"https:\/\/kalot.com.mx\/site\/2014\/02\/17\/bandas-un-integrante\/","url_meta":{"origin":13227,"position":2},"title":"\u00bfBandas de un solo integrante?","author":"Miguel Amaya","date":"17 febrero, 2014","format":false,"excerpt":"\u00bfEn verdad existen estas bandas? Puede sonar raro y hasta cierto punto tonto, pero realmente existen. Tal vez \u00a0alguna de nuestras bandas favoritas lo es y ni siquiera imaginamos qu\u00e9 es lo que hay detr\u00e1s de cada una de sus canciones. \u00bfA qu\u00e9 se debe este fen\u00f3meno? Hoy en d\u00eda\u2026","rel":"","context":"Con 3 comentarios","block_context":{"text":"Con 3 comentarios","link":"https:\/\/kalot.com.mx\/site\/2014\/02\/17\/bandas-un-integrante\/#comments"},"img":{"alt_text":"","src":"https:\/\/i0.wp.com\/kalot.com.mx\/site\/wp-content\/uploads\/2014\/02\/reason3.jpg?fit=1024%2C768&ssl=1&resize=350%2C200","width":350,"height":200,"srcset":"https:\/\/i0.wp.com\/kalot.com.mx\/site\/wp-content\/uploads\/2014\/02\/reason3.jpg?fit=1024%2C768&ssl=1&resize=350%2C200 1x, https:\/\/i0.wp.com\/kalot.com.mx\/site\/wp-content\/uploads\/2014\/02\/reason3.jpg?fit=1024%2C768&ssl=1&resize=525%2C300 1.5x, https:\/\/i0.wp.com\/kalot.com.mx\/site\/wp-content\/uploads\/2014\/02\/reason3.jpg?fit=1024%2C768&ssl=1&resize=700%2C400 2x"},"classes":[]},{"id":10348,"url":"https:\/\/kalot.com.mx\/site\/2014\/01\/26\/hasta-la-vista-wanted\/","url_meta":{"origin":13227,"position":3},"title":"Hasta la vista The Wanted.","author":"Mar\u00eda Alvarado","date":"26 enero, 2014","format":false,"excerpt":"S\u00ed, The Wanted se separa. La banda brit\u00e1nica The Wanted se separa tras s\u00f3lo haberse formado en el a\u00f1o de 2009, conseguir un reality show con la cadena E! llamada \u201cThe Wanted Life\u201d, el cual promet\u00eda un vistazo honesto a la vida de los chicos mientras grababan su tercer \u00e1lbum\u2026","rel":"","context":"Entrada similar ","block_context":{"text":"Entrada similar ","link":""},"img":{"alt_text":"","src":"https:\/\/i0.wp.com\/kalot.com.mx\/site\/wp-content\/uploads\/2014\/01\/the-wanted-promo-photo-2-600x450.jpg?fit=600%2C450&ssl=1&resize=350%2C200","width":350,"height":200,"srcset":"https:\/\/i0.wp.com\/kalot.com.mx\/site\/wp-content\/uploads\/2014\/01\/the-wanted-promo-photo-2-600x450.jpg?fit=600%2C450&ssl=1&resize=350%2C200 1x, https:\/\/i0.wp.com\/kalot.com.mx\/site\/wp-content\/uploads\/2014\/01\/the-wanted-promo-photo-2-600x450.jpg?fit=600%2C450&ssl=1&resize=525%2C300 1.5x"},"classes":[]},{"id":12102,"url":"https:\/\/kalot.com.mx\/site\/2014\/02\/21\/nuevo-album-metronomy\/","url_meta":{"origin":13227,"position":4},"title":"Love Letters, el nuevo \u00e1lbum de Metronomy","author":"Miguel Amaya","date":"21 febrero, 2014","format":false,"excerpt":"Hace un par de d\u00edas se filtr\u00f3 el nuevo trabajo de los ingleses y despu\u00e9s de escucharlo, decid\u00ed rese\u00f1arlo. Cabe mencionar que el \u00e1lbum saldr\u00e1 a la venta el 10 de marzo del a\u00f1o presente. Metronomy hace su regreso musical con un \u00e1lbum completamente diferente a lo que nos ten\u00eda\u2026","rel":"","context":"En &quot;Sin categor\u00eda&quot;","block_context":{"text":"Sin categor\u00eda","link":"https:\/\/kalot.com.mx\/site\/category\/sin-categoria\/"},"img":{"alt_text":"","src":"https:\/\/i0.wp.com\/kalot.com.mx\/site\/wp-content\/uploads\/2014\/02\/Love-letters-nuevo-video-de-Metronomy1.jpg?fit=626%2C380&ssl=1&resize=350%2C200","width":350,"height":200,"srcset":"https:\/\/i0.wp.com\/kalot.com.mx\/site\/wp-content\/uploads\/2014\/02\/Love-letters-nuevo-video-de-Metronomy1.jpg?fit=626%2C380&ssl=1&resize=350%2C200 1x, https:\/\/i0.wp.com\/kalot.com.mx\/site\/wp-content\/uploads\/2014\/02\/Love-letters-nuevo-video-de-Metronomy1.jpg?fit=626%2C380&ssl=1&resize=525%2C300 1.5x"},"classes":[]},{"id":11042,"url":"https:\/\/kalot.com.mx\/site\/2014\/02\/05\/blue-october\/","url_meta":{"origin":13227,"position":5},"title":"The Blue in October","author":"David S\u00e1nchez","date":"5 febrero, 2014","format":false,"excerpt":"Pues hoy es mi\u00e9rcoles, ombligo de la semana. Y no hay nada mejor para pasar cualquier d\u00eda que la m\u00fasica. As\u00ed que hoy les hablar\u00e9 de Blue October. Si, muchos me preguntaran \u00bfQui\u00e9nes son? \u00bfPor qu\u00e9 empezar este nuevo segmento con una banda desconocida? o \u00bfQui\u00e9n les dijo que Octubre\u2026","rel":"","context":"En &quot;Sin categor\u00eda&quot;","block_context":{"text":"Sin categor\u00eda","link":"https:\/\/kalot.com.mx\/site\/category\/sin-categoria\/"},"img":{"alt_text":"","src":"https:\/\/i0.wp.com\/kalot.com.mx\/site\/wp-content\/uploads\/2014\/02\/Blue%2BOctober.jpg?fit=500%2C333&ssl=1&resize=350%2C200","width":350,"height":200},"classes":[]}],"jetpack_sharing_enabled":true,"_links":{"self":[{"href":"https:\/\/kalot.com.mx\/site\/wp-json\/wp\/v2\/posts\/13227","targetHints":{"allow":["GET"]}}],"collection":[{"href":"https:\/\/kalot.com.mx\/site\/wp-json\/wp\/v2\/posts"}],"about":[{"href":"https:\/\/kalot.com.mx\/site\/wp-json\/wp\/v2\/types\/post"}],"author":[{"embeddable":true,"href":"https:\/\/kalot.com.mx\/site\/wp-json\/wp\/v2\/users\/82"}],"replies":[{"embeddable":true,"href":"https:\/\/kalot.com.mx\/site\/wp-json\/wp\/v2\/comments?post=13227"}],"version-history":[{"count":4,"href":"https:\/\/kalot.com.mx\/site\/wp-json\/wp\/v2\/posts\/13227\/revisions"}],"predecessor-version":[{"id":29683,"href":"https:\/\/kalot.com.mx\/site\/wp-json\/wp\/v2\/posts\/13227\/revisions\/29683"}],"wp:featuredmedia":[{"embeddable":true,"href":"https:\/\/kalot.com.mx\/site\/wp-json\/wp\/v2\/media\/13308"}],"wp:attachment":[{"href":"https:\/\/kalot.com.mx\/site\/wp-json\/wp\/v2\/media?parent=13227"}],"wp:term":[{"taxonomy":"category","embeddable":true,"href":"https:\/\/kalot.com.mx\/site\/wp-json\/wp\/v2\/categories?post=13227"},{"taxonomy":"post_tag","embeddable":true,"href":"https:\/\/kalot.com.mx\/site\/wp-json\/wp\/v2\/tags?post=13227"}],"curies":[{"name":"wp","href":"https:\/\/api.w.org\/{rel}","templated":true}]}}