{"id":13192,"date":"2014-03-09T22:09:49","date_gmt":"2014-03-10T04:09:49","guid":{"rendered":"http:\/\/www.kalot.mx\/?p=13192"},"modified":"2014-03-09T22:09:49","modified_gmt":"2014-03-10T04:09:49","slug":"que-le-tienes-miedo-superalo","status":"publish","type":"post","link":"https:\/\/kalot.com.mx\/site\/2014\/03\/09\/que-le-tienes-miedo-superalo\/","title":{"rendered":"\u00bfA qu\u00e9 le tienes miedo? \u00a1\u00a1\u00a1Sup\u00e9ralo!!!"},"content":{"rendered":"<p style=\"text-align: justify\">\u00a1Uuuuyyyy que mello!, es lo que en ocasiones se nos dice cuando a veces tenemos temor de algo. Y aunque parezca algo tonto, es de lo m\u00e1s natural que hay.<\/p>\n<p style=\"text-align: justify\">Sin embargo, cuando este miedo se vuelve incontrolable y afecta a la persona mucho m\u00e1s de lo normal, es aqu\u00ed cuando comienza el verdadero conflicto. Por eso aqu\u00ed se exponen los miedos m\u00e1s frecuentes y algunas posibles soluciones que les puedes dar.<\/p>\n<p style=\"text-align: justify\">Pero hablando de, \u00bfqu\u00e9 es el miedo? Es el sentimiento que surge en cada uno de nosotros como respuesta-est\u00edmulo a una situaci\u00f3n de peligro o amenaza, sea real o imaginaria. Y estos surgen a lo largo de la vida, consecuencia del entorno donde se desarrolla, de la familia, de los amigos, de la educaci\u00f3n o de la sociedad en general.<\/p>\n<p style=\"text-align: justify\">\u00bfQu\u00e9 tipos de miedo existen? Si bien existen bastantes (y dentro de los cuales algunos clasifican las fobias), existen 4 miedos principales:<\/p>\n<p style=\"text-align: justify\">&#8211; Miedo al rechazo social. Temor a no sentirnos parte de un grupo social, de ser rechazados o simplemente sentirse limitado. Esto proviene de situaciones del pasados, la angustia existencial o al temor de no ser lo que esperan.<\/p>\n<p style=\"text-align: justify\">&#8211; Miedo al cambio: Temor a los cambios producidos en nosotros mismos, en las personas que nos rodean, en las \u00e1reas que nos afectan. A presentarnos con los dem\u00e1s con aciertos y errores.<\/p>\n<p style=\"text-align: justify\">&#8211; Miedo a la soledad. Es el miedo m\u00e1s universal. Muchas veces nos apegamos en la primer persona que llega para escapar de nuestra soledad, cayendo en un sentimiento de apego, y no de amor\/amistad.<\/p>\n<p style=\"text-align: justify\">&#8211; Miedo al mal, sufrimiento y p\u00e9rdidas: Guerras, violencia, terrorismo, hambre, cat\u00e1strofes naturales, desempleo, muerte, carencia de salud, conflictos, entre otros.<\/p>\n<p style=\"text-align: justify\">Pero, \u00bfc\u00f3mo superarlos? Lo primero es que se debe de aceptar y reconocer que se tiene miedo, puesto que es el primer paso que obstaculiza la superaci\u00f3n. Posteriormente, hay que auto-examinarse para identificar la causa real por lo que tiene miedo. Identificada la ra\u00edz del mismo, se debe de enfocar en aquello que debe de cambiar o eliminar para afrontar ese miedo. A la par, fortalecer varios aspectos de la personalidad que impiden el &#8220;desentierro&#8221; de las mismas. Finalmente, es necesario que la persona tenga disposici\u00f3n para lograrlo.<\/p>\n<p style=\"text-align: justify\">\u00bfMello? Tal vez si, porque cada uno ha tenido experiencias diversas, pero tambi\u00e9n es necesario dejar eso atr\u00e1s y aprovechar lo que le denominamos vida, porque solo hay una.<\/p>\n<p style=\"text-align: justify\">See ya!<\/p>\n<p style=\"text-align: justify\">Fuente: Por mi familia revista<\/p>\n<p>&nbsp;<\/p>\n","protected":false},"excerpt":{"rendered":"\u00a1Uuuuyyyy que mello!, es lo que en ocasiones se nos dice cuando a veces tenemos temor de algo.&hellip;\n","protected":false},"author":25,"featured_media":13193,"comment_status":"open","ping_status":"open","sticky":false,"template":"","format":"standard","meta":{"jetpack_post_was_ever_published":false,"_jetpack_newsletter_access":"","_jetpack_dont_email_post_to_subs":false,"_jetpack_newsletter_tier_id":0,"_jetpack_memberships_contains_paywalled_content":false,"_jetpack_memberships_contains_paid_content":false,"footnotes":"","jetpack_publicize_message":"","jetpack_publicize_feature_enabled":true,"jetpack_social_post_already_shared":true,"jetpack_social_options":{"image_generator_settings":{"template":"highway","default_image_id":0,"font":"","enabled":false},"version":2}},"categories":[],"tags":[],"class_list":{"0":"post-13192","1":"post","2":"type-post","3":"status-publish","4":"format-standard","5":"has-post-thumbnail","7":"cs-entry","8":"cs-video-wrap"},"yoast_head":"<!-- This site is optimized with the Yoast SEO plugin v27.5 - https:\/\/yoast.com\/product\/yoast-seo-wordpress\/ -->\n<title>\u00bfA qu\u00e9 le tienes miedo? \u00a1\u00a1\u00a1Sup\u00e9ralo!!! - Kalot<\/title>\n<meta name=\"description\" content=\"\u00a1Uuuuyyyy que mello!, es lo que en ocasiones se nos dice cuando a veces tenemos temor de algo. Y aunque parezca algo tonto, es de lo m\u00e1s natural que hay.\" \/>\n<meta name=\"robots\" content=\"index, follow, max-snippet:-1, max-image-preview:large, max-video-preview:-1\" \/>\n<link rel=\"canonical\" href=\"https:\/\/kalot.com.mx\/site\/2014\/03\/09\/que-le-tienes-miedo-superalo\/\" \/>\n<meta property=\"og:locale\" content=\"es_MX\" \/>\n<meta property=\"og:type\" content=\"article\" \/>\n<meta property=\"og:title\" content=\"\u00bfA qu\u00e9 le tienes miedo? \u00a1\u00a1\u00a1Sup\u00e9ralo!!! - Kalot\" \/>\n<meta property=\"og:description\" content=\"\u00a1Uuuuyyyy que mello!, es lo que en ocasiones se nos dice cuando a veces tenemos temor de algo. Y aunque parezca algo tonto, es de lo m\u00e1s natural que hay.\" \/>\n<meta property=\"og:url\" content=\"https:\/\/kalot.com.mx\/site\/2014\/03\/09\/que-le-tienes-miedo-superalo\/\" \/>\n<meta property=\"og:site_name\" content=\"Kalot\" \/>\n<meta property=\"article:publisher\" content=\"http:\/\/facebook.com\/mxkalot\" \/>\n<meta property=\"article:published_time\" content=\"2014-03-10T04:09:49+00:00\" \/>\n<meta property=\"og:image\" content=\"https:\/\/i2.wp.com\/kalot.com.mx\/site\/wp-content\/uploads\/2014\/03\/mello.jpg?fit=955%2C768&ssl=1\" \/>\n\t<meta property=\"og:image:width\" content=\"955\" \/>\n\t<meta property=\"og:image:height\" content=\"768\" \/>\n\t<meta property=\"og:image:type\" content=\"image\/jpeg\" \/>\n<meta name=\"author\" content=\"Saul Alonso\" \/>\n<meta name=\"twitter:card\" content=\"summary_large_image\" \/>\n<meta name=\"twitter:creator\" content=\"@kalotmx\" \/>\n<meta name=\"twitter:site\" content=\"@kalotmx\" \/>\n<meta name=\"twitter:label1\" content=\"Escrito por\" \/>\n\t<meta name=\"twitter:data1\" content=\"Saul Alonso\" \/>\n\t<meta name=\"twitter:label2\" content=\"Tiempo de lectura\" \/>\n\t<meta name=\"twitter:data2\" content=\"2 minutos\" \/>\n<!-- \/ Yoast SEO plugin. -->","yoast_head_json":{"title":"\u00bfA qu\u00e9 le tienes miedo? \u00a1\u00a1\u00a1Sup\u00e9ralo!!! - Kalot","description":"\u00a1Uuuuyyyy que mello!, es lo que en ocasiones se nos dice cuando a veces tenemos temor de algo. Y aunque parezca algo tonto, es de lo m\u00e1s natural que hay.","robots":{"index":"index","follow":"follow","max-snippet":"max-snippet:-1","max-image-preview":"max-image-preview:large","max-video-preview":"max-video-preview:-1"},"canonical":"https:\/\/kalot.com.mx\/site\/2014\/03\/09\/que-le-tienes-miedo-superalo\/","og_locale":"es_MX","og_type":"article","og_title":"\u00bfA qu\u00e9 le tienes miedo? \u00a1\u00a1\u00a1Sup\u00e9ralo!!! - Kalot","og_description":"\u00a1Uuuuyyyy que mello!, es lo que en ocasiones se nos dice cuando a veces tenemos temor de algo. Y aunque parezca algo tonto, es de lo m\u00e1s natural que hay.","og_url":"https:\/\/kalot.com.mx\/site\/2014\/03\/09\/que-le-tienes-miedo-superalo\/","og_site_name":"Kalot","article_publisher":"http:\/\/facebook.com\/mxkalot","article_published_time":"2014-03-10T04:09:49+00:00","og_image":[{"width":955,"height":768,"url":"https:\/\/i2.wp.com\/kalot.com.mx\/site\/wp-content\/uploads\/2014\/03\/mello.jpg?fit=955%2C768&ssl=1","type":"image\/jpeg"}],"author":"Saul Alonso","twitter_card":"summary_large_image","twitter_creator":"@kalotmx","twitter_site":"@kalotmx","twitter_misc":{"Escrito por":"Saul Alonso","Tiempo de lectura":"2 minutos"},"schema":{"@context":"https:\/\/schema.org","@graph":[{"@type":"Article","@id":"https:\/\/kalot.com.mx\/site\/2014\/03\/09\/que-le-tienes-miedo-superalo\/#article","isPartOf":{"@id":"https:\/\/kalot.com.mx\/site\/2014\/03\/09\/que-le-tienes-miedo-superalo\/"},"author":{"name":"Saul Alonso","@id":"https:\/\/kalot.com.mx\/site\/#\/schema\/person\/0af7e4a35e97d3b642a1427204342da1"},"headline":"\u00bfA qu\u00e9 le tienes miedo? \u00a1\u00a1\u00a1Sup\u00e9ralo!!!","datePublished":"2014-03-10T04:09:49+00:00","mainEntityOfPage":{"@id":"https:\/\/kalot.com.mx\/site\/2014\/03\/09\/que-le-tienes-miedo-superalo\/"},"wordCount":430,"commentCount":0,"publisher":{"@id":"https:\/\/kalot.com.mx\/site\/#organization"},"image":{"@id":"https:\/\/kalot.com.mx\/site\/2014\/03\/09\/que-le-tienes-miedo-superalo\/#primaryimage"},"thumbnailUrl":"https:\/\/i0.wp.com\/kalot.com.mx\/site\/wp-content\/uploads\/2014\/03\/mello.jpg?fit=955%2C768&ssl=1","inLanguage":"es","potentialAction":[{"@type":"CommentAction","name":"Comment","target":["https:\/\/kalot.com.mx\/site\/2014\/03\/09\/que-le-tienes-miedo-superalo\/#respond"]}]},{"@type":"WebPage","@id":"https:\/\/kalot.com.mx\/site\/2014\/03\/09\/que-le-tienes-miedo-superalo\/","url":"https:\/\/kalot.com.mx\/site\/2014\/03\/09\/que-le-tienes-miedo-superalo\/","name":"\u00bfA qu\u00e9 le tienes miedo? \u00a1\u00a1\u00a1Sup\u00e9ralo!!! - Kalot","isPartOf":{"@id":"https:\/\/kalot.com.mx\/site\/#website"},"primaryImageOfPage":{"@id":"https:\/\/kalot.com.mx\/site\/2014\/03\/09\/que-le-tienes-miedo-superalo\/#primaryimage"},"image":{"@id":"https:\/\/kalot.com.mx\/site\/2014\/03\/09\/que-le-tienes-miedo-superalo\/#primaryimage"},"thumbnailUrl":"https:\/\/i0.wp.com\/kalot.com.mx\/site\/wp-content\/uploads\/2014\/03\/mello.jpg?fit=955%2C768&ssl=1","datePublished":"2014-03-10T04:09:49+00:00","description":"\u00a1Uuuuyyyy que mello!, es lo que en ocasiones se nos dice cuando a veces tenemos temor de algo. Y aunque parezca algo tonto, es de lo m\u00e1s natural que hay.","breadcrumb":{"@id":"https:\/\/kalot.com.mx\/site\/2014\/03\/09\/que-le-tienes-miedo-superalo\/#breadcrumb"},"inLanguage":"es","potentialAction":[{"@type":"ReadAction","target":["https:\/\/kalot.com.mx\/site\/2014\/03\/09\/que-le-tienes-miedo-superalo\/"]}]},{"@type":"ImageObject","inLanguage":"es","@id":"https:\/\/kalot.com.mx\/site\/2014\/03\/09\/que-le-tienes-miedo-superalo\/#primaryimage","url":"https:\/\/i0.wp.com\/kalot.com.mx\/site\/wp-content\/uploads\/2014\/03\/mello.jpg?fit=955%2C768&ssl=1","contentUrl":"https:\/\/i0.wp.com\/kalot.com.mx\/site\/wp-content\/uploads\/2014\/03\/mello.jpg?fit=955%2C768&ssl=1","width":955,"height":768},{"@type":"BreadcrumbList","@id":"https:\/\/kalot.com.mx\/site\/2014\/03\/09\/que-le-tienes-miedo-superalo\/#breadcrumb","itemListElement":[{"@type":"ListItem","position":1,"name":"Home","item":"https:\/\/kalot.com.mx\/site\/"},{"@type":"ListItem","position":2,"name":"\u00bfA qu\u00e9 le tienes miedo? \u00a1\u00a1\u00a1Sup\u00e9ralo!!!"}]},{"@type":"WebSite","@id":"https:\/\/kalot.com.mx\/site\/#website","url":"https:\/\/kalot.com.mx\/site\/","name":"Kalot","description":"Conoce Todo Sobre Todo","publisher":{"@id":"https:\/\/kalot.com.mx\/site\/#organization"},"potentialAction":[{"@type":"SearchAction","target":{"@type":"EntryPoint","urlTemplate":"https:\/\/kalot.com.mx\/site\/?s={search_term_string}"},"query-input":{"@type":"PropertyValueSpecification","valueRequired":true,"valueName":"search_term_string"}}],"inLanguage":"es"},{"@type":"Organization","@id":"https:\/\/kalot.com.mx\/site\/#organization","name":"Kalot","url":"https:\/\/kalot.com.mx\/site\/","logo":{"@type":"ImageObject","inLanguage":"es","@id":"https:\/\/kalot.com.mx\/site\/#\/schema\/logo\/image\/","url":"https:\/\/i0.wp.com\/kalot.com.mx\/site\/wp-content\/uploads\/2020\/04\/Kalot-logo-sin-tagline.png?fit=1707%2C1014&ssl=1","contentUrl":"https:\/\/i0.wp.com\/kalot.com.mx\/site\/wp-content\/uploads\/2020\/04\/Kalot-logo-sin-tagline.png?fit=1707%2C1014&ssl=1","width":1707,"height":1014,"caption":"Kalot"},"image":{"@id":"https:\/\/kalot.com.mx\/site\/#\/schema\/logo\/image\/"},"sameAs":["http:\/\/facebook.com\/mxkalot","https:\/\/x.com\/kalotmx","http:\/\/instagram.com\/kalotmx","http:\/\/pinterest.com\/jorgeerana\/kalot"]},{"@type":"Person","@id":"https:\/\/kalot.com.mx\/site\/#\/schema\/person\/0af7e4a35e97d3b642a1427204342da1","name":"Saul Alonso","image":{"@type":"ImageObject","inLanguage":"es","@id":"https:\/\/secure.gravatar.com\/avatar\/567d81852bbebfd1de3d0230b17b0030cb90aacd14e0f6c3e0d25e45c92e3109?s=96&d=mm&r=g","url":"https:\/\/secure.gravatar.com\/avatar\/567d81852bbebfd1de3d0230b17b0030cb90aacd14e0f6c3e0d25e45c92e3109?s=96&d=mm&r=g","contentUrl":"https:\/\/secure.gravatar.com\/avatar\/567d81852bbebfd1de3d0230b17b0030cb90aacd14e0f6c3e0d25e45c92e3109?s=96&d=mm&r=g","caption":"Saul Alonso"},"description":"Licenciado en Administraci\u00f3n por parte de la Universidad Polit\u00e9cnica de San Luis Potos\u00ed. Trabaja en la Direcci\u00f3n de Control en Grupo Bimbo. Galardonado por la Fundaci\u00f3n Trayectoria de \u00c9xito en el certamen \"Medalla Estudiantes Ejemplares\" en su edici\u00f3n 2013. Amante de la lectura y escritura. En proceso de redacci\u00f3n del libro \"Crossed Destinies\".","url":"https:\/\/kalot.com.mx\/site\/author\/saul\/"}]}},"jetpack_publicize_connections":[],"jetpack_featured_media_url":"https:\/\/i0.wp.com\/kalot.com.mx\/site\/wp-content\/uploads\/2014\/03\/mello.jpg?fit=955%2C768&ssl=1","jetpack_shortlink":"https:\/\/wp.me\/p6IHEI-3qM","jetpack-related-posts":[{"id":20946,"url":"https:\/\/kalot.com.mx\/site\/2015\/03\/31\/no-porque-me-da-miedo\/","url_meta":{"origin":13192,"position":0},"title":"No porque me da miedo&#8230;.","author":"Mar\u00eda Alvarado","date":"31 marzo, 2015","format":false,"excerpt":"\u00bfCu\u00e1ndo es el tiempo perfecto para comenzar de nuevo? \u00bfC\u00f3mo es que podemos saber si s\u00ed estamos preparados para dar un giro a nuestra vida? \u00bfAcaso estaremos listos? Esas son algunas de las preguntas que pueden correr por nuestras mentes mientras entramos en una disyuntiva con nuestras vidas, \u00bfser\u00e1 acaso\u2026","rel":"","context":"Entrada similar ","block_context":{"text":"Entrada similar ","link":""},"img":{"alt_text":"","src":"https:\/\/i0.wp.com\/kalot.com.mx\/site\/wp-content\/uploads\/2015\/03\/6a00d8341bf67c53ef017d3c497de2970c-800wi.jpg?fit=622%2C505&ssl=1&resize=350%2C200","width":350,"height":200,"srcset":"https:\/\/i0.wp.com\/kalot.com.mx\/site\/wp-content\/uploads\/2015\/03\/6a00d8341bf67c53ef017d3c497de2970c-800wi.jpg?fit=622%2C505&ssl=1&resize=350%2C200 1x, https:\/\/i0.wp.com\/kalot.com.mx\/site\/wp-content\/uploads\/2015\/03\/6a00d8341bf67c53ef017d3c497de2970c-800wi.jpg?fit=622%2C505&ssl=1&resize=525%2C300 1.5x"},"classes":[]},{"id":23769,"url":"https:\/\/kalot.com.mx\/site\/2015\/10\/06\/ya-llego-el-mes-del-miedo-y-nos-encanta\/","url_meta":{"origin":13192,"position":1},"title":"Ya llego el mes del miedo, y nos encanta.","author":"HM_MKT007","date":"6 octubre, 2015","format":false,"excerpt":"Ya empez\u00f3 el mes que m\u00e1s aterra a la mayor\u00eda, pero estoy seguro que al igual que yo es de los m\u00e1s queridos, disfrutados, y amados de todo el a\u00f1o, y no lo ocultes, amas tanto octubre, que no lo puedes ocultar, es la verdad y lo sabes. En el\u2026","rel":"","context":"En &quot;Cine&quot;","block_context":{"text":"Cine","link":"https:\/\/kalot.com.mx\/site\/category\/cine\/"},"img":{"alt_text":"","src":"https:\/\/i0.wp.com\/kalot.com.mx\/site\/wp-content\/uploads\/2015\/10\/fantasma1.jpg?fit=543%2C325&ssl=1&resize=350%2C200","width":350,"height":200,"srcset":"https:\/\/i0.wp.com\/kalot.com.mx\/site\/wp-content\/uploads\/2015\/10\/fantasma1.jpg?fit=543%2C325&ssl=1&resize=350%2C200 1x, https:\/\/i0.wp.com\/kalot.com.mx\/site\/wp-content\/uploads\/2015\/10\/fantasma1.jpg?fit=543%2C325&ssl=1&resize=525%2C300 1.5x"},"classes":[]},{"id":12645,"url":"https:\/\/kalot.com.mx\/site\/2014\/02\/27\/cuanto-miedo-puedes-soportar\/","url_meta":{"origin":13192,"position":2},"title":"\u00bfCu\u00e1nto miedo puedes soportar?","author":"Jessica Fuentes","date":"27 febrero, 2014","format":false,"excerpt":"Siete esqueletos decapitados \u00a0M\u00e9xico D.F. Homicida en serie, 6 muertes no existen pruebas. Sergio, Brianda y Jop vivir\u00e1n la aventura m\u00e1s espeluznante de sus vidas, descubrir\u00e1n que es el amor, el terror y el valor de los amigos; Guillen es un comandante de la polic\u00eda que por la rutina, y\u2026","rel":"","context":"Entrada similar ","block_context":{"text":"Entrada similar ","link":""},"img":{"alt_text":"","src":"https:\/\/i0.wp.com\/kalot.com.mx\/site\/wp-content\/uploads\/2014\/02\/71FvuC4eQgL__SL1451_.jpg?fit=724%2C1200&ssl=1&resize=350%2C200","width":350,"height":200,"srcset":"https:\/\/i0.wp.com\/kalot.com.mx\/site\/wp-content\/uploads\/2014\/02\/71FvuC4eQgL__SL1451_.jpg?fit=724%2C1200&ssl=1&resize=350%2C200 1x, https:\/\/i0.wp.com\/kalot.com.mx\/site\/wp-content\/uploads\/2014\/02\/71FvuC4eQgL__SL1451_.jpg?fit=724%2C1200&ssl=1&resize=525%2C300 1.5x, https:\/\/i0.wp.com\/kalot.com.mx\/site\/wp-content\/uploads\/2014\/02\/71FvuC4eQgL__SL1451_.jpg?fit=724%2C1200&ssl=1&resize=700%2C400 2x"},"classes":[]},{"id":23057,"url":"https:\/\/kalot.com.mx\/site\/2015\/08\/20\/miedo-al-miedo\/","url_meta":{"origin":13192,"position":3},"title":"Miedo al Miedo","author":"Fabiia Rivera","date":"20 agosto, 2015","format":false,"excerpt":"Hola, mis queridos lectores, como el d\u00eda de hoy es especial ya que lejos de sentirnos estresados en realidad quiero relajarlos, y como hace mucho quer\u00eda hablar de este tema, quer\u00eda encontrar el momento perfecto para hablarlo y como buena editora se los voy a decir. El miedo es la\u2026","rel":"","context":"En &quot;Sin categor\u00eda&quot;","block_context":{"text":"Sin categor\u00eda","link":"https:\/\/kalot.com.mx\/site\/category\/sin-categoria\/"},"img":{"alt_text":"","src":"https:\/\/i0.wp.com\/kalot.com.mx\/site\/wp-content\/uploads\/2015\/08\/miedo-al-miedo.jpg?fit=1024%2C768&ssl=1&resize=350%2C200","width":350,"height":200,"srcset":"https:\/\/i0.wp.com\/kalot.com.mx\/site\/wp-content\/uploads\/2015\/08\/miedo-al-miedo.jpg?fit=1024%2C768&ssl=1&resize=350%2C200 1x, https:\/\/i0.wp.com\/kalot.com.mx\/site\/wp-content\/uploads\/2015\/08\/miedo-al-miedo.jpg?fit=1024%2C768&ssl=1&resize=525%2C300 1.5x, https:\/\/i0.wp.com\/kalot.com.mx\/site\/wp-content\/uploads\/2015\/08\/miedo-al-miedo.jpg?fit=1024%2C768&ssl=1&resize=700%2C400 2x"},"classes":[]},{"id":4252,"url":"https:\/\/kalot.com.mx\/site\/2013\/10\/17\/y-por-que\/","url_meta":{"origin":13192,"position":4},"title":"\u00bfY por qu\u00e9 no?","author":"Fernanda S\u00e1nchez","date":"17 octubre, 2013","format":false,"excerpt":"En mi vida hay un antes y un despu\u00e9s que est\u00e1 muy marcado: mi etapa de terapia con el psiquiatra. Cuando me sugirieron ir, lo primero que dije fue: \u201cNo estoy loca\u201d. Y no s\u00e9 si lo estaba, o si lo estoy ahora, pero me di la oportunidad. Y fue\u2026","rel":"","context":"Con 1 comentario","block_context":{"text":"Con 1 comentario","link":"https:\/\/kalot.com.mx\/site\/2013\/10\/17\/y-por-que\/#comments"},"img":{"alt_text":"","src":"https:\/\/i0.wp.com\/kalot.com.mx\/site\/wp-content\/uploads\/2013\/10\/bungee.jpg?fit=629%2C419&ssl=1&resize=350%2C200","width":350,"height":200,"srcset":"https:\/\/i0.wp.com\/kalot.com.mx\/site\/wp-content\/uploads\/2013\/10\/bungee.jpg?fit=629%2C419&ssl=1&resize=350%2C200 1x, https:\/\/i0.wp.com\/kalot.com.mx\/site\/wp-content\/uploads\/2013\/10\/bungee.jpg?fit=629%2C419&ssl=1&resize=525%2C300 1.5x"},"classes":[]},{"id":3604,"url":"https:\/\/kalot.com.mx\/site\/2013\/10\/10\/estar-solos-y-solas\/","url_meta":{"origin":13192,"position":5},"title":"Estar SOLOS y A SOLAS","author":"Fernanda S\u00e1nchez","date":"10 octubre, 2013","format":false,"excerpt":"En mi casa soy la mayor (lo cual representa todo un reto, los que son hermanos grandes me comprender\u00e1n),\u00a0 pero mi prima siempre ha sido \u201cmi hermana grande\u201d. Es la persona a la cual acudo ante cualquier duda y con la que chismeo de todo. Intercambiamos ropa, historias, consejos\u2026 Y\u2026","rel":"","context":"Entrada similar ","block_context":{"text":"Entrada similar ","link":""},"img":{"alt_text":"","src":"https:\/\/i0.wp.com\/kalot.com.mx\/site\/wp-content\/uploads\/2013\/10\/Bicicleta1.jpg?fit=628%2C419&ssl=1&resize=350%2C200","width":350,"height":200,"srcset":"https:\/\/i0.wp.com\/kalot.com.mx\/site\/wp-content\/uploads\/2013\/10\/Bicicleta1.jpg?fit=628%2C419&ssl=1&resize=350%2C200 1x, https:\/\/i0.wp.com\/kalot.com.mx\/site\/wp-content\/uploads\/2013\/10\/Bicicleta1.jpg?fit=628%2C419&ssl=1&resize=525%2C300 1.5x"},"classes":[]}],"jetpack_sharing_enabled":true,"_links":{"self":[{"href":"https:\/\/kalot.com.mx\/site\/wp-json\/wp\/v2\/posts\/13192","targetHints":{"allow":["GET"]}}],"collection":[{"href":"https:\/\/kalot.com.mx\/site\/wp-json\/wp\/v2\/posts"}],"about":[{"href":"https:\/\/kalot.com.mx\/site\/wp-json\/wp\/v2\/types\/post"}],"author":[{"embeddable":true,"href":"https:\/\/kalot.com.mx\/site\/wp-json\/wp\/v2\/users\/25"}],"replies":[{"embeddable":true,"href":"https:\/\/kalot.com.mx\/site\/wp-json\/wp\/v2\/comments?post=13192"}],"version-history":[{"count":0,"href":"https:\/\/kalot.com.mx\/site\/wp-json\/wp\/v2\/posts\/13192\/revisions"}],"wp:featuredmedia":[{"embeddable":true,"href":"https:\/\/kalot.com.mx\/site\/wp-json\/wp\/v2\/media\/13193"}],"wp:attachment":[{"href":"https:\/\/kalot.com.mx\/site\/wp-json\/wp\/v2\/media?parent=13192"}],"wp:term":[{"taxonomy":"category","embeddable":true,"href":"https:\/\/kalot.com.mx\/site\/wp-json\/wp\/v2\/categories?post=13192"},{"taxonomy":"post_tag","embeddable":true,"href":"https:\/\/kalot.com.mx\/site\/wp-json\/wp\/v2\/tags?post=13192"}],"curies":[{"name":"wp","href":"https:\/\/api.w.org\/{rel}","templated":true}]}}