{"id":1315,"date":"2013-09-10T23:55:15","date_gmt":"2013-09-11T04:55:15","guid":{"rendered":"http:\/\/www.kalot.com.mx\/?p=1315"},"modified":"2013-09-11T00:53:28","modified_gmt":"2013-09-11T05:53:28","slug":"la-marca-potosina-no-tiene-quien-le-escriba","status":"publish","type":"post","link":"https:\/\/kalot.com.mx\/site\/2013\/09\/10\/la-marca-potosina-no-tiene-quien-le-escriba\/","title":{"rendered":"La marca potosina no tiene quien le escriba"},"content":{"rendered":"<p>En San Luis Potos\u00ed son m\u00e1s las empresas que est\u00e1n d\u00e1ndose cuenta del potencial que ofrecen las redes sociales para sus estrategias de comunicaci\u00f3n y posicionamiento. Es por ello que est\u00e1n requiriendo de los servicios de agencias de publicidad enfocadas en social media. Hoy en San Luis estamos entendiendo el valor de darle servicio al cliente en redes sociales. \u00bfPor qu\u00e9 las redes sociales son el mejor medio para comunicarse con los clientes? Desde mi punto de vista estas son las principales ventajas que ofrece social media:<br \/>\n* Es el \u00fanico canal en el que se puede obtener una comunicaci\u00f3n bidireccional sin l\u00edmites entre la empresa y el consumidor, esto ayuda a que obtengamos feedback para nuestra marca y mejorar en funci\u00f3n de lo que el cliente nos dice.<br \/>\n* El impacto nosotros lo podemos delimitar en nuestra publicidad pagada, y a su vez, segmentar la mercado al que queremos dirigirnos.<br \/>\n* En social media los mensajes de marca pueden tener mayor diversificaci\u00f3n en cuanto al tipo de contenido, puede ser un copy, un video, un podcast, una imagen, lo que sea, a diferencia por ejemplo de un espectacular que es un solo mensaje (adem\u00e1s car\u00edsimo) y durante 30 d\u00edas.<\/p>\n<p>A pesar de estas grandes oportunidades que da el social media a las empresas, en San Luis Potos\u00ed hacen falta agencias que se dediquen a realizar campa\u00f1as en redes sociales, la mayor\u00eda de las actuales se dedican a realizar la estrategia, pero no la ejecutan. En lo que he podido ver me he dado cuenta que hay muchas empresas (si no es que todas) no tienen tiempo para realizar las estrategias que la agencia dise\u00f1\u00f3, es por ello que considero que hay oferta laboral si est\u00e1s pensando en desarrollar tu carrera de marketing digital. Considera lo anterior y si vas a ofrecerle un trabajo en social media a una empresa, no te quedes en la planeaci\u00f3n, ejec\u00fatalo, y entrega los resultados a la empresa que te contrate.<\/p>\n<p><strong>Educando a la industria<\/strong><br \/>\nLas pocas agencias que se dedican al social media no han entendido la verdadera funci\u00f3n de realizar estos esfuerzos, es por ello que les ser\u00e1 com\u00fan no valorar su propio trabajo, he escuchado que hay agencias que cobran desde $1000 al mes. Para los que nos movemos en este sector, resulta complicada la labor de venta, ya que el empresario cree que este servicio vale poco, gracias a esas agencias que casi regalan su trabajo.<\/p>\n<p>Como emprendedor, considero que debemos darle valor a nuestro trabajo, nadie vendr\u00e1 a hacerlo por nosotros.<\/p>\n<p>\u00bfTe gustar\u00eda dedicarte al marketing digital? Estamos en el momento oportuno, esta industria esta creciendo, es mucho m\u00e1s efectiva y m\u00e1s eficiente que otros medios de comunicaci\u00f3n. Tenemos la oportunidad de sacar a otras partes de M\u00e9xico a las marcas potosinas.<\/p>\n<p>Nos estamos leyendo \ud83d\ude42<\/p>\n","protected":false},"excerpt":{"rendered":"En San Luis Potos\u00ed son m\u00e1s las empresas que est\u00e1n d\u00e1ndose cuenta del potencial que ofrecen las redes&hellip;\n","protected":false},"author":8,"featured_media":1314,"comment_status":"open","ping_status":"open","sticky":false,"template":"","format":"standard","meta":{"jetpack_post_was_ever_published":false,"_jetpack_newsletter_access":"","_jetpack_dont_email_post_to_subs":false,"_jetpack_newsletter_tier_id":0,"_jetpack_memberships_contains_paywalled_content":false,"_jetpack_memberships_contains_paid_content":false,"footnotes":"","jetpack_publicize_message":"","jetpack_publicize_feature_enabled":true,"jetpack_social_post_already_shared":true,"jetpack_social_options":{"image_generator_settings":{"template":"highway","default_image_id":0,"font":"","enabled":false},"version":2}},"categories":[],"tags":[],"class_list":{"0":"post-1315","1":"post","2":"type-post","3":"status-publish","4":"format-standard","5":"has-post-thumbnail","7":"cs-entry","8":"cs-video-wrap"},"yoast_head":"<!-- This site is optimized with the Yoast SEO plugin v27.4 - https:\/\/yoast.com\/product\/yoast-seo-wordpress\/ -->\n<title>La marca potosina no tiene quien le escriba - Kalot<\/title>\n<meta name=\"description\" content=\"En San Luis Potos\u00ed son m\u00e1s las empresas que est\u00e1n d\u00e1ndose cuenta del potencial que ofrecen las redes sociales para sus estrategias de comunicaci\u00f3n y\" \/>\n<meta name=\"robots\" content=\"index, follow, max-snippet:-1, max-image-preview:large, max-video-preview:-1\" \/>\n<link rel=\"canonical\" href=\"https:\/\/kalot.com.mx\/site\/2013\/09\/10\/la-marca-potosina-no-tiene-quien-le-escriba\/\" \/>\n<meta property=\"og:locale\" content=\"es_MX\" \/>\n<meta property=\"og:type\" content=\"article\" \/>\n<meta property=\"og:title\" content=\"La marca potosina no tiene quien le escriba - Kalot\" \/>\n<meta property=\"og:description\" content=\"En San Luis Potos\u00ed son m\u00e1s las empresas que est\u00e1n d\u00e1ndose cuenta del potencial que ofrecen las redes sociales para sus estrategias de comunicaci\u00f3n y\" \/>\n<meta property=\"og:url\" content=\"https:\/\/kalot.com.mx\/site\/2013\/09\/10\/la-marca-potosina-no-tiene-quien-le-escriba\/\" \/>\n<meta property=\"og:site_name\" content=\"Kalot\" \/>\n<meta property=\"article:publisher\" content=\"http:\/\/facebook.com\/mxkalot\" \/>\n<meta property=\"article:published_time\" content=\"2013-09-11T04:55:15+00:00\" \/>\n<meta property=\"article:modified_time\" content=\"2013-09-11T05:53:28+00:00\" \/>\n<meta property=\"og:image\" content=\"https:\/\/i2.wp.com\/kalot.com.mx\/site\/wp-content\/uploads\/2013\/09\/20130910-235437.jpg?fit=600%2C375&ssl=1\" \/>\n\t<meta property=\"og:image:width\" content=\"600\" \/>\n\t<meta property=\"og:image:height\" content=\"375\" \/>\n\t<meta property=\"og:image:type\" content=\"image\/jpeg\" \/>\n<meta name=\"author\" content=\"Rudy Marin\" \/>\n<meta name=\"twitter:card\" content=\"summary_large_image\" \/>\n<meta name=\"twitter:creator\" content=\"@kalotmx\" \/>\n<meta name=\"twitter:site\" content=\"@kalotmx\" \/>\n<meta name=\"twitter:label1\" content=\"Escrito por\" \/>\n\t<meta name=\"twitter:data1\" content=\"Rudy Marin\" \/>\n\t<meta name=\"twitter:label2\" content=\"Tiempo de lectura\" \/>\n\t<meta name=\"twitter:data2\" content=\"2 minutos\" \/>\n<!-- \/ Yoast SEO plugin. -->","yoast_head_json":{"title":"La marca potosina no tiene quien le escriba - Kalot","description":"En San Luis Potos\u00ed son m\u00e1s las empresas que est\u00e1n d\u00e1ndose cuenta del potencial que ofrecen las redes sociales para sus estrategias de comunicaci\u00f3n y","robots":{"index":"index","follow":"follow","max-snippet":"max-snippet:-1","max-image-preview":"max-image-preview:large","max-video-preview":"max-video-preview:-1"},"canonical":"https:\/\/kalot.com.mx\/site\/2013\/09\/10\/la-marca-potosina-no-tiene-quien-le-escriba\/","og_locale":"es_MX","og_type":"article","og_title":"La marca potosina no tiene quien le escriba - Kalot","og_description":"En San Luis Potos\u00ed son m\u00e1s las empresas que est\u00e1n d\u00e1ndose cuenta del potencial que ofrecen las redes sociales para sus estrategias de comunicaci\u00f3n y","og_url":"https:\/\/kalot.com.mx\/site\/2013\/09\/10\/la-marca-potosina-no-tiene-quien-le-escriba\/","og_site_name":"Kalot","article_publisher":"http:\/\/facebook.com\/mxkalot","article_published_time":"2013-09-11T04:55:15+00:00","article_modified_time":"2013-09-11T05:53:28+00:00","og_image":[{"width":600,"height":375,"url":"https:\/\/i2.wp.com\/kalot.com.mx\/site\/wp-content\/uploads\/2013\/09\/20130910-235437.jpg?fit=600%2C375&ssl=1","type":"image\/jpeg"}],"author":"Rudy Marin","twitter_card":"summary_large_image","twitter_creator":"@kalotmx","twitter_site":"@kalotmx","twitter_misc":{"Escrito por":"Rudy Marin","Tiempo de lectura":"2 minutos"},"schema":{"@context":"https:\/\/schema.org","@graph":[{"@type":"Article","@id":"https:\/\/kalot.com.mx\/site\/2013\/09\/10\/la-marca-potosina-no-tiene-quien-le-escriba\/#article","isPartOf":{"@id":"https:\/\/kalot.com.mx\/site\/2013\/09\/10\/la-marca-potosina-no-tiene-quien-le-escriba\/"},"author":{"name":"Rudy Marin","@id":"https:\/\/kalot.com.mx\/site\/#\/schema\/person\/c92e0faf7c6131124c9e7afdaaf4c22c"},"headline":"La marca potosina no tiene quien le escriba","datePublished":"2013-09-11T04:55:15+00:00","dateModified":"2013-09-11T05:53:28+00:00","mainEntityOfPage":{"@id":"https:\/\/kalot.com.mx\/site\/2013\/09\/10\/la-marca-potosina-no-tiene-quien-le-escriba\/"},"wordCount":493,"commentCount":0,"publisher":{"@id":"https:\/\/kalot.com.mx\/site\/#organization"},"image":{"@id":"https:\/\/kalot.com.mx\/site\/2013\/09\/10\/la-marca-potosina-no-tiene-quien-le-escriba\/#primaryimage"},"thumbnailUrl":"https:\/\/i0.wp.com\/kalot.com.mx\/site\/wp-content\/uploads\/2013\/09\/20130910-235437.jpg?fit=600%2C375&ssl=1","inLanguage":"es","potentialAction":[{"@type":"CommentAction","name":"Comment","target":["https:\/\/kalot.com.mx\/site\/2013\/09\/10\/la-marca-potosina-no-tiene-quien-le-escriba\/#respond"]}]},{"@type":"WebPage","@id":"https:\/\/kalot.com.mx\/site\/2013\/09\/10\/la-marca-potosina-no-tiene-quien-le-escriba\/","url":"https:\/\/kalot.com.mx\/site\/2013\/09\/10\/la-marca-potosina-no-tiene-quien-le-escriba\/","name":"La marca potosina no tiene quien le escriba - Kalot","isPartOf":{"@id":"https:\/\/kalot.com.mx\/site\/#website"},"primaryImageOfPage":{"@id":"https:\/\/kalot.com.mx\/site\/2013\/09\/10\/la-marca-potosina-no-tiene-quien-le-escriba\/#primaryimage"},"image":{"@id":"https:\/\/kalot.com.mx\/site\/2013\/09\/10\/la-marca-potosina-no-tiene-quien-le-escriba\/#primaryimage"},"thumbnailUrl":"https:\/\/i0.wp.com\/kalot.com.mx\/site\/wp-content\/uploads\/2013\/09\/20130910-235437.jpg?fit=600%2C375&ssl=1","datePublished":"2013-09-11T04:55:15+00:00","dateModified":"2013-09-11T05:53:28+00:00","description":"En San Luis Potos\u00ed son m\u00e1s las empresas que est\u00e1n d\u00e1ndose cuenta del potencial que ofrecen las redes sociales para sus estrategias de comunicaci\u00f3n y","breadcrumb":{"@id":"https:\/\/kalot.com.mx\/site\/2013\/09\/10\/la-marca-potosina-no-tiene-quien-le-escriba\/#breadcrumb"},"inLanguage":"es","potentialAction":[{"@type":"ReadAction","target":["https:\/\/kalot.com.mx\/site\/2013\/09\/10\/la-marca-potosina-no-tiene-quien-le-escriba\/"]}]},{"@type":"ImageObject","inLanguage":"es","@id":"https:\/\/kalot.com.mx\/site\/2013\/09\/10\/la-marca-potosina-no-tiene-quien-le-escriba\/#primaryimage","url":"https:\/\/i0.wp.com\/kalot.com.mx\/site\/wp-content\/uploads\/2013\/09\/20130910-235437.jpg?fit=600%2C375&ssl=1","contentUrl":"https:\/\/i0.wp.com\/kalot.com.mx\/site\/wp-content\/uploads\/2013\/09\/20130910-235437.jpg?fit=600%2C375&ssl=1","width":600,"height":375},{"@type":"BreadcrumbList","@id":"https:\/\/kalot.com.mx\/site\/2013\/09\/10\/la-marca-potosina-no-tiene-quien-le-escriba\/#breadcrumb","itemListElement":[{"@type":"ListItem","position":1,"name":"Home","item":"https:\/\/kalot.com.mx\/site\/"},{"@type":"ListItem","position":2,"name":"La marca potosina no tiene quien le escriba"}]},{"@type":"WebSite","@id":"https:\/\/kalot.com.mx\/site\/#website","url":"https:\/\/kalot.com.mx\/site\/","name":"Kalot","description":"Conoce Todo Sobre Todo","publisher":{"@id":"https:\/\/kalot.com.mx\/site\/#organization"},"potentialAction":[{"@type":"SearchAction","target":{"@type":"EntryPoint","urlTemplate":"https:\/\/kalot.com.mx\/site\/?s={search_term_string}"},"query-input":{"@type":"PropertyValueSpecification","valueRequired":true,"valueName":"search_term_string"}}],"inLanguage":"es"},{"@type":"Organization","@id":"https:\/\/kalot.com.mx\/site\/#organization","name":"Kalot","url":"https:\/\/kalot.com.mx\/site\/","logo":{"@type":"ImageObject","inLanguage":"es","@id":"https:\/\/kalot.com.mx\/site\/#\/schema\/logo\/image\/","url":"https:\/\/i0.wp.com\/kalot.com.mx\/site\/wp-content\/uploads\/2020\/04\/Kalot-logo-sin-tagline.png?fit=1707%2C1014&ssl=1","contentUrl":"https:\/\/i0.wp.com\/kalot.com.mx\/site\/wp-content\/uploads\/2020\/04\/Kalot-logo-sin-tagline.png?fit=1707%2C1014&ssl=1","width":1707,"height":1014,"caption":"Kalot"},"image":{"@id":"https:\/\/kalot.com.mx\/site\/#\/schema\/logo\/image\/"},"sameAs":["http:\/\/facebook.com\/mxkalot","https:\/\/x.com\/kalotmx","http:\/\/instagram.com\/kalotmx","http:\/\/pinterest.com\/jorgeerana\/kalot"]},{"@type":"Person","@id":"https:\/\/kalot.com.mx\/site\/#\/schema\/person\/c92e0faf7c6131124c9e7afdaaf4c22c","name":"Rudy Marin","image":{"@type":"ImageObject","inLanguage":"es","@id":"https:\/\/secure.gravatar.com\/avatar\/9d602f834cae9211ebf2bb652f47ee964d637614b9e543cda340daea773bb3d5?s=96&d=mm&r=g","url":"https:\/\/secure.gravatar.com\/avatar\/9d602f834cae9211ebf2bb652f47ee964d637614b9e543cda340daea773bb3d5?s=96&d=mm&r=g","contentUrl":"https:\/\/secure.gravatar.com\/avatar\/9d602f834cae9211ebf2bb652f47ee964d637614b9e543cda340daea773bb3d5?s=96&d=mm&r=g","caption":"Rudy Marin"},"description":"Mercad\u00f3logo. Emprendedor por Internet. Amante de la Nutella.","url":"https:\/\/kalot.com.mx\/site\/author\/rudymarin\/"}]}},"jetpack_publicize_connections":[],"jetpack_featured_media_url":"https:\/\/i0.wp.com\/kalot.com.mx\/site\/wp-content\/uploads\/2013\/09\/20130910-235437.jpg?fit=600%2C375&ssl=1","jetpack_shortlink":"https:\/\/wp.me\/p6IHEI-ld","jetpack-related-posts":[{"id":26715,"url":"https:\/\/kalot.com.mx\/site\/2016\/12\/23\/marketing-en-redes-sociales-tendencia-exito\/","url_meta":{"origin":1315,"position":0},"title":"Marketing en redes sociales, tendencia de \u00e9xito","author":"Jorge Era\u00f1a","date":"23 diciembre, 2016","format":false,"excerpt":"Crear una campa\u00f1a en redes sociales es una de las formas m\u00e1s efectivas que tenemos a nuestra disposici\u00f3n de impulsar nuestros servicios y productos a trav\u00e9s de la red. El problema es que esto es algo que sabes t\u00fa pero que tambi\u00e9n sabe tu competencia. El marketing en las redes\u2026","rel":"","context":"En &quot;Marketing&quot;","block_context":{"text":"Marketing","link":"https:\/\/kalot.com.mx\/site\/category\/marketing\/"},"img":{"alt_text":"","src":"https:\/\/i0.wp.com\/kalot.com.mx\/site\/wp-content\/uploads\/2016\/12\/marketing-en-redes-sociales.png?fit=753%2C416&ssl=1&resize=350%2C200","width":350,"height":200,"srcset":"https:\/\/i0.wp.com\/kalot.com.mx\/site\/wp-content\/uploads\/2016\/12\/marketing-en-redes-sociales.png?fit=753%2C416&ssl=1&resize=350%2C200 1x, https:\/\/i0.wp.com\/kalot.com.mx\/site\/wp-content\/uploads\/2016\/12\/marketing-en-redes-sociales.png?fit=753%2C416&ssl=1&resize=525%2C300 1.5x, https:\/\/i0.wp.com\/kalot.com.mx\/site\/wp-content\/uploads\/2016\/12\/marketing-en-redes-sociales.png?fit=753%2C416&ssl=1&resize=700%2C400 2x"},"classes":[]},{"id":5834,"url":"https:\/\/kalot.com.mx\/site\/2013\/11\/06\/haz-un-plan-de-social-media-facil-y-practico\/","url_meta":{"origin":1315,"position":1},"title":"\u00a1Haz un plan de social media f\u00e1cil y pr\u00e1ctico! por @tania_aguirre","author":"Tania Aguirre","date":"6 noviembre, 2013","format":false,"excerpt":"La planeaci\u00f3n es un eje clave para el \u00e9xito en cualquier contexto y las redes sociales no son la excepci\u00f3n. Hoy en d\u00eda muchas personas quieren dedicarse al Social Media Management (Manejo de la identidad de la empresa en las redes sociales) \u00a0y lamentablemente no realizan una planeaci\u00f3n oportuna.Si pagaras\u2026","rel":"","context":"Entrada similar ","block_context":{"text":"Entrada similar ","link":""},"img":{"alt_text":"","src":"https:\/\/i0.wp.com\/kalot.com.mx\/site\/wp-content\/uploads\/2013\/11\/content-marketing-guide.jpg?fit=500%2C470&ssl=1&resize=350%2C200","width":350,"height":200},"classes":[]},{"id":15098,"url":"https:\/\/kalot.com.mx\/site\/2014\/04\/20\/nuevas-tendencias-de-la-publicidad\/","url_meta":{"origin":1315,"position":2},"title":"Nuevas tendencias de la publicidad.","author":"Saul Alonso","date":"20 abril, 2014","format":false,"excerpt":"Publicidad, publicidad, publicidad... Siempre hemos escuchado esa palabra, e inclusive, algunos de nosotros la llevamos como una materia en la carrera profesional. Sin embargo, hablar de publicidad ser\u00eda hacer un art\u00edculo por dem\u00e1s extenso (tenga en cuenta la cantidad de libros y libros que puede encontrar al respecto), y no\u2026","rel":"","context":"Entrada similar ","block_context":{"text":"Entrada similar ","link":""},"img":{"alt_text":"","src":"https:\/\/i0.wp.com\/kalot.com.mx\/site\/wp-content\/uploads\/2014\/04\/cam-publicidad3.jpg?fit=853%2C768&ssl=1&resize=350%2C200","width":350,"height":200,"srcset":"https:\/\/i0.wp.com\/kalot.com.mx\/site\/wp-content\/uploads\/2014\/04\/cam-publicidad3.jpg?fit=853%2C768&ssl=1&resize=350%2C200 1x, https:\/\/i0.wp.com\/kalot.com.mx\/site\/wp-content\/uploads\/2014\/04\/cam-publicidad3.jpg?fit=853%2C768&ssl=1&resize=525%2C300 1.5x, https:\/\/i0.wp.com\/kalot.com.mx\/site\/wp-content\/uploads\/2014\/04\/cam-publicidad3.jpg?fit=853%2C768&ssl=1&resize=700%2C400 2x"},"classes":[]},{"id":5407,"url":"https:\/\/kalot.com.mx\/site\/2013\/11\/01\/libro-la-economia-de-la-gratitud-de-garyvee\/","url_meta":{"origin":1315,"position":3},"title":"Libro: La Econom\u00eda de la Gratitud de @garyvee","author":"Ceci Cuevas","date":"1 noviembre, 2013","format":false,"excerpt":"por Ceci Cuevas. Hoy te recomiendo este libro, uno de mis favoritos. La Econom\u00eda de la Gratitud de Gary Vaynerchuk @garyvee Si te gustan las redes sociales y est\u00e1s convencido como yo de que \u00e9stas son el nuevo servicio al cliente de las empresas (medianas, grandes o nuevas) tienes que\u2026","rel":"","context":"Con 1 comentario","block_context":{"text":"Con 1 comentario","link":"https:\/\/kalot.com.mx\/site\/2013\/11\/01\/libro-la-economia-de-la-gratitud-de-garyvee\/#comments"},"img":{"alt_text":"","src":"https:\/\/i0.wp.com\/kalot.com.mx\/site\/wp-content\/uploads\/2013\/11\/kalot1-e1383289833589.jpg?fit=570%2C562&ssl=1&resize=350%2C200","width":350,"height":200,"srcset":"https:\/\/i0.wp.com\/kalot.com.mx\/site\/wp-content\/uploads\/2013\/11\/kalot1-e1383289833589.jpg?fit=570%2C562&ssl=1&resize=350%2C200 1x, https:\/\/i0.wp.com\/kalot.com.mx\/site\/wp-content\/uploads\/2013\/11\/kalot1-e1383289833589.jpg?fit=570%2C562&ssl=1&resize=525%2C300 1.5x"},"classes":[]},{"id":27121,"url":"https:\/\/kalot.com.mx\/site\/2017\/04\/28\/estrategia-de-redes-sociales-marketing-conectar-consumidores\/","url_meta":{"origin":1315,"position":4},"title":"Estrategia de redes sociales: el nuevo marketing para conectar con los consumidores","author":"Mar\u00eda Corrales","date":"28 abril, 2017","format":false,"excerpt":"Las redes sociales se est\u00e1n llenando de contenido muy valioso y las marcas han de saber aprovechar y gestionar estos formatos. De ah\u00ed surge la nueva forma de hacer marketing mediante la planificaci\u00f3n de una estrategia de redes sociales, con el objetivo de involucrar a los consumidores en el proceso\u2026","rel":"","context":"En &quot;Marketing&quot;","block_context":{"text":"Marketing","link":"https:\/\/kalot.com.mx\/site\/category\/marketing\/"},"img":{"alt_text":"estrategia-de-redes-sociales","src":"https:\/\/i0.wp.com\/kalot.com.mx\/site\/wp-content\/uploads\/2017\/04\/estrategia-de-redes-sociales.jpg?fit=850%2C565&ssl=1&resize=350%2C200","width":350,"height":200,"srcset":"https:\/\/i0.wp.com\/kalot.com.mx\/site\/wp-content\/uploads\/2017\/04\/estrategia-de-redes-sociales.jpg?fit=850%2C565&ssl=1&resize=350%2C200 1x, https:\/\/i0.wp.com\/kalot.com.mx\/site\/wp-content\/uploads\/2017\/04\/estrategia-de-redes-sociales.jpg?fit=850%2C565&ssl=1&resize=525%2C300 1.5x, https:\/\/i0.wp.com\/kalot.com.mx\/site\/wp-content\/uploads\/2017\/04\/estrategia-de-redes-sociales.jpg?fit=850%2C565&ssl=1&resize=700%2C400 2x"},"classes":[]},{"id":5015,"url":"https:\/\/kalot.com.mx\/site\/2013\/10\/28\/plan-social-media-infografia\/","url_meta":{"origin":1315,"position":5},"title":"Plan de Acci\u00f3n en Social Media #infografia","author":"Karenina Gonzalez","date":"28 octubre, 2013","format":false,"excerpt":"Muchos conocemos el t\u00e9rmino, estamos muy familiarizados con lo que es el Social Media. \u00bfPero cu\u00e1ntos saben realmente el proceso que se debe seguir? \u00bfCu\u00e1ntos han elaborado un plan de acci\u00f3n?\u00a0Pues bien, hoy les comparto una infograf\u00eda, que nos resume muy bien ese punto. Lo primero que hay que tener\u2026","rel":"","context":"En &quot;Sin categor\u00eda&quot;","block_context":{"text":"Sin categor\u00eda","link":"https:\/\/kalot.com.mx\/site\/category\/sin-categoria\/"},"img":{"alt_text":"Plan de acci\u00f3n en social media","src":"https:\/\/i0.wp.com\/kalot.com.mx\/site\/wp-content\/uploads\/2013\/10\/social_media_globo.jpg?fit=900%2C600&ssl=1&resize=350%2C200","width":350,"height":200,"srcset":"https:\/\/i0.wp.com\/kalot.com.mx\/site\/wp-content\/uploads\/2013\/10\/social_media_globo.jpg?fit=900%2C600&ssl=1&resize=350%2C200 1x, https:\/\/i0.wp.com\/kalot.com.mx\/site\/wp-content\/uploads\/2013\/10\/social_media_globo.jpg?fit=900%2C600&ssl=1&resize=525%2C300 1.5x, https:\/\/i0.wp.com\/kalot.com.mx\/site\/wp-content\/uploads\/2013\/10\/social_media_globo.jpg?fit=900%2C600&ssl=1&resize=700%2C400 2x"},"classes":[]}],"jetpack_sharing_enabled":true,"_links":{"self":[{"href":"https:\/\/kalot.com.mx\/site\/wp-json\/wp\/v2\/posts\/1315","targetHints":{"allow":["GET"]}}],"collection":[{"href":"https:\/\/kalot.com.mx\/site\/wp-json\/wp\/v2\/posts"}],"about":[{"href":"https:\/\/kalot.com.mx\/site\/wp-json\/wp\/v2\/types\/post"}],"author":[{"embeddable":true,"href":"https:\/\/kalot.com.mx\/site\/wp-json\/wp\/v2\/users\/8"}],"replies":[{"embeddable":true,"href":"https:\/\/kalot.com.mx\/site\/wp-json\/wp\/v2\/comments?post=1315"}],"version-history":[{"count":0,"href":"https:\/\/kalot.com.mx\/site\/wp-json\/wp\/v2\/posts\/1315\/revisions"}],"wp:featuredmedia":[{"embeddable":true,"href":"https:\/\/kalot.com.mx\/site\/wp-json\/wp\/v2\/media\/1314"}],"wp:attachment":[{"href":"https:\/\/kalot.com.mx\/site\/wp-json\/wp\/v2\/media?parent=1315"}],"wp:term":[{"taxonomy":"category","embeddable":true,"href":"https:\/\/kalot.com.mx\/site\/wp-json\/wp\/v2\/categories?post=1315"},{"taxonomy":"post_tag","embeddable":true,"href":"https:\/\/kalot.com.mx\/site\/wp-json\/wp\/v2\/tags?post=1315"}],"curies":[{"name":"wp","href":"https:\/\/api.w.org\/{rel}","templated":true}]}}