{"id":13076,"date":"2014-03-07T11:25:10","date_gmt":"2014-03-07T17:25:10","guid":{"rendered":"http:\/\/www.kalot.mx\/?p=13076"},"modified":"2014-03-07T11:25:42","modified_gmt":"2014-03-07T17:25:42","slug":"fotos-y-videos-de-whatsapp-en-facebook","status":"publish","type":"post","link":"https:\/\/kalot.com.mx\/site\/2014\/03\/07\/fotos-y-videos-de-whatsapp-en-facebook\/","title":{"rendered":"Fotos y Videos de Whatsapp&#8230; \u00bfEN FACEBOOK?"},"content":{"rendered":"<p style=\"text-align: justify\">Se manejaba en muchos medios que despu\u00e9s de que Zuckerberg adquiriera la red de mensajer\u00eda, revel\u00f3 a la revista Time que a partir del 1 de abril todas las im\u00e1genes y clips que sean enviados o recibidos por<strong>WhatsApp<\/strong>\u00a0se guardar\u00e1n en un \u00e1lbum de tu perfil de<strong>\u00a0Facebook<\/strong>.<\/p>\n<p>Cabe mencionar que dicho \u00e1lbum no ser\u00eda privado y todos tus amigos podr\u00edan verlo hasta que t\u00fa dejes de compartirlo con tus amigos.<\/p>\n<p>Como era de esperarse, la noticia generado mucha pol\u00e9mica y protestas ya que el cambio ser\u00e1 de manera autom\u00e1tica, as\u00ed que a partir del pr\u00f3ximo mes deber\u00edas tener mucho cuidado con lo que env\u00edas o recibes en\u00a0<strong>WhatsApp\u00a0<\/strong>pues todos podr\u00e1n verlo.<\/p>\n<p style=\"text-align: justify\">Esto sin embargo, sigue siendo tema de discusi\u00f3n, ya que mientras algunos aseguran que pasar\u00e1 inevitablemente, hay otras personas que lo consideran imposible; simplemente como uno de los tantos rumores que han tenido lugar desde la compra de la app por Mark Zuckerberg.<\/p>\n<p style=\"text-align: justify\">Definitivamente dudo que a alguien llegase a ver esto como una modificaci\u00f3n genial, ya que puede ser que por error una fotograf\u00eda personal pueda terminar en ojos de todos. Adem\u00e1s de que ciertamente de llegarse a realizar, las pol\u00edticas de uso de Facebook con respecto al contenido permitido se violar\u00edan m\u00e1s que los derechos humanos en m\u00e9xico. Esperaremos para ver en que termina este tema.<\/p>\n<p style=\"text-align: justify\">Por otro lado se hablaba tambi\u00e9n de la funci\u00f3n de llamadas por voz a trav\u00e9z de Whatsapp. La funci\u00f3n ser\u00eda lanzada en dos etapas, la primera ser\u00e1 para<em>\u00a0iPhone\u00a0<\/em>y equipos con sistema operaivo\u00a0<em>Android<\/em>; en la segunda llegar\u00e1 a\u00a0<em>Windows Phone<\/em>\u00a0y\u00a0<em>BlackBerry.<\/em><\/p>\n<p>La nueva forma de llamadas pondr\u00eda a\u00a0<strong>WhatsApp\u00a0<\/strong>\u00a0en un nuevo campo donde competir\u00eda con\u00a0<em>Skype<\/em>, que es la app de llamadas de voz m\u00e1s utilizada, adem\u00e1s de otras como <em>Line.<\/em><\/p>\n<p>La compa\u00f1\u00eda afirm\u00f3 que la aplicaci\u00f3n se mantendr\u00e1 independiente dentro de <em>Facebook<\/em>, es decir que no se centrar\u00e1 en meter publicidad o juegos.<\/p>\n","protected":false},"excerpt":{"rendered":"Se manejaba en muchos medios que despu\u00e9s de que Zuckerberg adquiriera la red de mensajer\u00eda, revel\u00f3 a la&hellip;\n","protected":false},"author":59,"featured_media":13078,"comment_status":"open","ping_status":"open","sticky":false,"template":"","format":"standard","meta":{"jetpack_post_was_ever_published":false,"_jetpack_newsletter_access":"","_jetpack_dont_email_post_to_subs":false,"_jetpack_newsletter_tier_id":0,"_jetpack_memberships_contains_paywalled_content":false,"_jetpack_memberships_contains_paid_content":false,"footnotes":"","jetpack_publicize_message":"","jetpack_publicize_feature_enabled":true,"jetpack_social_post_already_shared":true,"jetpack_social_options":{"image_generator_settings":{"template":"highway","default_image_id":0,"font":"","enabled":false},"version":2}},"categories":[],"tags":[],"class_list":{"0":"post-13076","1":"post","2":"type-post","3":"status-publish","4":"format-standard","5":"has-post-thumbnail","7":"cs-entry","8":"cs-video-wrap"},"yoast_head":"<!-- This site is optimized with the Yoast SEO plugin v27.4 - https:\/\/yoast.com\/product\/yoast-seo-wordpress\/ -->\n<title>Fotos y Videos de Whatsapp... \u00bfEN FACEBOOK? - Kalot<\/title>\n<meta name=\"description\" content=\"Se manejaba en muchos medios que despu\u00e9s de que Zuckerberg adquiriera la red de mensajer\u00eda, revel\u00f3 a la revista Time que a partir del 1 de abril todas las\" \/>\n<meta name=\"robots\" content=\"index, follow, max-snippet:-1, max-image-preview:large, max-video-preview:-1\" \/>\n<link rel=\"canonical\" href=\"https:\/\/kalot.com.mx\/site\/2014\/03\/07\/fotos-y-videos-de-whatsapp-en-facebook\/\" \/>\n<meta property=\"og:locale\" content=\"es_MX\" \/>\n<meta property=\"og:type\" content=\"article\" \/>\n<meta property=\"og:title\" content=\"Fotos y Videos de Whatsapp... \u00bfEN FACEBOOK? - Kalot\" \/>\n<meta property=\"og:description\" content=\"Se manejaba en muchos medios que despu\u00e9s de que Zuckerberg adquiriera la red de mensajer\u00eda, revel\u00f3 a la revista Time que a partir del 1 de abril todas las\" \/>\n<meta property=\"og:url\" content=\"https:\/\/kalot.com.mx\/site\/2014\/03\/07\/fotos-y-videos-de-whatsapp-en-facebook\/\" \/>\n<meta property=\"og:site_name\" content=\"Kalot\" \/>\n<meta property=\"article:publisher\" content=\"http:\/\/facebook.com\/mxkalot\" \/>\n<meta property=\"article:author\" content=\"https:\/\/www.facebook.com\/cacho.gomez\" \/>\n<meta property=\"article:published_time\" content=\"2014-03-07T17:25:10+00:00\" \/>\n<meta property=\"article:modified_time\" content=\"2014-03-07T17:25:42+00:00\" \/>\n<meta property=\"og:image\" content=\"https:\/\/i2.wp.com\/kalot.com.mx\/site\/wp-content\/uploads\/2014\/03\/crop.png?fit=580%2C295&ssl=1\" \/>\n\t<meta property=\"og:image:width\" content=\"580\" \/>\n\t<meta property=\"og:image:height\" content=\"295\" \/>\n\t<meta property=\"og:image:type\" content=\"image\/png\" \/>\n<meta name=\"author\" content=\"Daniel Cacho\" \/>\n<meta name=\"twitter:card\" content=\"summary_large_image\" \/>\n<meta name=\"twitter:creator\" content=\"@GregoryCachouse\" \/>\n<meta name=\"twitter:site\" content=\"@kalotmx\" \/>\n<meta name=\"twitter:label1\" content=\"Escrito por\" \/>\n\t<meta name=\"twitter:data1\" content=\"Daniel Cacho\" \/>\n\t<meta name=\"twitter:label2\" content=\"Tiempo de lectura\" \/>\n\t<meta name=\"twitter:data2\" content=\"2 minutos\" \/>\n<!-- \/ Yoast SEO plugin. -->","yoast_head_json":{"title":"Fotos y Videos de Whatsapp... \u00bfEN FACEBOOK? - Kalot","description":"Se manejaba en muchos medios que despu\u00e9s de que Zuckerberg adquiriera la red de mensajer\u00eda, revel\u00f3 a la revista Time que a partir del 1 de abril todas las","robots":{"index":"index","follow":"follow","max-snippet":"max-snippet:-1","max-image-preview":"max-image-preview:large","max-video-preview":"max-video-preview:-1"},"canonical":"https:\/\/kalot.com.mx\/site\/2014\/03\/07\/fotos-y-videos-de-whatsapp-en-facebook\/","og_locale":"es_MX","og_type":"article","og_title":"Fotos y Videos de Whatsapp... \u00bfEN FACEBOOK? - Kalot","og_description":"Se manejaba en muchos medios que despu\u00e9s de que Zuckerberg adquiriera la red de mensajer\u00eda, revel\u00f3 a la revista Time que a partir del 1 de abril todas las","og_url":"https:\/\/kalot.com.mx\/site\/2014\/03\/07\/fotos-y-videos-de-whatsapp-en-facebook\/","og_site_name":"Kalot","article_publisher":"http:\/\/facebook.com\/mxkalot","article_author":"https:\/\/www.facebook.com\/cacho.gomez","article_published_time":"2014-03-07T17:25:10+00:00","article_modified_time":"2014-03-07T17:25:42+00:00","og_image":[{"width":580,"height":295,"url":"https:\/\/i2.wp.com\/kalot.com.mx\/site\/wp-content\/uploads\/2014\/03\/crop.png?fit=580%2C295&ssl=1","type":"image\/png"}],"author":"Daniel Cacho","twitter_card":"summary_large_image","twitter_creator":"@GregoryCachouse","twitter_site":"@kalotmx","twitter_misc":{"Escrito por":"Daniel Cacho","Tiempo de lectura":"2 minutos"},"schema":{"@context":"https:\/\/schema.org","@graph":[{"@type":"Article","@id":"https:\/\/kalot.com.mx\/site\/2014\/03\/07\/fotos-y-videos-de-whatsapp-en-facebook\/#article","isPartOf":{"@id":"https:\/\/kalot.com.mx\/site\/2014\/03\/07\/fotos-y-videos-de-whatsapp-en-facebook\/"},"author":{"name":"Daniel Cacho","@id":"https:\/\/kalot.com.mx\/site\/#\/schema\/person\/c26df3c01429d14997e98a226f7d58d8"},"headline":"Fotos y Videos de Whatsapp&#8230; \u00bfEN FACEBOOK?","datePublished":"2014-03-07T17:25:10+00:00","dateModified":"2014-03-07T17:25:42+00:00","mainEntityOfPage":{"@id":"https:\/\/kalot.com.mx\/site\/2014\/03\/07\/fotos-y-videos-de-whatsapp-en-facebook\/"},"wordCount":356,"commentCount":0,"publisher":{"@id":"https:\/\/kalot.com.mx\/site\/#organization"},"image":{"@id":"https:\/\/kalot.com.mx\/site\/2014\/03\/07\/fotos-y-videos-de-whatsapp-en-facebook\/#primaryimage"},"thumbnailUrl":"https:\/\/i0.wp.com\/kalot.com.mx\/site\/wp-content\/uploads\/2014\/03\/crop.png?fit=580%2C295&ssl=1","inLanguage":"es","potentialAction":[{"@type":"CommentAction","name":"Comment","target":["https:\/\/kalot.com.mx\/site\/2014\/03\/07\/fotos-y-videos-de-whatsapp-en-facebook\/#respond"]}]},{"@type":"WebPage","@id":"https:\/\/kalot.com.mx\/site\/2014\/03\/07\/fotos-y-videos-de-whatsapp-en-facebook\/","url":"https:\/\/kalot.com.mx\/site\/2014\/03\/07\/fotos-y-videos-de-whatsapp-en-facebook\/","name":"Fotos y Videos de Whatsapp... \u00bfEN FACEBOOK? - Kalot","isPartOf":{"@id":"https:\/\/kalot.com.mx\/site\/#website"},"primaryImageOfPage":{"@id":"https:\/\/kalot.com.mx\/site\/2014\/03\/07\/fotos-y-videos-de-whatsapp-en-facebook\/#primaryimage"},"image":{"@id":"https:\/\/kalot.com.mx\/site\/2014\/03\/07\/fotos-y-videos-de-whatsapp-en-facebook\/#primaryimage"},"thumbnailUrl":"https:\/\/i0.wp.com\/kalot.com.mx\/site\/wp-content\/uploads\/2014\/03\/crop.png?fit=580%2C295&ssl=1","datePublished":"2014-03-07T17:25:10+00:00","dateModified":"2014-03-07T17:25:42+00:00","description":"Se manejaba en muchos medios que despu\u00e9s de que Zuckerberg adquiriera la red de mensajer\u00eda, revel\u00f3 a la revista Time que a partir del 1 de abril todas las","breadcrumb":{"@id":"https:\/\/kalot.com.mx\/site\/2014\/03\/07\/fotos-y-videos-de-whatsapp-en-facebook\/#breadcrumb"},"inLanguage":"es","potentialAction":[{"@type":"ReadAction","target":["https:\/\/kalot.com.mx\/site\/2014\/03\/07\/fotos-y-videos-de-whatsapp-en-facebook\/"]}]},{"@type":"ImageObject","inLanguage":"es","@id":"https:\/\/kalot.com.mx\/site\/2014\/03\/07\/fotos-y-videos-de-whatsapp-en-facebook\/#primaryimage","url":"https:\/\/i0.wp.com\/kalot.com.mx\/site\/wp-content\/uploads\/2014\/03\/crop.png?fit=580%2C295&ssl=1","contentUrl":"https:\/\/i0.wp.com\/kalot.com.mx\/site\/wp-content\/uploads\/2014\/03\/crop.png?fit=580%2C295&ssl=1","width":580,"height":295},{"@type":"BreadcrumbList","@id":"https:\/\/kalot.com.mx\/site\/2014\/03\/07\/fotos-y-videos-de-whatsapp-en-facebook\/#breadcrumb","itemListElement":[{"@type":"ListItem","position":1,"name":"Home","item":"https:\/\/kalot.com.mx\/site\/"},{"@type":"ListItem","position":2,"name":"Fotos y Videos de Whatsapp&#8230; \u00bfEN FACEBOOK?"}]},{"@type":"WebSite","@id":"https:\/\/kalot.com.mx\/site\/#website","url":"https:\/\/kalot.com.mx\/site\/","name":"Kalot","description":"Conoce Todo Sobre Todo","publisher":{"@id":"https:\/\/kalot.com.mx\/site\/#organization"},"potentialAction":[{"@type":"SearchAction","target":{"@type":"EntryPoint","urlTemplate":"https:\/\/kalot.com.mx\/site\/?s={search_term_string}"},"query-input":{"@type":"PropertyValueSpecification","valueRequired":true,"valueName":"search_term_string"}}],"inLanguage":"es"},{"@type":"Organization","@id":"https:\/\/kalot.com.mx\/site\/#organization","name":"Kalot","url":"https:\/\/kalot.com.mx\/site\/","logo":{"@type":"ImageObject","inLanguage":"es","@id":"https:\/\/kalot.com.mx\/site\/#\/schema\/logo\/image\/","url":"https:\/\/i0.wp.com\/kalot.com.mx\/site\/wp-content\/uploads\/2020\/04\/Kalot-logo-sin-tagline.png?fit=1707%2C1014&ssl=1","contentUrl":"https:\/\/i0.wp.com\/kalot.com.mx\/site\/wp-content\/uploads\/2020\/04\/Kalot-logo-sin-tagline.png?fit=1707%2C1014&ssl=1","width":1707,"height":1014,"caption":"Kalot"},"image":{"@id":"https:\/\/kalot.com.mx\/site\/#\/schema\/logo\/image\/"},"sameAs":["http:\/\/facebook.com\/mxkalot","https:\/\/x.com\/kalotmx","http:\/\/instagram.com\/kalotmx","http:\/\/pinterest.com\/jorgeerana\/kalot"]},{"@type":"Person","@id":"https:\/\/kalot.com.mx\/site\/#\/schema\/person\/c26df3c01429d14997e98a226f7d58d8","name":"Daniel Cacho","image":{"@type":"ImageObject","inLanguage":"es","@id":"https:\/\/secure.gravatar.com\/avatar\/1661921ce77f80f0e6ad041ac81c22f71348f4a5d588bf4fc698c4d8200cd67c?s=96&d=mm&r=g","url":"https:\/\/secure.gravatar.com\/avatar\/1661921ce77f80f0e6ad041ac81c22f71348f4a5d588bf4fc698c4d8200cd67c?s=96&d=mm&r=g","contentUrl":"https:\/\/secure.gravatar.com\/avatar\/1661921ce77f80f0e6ad041ac81c22f71348f4a5d588bf4fc698c4d8200cd67c?s=96&d=mm&r=g","caption":"Daniel Cacho"},"description":"Comentarista Deportivo frustrado, con destellos de gamer mon\u00f3tono, porci\u00f3n m\u00ednima de geek y programador en potencia.","sameAs":["https:\/\/www.facebook.com\/cacho.gomez","https:\/\/x.com\/GregoryCachouse"],"url":"https:\/\/kalot.com.mx\/site\/author\/cacho\/"}]}},"jetpack_publicize_connections":[],"jetpack_featured_media_url":"https:\/\/i0.wp.com\/kalot.com.mx\/site\/wp-content\/uploads\/2014\/03\/crop.png?fit=580%2C295&ssl=1","jetpack_shortlink":"https:\/\/wp.me\/p6IHEI-3oU","jetpack-related-posts":[{"id":16222,"url":"https:\/\/kalot.com.mx\/site\/2014\/05\/21\/facebook-agrega-nueva-funcion-similar-a-shazam\/","url_meta":{"origin":13076,"position":0},"title":"Facebook agrega nueva funci\u00f3n similar a Shazam para saber qu\u00e9 est\u00e1s escuchando o viendo","author":"Jorge Era\u00f1a","date":"21 mayo, 2014","format":false,"excerpt":"Una de las tendencias m\u00e1s importantes en cuanto a redes sociales es saber qui\u00e9n est\u00e1 ganando terreno al interactuar con el modo offline de sus usuarios, es decir, lo que realizan cuando no est\u00e1n conectados a sus redes sociales. La lucha por saber qui\u00e9nes usan sus redes sociales al ver\u2026","rel":"","context":"Entrada similar ","block_context":{"text":"Entrada similar ","link":""},"img":{"alt_text":"","src":"https:\/\/i0.wp.com\/kalot.com.mx\/site\/wp-content\/uploads\/2014\/05\/facebook-identify-tv-and-music.png?fit=738%2C757&ssl=1&resize=350%2C200","width":350,"height":200,"srcset":"https:\/\/i0.wp.com\/kalot.com.mx\/site\/wp-content\/uploads\/2014\/05\/facebook-identify-tv-and-music.png?fit=738%2C757&ssl=1&resize=350%2C200 1x, https:\/\/i0.wp.com\/kalot.com.mx\/site\/wp-content\/uploads\/2014\/05\/facebook-identify-tv-and-music.png?fit=738%2C757&ssl=1&resize=525%2C300 1.5x, https:\/\/i0.wp.com\/kalot.com.mx\/site\/wp-content\/uploads\/2014\/05\/facebook-identify-tv-and-music.png?fit=738%2C757&ssl=1&resize=700%2C400 2x"},"classes":[]},{"id":10763,"url":"https:\/\/kalot.com.mx\/site\/2014\/01\/30\/quedebedesabertuperro\/","url_meta":{"origin":13076,"position":1},"title":"Las cosas b\u00e1sicas que debes de ense\u00f1arle a tu perro","author":"Omar Arroyo","date":"30 enero, 2014","format":false,"excerpt":"Tener un perro puede ser una bendici\u00f3n para ti y tu familia, es un animal que te puede dar muchas satisfacciones personales adem\u00e1s de ofrecerte atributos como compa\u00f1\u00eda, seguridad, alegr\u00eda y una eterna lealtad, pero, si no le ense\u00f1as las cosas b\u00e1sicas a tu can te aseguro, querido lector, que\u2026","rel":"","context":"En &quot;Sin categor\u00eda&quot;","block_context":{"text":"Sin categor\u00eda","link":"https:\/\/kalot.com.mx\/site\/category\/sin-categoria\/"},"img":{"alt_text":"","src":"https:\/\/i0.wp.com\/kalot.com.mx\/site\/wp-content\/uploads\/2014\/01\/perro1.jpg?fit=450%2C413&ssl=1&resize=350%2C200","width":350,"height":200},"classes":[]},{"id":3419,"url":"https:\/\/kalot.com.mx\/site\/2013\/10\/08\/como-usar-whatsapp-sin-que-tus-contactos-sepan-que-viste-sus-mensajes-haz-clic-en-el-enlace\/","url_meta":{"origin":13076,"position":2},"title":"\u00bfC\u00f3mo usar whatsapp sin que tus contactos sepan que viste sus mensajes? Haz clic en el enlace","author":"Jorge Era\u00f1a","date":"8 octubre, 2013","format":false,"excerpt":"Para todos aquellos que han tenido alguna situaci\u00f3n \"inc\u00f3moda\" con sus conversaciones en Whatsapp les presentamos esta soluci\u00f3n sencilla para OCULTAR su \u00faltimo estado de conexi\u00f3n, es decir, no aparecer\u00e1 la \u00faltima hora que estuvieron conectados en la app de mensajer\u00eda. Los pasos son muy sencillos y f\u00e1ciles de aplicar,\u2026","rel":"","context":"Con 2 comentarios","block_context":{"text":"Con 2 comentarios","link":"https:\/\/kalot.com.mx\/site\/2013\/10\/08\/como-usar-whatsapp-sin-que-tus-contactos-sepan-que-viste-sus-mensajes-haz-clic-en-el-enlace\/#comments"},"img":{"alt_text":"","src":"https:\/\/i0.wp.com\/kalot.com.mx\/site\/wp-content\/uploads\/2013\/10\/Whatsapp.jpg?fit=940%2C940&ssl=1&resize=350%2C200","width":350,"height":200,"srcset":"https:\/\/i0.wp.com\/kalot.com.mx\/site\/wp-content\/uploads\/2013\/10\/Whatsapp.jpg?fit=940%2C940&ssl=1&resize=350%2C200 1x, https:\/\/i0.wp.com\/kalot.com.mx\/site\/wp-content\/uploads\/2013\/10\/Whatsapp.jpg?fit=940%2C940&ssl=1&resize=525%2C300 1.5x, https:\/\/i0.wp.com\/kalot.com.mx\/site\/wp-content\/uploads\/2013\/10\/Whatsapp.jpg?fit=940%2C940&ssl=1&resize=700%2C400 2x"},"classes":[]},{"id":6276,"url":"https:\/\/kalot.com.mx\/site\/2013\/11\/10\/una-app-para-bloquear-a-tu-ex\/","url_meta":{"origin":13076,"position":3},"title":"Una app para bloquear a tu ex","author":"Rom\u00e1n Salgado","date":"10 noviembre, 2013","format":false,"excerpt":"Por fin, un aliado m\u00f3vil\u00a0a la hora de evitar esos inc\u00f3modos momentos donde olvidas tu dignidad. \u00bfAcabas de terminar una relaci\u00f3n? Es dif\u00edcil, \u00bfno? Sobre todo la tentaci\u00f3n de volver a llamarla. Es por esto que una marca de refresco en Brasil, Guaran\u00e1 Antarctica, cre\u00f3 una divertida aplicaci\u00f3n que te\u2026","rel":"","context":"Entrada similar ","block_context":{"text":"Entrada similar ","link":""},"img":{"alt_text":"","src":"","width":0,"height":0},"classes":[]},{"id":11573,"url":"https:\/\/kalot.com.mx\/site\/2014\/02\/11\/horrible-san-valentin\/","url_meta":{"origin":13076,"position":4},"title":"Horrible San Valent\u00edn","author":"Jessica Fuentes","date":"11 febrero, 2014","format":false,"excerpt":"Ese primer beso fugaz,\u00a0 nuestros labios temblaban, tu brazo cubri\u00f3 mi cintura, mi mente se quedo en blanco mis ojos se cerraron sin permiso y sent\u00ed tus labios\u2026 Horrible San Valent\u00edn San Valent\u00edn se acerca y hace que todos nos pongamos nerviosos Ya sea que est\u00e9s planeando pasar un d\u00eda\u2026","rel":"","context":"Entrada similar ","block_context":{"text":"Entrada similar ","link":""},"img":{"alt_text":"","src":"https:\/\/i0.wp.com\/kalot.com.mx\/site\/wp-content\/uploads\/2014\/02\/soltero-en-san-valentin_590x395.jpg?fit=590%2C395&ssl=1&resize=350%2C200","width":350,"height":200,"srcset":"https:\/\/i0.wp.com\/kalot.com.mx\/site\/wp-content\/uploads\/2014\/02\/soltero-en-san-valentin_590x395.jpg?fit=590%2C395&ssl=1&resize=350%2C200 1x, https:\/\/i0.wp.com\/kalot.com.mx\/site\/wp-content\/uploads\/2014\/02\/soltero-en-san-valentin_590x395.jpg?fit=590%2C395&ssl=1&resize=525%2C300 1.5x"},"classes":[]},{"id":22079,"url":"https:\/\/kalot.com.mx\/site\/2015\/07\/03\/retoahorro\/","url_meta":{"origin":13076,"position":5},"title":"Reto de ahorro. Plan financiero F\u00c1CIL.","author":"Ceci Cuevas","date":"3 julio, 2015","format":false,"excerpt":"Por Ceci Cuevas \u00a1Empezando el segundo semestre del a\u00f1o, de volada! Si una de tus metas de este a\u00f1o era tener orden financiero, o a lo mejor lo quieres planear para el pr\u00f3ximo a\u00f1o, esto te interesa. Tenemos un grupo donde estamos haciendo el Reto de ahorro de 52 semanas\u2026","rel":"","context":"Con 1 comentario","block_context":{"text":"Con 1 comentario","link":"https:\/\/kalot.com.mx\/site\/2015\/07\/03\/retoahorro\/#comments"},"img":{"alt_text":"","src":"https:\/\/i0.wp.com\/kalot.com.mx\/site\/wp-content\/uploads\/2015\/07\/calendario.png?fit=822%2C473&ssl=1&resize=350%2C200","width":350,"height":200,"srcset":"https:\/\/i0.wp.com\/kalot.com.mx\/site\/wp-content\/uploads\/2015\/07\/calendario.png?fit=822%2C473&ssl=1&resize=350%2C200 1x, https:\/\/i0.wp.com\/kalot.com.mx\/site\/wp-content\/uploads\/2015\/07\/calendario.png?fit=822%2C473&ssl=1&resize=525%2C300 1.5x, https:\/\/i0.wp.com\/kalot.com.mx\/site\/wp-content\/uploads\/2015\/07\/calendario.png?fit=822%2C473&ssl=1&resize=700%2C400 2x"},"classes":[]}],"jetpack_sharing_enabled":true,"_links":{"self":[{"href":"https:\/\/kalot.com.mx\/site\/wp-json\/wp\/v2\/posts\/13076","targetHints":{"allow":["GET"]}}],"collection":[{"href":"https:\/\/kalot.com.mx\/site\/wp-json\/wp\/v2\/posts"}],"about":[{"href":"https:\/\/kalot.com.mx\/site\/wp-json\/wp\/v2\/types\/post"}],"author":[{"embeddable":true,"href":"https:\/\/kalot.com.mx\/site\/wp-json\/wp\/v2\/users\/59"}],"replies":[{"embeddable":true,"href":"https:\/\/kalot.com.mx\/site\/wp-json\/wp\/v2\/comments?post=13076"}],"version-history":[{"count":0,"href":"https:\/\/kalot.com.mx\/site\/wp-json\/wp\/v2\/posts\/13076\/revisions"}],"wp:featuredmedia":[{"embeddable":true,"href":"https:\/\/kalot.com.mx\/site\/wp-json\/wp\/v2\/media\/13078"}],"wp:attachment":[{"href":"https:\/\/kalot.com.mx\/site\/wp-json\/wp\/v2\/media?parent=13076"}],"wp:term":[{"taxonomy":"category","embeddable":true,"href":"https:\/\/kalot.com.mx\/site\/wp-json\/wp\/v2\/categories?post=13076"},{"taxonomy":"post_tag","embeddable":true,"href":"https:\/\/kalot.com.mx\/site\/wp-json\/wp\/v2\/tags?post=13076"}],"curies":[{"name":"wp","href":"https:\/\/api.w.org\/{rel}","templated":true}]}}