{"id":12903,"date":"2014-03-04T18:53:29","date_gmt":"2014-03-05T00:53:29","guid":{"rendered":"http:\/\/www.kalot.com.mx\/?p=12903"},"modified":"2014-03-04T21:06:45","modified_gmt":"2014-03-05T03:06:45","slug":"bailes-de-caballito-por-erick-rincon","status":"publish","type":"post","link":"https:\/\/kalot.com.mx\/site\/2014\/03\/04\/bailes-de-caballito-por-erick-rincon\/","title":{"rendered":"No bailes de Caballito por Erick Rinc\u00f3n"},"content":{"rendered":"<p style=\"text-align: justify\">Hace unos momentos el buen Erick Rinc\u00f3n comparti\u00f3 el remix de &#8220;No bailes de caballito&#8221; de Banda El Mexicano. Por aqu\u00ed les compartimos el link para que lo escuchen \u00a0\u00bfQu\u00e9 les parece?<\/p>\n<p>https:\/\/soundcloud.com\/erick-rincon\/mi-banda-el-mexicano-no-bailes<\/p>\n<p>Con este remix, recordamos a uno de los talentos potosinos, que aunque radique por ahora en otra ciudad, siempre tendr\u00e1 coraz\u00f3n <em>sanluispotosineroajua, <\/em>hablamos de Acorde On quien a su vez tiene un remix de esta popular canci\u00f3n, tambi\u00e9n les compartimos donde pueden escuchar<br \/>\n<iframe title=\"Quebradita (Acorde On mixtape) by acorde_on2\" width=\"1200\" height=\"400\" scrolling=\"no\" frameborder=\"no\" src=\"https:\/\/w.soundcloud.com\/player\/?visual=true&#038;url=https%3A%2F%2Fapi.soundcloud.com%2Ftracks%2F51172242&#038;show_artwork=true&#038;maxwidth=1200&#038;maxheight=1000&#038;dnt=1\"><\/iframe><\/p>\n<p style=\"text-align: justify\"><b>\u00bfCon cu\u00e1l se quedan?\u00a0<\/b>Que conste que la de Acorde On \u00a0tiene ya 1 a\u00f1o trepada en soundcloud&#8230;<\/p>\n","protected":false},"excerpt":{"rendered":"Hace unos momentos el buen Erick Rinc\u00f3n comparti\u00f3 el remix de &#8220;No bailes de caballito&#8221; de Banda El&hellip;\n","protected":false},"author":97,"featured_media":12917,"comment_status":"open","ping_status":"open","sticky":false,"template":"","format":"standard","meta":{"jetpack_post_was_ever_published":false,"_jetpack_newsletter_access":"","_jetpack_dont_email_post_to_subs":false,"_jetpack_newsletter_tier_id":0,"_jetpack_memberships_contains_paywalled_content":false,"_jetpack_memberships_contains_paid_content":false,"footnotes":"","jetpack_publicize_message":"","jetpack_publicize_feature_enabled":true,"jetpack_social_post_already_shared":true,"jetpack_social_options":{"image_generator_settings":{"template":"highway","default_image_id":0,"font":"","enabled":false},"version":2}},"categories":[],"tags":[],"class_list":{"0":"post-12903","1":"post","2":"type-post","3":"status-publish","4":"format-standard","5":"has-post-thumbnail","7":"cs-entry","8":"cs-video-wrap"},"yoast_head":"<!-- This site is optimized with the Yoast SEO plugin v27.4 - https:\/\/yoast.com\/product\/yoast-seo-wordpress\/ -->\n<title>No bailes de Caballito por Erick Rinc\u00f3n  - Kalot<\/title>\n<meta name=\"description\" content=\"Hace unos momentos el buen Erick Rinc\u00f3n comparti\u00f3 el remix de &quot;No bailes de caballito&quot; de Banda El Mexicano. Por aqu\u00ed les compartimos el link para que lo\" \/>\n<meta name=\"robots\" content=\"index, follow, max-snippet:-1, max-image-preview:large, max-video-preview:-1\" \/>\n<link rel=\"canonical\" href=\"https:\/\/kalot.com.mx\/site\/2014\/03\/04\/bailes-de-caballito-por-erick-rincon\/\" \/>\n<meta property=\"og:locale\" content=\"es_MX\" \/>\n<meta property=\"og:type\" content=\"article\" \/>\n<meta property=\"og:title\" content=\"No bailes de Caballito por Erick Rinc\u00f3n  - Kalot\" \/>\n<meta property=\"og:description\" content=\"Hace unos momentos el buen Erick Rinc\u00f3n comparti\u00f3 el remix de &quot;No bailes de caballito&quot; de Banda El Mexicano. Por aqu\u00ed les compartimos el link para que lo\" \/>\n<meta property=\"og:url\" content=\"https:\/\/kalot.com.mx\/site\/2014\/03\/04\/bailes-de-caballito-por-erick-rincon\/\" \/>\n<meta property=\"og:site_name\" content=\"Kalot\" \/>\n<meta property=\"article:publisher\" content=\"http:\/\/facebook.com\/mxkalot\" \/>\n<meta property=\"article:author\" content=\"https:\/\/www.facebook.com\/mireles.dulce\" \/>\n<meta property=\"article:published_time\" content=\"2014-03-05T00:53:29+00:00\" \/>\n<meta property=\"article:modified_time\" content=\"2014-03-05T03:06:45+00:00\" \/>\n<meta property=\"og:image\" content=\"https:\/\/i1.wp.com\/kalot.com.mx\/site\/wp-content\/uploads\/2014\/03\/erick_rincon_blog.jpg?fit=560%2C374&ssl=1\" \/>\n\t<meta property=\"og:image:width\" content=\"560\" \/>\n\t<meta property=\"og:image:height\" content=\"374\" \/>\n\t<meta property=\"og:image:type\" content=\"image\/jpeg\" \/>\n<meta name=\"author\" content=\"Dulce Mireles\" \/>\n<meta name=\"twitter:card\" content=\"summary_large_image\" \/>\n<meta name=\"twitter:creator\" content=\"@dulcemireles\" \/>\n<meta name=\"twitter:site\" content=\"@kalotmx\" \/>\n<meta name=\"twitter:label1\" content=\"Escrito por\" \/>\n\t<meta name=\"twitter:data1\" content=\"Dulce Mireles\" \/>\n\t<meta name=\"twitter:label2\" content=\"Tiempo de lectura\" \/>\n\t<meta name=\"twitter:data2\" content=\"1 minuto\" \/>\n<!-- \/ Yoast SEO plugin. -->","yoast_head_json":{"title":"No bailes de Caballito por Erick Rinc\u00f3n  - Kalot","description":"Hace unos momentos el buen Erick Rinc\u00f3n comparti\u00f3 el remix de \"No bailes de caballito\" de Banda El Mexicano. Por aqu\u00ed les compartimos el link para que lo","robots":{"index":"index","follow":"follow","max-snippet":"max-snippet:-1","max-image-preview":"max-image-preview:large","max-video-preview":"max-video-preview:-1"},"canonical":"https:\/\/kalot.com.mx\/site\/2014\/03\/04\/bailes-de-caballito-por-erick-rincon\/","og_locale":"es_MX","og_type":"article","og_title":"No bailes de Caballito por Erick Rinc\u00f3n  - Kalot","og_description":"Hace unos momentos el buen Erick Rinc\u00f3n comparti\u00f3 el remix de \"No bailes de caballito\" de Banda El Mexicano. Por aqu\u00ed les compartimos el link para que lo","og_url":"https:\/\/kalot.com.mx\/site\/2014\/03\/04\/bailes-de-caballito-por-erick-rincon\/","og_site_name":"Kalot","article_publisher":"http:\/\/facebook.com\/mxkalot","article_author":"https:\/\/www.facebook.com\/mireles.dulce","article_published_time":"2014-03-05T00:53:29+00:00","article_modified_time":"2014-03-05T03:06:45+00:00","og_image":[{"width":560,"height":374,"url":"https:\/\/i1.wp.com\/kalot.com.mx\/site\/wp-content\/uploads\/2014\/03\/erick_rincon_blog.jpg?fit=560%2C374&ssl=1","type":"image\/jpeg"}],"author":"Dulce Mireles","twitter_card":"summary_large_image","twitter_creator":"@dulcemireles","twitter_site":"@kalotmx","twitter_misc":{"Escrito por":"Dulce Mireles","Tiempo de lectura":"1 minuto"},"schema":{"@context":"https:\/\/schema.org","@graph":[{"@type":"Article","@id":"https:\/\/kalot.com.mx\/site\/2014\/03\/04\/bailes-de-caballito-por-erick-rincon\/#article","isPartOf":{"@id":"https:\/\/kalot.com.mx\/site\/2014\/03\/04\/bailes-de-caballito-por-erick-rincon\/"},"author":{"name":"Dulce Mireles","@id":"https:\/\/kalot.com.mx\/site\/#\/schema\/person\/655544162290388f1408067116229e94"},"headline":"No bailes de Caballito por Erick Rinc\u00f3n","datePublished":"2014-03-05T00:53:29+00:00","dateModified":"2014-03-05T03:06:45+00:00","mainEntityOfPage":{"@id":"https:\/\/kalot.com.mx\/site\/2014\/03\/04\/bailes-de-caballito-por-erick-rincon\/"},"wordCount":117,"commentCount":0,"publisher":{"@id":"https:\/\/kalot.com.mx\/site\/#organization"},"image":{"@id":"https:\/\/kalot.com.mx\/site\/2014\/03\/04\/bailes-de-caballito-por-erick-rincon\/#primaryimage"},"thumbnailUrl":"https:\/\/i0.wp.com\/kalot.com.mx\/site\/wp-content\/uploads\/2014\/03\/erick_rincon_blog.jpg?fit=560%2C374&ssl=1","inLanguage":"es","potentialAction":[{"@type":"CommentAction","name":"Comment","target":["https:\/\/kalot.com.mx\/site\/2014\/03\/04\/bailes-de-caballito-por-erick-rincon\/#respond"]}]},{"@type":"WebPage","@id":"https:\/\/kalot.com.mx\/site\/2014\/03\/04\/bailes-de-caballito-por-erick-rincon\/","url":"https:\/\/kalot.com.mx\/site\/2014\/03\/04\/bailes-de-caballito-por-erick-rincon\/","name":"No bailes de Caballito por Erick Rinc\u00f3n - Kalot","isPartOf":{"@id":"https:\/\/kalot.com.mx\/site\/#website"},"primaryImageOfPage":{"@id":"https:\/\/kalot.com.mx\/site\/2014\/03\/04\/bailes-de-caballito-por-erick-rincon\/#primaryimage"},"image":{"@id":"https:\/\/kalot.com.mx\/site\/2014\/03\/04\/bailes-de-caballito-por-erick-rincon\/#primaryimage"},"thumbnailUrl":"https:\/\/i0.wp.com\/kalot.com.mx\/site\/wp-content\/uploads\/2014\/03\/erick_rincon_blog.jpg?fit=560%2C374&ssl=1","datePublished":"2014-03-05T00:53:29+00:00","dateModified":"2014-03-05T03:06:45+00:00","description":"Hace unos momentos el buen Erick Rinc\u00f3n comparti\u00f3 el remix de \"No bailes de caballito\" de Banda El Mexicano. Por aqu\u00ed les compartimos el link para que lo","breadcrumb":{"@id":"https:\/\/kalot.com.mx\/site\/2014\/03\/04\/bailes-de-caballito-por-erick-rincon\/#breadcrumb"},"inLanguage":"es","potentialAction":[{"@type":"ReadAction","target":["https:\/\/kalot.com.mx\/site\/2014\/03\/04\/bailes-de-caballito-por-erick-rincon\/"]}]},{"@type":"ImageObject","inLanguage":"es","@id":"https:\/\/kalot.com.mx\/site\/2014\/03\/04\/bailes-de-caballito-por-erick-rincon\/#primaryimage","url":"https:\/\/i0.wp.com\/kalot.com.mx\/site\/wp-content\/uploads\/2014\/03\/erick_rincon_blog.jpg?fit=560%2C374&ssl=1","contentUrl":"https:\/\/i0.wp.com\/kalot.com.mx\/site\/wp-content\/uploads\/2014\/03\/erick_rincon_blog.jpg?fit=560%2C374&ssl=1","width":560,"height":374},{"@type":"BreadcrumbList","@id":"https:\/\/kalot.com.mx\/site\/2014\/03\/04\/bailes-de-caballito-por-erick-rincon\/#breadcrumb","itemListElement":[{"@type":"ListItem","position":1,"name":"Home","item":"https:\/\/kalot.com.mx\/site\/"},{"@type":"ListItem","position":2,"name":"No bailes de Caballito por Erick Rinc\u00f3n"}]},{"@type":"WebSite","@id":"https:\/\/kalot.com.mx\/site\/#website","url":"https:\/\/kalot.com.mx\/site\/","name":"Kalot","description":"Conoce Todo Sobre Todo","publisher":{"@id":"https:\/\/kalot.com.mx\/site\/#organization"},"potentialAction":[{"@type":"SearchAction","target":{"@type":"EntryPoint","urlTemplate":"https:\/\/kalot.com.mx\/site\/?s={search_term_string}"},"query-input":{"@type":"PropertyValueSpecification","valueRequired":true,"valueName":"search_term_string"}}],"inLanguage":"es"},{"@type":"Organization","@id":"https:\/\/kalot.com.mx\/site\/#organization","name":"Kalot","url":"https:\/\/kalot.com.mx\/site\/","logo":{"@type":"ImageObject","inLanguage":"es","@id":"https:\/\/kalot.com.mx\/site\/#\/schema\/logo\/image\/","url":"https:\/\/i0.wp.com\/kalot.com.mx\/site\/wp-content\/uploads\/2020\/04\/Kalot-logo-sin-tagline.png?fit=1707%2C1014&ssl=1","contentUrl":"https:\/\/i0.wp.com\/kalot.com.mx\/site\/wp-content\/uploads\/2020\/04\/Kalot-logo-sin-tagline.png?fit=1707%2C1014&ssl=1","width":1707,"height":1014,"caption":"Kalot"},"image":{"@id":"https:\/\/kalot.com.mx\/site\/#\/schema\/logo\/image\/"},"sameAs":["http:\/\/facebook.com\/mxkalot","https:\/\/x.com\/kalotmx","http:\/\/instagram.com\/kalotmx","http:\/\/pinterest.com\/jorgeerana\/kalot"]},{"@type":"Person","@id":"https:\/\/kalot.com.mx\/site\/#\/schema\/person\/655544162290388f1408067116229e94","name":"Dulce Mireles","image":{"@type":"ImageObject","inLanguage":"es","@id":"https:\/\/secure.gravatar.com\/avatar\/2e509fd77f8d3252341ab205504ec2216b61edd89bfd74420e00d4db91ed872e?s=96&d=mm&r=g","url":"https:\/\/secure.gravatar.com\/avatar\/2e509fd77f8d3252341ab205504ec2216b61edd89bfd74420e00d4db91ed872e?s=96&d=mm&r=g","contentUrl":"https:\/\/secure.gravatar.com\/avatar\/2e509fd77f8d3252341ab205504ec2216b61edd89bfd74420e00d4db91ed872e?s=96&d=mm&r=g","caption":"Dulce Mireles"},"description":"Ya me aburr\u00ed de poner bio en todos lados. Mejor hablame de tu...its en @dulcemireles","sameAs":["https:\/\/www.facebook.com\/mireles.dulce","https:\/\/x.com\/@dulcemireles"],"url":"https:\/\/kalot.com.mx\/site\/author\/dulcemireles\/"}]}},"jetpack_publicize_connections":[],"jetpack_featured_media_url":"https:\/\/i0.wp.com\/kalot.com.mx\/site\/wp-content\/uploads\/2014\/03\/erick_rincon_blog.jpg?fit=560%2C374&ssl=1","jetpack_shortlink":"https:\/\/wp.me\/p6IHEI-3m7","jetpack-related-posts":[{"id":12626,"url":"https:\/\/kalot.com.mx\/site\/2014\/02\/27\/m83-y-snow-patrol-estrenan-soundtrack-para-divergent\/","url_meta":{"origin":12903,"position":0},"title":"M83 y Snow Patrol estrenan soundtrack para &#8220;Divergent&#8221;.","author":"Gustavo Elizarrar\u00e1s","date":"27 febrero, 2014","format":false,"excerpt":"[dropcap size=small]A [\/dropcap]poco de que se estrene la pel\u00edcula\u00a0Divergent\u00a0(el pr\u00f3ximo 21 de marzo),\u00a0Interscope Records\u00a0comienza a dar a conocer las canciones que forman parte de la banda sonora, hoy toc\u00f3 el turno a\u00a0I Won\u00b4t Let You Go, tema a cargo de\u00a0Snow Patrol. https:\/\/soundcloud.com\/interscope\/snow-patrol-i-wont-let-you-go\/s-Xzv8l \u00a0 La nueva pista llegar\u00e1 dentro del CD\u2026","rel":"","context":"Entrada similar ","block_context":{"text":"Entrada similar ","link":""},"img":{"alt_text":"","src":"https:\/\/i0.wp.com\/kalot.com.mx\/site\/wp-content\/uploads\/2014\/02\/m83.jpg?fit=640%2C640&ssl=1&resize=350%2C200","width":350,"height":200,"srcset":"https:\/\/i0.wp.com\/kalot.com.mx\/site\/wp-content\/uploads\/2014\/02\/m83.jpg?fit=640%2C640&ssl=1&resize=350%2C200 1x, https:\/\/i0.wp.com\/kalot.com.mx\/site\/wp-content\/uploads\/2014\/02\/m83.jpg?fit=640%2C640&ssl=1&resize=525%2C300 1.5x"},"classes":[]},{"id":8315,"url":"https:\/\/kalot.com.mx\/site\/2013\/12\/23\/rincon-poetico\/","url_meta":{"origin":12903,"position":1},"title":"Rinc\u00f3n po\u00e9tico&#8230;","author":"Martha Navarro","date":"23 diciembre, 2013","format":false,"excerpt":"Pues una nueva semana ha llegado y estamos a punto de celebrar la navidad... Pues les dejo esta secci\u00f3n llamada \"Rinc\u00f3n po\u00e9tico\", para esos enamorados o para aquellos que les gusta poner sus ideas en rima y sus sentimientos en tono con las letras si quieren que alguna poes\u00eda o\u2026","rel":"","context":"En &quot;Sin categor\u00eda&quot;","block_context":{"text":"Sin categor\u00eda","link":"https:\/\/kalot.com.mx\/site\/category\/sin-categoria\/"},"img":{"alt_text":"","src":"https:\/\/i0.wp.com\/kalot.com.mx\/site\/wp-content\/uploads\/2013\/12\/pluma_y_tinta-1680x1050.jpg?fit=1000%2C625&ssl=1&resize=350%2C200","width":350,"height":200,"srcset":"https:\/\/i0.wp.com\/kalot.com.mx\/site\/wp-content\/uploads\/2013\/12\/pluma_y_tinta-1680x1050.jpg?fit=1000%2C625&ssl=1&resize=350%2C200 1x, https:\/\/i0.wp.com\/kalot.com.mx\/site\/wp-content\/uploads\/2013\/12\/pluma_y_tinta-1680x1050.jpg?fit=1000%2C625&ssl=1&resize=525%2C300 1.5x, https:\/\/i0.wp.com\/kalot.com.mx\/site\/wp-content\/uploads\/2013\/12\/pluma_y_tinta-1680x1050.jpg?fit=1000%2C625&ssl=1&resize=700%2C400 2x"},"classes":[]},{"id":3517,"url":"https:\/\/kalot.com.mx\/site\/2013\/10\/10\/cc13-para-dummies\/","url_meta":{"origin":12903,"position":2},"title":"Qu\u00e9 hacer y qu\u00e9 no hacer en Festival &#8220;Voy a llorar&#8221; Corona Capital 2013  #CC13","author":"Dulce Mireles","date":"10 octubre, 2013","format":false,"excerpt":"Hola curiosillos, a muy pocos d\u00edas del Corona Capital espero ya tengan todo listo para este \"voy a llorar\" festival. No importa cu\u00e1ntas veces hayas asistido, lo cierto es que sea tu primera, segunda, tercera o cuarta vez hay que tener todo listo para que esta experiencia como lo esperas,\u2026","rel":"","context":"Con 3 comentarios","block_context":{"text":"Con 3 comentarios","link":"https:\/\/kalot.com.mx\/site\/2013\/10\/10\/cc13-para-dummies\/#comments"},"img":{"alt_text":"","src":"https:\/\/i0.wp.com\/kalot.com.mx\/site\/wp-content\/uploads\/2013\/10\/corona-capital-1.png?fit=594%2C551&ssl=1&resize=350%2C200","width":350,"height":200,"srcset":"https:\/\/i0.wp.com\/kalot.com.mx\/site\/wp-content\/uploads\/2013\/10\/corona-capital-1.png?fit=594%2C551&ssl=1&resize=350%2C200 1x, https:\/\/i0.wp.com\/kalot.com.mx\/site\/wp-content\/uploads\/2013\/10\/corona-capital-1.png?fit=594%2C551&ssl=1&resize=525%2C300 1.5x"},"classes":[]},{"id":17805,"url":"https:\/\/kalot.com.mx\/site\/2014\/08\/28\/estos-son-los-seleccionados-de-mexico-del-6-y-9-de-sept\/","url_meta":{"origin":12903,"position":3},"title":"Estos son los Seleccionados de M\u00e9xico del 6 y 9 de sept.","author":"HM_MKT007","date":"28 agosto, 2014","format":false,"excerpt":"El d\u00eda de hoy, la direcci\u00f3n general de Selecciones Nacionales, nos mostr\u00f3 los jugadores que el t\u00e9cnico Miguel Herrera a convocado para los encuentros contra Chile y Bolivia que tendremos los pr\u00f3ximos 6 y 9 de septiembre, que dicho sea de paso, ser\u00e1n en fecha FIFA. Se iniciar\u00e1, la concentraci\u00f3n\u2026","rel":"","context":"Entrada similar ","block_context":{"text":"Entrada similar ","link":""},"img":{"alt_text":"","src":"https:\/\/i0.wp.com\/kalot.com.mx\/site\/wp-content\/uploads\/2014\/08\/seleccion-de-mexico.jpg?fit=900%2C575&ssl=1&resize=350%2C200","width":350,"height":200,"srcset":"https:\/\/i0.wp.com\/kalot.com.mx\/site\/wp-content\/uploads\/2014\/08\/seleccion-de-mexico.jpg?fit=900%2C575&ssl=1&resize=350%2C200 1x, https:\/\/i0.wp.com\/kalot.com.mx\/site\/wp-content\/uploads\/2014\/08\/seleccion-de-mexico.jpg?fit=900%2C575&ssl=1&resize=525%2C300 1.5x, https:\/\/i0.wp.com\/kalot.com.mx\/site\/wp-content\/uploads\/2014\/08\/seleccion-de-mexico.jpg?fit=900%2C575&ssl=1&resize=700%2C400 2x"},"classes":[]},{"id":20957,"url":"https:\/\/kalot.com.mx\/site\/2015\/04\/01\/julion-alvarez-se-convierte-en-socio-y-representante-de-tidal-en-mexico\/","url_meta":{"origin":12903,"position":4},"title":"Juli\u00f3n \u00c1lvarez se convierte en socio y representante de TIDAL en M\u00e9xico","author":"Jorge Era\u00f1a","date":"1 abril, 2015","format":false,"excerpt":"Como ustedes sabr\u00e1n, se lanz\u00f3 TIDAL recientemente en un evento de presentaci\u00f3n lleno de mucha celebridad en busca de liberar el poder la m\u00fasica a trav\u00e9s de su nueva plataforma que entre sus muchos aspectos a destacar podr\u00edamos definir como uno de los m\u00e1s importantes la Calidad de la m\u00fasica\u2026","rel":"","context":"Con 2 comentarios","block_context":{"text":"Con 2 comentarios","link":"https:\/\/kalot.com.mx\/site\/2015\/04\/01\/julion-alvarez-se-convierte-en-socio-y-representante-de-tidal-en-mexico\/#comments"},"img":{"alt_text":"","src":"https:\/\/i0.wp.com\/kalot.com.mx\/site\/wp-content\/uploads\/2015\/04\/julion-bandamax-paginaoficial.jpg?fit=1200%2C800&ssl=1&resize=350%2C200","width":350,"height":200,"srcset":"https:\/\/i0.wp.com\/kalot.com.mx\/site\/wp-content\/uploads\/2015\/04\/julion-bandamax-paginaoficial.jpg?fit=1200%2C800&ssl=1&resize=350%2C200 1x, https:\/\/i0.wp.com\/kalot.com.mx\/site\/wp-content\/uploads\/2015\/04\/julion-bandamax-paginaoficial.jpg?fit=1200%2C800&ssl=1&resize=525%2C300 1.5x, https:\/\/i0.wp.com\/kalot.com.mx\/site\/wp-content\/uploads\/2015\/04\/julion-bandamax-paginaoficial.jpg?fit=1200%2C800&ssl=1&resize=700%2C400 2x, https:\/\/i0.wp.com\/kalot.com.mx\/site\/wp-content\/uploads\/2015\/04\/julion-bandamax-paginaoficial.jpg?fit=1200%2C800&ssl=1&resize=1050%2C600 3x"},"classes":[]},{"id":23178,"url":"https:\/\/kalot.com.mx\/site\/2015\/08\/28\/eddie-reynolds-de-lo-mejor-en-el-cine-mexicano\/","url_meta":{"origin":12903,"position":5},"title":"Eddie Reynolds: De lo Mejor en el Cine Mexicano","author":"yash","date":"28 agosto, 2015","format":false,"excerpt":"Eddie Reynolds y los \u00c1ngeles de Acero es de lo mejor que nos ha brindado el cine mexicano en los \u00faltimos a\u00f1os; divertida, ingeniosa y diferente. \u00daltimamente, el cine mexicano ha optado por los cartuchos quemados, las formulas (p\u00e9simamente) probadas o simplemente por lo comercial. Generalmente esto ultimo de forma\u2026","rel":"","context":"Entrada similar ","block_context":{"text":"Entrada similar ","link":""},"img":{"alt_text":"","src":"https:\/\/i0.wp.com\/kalot.com.mx\/site\/wp-content\/uploads\/2015\/08\/Eddie.jpg?fit=1200%2C675&ssl=1&resize=350%2C200","width":350,"height":200,"srcset":"https:\/\/i0.wp.com\/kalot.com.mx\/site\/wp-content\/uploads\/2015\/08\/Eddie.jpg?fit=1200%2C675&ssl=1&resize=350%2C200 1x, https:\/\/i0.wp.com\/kalot.com.mx\/site\/wp-content\/uploads\/2015\/08\/Eddie.jpg?fit=1200%2C675&ssl=1&resize=525%2C300 1.5x, https:\/\/i0.wp.com\/kalot.com.mx\/site\/wp-content\/uploads\/2015\/08\/Eddie.jpg?fit=1200%2C675&ssl=1&resize=700%2C400 2x, https:\/\/i0.wp.com\/kalot.com.mx\/site\/wp-content\/uploads\/2015\/08\/Eddie.jpg?fit=1200%2C675&ssl=1&resize=1050%2C600 3x"},"classes":[]}],"jetpack_sharing_enabled":true,"_links":{"self":[{"href":"https:\/\/kalot.com.mx\/site\/wp-json\/wp\/v2\/posts\/12903","targetHints":{"allow":["GET"]}}],"collection":[{"href":"https:\/\/kalot.com.mx\/site\/wp-json\/wp\/v2\/posts"}],"about":[{"href":"https:\/\/kalot.com.mx\/site\/wp-json\/wp\/v2\/types\/post"}],"author":[{"embeddable":true,"href":"https:\/\/kalot.com.mx\/site\/wp-json\/wp\/v2\/users\/97"}],"replies":[{"embeddable":true,"href":"https:\/\/kalot.com.mx\/site\/wp-json\/wp\/v2\/comments?post=12903"}],"version-history":[{"count":0,"href":"https:\/\/kalot.com.mx\/site\/wp-json\/wp\/v2\/posts\/12903\/revisions"}],"wp:featuredmedia":[{"embeddable":true,"href":"https:\/\/kalot.com.mx\/site\/wp-json\/wp\/v2\/media\/12917"}],"wp:attachment":[{"href":"https:\/\/kalot.com.mx\/site\/wp-json\/wp\/v2\/media?parent=12903"}],"wp:term":[{"taxonomy":"category","embeddable":true,"href":"https:\/\/kalot.com.mx\/site\/wp-json\/wp\/v2\/categories?post=12903"},{"taxonomy":"post_tag","embeddable":true,"href":"https:\/\/kalot.com.mx\/site\/wp-json\/wp\/v2\/tags?post=12903"}],"curies":[{"name":"wp","href":"https:\/\/api.w.org\/{rel}","templated":true}]}}