{"id":12898,"date":"2014-03-04T17:49:38","date_gmt":"2014-03-04T23:49:38","guid":{"rendered":"http:\/\/www.kalot.com.mx\/?p=12898"},"modified":"2014-03-04T17:49:38","modified_gmt":"2014-03-04T23:49:38","slug":"gracies-fins-aviat-tarzan","status":"publish","type":"post","link":"https:\/\/kalot.com.mx\/site\/2014\/03\/04\/gracies-fins-aviat-tarzan\/","title":{"rendered":"GR\u00c0CIES I FINS AVIAT TARZ\u00c1N"},"content":{"rendered":"<p style=\"text-align: center\" align=\"center\"><b>GR\u00c0CIES I FINS AVIAT TARZ\u00c1N<\/b><b><\/b><\/p>\n<p style=\"text-align: justify\">\u00a0Qu\u00e9 lejos parece aqu\u00e9l 02 de Octubre de 1999, cuando el Camp Nou le dio la bienvenida a un chico de 19 a\u00f1os, que portaba el n\u00famero 32 en los dorsales y que jugaba como lateral derecho. Esa noche, aqu\u00e9l Barsa comandado por Guardiola, Rivaldo y Kluivert; y dirigido por Louis Van Gaal, ve\u00eda el g\u00e9nesis de una brillante carrera, del mejor capit\u00e1n en la historia del F.C. Barcelona.<\/p>\n<p style=\"text-align: justify\">\u00a0Con el paso del tiempo, Carles Puyol, quien fue bautizado como \u201cEl Tarz\u00e1n\u201d, fue convirti\u00e9ndose en la bandera del equipo, tomando el liderazgo del mismo, gan\u00e1ndose el respeto tanto del p\u00fablico como del vestidor mismo, todo gracias a la entrega que demostraba cada partido, inclusive a pesar de haber variado su posici\u00f3n hacia la defensa central, y con el plus de ser catal\u00e1n.<\/p>\n<p style=\"text-align: justify\">\u00a0Hoy, con 35 a\u00f1os de edad, ha anunciado que al final de la temporada dejar\u00e1 al Barsa, que las lesiones en la rodilla no le permiten competir al m\u00e1ximo nivel al que est\u00e1 acostumbrado, y que por lo tanto, prefiere dar un paso de costado para que jugadores como Piqu\u00e9, Bartra, Masscherano o alg\u00fan otro canterano, tomen su lugar, as\u00ed como cuando \u00e9l lleg\u00f3 a tomar el lugar de jugadores como Abelardo o Frank de Boer.<\/p>\n<p style=\"text-align: justify\">\u00a0El d\u00eda de ma\u00f1ana, podremos todos presumirles a nuestros hijos que vimos a un central como Carles Puyol, que si bien es cierto, no ten\u00eda la clase de otros, si ten\u00eda el coraz\u00f3n y la fiereza de un aut\u00e9ntico le\u00f3n para defender no solo su porter\u00eda, sino para defender a su club, a sus compa\u00f1eros, a su gente, a su pa\u00eds, a su Catalu\u00f1a\u2026al f\u00fatbol.<\/p>\n<p style=\"text-align: justify\">\u00a0Sobra decir que Carles Puyol gan\u00f3 21 t\u00edtulos entre club y selecci\u00f3n, porque nos vienen recuerdos quiz\u00e1 m\u00e1s importantes de \u00e9l, como aqu\u00e9l gol que hizo en el Bernabeu en aqu\u00e9l hist\u00f3rico 2-6, o el gol en las semifinales del mundial de Sud\u00e1frica 2010 contra Alemania, o cuando le pidi\u00f3 a \u00c9ric Abidal que levantara la champions en lugar de \u00e9l, reconoci\u00e9ndole el esfuerzo que hizo por recuperarse, entre otros muchos gestos, que solo un capit\u00e1n de esa categor\u00eda puede dar.<\/p>\n<p style=\"text-align: justify\">\u00a0Y no nos queda m\u00e1s que decirle gracias Puyi (como lo llaman sus compa\u00f1erpos), porque ojal\u00e1 alg\u00fan d\u00eda Carles Puyol volver\u00e1 al F.C. Barcelona, como t\u00e9cnico, como directivo o como lo que sea, porque el barcelonismo as\u00ed lo reclamar\u00e1, porque entre los rugidos del Camp Nou, siempre se escuchar\u00e1 tu grito Traz\u00e1n\u2026!<\/p>\n<p style=\"text-align: center\">\n<p style=\"text-align: center\">\n","protected":false},"excerpt":{"rendered":"GR\u00c0CIES I FINS AVIAT TARZ\u00c1N \u00a0Qu\u00e9 lejos parece aqu\u00e9l 02 de Octubre de 1999, cuando el Camp Nou&hellip;\n","protected":false},"author":84,"featured_media":12900,"comment_status":"open","ping_status":"open","sticky":false,"template":"","format":"standard","meta":{"jetpack_post_was_ever_published":false,"_jetpack_newsletter_access":"","_jetpack_dont_email_post_to_subs":false,"_jetpack_newsletter_tier_id":0,"_jetpack_memberships_contains_paywalled_content":false,"_jetpack_memberships_contains_paid_content":false,"footnotes":"","jetpack_publicize_message":"","jetpack_publicize_feature_enabled":true,"jetpack_social_post_already_shared":true,"jetpack_social_options":{"image_generator_settings":{"template":"highway","default_image_id":0,"font":"","enabled":false},"version":2}},"categories":[],"tags":[],"class_list":{"0":"post-12898","1":"post","2":"type-post","3":"status-publish","4":"format-standard","5":"has-post-thumbnail","7":"cs-entry","8":"cs-video-wrap"},"yoast_head":"<!-- This site is optimized with the Yoast SEO plugin v27.5 - https:\/\/yoast.com\/product\/yoast-seo-wordpress\/ -->\n<title>GR\u00c0CIES I FINS AVIAT TARZ\u00c1N - Kalot<\/title>\n<meta name=\"description\" content=\"La despedida del mejor capit\u00e1n del Barsa...Carles Puyol: Tarz\u00e1n\" \/>\n<meta name=\"robots\" content=\"index, follow, max-snippet:-1, max-image-preview:large, max-video-preview:-1\" \/>\n<link rel=\"canonical\" href=\"https:\/\/kalot.com.mx\/site\/2014\/03\/04\/gracies-fins-aviat-tarzan\/\" \/>\n<meta property=\"og:locale\" content=\"es_MX\" \/>\n<meta property=\"og:type\" content=\"article\" \/>\n<meta property=\"og:title\" content=\"GR\u00c0CIES I FINS AVIAT TARZ\u00c1N - Kalot\" \/>\n<meta property=\"og:description\" content=\"La despedida del mejor capit\u00e1n del Barsa...Carles Puyol: Tarz\u00e1n\" \/>\n<meta property=\"og:url\" content=\"https:\/\/kalot.com.mx\/site\/2014\/03\/04\/gracies-fins-aviat-tarzan\/\" \/>\n<meta property=\"og:site_name\" content=\"Kalot\" \/>\n<meta property=\"article:publisher\" content=\"http:\/\/facebook.com\/mxkalot\" \/>\n<meta property=\"article:published_time\" content=\"2014-03-04T23:49:38+00:00\" \/>\n<meta property=\"og:image\" content=\"https:\/\/i0.wp.com\/kalot.com.mx\/site\/wp-content\/uploads\/2014\/03\/puyol-bandera.jpg?fit=259%2C194&ssl=1\" \/>\n\t<meta property=\"og:image:width\" content=\"259\" \/>\n\t<meta property=\"og:image:height\" content=\"194\" \/>\n\t<meta property=\"og:image:type\" content=\"image\/jpeg\" \/>\n<meta name=\"author\" content=\"Juan Ol\u00e1is\" \/>\n<meta name=\"twitter:card\" content=\"summary_large_image\" \/>\n<meta name=\"twitter:creator\" content=\"@Golon_16\" \/>\n<meta name=\"twitter:site\" content=\"@kalotmx\" \/>\n<meta name=\"twitter:label1\" content=\"Escrito por\" \/>\n\t<meta name=\"twitter:data1\" content=\"Juan Ol\u00e1is\" \/>\n\t<meta name=\"twitter:label2\" content=\"Tiempo de lectura\" \/>\n\t<meta name=\"twitter:data2\" content=\"2 minutos\" \/>\n<!-- \/ Yoast SEO plugin. -->","yoast_head_json":{"title":"GR\u00c0CIES I FINS AVIAT TARZ\u00c1N - Kalot","description":"La despedida del mejor capit\u00e1n del Barsa...Carles Puyol: Tarz\u00e1n","robots":{"index":"index","follow":"follow","max-snippet":"max-snippet:-1","max-image-preview":"max-image-preview:large","max-video-preview":"max-video-preview:-1"},"canonical":"https:\/\/kalot.com.mx\/site\/2014\/03\/04\/gracies-fins-aviat-tarzan\/","og_locale":"es_MX","og_type":"article","og_title":"GR\u00c0CIES I FINS AVIAT TARZ\u00c1N - Kalot","og_description":"La despedida del mejor capit\u00e1n del Barsa...Carles Puyol: Tarz\u00e1n","og_url":"https:\/\/kalot.com.mx\/site\/2014\/03\/04\/gracies-fins-aviat-tarzan\/","og_site_name":"Kalot","article_publisher":"http:\/\/facebook.com\/mxkalot","article_published_time":"2014-03-04T23:49:38+00:00","og_image":[{"width":259,"height":194,"url":"https:\/\/i0.wp.com\/kalot.com.mx\/site\/wp-content\/uploads\/2014\/03\/puyol-bandera.jpg?fit=259%2C194&ssl=1","type":"image\/jpeg"}],"author":"Juan Ol\u00e1is","twitter_card":"summary_large_image","twitter_creator":"@Golon_16","twitter_site":"@kalotmx","twitter_misc":{"Escrito por":"Juan Ol\u00e1is","Tiempo de lectura":"2 minutos"},"schema":{"@context":"https:\/\/schema.org","@graph":[{"@type":"Article","@id":"https:\/\/kalot.com.mx\/site\/2014\/03\/04\/gracies-fins-aviat-tarzan\/#article","isPartOf":{"@id":"https:\/\/kalot.com.mx\/site\/2014\/03\/04\/gracies-fins-aviat-tarzan\/"},"author":{"name":"Juan Ol\u00e1is","@id":"https:\/\/kalot.com.mx\/site\/#\/schema\/person\/11f60ca811b545027d1b83c3c64da30d"},"headline":"GR\u00c0CIES I FINS AVIAT TARZ\u00c1N","datePublished":"2014-03-04T23:49:38+00:00","mainEntityOfPage":{"@id":"https:\/\/kalot.com.mx\/site\/2014\/03\/04\/gracies-fins-aviat-tarzan\/"},"wordCount":460,"commentCount":0,"publisher":{"@id":"https:\/\/kalot.com.mx\/site\/#organization"},"image":{"@id":"https:\/\/kalot.com.mx\/site\/2014\/03\/04\/gracies-fins-aviat-tarzan\/#primaryimage"},"thumbnailUrl":"https:\/\/i0.wp.com\/kalot.com.mx\/site\/wp-content\/uploads\/2014\/03\/puyol-bandera.jpg?fit=259%2C194&ssl=1","inLanguage":"es","potentialAction":[{"@type":"CommentAction","name":"Comment","target":["https:\/\/kalot.com.mx\/site\/2014\/03\/04\/gracies-fins-aviat-tarzan\/#respond"]}]},{"@type":"WebPage","@id":"https:\/\/kalot.com.mx\/site\/2014\/03\/04\/gracies-fins-aviat-tarzan\/","url":"https:\/\/kalot.com.mx\/site\/2014\/03\/04\/gracies-fins-aviat-tarzan\/","name":"GR\u00c0CIES I FINS AVIAT TARZ\u00c1N - Kalot","isPartOf":{"@id":"https:\/\/kalot.com.mx\/site\/#website"},"primaryImageOfPage":{"@id":"https:\/\/kalot.com.mx\/site\/2014\/03\/04\/gracies-fins-aviat-tarzan\/#primaryimage"},"image":{"@id":"https:\/\/kalot.com.mx\/site\/2014\/03\/04\/gracies-fins-aviat-tarzan\/#primaryimage"},"thumbnailUrl":"https:\/\/i0.wp.com\/kalot.com.mx\/site\/wp-content\/uploads\/2014\/03\/puyol-bandera.jpg?fit=259%2C194&ssl=1","datePublished":"2014-03-04T23:49:38+00:00","description":"La despedida del mejor capit\u00e1n del Barsa...Carles Puyol: Tarz\u00e1n","breadcrumb":{"@id":"https:\/\/kalot.com.mx\/site\/2014\/03\/04\/gracies-fins-aviat-tarzan\/#breadcrumb"},"inLanguage":"es","potentialAction":[{"@type":"ReadAction","target":["https:\/\/kalot.com.mx\/site\/2014\/03\/04\/gracies-fins-aviat-tarzan\/"]}]},{"@type":"ImageObject","inLanguage":"es","@id":"https:\/\/kalot.com.mx\/site\/2014\/03\/04\/gracies-fins-aviat-tarzan\/#primaryimage","url":"https:\/\/i0.wp.com\/kalot.com.mx\/site\/wp-content\/uploads\/2014\/03\/puyol-bandera.jpg?fit=259%2C194&ssl=1","contentUrl":"https:\/\/i0.wp.com\/kalot.com.mx\/site\/wp-content\/uploads\/2014\/03\/puyol-bandera.jpg?fit=259%2C194&ssl=1","width":259,"height":194},{"@type":"BreadcrumbList","@id":"https:\/\/kalot.com.mx\/site\/2014\/03\/04\/gracies-fins-aviat-tarzan\/#breadcrumb","itemListElement":[{"@type":"ListItem","position":1,"name":"Home","item":"https:\/\/kalot.com.mx\/site\/"},{"@type":"ListItem","position":2,"name":"GR\u00c0CIES I FINS AVIAT TARZ\u00c1N"}]},{"@type":"WebSite","@id":"https:\/\/kalot.com.mx\/site\/#website","url":"https:\/\/kalot.com.mx\/site\/","name":"Kalot","description":"Conoce Todo Sobre Todo","publisher":{"@id":"https:\/\/kalot.com.mx\/site\/#organization"},"potentialAction":[{"@type":"SearchAction","target":{"@type":"EntryPoint","urlTemplate":"https:\/\/kalot.com.mx\/site\/?s={search_term_string}"},"query-input":{"@type":"PropertyValueSpecification","valueRequired":true,"valueName":"search_term_string"}}],"inLanguage":"es"},{"@type":"Organization","@id":"https:\/\/kalot.com.mx\/site\/#organization","name":"Kalot","url":"https:\/\/kalot.com.mx\/site\/","logo":{"@type":"ImageObject","inLanguage":"es","@id":"https:\/\/kalot.com.mx\/site\/#\/schema\/logo\/image\/","url":"https:\/\/i0.wp.com\/kalot.com.mx\/site\/wp-content\/uploads\/2020\/04\/Kalot-logo-sin-tagline.png?fit=1707%2C1014&ssl=1","contentUrl":"https:\/\/i0.wp.com\/kalot.com.mx\/site\/wp-content\/uploads\/2020\/04\/Kalot-logo-sin-tagline.png?fit=1707%2C1014&ssl=1","width":1707,"height":1014,"caption":"Kalot"},"image":{"@id":"https:\/\/kalot.com.mx\/site\/#\/schema\/logo\/image\/"},"sameAs":["http:\/\/facebook.com\/mxkalot","https:\/\/x.com\/kalotmx","http:\/\/instagram.com\/kalotmx","http:\/\/pinterest.com\/jorgeerana\/kalot"]},{"@type":"Person","@id":"https:\/\/kalot.com.mx\/site\/#\/schema\/person\/11f60ca811b545027d1b83c3c64da30d","name":"Juan Ol\u00e1is","image":{"@type":"ImageObject","inLanguage":"es","@id":"https:\/\/secure.gravatar.com\/avatar\/d4121ca2934fe66389e397fe55a66fd97de3f8799fb54529e0c438bca75f5336?s=96&d=mm&r=g","url":"https:\/\/secure.gravatar.com\/avatar\/d4121ca2934fe66389e397fe55a66fd97de3f8799fb54529e0c438bca75f5336?s=96&d=mm&r=g","contentUrl":"https:\/\/secure.gravatar.com\/avatar\/d4121ca2934fe66389e397fe55a66fd97de3f8799fb54529e0c438bca75f5336?s=96&d=mm&r=g","caption":"Juan Ol\u00e1is"},"description":"Abogado, aficionado a diversos deportes y muy so\u00f1ador...","sameAs":["https:\/\/x.com\/@Golon_16"],"url":"https:\/\/kalot.com.mx\/site\/author\/juan\/"}]}},"jetpack_publicize_connections":[],"jetpack_featured_media_url":"https:\/\/i0.wp.com\/kalot.com.mx\/site\/wp-content\/uploads\/2014\/03\/puyol-bandera.jpg?fit=259%2C194&ssl=1","jetpack_shortlink":"https:\/\/wp.me\/p6IHEI-3m2","jetpack-related-posts":[{"id":15375,"url":"https:\/\/kalot.com.mx\/site\/2014\/04\/25\/moltes-gracies-fins-ara-tito-el-futbol-et-va-estranyar\/","url_meta":{"origin":12898,"position":0},"title":"MOLTES GR\u00c0CIES I FINS ARA TITO, EL FUTBOL ET VA A ESTRANYAR","author":"Juan Ol\u00e1is","date":"25 abril, 2014","format":false,"excerpt":"MOLTES GR\u00c0CIES I FINS ARA TITO, EL FUTBOL ET VA A ESTRANYAR El d\u00eda de hoy, el F.C. Barcelona ha confirmado una funesta noticia, la muerte de Tito Vilanova. \u00a0Francesc Vilanova i Bay\u00f3, estuvo en las filas azulgranas desde muy joven, debutando con el filial del primer equipo en la\u2026","rel":"","context":"En &quot;Sin categor\u00eda&quot;","block_context":{"text":"Sin categor\u00eda","link":"https:\/\/kalot.com.mx\/site\/category\/sin-categoria\/"},"img":{"alt_text":"","src":"https:\/\/i0.wp.com\/kalot.com.mx\/site\/wp-content\/uploads\/2014\/04\/tito-2.jpg?fit=600%2C336&ssl=1&resize=350%2C200","width":350,"height":200,"srcset":"https:\/\/i0.wp.com\/kalot.com.mx\/site\/wp-content\/uploads\/2014\/04\/tito-2.jpg?fit=600%2C336&ssl=1&resize=350%2C200 1x, https:\/\/i0.wp.com\/kalot.com.mx\/site\/wp-content\/uploads\/2014\/04\/tito-2.jpg?fit=600%2C336&ssl=1&resize=525%2C300 1.5x"},"classes":[]},{"id":12035,"url":"https:\/\/kalot.com.mx\/site\/2014\/02\/20\/que-le-falta-al-bayern-munich\/","url_meta":{"origin":12898,"position":1},"title":"\u00bfQu\u00e9 le falta al Bayern Munich?","author":"Juan Ol\u00e1is","date":"20 febrero, 2014","format":false,"excerpt":"\u00bfQU\u00c9 LE FALTA AL BAYERN MUNICH? La noche del pasado mi\u00e9rcoles, y despu\u00e9s de haber visto al medio d\u00eda el juego entre el Manchester City y el F.C. Barcelona por la ida de los octavos en la Champions, me dorm\u00ed pensando si alg\u00fan d\u00eda volver\u00eda a ver a aqu\u00e9l Barsa\u2026","rel":"","context":"En &quot;Sin categor\u00eda&quot;","block_context":{"text":"Sin categor\u00eda","link":"https:\/\/kalot.com.mx\/site\/category\/sin-categoria\/"},"img":{"alt_text":"","src":"https:\/\/i0.wp.com\/kalot.com.mx\/site\/wp-content\/uploads\/2014\/02\/Pep-Guardiola-Bayern-Muni-011.jpg?fit=460%2C276&ssl=1&resize=350%2C200","width":350,"height":200},"classes":[]},{"id":13914,"url":"https:\/\/kalot.com.mx\/site\/2014\/03\/25\/prueba-superada\/","url_meta":{"origin":12898,"position":2},"title":"PRUEBA SUPERADA","author":"Juan Ol\u00e1is","date":"25 marzo, 2014","format":false,"excerpt":"PRUEBA SUPERADA \u00a0El pasado domingo, el mundo entero fue testigo de uno de los mejores partidos en lo que va de la temporada de f\u00fatbol en cualquier competencia: El partido por la jornada 29 de la Liga, Real Madrid contra F.C. Barcelona. \u00a0Desde hac\u00eda ya algunos a\u00f1os, el Real Madrid\u2026","rel":"","context":"En &quot;Sin categor\u00eda&quot;","block_context":{"text":"Sin categor\u00eda","link":"https:\/\/kalot.com.mx\/site\/category\/sin-categoria\/"},"img":{"alt_text":"","src":"https:\/\/i0.wp.com\/kalot.com.mx\/site\/wp-content\/uploads\/2014\/03\/tata-martino.jpg?fit=770%2C433&ssl=1&resize=350%2C200","width":350,"height":200,"srcset":"https:\/\/i0.wp.com\/kalot.com.mx\/site\/wp-content\/uploads\/2014\/03\/tata-martino.jpg?fit=770%2C433&ssl=1&resize=350%2C200 1x, https:\/\/i0.wp.com\/kalot.com.mx\/site\/wp-content\/uploads\/2014\/03\/tata-martino.jpg?fit=770%2C433&ssl=1&resize=525%2C300 1.5x, https:\/\/i0.wp.com\/kalot.com.mx\/site\/wp-content\/uploads\/2014\/03\/tata-martino.jpg?fit=770%2C433&ssl=1&resize=700%2C400 2x"},"classes":[]},{"id":6700,"url":"https:\/\/kalot.com.mx\/site\/2013\/11\/18\/birthday-mickey-mouse\/","url_meta":{"origin":12898,"position":3},"title":"Happy birthday Mickey Mouse my love.","author":"Karenina Gonzalez","date":"18 noviembre, 2013","format":false,"excerpt":"Un d\u00eda como hoy 18 de noviembre, pero del a\u00f1o de 1928... salt\u00f3 a la pantalla un singular e ic\u00f3nico personaje de Disney, en un cortomotraje animado y con sonido llamado \"Steamboat Willie\". Wao ya son 85 a\u00f1os de Mickey Mouse, y como una vez dijera Walt Disney: \"S\u00f3lo espero\u2026","rel":"","context":"En &quot;Sin categor\u00eda&quot;","block_context":{"text":"Sin categor\u00eda","link":"https:\/\/kalot.com.mx\/site\/category\/sin-categoria\/"},"img":{"alt_text":"","src":"https:\/\/i0.wp.com\/kalot.com.mx\/site\/wp-content\/uploads\/2013\/11\/steamboat-willie-mickey-mouse-disney-1928-002.jpg?fit=577%2C478&ssl=1&resize=350%2C200","width":350,"height":200,"srcset":"https:\/\/i0.wp.com\/kalot.com.mx\/site\/wp-content\/uploads\/2013\/11\/steamboat-willie-mickey-mouse-disney-1928-002.jpg?fit=577%2C478&ssl=1&resize=350%2C200 1x, https:\/\/i0.wp.com\/kalot.com.mx\/site\/wp-content\/uploads\/2013\/11\/steamboat-willie-mickey-mouse-disney-1928-002.jpg?fit=577%2C478&ssl=1&resize=525%2C300 1.5x"},"classes":[]},{"id":718,"url":"https:\/\/kalot.com.mx\/site\/2013\/09\/05\/ya-se-estreno-el-nuevo-video-de-katy-perry-roar-entra-aqui-para-verlo\/","url_meta":{"origin":12898,"position":4},"title":"Ya se estreno el nuevo video de Katy Perry, &#8220;ROAR&#8221;. Entra aqu\u00ed para verlo","author":"Jorge Era\u00f1a","date":"5 septiembre, 2013","format":false,"excerpt":"A pesar de los \u00faltimos anuncios por fuentes \"no oficiales\" que han asegurado que las pre-ventas de Lady Gaga han triplicado las mismas que su competencia m\u00e1s directa Katy Perry, hoy por fin anuncio su video para el tema promocional de lanzamiento conocido como Roar, el video se entren\u00f3 a\u2026","rel":"","context":"Entrada similar ","block_context":{"text":"Entrada similar ","link":""},"img":{"alt_text":"Captura de pantalla (87)","src":"https:\/\/i0.wp.com\/www.kalot.com.mx\/wp-content\/uploads\/2013\/09\/Captura-de-pantalla-87-1024x575.png?resize=350%2C200","width":350,"height":200,"srcset":"https:\/\/i0.wp.com\/www.kalot.com.mx\/wp-content\/uploads\/2013\/09\/Captura-de-pantalla-87-1024x575.png?resize=350%2C200 1x, https:\/\/i0.wp.com\/www.kalot.com.mx\/wp-content\/uploads\/2013\/09\/Captura-de-pantalla-87-1024x575.png?resize=525%2C300 1.5x, https:\/\/i0.wp.com\/www.kalot.com.mx\/wp-content\/uploads\/2013\/09\/Captura-de-pantalla-87-1024x575.png?resize=700%2C400 2x"},"classes":[]},{"id":18827,"url":"https:\/\/kalot.com.mx\/site\/2014\/10\/21\/carta-a-un-amigo-lejano\/","url_meta":{"origin":12898,"position":5},"title":"Carta a un amigo lejano","author":"David S\u00e1nchez","date":"21 octubre, 2014","format":false,"excerpt":"Hola Carlos Adrian! Wow! Ha pasado m\u00e1s de 1 a\u00f1o o m\u00e1s sin verte. Creo que la \u00faltima vez que te vi fue en Parque Lindavista, ya lleva un buen rato. Se que no est\u00e1s pasando buenos momentos, y lamento mucho todo este tiempo que llevamos sin hablar, aunque no\u2026","rel":"","context":"Con 1 comentario","block_context":{"text":"Con 1 comentario","link":"https:\/\/kalot.com.mx\/site\/2014\/10\/21\/carta-a-un-amigo-lejano\/#comments"},"img":{"alt_text":"","src":"https:\/\/i0.wp.com\/kalot.com.mx\/site\/wp-content\/uploads\/2014\/10\/Foto.jpg?fit=414%2C301&ssl=1&resize=350%2C200","width":350,"height":200},"classes":[]}],"jetpack_sharing_enabled":true,"_links":{"self":[{"href":"https:\/\/kalot.com.mx\/site\/wp-json\/wp\/v2\/posts\/12898","targetHints":{"allow":["GET"]}}],"collection":[{"href":"https:\/\/kalot.com.mx\/site\/wp-json\/wp\/v2\/posts"}],"about":[{"href":"https:\/\/kalot.com.mx\/site\/wp-json\/wp\/v2\/types\/post"}],"author":[{"embeddable":true,"href":"https:\/\/kalot.com.mx\/site\/wp-json\/wp\/v2\/users\/84"}],"replies":[{"embeddable":true,"href":"https:\/\/kalot.com.mx\/site\/wp-json\/wp\/v2\/comments?post=12898"}],"version-history":[{"count":0,"href":"https:\/\/kalot.com.mx\/site\/wp-json\/wp\/v2\/posts\/12898\/revisions"}],"wp:featuredmedia":[{"embeddable":true,"href":"https:\/\/kalot.com.mx\/site\/wp-json\/wp\/v2\/media\/12900"}],"wp:attachment":[{"href":"https:\/\/kalot.com.mx\/site\/wp-json\/wp\/v2\/media?parent=12898"}],"wp:term":[{"taxonomy":"category","embeddable":true,"href":"https:\/\/kalot.com.mx\/site\/wp-json\/wp\/v2\/categories?post=12898"},{"taxonomy":"post_tag","embeddable":true,"href":"https:\/\/kalot.com.mx\/site\/wp-json\/wp\/v2\/tags?post=12898"}],"curies":[{"name":"wp","href":"https:\/\/api.w.org\/{rel}","templated":true}]}}