{"id":12643,"date":"2014-02-28T11:00:58","date_gmt":"2014-02-28T17:00:58","guid":{"rendered":"http:\/\/www.kalot.com.mx\/?p=12643"},"modified":"2017-12-20T14:14:47","modified_gmt":"2017-12-20T20:14:47","slug":"lo-mejor-de-la-mobile-world-congress-2014-mwc","status":"publish","type":"post","link":"https:\/\/kalot.com.mx\/site\/2014\/02\/28\/lo-mejor-de-la-mobile-world-congress-2014-mwc\/","title":{"rendered":"Lo mejor de la Mobile World Congress 2014 (MWC)"},"content":{"rendered":"<p>Se cerraron las puertas en Barcelona de lo que fue la Mobile World Conference que ha demostrado por qu\u00e9 es la plataforma favorita de muchas marcas y de la industria de la comunicaci\u00f3n m\u00f3vil en lo que respecta a anuncios de avances tecnol\u00f3gicos y futuros estrenos de modelos y accesorios.<\/p>\n<p><a href=\"https:\/\/i0.wp.com\/www.kalot.com.mx\/wp-content\/uploads\/2014\/02\/Mobile-World-Congress-MWC-Preview1.jpg\"><img fetchpriority=\"high\" decoding=\"async\" data-attachment-id=\"12690\" data-permalink=\"https:\/\/kalot.com.mx\/site\/2014\/02\/28\/lo-mejor-de-la-mobile-world-congress-2014-mwc\/mobile-world-congress-mwc-preview-2\/\" data-orig-file=\"https:\/\/i0.wp.com\/kalot.com.mx\/site\/wp-content\/uploads\/2014\/02\/Mobile-World-Congress-MWC-Preview1.jpg?fit=1500%2C1000&amp;ssl=1\" data-orig-size=\"1500,1000\" data-comments-opened=\"1\" data-image-meta=\"{&quot;aperture&quot;:&quot;0&quot;,&quot;credit&quot;:&quot;&quot;,&quot;camera&quot;:&quot;&quot;,&quot;caption&quot;:&quot;&quot;,&quot;created_timestamp&quot;:&quot;0&quot;,&quot;copyright&quot;:&quot;&quot;,&quot;focal_length&quot;:&quot;0&quot;,&quot;iso&quot;:&quot;0&quot;,&quot;shutter_speed&quot;:&quot;0&quot;,&quot;title&quot;:&quot;&quot;,&quot;orientation&quot;:&quot;0&quot;}\" data-image-title=\"Mobile-World-Congress-MWC-Preview\" data-image-description=\"\" data-image-caption=\"\" data-large-file=\"https:\/\/i0.wp.com\/kalot.com.mx\/site\/wp-content\/uploads\/2014\/02\/Mobile-World-Congress-MWC-Preview1.jpg?fit=1024%2C683&amp;ssl=1\" class=\"size-full wp-image-12690 alignnone\" alt=\"Mobile-World-Congress-MWC-Preview\" src=\"https:\/\/i1.wp.com\/kalot.com.mx\/site\/wp-content\/uploads\/2014\/02\/Mobile-World-Congress-MWC-Preview1.jpg?fit=1500%2C1000&#038;ssl=1\" width=\"1500\" height=\"1000\" srcset=\"https:\/\/i0.wp.com\/kalot.com.mx\/site\/wp-content\/uploads\/2014\/02\/Mobile-World-Congress-MWC-Preview1.jpg?w=1500&amp;ssl=1 1500w, https:\/\/i0.wp.com\/kalot.com.mx\/site\/wp-content\/uploads\/2014\/02\/Mobile-World-Congress-MWC-Preview1.jpg?resize=768%2C512&amp;ssl=1 768w, https:\/\/i0.wp.com\/kalot.com.mx\/site\/wp-content\/uploads\/2014\/02\/Mobile-World-Congress-MWC-Preview1.jpg?resize=380%2C253&amp;ssl=1 380w, https:\/\/i0.wp.com\/kalot.com.mx\/site\/wp-content\/uploads\/2014\/02\/Mobile-World-Congress-MWC-Preview1.jpg?resize=800%2C533&amp;ssl=1 800w, https:\/\/i0.wp.com\/kalot.com.mx\/site\/wp-content\/uploads\/2014\/02\/Mobile-World-Congress-MWC-Preview1.jpg?resize=1160%2C773&amp;ssl=1 1160w, https:\/\/i0.wp.com\/kalot.com.mx\/site\/wp-content\/uploads\/2014\/02\/Mobile-World-Congress-MWC-Preview1.jpg?resize=450%2C300&amp;ssl=1 450w, https:\/\/i0.wp.com\/kalot.com.mx\/site\/wp-content\/uploads\/2014\/02\/Mobile-World-Congress-MWC-Preview1.jpg?resize=1300%2C867&amp;ssl=1 1300w, https:\/\/i0.wp.com\/kalot.com.mx\/site\/wp-content\/uploads\/2014\/02\/Mobile-World-Congress-MWC-Preview1.jpg?resize=300%2C200&amp;ssl=1 300w, https:\/\/i0.wp.com\/kalot.com.mx\/site\/wp-content\/uploads\/2014\/02\/Mobile-World-Congress-MWC-Preview1.jpg?resize=1024%2C683&amp;ssl=1 1024w, https:\/\/i0.wp.com\/kalot.com.mx\/site\/wp-content\/uploads\/2014\/02\/Mobile-World-Congress-MWC-Preview1.jpg?resize=810%2C540&amp;ssl=1 810w, https:\/\/i0.wp.com\/kalot.com.mx\/site\/wp-content\/uploads\/2014\/02\/Mobile-World-Congress-MWC-Preview1.jpg?resize=1140%2C760&amp;ssl=1 1140w\" sizes=\"(max-width: 1200px) 100vw, 1200px\" \/><\/a><\/p>\n<blockquote><p>La edici\u00f3n del Mobile World Congress 2014 ha sido un \u00e9xito rotundo y estamos muy agradecidos a nuestros asistentes, expositores, patrocinadores y socios por su continuo apoyo. <strong>Afirmo John Hoffman, CEO de GSMA Ltd<\/strong>.<\/p><\/blockquote>\n<p>En los cuatro\u00a0d\u00edas de este evento se presentaron m\u00e1s de 1800 empresas, que presentaron sus novedades y servicios con m\u00e1s de 3800 medios internacionales y analistas de la industria que tambi\u00e9n asistieron al evento.<\/p>\n<p><strong>En este post les hablar\u00e9 de lo mejor que puede dejarnos este evento y es as\u00ed es como la MWC ha demostrado por qu\u00e9 es la plataforma favorita de la industria de la comunicaci\u00f3n m\u00f3vil para sus lanzamientos.<\/strong><\/p>\n<p><strong><span style=\"color: #0000ff\">Gear Fit<\/span><\/strong><\/p>\n<p style=\"text-align: justify\"><a href=\"https:\/\/i0.wp.com\/www.kalot.com.mx\/wp-content\/uploads\/2014\/02\/samsung-galaxy-gear-fit.jpg\"><img decoding=\"async\" data-attachment-id=\"12646\" data-permalink=\"https:\/\/kalot.com.mx\/site\/2014\/02\/28\/lo-mejor-de-la-mobile-world-congress-2014-mwc\/samsung-galaxy-gear-fit\/\" data-orig-file=\"https:\/\/i0.wp.com\/kalot.com.mx\/site\/wp-content\/uploads\/2014\/02\/samsung-galaxy-gear-fit.jpg?fit=619%2C464&amp;ssl=1\" data-orig-size=\"619,464\" data-comments-opened=\"1\" data-image-meta=\"{&quot;aperture&quot;:&quot;0&quot;,&quot;credit&quot;:&quot;&quot;,&quot;camera&quot;:&quot;&quot;,&quot;caption&quot;:&quot;&quot;,&quot;created_timestamp&quot;:&quot;0&quot;,&quot;copyright&quot;:&quot;&quot;,&quot;focal_length&quot;:&quot;0&quot;,&quot;iso&quot;:&quot;0&quot;,&quot;shutter_speed&quot;:&quot;0&quot;,&quot;title&quot;:&quot;&quot;,&quot;orientation&quot;:&quot;0&quot;}\" data-image-title=\"gear-fit\" data-image-description=\"\" data-image-caption=\"\" data-large-file=\"https:\/\/i0.wp.com\/kalot.com.mx\/site\/wp-content\/uploads\/2014\/02\/samsung-galaxy-gear-fit.jpg?fit=619%2C464&amp;ssl=1\" class=\"size-full wp-image-12646 aligncenter\" alt=\"gear-fit\" src=\"https:\/\/i1.wp.com\/kalot.com.mx\/site\/wp-content\/uploads\/2014\/02\/samsung-galaxy-gear-fit.jpg?fit=619%2C464&#038;ssl=1\" width=\"619\" height=\"464\" srcset=\"https:\/\/i0.wp.com\/kalot.com.mx\/site\/wp-content\/uploads\/2014\/02\/samsung-galaxy-gear-fit.jpg?w=619&amp;ssl=1 619w, https:\/\/i0.wp.com\/kalot.com.mx\/site\/wp-content\/uploads\/2014\/02\/samsung-galaxy-gear-fit.jpg?resize=300%2C225&amp;ssl=1 300w, https:\/\/i0.wp.com\/kalot.com.mx\/site\/wp-content\/uploads\/2014\/02\/samsung-galaxy-gear-fit.jpg?resize=200%2C150&amp;ssl=1 200w, https:\/\/i0.wp.com\/kalot.com.mx\/site\/wp-content\/uploads\/2014\/02\/samsung-galaxy-gear-fit.jpg?resize=260%2C195&amp;ssl=1 260w, https:\/\/i0.wp.com\/kalot.com.mx\/site\/wp-content\/uploads\/2014\/02\/samsung-galaxy-gear-fit.jpg?resize=380%2C285&amp;ssl=1 380w\" sizes=\"(max-width: 619px) 100vw, 619px\" \/><\/a>Samsung hizo un gran trabajo para evitar las filtraciones de este prototipo y poder mostrarlo en este evento, es la triunfadora absoluta de esta edici\u00f3n del Mobile World Congress. Es posible que el factor sorpresa haya tenido mucho que ver, o tal vez sea el hecho de que <strong>es uno de los primeros dispositivos &#8216;vestibles&#8217; que combina dise\u00f1o y funcionalidad.<\/strong><\/p>\n<p><strong><span style=\"color: #0000ff\">Samsung Galaxy S5<\/span><\/strong><\/p>\n<p><a href=\"https:\/\/i0.wp.com\/www.kalot.com.mx\/wp-content\/uploads\/2014\/02\/s5-Samsung_Galaxy-Congreso_Mundial_Movil_LNCIMA20140224_0150_27.jpg\"><img decoding=\"async\" data-attachment-id=\"12516\" data-permalink=\"https:\/\/kalot.com.mx\/site\/2014\/02\/25\/novedades-de-la-mwc\/s5-samsung_galaxy-congreso_mundial_movil_lncima20140224_0150_27\/\" data-orig-file=\"https:\/\/i0.wp.com\/kalot.com.mx\/site\/wp-content\/uploads\/2014\/02\/s5-Samsung_Galaxy-Congreso_Mundial_Movil_LNCIMA20140224_0150_27.jpg?fit=797%2C526&amp;ssl=1\" data-orig-size=\"797,526\" data-comments-opened=\"1\" data-image-meta=\"{&quot;aperture&quot;:&quot;0&quot;,&quot;credit&quot;:&quot;&quot;,&quot;camera&quot;:&quot;&quot;,&quot;caption&quot;:&quot;&quot;,&quot;created_timestamp&quot;:&quot;0&quot;,&quot;copyright&quot;:&quot;&quot;,&quot;focal_length&quot;:&quot;0&quot;,&quot;iso&quot;:&quot;0&quot;,&quot;shutter_speed&quot;:&quot;0&quot;,&quot;title&quot;:&quot;&quot;,&quot;orientation&quot;:&quot;0&quot;}\" data-image-title=\"s5\" data-image-description=\"\" data-image-caption=\"\" data-large-file=\"https:\/\/i0.wp.com\/kalot.com.mx\/site\/wp-content\/uploads\/2014\/02\/s5-Samsung_Galaxy-Congreso_Mundial_Movil_LNCIMA20140224_0150_27.jpg?fit=797%2C526&amp;ssl=1\" class=\"alignnone size-full wp-image-12516\" alt=\"s5\" src=\"https:\/\/i0.wp.com\/kalot.com.mx\/site\/wp-content\/uploads\/2014\/02\/s5-Samsung_Galaxy-Congreso_Mundial_Movil_LNCIMA20140224_0150_27.jpg?fit=797%2C526&#038;ssl=1\" width=\"797\" height=\"526\" srcset=\"https:\/\/i0.wp.com\/kalot.com.mx\/site\/wp-content\/uploads\/2014\/02\/s5-Samsung_Galaxy-Congreso_Mundial_Movil_LNCIMA20140224_0150_27.jpg?w=797&amp;ssl=1 797w, https:\/\/i0.wp.com\/kalot.com.mx\/site\/wp-content\/uploads\/2014\/02\/s5-Samsung_Galaxy-Congreso_Mundial_Movil_LNCIMA20140224_0150_27.jpg?resize=768%2C507&amp;ssl=1 768w, https:\/\/i0.wp.com\/kalot.com.mx\/site\/wp-content\/uploads\/2014\/02\/s5-Samsung_Galaxy-Congreso_Mundial_Movil_LNCIMA20140224_0150_27.jpg?resize=380%2C251&amp;ssl=1 380w, https:\/\/i0.wp.com\/kalot.com.mx\/site\/wp-content\/uploads\/2014\/02\/s5-Samsung_Galaxy-Congreso_Mundial_Movil_LNCIMA20140224_0150_27.jpg?resize=300%2C198&amp;ssl=1 300w\" sizes=\"(max-width: 797px) 100vw, 797px\" \/><\/a><\/p>\n<p style=\"text-align: justify\">Ofrece una pantalla de 5.1 Full HD Super AMOLED, procesador Qualcomm Snapdragon 801 con 2GB RAM, un sensor dactilar como el iPhone 5S, sensor de frecuencia card\u00edaca en la parte posterior, la cual cuenta con una superficie \u201cpunteada\u201d que ofrecer\u00e1 mejor agarre y las caracter\u00edsticas intr\u00ednsecas de mayor resistencia vistos en la variante del S4.<\/p>\n<p><strong><span style=\"color: #0000ff\">Huawei MediaPad X1<\/span><\/strong><\/p>\n<p style=\"text-align: justify\"><a href=\"https:\/\/i0.wp.com\/www.kalot.com.mx\/wp-content\/uploads\/2014\/02\/huawei-mediapad-x1.jpg\"><img loading=\"lazy\" decoding=\"async\" data-attachment-id=\"12655\" data-permalink=\"https:\/\/kalot.com.mx\/site\/2014\/02\/28\/lo-mejor-de-la-mobile-world-congress-2014-mwc\/huawei-mediapad-x1\/\" data-orig-file=\"https:\/\/i0.wp.com\/kalot.com.mx\/site\/wp-content\/uploads\/2014\/02\/huawei-mediapad-x1.jpg?fit=660%2C440&amp;ssl=1\" data-orig-size=\"660,440\" data-comments-opened=\"1\" data-image-meta=\"{&quot;aperture&quot;:&quot;0&quot;,&quot;credit&quot;:&quot;&quot;,&quot;camera&quot;:&quot;&quot;,&quot;caption&quot;:&quot;&quot;,&quot;created_timestamp&quot;:&quot;0&quot;,&quot;copyright&quot;:&quot;&quot;,&quot;focal_length&quot;:&quot;0&quot;,&quot;iso&quot;:&quot;0&quot;,&quot;shutter_speed&quot;:&quot;0&quot;,&quot;title&quot;:&quot;&quot;,&quot;orientation&quot;:&quot;0&quot;}\" data-image-title=\"huawei-mediapad-x1\" data-image-description=\"\" data-image-caption=\"\" data-large-file=\"https:\/\/i0.wp.com\/kalot.com.mx\/site\/wp-content\/uploads\/2014\/02\/huawei-mediapad-x1.jpg?fit=660%2C440&amp;ssl=1\" class=\"size-full wp-image-12655 aligncenter\" alt=\"huawei-mediapad-x1\" src=\"https:\/\/i0.wp.com\/kalot.com.mx\/site\/wp-content\/uploads\/2014\/02\/huawei-mediapad-x1.jpg?fit=660%2C440&#038;ssl=1\" width=\"660\" height=\"440\" srcset=\"https:\/\/i0.wp.com\/kalot.com.mx\/site\/wp-content\/uploads\/2014\/02\/huawei-mediapad-x1.jpg?w=660&amp;ssl=1 660w, https:\/\/i0.wp.com\/kalot.com.mx\/site\/wp-content\/uploads\/2014\/02\/huawei-mediapad-x1.jpg?resize=380%2C253&amp;ssl=1 380w, https:\/\/i0.wp.com\/kalot.com.mx\/site\/wp-content\/uploads\/2014\/02\/huawei-mediapad-x1.jpg?resize=450%2C300&amp;ssl=1 450w, https:\/\/i0.wp.com\/kalot.com.mx\/site\/wp-content\/uploads\/2014\/02\/huawei-mediapad-x1.jpg?resize=300%2C200&amp;ssl=1 300w\" sizes=\"(max-width: 660px) 100vw, 660px\" \/><\/a>Esta marca decidi\u00f3 seguir el camino de una phablet con un modelo de 7 pulgadas con una impresionante resoluci\u00f3n de 1920 x 1200 pixeles, chipset de 4 n\u00facleos a 1.4GHz con 2GB RAM y un dise\u00f1o muy compacto y ligero.<\/p>\n<p><strong><span style=\"color: #0000ff\">Yotaphone<\/span><\/strong><\/p>\n<p style=\"text-align: justify\"><a href=\"https:\/\/i0.wp.com\/www.kalot.com.mx\/wp-content\/uploads\/2014\/02\/yotaphone.jpg\"><img loading=\"lazy\" decoding=\"async\" data-attachment-id=\"12657\" data-permalink=\"https:\/\/kalot.com.mx\/site\/2014\/02\/28\/lo-mejor-de-la-mobile-world-congress-2014-mwc\/yotaphone\/\" data-orig-file=\"https:\/\/i0.wp.com\/kalot.com.mx\/site\/wp-content\/uploads\/2014\/02\/yotaphone.jpg?fit=619%2C464&amp;ssl=1\" data-orig-size=\"619,464\" data-comments-opened=\"1\" data-image-meta=\"{&quot;aperture&quot;:&quot;0&quot;,&quot;credit&quot;:&quot;&quot;,&quot;camera&quot;:&quot;&quot;,&quot;caption&quot;:&quot;&quot;,&quot;created_timestamp&quot;:&quot;0&quot;,&quot;copyright&quot;:&quot;&quot;,&quot;focal_length&quot;:&quot;0&quot;,&quot;iso&quot;:&quot;0&quot;,&quot;shutter_speed&quot;:&quot;0&quot;,&quot;title&quot;:&quot;&quot;,&quot;orientation&quot;:&quot;0&quot;}\" data-image-title=\"yotaphone\" data-image-description=\"\" data-image-caption=\"\" data-large-file=\"https:\/\/i0.wp.com\/kalot.com.mx\/site\/wp-content\/uploads\/2014\/02\/yotaphone.jpg?fit=619%2C464&amp;ssl=1\" class=\"size-full wp-image-12657 aligncenter\" alt=\"yotaphone\" src=\"https:\/\/i2.wp.com\/kalot.com.mx\/site\/wp-content\/uploads\/2014\/02\/yotaphone.jpg?fit=619%2C464&#038;ssl=1\" width=\"619\" height=\"464\" srcset=\"https:\/\/i0.wp.com\/kalot.com.mx\/site\/wp-content\/uploads\/2014\/02\/yotaphone.jpg?w=619&amp;ssl=1 619w, https:\/\/i0.wp.com\/kalot.com.mx\/site\/wp-content\/uploads\/2014\/02\/yotaphone.jpg?resize=300%2C225&amp;ssl=1 300w, https:\/\/i0.wp.com\/kalot.com.mx\/site\/wp-content\/uploads\/2014\/02\/yotaphone.jpg?resize=200%2C150&amp;ssl=1 200w, https:\/\/i0.wp.com\/kalot.com.mx\/site\/wp-content\/uploads\/2014\/02\/yotaphone.jpg?resize=260%2C195&amp;ssl=1 260w, https:\/\/i0.wp.com\/kalot.com.mx\/site\/wp-content\/uploads\/2014\/02\/yotaphone.jpg?resize=380%2C285&amp;ssl=1 380w\" sizes=\"(max-width: 619px) 100vw, 619px\" \/><\/a>Es un tel\u00e9fono con una pantalla de tinta electr\u00f3nica en la parte trasera, lider\u00f3 a los fabricantes independientes. A\u00fan faltan unos meses para que llegue al mercado y se desconoce su precio, pero es posible que suponga una alternativa muy interesante para quienes busquen algo diferente.<\/p>\n<p><strong><span style=\"color: #0000ff\">Xperia Z2 Tablet<\/span><\/strong><\/p>\n<p style=\"text-align: justify\"><a href=\"https:\/\/i0.wp.com\/www.kalot.com.mx\/wp-content\/uploads\/2014\/02\/xperia-z2-tablet.jpg\"><img loading=\"lazy\" decoding=\"async\" data-attachment-id=\"12658\" data-permalink=\"https:\/\/kalot.com.mx\/site\/2014\/02\/28\/lo-mejor-de-la-mobile-world-congress-2014-mwc\/xperia-z2-tablet\/\" data-orig-file=\"https:\/\/i0.wp.com\/kalot.com.mx\/site\/wp-content\/uploads\/2014\/02\/xperia-z2-tablet.jpg?fit=619%2C464&amp;ssl=1\" data-orig-size=\"619,464\" data-comments-opened=\"1\" data-image-meta=\"{&quot;aperture&quot;:&quot;0&quot;,&quot;credit&quot;:&quot;&quot;,&quot;camera&quot;:&quot;&quot;,&quot;caption&quot;:&quot;&quot;,&quot;created_timestamp&quot;:&quot;0&quot;,&quot;copyright&quot;:&quot;&quot;,&quot;focal_length&quot;:&quot;0&quot;,&quot;iso&quot;:&quot;0&quot;,&quot;shutter_speed&quot;:&quot;0&quot;,&quot;title&quot;:&quot;&quot;,&quot;orientation&quot;:&quot;0&quot;}\" data-image-title=\"xperia-z2-tablet\" data-image-description=\"\" data-image-caption=\"\" data-large-file=\"https:\/\/i0.wp.com\/kalot.com.mx\/site\/wp-content\/uploads\/2014\/02\/xperia-z2-tablet.jpg?fit=619%2C464&amp;ssl=1\" class=\"size-full wp-image-12658 aligncenter\" alt=\"xperia-z2-tablet\" src=\"https:\/\/i2.wp.com\/kalot.com.mx\/site\/wp-content\/uploads\/2014\/02\/xperia-z2-tablet.jpg?fit=619%2C464&#038;ssl=1\" width=\"619\" height=\"464\" srcset=\"https:\/\/i0.wp.com\/kalot.com.mx\/site\/wp-content\/uploads\/2014\/02\/xperia-z2-tablet.jpg?w=619&amp;ssl=1 619w, https:\/\/i0.wp.com\/kalot.com.mx\/site\/wp-content\/uploads\/2014\/02\/xperia-z2-tablet.jpg?resize=300%2C225&amp;ssl=1 300w, https:\/\/i0.wp.com\/kalot.com.mx\/site\/wp-content\/uploads\/2014\/02\/xperia-z2-tablet.jpg?resize=200%2C150&amp;ssl=1 200w, https:\/\/i0.wp.com\/kalot.com.mx\/site\/wp-content\/uploads\/2014\/02\/xperia-z2-tablet.jpg?resize=260%2C195&amp;ssl=1 260w, https:\/\/i0.wp.com\/kalot.com.mx\/site\/wp-content\/uploads\/2014\/02\/xperia-z2-tablet.jpg?resize=380%2C285&amp;ssl=1 380w\" sizes=\"(max-width: 619px) 100vw, 619px\" \/><\/a>En esta edici\u00f3n de la Mobile World Congress se vieron pocas tabletas, pero Xperia Z2 Tablet es una de las mejores que hay. Sorprendentemente ligera, se trata de uno de los pocos productos capaces de competir con el iPad en dise\u00f1o y prestaciones.<\/p>\n<p style=\"text-align: justify\"><strong><span style=\"color: #0000ff\">\u00a0La nueva tablet de HP<\/span><\/strong><\/p>\n<p><a href=\"https:\/\/i0.wp.com\/www.kalot.com.mx\/wp-content\/uploads\/2014\/02\/mwc0011.jpg\"><img loading=\"lazy\" decoding=\"async\" data-attachment-id=\"12677\" data-permalink=\"https:\/\/kalot.com.mx\/site\/2014\/02\/28\/lo-mejor-de-la-mobile-world-congress-2014-mwc\/mwc0011\/\" data-orig-file=\"https:\/\/i0.wp.com\/kalot.com.mx\/site\/wp-content\/uploads\/2014\/02\/mwc0011.jpg?fit=500%2C296&amp;ssl=1\" data-orig-size=\"500,296\" data-comments-opened=\"1\" data-image-meta=\"{&quot;aperture&quot;:&quot;0&quot;,&quot;credit&quot;:&quot;&quot;,&quot;camera&quot;:&quot;&quot;,&quot;caption&quot;:&quot;&quot;,&quot;created_timestamp&quot;:&quot;0&quot;,&quot;copyright&quot;:&quot;&quot;,&quot;focal_length&quot;:&quot;0&quot;,&quot;iso&quot;:&quot;0&quot;,&quot;shutter_speed&quot;:&quot;0&quot;,&quot;title&quot;:&quot;&quot;,&quot;orientation&quot;:&quot;0&quot;}\" data-image-title=\"mwC\" data-image-description=\"\" data-image-caption=\"\" data-large-file=\"https:\/\/i0.wp.com\/kalot.com.mx\/site\/wp-content\/uploads\/2014\/02\/mwc0011.jpg?fit=500%2C296&amp;ssl=1\" class=\"size-full wp-image-12677 aligncenter\" alt=\"mwC\" src=\"https:\/\/i2.wp.com\/kalot.com.mx\/site\/wp-content\/uploads\/2014\/02\/mwc0011.jpg?fit=500%2C296&#038;ssl=1\" width=\"500\" height=\"296\" srcset=\"https:\/\/i0.wp.com\/kalot.com.mx\/site\/wp-content\/uploads\/2014\/02\/mwc0011.jpg?w=500&amp;ssl=1 500w, https:\/\/i0.wp.com\/kalot.com.mx\/site\/wp-content\/uploads\/2014\/02\/mwc0011.jpg?resize=380%2C225&amp;ssl=1 380w, https:\/\/i0.wp.com\/kalot.com.mx\/site\/wp-content\/uploads\/2014\/02\/mwc0011.jpg?resize=300%2C178&amp;ssl=1 300w\" sizes=\"(max-width: 500px) 100vw, 500px\" \/><\/a><\/p>\n<p style=\"text-align: justify\">Voice Tab 7, suma la posibilidad de realizar llamadas, una caracter\u00edstica que la convierte pr\u00e1cticamente en un phablet. Posee un procesador Quad-Core, 1GB de RAM y 16 GB de almacenamiento Interno. Llegar\u00e1 al mercado con Android 4.4.2.<\/p>\n<p><strong><span style=\"color: #0000ff\">HTC Desire 816<\/span><\/strong><\/p>\n<p style=\"text-align: justify\"><a href=\"https:\/\/i0.wp.com\/www.kalot.com.mx\/wp-content\/uploads\/2014\/02\/htc-desire-816_opt.jpg\"><img loading=\"lazy\" decoding=\"async\" data-attachment-id=\"12661\" data-permalink=\"https:\/\/kalot.com.mx\/site\/2014\/02\/28\/lo-mejor-de-la-mobile-world-congress-2014-mwc\/htc-desire-816_opt\/\" data-orig-file=\"https:\/\/i0.wp.com\/kalot.com.mx\/site\/wp-content\/uploads\/2014\/02\/htc-desire-816_opt.jpg?fit=700%2C525&amp;ssl=1\" data-orig-size=\"700,525\" data-comments-opened=\"1\" data-image-meta=\"{&quot;aperture&quot;:&quot;2.2&quot;,&quot;credit&quot;:&quot;&quot;,&quot;camera&quot;:&quot;iPhone 5s&quot;,&quot;caption&quot;:&quot;&quot;,&quot;created_timestamp&quot;:&quot;1393320979&quot;,&quot;copyright&quot;:&quot;&quot;,&quot;focal_length&quot;:&quot;4.12&quot;,&quot;iso&quot;:&quot;80&quot;,&quot;shutter_speed&quot;:&quot;0.03030303030303&quot;,&quot;title&quot;:&quot;&quot;,&quot;orientation&quot;:&quot;1&quot;}\" data-image-title=\"htc-desire-816_opt\" data-image-description=\"\" data-image-caption=\"\" data-large-file=\"https:\/\/i0.wp.com\/kalot.com.mx\/site\/wp-content\/uploads\/2014\/02\/htc-desire-816_opt.jpg?fit=700%2C525&amp;ssl=1\" class=\"size-full wp-image-12661 aligncenter\" alt=\"htc-desire-816_opt\" src=\"https:\/\/i0.wp.com\/kalot.com.mx\/site\/wp-content\/uploads\/2014\/02\/htc-desire-816_opt.jpg?fit=700%2C525&#038;ssl=1\" width=\"700\" height=\"525\" srcset=\"https:\/\/i0.wp.com\/kalot.com.mx\/site\/wp-content\/uploads\/2014\/02\/htc-desire-816_opt.jpg?w=700&amp;ssl=1 700w, https:\/\/i0.wp.com\/kalot.com.mx\/site\/wp-content\/uploads\/2014\/02\/htc-desire-816_opt.jpg?resize=300%2C225&amp;ssl=1 300w, https:\/\/i0.wp.com\/kalot.com.mx\/site\/wp-content\/uploads\/2014\/02\/htc-desire-816_opt.jpg?resize=200%2C150&amp;ssl=1 200w, https:\/\/i0.wp.com\/kalot.com.mx\/site\/wp-content\/uploads\/2014\/02\/htc-desire-816_opt.jpg?resize=260%2C195&amp;ssl=1 260w, https:\/\/i0.wp.com\/kalot.com.mx\/site\/wp-content\/uploads\/2014\/02\/htc-desire-816_opt.jpg?resize=380%2C285&amp;ssl=1 380w\" sizes=\"(max-width: 700px) 100vw, 700px\" \/><\/a>Desire 816, un terminal de gama media con dos c\u00e1maras excepcionales. La delantera es de 5 megap\u00edxeles, la primera en el mercado con esa calidad, lo que permite realizar autorretratos (coloquialmente conocidos como \u00abselfies\u00bb) y la trasera de 13 megap\u00edxeles, ambas apoyadas por el sonido excepcional que permiten sus dos altavoces frontales, arriba y debajo de la pantalla t\u00e1ctil. El terminal, inspirado en el iPhone 5C, incorpora un procesador de cuatro n\u00facleos de Qualcomm a 1,6 GHz y estar\u00e1 disponible en marzo.<\/p>\n<p style=\"text-align: justify\"><strong><span style=\"color: #0000ff\">\u00a0Blackberry Z3<\/span> <\/strong><\/p>\n<p style=\"text-align: justify\"><a href=\"https:\/\/i0.wp.com\/www.kalot.com.mx\/wp-content\/uploads\/2014\/02\/mwc0006.jpg\"><img loading=\"lazy\" decoding=\"async\" data-attachment-id=\"12675\" data-permalink=\"https:\/\/kalot.com.mx\/site\/2014\/02\/28\/lo-mejor-de-la-mobile-world-congress-2014-mwc\/mwc0006\/\" data-orig-file=\"https:\/\/i0.wp.com\/kalot.com.mx\/site\/wp-content\/uploads\/2014\/02\/mwc0006.jpg?fit=500%2C322&amp;ssl=1\" data-orig-size=\"500,322\" data-comments-opened=\"1\" data-image-meta=\"{&quot;aperture&quot;:&quot;0&quot;,&quot;credit&quot;:&quot;&quot;,&quot;camera&quot;:&quot;&quot;,&quot;caption&quot;:&quot;&quot;,&quot;created_timestamp&quot;:&quot;0&quot;,&quot;copyright&quot;:&quot;&quot;,&quot;focal_length&quot;:&quot;0&quot;,&quot;iso&quot;:&quot;0&quot;,&quot;shutter_speed&quot;:&quot;0&quot;,&quot;title&quot;:&quot;&quot;,&quot;orientation&quot;:&quot;0&quot;}\" data-image-title=\"SSSS\" data-image-description=\"\" data-image-caption=\"\" data-large-file=\"https:\/\/i0.wp.com\/kalot.com.mx\/site\/wp-content\/uploads\/2014\/02\/mwc0006.jpg?fit=500%2C322&amp;ssl=1\" class=\"size-full wp-image-12675 aligncenter\" alt=\"SSSS\" src=\"https:\/\/i1.wp.com\/kalot.com.mx\/site\/wp-content\/uploads\/2014\/02\/mwc0006.jpg?fit=500%2C322&#038;ssl=1\" width=\"500\" height=\"322\" srcset=\"https:\/\/i0.wp.com\/kalot.com.mx\/site\/wp-content\/uploads\/2014\/02\/mwc0006.jpg?w=500&amp;ssl=1 500w, https:\/\/i0.wp.com\/kalot.com.mx\/site\/wp-content\/uploads\/2014\/02\/mwc0006.jpg?resize=380%2C245&amp;ssl=1 380w, https:\/\/i0.wp.com\/kalot.com.mx\/site\/wp-content\/uploads\/2014\/02\/mwc0006.jpg?resize=300%2C193&amp;ssl=1 300w\" sizes=\"(max-width: 500px) 100vw, 500px\" \/><\/a>Es el primer dispositivo de la firma canadiense en ser fabricado por Foxconn. Poco se sabe de sus especificaciones: posee una pantalla de 5 pulgadas y conectividad 3G.<\/p>\n<p style=\"text-align: justify\"><strong><span style=\"color: #0000ff\">Nokia X y Nokia X+<\/span><\/strong><\/p>\n<p><a href=\"https:\/\/i0.wp.com\/www.kalot.com.mx\/wp-content\/uploads\/2014\/02\/nokiax.jpg\"><img loading=\"lazy\" decoding=\"async\" data-attachment-id=\"12687\" data-permalink=\"https:\/\/kalot.com.mx\/site\/2014\/02\/28\/lo-mejor-de-la-mobile-world-congress-2014-mwc\/nokiax\/\" data-orig-file=\"https:\/\/i0.wp.com\/kalot.com.mx\/site\/wp-content\/uploads\/2014\/02\/nokiax.jpg?fit=537%2C297&amp;ssl=1\" data-orig-size=\"537,297\" data-comments-opened=\"1\" data-image-meta=\"{&quot;aperture&quot;:&quot;0&quot;,&quot;credit&quot;:&quot;&quot;,&quot;camera&quot;:&quot;&quot;,&quot;caption&quot;:&quot;&quot;,&quot;created_timestamp&quot;:&quot;0&quot;,&quot;copyright&quot;:&quot;&quot;,&quot;focal_length&quot;:&quot;0&quot;,&quot;iso&quot;:&quot;0&quot;,&quot;shutter_speed&quot;:&quot;0&quot;,&quot;title&quot;:&quot;&quot;,&quot;orientation&quot;:&quot;0&quot;}\" data-image-title=\"nokiax\" data-image-description=\"\" data-image-caption=\"\" data-large-file=\"https:\/\/i0.wp.com\/kalot.com.mx\/site\/wp-content\/uploads\/2014\/02\/nokiax.jpg?fit=537%2C297&amp;ssl=1\" class=\"size-full wp-image-12687 aligncenter\" alt=\"nokiax\" src=\"https:\/\/i2.wp.com\/kalot.com.mx\/site\/wp-content\/uploads\/2014\/02\/nokiax.jpg?fit=537%2C297&#038;ssl=1\" width=\"537\" height=\"297\" srcset=\"https:\/\/i0.wp.com\/kalot.com.mx\/site\/wp-content\/uploads\/2014\/02\/nokiax.jpg?w=537&amp;ssl=1 537w, https:\/\/i0.wp.com\/kalot.com.mx\/site\/wp-content\/uploads\/2014\/02\/nokiax.jpg?resize=380%2C210&amp;ssl=1 380w, https:\/\/i0.wp.com\/kalot.com.mx\/site\/wp-content\/uploads\/2014\/02\/nokiax.jpg?resize=300%2C166&amp;ssl=1 300w\" sizes=\"(max-width: 537px) 100vw, 537px\" \/><\/a><\/p>\n<p style=\"text-align: justify\">Nokia X es el primer tel\u00e9fono Android de Nokia es tambi\u00e9n el que menos se parece a lo visto hasta ahora en el sistema operativo de Google. Su precio, har\u00e1 de \u00e9l uno de los dispositivos a batir en la gama baja. As\u00ed Nokia XL. lanzando tres modelos de Nokia con esta versi\u00f3n modificada de Android. Nokia X+ es pr\u00e1cticamente id\u00e9ntico al modelo anterior, pero XL se va hasta las 5 pulgadas e incluye una c\u00e1mara de 5 megap\u00edxeles. Todo ello, con la misma interfaz.<\/p>\n<p style=\"text-align: justify\"><strong><span style=\"color: #0000ff\">Xperia Z2<\/span><\/strong><\/p>\n<p><a href=\"https:\/\/i0.wp.com\/www.kalot.com.mx\/wp-content\/uploads\/2014\/02\/Sony-Xperia-Z2-concept-by-Jermaine-Smit.jpg\"><img loading=\"lazy\" decoding=\"async\" data-attachment-id=\"12686\" data-permalink=\"https:\/\/kalot.com.mx\/site\/2014\/02\/28\/lo-mejor-de-la-mobile-world-congress-2014-mwc\/sony-xperia-z2-concept-by-jermaine-smit\/\" data-orig-file=\"https:\/\/i0.wp.com\/kalot.com.mx\/site\/wp-content\/uploads\/2014\/02\/Sony-Xperia-Z2-concept-by-Jermaine-Smit.jpg?fit=800%2C553&amp;ssl=1\" data-orig-size=\"800,553\" data-comments-opened=\"1\" data-image-meta=\"{&quot;aperture&quot;:&quot;0&quot;,&quot;credit&quot;:&quot;Novembre&quot;,&quot;camera&quot;:&quot;&quot;,&quot;caption&quot;:&quot;&quot;,&quot;created_timestamp&quot;:&quot;1390758850&quot;,&quot;copyright&quot;:&quot;&quot;,&quot;focal_length&quot;:&quot;0&quot;,&quot;iso&quot;:&quot;0&quot;,&quot;shutter_speed&quot;:&quot;0&quot;,&quot;title&quot;:&quot;&quot;,&quot;orientation&quot;:&quot;0&quot;}\" data-image-title=\"Sony-Xperia-Z2-concept-by-Jermaine-Smit\" data-image-description=\"\" data-image-caption=\"\" data-large-file=\"https:\/\/i0.wp.com\/kalot.com.mx\/site\/wp-content\/uploads\/2014\/02\/Sony-Xperia-Z2-concept-by-Jermaine-Smit.jpg?fit=800%2C553&amp;ssl=1\" class=\"size-full wp-image-12686 aligncenter\" alt=\"Sony-Xperia-Z2-concept-by-Jermaine-Smit\" src=\"https:\/\/i1.wp.com\/kalot.com.mx\/site\/wp-content\/uploads\/2014\/02\/Sony-Xperia-Z2-concept-by-Jermaine-Smit.jpg?fit=800%2C553&#038;ssl=1\" width=\"800\" height=\"553\" srcset=\"https:\/\/i0.wp.com\/kalot.com.mx\/site\/wp-content\/uploads\/2014\/02\/Sony-Xperia-Z2-concept-by-Jermaine-Smit.jpg?w=800&amp;ssl=1 800w, https:\/\/i0.wp.com\/kalot.com.mx\/site\/wp-content\/uploads\/2014\/02\/Sony-Xperia-Z2-concept-by-Jermaine-Smit.jpg?resize=768%2C531&amp;ssl=1 768w, https:\/\/i0.wp.com\/kalot.com.mx\/site\/wp-content\/uploads\/2014\/02\/Sony-Xperia-Z2-concept-by-Jermaine-Smit.jpg?resize=380%2C263&amp;ssl=1 380w, https:\/\/i0.wp.com\/kalot.com.mx\/site\/wp-content\/uploads\/2014\/02\/Sony-Xperia-Z2-concept-by-Jermaine-Smit.jpg?resize=300%2C207&amp;ssl=1 300w, https:\/\/i0.wp.com\/kalot.com.mx\/site\/wp-content\/uploads\/2014\/02\/Sony-Xperia-Z2-concept-by-Jermaine-Smit.jpg?resize=145%2C100&amp;ssl=1 145w\" sizes=\"(max-width: 800px) 100vw, 800px\" \/><\/a><\/p>\n<p style=\"text-align: justify\">El Smartphone que incorpora una c\u00e1mara integrada con capacidad para grabar v\u00eddeo en ultra alta definici\u00f3n en resoluci\u00f3n 4K, un est\u00e1ndar emergente que ofrece cuatro veces los detalles del actual v\u00eddeo de alta definici\u00f3n.El smartphone se vender\u00e1 a partir del mes de marzo en colores blanco, negro y morado.<\/p>\n<p style=\"text-align: justify\"><strong><span style=\"color: #800000\">La feria m\u00f3vil destaca a las firmas m\u00e1s innovadoras en sus Global Mobile Awards<\/span> <\/strong><\/p>\n<p><strong><span style=\"color: #0000ff\">iPad Air la mejor tableta durante el MWC<\/span><\/strong><\/p>\n<p><a href=\"https:\/\/i0.wp.com\/www.kalot.com.mx\/wp-content\/uploads\/2014\/02\/ipad-air-mejor-tablet-g.jpg\"><img loading=\"lazy\" decoding=\"async\" data-attachment-id=\"12662\" data-permalink=\"https:\/\/kalot.com.mx\/site\/2014\/02\/28\/lo-mejor-de-la-mobile-world-congress-2014-mwc\/ipad-air-mejor-tablet-g\/\" data-orig-file=\"https:\/\/i0.wp.com\/kalot.com.mx\/site\/wp-content\/uploads\/2014\/02\/ipad-air-mejor-tablet-g.jpg?fit=800%2C483&amp;ssl=1\" data-orig-size=\"800,483\" data-comments-opened=\"1\" data-image-meta=\"{&quot;aperture&quot;:&quot;0&quot;,&quot;credit&quot;:&quot;&quot;,&quot;camera&quot;:&quot;&quot;,&quot;caption&quot;:&quot;&quot;,&quot;created_timestamp&quot;:&quot;0&quot;,&quot;copyright&quot;:&quot;&quot;,&quot;focal_length&quot;:&quot;0&quot;,&quot;iso&quot;:&quot;0&quot;,&quot;shutter_speed&quot;:&quot;0&quot;,&quot;title&quot;:&quot;&quot;,&quot;orientation&quot;:&quot;1&quot;}\" data-image-title=\"ipad-air-mejor-tablet-g\" data-image-description=\"\" data-image-caption=\"\" data-large-file=\"https:\/\/i0.wp.com\/kalot.com.mx\/site\/wp-content\/uploads\/2014\/02\/ipad-air-mejor-tablet-g.jpg?fit=800%2C483&amp;ssl=1\" class=\"size-full wp-image-12662 aligncenter\" alt=\"ipad-air-mejor-tablet-g\" src=\"https:\/\/i0.wp.com\/kalot.com.mx\/site\/wp-content\/uploads\/2014\/02\/ipad-air-mejor-tablet-g.jpg?fit=800%2C483&#038;ssl=1\" width=\"800\" height=\"483\" srcset=\"https:\/\/i0.wp.com\/kalot.com.mx\/site\/wp-content\/uploads\/2014\/02\/ipad-air-mejor-tablet-g.jpg?w=800&amp;ssl=1 800w, https:\/\/i0.wp.com\/kalot.com.mx\/site\/wp-content\/uploads\/2014\/02\/ipad-air-mejor-tablet-g.jpg?resize=768%2C464&amp;ssl=1 768w, https:\/\/i0.wp.com\/kalot.com.mx\/site\/wp-content\/uploads\/2014\/02\/ipad-air-mejor-tablet-g.jpg?resize=380%2C229&amp;ssl=1 380w, https:\/\/i0.wp.com\/kalot.com.mx\/site\/wp-content\/uploads\/2014\/02\/ipad-air-mejor-tablet-g.jpg?resize=300%2C181&amp;ssl=1 300w\" sizes=\"(max-width: 800px) 100vw, 800px\" \/><\/a><\/p>\n<p style=\"text-align: justify\">Muchas son las razones para que el iPad haya ganado tal galard\u00f3n en la MWC, durante la exposici\u00f3n del ganador los jueces apuntaron a las siguientes prestaciones como las responsables de este honor:<br \/>\nSer un veinte por ciento m\u00e1s fino que su predecesor<br \/>\nSer un veintiocho por ciento m\u00e1s ligero que el anterior modelo<br \/>\nLa exposici\u00f3n de la pantalla Retina que realza las figuras y colores de todo lo que presenta de forma realista<br \/>\nEl eficiente chip A7 con el que cuenta<br \/>\nUna bater\u00eda todav\u00eda menor<br \/>\nUn volumen un veinticuatro por ciento a\u00fan menor que las generaciones anteriores<br \/>\nUna potencia mucho mayor<br \/>\nUna bater\u00eda de diez horas de duraci\u00f3n aproximada<\/p>\n<p style=\"text-align: justify\"><strong><span style=\"color: #0000ff\">HTC One\u00a0\u00a0el mejor smartphone del a\u00f1o<br \/>\n<\/span><\/strong><\/p>\n<p style=\"text-align: justify\"><a href=\"https:\/\/i0.wp.com\/www.kalot.com.mx\/wp-content\/uploads\/2014\/02\/peter_chou_ceo_htc.jpg\"><img loading=\"lazy\" decoding=\"async\" data-attachment-id=\"12664\" data-permalink=\"https:\/\/kalot.com.mx\/site\/2014\/02\/28\/lo-mejor-de-la-mobile-world-congress-2014-mwc\/peter_chou_ceo_htc\/\" data-orig-file=\"https:\/\/i0.wp.com\/kalot.com.mx\/site\/wp-content\/uploads\/2014\/02\/peter_chou_ceo_htc.jpg?fit=970%2C547&amp;ssl=1\" data-orig-size=\"970,547\" data-comments-opened=\"1\" data-image-meta=\"{&quot;aperture&quot;:&quot;0&quot;,&quot;credit&quot;:&quot;&quot;,&quot;camera&quot;:&quot;&quot;,&quot;caption&quot;:&quot;&quot;,&quot;created_timestamp&quot;:&quot;0&quot;,&quot;copyright&quot;:&quot;&quot;,&quot;focal_length&quot;:&quot;0&quot;,&quot;iso&quot;:&quot;0&quot;,&quot;shutter_speed&quot;:&quot;0&quot;,&quot;title&quot;:&quot;&quot;,&quot;orientation&quot;:&quot;0&quot;}\" data-image-title=\"peter_chou_ceo_htc\" data-image-description=\"\" data-image-caption=\"\" data-large-file=\"https:\/\/i0.wp.com\/kalot.com.mx\/site\/wp-content\/uploads\/2014\/02\/peter_chou_ceo_htc.jpg?fit=970%2C547&amp;ssl=1\" class=\"alignnone size-full wp-image-12664\" alt=\"peter_chou_ceo_htc\" src=\"https:\/\/i0.wp.com\/kalot.com.mx\/site\/wp-content\/uploads\/2014\/02\/peter_chou_ceo_htc.jpg?fit=970%2C547&#038;ssl=1\" width=\"970\" height=\"547\" srcset=\"https:\/\/i0.wp.com\/kalot.com.mx\/site\/wp-content\/uploads\/2014\/02\/peter_chou_ceo_htc.jpg?w=970&amp;ssl=1 970w, https:\/\/i0.wp.com\/kalot.com.mx\/site\/wp-content\/uploads\/2014\/02\/peter_chou_ceo_htc.jpg?resize=768%2C433&amp;ssl=1 768w, https:\/\/i0.wp.com\/kalot.com.mx\/site\/wp-content\/uploads\/2014\/02\/peter_chou_ceo_htc.jpg?resize=380%2C214&amp;ssl=1 380w, https:\/\/i0.wp.com\/kalot.com.mx\/site\/wp-content\/uploads\/2014\/02\/peter_chou_ceo_htc.jpg?resize=800%2C451&amp;ssl=1 800w, https:\/\/i0.wp.com\/kalot.com.mx\/site\/wp-content\/uploads\/2014\/02\/peter_chou_ceo_htc.jpg?resize=300%2C169&amp;ssl=1 300w, https:\/\/i0.wp.com\/kalot.com.mx\/site\/wp-content\/uploads\/2014\/02\/peter_chou_ceo_htc.jpg?resize=810%2C457&amp;ssl=1 810w\" sizes=\"(max-width: 970px) 100vw, 970px\" \/><\/a><\/p>\n<p style=\"text-align: justify\">Desde su lanzamiento en febrero del a\u00f1o pasado, el HTC One ha permanecido a la vanguardia de la industria m\u00f3vil, estableciendo est\u00e1ndares en innovaci\u00f3n tales como HTC BlinkFeed, HTC BoomSound, la c\u00e1mara UltraPixely y dise\u00f1ado en un cuerpo \u00fanico de aluminio, que han revolucionado la experiencia m\u00f3vil de los consumidores de todo el mundo.<\/p>\n<p style=\"text-align: justify\"><strong><span style=\"color: #0000ff\">Lumia 520 de Nokia fue galardonado como \u201cMejor smartphone low cost\u201d; Nokia 105 como \u201cMejor Tel\u00e9fono B\u00e1sico<\/span><\/strong><\/p>\n<p style=\"text-align: justify\"><a href=\"https:\/\/i0.wp.com\/www.kalot.com.mx\/wp-content\/uploads\/2014\/02\/nokia-lumia-520.jpg\"><img loading=\"lazy\" decoding=\"async\" data-attachment-id=\"12667\" data-permalink=\"https:\/\/kalot.com.mx\/site\/2014\/02\/28\/lo-mejor-de-la-mobile-world-congress-2014-mwc\/nokia-lumia-520\/\" data-orig-file=\"https:\/\/i0.wp.com\/kalot.com.mx\/site\/wp-content\/uploads\/2014\/02\/nokia-lumia-520.jpg?fit=700%2C442&amp;ssl=1\" data-orig-size=\"700,442\" data-comments-opened=\"1\" data-image-meta=\"{&quot;aperture&quot;:&quot;0&quot;,&quot;credit&quot;:&quot;&quot;,&quot;camera&quot;:&quot;&quot;,&quot;caption&quot;:&quot;&quot;,&quot;created_timestamp&quot;:&quot;0&quot;,&quot;copyright&quot;:&quot;&quot;,&quot;focal_length&quot;:&quot;0&quot;,&quot;iso&quot;:&quot;0&quot;,&quot;shutter_speed&quot;:&quot;0&quot;,&quot;title&quot;:&quot;&quot;,&quot;orientation&quot;:&quot;0&quot;}\" data-image-title=\"nokia-lumia-520\" data-image-description=\"\" data-image-caption=\"\" data-large-file=\"https:\/\/i0.wp.com\/kalot.com.mx\/site\/wp-content\/uploads\/2014\/02\/nokia-lumia-520.jpg?fit=700%2C442&amp;ssl=1\" class=\"size-full wp-image-12667 aligncenter\" alt=\"nokia-lumia-520\" src=\"https:\/\/i1.wp.com\/kalot.com.mx\/site\/wp-content\/uploads\/2014\/02\/nokia-lumia-520.jpg?fit=700%2C442&#038;ssl=1\" width=\"700\" height=\"442\" srcset=\"https:\/\/i0.wp.com\/kalot.com.mx\/site\/wp-content\/uploads\/2014\/02\/nokia-lumia-520.jpg?w=700&amp;ssl=1 700w, https:\/\/i0.wp.com\/kalot.com.mx\/site\/wp-content\/uploads\/2014\/02\/nokia-lumia-520.jpg?resize=380%2C240&amp;ssl=1 380w, https:\/\/i0.wp.com\/kalot.com.mx\/site\/wp-content\/uploads\/2014\/02\/nokia-lumia-520.jpg?resize=300%2C189&amp;ssl=1 300w\" sizes=\"(max-width: 700px) 100vw, 700px\" \/><\/a>Seg\u00fan el jurado de los Global Mobile Awards, el esfuerzo de Nokia, le ha convertido en un pionero de los smarphones low cost o gama baja ya que con su Nokia 105 tambi\u00e9n ha ganado el premio al mejor tel\u00e9fono low cost.<\/p>\n<p><strong><span style=\"color: #0000ff\">\u00a0La firma LG como fabricante m\u00e1s innovador del a\u00f1o<\/span><\/strong><\/p>\n<p><a href=\"https:\/\/i0.wp.com\/www.kalot.com.mx\/wp-content\/uploads\/2014\/02\/LG-MWC-2013.jpg\"><img loading=\"lazy\" decoding=\"async\" data-attachment-id=\"12673\" data-permalink=\"https:\/\/kalot.com.mx\/site\/2014\/02\/28\/lo-mejor-de-la-mobile-world-congress-2014-mwc\/lg-mwc-2013\/\" data-orig-file=\"https:\/\/i0.wp.com\/kalot.com.mx\/site\/wp-content\/uploads\/2014\/02\/LG-MWC-2013.jpg?fit=650%2C431&amp;ssl=1\" data-orig-size=\"650,431\" data-comments-opened=\"1\" data-image-meta=\"{&quot;aperture&quot;:&quot;0&quot;,&quot;credit&quot;:&quot;&quot;,&quot;camera&quot;:&quot;&quot;,&quot;caption&quot;:&quot;&quot;,&quot;created_timestamp&quot;:&quot;0&quot;,&quot;copyright&quot;:&quot;&quot;,&quot;focal_length&quot;:&quot;0&quot;,&quot;iso&quot;:&quot;0&quot;,&quot;shutter_speed&quot;:&quot;0&quot;,&quot;title&quot;:&quot;&quot;,&quot;orientation&quot;:&quot;0&quot;}\" data-image-title=\"LG-MWC\" data-image-description=\"\" data-image-caption=\"\" data-large-file=\"https:\/\/i0.wp.com\/kalot.com.mx\/site\/wp-content\/uploads\/2014\/02\/LG-MWC-2013.jpg?fit=650%2C431&amp;ssl=1\" class=\"size-full wp-image-12673 aligncenter\" alt=\"LG-MWC\" src=\"https:\/\/i0.wp.com\/kalot.com.mx\/site\/wp-content\/uploads\/2014\/02\/LG-MWC-2013.jpg?fit=650%2C431&#038;ssl=1\" width=\"650\" height=\"431\" srcset=\"https:\/\/i0.wp.com\/kalot.com.mx\/site\/wp-content\/uploads\/2014\/02\/LG-MWC-2013.jpg?w=650&amp;ssl=1 650w, https:\/\/i0.wp.com\/kalot.com.mx\/site\/wp-content\/uploads\/2014\/02\/LG-MWC-2013.jpg?resize=380%2C252&amp;ssl=1 380w, https:\/\/i0.wp.com\/kalot.com.mx\/site\/wp-content\/uploads\/2014\/02\/LG-MWC-2013.jpg?resize=300%2C199&amp;ssl=1 300w\" sizes=\"(max-width: 650px) 100vw, 650px\" \/><\/a><\/p>\n<p><strong><span style=\"color: #800000\">EN APLICACIONES:<\/span><\/strong><\/p>\n<p style=\"text-align: justify\">Tampoco se puede dejar de lado a las amigas inseparables de los m\u00f3viles, las aplicaciones. A medida que se extienden los smartphones, estos programas se han convertido en los m\u00e1s populares, con cuatro millones de apps descargadas cada d\u00eda.<\/p>\n<p style=\"text-align: justify\"><!--[if gte mso 9]&gt;--><\/p>\n<p style=\"text-align: justify\"><span style=\"color: #0000ff\"><strong>Lok lok<\/strong><\/span><\/p>\n<p style=\"text-align: justify\">Una verdadera novedad de la MWC pues sali\u00f3 al mercado el lunes pasado al mercado.\u00a0La aplicaci\u00f3n es gratuita y solo est\u00e1 <a title=\"Look Lok\" href=\"https:\/\/play.google.com\/store\/apps\/details?id=co.loklok\" target=\"_blank\">disponible para m\u00f3viles con Android. <\/a><\/p>\n<p><a href=\"https:\/\/i0.wp.com\/www.kalot.com.mx\/wp-content\/uploads\/2014\/02\/unnamed.png\"><img loading=\"lazy\" decoding=\"async\" data-attachment-id=\"12766\" data-permalink=\"https:\/\/kalot.com.mx\/site\/2014\/02\/28\/lo-mejor-de-la-mobile-world-congress-2014-mwc\/unnamed-2\/\" data-orig-file=\"https:\/\/i0.wp.com\/kalot.com.mx\/site\/wp-content\/uploads\/2014\/02\/unnamed.png?fit=506%2C900&amp;ssl=1\" data-orig-size=\"506,900\" data-comments-opened=\"1\" data-image-meta=\"{&quot;aperture&quot;:&quot;0&quot;,&quot;credit&quot;:&quot;&quot;,&quot;camera&quot;:&quot;&quot;,&quot;caption&quot;:&quot;&quot;,&quot;created_timestamp&quot;:&quot;0&quot;,&quot;copyright&quot;:&quot;&quot;,&quot;focal_length&quot;:&quot;0&quot;,&quot;iso&quot;:&quot;0&quot;,&quot;shutter_speed&quot;:&quot;0&quot;,&quot;title&quot;:&quot;&quot;,&quot;orientation&quot;:&quot;0&quot;}\" data-image-title=\"unnamed\" data-image-description=\"\" data-image-caption=\"\" data-large-file=\"https:\/\/i0.wp.com\/kalot.com.mx\/site\/wp-content\/uploads\/2014\/02\/unnamed.png?fit=506%2C900&amp;ssl=1\" class=\"size-full wp-image-12766 aligncenter\" alt=\"unnamed\" src=\"https:\/\/i1.wp.com\/kalot.com.mx\/site\/wp-content\/uploads\/2014\/02\/unnamed.png?fit=506%2C900&#038;ssl=1\" width=\"506\" height=\"900\" srcset=\"https:\/\/i0.wp.com\/kalot.com.mx\/site\/wp-content\/uploads\/2014\/02\/unnamed.png?w=506&amp;ssl=1 506w, https:\/\/i0.wp.com\/kalot.com.mx\/site\/wp-content\/uploads\/2014\/02\/unnamed.png?resize=380%2C676&amp;ssl=1 380w, https:\/\/i0.wp.com\/kalot.com.mx\/site\/wp-content\/uploads\/2014\/02\/unnamed.png?resize=300%2C534&amp;ssl=1 300w, https:\/\/i0.wp.com\/kalot.com.mx\/site\/wp-content\/uploads\/2014\/02\/unnamed.png?resize=169%2C300&amp;ssl=1 169w\" sizes=\"(max-width: 506px) 100vw, 506px\" \/><\/a><\/p>\n<p style=\"text-align: justify\">Con Lok lok, <strong>ya no es necesario salir de la pantalla de bloqueo del m\u00f3vil para enviar se\u00f1ales de vida a amigos o familiares.<\/strong> El primer paso es crear un grupo con los amigos con los que queremos estar en contacto. Teniendo el dispositivo bloqueado, basta con tocar una vez la pantalla para que se ilumine y podamos dibujar sobre ella con el dedo. Una vez hayamos acabado, se hace clic en la flecha de enviar. Inmediatamente, el dibujo aparecer\u00e1 en la pantalla de bloqueo de todos los miembros del grupo. La imagen de fondo no var\u00eda, cada uno mantiene la suya. Pero sobre la de todos, aparece el dibujo. Para borrarlo, hay que tocar la pantalla con dos dedos para que aparezca un c\u00edrculo que se puede hacer m\u00e1s grande o peque\u00f1o separando y juntando las yemas. Si uno lo borra, se borra para todos.\u00a0 <strong>Lok lok se puede usar tambi\u00e9n como un widget. Adem\u00e1s, tiene una opci\u00f3n para tomar fotos o coger las de nuestra galer\u00eda, dibujar sobre ellas y enviarlas tambi\u00e9n a las pantallas de bloqueo de nuestros amigos. Por ahora, no se puede estar en m\u00e1s de un grupo a la vez y las invitaciones se hacen a cuentas de correo electr\u00f3nico, no a n\u00fameros de m\u00f3vil. Tambi\u00e9n es accesible desde tablets.<\/strong><\/p>\n<p style=\"text-align: justify\"><span style=\"color: #0000ff\"><strong>Cam Me, la selfie perfecta. <\/strong><\/span><\/p>\n<p style=\"text-align: justify\"><a title=\"Cam me\" href=\"https:\/\/itunes.apple.com\/us\/app\/camme\/id597208969?mt=8\" target=\"_blank\">Es gratuita, solo est\u00e1 disponible para iOS<\/a><\/p>\n<p><a href=\"https:\/\/i0.wp.com\/www.kalot.com.mx\/wp-content\/uploads\/2014\/02\/bbbb.jpg\"><img loading=\"lazy\" decoding=\"async\" data-attachment-id=\"12771\" data-permalink=\"https:\/\/kalot.com.mx\/site\/2014\/02\/28\/lo-mejor-de-la-mobile-world-congress-2014-mwc\/bbbb\/\" data-orig-file=\"https:\/\/i0.wp.com\/kalot.com.mx\/site\/wp-content\/uploads\/2014\/02\/bbbb.jpg?fit=500%2C360&amp;ssl=1\" data-orig-size=\"500,360\" data-comments-opened=\"1\" data-image-meta=\"{&quot;aperture&quot;:&quot;0&quot;,&quot;credit&quot;:&quot;&quot;,&quot;camera&quot;:&quot;&quot;,&quot;caption&quot;:&quot;&quot;,&quot;created_timestamp&quot;:&quot;0&quot;,&quot;copyright&quot;:&quot;&quot;,&quot;focal_length&quot;:&quot;0&quot;,&quot;iso&quot;:&quot;0&quot;,&quot;shutter_speed&quot;:&quot;0&quot;,&quot;title&quot;:&quot;&quot;,&quot;orientation&quot;:&quot;0&quot;}\" data-image-title=\"bbbb\" data-image-description=\"\" data-image-caption=\"\" data-large-file=\"https:\/\/i0.wp.com\/kalot.com.mx\/site\/wp-content\/uploads\/2014\/02\/bbbb.jpg?fit=500%2C360&amp;ssl=1\" class=\"size-full wp-image-12771 aligncenter\" alt=\"bbbb\" src=\"https:\/\/i0.wp.com\/kalot.com.mx\/site\/wp-content\/uploads\/2014\/02\/bbbb.jpg?fit=500%2C360&#038;ssl=1\" width=\"500\" height=\"360\" srcset=\"https:\/\/i0.wp.com\/kalot.com.mx\/site\/wp-content\/uploads\/2014\/02\/bbbb.jpg?w=500&amp;ssl=1 500w, https:\/\/i0.wp.com\/kalot.com.mx\/site\/wp-content\/uploads\/2014\/02\/bbbb.jpg?resize=380%2C274&amp;ssl=1 380w, https:\/\/i0.wp.com\/kalot.com.mx\/site\/wp-content\/uploads\/2014\/02\/bbbb.jpg?resize=300%2C216&amp;ssl=1 300w\" sizes=\"(max-width: 500px) 100vw, 500px\" \/><\/a><\/p>\n<p style=\"text-align: justify\">La empresa israel\u00ed PointGrab se hizo el pasado martes con el premio a<strong> la Aplicaci\u00f3n M\u00e1s Innovadora de los Global Mobile Awards. Cam Me permite ampliar la fiebre de los selfie de la cara al cuerpo entero. Esta app toma fotos a distancia con el m\u00f3vil. Solo se ha de levantar el brazo y cerrar la mano para que la aplicaci\u00f3n entienda que queremos una imagen.<\/strong> Pocos segundos despu\u00e9s, la c\u00e1mara se dispara. Tambi\u00e9n tiene la opci\u00f3n de hacer tres fotos seguidas y presentarlas a modo del cl\u00e1sico fotomato.<\/p>\n<p style=\"text-align: justify\"><strong><span style=\"color: #0000ff\">Liopa<\/span><\/strong><\/p>\n<p style=\"text-align: justify\"><a title=\"sitio\" href=\"http:\/\/www.liopa.co.uk\/\" target=\"_blank\">Sitio Web<\/a><\/p>\n<p><a href=\"https:\/\/i0.wp.com\/www.kalot.com.mx\/wp-content\/uploads\/2014\/02\/11.png\"><img loading=\"lazy\" decoding=\"async\" data-attachment-id=\"12769\" data-permalink=\"https:\/\/kalot.com.mx\/site\/2014\/02\/28\/lo-mejor-de-la-mobile-world-congress-2014-mwc\/1-23\/\" data-orig-file=\"https:\/\/i0.wp.com\/kalot.com.mx\/site\/wp-content\/uploads\/2014\/02\/11.png?fit=600%2C374&amp;ssl=1\" data-orig-size=\"600,374\" data-comments-opened=\"1\" data-image-meta=\"{&quot;aperture&quot;:&quot;0&quot;,&quot;credit&quot;:&quot;&quot;,&quot;camera&quot;:&quot;&quot;,&quot;caption&quot;:&quot;&quot;,&quot;created_timestamp&quot;:&quot;0&quot;,&quot;copyright&quot;:&quot;&quot;,&quot;focal_length&quot;:&quot;0&quot;,&quot;iso&quot;:&quot;0&quot;,&quot;shutter_speed&quot;:&quot;0&quot;,&quot;title&quot;:&quot;&quot;,&quot;orientation&quot;:&quot;0&quot;}\" data-image-title=\"1ssss\" data-image-description=\"\" data-image-caption=\"\" data-large-file=\"https:\/\/i0.wp.com\/kalot.com.mx\/site\/wp-content\/uploads\/2014\/02\/11.png?fit=600%2C374&amp;ssl=1\" class=\"size-full wp-image-12769 aligncenter\" alt=\"1ssss\" src=\"https:\/\/i2.wp.com\/kalot.com.mx\/site\/wp-content\/uploads\/2014\/02\/11.png?fit=600%2C374&#038;ssl=1\" width=\"600\" height=\"374\" srcset=\"https:\/\/i0.wp.com\/kalot.com.mx\/site\/wp-content\/uploads\/2014\/02\/11.png?w=600&amp;ssl=1 600w, https:\/\/i0.wp.com\/kalot.com.mx\/site\/wp-content\/uploads\/2014\/02\/11.png?resize=380%2C237&amp;ssl=1 380w, https:\/\/i0.wp.com\/kalot.com.mx\/site\/wp-content\/uploads\/2014\/02\/11.png?resize=300%2C187&amp;ssl=1 300w\" sizes=\"(max-width: 600px) 100vw, 600px\" \/><\/a><\/p>\n<p style=\"text-align: justify\">No todo lo presentado en la Mobile World Congress est\u00e1 ya en el mercado. Las norirlandesas Queen\u2019s University y el Centro de Tecnolog\u00edas para la Seguridad Inform\u00e1tica han presentado <strong>una aplicaci\u00f3n ideal para los que nunca recuerdan sus contrase\u00f1as.<\/strong> En vez de teclear pins, Liopa (que significa labios en irland\u00e9s) activa la c\u00e1mara y muestra cinco d\u00edgitos combinados al azar que el usuario debe leer.<br \/>\n<strong>Seg\u00fan el movimiento de los labios, la app es capaz de determinar si la persona que lee el c\u00f3digo es quien debe ser. Podr\u00eda utilizarse en transacciones bancarias a trav\u00e9s del m\u00f3vil. La aplicaci\u00f3n utiliza 70 puntos que coloca alrededor de la imagen de la boca la primera vez que uno lee los n\u00fameros frente al m\u00f3vil. Esta lectura le sirve para detectar la identidad del que habla.<\/strong><\/p>\n<p style=\"text-align: justify\"><strong><span style=\"color: #0000ff\">Xooloo App Kids<\/span><\/strong><\/p>\n<p style=\"text-align: justify\"><a title=\"app kids\" href=\"https:\/\/play.google.com\/store\/apps\/details?id=com.xooloo.kids&amp;hl=es\" target=\"_blank\">App Kids es gratuita, Por ahora solo est\u00e1 disponible en Android<\/a>, aunque pr\u00f3ximamente, tambi\u00e9n en iOS.<\/p>\n<p><a href=\"https:\/\/i0.wp.com\/www.kalot.com.mx\/wp-content\/uploads\/2014\/02\/yyyyyy.jpg\"><img loading=\"lazy\" decoding=\"async\" data-attachment-id=\"12768\" data-permalink=\"https:\/\/kalot.com.mx\/site\/2014\/02\/28\/lo-mejor-de-la-mobile-world-congress-2014-mwc\/yyyyyy\/\" data-orig-file=\"https:\/\/i0.wp.com\/kalot.com.mx\/site\/wp-content\/uploads\/2014\/02\/yyyyyy.jpg?fit=562%2C900&amp;ssl=1\" data-orig-size=\"562,900\" data-comments-opened=\"1\" data-image-meta=\"{&quot;aperture&quot;:&quot;0&quot;,&quot;credit&quot;:&quot;&quot;,&quot;camera&quot;:&quot;&quot;,&quot;caption&quot;:&quot;&quot;,&quot;created_timestamp&quot;:&quot;0&quot;,&quot;copyright&quot;:&quot;&quot;,&quot;focal_length&quot;:&quot;0&quot;,&quot;iso&quot;:&quot;0&quot;,&quot;shutter_speed&quot;:&quot;0&quot;,&quot;title&quot;:&quot;&quot;,&quot;orientation&quot;:&quot;0&quot;}\" data-image-title=\"yyyyyy\" data-image-description=\"\" data-image-caption=\"\" data-large-file=\"https:\/\/i0.wp.com\/kalot.com.mx\/site\/wp-content\/uploads\/2014\/02\/yyyyyy.jpg?fit=562%2C900&amp;ssl=1\" class=\"size-full wp-image-12768 aligncenter\" alt=\"yyyyyy\" src=\"https:\/\/i0.wp.com\/kalot.com.mx\/site\/wp-content\/uploads\/2014\/02\/yyyyyy.jpg?fit=562%2C900&#038;ssl=1\" width=\"562\" height=\"900\" srcset=\"https:\/\/i0.wp.com\/kalot.com.mx\/site\/wp-content\/uploads\/2014\/02\/yyyyyy.jpg?w=562&amp;ssl=1 562w, https:\/\/i0.wp.com\/kalot.com.mx\/site\/wp-content\/uploads\/2014\/02\/yyyyyy.jpg?resize=380%2C609&amp;ssl=1 380w, https:\/\/i0.wp.com\/kalot.com.mx\/site\/wp-content\/uploads\/2014\/02\/yyyyyy.jpg?resize=300%2C480&amp;ssl=1 300w, https:\/\/i0.wp.com\/kalot.com.mx\/site\/wp-content\/uploads\/2014\/02\/yyyyyy.jpg?resize=187%2C300&amp;ssl=1 187w\" sizes=\"(max-width: 562px) 100vw, 562px\" \/><\/a><\/p>\n<p style=\"text-align: justify\">Esta app sera para compartir el m\u00f3vil con los m\u00e1s peque\u00f1os.Si la televisi\u00f3n fue en su momento la herramienta ideal para distraer a los m\u00e1s peque\u00f1os, ahora lo son los smartphones. La compa\u00f1\u00eda francesa Xooloo<strong> ha desarrollado la aplicaci\u00f3n App Kids para que los padres puedan compartir el m\u00f3vil con los ni\u00f1os sin tener que preocuparse de que accedan a contenidos inadecuados. Basta con un bot\u00f3n para que la interfaz del dispositivo cambie. El fondo de pantalla se vuelve amarillo y morado y las \u00fanicas aplicaciones que muestra son las que los padres han elegido. Se puede configurar para que muestre juegos, fotos, v\u00eddeos etc&#8230; Se puede programar tambi\u00e9n el tiempo de uso y una vez llegada la hora l\u00edmite, el ni\u00f1o ya no tiene acceso a las aplicaciones.<\/strong> Pensada para menores de cinco a\u00f1os, la aplicaci\u00f3n est\u00e1 disponible en ingl\u00e9s y franc\u00e9s, y seg\u00fan ha asegurado Xooloo en la <strong>Mobile World Congress, pronto habr\u00e1 una versi\u00f3n en espa\u00f1ol. <\/strong><\/p>\n<p style=\"text-align: justify\">\n<p style=\"text-align: justify\">As\u00ed\u00a0es kalochos como la MWC nos deja muchas innovaciones que parecen futuristas y ya son una realidad, algunas se han ido introduciendo silenciosamente durante los \u00faltimos a\u00f1os otras, como los smartphones, han irrumpido decididamente y en pocos han llevado a la mano de los usuarios centenares de nuevas posibilidades. Dando protagonismo tanto a los smartphones como al concepto del<strong> internet de las cosas que es de lo que hablamos sobre como la conexi\u00f3n entre objetos\u00a0 y dispositivos que se llevaran puestos o los implementaremos en el uso diario, en un futuro no muy lejano.<\/strong><\/p>\n<p style=\"text-align: justify\"><strong>Esta edici\u00f3n dio mucho de qu\u00e9 hablar porque Cuando todav\u00eda se est\u00e1 implantando la red 4G en nuestro pa\u00eds, en el horizonte de 2020 se piensa en el 5G. El gigante nip\u00f3n de telecomunicaciones NTT Docomo la promete para los Juegos Ol\u00edmpicos de Tokio. La pr\u00f3xima generaci\u00f3n de red que en pa\u00edses como Jap\u00f3n o Corea del Sur se est\u00e1 investigando decididamente. Ser\u00e1 la red que habr\u00e1 de soportar los 50 mil millones de objetos conectados que predice Cisco para el comienzo de la siguiente d\u00e9cada y canalizar la inmensa nube de datos que mover\u00e1 el mundo.<\/strong><\/p>\n<p style=\"text-align: justify\">Saludos kalochos<\/p>\n<p style=\"text-align: justify\"><a title=\"ceci\" href=\"https:\/\/twitter.com\/Cecidc_Mat\" target=\"_blank\">@Cecidc_mat<\/a><\/p>\n<p style=\"text-align: justify\">\n","protected":false},"excerpt":{"rendered":"Se cerraron las puertas en Barcelona de lo que fue la Mobile World Conference que ha demostrado por&hellip;\n","protected":false},"author":57,"featured_media":12510,"comment_status":"open","ping_status":"open","sticky":false,"template":"","format":"standard","meta":{"jetpack_post_was_ever_published":false,"_jetpack_newsletter_access":"","_jetpack_dont_email_post_to_subs":false,"_jetpack_newsletter_tier_id":0,"_jetpack_memberships_contains_paywalled_content":false,"_jetpack_memberships_contains_paid_content":false,"footnotes":"","jetpack_publicize_message":"","jetpack_publicize_feature_enabled":true,"jetpack_social_post_already_shared":true,"jetpack_social_options":{"image_generator_settings":{"template":"highway","default_image_id":0,"font":"","enabled":false},"version":2}},"categories":[1],"tags":[],"class_list":{"0":"post-12643","1":"post","2":"type-post","3":"status-publish","4":"format-standard","5":"has-post-thumbnail","7":"category-sin-categoria","8":"cs-entry","9":"cs-video-wrap"},"yoast_head":"<!-- This site is optimized with the Yoast SEO plugin v27.4 - https:\/\/yoast.com\/product\/yoast-seo-wordpress\/ -->\n<title>Lo mejor de la Mobile World Congress 2014 (MWC) - Kalot<\/title>\n<meta name=\"description\" content=\"Se cerraron las puertas en Barcelona de lo que fue la Mobile World Conference que ha demostrado por qu\u00e9 es la plataforma favorita de muchas marcas y de la\" \/>\n<meta name=\"robots\" content=\"index, follow, max-snippet:-1, max-image-preview:large, max-video-preview:-1\" \/>\n<link rel=\"canonical\" href=\"https:\/\/kalot.com.mx\/site\/2014\/02\/28\/lo-mejor-de-la-mobile-world-congress-2014-mwc\/\" \/>\n<meta property=\"og:locale\" content=\"es_MX\" \/>\n<meta property=\"og:type\" content=\"article\" \/>\n<meta property=\"og:title\" content=\"Lo mejor de la Mobile World Congress 2014 (MWC) - Kalot\" \/>\n<meta property=\"og:description\" content=\"Se cerraron las puertas en Barcelona de lo que fue la Mobile World Conference que ha demostrado por qu\u00e9 es la plataforma favorita de muchas marcas y de la\" \/>\n<meta property=\"og:url\" content=\"https:\/\/kalot.com.mx\/site\/2014\/02\/28\/lo-mejor-de-la-mobile-world-congress-2014-mwc\/\" \/>\n<meta property=\"og:site_name\" content=\"Kalot\" \/>\n<meta property=\"article:publisher\" content=\"http:\/\/facebook.com\/mxkalot\" \/>\n<meta property=\"article:author\" content=\"https:\/\/www.facebook.com\/ceciMat\" \/>\n<meta property=\"article:published_time\" content=\"2014-02-28T17:00:58+00:00\" \/>\n<meta property=\"article:modified_time\" content=\"2017-12-20T20:14:47+00:00\" \/>\n<meta property=\"og:image\" content=\"https:\/\/i1.wp.com\/kalot.com.mx\/site\/wp-content\/uploads\/2014\/02\/Mobile-World-Congress.jpg?fit=620%2C348&ssl=1\" \/>\n\t<meta property=\"og:image:width\" content=\"620\" \/>\n\t<meta property=\"og:image:height\" content=\"348\" \/>\n\t<meta property=\"og:image:type\" content=\"image\/jpeg\" \/>\n<meta name=\"author\" content=\"Cecilia Mata\" \/>\n<meta name=\"twitter:card\" content=\"summary_large_image\" \/>\n<meta name=\"twitter:creator\" content=\"@Cecidc_Mat\" \/>\n<meta name=\"twitter:site\" content=\"@kalotmx\" \/>\n<meta name=\"twitter:label1\" content=\"Escrito por\" \/>\n\t<meta name=\"twitter:data1\" content=\"Cecilia Mata\" \/>\n\t<meta name=\"twitter:label2\" content=\"Tiempo de lectura\" \/>\n\t<meta name=\"twitter:data2\" content=\"10 minutos\" \/>\n<!-- \/ Yoast SEO plugin. -->","yoast_head_json":{"title":"Lo mejor de la Mobile World Congress 2014 (MWC) - Kalot","description":"Se cerraron las puertas en Barcelona de lo que fue la Mobile World Conference que ha demostrado por qu\u00e9 es la plataforma favorita de muchas marcas y de la","robots":{"index":"index","follow":"follow","max-snippet":"max-snippet:-1","max-image-preview":"max-image-preview:large","max-video-preview":"max-video-preview:-1"},"canonical":"https:\/\/kalot.com.mx\/site\/2014\/02\/28\/lo-mejor-de-la-mobile-world-congress-2014-mwc\/","og_locale":"es_MX","og_type":"article","og_title":"Lo mejor de la Mobile World Congress 2014 (MWC) - Kalot","og_description":"Se cerraron las puertas en Barcelona de lo que fue la Mobile World Conference que ha demostrado por qu\u00e9 es la plataforma favorita de muchas marcas y de la","og_url":"https:\/\/kalot.com.mx\/site\/2014\/02\/28\/lo-mejor-de-la-mobile-world-congress-2014-mwc\/","og_site_name":"Kalot","article_publisher":"http:\/\/facebook.com\/mxkalot","article_author":"https:\/\/www.facebook.com\/ceciMat","article_published_time":"2014-02-28T17:00:58+00:00","article_modified_time":"2017-12-20T20:14:47+00:00","og_image":[{"width":620,"height":348,"url":"https:\/\/i1.wp.com\/kalot.com.mx\/site\/wp-content\/uploads\/2014\/02\/Mobile-World-Congress.jpg?fit=620%2C348&ssl=1","type":"image\/jpeg"}],"author":"Cecilia Mata","twitter_card":"summary_large_image","twitter_creator":"@Cecidc_Mat","twitter_site":"@kalotmx","twitter_misc":{"Escrito por":"Cecilia Mata","Tiempo de lectura":"10 minutos"},"schema":{"@context":"https:\/\/schema.org","@graph":[{"@type":"Article","@id":"https:\/\/kalot.com.mx\/site\/2014\/02\/28\/lo-mejor-de-la-mobile-world-congress-2014-mwc\/#article","isPartOf":{"@id":"https:\/\/kalot.com.mx\/site\/2014\/02\/28\/lo-mejor-de-la-mobile-world-congress-2014-mwc\/"},"author":{"name":"Cecilia Mata","@id":"https:\/\/kalot.com.mx\/site\/#\/schema\/person\/451d1f280e69ef0abc9b72e87e137ccd"},"headline":"Lo mejor de la Mobile World Congress 2014 (MWC)","datePublished":"2014-02-28T17:00:58+00:00","dateModified":"2017-12-20T20:14:47+00:00","mainEntityOfPage":{"@id":"https:\/\/kalot.com.mx\/site\/2014\/02\/28\/lo-mejor-de-la-mobile-world-congress-2014-mwc\/"},"wordCount":2006,"commentCount":1,"publisher":{"@id":"https:\/\/kalot.com.mx\/site\/#organization"},"image":{"@id":"https:\/\/kalot.com.mx\/site\/2014\/02\/28\/lo-mejor-de-la-mobile-world-congress-2014-mwc\/#primaryimage"},"thumbnailUrl":"https:\/\/i0.wp.com\/kalot.com.mx\/site\/wp-content\/uploads\/2014\/02\/Mobile-World-Congress.jpg?fit=620%2C348&ssl=1","inLanguage":"es","potentialAction":[{"@type":"CommentAction","name":"Comment","target":["https:\/\/kalot.com.mx\/site\/2014\/02\/28\/lo-mejor-de-la-mobile-world-congress-2014-mwc\/#respond"]}]},{"@type":"WebPage","@id":"https:\/\/kalot.com.mx\/site\/2014\/02\/28\/lo-mejor-de-la-mobile-world-congress-2014-mwc\/","url":"https:\/\/kalot.com.mx\/site\/2014\/02\/28\/lo-mejor-de-la-mobile-world-congress-2014-mwc\/","name":"Lo mejor de la Mobile World Congress 2014 (MWC) - Kalot","isPartOf":{"@id":"https:\/\/kalot.com.mx\/site\/#website"},"primaryImageOfPage":{"@id":"https:\/\/kalot.com.mx\/site\/2014\/02\/28\/lo-mejor-de-la-mobile-world-congress-2014-mwc\/#primaryimage"},"image":{"@id":"https:\/\/kalot.com.mx\/site\/2014\/02\/28\/lo-mejor-de-la-mobile-world-congress-2014-mwc\/#primaryimage"},"thumbnailUrl":"https:\/\/i0.wp.com\/kalot.com.mx\/site\/wp-content\/uploads\/2014\/02\/Mobile-World-Congress.jpg?fit=620%2C348&ssl=1","datePublished":"2014-02-28T17:00:58+00:00","dateModified":"2017-12-20T20:14:47+00:00","description":"Se cerraron las puertas en Barcelona de lo que fue la Mobile World Conference que ha demostrado por qu\u00e9 es la plataforma favorita de muchas marcas y de la","breadcrumb":{"@id":"https:\/\/kalot.com.mx\/site\/2014\/02\/28\/lo-mejor-de-la-mobile-world-congress-2014-mwc\/#breadcrumb"},"inLanguage":"es","potentialAction":[{"@type":"ReadAction","target":["https:\/\/kalot.com.mx\/site\/2014\/02\/28\/lo-mejor-de-la-mobile-world-congress-2014-mwc\/"]}]},{"@type":"ImageObject","inLanguage":"es","@id":"https:\/\/kalot.com.mx\/site\/2014\/02\/28\/lo-mejor-de-la-mobile-world-congress-2014-mwc\/#primaryimage","url":"https:\/\/i0.wp.com\/kalot.com.mx\/site\/wp-content\/uploads\/2014\/02\/Mobile-World-Congress.jpg?fit=620%2C348&ssl=1","contentUrl":"https:\/\/i0.wp.com\/kalot.com.mx\/site\/wp-content\/uploads\/2014\/02\/Mobile-World-Congress.jpg?fit=620%2C348&ssl=1","width":620,"height":348},{"@type":"BreadcrumbList","@id":"https:\/\/kalot.com.mx\/site\/2014\/02\/28\/lo-mejor-de-la-mobile-world-congress-2014-mwc\/#breadcrumb","itemListElement":[{"@type":"ListItem","position":1,"name":"Home","item":"https:\/\/kalot.com.mx\/site\/"},{"@type":"ListItem","position":2,"name":"Lo mejor de la Mobile World Congress 2014 (MWC)"}]},{"@type":"WebSite","@id":"https:\/\/kalot.com.mx\/site\/#website","url":"https:\/\/kalot.com.mx\/site\/","name":"Kalot","description":"Conoce Todo Sobre Todo","publisher":{"@id":"https:\/\/kalot.com.mx\/site\/#organization"},"potentialAction":[{"@type":"SearchAction","target":{"@type":"EntryPoint","urlTemplate":"https:\/\/kalot.com.mx\/site\/?s={search_term_string}"},"query-input":{"@type":"PropertyValueSpecification","valueRequired":true,"valueName":"search_term_string"}}],"inLanguage":"es"},{"@type":"Organization","@id":"https:\/\/kalot.com.mx\/site\/#organization","name":"Kalot","url":"https:\/\/kalot.com.mx\/site\/","logo":{"@type":"ImageObject","inLanguage":"es","@id":"https:\/\/kalot.com.mx\/site\/#\/schema\/logo\/image\/","url":"https:\/\/i0.wp.com\/kalot.com.mx\/site\/wp-content\/uploads\/2020\/04\/Kalot-logo-sin-tagline.png?fit=1707%2C1014&ssl=1","contentUrl":"https:\/\/i0.wp.com\/kalot.com.mx\/site\/wp-content\/uploads\/2020\/04\/Kalot-logo-sin-tagline.png?fit=1707%2C1014&ssl=1","width":1707,"height":1014,"caption":"Kalot"},"image":{"@id":"https:\/\/kalot.com.mx\/site\/#\/schema\/logo\/image\/"},"sameAs":["http:\/\/facebook.com\/mxkalot","https:\/\/x.com\/kalotmx","http:\/\/instagram.com\/kalotmx","http:\/\/pinterest.com\/jorgeerana\/kalot"]},{"@type":"Person","@id":"https:\/\/kalot.com.mx\/site\/#\/schema\/person\/451d1f280e69ef0abc9b72e87e137ccd","name":"Cecilia Mata","image":{"@type":"ImageObject","inLanguage":"es","@id":"https:\/\/secure.gravatar.com\/avatar\/d537382201aa9a7e5477a07abbac65d123036652265c4569e812aae85d7be2df?s=96&d=mm&r=g","url":"https:\/\/secure.gravatar.com\/avatar\/d537382201aa9a7e5477a07abbac65d123036652265c4569e812aae85d7be2df?s=96&d=mm&r=g","contentUrl":"https:\/\/secure.gravatar.com\/avatar\/d537382201aa9a7e5477a07abbac65d123036652265c4569e812aae85d7be2df?s=96&d=mm&r=g","caption":"Cecilia Mata"},"description":"Estudiante de Ingenier\u00eda industrial. Un toque de geek. Me agrada conocer y aprender cosas nuevas.","sameAs":["https:\/\/www.facebook.com\/ceciMat","https:\/\/x.com\/Cecidc_Mat"],"url":"https:\/\/kalot.com.mx\/site\/author\/cecilia\/"}]}},"jetpack_publicize_connections":[],"jetpack_featured_media_url":"https:\/\/i0.wp.com\/kalot.com.mx\/site\/wp-content\/uploads\/2014\/02\/Mobile-World-Congress.jpg?fit=620%2C348&ssl=1","jetpack_shortlink":"https:\/\/wp.me\/p6IHEI-3hV","jetpack-related-posts":[{"id":12482,"url":"https:\/\/kalot.com.mx\/site\/2014\/02\/25\/novedades-de-la-mwc\/","url_meta":{"origin":12643,"position":0},"title":"Novedades de la MWC 2014 (Mobile World Congress)","author":"Cecilia Mata","date":"25 febrero, 2014","format":false,"excerpt":"El lunes se abrieron las puertas de la feria m\u00e1s importante de la industria de la movilidad a nivel mundial y si estoy hablando de la\u00a0 Mobile World Congress (MWC) que este a\u00f1o recibio a m\u00e1s de 80.000 visitantes profesionales y en la que se presentar\u00e1n los \u00faltimos smartphones que\u2026","rel":"","context":"En &quot;Sin categor\u00eda&quot;","block_context":{"text":"Sin categor\u00eda","link":"https:\/\/kalot.com.mx\/site\/category\/sin-categoria\/"},"img":{"alt_text":"","src":"https:\/\/i0.wp.com\/kalot.com.mx\/site\/wp-content\/uploads\/2014\/02\/Mobile-World-Congress-MWC-Preview.jpg?fit=1200%2C800&ssl=1&resize=350%2C200","width":350,"height":200,"srcset":"https:\/\/i0.wp.com\/kalot.com.mx\/site\/wp-content\/uploads\/2014\/02\/Mobile-World-Congress-MWC-Preview.jpg?fit=1200%2C800&ssl=1&resize=350%2C200 1x, https:\/\/i0.wp.com\/kalot.com.mx\/site\/wp-content\/uploads\/2014\/02\/Mobile-World-Congress-MWC-Preview.jpg?fit=1200%2C800&ssl=1&resize=525%2C300 1.5x, https:\/\/i0.wp.com\/kalot.com.mx\/site\/wp-content\/uploads\/2014\/02\/Mobile-World-Congress-MWC-Preview.jpg?fit=1200%2C800&ssl=1&resize=700%2C400 2x, https:\/\/i0.wp.com\/kalot.com.mx\/site\/wp-content\/uploads\/2014\/02\/Mobile-World-Congress-MWC-Preview.jpg?fit=1200%2C800&ssl=1&resize=1050%2C600 3x"},"classes":[]},{"id":9618,"url":"https:\/\/kalot.com.mx\/site\/2014\/01\/16\/mark-zuckerberg-facebook-la-estrella-del-mwc-2014\/","url_meta":{"origin":12643,"position":1},"title":"Mark Zuckerberg (Facebook) la estrella del MWC 2014","author":"Samuel Arriaga","date":"16 enero, 2014","format":false,"excerpt":"El fundador de la red social Facebook, Mark Zuckerberg, poco dado a asistir a ferias, ser\u00e1 el gran protagonista entre los 240 ponentes del Mobile World Congress que se realizar\u00e1 del 24 y el 27 de febrero en Fira de Barcelona. Tambi\u00e9n asistir\u00e1n el fundador de la aplicaci\u00f3n de mensajes\u2026","rel":"","context":"Entrada similar ","block_context":{"text":"Entrada similar ","link":""},"img":{"alt_text":"","src":"https:\/\/i0.wp.com\/kalot.com.mx\/site\/wp-content\/uploads\/2014\/01\/Mark-Zuckerberg_5.jpeg?fit=1200%2C935&ssl=1&resize=350%2C200","width":350,"height":200,"srcset":"https:\/\/i0.wp.com\/kalot.com.mx\/site\/wp-content\/uploads\/2014\/01\/Mark-Zuckerberg_5.jpeg?fit=1200%2C935&ssl=1&resize=350%2C200 1x, https:\/\/i0.wp.com\/kalot.com.mx\/site\/wp-content\/uploads\/2014\/01\/Mark-Zuckerberg_5.jpeg?fit=1200%2C935&ssl=1&resize=525%2C300 1.5x, https:\/\/i0.wp.com\/kalot.com.mx\/site\/wp-content\/uploads\/2014\/01\/Mark-Zuckerberg_5.jpeg?fit=1200%2C935&ssl=1&resize=700%2C400 2x, https:\/\/i0.wp.com\/kalot.com.mx\/site\/wp-content\/uploads\/2014\/01\/Mark-Zuckerberg_5.jpeg?fit=1200%2C935&ssl=1&resize=1050%2C600 3x"},"classes":[]},{"id":12540,"url":"https:\/\/kalot.com.mx\/site\/2014\/02\/25\/facebook-news-feed\/","url_meta":{"origin":12643,"position":2},"title":"Facebook presenta actualizaci\u00f3n a la secci\u00f3n de noticias","author":"Jorge Era\u00f1a","date":"25 febrero, 2014","format":false,"excerpt":"Facebook ha estado haciendo cosas muy grandes en lo que va del a\u00f1o, con grandes lanzamientos, propuestas, compras millonarias y visiones de lo que pretende alcanzar en un futuro no muy lejano. Recientemente habl\u00f3 Mark Zuckerberg en el Mobile World Congress en Barelona en una entrevista donde aclar\u00f3 dudas acerca\u2026","rel":"","context":"Entrada similar ","block_context":{"text":"Entrada similar ","link":""},"img":{"alt_text":"","src":"https:\/\/i0.wp.com\/kalot.com.mx\/site\/wp-content\/uploads\/2014\/02\/20140225-225919.jpg?fit=1024%2C576&ssl=1&resize=350%2C200","width":350,"height":200,"srcset":"https:\/\/i0.wp.com\/kalot.com.mx\/site\/wp-content\/uploads\/2014\/02\/20140225-225919.jpg?fit=1024%2C576&ssl=1&resize=350%2C200 1x, https:\/\/i0.wp.com\/kalot.com.mx\/site\/wp-content\/uploads\/2014\/02\/20140225-225919.jpg?fit=1024%2C576&ssl=1&resize=525%2C300 1.5x, https:\/\/i0.wp.com\/kalot.com.mx\/site\/wp-content\/uploads\/2014\/02\/20140225-225919.jpg?fit=1024%2C576&ssl=1&resize=700%2C400 2x"},"classes":[]},{"id":12390,"url":"https:\/\/kalot.com.mx\/site\/2014\/02\/24\/whatsapp-y-su-entrada-al-mundo-de-las-llamadas-de-voz\/","url_meta":{"origin":12643,"position":3},"title":"WhatsApp y su entrada al mundo de las llamadas de voz","author":"Edgar Villanueva","date":"24 febrero, 2014","format":false,"excerpt":"Dentro del Mobile World Congress de Barcelona, el CEO de WhatsApp (Jan Komun)\u00a0 anunci\u00f3 que para la para la segunda mitad de este a\u00f1o, se\u00a0 incorporar\u00e1n las llamadas de voz dentro de la aplicaci\u00f3n (similar a la funci\u00f3n que ofrece Viber); con lo que intentan conseguir la fidelidad de sus\u2026","rel":"","context":"En &quot;Sin categor\u00eda&quot;","block_context":{"text":"Sin categor\u00eda","link":"https:\/\/kalot.com.mx\/site\/category\/sin-categoria\/"},"img":{"alt_text":"","src":"https:\/\/i0.wp.com\/kalot.com.mx\/site\/wp-content\/uploads\/2014\/02\/inseguridad-de-WhatsApp-800x400.jpg?fit=800%2C400&ssl=1&resize=350%2C200","width":350,"height":200,"srcset":"https:\/\/i0.wp.com\/kalot.com.mx\/site\/wp-content\/uploads\/2014\/02\/inseguridad-de-WhatsApp-800x400.jpg?fit=800%2C400&ssl=1&resize=350%2C200 1x, https:\/\/i0.wp.com\/kalot.com.mx\/site\/wp-content\/uploads\/2014\/02\/inseguridad-de-WhatsApp-800x400.jpg?fit=800%2C400&ssl=1&resize=525%2C300 1.5x, https:\/\/i0.wp.com\/kalot.com.mx\/site\/wp-content\/uploads\/2014\/02\/inseguridad-de-WhatsApp-800x400.jpg?fit=800%2C400&ssl=1&resize=700%2C400 2x"},"classes":[]},{"id":15998,"url":"https:\/\/kalot.com.mx\/site\/2014\/05\/13\/xbox-one-sin-kinect-que-tronabas-pistolita\/","url_meta":{"origin":12643,"position":4},"title":"XBOX ONE SIN KINECT, \u00a1NO QUE NO TRONABAS PISTOLITA!","author":"HM_MKT007","date":"13 mayo, 2014","format":false,"excerpt":"Desde el golpe que propino PS4 en su presentaci\u00f3n en el E3 del 2013, donde revelaron su precio, y la\u00a0desastrosa\u00a0presentaci\u00f3n de XBOX ONE, donde se olvidaron de que era una CONSOLA DE VIDEOJUEGOS, y se enfocaron en todo lo dem\u00e1s, se presentaron cosas curiosas. XBOX ONE, se mostr\u00f3 primero, mostr\u00f3\u2026","rel":"","context":"Entrada similar ","block_context":{"text":"Entrada similar ","link":""},"img":{"alt_text":"","src":"https:\/\/i0.wp.com\/kalot.com.mx\/site\/wp-content\/uploads\/2014\/05\/10256955_10152037268505741_5781151438971693694_n.jpg?fit=960%2C450&ssl=1&resize=350%2C200","width":350,"height":200,"srcset":"https:\/\/i0.wp.com\/kalot.com.mx\/site\/wp-content\/uploads\/2014\/05\/10256955_10152037268505741_5781151438971693694_n.jpg?fit=960%2C450&ssl=1&resize=350%2C200 1x, https:\/\/i0.wp.com\/kalot.com.mx\/site\/wp-content\/uploads\/2014\/05\/10256955_10152037268505741_5781151438971693694_n.jpg?fit=960%2C450&ssl=1&resize=525%2C300 1.5x, https:\/\/i0.wp.com\/kalot.com.mx\/site\/wp-content\/uploads\/2014\/05\/10256955_10152037268505741_5781151438971693694_n.jpg?fit=960%2C450&ssl=1&resize=700%2C400 2x"},"classes":[]},{"id":32312,"url":"https:\/\/kalot.com.mx\/site\/2025\/03\/24\/deja-de-gastar-de-mas-la-decision-inteligente-al-elegir-planes-sin-contrato-de-celular-en-mexico\/","url_meta":{"origin":12643,"position":5},"title":"Deja de Gastar de M\u00e1s: La Decisi\u00f3n Inteligente al Elegir Planes (sin contrato) de Celular en M\u00e9xico","author":"Advertorial","date":"24 marzo, 2025","format":false,"excerpt":"Imagina por un momento que al final del mes revisas tus gastos y descubres que llevas a\u00f1os pagando por servicios que apenas utilizas, atado a contratos interminables y sin la flexibilidad que realmente necesitas. La elecci\u00f3n de la mejor compa\u00f1\u00eda de celular deber\u00eda basarse en lo que realmente importa: calidad,\u2026","rel":"","context":"En &quot;#MiExperienciaCon&quot;","block_context":{"text":"#MiExperienciaCon","link":"https:\/\/kalot.com.mx\/site\/category\/miexperienciacon\/"},"img":{"alt_text":"mejores planes en mexico","src":"https:\/\/i0.wp.com\/kalot.com.mx\/site\/wp-content\/uploads\/2025\/03\/DALL%C2%B7E-2025-03-24-09.05.10-A-realistic-stock-photo-style-image-of-a-real-person-thinking-deeply-about-a-decision-involving-their-smartphone.-The-person-is-looking-slightly-upwar.webp?fit=1024%2C1024&ssl=1&resize=350%2C200","width":350,"height":200,"srcset":"https:\/\/i0.wp.com\/kalot.com.mx\/site\/wp-content\/uploads\/2025\/03\/DALL%C2%B7E-2025-03-24-09.05.10-A-realistic-stock-photo-style-image-of-a-real-person-thinking-deeply-about-a-decision-involving-their-smartphone.-The-person-is-looking-slightly-upwar.webp?fit=1024%2C1024&ssl=1&resize=350%2C200 1x, https:\/\/i0.wp.com\/kalot.com.mx\/site\/wp-content\/uploads\/2025\/03\/DALL%C2%B7E-2025-03-24-09.05.10-A-realistic-stock-photo-style-image-of-a-real-person-thinking-deeply-about-a-decision-involving-their-smartphone.-The-person-is-looking-slightly-upwar.webp?fit=1024%2C1024&ssl=1&resize=525%2C300 1.5x, https:\/\/i0.wp.com\/kalot.com.mx\/site\/wp-content\/uploads\/2025\/03\/DALL%C2%B7E-2025-03-24-09.05.10-A-realistic-stock-photo-style-image-of-a-real-person-thinking-deeply-about-a-decision-involving-their-smartphone.-The-person-is-looking-slightly-upwar.webp?fit=1024%2C1024&ssl=1&resize=700%2C400 2x"},"classes":[]}],"jetpack_sharing_enabled":true,"_links":{"self":[{"href":"https:\/\/kalot.com.mx\/site\/wp-json\/wp\/v2\/posts\/12643","targetHints":{"allow":["GET"]}}],"collection":[{"href":"https:\/\/kalot.com.mx\/site\/wp-json\/wp\/v2\/posts"}],"about":[{"href":"https:\/\/kalot.com.mx\/site\/wp-json\/wp\/v2\/types\/post"}],"author":[{"embeddable":true,"href":"https:\/\/kalot.com.mx\/site\/wp-json\/wp\/v2\/users\/57"}],"replies":[{"embeddable":true,"href":"https:\/\/kalot.com.mx\/site\/wp-json\/wp\/v2\/comments?post=12643"}],"version-history":[{"count":19,"href":"https:\/\/kalot.com.mx\/site\/wp-json\/wp\/v2\/posts\/12643\/revisions"}],"predecessor-version":[{"id":29636,"href":"https:\/\/kalot.com.mx\/site\/wp-json\/wp\/v2\/posts\/12643\/revisions\/29636"}],"wp:featuredmedia":[{"embeddable":true,"href":"https:\/\/kalot.com.mx\/site\/wp-json\/wp\/v2\/media\/12510"}],"wp:attachment":[{"href":"https:\/\/kalot.com.mx\/site\/wp-json\/wp\/v2\/media?parent=12643"}],"wp:term":[{"taxonomy":"category","embeddable":true,"href":"https:\/\/kalot.com.mx\/site\/wp-json\/wp\/v2\/categories?post=12643"},{"taxonomy":"post_tag","embeddable":true,"href":"https:\/\/kalot.com.mx\/site\/wp-json\/wp\/v2\/tags?post=12643"}],"curies":[{"name":"wp","href":"https:\/\/api.w.org\/{rel}","templated":true}]}}