{"id":12585,"date":"2014-02-26T23:25:48","date_gmt":"2014-02-27T05:25:48","guid":{"rendered":"http:\/\/www.kalot.com.mx\/?p=12585"},"modified":"2014-02-26T23:30:31","modified_gmt":"2014-02-27T05:30:31","slug":"el-club-de-los-desahuciados","status":"publish","type":"post","link":"https:\/\/kalot.com.mx\/site\/2014\/02\/26\/el-club-de-los-desahuciados\/","title":{"rendered":"El Club de los Desahuciados. Una opini\u00f3n."},"content":{"rendered":"<p style=\"text-align: center\"><a href=\"http:\/\/ncc19825.files.wordpress.com\/2014\/02\/hr_dallas_buyers_club_10.jpg\"><img data-recalc-dims=\"1\" fetchpriority=\"high\" decoding=\"async\" class=\"aligncenter size-medium wp-image-1631\" alt=\"hr_Dallas_Buyers_Club_10\" src=\"http:\/\/ncc19825.files.wordpress.com\/2014\/02\/hr_dallas_buyers_club_10.jpg?w=202&#038;resize=202%2C300\" width=\"202\" height=\"300\" \/><\/a><\/p>\n<p>Director: <a href=\"http:\/\/www.imdb.com\/name\/nm0885249\/?ref_=tt_ov_dr\">Jean-Marc Valle\u00e9<\/a><\/p>\n<p>Escritores: <a href=\"http:\/\/www.imdb.com\/name\/nm1258965\/?ref_=tt_ov_wr\">Craig Borten<\/a>, <a href=\"http:\/\/www.imdb.com\/name\/nm2214893\/?ref_=tt_ov_wr\">Melisa Wallack<\/a><\/p>\n<p>Protagonistas: <a href=\"http:\/\/www.imdb.com\/name\/nm0000190\/?ref_=tt_ov_st\">Matthew McConaughey<\/a>,<a href=\"http:\/\/www.imdb.com\/name\/nm0001467\/?ref_=tt_ov_st\"> Jared Leto<\/a>, <a href=\"http:\/\/www.imdb.com\/name\/nm0004950\/?ref_=tt_ov_st\">Jennifer Garner<\/a><\/p>\n<p>A\u00f1o: 2013<\/p>\n<p>Las historias basadas en hechos reales est\u00e1n a la orden del d\u00eda y no es casualidad: las personas encargadas de otorgar los premios oscar son -casi- declarados fan\u00e1ticos de las pel\u00edculas basadas en hechos reales. Pero hay de historias a historias.<\/p>\n<p>Realmente <em><a href=\"http:\/\/www.imdb.com\/title\/tt0790636\/?ref_=nv_sr_1\">El Club De los Desahuciados<\/a><\/em> no es una historia que salte a los reflectores per se. Este tipo largometrajes donde el hombre ordinario se enfrenta a las grandes corporaciones es cada vez mas com\u00fan. La cl\u00e1sica historia de David vs. Goliat con toques de melodrama pero, ir\u00f3nicamente, basados en historias verdaderas, se est\u00e1n volviendo en realidad algo que peca de com\u00fan.<\/p>\n<p>Es sin embargo la parte actoral la que &#8220;se come&#8221; la pel\u00edcula.<\/p>\n<p>No soy fan de <a href=\"http:\/\/www.imdb.com\/name\/nm0001467\/?ref_=tt_ov_st\">Jared Leto<\/a>, ni como actor ni como m\u00fasico. No digo que sea malo, es simplemente que su trabajo no ha apelado a mi gusto en ning\u00fan sentido. Hoy, al escribir esto, me pongo de pie para aplaudir (bueno, casi). Su actuaci\u00f3n es una verdadera c\u00e1tedra del como se hacen las no buenas, geniales interpretaciones. Letto es realmente irreconocible a primera vista en pantalla; no solo su aspecto f\u00edsico cambio, tambi\u00e9n su lenguaje corporal se ve por completo re escrito para darle fidelidad a su personaje. Jared Leto no solo cumpli\u00f3, excedi\u00f3 las expectativas a todas luces. Y no solo el.<\/p>\n<p><a href=\"http:\/\/www.imdb.com\/name\/nm0000190\/?ref_=tt_ov_st\">Matthew McConaughey <\/a>con esta actuaci\u00f3n puede mirar de &#8220;tu a tu&#8221; a <a href=\"http:\/\/www.imdb.com\/name\/nm0000288\/?ref_=nv_sr_3\">Christian Bale<\/a> (tambi\u00e9n nominado a mejor actor) y no solo salir bien librado, sino decir que es el mejor. La transformaci\u00f3n f\u00edsica tambi\u00e9n esta presente (aunque esto es cada vez menos sorprendente entre los actores), pero no es esa su carta mas fuerte en esta ocasi\u00f3n. McConaughey se encarna en el personaje, lo vive, es el. A excepci\u00f3n de los 3 primeros minutos de pel\u00edcula uno simplemente no puede reconocer a este actor. Logra hacernos olvidar todos los estereotipos a los que nos tiene acostumbrados de actuaciones pasadas. Realmente logra un &#8220;borr\u00f3n y cuenta nueva&#8221; de una manera sorprendente.<\/p>\n<p>Si bien la historia no es algo fuera de este mundo El Club de los Desahuciados hace gala de una buena y fluida narrativa. Cumple con envolver al espectador (mas que nada con las actuaciones) y aunque los clich\u00e9s est\u00e1n presentes -\u00bfCuando no?- esta es una cinta que brilla con pocos o ning\u00fan &#8220;pero&#8221;.<\/p>\n<p>Esta es una excelente pel\u00edcula que se sostiene en las actuaciones de sus dos protagonistas principales, y, sobre todo, -casi- anuncia el nombre que se mencionara cuando el premio a mejor actor sea entregado en la pr\u00f3xima entrega de los oscares.<\/p>\n<p>Por: @ncc19825 \/ ncc19825@gmail.com<\/p>\n<p>El avance:<\/p>\n<p><span class=\"embed-youtube\" style=\"text-align:center; display: block;\"><iframe class=\"youtube-player\" width=\"1200\" height=\"675\" src=\"https:\/\/www.youtube.com\/embed\/uVwOaqPp4lo?version=3&#038;rel=1&#038;showsearch=0&#038;showinfo=1&#038;iv_load_policy=1&#038;fs=1&#038;hl=es-MX&#038;autohide=2&#038;wmode=transparent\" allowfullscreen=\"true\" style=\"border:0;\" sandbox=\"allow-scripts allow-same-origin allow-popups allow-presentation allow-popups-to-escape-sandbox\"><\/iframe><\/span><\/p>\n","protected":false},"excerpt":{"rendered":"Director: Jean-Marc Valle\u00e9 Escritores: Craig Borten, Melisa Wallack Protagonistas: Matthew McConaughey, Jared Leto, Jennifer Garner A\u00f1o: 2013 Las&hellip;\n","protected":false},"author":86,"featured_media":12588,"comment_status":"open","ping_status":"open","sticky":false,"template":"","format":"standard","meta":{"jetpack_post_was_ever_published":false,"_jetpack_newsletter_access":"","_jetpack_dont_email_post_to_subs":false,"_jetpack_newsletter_tier_id":0,"_jetpack_memberships_contains_paywalled_content":false,"_jetpack_memberships_contains_paid_content":false,"footnotes":"","jetpack_publicize_message":"","jetpack_publicize_feature_enabled":true,"jetpack_social_post_already_shared":true,"jetpack_social_options":{"image_generator_settings":{"template":"highway","default_image_id":0,"font":"","enabled":false},"version":2}},"categories":[],"tags":[],"class_list":{"0":"post-12585","1":"post","2":"type-post","3":"status-publish","4":"format-standard","5":"has-post-thumbnail","7":"cs-entry","8":"cs-video-wrap"},"yoast_head":"<!-- This site is optimized with the Yoast SEO plugin v27.4 - https:\/\/yoast.com\/product\/yoast-seo-wordpress\/ -->\n<title>El Club de los Desahuciados. Una opini\u00f3n. - Kalot<\/title>\n<meta name=\"description\" content=\"Director: Jean-Marc Valle\u00e9 Escritores: Craig Borten, Melisa Wallack Protagonistas: Matthew McConaughey, Jared Leto, Jennifer Garner A\u00f1o: 2013 Las\" \/>\n<meta name=\"robots\" content=\"index, follow, max-snippet:-1, max-image-preview:large, max-video-preview:-1\" \/>\n<link rel=\"canonical\" href=\"https:\/\/kalot.com.mx\/site\/2014\/02\/26\/el-club-de-los-desahuciados\/\" \/>\n<meta property=\"og:locale\" content=\"es_MX\" \/>\n<meta property=\"og:type\" content=\"article\" \/>\n<meta property=\"og:title\" content=\"El Club de los Desahuciados. Una opini\u00f3n. - Kalot\" \/>\n<meta property=\"og:description\" content=\"Director: Jean-Marc Valle\u00e9 Escritores: Craig Borten, Melisa Wallack Protagonistas: Matthew McConaughey, Jared Leto, Jennifer Garner A\u00f1o: 2013 Las\" \/>\n<meta property=\"og:url\" content=\"https:\/\/kalot.com.mx\/site\/2014\/02\/26\/el-club-de-los-desahuciados\/\" \/>\n<meta property=\"og:site_name\" content=\"Kalot\" \/>\n<meta property=\"article:publisher\" content=\"http:\/\/facebook.com\/mxkalot\" \/>\n<meta property=\"article:published_time\" content=\"2014-02-27T05:25:48+00:00\" \/>\n<meta property=\"article:modified_time\" content=\"2014-02-27T05:30:31+00:00\" \/>\n<meta property=\"og:image\" content=\"https:\/\/i2.wp.com\/kalot.com.mx\/site\/wp-content\/uploads\/2014\/02\/hr_Dallas_Buyers_Club_10.jpg?fit=864%2C1280&ssl=1\" \/>\n\t<meta property=\"og:image:width\" content=\"864\" \/>\n\t<meta property=\"og:image:height\" content=\"1280\" \/>\n\t<meta property=\"og:image:type\" content=\"image\/jpeg\" \/>\n<meta name=\"author\" content=\"Esteban Cort\u00e9s\" \/>\n<meta name=\"twitter:card\" content=\"summary_large_image\" \/>\n<meta name=\"twitter:creator\" content=\"@kalotmx\" \/>\n<meta name=\"twitter:site\" content=\"@kalotmx\" \/>\n<meta name=\"twitter:label1\" content=\"Escrito por\" \/>\n\t<meta name=\"twitter:data1\" content=\"Esteban Cort\u00e9s\" \/>\n\t<meta name=\"twitter:label2\" content=\"Tiempo de lectura\" \/>\n\t<meta name=\"twitter:data2\" content=\"2 minutos\" \/>\n<!-- \/ Yoast SEO plugin. -->","yoast_head_json":{"title":"El Club de los Desahuciados. Una opini\u00f3n. - Kalot","description":"Director: Jean-Marc Valle\u00e9 Escritores: Craig Borten, Melisa Wallack Protagonistas: Matthew McConaughey, Jared Leto, Jennifer Garner A\u00f1o: 2013 Las","robots":{"index":"index","follow":"follow","max-snippet":"max-snippet:-1","max-image-preview":"max-image-preview:large","max-video-preview":"max-video-preview:-1"},"canonical":"https:\/\/kalot.com.mx\/site\/2014\/02\/26\/el-club-de-los-desahuciados\/","og_locale":"es_MX","og_type":"article","og_title":"El Club de los Desahuciados. Una opini\u00f3n. - Kalot","og_description":"Director: Jean-Marc Valle\u00e9 Escritores: Craig Borten, Melisa Wallack Protagonistas: Matthew McConaughey, Jared Leto, Jennifer Garner A\u00f1o: 2013 Las","og_url":"https:\/\/kalot.com.mx\/site\/2014\/02\/26\/el-club-de-los-desahuciados\/","og_site_name":"Kalot","article_publisher":"http:\/\/facebook.com\/mxkalot","article_published_time":"2014-02-27T05:25:48+00:00","article_modified_time":"2014-02-27T05:30:31+00:00","og_image":[{"width":864,"height":1280,"url":"https:\/\/i2.wp.com\/kalot.com.mx\/site\/wp-content\/uploads\/2014\/02\/hr_Dallas_Buyers_Club_10.jpg?fit=864%2C1280&ssl=1","type":"image\/jpeg"}],"author":"Esteban Cort\u00e9s","twitter_card":"summary_large_image","twitter_creator":"@kalotmx","twitter_site":"@kalotmx","twitter_misc":{"Escrito por":"Esteban Cort\u00e9s","Tiempo de lectura":"2 minutos"},"schema":{"@context":"https:\/\/schema.org","@graph":[{"@type":"Article","@id":"https:\/\/kalot.com.mx\/site\/2014\/02\/26\/el-club-de-los-desahuciados\/#article","isPartOf":{"@id":"https:\/\/kalot.com.mx\/site\/2014\/02\/26\/el-club-de-los-desahuciados\/"},"author":{"name":"Esteban Cort\u00e9s","@id":"https:\/\/kalot.com.mx\/site\/#\/schema\/person\/d43b0c798f3b78b46f8fbe4b40d4cfad"},"headline":"El Club de los Desahuciados. Una opini\u00f3n.","datePublished":"2014-02-27T05:25:48+00:00","dateModified":"2014-02-27T05:30:31+00:00","mainEntityOfPage":{"@id":"https:\/\/kalot.com.mx\/site\/2014\/02\/26\/el-club-de-los-desahuciados\/"},"wordCount":496,"commentCount":0,"publisher":{"@id":"https:\/\/kalot.com.mx\/site\/#organization"},"image":{"@id":"https:\/\/kalot.com.mx\/site\/2014\/02\/26\/el-club-de-los-desahuciados\/#primaryimage"},"thumbnailUrl":"https:\/\/i0.wp.com\/kalot.com.mx\/site\/wp-content\/uploads\/2014\/02\/hr_Dallas_Buyers_Club_10.jpg?fit=864%2C1280&ssl=1","inLanguage":"es","potentialAction":[{"@type":"CommentAction","name":"Comment","target":["https:\/\/kalot.com.mx\/site\/2014\/02\/26\/el-club-de-los-desahuciados\/#respond"]}]},{"@type":"WebPage","@id":"https:\/\/kalot.com.mx\/site\/2014\/02\/26\/el-club-de-los-desahuciados\/","url":"https:\/\/kalot.com.mx\/site\/2014\/02\/26\/el-club-de-los-desahuciados\/","name":"El Club de los Desahuciados. Una opini\u00f3n. - Kalot","isPartOf":{"@id":"https:\/\/kalot.com.mx\/site\/#website"},"primaryImageOfPage":{"@id":"https:\/\/kalot.com.mx\/site\/2014\/02\/26\/el-club-de-los-desahuciados\/#primaryimage"},"image":{"@id":"https:\/\/kalot.com.mx\/site\/2014\/02\/26\/el-club-de-los-desahuciados\/#primaryimage"},"thumbnailUrl":"https:\/\/i0.wp.com\/kalot.com.mx\/site\/wp-content\/uploads\/2014\/02\/hr_Dallas_Buyers_Club_10.jpg?fit=864%2C1280&ssl=1","datePublished":"2014-02-27T05:25:48+00:00","dateModified":"2014-02-27T05:30:31+00:00","description":"Director: Jean-Marc Valle\u00e9 Escritores: Craig Borten, Melisa Wallack Protagonistas: Matthew McConaughey, Jared Leto, Jennifer Garner A\u00f1o: 2013 Las","breadcrumb":{"@id":"https:\/\/kalot.com.mx\/site\/2014\/02\/26\/el-club-de-los-desahuciados\/#breadcrumb"},"inLanguage":"es","potentialAction":[{"@type":"ReadAction","target":["https:\/\/kalot.com.mx\/site\/2014\/02\/26\/el-club-de-los-desahuciados\/"]}]},{"@type":"ImageObject","inLanguage":"es","@id":"https:\/\/kalot.com.mx\/site\/2014\/02\/26\/el-club-de-los-desahuciados\/#primaryimage","url":"https:\/\/i0.wp.com\/kalot.com.mx\/site\/wp-content\/uploads\/2014\/02\/hr_Dallas_Buyers_Club_10.jpg?fit=864%2C1280&ssl=1","contentUrl":"https:\/\/i0.wp.com\/kalot.com.mx\/site\/wp-content\/uploads\/2014\/02\/hr_Dallas_Buyers_Club_10.jpg?fit=864%2C1280&ssl=1","width":864,"height":1280},{"@type":"BreadcrumbList","@id":"https:\/\/kalot.com.mx\/site\/2014\/02\/26\/el-club-de-los-desahuciados\/#breadcrumb","itemListElement":[{"@type":"ListItem","position":1,"name":"Home","item":"https:\/\/kalot.com.mx\/site\/"},{"@type":"ListItem","position":2,"name":"El Club de los Desahuciados. Una opini\u00f3n."}]},{"@type":"WebSite","@id":"https:\/\/kalot.com.mx\/site\/#website","url":"https:\/\/kalot.com.mx\/site\/","name":"Kalot","description":"Conoce Todo Sobre Todo","publisher":{"@id":"https:\/\/kalot.com.mx\/site\/#organization"},"potentialAction":[{"@type":"SearchAction","target":{"@type":"EntryPoint","urlTemplate":"https:\/\/kalot.com.mx\/site\/?s={search_term_string}"},"query-input":{"@type":"PropertyValueSpecification","valueRequired":true,"valueName":"search_term_string"}}],"inLanguage":"es"},{"@type":"Organization","@id":"https:\/\/kalot.com.mx\/site\/#organization","name":"Kalot","url":"https:\/\/kalot.com.mx\/site\/","logo":{"@type":"ImageObject","inLanguage":"es","@id":"https:\/\/kalot.com.mx\/site\/#\/schema\/logo\/image\/","url":"https:\/\/i0.wp.com\/kalot.com.mx\/site\/wp-content\/uploads\/2020\/04\/Kalot-logo-sin-tagline.png?fit=1707%2C1014&ssl=1","contentUrl":"https:\/\/i0.wp.com\/kalot.com.mx\/site\/wp-content\/uploads\/2020\/04\/Kalot-logo-sin-tagline.png?fit=1707%2C1014&ssl=1","width":1707,"height":1014,"caption":"Kalot"},"image":{"@id":"https:\/\/kalot.com.mx\/site\/#\/schema\/logo\/image\/"},"sameAs":["http:\/\/facebook.com\/mxkalot","https:\/\/x.com\/kalotmx","http:\/\/instagram.com\/kalotmx","http:\/\/pinterest.com\/jorgeerana\/kalot"]},{"@type":"Person","@id":"https:\/\/kalot.com.mx\/site\/#\/schema\/person\/d43b0c798f3b78b46f8fbe4b40d4cfad","name":"Esteban Cort\u00e9s","image":{"@type":"ImageObject","inLanguage":"es","@id":"https:\/\/secure.gravatar.com\/avatar\/cf456593a6d0a3e172831b08de47714b738c96e0e58bb9f8d38ff73e4a4ce5c7?s=96&d=mm&r=g","url":"https:\/\/secure.gravatar.com\/avatar\/cf456593a6d0a3e172831b08de47714b738c96e0e58bb9f8d38ff73e4a4ce5c7?s=96&d=mm&r=g","contentUrl":"https:\/\/secure.gravatar.com\/avatar\/cf456593a6d0a3e172831b08de47714b738c96e0e58bb9f8d38ff73e4a4ce5c7?s=96&d=mm&r=g","caption":"Esteban Cort\u00e9s"},"url":"https:\/\/kalot.com.mx\/site\/author\/esteban\/"}]}},"jetpack_publicize_connections":[],"jetpack_featured_media_url":"https:\/\/i0.wp.com\/kalot.com.mx\/site\/wp-content\/uploads\/2014\/02\/hr_Dallas_Buyers_Club_10.jpg?fit=864%2C1280&ssl=1","jetpack_shortlink":"https:\/\/wp.me\/p6IHEI-3gZ","jetpack-related-posts":[{"id":30863,"url":"https:\/\/kalot.com.mx\/site\/2018\/12\/22\/el-proyecto-williamson-una-serie-documental-de-netflix\/","url_meta":{"origin":12585,"position":0},"title":"El proyecto Williamson: Una serie documental de Netflix","author":"Marani Ceja","date":"22 diciembre, 2018","format":false,"excerpt":"Culpables o inocentes, te quedar\u00e1s con la duda hasta el final Ada, Oklahoma, dos asesinatos y John Grisham, si te suena el nombre y su libro The Innocent Man, uno de sus m\u00e1s vendidos, tal vez sepas un poco de lo que trata esta serie, y sino lo ubicas, es\u2026","rel":"","context":"En &quot;Series&quot;","block_context":{"text":"Series","link":"https:\/\/kalot.com.mx\/site\/category\/series\/"},"img":{"alt_text":"","src":"https:\/\/i0.wp.com\/kalot.com.mx\/site\/wp-content\/uploads\/2018\/12\/450_1000.jpg?fit=450%2C253&ssl=1&resize=350%2C200","width":350,"height":200},"classes":[]},{"id":26125,"url":"https:\/\/kalot.com.mx\/site\/2016\/09\/11\/laresenafrancesa-en-nombre-mi-hija-tourcinefrances\/","url_meta":{"origin":12585,"position":1},"title":"#LaRese\u00f1aFrancesa: En el Nombre de mi Hija @tourcinefrances","author":"yash","date":"11 septiembre, 2016","format":false,"excerpt":"Un drama inspirado en hechos reales que nos muestra una historia muy cruda relatada de gran manera. En el nombre de mi hija (Au nom de ma fille) es una historia inspirada en hechos reales que nos cuenta de una manera muy cruda el calvario que tuvo que pasar un\u2026","rel":"","context":"En &quot;Cine&quot;","block_context":{"text":"Cine","link":"https:\/\/kalot.com.mx\/site\/category\/cine\/"},"img":{"alt_text":"","src":"https:\/\/i0.wp.com\/kalot.com.mx\/site\/wp-content\/uploads\/2016\/09\/en_el_nombre_de_mi_hija.jpg?fit=1200%2C812&ssl=1&resize=350%2C200","width":350,"height":200,"srcset":"https:\/\/i0.wp.com\/kalot.com.mx\/site\/wp-content\/uploads\/2016\/09\/en_el_nombre_de_mi_hija.jpg?fit=1200%2C812&ssl=1&resize=350%2C200 1x, https:\/\/i0.wp.com\/kalot.com.mx\/site\/wp-content\/uploads\/2016\/09\/en_el_nombre_de_mi_hija.jpg?fit=1200%2C812&ssl=1&resize=525%2C300 1.5x, https:\/\/i0.wp.com\/kalot.com.mx\/site\/wp-content\/uploads\/2016\/09\/en_el_nombre_de_mi_hija.jpg?fit=1200%2C812&ssl=1&resize=700%2C400 2x, https:\/\/i0.wp.com\/kalot.com.mx\/site\/wp-content\/uploads\/2016\/09\/en_el_nombre_de_mi_hija.jpg?fit=1200%2C812&ssl=1&resize=1050%2C600 3x"},"classes":[]},{"id":22333,"url":"https:\/\/kalot.com.mx\/site\/2015\/07\/17\/the-revenant-lo-nuevo-de-inarritu\/","url_meta":{"origin":12585,"position":2},"title":"The Revenant: Lo Nuevo de I\u00f1\u00e1rritu","author":"yash","date":"17 julio, 2015","format":false,"excerpt":"El multipremiado director mexicano\u00a0Alejandro Gonz\u00e1lez I\u00f1\u00e1rritu regresa con una nueva propuesta cinematogr\u00e1fica:\u00a0The Revenant, la cual ser\u00e1 protagonizada por\u00a0Leonardo DiCaprio y Tom Hardy. La pel\u00edcula estar\u00e1 basada en hechos reales y contar\u00e1 la historia de\u00a0Hugh Glass (DiCaprio), un cazador y explorador\u00a0estadounidense del siglo XIX,\u00a0que es atacado brutalmente por un oso y\u00a0termina\u2026","rel":"","context":"Entrada similar ","block_context":{"text":"Entrada similar ","link":""},"img":{"alt_text":"","src":"https:\/\/i0.wp.com\/kalot.com.mx\/site\/wp-content\/uploads\/2015\/07\/TheRevenant.jpg?fit=1200%2C675&ssl=1&resize=350%2C200","width":350,"height":200,"srcset":"https:\/\/i0.wp.com\/kalot.com.mx\/site\/wp-content\/uploads\/2015\/07\/TheRevenant.jpg?fit=1200%2C675&ssl=1&resize=350%2C200 1x, https:\/\/i0.wp.com\/kalot.com.mx\/site\/wp-content\/uploads\/2015\/07\/TheRevenant.jpg?fit=1200%2C675&ssl=1&resize=525%2C300 1.5x, https:\/\/i0.wp.com\/kalot.com.mx\/site\/wp-content\/uploads\/2015\/07\/TheRevenant.jpg?fit=1200%2C675&ssl=1&resize=700%2C400 2x, https:\/\/i0.wp.com\/kalot.com.mx\/site\/wp-content\/uploads\/2015\/07\/TheRevenant.jpg?fit=1200%2C675&ssl=1&resize=1050%2C600 3x"},"classes":[]},{"id":19004,"url":"https:\/\/kalot.com.mx\/site\/2014\/10\/29\/trailer-final-de-sinsajo-parte-1\/","url_meta":{"origin":12585,"position":3},"title":"Trailer final de Sinsajo &#8211; Parte 1","author":"Ivan Mendez","date":"29 octubre, 2014","format":false,"excerpt":"Estamos a menos de un mes para el el estreno mas esperado del a\u00f1o, Los Juegos del Hambre: Sinsajo - parte 1, \u00a0llega a las salas de todo el pa\u00eds este 20 de Noviembre. La \u00fanica franquicia de pel\u00edculas basadas en libros que ha tenido verdadero \u00e9xito despu\u00e9s de Harry\u2026","rel":"","context":"Entrada similar ","block_context":{"text":"Entrada similar ","link":""},"img":{"alt_text":"","src":"https:\/\/i0.wp.com\/kalot.com.mx\/site\/wp-content\/uploads\/2014\/10\/10726766_10152898168692664_1541026163_n.jpg?fit=960%2C539&ssl=1&resize=350%2C200","width":350,"height":200,"srcset":"https:\/\/i0.wp.com\/kalot.com.mx\/site\/wp-content\/uploads\/2014\/10\/10726766_10152898168692664_1541026163_n.jpg?fit=960%2C539&ssl=1&resize=350%2C200 1x, https:\/\/i0.wp.com\/kalot.com.mx\/site\/wp-content\/uploads\/2014\/10\/10726766_10152898168692664_1541026163_n.jpg?fit=960%2C539&ssl=1&resize=525%2C300 1.5x, https:\/\/i0.wp.com\/kalot.com.mx\/site\/wp-content\/uploads\/2014\/10\/10726766_10152898168692664_1541026163_n.jpg?fit=960%2C539&ssl=1&resize=700%2C400 2x"},"classes":[]},{"id":12574,"url":"https:\/\/kalot.com.mx\/site\/2014\/02\/26\/filomena-sorpresa-nominadas\/","url_meta":{"origin":12585,"position":4},"title":"Filomena: La Sorpresa de las Nominadas","author":"Beto Mart\u00ednez","date":"26 febrero, 2014","format":false,"excerpt":"Sin duda alguna yo pensaba como la mayor\u00eda de ustedes, \u201cFilomena\u201d es la \u00faltima opci\u00f3n para ver de las nominadas, y en primer lugar \u00bfQu\u00e9 est\u00e1 haciendo esa pel\u00edcula nominada a Mejor Pel\u00edcula para los \u00d3scares?. La respuesta obviamente la sabes hasta que la ves y es que la publicidad\u2026","rel":"","context":"Entrada similar ","block_context":{"text":"Entrada similar ","link":""},"img":{"alt_text":"","src":"https:\/\/i0.wp.com\/kalot.com.mx\/site\/wp-content\/uploads\/2014\/02\/Philomena-p-3.jpg?fit=809%2C871&ssl=1&resize=350%2C200","width":350,"height":200,"srcset":"https:\/\/i0.wp.com\/kalot.com.mx\/site\/wp-content\/uploads\/2014\/02\/Philomena-p-3.jpg?fit=809%2C871&ssl=1&resize=350%2C200 1x, https:\/\/i0.wp.com\/kalot.com.mx\/site\/wp-content\/uploads\/2014\/02\/Philomena-p-3.jpg?fit=809%2C871&ssl=1&resize=525%2C300 1.5x, https:\/\/i0.wp.com\/kalot.com.mx\/site\/wp-content\/uploads\/2014\/02\/Philomena-p-3.jpg?fit=809%2C871&ssl=1&resize=700%2C400 2x"},"classes":[]},{"id":30845,"url":"https:\/\/kalot.com.mx\/site\/2018\/12\/19\/terror-sin-esencia-el-declive-de-un-genero-cinematografico\/","url_meta":{"origin":12585,"position":5},"title":"Terror sin Esencia: el declive de un g\u00e9nero cinematogr\u00e1fico","author":"Bryan Pichardo","date":"19 diciembre, 2018","format":false,"excerpt":"Octubre ha quedado en el pasado y con ella la temporada de pel\u00edculas de \"terror\" que cada a\u00f1o azotan la taquilla abarrotando las salas de cine, y no es para menos, el\u00a0 g\u00e9nero siempre ha gozado de especial popularidad entre el p\u00fablico desde los inicios de este arte. Ahora, con\u2026","rel":"","context":"En &quot;Cine&quot;","block_context":{"text":"Cine","link":"https:\/\/kalot.com.mx\/site\/category\/cine\/"},"img":{"alt_text":"","src":"https:\/\/i0.wp.com\/kalot.com.mx\/site\/wp-content\/uploads\/2018\/12\/peliculas-de-terror-donde-ocurrieron-muertes-reales.jpg?fit=1200%2C675&ssl=1&resize=350%2C200","width":350,"height":200,"srcset":"https:\/\/i0.wp.com\/kalot.com.mx\/site\/wp-content\/uploads\/2018\/12\/peliculas-de-terror-donde-ocurrieron-muertes-reales.jpg?fit=1200%2C675&ssl=1&resize=350%2C200 1x, https:\/\/i0.wp.com\/kalot.com.mx\/site\/wp-content\/uploads\/2018\/12\/peliculas-de-terror-donde-ocurrieron-muertes-reales.jpg?fit=1200%2C675&ssl=1&resize=525%2C300 1.5x, https:\/\/i0.wp.com\/kalot.com.mx\/site\/wp-content\/uploads\/2018\/12\/peliculas-de-terror-donde-ocurrieron-muertes-reales.jpg?fit=1200%2C675&ssl=1&resize=700%2C400 2x, https:\/\/i0.wp.com\/kalot.com.mx\/site\/wp-content\/uploads\/2018\/12\/peliculas-de-terror-donde-ocurrieron-muertes-reales.jpg?fit=1200%2C675&ssl=1&resize=1050%2C600 3x"},"classes":[]}],"jetpack_sharing_enabled":true,"_links":{"self":[{"href":"https:\/\/kalot.com.mx\/site\/wp-json\/wp\/v2\/posts\/12585","targetHints":{"allow":["GET"]}}],"collection":[{"href":"https:\/\/kalot.com.mx\/site\/wp-json\/wp\/v2\/posts"}],"about":[{"href":"https:\/\/kalot.com.mx\/site\/wp-json\/wp\/v2\/types\/post"}],"author":[{"embeddable":true,"href":"https:\/\/kalot.com.mx\/site\/wp-json\/wp\/v2\/users\/86"}],"replies":[{"embeddable":true,"href":"https:\/\/kalot.com.mx\/site\/wp-json\/wp\/v2\/comments?post=12585"}],"version-history":[{"count":0,"href":"https:\/\/kalot.com.mx\/site\/wp-json\/wp\/v2\/posts\/12585\/revisions"}],"wp:featuredmedia":[{"embeddable":true,"href":"https:\/\/kalot.com.mx\/site\/wp-json\/wp\/v2\/media\/12588"}],"wp:attachment":[{"href":"https:\/\/kalot.com.mx\/site\/wp-json\/wp\/v2\/media?parent=12585"}],"wp:term":[{"taxonomy":"category","embeddable":true,"href":"https:\/\/kalot.com.mx\/site\/wp-json\/wp\/v2\/categories?post=12585"},{"taxonomy":"post_tag","embeddable":true,"href":"https:\/\/kalot.com.mx\/site\/wp-json\/wp\/v2\/tags?post=12585"}],"curies":[{"name":"wp","href":"https:\/\/api.w.org\/{rel}","templated":true}]}}