{"id":121,"date":"2013-09-01T00:59:03","date_gmt":"2013-09-01T00:59:03","guid":{"rendered":"http:\/\/www.kalot.com.mx\/?p=121"},"modified":"2013-09-01T19:37:35","modified_gmt":"2013-09-01T19:37:35","slug":"krispy-kreme-de-que-lado-estas-tu-evento-inauguracion-plaza-citadella","status":"publish","type":"post","link":"https:\/\/kalot.com.mx\/site\/2013\/09\/01\/krispy-kreme-de-que-lado-estas-tu-evento-inauguracion-plaza-citadella\/","title":{"rendered":"Krispy Kreme, \u00bfDe qu\u00e9 lado est\u00e1s t\u00fa? Evento Inauguraci\u00f3n Plaza Citadella"},"content":{"rendered":"<p><strong>Krispy Kreme,<\/strong> el tema de controversia en SLP en las \u00faltimas semanas.<\/p>\n<p>Como ya sabr\u00e1n Krispy Kreme es una cadena americana de d\u00f3nuts y caf\u00e9, con sede en Winston-Salem, Carolina del Norte (Estados Unidos). El grupo se fund\u00f3 en 1937, y adem\u00e1s de contar con restaurantes en la mayor parte del pa\u00eds, vende sus productos en gasolineras, puntos de venta (franquicias), centros comerciales e hipermercados como Walmart.<\/p>\n<p>Pues bien, aunque no sean de tu completo agrado las renombradas donas habr\u00e1s notado que \u00faltimamente la actividad en redes sociales, spots de radio, televisi\u00f3n local y publicidad impresa ha estado dedicado esfuerzos humanos y econ\u00f3micos al gran lanzamiento de estas dos sucursales en nuestra ciudad.<\/p>\n<p><a href=\"https:\/\/i0.wp.com\/www.kalot.com.mx\/wp-content\/uploads\/2013\/08\/20130831-182513.jpg\"><img data-recalc-dims=\"1\" decoding=\"async\" class=\"alignnone size-full\" alt=\"20130831-182513.jpg\" src=\"https:\/\/i0.wp.com\/www.kalot.com.mx\/wp-content\/uploads\/2013\/08\/20130831-182513.jpg?w=1200\" \/><\/a><\/p>\n<p>La controversia entra al crearse un choque fuerte de ideolog\u00edas, conceptos sobre estatus social, una err\u00f3nea idea del costo\/beneficio que ofrece el producto, sobrevaloraci\u00f3n del producto estrella de la compa\u00f1\u00eda y un sinn\u00famero de factores que diferentes personas han expresado que han etiquetado a la marca para su lanzamiento en SLP.<\/p>\n<p>En redes sociales ha tenido un auge impresionante con los dos lados de la moneda. Por un lado vemos fotograf\u00edas y m\u00e1s fotograf\u00edas en Instagram, Facebook, Twitter y dem\u00e1s redes con comentarios favorables hacia la marca, su sabor, precio, calidad, etc. Es tan fuerte el valor de marca y la fidelidad de sus nuevos y actuales clientes que, de acuerdo a versiones de asistentes a la inauguraci\u00f3n, se comenta que varias personas se quedaron a dormir en las instalaciones de Plaza Citadella y otros simplemente llegaron muy temprano.<\/p>\n<p>Por otra parte tenemos el lado m\u00e1s crudo de la moneda, una perspectiva que ha intentado manchar y sobajar la marca y sus productos comercializados, con comentarios en redes sociales y de boca en boca criticando a las personas que han creado este nuevo v\u00ednculo con la compa\u00f1\u00eda americana. Comentarios que probablemente han logrado que m\u00e1s de uno se sume y se contagie con la percepci\u00f3n de los involucrados.<\/p>\n<p>Personalmente considero que fuera de la afici\u00f3n y el v\u00ednculo que lograron crear con la apertura de esta nueva cadena en la ciudad, nos encontramos de frente a un crecimiento exponencial de nuestra ciudad. Aperturas de tiendas como la mencionada, o el caso de <strong>Best Buy<\/strong> est\u00e1n logrando atraer la atenci\u00f3n de inversionistas de gran peso a SLP, un punto bueno para el mercado potosino ofreci\u00e9ndonos una m\u00e1s amplia variedad de productos y servicios, fomentando la competencia entre empresas y ofreciendo mayores ventajas al mercado potosino.<\/p>\n<p>\u00bfQu\u00e9 opinas del art\u00edculo? \u00bfHubo alg\u00fan cambio de comportamiento de ustedes hacia la marca despu\u00e9s de los comentarios en redes sociales que se presentaron en los \u00faltimos d\u00edas?<\/p>\n<p>Nos leemos pronto<br \/>\nRecuerden que pueden seguirme en mi cuenta de twitter <a href=\"http:\/\/www.twitter.com\/jorge_erana\">@jorge_erana<\/a><\/p>\n<p><a href=\"https:\/\/i0.wp.com\/www.kalot.com.mx\/wp-content\/uploads\/2013\/09\/20130831-195748.jpg\"><img data-recalc-dims=\"1\" decoding=\"async\" class=\"alignnone size-full\" alt=\"20130831-195748.jpg\" src=\"https:\/\/i0.wp.com\/www.kalot.com.mx\/wp-content\/uploads\/2013\/09\/20130831-195748.jpg?w=1200\" \/><\/a><\/p>\n","protected":false},"excerpt":{"rendered":"Krispy Kreme, el tema de controversia en SLP en las \u00faltimas semanas. Como ya sabr\u00e1n Krispy Kreme es&hellip;\n","protected":false},"author":1,"featured_media":145,"comment_status":"open","ping_status":"open","sticky":false,"template":"","format":"standard","meta":{"jetpack_post_was_ever_published":false,"_jetpack_newsletter_access":"","_jetpack_dont_email_post_to_subs":false,"_jetpack_newsletter_tier_id":0,"_jetpack_memberships_contains_paywalled_content":false,"_jetpack_memberships_contains_paid_content":false,"footnotes":"","jetpack_publicize_message":"","jetpack_publicize_feature_enabled":true,"jetpack_social_post_already_shared":true,"jetpack_social_options":{"image_generator_settings":{"template":"highway","default_image_id":0,"font":"","enabled":false},"version":2}},"categories":[],"tags":[],"class_list":{"0":"post-121","1":"post","2":"type-post","3":"status-publish","4":"format-standard","5":"has-post-thumbnail","7":"cs-entry","8":"cs-video-wrap"},"yoast_head":"<!-- This site is optimized with the Yoast SEO plugin v27.4 - https:\/\/yoast.com\/product\/yoast-seo-wordpress\/ -->\n<title>Krispy Kreme, \u00bfDe qu\u00e9 lado est\u00e1s t\u00fa? Evento Inauguraci\u00f3n Plaza Citadella - Kalot<\/title>\n<meta name=\"description\" content=\"Krispy Kreme, el tema de controversia en SLP en las \u00faltimas semanas. Como ya sabr\u00e1n Krispy Kreme es una cadena americana de d\u00f3nuts y caf\u00e9, con sede en\" \/>\n<meta name=\"robots\" content=\"index, follow, max-snippet:-1, max-image-preview:large, max-video-preview:-1\" \/>\n<link rel=\"canonical\" href=\"https:\/\/kalot.com.mx\/site\/2013\/09\/01\/krispy-kreme-de-que-lado-estas-tu-evento-inauguracion-plaza-citadella\/\" \/>\n<meta property=\"og:locale\" content=\"es_MX\" \/>\n<meta property=\"og:type\" content=\"article\" \/>\n<meta property=\"og:title\" content=\"Krispy Kreme, \u00bfDe qu\u00e9 lado est\u00e1s t\u00fa? Evento Inauguraci\u00f3n Plaza Citadella - Kalot\" \/>\n<meta property=\"og:description\" content=\"Krispy Kreme, el tema de controversia en SLP en las \u00faltimas semanas. Como ya sabr\u00e1n Krispy Kreme es una cadena americana de d\u00f3nuts y caf\u00e9, con sede en\" \/>\n<meta property=\"og:url\" content=\"https:\/\/kalot.com.mx\/site\/2013\/09\/01\/krispy-kreme-de-que-lado-estas-tu-evento-inauguracion-plaza-citadella\/\" \/>\n<meta property=\"og:site_name\" content=\"Kalot\" \/>\n<meta property=\"article:publisher\" content=\"http:\/\/facebook.com\/mxkalot\" \/>\n<meta property=\"article:author\" content=\"http:\/\/www.facebook.com\/jorgeerana\" \/>\n<meta property=\"article:published_time\" content=\"2013-09-01T00:59:03+00:00\" \/>\n<meta property=\"article:modified_time\" content=\"2013-09-01T19:37:35+00:00\" \/>\n<meta property=\"og:image\" content=\"https:\/\/i1.wp.com\/kalot.com.mx\/site\/wp-content\/uploads\/2013\/08\/20130831-180815.jpg?fit=1868%2C1868&ssl=1\" \/>\n\t<meta property=\"og:image:width\" content=\"1868\" \/>\n\t<meta property=\"og:image:height\" content=\"1868\" \/>\n\t<meta property=\"og:image:type\" content=\"image\/jpeg\" \/>\n<meta name=\"author\" content=\"Jorge Era\u00f1a\" \/>\n<meta name=\"twitter:card\" content=\"summary_large_image\" \/>\n<meta name=\"twitter:creator\" content=\"@jorge_erana\" \/>\n<meta name=\"twitter:site\" content=\"@kalotmx\" \/>\n<meta name=\"twitter:label1\" content=\"Escrito por\" \/>\n\t<meta name=\"twitter:data1\" content=\"Jorge Era\u00f1a\" \/>\n\t<meta name=\"twitter:label2\" content=\"Tiempo de lectura\" \/>\n\t<meta name=\"twitter:data2\" content=\"2 minutos\" \/>\n<!-- \/ Yoast SEO plugin. -->","yoast_head_json":{"title":"Krispy Kreme, \u00bfDe qu\u00e9 lado est\u00e1s t\u00fa? Evento Inauguraci\u00f3n Plaza Citadella - Kalot","description":"Krispy Kreme, el tema de controversia en SLP en las \u00faltimas semanas. Como ya sabr\u00e1n Krispy Kreme es una cadena americana de d\u00f3nuts y caf\u00e9, con sede en","robots":{"index":"index","follow":"follow","max-snippet":"max-snippet:-1","max-image-preview":"max-image-preview:large","max-video-preview":"max-video-preview:-1"},"canonical":"https:\/\/kalot.com.mx\/site\/2013\/09\/01\/krispy-kreme-de-que-lado-estas-tu-evento-inauguracion-plaza-citadella\/","og_locale":"es_MX","og_type":"article","og_title":"Krispy Kreme, \u00bfDe qu\u00e9 lado est\u00e1s t\u00fa? Evento Inauguraci\u00f3n Plaza Citadella - Kalot","og_description":"Krispy Kreme, el tema de controversia en SLP en las \u00faltimas semanas. Como ya sabr\u00e1n Krispy Kreme es una cadena americana de d\u00f3nuts y caf\u00e9, con sede en","og_url":"https:\/\/kalot.com.mx\/site\/2013\/09\/01\/krispy-kreme-de-que-lado-estas-tu-evento-inauguracion-plaza-citadella\/","og_site_name":"Kalot","article_publisher":"http:\/\/facebook.com\/mxkalot","article_author":"http:\/\/www.facebook.com\/jorgeerana","article_published_time":"2013-09-01T00:59:03+00:00","article_modified_time":"2013-09-01T19:37:35+00:00","og_image":[{"width":1868,"height":1868,"url":"https:\/\/i1.wp.com\/kalot.com.mx\/site\/wp-content\/uploads\/2013\/08\/20130831-180815.jpg?fit=1868%2C1868&ssl=1","type":"image\/jpeg"}],"author":"Jorge Era\u00f1a","twitter_card":"summary_large_image","twitter_creator":"@jorge_erana","twitter_site":"@kalotmx","twitter_misc":{"Escrito por":"Jorge Era\u00f1a","Tiempo de lectura":"2 minutos"},"schema":{"@context":"https:\/\/schema.org","@graph":[{"@type":"Article","@id":"https:\/\/kalot.com.mx\/site\/2013\/09\/01\/krispy-kreme-de-que-lado-estas-tu-evento-inauguracion-plaza-citadella\/#article","isPartOf":{"@id":"https:\/\/kalot.com.mx\/site\/2013\/09\/01\/krispy-kreme-de-que-lado-estas-tu-evento-inauguracion-plaza-citadella\/"},"author":{"name":"Jorge Era\u00f1a","@id":"https:\/\/kalot.com.mx\/site\/#\/schema\/person\/439e32b5ce86d9bc80cf42ab58e1c6e0"},"headline":"Krispy Kreme, \u00bfDe qu\u00e9 lado est\u00e1s t\u00fa? Evento Inauguraci\u00f3n Plaza Citadella","datePublished":"2013-09-01T00:59:03+00:00","dateModified":"2013-09-01T19:37:35+00:00","mainEntityOfPage":{"@id":"https:\/\/kalot.com.mx\/site\/2013\/09\/01\/krispy-kreme-de-que-lado-estas-tu-evento-inauguracion-plaza-citadella\/"},"wordCount":494,"commentCount":11,"publisher":{"@id":"https:\/\/kalot.com.mx\/site\/#organization"},"image":{"@id":"https:\/\/kalot.com.mx\/site\/2013\/09\/01\/krispy-kreme-de-que-lado-estas-tu-evento-inauguracion-plaza-citadella\/#primaryimage"},"thumbnailUrl":"https:\/\/i0.wp.com\/kalot.com.mx\/site\/wp-content\/uploads\/2013\/08\/20130831-180815.jpg?fit=1868%2C1868&ssl=1","inLanguage":"es","potentialAction":[{"@type":"CommentAction","name":"Comment","target":["https:\/\/kalot.com.mx\/site\/2013\/09\/01\/krispy-kreme-de-que-lado-estas-tu-evento-inauguracion-plaza-citadella\/#respond"]}]},{"@type":"WebPage","@id":"https:\/\/kalot.com.mx\/site\/2013\/09\/01\/krispy-kreme-de-que-lado-estas-tu-evento-inauguracion-plaza-citadella\/","url":"https:\/\/kalot.com.mx\/site\/2013\/09\/01\/krispy-kreme-de-que-lado-estas-tu-evento-inauguracion-plaza-citadella\/","name":"Krispy Kreme, \u00bfDe qu\u00e9 lado est\u00e1s t\u00fa? Evento Inauguraci\u00f3n Plaza Citadella - Kalot","isPartOf":{"@id":"https:\/\/kalot.com.mx\/site\/#website"},"primaryImageOfPage":{"@id":"https:\/\/kalot.com.mx\/site\/2013\/09\/01\/krispy-kreme-de-que-lado-estas-tu-evento-inauguracion-plaza-citadella\/#primaryimage"},"image":{"@id":"https:\/\/kalot.com.mx\/site\/2013\/09\/01\/krispy-kreme-de-que-lado-estas-tu-evento-inauguracion-plaza-citadella\/#primaryimage"},"thumbnailUrl":"https:\/\/i0.wp.com\/kalot.com.mx\/site\/wp-content\/uploads\/2013\/08\/20130831-180815.jpg?fit=1868%2C1868&ssl=1","datePublished":"2013-09-01T00:59:03+00:00","dateModified":"2013-09-01T19:37:35+00:00","description":"Krispy Kreme, el tema de controversia en SLP en las \u00faltimas semanas. Como ya sabr\u00e1n Krispy Kreme es una cadena americana de d\u00f3nuts y caf\u00e9, con sede en","breadcrumb":{"@id":"https:\/\/kalot.com.mx\/site\/2013\/09\/01\/krispy-kreme-de-que-lado-estas-tu-evento-inauguracion-plaza-citadella\/#breadcrumb"},"inLanguage":"es","potentialAction":[{"@type":"ReadAction","target":["https:\/\/kalot.com.mx\/site\/2013\/09\/01\/krispy-kreme-de-que-lado-estas-tu-evento-inauguracion-plaza-citadella\/"]}]},{"@type":"ImageObject","inLanguage":"es","@id":"https:\/\/kalot.com.mx\/site\/2013\/09\/01\/krispy-kreme-de-que-lado-estas-tu-evento-inauguracion-plaza-citadella\/#primaryimage","url":"https:\/\/i0.wp.com\/kalot.com.mx\/site\/wp-content\/uploads\/2013\/08\/20130831-180815.jpg?fit=1868%2C1868&ssl=1","contentUrl":"https:\/\/i0.wp.com\/kalot.com.mx\/site\/wp-content\/uploads\/2013\/08\/20130831-180815.jpg?fit=1868%2C1868&ssl=1","width":1868,"height":1868},{"@type":"BreadcrumbList","@id":"https:\/\/kalot.com.mx\/site\/2013\/09\/01\/krispy-kreme-de-que-lado-estas-tu-evento-inauguracion-plaza-citadella\/#breadcrumb","itemListElement":[{"@type":"ListItem","position":1,"name":"Home","item":"https:\/\/kalot.com.mx\/site\/"},{"@type":"ListItem","position":2,"name":"Krispy Kreme, \u00bfDe qu\u00e9 lado est\u00e1s t\u00fa? Evento Inauguraci\u00f3n Plaza Citadella"}]},{"@type":"WebSite","@id":"https:\/\/kalot.com.mx\/site\/#website","url":"https:\/\/kalot.com.mx\/site\/","name":"Kalot","description":"Conoce Todo Sobre Todo","publisher":{"@id":"https:\/\/kalot.com.mx\/site\/#organization"},"potentialAction":[{"@type":"SearchAction","target":{"@type":"EntryPoint","urlTemplate":"https:\/\/kalot.com.mx\/site\/?s={search_term_string}"},"query-input":{"@type":"PropertyValueSpecification","valueRequired":true,"valueName":"search_term_string"}}],"inLanguage":"es"},{"@type":"Organization","@id":"https:\/\/kalot.com.mx\/site\/#organization","name":"Kalot","url":"https:\/\/kalot.com.mx\/site\/","logo":{"@type":"ImageObject","inLanguage":"es","@id":"https:\/\/kalot.com.mx\/site\/#\/schema\/logo\/image\/","url":"https:\/\/i0.wp.com\/kalot.com.mx\/site\/wp-content\/uploads\/2020\/04\/Kalot-logo-sin-tagline.png?fit=1707%2C1014&ssl=1","contentUrl":"https:\/\/i0.wp.com\/kalot.com.mx\/site\/wp-content\/uploads\/2020\/04\/Kalot-logo-sin-tagline.png?fit=1707%2C1014&ssl=1","width":1707,"height":1014,"caption":"Kalot"},"image":{"@id":"https:\/\/kalot.com.mx\/site\/#\/schema\/logo\/image\/"},"sameAs":["http:\/\/facebook.com\/mxkalot","https:\/\/x.com\/kalotmx","http:\/\/instagram.com\/kalotmx","http:\/\/pinterest.com\/jorgeerana\/kalot"]},{"@type":"Person","@id":"https:\/\/kalot.com.mx\/site\/#\/schema\/person\/439e32b5ce86d9bc80cf42ab58e1c6e0","name":"Jorge Era\u00f1a","image":{"@type":"ImageObject","inLanguage":"es","@id":"https:\/\/secure.gravatar.com\/avatar\/212c04a1057d7abed0b82aaef6a7ff59168e10f70fcde39376c565ea83c43a85?s=96&d=mm&r=g","url":"https:\/\/secure.gravatar.com\/avatar\/212c04a1057d7abed0b82aaef6a7ff59168e10f70fcde39376c565ea83c43a85?s=96&d=mm&r=g","contentUrl":"https:\/\/secure.gravatar.com\/avatar\/212c04a1057d7abed0b82aaef6a7ff59168e10f70fcde39376c565ea83c43a85?s=96&d=mm&r=g","caption":"Jorge Era\u00f1a"},"description":"Fundador de @KalotMx Mercad\u00f3logo, amante de la tecnolog\u00eda, #Geekazo, #socialmedia, #MarketingDigital, tv-shows, movies y de la vida. Admin","sameAs":["http:\/\/www.kalot.com.mx","http:\/\/www.facebook.com\/jorgeerana","https:\/\/x.com\/jorge_erana"],"url":"https:\/\/kalot.com.mx\/site\/author\/admin\/"}]}},"jetpack_publicize_connections":[],"jetpack_featured_media_url":"https:\/\/i0.wp.com\/kalot.com.mx\/site\/wp-content\/uploads\/2013\/08\/20130831-180815.jpg?fit=1868%2C1868&ssl=1","jetpack_shortlink":"https:\/\/wp.me\/p6IHEI-1X","jetpack-related-posts":[{"id":1036,"url":"https:\/\/kalot.com.mx\/site\/2013\/09\/08\/ya-hay-personas-formadas-para-comprar-el-nuevo-iphone\/","url_meta":{"origin":121,"position":0},"title":"Ya hay personas formadas para comprar el nuevo iPhone","author":"Jorge Era\u00f1a","date":"8 septiembre, 2013","format":false,"excerpt":"As\u00ed es, tal como lo dice el t\u00edtulo ya hay personas formadas fuera de las Apple Stores para poder adquirir el nuevo dispositivo que presentar\u00e1n los de Cupertino. Lo extra\u00f1o de la noticia no es solo que haya gente acampando fuera de las tiendas, sino que la presentaci\u00f3n todav\u00eda no\u2026","rel":"","context":"Con 1 comentario","block_context":{"text":"Con 1 comentario","link":"https:\/\/kalot.com.mx\/site\/2013\/09\/08\/ya-hay-personas-formadas-para-comprar-el-nuevo-iphone\/#comments"},"img":{"alt_text":"","src":"https:\/\/i0.wp.com\/kalot.com.mx\/site\/wp-content\/uploads\/2013\/09\/w680-1.png?fit=558%2C367&ssl=1&resize=350%2C200","width":350,"height":200,"srcset":"https:\/\/i0.wp.com\/kalot.com.mx\/site\/wp-content\/uploads\/2013\/09\/w680-1.png?fit=558%2C367&ssl=1&resize=350%2C200 1x, https:\/\/i0.wp.com\/kalot.com.mx\/site\/wp-content\/uploads\/2013\/09\/w680-1.png?fit=558%2C367&ssl=1&resize=525%2C300 1.5x"},"classes":[]},{"id":1476,"url":"https:\/\/kalot.com.mx\/site\/2013\/09\/12\/plaza-citadella-llego-para-mandar-a-la-extincion-a-plaza-tangamanga-en-serio-marketing-slp\/","url_meta":{"origin":121,"position":1},"title":"Plaza Citadella lleg\u00f3 para mandar a Plaza Tangamanga a su extinci\u00f3n&#8230; \u00bfEn serio? #Marketing #SLP","author":"Rudy Marin","date":"12 septiembre, 2013","format":false,"excerpt":"Muchos habremos pensado alguna vez que Plaza Tangamanga tiene en peligro su existencia con la llegada de la nueva Plaza Citadella que est\u00e1 justo enfrente, en la Avenida Salvador Nava en San Luis Potos\u00ed. Desde un punto de vista mercadol\u00f3gico, considero que ambas plazas dirigen sus esfuerzos a segmentos completamente\u2026","rel":"","context":"Con 1 comentario","block_context":{"text":"Con 1 comentario","link":"https:\/\/kalot.com.mx\/site\/2013\/09\/12\/plaza-citadella-llego-para-mandar-a-la-extincion-a-plaza-tangamanga-en-serio-marketing-slp\/#comments"},"img":{"alt_text":"","src":"https:\/\/i0.wp.com\/kalot.com.mx\/site\/wp-content\/uploads\/2013\/09\/20130912-141433.jpg?fit=640%2C461&ssl=1&resize=350%2C200","width":350,"height":200,"srcset":"https:\/\/i0.wp.com\/kalot.com.mx\/site\/wp-content\/uploads\/2013\/09\/20130912-141433.jpg?fit=640%2C461&ssl=1&resize=350%2C200 1x, https:\/\/i0.wp.com\/kalot.com.mx\/site\/wp-content\/uploads\/2013\/09\/20130912-141433.jpg?fit=640%2C461&ssl=1&resize=525%2C300 1.5x"},"classes":[]},{"id":22219,"url":"https:\/\/kalot.com.mx\/site\/2015\/07\/11\/confirman-pelicula-de-thekillingjoke\/","url_meta":{"origin":121,"position":2},"title":"Confirman Pel\u00edcula de #TheKillingJoke","author":"yash","date":"11 julio, 2015","format":false,"excerpt":"La Comic-Con 2015 sigue dando de que hablar y en esta ocasi\u00f3n DC se vuelve robar los reflectores con el anuncio de tres nuevas pel\u00edculas animadas. Pero la noticia de mayor ruido fue que entre estas tres pel\u00edculas se encuentra una que estar\u00e1 basada en el exitoso c\u00f3mic de\u00a0Batman: The\u2026","rel":"","context":"Entrada similar ","block_context":{"text":"Entrada similar ","link":""},"img":{"alt_text":"","src":"https:\/\/i0.wp.com\/kalot.com.mx\/site\/wp-content\/uploads\/2015\/07\/Batman3.jpg?fit=1200%2C900&ssl=1&resize=350%2C200","width":350,"height":200,"srcset":"https:\/\/i0.wp.com\/kalot.com.mx\/site\/wp-content\/uploads\/2015\/07\/Batman3.jpg?fit=1200%2C900&ssl=1&resize=350%2C200 1x, https:\/\/i0.wp.com\/kalot.com.mx\/site\/wp-content\/uploads\/2015\/07\/Batman3.jpg?fit=1200%2C900&ssl=1&resize=525%2C300 1.5x, https:\/\/i0.wp.com\/kalot.com.mx\/site\/wp-content\/uploads\/2015\/07\/Batman3.jpg?fit=1200%2C900&ssl=1&resize=700%2C400 2x, https:\/\/i0.wp.com\/kalot.com.mx\/site\/wp-content\/uploads\/2015\/07\/Batman3.jpg?fit=1200%2C900&ssl=1&resize=1050%2C600 3x"},"classes":[]},{"id":17906,"url":"https:\/\/kalot.com.mx\/site\/2016\/04\/26\/10-lugares-turisticos-de-san-luis-potosi-que-debes-visitar\/","url_meta":{"origin":121,"position":3},"title":"10 lugares tur\u00edsticos de San Luis Potos\u00ed que debes visitar","author":"Jorge Era\u00f1a","date":"26 abril, 2016","format":false,"excerpt":"Lugares tur\u00edsticos de San Luis Potos\u00ed que debes visitar \u00bfCu\u00e1l te falta? Les compartimos 10 lugares tur\u00edsticos que creemos debes visitar si est\u00e1s en San Luis Potos\u00ed. \u00bfCu\u00e1l agregar\u00edas? \u00bfCu\u00e1l te falta? \u00bfCu\u00e1l es tu favorito? San Luis Potos\u00ed, es un hermoso lugar que tiene mucho que ofrecer pero a\u2026","rel":"","context":"En &quot;Viajes&quot;","block_context":{"text":"Viajes","link":"https:\/\/kalot.com.mx\/site\/category\/viajes\/"},"img":{"alt_text":"","src":"https:\/\/i0.wp.com\/kalot.com.mx\/site\/wp-content\/uploads\/2014\/09\/9671671071_b732e24513_z.jpg?fit=640%2C427&ssl=1&resize=350%2C200","width":350,"height":200,"srcset":"https:\/\/i0.wp.com\/kalot.com.mx\/site\/wp-content\/uploads\/2014\/09\/9671671071_b732e24513_z.jpg?fit=640%2C427&ssl=1&resize=350%2C200 1x, https:\/\/i0.wp.com\/kalot.com.mx\/site\/wp-content\/uploads\/2014\/09\/9671671071_b732e24513_z.jpg?fit=640%2C427&ssl=1&resize=525%2C300 1.5x"},"classes":[]},{"id":20227,"url":"https:\/\/kalot.com.mx\/site\/2015\/01\/29\/el-tri-blanco-y-negro\/","url_meta":{"origin":121,"position":4},"title":"El TRI a BLANCO y NEGRO","author":"HM_MKT007","date":"29 enero, 2015","format":false,"excerpt":"Uno de los temas que m\u00e1s controversia generan en el mundo del deporte, sea el equipo que sea, del deporte que sea, del pa\u00eds que sea, de la ciudad que sea, de la divisi\u00f3n o liga que sea, son sus uniformes, esa indumentaria con la que defienden unos jugadores a\u2026","rel":"","context":"Entrada similar ","block_context":{"text":"Entrada similar ","link":""},"img":{"alt_text":"","src":"https:\/\/i0.wp.com\/kalot.com.mx\/site\/wp-content\/uploads\/2015\/01\/image-1.jpg?fit=922%2C340&ssl=1&resize=350%2C200","width":350,"height":200,"srcset":"https:\/\/i0.wp.com\/kalot.com.mx\/site\/wp-content\/uploads\/2015\/01\/image-1.jpg?fit=922%2C340&ssl=1&resize=350%2C200 1x, https:\/\/i0.wp.com\/kalot.com.mx\/site\/wp-content\/uploads\/2015\/01\/image-1.jpg?fit=922%2C340&ssl=1&resize=525%2C300 1.5x, https:\/\/i0.wp.com\/kalot.com.mx\/site\/wp-content\/uploads\/2015\/01\/image-1.jpg?fit=922%2C340&ssl=1&resize=700%2C400 2x"},"classes":[]},{"id":17084,"url":"https:\/\/kalot.com.mx\/site\/2014\/07\/01\/transformers-4\/","url_meta":{"origin":121,"position":5},"title":"Transformers: Era de la extinci\u00f3n","author":"Jorge Era\u00f1a","date":"1 julio, 2014","format":false,"excerpt":"Todo est\u00e1 listo para Transformers 4: Era de la extinci\u00f3n, toda la informaci\u00f3n aqu\u00ed Aproximadamente pasaron 3 a\u00f1os para que Michael Bay regresara a la pantalla grande con una de las franquicias m\u00e1s importantes del cine mundial, Transformers; una franquicia que recaud\u00f3 m\u00e1s de 2,500 millones de d\u00f3lares con sus\u2026","rel":"","context":"En &quot;Sin categor\u00eda&quot;","block_context":{"text":"Sin categor\u00eda","link":"https:\/\/kalot.com.mx\/site\/category\/sin-categoria\/"},"img":{"alt_text":"","src":"https:\/\/i0.wp.com\/kalot.com.mx\/site\/wp-content\/uploads\/2014\/07\/15104_654067801331470_7851131959876347839_n.jpg?fit=960%2C402&ssl=1&resize=350%2C200","width":350,"height":200,"srcset":"https:\/\/i0.wp.com\/kalot.com.mx\/site\/wp-content\/uploads\/2014\/07\/15104_654067801331470_7851131959876347839_n.jpg?fit=960%2C402&ssl=1&resize=350%2C200 1x, https:\/\/i0.wp.com\/kalot.com.mx\/site\/wp-content\/uploads\/2014\/07\/15104_654067801331470_7851131959876347839_n.jpg?fit=960%2C402&ssl=1&resize=525%2C300 1.5x, https:\/\/i0.wp.com\/kalot.com.mx\/site\/wp-content\/uploads\/2014\/07\/15104_654067801331470_7851131959876347839_n.jpg?fit=960%2C402&ssl=1&resize=700%2C400 2x"},"classes":[]}],"jetpack_sharing_enabled":true,"_links":{"self":[{"href":"https:\/\/kalot.com.mx\/site\/wp-json\/wp\/v2\/posts\/121","targetHints":{"allow":["GET"]}}],"collection":[{"href":"https:\/\/kalot.com.mx\/site\/wp-json\/wp\/v2\/posts"}],"about":[{"href":"https:\/\/kalot.com.mx\/site\/wp-json\/wp\/v2\/types\/post"}],"author":[{"embeddable":true,"href":"https:\/\/kalot.com.mx\/site\/wp-json\/wp\/v2\/users\/1"}],"replies":[{"embeddable":true,"href":"https:\/\/kalot.com.mx\/site\/wp-json\/wp\/v2\/comments?post=121"}],"version-history":[{"count":0,"href":"https:\/\/kalot.com.mx\/site\/wp-json\/wp\/v2\/posts\/121\/revisions"}],"wp:featuredmedia":[{"embeddable":true,"href":"https:\/\/kalot.com.mx\/site\/wp-json\/wp\/v2\/media\/145"}],"wp:attachment":[{"href":"https:\/\/kalot.com.mx\/site\/wp-json\/wp\/v2\/media?parent=121"}],"wp:term":[{"taxonomy":"category","embeddable":true,"href":"https:\/\/kalot.com.mx\/site\/wp-json\/wp\/v2\/categories?post=121"},{"taxonomy":"post_tag","embeddable":true,"href":"https:\/\/kalot.com.mx\/site\/wp-json\/wp\/v2\/tags?post=121"}],"curies":[{"name":"wp","href":"https:\/\/api.w.org\/{rel}","templated":true}]}}