{"id":12076,"date":"2014-02-20T21:36:08","date_gmt":"2014-02-21T03:36:08","guid":{"rendered":"http:\/\/www.kalot.com.mx\/?p=12076"},"modified":"2017-12-20T13:51:24","modified_gmt":"2017-12-20T19:51:24","slug":"chivas-la-vergara-venden-franquicia-la-mls","status":"publish","type":"post","link":"https:\/\/kalot.com.mx\/site\/2014\/02\/20\/chivas-la-vergara-venden-franquicia-la-mls\/","title":{"rendered":"&#8220;Chivas a la Vergara&#8221; venden franquicia a la MLS"},"content":{"rendered":"<p>Venden Chivas USA a la MLS<\/p>\n<p><a href=\"https:\/\/i0.wp.com\/www.kalot.com.mx\/wp-content\/uploads\/2014\/02\/20140220212515.jpg\"><img fetchpriority=\"high\" decoding=\"async\" data-attachment-id=\"12077\" data-permalink=\"https:\/\/kalot.com.mx\/site\/2014\/02\/20\/chivas-la-vergara-venden-franquicia-la-mls\/attachment\/20140220212515\/\" data-orig-file=\"https:\/\/i0.wp.com\/kalot.com.mx\/site\/wp-content\/uploads\/2014\/02\/20140220212515.jpg?fit=600%2C400&amp;ssl=1\" data-orig-size=\"600,400\" data-comments-opened=\"1\" data-image-meta=\"{&quot;aperture&quot;:&quot;0&quot;,&quot;credit&quot;:&quot;&quot;,&quot;camera&quot;:&quot;&quot;,&quot;caption&quot;:&quot;&quot;,&quot;created_timestamp&quot;:&quot;0&quot;,&quot;copyright&quot;:&quot;&quot;,&quot;focal_length&quot;:&quot;0&quot;,&quot;iso&quot;:&quot;0&quot;,&quot;shutter_speed&quot;:&quot;0&quot;,&quot;title&quot;:&quot;&quot;,&quot;orientation&quot;:&quot;0&quot;}\" data-image-title=\"20140220212515\" data-image-description=\"\" data-image-caption=\"\" data-large-file=\"https:\/\/i0.wp.com\/kalot.com.mx\/site\/wp-content\/uploads\/2014\/02\/20140220212515.jpg?fit=600%2C400&amp;ssl=1\" class=\"alignnone size-full wp-image-12077\" alt=\"20140220212515\" src=\"https:\/\/i2.wp.com\/kalot.com.mx\/site\/wp-content\/uploads\/2014\/02\/20140220212515.jpg?fit=600%2C400&#038;ssl=1\" width=\"600\" height=\"400\" srcset=\"https:\/\/i0.wp.com\/kalot.com.mx\/site\/wp-content\/uploads\/2014\/02\/20140220212515.jpg?w=600&amp;ssl=1 600w, https:\/\/i0.wp.com\/kalot.com.mx\/site\/wp-content\/uploads\/2014\/02\/20140220212515.jpg?resize=380%2C253&amp;ssl=1 380w, https:\/\/i0.wp.com\/kalot.com.mx\/site\/wp-content\/uploads\/2014\/02\/20140220212515.jpg?resize=450%2C300&amp;ssl=1 450w, https:\/\/i0.wp.com\/kalot.com.mx\/site\/wp-content\/uploads\/2014\/02\/20140220212515.jpg?resize=300%2C200&amp;ssl=1 300w\" sizes=\"(max-width: 600px) 100vw, 600px\" \/><\/a><\/p>\n<p>La liga informa que se har\u00e1n cargo\u00a0de las operaciones del equipo de forma inmediata y que Wilmer Cabrera continuar\u00e1 como entrenador hasta encontrar un nuevo due\u00f1o y presidente, el cual se sabr\u00e1 en los proximos meses, cuando \u00e9ste se reevenda. La Major League Soccer tendr\u00e1 permitido usar la marca Chivas USA durante la transici\u00f3n.<\/p>\n<p>Esto dijo el comisionado de la MLS Don Garber, respecto a la adquisici\u00f3n:<\/p>\n<p>&#8220;Agradecemos a Jorge Vergara y Ang\u00e9lica Fuentes por su compromiso con la Major League Soccer. Jorge fue de los primeros en creer en la liga, y \u00e9l y Ang\u00e9lica han sido socios importantes en la MLS. Juntos acordamos que es mejor vender el club a nuevos due\u00f1os quienes est\u00e1n comprometidos en asegurar un nuevo estadio y proveerle a la MLS un fuerte rival para el LA Galaxy&#8221;.<\/p>\n<p>El equipo jugar\u00e1 con el mismo nombre el pr\u00f3ximo certamen, despu\u00e9s lo cambiar\u00e1n y tendr\u00e1n otro logo de acuerdo a quienes vayan a ser sus nuevos propietarios.<\/p>\n<p>Jorge Vergara fue parte del grupo original de inversionistas que compr\u00f3 un equipo de expansi\u00f3n, el cual comenz\u00f3 a jugar en 2005, y \u00e9l junto a Fuentes se convirtieron en due\u00f1os \u00fanicos del club en 2012.<\/p>\n<p>&#8220;Solo hay un Chivas de Guadalajara, y nos hemos dado cuenta que requerir\u00e1 m\u00e1s tiempo, recursos y un nivel del compromiso que desviar\u00eda demasiada de nuestra atenci\u00f3n de nuestros otros negocios e intereses&#8221;, dijo Vergara a la Liga en un comunicado.<\/p>\n<p>Arrancar\u00e1n la temporada 2014 el pr\u00f3ximo 9 de marzo cuando reciban al Chicago Fire.<\/p>\n","protected":false},"excerpt":{"rendered":"Venden Chivas USA a la MLS La liga informa que se har\u00e1n cargo\u00a0de las operaciones del equipo de&hellip;\n","protected":false},"author":68,"featured_media":12078,"comment_status":"open","ping_status":"open","sticky":false,"template":"","format":"standard","meta":{"_jetpack_newsletter_access":"","_jetpack_dont_email_post_to_subs":false,"_jetpack_newsletter_tier_id":0,"_jetpack_memberships_contains_paywalled_content":false,"_jetpack_feature_clip_id":0,"_jetpack_memberships_contains_paid_content":false,"footnotes":"","jetpack_publicize_message":"","jetpack_publicize_feature_enabled":true,"jetpack_social_post_already_shared":true,"jetpack_social_options":{"image_generator_settings":{"template":"highway","default_image_id":0,"font":"","enabled":false},"version":2},"jetpack_post_was_ever_published":false},"categories":[1],"tags":[],"class_list":["post-12076","post","type-post","status-publish","format-standard","has-post-thumbnail","category-sin-categoria","cs-entry","cs-video-wrap"],"yoast_head":"<!-- This site is optimized with the Yoast SEO plugin v28.4 - https:\/\/yoast.com\/product\/yoast-seo-wordpress\/ -->\n<title>&quot;Chivas a la Vergara&quot; venden franquicia a la MLS - Kalot<\/title>\n<meta name=\"description\" content=\"Venden Chivas USA a la MLS La liga informa que se har\u00e1n cargo\u00a0de las operaciones del equipo de forma inmediata y que Wilmer Cabrera continuar\u00e1 como\" \/>\n<meta name=\"robots\" content=\"index, follow, max-snippet:-1, max-image-preview:large, max-video-preview:-1\" \/>\n<link rel=\"canonical\" href=\"https:\/\/kalot.com.mx\/site\/2014\/02\/20\/chivas-la-vergara-venden-franquicia-la-mls\/\" \/>\n<meta property=\"og:locale\" content=\"es_MX\" \/>\n<meta property=\"og:type\" content=\"article\" \/>\n<meta property=\"og:title\" content=\"&quot;Chivas a la Vergara&quot; venden franquicia a la MLS - Kalot\" \/>\n<meta property=\"og:description\" content=\"Venden Chivas USA a la MLS La liga informa que se har\u00e1n cargo\u00a0de las operaciones del equipo de forma inmediata y que Wilmer Cabrera continuar\u00e1 como\" \/>\n<meta property=\"og:url\" content=\"https:\/\/kalot.com.mx\/site\/2014\/02\/20\/chivas-la-vergara-venden-franquicia-la-mls\/\" \/>\n<meta property=\"og:site_name\" content=\"Kalot\" \/>\n<meta property=\"article:publisher\" content=\"http:\/\/facebook.com\/mxkalot\" \/>\n<meta property=\"article:author\" content=\"https:\/\/www.facebook.com\/TheMemois4real\" \/>\n<meta property=\"article:published_time\" content=\"2014-02-21T03:36:08+00:00\" \/>\n<meta property=\"article:modified_time\" content=\"2017-12-20T19:51:24+00:00\" \/>\n<meta property=\"og:image\" content=\"https:\/\/i0.wp.com\/kalot.com.mx\/site\/wp-content\/uploads\/2014\/02\/vergara_chivas2_NOTA.jpg?fit=650%2C366&ssl=1\" \/>\n\t<meta property=\"og:image:width\" content=\"650\" \/>\n\t<meta property=\"og:image:height\" content=\"366\" \/>\n\t<meta property=\"og:image:type\" content=\"image\/jpeg\" \/>\n<meta name=\"author\" content=\"El Memo Pacheco\" \/>\n<meta name=\"twitter:card\" content=\"summary_large_image\" \/>\n<meta name=\"twitter:creator\" content=\"@ElMemoPacheco\" \/>\n<meta name=\"twitter:site\" content=\"@kalotmx\" \/>\n<meta name=\"twitter:label1\" content=\"Escrito por\" \/>\n\t<meta name=\"twitter:data1\" content=\"El Memo Pacheco\" \/>\n\t<meta name=\"twitter:label2\" content=\"Tiempo de lectura\" \/>\n\t<meta name=\"twitter:data2\" content=\"1 minuto\" \/>\n<!-- \/ Yoast SEO plugin. -->","yoast_head_json":{"title":"\"Chivas a la Vergara\" venden franquicia a la MLS - Kalot","description":"Venden Chivas USA a la MLS La liga informa que se har\u00e1n cargo\u00a0de las operaciones del equipo de forma inmediata y que Wilmer Cabrera continuar\u00e1 como","robots":{"index":"index","follow":"follow","max-snippet":"max-snippet:-1","max-image-preview":"max-image-preview:large","max-video-preview":"max-video-preview:-1"},"canonical":"https:\/\/kalot.com.mx\/site\/2014\/02\/20\/chivas-la-vergara-venden-franquicia-la-mls\/","og_locale":"es_MX","og_type":"article","og_title":"\"Chivas a la Vergara\" venden franquicia a la MLS - Kalot","og_description":"Venden Chivas USA a la MLS La liga informa que se har\u00e1n cargo\u00a0de las operaciones del equipo de forma inmediata y que Wilmer Cabrera continuar\u00e1 como","og_url":"https:\/\/kalot.com.mx\/site\/2014\/02\/20\/chivas-la-vergara-venden-franquicia-la-mls\/","og_site_name":"Kalot","article_publisher":"http:\/\/facebook.com\/mxkalot","article_author":"https:\/\/www.facebook.com\/TheMemois4real","article_published_time":"2014-02-21T03:36:08+00:00","article_modified_time":"2017-12-20T19:51:24+00:00","og_image":[{"width":650,"height":366,"url":"https:\/\/i0.wp.com\/kalot.com.mx\/site\/wp-content\/uploads\/2014\/02\/vergara_chivas2_NOTA.jpg?fit=650%2C366&ssl=1","type":"image\/jpeg"}],"author":"El Memo Pacheco","twitter_card":"summary_large_image","twitter_creator":"@ElMemoPacheco","twitter_site":"@kalotmx","twitter_misc":{"Escrito por":"El Memo Pacheco","Tiempo de lectura":"1 minuto"},"schema":{"@context":"https:\/\/schema.org","@graph":[{"@type":"Article","@id":"https:\/\/kalot.com.mx\/site\/2014\/02\/20\/chivas-la-vergara-venden-franquicia-la-mls\/#article","isPartOf":{"@id":"https:\/\/kalot.com.mx\/site\/2014\/02\/20\/chivas-la-vergara-venden-franquicia-la-mls\/"},"author":{"name":"El Memo Pacheco","@id":"https:\/\/kalot.com.mx\/site\/#\/schema\/person\/7ec5f4b6226fdac64badb0bed3e5132d"},"headline":"&#8220;Chivas a la Vergara&#8221; venden franquicia a la MLS","datePublished":"2014-02-21T03:36:08+00:00","dateModified":"2017-12-20T19:51:24+00:00","mainEntityOfPage":{"@id":"https:\/\/kalot.com.mx\/site\/2014\/02\/20\/chivas-la-vergara-venden-franquicia-la-mls\/"},"wordCount":283,"commentCount":0,"publisher":{"@id":"https:\/\/kalot.com.mx\/site\/#organization"},"image":{"@id":"https:\/\/kalot.com.mx\/site\/2014\/02\/20\/chivas-la-vergara-venden-franquicia-la-mls\/#primaryimage"},"thumbnailUrl":"https:\/\/i0.wp.com\/kalot.com.mx\/site\/wp-content\/uploads\/2014\/02\/vergara_chivas2_NOTA.jpg?fit=650%2C366&ssl=1","inLanguage":"es","potentialAction":[{"@type":"CommentAction","name":"Comment","target":["https:\/\/kalot.com.mx\/site\/2014\/02\/20\/chivas-la-vergara-venden-franquicia-la-mls\/#respond"]}]},{"@type":"WebPage","@id":"https:\/\/kalot.com.mx\/site\/2014\/02\/20\/chivas-la-vergara-venden-franquicia-la-mls\/","url":"https:\/\/kalot.com.mx\/site\/2014\/02\/20\/chivas-la-vergara-venden-franquicia-la-mls\/","name":"\"Chivas a la Vergara\" venden franquicia a la MLS - Kalot","isPartOf":{"@id":"https:\/\/kalot.com.mx\/site\/#website"},"primaryImageOfPage":{"@id":"https:\/\/kalot.com.mx\/site\/2014\/02\/20\/chivas-la-vergara-venden-franquicia-la-mls\/#primaryimage"},"image":{"@id":"https:\/\/kalot.com.mx\/site\/2014\/02\/20\/chivas-la-vergara-venden-franquicia-la-mls\/#primaryimage"},"thumbnailUrl":"https:\/\/i0.wp.com\/kalot.com.mx\/site\/wp-content\/uploads\/2014\/02\/vergara_chivas2_NOTA.jpg?fit=650%2C366&ssl=1","datePublished":"2014-02-21T03:36:08+00:00","dateModified":"2017-12-20T19:51:24+00:00","description":"Venden Chivas USA a la MLS La liga informa que se har\u00e1n cargo\u00a0de las operaciones del equipo de forma inmediata y que Wilmer Cabrera continuar\u00e1 como","breadcrumb":{"@id":"https:\/\/kalot.com.mx\/site\/2014\/02\/20\/chivas-la-vergara-venden-franquicia-la-mls\/#breadcrumb"},"inLanguage":"es","potentialAction":[{"@type":"ReadAction","target":["https:\/\/kalot.com.mx\/site\/2014\/02\/20\/chivas-la-vergara-venden-franquicia-la-mls\/"]}]},{"@type":"ImageObject","inLanguage":"es","@id":"https:\/\/kalot.com.mx\/site\/2014\/02\/20\/chivas-la-vergara-venden-franquicia-la-mls\/#primaryimage","url":"https:\/\/i0.wp.com\/kalot.com.mx\/site\/wp-content\/uploads\/2014\/02\/vergara_chivas2_NOTA.jpg?fit=650%2C366&ssl=1","contentUrl":"https:\/\/i0.wp.com\/kalot.com.mx\/site\/wp-content\/uploads\/2014\/02\/vergara_chivas2_NOTA.jpg?fit=650%2C366&ssl=1","width":650,"height":366},{"@type":"BreadcrumbList","@id":"https:\/\/kalot.com.mx\/site\/2014\/02\/20\/chivas-la-vergara-venden-franquicia-la-mls\/#breadcrumb","itemListElement":[{"@type":"ListItem","position":1,"name":"Home","item":"https:\/\/kalot.com.mx\/site\/"},{"@type":"ListItem","position":2,"name":"&#8220;Chivas a la Vergara&#8221; venden franquicia a la MLS"}]},{"@type":"WebSite","@id":"https:\/\/kalot.com.mx\/site\/#website","url":"https:\/\/kalot.com.mx\/site\/","name":"Kalot","description":"Conoce Todo Sobre Todo","publisher":{"@id":"https:\/\/kalot.com.mx\/site\/#organization"},"potentialAction":[{"@type":"SearchAction","target":{"@type":"EntryPoint","urlTemplate":"https:\/\/kalot.com.mx\/site\/?s={search_term_string}"},"query-input":{"@type":"PropertyValueSpecification","valueRequired":true,"valueName":"search_term_string"}}],"inLanguage":"es"},{"@type":"Organization","@id":"https:\/\/kalot.com.mx\/site\/#organization","name":"Kalot","url":"https:\/\/kalot.com.mx\/site\/","logo":{"@type":"ImageObject","inLanguage":"es","@id":"https:\/\/kalot.com.mx\/site\/#\/schema\/logo\/image\/","url":"https:\/\/i0.wp.com\/kalot.com.mx\/site\/wp-content\/uploads\/2020\/04\/Kalot-logo-sin-tagline.png?fit=1707%2C1014&ssl=1","contentUrl":"https:\/\/i0.wp.com\/kalot.com.mx\/site\/wp-content\/uploads\/2020\/04\/Kalot-logo-sin-tagline.png?fit=1707%2C1014&ssl=1","width":1707,"height":1014,"caption":"Kalot"},"image":{"@id":"https:\/\/kalot.com.mx\/site\/#\/schema\/logo\/image\/"},"sameAs":["http:\/\/facebook.com\/mxkalot","https:\/\/x.com\/kalotmx","http:\/\/instagram.com\/kalotmx","http:\/\/pinterest.com\/jorgeerana\/kalot"]},{"@type":"Person","@id":"https:\/\/kalot.com.mx\/site\/#\/schema\/person\/7ec5f4b6226fdac64badb0bed3e5132d","name":"El Memo Pacheco","image":{"@type":"ImageObject","inLanguage":"es","@id":"https:\/\/secure.gravatar.com\/avatar\/38b4430033c5800dce3413b9b919235e903a94e1ed41e4fe174bcd16a6da3534?s=96&d=mm&r=g","url":"https:\/\/secure.gravatar.com\/avatar\/38b4430033c5800dce3413b9b919235e903a94e1ed41e4fe174bcd16a6da3534?s=96&d=mm&r=g","contentUrl":"https:\/\/secure.gravatar.com\/avatar\/38b4430033c5800dce3413b9b919235e903a94e1ed41e4fe174bcd16a6da3534?s=96&d=mm&r=g","caption":"El Memo Pacheco"},"description":"Soy un ser dotado de la habilidad que todos tenemos. L.C.C., Locutor, Escritor, Editor y todo lo que se pueda hacer. Les vengo manejando una poca de gracia y otra cosita, me quejo de todo y soy m\u00e1s simp\u00e1tico que gargamel. Soy un Ni-Ni productivo... Por la ma\u00f1ana no hago nada y por la tarde le doy continuidad.","sameAs":["https:\/\/www.facebook.com\/TheMemois4real","https:\/\/x.com\/@ElMemoPacheco"],"url":"https:\/\/kalot.com.mx\/site\/author\/memo\/"}]}},"jetpack_publicize_connections":[],"jetpack_shortlink":"https:\/\/wp.me\/p6IHEI-38M","jetpack-related-posts":[{"id":17805,"url":"https:\/\/kalot.com.mx\/site\/2014\/08\/28\/estos-son-los-seleccionados-de-mexico-del-6-y-9-de-sept\/","url_meta":{"origin":12076,"position":0},"title":"Estos son los Seleccionados de M\u00e9xico del 6 y 9 de sept.","author":"HM_MKT007","date":"28 agosto, 2014","format":false,"excerpt":"El d\u00eda de hoy, la direcci\u00f3n general de Selecciones Nacionales, nos mostr\u00f3 los jugadores que el t\u00e9cnico Miguel Herrera a convocado para los encuentros contra Chile y Bolivia que tendremos los pr\u00f3ximos 6 y 9 de septiembre, que dicho sea de paso, ser\u00e1n en fecha FIFA. Se iniciar\u00e1, la concentraci\u00f3n\u2026","rel":"","context":"Entrada similar ","block_context":{"text":"Entrada similar ","link":""},"img":{"alt_text":"","src":"https:\/\/i0.wp.com\/kalot.com.mx\/site\/wp-content\/uploads\/2014\/08\/seleccion-de-mexico.jpg?fit=900%2C575&ssl=1&resize=350%2C200","width":350,"height":200,"srcset":"https:\/\/i0.wp.com\/kalot.com.mx\/site\/wp-content\/uploads\/2014\/08\/seleccion-de-mexico.jpg?fit=900%2C575&ssl=1&resize=350%2C200 1x, https:\/\/i0.wp.com\/kalot.com.mx\/site\/wp-content\/uploads\/2014\/08\/seleccion-de-mexico.jpg?fit=900%2C575&ssl=1&resize=525%2C300 1.5x, https:\/\/i0.wp.com\/kalot.com.mx\/site\/wp-content\/uploads\/2014\/08\/seleccion-de-mexico.jpg?fit=900%2C575&ssl=1&resize=700%2C400 2x"},"classes":[]},{"id":20007,"url":"https:\/\/kalot.com.mx\/site\/2015\/01\/12\/cuando-los-grandes-caen-la-historia-no-perdona\/","url_meta":{"origin":12076,"position":1},"title":"Cuando los grandes caen, la historia no perdona.","author":"HM_MKT007","date":"12 enero, 2015","format":false,"excerpt":"Este es un tema que muchos nos hemos puesto a pensar en los \u00faltimo d\u00edas seguramente, esto a ra\u00edz de la lastimosa situaci\u00f3n que vive uno de los equipos de Guadalajara, el m\u00e1s grande, LAS CHIVAS RAYADAS, el reba\u00f1o sagrado o como le quieran decir, porque, nos guste o no,\u2026","rel":"","context":"Entrada similar ","block_context":{"text":"Entrada similar ","link":""},"img":{"alt_text":"File_201162791144","src":"https:\/\/i0.wp.com\/www.kalot.com.mx\/wp-content\/uploads\/2015\/01\/File_201162791144-300x200.jpg?resize=350%2C200","width":350,"height":200},"classes":[]},{"id":10869,"url":"https:\/\/kalot.com.mx\/site\/2014\/01\/31\/mls-simbolo-de-innovacion-en-diseno-de-uniformes-mls-mls\/","url_meta":{"origin":12076,"position":2},"title":"MLS s\u00edmbolo de innovaci\u00f3n en dise\u00f1o de uniformes @MLS #MLS","author":"HM_MKT007","date":"31 enero, 2014","format":false,"excerpt":"Actualmente las marcas deportivas son un verdadero rey en cuanto a la mercadotecnia de equipos de f\u00fatbol, y dem\u00e1s deportes, las ganancias son enormes, y m\u00e1s cuando hablamos de marcas de renombre como NIKE, PUMA, o la recientemente exponencial UNDER ARMOR. Pero no cabe duda de la Alemana ADIDAS es\u2026","rel":"","context":"En &quot;Sin categor\u00eda&quot;","block_context":{"text":"Sin categor\u00eda","link":"https:\/\/kalot.com.mx\/site\/category\/sin-categoria\/"},"img":{"alt_text":"","src":"https:\/\/i0.wp.com\/kalot.com.mx\/site\/wp-content\/uploads\/2014\/01\/estadounidense-mls-escudos-5556.jpg?fit=1200%2C900&ssl=1&resize=350%2C200","width":350,"height":200,"srcset":"https:\/\/i0.wp.com\/kalot.com.mx\/site\/wp-content\/uploads\/2014\/01\/estadounidense-mls-escudos-5556.jpg?fit=1200%2C900&ssl=1&resize=350%2C200 1x, https:\/\/i0.wp.com\/kalot.com.mx\/site\/wp-content\/uploads\/2014\/01\/estadounidense-mls-escudos-5556.jpg?fit=1200%2C900&ssl=1&resize=525%2C300 1.5x, https:\/\/i0.wp.com\/kalot.com.mx\/site\/wp-content\/uploads\/2014\/01\/estadounidense-mls-escudos-5556.jpg?fit=1200%2C900&ssl=1&resize=700%2C400 2x, https:\/\/i0.wp.com\/kalot.com.mx\/site\/wp-content\/uploads\/2014\/01\/estadounidense-mls-escudos-5556.jpg?fit=1200%2C900&ssl=1&resize=1050%2C600 3x"},"classes":[]},{"id":18439,"url":"https:\/\/kalot.com.mx\/site\/2014\/09\/30\/mls-una-nueva-identidad-con-adaptabilidad\/","url_meta":{"origin":12076,"position":3},"title":"MLS, una nueva identidad con adaptabilidad","author":"Edgar Villanueva","date":"30 septiembre, 2014","format":false,"excerpt":"Adaptaci\u00f3n es un t\u00e9rmino que muchas empresas aun no terminan por comprender, y como resultado se obtienen estrategias que al final no resultan efectivas para tener \u00e9xito en el mercado. Hoy en d\u00eda muchas marcas est\u00e1n renovando su identidad, algunas de ellas lo realizan de manera efectiva y con un\u2026","rel":"","context":"Entrada similar ","block_context":{"text":"Entrada similar ","link":""},"img":{"alt_text":"","src":"https:\/\/i0.wp.com\/kalot.com.mx\/site\/wp-content\/uploads\/2014\/09\/20140921061258MLS_logo_2014.png?fit=1000%2C1054&ssl=1&resize=350%2C200","width":350,"height":200,"srcset":"https:\/\/i0.wp.com\/kalot.com.mx\/site\/wp-content\/uploads\/2014\/09\/20140921061258MLS_logo_2014.png?fit=1000%2C1054&ssl=1&resize=350%2C200 1x, https:\/\/i0.wp.com\/kalot.com.mx\/site\/wp-content\/uploads\/2014\/09\/20140921061258MLS_logo_2014.png?fit=1000%2C1054&ssl=1&resize=525%2C300 1.5x, https:\/\/i0.wp.com\/kalot.com.mx\/site\/wp-content\/uploads\/2014\/09\/20140921061258MLS_logo_2014.png?fit=1000%2C1054&ssl=1&resize=700%2C400 2x"},"classes":[]},{"id":15857,"url":"https:\/\/kalot.com.mx\/site\/2014\/05\/07\/deja-de-arrastrar-el-apellido-chivas\/","url_meta":{"origin":12076,"position":4},"title":"DEJA DE ARRASTRAR EL APELLIDO CHIVAS","author":"Juan Ol\u00e1is","date":"7 mayo, 2014","format":false,"excerpt":"DEJA DE ARRASTRAR EL APELLIDO CHIVAS \u00a0Han quedado en la prehistoria del f\u00fatbol aqu\u00e9llos a\u00f1os 50\u00b4s en los que existi\u00f3 un equipo que forj\u00f3 una gran tradici\u00f3n, una afici\u00f3n fiel, jugadores que se convirtieron en leyendas y sobre todo un abolengo que le dio el t\u00edtulo de grande, todo a\u2026","rel":"","context":"En &quot;Sin categor\u00eda&quot;","block_context":{"text":"Sin categor\u00eda","link":"https:\/\/kalot.com.mx\/site\/category\/sin-categoria\/"},"img":{"alt_text":"","src":"https:\/\/i0.wp.com\/kalot.com.mx\/site\/wp-content\/uploads\/2014\/05\/chivas-2.jpg?fit=750%2C750&ssl=1&resize=350%2C200","width":350,"height":200,"srcset":"https:\/\/i0.wp.com\/kalot.com.mx\/site\/wp-content\/uploads\/2014\/05\/chivas-2.jpg?fit=750%2C750&ssl=1&resize=350%2C200 1x, https:\/\/i0.wp.com\/kalot.com.mx\/site\/wp-content\/uploads\/2014\/05\/chivas-2.jpg?fit=750%2C750&ssl=1&resize=525%2C300 1.5x, https:\/\/i0.wp.com\/kalot.com.mx\/site\/wp-content\/uploads\/2014\/05\/chivas-2.jpg?fit=750%2C750&ssl=1&resize=700%2C400 2x"},"classes":[]},{"id":23545,"url":"https:\/\/kalot.com.mx\/site\/2015\/09\/18\/liga-mx-previa-jornada-9\/","url_meta":{"origin":12076,"position":5},"title":"LIGA MX: Previa Jornada 9","author":"Andres Bautista","date":"18 septiembre, 2015","format":false,"excerpt":"Kaloteros, un gusto leernos de nuevo y como cada semana aqu\u00ed esta la previa de una nueva jornada en la Liga Mx. Pumas es ahora el l\u00edder del campeonato, los del pedregal visitaran a un Cruz Azul en lo que sera uno de los partidos de la jornada. Semana de\u2026","rel":"","context":"En &quot;Eventos&quot;","block_context":{"text":"Eventos","link":"https:\/\/kalot.com.mx\/site\/category\/eventos\/"},"img":{"alt_text":"","src":"https:\/\/i0.wp.com\/kalot.com.mx\/site\/wp-content\/uploads\/2015\/09\/996813_414215008698025_1961756446_n.jpg?fit=720%2C266&ssl=1&resize=350%2C200","width":350,"height":200,"srcset":"https:\/\/i0.wp.com\/kalot.com.mx\/site\/wp-content\/uploads\/2015\/09\/996813_414215008698025_1961756446_n.jpg?fit=720%2C266&ssl=1&resize=350%2C200 1x, https:\/\/i0.wp.com\/kalot.com.mx\/site\/wp-content\/uploads\/2015\/09\/996813_414215008698025_1961756446_n.jpg?fit=720%2C266&ssl=1&resize=525%2C300 1.5x, https:\/\/i0.wp.com\/kalot.com.mx\/site\/wp-content\/uploads\/2015\/09\/996813_414215008698025_1961756446_n.jpg?fit=720%2C266&ssl=1&resize=700%2C400 2x"},"classes":[]}],"jetpack_sharing_enabled":true,"jetpack_featured_media_url":"https:\/\/i0.wp.com\/kalot.com.mx\/site\/wp-content\/uploads\/2014\/02\/vergara_chivas2_NOTA.jpg?fit=650%2C366&ssl=1","_links":{"self":[{"href":"https:\/\/kalot.com.mx\/site\/wp-json\/wp\/v2\/posts\/12076","targetHints":{"allow":["GET"]}}],"collection":[{"href":"https:\/\/kalot.com.mx\/site\/wp-json\/wp\/v2\/posts"}],"about":[{"href":"https:\/\/kalot.com.mx\/site\/wp-json\/wp\/v2\/types\/post"}],"author":[{"embeddable":true,"href":"https:\/\/kalot.com.mx\/site\/wp-json\/wp\/v2\/users\/68"}],"replies":[{"embeddable":true,"href":"https:\/\/kalot.com.mx\/site\/wp-json\/wp\/v2\/comments?post=12076"}],"version-history":[{"count":1,"href":"https:\/\/kalot.com.mx\/site\/wp-json\/wp\/v2\/posts\/12076\/revisions"}],"predecessor-version":[{"id":29569,"href":"https:\/\/kalot.com.mx\/site\/wp-json\/wp\/v2\/posts\/12076\/revisions\/29569"}],"wp:featuredmedia":[{"embeddable":true,"href":"https:\/\/kalot.com.mx\/site\/wp-json\/wp\/v2\/media\/12078"}],"wp:attachment":[{"href":"https:\/\/kalot.com.mx\/site\/wp-json\/wp\/v2\/media?parent=12076"}],"wp:term":[{"taxonomy":"category","embeddable":true,"href":"https:\/\/kalot.com.mx\/site\/wp-json\/wp\/v2\/categories?post=12076"},{"taxonomy":"post_tag","embeddable":true,"href":"https:\/\/kalot.com.mx\/site\/wp-json\/wp\/v2\/tags?post=12076"}],"curies":[{"name":"wp","href":"https:\/\/api.w.org\/{rel}","templated":true}]}}