{"id":12035,"date":"2014-02-20T12:41:34","date_gmt":"2014-02-20T18:41:34","guid":{"rendered":"http:\/\/www.kalot.com.mx\/?p=12035"},"modified":"2017-12-20T13:50:31","modified_gmt":"2017-12-20T19:50:31","slug":"que-le-falta-al-bayern-munich","status":"publish","type":"post","link":"https:\/\/kalot.com.mx\/site\/2014\/02\/20\/que-le-falta-al-bayern-munich\/","title":{"rendered":"\u00bfQu\u00e9 le falta al Bayern Munich?"},"content":{"rendered":"<p style=\"text-align: center\" align=\"center\"><b>\u00bfQU\u00c9 LE FALTA AL BAYERN MUNICH?<\/b><\/p>\n<p style=\"text-align: justify\" align=\"center\">La noche del pasado mi\u00e9rcoles, y despu\u00e9s de haber visto al medio d\u00eda el juego entre el Manchester City y el F.C. Barcelona por la ida de los octavos en la Champions, me dorm\u00ed pensando si alg\u00fan d\u00eda volver\u00eda a ver a aqu\u00e9l Barsa de Guardiola dando c\u00e1tedra del buen f\u00fatbol a los rivales\u2026unos minutos despu\u00e9s, so\u00f1\u00e9 que lo ve\u00eda.<\/p>\n<p style=\"text-align: justify\">\u00a0Al d\u00eda siguiente, y despu\u00e9s de una ma\u00f1ana llena de problemas de otra gente que uno tiene que resolver (afortunadamente), me dispuse a disfrutar de mi comida al mismo tiempo que en el televisor me encontr\u00e9 con la ida de los cuartos final de la champions, entre el Arsenal y el Bayern Munich.<\/p>\n<p style=\"text-align: justify\">\u00a0Empec\u00e9 a ver el juego con atenci\u00f3n, vi a Guardiola en el banco dirigiendo a lo b\u00e1varos, al Bayern vestido de azul marino con vivos rojos y empec\u00e9 a ver que Javi Mart\u00ednez se visti\u00f3 de Puyol, Lahm de Dani Alves, Kroos hizo de Xavi, Thiago de Iniesta y Robben\u2026de Robben.<\/p>\n<p style=\"text-align: justify\">\u00a0El Bayern Munich, hizo valer su etiqueta de ser el campe\u00f3n de Europa y en este momento el equipo m\u00e1s poderoso del mundo, dominaron el bal\u00f3n, el juego, el marcador, el tiempo, al rival y hasta la tribuna, de una forma tan apabullante que el Arsenal parec\u00eda un equipo de segunda y no el equipo que compite por ganar la Premier inglesa.<\/p>\n<p style=\"text-align: justify\">\u00a0Cuando menos acord\u00e9, me emocion\u00e9 tanto de volver a ver al F.C. Barcelona de Guardiola de nuevo, haciendo que el bal\u00f3n recorriera los siete mil metros cuadrados de la cancha, con un dominio envidiable, terminando por generar una ocasi\u00f3n de gol tras otra, sin parar, sin dar oportunidad al rival de respirar entre cada embate.<\/p>\n<p style=\"text-align: justify\">\u00a0De pronto, la televisi\u00f3n hace una toma de Guardiola, quien denota una tranquilidad que asusta hasta a sus propios dirigidos, porque hay algo que quiz\u00e1 no lo est\u00e1 convenciendo por completo del partido.<\/p>\n<p style=\"text-align: justify\">\u00a0Finalmente, el Bayern termina por derrotar al Arsenal con suma facilidad por 0-2, con un poema de gol de Toni Kloos y un contundente remate de Muller paray poner pie y medio en los cuartos.<\/p>\n<p style=\"text-align: justify\">\u00a0Al terminar el partido y ver de nuevo la cara de Guardiola, me di cuenta que quiz\u00e1 est\u00e1bamos pensando lo mismo, este no es el F.C. Barcelona de Guardiola, a esta versi\u00f3n remasterizada de aqu\u00e9l equipo, le sigue sobrando la arrogancia y soberbia de Robben, y le sigue faltando la magia de Messi. Entonces me di cuenta, que mi sue\u00f1o estuvo a muy poco de hacerse realidad\u2026<\/p>\n<p style=\"text-align: center\"><a href=\"https:\/\/i0.wp.com\/www.kalot.com.mx\/wp-content\/uploads\/2014\/02\/bayern-munich.jpg\"><img fetchpriority=\"high\" decoding=\"async\" data-attachment-id=\"12038\" data-permalink=\"https:\/\/kalot.com.mx\/site\/2014\/02\/20\/que-le-falta-al-bayern-munich\/bayern-munich\/\" data-orig-file=\"https:\/\/i0.wp.com\/kalot.com.mx\/site\/wp-content\/uploads\/2014\/02\/bayern-munich.jpg?fit=640%2C405&amp;ssl=1\" data-orig-size=\"640,405\" data-comments-opened=\"1\" data-image-meta=\"{&quot;aperture&quot;:&quot;0&quot;,&quot;credit&quot;:&quot;&quot;,&quot;camera&quot;:&quot;&quot;,&quot;caption&quot;:&quot;&quot;,&quot;created_timestamp&quot;:&quot;0&quot;,&quot;copyright&quot;:&quot;&quot;,&quot;focal_length&quot;:&quot;0&quot;,&quot;iso&quot;:&quot;0&quot;,&quot;shutter_speed&quot;:&quot;0&quot;,&quot;title&quot;:&quot;&quot;,&quot;orientation&quot;:&quot;0&quot;}\" data-image-title=\"bayern-munich\" data-image-description=\"\" data-image-caption=\"\" data-large-file=\"https:\/\/i0.wp.com\/kalot.com.mx\/site\/wp-content\/uploads\/2014\/02\/bayern-munich.jpg?fit=640%2C405&amp;ssl=1\" class=\"alignnone size-medium wp-image-12038\" alt=\"bayern-munich\" src=\"https:\/\/i2.wp.com\/kalot.com.mx\/site\/wp-content\/uploads\/2014\/02\/bayern-munich.jpg?fit=300%2C190&#038;ssl=1\" width=\"300\" height=\"190\" srcset=\"https:\/\/i0.wp.com\/kalot.com.mx\/site\/wp-content\/uploads\/2014\/02\/bayern-munich.jpg?w=640&amp;ssl=1 640w, https:\/\/i0.wp.com\/kalot.com.mx\/site\/wp-content\/uploads\/2014\/02\/bayern-munich.jpg?resize=380%2C240&amp;ssl=1 380w, https:\/\/i0.wp.com\/kalot.com.mx\/site\/wp-content\/uploads\/2014\/02\/bayern-munich.jpg?resize=300%2C190&amp;ssl=1 300w\" sizes=\"(max-width: 300px) 100vw, 300px\" \/><\/a><\/p>\n","protected":false},"excerpt":{"rendered":"\u00bfQU\u00c9 LE FALTA AL BAYERN MUNICH? La noche del pasado mi\u00e9rcoles, y despu\u00e9s de haber visto al medio&hellip;\n","protected":false},"author":84,"featured_media":12040,"comment_status":"open","ping_status":"open","sticky":false,"template":"","format":"standard","meta":{"jetpack_post_was_ever_published":false,"_jetpack_newsletter_access":"","_jetpack_dont_email_post_to_subs":false,"_jetpack_newsletter_tier_id":0,"_jetpack_memberships_contains_paywalled_content":false,"_jetpack_memberships_contains_paid_content":false,"footnotes":"","jetpack_publicize_message":"","jetpack_publicize_feature_enabled":true,"jetpack_social_post_already_shared":true,"jetpack_social_options":{"image_generator_settings":{"template":"highway","default_image_id":0,"font":"","enabled":false},"version":2}},"categories":[1],"tags":[],"class_list":{"0":"post-12035","1":"post","2":"type-post","3":"status-publish","4":"format-standard","5":"has-post-thumbnail","7":"category-sin-categoria","8":"cs-entry","9":"cs-video-wrap"},"yoast_head":"<!-- This site is optimized with the Yoast SEO plugin v27.4 - https:\/\/yoast.com\/product\/yoast-seo-wordpress\/ -->\n<title>\u00bfQu\u00e9 le falta al Bayern Munich? - Kalot<\/title>\n<meta name=\"description\" content=\"\u00bfQU\u00c9 LE FALTA AL BAYERN MUNICH? La noche del pasado mi\u00e9rcoles, y despu\u00e9s de haber visto al medio d\u00eda el juego entre el Manchester City y el F.C. Barcelona\" \/>\n<meta name=\"robots\" content=\"index, follow, max-snippet:-1, max-image-preview:large, max-video-preview:-1\" \/>\n<link rel=\"canonical\" href=\"https:\/\/kalot.com.mx\/site\/2014\/02\/20\/que-le-falta-al-bayern-munich\/\" \/>\n<meta property=\"og:locale\" content=\"es_MX\" \/>\n<meta property=\"og:type\" content=\"article\" \/>\n<meta property=\"og:title\" content=\"\u00bfQu\u00e9 le falta al Bayern Munich? - Kalot\" \/>\n<meta property=\"og:description\" content=\"\u00bfQU\u00c9 LE FALTA AL BAYERN MUNICH? La noche del pasado mi\u00e9rcoles, y despu\u00e9s de haber visto al medio d\u00eda el juego entre el Manchester City y el F.C. Barcelona\" \/>\n<meta property=\"og:url\" content=\"https:\/\/kalot.com.mx\/site\/2014\/02\/20\/que-le-falta-al-bayern-munich\/\" \/>\n<meta property=\"og:site_name\" content=\"Kalot\" \/>\n<meta property=\"article:publisher\" content=\"http:\/\/facebook.com\/mxkalot\" \/>\n<meta property=\"article:published_time\" content=\"2014-02-20T18:41:34+00:00\" \/>\n<meta property=\"article:modified_time\" content=\"2017-12-20T19:50:31+00:00\" \/>\n<meta property=\"og:image\" content=\"https:\/\/i1.wp.com\/kalot.com.mx\/site\/wp-content\/uploads\/2014\/02\/Pep-Guardiola-Bayern-Muni-011.jpg?fit=460%2C276&ssl=1\" \/>\n\t<meta property=\"og:image:width\" content=\"460\" \/>\n\t<meta property=\"og:image:height\" content=\"276\" \/>\n\t<meta property=\"og:image:type\" content=\"image\/jpeg\" \/>\n<meta name=\"author\" content=\"Juan Ol\u00e1is\" \/>\n<meta name=\"twitter:card\" content=\"summary_large_image\" \/>\n<meta name=\"twitter:creator\" content=\"@Golon_16\" \/>\n<meta name=\"twitter:site\" content=\"@kalotmx\" \/>\n<meta name=\"twitter:label1\" content=\"Escrito por\" \/>\n\t<meta name=\"twitter:data1\" content=\"Juan Ol\u00e1is\" \/>\n\t<meta name=\"twitter:label2\" content=\"Tiempo de lectura\" \/>\n\t<meta name=\"twitter:data2\" content=\"2 minutos\" \/>\n<!-- \/ Yoast SEO plugin. -->","yoast_head_json":{"title":"\u00bfQu\u00e9 le falta al Bayern Munich? - Kalot","description":"\u00bfQU\u00c9 LE FALTA AL BAYERN MUNICH? La noche del pasado mi\u00e9rcoles, y despu\u00e9s de haber visto al medio d\u00eda el juego entre el Manchester City y el F.C. Barcelona","robots":{"index":"index","follow":"follow","max-snippet":"max-snippet:-1","max-image-preview":"max-image-preview:large","max-video-preview":"max-video-preview:-1"},"canonical":"https:\/\/kalot.com.mx\/site\/2014\/02\/20\/que-le-falta-al-bayern-munich\/","og_locale":"es_MX","og_type":"article","og_title":"\u00bfQu\u00e9 le falta al Bayern Munich? - Kalot","og_description":"\u00bfQU\u00c9 LE FALTA AL BAYERN MUNICH? La noche del pasado mi\u00e9rcoles, y despu\u00e9s de haber visto al medio d\u00eda el juego entre el Manchester City y el F.C. Barcelona","og_url":"https:\/\/kalot.com.mx\/site\/2014\/02\/20\/que-le-falta-al-bayern-munich\/","og_site_name":"Kalot","article_publisher":"http:\/\/facebook.com\/mxkalot","article_published_time":"2014-02-20T18:41:34+00:00","article_modified_time":"2017-12-20T19:50:31+00:00","og_image":[{"width":460,"height":276,"url":"https:\/\/i1.wp.com\/kalot.com.mx\/site\/wp-content\/uploads\/2014\/02\/Pep-Guardiola-Bayern-Muni-011.jpg?fit=460%2C276&ssl=1","type":"image\/jpeg"}],"author":"Juan Ol\u00e1is","twitter_card":"summary_large_image","twitter_creator":"@Golon_16","twitter_site":"@kalotmx","twitter_misc":{"Escrito por":"Juan Ol\u00e1is","Tiempo de lectura":"2 minutos"},"schema":{"@context":"https:\/\/schema.org","@graph":[{"@type":"Article","@id":"https:\/\/kalot.com.mx\/site\/2014\/02\/20\/que-le-falta-al-bayern-munich\/#article","isPartOf":{"@id":"https:\/\/kalot.com.mx\/site\/2014\/02\/20\/que-le-falta-al-bayern-munich\/"},"author":{"name":"Juan Ol\u00e1is","@id":"https:\/\/kalot.com.mx\/site\/#\/schema\/person\/11f60ca811b545027d1b83c3c64da30d"},"headline":"\u00bfQu\u00e9 le falta al Bayern Munich?","datePublished":"2014-02-20T18:41:34+00:00","dateModified":"2017-12-20T19:50:31+00:00","mainEntityOfPage":{"@id":"https:\/\/kalot.com.mx\/site\/2014\/02\/20\/que-le-falta-al-bayern-munich\/"},"wordCount":461,"commentCount":2,"publisher":{"@id":"https:\/\/kalot.com.mx\/site\/#organization"},"image":{"@id":"https:\/\/kalot.com.mx\/site\/2014\/02\/20\/que-le-falta-al-bayern-munich\/#primaryimage"},"thumbnailUrl":"https:\/\/i0.wp.com\/kalot.com.mx\/site\/wp-content\/uploads\/2014\/02\/Pep-Guardiola-Bayern-Muni-011.jpg?fit=460%2C276&ssl=1","inLanguage":"es","potentialAction":[{"@type":"CommentAction","name":"Comment","target":["https:\/\/kalot.com.mx\/site\/2014\/02\/20\/que-le-falta-al-bayern-munich\/#respond"]}]},{"@type":"WebPage","@id":"https:\/\/kalot.com.mx\/site\/2014\/02\/20\/que-le-falta-al-bayern-munich\/","url":"https:\/\/kalot.com.mx\/site\/2014\/02\/20\/que-le-falta-al-bayern-munich\/","name":"\u00bfQu\u00e9 le falta al Bayern Munich? - Kalot","isPartOf":{"@id":"https:\/\/kalot.com.mx\/site\/#website"},"primaryImageOfPage":{"@id":"https:\/\/kalot.com.mx\/site\/2014\/02\/20\/que-le-falta-al-bayern-munich\/#primaryimage"},"image":{"@id":"https:\/\/kalot.com.mx\/site\/2014\/02\/20\/que-le-falta-al-bayern-munich\/#primaryimage"},"thumbnailUrl":"https:\/\/i0.wp.com\/kalot.com.mx\/site\/wp-content\/uploads\/2014\/02\/Pep-Guardiola-Bayern-Muni-011.jpg?fit=460%2C276&ssl=1","datePublished":"2014-02-20T18:41:34+00:00","dateModified":"2017-12-20T19:50:31+00:00","description":"\u00bfQU\u00c9 LE FALTA AL BAYERN MUNICH? La noche del pasado mi\u00e9rcoles, y despu\u00e9s de haber visto al medio d\u00eda el juego entre el Manchester City y el F.C. Barcelona","breadcrumb":{"@id":"https:\/\/kalot.com.mx\/site\/2014\/02\/20\/que-le-falta-al-bayern-munich\/#breadcrumb"},"inLanguage":"es","potentialAction":[{"@type":"ReadAction","target":["https:\/\/kalot.com.mx\/site\/2014\/02\/20\/que-le-falta-al-bayern-munich\/"]}]},{"@type":"ImageObject","inLanguage":"es","@id":"https:\/\/kalot.com.mx\/site\/2014\/02\/20\/que-le-falta-al-bayern-munich\/#primaryimage","url":"https:\/\/i0.wp.com\/kalot.com.mx\/site\/wp-content\/uploads\/2014\/02\/Pep-Guardiola-Bayern-Muni-011.jpg?fit=460%2C276&ssl=1","contentUrl":"https:\/\/i0.wp.com\/kalot.com.mx\/site\/wp-content\/uploads\/2014\/02\/Pep-Guardiola-Bayern-Muni-011.jpg?fit=460%2C276&ssl=1","width":460,"height":276},{"@type":"BreadcrumbList","@id":"https:\/\/kalot.com.mx\/site\/2014\/02\/20\/que-le-falta-al-bayern-munich\/#breadcrumb","itemListElement":[{"@type":"ListItem","position":1,"name":"Home","item":"https:\/\/kalot.com.mx\/site\/"},{"@type":"ListItem","position":2,"name":"\u00bfQu\u00e9 le falta al Bayern Munich?"}]},{"@type":"WebSite","@id":"https:\/\/kalot.com.mx\/site\/#website","url":"https:\/\/kalot.com.mx\/site\/","name":"Kalot","description":"Conoce Todo Sobre Todo","publisher":{"@id":"https:\/\/kalot.com.mx\/site\/#organization"},"potentialAction":[{"@type":"SearchAction","target":{"@type":"EntryPoint","urlTemplate":"https:\/\/kalot.com.mx\/site\/?s={search_term_string}"},"query-input":{"@type":"PropertyValueSpecification","valueRequired":true,"valueName":"search_term_string"}}],"inLanguage":"es"},{"@type":"Organization","@id":"https:\/\/kalot.com.mx\/site\/#organization","name":"Kalot","url":"https:\/\/kalot.com.mx\/site\/","logo":{"@type":"ImageObject","inLanguage":"es","@id":"https:\/\/kalot.com.mx\/site\/#\/schema\/logo\/image\/","url":"https:\/\/i0.wp.com\/kalot.com.mx\/site\/wp-content\/uploads\/2020\/04\/Kalot-logo-sin-tagline.png?fit=1707%2C1014&ssl=1","contentUrl":"https:\/\/i0.wp.com\/kalot.com.mx\/site\/wp-content\/uploads\/2020\/04\/Kalot-logo-sin-tagline.png?fit=1707%2C1014&ssl=1","width":1707,"height":1014,"caption":"Kalot"},"image":{"@id":"https:\/\/kalot.com.mx\/site\/#\/schema\/logo\/image\/"},"sameAs":["http:\/\/facebook.com\/mxkalot","https:\/\/x.com\/kalotmx","http:\/\/instagram.com\/kalotmx","http:\/\/pinterest.com\/jorgeerana\/kalot"]},{"@type":"Person","@id":"https:\/\/kalot.com.mx\/site\/#\/schema\/person\/11f60ca811b545027d1b83c3c64da30d","name":"Juan Ol\u00e1is","image":{"@type":"ImageObject","inLanguage":"es","@id":"https:\/\/secure.gravatar.com\/avatar\/d4121ca2934fe66389e397fe55a66fd97de3f8799fb54529e0c438bca75f5336?s=96&d=mm&r=g","url":"https:\/\/secure.gravatar.com\/avatar\/d4121ca2934fe66389e397fe55a66fd97de3f8799fb54529e0c438bca75f5336?s=96&d=mm&r=g","contentUrl":"https:\/\/secure.gravatar.com\/avatar\/d4121ca2934fe66389e397fe55a66fd97de3f8799fb54529e0c438bca75f5336?s=96&d=mm&r=g","caption":"Juan Ol\u00e1is"},"description":"Abogado, aficionado a diversos deportes y muy so\u00f1ador...","sameAs":["https:\/\/x.com\/@Golon_16"],"url":"https:\/\/kalot.com.mx\/site\/author\/juan\/"}]}},"jetpack_publicize_connections":[],"jetpack_featured_media_url":"https:\/\/i0.wp.com\/kalot.com.mx\/site\/wp-content\/uploads\/2014\/02\/Pep-Guardiola-Bayern-Muni-011.jpg?fit=460%2C276&ssl=1","jetpack_shortlink":"https:\/\/wp.me\/p6IHEI-387","jetpack-related-posts":[{"id":13710,"url":"https:\/\/kalot.com.mx\/site\/2014\/03\/21\/listos-los-cuartos-de-champions-league\/","url_meta":{"origin":12035,"position":0},"title":"Listos los Cuartos de Champions League","author":"Daniel Cacho","date":"21 marzo, 2014","format":false,"excerpt":"Quedaron definidos los Cuartos de Final de la UEFA Champions League 2013-2014 que entregar\u00e1n a los cuatro mejores equipos para continuar en la pelea por el torneo continental m\u00e1s importante a nivel de clubes en el mundo. El primer duelo sorteado fue el que enfrentar\u00e1 al Barcelona con el Atl\u00e9tico\u2026","rel":"","context":"Entrada similar ","block_context":{"text":"Entrada similar ","link":""},"img":{"alt_text":"","src":"https:\/\/i0.wp.com\/kalot.com.mx\/site\/wp-content\/uploads\/2014\/03\/194425-20_03_2014_14_33_37_757633339.jpg?fit=500%2C286&ssl=1&resize=350%2C200","width":350,"height":200},"classes":[]},{"id":21460,"url":"https:\/\/kalot.com.mx\/site\/2015\/05\/08\/real-madrid-el-mas-valioso-del-mundo-forbes\/","url_meta":{"origin":12035,"position":1},"title":"Real Madrid; el m\u00e1s valioso del mundo: Forbes","author":"Alain O\u00f1ate","date":"8 mayo, 2015","format":false,"excerpt":"El Real Madrid es catalogado como el cuadro m\u00e1s valioso del mundo, esta valuado en 3,260 millones de d\u00f3lares, seguido de el Barcelona con 3,160 mdd seg\u00fan Forbes. En este momento se encuentran en semifinales de la Champions League y es muy probable que los clubes mejor valuados del mundo\u2026","rel":"","context":"Entrada similar ","block_context":{"text":"Entrada similar ","link":""},"img":{"alt_text":"","src":"https:\/\/i0.wp.com\/kalot.com.mx\/site\/wp-content\/uploads\/2015\/05\/Real-Madrid-Logo-.jpg?fit=1200%2C960&ssl=1&resize=350%2C200","width":350,"height":200,"srcset":"https:\/\/i0.wp.com\/kalot.com.mx\/site\/wp-content\/uploads\/2015\/05\/Real-Madrid-Logo-.jpg?fit=1200%2C960&ssl=1&resize=350%2C200 1x, https:\/\/i0.wp.com\/kalot.com.mx\/site\/wp-content\/uploads\/2015\/05\/Real-Madrid-Logo-.jpg?fit=1200%2C960&ssl=1&resize=525%2C300 1.5x, https:\/\/i0.wp.com\/kalot.com.mx\/site\/wp-content\/uploads\/2015\/05\/Real-Madrid-Logo-.jpg?fit=1200%2C960&ssl=1&resize=700%2C400 2x, https:\/\/i0.wp.com\/kalot.com.mx\/site\/wp-content\/uploads\/2015\/05\/Real-Madrid-Logo-.jpg?fit=1200%2C960&ssl=1&resize=1050%2C600 3x"},"classes":[]},{"id":17796,"url":"https:\/\/kalot.com.mx\/site\/2014\/08\/28\/la-champions-league-2014-15-ya-tiene-grupos\/","url_meta":{"origin":12035,"position":2},"title":"LA CHAMPIONS LEAGUE 2014-15 ya tiene grupos","author":"HM_MKT007","date":"28 agosto, 2014","format":false,"excerpt":"El d\u00eda de hoy jueves 28 de agosto (D\u00eda de los abuelos por cierto, felicidades a todos por parte de KALOT) se realiz\u00f3 en la bella ciudad de M\u00f3naco, el sorteo por parte de la UEFA para los 32 equipos calificados, sin dudas grupos interesantes, regresan grandes equipos, y est\u00e1n\u2026","rel":"","context":"Entrada similar ","block_context":{"text":"Entrada similar ","link":""},"img":{"alt_text":"","src":"https:\/\/i0.wp.com\/kalot.com.mx\/site\/wp-content\/uploads\/2014\/08\/Champions-League-Final1.jpg?fit=980%2C540&ssl=1&resize=350%2C200","width":350,"height":200,"srcset":"https:\/\/i0.wp.com\/kalot.com.mx\/site\/wp-content\/uploads\/2014\/08\/Champions-League-Final1.jpg?fit=980%2C540&ssl=1&resize=350%2C200 1x, https:\/\/i0.wp.com\/kalot.com.mx\/site\/wp-content\/uploads\/2014\/08\/Champions-League-Final1.jpg?fit=980%2C540&ssl=1&resize=525%2C300 1.5x, https:\/\/i0.wp.com\/kalot.com.mx\/site\/wp-content\/uploads\/2014\/08\/Champions-League-Final1.jpg?fit=980%2C540&ssl=1&resize=700%2C400 2x"},"classes":[]},{"id":13237,"url":"https:\/\/kalot.com.mx\/site\/2014\/03\/11\/presidente-de-bayern-munchen-juicio-por-fraude\/","url_meta":{"origin":12035,"position":3},"title":"Presidente de Bayern M\u00fcnchen a Juicio por Fraude","author":"Daniel Cacho","date":"11 marzo, 2014","format":false,"excerpt":"Berl\u00edn, 10 mar.- El proceso por fraude fiscal contra el presidente del Bayern, Uli Hoeness, comenz\u00f3 hoy en la audiencia provincial de M\u00fanich en medio de una gran expectaci\u00f3n. Hoeness est\u00e1 acusado de haber evadido impuestos por m\u00e1s de 3 millones de euros, correspondientes a ganancias obtenidas con especulaciones burs\u00e1tiles\u2026","rel":"","context":"Entrada similar ","block_context":{"text":"Entrada similar ","link":""},"img":{"alt_text":"","src":"https:\/\/i0.wp.com\/kalot.com.mx\/site\/wp-content\/uploads\/2014\/03\/Uli-Hoeness.jpg?fit=620%2C413&ssl=1&resize=350%2C200","width":350,"height":200,"srcset":"https:\/\/i0.wp.com\/kalot.com.mx\/site\/wp-content\/uploads\/2014\/03\/Uli-Hoeness.jpg?fit=620%2C413&ssl=1&resize=350%2C200 1x, https:\/\/i0.wp.com\/kalot.com.mx\/site\/wp-content\/uploads\/2014\/03\/Uli-Hoeness.jpg?fit=620%2C413&ssl=1&resize=525%2C300 1.5x"},"classes":[]},{"id":7910,"url":"https:\/\/kalot.com.mx\/site\/2013\/12\/16\/listos-los-octavos-de-champions-league\/","url_meta":{"origin":12035,"position":4},"title":"Listos los Octavos de Champions League","author":"Daniel Cacho","date":"16 diciembre, 2013","format":false,"excerpt":"Una nueva edici\u00f3n de fases finales de la Copa de Campeones de Europa se prepara para arrancar. Este a\u00f1o, la Champions League ofrecer\u00e1 duelos muy interesantes (y otros no tanto) para deleitar al p\u00fablico que gusta de ver buen f\u00fatbol (no pedazos como el espect\u00e1culo de ayer). Luis Figo, embajador\u2026","rel":"","context":"En &quot;Sin categor\u00eda&quot;","block_context":{"text":"Sin categor\u00eda","link":"https:\/\/kalot.com.mx\/site\/category\/sin-categoria\/"},"img":{"alt_text":"","src":"https:\/\/i0.wp.com\/kalot.com.mx\/site\/wp-content\/uploads\/2013\/12\/1503348_722658474425909_122927432_n.jpg?fit=843%2C403&ssl=1&resize=350%2C200","width":350,"height":200,"srcset":"https:\/\/i0.wp.com\/kalot.com.mx\/site\/wp-content\/uploads\/2013\/12\/1503348_722658474425909_122927432_n.jpg?fit=843%2C403&ssl=1&resize=350%2C200 1x, https:\/\/i0.wp.com\/kalot.com.mx\/site\/wp-content\/uploads\/2013\/12\/1503348_722658474425909_122927432_n.jpg?fit=843%2C403&ssl=1&resize=525%2C300 1.5x, https:\/\/i0.wp.com\/kalot.com.mx\/site\/wp-content\/uploads\/2013\/12\/1503348_722658474425909_122927432_n.jpg?fit=843%2C403&ssl=1&resize=700%2C400 2x"},"classes":[]},{"id":14609,"url":"https:\/\/kalot.com.mx\/site\/2014\/04\/08\/pase-sufrido-semis\/","url_meta":{"origin":12035,"position":5},"title":"PASE SUFRIDO A SEMIS","author":"Juan Ol\u00e1is","date":"8 abril, 2014","format":false,"excerpt":"SUFRIDO PASE A SEMIS \u00a0El d\u00eda de hoy, se jugaron los partidos de vuelta de dos de los cruces de cuartos de final en la UEFA Champions League. \u00a0En Stamford Bridge, el Chelsea recibi\u00f3 al Par\u00eds Saint-Germain. El equipo de la capital francesa, lleg\u00f3 al encuentro con una ventaja de\u2026","rel":"","context":"En &quot;Sin categor\u00eda&quot;","block_context":{"text":"Sin categor\u00eda","link":"https:\/\/kalot.com.mx\/site\/category\/sin-categoria\/"},"img":{"alt_text":"","src":"https:\/\/i0.wp.com\/kalot.com.mx\/site\/wp-content\/uploads\/2014\/04\/cuartos-champions-league-2014.jpg?fit=599%2C333&ssl=1&resize=350%2C200","width":350,"height":200,"srcset":"https:\/\/i0.wp.com\/kalot.com.mx\/site\/wp-content\/uploads\/2014\/04\/cuartos-champions-league-2014.jpg?fit=599%2C333&ssl=1&resize=350%2C200 1x, https:\/\/i0.wp.com\/kalot.com.mx\/site\/wp-content\/uploads\/2014\/04\/cuartos-champions-league-2014.jpg?fit=599%2C333&ssl=1&resize=525%2C300 1.5x"},"classes":[]}],"jetpack_sharing_enabled":true,"_links":{"self":[{"href":"https:\/\/kalot.com.mx\/site\/wp-json\/wp\/v2\/posts\/12035","targetHints":{"allow":["GET"]}}],"collection":[{"href":"https:\/\/kalot.com.mx\/site\/wp-json\/wp\/v2\/posts"}],"about":[{"href":"https:\/\/kalot.com.mx\/site\/wp-json\/wp\/v2\/types\/post"}],"author":[{"embeddable":true,"href":"https:\/\/kalot.com.mx\/site\/wp-json\/wp\/v2\/users\/84"}],"replies":[{"embeddable":true,"href":"https:\/\/kalot.com.mx\/site\/wp-json\/wp\/v2\/comments?post=12035"}],"version-history":[{"count":1,"href":"https:\/\/kalot.com.mx\/site\/wp-json\/wp\/v2\/posts\/12035\/revisions"}],"predecessor-version":[{"id":29565,"href":"https:\/\/kalot.com.mx\/site\/wp-json\/wp\/v2\/posts\/12035\/revisions\/29565"}],"wp:featuredmedia":[{"embeddable":true,"href":"https:\/\/kalot.com.mx\/site\/wp-json\/wp\/v2\/media\/12040"}],"wp:attachment":[{"href":"https:\/\/kalot.com.mx\/site\/wp-json\/wp\/v2\/media?parent=12035"}],"wp:term":[{"taxonomy":"category","embeddable":true,"href":"https:\/\/kalot.com.mx\/site\/wp-json\/wp\/v2\/categories?post=12035"},{"taxonomy":"post_tag","embeddable":true,"href":"https:\/\/kalot.com.mx\/site\/wp-json\/wp\/v2\/tags?post=12035"}],"curies":[{"name":"wp","href":"https:\/\/api.w.org\/{rel}","templated":true}]}}