{"id":11645,"date":"2014-02-13T18:02:06","date_gmt":"2014-02-14T00:02:06","guid":{"rendered":"http:\/\/www.kalot.com.mx\/?p=11645"},"modified":"2014-02-13T18:02:06","modified_gmt":"2014-02-14T00:02:06","slug":"trailer-metastasis","status":"publish","type":"post","link":"https:\/\/kalot.com.mx\/site\/2014\/02\/13\/trailer-metastasis\/","title":{"rendered":"Nuevo trailer de la adaptaci\u00f3n latina de Breaking Bad: Met\u00e1stasis"},"content":{"rendered":"<p style=\"text-align: justify;\">El remake de <strong>Breaking Bad<\/strong> en su versi\u00f3n latina est\u00e1 a nada de ver la luz gracias Sony Pictures Television y Teleset, como ya sabemos la nueva adaptaci\u00f3n llamada <strong>Met\u00e1stasis<\/strong> ser\u00e1 protagonizada por <strong>Walter Blanco<\/strong> (Diego Trujillo) y <strong>Jos\u00e9<\/strong> (Robert Urbina).<\/p>\n<p style=\"text-align: justify;\">Sin duda un gran reto para el equipo y actores que est\u00e1 detr\u00e1s de esta gran producci\u00f3n que seg\u00fan sus productores no est\u00e1 escatimando en inversi\u00f3n para dar un resultado a la altura de lo fue Breaking Bad.<\/p>\n<p style=\"text-align: justify;\">No se ustedes pero a mi si me llama la atenci\u00f3n el posible resultado de este proyecto que tienen rato preparando y no dudo que vaya a dar mucho de qu\u00e9 hablar.<\/p>\n<p style=\"text-align: justify;\"><strong>\u00bfUstedes la ver\u00e1n o prefieren dejar tranquila la memoria de Walter White?\u00a0<\/strong><\/p>\n<p style=\"text-align: justify;\">Aqu\u00ed el trailer de la nueva serie Met\u00e1stasis<\/p>\n[embedvideo id=&#8221;PoH2gu7snwc&#8221; website=&#8221;youtube&#8221;]\n<p>&nbsp;<\/p>\n","protected":false},"excerpt":{"rendered":"El remake de Breaking Bad en su versi\u00f3n latina est\u00e1 a nada de ver la luz gracias Sony&hellip;\n","protected":false},"author":1,"featured_media":11649,"comment_status":"open","ping_status":"open","sticky":false,"template":"","format":"standard","meta":{"jetpack_post_was_ever_published":false,"_jetpack_newsletter_access":"","_jetpack_dont_email_post_to_subs":false,"_jetpack_newsletter_tier_id":0,"_jetpack_memberships_contains_paywalled_content":false,"_jetpack_memberships_contains_paid_content":false,"footnotes":"","jetpack_publicize_message":"","jetpack_publicize_feature_enabled":true,"jetpack_social_post_already_shared":true,"jetpack_social_options":{"image_generator_settings":{"template":"highway","default_image_id":0,"font":"","enabled":false},"version":2}},"categories":[],"tags":[],"class_list":{"0":"post-11645","1":"post","2":"type-post","3":"status-publish","4":"format-standard","5":"has-post-thumbnail","7":"cs-entry","8":"cs-video-wrap"},"yoast_head":"<!-- This site is optimized with the Yoast SEO plugin v27.5 - https:\/\/yoast.com\/product\/yoast-seo-wordpress\/ -->\n<title>Nuevo trailer de la adaptaci\u00f3n latina de Breaking Bad: Met\u00e1stasis - Kalot<\/title>\n<meta name=\"description\" content=\"El remake de Breaking Bad en su versi\u00f3n latina est\u00e1 a nada de ver la luz gracias Sony Pictures Television y Teleset, como ya sabemos la nueva adaptaci\u00f3n\" \/>\n<meta name=\"robots\" content=\"index, follow, max-snippet:-1, max-image-preview:large, max-video-preview:-1\" \/>\n<link rel=\"canonical\" href=\"https:\/\/kalot.com.mx\/site\/2014\/02\/13\/trailer-metastasis\/\" \/>\n<meta property=\"og:locale\" content=\"es_MX\" \/>\n<meta property=\"og:type\" content=\"article\" \/>\n<meta property=\"og:title\" content=\"Nuevo trailer de la adaptaci\u00f3n latina de Breaking Bad: Met\u00e1stasis - Kalot\" \/>\n<meta property=\"og:description\" content=\"El remake de Breaking Bad en su versi\u00f3n latina est\u00e1 a nada de ver la luz gracias Sony Pictures Television y Teleset, como ya sabemos la nueva adaptaci\u00f3n\" \/>\n<meta property=\"og:url\" content=\"https:\/\/kalot.com.mx\/site\/2014\/02\/13\/trailer-metastasis\/\" \/>\n<meta property=\"og:site_name\" content=\"Kalot\" \/>\n<meta property=\"article:publisher\" content=\"http:\/\/facebook.com\/mxkalot\" \/>\n<meta property=\"article:author\" content=\"http:\/\/www.facebook.com\/jorgeerana\" \/>\n<meta property=\"article:published_time\" content=\"2014-02-14T00:02:06+00:00\" \/>\n<meta property=\"og:image\" content=\"https:\/\/i2.wp.com\/kalot.com.mx\/site\/wp-content\/uploads\/2014\/02\/screen-shot-2013-10-03-at-125230.jpg?fit=618%2C372&ssl=1\" \/>\n\t<meta property=\"og:image:width\" content=\"618\" \/>\n\t<meta property=\"og:image:height\" content=\"372\" \/>\n\t<meta property=\"og:image:type\" content=\"image\/jpeg\" \/>\n<meta name=\"author\" content=\"Jorge Era\u00f1a\" \/>\n<meta name=\"twitter:card\" content=\"summary_large_image\" \/>\n<meta name=\"twitter:creator\" content=\"@jorge_erana\" \/>\n<meta name=\"twitter:site\" content=\"@kalotmx\" \/>\n<meta name=\"twitter:label1\" content=\"Escrito por\" \/>\n\t<meta name=\"twitter:data1\" content=\"Jorge Era\u00f1a\" \/>\n\t<meta name=\"twitter:label2\" content=\"Tiempo de lectura\" \/>\n\t<meta name=\"twitter:data2\" content=\"1 minuto\" \/>\n<!-- \/ Yoast SEO plugin. -->","yoast_head_json":{"title":"Nuevo trailer de la adaptaci\u00f3n latina de Breaking Bad: Met\u00e1stasis - Kalot","description":"El remake de Breaking Bad en su versi\u00f3n latina est\u00e1 a nada de ver la luz gracias Sony Pictures Television y Teleset, como ya sabemos la nueva adaptaci\u00f3n","robots":{"index":"index","follow":"follow","max-snippet":"max-snippet:-1","max-image-preview":"max-image-preview:large","max-video-preview":"max-video-preview:-1"},"canonical":"https:\/\/kalot.com.mx\/site\/2014\/02\/13\/trailer-metastasis\/","og_locale":"es_MX","og_type":"article","og_title":"Nuevo trailer de la adaptaci\u00f3n latina de Breaking Bad: Met\u00e1stasis - Kalot","og_description":"El remake de Breaking Bad en su versi\u00f3n latina est\u00e1 a nada de ver la luz gracias Sony Pictures Television y Teleset, como ya sabemos la nueva adaptaci\u00f3n","og_url":"https:\/\/kalot.com.mx\/site\/2014\/02\/13\/trailer-metastasis\/","og_site_name":"Kalot","article_publisher":"http:\/\/facebook.com\/mxkalot","article_author":"http:\/\/www.facebook.com\/jorgeerana","article_published_time":"2014-02-14T00:02:06+00:00","og_image":[{"width":618,"height":372,"url":"https:\/\/i2.wp.com\/kalot.com.mx\/site\/wp-content\/uploads\/2014\/02\/screen-shot-2013-10-03-at-125230.jpg?fit=618%2C372&ssl=1","type":"image\/jpeg"}],"author":"Jorge Era\u00f1a","twitter_card":"summary_large_image","twitter_creator":"@jorge_erana","twitter_site":"@kalotmx","twitter_misc":{"Escrito por":"Jorge Era\u00f1a","Tiempo de lectura":"1 minuto"},"schema":{"@context":"https:\/\/schema.org","@graph":[{"@type":"Article","@id":"https:\/\/kalot.com.mx\/site\/2014\/02\/13\/trailer-metastasis\/#article","isPartOf":{"@id":"https:\/\/kalot.com.mx\/site\/2014\/02\/13\/trailer-metastasis\/"},"author":{"name":"Jorge Era\u00f1a","@id":"https:\/\/kalot.com.mx\/site\/#\/schema\/person\/439e32b5ce86d9bc80cf42ab58e1c6e0"},"headline":"Nuevo trailer de la adaptaci\u00f3n latina de Breaking Bad: Met\u00e1stasis","datePublished":"2014-02-14T00:02:06+00:00","mainEntityOfPage":{"@id":"https:\/\/kalot.com.mx\/site\/2014\/02\/13\/trailer-metastasis\/"},"wordCount":161,"commentCount":0,"publisher":{"@id":"https:\/\/kalot.com.mx\/site\/#organization"},"image":{"@id":"https:\/\/kalot.com.mx\/site\/2014\/02\/13\/trailer-metastasis\/#primaryimage"},"thumbnailUrl":"https:\/\/i0.wp.com\/kalot.com.mx\/site\/wp-content\/uploads\/2014\/02\/screen-shot-2013-10-03-at-125230.jpg?fit=618%2C372&ssl=1","inLanguage":"es","potentialAction":[{"@type":"CommentAction","name":"Comment","target":["https:\/\/kalot.com.mx\/site\/2014\/02\/13\/trailer-metastasis\/#respond"]}]},{"@type":"WebPage","@id":"https:\/\/kalot.com.mx\/site\/2014\/02\/13\/trailer-metastasis\/","url":"https:\/\/kalot.com.mx\/site\/2014\/02\/13\/trailer-metastasis\/","name":"Nuevo trailer de la adaptaci\u00f3n latina de Breaking Bad: Met\u00e1stasis - Kalot","isPartOf":{"@id":"https:\/\/kalot.com.mx\/site\/#website"},"primaryImageOfPage":{"@id":"https:\/\/kalot.com.mx\/site\/2014\/02\/13\/trailer-metastasis\/#primaryimage"},"image":{"@id":"https:\/\/kalot.com.mx\/site\/2014\/02\/13\/trailer-metastasis\/#primaryimage"},"thumbnailUrl":"https:\/\/i0.wp.com\/kalot.com.mx\/site\/wp-content\/uploads\/2014\/02\/screen-shot-2013-10-03-at-125230.jpg?fit=618%2C372&ssl=1","datePublished":"2014-02-14T00:02:06+00:00","description":"El remake de Breaking Bad en su versi\u00f3n latina est\u00e1 a nada de ver la luz gracias Sony Pictures Television y Teleset, como ya sabemos la nueva adaptaci\u00f3n","breadcrumb":{"@id":"https:\/\/kalot.com.mx\/site\/2014\/02\/13\/trailer-metastasis\/#breadcrumb"},"inLanguage":"es","potentialAction":[{"@type":"ReadAction","target":["https:\/\/kalot.com.mx\/site\/2014\/02\/13\/trailer-metastasis\/"]}]},{"@type":"ImageObject","inLanguage":"es","@id":"https:\/\/kalot.com.mx\/site\/2014\/02\/13\/trailer-metastasis\/#primaryimage","url":"https:\/\/i0.wp.com\/kalot.com.mx\/site\/wp-content\/uploads\/2014\/02\/screen-shot-2013-10-03-at-125230.jpg?fit=618%2C372&ssl=1","contentUrl":"https:\/\/i0.wp.com\/kalot.com.mx\/site\/wp-content\/uploads\/2014\/02\/screen-shot-2013-10-03-at-125230.jpg?fit=618%2C372&ssl=1","width":618,"height":372},{"@type":"BreadcrumbList","@id":"https:\/\/kalot.com.mx\/site\/2014\/02\/13\/trailer-metastasis\/#breadcrumb","itemListElement":[{"@type":"ListItem","position":1,"name":"Home","item":"https:\/\/kalot.com.mx\/site\/"},{"@type":"ListItem","position":2,"name":"Nuevo trailer de la adaptaci\u00f3n latina de Breaking Bad: Met\u00e1stasis"}]},{"@type":"WebSite","@id":"https:\/\/kalot.com.mx\/site\/#website","url":"https:\/\/kalot.com.mx\/site\/","name":"Kalot","description":"Conoce Todo Sobre Todo","publisher":{"@id":"https:\/\/kalot.com.mx\/site\/#organization"},"potentialAction":[{"@type":"SearchAction","target":{"@type":"EntryPoint","urlTemplate":"https:\/\/kalot.com.mx\/site\/?s={search_term_string}"},"query-input":{"@type":"PropertyValueSpecification","valueRequired":true,"valueName":"search_term_string"}}],"inLanguage":"es"},{"@type":"Organization","@id":"https:\/\/kalot.com.mx\/site\/#organization","name":"Kalot","url":"https:\/\/kalot.com.mx\/site\/","logo":{"@type":"ImageObject","inLanguage":"es","@id":"https:\/\/kalot.com.mx\/site\/#\/schema\/logo\/image\/","url":"https:\/\/i0.wp.com\/kalot.com.mx\/site\/wp-content\/uploads\/2020\/04\/Kalot-logo-sin-tagline.png?fit=1707%2C1014&ssl=1","contentUrl":"https:\/\/i0.wp.com\/kalot.com.mx\/site\/wp-content\/uploads\/2020\/04\/Kalot-logo-sin-tagline.png?fit=1707%2C1014&ssl=1","width":1707,"height":1014,"caption":"Kalot"},"image":{"@id":"https:\/\/kalot.com.mx\/site\/#\/schema\/logo\/image\/"},"sameAs":["http:\/\/facebook.com\/mxkalot","https:\/\/x.com\/kalotmx","http:\/\/instagram.com\/kalotmx","http:\/\/pinterest.com\/jorgeerana\/kalot"]},{"@type":"Person","@id":"https:\/\/kalot.com.mx\/site\/#\/schema\/person\/439e32b5ce86d9bc80cf42ab58e1c6e0","name":"Jorge Era\u00f1a","image":{"@type":"ImageObject","inLanguage":"es","@id":"https:\/\/secure.gravatar.com\/avatar\/212c04a1057d7abed0b82aaef6a7ff59168e10f70fcde39376c565ea83c43a85?s=96&d=mm&r=g","url":"https:\/\/secure.gravatar.com\/avatar\/212c04a1057d7abed0b82aaef6a7ff59168e10f70fcde39376c565ea83c43a85?s=96&d=mm&r=g","contentUrl":"https:\/\/secure.gravatar.com\/avatar\/212c04a1057d7abed0b82aaef6a7ff59168e10f70fcde39376c565ea83c43a85?s=96&d=mm&r=g","caption":"Jorge Era\u00f1a"},"description":"Fundador de @KalotMx Mercad\u00f3logo, amante de la tecnolog\u00eda, #Geekazo, #socialmedia, #MarketingDigital, tv-shows, movies y de la vida. Admin","sameAs":["http:\/\/www.kalot.com.mx","http:\/\/www.facebook.com\/jorgeerana","https:\/\/x.com\/jorge_erana"],"url":"https:\/\/kalot.com.mx\/site\/author\/admin\/"}]}},"jetpack_publicize_connections":[],"jetpack_featured_media_url":"https:\/\/i0.wp.com\/kalot.com.mx\/site\/wp-content\/uploads\/2014\/02\/screen-shot-2013-10-03-at-125230.jpg?fit=618%2C372&ssl=1","jetpack_shortlink":"https:\/\/wp.me\/p6IHEI-31P","jetpack-related-posts":[{"id":3176,"url":"https:\/\/kalot.com.mx\/site\/2013\/10\/04\/primer-trailer-para-metastasis-breaking-bad-la-colombiana\/","url_meta":{"origin":11645,"position":0},"title":"Primer tr\u00e1iler para Met\u00e1stasis; Breaking Bad a la colombiana","author":"Omar Herrera","date":"4 octubre, 2013","format":false,"excerpt":"Sony Pictures TV se ha puesto a producir lo que ser\u00e1 la adaptaci\u00f3n colombiana de la reci\u00e9n terminada serie Breaking Bad, la cu\u00e1l ser\u00e1 transmitida a m\u00e1s de 40 pa\u00edses a trav\u00e9s de Univisi\u00f3n (s\u00ed, la misma cadena que exporta las telenovelas de Televisa). En s\u00ed la serie estar\u00e1 basada\u2026","rel":"","context":"En &quot;Sin categor\u00eda&quot;","block_context":{"text":"Sin categor\u00eda","link":"https:\/\/kalot.com.mx\/site\/category\/sin-categoria\/"},"img":{"alt_text":"","src":"https:\/\/i0.wp.com\/kalot.com.mx\/site\/wp-content\/uploads\/2013\/10\/walter_blanco_Metastasis.jpg?fit=799%2C1200&ssl=1&resize=350%2C200","width":350,"height":200,"srcset":"https:\/\/i0.wp.com\/kalot.com.mx\/site\/wp-content\/uploads\/2013\/10\/walter_blanco_Metastasis.jpg?fit=799%2C1200&ssl=1&resize=350%2C200 1x, https:\/\/i0.wp.com\/kalot.com.mx\/site\/wp-content\/uploads\/2013\/10\/walter_blanco_Metastasis.jpg?fit=799%2C1200&ssl=1&resize=525%2C300 1.5x, https:\/\/i0.wp.com\/kalot.com.mx\/site\/wp-content\/uploads\/2013\/10\/walter_blanco_Metastasis.jpg?fit=799%2C1200&ssl=1&resize=700%2C400 2x"},"classes":[]},{"id":8810,"url":"https:\/\/kalot.com.mx\/site\/2013\/12\/31\/the-musketeers\/","url_meta":{"origin":11645,"position":1},"title":"Nueva serie: The Musketeers (Los Mosqueteros)","author":"Jorge Era\u00f1a","date":"31 diciembre, 2013","format":false,"excerpt":"Definitivamente el 2013 fue el a\u00f1o de las series en la pantalla chica, a parte de las magn\u00edficas producciones cinematogr\u00e1ficas que vimos en este a\u00f1o, la TV no se qued\u00f3 con las ganas de hacer unas producciones millonarias para series como Walking Dead, Breaking Bad, Dexter, Game of Thrones y\u2026","rel":"","context":"En &quot;Sin categor\u00eda&quot;","block_context":{"text":"Sin categor\u00eda","link":"https:\/\/kalot.com.mx\/site\/category\/sin-categoria\/"},"img":{"alt_text":"","src":"https:\/\/i0.wp.com\/kalot.com.mx\/site\/wp-content\/uploads\/2013\/12\/4921010-low_res-the-musketeers.jpg?fit=640%2C351&ssl=1&resize=350%2C200","width":350,"height":200,"srcset":"https:\/\/i0.wp.com\/kalot.com.mx\/site\/wp-content\/uploads\/2013\/12\/4921010-low_res-the-musketeers.jpg?fit=640%2C351&ssl=1&resize=350%2C200 1x, https:\/\/i0.wp.com\/kalot.com.mx\/site\/wp-content\/uploads\/2013\/12\/4921010-low_res-the-musketeers.jpg?fit=640%2C351&ssl=1&resize=525%2C300 1.5x"},"classes":[]},{"id":12465,"url":"https:\/\/kalot.com.mx\/site\/2014\/02\/25\/godzilla-trailer\/","url_meta":{"origin":11645,"position":2},"title":"Godzilla estrena nuevo trailer","author":"Jorge Era\u00f1a","date":"25 febrero, 2014","format":false,"excerpt":"Cada vez falta menos para que se estrene Godzilla donde podremos ver el regreso de Bryan Cranston (aka Walter White) en esta nueva adaptaci\u00f3n cinematogr\u00e1fica donde tambi\u00e9n act\u00faa Elizabeth Olsen y Aaron Taylor-Johnson (aka Kick-ass). Esta pel\u00edcula se estrenar\u00e1 en el mes de mayo y aqu\u00ed presentan su nuevo trailer\u2026","rel":"","context":"Entrada similar ","block_context":{"text":"Entrada similar ","link":""},"img":{"alt_text":"","src":"https:\/\/i0.wp.com\/kalot.com.mx\/site\/wp-content\/uploads\/2014\/02\/godzilla-poster-405x600.jpg?fit=405%2C600&ssl=1&resize=350%2C200","width":350,"height":200},"classes":[]},{"id":6747,"url":"https:\/\/kalot.com.mx\/site\/2013\/11\/19\/breakingbad-barrel\/","url_meta":{"origin":11645,"position":3},"title":"\u00bfPiensas comprar la serie completa de Breaking Bad? Checa el unboxing de Vince Gilligan, su creador","author":"Jorge Era\u00f1a","date":"19 noviembre, 2013","format":false,"excerpt":"Si todav\u00eda no puedes superar tu adicci\u00f3n a Breaking Bad como yo, Sony se ha puesto las pilas y ya tienen listo el paquete completo de todas las temporadas de la serie en Blu-ray que contiene las 5 temporadas de la serie en una calidad preciosa. Para los que ya\u2026","rel":"","context":"En &quot;Sin categor\u00eda&quot;","block_context":{"text":"Sin categor\u00eda","link":"https:\/\/kalot.com.mx\/site\/category\/sin-categoria\/"},"img":{"alt_text":"breaking bad","src":"https:\/\/i0.wp.com\/kalot.com.mx\/site\/wp-content\/uploads\/2013\/11\/breaking-bad-blu-ray-banner.jpg?fit=656%2C357&ssl=1&resize=350%2C200","width":350,"height":200,"srcset":"https:\/\/i0.wp.com\/kalot.com.mx\/site\/wp-content\/uploads\/2013\/11\/breaking-bad-blu-ray-banner.jpg?fit=656%2C357&ssl=1&resize=350%2C200 1x, https:\/\/i0.wp.com\/kalot.com.mx\/site\/wp-content\/uploads\/2013\/11\/breaking-bad-blu-ray-banner.jpg?fit=656%2C357&ssl=1&resize=525%2C300 1.5x"},"classes":[]},{"id":2374,"url":"https:\/\/kalot.com.mx\/site\/2013\/09\/25\/llega-need-speed-al-cine-la-franquicia-de-ea-se-estrenara-en-el-2014-ea-needforspeed2014\/","url_meta":{"origin":11645,"position":4},"title":"Llega NEED FOR SPEED al cine, la franquicia de EA se estrenar\u00e1 en el 2014 @EA #NeedForSpeed2014","author":"HM_MKT007","date":"25 septiembre, 2013","format":false,"excerpt":"El d\u00eda de hoy, tenemos la gran noticia para los amantes de los autom\u00f3viles, y de los videojuegos, y es que llegar\u00e1 al cine la adaptaci\u00f3n de la exitosa franquicia NEED FOR SPEED. Por muchos a\u00f1os, se intento llevar esta franquicia al cine, lo cual por parte de ELECTRONIC ARTS\u2026","rel":"","context":"Entrada similar ","block_context":{"text":"Entrada similar ","link":""},"img":{"alt_text":"","src":"https:\/\/i0.wp.com\/kalot.com.mx\/site\/wp-content\/uploads\/2013\/09\/Need-for-Speed-movie-logo.png?fit=590%2C323&ssl=1&resize=350%2C200","width":350,"height":200,"srcset":"https:\/\/i0.wp.com\/kalot.com.mx\/site\/wp-content\/uploads\/2013\/09\/Need-for-Speed-movie-logo.png?fit=590%2C323&ssl=1&resize=350%2C200 1x, https:\/\/i0.wp.com\/kalot.com.mx\/site\/wp-content\/uploads\/2013\/09\/Need-for-Speed-movie-logo.png?fit=590%2C323&ssl=1&resize=525%2C300 1.5x"},"classes":[]},{"id":5213,"url":"https:\/\/kalot.com.mx\/site\/2013\/10\/30\/te-gusta-breaking-bad-checa-las-ultimas-paginas-del-guion-de-la-serie\/","url_meta":{"origin":11645,"position":5},"title":"\u00bfTe gusta Breaking Bad? Checa las \u00faltimas p\u00e1ginas del gui\u00f3n de la serie","author":"Jorge Era\u00f1a","date":"30 octubre, 2013","format":false,"excerpt":"Si eres fan de hueso colorado de esta buen\u00edsima serie como yo, definitivamente este post te traer\u00e1 un poco de nostalgia a pesar de que la serie no tiene ni dos meses que termin\u00f3 en USA. Les hablo de la serie Breaking Bad, de la cual acaban de filtrarse estas\u2026","rel":"","context":"Con 1 comentario","block_context":{"text":"Con 1 comentario","link":"https:\/\/kalot.com.mx\/site\/2013\/10\/30\/te-gusta-breaking-bad-checa-las-ultimas-paginas-del-guion-de-la-serie\/#comments"},"img":{"alt_text":"","src":"https:\/\/i0.wp.com\/kalot.com.mx\/site\/wp-content\/uploads\/2013\/10\/Breaking-Bad-01.jpeg?fit=1000%2C706&ssl=1&resize=350%2C200","width":350,"height":200,"srcset":"https:\/\/i0.wp.com\/kalot.com.mx\/site\/wp-content\/uploads\/2013\/10\/Breaking-Bad-01.jpeg?fit=1000%2C706&ssl=1&resize=350%2C200 1x, https:\/\/i0.wp.com\/kalot.com.mx\/site\/wp-content\/uploads\/2013\/10\/Breaking-Bad-01.jpeg?fit=1000%2C706&ssl=1&resize=525%2C300 1.5x, https:\/\/i0.wp.com\/kalot.com.mx\/site\/wp-content\/uploads\/2013\/10\/Breaking-Bad-01.jpeg?fit=1000%2C706&ssl=1&resize=700%2C400 2x"},"classes":[]}],"jetpack_sharing_enabled":true,"_links":{"self":[{"href":"https:\/\/kalot.com.mx\/site\/wp-json\/wp\/v2\/posts\/11645","targetHints":{"allow":["GET"]}}],"collection":[{"href":"https:\/\/kalot.com.mx\/site\/wp-json\/wp\/v2\/posts"}],"about":[{"href":"https:\/\/kalot.com.mx\/site\/wp-json\/wp\/v2\/types\/post"}],"author":[{"embeddable":true,"href":"https:\/\/kalot.com.mx\/site\/wp-json\/wp\/v2\/users\/1"}],"replies":[{"embeddable":true,"href":"https:\/\/kalot.com.mx\/site\/wp-json\/wp\/v2\/comments?post=11645"}],"version-history":[{"count":0,"href":"https:\/\/kalot.com.mx\/site\/wp-json\/wp\/v2\/posts\/11645\/revisions"}],"wp:featuredmedia":[{"embeddable":true,"href":"https:\/\/kalot.com.mx\/site\/wp-json\/wp\/v2\/media\/11649"}],"wp:attachment":[{"href":"https:\/\/kalot.com.mx\/site\/wp-json\/wp\/v2\/media?parent=11645"}],"wp:term":[{"taxonomy":"category","embeddable":true,"href":"https:\/\/kalot.com.mx\/site\/wp-json\/wp\/v2\/categories?post=11645"},{"taxonomy":"post_tag","embeddable":true,"href":"https:\/\/kalot.com.mx\/site\/wp-json\/wp\/v2\/tags?post=11645"}],"curies":[{"name":"wp","href":"https:\/\/api.w.org\/{rel}","templated":true}]}}