{"id":11637,"date":"2014-02-13T11:19:19","date_gmt":"2014-02-13T17:19:19","guid":{"rendered":"http:\/\/www.kalot.com.mx\/?p=11637"},"modified":"2014-02-13T11:19:19","modified_gmt":"2014-02-13T17:19:19","slug":"chris-pine-la-nueva-cara-de-armani","status":"publish","type":"post","link":"https:\/\/kalot.com.mx\/site\/2014\/02\/13\/chris-pine-la-nueva-cara-de-armani\/","title":{"rendered":"Chris Pine la nueva cara de Armani"},"content":{"rendered":"<p style=\"text-align: justify\">Armani la compa\u00f1\u00eda de moda italiana m\u00e1s famosa de la tierra fundada en 1975 tiene un nuevo rostro para sus pr\u00f3ximas campa\u00f1as de uno de sus perfumes m\u00e1s famosos \u00a0y el actor elegido es Chris Pine.<\/p>\n<p style=\"text-align: justify\">El actor estadounidense de treinta y tres a\u00f1os mejor conocido por su papel en Star Trek es uno de los hombres mejor vestidos seg\u00fan una reconocida revista del coraz\u00f3n en el vecino pa\u00eds y que ahora tendr\u00e1 sobre sus hombros llevar a los consumidores la sensaci\u00f3n de querer las fragancias de las que ahora el ser\u00e1 representante mundial.<\/p>\n<p style=\"text-align: justify\">Si bien la campa\u00f1a no ser\u00e1 dada a conocer hasta bien entrada la ya cercana primavera, la firma dio a conocer la fotograf\u00eda oficial en la que se ve al actor en una sencilla camisa blanca y una corbata negra, d\u00e1ndonos como precedente que ser\u00e1 una campa\u00f1a en la que se resalte la \u201celegancia sencilla\u201d de la que se habla mucho.<\/p>\n<p style=\"text-align: justify\">Esperamos que este embajador lleve con orgullo pero sobre todo con porte el peso de Armani y as\u00ed sea una estrella m\u00e1s en su brillante carrera.<\/p>\n<p style=\"text-align: justify\">Aqu\u00ed te dejo una sesi\u00f3n fotogr\u00e1fica realizada por el histri\u00f3n el a\u00f1o pasado.<\/p>\n<p><span class=\"embed-youtube\" style=\"text-align:center; display: block;\"><iframe class=\"youtube-player\" width=\"1200\" height=\"675\" src=\"https:\/\/www.youtube.com\/embed\/nxTL3zVxrg0?version=3&#038;rel=1&#038;showsearch=0&#038;showinfo=1&#038;iv_load_policy=1&#038;fs=1&#038;hl=es-MX&#038;autohide=2&#038;wmode=transparent\" allowfullscreen=\"true\" style=\"border:0;\" sandbox=\"allow-scripts allow-same-origin allow-popups allow-presentation allow-popups-to-escape-sandbox\"><\/iframe><\/span><\/p>\n<p>&nbsp;<\/p>\n","protected":false},"excerpt":{"rendered":"Armani la compa\u00f1\u00eda de moda italiana m\u00e1s famosa de la tierra fundada en 1975 tiene un nuevo rostro&hellip;\n","protected":false},"author":51,"featured_media":11638,"comment_status":"open","ping_status":"open","sticky":false,"template":"","format":"standard","meta":{"jetpack_post_was_ever_published":false,"_jetpack_newsletter_access":"","_jetpack_dont_email_post_to_subs":false,"_jetpack_newsletter_tier_id":0,"_jetpack_memberships_contains_paywalled_content":false,"_jetpack_memberships_contains_paid_content":false,"footnotes":"","jetpack_publicize_message":"","jetpack_publicize_feature_enabled":true,"jetpack_social_post_already_shared":true,"jetpack_social_options":{"image_generator_settings":{"template":"highway","default_image_id":0,"font":"","enabled":false},"version":2}},"categories":[],"tags":[],"class_list":{"0":"post-11637","1":"post","2":"type-post","3":"status-publish","4":"format-standard","5":"has-post-thumbnail","7":"cs-entry","8":"cs-video-wrap"},"yoast_head":"<!-- This site is optimized with the Yoast SEO plugin v27.4 - https:\/\/yoast.com\/product\/yoast-seo-wordpress\/ -->\n<title>Chris Pine la nueva cara de Armani - Kalot<\/title>\n<meta name=\"description\" content=\"Armani la compa\u00f1\u00eda de moda italiana m\u00e1s famosa de la tierra fundada en 1975 tiene un nuevo rostro para sus pr\u00f3ximas campa\u00f1as de uno de sus perfumes m\u00e1s\" \/>\n<meta name=\"robots\" content=\"index, follow, max-snippet:-1, max-image-preview:large, max-video-preview:-1\" \/>\n<link rel=\"canonical\" href=\"https:\/\/kalot.com.mx\/site\/2014\/02\/13\/chris-pine-la-nueva-cara-de-armani\/\" \/>\n<meta property=\"og:locale\" content=\"es_MX\" \/>\n<meta property=\"og:type\" content=\"article\" \/>\n<meta property=\"og:title\" content=\"Chris Pine la nueva cara de Armani - Kalot\" \/>\n<meta property=\"og:description\" content=\"Armani la compa\u00f1\u00eda de moda italiana m\u00e1s famosa de la tierra fundada en 1975 tiene un nuevo rostro para sus pr\u00f3ximas campa\u00f1as de uno de sus perfumes m\u00e1s\" \/>\n<meta property=\"og:url\" content=\"https:\/\/kalot.com.mx\/site\/2014\/02\/13\/chris-pine-la-nueva-cara-de-armani\/\" \/>\n<meta property=\"og:site_name\" content=\"Kalot\" \/>\n<meta property=\"article:publisher\" content=\"http:\/\/facebook.com\/mxkalot\" \/>\n<meta property=\"article:published_time\" content=\"2014-02-13T17:19:19+00:00\" \/>\n<meta property=\"og:image\" content=\"https:\/\/i0.wp.com\/kalot.com.mx\/site\/wp-content\/uploads\/2014\/02\/tumblr_n0wqfnjq6e1qlc8fao1_1280.jpg?fit=697%2C592&ssl=1\" \/>\n\t<meta property=\"og:image:width\" content=\"697\" \/>\n\t<meta property=\"og:image:height\" content=\"592\" \/>\n\t<meta property=\"og:image:type\" content=\"image\/jpeg\" \/>\n<meta name=\"author\" content=\"Ivan Mendez\" \/>\n<meta name=\"twitter:card\" content=\"summary_large_image\" \/>\n<meta name=\"twitter:creator\" content=\"@kalotmx\" \/>\n<meta name=\"twitter:site\" content=\"@kalotmx\" \/>\n<meta name=\"twitter:label1\" content=\"Escrito por\" \/>\n\t<meta name=\"twitter:data1\" content=\"Ivan Mendez\" \/>\n\t<meta name=\"twitter:label2\" content=\"Tiempo de lectura\" \/>\n\t<meta name=\"twitter:data2\" content=\"1 minuto\" \/>\n<!-- \/ Yoast SEO plugin. -->","yoast_head_json":{"title":"Chris Pine la nueva cara de Armani - Kalot","description":"Armani la compa\u00f1\u00eda de moda italiana m\u00e1s famosa de la tierra fundada en 1975 tiene un nuevo rostro para sus pr\u00f3ximas campa\u00f1as de uno de sus perfumes m\u00e1s","robots":{"index":"index","follow":"follow","max-snippet":"max-snippet:-1","max-image-preview":"max-image-preview:large","max-video-preview":"max-video-preview:-1"},"canonical":"https:\/\/kalot.com.mx\/site\/2014\/02\/13\/chris-pine-la-nueva-cara-de-armani\/","og_locale":"es_MX","og_type":"article","og_title":"Chris Pine la nueva cara de Armani - Kalot","og_description":"Armani la compa\u00f1\u00eda de moda italiana m\u00e1s famosa de la tierra fundada en 1975 tiene un nuevo rostro para sus pr\u00f3ximas campa\u00f1as de uno de sus perfumes m\u00e1s","og_url":"https:\/\/kalot.com.mx\/site\/2014\/02\/13\/chris-pine-la-nueva-cara-de-armani\/","og_site_name":"Kalot","article_publisher":"http:\/\/facebook.com\/mxkalot","article_published_time":"2014-02-13T17:19:19+00:00","og_image":[{"width":697,"height":592,"url":"https:\/\/i0.wp.com\/kalot.com.mx\/site\/wp-content\/uploads\/2014\/02\/tumblr_n0wqfnjq6e1qlc8fao1_1280.jpg?fit=697%2C592&ssl=1","type":"image\/jpeg"}],"author":"Ivan Mendez","twitter_card":"summary_large_image","twitter_creator":"@kalotmx","twitter_site":"@kalotmx","twitter_misc":{"Escrito por":"Ivan Mendez","Tiempo de lectura":"1 minuto"},"schema":{"@context":"https:\/\/schema.org","@graph":[{"@type":"Article","@id":"https:\/\/kalot.com.mx\/site\/2014\/02\/13\/chris-pine-la-nueva-cara-de-armani\/#article","isPartOf":{"@id":"https:\/\/kalot.com.mx\/site\/2014\/02\/13\/chris-pine-la-nueva-cara-de-armani\/"},"author":{"name":"Ivan Mendez","@id":"https:\/\/kalot.com.mx\/site\/#\/schema\/person\/444a91ecc3b075ab573ff515d7f6d6e3"},"headline":"Chris Pine la nueva cara de Armani","datePublished":"2014-02-13T17:19:19+00:00","mainEntityOfPage":{"@id":"https:\/\/kalot.com.mx\/site\/2014\/02\/13\/chris-pine-la-nueva-cara-de-armani\/"},"wordCount":228,"commentCount":0,"publisher":{"@id":"https:\/\/kalot.com.mx\/site\/#organization"},"image":{"@id":"https:\/\/kalot.com.mx\/site\/2014\/02\/13\/chris-pine-la-nueva-cara-de-armani\/#primaryimage"},"thumbnailUrl":"https:\/\/i0.wp.com\/kalot.com.mx\/site\/wp-content\/uploads\/2014\/02\/tumblr_n0wqfnjq6e1qlc8fao1_1280.jpg?fit=697%2C592&ssl=1","inLanguage":"es","potentialAction":[{"@type":"CommentAction","name":"Comment","target":["https:\/\/kalot.com.mx\/site\/2014\/02\/13\/chris-pine-la-nueva-cara-de-armani\/#respond"]}]},{"@type":"WebPage","@id":"https:\/\/kalot.com.mx\/site\/2014\/02\/13\/chris-pine-la-nueva-cara-de-armani\/","url":"https:\/\/kalot.com.mx\/site\/2014\/02\/13\/chris-pine-la-nueva-cara-de-armani\/","name":"Chris Pine la nueva cara de Armani - Kalot","isPartOf":{"@id":"https:\/\/kalot.com.mx\/site\/#website"},"primaryImageOfPage":{"@id":"https:\/\/kalot.com.mx\/site\/2014\/02\/13\/chris-pine-la-nueva-cara-de-armani\/#primaryimage"},"image":{"@id":"https:\/\/kalot.com.mx\/site\/2014\/02\/13\/chris-pine-la-nueva-cara-de-armani\/#primaryimage"},"thumbnailUrl":"https:\/\/i0.wp.com\/kalot.com.mx\/site\/wp-content\/uploads\/2014\/02\/tumblr_n0wqfnjq6e1qlc8fao1_1280.jpg?fit=697%2C592&ssl=1","datePublished":"2014-02-13T17:19:19+00:00","description":"Armani la compa\u00f1\u00eda de moda italiana m\u00e1s famosa de la tierra fundada en 1975 tiene un nuevo rostro para sus pr\u00f3ximas campa\u00f1as de uno de sus perfumes m\u00e1s","breadcrumb":{"@id":"https:\/\/kalot.com.mx\/site\/2014\/02\/13\/chris-pine-la-nueva-cara-de-armani\/#breadcrumb"},"inLanguage":"es","potentialAction":[{"@type":"ReadAction","target":["https:\/\/kalot.com.mx\/site\/2014\/02\/13\/chris-pine-la-nueva-cara-de-armani\/"]}]},{"@type":"ImageObject","inLanguage":"es","@id":"https:\/\/kalot.com.mx\/site\/2014\/02\/13\/chris-pine-la-nueva-cara-de-armani\/#primaryimage","url":"https:\/\/i0.wp.com\/kalot.com.mx\/site\/wp-content\/uploads\/2014\/02\/tumblr_n0wqfnjq6e1qlc8fao1_1280.jpg?fit=697%2C592&ssl=1","contentUrl":"https:\/\/i0.wp.com\/kalot.com.mx\/site\/wp-content\/uploads\/2014\/02\/tumblr_n0wqfnjq6e1qlc8fao1_1280.jpg?fit=697%2C592&ssl=1","width":697,"height":592},{"@type":"BreadcrumbList","@id":"https:\/\/kalot.com.mx\/site\/2014\/02\/13\/chris-pine-la-nueva-cara-de-armani\/#breadcrumb","itemListElement":[{"@type":"ListItem","position":1,"name":"Home","item":"https:\/\/kalot.com.mx\/site\/"},{"@type":"ListItem","position":2,"name":"Chris Pine la nueva cara de Armani"}]},{"@type":"WebSite","@id":"https:\/\/kalot.com.mx\/site\/#website","url":"https:\/\/kalot.com.mx\/site\/","name":"Kalot","description":"Conoce Todo Sobre Todo","publisher":{"@id":"https:\/\/kalot.com.mx\/site\/#organization"},"potentialAction":[{"@type":"SearchAction","target":{"@type":"EntryPoint","urlTemplate":"https:\/\/kalot.com.mx\/site\/?s={search_term_string}"},"query-input":{"@type":"PropertyValueSpecification","valueRequired":true,"valueName":"search_term_string"}}],"inLanguage":"es"},{"@type":"Organization","@id":"https:\/\/kalot.com.mx\/site\/#organization","name":"Kalot","url":"https:\/\/kalot.com.mx\/site\/","logo":{"@type":"ImageObject","inLanguage":"es","@id":"https:\/\/kalot.com.mx\/site\/#\/schema\/logo\/image\/","url":"https:\/\/i0.wp.com\/kalot.com.mx\/site\/wp-content\/uploads\/2020\/04\/Kalot-logo-sin-tagline.png?fit=1707%2C1014&ssl=1","contentUrl":"https:\/\/i0.wp.com\/kalot.com.mx\/site\/wp-content\/uploads\/2020\/04\/Kalot-logo-sin-tagline.png?fit=1707%2C1014&ssl=1","width":1707,"height":1014,"caption":"Kalot"},"image":{"@id":"https:\/\/kalot.com.mx\/site\/#\/schema\/logo\/image\/"},"sameAs":["http:\/\/facebook.com\/mxkalot","https:\/\/x.com\/kalotmx","http:\/\/instagram.com\/kalotmx","http:\/\/pinterest.com\/jorgeerana\/kalot"]},{"@type":"Person","@id":"https:\/\/kalot.com.mx\/site\/#\/schema\/person\/444a91ecc3b075ab573ff515d7f6d6e3","name":"Ivan Mendez","image":{"@type":"ImageObject","inLanguage":"es","@id":"https:\/\/secure.gravatar.com\/avatar\/d3590cbb14ecd120bf7a8d9b0ab9a1dae9b2aab34a41a577b5288298a4d08e36?s=96&d=mm&r=g","url":"https:\/\/secure.gravatar.com\/avatar\/d3590cbb14ecd120bf7a8d9b0ab9a1dae9b2aab34a41a577b5288298a4d08e36?s=96&d=mm&r=g","contentUrl":"https:\/\/secure.gravatar.com\/avatar\/d3590cbb14ecd120bf7a8d9b0ab9a1dae9b2aab34a41a577b5288298a4d08e36?s=96&d=mm&r=g","caption":"Ivan Mendez"},"url":"https:\/\/kalot.com.mx\/site\/author\/ivan\/"}]}},"jetpack_publicize_connections":[],"jetpack_featured_media_url":"https:\/\/i0.wp.com\/kalot.com.mx\/site\/wp-content\/uploads\/2014\/02\/tumblr_n0wqfnjq6e1qlc8fao1_1280.jpg?fit=697%2C592&ssl=1","jetpack_shortlink":"https:\/\/wp.me\/p6IHEI-31H","jetpack-related-posts":[{"id":17212,"url":"https:\/\/kalot.com.mx\/site\/2014\/07\/10\/10-cosas-que-sabias-de-giorgio-armani\/","url_meta":{"origin":11637,"position":0},"title":"10 cosas que no sab\u00edas de Giorgio Armani","author":"Rom\u00e1n Salgado","date":"10 julio, 2014","format":false,"excerpt":"El icono de la moda cumple 80 a\u00f1os y para celebrar a uno de los m\u00e1s importantes personajes de la moda mundial nos hemos dado a la tarea de recopilar 10 cosas que no sab\u00edas de\u00a0Giorgio Armani: \u00a0 Giorgio Armani fund\u00f3 su compa\u00f1\u00eda en 1975, y en 2001 era el\u2026","rel":"","context":"Con 2 comentarios","block_context":{"text":"Con 2 comentarios","link":"https:\/\/kalot.com.mx\/site\/2014\/07\/10\/10-cosas-que-sabias-de-giorgio-armani\/#comments"},"img":{"alt_text":"","src":"https:\/\/i0.wp.com\/kalot.com.mx\/site\/wp-content\/uploads\/2014\/07\/giorgio-scaled.jpg?fit=1200%2C799&ssl=1&resize=350%2C200","width":350,"height":200,"srcset":"https:\/\/i0.wp.com\/kalot.com.mx\/site\/wp-content\/uploads\/2014\/07\/giorgio-scaled.jpg?fit=1200%2C799&ssl=1&resize=350%2C200 1x, https:\/\/i0.wp.com\/kalot.com.mx\/site\/wp-content\/uploads\/2014\/07\/giorgio-scaled.jpg?fit=1200%2C799&ssl=1&resize=525%2C300 1.5x, https:\/\/i0.wp.com\/kalot.com.mx\/site\/wp-content\/uploads\/2014\/07\/giorgio-scaled.jpg?fit=1200%2C799&ssl=1&resize=700%2C400 2x, https:\/\/i0.wp.com\/kalot.com.mx\/site\/wp-content\/uploads\/2014\/07\/giorgio-scaled.jpg?fit=1200%2C799&ssl=1&resize=1050%2C600 3x"},"classes":[]},{"id":371,"url":"https:\/\/kalot.com.mx\/site\/2013\/09\/02\/seductor-creativo-natural-romantico-sabes-que-estilo-tienes-al-vestir\/","url_meta":{"origin":11637,"position":1},"title":"Seductor, creativo, natural, rom\u00e1ntico\u2026 \u00bfSabes que estilo tienes al vestir?","author":"Jesica Zubiri","date":"2 septiembre, 2013","format":false,"excerpt":"Queramos o no cada uno de nosotros tenemos una imagen, y entonces lo que tenemos que hacer es aprovecharla y sacarle el mayor partido. Una parte fundamental de la consultor\u00eda en imagen f\u00edsica es el descubrir e identificar a que estilo pertenecemos, pero antes de hablarles sobre cada uno de\u2026","rel":"","context":"Entrada similar ","block_context":{"text":"Entrada similar ","link":""},"img":{"alt_text":"","src":"https:\/\/i0.wp.com\/kalot.com.mx\/site\/wp-content\/uploads\/2013\/09\/tumblr_np2k6c1gC11tj3ocko1_500.png?fit=500%2C333&ssl=1&resize=350%2C200","width":350,"height":200},"classes":[]},{"id":22999,"url":"https:\/\/kalot.com.mx\/site\/2015\/08\/18\/gracias-marvel-y-dc\/","url_meta":{"origin":11637,"position":2},"title":"GRACIAS MARVEL Y DC","author":"Brenda A","date":"18 agosto, 2015","format":false,"excerpt":"Estos actores que son como los vinos, han sido afortunados en interpretar a los h\u00e9roes de Marvel y DC pero m\u00e1s afortunados nuestros ojos que pueden ver sus trabajados cuerpos que han formado para no decepcionar a sus fans y aqu\u00ed enlisto a algunos para hacerles m\u00e1s leve la semana\u2026","rel":"","context":"En &quot;Sin categor\u00eda&quot;","block_context":{"text":"Sin categor\u00eda","link":"https:\/\/kalot.com.mx\/site\/category\/sin-categoria\/"},"img":{"alt_text":"","src":"https:\/\/i0.wp.com\/kalot.com.mx\/site\/wp-content\/uploads\/2015\/08\/todos.png?fit=1200%2C796&ssl=1&resize=350%2C200","width":350,"height":200,"srcset":"https:\/\/i0.wp.com\/kalot.com.mx\/site\/wp-content\/uploads\/2015\/08\/todos.png?fit=1200%2C796&ssl=1&resize=350%2C200 1x, https:\/\/i0.wp.com\/kalot.com.mx\/site\/wp-content\/uploads\/2015\/08\/todos.png?fit=1200%2C796&ssl=1&resize=525%2C300 1.5x, https:\/\/i0.wp.com\/kalot.com.mx\/site\/wp-content\/uploads\/2015\/08\/todos.png?fit=1200%2C796&ssl=1&resize=700%2C400 2x, https:\/\/i0.wp.com\/kalot.com.mx\/site\/wp-content\/uploads\/2015\/08\/todos.png?fit=1200%2C796&ssl=1&resize=1050%2C600 3x"},"classes":[]},{"id":20079,"url":"https:\/\/kalot.com.mx\/site\/2015\/01\/20\/cantiflas-y-su-innecesaria-secuela\/","url_meta":{"origin":11637,"position":3},"title":"&#8220;Cantiflas&#8221; y su Innecesaria Secuela","author":"yash","date":"20 enero, 2015","format":false,"excerpt":"Hace unos d\u00edas se dio a conocer que ya se est\u00e1 preparando el gui\u00f3n para la secuela de la pel\u00edcula \"Cantinflas\". Este gui\u00f3n estar\u00e1 a cargo de Mario Moreno Ivanova (hijo de Cantinflas)\u00a0 y aunque el proyecto no ser\u00e1 inmediato, se tiene la intenci\u00f3n de ponerlo en marcha. Si bien,\u2026","rel":"","context":"Entrada similar ","block_context":{"text":"Entrada similar ","link":""},"img":{"alt_text":"","src":"https:\/\/i0.wp.com\/kalot.com.mx\/site\/wp-content\/uploads\/2015\/01\/cantinflas_teatro-movil.jpg?fit=800%2C535&ssl=1&resize=350%2C200","width":350,"height":200,"srcset":"https:\/\/i0.wp.com\/kalot.com.mx\/site\/wp-content\/uploads\/2015\/01\/cantinflas_teatro-movil.jpg?fit=800%2C535&ssl=1&resize=350%2C200 1x, https:\/\/i0.wp.com\/kalot.com.mx\/site\/wp-content\/uploads\/2015\/01\/cantinflas_teatro-movil.jpg?fit=800%2C535&ssl=1&resize=525%2C300 1.5x, https:\/\/i0.wp.com\/kalot.com.mx\/site\/wp-content\/uploads\/2015\/01\/cantinflas_teatro-movil.jpg?fit=800%2C535&ssl=1&resize=700%2C400 2x"},"classes":[]},{"id":13983,"url":"https:\/\/kalot.com.mx\/site\/2014\/03\/26\/actores-de-ayer-y-ayer-presenta-rick-moranis\/","url_meta":{"origin":11637,"position":4},"title":"Actores de ayer y ayer presenta: Rick Moranis","author":"Omar Herrera","date":"26 marzo, 2014","format":false,"excerpt":"Es tal vez uno de los actores m\u00e1s singulares dentro del cine de la d\u00e9cada de los 80\u2019s; Rick Moranis es uno de esos actores que si naciste entre 1980 y 1995 de seguro viste un par de pel\u00edculas en donde el simp\u00e1tico comediante protagonizaba o bien era un personaje\u2026","rel":"","context":"En &quot;Sin categor\u00eda&quot;","block_context":{"text":"Sin categor\u00eda","link":"https:\/\/kalot.com.mx\/site\/category\/sin-categoria\/"},"img":{"alt_text":"","src":"https:\/\/i0.wp.com\/kalot.com.mx\/site\/wp-content\/uploads\/2014\/03\/honey.jpg?fit=1200%2C675&ssl=1&resize=350%2C200","width":350,"height":200,"srcset":"https:\/\/i0.wp.com\/kalot.com.mx\/site\/wp-content\/uploads\/2014\/03\/honey.jpg?fit=1200%2C675&ssl=1&resize=350%2C200 1x, https:\/\/i0.wp.com\/kalot.com.mx\/site\/wp-content\/uploads\/2014\/03\/honey.jpg?fit=1200%2C675&ssl=1&resize=525%2C300 1.5x, https:\/\/i0.wp.com\/kalot.com.mx\/site\/wp-content\/uploads\/2014\/03\/honey.jpg?fit=1200%2C675&ssl=1&resize=700%2C400 2x, https:\/\/i0.wp.com\/kalot.com.mx\/site\/wp-content\/uploads\/2014\/03\/honey.jpg?fit=1200%2C675&ssl=1&resize=1050%2C600 3x"},"classes":[]},{"id":22371,"url":"https:\/\/kalot.com.mx\/site\/2015\/07\/20\/quien-sera-el-mejor-joker-en-el-cine\/","url_meta":{"origin":11637,"position":5},"title":"\u00bfQUI\u00c9N SER\u00c1 EL MEJOR JOKER EN EL CINE?","author":"HM_MKT007","date":"20 julio, 2015","format":false,"excerpt":"As\u00ed es, tema pol\u00e9mico, tema de nunca acabar, pero tema interesante, siempre me ha apasionado el mundo de BATMAN, tanto en c\u00f3mics, como en pel\u00edculas animadas, pero tambi\u00e9n en el cine, y la verdad, es que hemos tenido 3 personajes clave, y uno nuevo en camino que seguramente dar\u00e1 mucho\u2026","rel":"","context":"Entrada similar ","block_context":{"text":"Entrada similar ","link":""},"img":{"alt_text":"","src":"https:\/\/i0.wp.com\/kalot.com.mx\/site\/wp-content\/uploads\/2015\/07\/1224455793317175728.jpg?fit=636%2C350&ssl=1&resize=350%2C200","width":350,"height":200,"srcset":"https:\/\/i0.wp.com\/kalot.com.mx\/site\/wp-content\/uploads\/2015\/07\/1224455793317175728.jpg?fit=636%2C350&ssl=1&resize=350%2C200 1x, https:\/\/i0.wp.com\/kalot.com.mx\/site\/wp-content\/uploads\/2015\/07\/1224455793317175728.jpg?fit=636%2C350&ssl=1&resize=525%2C300 1.5x"},"classes":[]}],"jetpack_sharing_enabled":true,"_links":{"self":[{"href":"https:\/\/kalot.com.mx\/site\/wp-json\/wp\/v2\/posts\/11637","targetHints":{"allow":["GET"]}}],"collection":[{"href":"https:\/\/kalot.com.mx\/site\/wp-json\/wp\/v2\/posts"}],"about":[{"href":"https:\/\/kalot.com.mx\/site\/wp-json\/wp\/v2\/types\/post"}],"author":[{"embeddable":true,"href":"https:\/\/kalot.com.mx\/site\/wp-json\/wp\/v2\/users\/51"}],"replies":[{"embeddable":true,"href":"https:\/\/kalot.com.mx\/site\/wp-json\/wp\/v2\/comments?post=11637"}],"version-history":[{"count":0,"href":"https:\/\/kalot.com.mx\/site\/wp-json\/wp\/v2\/posts\/11637\/revisions"}],"wp:featuredmedia":[{"embeddable":true,"href":"https:\/\/kalot.com.mx\/site\/wp-json\/wp\/v2\/media\/11638"}],"wp:attachment":[{"href":"https:\/\/kalot.com.mx\/site\/wp-json\/wp\/v2\/media?parent=11637"}],"wp:term":[{"taxonomy":"category","embeddable":true,"href":"https:\/\/kalot.com.mx\/site\/wp-json\/wp\/v2\/categories?post=11637"},{"taxonomy":"post_tag","embeddable":true,"href":"https:\/\/kalot.com.mx\/site\/wp-json\/wp\/v2\/tags?post=11637"}],"curies":[{"name":"wp","href":"https:\/\/api.w.org\/{rel}","templated":true}]}}