{"id":116,"date":"2013-08-31T21:16:33","date_gmt":"2013-08-31T21:16:33","guid":{"rendered":"http:\/\/www.kalot.com.mx\/?p=116"},"modified":"2013-09-02T18:47:56","modified_gmt":"2013-09-02T18:47:56","slug":"corria-el-ano-2013","status":"publish","type":"post","link":"https:\/\/kalot.com.mx\/site\/2013\/08\/31\/corria-el-ano-2013\/","title":{"rendered":"Corr\u00eda el a\u00f1o 2013"},"content":{"rendered":"<p>En alg\u00fan momento \u00a0de la historia, los seres humanos se vieron en la necesidad de representar lo que estaban viendo y haciendo con las famosas pinturas rupestres.<\/p>\n<p>Dentro de la misma l\u00ednea del tiempo y algunos miles de a\u00f1os de evoluci\u00f3n llegaron los lenguajes y a su vez la escritura y recientemente\u00a0 Kalot (Know a lot) donde usted, querido lector podr\u00e1 encontrar una amplia variedad de contenido que por supuesto podr\u00eda interesarle y como dice la banda de los 80\u2019s y 90\u2019s Timbiriche \u201cSi no es ahora ser\u00e1 ma\u00f1ana\u201d encontrar\u00e1 algo de su inter\u00e9s.<\/p>\n<p>De momento es todo, pero siga usted d\u00eda con d\u00eda las diferentes entradas de est\u00e1 distinguida p\u00e1gina y le prometo que no se arrepentir\u00e1\u2026<\/p>\n<p>&nbsp;<\/p>\n<p>&nbsp;<\/p>\n<p>&nbsp;<\/p>\n<p>&nbsp;<\/p>\n","protected":false},"excerpt":{"rendered":"En alg\u00fan momento \u00a0de la historia, los seres humanos se vieron en la necesidad de representar lo que&hellip;\n","protected":false},"author":4,"featured_media":117,"comment_status":"open","ping_status":"open","sticky":false,"template":"","format":"standard","meta":{"jetpack_post_was_ever_published":false,"_jetpack_newsletter_access":"","_jetpack_dont_email_post_to_subs":false,"_jetpack_newsletter_tier_id":0,"_jetpack_memberships_contains_paywalled_content":false,"_jetpack_memberships_contains_paid_content":false,"footnotes":"","jetpack_publicize_message":"","jetpack_publicize_feature_enabled":true,"jetpack_social_post_already_shared":true,"jetpack_social_options":{"image_generator_settings":{"template":"highway","default_image_id":0,"font":"","enabled":false},"version":2}},"categories":[],"tags":[],"class_list":{"0":"post-116","1":"post","2":"type-post","3":"status-publish","4":"format-standard","5":"has-post-thumbnail","7":"cs-entry","8":"cs-video-wrap"},"yoast_head":"<!-- This site is optimized with the Yoast SEO plugin v27.4 - https:\/\/yoast.com\/product\/yoast-seo-wordpress\/ -->\n<title>Corr\u00eda el a\u00f1o 2013 - Kalot<\/title>\n<meta name=\"description\" content=\"En alg\u00fan momento \u00a0de la historia, los seres humanos se vieron en la necesidad de representar lo que estaban viendo y haciendo con las famosas pinturas\" \/>\n<meta name=\"robots\" content=\"index, follow, max-snippet:-1, max-image-preview:large, max-video-preview:-1\" \/>\n<link rel=\"canonical\" href=\"https:\/\/kalot.com.mx\/site\/2013\/08\/31\/corria-el-ano-2013\/\" \/>\n<meta property=\"og:locale\" content=\"es_MX\" \/>\n<meta property=\"og:type\" content=\"article\" \/>\n<meta property=\"og:title\" content=\"Corr\u00eda el a\u00f1o 2013 - Kalot\" \/>\n<meta property=\"og:description\" content=\"En alg\u00fan momento \u00a0de la historia, los seres humanos se vieron en la necesidad de representar lo que estaban viendo y haciendo con las famosas pinturas\" \/>\n<meta property=\"og:url\" content=\"https:\/\/kalot.com.mx\/site\/2013\/08\/31\/corria-el-ano-2013\/\" \/>\n<meta property=\"og:site_name\" content=\"Kalot\" \/>\n<meta property=\"article:publisher\" content=\"http:\/\/facebook.com\/mxkalot\" \/>\n<meta property=\"article:published_time\" content=\"2013-08-31T21:16:33+00:00\" \/>\n<meta property=\"article:modified_time\" content=\"2013-09-02T18:47:56+00:00\" \/>\n<meta property=\"og:image\" content=\"https:\/\/i2.wp.com\/kalot.com.mx\/site\/wp-content\/uploads\/2013\/08\/lluvia_de_letras-13240.gif?fit=600%2C473&ssl=1\" \/>\n\t<meta property=\"og:image:width\" content=\"600\" \/>\n\t<meta property=\"og:image:height\" content=\"473\" \/>\n\t<meta property=\"og:image:type\" content=\"image\/gif\" \/>\n<meta name=\"author\" content=\"Misael Gallegos\" \/>\n<meta name=\"twitter:card\" content=\"summary_large_image\" \/>\n<meta name=\"twitter:creator\" content=\"@kalotmx\" \/>\n<meta name=\"twitter:site\" content=\"@kalotmx\" \/>\n<meta name=\"twitter:label1\" content=\"Escrito por\" \/>\n\t<meta name=\"twitter:data1\" content=\"Misael Gallegos\" \/>\n\t<meta name=\"twitter:label2\" content=\"Tiempo de lectura\" \/>\n\t<meta name=\"twitter:data2\" content=\"1 minuto\" \/>\n<!-- \/ Yoast SEO plugin. -->","yoast_head_json":{"title":"Corr\u00eda el a\u00f1o 2013 - Kalot","description":"En alg\u00fan momento \u00a0de la historia, los seres humanos se vieron en la necesidad de representar lo que estaban viendo y haciendo con las famosas pinturas","robots":{"index":"index","follow":"follow","max-snippet":"max-snippet:-1","max-image-preview":"max-image-preview:large","max-video-preview":"max-video-preview:-1"},"canonical":"https:\/\/kalot.com.mx\/site\/2013\/08\/31\/corria-el-ano-2013\/","og_locale":"es_MX","og_type":"article","og_title":"Corr\u00eda el a\u00f1o 2013 - Kalot","og_description":"En alg\u00fan momento \u00a0de la historia, los seres humanos se vieron en la necesidad de representar lo que estaban viendo y haciendo con las famosas pinturas","og_url":"https:\/\/kalot.com.mx\/site\/2013\/08\/31\/corria-el-ano-2013\/","og_site_name":"Kalot","article_publisher":"http:\/\/facebook.com\/mxkalot","article_published_time":"2013-08-31T21:16:33+00:00","article_modified_time":"2013-09-02T18:47:56+00:00","og_image":[{"width":600,"height":473,"url":"https:\/\/i2.wp.com\/kalot.com.mx\/site\/wp-content\/uploads\/2013\/08\/lluvia_de_letras-13240.gif?fit=600%2C473&ssl=1","type":"image\/gif"}],"author":"Misael Gallegos","twitter_card":"summary_large_image","twitter_creator":"@kalotmx","twitter_site":"@kalotmx","twitter_misc":{"Escrito por":"Misael Gallegos","Tiempo de lectura":"1 minuto"},"schema":{"@context":"https:\/\/schema.org","@graph":[{"@type":"Article","@id":"https:\/\/kalot.com.mx\/site\/2013\/08\/31\/corria-el-ano-2013\/#article","isPartOf":{"@id":"https:\/\/kalot.com.mx\/site\/2013\/08\/31\/corria-el-ano-2013\/"},"author":{"name":"Misael Gallegos","@id":"https:\/\/kalot.com.mx\/site\/#\/schema\/person\/fb7ce9814652fa8a952639aa902da29c"},"headline":"Corr\u00eda el a\u00f1o 2013","datePublished":"2013-08-31T21:16:33+00:00","dateModified":"2013-09-02T18:47:56+00:00","mainEntityOfPage":{"@id":"https:\/\/kalot.com.mx\/site\/2013\/08\/31\/corria-el-ano-2013\/"},"wordCount":137,"commentCount":1,"publisher":{"@id":"https:\/\/kalot.com.mx\/site\/#organization"},"image":{"@id":"https:\/\/kalot.com.mx\/site\/2013\/08\/31\/corria-el-ano-2013\/#primaryimage"},"thumbnailUrl":"https:\/\/i0.wp.com\/kalot.com.mx\/site\/wp-content\/uploads\/2013\/08\/lluvia_de_letras-13240.gif?fit=600%2C473&ssl=1","inLanguage":"es","potentialAction":[{"@type":"CommentAction","name":"Comment","target":["https:\/\/kalot.com.mx\/site\/2013\/08\/31\/corria-el-ano-2013\/#respond"]}]},{"@type":"WebPage","@id":"https:\/\/kalot.com.mx\/site\/2013\/08\/31\/corria-el-ano-2013\/","url":"https:\/\/kalot.com.mx\/site\/2013\/08\/31\/corria-el-ano-2013\/","name":"Corr\u00eda el a\u00f1o 2013 - Kalot","isPartOf":{"@id":"https:\/\/kalot.com.mx\/site\/#website"},"primaryImageOfPage":{"@id":"https:\/\/kalot.com.mx\/site\/2013\/08\/31\/corria-el-ano-2013\/#primaryimage"},"image":{"@id":"https:\/\/kalot.com.mx\/site\/2013\/08\/31\/corria-el-ano-2013\/#primaryimage"},"thumbnailUrl":"https:\/\/i0.wp.com\/kalot.com.mx\/site\/wp-content\/uploads\/2013\/08\/lluvia_de_letras-13240.gif?fit=600%2C473&ssl=1","datePublished":"2013-08-31T21:16:33+00:00","dateModified":"2013-09-02T18:47:56+00:00","description":"En alg\u00fan momento \u00a0de la historia, los seres humanos se vieron en la necesidad de representar lo que estaban viendo y haciendo con las famosas pinturas","breadcrumb":{"@id":"https:\/\/kalot.com.mx\/site\/2013\/08\/31\/corria-el-ano-2013\/#breadcrumb"},"inLanguage":"es","potentialAction":[{"@type":"ReadAction","target":["https:\/\/kalot.com.mx\/site\/2013\/08\/31\/corria-el-ano-2013\/"]}]},{"@type":"ImageObject","inLanguage":"es","@id":"https:\/\/kalot.com.mx\/site\/2013\/08\/31\/corria-el-ano-2013\/#primaryimage","url":"https:\/\/i0.wp.com\/kalot.com.mx\/site\/wp-content\/uploads\/2013\/08\/lluvia_de_letras-13240.gif?fit=600%2C473&ssl=1","contentUrl":"https:\/\/i0.wp.com\/kalot.com.mx\/site\/wp-content\/uploads\/2013\/08\/lluvia_de_letras-13240.gif?fit=600%2C473&ssl=1","width":600,"height":473},{"@type":"BreadcrumbList","@id":"https:\/\/kalot.com.mx\/site\/2013\/08\/31\/corria-el-ano-2013\/#breadcrumb","itemListElement":[{"@type":"ListItem","position":1,"name":"Home","item":"https:\/\/kalot.com.mx\/site\/"},{"@type":"ListItem","position":2,"name":"Corr\u00eda el a\u00f1o 2013"}]},{"@type":"WebSite","@id":"https:\/\/kalot.com.mx\/site\/#website","url":"https:\/\/kalot.com.mx\/site\/","name":"Kalot","description":"Conoce Todo Sobre Todo","publisher":{"@id":"https:\/\/kalot.com.mx\/site\/#organization"},"potentialAction":[{"@type":"SearchAction","target":{"@type":"EntryPoint","urlTemplate":"https:\/\/kalot.com.mx\/site\/?s={search_term_string}"},"query-input":{"@type":"PropertyValueSpecification","valueRequired":true,"valueName":"search_term_string"}}],"inLanguage":"es"},{"@type":"Organization","@id":"https:\/\/kalot.com.mx\/site\/#organization","name":"Kalot","url":"https:\/\/kalot.com.mx\/site\/","logo":{"@type":"ImageObject","inLanguage":"es","@id":"https:\/\/kalot.com.mx\/site\/#\/schema\/logo\/image\/","url":"https:\/\/i0.wp.com\/kalot.com.mx\/site\/wp-content\/uploads\/2020\/04\/Kalot-logo-sin-tagline.png?fit=1707%2C1014&ssl=1","contentUrl":"https:\/\/i0.wp.com\/kalot.com.mx\/site\/wp-content\/uploads\/2020\/04\/Kalot-logo-sin-tagline.png?fit=1707%2C1014&ssl=1","width":1707,"height":1014,"caption":"Kalot"},"image":{"@id":"https:\/\/kalot.com.mx\/site\/#\/schema\/logo\/image\/"},"sameAs":["http:\/\/facebook.com\/mxkalot","https:\/\/x.com\/kalotmx","http:\/\/instagram.com\/kalotmx","http:\/\/pinterest.com\/jorgeerana\/kalot"]},{"@type":"Person","@id":"https:\/\/kalot.com.mx\/site\/#\/schema\/person\/fb7ce9814652fa8a952639aa902da29c","name":"Misael Gallegos","image":{"@type":"ImageObject","inLanguage":"es","@id":"https:\/\/secure.gravatar.com\/avatar\/460269539e13f65a5cfc150721888fa0eb738dc3156db4df397d338c73df8c8b?s=96&d=mm&r=g","url":"https:\/\/secure.gravatar.com\/avatar\/460269539e13f65a5cfc150721888fa0eb738dc3156db4df397d338c73df8c8b?s=96&d=mm&r=g","contentUrl":"https:\/\/secure.gravatar.com\/avatar\/460269539e13f65a5cfc150721888fa0eb738dc3156db4df397d338c73df8c8b?s=96&d=mm&r=g","caption":"Misael Gallegos"},"description":"Gustoso por compartir un punto de vista e intercambiar opiniones al respecto de alg\u00fan del tema de arriba...","url":"https:\/\/kalot.com.mx\/site\/author\/misa_ranzio\/"}]}},"jetpack_publicize_connections":[],"jetpack_featured_media_url":"https:\/\/i0.wp.com\/kalot.com.mx\/site\/wp-content\/uploads\/2013\/08\/lluvia_de_letras-13240.gif?fit=600%2C473&ssl=1","jetpack_shortlink":"https:\/\/wp.me\/p6IHEI-1S","jetpack-related-posts":[{"id":3869,"url":"https:\/\/kalot.com.mx\/site\/2013\/10\/13\/la-bandasonora-de-mi-vida-cual-es-la-tuya\/","url_meta":{"origin":116,"position":0},"title":"La #bandasonora de mi vida \u00bfCu\u00e1l es la tuya?","author":"Misael Gallegos","date":"13 octubre, 2013","format":false,"excerpt":"Que tal, querido lector, seguramente usted sufre del s\u00edndrome v\u00edspera del lunes o en su defecto el d\u00eda odiado por todos. No intento arreglar sus pendientes, ni que deje de odiar los lunes, ni tampoco quiera decir que TODOS odien los lunes, al contrario me gustar\u00eda compartir unas cuantas l\u00edneas\u2026","rel":"","context":"En &quot;Sin categor\u00eda&quot;","block_context":{"text":"Sin categor\u00eda","link":"https:\/\/kalot.com.mx\/site\/category\/sin-categoria\/"},"img":{"alt_text":"","src":"https:\/\/i0.wp.com\/kalot.com.mx\/site\/wp-content\/uploads\/2014\/02\/625581_617728878274548_393612299_n1.jpg?fit=960%2C960&ssl=1&resize=350%2C200","width":350,"height":200,"srcset":"https:\/\/i0.wp.com\/kalot.com.mx\/site\/wp-content\/uploads\/2014\/02\/625581_617728878274548_393612299_n1.jpg?fit=960%2C960&ssl=1&resize=350%2C200 1x, https:\/\/i0.wp.com\/kalot.com.mx\/site\/wp-content\/uploads\/2014\/02\/625581_617728878274548_393612299_n1.jpg?fit=960%2C960&ssl=1&resize=525%2C300 1.5x, https:\/\/i0.wp.com\/kalot.com.mx\/site\/wp-content\/uploads\/2014\/02\/625581_617728878274548_393612299_n1.jpg?fit=960%2C960&ssl=1&resize=700%2C400 2x"},"classes":[]},{"id":12773,"url":"https:\/\/kalot.com.mx\/site\/2014\/03\/05\/sopitas-con-mas-seguidores-que-cocacolamx\/","url_meta":{"origin":116,"position":1},"title":"@Sopitas con m\u00e1s seguidores que CocaColaMx","author":"Dulce Mireles","date":"5 marzo, 2014","format":false,"excerpt":"As\u00ed como lo ha le\u00eddo usted, esto es \u00a0de acuerdo a reportes de redes sociales publicados por Merca 2.0, sobre el an\u00e1lisis de usuarios en twitter, followers y following a nivel mundial.\u00a0Revisando el mencionado reporte, me llev\u00e9 esta grata sorpresa al ver que Sopitas ocupa el lugar #8 en este\u2026","rel":"","context":"En &quot;Sin categor\u00eda&quot;","block_context":{"text":"Sin categor\u00eda","link":"https:\/\/kalot.com.mx\/site\/category\/sin-categoria\/"},"img":{"alt_text":"","src":"https:\/\/i1.wp.com\/kalot.com.mx\/site\/wp-content\/uploads\/2014\/03\/264318_244862625539472_4141017_n.jpg?fit=530%2C479&ssl=1&resize=350%2C200","width":350,"height":200,"srcset":"https:\/\/i1.wp.com\/kalot.com.mx\/site\/wp-content\/uploads\/2014\/03\/264318_244862625539472_4141017_n.jpg?fit=530%2C479&ssl=1&resize=350%2C200 1x, https:\/\/i1.wp.com\/kalot.com.mx\/site\/wp-content\/uploads\/2014\/03\/264318_244862625539472_4141017_n.jpg?fit=530%2C479&ssl=1&resize=525%2C300 1.5x"},"classes":[]},{"id":9191,"url":"https:\/\/kalot.com.mx\/site\/2014\/01\/08\/jelly-nueva-red-social-o-una-simple-app\/","url_meta":{"origin":116,"position":2},"title":"Jelly \u00bfNueva red social o una simple App?","author":"Samuel Arriaga","date":"8 enero, 2014","format":false,"excerpt":"Jelly fue fundada en abril de 2013 por Biz Stone Co-Fundador de Twitter y Ben Finkel. Elegimos la medusa para representar a nuestro producto, ya que cuenta con una red floja de los nervios que act\u00faan como un \"cerebro\", similar a la forma en la que visualizamos redes distribuidas libremente\u2026","rel":"","context":"Con 1 comentario","block_context":{"text":"Con 1 comentario","link":"https:\/\/kalot.com.mx\/site\/2014\/01\/08\/jelly-nueva-red-social-o-una-simple-app\/#comments"},"img":{"alt_text":"","src":"https:\/\/i0.wp.com\/kalot.com.mx\/site\/wp-content\/uploads\/2014\/01\/Jelly.jpg?fit=535%2C503&ssl=1&resize=350%2C200","width":350,"height":200,"srcset":"https:\/\/i0.wp.com\/kalot.com.mx\/site\/wp-content\/uploads\/2014\/01\/Jelly.jpg?fit=535%2C503&ssl=1&resize=350%2C200 1x, https:\/\/i0.wp.com\/kalot.com.mx\/site\/wp-content\/uploads\/2014\/01\/Jelly.jpg?fit=535%2C503&ssl=1&resize=525%2C300 1.5x"},"classes":[]},{"id":18427,"url":"https:\/\/kalot.com.mx\/site\/2014\/09\/30\/ello-red-social\/","url_meta":{"origin":116,"position":3},"title":"Ello la nueva red social","author":"Samuel Arriaga","date":"30 septiembre, 2014","format":false,"excerpt":"Ello es una nueva red social que se ha vuelto viral por buscar hacerle competencia a Facebook. Ello: simple, hermoso y sin publicidad Inicialmente Ello se hab\u00eda construido como una red social privada, pero con el tiempo mucha gente quer\u00eda unirse y fue por eso que decidieron abrir Ello para\u2026","rel":"","context":"Entrada similar ","block_context":{"text":"Entrada similar ","link":""},"img":{"alt_text":"","src":"https:\/\/i0.wp.com\/kalot.com.mx\/site\/wp-content\/uploads\/2014\/09\/ELLOO.jpg?fit=592%2C598&ssl=1&resize=350%2C200","width":350,"height":200,"srcset":"https:\/\/i0.wp.com\/kalot.com.mx\/site\/wp-content\/uploads\/2014\/09\/ELLOO.jpg?fit=592%2C598&ssl=1&resize=350%2C200 1x, https:\/\/i0.wp.com\/kalot.com.mx\/site\/wp-content\/uploads\/2014\/09\/ELLOO.jpg?fit=592%2C598&ssl=1&resize=525%2C300 1.5x"},"classes":[]},{"id":3797,"url":"https:\/\/kalot.com.mx\/site\/2013\/10\/11\/piensalo-2-veces-antes-de-usar-whatsapp\/","url_meta":{"origin":116,"position":4},"title":"Pi\u00e9nsalo 2 veces antes de usar WhatsApp","author":"Samuel Arriaga","date":"11 octubre, 2013","format":false,"excerpt":"Amig@s Kaloch@s si usan WhatsApp esto les interesa. Se dio a conocer que el servicio de mensajer\u00eda instant\u00e1nea WhatsApp tiene un fallo en la seguridad de su sistema que permite acceder a los mensajes enviados entre conversaciones. Afectando principalmente a los usuarios que tienen el sistema \u00a0Android. Thijs Alkemade (Utrecht\u2026","rel":"","context":"Con 1 comentario","block_context":{"text":"Con 1 comentario","link":"https:\/\/kalot.com.mx\/site\/2013\/10\/11\/piensalo-2-veces-antes-de-usar-whatsapp\/#comments"},"img":{"alt_text":"","src":"https:\/\/i0.wp.com\/kalot.com.mx\/site\/wp-content\/uploads\/2013\/10\/Whatsapp.jpg?fit=940%2C940&ssl=1&resize=350%2C200","width":350,"height":200,"srcset":"https:\/\/i0.wp.com\/kalot.com.mx\/site\/wp-content\/uploads\/2013\/10\/Whatsapp.jpg?fit=940%2C940&ssl=1&resize=350%2C200 1x, https:\/\/i0.wp.com\/kalot.com.mx\/site\/wp-content\/uploads\/2013\/10\/Whatsapp.jpg?fit=940%2C940&ssl=1&resize=525%2C300 1.5x, https:\/\/i0.wp.com\/kalot.com.mx\/site\/wp-content\/uploads\/2013\/10\/Whatsapp.jpg?fit=940%2C940&ssl=1&resize=700%2C400 2x"},"classes":[]},{"id":6077,"url":"https:\/\/kalot.com.mx\/site\/2013\/11\/10\/procrastinacion-el-arte-de-dejar-lo-mas-importante-hasta-el-ultimo-momento-cultura\/","url_meta":{"origin":116,"position":5},"title":"Procrastinaci\u00f3n; el arte de dejar lo m\u00e1s importante hasta el \u00faltimo momento #Cultura","author":"Rudy Marin","date":"10 noviembre, 2013","format":false,"excerpt":"\u00bfHas sentido alguna vez que sueles hacer las cosas m\u00e1s importantes hasta el \u00faltimo? O que es muy f\u00e1cil distraerte cuando est\u00e1s a punto de hacer o terminar una tarea importante, \u00bfNo? La procrastinacion es un defecto que en general tenemos los latinos con mayor frecuencia en relaci\u00f3n a otras\u2026","rel":"","context":"En &quot;Sin categor\u00eda&quot;","block_context":{"text":"Sin categor\u00eda","link":"https:\/\/kalot.com.mx\/site\/category\/sin-categoria\/"},"img":{"alt_text":"","src":"https:\/\/i0.wp.com\/kalot.com.mx\/site\/wp-content\/uploads\/2013\/11\/procrastinar.jpg?fit=640%2C421&ssl=1&resize=350%2C200","width":350,"height":200,"srcset":"https:\/\/i0.wp.com\/kalot.com.mx\/site\/wp-content\/uploads\/2013\/11\/procrastinar.jpg?fit=640%2C421&ssl=1&resize=350%2C200 1x, https:\/\/i0.wp.com\/kalot.com.mx\/site\/wp-content\/uploads\/2013\/11\/procrastinar.jpg?fit=640%2C421&ssl=1&resize=525%2C300 1.5x"},"classes":[]}],"jetpack_sharing_enabled":true,"_links":{"self":[{"href":"https:\/\/kalot.com.mx\/site\/wp-json\/wp\/v2\/posts\/116","targetHints":{"allow":["GET"]}}],"collection":[{"href":"https:\/\/kalot.com.mx\/site\/wp-json\/wp\/v2\/posts"}],"about":[{"href":"https:\/\/kalot.com.mx\/site\/wp-json\/wp\/v2\/types\/post"}],"author":[{"embeddable":true,"href":"https:\/\/kalot.com.mx\/site\/wp-json\/wp\/v2\/users\/4"}],"replies":[{"embeddable":true,"href":"https:\/\/kalot.com.mx\/site\/wp-json\/wp\/v2\/comments?post=116"}],"version-history":[{"count":0,"href":"https:\/\/kalot.com.mx\/site\/wp-json\/wp\/v2\/posts\/116\/revisions"}],"wp:featuredmedia":[{"embeddable":true,"href":"https:\/\/kalot.com.mx\/site\/wp-json\/wp\/v2\/media\/117"}],"wp:attachment":[{"href":"https:\/\/kalot.com.mx\/site\/wp-json\/wp\/v2\/media?parent=116"}],"wp:term":[{"taxonomy":"category","embeddable":true,"href":"https:\/\/kalot.com.mx\/site\/wp-json\/wp\/v2\/categories?post=116"},{"taxonomy":"post_tag","embeddable":true,"href":"https:\/\/kalot.com.mx\/site\/wp-json\/wp\/v2\/tags?post=116"}],"curies":[{"name":"wp","href":"https:\/\/api.w.org\/{rel}","templated":true}]}}