{"id":11504,"date":"2014-02-11T14:37:11","date_gmt":"2014-02-11T20:37:11","guid":{"rendered":"http:\/\/www.kalot.com.mx\/?p=11504"},"modified":"2014-02-11T14:37:11","modified_gmt":"2014-02-11T20:37:11","slug":"forbes-busca-community-manager","status":"publish","type":"post","link":"https:\/\/kalot.com.mx\/site\/2014\/02\/11\/forbes-busca-community-manager\/","title":{"rendered":"Forbes busca Community Manager"},"content":{"rendered":"<p style=\"text-align: justify\">La prestigiada revista Forbes esta buscando un Community Manager muy completo.<\/p>\n<p style=\"text-align: justify\">Forbes est\u00e1 buscando una motivada, organizada y proactiva\u00a0Social Media y Community Manager.\u00a0Esta persona tendr\u00e1 la tarea de desarrollar estrategias de crecimiento y de compromiso, as\u00ed como la gesti\u00f3n d\u00eda a d\u00eda de los medios sociales a trav\u00e9s de todos los canales sociales y participar en la comunidad.<\/p>\n<blockquote><p>&#8220;Estamos buscando a alguien que vive y respira la Internet &#8220;<\/p><\/blockquote>\n<p style=\"text-align: justify\"><em><strong>Responsabilidades\u00a0:<\/strong><\/em><\/p>\n<ul>\n<li style=\"text-align: justify\">Responsable de Medios de Comunicaci\u00f3n Social y las estrategias de participaci\u00f3n comunitaria que impulsan el crecimiento y la interacci\u00f3n con la audiencia de medios sociales<\/li>\n<li style=\"text-align: justify\">Trabajar con el personal editorial sobre una base diaria para asegurarse de que toda la actividad social y comunitaria se alinea con calendarios editoriales<\/li>\n<li style=\"text-align: justify\">Planificar, crear y programar contenido atractivo y din\u00e1mico para impulsar la participaci\u00f3n<\/li>\n<li style=\"text-align: justify\">Desarrollar estrategias para crecer y crear nuevos factores de influencia en todos los canales<\/li>\n<li style=\"text-align: justify\">Monitoreo en tiempo real de los canales sociales y responder a las nuevas y existentes conversaciones<\/li>\n<li style=\"text-align: justify\">La investigaci\u00f3n de los \u00faltimos canales de medios sociales y t\u00e9cnicas de dentro y fuera de la industria para identificar las oportunidades potenciales<\/li>\n<li style=\"text-align: justify\">S\u00e9 el Knowledge Hub Social Media y ayudar a educar al equipo m\u00e1s amplio en la nueva tecnolog\u00eda, las plataformas o las noticias.<\/li>\n<\/ul>\n<p style=\"text-align: justify\"><strong><em>Habilidades y experiencia deseada\u00a0:<\/em><\/strong><\/p>\n<ul>\n<li style=\"text-align: justify\">Licenciatura<\/li>\n<li style=\"text-align: justify\">1 a\u00f1o de experiencia laboral relevante<\/li>\n<li style=\"text-align: justify\">Conocimiento demostrado en cuanto a la industria del periodismo, con inter\u00e9s por las noticias de negocios y tecnolog\u00eda<\/li>\n<li style=\"text-align: justify\">Saliente y social por naturaleza, con una mentalidad jugador de equipo.<\/li>\n<li style=\"text-align: justify\">Proactiva, organizada y auto motivado<\/li>\n<li style=\"text-align: justify\">Experiencia en el uso de herramientas de gesti\u00f3n de medios de comunicaci\u00f3n social para la programaci\u00f3n, la escucha y el an\u00e1lisis<\/li>\n<li style=\"text-align: justify\">Capacidad para comprender los datos y proporcionar informaci\u00f3n y recomendaciones al equipo<\/li>\n<li style=\"text-align: justify\">Experiencia en la gesti\u00f3n de una comunidad en l\u00ednea o foros<\/li>\n<li style=\"text-align: justify\">Demostrar conocimiento y experiencia en las \u00faltimas tecnolog\u00edas de medios sociales<\/li>\n<li style=\"text-align: justify\">S\u00f3lidos conocimientos de Photoshop u otro software similar<\/li>\n<\/ul>\n<p>Si te interesa ser Community Manager de Forbes da click aqu\u00ed: <a title=\"Forbes\" href=\"http:\/\/www.forbes.com\/sites\/careers-at-forbes\/2014\/02\/06\/forbes-career-opportunity-community-manager\/?utm_campaign=forbestwittersf&amp;utm_source\" target=\"_blank\">Forbes\u00a0<\/a><\/p>\n<p>Fuente: <a title=\"Forbes\" href=\"http:\/\/www.forbes.com\/\" target=\"_blank\">Forbes<\/a><\/p>\n","protected":false},"excerpt":{"rendered":"La prestigiada revista Forbes esta buscando un Community Manager muy completo. Forbes est\u00e1 buscando una motivada, organizada y&hellip;\n","protected":false},"author":33,"featured_media":11507,"comment_status":"open","ping_status":"open","sticky":false,"template":"","format":"standard","meta":{"jetpack_post_was_ever_published":false,"_jetpack_newsletter_access":"","_jetpack_dont_email_post_to_subs":false,"_jetpack_newsletter_tier_id":0,"_jetpack_memberships_contains_paywalled_content":false,"_jetpack_memberships_contains_paid_content":false,"footnotes":"","jetpack_publicize_message":"","jetpack_publicize_feature_enabled":true,"jetpack_social_post_already_shared":true,"jetpack_social_options":{"image_generator_settings":{"template":"highway","default_image_id":0,"font":"","enabled":false},"version":2}},"categories":[],"tags":[],"class_list":{"0":"post-11504","1":"post","2":"type-post","3":"status-publish","4":"format-standard","5":"has-post-thumbnail","7":"cs-entry","8":"cs-video-wrap"},"yoast_head":"<!-- This site is optimized with the Yoast SEO plugin v27.5 - https:\/\/yoast.com\/product\/yoast-seo-wordpress\/ -->\n<title>Forbes busca Community Manager - Kalot<\/title>\n<meta name=\"description\" content=\"La prestigiada revista Forbes esta buscando un Community Manager muy completo. Forbes est\u00e1 buscando una motivada, organizada y proactiva\u00a0Social Media y\" \/>\n<meta name=\"robots\" content=\"index, follow, max-snippet:-1, max-image-preview:large, max-video-preview:-1\" \/>\n<link rel=\"canonical\" href=\"https:\/\/kalot.com.mx\/site\/2014\/02\/11\/forbes-busca-community-manager\/\" \/>\n<meta property=\"og:locale\" content=\"es_MX\" \/>\n<meta property=\"og:type\" content=\"article\" \/>\n<meta property=\"og:title\" content=\"Forbes busca Community Manager - Kalot\" \/>\n<meta property=\"og:description\" content=\"La prestigiada revista Forbes esta buscando un Community Manager muy completo. Forbes est\u00e1 buscando una motivada, organizada y proactiva\u00a0Social Media y\" \/>\n<meta property=\"og:url\" content=\"https:\/\/kalot.com.mx\/site\/2014\/02\/11\/forbes-busca-community-manager\/\" \/>\n<meta property=\"og:site_name\" content=\"Kalot\" \/>\n<meta property=\"article:publisher\" content=\"http:\/\/facebook.com\/mxkalot\" \/>\n<meta property=\"article:published_time\" content=\"2014-02-11T20:37:11+00:00\" \/>\n<meta property=\"og:image\" content=\"https:\/\/i1.wp.com\/kalot.com.mx\/site\/wp-content\/uploads\/2014\/02\/Forbes.gif?fit=940%2C653&ssl=1\" \/>\n\t<meta property=\"og:image:width\" content=\"940\" \/>\n\t<meta property=\"og:image:height\" content=\"653\" \/>\n\t<meta property=\"og:image:type\" content=\"image\/gif\" \/>\n<meta name=\"author\" content=\"Samuel Arriaga\" \/>\n<meta name=\"twitter:card\" content=\"summary_large_image\" \/>\n<meta name=\"twitter:creator\" content=\"@kalotmx\" \/>\n<meta name=\"twitter:site\" content=\"@kalotmx\" \/>\n<meta name=\"twitter:label1\" content=\"Escrito por\" \/>\n\t<meta name=\"twitter:data1\" content=\"Samuel Arriaga\" \/>\n\t<meta name=\"twitter:label2\" content=\"Tiempo de lectura\" \/>\n\t<meta name=\"twitter:data2\" content=\"2 minutos\" \/>\n<!-- \/ Yoast SEO plugin. -->","yoast_head_json":{"title":"Forbes busca Community Manager - Kalot","description":"La prestigiada revista Forbes esta buscando un Community Manager muy completo. Forbes est\u00e1 buscando una motivada, organizada y proactiva\u00a0Social Media y","robots":{"index":"index","follow":"follow","max-snippet":"max-snippet:-1","max-image-preview":"max-image-preview:large","max-video-preview":"max-video-preview:-1"},"canonical":"https:\/\/kalot.com.mx\/site\/2014\/02\/11\/forbes-busca-community-manager\/","og_locale":"es_MX","og_type":"article","og_title":"Forbes busca Community Manager - Kalot","og_description":"La prestigiada revista Forbes esta buscando un Community Manager muy completo. Forbes est\u00e1 buscando una motivada, organizada y proactiva\u00a0Social Media y","og_url":"https:\/\/kalot.com.mx\/site\/2014\/02\/11\/forbes-busca-community-manager\/","og_site_name":"Kalot","article_publisher":"http:\/\/facebook.com\/mxkalot","article_published_time":"2014-02-11T20:37:11+00:00","og_image":[{"width":940,"height":653,"url":"https:\/\/i1.wp.com\/kalot.com.mx\/site\/wp-content\/uploads\/2014\/02\/Forbes.gif?fit=940%2C653&ssl=1","type":"image\/gif"}],"author":"Samuel Arriaga","twitter_card":"summary_large_image","twitter_creator":"@kalotmx","twitter_site":"@kalotmx","twitter_misc":{"Escrito por":"Samuel Arriaga","Tiempo de lectura":"2 minutos"},"schema":{"@context":"https:\/\/schema.org","@graph":[{"@type":"Article","@id":"https:\/\/kalot.com.mx\/site\/2014\/02\/11\/forbes-busca-community-manager\/#article","isPartOf":{"@id":"https:\/\/kalot.com.mx\/site\/2014\/02\/11\/forbes-busca-community-manager\/"},"author":{"name":"Samuel Arriaga","@id":"https:\/\/kalot.com.mx\/site\/#\/schema\/person\/dd5c05682cc5c2f90e15b43f4876bb07"},"headline":"Forbes busca Community Manager","datePublished":"2014-02-11T20:37:11+00:00","mainEntityOfPage":{"@id":"https:\/\/kalot.com.mx\/site\/2014\/02\/11\/forbes-busca-community-manager\/"},"wordCount":358,"commentCount":0,"publisher":{"@id":"https:\/\/kalot.com.mx\/site\/#organization"},"image":{"@id":"https:\/\/kalot.com.mx\/site\/2014\/02\/11\/forbes-busca-community-manager\/#primaryimage"},"thumbnailUrl":"https:\/\/i0.wp.com\/kalot.com.mx\/site\/wp-content\/uploads\/2014\/02\/Forbes.gif?fit=940%2C653&ssl=1","inLanguage":"es","potentialAction":[{"@type":"CommentAction","name":"Comment","target":["https:\/\/kalot.com.mx\/site\/2014\/02\/11\/forbes-busca-community-manager\/#respond"]}]},{"@type":"WebPage","@id":"https:\/\/kalot.com.mx\/site\/2014\/02\/11\/forbes-busca-community-manager\/","url":"https:\/\/kalot.com.mx\/site\/2014\/02\/11\/forbes-busca-community-manager\/","name":"Forbes busca Community Manager - Kalot","isPartOf":{"@id":"https:\/\/kalot.com.mx\/site\/#website"},"primaryImageOfPage":{"@id":"https:\/\/kalot.com.mx\/site\/2014\/02\/11\/forbes-busca-community-manager\/#primaryimage"},"image":{"@id":"https:\/\/kalot.com.mx\/site\/2014\/02\/11\/forbes-busca-community-manager\/#primaryimage"},"thumbnailUrl":"https:\/\/i0.wp.com\/kalot.com.mx\/site\/wp-content\/uploads\/2014\/02\/Forbes.gif?fit=940%2C653&ssl=1","datePublished":"2014-02-11T20:37:11+00:00","description":"La prestigiada revista Forbes esta buscando un Community Manager muy completo. Forbes est\u00e1 buscando una motivada, organizada y proactiva\u00a0Social Media y","breadcrumb":{"@id":"https:\/\/kalot.com.mx\/site\/2014\/02\/11\/forbes-busca-community-manager\/#breadcrumb"},"inLanguage":"es","potentialAction":[{"@type":"ReadAction","target":["https:\/\/kalot.com.mx\/site\/2014\/02\/11\/forbes-busca-community-manager\/"]}]},{"@type":"ImageObject","inLanguage":"es","@id":"https:\/\/kalot.com.mx\/site\/2014\/02\/11\/forbes-busca-community-manager\/#primaryimage","url":"https:\/\/i0.wp.com\/kalot.com.mx\/site\/wp-content\/uploads\/2014\/02\/Forbes.gif?fit=940%2C653&ssl=1","contentUrl":"https:\/\/i0.wp.com\/kalot.com.mx\/site\/wp-content\/uploads\/2014\/02\/Forbes.gif?fit=940%2C653&ssl=1","width":940,"height":653},{"@type":"BreadcrumbList","@id":"https:\/\/kalot.com.mx\/site\/2014\/02\/11\/forbes-busca-community-manager\/#breadcrumb","itemListElement":[{"@type":"ListItem","position":1,"name":"Home","item":"https:\/\/kalot.com.mx\/site\/"},{"@type":"ListItem","position":2,"name":"Forbes busca Community Manager"}]},{"@type":"WebSite","@id":"https:\/\/kalot.com.mx\/site\/#website","url":"https:\/\/kalot.com.mx\/site\/","name":"Kalot","description":"Conoce Todo Sobre Todo","publisher":{"@id":"https:\/\/kalot.com.mx\/site\/#organization"},"potentialAction":[{"@type":"SearchAction","target":{"@type":"EntryPoint","urlTemplate":"https:\/\/kalot.com.mx\/site\/?s={search_term_string}"},"query-input":{"@type":"PropertyValueSpecification","valueRequired":true,"valueName":"search_term_string"}}],"inLanguage":"es"},{"@type":"Organization","@id":"https:\/\/kalot.com.mx\/site\/#organization","name":"Kalot","url":"https:\/\/kalot.com.mx\/site\/","logo":{"@type":"ImageObject","inLanguage":"es","@id":"https:\/\/kalot.com.mx\/site\/#\/schema\/logo\/image\/","url":"https:\/\/i0.wp.com\/kalot.com.mx\/site\/wp-content\/uploads\/2020\/04\/Kalot-logo-sin-tagline.png?fit=1707%2C1014&ssl=1","contentUrl":"https:\/\/i0.wp.com\/kalot.com.mx\/site\/wp-content\/uploads\/2020\/04\/Kalot-logo-sin-tagline.png?fit=1707%2C1014&ssl=1","width":1707,"height":1014,"caption":"Kalot"},"image":{"@id":"https:\/\/kalot.com.mx\/site\/#\/schema\/logo\/image\/"},"sameAs":["http:\/\/facebook.com\/mxkalot","https:\/\/x.com\/kalotmx","http:\/\/instagram.com\/kalotmx","http:\/\/pinterest.com\/jorgeerana\/kalot"]},{"@type":"Person","@id":"https:\/\/kalot.com.mx\/site\/#\/schema\/person\/dd5c05682cc5c2f90e15b43f4876bb07","name":"Samuel Arriaga","image":{"@type":"ImageObject","inLanguage":"es","@id":"https:\/\/secure.gravatar.com\/avatar\/4d903cda45bbc366a5fa7bd20f9ef978480e7ed6a0507effb654eb82065720c7?s=96&d=mm&r=g","url":"https:\/\/secure.gravatar.com\/avatar\/4d903cda45bbc366a5fa7bd20f9ef978480e7ed6a0507effb654eb82065720c7?s=96&d=mm&r=g","contentUrl":"https:\/\/secure.gravatar.com\/avatar\/4d903cda45bbc366a5fa7bd20f9ef978480e7ed6a0507effb654eb82065720c7?s=96&d=mm&r=g","caption":"Samuel Arriaga"},"url":"https:\/\/kalot.com.mx\/site\/author\/mario\/"}]}},"jetpack_publicize_connections":[],"jetpack_featured_media_url":"https:\/\/i0.wp.com\/kalot.com.mx\/site\/wp-content\/uploads\/2014\/02\/Forbes.gif?fit=940%2C653&ssl=1","jetpack_shortlink":"https:\/\/wp.me\/p6IHEI-2Zy","jetpack-related-posts":[{"id":5834,"url":"https:\/\/kalot.com.mx\/site\/2013\/11\/06\/haz-un-plan-de-social-media-facil-y-practico\/","url_meta":{"origin":11504,"position":0},"title":"\u00a1Haz un plan de social media f\u00e1cil y pr\u00e1ctico! por @tania_aguirre","author":"Tania Aguirre","date":"6 noviembre, 2013","format":false,"excerpt":"La planeaci\u00f3n es un eje clave para el \u00e9xito en cualquier contexto y las redes sociales no son la excepci\u00f3n. Hoy en d\u00eda muchas personas quieren dedicarse al Social Media Management (Manejo de la identidad de la empresa en las redes sociales) \u00a0y lamentablemente no realizan una planeaci\u00f3n oportuna.Si pagaras\u2026","rel":"","context":"Entrada similar ","block_context":{"text":"Entrada similar ","link":""},"img":{"alt_text":"","src":"https:\/\/i0.wp.com\/kalot.com.mx\/site\/wp-content\/uploads\/2013\/11\/content-marketing-guide.jpg?fit=500%2C470&ssl=1&resize=350%2C200","width":350,"height":200},"classes":[]},{"id":7140,"url":"https:\/\/kalot.com.mx\/site\/2013\/11\/25\/10-apps-que-nos-facilitan-nuestra-productividad\/","url_meta":{"origin":11504,"position":1},"title":"10 Apps que facilitan nuestra productividad","author":"Samuel Arriaga","date":"25 noviembre, 2013","format":false,"excerpt":"Las Apps se han vuelto una herramienta de trabajo indispensable para todos pero en especial para los Community Manager, las aplicaciones le facilitan las tareas del d\u00eda a d\u00eda. Las herramientas han evolucionado en los \u00faltimos a\u00f1os, permiti\u00e9ndonos tenerlas en nuestro SmartPhone, a continuaci\u00f3n te enlisto las Apps que todo\u2026","rel":"","context":"Entrada similar ","block_context":{"text":"Entrada similar ","link":""},"img":{"alt_text":"","src":"https:\/\/i0.wp.com\/kalot.com.mx\/site\/wp-content\/uploads\/2013\/11\/mobile-phone-apps.jpg?fit=1000%2C966&ssl=1&resize=350%2C200","width":350,"height":200,"srcset":"https:\/\/i0.wp.com\/kalot.com.mx\/site\/wp-content\/uploads\/2013\/11\/mobile-phone-apps.jpg?fit=1000%2C966&ssl=1&resize=350%2C200 1x, https:\/\/i0.wp.com\/kalot.com.mx\/site\/wp-content\/uploads\/2013\/11\/mobile-phone-apps.jpg?fit=1000%2C966&ssl=1&resize=525%2C300 1.5x, https:\/\/i0.wp.com\/kalot.com.mx\/site\/wp-content\/uploads\/2013\/11\/mobile-phone-apps.jpg?fit=1000%2C966&ssl=1&resize=700%2C400 2x"},"classes":[]},{"id":5012,"url":"https:\/\/kalot.com.mx\/site\/2013\/10\/28\/aba-buscando-las-marcas-con-el-mejor-sonido\/","url_meta":{"origin":11504,"position":2},"title":"ABA:  Buscando a las marcas con el mejor sonido","author":"Edgar Villanueva","date":"28 octubre, 2013","format":false,"excerpt":"Hoy en d\u00eda la comunicaci\u00f3n empresa cliente debe ser lo mas efectiva posible y es necesario lograr que el mensaje que se quiere transmitir sea recibido de la mejor manera por parte del destinatario (cliente). La m\u00fasica es un medio bastante efectivo que puede aumentar la efectividad del mensaje.\u00a0 De\u2026","rel":"","context":"Entrada similar ","block_context":{"text":"Entrada similar ","link":""},"img":{"alt_text":"","src":"https:\/\/i0.wp.com\/kalot.com.mx\/site\/wp-content\/uploads\/2013\/10\/audio_branding_academy_logo.jpg?fit=600%2C400&ssl=1&resize=350%2C200","width":350,"height":200,"srcset":"https:\/\/i0.wp.com\/kalot.com.mx\/site\/wp-content\/uploads\/2013\/10\/audio_branding_academy_logo.jpg?fit=600%2C400&ssl=1&resize=350%2C200 1x, https:\/\/i0.wp.com\/kalot.com.mx\/site\/wp-content\/uploads\/2013\/10\/audio_branding_academy_logo.jpg?fit=600%2C400&ssl=1&resize=525%2C300 1.5x"},"classes":[]},{"id":10184,"url":"https:\/\/kalot.com.mx\/site\/2014\/01\/24\/findefacebook\/","url_meta":{"origin":11504,"position":3},"title":"\u00bfEl principio del fin de Facebook?","author":"Carlos Ru\u00edz Mtz","date":"24 enero, 2014","format":false,"excerpt":"Hace un par de d\u00edas le\u00eda, en varios medios, que Facebook hab\u00eda tenido una bajada dr\u00e1stica de usuarios en el \u00faltimo trimestre: una media de 9 millones de usuarios hab\u00edan eliminado su cuenta de esta red social, un hecho sin precedentes en su historia. Sin embargo, no quiere decir que\u2026","rel":"","context":"En &quot;Sin categor\u00eda&quot;","block_context":{"text":"Sin categor\u00eda","link":"https:\/\/kalot.com.mx\/site\/category\/sin-categoria\/"},"img":{"alt_text":"","src":"https:\/\/i0.wp.com\/kalot.com.mx\/site\/wp-content\/uploads\/2014\/01\/0003818675.jpg?fit=744%2C374&ssl=1&resize=350%2C200","width":350,"height":200,"srcset":"https:\/\/i0.wp.com\/kalot.com.mx\/site\/wp-content\/uploads\/2014\/01\/0003818675.jpg?fit=744%2C374&ssl=1&resize=350%2C200 1x, https:\/\/i0.wp.com\/kalot.com.mx\/site\/wp-content\/uploads\/2014\/01\/0003818675.jpg?fit=744%2C374&ssl=1&resize=525%2C300 1.5x, https:\/\/i0.wp.com\/kalot.com.mx\/site\/wp-content\/uploads\/2014\/01\/0003818675.jpg?fit=744%2C374&ssl=1&resize=700%2C400 2x"},"classes":[]},{"id":12773,"url":"https:\/\/kalot.com.mx\/site\/2014\/03\/05\/sopitas-con-mas-seguidores-que-cocacolamx\/","url_meta":{"origin":11504,"position":4},"title":"@Sopitas con m\u00e1s seguidores que CocaColaMx","author":"Dulce Mireles","date":"5 marzo, 2014","format":false,"excerpt":"As\u00ed como lo ha le\u00eddo usted, esto es \u00a0de acuerdo a reportes de redes sociales publicados por Merca 2.0, sobre el an\u00e1lisis de usuarios en twitter, followers y following a nivel mundial.\u00a0Revisando el mencionado reporte, me llev\u00e9 esta grata sorpresa al ver que Sopitas ocupa el lugar #8 en este\u2026","rel":"","context":"En &quot;Sin categor\u00eda&quot;","block_context":{"text":"Sin categor\u00eda","link":"https:\/\/kalot.com.mx\/site\/category\/sin-categoria\/"},"img":{"alt_text":"","src":"https:\/\/i1.wp.com\/kalot.com.mx\/site\/wp-content\/uploads\/2014\/03\/264318_244862625539472_4141017_n.jpg?fit=530%2C479&ssl=1&resize=350%2C200","width":350,"height":200,"srcset":"https:\/\/i1.wp.com\/kalot.com.mx\/site\/wp-content\/uploads\/2014\/03\/264318_244862625539472_4141017_n.jpg?fit=530%2C479&ssl=1&resize=350%2C200 1x, https:\/\/i1.wp.com\/kalot.com.mx\/site\/wp-content\/uploads\/2014\/03\/264318_244862625539472_4141017_n.jpg?fit=530%2C479&ssl=1&resize=525%2C300 1.5x"},"classes":[]},{"id":27121,"url":"https:\/\/kalot.com.mx\/site\/2017\/04\/28\/estrategia-de-redes-sociales-marketing-conectar-consumidores\/","url_meta":{"origin":11504,"position":5},"title":"Estrategia de redes sociales: el nuevo marketing para conectar con los consumidores","author":"Mar\u00eda Corrales","date":"28 abril, 2017","format":false,"excerpt":"Las redes sociales se est\u00e1n llenando de contenido muy valioso y las marcas han de saber aprovechar y gestionar estos formatos. De ah\u00ed surge la nueva forma de hacer marketing mediante la planificaci\u00f3n de una estrategia de redes sociales, con el objetivo de involucrar a los consumidores en el proceso\u2026","rel":"","context":"En &quot;Marketing&quot;","block_context":{"text":"Marketing","link":"https:\/\/kalot.com.mx\/site\/category\/marketing\/"},"img":{"alt_text":"estrategia-de-redes-sociales","src":"https:\/\/i0.wp.com\/kalot.com.mx\/site\/wp-content\/uploads\/2017\/04\/estrategia-de-redes-sociales.jpg?fit=850%2C565&ssl=1&resize=350%2C200","width":350,"height":200,"srcset":"https:\/\/i0.wp.com\/kalot.com.mx\/site\/wp-content\/uploads\/2017\/04\/estrategia-de-redes-sociales.jpg?fit=850%2C565&ssl=1&resize=350%2C200 1x, https:\/\/i0.wp.com\/kalot.com.mx\/site\/wp-content\/uploads\/2017\/04\/estrategia-de-redes-sociales.jpg?fit=850%2C565&ssl=1&resize=525%2C300 1.5x, https:\/\/i0.wp.com\/kalot.com.mx\/site\/wp-content\/uploads\/2017\/04\/estrategia-de-redes-sociales.jpg?fit=850%2C565&ssl=1&resize=700%2C400 2x"},"classes":[]}],"jetpack_sharing_enabled":true,"_links":{"self":[{"href":"https:\/\/kalot.com.mx\/site\/wp-json\/wp\/v2\/posts\/11504","targetHints":{"allow":["GET"]}}],"collection":[{"href":"https:\/\/kalot.com.mx\/site\/wp-json\/wp\/v2\/posts"}],"about":[{"href":"https:\/\/kalot.com.mx\/site\/wp-json\/wp\/v2\/types\/post"}],"author":[{"embeddable":true,"href":"https:\/\/kalot.com.mx\/site\/wp-json\/wp\/v2\/users\/33"}],"replies":[{"embeddable":true,"href":"https:\/\/kalot.com.mx\/site\/wp-json\/wp\/v2\/comments?post=11504"}],"version-history":[{"count":0,"href":"https:\/\/kalot.com.mx\/site\/wp-json\/wp\/v2\/posts\/11504\/revisions"}],"wp:featuredmedia":[{"embeddable":true,"href":"https:\/\/kalot.com.mx\/site\/wp-json\/wp\/v2\/media\/11507"}],"wp:attachment":[{"href":"https:\/\/kalot.com.mx\/site\/wp-json\/wp\/v2\/media?parent=11504"}],"wp:term":[{"taxonomy":"category","embeddable":true,"href":"https:\/\/kalot.com.mx\/site\/wp-json\/wp\/v2\/categories?post=11504"},{"taxonomy":"post_tag","embeddable":true,"href":"https:\/\/kalot.com.mx\/site\/wp-json\/wp\/v2\/tags?post=11504"}],"curies":[{"name":"wp","href":"https:\/\/api.w.org\/{rel}","templated":true}]}}