{"id":11373,"date":"2014-02-09T20:54:22","date_gmt":"2014-02-10T02:54:22","guid":{"rendered":"http:\/\/www.kalot.com.mx\/?p=11373"},"modified":"2014-02-09T20:54:22","modified_gmt":"2014-02-10T02:54:22","slug":"ibm-y-el-sistema-watson","status":"publish","type":"post","link":"https:\/\/kalot.com.mx\/site\/2014\/02\/09\/ibm-y-el-sistema-watson\/","title":{"rendered":"IBM y el sistema Watson"},"content":{"rendered":"<p style=\"text-align: justify\">El gigante tecnol\u00f3gico IBM empez\u00f3 el jueves a introducir en \u00c1frica su supercomputadora con el sistema Watson, destacando que esto ayudar\u00e1 al desarrollo de diagn\u00f3sticos m\u00e9dicos, la recopilaci\u00f3n de informaci\u00f3n econ\u00f3mica e investigaciones sobre comercio electr\u00f3nico.<\/p>\n<p style=\"text-align: justify\">El mayor proveedor de servicios tecnol\u00f3gicos del mundo dijo que el \u201cProyecto Lucy\u201d durar\u00eda diez a\u00f1os y costar\u00eda unos 100 millones de d\u00f3lares (mdd). La iniciativa recibe su nombre de los restos f\u00f3siles del antepasado humano m\u00e1s antiguo, encontrados en el este de \u00c1frica<\/p>\n<p style=\"text-align: justify\">Como ejemplo, Rometty hizo referencia al caso de Marruecos, un pa\u00eds que mediante la recopilaci\u00f3n de sofisticados datos ha conseguido mejorar las cosechas gracias a la predicci\u00f3n de las condiciones meteorol\u00f3gicas, la demanda y los brotes de plagas.<\/p>\n<p style=\"text-align: justify\">El sistema Watson utiliza inteligencia artificial que puede analizar r\u00e1pidamente grandes cantidades de informaci\u00f3n y entender un idioma lo suficiente como para mantener una conversaci\u00f3n.<\/p>\n<p style=\"text-align: justify\">La tecnolog\u00eda podr\u00eda permitir que las partes m\u00e1s pobres de \u00c1frica atraviesen m\u00e1s r\u00e1pidamente fases de desarrollo que no han conseguido superar por razones econ\u00f3micas, dijo Michel Bezy, un profesor de tecnolog\u00eda en Ruanda que ayud\u00f3 en el desarrollo del sistema Watson.<\/p>\n<p style=\"text-align: justify\">La supercomputadora tambi\u00e9n podr\u00eda ayudar a la educaci\u00f3n en los colegios con menos recursos inform\u00e1ticos mediante el uso de aplicaciones de tel\u00e9fonos avanzados que tengan acceso a las herramientas de an\u00e1lisis de Watson a trav\u00e9s de la computaci\u00f3n en nube, dijo el jefe de investigaci\u00f3n cient\u00edfica de IBM en \u00c1frica, Uyi Stewart, a Reuters en Lagos.<\/p>\n<p style=\"text-align: justify\">Fuente: <a title=\"IBM y el proyecto Watson\" href=\"http:\/\/www.forbes.com.mx\/sites\/ibm-introduce-en-africa-la-supercomputadora-watson\/\" target=\"_blank\">Forbes<\/a><\/p>\n","protected":false},"excerpt":{"rendered":"El gigante tecnol\u00f3gico IBM empez\u00f3 el jueves a introducir en \u00c1frica su supercomputadora con el sistema Watson, destacando&hellip;\n","protected":false},"author":33,"featured_media":11374,"comment_status":"open","ping_status":"open","sticky":false,"template":"","format":"standard","meta":{"jetpack_post_was_ever_published":false,"_jetpack_newsletter_access":"","_jetpack_dont_email_post_to_subs":false,"_jetpack_newsletter_tier_id":0,"_jetpack_memberships_contains_paywalled_content":false,"_jetpack_memberships_contains_paid_content":false,"footnotes":"","jetpack_publicize_message":"","jetpack_publicize_feature_enabled":true,"jetpack_social_post_already_shared":true,"jetpack_social_options":{"image_generator_settings":{"template":"highway","default_image_id":0,"font":"","enabled":false},"version":2}},"categories":[],"tags":[],"class_list":{"0":"post-11373","1":"post","2":"type-post","3":"status-publish","4":"format-standard","5":"has-post-thumbnail","7":"cs-entry","8":"cs-video-wrap"},"yoast_head":"<!-- This site is optimized with the Yoast SEO plugin v27.4 - https:\/\/yoast.com\/product\/yoast-seo-wordpress\/ -->\n<title>IBM y el sistema Watson - Kalot<\/title>\n<meta name=\"description\" content=\"El gigante tecnol\u00f3gico IBM empez\u00f3 el jueves a introducir en \u00c1frica su supercomputadora con el sistema Watson, destacando que esto ayudar\u00e1 al desarrollo de\" \/>\n<meta name=\"robots\" content=\"index, follow, max-snippet:-1, max-image-preview:large, max-video-preview:-1\" \/>\n<link rel=\"canonical\" href=\"https:\/\/kalot.com.mx\/site\/2014\/02\/09\/ibm-y-el-sistema-watson\/\" \/>\n<meta property=\"og:locale\" content=\"es_MX\" \/>\n<meta property=\"og:type\" content=\"article\" \/>\n<meta property=\"og:title\" content=\"IBM y el sistema Watson - Kalot\" \/>\n<meta property=\"og:description\" content=\"El gigante tecnol\u00f3gico IBM empez\u00f3 el jueves a introducir en \u00c1frica su supercomputadora con el sistema Watson, destacando que esto ayudar\u00e1 al desarrollo de\" \/>\n<meta property=\"og:url\" content=\"https:\/\/kalot.com.mx\/site\/2014\/02\/09\/ibm-y-el-sistema-watson\/\" \/>\n<meta property=\"og:site_name\" content=\"Kalot\" \/>\n<meta property=\"article:publisher\" content=\"http:\/\/facebook.com\/mxkalot\" \/>\n<meta property=\"article:published_time\" content=\"2014-02-10T02:54:22+00:00\" \/>\n<meta property=\"og:image\" content=\"https:\/\/i2.wp.com\/kalot.com.mx\/site\/wp-content\/uploads\/2014\/02\/Watson109707513_2.jpg?fit=750%2C501&ssl=1\" \/>\n\t<meta property=\"og:image:width\" content=\"750\" \/>\n\t<meta property=\"og:image:height\" content=\"501\" \/>\n\t<meta property=\"og:image:type\" content=\"image\/jpeg\" \/>\n<meta name=\"author\" content=\"Samuel Arriaga\" \/>\n<meta name=\"twitter:card\" content=\"summary_large_image\" \/>\n<meta name=\"twitter:creator\" content=\"@kalotmx\" \/>\n<meta name=\"twitter:site\" content=\"@kalotmx\" \/>\n<meta name=\"twitter:label1\" content=\"Escrito por\" \/>\n\t<meta name=\"twitter:data1\" content=\"Samuel Arriaga\" \/>\n\t<meta name=\"twitter:label2\" content=\"Tiempo de lectura\" \/>\n\t<meta name=\"twitter:data2\" content=\"1 minuto\" \/>\n<!-- \/ Yoast SEO plugin. -->","yoast_head_json":{"title":"IBM y el sistema Watson - Kalot","description":"El gigante tecnol\u00f3gico IBM empez\u00f3 el jueves a introducir en \u00c1frica su supercomputadora con el sistema Watson, destacando que esto ayudar\u00e1 al desarrollo de","robots":{"index":"index","follow":"follow","max-snippet":"max-snippet:-1","max-image-preview":"max-image-preview:large","max-video-preview":"max-video-preview:-1"},"canonical":"https:\/\/kalot.com.mx\/site\/2014\/02\/09\/ibm-y-el-sistema-watson\/","og_locale":"es_MX","og_type":"article","og_title":"IBM y el sistema Watson - Kalot","og_description":"El gigante tecnol\u00f3gico IBM empez\u00f3 el jueves a introducir en \u00c1frica su supercomputadora con el sistema Watson, destacando que esto ayudar\u00e1 al desarrollo de","og_url":"https:\/\/kalot.com.mx\/site\/2014\/02\/09\/ibm-y-el-sistema-watson\/","og_site_name":"Kalot","article_publisher":"http:\/\/facebook.com\/mxkalot","article_published_time":"2014-02-10T02:54:22+00:00","og_image":[{"width":750,"height":501,"url":"https:\/\/i2.wp.com\/kalot.com.mx\/site\/wp-content\/uploads\/2014\/02\/Watson109707513_2.jpg?fit=750%2C501&ssl=1","type":"image\/jpeg"}],"author":"Samuel Arriaga","twitter_card":"summary_large_image","twitter_creator":"@kalotmx","twitter_site":"@kalotmx","twitter_misc":{"Escrito por":"Samuel Arriaga","Tiempo de lectura":"1 minuto"},"schema":{"@context":"https:\/\/schema.org","@graph":[{"@type":"Article","@id":"https:\/\/kalot.com.mx\/site\/2014\/02\/09\/ibm-y-el-sistema-watson\/#article","isPartOf":{"@id":"https:\/\/kalot.com.mx\/site\/2014\/02\/09\/ibm-y-el-sistema-watson\/"},"author":{"name":"Samuel Arriaga","@id":"https:\/\/kalot.com.mx\/site\/#\/schema\/person\/dd5c05682cc5c2f90e15b43f4876bb07"},"headline":"IBM y el sistema Watson","datePublished":"2014-02-10T02:54:22+00:00","mainEntityOfPage":{"@id":"https:\/\/kalot.com.mx\/site\/2014\/02\/09\/ibm-y-el-sistema-watson\/"},"wordCount":285,"commentCount":0,"publisher":{"@id":"https:\/\/kalot.com.mx\/site\/#organization"},"image":{"@id":"https:\/\/kalot.com.mx\/site\/2014\/02\/09\/ibm-y-el-sistema-watson\/#primaryimage"},"thumbnailUrl":"https:\/\/i0.wp.com\/kalot.com.mx\/site\/wp-content\/uploads\/2014\/02\/Watson109707513_2.jpg?fit=750%2C501&ssl=1","inLanguage":"es","potentialAction":[{"@type":"CommentAction","name":"Comment","target":["https:\/\/kalot.com.mx\/site\/2014\/02\/09\/ibm-y-el-sistema-watson\/#respond"]}]},{"@type":"WebPage","@id":"https:\/\/kalot.com.mx\/site\/2014\/02\/09\/ibm-y-el-sistema-watson\/","url":"https:\/\/kalot.com.mx\/site\/2014\/02\/09\/ibm-y-el-sistema-watson\/","name":"IBM y el sistema Watson - Kalot","isPartOf":{"@id":"https:\/\/kalot.com.mx\/site\/#website"},"primaryImageOfPage":{"@id":"https:\/\/kalot.com.mx\/site\/2014\/02\/09\/ibm-y-el-sistema-watson\/#primaryimage"},"image":{"@id":"https:\/\/kalot.com.mx\/site\/2014\/02\/09\/ibm-y-el-sistema-watson\/#primaryimage"},"thumbnailUrl":"https:\/\/i0.wp.com\/kalot.com.mx\/site\/wp-content\/uploads\/2014\/02\/Watson109707513_2.jpg?fit=750%2C501&ssl=1","datePublished":"2014-02-10T02:54:22+00:00","description":"El gigante tecnol\u00f3gico IBM empez\u00f3 el jueves a introducir en \u00c1frica su supercomputadora con el sistema Watson, destacando que esto ayudar\u00e1 al desarrollo de","breadcrumb":{"@id":"https:\/\/kalot.com.mx\/site\/2014\/02\/09\/ibm-y-el-sistema-watson\/#breadcrumb"},"inLanguage":"es","potentialAction":[{"@type":"ReadAction","target":["https:\/\/kalot.com.mx\/site\/2014\/02\/09\/ibm-y-el-sistema-watson\/"]}]},{"@type":"ImageObject","inLanguage":"es","@id":"https:\/\/kalot.com.mx\/site\/2014\/02\/09\/ibm-y-el-sistema-watson\/#primaryimage","url":"https:\/\/i0.wp.com\/kalot.com.mx\/site\/wp-content\/uploads\/2014\/02\/Watson109707513_2.jpg?fit=750%2C501&ssl=1","contentUrl":"https:\/\/i0.wp.com\/kalot.com.mx\/site\/wp-content\/uploads\/2014\/02\/Watson109707513_2.jpg?fit=750%2C501&ssl=1","width":750,"height":501},{"@type":"BreadcrumbList","@id":"https:\/\/kalot.com.mx\/site\/2014\/02\/09\/ibm-y-el-sistema-watson\/#breadcrumb","itemListElement":[{"@type":"ListItem","position":1,"name":"Home","item":"https:\/\/kalot.com.mx\/site\/"},{"@type":"ListItem","position":2,"name":"IBM y el sistema Watson"}]},{"@type":"WebSite","@id":"https:\/\/kalot.com.mx\/site\/#website","url":"https:\/\/kalot.com.mx\/site\/","name":"Kalot","description":"Conoce Todo Sobre Todo","publisher":{"@id":"https:\/\/kalot.com.mx\/site\/#organization"},"potentialAction":[{"@type":"SearchAction","target":{"@type":"EntryPoint","urlTemplate":"https:\/\/kalot.com.mx\/site\/?s={search_term_string}"},"query-input":{"@type":"PropertyValueSpecification","valueRequired":true,"valueName":"search_term_string"}}],"inLanguage":"es"},{"@type":"Organization","@id":"https:\/\/kalot.com.mx\/site\/#organization","name":"Kalot","url":"https:\/\/kalot.com.mx\/site\/","logo":{"@type":"ImageObject","inLanguage":"es","@id":"https:\/\/kalot.com.mx\/site\/#\/schema\/logo\/image\/","url":"https:\/\/i0.wp.com\/kalot.com.mx\/site\/wp-content\/uploads\/2020\/04\/Kalot-logo-sin-tagline.png?fit=1707%2C1014&ssl=1","contentUrl":"https:\/\/i0.wp.com\/kalot.com.mx\/site\/wp-content\/uploads\/2020\/04\/Kalot-logo-sin-tagline.png?fit=1707%2C1014&ssl=1","width":1707,"height":1014,"caption":"Kalot"},"image":{"@id":"https:\/\/kalot.com.mx\/site\/#\/schema\/logo\/image\/"},"sameAs":["http:\/\/facebook.com\/mxkalot","https:\/\/x.com\/kalotmx","http:\/\/instagram.com\/kalotmx","http:\/\/pinterest.com\/jorgeerana\/kalot"]},{"@type":"Person","@id":"https:\/\/kalot.com.mx\/site\/#\/schema\/person\/dd5c05682cc5c2f90e15b43f4876bb07","name":"Samuel Arriaga","image":{"@type":"ImageObject","inLanguage":"es","@id":"https:\/\/secure.gravatar.com\/avatar\/4d903cda45bbc366a5fa7bd20f9ef978480e7ed6a0507effb654eb82065720c7?s=96&d=mm&r=g","url":"https:\/\/secure.gravatar.com\/avatar\/4d903cda45bbc366a5fa7bd20f9ef978480e7ed6a0507effb654eb82065720c7?s=96&d=mm&r=g","contentUrl":"https:\/\/secure.gravatar.com\/avatar\/4d903cda45bbc366a5fa7bd20f9ef978480e7ed6a0507effb654eb82065720c7?s=96&d=mm&r=g","caption":"Samuel Arriaga"},"url":"https:\/\/kalot.com.mx\/site\/author\/mario\/"}]}},"jetpack_publicize_connections":[],"jetpack_featured_media_url":"https:\/\/i0.wp.com\/kalot.com.mx\/site\/wp-content\/uploads\/2014\/02\/Watson109707513_2.jpg?fit=750%2C501&ssl=1","jetpack_shortlink":"https:\/\/wp.me\/p6IHEI-2Xr","jetpack-related-posts":[{"id":24732,"url":"https:\/\/kalot.com.mx\/site\/2016\/01\/11\/y-ahora-un-poema-trailer-de-colonia-con-emma-watson\/","url_meta":{"origin":11373,"position":0},"title":"Y ahora, un poema. Tr\u00e1iler de COLONIA con Emma Watson","author":"Jorge Era\u00f1a","date":"11 enero, 2016","format":false,"excerpt":"Por si a\u00fan buscaban una raz\u00f3n para amar a Emma Watson, aqu\u00ed pueden ver el tr\u00e1iler de COLONIA. https:\/\/www.youtube.com\/watch?v=GYPS1GOgZZQ","rel":"","context":"En &quot;Cine&quot;","block_context":{"text":"Cine","link":"https:\/\/kalot.com.mx\/site\/category\/cine\/"},"img":{"alt_text":"","src":"https:\/\/i0.wp.com\/kalot.com.mx\/site\/wp-content\/uploads\/2016\/01\/colonia.jpg?fit=595%2C839&ssl=1&resize=350%2C200","width":350,"height":200,"srcset":"https:\/\/i0.wp.com\/kalot.com.mx\/site\/wp-content\/uploads\/2016\/01\/colonia.jpg?fit=595%2C839&ssl=1&resize=350%2C200 1x, https:\/\/i0.wp.com\/kalot.com.mx\/site\/wp-content\/uploads\/2016\/01\/colonia.jpg?fit=595%2C839&ssl=1&resize=525%2C300 1.5x"},"classes":[]},{"id":8844,"url":"https:\/\/kalot.com.mx\/site\/2014\/01\/01\/emma-watson-deja-la-actuacion-por-un-tiempo\/","url_meta":{"origin":11373,"position":1},"title":"Emma Watson deja la actuaci\u00f3n\u2026 Por un tiempo.","author":"Ivan Mendez","date":"1 enero, 2014","format":false,"excerpt":"La joven actriz que interpretara a Hermione Granger en la famosa saga de Harry Potter, dejara la actuaci\u00f3n por un tiempo indeterminado para enfocarse en sus estudios de Literatura Inglesa. As\u00ed lo hizo saber hace unos d\u00edas en las redes sociales al mismo tiempo que deseaba suerte a todos los\u2026","rel":"","context":"Entrada similar ","block_context":{"text":"Entrada similar ","link":""},"img":{"alt_text":"","src":"https:\/\/i0.wp.com\/kalot.com.mx\/site\/wp-content\/uploads\/2014\/01\/crop.jpg?fit=580%2C773&ssl=1&resize=350%2C200","width":350,"height":200,"srcset":"https:\/\/i0.wp.com\/kalot.com.mx\/site\/wp-content\/uploads\/2014\/01\/crop.jpg?fit=580%2C773&ssl=1&resize=350%2C200 1x, https:\/\/i0.wp.com\/kalot.com.mx\/site\/wp-content\/uploads\/2014\/01\/crop.jpg?fit=580%2C773&ssl=1&resize=525%2C300 1.5x"},"classes":[]},{"id":19569,"url":"https:\/\/kalot.com.mx\/site\/2014\/12\/24\/aburrido-checa-el-video-con-la-recopilacion-de-los-mejores-videos-del-ano-en-internet\/","url_meta":{"origin":11373,"position":2},"title":"\u00bfAburrido? Checa el video con la recopilaci\u00f3n de los mejores v\u00eddeos del a\u00f1o en internet","author":"Jorge Era\u00f1a","date":"24 diciembre, 2014","format":false,"excerpt":"Hola, c\u00f3mo est\u00e1n. Hace mucho tiempo que no les compart\u00eda un poco de esas joyas que se encuentra uno en internet y que realmente impactan por su producci\u00f3n, elaboraci\u00f3n, creatividad y muchas veces por las nuts que se necesitan para lograr un resultados como el que les mostrar\u00e9. El resultado\u2026","rel":"","context":"Entrada similar ","block_context":{"text":"Entrada similar ","link":""},"img":{"alt_text":"","src":"https:\/\/i0.wp.com\/kalot.com.mx\/site\/wp-content\/uploads\/2014\/12\/image1.jpg?fit=1024%2C660&ssl=1&resize=350%2C200","width":350,"height":200,"srcset":"https:\/\/i0.wp.com\/kalot.com.mx\/site\/wp-content\/uploads\/2014\/12\/image1.jpg?fit=1024%2C660&ssl=1&resize=350%2C200 1x, https:\/\/i0.wp.com\/kalot.com.mx\/site\/wp-content\/uploads\/2014\/12\/image1.jpg?fit=1024%2C660&ssl=1&resize=525%2C300 1.5x, https:\/\/i0.wp.com\/kalot.com.mx\/site\/wp-content\/uploads\/2014\/12\/image1.jpg?fit=1024%2C660&ssl=1&resize=700%2C400 2x"},"classes":[]},{"id":16780,"url":"https:\/\/kalot.com.mx\/site\/2014\/06\/14\/emma-watson-tendra-una-regresion\/","url_meta":{"origin":11373,"position":3},"title":"Emma Watson tendr\u00e1 una \u201cRegresi\u00f3n\u201d","author":"Ivan Mendez","date":"14 junio, 2014","format":false,"excerpt":"Y no, no es que la vallamos a volver a ver como una guapa y sobre todo inteligente bruja que pelea contra el mal ni mucho menos. Se trata de su nueva pel\u00edcula \u201cRegresi\u00f3n\u201d de la mano del famoso director ganador de un premio de la academia Alejandro Amen\u00e1bar. El\u2026","rel":"","context":"Entrada similar ","block_context":{"text":"Entrada similar ","link":""},"img":{"alt_text":"","src":"https:\/\/i0.wp.com\/kalot.com.mx\/site\/wp-content\/uploads\/2014\/06\/thumb.jpg?fit=650%2C433&ssl=1&resize=350%2C200","width":350,"height":200,"srcset":"https:\/\/i0.wp.com\/kalot.com.mx\/site\/wp-content\/uploads\/2014\/06\/thumb.jpg?fit=650%2C433&ssl=1&resize=350%2C200 1x, https:\/\/i0.wp.com\/kalot.com.mx\/site\/wp-content\/uploads\/2014\/06\/thumb.jpg?fit=650%2C433&ssl=1&resize=525%2C300 1.5x"},"classes":[]},{"id":17138,"url":"https:\/\/kalot.com.mx\/site\/2014\/07\/04\/emma-watson-se-prepara-para-queen-tearling\/","url_meta":{"origin":11373,"position":4},"title":"Emma Watson se prepara para &#8220;The Queen of the tearling&#8221;","author":"Ivan Mendez","date":"4 julio, 2014","format":false,"excerpt":"No tenemos que sorprendernos al darnos cuenta de que la chica que se hizo famosa por ser la mejor y m\u00e1s inteligente amiga de Harry Potter, Emma Watson sea la que de aquel famoso trio es la que m\u00e1s a logrado tener el equilibrio entre el cine independiente y el\u2026","rel":"","context":"Entrada similar ","block_context":{"text":"Entrada similar ","link":""},"img":{"alt_text":"","src":"https:\/\/i0.wp.com\/kalot.com.mx\/site\/wp-content\/uploads\/2014\/07\/tumblr_n24rtfBj5w1rja9zto1_500.png?fit=500%2C750&ssl=1&resize=350%2C200","width":350,"height":200},"classes":[]},{"id":20390,"url":"https:\/\/kalot.com.mx\/site\/2015\/02\/13\/llega-el-trailer-de-regresion-con-emma-watson\/","url_meta":{"origin":11373,"position":5},"title":"Llega el trailer de Regresi\u00f3n con Emma Watson","author":"Ivan Mendez","date":"13 febrero, 2015","format":false,"excerpt":"Emma watson est\u00e1 buscando por todos los medios deshacerse de la inteligente Hermione y parece que va en camino correcto. De los tres amigos, la chica es la que ha logrado mas reconocimiento en cuanto a su elecci\u00f3n de roles y cintas en las que participar\u00e1. Hace unas semanas se\u2026","rel":"","context":"Entrada similar ","block_context":{"text":"Entrada similar ","link":""},"img":{"alt_text":"","src":"https:\/\/i0.wp.com\/kalot.com.mx\/site\/wp-content\/uploads\/2015\/02\/screen-shot-2015-02-12-at-1-29-02-pm-emma-watson-s-back-and-her-new-movie-trailer-looks-amazing.png?fit=952%2C594&ssl=1&resize=350%2C200","width":350,"height":200,"srcset":"https:\/\/i0.wp.com\/kalot.com.mx\/site\/wp-content\/uploads\/2015\/02\/screen-shot-2015-02-12-at-1-29-02-pm-emma-watson-s-back-and-her-new-movie-trailer-looks-amazing.png?fit=952%2C594&ssl=1&resize=350%2C200 1x, https:\/\/i0.wp.com\/kalot.com.mx\/site\/wp-content\/uploads\/2015\/02\/screen-shot-2015-02-12-at-1-29-02-pm-emma-watson-s-back-and-her-new-movie-trailer-looks-amazing.png?fit=952%2C594&ssl=1&resize=525%2C300 1.5x, https:\/\/i0.wp.com\/kalot.com.mx\/site\/wp-content\/uploads\/2015\/02\/screen-shot-2015-02-12-at-1-29-02-pm-emma-watson-s-back-and-her-new-movie-trailer-looks-amazing.png?fit=952%2C594&ssl=1&resize=700%2C400 2x"},"classes":[]}],"jetpack_sharing_enabled":true,"_links":{"self":[{"href":"https:\/\/kalot.com.mx\/site\/wp-json\/wp\/v2\/posts\/11373","targetHints":{"allow":["GET"]}}],"collection":[{"href":"https:\/\/kalot.com.mx\/site\/wp-json\/wp\/v2\/posts"}],"about":[{"href":"https:\/\/kalot.com.mx\/site\/wp-json\/wp\/v2\/types\/post"}],"author":[{"embeddable":true,"href":"https:\/\/kalot.com.mx\/site\/wp-json\/wp\/v2\/users\/33"}],"replies":[{"embeddable":true,"href":"https:\/\/kalot.com.mx\/site\/wp-json\/wp\/v2\/comments?post=11373"}],"version-history":[{"count":0,"href":"https:\/\/kalot.com.mx\/site\/wp-json\/wp\/v2\/posts\/11373\/revisions"}],"wp:featuredmedia":[{"embeddable":true,"href":"https:\/\/kalot.com.mx\/site\/wp-json\/wp\/v2\/media\/11374"}],"wp:attachment":[{"href":"https:\/\/kalot.com.mx\/site\/wp-json\/wp\/v2\/media?parent=11373"}],"wp:term":[{"taxonomy":"category","embeddable":true,"href":"https:\/\/kalot.com.mx\/site\/wp-json\/wp\/v2\/categories?post=11373"},{"taxonomy":"post_tag","embeddable":true,"href":"https:\/\/kalot.com.mx\/site\/wp-json\/wp\/v2\/tags?post=11373"}],"curies":[{"name":"wp","href":"https:\/\/api.w.org\/{rel}","templated":true}]}}