{"id":11371,"date":"2014-02-09T21:10:37","date_gmt":"2014-02-10T03:10:37","guid":{"rendered":"http:\/\/www.kalot.com.mx\/?p=11371"},"modified":"2014-02-09T21:10:37","modified_gmt":"2014-02-10T03:10:37","slug":"los-compradores-que-hay-en-mexico-te-identificas","status":"publish","type":"post","link":"https:\/\/kalot.com.mx\/site\/2014\/02\/09\/los-compradores-que-hay-en-mexico-te-identificas\/","title":{"rendered":"Los compradores que hay en M\u00e9xico. \u00bfTe identificas?"},"content":{"rendered":"<p style=\"text-align: justify\">Que tal estimados lectores. Espero que hayan disfrutado de esta semana con la mejor de las actitudes posibles. Y como se acerca uno de los d\u00edas m\u00e1s &#8220;marketeros&#8221; (14 de febrero), es mejor que identifiquemos que tipo de compradores somos, dado que cada compra que hacemos, siempre se ve afectada por 3 grandes preguntas:<\/p>\n<p style=\"text-align: justify\">&#8211; \u00bfQuienes somos?<\/p>\n<p style=\"text-align: justify\">&#8211; \u00bfC\u00f3mo estamos?<\/p>\n<p style=\"text-align: justify\">&#8211; \u00bfCu\u00e1nto gastamos?<\/p>\n<p style=\"text-align: justify\">Y es que, pese a que todos estamos bajo estratos socioecon\u00f3micos, lo real es que, en ocasiones, no adquirimos en base a nuestros ingresos, sino mas bien, a como percibimos nuestras finanzas. Se pueden definir entonces, cuatro grupos de compradores.<\/p>\n<p style=\"text-align: justify\">1.- Comprador Fr\u00edo: &#8220;Vivimos estirando el dinero&#8221; es una de sus frases comunes. Consideran que la situaci\u00f3n econ\u00f3mica que viven han empeorado y prefieren gastar \u00fanicamente en lo necesario y b\u00e1sico. Se puede definir como aspecto positivo que son estructurados, es decir, que emplean diversas herramientas para el control de sus compras, como listas, adem\u00e1s de que sus adquisiciones son realizadas con pensamiento fr\u00edo y no se dejan llevar por novedades.<\/p>\n<p style=\"text-align: justify\">2.- Comprador Lluvia: &#8220;Hemos estado mejor&#8221; es su lema caracter\u00edstico. Consideran que su situaci\u00f3n actual ha empeorado respecto a una situaci\u00f3n anterior, y que su futuro no ser\u00e1 tan prometedor. En este caso, y pese a que solo gastan \u00fanicamente en lo b\u00e1sico y necesario, en aleatorias ocasiones, se dan peque\u00f1os gustos econ\u00f3micos.<\/p>\n<p style=\"text-align: justify\">3.- Comprador c\u00e1lido: &#8220;A\u00f1o tras a\u00f1o, vamos mejorando poco a poco&#8221; es su lema caracter\u00edstico. Consideran que su situaci\u00f3n econ\u00f3mica esta mejor este a\u00f1o respecto al a\u00f1o anterior. Pese a que no guardan tanto dinero en sus carteras, y adem\u00e1s de comprar lo necesario, est\u00e1n abiertos m\u00e1s abiertos al consumo que los otros dos grupos y prueban diferentes productos.<\/p>\n<p style=\"text-align: justify\">4.- Comprador Soleado: &#8220;Tenemos confianza, siempre estamos mejor&#8221; es su lema caracter\u00edstico. Consideran que sus finanzas siempre est\u00e1n mejor, y que estar\u00e1n mejor a\u00fan sin conocer la situaci\u00f3n venidera. Son los m\u00e1s gastadores y positivos, adem\u00e1s de ser optimistas y est\u00e1n mas abiertos a probar innovaciones. La desventaja que tienen es que se dejan llevar al momento de comprar, adquiriendo en ocasiones, productos que realmente no requieren.<\/p>\n<p style=\"text-align: justify\">Estimados lectores, esto es solo una de las m\u00faltiples clasificaciones que se tienen de los consumidores mexicanos. Recuerden que, finalmente, es cada uno de nosotros quien decide en que gastar y como, pero siempre debemos de hacerlo con la mayor moderaci\u00f3n posible, y sobre todo para esos d\u00edas donde el marketing esta a la orden del d\u00eda.<\/p>\n<p style=\"text-align: justify\">Fuentes:<\/p>\n<p style=\"text-align: justify\">&#8211;\u00a0<a href=\"http:\/\/www.altonivel.com.mx\/35202-como-son-los-shoppers-mexicanos-y-que-compran.html\" target=\"_blank\">Alto Nivel<\/a><\/p>\n<p style=\"text-align: justify\"><span style=\"line-height: 1.5em\">&#8211; Clase de Publicidad y Mercados (en la UPSLP de 7\u00b0 semestre de LMKT, del MCE. Rub\u00e9n Gomez Badillo, a quien se le agradece por compartir el material de su clase).<\/span><\/p>\n<p><span style=\"line-height: 1.5em\">\u00a0<\/span><\/p>\n","protected":false},"excerpt":{"rendered":"Que tal estimados lectores. Espero que hayan disfrutado de esta semana con la mejor de las actitudes posibles.&hellip;\n","protected":false},"author":25,"featured_media":11377,"comment_status":"open","ping_status":"open","sticky":false,"template":"","format":"standard","meta":{"jetpack_post_was_ever_published":false,"_jetpack_newsletter_access":"","_jetpack_dont_email_post_to_subs":false,"_jetpack_newsletter_tier_id":0,"_jetpack_memberships_contains_paywalled_content":false,"_jetpack_memberships_contains_paid_content":false,"footnotes":"","jetpack_publicize_message":"","jetpack_publicize_feature_enabled":true,"jetpack_social_post_already_shared":true,"jetpack_social_options":{"image_generator_settings":{"template":"highway","default_image_id":0,"font":"","enabled":false},"version":2}},"categories":[],"tags":[],"class_list":{"0":"post-11371","1":"post","2":"type-post","3":"status-publish","4":"format-standard","5":"has-post-thumbnail","7":"cs-entry","8":"cs-video-wrap"},"yoast_head":"<!-- This site is optimized with the Yoast SEO plugin v27.4 - https:\/\/yoast.com\/product\/yoast-seo-wordpress\/ -->\n<title>Los compradores que hay en M\u00e9xico. \u00bfTe identificas? - Kalot<\/title>\n<meta name=\"description\" content=\"Que tal estimados lectores. Espero que hayan disfrutado de esta semana con la mejor de las actitudes posibles. Y como se acerca uno de los d\u00edas m\u00e1s\" \/>\n<meta name=\"robots\" content=\"index, follow, max-snippet:-1, max-image-preview:large, max-video-preview:-1\" \/>\n<link rel=\"canonical\" href=\"https:\/\/kalot.com.mx\/site\/2014\/02\/09\/los-compradores-que-hay-en-mexico-te-identificas\/\" \/>\n<meta property=\"og:locale\" content=\"es_MX\" \/>\n<meta property=\"og:type\" content=\"article\" \/>\n<meta property=\"og:title\" content=\"Los compradores que hay en M\u00e9xico. \u00bfTe identificas? - Kalot\" \/>\n<meta property=\"og:description\" content=\"Que tal estimados lectores. Espero que hayan disfrutado de esta semana con la mejor de las actitudes posibles. Y como se acerca uno de los d\u00edas m\u00e1s\" \/>\n<meta property=\"og:url\" content=\"https:\/\/kalot.com.mx\/site\/2014\/02\/09\/los-compradores-que-hay-en-mexico-te-identificas\/\" \/>\n<meta property=\"og:site_name\" content=\"Kalot\" \/>\n<meta property=\"article:publisher\" content=\"http:\/\/facebook.com\/mxkalot\" \/>\n<meta property=\"article:published_time\" content=\"2014-02-10T03:10:37+00:00\" \/>\n<meta property=\"og:image\" content=\"https:\/\/i1.wp.com\/kalot.com.mx\/site\/wp-content\/uploads\/2014\/02\/Comprador.jpg?fit=1024%2C768&ssl=1\" \/>\n\t<meta property=\"og:image:width\" content=\"1024\" \/>\n\t<meta property=\"og:image:height\" content=\"768\" \/>\n\t<meta property=\"og:image:type\" content=\"image\/jpeg\" \/>\n<meta name=\"author\" content=\"Saul Alonso\" \/>\n<meta name=\"twitter:card\" content=\"summary_large_image\" \/>\n<meta name=\"twitter:creator\" content=\"@kalotmx\" \/>\n<meta name=\"twitter:site\" content=\"@kalotmx\" \/>\n<meta name=\"twitter:label1\" content=\"Escrito por\" \/>\n\t<meta name=\"twitter:data1\" content=\"Saul Alonso\" \/>\n\t<meta name=\"twitter:label2\" content=\"Tiempo de lectura\" \/>\n\t<meta name=\"twitter:data2\" content=\"2 minutos\" \/>\n<!-- \/ Yoast SEO plugin. -->","yoast_head_json":{"title":"Los compradores que hay en M\u00e9xico. \u00bfTe identificas? - Kalot","description":"Que tal estimados lectores. Espero que hayan disfrutado de esta semana con la mejor de las actitudes posibles. Y como se acerca uno de los d\u00edas m\u00e1s","robots":{"index":"index","follow":"follow","max-snippet":"max-snippet:-1","max-image-preview":"max-image-preview:large","max-video-preview":"max-video-preview:-1"},"canonical":"https:\/\/kalot.com.mx\/site\/2014\/02\/09\/los-compradores-que-hay-en-mexico-te-identificas\/","og_locale":"es_MX","og_type":"article","og_title":"Los compradores que hay en M\u00e9xico. \u00bfTe identificas? - Kalot","og_description":"Que tal estimados lectores. Espero que hayan disfrutado de esta semana con la mejor de las actitudes posibles. Y como se acerca uno de los d\u00edas m\u00e1s","og_url":"https:\/\/kalot.com.mx\/site\/2014\/02\/09\/los-compradores-que-hay-en-mexico-te-identificas\/","og_site_name":"Kalot","article_publisher":"http:\/\/facebook.com\/mxkalot","article_published_time":"2014-02-10T03:10:37+00:00","og_image":[{"width":1024,"height":768,"url":"https:\/\/i1.wp.com\/kalot.com.mx\/site\/wp-content\/uploads\/2014\/02\/Comprador.jpg?fit=1024%2C768&ssl=1","type":"image\/jpeg"}],"author":"Saul Alonso","twitter_card":"summary_large_image","twitter_creator":"@kalotmx","twitter_site":"@kalotmx","twitter_misc":{"Escrito por":"Saul Alonso","Tiempo de lectura":"2 minutos"},"schema":{"@context":"https:\/\/schema.org","@graph":[{"@type":"Article","@id":"https:\/\/kalot.com.mx\/site\/2014\/02\/09\/los-compradores-que-hay-en-mexico-te-identificas\/#article","isPartOf":{"@id":"https:\/\/kalot.com.mx\/site\/2014\/02\/09\/los-compradores-que-hay-en-mexico-te-identificas\/"},"author":{"name":"Saul Alonso","@id":"https:\/\/kalot.com.mx\/site\/#\/schema\/person\/0af7e4a35e97d3b642a1427204342da1"},"headline":"Los compradores que hay en M\u00e9xico. \u00bfTe identificas?","datePublished":"2014-02-10T03:10:37+00:00","mainEntityOfPage":{"@id":"https:\/\/kalot.com.mx\/site\/2014\/02\/09\/los-compradores-que-hay-en-mexico-te-identificas\/"},"wordCount":492,"commentCount":0,"publisher":{"@id":"https:\/\/kalot.com.mx\/site\/#organization"},"image":{"@id":"https:\/\/kalot.com.mx\/site\/2014\/02\/09\/los-compradores-que-hay-en-mexico-te-identificas\/#primaryimage"},"thumbnailUrl":"https:\/\/i0.wp.com\/kalot.com.mx\/site\/wp-content\/uploads\/2014\/02\/Comprador.jpg?fit=1024%2C768&ssl=1","inLanguage":"es","potentialAction":[{"@type":"CommentAction","name":"Comment","target":["https:\/\/kalot.com.mx\/site\/2014\/02\/09\/los-compradores-que-hay-en-mexico-te-identificas\/#respond"]}]},{"@type":"WebPage","@id":"https:\/\/kalot.com.mx\/site\/2014\/02\/09\/los-compradores-que-hay-en-mexico-te-identificas\/","url":"https:\/\/kalot.com.mx\/site\/2014\/02\/09\/los-compradores-que-hay-en-mexico-te-identificas\/","name":"Los compradores que hay en M\u00e9xico. \u00bfTe identificas? - Kalot","isPartOf":{"@id":"https:\/\/kalot.com.mx\/site\/#website"},"primaryImageOfPage":{"@id":"https:\/\/kalot.com.mx\/site\/2014\/02\/09\/los-compradores-que-hay-en-mexico-te-identificas\/#primaryimage"},"image":{"@id":"https:\/\/kalot.com.mx\/site\/2014\/02\/09\/los-compradores-que-hay-en-mexico-te-identificas\/#primaryimage"},"thumbnailUrl":"https:\/\/i0.wp.com\/kalot.com.mx\/site\/wp-content\/uploads\/2014\/02\/Comprador.jpg?fit=1024%2C768&ssl=1","datePublished":"2014-02-10T03:10:37+00:00","description":"Que tal estimados lectores. Espero que hayan disfrutado de esta semana con la mejor de las actitudes posibles. Y como se acerca uno de los d\u00edas m\u00e1s","breadcrumb":{"@id":"https:\/\/kalot.com.mx\/site\/2014\/02\/09\/los-compradores-que-hay-en-mexico-te-identificas\/#breadcrumb"},"inLanguage":"es","potentialAction":[{"@type":"ReadAction","target":["https:\/\/kalot.com.mx\/site\/2014\/02\/09\/los-compradores-que-hay-en-mexico-te-identificas\/"]}]},{"@type":"ImageObject","inLanguage":"es","@id":"https:\/\/kalot.com.mx\/site\/2014\/02\/09\/los-compradores-que-hay-en-mexico-te-identificas\/#primaryimage","url":"https:\/\/i0.wp.com\/kalot.com.mx\/site\/wp-content\/uploads\/2014\/02\/Comprador.jpg?fit=1024%2C768&ssl=1","contentUrl":"https:\/\/i0.wp.com\/kalot.com.mx\/site\/wp-content\/uploads\/2014\/02\/Comprador.jpg?fit=1024%2C768&ssl=1","width":1024,"height":768},{"@type":"BreadcrumbList","@id":"https:\/\/kalot.com.mx\/site\/2014\/02\/09\/los-compradores-que-hay-en-mexico-te-identificas\/#breadcrumb","itemListElement":[{"@type":"ListItem","position":1,"name":"Home","item":"https:\/\/kalot.com.mx\/site\/"},{"@type":"ListItem","position":2,"name":"Los compradores que hay en M\u00e9xico. \u00bfTe identificas?"}]},{"@type":"WebSite","@id":"https:\/\/kalot.com.mx\/site\/#website","url":"https:\/\/kalot.com.mx\/site\/","name":"Kalot","description":"Conoce Todo Sobre Todo","publisher":{"@id":"https:\/\/kalot.com.mx\/site\/#organization"},"potentialAction":[{"@type":"SearchAction","target":{"@type":"EntryPoint","urlTemplate":"https:\/\/kalot.com.mx\/site\/?s={search_term_string}"},"query-input":{"@type":"PropertyValueSpecification","valueRequired":true,"valueName":"search_term_string"}}],"inLanguage":"es"},{"@type":"Organization","@id":"https:\/\/kalot.com.mx\/site\/#organization","name":"Kalot","url":"https:\/\/kalot.com.mx\/site\/","logo":{"@type":"ImageObject","inLanguage":"es","@id":"https:\/\/kalot.com.mx\/site\/#\/schema\/logo\/image\/","url":"https:\/\/i0.wp.com\/kalot.com.mx\/site\/wp-content\/uploads\/2020\/04\/Kalot-logo-sin-tagline.png?fit=1707%2C1014&ssl=1","contentUrl":"https:\/\/i0.wp.com\/kalot.com.mx\/site\/wp-content\/uploads\/2020\/04\/Kalot-logo-sin-tagline.png?fit=1707%2C1014&ssl=1","width":1707,"height":1014,"caption":"Kalot"},"image":{"@id":"https:\/\/kalot.com.mx\/site\/#\/schema\/logo\/image\/"},"sameAs":["http:\/\/facebook.com\/mxkalot","https:\/\/x.com\/kalotmx","http:\/\/instagram.com\/kalotmx","http:\/\/pinterest.com\/jorgeerana\/kalot"]},{"@type":"Person","@id":"https:\/\/kalot.com.mx\/site\/#\/schema\/person\/0af7e4a35e97d3b642a1427204342da1","name":"Saul Alonso","image":{"@type":"ImageObject","inLanguage":"es","@id":"https:\/\/secure.gravatar.com\/avatar\/567d81852bbebfd1de3d0230b17b0030cb90aacd14e0f6c3e0d25e45c92e3109?s=96&d=mm&r=g","url":"https:\/\/secure.gravatar.com\/avatar\/567d81852bbebfd1de3d0230b17b0030cb90aacd14e0f6c3e0d25e45c92e3109?s=96&d=mm&r=g","contentUrl":"https:\/\/secure.gravatar.com\/avatar\/567d81852bbebfd1de3d0230b17b0030cb90aacd14e0f6c3e0d25e45c92e3109?s=96&d=mm&r=g","caption":"Saul Alonso"},"description":"Licenciado en Administraci\u00f3n por parte de la Universidad Polit\u00e9cnica de San Luis Potos\u00ed. Trabaja en la Direcci\u00f3n de Control en Grupo Bimbo. Galardonado por la Fundaci\u00f3n Trayectoria de \u00c9xito en el certamen \"Medalla Estudiantes Ejemplares\" en su edici\u00f3n 2013. Amante de la lectura y escritura. En proceso de redacci\u00f3n del libro \"Crossed Destinies\".","url":"https:\/\/kalot.com.mx\/site\/author\/saul\/"}]}},"jetpack_publicize_connections":[],"jetpack_featured_media_url":"https:\/\/i0.wp.com\/kalot.com.mx\/site\/wp-content\/uploads\/2014\/02\/Comprador.jpg?fit=1024%2C768&ssl=1","jetpack_shortlink":"https:\/\/wp.me\/p6IHEI-2Xp","jetpack-related-posts":[{"id":11809,"url":"https:\/\/kalot.com.mx\/site\/2014\/02\/16\/datacoup-compra-datos-personales\/","url_meta":{"origin":11371,"position":0},"title":"Datacoup compra tus datos personales","author":"Samuel Arriaga","date":"16 febrero, 2014","format":false,"excerpt":"Todos sabemos que de una u otra manera muchas compa\u00f1\u00edas mercadean continuamente con los datos personales que vamos dejando por Internet lo tenemos todos claro ya. Y es que la informaci\u00f3n personal no s\u00f3lo es poder sino tambi\u00e9n dinero potencial. Sin embargo y parad\u00f3jicamente aunque los datos son nuestros, nosotros,\u2026","rel":"","context":"Entrada similar ","block_context":{"text":"Entrada similar ","link":""},"img":{"alt_text":"","src":"https:\/\/i0.wp.com\/kalot.com.mx\/site\/wp-content\/uploads\/2014\/02\/datacoup.jpg?fit=907%2C470&ssl=1&resize=350%2C200","width":350,"height":200,"srcset":"https:\/\/i0.wp.com\/kalot.com.mx\/site\/wp-content\/uploads\/2014\/02\/datacoup.jpg?fit=907%2C470&ssl=1&resize=350%2C200 1x, https:\/\/i0.wp.com\/kalot.com.mx\/site\/wp-content\/uploads\/2014\/02\/datacoup.jpg?fit=907%2C470&ssl=1&resize=525%2C300 1.5x, https:\/\/i0.wp.com\/kalot.com.mx\/site\/wp-content\/uploads\/2014\/02\/datacoup.jpg?fit=907%2C470&ssl=1&resize=700%2C400 2x"},"classes":[]},{"id":6086,"url":"https:\/\/kalot.com.mx\/site\/2013\/11\/10\/notas-7o-congreso-int-de-ordenamiento-territorial-y-ecologico\/","url_meta":{"origin":11371,"position":1},"title":"Notas: 7o Congreso Int. de Ordenamiento Territorial y Ecol\u00f3gico","author":"#YoSoyElOtro","date":"10 noviembre, 2013","format":false,"excerpt":"El 7o Congreso Int. de Ordenamiento Territorial y Ecol\u00f3gico\u00a0se llevo acabo en el Hotell Villa Bejar en Cuernavaca, Morelos. Aqu\u00ed les comparto algunas fotos. Los temas del congreso fueron los siguientes: Gobernanza, medio ambiente y desarrollo. Aunque hubiera sido muy desgastante entrar a todas las conferencias hice lo posible por\u2026","rel":"","context":"Entrada similar ","block_context":{"text":"Entrada similar ","link":""},"img":{"alt_text":"","src":"https:\/\/i0.wp.com\/kalot.com.mx\/site\/wp-content\/uploads\/2013\/11\/banner_ordenamiento.png?fit=940%2C303&ssl=1&resize=350%2C200","width":350,"height":200,"srcset":"https:\/\/i0.wp.com\/kalot.com.mx\/site\/wp-content\/uploads\/2013\/11\/banner_ordenamiento.png?fit=940%2C303&ssl=1&resize=350%2C200 1x, https:\/\/i0.wp.com\/kalot.com.mx\/site\/wp-content\/uploads\/2013\/11\/banner_ordenamiento.png?fit=940%2C303&ssl=1&resize=525%2C300 1.5x, https:\/\/i0.wp.com\/kalot.com.mx\/site\/wp-content\/uploads\/2013\/11\/banner_ordenamiento.png?fit=940%2C303&ssl=1&resize=700%2C400 2x"},"classes":[]},{"id":6505,"url":"https:\/\/kalot.com.mx\/site\/2013\/11\/14\/el-buen-fin-haz-buenas-compras\/","url_meta":{"origin":11371,"position":2},"title":"El Buen Fin, \u00a1Haz buenas compras!","author":"Adriana Baranda","date":"14 noviembre, 2013","format":false,"excerpt":"Seguramente muchos de ustedes, como a m\u00ed, se les queman las habas porque ya sea viernes 15 de Noviembre, fecha en que en M\u00e9xico, comienza el llamado \"Buen Fin\". Este fin de semana, puente, quincena. Esto del Buen Fin ya tiene un par de a\u00f1os en nuestro pa\u00eds, siempre en\u2026","rel":"","context":"Entrada similar ","block_context":{"text":"Entrada similar ","link":""},"img":{"alt_text":"","src":"https:\/\/i0.wp.com\/kalot.com.mx\/site\/wp-content\/uploads\/2013\/11\/el_buen_fin.jpg?fit=680%2C678&ssl=1&resize=350%2C200","width":350,"height":200,"srcset":"https:\/\/i0.wp.com\/kalot.com.mx\/site\/wp-content\/uploads\/2013\/11\/el_buen_fin.jpg?fit=680%2C678&ssl=1&resize=350%2C200 1x, https:\/\/i0.wp.com\/kalot.com.mx\/site\/wp-content\/uploads\/2013\/11\/el_buen_fin.jpg?fit=680%2C678&ssl=1&resize=525%2C300 1.5x"},"classes":[]},{"id":14516,"url":"https:\/\/kalot.com.mx\/site\/2014\/04\/11\/como-carajos-presento\/","url_meta":{"origin":11371,"position":3},"title":"\u00bfC\u00f3mo carajos me presento?","author":"Alex Mart\u00ednez","date":"11 abril, 2014","format":false,"excerpt":"Las presentaciones y el hablar de uno mismo siempre es un paso dif\u00edcil para m\u00ed. Cuando nos preguntan quienes somos, solemos definirnos por un nombre, como \"soy \u00c1lex\" y creemos que eso dice mucho sobre nosotros como si ese nombre tuviera impl\u00edcito todo el contenido que guarda nuestro cerebro sobre\u2026","rel":"","context":"Entrada similar ","block_context":{"text":"Entrada similar ","link":""},"img":{"alt_text":"","src":"https:\/\/i0.wp.com\/kalot.com.mx\/site\/wp-content\/uploads\/2014\/04\/heres-the-trailer-for-the-new-cosmos-series-that-debuts-tomorrow.jpg?fit=1188%2C594&ssl=1&resize=350%2C200","width":350,"height":200,"srcset":"https:\/\/i0.wp.com\/kalot.com.mx\/site\/wp-content\/uploads\/2014\/04\/heres-the-trailer-for-the-new-cosmos-series-that-debuts-tomorrow.jpg?fit=1188%2C594&ssl=1&resize=350%2C200 1x, https:\/\/i0.wp.com\/kalot.com.mx\/site\/wp-content\/uploads\/2014\/04\/heres-the-trailer-for-the-new-cosmos-series-that-debuts-tomorrow.jpg?fit=1188%2C594&ssl=1&resize=525%2C300 1.5x, https:\/\/i0.wp.com\/kalot.com.mx\/site\/wp-content\/uploads\/2014\/04\/heres-the-trailer-for-the-new-cosmos-series-that-debuts-tomorrow.jpg?fit=1188%2C594&ssl=1&resize=700%2C400 2x, https:\/\/i0.wp.com\/kalot.com.mx\/site\/wp-content\/uploads\/2014\/04\/heres-the-trailer-for-the-new-cosmos-series-that-debuts-tomorrow.jpg?fit=1188%2C594&ssl=1&resize=1050%2C600 3x"},"classes":[]},{"id":5220,"url":"https:\/\/kalot.com.mx\/site\/2013\/10\/30\/como-nacieron-los-marketerosnocturnos-por-nancitaflaquita\/","url_meta":{"origin":11371,"position":4},"title":"\u00bfC\u00f3mo nacieron los #MarketerosNocturnos? por @nancitaflaquita","author":"Nancy Huerta","date":"30 octubre, 2013","format":false,"excerpt":"\u00a1Hola comunidad Kalochera! Bueno, creo que algunos de ustedes ya se han dado cuenta que ando en la organizaci\u00f3n del 2do Congreso de los Marketeros Nocturnos, pero tambi\u00e9n muchos de ustedes seguro se preguntan, \u00bfQui\u00e9nes son estos famosos Marketeros? \u00bfA qu\u00e9 se dedican? \u00bfPor qu\u00e9 hacen un congreso? \u00a1Tranquilos kalochos!\u2026","rel":"","context":"Entrada similar ","block_context":{"text":"Entrada similar ","link":""},"img":{"alt_text":"","src":"https:\/\/i0.wp.com\/kalot.com.mx\/site\/wp-content\/uploads\/2013\/10\/1070001_528982890484079_1492626261_n.jpg?fit=805%2C311&ssl=1&resize=350%2C200","width":350,"height":200,"srcset":"https:\/\/i0.wp.com\/kalot.com.mx\/site\/wp-content\/uploads\/2013\/10\/1070001_528982890484079_1492626261_n.jpg?fit=805%2C311&ssl=1&resize=350%2C200 1x, https:\/\/i0.wp.com\/kalot.com.mx\/site\/wp-content\/uploads\/2013\/10\/1070001_528982890484079_1492626261_n.jpg?fit=805%2C311&ssl=1&resize=525%2C300 1.5x, https:\/\/i0.wp.com\/kalot.com.mx\/site\/wp-content\/uploads\/2013\/10\/1070001_528982890484079_1492626261_n.jpg?fit=805%2C311&ssl=1&resize=700%2C400 2x"},"classes":[]},{"id":10556,"url":"https:\/\/kalot.com.mx\/site\/2014\/01\/28\/entre-hermanos\/","url_meta":{"origin":11371,"position":5},"title":"Entre hermanos","author":"Fernanda S\u00e1nchez","date":"28 enero, 2014","format":false,"excerpt":"Dicen que en la vida, m\u00e1s all\u00e1 de los amigos y la familia, nos tenemos solamente a nosotros mismos; somos nuestros propios pilares, nuestros propios refugios. Ante cualquier circunstancia, ya sea ben\u00e9fica o adversa, somos los \u00fanicos con los que podemos contar. Y curiosamente, mis padres siempre me han dicho\u2026","rel":"","context":"En &quot;Sin categor\u00eda&quot;","block_context":{"text":"Sin categor\u00eda","link":"https:\/\/kalot.com.mx\/site\/category\/sin-categoria\/"},"img":{"alt_text":"","src":"https:\/\/i0.wp.com\/kalot.com.mx\/site\/wp-content\/uploads\/2014\/01\/kalot-hermanos.jpg?fit=650%2C430&ssl=1&resize=350%2C200","width":350,"height":200,"srcset":"https:\/\/i0.wp.com\/kalot.com.mx\/site\/wp-content\/uploads\/2014\/01\/kalot-hermanos.jpg?fit=650%2C430&ssl=1&resize=350%2C200 1x, https:\/\/i0.wp.com\/kalot.com.mx\/site\/wp-content\/uploads\/2014\/01\/kalot-hermanos.jpg?fit=650%2C430&ssl=1&resize=525%2C300 1.5x"},"classes":[]}],"jetpack_sharing_enabled":true,"_links":{"self":[{"href":"https:\/\/kalot.com.mx\/site\/wp-json\/wp\/v2\/posts\/11371","targetHints":{"allow":["GET"]}}],"collection":[{"href":"https:\/\/kalot.com.mx\/site\/wp-json\/wp\/v2\/posts"}],"about":[{"href":"https:\/\/kalot.com.mx\/site\/wp-json\/wp\/v2\/types\/post"}],"author":[{"embeddable":true,"href":"https:\/\/kalot.com.mx\/site\/wp-json\/wp\/v2\/users\/25"}],"replies":[{"embeddable":true,"href":"https:\/\/kalot.com.mx\/site\/wp-json\/wp\/v2\/comments?post=11371"}],"version-history":[{"count":0,"href":"https:\/\/kalot.com.mx\/site\/wp-json\/wp\/v2\/posts\/11371\/revisions"}],"wp:featuredmedia":[{"embeddable":true,"href":"https:\/\/kalot.com.mx\/site\/wp-json\/wp\/v2\/media\/11377"}],"wp:attachment":[{"href":"https:\/\/kalot.com.mx\/site\/wp-json\/wp\/v2\/media?parent=11371"}],"wp:term":[{"taxonomy":"category","embeddable":true,"href":"https:\/\/kalot.com.mx\/site\/wp-json\/wp\/v2\/categories?post=11371"},{"taxonomy":"post_tag","embeddable":true,"href":"https:\/\/kalot.com.mx\/site\/wp-json\/wp\/v2\/tags?post=11371"}],"curies":[{"name":"wp","href":"https:\/\/api.w.org\/{rel}","templated":true}]}}