{"id":11065,"date":"2014-02-03T23:46:14","date_gmt":"2014-02-04T05:46:14","guid":{"rendered":"http:\/\/www.kalot.com.mx\/?p=11065"},"modified":"2014-02-03T23:46:14","modified_gmt":"2014-02-04T05:46:14","slug":"anuncio-apple-mac","status":"publish","type":"post","link":"https:\/\/kalot.com.mx\/site\/2014\/02\/03\/anuncio-apple-mac\/","title":{"rendered":"\u00daltimo anuncio de Apple celebrando el cumplea\u00f1os de Mac"},"content":{"rendered":"<p style=\"text-align: justify;\">Personalmente me considero un gran admirador de la marca <strong>Apple<\/strong>, y no me refiero solamente al gran trabajo que hacen en cuanto a capacidades e innovaciones t\u00e9cnicas (hardware y\/o software) \u00a0sino al \u00a0enorme trabajo que se hace en el gran departamento de <strong>Marketing<\/strong> que tienen los de <strong>Cupertino<\/strong>.<\/p>\n<p style=\"text-align: justify;\">Bien lidereados por el gran <strong>Phil Schiller<\/strong> que es el CMO, os\u00e9ase el <strong>Chief Marketing Officer<\/strong> a nivel mundial de Apple y sus derivados. Han creado un concepto \u00fanico y muy rentable de la marca originaria de California y lo remarcan con este anuncio que les presento hoy; es acerca del <strong>30 aniversario de Macintosh (Mac)<\/strong> en el cu\u00e1l lanzan esta campa\u00f1a con un spot muy interesante que adem\u00e1s del concepto de ser grabado con <strong>iPhones 5S<\/strong> y editado con <strong>Macs<\/strong>, destaca el hecho de que no fue presentado en el Super Bowl como la mayor\u00eda de los grandes lo hicieron. Apple \u201cprefiri\u00f3\u201d esperarse y no gastar los millones que pide la NFL y solo lo public\u00f3 en su canal de <a href=\"http:\/\/www.youtube.com\/user\/Apple?feature=watch\" target=\"_blank\">Youtube<\/a>\u00a0y su p\u00e1gina web con el t\u00edtulo de<strong> 1.24.14<\/strong><\/p>\n<p style=\"text-align: justify;\">Sin m\u00e1s relleno aqu\u00ed les dejo el gran trabajo que hicieron para celebrar un gran aniversario<\/p>\n<p style=\"text-align: justify;\">[embedvideo id=\u201dzJahlKPCL9g\u201d website=\u201dyoutube\u201d]\n<p style=\"text-align: justify;\"><strong>\u00bfLes gust\u00f3? \u00bfQu\u00e9 les ha gustado m\u00e1s de Apple en estos 30 a\u00f1os?<\/strong><\/p>\n<p style=\"text-align: justify;\">Fuente |<a href=\"http:\/\/www.actualidadiphone.com\/2014\/02\/04\/el-ultimo-anuncio-de-apple-ha-sido-grabado-con-iphones-y-editado-con-macs-video\/\" target=\"_blank\">Actualidad iPhone<\/a>|<\/p>\n","protected":false},"excerpt":{"rendered":"Personalmente me considero un gran admirador de la marca Apple, y no me refiero solamente al gran trabajo&hellip;\n","protected":false},"author":1,"featured_media":11079,"comment_status":"open","ping_status":"open","sticky":false,"template":"","format":"standard","meta":{"jetpack_post_was_ever_published":false,"_jetpack_newsletter_access":"","_jetpack_dont_email_post_to_subs":false,"_jetpack_newsletter_tier_id":0,"_jetpack_memberships_contains_paywalled_content":false,"_jetpack_memberships_contains_paid_content":false,"footnotes":"","jetpack_publicize_message":"","jetpack_publicize_feature_enabled":true,"jetpack_social_post_already_shared":true,"jetpack_social_options":{"image_generator_settings":{"template":"highway","default_image_id":0,"font":"","enabled":false},"version":2}},"categories":[],"tags":[],"class_list":{"0":"post-11065","1":"post","2":"type-post","3":"status-publish","4":"format-standard","5":"has-post-thumbnail","7":"cs-entry","8":"cs-video-wrap"},"yoast_head":"<!-- This site is optimized with the Yoast SEO plugin v27.5 - https:\/\/yoast.com\/product\/yoast-seo-wordpress\/ -->\n<title>\u00daltimo anuncio de Apple celebrando el cumplea\u00f1os de Mac - Kalot<\/title>\n<meta name=\"description\" content=\"Personalmente me considero un gran admirador de la marca Apple, y no me refiero solamente al gran trabajo que hacen en cuanto a capacidades e innovaciones\" \/>\n<meta name=\"robots\" content=\"index, follow, max-snippet:-1, max-image-preview:large, max-video-preview:-1\" \/>\n<link rel=\"canonical\" href=\"https:\/\/kalot.com.mx\/site\/2014\/02\/03\/anuncio-apple-mac\/\" \/>\n<meta property=\"og:locale\" content=\"es_MX\" \/>\n<meta property=\"og:type\" content=\"article\" \/>\n<meta property=\"og:title\" content=\"\u00daltimo anuncio de Apple celebrando el cumplea\u00f1os de Mac - Kalot\" \/>\n<meta property=\"og:description\" content=\"Personalmente me considero un gran admirador de la marca Apple, y no me refiero solamente al gran trabajo que hacen en cuanto a capacidades e innovaciones\" \/>\n<meta property=\"og:url\" content=\"https:\/\/kalot.com.mx\/site\/2014\/02\/03\/anuncio-apple-mac\/\" \/>\n<meta property=\"og:site_name\" content=\"Kalot\" \/>\n<meta property=\"article:publisher\" content=\"http:\/\/facebook.com\/mxkalot\" \/>\n<meta property=\"article:author\" content=\"http:\/\/www.facebook.com\/jorgeerana\" \/>\n<meta property=\"article:published_time\" content=\"2014-02-04T05:46:14+00:00\" \/>\n<meta property=\"og:image\" content=\"https:\/\/i0.wp.com\/kalot.com.mx\/site\/wp-content\/uploads\/2014\/02\/feliz-cumple-mac.png?fit=795%2C475&ssl=1\" \/>\n\t<meta property=\"og:image:width\" content=\"795\" \/>\n\t<meta property=\"og:image:height\" content=\"475\" \/>\n\t<meta property=\"og:image:type\" content=\"image\/png\" \/>\n<meta name=\"author\" content=\"Jorge Era\u00f1a\" \/>\n<meta name=\"twitter:card\" content=\"summary_large_image\" \/>\n<meta name=\"twitter:creator\" content=\"@jorge_erana\" \/>\n<meta name=\"twitter:site\" content=\"@kalotmx\" \/>\n<meta name=\"twitter:label1\" content=\"Escrito por\" \/>\n\t<meta name=\"twitter:data1\" content=\"Jorge Era\u00f1a\" \/>\n\t<meta name=\"twitter:label2\" content=\"Tiempo de lectura\" \/>\n\t<meta name=\"twitter:data2\" content=\"1 minuto\" \/>\n<!-- \/ Yoast SEO plugin. -->","yoast_head_json":{"title":"\u00daltimo anuncio de Apple celebrando el cumplea\u00f1os de Mac - Kalot","description":"Personalmente me considero un gran admirador de la marca Apple, y no me refiero solamente al gran trabajo que hacen en cuanto a capacidades e innovaciones","robots":{"index":"index","follow":"follow","max-snippet":"max-snippet:-1","max-image-preview":"max-image-preview:large","max-video-preview":"max-video-preview:-1"},"canonical":"https:\/\/kalot.com.mx\/site\/2014\/02\/03\/anuncio-apple-mac\/","og_locale":"es_MX","og_type":"article","og_title":"\u00daltimo anuncio de Apple celebrando el cumplea\u00f1os de Mac - Kalot","og_description":"Personalmente me considero un gran admirador de la marca Apple, y no me refiero solamente al gran trabajo que hacen en cuanto a capacidades e innovaciones","og_url":"https:\/\/kalot.com.mx\/site\/2014\/02\/03\/anuncio-apple-mac\/","og_site_name":"Kalot","article_publisher":"http:\/\/facebook.com\/mxkalot","article_author":"http:\/\/www.facebook.com\/jorgeerana","article_published_time":"2014-02-04T05:46:14+00:00","og_image":[{"width":795,"height":475,"url":"https:\/\/i0.wp.com\/kalot.com.mx\/site\/wp-content\/uploads\/2014\/02\/feliz-cumple-mac.png?fit=795%2C475&ssl=1","type":"image\/png"}],"author":"Jorge Era\u00f1a","twitter_card":"summary_large_image","twitter_creator":"@jorge_erana","twitter_site":"@kalotmx","twitter_misc":{"Escrito por":"Jorge Era\u00f1a","Tiempo de lectura":"1 minuto"},"schema":{"@context":"https:\/\/schema.org","@graph":[{"@type":"Article","@id":"https:\/\/kalot.com.mx\/site\/2014\/02\/03\/anuncio-apple-mac\/#article","isPartOf":{"@id":"https:\/\/kalot.com.mx\/site\/2014\/02\/03\/anuncio-apple-mac\/"},"author":{"name":"Jorge Era\u00f1a","@id":"https:\/\/kalot.com.mx\/site\/#\/schema\/person\/439e32b5ce86d9bc80cf42ab58e1c6e0"},"headline":"\u00daltimo anuncio de Apple celebrando el cumplea\u00f1os de Mac","datePublished":"2014-02-04T05:46:14+00:00","mainEntityOfPage":{"@id":"https:\/\/kalot.com.mx\/site\/2014\/02\/03\/anuncio-apple-mac\/"},"wordCount":236,"commentCount":0,"publisher":{"@id":"https:\/\/kalot.com.mx\/site\/#organization"},"image":{"@id":"https:\/\/kalot.com.mx\/site\/2014\/02\/03\/anuncio-apple-mac\/#primaryimage"},"thumbnailUrl":"https:\/\/i0.wp.com\/kalot.com.mx\/site\/wp-content\/uploads\/2014\/02\/feliz-cumple-mac.png?fit=795%2C475&ssl=1","inLanguage":"es","potentialAction":[{"@type":"CommentAction","name":"Comment","target":["https:\/\/kalot.com.mx\/site\/2014\/02\/03\/anuncio-apple-mac\/#respond"]}]},{"@type":"WebPage","@id":"https:\/\/kalot.com.mx\/site\/2014\/02\/03\/anuncio-apple-mac\/","url":"https:\/\/kalot.com.mx\/site\/2014\/02\/03\/anuncio-apple-mac\/","name":"\u00daltimo anuncio de Apple celebrando el cumplea\u00f1os de Mac - Kalot","isPartOf":{"@id":"https:\/\/kalot.com.mx\/site\/#website"},"primaryImageOfPage":{"@id":"https:\/\/kalot.com.mx\/site\/2014\/02\/03\/anuncio-apple-mac\/#primaryimage"},"image":{"@id":"https:\/\/kalot.com.mx\/site\/2014\/02\/03\/anuncio-apple-mac\/#primaryimage"},"thumbnailUrl":"https:\/\/i0.wp.com\/kalot.com.mx\/site\/wp-content\/uploads\/2014\/02\/feliz-cumple-mac.png?fit=795%2C475&ssl=1","datePublished":"2014-02-04T05:46:14+00:00","description":"Personalmente me considero un gran admirador de la marca Apple, y no me refiero solamente al gran trabajo que hacen en cuanto a capacidades e innovaciones","breadcrumb":{"@id":"https:\/\/kalot.com.mx\/site\/2014\/02\/03\/anuncio-apple-mac\/#breadcrumb"},"inLanguage":"es","potentialAction":[{"@type":"ReadAction","target":["https:\/\/kalot.com.mx\/site\/2014\/02\/03\/anuncio-apple-mac\/"]}]},{"@type":"ImageObject","inLanguage":"es","@id":"https:\/\/kalot.com.mx\/site\/2014\/02\/03\/anuncio-apple-mac\/#primaryimage","url":"https:\/\/i0.wp.com\/kalot.com.mx\/site\/wp-content\/uploads\/2014\/02\/feliz-cumple-mac.png?fit=795%2C475&ssl=1","contentUrl":"https:\/\/i0.wp.com\/kalot.com.mx\/site\/wp-content\/uploads\/2014\/02\/feliz-cumple-mac.png?fit=795%2C475&ssl=1","width":795,"height":475},{"@type":"BreadcrumbList","@id":"https:\/\/kalot.com.mx\/site\/2014\/02\/03\/anuncio-apple-mac\/#breadcrumb","itemListElement":[{"@type":"ListItem","position":1,"name":"Home","item":"https:\/\/kalot.com.mx\/site\/"},{"@type":"ListItem","position":2,"name":"\u00daltimo anuncio de Apple celebrando el cumplea\u00f1os de Mac"}]},{"@type":"WebSite","@id":"https:\/\/kalot.com.mx\/site\/#website","url":"https:\/\/kalot.com.mx\/site\/","name":"Kalot","description":"Conoce Todo Sobre Todo","publisher":{"@id":"https:\/\/kalot.com.mx\/site\/#organization"},"potentialAction":[{"@type":"SearchAction","target":{"@type":"EntryPoint","urlTemplate":"https:\/\/kalot.com.mx\/site\/?s={search_term_string}"},"query-input":{"@type":"PropertyValueSpecification","valueRequired":true,"valueName":"search_term_string"}}],"inLanguage":"es"},{"@type":"Organization","@id":"https:\/\/kalot.com.mx\/site\/#organization","name":"Kalot","url":"https:\/\/kalot.com.mx\/site\/","logo":{"@type":"ImageObject","inLanguage":"es","@id":"https:\/\/kalot.com.mx\/site\/#\/schema\/logo\/image\/","url":"https:\/\/i0.wp.com\/kalot.com.mx\/site\/wp-content\/uploads\/2020\/04\/Kalot-logo-sin-tagline.png?fit=1707%2C1014&ssl=1","contentUrl":"https:\/\/i0.wp.com\/kalot.com.mx\/site\/wp-content\/uploads\/2020\/04\/Kalot-logo-sin-tagline.png?fit=1707%2C1014&ssl=1","width":1707,"height":1014,"caption":"Kalot"},"image":{"@id":"https:\/\/kalot.com.mx\/site\/#\/schema\/logo\/image\/"},"sameAs":["http:\/\/facebook.com\/mxkalot","https:\/\/x.com\/kalotmx","http:\/\/instagram.com\/kalotmx","http:\/\/pinterest.com\/jorgeerana\/kalot"]},{"@type":"Person","@id":"https:\/\/kalot.com.mx\/site\/#\/schema\/person\/439e32b5ce86d9bc80cf42ab58e1c6e0","name":"Jorge Era\u00f1a","image":{"@type":"ImageObject","inLanguage":"es","@id":"https:\/\/secure.gravatar.com\/avatar\/212c04a1057d7abed0b82aaef6a7ff59168e10f70fcde39376c565ea83c43a85?s=96&d=mm&r=g","url":"https:\/\/secure.gravatar.com\/avatar\/212c04a1057d7abed0b82aaef6a7ff59168e10f70fcde39376c565ea83c43a85?s=96&d=mm&r=g","contentUrl":"https:\/\/secure.gravatar.com\/avatar\/212c04a1057d7abed0b82aaef6a7ff59168e10f70fcde39376c565ea83c43a85?s=96&d=mm&r=g","caption":"Jorge Era\u00f1a"},"description":"Fundador de @KalotMx Mercad\u00f3logo, amante de la tecnolog\u00eda, #Geekazo, #socialmedia, #MarketingDigital, tv-shows, movies y de la vida. Admin","sameAs":["http:\/\/www.kalot.com.mx","http:\/\/www.facebook.com\/jorgeerana","https:\/\/x.com\/jorge_erana"],"url":"https:\/\/kalot.com.mx\/site\/author\/admin\/"}]}},"jetpack_publicize_connections":[],"jetpack_featured_media_url":"https:\/\/i0.wp.com\/kalot.com.mx\/site\/wp-content\/uploads\/2014\/02\/feliz-cumple-mac.png?fit=795%2C475&ssl=1","jetpack_shortlink":"https:\/\/wp.me\/p6IHEI-2St","jetpack-related-posts":[{"id":11336,"url":"https:\/\/kalot.com.mx\/site\/2014\/02\/09\/lovemark-su-mejor-lugar-el-corazon-la-mente\/","url_meta":{"origin":11065,"position":0},"title":"Lovemark: su mejor lugar el coraz\u00f3n,  no la mente","author":"Nora Salas","date":"9 febrero, 2014","format":false,"excerpt":"Hablemos sobre esta gran estrategia que es el futuro de muchas de las marcas de hoy en d\u00eda y empecemos cuestion\u00e1ndonos \u00bfQu\u00e9 es una lovemark? \u00bfSabes cu\u00e1l es la tuya? \u00bfCu\u00e1les son las mejores lovemarks? Una lovemark es cuando una marca es capaz de atrapar tu coraz\u00f3n, suele hacer vibrar\u2026","rel":"","context":"Entrada similar ","block_context":{"text":"Entrada similar ","link":""},"img":{"alt_text":"","src":"https:\/\/i0.wp.com\/kalot.com.mx\/site\/wp-content\/uploads\/2014\/02\/lovemark.gif?fit=348%2C360&ssl=1&resize=350%2C200","width":350,"height":200},"classes":[]},{"id":13714,"url":"https:\/\/kalot.com.mx\/site\/2014\/03\/24\/cambios-de-sponsor-tecnico-de-la-liga-bancomer-mx-ligabancomermx-ligabancomermx\/","url_meta":{"origin":11065,"position":1},"title":"Marketing y Sponsors de la Liga Bancomer MX #LIGABancomerMX","author":"HM_MKT007","date":"24 marzo, 2014","format":false,"excerpt":"El f\u00fatbol mexicano dista de ser uno de los mejores del mundo, por calidad, jugadores, equipos, administraciones, selecci\u00f3n nacional, entre muchas otras cosas. Adem\u00e1s de que se aprovecha realmente poco la imagen de los equipos, de los jugadores, los esfuerzo en Marketing y Publicidad generalmente no son bien desarrollados ni\u2026","rel":"","context":"Entrada similar ","block_context":{"text":"Entrada similar ","link":""},"img":{"alt_text":"","src":"https:\/\/i0.wp.com\/kalot.com.mx\/site\/wp-content\/uploads\/2014\/03\/ligraficamx_15072013_2.jpg?fit=1024%2C719&ssl=1&resize=350%2C200","width":350,"height":200,"srcset":"https:\/\/i0.wp.com\/kalot.com.mx\/site\/wp-content\/uploads\/2014\/03\/ligraficamx_15072013_2.jpg?fit=1024%2C719&ssl=1&resize=350%2C200 1x, https:\/\/i0.wp.com\/kalot.com.mx\/site\/wp-content\/uploads\/2014\/03\/ligraficamx_15072013_2.jpg?fit=1024%2C719&ssl=1&resize=525%2C300 1.5x, https:\/\/i0.wp.com\/kalot.com.mx\/site\/wp-content\/uploads\/2014\/03\/ligraficamx_15072013_2.jpg?fit=1024%2C719&ssl=1&resize=700%2C400 2x"},"classes":[]},{"id":1745,"url":"https:\/\/kalot.com.mx\/site\/2013\/09\/16\/aprendices-fuera-de-linea-nueva-tendencia-en-marketing\/","url_meta":{"origin":11065,"position":2},"title":"Aprendices fuera de l\u00ednea. \u00bfNueva tendencia en #Marketing?","author":"Jorge Era\u00f1a","date":"16 septiembre, 2013","format":false,"excerpt":"http:\/\/youtu.be\/cdnoqCViqUo Primero que nada no se tratar\u00e1 ningun SPOILER en \u00e9sta rese\u00f1a, es meramente informativa y con opini\u00f3n\u00a0 Como ya lo pudieron ver, el trailer presentado en la parte posterior del art\u00edculo habla de una pel\u00edcula que personalmente ten\u00eda ya un buen rato esperando. El d\u00eda de ayer por fin\u2026","rel":"","context":"Entrada similar ","block_context":{"text":"Entrada similar ","link":""},"img":{"alt_text":"","src":"https:\/\/i0.wp.com\/kalot.com.mx\/site\/wp-content\/uploads\/2013\/09\/large.jpg?fit=614%2C383&ssl=1&resize=350%2C200","width":350,"height":200,"srcset":"https:\/\/i0.wp.com\/kalot.com.mx\/site\/wp-content\/uploads\/2013\/09\/large.jpg?fit=614%2C383&ssl=1&resize=350%2C200 1x, https:\/\/i0.wp.com\/kalot.com.mx\/site\/wp-content\/uploads\/2013\/09\/large.jpg?fit=614%2C383&ssl=1&resize=525%2C300 1.5x"},"classes":[]},{"id":3357,"url":"https:\/\/kalot.com.mx\/site\/2013\/10\/08\/y-si-vendemos-mas-lo-nacional-en-lugar-de-comprar-lo-extranjero\/","url_meta":{"origin":11065,"position":3},"title":"\u00bfY si vendemos m\u00e1s lo nacional, en lugar de comprar lo extranjero?","author":"Edgar Villanueva","date":"8 octubre, 2013","format":false,"excerpt":"En muchas ocasiones me he encontrado con gente que dice que los productos mexicanos no son tan buenos como los que venden en el extranjero; con la llegada de la globalizaci\u00f3n este aspecto se ha aumentado de manera exponencial, ya que se importan una gran cantidad de productos de origen\u2026","rel":"","context":"En &quot;Sin categor\u00eda&quot;","block_context":{"text":"Sin categor\u00eda","link":"https:\/\/kalot.com.mx\/site\/category\/sin-categoria\/"},"img":{"alt_text":"","src":"https:\/\/i0.wp.com\/kalot.com.mx\/site\/wp-content\/uploads\/2013\/10\/Perro_Malo_061.jpg?fit=885%2C575&ssl=1&resize=350%2C200","width":350,"height":200,"srcset":"https:\/\/i0.wp.com\/kalot.com.mx\/site\/wp-content\/uploads\/2013\/10\/Perro_Malo_061.jpg?fit=885%2C575&ssl=1&resize=350%2C200 1x, https:\/\/i0.wp.com\/kalot.com.mx\/site\/wp-content\/uploads\/2013\/10\/Perro_Malo_061.jpg?fit=885%2C575&ssl=1&resize=525%2C300 1.5x, https:\/\/i0.wp.com\/kalot.com.mx\/site\/wp-content\/uploads\/2013\/10\/Perro_Malo_061.jpg?fit=885%2C575&ssl=1&resize=700%2C400 2x"},"classes":[]},{"id":554,"url":"https:\/\/kalot.com.mx\/site\/2013\/09\/04\/554\/","url_meta":{"origin":11065,"position":4},"title":"Chocolates KitKat se une a la guerra contra Apple","author":"Jorge Era\u00f1a","date":"4 septiembre, 2013","format":false,"excerpt":"Despu\u00e9s de haber anunciado la nueva versi\u00f3n del sistema operativo Android 4.4 KITKAT, la compa\u00f1\u00eda propiedad de Nestle KitKat ha lanzado el d\u00eda de hoy un nuevo video o spot promocionando su alianza con los de Mountain View, California. Adem\u00e1s de promover la alianza con el sistema operativo Android, aprovecharon\u2026","rel":"","context":"En &quot;Sin categor\u00eda&quot;","block_context":{"text":"Sin categor\u00eda","link":"https:\/\/kalot.com.mx\/site\/category\/sin-categoria\/"},"img":{"alt_text":"","src":"https:\/\/i0.wp.com\/kalot.com.mx\/site\/wp-content\/uploads\/2013\/09\/kitkat-android.jpg?fit=950%2C534&ssl=1&resize=350%2C200","width":350,"height":200,"srcset":"https:\/\/i0.wp.com\/kalot.com.mx\/site\/wp-content\/uploads\/2013\/09\/kitkat-android.jpg?fit=950%2C534&ssl=1&resize=350%2C200 1x, https:\/\/i0.wp.com\/kalot.com.mx\/site\/wp-content\/uploads\/2013\/09\/kitkat-android.jpg?fit=950%2C534&ssl=1&resize=525%2C300 1.5x, https:\/\/i0.wp.com\/kalot.com.mx\/site\/wp-content\/uploads\/2013\/09\/kitkat-android.jpg?fit=950%2C534&ssl=1&resize=700%2C400 2x"},"classes":[]},{"id":2829,"url":"https:\/\/kalot.com.mx\/site\/2013\/10\/01\/ambush-marketing-underarmour\/","url_meta":{"origin":11065,"position":5},"title":"El poder del Ambush Marketing, caso @UnderArmour","author":"Karenina Gonzalez","date":"1 octubre, 2013","format":false,"excerpt":"\u00a1Hola Kalochas y Kalochos! Ahora platicaremos, sobre el Ambush Marketing y el poder que representa, tomando como ejemplo el caso de la compa\u00f1\u00eda deportiva Under Armour. En los eventos siempre hay un patrocinador oficial, con el ambush marketing, otras marcas buscan \"colarse\" de alguna manera en ese evento. Aprovechar la\u2026","rel":"","context":"Entrada similar ","block_context":{"text":"Entrada similar ","link":""},"img":{"alt_text":"","src":"https:\/\/i0.wp.com\/kalot.com.mx\/site\/wp-content\/uploads\/2013\/10\/under-armour-inc-logo.gif?fit=576%2C401&ssl=1&resize=350%2C200","width":350,"height":200,"srcset":"https:\/\/i0.wp.com\/kalot.com.mx\/site\/wp-content\/uploads\/2013\/10\/under-armour-inc-logo.gif?fit=576%2C401&ssl=1&resize=350%2C200 1x, https:\/\/i0.wp.com\/kalot.com.mx\/site\/wp-content\/uploads\/2013\/10\/under-armour-inc-logo.gif?fit=576%2C401&ssl=1&resize=525%2C300 1.5x"},"classes":[]}],"jetpack_sharing_enabled":true,"_links":{"self":[{"href":"https:\/\/kalot.com.mx\/site\/wp-json\/wp\/v2\/posts\/11065","targetHints":{"allow":["GET"]}}],"collection":[{"href":"https:\/\/kalot.com.mx\/site\/wp-json\/wp\/v2\/posts"}],"about":[{"href":"https:\/\/kalot.com.mx\/site\/wp-json\/wp\/v2\/types\/post"}],"author":[{"embeddable":true,"href":"https:\/\/kalot.com.mx\/site\/wp-json\/wp\/v2\/users\/1"}],"replies":[{"embeddable":true,"href":"https:\/\/kalot.com.mx\/site\/wp-json\/wp\/v2\/comments?post=11065"}],"version-history":[{"count":0,"href":"https:\/\/kalot.com.mx\/site\/wp-json\/wp\/v2\/posts\/11065\/revisions"}],"wp:featuredmedia":[{"embeddable":true,"href":"https:\/\/kalot.com.mx\/site\/wp-json\/wp\/v2\/media\/11079"}],"wp:attachment":[{"href":"https:\/\/kalot.com.mx\/site\/wp-json\/wp\/v2\/media?parent=11065"}],"wp:term":[{"taxonomy":"category","embeddable":true,"href":"https:\/\/kalot.com.mx\/site\/wp-json\/wp\/v2\/categories?post=11065"},{"taxonomy":"post_tag","embeddable":true,"href":"https:\/\/kalot.com.mx\/site\/wp-json\/wp\/v2\/tags?post=11065"}],"curies":[{"name":"wp","href":"https:\/\/api.w.org\/{rel}","templated":true}]}}