{"id":10822,"date":"2014-01-30T19:25:52","date_gmt":"2014-01-31T01:25:52","guid":{"rendered":"http:\/\/www.kalot.com.mx\/?p=10822"},"modified":"2014-01-30T19:32:08","modified_gmt":"2014-01-31T01:32:08","slug":"semi-final-de-copa-del-rey-por-default","status":"publish","type":"post","link":"https:\/\/kalot.com.mx\/site\/2014\/01\/30\/semi-final-de-copa-del-rey-por-default\/","title":{"rendered":"A Semi-Final de Copa del Rey&#8230; \u00a1POR DEFAULT!"},"content":{"rendered":"<p style=\"text-align: justify\">Los jugadores del Racing de Santander se unieron abrazados junto al c\u00edrculo central nada m\u00e1s darse el pitido inicial del partido de vuelta de los cuartos de final de la Copa del Rey contra la Real Sociedad, que finalmente no se juega.<\/p>\n<p style=\"text-align: justify\">La plantilla del Racing, equipo de Segunda B, comunic\u00f3 hace tres d\u00edas su decisi\u00f3n irrevocable de no jugar esta noche si el Consejo de Administraci\u00f3n del club, con su presidente, \u00c1ngel Lav\u00edn, a la cabeza, no dimit\u00eda.<\/p>\n<p style=\"text-align: justify\">As\u00ed, nada m\u00e1s sonar el pitido inicial, los jugadores se reunieron abrazos junto al c\u00edrculo central para dejar clara su intenci\u00f3n de no jugar, como anunciaron. Segundos despu\u00e9s, el \u00e1rbitro se\u00f1al\u00f3 la suspensi\u00f3n del partido.<\/p>\n<p style=\"text-align: justify\">Hace tres d\u00edas los jugadores recordaron que desde hace varios meses no cobran su salario, &#8220;pese a las promesas de pago llevadas a cabo por el presidente&#8221;.<\/p>\n[embedvideo id=&#8221;w8ggpnpXa3Y&#8221; website=&#8221;youtube&#8221;]\n<p>&nbsp;<\/p>\n","protected":false},"excerpt":{"rendered":"Los jugadores del Racing de Santander se unieron abrazados junto al c\u00edrculo central nada m\u00e1s darse el pitido&hellip;\n","protected":false},"author":59,"featured_media":10824,"comment_status":"open","ping_status":"open","sticky":false,"template":"","format":"standard","meta":{"jetpack_post_was_ever_published":false,"_jetpack_newsletter_access":"","_jetpack_dont_email_post_to_subs":false,"_jetpack_newsletter_tier_id":0,"_jetpack_memberships_contains_paywalled_content":false,"_jetpack_memberships_contains_paid_content":false,"footnotes":"","jetpack_publicize_message":"","jetpack_publicize_feature_enabled":true,"jetpack_social_post_already_shared":true,"jetpack_social_options":{"image_generator_settings":{"template":"highway","default_image_id":0,"font":"","enabled":false},"version":2}},"categories":[],"tags":[],"class_list":{"0":"post-10822","1":"post","2":"type-post","3":"status-publish","4":"format-standard","5":"has-post-thumbnail","7":"cs-entry","8":"cs-video-wrap"},"yoast_head":"<!-- This site is optimized with the Yoast SEO plugin v27.4 - https:\/\/yoast.com\/product\/yoast-seo-wordpress\/ -->\n<title>A Semi-Final de Copa del Rey... \u00a1POR DEFAULT! - Kalot<\/title>\n<meta name=\"description\" content=\"Los jugadores del Racing de Santander se unieron abrazados junto al c\u00edrculo central nada m\u00e1s darse el pitido inicial del partido de vuelta de los cuartos\" \/>\n<meta name=\"robots\" content=\"index, follow, max-snippet:-1, max-image-preview:large, max-video-preview:-1\" \/>\n<link rel=\"canonical\" href=\"https:\/\/kalot.com.mx\/site\/2014\/01\/30\/semi-final-de-copa-del-rey-por-default\/\" \/>\n<meta property=\"og:locale\" content=\"es_MX\" \/>\n<meta property=\"og:type\" content=\"article\" \/>\n<meta property=\"og:title\" content=\"A Semi-Final de Copa del Rey... \u00a1POR DEFAULT! - Kalot\" \/>\n<meta property=\"og:description\" content=\"Los jugadores del Racing de Santander se unieron abrazados junto al c\u00edrculo central nada m\u00e1s darse el pitido inicial del partido de vuelta de los cuartos\" \/>\n<meta property=\"og:url\" content=\"https:\/\/kalot.com.mx\/site\/2014\/01\/30\/semi-final-de-copa-del-rey-por-default\/\" \/>\n<meta property=\"og:site_name\" content=\"Kalot\" \/>\n<meta property=\"article:publisher\" content=\"http:\/\/facebook.com\/mxkalot\" \/>\n<meta property=\"article:author\" content=\"https:\/\/www.facebook.com\/cacho.gomez\" \/>\n<meta property=\"article:published_time\" content=\"2014-01-31T01:25:52+00:00\" \/>\n<meta property=\"article:modified_time\" content=\"2014-01-31T01:32:08+00:00\" \/>\n<meta property=\"og:image\" content=\"https:\/\/i0.wp.com\/kalot.com.mx\/site\/wp-content\/uploads\/2014\/01\/Real-Sociedad-vs.-Racing-Santander-Copa-Del-Rey-XI.jpg?fit=620%2C388&ssl=1\" \/>\n\t<meta property=\"og:image:width\" content=\"620\" \/>\n\t<meta property=\"og:image:height\" content=\"388\" \/>\n\t<meta property=\"og:image:type\" content=\"image\/jpeg\" \/>\n<meta name=\"author\" content=\"Daniel Cacho\" \/>\n<meta name=\"twitter:card\" content=\"summary_large_image\" \/>\n<meta name=\"twitter:creator\" content=\"@GregoryCachouse\" \/>\n<meta name=\"twitter:site\" content=\"@kalotmx\" \/>\n<meta name=\"twitter:label1\" content=\"Escrito por\" \/>\n\t<meta name=\"twitter:data1\" content=\"Daniel Cacho\" \/>\n\t<meta name=\"twitter:label2\" content=\"Tiempo de lectura\" \/>\n\t<meta name=\"twitter:data2\" content=\"1 minuto\" \/>\n<!-- \/ Yoast SEO plugin. -->","yoast_head_json":{"title":"A Semi-Final de Copa del Rey... \u00a1POR DEFAULT! - Kalot","description":"Los jugadores del Racing de Santander se unieron abrazados junto al c\u00edrculo central nada m\u00e1s darse el pitido inicial del partido de vuelta de los cuartos","robots":{"index":"index","follow":"follow","max-snippet":"max-snippet:-1","max-image-preview":"max-image-preview:large","max-video-preview":"max-video-preview:-1"},"canonical":"https:\/\/kalot.com.mx\/site\/2014\/01\/30\/semi-final-de-copa-del-rey-por-default\/","og_locale":"es_MX","og_type":"article","og_title":"A Semi-Final de Copa del Rey... \u00a1POR DEFAULT! - Kalot","og_description":"Los jugadores del Racing de Santander se unieron abrazados junto al c\u00edrculo central nada m\u00e1s darse el pitido inicial del partido de vuelta de los cuartos","og_url":"https:\/\/kalot.com.mx\/site\/2014\/01\/30\/semi-final-de-copa-del-rey-por-default\/","og_site_name":"Kalot","article_publisher":"http:\/\/facebook.com\/mxkalot","article_author":"https:\/\/www.facebook.com\/cacho.gomez","article_published_time":"2014-01-31T01:25:52+00:00","article_modified_time":"2014-01-31T01:32:08+00:00","og_image":[{"width":620,"height":388,"url":"https:\/\/i0.wp.com\/kalot.com.mx\/site\/wp-content\/uploads\/2014\/01\/Real-Sociedad-vs.-Racing-Santander-Copa-Del-Rey-XI.jpg?fit=620%2C388&ssl=1","type":"image\/jpeg"}],"author":"Daniel Cacho","twitter_card":"summary_large_image","twitter_creator":"@GregoryCachouse","twitter_site":"@kalotmx","twitter_misc":{"Escrito por":"Daniel Cacho","Tiempo de lectura":"1 minuto"},"schema":{"@context":"https:\/\/schema.org","@graph":[{"@type":"Article","@id":"https:\/\/kalot.com.mx\/site\/2014\/01\/30\/semi-final-de-copa-del-rey-por-default\/#article","isPartOf":{"@id":"https:\/\/kalot.com.mx\/site\/2014\/01\/30\/semi-final-de-copa-del-rey-por-default\/"},"author":{"name":"Daniel Cacho","@id":"https:\/\/kalot.com.mx\/site\/#\/schema\/person\/c26df3c01429d14997e98a226f7d58d8"},"headline":"A Semi-Final de Copa del Rey&#8230; \u00a1POR DEFAULT!","datePublished":"2014-01-31T01:25:52+00:00","dateModified":"2014-01-31T01:32:08+00:00","mainEntityOfPage":{"@id":"https:\/\/kalot.com.mx\/site\/2014\/01\/30\/semi-final-de-copa-del-rey-por-default\/"},"wordCount":171,"commentCount":0,"publisher":{"@id":"https:\/\/kalot.com.mx\/site\/#organization"},"image":{"@id":"https:\/\/kalot.com.mx\/site\/2014\/01\/30\/semi-final-de-copa-del-rey-por-default\/#primaryimage"},"thumbnailUrl":"https:\/\/i0.wp.com\/kalot.com.mx\/site\/wp-content\/uploads\/2014\/01\/Real-Sociedad-vs.-Racing-Santander-Copa-Del-Rey-XI.jpg?fit=620%2C388&ssl=1","inLanguage":"es","potentialAction":[{"@type":"CommentAction","name":"Comment","target":["https:\/\/kalot.com.mx\/site\/2014\/01\/30\/semi-final-de-copa-del-rey-por-default\/#respond"]}]},{"@type":"WebPage","@id":"https:\/\/kalot.com.mx\/site\/2014\/01\/30\/semi-final-de-copa-del-rey-por-default\/","url":"https:\/\/kalot.com.mx\/site\/2014\/01\/30\/semi-final-de-copa-del-rey-por-default\/","name":"A Semi-Final de Copa del Rey... \u00a1POR DEFAULT! - Kalot","isPartOf":{"@id":"https:\/\/kalot.com.mx\/site\/#website"},"primaryImageOfPage":{"@id":"https:\/\/kalot.com.mx\/site\/2014\/01\/30\/semi-final-de-copa-del-rey-por-default\/#primaryimage"},"image":{"@id":"https:\/\/kalot.com.mx\/site\/2014\/01\/30\/semi-final-de-copa-del-rey-por-default\/#primaryimage"},"thumbnailUrl":"https:\/\/i0.wp.com\/kalot.com.mx\/site\/wp-content\/uploads\/2014\/01\/Real-Sociedad-vs.-Racing-Santander-Copa-Del-Rey-XI.jpg?fit=620%2C388&ssl=1","datePublished":"2014-01-31T01:25:52+00:00","dateModified":"2014-01-31T01:32:08+00:00","description":"Los jugadores del Racing de Santander se unieron abrazados junto al c\u00edrculo central nada m\u00e1s darse el pitido inicial del partido de vuelta de los cuartos","breadcrumb":{"@id":"https:\/\/kalot.com.mx\/site\/2014\/01\/30\/semi-final-de-copa-del-rey-por-default\/#breadcrumb"},"inLanguage":"es","potentialAction":[{"@type":"ReadAction","target":["https:\/\/kalot.com.mx\/site\/2014\/01\/30\/semi-final-de-copa-del-rey-por-default\/"]}]},{"@type":"ImageObject","inLanguage":"es","@id":"https:\/\/kalot.com.mx\/site\/2014\/01\/30\/semi-final-de-copa-del-rey-por-default\/#primaryimage","url":"https:\/\/i0.wp.com\/kalot.com.mx\/site\/wp-content\/uploads\/2014\/01\/Real-Sociedad-vs.-Racing-Santander-Copa-Del-Rey-XI.jpg?fit=620%2C388&ssl=1","contentUrl":"https:\/\/i0.wp.com\/kalot.com.mx\/site\/wp-content\/uploads\/2014\/01\/Real-Sociedad-vs.-Racing-Santander-Copa-Del-Rey-XI.jpg?fit=620%2C388&ssl=1","width":620,"height":388},{"@type":"BreadcrumbList","@id":"https:\/\/kalot.com.mx\/site\/2014\/01\/30\/semi-final-de-copa-del-rey-por-default\/#breadcrumb","itemListElement":[{"@type":"ListItem","position":1,"name":"Home","item":"https:\/\/kalot.com.mx\/site\/"},{"@type":"ListItem","position":2,"name":"A Semi-Final de Copa del Rey&#8230; \u00a1POR DEFAULT!"}]},{"@type":"WebSite","@id":"https:\/\/kalot.com.mx\/site\/#website","url":"https:\/\/kalot.com.mx\/site\/","name":"Kalot","description":"Conoce Todo Sobre Todo","publisher":{"@id":"https:\/\/kalot.com.mx\/site\/#organization"},"potentialAction":[{"@type":"SearchAction","target":{"@type":"EntryPoint","urlTemplate":"https:\/\/kalot.com.mx\/site\/?s={search_term_string}"},"query-input":{"@type":"PropertyValueSpecification","valueRequired":true,"valueName":"search_term_string"}}],"inLanguage":"es"},{"@type":"Organization","@id":"https:\/\/kalot.com.mx\/site\/#organization","name":"Kalot","url":"https:\/\/kalot.com.mx\/site\/","logo":{"@type":"ImageObject","inLanguage":"es","@id":"https:\/\/kalot.com.mx\/site\/#\/schema\/logo\/image\/","url":"https:\/\/i0.wp.com\/kalot.com.mx\/site\/wp-content\/uploads\/2020\/04\/Kalot-logo-sin-tagline.png?fit=1707%2C1014&ssl=1","contentUrl":"https:\/\/i0.wp.com\/kalot.com.mx\/site\/wp-content\/uploads\/2020\/04\/Kalot-logo-sin-tagline.png?fit=1707%2C1014&ssl=1","width":1707,"height":1014,"caption":"Kalot"},"image":{"@id":"https:\/\/kalot.com.mx\/site\/#\/schema\/logo\/image\/"},"sameAs":["http:\/\/facebook.com\/mxkalot","https:\/\/x.com\/kalotmx","http:\/\/instagram.com\/kalotmx","http:\/\/pinterest.com\/jorgeerana\/kalot"]},{"@type":"Person","@id":"https:\/\/kalot.com.mx\/site\/#\/schema\/person\/c26df3c01429d14997e98a226f7d58d8","name":"Daniel Cacho","image":{"@type":"ImageObject","inLanguage":"es","@id":"https:\/\/secure.gravatar.com\/avatar\/1661921ce77f80f0e6ad041ac81c22f71348f4a5d588bf4fc698c4d8200cd67c?s=96&d=mm&r=g","url":"https:\/\/secure.gravatar.com\/avatar\/1661921ce77f80f0e6ad041ac81c22f71348f4a5d588bf4fc698c4d8200cd67c?s=96&d=mm&r=g","contentUrl":"https:\/\/secure.gravatar.com\/avatar\/1661921ce77f80f0e6ad041ac81c22f71348f4a5d588bf4fc698c4d8200cd67c?s=96&d=mm&r=g","caption":"Daniel Cacho"},"description":"Comentarista Deportivo frustrado, con destellos de gamer mon\u00f3tono, porci\u00f3n m\u00ednima de geek y programador en potencia.","sameAs":["https:\/\/www.facebook.com\/cacho.gomez","https:\/\/x.com\/GregoryCachouse"],"url":"https:\/\/kalot.com.mx\/site\/author\/cacho\/"}]}},"jetpack_publicize_connections":[],"jetpack_featured_media_url":"https:\/\/i0.wp.com\/kalot.com.mx\/site\/wp-content\/uploads\/2014\/01\/Real-Sociedad-vs.-Racing-Santander-Copa-Del-Rey-XI.jpg?fit=620%2C388&ssl=1","jetpack_shortlink":"https:\/\/wp.me\/p6IHEI-2Oy","jetpack-related-posts":[{"id":896,"url":"https:\/\/kalot.com.mx\/site\/2013\/09\/06\/con-o-sin-leguminosa\/","url_meta":{"origin":10822,"position":0},"title":"\u00bfCon o sin leguminosa?","author":"Daniel Mar","date":"6 septiembre, 2013","format":false,"excerpt":"Faltan unas horas para que\u00a0la selecci\u00f3n mexicana\u00a0comience a escalar su particular cuesta de septiembre. El entrenador, Jos\u00e9 Manuel \u201cChepo\u201d de la Torre, se juega m\u00e1s que tres puntos. Su equipo necesita no s\u00f3lo ganar sino convencer con el fin de poder disipar las dudas generadas en los \u00faltimos meses. Dudas\u2026","rel":"","context":"Entrada similar ","block_context":{"text":"Entrada similar ","link":""},"img":{"alt_text":"","src":"https:\/\/i0.wp.com\/kalot.com.mx\/site\/wp-content\/uploads\/2013\/09\/ch1.jpg?fit=665%2C296&ssl=1&resize=350%2C200","width":350,"height":200,"srcset":"https:\/\/i0.wp.com\/kalot.com.mx\/site\/wp-content\/uploads\/2013\/09\/ch1.jpg?fit=665%2C296&ssl=1&resize=350%2C200 1x, https:\/\/i0.wp.com\/kalot.com.mx\/site\/wp-content\/uploads\/2013\/09\/ch1.jpg?fit=665%2C296&ssl=1&resize=525%2C300 1.5x"},"classes":[]},{"id":27298,"url":"https:\/\/kalot.com.mx\/site\/2017\/07\/25\/mexico-malo-en-futbol\/","url_meta":{"origin":10822,"position":1},"title":"S\u00ed, M\u00e9xico es malo en f\u00fatbol.","author":"Fernando Benitez","date":"25 julio, 2017","format":false,"excerpt":"Debemos aceptarlo, M\u00e9xico es malo en el f\u00fatbol, no se ofendan, no estoy hablando que no sepamos jugar nada f\u00fatbol y nunca llegamos a ser profesionales porque nos \u201cchingamos\u201d la rodilla, AJ\u00c1. O que no tuvimos, tenemos o tendremos buenos futbolistas profesionales. Hablo de que simplemente no sabemos ni hemos\u2026","rel":"","context":"En &quot;Deportes&quot;","block_context":{"text":"Deportes","link":"https:\/\/kalot.com.mx\/site\/category\/deportes\/"},"img":{"alt_text":"","src":"https:\/\/i0.wp.com\/kalot.com.mx\/site\/wp-content\/uploads\/2017\/07\/2.jpg?fit=620%2C465&ssl=1&resize=350%2C200","width":350,"height":200,"srcset":"https:\/\/i0.wp.com\/kalot.com.mx\/site\/wp-content\/uploads\/2017\/07\/2.jpg?fit=620%2C465&ssl=1&resize=350%2C200 1x, https:\/\/i0.wp.com\/kalot.com.mx\/site\/wp-content\/uploads\/2017\/07\/2.jpg?fit=620%2C465&ssl=1&resize=525%2C300 1.5x"},"classes":[]},{"id":949,"url":"https:\/\/kalot.com.mx\/site\/2013\/09\/07\/de-verguenza-termina-la-era-chepo\/","url_meta":{"origin":10822,"position":2},"title":"De verg\u00fcenza. Termina la era Chepo.","author":"Daniel Mar","date":"7 septiembre, 2013","format":false,"excerpt":"El ciclo de Jos\u00e9 Manuel de la Torre al frente de la Selecci\u00f3n Nacional termin\u00f3. La paciencia de los directivos que iban a \u201cmuerte\u201d con el Chepo en su camino hacia el mundial, se agot\u00f3. El \u201cAztecazo\u201d conseguido anoche por el cuadro hondure\u00f1o fue la bomba que hizo entrar en\u2026","rel":"","context":"En &quot;Sin categor\u00eda&quot;","block_context":{"text":"Sin categor\u00eda","link":"https:\/\/kalot.com.mx\/site\/category\/sin-categoria\/"},"img":{"alt_text":"","src":"https:\/\/i0.wp.com\/kalot.com.mx\/site\/wp-content\/uploads\/2013\/09\/jose-manuel-de-la-torre_22-615x400.jpg?fit=615%2C400&ssl=1&resize=350%2C200","width":350,"height":200,"srcset":"https:\/\/i0.wp.com\/kalot.com.mx\/site\/wp-content\/uploads\/2013\/09\/jose-manuel-de-la-torre_22-615x400.jpg?fit=615%2C400&ssl=1&resize=350%2C200 1x, https:\/\/i0.wp.com\/kalot.com.mx\/site\/wp-content\/uploads\/2013\/09\/jose-manuel-de-la-torre_22-615x400.jpg?fit=615%2C400&ssl=1&resize=525%2C300 1.5x"},"classes":[]},{"id":2002,"url":"https:\/\/kalot.com.mx\/site\/2013\/09\/19\/porque-todo-es-soccer-suecia-2015\/","url_meta":{"origin":10822,"position":3},"title":"Porque no todo es Soccer; Suecia 2015","author":"Galore","date":"19 septiembre, 2013","format":false,"excerpt":"\u00a0 Hace aproximadamente 2 a\u00f1os se dio la noticia de que Suecia es el pa\u00eds encargado para ser la sede del pr\u00f3ximo mundial de F\u00fatbol Americano, sabiendo cual es la sede, en los pasados d\u00edas Mexico defini\u00f3 su roster de los jugadores que participaran en dicho campeonato. Como en el\u2026","rel":"","context":"Entrada similar ","block_context":{"text":"Entrada similar ","link":""},"img":{"alt_text":"","src":"https:\/\/i0.wp.com\/kalot.com.mx\/site\/wp-content\/uploads\/2013\/09\/mundial-fba-mex-vs-aus.jpg?fit=600%2C400&ssl=1&resize=350%2C200","width":350,"height":200,"srcset":"https:\/\/i0.wp.com\/kalot.com.mx\/site\/wp-content\/uploads\/2013\/09\/mundial-fba-mex-vs-aus.jpg?fit=600%2C400&ssl=1&resize=350%2C200 1x, https:\/\/i0.wp.com\/kalot.com.mx\/site\/wp-content\/uploads\/2013\/09\/mundial-fba-mex-vs-aus.jpg?fit=600%2C400&ssl=1&resize=525%2C300 1.5x"},"classes":[]},{"id":16375,"url":"https:\/\/kalot.com.mx\/site\/2014\/05\/24\/estan-de-vuelta-pero-como-aficionados\/","url_meta":{"origin":10822,"position":4},"title":"Estan de vuelta, pero como aficionados","author":"Kevin Uresti","date":"24 mayo, 2014","format":false,"excerpt":"Pepsi, la principal competencia de Coca-Cola en M\u00e9xico, ha reunido a 3 de los mejores futbolistas artilleros mexicanos de todos los tiempos, Cuauht\u00e9moc Blanco, Luis Hern\u00e1ndez \u201cel matador\u201d y Juan Francisco Palencia aquellos jugadores que participaron en la copa mundial de Francia 98, copa confederaciones 99 y mundial de f\u00fatbol\u2026","rel":"","context":"Entrada similar ","block_context":{"text":"Entrada similar ","link":""},"img":{"alt_text":"","src":"https:\/\/i0.wp.com\/kalot.com.mx\/site\/wp-content\/uploads\/2014\/05\/MEX.jpg?fit=672%2C402&ssl=1&resize=350%2C200","width":350,"height":200,"srcset":"https:\/\/i0.wp.com\/kalot.com.mx\/site\/wp-content\/uploads\/2014\/05\/MEX.jpg?fit=672%2C402&ssl=1&resize=350%2C200 1x, https:\/\/i0.wp.com\/kalot.com.mx\/site\/wp-content\/uploads\/2014\/05\/MEX.jpg?fit=672%2C402&ssl=1&resize=525%2C300 1.5x"},"classes":[]},{"id":17007,"url":"https:\/\/kalot.com.mx\/site\/2014\/06\/26\/otro-post-mundialista\/","url_meta":{"origin":10822,"position":5},"title":"OTRO Post Mundialista","author":"K. Max","date":"26 junio, 2014","format":false,"excerpt":"Ah, El Mundial de Futbol\u2026 ese bonito evento de la FIFA que cada 4 a\u00f1os esperamos para que nos bombardeen con comerciales donde aparezca la jeta del DT de la selecci\u00f3n, con los jugadores estrella de los equipos nacionales, para que cada a\u00f1o la selecci\u00f3n haga su agosto y salga\u2026","rel":"","context":"Entrada similar ","block_context":{"text":"Entrada similar ","link":""},"img":{"alt_text":"","src":"https:\/\/i0.wp.com\/kalot.com.mx\/site\/wp-content\/uploads\/2014\/06\/La-Seleccion.jpg?fit=800%2C532&ssl=1&resize=350%2C200","width":350,"height":200,"srcset":"https:\/\/i0.wp.com\/kalot.com.mx\/site\/wp-content\/uploads\/2014\/06\/La-Seleccion.jpg?fit=800%2C532&ssl=1&resize=350%2C200 1x, https:\/\/i0.wp.com\/kalot.com.mx\/site\/wp-content\/uploads\/2014\/06\/La-Seleccion.jpg?fit=800%2C532&ssl=1&resize=525%2C300 1.5x, https:\/\/i0.wp.com\/kalot.com.mx\/site\/wp-content\/uploads\/2014\/06\/La-Seleccion.jpg?fit=800%2C532&ssl=1&resize=700%2C400 2x"},"classes":[]}],"jetpack_sharing_enabled":true,"_links":{"self":[{"href":"https:\/\/kalot.com.mx\/site\/wp-json\/wp\/v2\/posts\/10822","targetHints":{"allow":["GET"]}}],"collection":[{"href":"https:\/\/kalot.com.mx\/site\/wp-json\/wp\/v2\/posts"}],"about":[{"href":"https:\/\/kalot.com.mx\/site\/wp-json\/wp\/v2\/types\/post"}],"author":[{"embeddable":true,"href":"https:\/\/kalot.com.mx\/site\/wp-json\/wp\/v2\/users\/59"}],"replies":[{"embeddable":true,"href":"https:\/\/kalot.com.mx\/site\/wp-json\/wp\/v2\/comments?post=10822"}],"version-history":[{"count":0,"href":"https:\/\/kalot.com.mx\/site\/wp-json\/wp\/v2\/posts\/10822\/revisions"}],"wp:featuredmedia":[{"embeddable":true,"href":"https:\/\/kalot.com.mx\/site\/wp-json\/wp\/v2\/media\/10824"}],"wp:attachment":[{"href":"https:\/\/kalot.com.mx\/site\/wp-json\/wp\/v2\/media?parent=10822"}],"wp:term":[{"taxonomy":"category","embeddable":true,"href":"https:\/\/kalot.com.mx\/site\/wp-json\/wp\/v2\/categories?post=10822"},{"taxonomy":"post_tag","embeddable":true,"href":"https:\/\/kalot.com.mx\/site\/wp-json\/wp\/v2\/tags?post=10822"}],"curies":[{"name":"wp","href":"https:\/\/api.w.org\/{rel}","templated":true}]}}