{"id":10765,"date":"2014-01-30T13:46:17","date_gmt":"2014-01-30T19:46:17","guid":{"rendered":"http:\/\/www.kalot.com.mx\/?p=10765"},"modified":"2014-01-30T13:57:33","modified_gmt":"2014-01-30T19:57:33","slug":"paper-la-nueva-opcion-de-facebook-para-leer-noticias","status":"publish","type":"post","link":"https:\/\/kalot.com.mx\/site\/2014\/01\/30\/paper-la-nueva-opcion-de-facebook-para-leer-noticias\/","title":{"rendered":"Paper: La nueva opci\u00f3n de Facebook para leer noticias"},"content":{"rendered":"<p style=\"text-align: justify;\">El d\u00eda de hoy Facebook confirma los rumores sobre el\u00a0 lanzamiento de Paper, un lector de noticias en la cual los usuarios pueden informarse sobre temas de inter\u00e9s, y seguir a sus amigos de FB viendo sus historias de manera m\u00e1s est\u00e9tica y funcional.<\/p>\n<p style=\"text-align: justify;\">En el mercado ya existen una gran cantidad de aplicaciones que sirven para dar seguimiento a informaci\u00f3n de diversas p\u00e1ginas (Zite, Flipboard, Pulse, Feedly, entre otras), pero habr\u00e1 que esperar hasta que punto Facebook podr\u00e1 convertirse en un sustituto de dichas aplicaciones, ya que Paper ofrecer\u00e1 distintas categor\u00edas predeterminadas (Salud, Tecnolog\u00eda, Belleza, Etc.) de las cuales los usuarios podr\u00e1n elegir, pero al parecer limitar\u00e1 la opci\u00f3n de suscribirse a p\u00e1ginas ajenas a las que se encuentren dentro de la aplicaci\u00f3n.<\/p>\n<p style=\"text-align: justify;\">En estudios recientes se ve que el 77% de los usuarios activos mensuales \u00a0ven la informaci\u00f3n de FB desde dispositivos m\u00f3viles y el 53% de los ingresos por publicidad provienen tambi\u00e9n de este medio, por lo que todo parece indicar que el objetivo de Facebook es brindar una plataforma que permita ver la informaci\u00f3n de manera mas amigable, y evitar que sus usuarios pierdan inter\u00e9s por la red social o se muden otras aplicaciones que realicen la misma funci\u00f3n.<\/p>\n<p style=\"text-align: justify;\">A continuaci\u00f3n comparto el video con mas detalles acerca de Paper:<\/p>\n<p>http:\/\/vimeo.com\/85421325<\/p>\n<p style=\"text-align: justify;\">Paper Facebook llegar\u00e1 el 3 de febrero a Estados Unidos, solo para dispositivos con iOS, pero estoy seguro de que a futuro estar\u00e1 en mas lugares y con soporte para otros sistemas operativos.<\/p>\n<p style=\"text-align: justify;\">Nos leemos pronto.<\/p>\n<p style=\"text-align: justify;\">Fuentes<\/p>\n<p style=\"text-align: justify;\">Sitio oficial | <a href=\"https:\/\/www.facebook.com\/paper\" target=\"_blank\">Facebook Paper<\/a><\/p>\n<p style=\"text-align: justify;\">Appleesfera\u00a0|\u00a0<a href=\"http:\/\/www.applesfera.com\/aplicaciones-ios-1\/facebook-presenta-paper-su-propio-lector-de-noticias-para-el-iphone\" target=\"_blank\">Facebook presenta Paper, su propio lector de noticias para el iPhone<\/a><\/p>\n<p style=\"text-align: justify;\">Xataka M\u00f3vi |\u00a0<a href=\"http:\/\/www.xatakamovil.com\/movil-y-sociedad\/el-53-de-los-ingresos-publicitarios-de-facebook-ya-dependen-de-sus-usuarios-moviles\" target=\"_blank\">El 53% de los ingresos publicitarios de Facebook ya dependen de sus usuarios m\u00f3viles<\/a><\/p>\n<p style=\"text-align: justify;\">Merca 2.0 |\u00a0<a href=\"http:\/\/www.merca20.com\/facebook-alcanza-los-1-230-millones-de-usuarios-activos-mensuales\/\" target=\"_blank\">Facebook alcanza los 1.230 millones de usuarios activos mensuales<\/a><\/p>\n","protected":false},"excerpt":{"rendered":"El d\u00eda de hoy Facebook confirma los rumores sobre el\u00a0 lanzamiento de Paper, un lector de noticias en&hellip;\n","protected":false},"author":7,"featured_media":10766,"comment_status":"open","ping_status":"open","sticky":false,"template":"","format":"standard","meta":{"jetpack_post_was_ever_published":false,"_jetpack_newsletter_access":"","_jetpack_dont_email_post_to_subs":false,"_jetpack_newsletter_tier_id":0,"_jetpack_memberships_contains_paywalled_content":false,"_jetpack_memberships_contains_paid_content":false,"footnotes":"","jetpack_publicize_message":"","jetpack_publicize_feature_enabled":true,"jetpack_social_post_already_shared":true,"jetpack_social_options":{"image_generator_settings":{"template":"highway","default_image_id":0,"font":"","enabled":false},"version":2}},"categories":[],"tags":[],"class_list":{"0":"post-10765","1":"post","2":"type-post","3":"status-publish","4":"format-standard","5":"has-post-thumbnail","7":"cs-entry","8":"cs-video-wrap"},"yoast_head":"<!-- This site is optimized with the Yoast SEO plugin v27.4 - https:\/\/yoast.com\/product\/yoast-seo-wordpress\/ -->\n<title>Paper: La nueva opci\u00f3n de Facebook para leer noticias - Kalot<\/title>\n<meta name=\"description\" content=\"El d\u00eda de hoy Facebook confirma los rumores sobre el\u00a0 lanzamiento de Paper, un lector de noticias en la cual los usuarios pueden informarse sobre temas de\" \/>\n<meta name=\"robots\" content=\"index, follow, max-snippet:-1, max-image-preview:large, max-video-preview:-1\" \/>\n<link rel=\"canonical\" href=\"https:\/\/kalot.com.mx\/site\/2014\/01\/30\/paper-la-nueva-opcion-de-facebook-para-leer-noticias\/\" \/>\n<meta property=\"og:locale\" content=\"es_MX\" \/>\n<meta property=\"og:type\" content=\"article\" \/>\n<meta property=\"og:title\" content=\"Paper: La nueva opci\u00f3n de Facebook para leer noticias - Kalot\" \/>\n<meta property=\"og:description\" content=\"El d\u00eda de hoy Facebook confirma los rumores sobre el\u00a0 lanzamiento de Paper, un lector de noticias en la cual los usuarios pueden informarse sobre temas de\" \/>\n<meta property=\"og:url\" content=\"https:\/\/kalot.com.mx\/site\/2014\/01\/30\/paper-la-nueva-opcion-de-facebook-para-leer-noticias\/\" \/>\n<meta property=\"og:site_name\" content=\"Kalot\" \/>\n<meta property=\"article:publisher\" content=\"http:\/\/facebook.com\/mxkalot\" \/>\n<meta property=\"article:author\" content=\"https:\/\/www.facebook.com\/edgar.villanueva.rdz\" \/>\n<meta property=\"article:published_time\" content=\"2014-01-30T19:46:17+00:00\" \/>\n<meta property=\"article:modified_time\" content=\"2014-01-30T19:57:33+00:00\" \/>\n<meta property=\"og:image\" content=\"https:\/\/i0.wp.com\/kalot.com.mx\/site\/wp-content\/uploads\/2014\/01\/facebokpaper.jpg?fit=650%2C423&ssl=1\" \/>\n\t<meta property=\"og:image:width\" content=\"650\" \/>\n\t<meta property=\"og:image:height\" content=\"423\" \/>\n\t<meta property=\"og:image:type\" content=\"image\/jpeg\" \/>\n<meta name=\"author\" content=\"Edgar Villanueva\" \/>\n<meta name=\"twitter:card\" content=\"summary_large_image\" \/>\n<meta name=\"twitter:creator\" content=\"@VRedgarIvan\" \/>\n<meta name=\"twitter:site\" content=\"@kalotmx\" \/>\n<meta name=\"twitter:label1\" content=\"Escrito por\" \/>\n\t<meta name=\"twitter:data1\" content=\"Edgar Villanueva\" \/>\n\t<meta name=\"twitter:label2\" content=\"Tiempo de lectura\" \/>\n\t<meta name=\"twitter:data2\" content=\"2 minutos\" \/>\n<!-- \/ Yoast SEO plugin. -->","yoast_head_json":{"title":"Paper: La nueva opci\u00f3n de Facebook para leer noticias - Kalot","description":"El d\u00eda de hoy Facebook confirma los rumores sobre el\u00a0 lanzamiento de Paper, un lector de noticias en la cual los usuarios pueden informarse sobre temas de","robots":{"index":"index","follow":"follow","max-snippet":"max-snippet:-1","max-image-preview":"max-image-preview:large","max-video-preview":"max-video-preview:-1"},"canonical":"https:\/\/kalot.com.mx\/site\/2014\/01\/30\/paper-la-nueva-opcion-de-facebook-para-leer-noticias\/","og_locale":"es_MX","og_type":"article","og_title":"Paper: La nueva opci\u00f3n de Facebook para leer noticias - Kalot","og_description":"El d\u00eda de hoy Facebook confirma los rumores sobre el\u00a0 lanzamiento de Paper, un lector de noticias en la cual los usuarios pueden informarse sobre temas de","og_url":"https:\/\/kalot.com.mx\/site\/2014\/01\/30\/paper-la-nueva-opcion-de-facebook-para-leer-noticias\/","og_site_name":"Kalot","article_publisher":"http:\/\/facebook.com\/mxkalot","article_author":"https:\/\/www.facebook.com\/edgar.villanueva.rdz","article_published_time":"2014-01-30T19:46:17+00:00","article_modified_time":"2014-01-30T19:57:33+00:00","og_image":[{"width":650,"height":423,"url":"https:\/\/i0.wp.com\/kalot.com.mx\/site\/wp-content\/uploads\/2014\/01\/facebokpaper.jpg?fit=650%2C423&ssl=1","type":"image\/jpeg"}],"author":"Edgar Villanueva","twitter_card":"summary_large_image","twitter_creator":"@VRedgarIvan","twitter_site":"@kalotmx","twitter_misc":{"Escrito por":"Edgar Villanueva","Tiempo de lectura":"2 minutos"},"schema":{"@context":"https:\/\/schema.org","@graph":[{"@type":"Article","@id":"https:\/\/kalot.com.mx\/site\/2014\/01\/30\/paper-la-nueva-opcion-de-facebook-para-leer-noticias\/#article","isPartOf":{"@id":"https:\/\/kalot.com.mx\/site\/2014\/01\/30\/paper-la-nueva-opcion-de-facebook-para-leer-noticias\/"},"author":{"name":"Edgar Villanueva","@id":"https:\/\/kalot.com.mx\/site\/#\/schema\/person\/2a950859b779871682d568e483d6daf1"},"headline":"Paper: La nueva opci\u00f3n de Facebook para leer noticias","datePublished":"2014-01-30T19:46:17+00:00","dateModified":"2014-01-30T19:57:33+00:00","mainEntityOfPage":{"@id":"https:\/\/kalot.com.mx\/site\/2014\/01\/30\/paper-la-nueva-opcion-de-facebook-para-leer-noticias\/"},"wordCount":322,"commentCount":1,"publisher":{"@id":"https:\/\/kalot.com.mx\/site\/#organization"},"image":{"@id":"https:\/\/kalot.com.mx\/site\/2014\/01\/30\/paper-la-nueva-opcion-de-facebook-para-leer-noticias\/#primaryimage"},"thumbnailUrl":"https:\/\/i0.wp.com\/kalot.com.mx\/site\/wp-content\/uploads\/2014\/01\/facebokpaper.jpg?fit=650%2C423&ssl=1","inLanguage":"es","potentialAction":[{"@type":"CommentAction","name":"Comment","target":["https:\/\/kalot.com.mx\/site\/2014\/01\/30\/paper-la-nueva-opcion-de-facebook-para-leer-noticias\/#respond"]}]},{"@type":"WebPage","@id":"https:\/\/kalot.com.mx\/site\/2014\/01\/30\/paper-la-nueva-opcion-de-facebook-para-leer-noticias\/","url":"https:\/\/kalot.com.mx\/site\/2014\/01\/30\/paper-la-nueva-opcion-de-facebook-para-leer-noticias\/","name":"Paper: La nueva opci\u00f3n de Facebook para leer noticias - Kalot","isPartOf":{"@id":"https:\/\/kalot.com.mx\/site\/#website"},"primaryImageOfPage":{"@id":"https:\/\/kalot.com.mx\/site\/2014\/01\/30\/paper-la-nueva-opcion-de-facebook-para-leer-noticias\/#primaryimage"},"image":{"@id":"https:\/\/kalot.com.mx\/site\/2014\/01\/30\/paper-la-nueva-opcion-de-facebook-para-leer-noticias\/#primaryimage"},"thumbnailUrl":"https:\/\/i0.wp.com\/kalot.com.mx\/site\/wp-content\/uploads\/2014\/01\/facebokpaper.jpg?fit=650%2C423&ssl=1","datePublished":"2014-01-30T19:46:17+00:00","dateModified":"2014-01-30T19:57:33+00:00","description":"El d\u00eda de hoy Facebook confirma los rumores sobre el\u00a0 lanzamiento de Paper, un lector de noticias en la cual los usuarios pueden informarse sobre temas de","breadcrumb":{"@id":"https:\/\/kalot.com.mx\/site\/2014\/01\/30\/paper-la-nueva-opcion-de-facebook-para-leer-noticias\/#breadcrumb"},"inLanguage":"es","potentialAction":[{"@type":"ReadAction","target":["https:\/\/kalot.com.mx\/site\/2014\/01\/30\/paper-la-nueva-opcion-de-facebook-para-leer-noticias\/"]}]},{"@type":"ImageObject","inLanguage":"es","@id":"https:\/\/kalot.com.mx\/site\/2014\/01\/30\/paper-la-nueva-opcion-de-facebook-para-leer-noticias\/#primaryimage","url":"https:\/\/i0.wp.com\/kalot.com.mx\/site\/wp-content\/uploads\/2014\/01\/facebokpaper.jpg?fit=650%2C423&ssl=1","contentUrl":"https:\/\/i0.wp.com\/kalot.com.mx\/site\/wp-content\/uploads\/2014\/01\/facebokpaper.jpg?fit=650%2C423&ssl=1","width":650,"height":423},{"@type":"BreadcrumbList","@id":"https:\/\/kalot.com.mx\/site\/2014\/01\/30\/paper-la-nueva-opcion-de-facebook-para-leer-noticias\/#breadcrumb","itemListElement":[{"@type":"ListItem","position":1,"name":"Home","item":"https:\/\/kalot.com.mx\/site\/"},{"@type":"ListItem","position":2,"name":"Paper: La nueva opci\u00f3n de Facebook para leer noticias"}]},{"@type":"WebSite","@id":"https:\/\/kalot.com.mx\/site\/#website","url":"https:\/\/kalot.com.mx\/site\/","name":"Kalot","description":"Conoce Todo Sobre Todo","publisher":{"@id":"https:\/\/kalot.com.mx\/site\/#organization"},"potentialAction":[{"@type":"SearchAction","target":{"@type":"EntryPoint","urlTemplate":"https:\/\/kalot.com.mx\/site\/?s={search_term_string}"},"query-input":{"@type":"PropertyValueSpecification","valueRequired":true,"valueName":"search_term_string"}}],"inLanguage":"es"},{"@type":"Organization","@id":"https:\/\/kalot.com.mx\/site\/#organization","name":"Kalot","url":"https:\/\/kalot.com.mx\/site\/","logo":{"@type":"ImageObject","inLanguage":"es","@id":"https:\/\/kalot.com.mx\/site\/#\/schema\/logo\/image\/","url":"https:\/\/i0.wp.com\/kalot.com.mx\/site\/wp-content\/uploads\/2020\/04\/Kalot-logo-sin-tagline.png?fit=1707%2C1014&ssl=1","contentUrl":"https:\/\/i0.wp.com\/kalot.com.mx\/site\/wp-content\/uploads\/2020\/04\/Kalot-logo-sin-tagline.png?fit=1707%2C1014&ssl=1","width":1707,"height":1014,"caption":"Kalot"},"image":{"@id":"https:\/\/kalot.com.mx\/site\/#\/schema\/logo\/image\/"},"sameAs":["http:\/\/facebook.com\/mxkalot","https:\/\/x.com\/kalotmx","http:\/\/instagram.com\/kalotmx","http:\/\/pinterest.com\/jorgeerana\/kalot"]},{"@type":"Person","@id":"https:\/\/kalot.com.mx\/site\/#\/schema\/person\/2a950859b779871682d568e483d6daf1","name":"Edgar Villanueva","image":{"@type":"ImageObject","inLanguage":"es","@id":"https:\/\/secure.gravatar.com\/avatar\/63550c9e1cbf01c9670d3ff383179c0fbffa30342fc5d8f1967132498e9add09?s=96&d=mm&r=g","url":"https:\/\/secure.gravatar.com\/avatar\/63550c9e1cbf01c9670d3ff383179c0fbffa30342fc5d8f1967132498e9add09?s=96&d=mm&r=g","contentUrl":"https:\/\/secure.gravatar.com\/avatar\/63550c9e1cbf01c9670d3ff383179c0fbffa30342fc5d8f1967132498e9add09?s=96&d=mm&r=g","caption":"Edgar Villanueva"},"description":"Estudiante de Mercadotecnia Internacional en la UPSLP La m\u00fasica, la lectura y la mercadotecnia son las pasiones que marcan mis d\u00edas.","sameAs":["https:\/\/www.facebook.com\/edgar.villanueva.rdz","https:\/\/x.com\/VRedgarIvan"],"url":"https:\/\/kalot.com.mx\/site\/author\/edgarivan\/"}]}},"jetpack_publicize_connections":[],"jetpack_featured_media_url":"https:\/\/i0.wp.com\/kalot.com.mx\/site\/wp-content\/uploads\/2014\/01\/facebokpaper.jpg?fit=650%2C423&ssl=1","jetpack_shortlink":"https:\/\/wp.me\/p6IHEI-2ND","jetpack-related-posts":[{"id":16222,"url":"https:\/\/kalot.com.mx\/site\/2014\/05\/21\/facebook-agrega-nueva-funcion-similar-a-shazam\/","url_meta":{"origin":10765,"position":0},"title":"Facebook agrega nueva funci\u00f3n similar a Shazam para saber qu\u00e9 est\u00e1s escuchando o viendo","author":"Jorge Era\u00f1a","date":"21 mayo, 2014","format":false,"excerpt":"Una de las tendencias m\u00e1s importantes en cuanto a redes sociales es saber qui\u00e9n est\u00e1 ganando terreno al interactuar con el modo offline de sus usuarios, es decir, lo que realizan cuando no est\u00e1n conectados a sus redes sociales. La lucha por saber qui\u00e9nes usan sus redes sociales al ver\u2026","rel":"","context":"Entrada similar ","block_context":{"text":"Entrada similar ","link":""},"img":{"alt_text":"","src":"https:\/\/i0.wp.com\/kalot.com.mx\/site\/wp-content\/uploads\/2014\/05\/facebook-identify-tv-and-music.png?fit=738%2C757&ssl=1&resize=350%2C200","width":350,"height":200,"srcset":"https:\/\/i0.wp.com\/kalot.com.mx\/site\/wp-content\/uploads\/2014\/05\/facebook-identify-tv-and-music.png?fit=738%2C757&ssl=1&resize=350%2C200 1x, https:\/\/i0.wp.com\/kalot.com.mx\/site\/wp-content\/uploads\/2014\/05\/facebook-identify-tv-and-music.png?fit=738%2C757&ssl=1&resize=525%2C300 1.5x, https:\/\/i0.wp.com\/kalot.com.mx\/site\/wp-content\/uploads\/2014\/05\/facebook-identify-tv-and-music.png?fit=738%2C757&ssl=1&resize=700%2C400 2x"},"classes":[]},{"id":11111,"url":"https:\/\/kalot.com.mx\/site\/2014\/02\/04\/facebook-paper\/","url_meta":{"origin":10765,"position":1},"title":"\u00bfQu\u00e9 es Facebook Paper y c\u00f3mo descargarla?","author":"Jorge Era\u00f1a","date":"4 febrero, 2014","format":false,"excerpt":"Facebook sigue de fiesta y le agregamos una velita m\u00e1s con esta noticia ya ayer 3 de febrero se luci\u00f3 con el exitoso lanzamiento de su nueva app, Paper - Stories from Facebook. Paper es una app donde encontrar\u00e1s noticias de 17 categor\u00edas diferentes, donde deber\u00e1s seleccionar tus favoritas; adem\u00e1s\u2026","rel":"","context":"Con 1 comentario","block_context":{"text":"Con 1 comentario","link":"https:\/\/kalot.com.mx\/site\/2014\/02\/04\/facebook-paper\/#comments"},"img":{"alt_text":"","src":"https:\/\/i0.wp.com\/kalot.com.mx\/site\/wp-content\/uploads\/2014\/02\/Paper-para-iOS-2-800x524.jpg?fit=800%2C524&ssl=1&resize=350%2C200","width":350,"height":200,"srcset":"https:\/\/i0.wp.com\/kalot.com.mx\/site\/wp-content\/uploads\/2014\/02\/Paper-para-iOS-2-800x524.jpg?fit=800%2C524&ssl=1&resize=350%2C200 1x, https:\/\/i0.wp.com\/kalot.com.mx\/site\/wp-content\/uploads\/2014\/02\/Paper-para-iOS-2-800x524.jpg?fit=800%2C524&ssl=1&resize=525%2C300 1.5x, https:\/\/i0.wp.com\/kalot.com.mx\/site\/wp-content\/uploads\/2014\/02\/Paper-para-iOS-2-800x524.jpg?fit=800%2C524&ssl=1&resize=700%2C400 2x"},"classes":[]},{"id":7859,"url":"https:\/\/kalot.com.mx\/site\/2013\/12\/15\/instagram-direct-compitiendo-por-la-privacidad-de-los-usuarios\/","url_meta":{"origin":10765,"position":2},"title":"Instagram Direct, compitiendo por la privacidad de los usuarios","author":"Edgar Villanueva","date":"15 diciembre, 2013","format":false,"excerpt":"Esta semana la firma estadounidense anunci\u00f3 la llegada de Instagram Direct, un sistema de mensajer\u00eda que complementa a su servicio principal y que\u00a0 permite a los usuarios enviar texto, video y fotograf\u00edas de manera privada. \u00a0A pesar de que los mensajes deben iniciar con una fotograf\u00eda, el CEO de la\u2026","rel":"","context":"Entrada similar ","block_context":{"text":"Entrada similar ","link":""},"img":{"alt_text":"","src":"https:\/\/i0.wp.com\/kalot.com.mx\/site\/wp-content\/uploads\/2013\/12\/instagram-direct-970x0.jpg?fit=970%2C646&ssl=1&resize=350%2C200","width":350,"height":200,"srcset":"https:\/\/i0.wp.com\/kalot.com.mx\/site\/wp-content\/uploads\/2013\/12\/instagram-direct-970x0.jpg?fit=970%2C646&ssl=1&resize=350%2C200 1x, https:\/\/i0.wp.com\/kalot.com.mx\/site\/wp-content\/uploads\/2013\/12\/instagram-direct-970x0.jpg?fit=970%2C646&ssl=1&resize=525%2C300 1.5x, https:\/\/i0.wp.com\/kalot.com.mx\/site\/wp-content\/uploads\/2013\/12\/instagram-direct-970x0.jpg?fit=970%2C646&ssl=1&resize=700%2C400 2x"},"classes":[]},{"id":14252,"url":"https:\/\/kalot.com.mx\/site\/2014\/03\/30\/abre-los-ojos_eyem\/","url_meta":{"origin":10765,"position":3},"title":"Abre los ojos con EyeEm","author":"Nora Salas","date":"30 marzo, 2014","format":false,"excerpt":"Hola estimados lectores de este gran blog kalot, hoy les voy a recomendar una aplicaci\u00f3n para aquellos que les gusta tomar fotograf\u00edas, que hacen un retoque a sus fotos y les gusta compartirlas a sus amigos, la aplicaci\u00f3n se llama EyeEm y la podemos encontrar para sistema Android y iOS.\u2026","rel":"","context":"Entrada similar ","block_context":{"text":"Entrada similar ","link":""},"img":{"alt_text":"","src":"https:\/\/i0.wp.com\/kalot.com.mx\/site\/wp-content\/uploads\/2014\/03\/EyeEm.png?fit=500%2C500&ssl=1&resize=350%2C200","width":350,"height":200},"classes":[]},{"id":12275,"url":"https:\/\/kalot.com.mx\/site\/2014\/02\/23\/el-sustituto-de-whasapp-telegram\/","url_meta":{"origin":10765,"position":4},"title":"El sustituto de WhatsApp: Telegram","author":"Saul Alonso","date":"23 febrero, 2014","format":false,"excerpt":"Finalmente, la famosa aplicaci\u00f3n de mensajer\u00eda instant\u00e1nea WhatsApp ha sido adquirida por una de las redes sociales m\u00e1s fuertes, Facebook. Sin embargo, el hecho de que este teniendo fallas o errores en cada momento (y que se han acentuado justo en la compra de la aplicaci\u00f3n), ha hecho que muchos\u2026","rel":"","context":"Entrada similar ","block_context":{"text":"Entrada similar ","link":""},"img":{"alt_text":"","src":"https:\/\/i0.wp.com\/kalot.com.mx\/site\/wp-content\/uploads\/2014\/02\/Imagen.jpg?fit=1024%2C734&ssl=1&resize=350%2C200","width":350,"height":200,"srcset":"https:\/\/i0.wp.com\/kalot.com.mx\/site\/wp-content\/uploads\/2014\/02\/Imagen.jpg?fit=1024%2C734&ssl=1&resize=350%2C200 1x, https:\/\/i0.wp.com\/kalot.com.mx\/site\/wp-content\/uploads\/2014\/02\/Imagen.jpg?fit=1024%2C734&ssl=1&resize=525%2C300 1.5x, https:\/\/i0.wp.com\/kalot.com.mx\/site\/wp-content\/uploads\/2014\/02\/Imagen.jpg?fit=1024%2C734&ssl=1&resize=700%2C400 2x"},"classes":[]},{"id":13218,"url":"https:\/\/kalot.com.mx\/site\/2014\/03\/10\/nuevo-diseno-facebook\/","url_meta":{"origin":10765,"position":5},"title":"El nuevo dise\u00f1o de Facebook","author":"Jorge Era\u00f1a","date":"10 marzo, 2014","format":false,"excerpt":"As\u00ed es, casi despu\u00e9s de 1 a\u00f1o de anunciarlo Facebook por fin lanza su nuevo dise\u00f1o para el timeline y para las p\u00e1ginas con muchas mejoras en general pero con m\u00e1s \u00e9nfasis en lo visual y vaya que la experiencia de usuario es lo que m\u00e1s ha estado presente en\u2026","rel":"","context":"En &quot;Sin categor\u00eda&quot;","block_context":{"text":"Sin categor\u00eda","link":"https:\/\/kalot.com.mx\/site\/category\/sin-categoria\/"},"img":{"alt_text":"","src":"https:\/\/i0.wp.com\/kalot.com.mx\/site\/wp-content\/uploads\/2014\/03\/facebook.png?fit=619%2C607&ssl=1&resize=350%2C200","width":350,"height":200,"srcset":"https:\/\/i0.wp.com\/kalot.com.mx\/site\/wp-content\/uploads\/2014\/03\/facebook.png?fit=619%2C607&ssl=1&resize=350%2C200 1x, https:\/\/i0.wp.com\/kalot.com.mx\/site\/wp-content\/uploads\/2014\/03\/facebook.png?fit=619%2C607&ssl=1&resize=525%2C300 1.5x"},"classes":[]}],"jetpack_sharing_enabled":true,"_links":{"self":[{"href":"https:\/\/kalot.com.mx\/site\/wp-json\/wp\/v2\/posts\/10765","targetHints":{"allow":["GET"]}}],"collection":[{"href":"https:\/\/kalot.com.mx\/site\/wp-json\/wp\/v2\/posts"}],"about":[{"href":"https:\/\/kalot.com.mx\/site\/wp-json\/wp\/v2\/types\/post"}],"author":[{"embeddable":true,"href":"https:\/\/kalot.com.mx\/site\/wp-json\/wp\/v2\/users\/7"}],"replies":[{"embeddable":true,"href":"https:\/\/kalot.com.mx\/site\/wp-json\/wp\/v2\/comments?post=10765"}],"version-history":[{"count":0,"href":"https:\/\/kalot.com.mx\/site\/wp-json\/wp\/v2\/posts\/10765\/revisions"}],"wp:featuredmedia":[{"embeddable":true,"href":"https:\/\/kalot.com.mx\/site\/wp-json\/wp\/v2\/media\/10766"}],"wp:attachment":[{"href":"https:\/\/kalot.com.mx\/site\/wp-json\/wp\/v2\/media?parent=10765"}],"wp:term":[{"taxonomy":"category","embeddable":true,"href":"https:\/\/kalot.com.mx\/site\/wp-json\/wp\/v2\/categories?post=10765"},{"taxonomy":"post_tag","embeddable":true,"href":"https:\/\/kalot.com.mx\/site\/wp-json\/wp\/v2\/tags?post=10765"}],"curies":[{"name":"wp","href":"https:\/\/api.w.org\/{rel}","templated":true}]}}