{"id":10711,"date":"2014-01-30T09:00:32","date_gmt":"2014-01-30T15:00:32","guid":{"rendered":"http:\/\/www.kalot.com.mx\/?p=10711"},"modified":"2015-09-17T09:02:10","modified_gmt":"2015-09-17T15:02:10","slug":"de-damas-y-caballeros","status":"publish","type":"post","link":"https:\/\/kalot.com.mx\/site\/2014\/01\/30\/de-damas-y-caballeros\/","title":{"rendered":"De damas y caballeros."},"content":{"rendered":"<p style=\"text-align: justify;\">Muchas veces nos ponemos a pensar en donde qued\u00f3 la caballerosidad, no sabemos en qu\u00e9 momento fue que dej\u00f3 de existir \u2013si es que dej\u00f3 de existir\u2013, cu\u00e1les fueron las razones por las que ya no conocemos caballeros como los de antes pero, de alguna forma u otra la moneda tiene siempre dos caras. Los hombres tambi\u00e9n dicen que las mujeres ya no son damas, las ven como iguales y de cierta forma es cierto, ya que es lo que se ha tratado de conseguir por bastante tiempo.<\/p>\n<p style=\"text-align: justify;\">Pareciera que hace no mucho tiempo todav\u00eda so\u00f1\u00e1bamos con caballeros en brillantes armaduras, que viajaban en blancos corceles con el prop\u00f3sito de rescatarnos de apuros \u2013desde derrotar a un temible drag\u00f3n hasta salvarnos de pisar un charco en la calle\u2013\u00a0la cual era la idea o m\u00e1s bien el ideal que ten\u00edamos de un hombre perfecto.<\/p>\n<p style=\"text-align: justify;\"><img data-recalc-dims=\"1\" decoding=\"async\" class=\"aligncenter\" src=\"https:\/\/i0.wp.com\/s2.favim.com\/orig\/28\/couple-cute-love-actually-men-perfect-Favim.com-238323.gif?w=1200\" alt=\"\" \/><\/p>\n<p style=\"text-align: justify;\">De alguna forma u otra esos caballeros han dejado de usar sus brillantes armaduras y las han cambiado por jeans, playeras y zapatos casuales, en ocasiones por trajes m\u00e1s elegantes; mas aqu\u00ed la cuesti\u00f3n en teor\u00eda es que: el que ya no usen sus brillantes armaduras no significa que hayan desaparecido.<\/p>\n<p style=\"text-align: justify;\">\u00bfO s\u00ed?<\/p>\n<p style=\"text-align: justify;\">Soy consciente de que las damiselas ya cambiaron sus vestidos, son m\u00e1s independientes y de alguna forma se han dado cuenta de que no necesitan ser salvadas. Ya muchas se han cansado de esperar eternamente a que aquellos caballeros aparezcan a salvarlas \u2013suficiente es el darse cuenta de que se han perdido por el camino\u2013, mas ya saben que son capaces de hacerlo todo, desde derrotar dragones hasta saltar sobre los charcos; conocen sus l\u00edmites mas saben que eso no las puede detener.<\/p>\n<p style=\"text-align: justify;\">\u00bfSiguen siendo las damiselas de antes?<\/p>\n<p style=\"text-align: justify;\">Es algo muy b\u00e1sico ya, nos quejamos de que no hay caballeros y que las mujeres ya dejaron de ser damas, pero lo que no me explico es por qu\u00e9 pas\u00f3 esto. Las mujeres llevamos muchos a\u00f1os tratando de demostrar que merecemos tener equidad, que si bien no podemos hacer los mismos trabajos de los hombres (por cuestiones fisiol\u00f3gicas), si podemos llegar a ser tan competentes como ellos. De cierta forma hemos comenzado a deshacernos de la imagen de la damisela en peligro, y s\u00ed, s\u00ed queremos ser rescatadas pero no queremos que nos vuelvan a encasillar en la etiqueta de \u201c<strong><span style=\"color: #800080;\">mujer=sexo d\u00e9bil<\/span><\/strong><i>\u201d<\/i>, eso no es justo para las mujeres; y esto fue lo que desencaden\u00f3 la revoluci\u00f3n sexual.<\/p>\n<p style=\"text-align: justify;\">Esta revoluci\u00f3n o liberaci\u00f3n sexual se llev\u00f3 a cabo a principio de la d\u00e9cada de 1950 ya que durante la segunda guerra mundial las mujeres tuvieron que comenzar a trabajar, en los pa\u00edses que estuvieron involucrados en dicho conflicto <span style=\"color: #800080;\"><b>esto<\/b> <\/span>fue lo que mantuvo activa la econom\u00eda; y gracias a esto llegaron muchas preguntas sobre los derechos de las mujeres (y personas con diferentes preferencias sexuales), derecho de elegir sobre sus cuerpos, a escoger ellas\/ellos lo que quer\u00edan fue lo que comenz\u00f3 a generar conciencia sobre equidad de g\u00e9nero, entre muchas m\u00e1s cosas.<\/p>\n<p style=\"text-align: justify;\">\u00bfFue la revoluci\u00f3n la causante del distanciamiento entre hombres y mujeres? No lo s\u00e9, quiero creer que el hecho de que las mujeres hayan buscado \u201c<strong><span style=\"color: #800080;\">independencia<\/span><\/strong>\u201d de aquel estigma no sea la raz\u00f3n del distanciamiento. Que queramos ser reconocidas como iguales no significa que no nos gusten los detalles como que nos abran la puerta del auto, que nos sorprendan alguna que otra vez con detalles (por m\u00e1s peque\u00f1os que sean) y nos digan cosas lindas.<\/p>\n<p style=\"text-align: justify;\">Toda mujer \u2013por m\u00e1s independiente que se crea\u2013 <strong><span style=\"color: #800080;\">quiere<\/span><\/strong> ser rescatada, y todos los hombres tienen la necesidad de <span style=\"color: #800080;\"><b>ser<\/b> <\/span>y <span style=\"color: #800080;\"><b>sentirse<\/b> <\/span>h\u00e9roes. Es b\u00e1sico de todos tener esos sentimientos, esas sensaciones galantes que nos hacen sentir queridos en esta vida.<\/p>\n<p style=\"text-align: justify;\">Quiero pensar que todas las mujeres seguimos siendo damiselas \u2013aunque por orgullo\u00a0 no queramos demostrar debilidad\u2013 es parte de nuestra esencia, de nuestros sue\u00f1os y hasta de nuestros valores emocionales. Una de las ventajas de esta liberaci\u00f3n sexual ha sido que, como mujeres \u201cindependientes\u201d podemos mostrar tanto como un hombre lo que sentimos, podemos tener detalles con un ellos sin que se vea mal, la sociedad ya no ve mal que una mujer le de algo a un hombre (digamos, no s\u00e9; chocolates) sin que los dem\u00e1s digan que est\u00e1 loca porque el hombre es el que da los detalles.<\/p>\n<p style=\"text-align: justify;\"><img data-recalc-dims=\"1\" decoding=\"async\" class=\"aligncenter\" src=\"https:\/\/i0.wp.com\/sweatpantsandcoffee.com\/wp-content\/uploads\/2013\/08\/Nick-Miller-the-kind-of-girl-a-guy-would-come-back-for.gif?w=1200\" alt=\"\" \/><\/p>\n<p style=\"text-align: justify;\">Tenemos que recuperar esa galanter\u00eda, las ganas de dar privilegio a los detalles y de saber apreciarlos. Hay que retomar esas viejas costumbres, por un momento no vernos como iguales sino con esperanza, con ganas de cortejar, de aceptar nuestras diferencias y gozarlas porque gracias a ellas somos diferentes, y diferente no siempre es malo.<\/p>\n<p style=\"text-align: justify;\">Lo cierto es que de damas y caballeros nos falta un largo tramo por retomar, y siento que son de esas cosas del pasado que debemos conservar y atesorar, vamos; al final de cuentas en el romance lo antiguo nunca pasa de moda.<\/p>\n<p style=\"text-align: justify;\">Y&#8230; \u00a1Corte!<\/p>\n","protected":false},"excerpt":{"rendered":"Muchas veces nos ponemos a pensar en donde qued\u00f3 la caballerosidad, no sabemos en qu\u00e9 momento fue que&hellip;\n","protected":false},"author":61,"featured_media":10712,"comment_status":"open","ping_status":"open","sticky":false,"template":"","format":"standard","meta":{"jetpack_post_was_ever_published":false,"_jetpack_newsletter_access":"","_jetpack_dont_email_post_to_subs":false,"_jetpack_newsletter_tier_id":0,"_jetpack_memberships_contains_paywalled_content":false,"_jetpack_memberships_contains_paid_content":false,"footnotes":"","jetpack_publicize_message":"","jetpack_publicize_feature_enabled":true,"jetpack_social_post_already_shared":true,"jetpack_social_options":{"image_generator_settings":{"template":"highway","default_image_id":0,"font":"","enabled":false},"version":2}},"categories":[1],"tags":[],"class_list":{"0":"post-10711","1":"post","2":"type-post","3":"status-publish","4":"format-standard","5":"has-post-thumbnail","7":"category-sin-categoria","8":"cs-entry","9":"cs-video-wrap"},"yoast_head":"<!-- This site is optimized with the Yoast SEO plugin v27.5 - https:\/\/yoast.com\/product\/yoast-seo-wordpress\/ -->\n<title>De damas y caballeros<\/title>\n<meta name=\"description\" content=\"Muchas veces nos ponemos a pensar en donde qued\u00f3 la caballerosidad, no sabemos en qu\u00e9 momento fue que dej\u00f3 de existir \u2013si es que dej\u00f3 de existir\u2013, cu\u00e1les\" \/>\n<meta name=\"robots\" content=\"index, follow, max-snippet:-1, max-image-preview:large, max-video-preview:-1\" \/>\n<link rel=\"canonical\" href=\"https:\/\/kalot.com.mx\/site\/2014\/01\/30\/de-damas-y-caballeros\/\" \/>\n<meta property=\"og:locale\" content=\"es_MX\" \/>\n<meta property=\"og:type\" content=\"article\" \/>\n<meta property=\"og:title\" content=\"De damas y caballeros\" \/>\n<meta property=\"og:description\" content=\"Muchas veces nos ponemos a pensar en donde qued\u00f3 la caballerosidad, no sabemos en qu\u00e9 momento fue que dej\u00f3 de existir \u2013si es que dej\u00f3 de existir\u2013, cu\u00e1les\" \/>\n<meta property=\"og:url\" content=\"https:\/\/kalot.com.mx\/site\/2014\/01\/30\/de-damas-y-caballeros\/\" \/>\n<meta property=\"og:site_name\" content=\"Kalot\" \/>\n<meta property=\"article:publisher\" content=\"http:\/\/facebook.com\/mxkalot\" \/>\n<meta property=\"article:author\" content=\"https:\/\/www.facebook.com\/elie.alvarado1\" \/>\n<meta property=\"article:published_time\" content=\"2014-01-30T15:00:32+00:00\" \/>\n<meta property=\"article:modified_time\" content=\"2015-09-17T15:02:10+00:00\" \/>\n<meta property=\"og:image\" content=\"https:\/\/i0.wp.com\/kalot.com.mx\/site\/wp-content\/uploads\/2014\/01\/women-are-better-than-men.jpg?fit=700%2C532&ssl=1\" \/>\n\t<meta property=\"og:image:width\" content=\"700\" \/>\n\t<meta property=\"og:image:height\" content=\"532\" \/>\n\t<meta property=\"og:image:type\" content=\"image\/jpeg\" \/>\n<meta name=\"author\" content=\"Mar\u00eda Alvarado\" \/>\n<meta name=\"twitter:card\" content=\"summary_large_image\" \/>\n<meta name=\"twitter:creator\" content=\"@Me_elieA\" \/>\n<meta name=\"twitter:site\" content=\"@kalotmx\" \/>\n<meta name=\"twitter:label1\" content=\"Escrito por\" \/>\n\t<meta name=\"twitter:data1\" content=\"Mar\u00eda Alvarado\" \/>\n\t<meta name=\"twitter:label2\" content=\"Tiempo de lectura\" \/>\n\t<meta name=\"twitter:data2\" content=\"4 minutos\" \/>\n<!-- \/ Yoast SEO plugin. -->","yoast_head_json":{"title":"De damas y caballeros","description":"Muchas veces nos ponemos a pensar en donde qued\u00f3 la caballerosidad, no sabemos en qu\u00e9 momento fue que dej\u00f3 de existir \u2013si es que dej\u00f3 de existir\u2013, cu\u00e1les","robots":{"index":"index","follow":"follow","max-snippet":"max-snippet:-1","max-image-preview":"max-image-preview:large","max-video-preview":"max-video-preview:-1"},"canonical":"https:\/\/kalot.com.mx\/site\/2014\/01\/30\/de-damas-y-caballeros\/","og_locale":"es_MX","og_type":"article","og_title":"De damas y caballeros","og_description":"Muchas veces nos ponemos a pensar en donde qued\u00f3 la caballerosidad, no sabemos en qu\u00e9 momento fue que dej\u00f3 de existir \u2013si es que dej\u00f3 de existir\u2013, cu\u00e1les","og_url":"https:\/\/kalot.com.mx\/site\/2014\/01\/30\/de-damas-y-caballeros\/","og_site_name":"Kalot","article_publisher":"http:\/\/facebook.com\/mxkalot","article_author":"https:\/\/www.facebook.com\/elie.alvarado1","article_published_time":"2014-01-30T15:00:32+00:00","article_modified_time":"2015-09-17T15:02:10+00:00","og_image":[{"width":700,"height":532,"url":"https:\/\/i0.wp.com\/kalot.com.mx\/site\/wp-content\/uploads\/2014\/01\/women-are-better-than-men.jpg?fit=700%2C532&ssl=1","type":"image\/jpeg"}],"author":"Mar\u00eda Alvarado","twitter_card":"summary_large_image","twitter_creator":"@Me_elieA","twitter_site":"@kalotmx","twitter_misc":{"Escrito por":"Mar\u00eda Alvarado","Tiempo de lectura":"4 minutos"},"schema":{"@context":"https:\/\/schema.org","@graph":[{"@type":"Article","@id":"https:\/\/kalot.com.mx\/site\/2014\/01\/30\/de-damas-y-caballeros\/#article","isPartOf":{"@id":"https:\/\/kalot.com.mx\/site\/2014\/01\/30\/de-damas-y-caballeros\/"},"author":{"name":"Mar\u00eda Alvarado","@id":"https:\/\/kalot.com.mx\/site\/#\/schema\/person\/2364e48efea2244b0799211aeff4847e"},"headline":"De damas y caballeros.","datePublished":"2014-01-30T15:00:32+00:00","dateModified":"2015-09-17T15:02:10+00:00","mainEntityOfPage":{"@id":"https:\/\/kalot.com.mx\/site\/2014\/01\/30\/de-damas-y-caballeros\/"},"wordCount":857,"commentCount":0,"publisher":{"@id":"https:\/\/kalot.com.mx\/site\/#organization"},"image":{"@id":"https:\/\/kalot.com.mx\/site\/2014\/01\/30\/de-damas-y-caballeros\/#primaryimage"},"thumbnailUrl":"https:\/\/i0.wp.com\/kalot.com.mx\/site\/wp-content\/uploads\/2014\/01\/women-are-better-than-men.jpg?fit=700%2C532&ssl=1","inLanguage":"es","potentialAction":[{"@type":"CommentAction","name":"Comment","target":["https:\/\/kalot.com.mx\/site\/2014\/01\/30\/de-damas-y-caballeros\/#respond"]}]},{"@type":"WebPage","@id":"https:\/\/kalot.com.mx\/site\/2014\/01\/30\/de-damas-y-caballeros\/","url":"https:\/\/kalot.com.mx\/site\/2014\/01\/30\/de-damas-y-caballeros\/","name":"De damas y caballeros","isPartOf":{"@id":"https:\/\/kalot.com.mx\/site\/#website"},"primaryImageOfPage":{"@id":"https:\/\/kalot.com.mx\/site\/2014\/01\/30\/de-damas-y-caballeros\/#primaryimage"},"image":{"@id":"https:\/\/kalot.com.mx\/site\/2014\/01\/30\/de-damas-y-caballeros\/#primaryimage"},"thumbnailUrl":"https:\/\/i0.wp.com\/kalot.com.mx\/site\/wp-content\/uploads\/2014\/01\/women-are-better-than-men.jpg?fit=700%2C532&ssl=1","datePublished":"2014-01-30T15:00:32+00:00","dateModified":"2015-09-17T15:02:10+00:00","description":"Muchas veces nos ponemos a pensar en donde qued\u00f3 la caballerosidad, no sabemos en qu\u00e9 momento fue que dej\u00f3 de existir \u2013si es que dej\u00f3 de existir\u2013, cu\u00e1les","breadcrumb":{"@id":"https:\/\/kalot.com.mx\/site\/2014\/01\/30\/de-damas-y-caballeros\/#breadcrumb"},"inLanguage":"es","potentialAction":[{"@type":"ReadAction","target":["https:\/\/kalot.com.mx\/site\/2014\/01\/30\/de-damas-y-caballeros\/"]}]},{"@type":"ImageObject","inLanguage":"es","@id":"https:\/\/kalot.com.mx\/site\/2014\/01\/30\/de-damas-y-caballeros\/#primaryimage","url":"https:\/\/i0.wp.com\/kalot.com.mx\/site\/wp-content\/uploads\/2014\/01\/women-are-better-than-men.jpg?fit=700%2C532&ssl=1","contentUrl":"https:\/\/i0.wp.com\/kalot.com.mx\/site\/wp-content\/uploads\/2014\/01\/women-are-better-than-men.jpg?fit=700%2C532&ssl=1","width":700,"height":532},{"@type":"BreadcrumbList","@id":"https:\/\/kalot.com.mx\/site\/2014\/01\/30\/de-damas-y-caballeros\/#breadcrumb","itemListElement":[{"@type":"ListItem","position":1,"name":"Home","item":"https:\/\/kalot.com.mx\/site\/"},{"@type":"ListItem","position":2,"name":"De damas y caballeros."}]},{"@type":"WebSite","@id":"https:\/\/kalot.com.mx\/site\/#website","url":"https:\/\/kalot.com.mx\/site\/","name":"Kalot","description":"Conoce Todo Sobre Todo","publisher":{"@id":"https:\/\/kalot.com.mx\/site\/#organization"},"potentialAction":[{"@type":"SearchAction","target":{"@type":"EntryPoint","urlTemplate":"https:\/\/kalot.com.mx\/site\/?s={search_term_string}"},"query-input":{"@type":"PropertyValueSpecification","valueRequired":true,"valueName":"search_term_string"}}],"inLanguage":"es"},{"@type":"Organization","@id":"https:\/\/kalot.com.mx\/site\/#organization","name":"Kalot","url":"https:\/\/kalot.com.mx\/site\/","logo":{"@type":"ImageObject","inLanguage":"es","@id":"https:\/\/kalot.com.mx\/site\/#\/schema\/logo\/image\/","url":"https:\/\/i0.wp.com\/kalot.com.mx\/site\/wp-content\/uploads\/2020\/04\/Kalot-logo-sin-tagline.png?fit=1707%2C1014&ssl=1","contentUrl":"https:\/\/i0.wp.com\/kalot.com.mx\/site\/wp-content\/uploads\/2020\/04\/Kalot-logo-sin-tagline.png?fit=1707%2C1014&ssl=1","width":1707,"height":1014,"caption":"Kalot"},"image":{"@id":"https:\/\/kalot.com.mx\/site\/#\/schema\/logo\/image\/"},"sameAs":["http:\/\/facebook.com\/mxkalot","https:\/\/x.com\/kalotmx","http:\/\/instagram.com\/kalotmx","http:\/\/pinterest.com\/jorgeerana\/kalot"]},{"@type":"Person","@id":"https:\/\/kalot.com.mx\/site\/#\/schema\/person\/2364e48efea2244b0799211aeff4847e","name":"Mar\u00eda Alvarado","image":{"@type":"ImageObject","inLanguage":"es","@id":"https:\/\/secure.gravatar.com\/avatar\/2a5c53655315c4a72bc8b3127daca732f3ccab828ef0de13ec26f266fc855c6b?s=96&d=mm&r=g","url":"https:\/\/secure.gravatar.com\/avatar\/2a5c53655315c4a72bc8b3127daca732f3ccab828ef0de13ec26f266fc855c6b?s=96&d=mm&r=g","contentUrl":"https:\/\/secure.gravatar.com\/avatar\/2a5c53655315c4a72bc8b3127daca732f3ccab828ef0de13ec26f266fc855c6b?s=96&d=mm&r=g","caption":"Mar\u00eda Alvarado"},"description":"El perfecto ejemplo de una rom\u00e1ntica so\u00f1adora, drama queen y devoradora de libros. Una parlanchina innata que goza de los peque\u00f1os placeres que ofrece esta vida y fan\u00e1tica de las sonrisas.","sameAs":["https:\/\/www.facebook.com\/elie.alvarado1","https:\/\/x.com\/Me_elieA"],"url":"https:\/\/kalot.com.mx\/site\/author\/elisa\/"}]}},"jetpack_publicize_connections":[],"jetpack_featured_media_url":"https:\/\/i0.wp.com\/kalot.com.mx\/site\/wp-content\/uploads\/2014\/01\/women-are-better-than-men.jpg?fit=700%2C532&ssl=1","jetpack_shortlink":"https:\/\/wp.me\/p6IHEI-2ML","jetpack-related-posts":[{"id":8898,"url":"https:\/\/kalot.com.mx\/site\/2014\/01\/02\/caballeros-del-zodiaco\/","url_meta":{"origin":10711,"position":0},"title":"Trailer de Los Caballeros del Zodiaco: La Leyenda del Santuario","author":"Jorge Era\u00f1a","date":"2 enero, 2014","format":false,"excerpt":"[embedvideo id=\"KtdisFr7ZdE\" website=\"youtube\"] Por fin se estren\u00f3 el trailer de la pel\u00edcula de Los Caballeros del Zodiaco que lleva como t\u00edtulo La Leyenda del Santuario. Aqu\u00ed arriba est\u00e1 el trailer de la pel\u00edcula que se estrenar\u00e1 a mediados de este a\u00f1o en Jap\u00f3n y de seguro llegar\u00e1 tambi\u00e9n a M\u00e9xico\u2026","rel":"","context":"En &quot;Sin categor\u00eda&quot;","block_context":{"text":"Sin categor\u00eda","link":"https:\/\/kalot.com.mx\/site\/category\/sin-categoria\/"},"img":{"alt_text":"","src":"https:\/\/i0.wp.com\/kalot.com.mx\/site\/wp-content\/uploads\/2014\/01\/1467246_549245091818210_2011108668_n.jpg?fit=851%2C315&ssl=1&resize=350%2C200","width":350,"height":200,"srcset":"https:\/\/i0.wp.com\/kalot.com.mx\/site\/wp-content\/uploads\/2014\/01\/1467246_549245091818210_2011108668_n.jpg?fit=851%2C315&ssl=1&resize=350%2C200 1x, https:\/\/i0.wp.com\/kalot.com.mx\/site\/wp-content\/uploads\/2014\/01\/1467246_549245091818210_2011108668_n.jpg?fit=851%2C315&ssl=1&resize=525%2C300 1.5x, https:\/\/i0.wp.com\/kalot.com.mx\/site\/wp-content\/uploads\/2014\/01\/1467246_549245091818210_2011108668_n.jpg?fit=851%2C315&ssl=1&resize=700%2C400 2x"},"classes":[]},{"id":18112,"url":"https:\/\/kalot.com.mx\/site\/2014\/09\/13\/los-caballeros-del-zodiaco-regresan\/","url_meta":{"origin":10711,"position":1},"title":"Los Caballeros del Zodiaco Regresan","author":"Adrian Aldana","date":"13 septiembre, 2014","format":false,"excerpt":"Buen d\u00eda a todos, hoy con la excelente noticia: despu\u00e9s de 10 A\u00f1os, \u00bfA qu\u00e9 te suena, dame tu fuerza pegaso? Exacto los Caballeros Del Zodiaco, la leyenda del santuario regresan y ya tiene fecha de estreno: Ser\u00e1 el 25 de Septiembre que llegue a los cines de nuestro pa\u00eds.\u2026","rel":"","context":"Entrada similar ","block_context":{"text":"Entrada similar ","link":""},"img":{"alt_text":"","src":"https:\/\/i0.wp.com\/kalot.com.mx\/site\/wp-content\/uploads\/2014\/09\/SS-Head.jpg?fit=1191%2C670&ssl=1&resize=350%2C200","width":350,"height":200,"srcset":"https:\/\/i0.wp.com\/kalot.com.mx\/site\/wp-content\/uploads\/2014\/09\/SS-Head.jpg?fit=1191%2C670&ssl=1&resize=350%2C200 1x, https:\/\/i0.wp.com\/kalot.com.mx\/site\/wp-content\/uploads\/2014\/09\/SS-Head.jpg?fit=1191%2C670&ssl=1&resize=525%2C300 1.5x, https:\/\/i0.wp.com\/kalot.com.mx\/site\/wp-content\/uploads\/2014\/09\/SS-Head.jpg?fit=1191%2C670&ssl=1&resize=700%2C400 2x, https:\/\/i0.wp.com\/kalot.com.mx\/site\/wp-content\/uploads\/2014\/09\/SS-Head.jpg?fit=1191%2C670&ssl=1&resize=1050%2C600 3x"},"classes":[]},{"id":18405,"url":"https:\/\/kalot.com.mx\/site\/2014\/09\/29\/los-caballeros-del-zodiaco-la-leyenda-del-santuario-que-tal-esta\/","url_meta":{"origin":10711,"position":2},"title":"Los Caballeros del Zodiaco, La Leyenda del Santuario, \u00bfQue tal esta?","author":"HM_MKT007","date":"29 septiembre, 2014","format":false,"excerpt":"Bueno, empezamos la semana con una rese\u00f1a u opini\u00f3n de una pel\u00edcula, porque es bonito como no, claro que es bonito hablar de pel\u00edculas, porque nos regalan otro mundo en el cual nos perdemos por lo menos unos minutos o un par de horas en el d\u00eda, y esta vez,\u2026","rel":"","context":"Con 3 comentarios","block_context":{"text":"Con 3 comentarios","link":"https:\/\/kalot.com.mx\/site\/2014\/09\/29\/los-caballeros-del-zodiaco-la-leyenda-del-santuario-que-tal-esta\/#comments"},"img":{"alt_text":"","src":"https:\/\/i0.wp.com\/kalot.com.mx\/site\/wp-content\/uploads\/2014\/09\/saint_seiya_legend_of_sanctuary_wallpaper_2_by_sonicx2011-d6xwo09-800x433.jpg?fit=800%2C433&ssl=1&resize=350%2C200","width":350,"height":200,"srcset":"https:\/\/i0.wp.com\/kalot.com.mx\/site\/wp-content\/uploads\/2014\/09\/saint_seiya_legend_of_sanctuary_wallpaper_2_by_sonicx2011-d6xwo09-800x433.jpg?fit=800%2C433&ssl=1&resize=350%2C200 1x, https:\/\/i0.wp.com\/kalot.com.mx\/site\/wp-content\/uploads\/2014\/09\/saint_seiya_legend_of_sanctuary_wallpaper_2_by_sonicx2011-d6xwo09-800x433.jpg?fit=800%2C433&ssl=1&resize=525%2C300 1.5x, https:\/\/i0.wp.com\/kalot.com.mx\/site\/wp-content\/uploads\/2014\/09\/saint_seiya_legend_of_sanctuary_wallpaper_2_by_sonicx2011-d6xwo09-800x433.jpg?fit=800%2C433&ssl=1&resize=700%2C400 2x"},"classes":[]},{"id":24958,"url":"https:\/\/kalot.com.mx\/site\/2016\/02\/18\/recordando-a-saint-seiya\/","url_meta":{"origin":10711,"position":3},"title":"Recordando a: SAINT SEIYA (anime)","author":"HM_MKT007","date":"18 febrero, 2016","format":false,"excerpt":"Hola mis queridos amigos lectores, y amigas lectoras, hoy vamos a tener una nueva entrega RECORDANDO A, y pensando en que vamos a recordar, decidimos darle oportunidad a un ANIME y tambi\u00e9n MANGA, qu\u00e9 ha sido de los m\u00e1s exitosos de la historia, y que no solamente marco una \u00e9poca,\u2026","rel":"","context":"En &quot;Cultura&quot;","block_context":{"text":"Cultura","link":"https:\/\/kalot.com.mx\/site\/category\/cultura\/"},"img":{"alt_text":"","src":"https:\/\/i0.wp.com\/kalot.com.mx\/site\/wp-content\/uploads\/2016\/02\/logo_saintseiya-copie-e8f5c.jpg?fit=750%2C301&ssl=1&resize=350%2C200","width":350,"height":200,"srcset":"https:\/\/i0.wp.com\/kalot.com.mx\/site\/wp-content\/uploads\/2016\/02\/logo_saintseiya-copie-e8f5c.jpg?fit=750%2C301&ssl=1&resize=350%2C200 1x, https:\/\/i0.wp.com\/kalot.com.mx\/site\/wp-content\/uploads\/2016\/02\/logo_saintseiya-copie-e8f5c.jpg?fit=750%2C301&ssl=1&resize=525%2C300 1.5x, https:\/\/i0.wp.com\/kalot.com.mx\/site\/wp-content\/uploads\/2016\/02\/logo_saintseiya-copie-e8f5c.jpg?fit=750%2C301&ssl=1&resize=700%2C400 2x"},"classes":[]},{"id":1663,"url":"https:\/\/kalot.com.mx\/site\/2013\/09\/15\/los-caballeros-del-zodiaco-soldados-valientes-para-ps3-saintseiya-ps3\/","url_meta":{"origin":10711,"position":4},"title":"Los Caballeros del Zodiaco: Soldados Valientes. Para PS3. #SaintSeiya #PS3","author":"Jorge Era\u00f1a","date":"15 septiembre, 2013","format":false,"excerpt":"Aunque esta emblem\u00e1tica serie ha sufrido un gancho al h\u00edgado con la \u00faltima saga de la misma conocida como \"Caballeros del Zodiaco Omega\", los seguidores fieles a esta franquicia podr\u00e1n (o podremos) disfrutar de nuevo de las aventuras de Seiya y compa\u00f1\u00eda enfrentando a los enemigos ya conocidos como son\u2026","rel":"","context":"Entrada similar ","block_context":{"text":"Entrada similar ","link":""},"img":{"alt_text":"","src":"https:\/\/i0.wp.com\/kalot.com.mx\/site\/wp-content\/uploads\/2013\/09\/saintseiyabravesoldiers.jpg?fit=650%2C365&ssl=1&resize=350%2C200","width":350,"height":200,"srcset":"https:\/\/i0.wp.com\/kalot.com.mx\/site\/wp-content\/uploads\/2013\/09\/saintseiyabravesoldiers.jpg?fit=650%2C365&ssl=1&resize=350%2C200 1x, https:\/\/i0.wp.com\/kalot.com.mx\/site\/wp-content\/uploads\/2013\/09\/saintseiyabravesoldiers.jpg?fit=650%2C365&ssl=1&resize=525%2C300 1.5x"},"classes":[]},{"id":23679,"url":"https:\/\/kalot.com.mx\/site\/2015\/09\/28\/que-tal-estuvo-saint-seiya-soul-of-gold\/","url_meta":{"origin":10711,"position":5},"title":"\u00bfQu\u00e9 tal estuvo SAINT SEIYA SOUL OF GOLD?","author":"HM_MKT007","date":"28 septiembre, 2015","format":false,"excerpt":"El viernes pasado, tuvimos el cierre de una saga m\u00e1s de uno de las animes y mangas m\u00e1s queridos y respetados de todos, SAINT SEIYA, en esta ocasi\u00f3n, fue el cierre de SOUL OF GOLD, y no pudo haber terminado de mejor manera, la verdad, fue una saga genial, pero\u2026","rel":"","context":"En &quot;Novedades&quot;","block_context":{"text":"Novedades","link":"https:\/\/kalot.com.mx\/site\/category\/novedades\/"},"img":{"alt_text":"","src":"https:\/\/i0.wp.com\/kalot.com.mx\/site\/wp-content\/uploads\/2015\/09\/soulofgoldtrailer2-imagemdestacada-660x330.jpg?fit=660%2C330&ssl=1&resize=350%2C200","width":350,"height":200,"srcset":"https:\/\/i0.wp.com\/kalot.com.mx\/site\/wp-content\/uploads\/2015\/09\/soulofgoldtrailer2-imagemdestacada-660x330.jpg?fit=660%2C330&ssl=1&resize=350%2C200 1x, https:\/\/i0.wp.com\/kalot.com.mx\/site\/wp-content\/uploads\/2015\/09\/soulofgoldtrailer2-imagemdestacada-660x330.jpg?fit=660%2C330&ssl=1&resize=525%2C300 1.5x"},"classes":[]}],"jetpack_sharing_enabled":true,"_links":{"self":[{"href":"https:\/\/kalot.com.mx\/site\/wp-json\/wp\/v2\/posts\/10711","targetHints":{"allow":["GET"]}}],"collection":[{"href":"https:\/\/kalot.com.mx\/site\/wp-json\/wp\/v2\/posts"}],"about":[{"href":"https:\/\/kalot.com.mx\/site\/wp-json\/wp\/v2\/types\/post"}],"author":[{"embeddable":true,"href":"https:\/\/kalot.com.mx\/site\/wp-json\/wp\/v2\/users\/61"}],"replies":[{"embeddable":true,"href":"https:\/\/kalot.com.mx\/site\/wp-json\/wp\/v2\/comments?post=10711"}],"version-history":[{"count":1,"href":"https:\/\/kalot.com.mx\/site\/wp-json\/wp\/v2\/posts\/10711\/revisions"}],"predecessor-version":[{"id":23514,"href":"https:\/\/kalot.com.mx\/site\/wp-json\/wp\/v2\/posts\/10711\/revisions\/23514"}],"wp:featuredmedia":[{"embeddable":true,"href":"https:\/\/kalot.com.mx\/site\/wp-json\/wp\/v2\/media\/10712"}],"wp:attachment":[{"href":"https:\/\/kalot.com.mx\/site\/wp-json\/wp\/v2\/media?parent=10711"}],"wp:term":[{"taxonomy":"category","embeddable":true,"href":"https:\/\/kalot.com.mx\/site\/wp-json\/wp\/v2\/categories?post=10711"},{"taxonomy":"post_tag","embeddable":true,"href":"https:\/\/kalot.com.mx\/site\/wp-json\/wp\/v2\/tags?post=10711"}],"curies":[{"name":"wp","href":"https:\/\/api.w.org\/{rel}","templated":true}]}}