{"id":10348,"date":"2014-01-26T11:11:25","date_gmt":"2014-01-26T17:11:25","guid":{"rendered":"http:\/\/www.kalot.com.mx\/?p=10348"},"modified":"2014-01-26T11:12:18","modified_gmt":"2014-01-26T17:12:18","slug":"hasta-la-vista-wanted","status":"publish","type":"post","link":"https:\/\/kalot.com.mx\/site\/2014\/01\/26\/hasta-la-vista-wanted\/","title":{"rendered":"Hasta la vista The Wanted."},"content":{"rendered":"<p style=\"text-align: justify\">S\u00ed, The Wanted se separa.<\/p>\n<p style=\"text-align: justify\">La banda brit\u00e1nica The Wanted se separa tras s\u00f3lo haberse formado en el a\u00f1o de 2009, conseguir un reality show con la cadena <span style=\"color: #800080\">E!<\/span> llamada \u201cThe Wanted Life\u201d, el cual promet\u00eda un vistazo honesto a la vida de los chicos mientras grababan su tercer \u00e1lbum en la cuidad de Los \u00c1ngeles. Tristemente dieron la noticia de sus separaci\u00f3n el 22 de enero aproximadamente.<\/p>\n<p style=\"text-align: justify\"><img data-recalc-dims=\"1\" decoding=\"async\" alt=\"\" src=\"https:\/\/i0.wp.com\/24.media.tumblr.com\/0d13365a6b63fbd740d97c86460c30ab\/tumblr_mgrbqn4yba1rfo1xto1_500.gif?w=1200\" \/><\/p>\n<p style=\"text-align: justify\">Todos nos preguntamos cual pudo ser el motivo de su separaci\u00f3n, tuvieron una buena respuesta por parte de sus fans desde el momento de su formaci\u00f3n, aunque constantemente ten\u00edan la presi\u00f3n de ser comparados con la otra banda brit\u00e1nico-irlandesa One Direction, y mientras 1D iba consiguiendo cada vez \u00e9xito a nivel mundial. Pero esto no quiere decir que no tuvieran lo suyo, despu\u00e9s de todo tuvieron su \u00e1lbum debut en tercer lugar en el UK Top 20 y su single \u201cAll Time Low\u201d fue n\u00famero uno en carteleras, \u201cHeart Vacancy\u201d n\u00famero dos y \u201cLose My Mind\u201d lleg\u00f3 al n\u00famero 19.<\/p>\n<p style=\"text-align: justify\">Con \u201cGlad You Came\u201d pudieron mantenerse casi en primer lugar en Reino Unido por dos semanas y en Irlanda se mantuvieron por cinco semanas, tambi\u00e9n lograron un \u00e9xito notorio con sus tercer y cuarto singles: \u201cLightning\u201d y \u201cWarzone\u201d, que llegaron al n\u00famero dos y 21 respectivamente en el Reino Unido.<\/p>\n<p style=\"text-align: justify\"><img data-recalc-dims=\"1\" decoding=\"async\" alt=\"\" src=\"https:\/\/i0.wp.com\/media.tumblr.com\/tumblr_mf4y8th46I1rbtidq.gif?w=1200\" \/><\/p>\n<p style=\"text-align: justify\">Para el 2012 hab\u00edan ya comenzado a vislumbrar el \u00e9xito que generaban en los Estados Unidos y Canad\u00e1, donde vendieron tres millones de copias de sus sencillo \u201cGlad You Came\u201d \u2013llegando la tercera posici\u00f3n en las \u201c<em>Billboard Hot 100<\/em>\u201d y al segundo lugar en el <em>\u201cCanadian Hot 100\u201d<\/em>-, sus siguientes singles \u2013 \u201cChasing The Sun\u201d y \u201cI Found You\u201d- lograron colarse a las primeras posiciones en la lista de <em>Billboard\u00a0Hot Dance Club Songs.<\/em><\/p>\n<p style=\"text-align: justify\">De cierta forma no todo puede ser color de rosa en el para\u00edso, obviamente los miembros de la banda tuvieron sus razones para tomarse un tiempo, perseguir metas individuales fue el motivo que dieron a los medios pero a parecer dejaron abierta la opci\u00f3n de &#8220;reunirse en un futuro&#8221;, esperemos que eso anime un poco a las fans que dejaron -obviamente- devastadas&#8230;<\/p>\n<p style=\"text-align: justify\">Pero bueno, esperemos que los chicos si lleguen a reunirse en alg\u00fan futuro no muy lejano, ignorando las rivalidades que tuvieran o no con fulano o sutano; fueron capaces de generar m\u00fasica con la que muchas personas se sintieron \u2013y sienten\u2013 identificados, tuvieron canciones que lograron un \u00e9xito mundial y que arrasaron en las carteleras de diferentes pa\u00edses, en listas y que se robaron los corazones de millones de personas, pero esto s\u00f3lo nos hace decir una cosa: hasta la vista The Wanted.<\/p>\n<p style=\"text-align: justify\"><img data-recalc-dims=\"1\" decoding=\"async\" alt=\"\" src=\"http:\/\/popcultureperversion.files.wordpress.com\/2013\/03\/tumblr_mfncy92luu1rct7z4o1_500.gif?w=1200\" \/><\/p>\n<p style=\"text-align: justify\">Y&#8230; \u00a1Corte!<\/p>\n","protected":false},"excerpt":{"rendered":"S\u00ed, The Wanted se separa. La banda brit\u00e1nica The Wanted se separa tras s\u00f3lo haberse formado en el&hellip;\n","protected":false},"author":61,"featured_media":10349,"comment_status":"open","ping_status":"open","sticky":false,"template":"","format":"standard","meta":{"jetpack_post_was_ever_published":false,"_jetpack_newsletter_access":"","_jetpack_dont_email_post_to_subs":false,"_jetpack_newsletter_tier_id":0,"_jetpack_memberships_contains_paywalled_content":false,"_jetpack_memberships_contains_paid_content":false,"footnotes":"","jetpack_publicize_message":"","jetpack_publicize_feature_enabled":true,"jetpack_social_post_already_shared":true,"jetpack_social_options":{"image_generator_settings":{"template":"highway","default_image_id":0,"font":"","enabled":false},"version":2}},"categories":[],"tags":[],"class_list":{"0":"post-10348","1":"post","2":"type-post","3":"status-publish","4":"format-standard","5":"has-post-thumbnail","7":"cs-entry","8":"cs-video-wrap"},"yoast_head":"<!-- This site is optimized with the Yoast SEO plugin v27.5 - https:\/\/yoast.com\/product\/yoast-seo-wordpress\/ -->\n<title>Hasta la vista The Wanted<\/title>\n<meta name=\"description\" content=\"S\u00ed, The Wanted se separa. La banda brit\u00e1nica The Wanted se separa tras s\u00f3lo haberse formado en el a\u00f1o de 2009, conseguir un reality show con la cadena E!\" \/>\n<meta name=\"robots\" content=\"index, follow, max-snippet:-1, max-image-preview:large, max-video-preview:-1\" \/>\n<link rel=\"canonical\" href=\"https:\/\/kalot.com.mx\/site\/2014\/01\/26\/hasta-la-vista-wanted\/\" \/>\n<meta property=\"og:locale\" content=\"es_MX\" \/>\n<meta property=\"og:type\" content=\"article\" \/>\n<meta property=\"og:title\" content=\"Hasta la vista The Wanted\" \/>\n<meta property=\"og:description\" content=\"S\u00ed, The Wanted se separa. La banda brit\u00e1nica The Wanted se separa tras s\u00f3lo haberse formado en el a\u00f1o de 2009, conseguir un reality show con la cadena E!\" \/>\n<meta property=\"og:url\" content=\"https:\/\/kalot.com.mx\/site\/2014\/01\/26\/hasta-la-vista-wanted\/\" \/>\n<meta property=\"og:site_name\" content=\"Kalot\" \/>\n<meta property=\"article:publisher\" content=\"http:\/\/facebook.com\/mxkalot\" \/>\n<meta property=\"article:author\" content=\"https:\/\/www.facebook.com\/elie.alvarado1\" \/>\n<meta property=\"article:published_time\" content=\"2014-01-26T17:11:25+00:00\" \/>\n<meta property=\"article:modified_time\" content=\"2014-01-26T17:12:18+00:00\" \/>\n<meta property=\"og:image\" content=\"https:\/\/i2.wp.com\/kalot.com.mx\/site\/wp-content\/uploads\/2014\/01\/the-wanted-promo-photo-2-600x450.jpg?fit=600%2C450&ssl=1\" \/>\n\t<meta property=\"og:image:width\" content=\"600\" \/>\n\t<meta property=\"og:image:height\" content=\"450\" \/>\n\t<meta property=\"og:image:type\" content=\"image\/jpeg\" \/>\n<meta name=\"author\" content=\"Mar\u00eda Alvarado\" \/>\n<meta name=\"twitter:card\" content=\"summary_large_image\" \/>\n<meta name=\"twitter:creator\" content=\"@Me_elieA\" \/>\n<meta name=\"twitter:site\" content=\"@kalotmx\" \/>\n<meta name=\"twitter:label1\" content=\"Escrito por\" \/>\n\t<meta name=\"twitter:data1\" content=\"Mar\u00eda Alvarado\" \/>\n\t<meta name=\"twitter:label2\" content=\"Tiempo de lectura\" \/>\n\t<meta name=\"twitter:data2\" content=\"2 minutos\" \/>\n<!-- \/ Yoast SEO plugin. -->","yoast_head_json":{"title":"Hasta la vista The Wanted","description":"S\u00ed, The Wanted se separa. La banda brit\u00e1nica The Wanted se separa tras s\u00f3lo haberse formado en el a\u00f1o de 2009, conseguir un reality show con la cadena E!","robots":{"index":"index","follow":"follow","max-snippet":"max-snippet:-1","max-image-preview":"max-image-preview:large","max-video-preview":"max-video-preview:-1"},"canonical":"https:\/\/kalot.com.mx\/site\/2014\/01\/26\/hasta-la-vista-wanted\/","og_locale":"es_MX","og_type":"article","og_title":"Hasta la vista The Wanted","og_description":"S\u00ed, The Wanted se separa. La banda brit\u00e1nica The Wanted se separa tras s\u00f3lo haberse formado en el a\u00f1o de 2009, conseguir un reality show con la cadena E!","og_url":"https:\/\/kalot.com.mx\/site\/2014\/01\/26\/hasta-la-vista-wanted\/","og_site_name":"Kalot","article_publisher":"http:\/\/facebook.com\/mxkalot","article_author":"https:\/\/www.facebook.com\/elie.alvarado1","article_published_time":"2014-01-26T17:11:25+00:00","article_modified_time":"2014-01-26T17:12:18+00:00","og_image":[{"width":600,"height":450,"url":"https:\/\/i2.wp.com\/kalot.com.mx\/site\/wp-content\/uploads\/2014\/01\/the-wanted-promo-photo-2-600x450.jpg?fit=600%2C450&ssl=1","type":"image\/jpeg"}],"author":"Mar\u00eda Alvarado","twitter_card":"summary_large_image","twitter_creator":"@Me_elieA","twitter_site":"@kalotmx","twitter_misc":{"Escrito por":"Mar\u00eda Alvarado","Tiempo de lectura":"2 minutos"},"schema":{"@context":"https:\/\/schema.org","@graph":[{"@type":"Article","@id":"https:\/\/kalot.com.mx\/site\/2014\/01\/26\/hasta-la-vista-wanted\/#article","isPartOf":{"@id":"https:\/\/kalot.com.mx\/site\/2014\/01\/26\/hasta-la-vista-wanted\/"},"author":{"name":"Mar\u00eda Alvarado","@id":"https:\/\/kalot.com.mx\/site\/#\/schema\/person\/2364e48efea2244b0799211aeff4847e"},"headline":"Hasta la vista The Wanted.","datePublished":"2014-01-26T17:11:25+00:00","dateModified":"2014-01-26T17:12:18+00:00","mainEntityOfPage":{"@id":"https:\/\/kalot.com.mx\/site\/2014\/01\/26\/hasta-la-vista-wanted\/"},"wordCount":461,"commentCount":0,"publisher":{"@id":"https:\/\/kalot.com.mx\/site\/#organization"},"image":{"@id":"https:\/\/kalot.com.mx\/site\/2014\/01\/26\/hasta-la-vista-wanted\/#primaryimage"},"thumbnailUrl":"https:\/\/i0.wp.com\/kalot.com.mx\/site\/wp-content\/uploads\/2014\/01\/the-wanted-promo-photo-2-600x450.jpg?fit=600%2C450&ssl=1","inLanguage":"es","potentialAction":[{"@type":"CommentAction","name":"Comment","target":["https:\/\/kalot.com.mx\/site\/2014\/01\/26\/hasta-la-vista-wanted\/#respond"]}]},{"@type":"WebPage","@id":"https:\/\/kalot.com.mx\/site\/2014\/01\/26\/hasta-la-vista-wanted\/","url":"https:\/\/kalot.com.mx\/site\/2014\/01\/26\/hasta-la-vista-wanted\/","name":"Hasta la vista The Wanted","isPartOf":{"@id":"https:\/\/kalot.com.mx\/site\/#website"},"primaryImageOfPage":{"@id":"https:\/\/kalot.com.mx\/site\/2014\/01\/26\/hasta-la-vista-wanted\/#primaryimage"},"image":{"@id":"https:\/\/kalot.com.mx\/site\/2014\/01\/26\/hasta-la-vista-wanted\/#primaryimage"},"thumbnailUrl":"https:\/\/i0.wp.com\/kalot.com.mx\/site\/wp-content\/uploads\/2014\/01\/the-wanted-promo-photo-2-600x450.jpg?fit=600%2C450&ssl=1","datePublished":"2014-01-26T17:11:25+00:00","dateModified":"2014-01-26T17:12:18+00:00","description":"S\u00ed, The Wanted se separa. La banda brit\u00e1nica The Wanted se separa tras s\u00f3lo haberse formado en el a\u00f1o de 2009, conseguir un reality show con la cadena E!","breadcrumb":{"@id":"https:\/\/kalot.com.mx\/site\/2014\/01\/26\/hasta-la-vista-wanted\/#breadcrumb"},"inLanguage":"es","potentialAction":[{"@type":"ReadAction","target":["https:\/\/kalot.com.mx\/site\/2014\/01\/26\/hasta-la-vista-wanted\/"]}]},{"@type":"ImageObject","inLanguage":"es","@id":"https:\/\/kalot.com.mx\/site\/2014\/01\/26\/hasta-la-vista-wanted\/#primaryimage","url":"https:\/\/i0.wp.com\/kalot.com.mx\/site\/wp-content\/uploads\/2014\/01\/the-wanted-promo-photo-2-600x450.jpg?fit=600%2C450&ssl=1","contentUrl":"https:\/\/i0.wp.com\/kalot.com.mx\/site\/wp-content\/uploads\/2014\/01\/the-wanted-promo-photo-2-600x450.jpg?fit=600%2C450&ssl=1","width":600,"height":450},{"@type":"BreadcrumbList","@id":"https:\/\/kalot.com.mx\/site\/2014\/01\/26\/hasta-la-vista-wanted\/#breadcrumb","itemListElement":[{"@type":"ListItem","position":1,"name":"Home","item":"https:\/\/kalot.com.mx\/site\/"},{"@type":"ListItem","position":2,"name":"Hasta la vista The Wanted."}]},{"@type":"WebSite","@id":"https:\/\/kalot.com.mx\/site\/#website","url":"https:\/\/kalot.com.mx\/site\/","name":"Kalot","description":"Conoce Todo Sobre Todo","publisher":{"@id":"https:\/\/kalot.com.mx\/site\/#organization"},"potentialAction":[{"@type":"SearchAction","target":{"@type":"EntryPoint","urlTemplate":"https:\/\/kalot.com.mx\/site\/?s={search_term_string}"},"query-input":{"@type":"PropertyValueSpecification","valueRequired":true,"valueName":"search_term_string"}}],"inLanguage":"es"},{"@type":"Organization","@id":"https:\/\/kalot.com.mx\/site\/#organization","name":"Kalot","url":"https:\/\/kalot.com.mx\/site\/","logo":{"@type":"ImageObject","inLanguage":"es","@id":"https:\/\/kalot.com.mx\/site\/#\/schema\/logo\/image\/","url":"https:\/\/i0.wp.com\/kalot.com.mx\/site\/wp-content\/uploads\/2020\/04\/Kalot-logo-sin-tagline.png?fit=1707%2C1014&ssl=1","contentUrl":"https:\/\/i0.wp.com\/kalot.com.mx\/site\/wp-content\/uploads\/2020\/04\/Kalot-logo-sin-tagline.png?fit=1707%2C1014&ssl=1","width":1707,"height":1014,"caption":"Kalot"},"image":{"@id":"https:\/\/kalot.com.mx\/site\/#\/schema\/logo\/image\/"},"sameAs":["http:\/\/facebook.com\/mxkalot","https:\/\/x.com\/kalotmx","http:\/\/instagram.com\/kalotmx","http:\/\/pinterest.com\/jorgeerana\/kalot"]},{"@type":"Person","@id":"https:\/\/kalot.com.mx\/site\/#\/schema\/person\/2364e48efea2244b0799211aeff4847e","name":"Mar\u00eda Alvarado","image":{"@type":"ImageObject","inLanguage":"es","@id":"https:\/\/secure.gravatar.com\/avatar\/2a5c53655315c4a72bc8b3127daca732f3ccab828ef0de13ec26f266fc855c6b?s=96&d=mm&r=g","url":"https:\/\/secure.gravatar.com\/avatar\/2a5c53655315c4a72bc8b3127daca732f3ccab828ef0de13ec26f266fc855c6b?s=96&d=mm&r=g","contentUrl":"https:\/\/secure.gravatar.com\/avatar\/2a5c53655315c4a72bc8b3127daca732f3ccab828ef0de13ec26f266fc855c6b?s=96&d=mm&r=g","caption":"Mar\u00eda Alvarado"},"description":"El perfecto ejemplo de una rom\u00e1ntica so\u00f1adora, drama queen y devoradora de libros. Una parlanchina innata que goza de los peque\u00f1os placeres que ofrece esta vida y fan\u00e1tica de las sonrisas.","sameAs":["https:\/\/www.facebook.com\/elie.alvarado1","https:\/\/x.com\/Me_elieA"],"url":"https:\/\/kalot.com.mx\/site\/author\/elisa\/"}]}},"jetpack_publicize_connections":[],"jetpack_featured_media_url":"https:\/\/i0.wp.com\/kalot.com.mx\/site\/wp-content\/uploads\/2014\/01\/the-wanted-promo-photo-2-600x450.jpg?fit=600%2C450&ssl=1","jetpack_shortlink":"https:\/\/wp.me\/p6IHEI-2GU","jetpack-related-posts":[{"id":23142,"url":"https:\/\/kalot.com.mx\/site\/2015\/08\/24\/5-cosas-que-seguramente-pasarian-si-one-direction-se-separa-gifs\/","url_meta":{"origin":10348,"position":0},"title":"5 cosas que seguramente pasar\u00edan si One Direction se separa (+GIFS)","author":"Ivan Mendez","date":"24 agosto, 2015","format":false,"excerpt":"La noticia de la ma\u00f1ana no era si el peso hab\u00eda llegado a\u00a017.15 frente a la moneda estadounidense, no. La posible ruptura de una de las mas famosas bandas inglesas de la segunda d\u00e9cada del siglo acaparaba las noticias. Su portavoz se ha negado a confirmar o a negar algo,\u2026","rel":"","context":"Entrada similar ","block_context":{"text":"Entrada similar ","link":""},"img":{"alt_text":"","src":"https:\/\/i0.wp.com\/kalot.com.mx\/site\/wp-content\/uploads\/2015\/08\/One-Direction-Fans-01-GQ-21Aug13_pa_b_1445x878.jpg?fit=1200%2C729&ssl=1&resize=350%2C200","width":350,"height":200,"srcset":"https:\/\/i0.wp.com\/kalot.com.mx\/site\/wp-content\/uploads\/2015\/08\/One-Direction-Fans-01-GQ-21Aug13_pa_b_1445x878.jpg?fit=1200%2C729&ssl=1&resize=350%2C200 1x, https:\/\/i0.wp.com\/kalot.com.mx\/site\/wp-content\/uploads\/2015\/08\/One-Direction-Fans-01-GQ-21Aug13_pa_b_1445x878.jpg?fit=1200%2C729&ssl=1&resize=525%2C300 1.5x, https:\/\/i0.wp.com\/kalot.com.mx\/site\/wp-content\/uploads\/2015\/08\/One-Direction-Fans-01-GQ-21Aug13_pa_b_1445x878.jpg?fit=1200%2C729&ssl=1&resize=700%2C400 2x, https:\/\/i0.wp.com\/kalot.com.mx\/site\/wp-content\/uploads\/2015\/08\/One-Direction-Fans-01-GQ-21Aug13_pa_b_1445x878.jpg?fit=1200%2C729&ssl=1&resize=1050%2C600 3x"},"classes":[]},{"id":14107,"url":"https:\/\/kalot.com.mx\/site\/2014\/03\/28\/joy-division\/","url_meta":{"origin":10348,"position":1},"title":"Joy Division #bandasdeculto #RolasKalot","author":"Carlos Ru\u00edz Mtz","date":"28 marzo, 2014","format":false,"excerpt":"Quienes tuvieron la oportunidad de acudir ayer al Centro de las Artes a ver la pel\u00edcula Control, de Anton Corbijn, vieron la historia de una de las bandas m\u00e1s influyentes de finales de los 70s en Reino Unido: Joy Division. En lo personal no pude acudir a la funci\u00f3n, aunque\u2026","rel":"","context":"En &quot;M\u00fasica&quot;","block_context":{"text":"M\u00fasica","link":"https:\/\/kalot.com.mx\/site\/category\/musica\/"},"img":{"alt_text":"","src":"https:\/\/i0.wp.com\/kalot.com.mx\/site\/wp-content\/uploads\/2014\/03\/JD2.jpg?fit=980%2C484&ssl=1&resize=350%2C200","width":350,"height":200,"srcset":"https:\/\/i0.wp.com\/kalot.com.mx\/site\/wp-content\/uploads\/2014\/03\/JD2.jpg?fit=980%2C484&ssl=1&resize=350%2C200 1x, https:\/\/i0.wp.com\/kalot.com.mx\/site\/wp-content\/uploads\/2014\/03\/JD2.jpg?fit=980%2C484&ssl=1&resize=525%2C300 1.5x, https:\/\/i0.wp.com\/kalot.com.mx\/site\/wp-content\/uploads\/2014\/03\/JD2.jpg?fit=980%2C484&ssl=1&resize=700%2C400 2x"},"classes":[]},{"id":12003,"url":"https:\/\/kalot.com.mx\/site\/2014\/02\/19\/silvertide\/","url_meta":{"origin":10348,"position":2},"title":"Silvertide","author":"David S\u00e1nchez","date":"19 febrero, 2014","format":false,"excerpt":"Llego la mitad de semana y con esto, muchas ganas de dormir hasta el viernes por la noche. Y para que no se duerman en sus trabajos o escuelas, hoy les hablar\u00e9 de Silvertide. Si, esa banda de la que nunca han escuchado una sola rola. Eleg\u00ed este grupo porque\u2026","rel":"","context":"En &quot;Sin categor\u00eda&quot;","block_context":{"text":"Sin categor\u00eda","link":"https:\/\/kalot.com.mx\/site\/category\/sin-categoria\/"},"img":{"alt_text":"","src":"https:\/\/i0.wp.com\/kalot.com.mx\/site\/wp-content\/uploads\/2014\/02\/523024_10151181256212420_174255916_n.jpg?fit=720%2C476&ssl=1&resize=350%2C200","width":350,"height":200,"srcset":"https:\/\/i0.wp.com\/kalot.com.mx\/site\/wp-content\/uploads\/2014\/02\/523024_10151181256212420_174255916_n.jpg?fit=720%2C476&ssl=1&resize=350%2C200 1x, https:\/\/i0.wp.com\/kalot.com.mx\/site\/wp-content\/uploads\/2014\/02\/523024_10151181256212420_174255916_n.jpg?fit=720%2C476&ssl=1&resize=525%2C300 1.5x, https:\/\/i0.wp.com\/kalot.com.mx\/site\/wp-content\/uploads\/2014\/02\/523024_10151181256212420_174255916_n.jpg?fit=720%2C476&ssl=1&resize=700%2C400 2x"},"classes":[]},{"id":18601,"url":"https:\/\/kalot.com.mx\/site\/2014\/10\/08\/playlist-bandas-mexicanas-que-extranamos\/","url_meta":{"origin":10348,"position":3},"title":"Playlist: Bandas mexicanas que extra\u00f1amos.","author":"Dulce Mireles","date":"8 octubre, 2014","format":false,"excerpt":"Las bandas mexicanas que extra\u00f1amos o que esperamos saquen nuevo material. En M\u00e9xico hay una infinidad de bandas donde pocas han alcanzado posicionarse dentro del gusto general, no por falta de talento, podr\u00eda ser por falta de exposici\u00f3n o simplemente no iban para la \u00e9poca. En este post recordamos algunas\u2026","rel":"","context":"Con 1 comentario","block_context":{"text":"Con 1 comentario","link":"https:\/\/kalot.com.mx\/site\/2014\/10\/08\/playlist-bandas-mexicanas-que-extranamos\/#comments"},"img":{"alt_text":"","src":"https:\/\/i0.wp.com\/kalot.com.mx\/site\/wp-content\/uploads\/2014\/10\/division.jpg?fit=624%2C416&ssl=1&resize=350%2C200","width":350,"height":200,"srcset":"https:\/\/i0.wp.com\/kalot.com.mx\/site\/wp-content\/uploads\/2014\/10\/division.jpg?fit=624%2C416&ssl=1&resize=350%2C200 1x, https:\/\/i0.wp.com\/kalot.com.mx\/site\/wp-content\/uploads\/2014\/10\/division.jpg?fit=624%2C416&ssl=1&resize=525%2C300 1.5x"},"classes":[]},{"id":13464,"url":"https:\/\/kalot.com.mx\/site\/2014\/03\/15\/the-smiths\/","url_meta":{"origin":10348,"position":4},"title":"The Smiths #bandasdeculto #RolasKalot","author":"Carlos Ru\u00edz Mtz","date":"15 marzo, 2014","format":false,"excerpt":"Seguramente conoces alguna rola de esta genial banda inglesa, pero \u00bfconoces su trabajo a fondo? \u00bfSabes qu\u00e9 pas\u00f3 con ellos? En este art\u00edculo voy a profundizar sobre una de las bandas m\u00e1s influyentes del rock alternativo y una de mis favoritas, pr\u00e1cticamente desde el momento que los escuch\u00e9 por primera\u2026","rel":"","context":"En &quot;Sin categor\u00eda&quot;","block_context":{"text":"Sin categor\u00eda","link":"https:\/\/kalot.com.mx\/site\/category\/sin-categoria\/"},"img":{"alt_text":"","src":"https:\/\/i0.wp.com\/kalot.com.mx\/site\/wp-content\/uploads\/2014\/03\/The-Smiths.jpg?fit=682%2C450&ssl=1&resize=350%2C200","width":350,"height":200,"srcset":"https:\/\/i0.wp.com\/kalot.com.mx\/site\/wp-content\/uploads\/2014\/03\/The-Smiths.jpg?fit=682%2C450&ssl=1&resize=350%2C200 1x, https:\/\/i0.wp.com\/kalot.com.mx\/site\/wp-content\/uploads\/2014\/03\/The-Smiths.jpg?fit=682%2C450&ssl=1&resize=525%2C300 1.5x"},"classes":[]},{"id":11042,"url":"https:\/\/kalot.com.mx\/site\/2014\/02\/05\/blue-october\/","url_meta":{"origin":10348,"position":5},"title":"The Blue in October","author":"David S\u00e1nchez","date":"5 febrero, 2014","format":false,"excerpt":"Pues hoy es mi\u00e9rcoles, ombligo de la semana. Y no hay nada mejor para pasar cualquier d\u00eda que la m\u00fasica. As\u00ed que hoy les hablar\u00e9 de Blue October. Si, muchos me preguntaran \u00bfQui\u00e9nes son? \u00bfPor qu\u00e9 empezar este nuevo segmento con una banda desconocida? o \u00bfQui\u00e9n les dijo que Octubre\u2026","rel":"","context":"En &quot;Sin categor\u00eda&quot;","block_context":{"text":"Sin categor\u00eda","link":"https:\/\/kalot.com.mx\/site\/category\/sin-categoria\/"},"img":{"alt_text":"","src":"https:\/\/i0.wp.com\/kalot.com.mx\/site\/wp-content\/uploads\/2014\/02\/Blue%2BOctober.jpg?fit=500%2C333&ssl=1&resize=350%2C200","width":350,"height":200},"classes":[]}],"jetpack_sharing_enabled":true,"_links":{"self":[{"href":"https:\/\/kalot.com.mx\/site\/wp-json\/wp\/v2\/posts\/10348","targetHints":{"allow":["GET"]}}],"collection":[{"href":"https:\/\/kalot.com.mx\/site\/wp-json\/wp\/v2\/posts"}],"about":[{"href":"https:\/\/kalot.com.mx\/site\/wp-json\/wp\/v2\/types\/post"}],"author":[{"embeddable":true,"href":"https:\/\/kalot.com.mx\/site\/wp-json\/wp\/v2\/users\/61"}],"replies":[{"embeddable":true,"href":"https:\/\/kalot.com.mx\/site\/wp-json\/wp\/v2\/comments?post=10348"}],"version-history":[{"count":0,"href":"https:\/\/kalot.com.mx\/site\/wp-json\/wp\/v2\/posts\/10348\/revisions"}],"wp:featuredmedia":[{"embeddable":true,"href":"https:\/\/kalot.com.mx\/site\/wp-json\/wp\/v2\/media\/10349"}],"wp:attachment":[{"href":"https:\/\/kalot.com.mx\/site\/wp-json\/wp\/v2\/media?parent=10348"}],"wp:term":[{"taxonomy":"category","embeddable":true,"href":"https:\/\/kalot.com.mx\/site\/wp-json\/wp\/v2\/categories?post=10348"},{"taxonomy":"post_tag","embeddable":true,"href":"https:\/\/kalot.com.mx\/site\/wp-json\/wp\/v2\/tags?post=10348"}],"curies":[{"name":"wp","href":"https:\/\/api.w.org\/{rel}","templated":true}]}}